{"id":30979,"date":"2026-03-08T22:42:30","date_gmt":"2026-03-08T22:42:30","guid":{"rendered":"https:\/\/lobosnews.com.ar\/index.php\/2026\/03\/08\/drama-en-mendoza-vio-que-iban-a-dispararle-a-su-hermano-menor-quiso-protegerlo-y-lo-mataron\/"},"modified":"2026-03-09T00:02:52","modified_gmt":"2026-03-09T00:02:52","slug":"drama-en-mendoza-vio-que-iban-a-dispararle-a-su-hermano-menor-quiso-protegerlo-y-lo-mataron","status":"publish","type":"post","link":"https:\/\/lobosnews.com.ar\/index.php\/2026\/03\/08\/drama-en-mendoza-vio-que-iban-a-dispararle-a-su-hermano-menor-quiso-protegerlo-y-lo-mataron\/","title":{"rendered":"Drama en Mendoza: vio que iban a dispararle a su hermano menor, quiso protegerlo y lo mataron"},"content":{"rendered":"<p><img loading=\"lazy\" decoding=\"async\" src=\"https:\/\/lobosnews.com.ar\/wp-content\/uploads\/2026\/03\/drama-en-mendoza-vio-que-iban-a-dispararle-a-su-hermano-menor-quiso-protegerlo-y-lo-mataron.jpg\" alt=\"Mat\u00edas junto a su hermano menor, en una foto que eligi\u00f3 postear el adolescente para despedirlo (Instagram)\" height=\"1081\" width=\"1920\"\/><\/p>\n<p>El barrio <b>Santa Luc\u00eda <\/b>se encuentra en el departamento mendocino de General San Mart\u00edn, ubicado a unos 50 kil\u00f3metros de la capital provincial, una zona<b> <\/b>caracterizada por su entorno vitivin\u00edcola. All\u00ed, en las \u00faltimas horas, <b>Mat\u00edas Elio Abrego (26)<\/b>, el mayor de los hijos de Adolfo y Patricia, fue asesinado cuando <b>quiso proteger la vida de su hermano menor<\/b>. <\/p>\n<p>Seg\u00fan fuentes oficiales consultadas por <b>Infobae<\/b>, Mat\u00edas vio que le iban a disparar al chico de 17 a\u00f1os, el hijo del medio de la pareja Abrego-Zapata, y <b>se interpuso: la bala le dio en el pecho y lo mat\u00f3<\/b>.<\/p>\n<p>\u201cMe dejaste solo, mi hermano, sin un compa\u00f1ero, sin una segunda. Todav\u00eda no caigo, hermanito, que te me fueras as\u00ed tan r\u00e1pido. <b>Te llevo siempre en el coraz\u00f3n<\/b>, mi compa\u00f1ero. Vol\u00e1 alto\u201d, escribi\u00f3 en sus redes sociales el adolescente de 17 a\u00f1os tras el crimen de Mat\u00edas. Lo acompa\u00f1\u00f3 con una imagen de cuando eran m\u00e1s chicos y se estaban riendo.<\/p>\n<p><b>Los investigadores buscan a los homicidas de Mat\u00edas<\/b>.<\/p>\n<p>El drama sucedi\u00f3 este s\u00e1bado poco antes de las 19.30 en el interior del barrio San Luc\u00eda. Los agentes de la comisar\u00eda 12 de la<b> Polic\u00eda de Mendoza <\/b>fueron convocados a la escena del hecho, donde el hermano adolescente de la v\u00edctima les relat\u00f3 lo que hab\u00eda sucedido.<\/p>\n<p>Fuentes del caso contaron que el chico dijo que \u201cun sospechoso, <b>sin mediar palabra<\/b>, efectu\u00f3 un disparo que iba dirigido hacia \u00e9l\u201d. Pero, en ese momento, Mat\u00edas vio lo que suced\u00eda y <b>se interpuso para protegerlo<\/b>. <\/p>\n<p>Lo cierto es que el balazo peg\u00f3 en el pecho de Mat\u00edas y fue letal. Desesperados, los vecinos vieron que pasaba un plomero conocido, le hicieron se\u00f1as y el hombre traslad\u00f3 a ambos hermanos al <b>hospital local Alfredo Italo Perrupato<\/b>. <\/p>\n<p>\u201cLa v\u00edctima ingres\u00f3 con signos vitales bajos y, pese a la asistencia del personal m\u00e9dico,<b> se constat\u00f3 su fallecimiento<\/b>\u201d, detallaron las fuentes del caso.<\/p>\n<p>En la causa intervienen polic\u00edas de Homicidios y la oficina fiscal de San Mart\u00edn. Por lo pronto, Mat\u00edas falleci\u00f3 producto de un balazo que le provoc\u00f3 <b>\u201cuna lesi\u00f3n en la parte intercostal izquierda\u201d<\/b>, justo del lado del coraz\u00f3n.<\/p>\n<p>Fuentes del caso dijeron que la primera versi\u00f3n de los hechos alud\u00eda a que la v\u00edctima se encontraba en la vereda, frente a su domicilio, cuando fue abordado por un grupo. <b>De todos esos hombres, uno sobresal\u00eda: un tal \u201cLolo\u201d<\/b>.<\/p>\n<p>En ese contexto, comenz\u00f3 una <b>ri\u00f1a<\/b> y, a\u00fan no hab\u00eda pasado el momento de m\u00e1xima tensi\u00f3n, <b>el hermano adolescente de Mat\u00edas sali\u00f3 de su casa:<\/b> all\u00ed fue cuando vio que hab\u00eda una pelea y que otro hombre le dispara. Y all\u00ed fue cuando cay\u00f3 herido el mayor de los hermanos.<\/p>\n<p>El homicida escap\u00f3 del lugar y es intensamente buscado.<\/p>\n<p>En tanto, esta madrugada en el departamento mendocino de Godoy Cruz, <span class=\"waslinkname\">un preso muri\u00f3 luego de caer al vac\u00edo <\/span>desde el tercer piso del Hospital Central. Hab\u00eda intentado darse a la <b>fuga<\/b> junto a otro detenido, que fue recapturado minutos despu\u00e9s.<\/p>\n<p>El fallecido era <b>Juan Marcelo Tejada<\/b>, de 35 a\u00f1os, con un extenso prontuario por robos, usurpaciones, homicidio y otros delitos. Su c\u00f3mplice fue identificado como <b>Sebasti\u00e1n Leonel Rodr\u00edguez<\/b>, de 26 a\u00f1os.<\/p>\n<p>Seg\u00fan indicaron fuentes oficiales, los presos estaban alojados en el pabell\u00f3n judicial del Hospital Central. Por motivos que permanecen bajo investigaci\u00f3n, <b>quedaron solos en su habitaci\u00f3n<\/b> y lograron <b>romper uno de los barrotes<\/b> de la ventana que da a la calle Garibaldi.<\/p>\n<p>Una vez hecho el espacio para pasar, colocaron <b>una s\u00e1bana para descender lentamente <\/b>desde el tercer piso. Rodr\u00edguez pudo con la maniobra, pero Tejada no resisti\u00f3 al salto. Una vez que cay\u00f3 al suelo, no volvi\u00f3 a moverse. Aun con vida, fue aprehendido por la Polic\u00eda y trasladado en una camilla a una sala interna del centro m\u00e9dico, pero no sobrevivi\u00f3.<\/p>\n","protected":false},"excerpt":{"rendered":"<p>El barrio Santa Luc\u00eda se encuentra en el departamento mendocino de General San Mart\u00edn, ubicado a unos 50 kil\u00f3metros de la capital provincial, una zona caracterizada por su entorno vitivin\u00edcola. All\u00ed, en las \u00faltimas horas, Mat\u00edas Elio Abrego (26), el mayor de los hijos de Adolfo y Patricia, fue asesinado cuando quiso proteger la vida&#8230;<\/p>\n","protected":false},"author":1,"featured_media":30982,"comment_status":"open","ping_status":"closed","sticky":false,"template":"","format":"standard","meta":{"_jetpack_memberships_contains_paid_content":false,"footnotes":""},"categories":[31,30,32,77,84,35,36,37],"tags":[],"class_list":["post-30979","post","type-post","status-publish","format-standard","has-post-thumbnail","hentry","category-actualidad","category-argentina","category-economia","category-inseguridad","category-masradios-com","category-nacionales","category-seguridad","category-sociedad"],"magazineBlocksPostFeaturedMedia":{"thumbnail":"https:\/\/lobosnews.com.ar\/wp-content\/uploads\/2026\/03\/drama-en-mendoza-vio-que-iban-a-dispararle-a-su-hermano-menor-quiso-protegerlo-y-lo-mataron-150x150.jpg","medium":"https:\/\/lobosnews.com.ar\/wp-content\/uploads\/2026\/03\/drama-en-mendoza-vio-que-iban-a-dispararle-a-su-hermano-menor-quiso-protegerlo-y-lo-mataron-300x169.jpg","medium_large":"https:\/\/lobosnews.com.ar\/wp-content\/uploads\/2026\/03\/drama-en-mendoza-vio-que-iban-a-dispararle-a-su-hermano-menor-quiso-protegerlo-y-lo-mataron-768x432.jpg","large":"https:\/\/lobosnews.com.ar\/wp-content\/uploads\/2026\/03\/drama-en-mendoza-vio-que-iban-a-dispararle-a-su-hermano-menor-quiso-protegerlo-y-lo-mataron-1024x577.jpg","1536x1536":"https:\/\/lobosnews.com.ar\/wp-content\/uploads\/2026\/03\/drama-en-mendoza-vio-que-iban-a-dispararle-a-su-hermano-menor-quiso-protegerlo-y-lo-mataron-1536x865.jpg","2048x2048":"https:\/\/lobosnews.com.ar\/wp-content\/uploads\/2026\/03\/drama-en-mendoza-vio-que-iban-a-dispararle-a-su-hermano-menor-quiso-protegerlo-y-lo-mataron.jpg","newsmatic-featured":"https:\/\/lobosnews.com.ar\/wp-content\/uploads\/2026\/03\/drama-en-mendoza-vio-que-iban-a-dispararle-a-su-hermano-menor-quiso-protegerlo-y-lo-mataron-820x545.jpg","newsmatic-list":"https:\/\/lobosnews.com.ar\/wp-content\/uploads\/2026\/03\/drama-en-mendoza-vio-que-iban-a-dispararle-a-su-hermano-menor-quiso-protegerlo-y-lo-mataron-600x400.jpg","newsmatic-thumb":"https:\/\/lobosnews.com.ar\/wp-content\/uploads\/2026\/03\/drama-en-mendoza-vio-que-iban-a-dispararle-a-su-hermano-menor-quiso-protegerlo-y-lo-mataron-300x200.jpg","newsmatic-small":"https:\/\/lobosnews.com.ar\/wp-content\/uploads\/2026\/03\/drama-en-mendoza-vio-que-iban-a-dispararle-a-su-hermano-menor-quiso-protegerlo-y-lo-mataron-150x95.jpg","newsmatic-grid":"https:\/\/lobosnews.com.ar\/wp-content\/uploads\/2026\/03\/drama-en-mendoza-vio-que-iban-a-dispararle-a-su-hermano-menor-quiso-protegerlo-y-lo-mataron-400x250.jpg"},"magazineBlocksPostAuthor":{"name":"admin","avatar":"https:\/\/secure.gravatar.com\/avatar\/76e419471a2083bc3ceab22a763dbbf9b0c1bd15a6214cf3280e2c2dde4580f9?s=96&d=mm&r=g"},"magazineBlocksPostCommentsNumber":"0","magazineBlocksPostExcerpt":"El barrio Santa Luc\u00eda se encuentra en el departamento mendocino de General San Mart\u00edn, ubicado a unos 50 kil\u00f3metros de la capital provincial, una zona caracterizada por su entorno vitivin\u00edcola. All\u00ed, en las \u00faltimas horas, Mat\u00edas Elio Abrego (26), el mayor de los hijos de Adolfo y Patricia, fue asesinado cuando quiso proteger la vida...","magazineBlocksPostCategories":["Actualidad","Argentina","econom\u00eda","inseguridad","masradios.com","nacionales","seguridad","sociedad"],"magazineBlocksPostViewCount":85,"magazineBlocksPostReadTime":4,"magazine_blocks_featured_image_url":{"full":["https:\/\/lobosnews.com.ar\/wp-content\/uploads\/2026\/03\/drama-en-mendoza-vio-que-iban-a-dispararle-a-su-hermano-menor-quiso-protegerlo-y-lo-mataron.jpg",1920,1081,false],"medium":["https:\/\/lobosnews.com.ar\/wp-content\/uploads\/2026\/03\/drama-en-mendoza-vio-que-iban-a-dispararle-a-su-hermano-menor-quiso-protegerlo-y-lo-mataron-300x169.jpg",300,169,true],"thumbnail":["https:\/\/lobosnews.com.ar\/wp-content\/uploads\/2026\/03\/drama-en-mendoza-vio-que-iban-a-dispararle-a-su-hermano-menor-quiso-protegerlo-y-lo-mataron-150x150.jpg",150,150,true]},"magazine_blocks_author":{"display_name":"admin","author_link":"https:\/\/lobosnews.com.ar\/index.php\/author\/lobos-news\/"},"magazine_blocks_comment":0,"magazine_blocks_author_image":"https:\/\/secure.gravatar.com\/avatar\/76e419471a2083bc3ceab22a763dbbf9b0c1bd15a6214cf3280e2c2dde4580f9?s=96&d=mm&r=g","magazine_blocks_category":"<a href=\"#\" class=\"category-link category-link-31\">Actualidad<\/a> <a href=\"#\" class=\"category-link category-link-30\">Argentina<\/a> <a href=\"#\" class=\"category-link category-link-32\">econom\u00eda<\/a> <a href=\"#\" class=\"category-link category-link-77\">inseguridad<\/a> <a href=\"#\" class=\"category-link category-link-84\">masradios.com<\/a> <a href=\"#\" class=\"category-link category-link-35\">nacionales<\/a> <a href=\"#\" class=\"category-link category-link-36\">seguridad<\/a> <a href=\"#\" class=\"category-link category-link-37\">sociedad<\/a>","yoast_head":"<!-- This site is optimized with the Yoast SEO plugin v26.6 - https:\/\/yoast.com\/wordpress\/plugins\/seo\/ -->\n<title>Drama en Mendoza: vio que iban a dispararle a su hermano menor, quiso protegerlo y lo mataron - Lobos News<\/title>\n<meta name=\"robots\" content=\"index, follow, max-snippet:-1, max-image-preview:large, max-video-preview:-1\" \/>\n<link rel=\"canonical\" href=\"https:\/\/lobosnews.com.ar\/index.php\/2026\/03\/08\/drama-en-mendoza-vio-que-iban-a-dispararle-a-su-hermano-menor-quiso-protegerlo-y-lo-mataron\/\" \/>\n<meta property=\"og:locale\" content=\"es_ES\" \/>\n<meta property=\"og:type\" content=\"article\" \/>\n<meta property=\"og:title\" content=\"Drama en Mendoza: vio que iban a dispararle a su hermano menor, quiso protegerlo y lo mataron - Lobos News\" \/>\n<meta property=\"og:description\" content=\"El barrio Santa Luc\u00eda se encuentra en el departamento mendocino de General San Mart\u00edn, ubicado a unos 50 kil\u00f3metros de la capital provincial, una zona caracterizada por su entorno vitivin\u00edcola. All\u00ed, en las \u00faltimas horas, Mat\u00edas Elio Abrego (26), el mayor de los hijos de Adolfo y Patricia, fue asesinado cuando quiso proteger la vida...\" \/>\n<meta property=\"og:url\" content=\"https:\/\/lobosnews.com.ar\/index.php\/2026\/03\/08\/drama-en-mendoza-vio-que-iban-a-dispararle-a-su-hermano-menor-quiso-protegerlo-y-lo-mataron\/\" \/>\n<meta property=\"og:site_name\" content=\"Lobos News\" \/>\n<meta property=\"article:published_time\" content=\"2026-03-08T22:42:30+00:00\" \/>\n<meta property=\"article:modified_time\" content=\"2026-03-09T00:02:52+00:00\" \/>\n<meta property=\"og:image\" content=\"https:\/\/lobosnews.com.ar\/wp-content\/uploads\/2026\/03\/drama-en-mendoza-vio-que-iban-a-dispararle-a-su-hermano-menor-quiso-protegerlo-y-lo-mataron.jpg\" \/>\n<meta name=\"author\" content=\"admin\" \/>\n<meta name=\"twitter:card\" content=\"summary_large_image\" \/>\n<meta name=\"twitter:label1\" content=\"Escrito por\" \/>\n\t<meta name=\"twitter:data1\" content=\"admin\" \/>\n\t<meta name=\"twitter:label2\" content=\"Tiempo de lectura\" \/>\n\t<meta name=\"twitter:data2\" content=\"3 minutos\" \/>\n<script type=\"application\/ld+json\" class=\"yoast-schema-graph\">{\"@context\":\"https:\/\/schema.org\",\"@graph\":[{\"@type\":\"Article\",\"@id\":\"https:\/\/lobosnews.com.ar\/index.php\/2026\/03\/08\/drama-en-mendoza-vio-que-iban-a-dispararle-a-su-hermano-menor-quiso-protegerlo-y-lo-mataron\/#article\",\"isPartOf\":{\"@id\":\"https:\/\/lobosnews.com.ar\/index.php\/2026\/03\/08\/drama-en-mendoza-vio-que-iban-a-dispararle-a-su-hermano-menor-quiso-protegerlo-y-lo-mataron\/\"},\"author\":{\"name\":\"admin\",\"@id\":\"https:\/\/lobosnews.com.ar\/#\/schema\/person\/232422a593d5c541dd9aef6aaed10943\"},\"headline\":\"Drama en Mendoza: vio que iban a dispararle a su hermano menor, quiso protegerlo y lo mataron\",\"datePublished\":\"2026-03-08T22:42:30+00:00\",\"dateModified\":\"2026-03-09T00:02:52+00:00\",\"mainEntityOfPage\":{\"@id\":\"https:\/\/lobosnews.com.ar\/index.php\/2026\/03\/08\/drama-en-mendoza-vio-que-iban-a-dispararle-a-su-hermano-menor-quiso-protegerlo-y-lo-mataron\/\"},\"wordCount\":697,\"commentCount\":0,\"publisher\":{\"@id\":\"https:\/\/lobosnews.com.ar\/#organization\"},\"image\":{\"@id\":\"https:\/\/lobosnews.com.ar\/index.php\/2026\/03\/08\/drama-en-mendoza-vio-que-iban-a-dispararle-a-su-hermano-menor-quiso-protegerlo-y-lo-mataron\/#primaryimage\"},\"thumbnailUrl\":\"https:\/\/lobosnews.com.ar\/wp-content\/uploads\/2026\/03\/drama-en-mendoza-vio-que-iban-a-dispararle-a-su-hermano-menor-quiso-protegerlo-y-lo-mataron.jpg\",\"articleSection\":[\"Actualidad\",\"Argentina\",\"econom\u00eda\",\"inseguridad\",\"masradios.com\",\"nacionales\",\"seguridad\",\"sociedad\"],\"inLanguage\":\"es\",\"potentialAction\":[{\"@type\":\"CommentAction\",\"name\":\"Comment\",\"target\":[\"https:\/\/lobosnews.com.ar\/index.php\/2026\/03\/08\/drama-en-mendoza-vio-que-iban-a-dispararle-a-su-hermano-menor-quiso-protegerlo-y-lo-mataron\/#respond\"]}]},{\"@type\":\"WebPage\",\"@id\":\"https:\/\/lobosnews.com.ar\/index.php\/2026\/03\/08\/drama-en-mendoza-vio-que-iban-a-dispararle-a-su-hermano-menor-quiso-protegerlo-y-lo-mataron\/\",\"url\":\"https:\/\/lobosnews.com.ar\/index.php\/2026\/03\/08\/drama-en-mendoza-vio-que-iban-a-dispararle-a-su-hermano-menor-quiso-protegerlo-y-lo-mataron\/\",\"name\":\"Drama en Mendoza: vio que iban a dispararle a su hermano menor, quiso protegerlo y lo mataron - Lobos News\",\"isPartOf\":{\"@id\":\"https:\/\/lobosnews.com.ar\/#website\"},\"primaryImageOfPage\":{\"@id\":\"https:\/\/lobosnews.com.ar\/index.php\/2026\/03\/08\/drama-en-mendoza-vio-que-iban-a-dispararle-a-su-hermano-menor-quiso-protegerlo-y-lo-mataron\/#primaryimage\"},\"image\":{\"@id\":\"https:\/\/lobosnews.com.ar\/index.php\/2026\/03\/08\/drama-en-mendoza-vio-que-iban-a-dispararle-a-su-hermano-menor-quiso-protegerlo-y-lo-mataron\/#primaryimage\"},\"thumbnailUrl\":\"https:\/\/lobosnews.com.ar\/wp-content\/uploads\/2026\/03\/drama-en-mendoza-vio-que-iban-a-dispararle-a-su-hermano-menor-quiso-protegerlo-y-lo-mataron.jpg\",\"datePublished\":\"2026-03-08T22:42:30+00:00\",\"dateModified\":\"2026-03-09T00:02:52+00:00\",\"breadcrumb\":{\"@id\":\"https:\/\/lobosnews.com.ar\/index.php\/2026\/03\/08\/drama-en-mendoza-vio-que-iban-a-dispararle-a-su-hermano-menor-quiso-protegerlo-y-lo-mataron\/#breadcrumb\"},\"inLanguage\":\"es\",\"potentialAction\":[{\"@type\":\"ReadAction\",\"target\":[\"https:\/\/lobosnews.com.ar\/index.php\/2026\/03\/08\/drama-en-mendoza-vio-que-iban-a-dispararle-a-su-hermano-menor-quiso-protegerlo-y-lo-mataron\/\"]}]},{\"@type\":\"ImageObject\",\"inLanguage\":\"es\",\"@id\":\"https:\/\/lobosnews.com.ar\/index.php\/2026\/03\/08\/drama-en-mendoza-vio-que-iban-a-dispararle-a-su-hermano-menor-quiso-protegerlo-y-lo-mataron\/#primaryimage\",\"url\":\"https:\/\/lobosnews.com.ar\/wp-content\/uploads\/2026\/03\/drama-en-mendoza-vio-que-iban-a-dispararle-a-su-hermano-menor-quiso-protegerlo-y-lo-mataron.jpg\",\"contentUrl\":\"https:\/\/lobosnews.com.ar\/wp-content\/uploads\/2026\/03\/drama-en-mendoza-vio-que-iban-a-dispararle-a-su-hermano-menor-quiso-protegerlo-y-lo-mataron.jpg\",\"width\":1920,\"height\":1081,\"caption\":\"Drama en Mendoza: vio que iban a dispararle a su hermano menor, quiso protegerlo y lo mataron\"},{\"@type\":\"BreadcrumbList\",\"@id\":\"https:\/\/lobosnews.com.ar\/index.php\/2026\/03\/08\/drama-en-mendoza-vio-que-iban-a-dispararle-a-su-hermano-menor-quiso-protegerlo-y-lo-mataron\/#breadcrumb\",\"itemListElement\":[{\"@type\":\"ListItem\",\"position\":1,\"name\":\"Portada\",\"item\":\"https:\/\/lobosnews.com.ar\/\"},{\"@type\":\"ListItem\",\"position\":2,\"name\":\"Drama en Mendoza: vio que iban a dispararle a su hermano menor, quiso protegerlo y lo mataron\"}]},{\"@type\":\"WebSite\",\"@id\":\"https:\/\/lobosnews.com.ar\/#website\",\"url\":\"https:\/\/lobosnews.com.ar\/\",\"name\":\"Lobos News\",\"description\":\"Informaci\u00f3n a cada instante\",\"publisher\":{\"@id\":\"https:\/\/lobosnews.com.ar\/#organization\"},\"potentialAction\":[{\"@type\":\"SearchAction\",\"target\":{\"@type\":\"EntryPoint\",\"urlTemplate\":\"https:\/\/lobosnews.com.ar\/?s={search_term_string}\"},\"query-input\":{\"@type\":\"PropertyValueSpecification\",\"valueRequired\":true,\"valueName\":\"search_term_string\"}}],\"inLanguage\":\"es\"},{\"@type\":\"Organization\",\"@id\":\"https:\/\/lobosnews.com.ar\/#organization\",\"name\":\"Lobos News\",\"url\":\"https:\/\/lobosnews.com.ar\/\",\"logo\":{\"@type\":\"ImageObject\",\"inLanguage\":\"es\",\"@id\":\"https:\/\/lobosnews.com.ar\/#\/schema\/logo\/image\/\",\"url\":\"https:\/\/lobosnews.com.ar\/wp-content\/uploads\/2026\/01\/logo-lobosnews.png\",\"contentUrl\":\"https:\/\/lobosnews.com.ar\/wp-content\/uploads\/2026\/01\/logo-lobosnews.png\",\"width\":500,\"height\":200,\"caption\":\"Lobos News\"},\"image\":{\"@id\":\"https:\/\/lobosnews.com.ar\/#\/schema\/logo\/image\/\"}},{\"@type\":\"Person\",\"@id\":\"https:\/\/lobosnews.com.ar\/#\/schema\/person\/232422a593d5c541dd9aef6aaed10943\",\"name\":\"admin\",\"image\":{\"@type\":\"ImageObject\",\"inLanguage\":\"es\",\"@id\":\"https:\/\/lobosnews.com.ar\/#\/schema\/person\/image\/\",\"url\":\"https:\/\/secure.gravatar.com\/avatar\/76e419471a2083bc3ceab22a763dbbf9b0c1bd15a6214cf3280e2c2dde4580f9?s=96&d=mm&r=g\",\"contentUrl\":\"https:\/\/secure.gravatar.com\/avatar\/76e419471a2083bc3ceab22a763dbbf9b0c1bd15a6214cf3280e2c2dde4580f9?s=96&d=mm&r=g\",\"caption\":\"admin\"},\"sameAs\":[\"https:\/\/lobosnews.com.ar\"],\"url\":\"https:\/\/lobosnews.com.ar\/index.php\/author\/lobos-news\/\"}]}<\/script>\n<!-- \/ Yoast SEO plugin. -->","yoast_head_json":{"title":"Drama en Mendoza: vio que iban a dispararle a su hermano menor, quiso protegerlo y lo mataron - Lobos News","robots":{"index":"index","follow":"follow","max-snippet":"max-snippet:-1","max-image-preview":"max-image-preview:large","max-video-preview":"max-video-preview:-1"},"canonical":"https:\/\/lobosnews.com.ar\/index.php\/2026\/03\/08\/drama-en-mendoza-vio-que-iban-a-dispararle-a-su-hermano-menor-quiso-protegerlo-y-lo-mataron\/","og_locale":"es_ES","og_type":"article","og_title":"Drama en Mendoza: vio que iban a dispararle a su hermano menor, quiso protegerlo y lo mataron - Lobos News","og_description":"El barrio Santa Luc\u00eda se encuentra en el departamento mendocino de General San Mart\u00edn, ubicado a unos 50 kil\u00f3metros de la capital provincial, una zona caracterizada por su entorno vitivin\u00edcola. All\u00ed, en las \u00faltimas horas, Mat\u00edas Elio Abrego (26), el mayor de los hijos de Adolfo y Patricia, fue asesinado cuando quiso proteger la vida...","og_url":"https:\/\/lobosnews.com.ar\/index.php\/2026\/03\/08\/drama-en-mendoza-vio-que-iban-a-dispararle-a-su-hermano-menor-quiso-protegerlo-y-lo-mataron\/","og_site_name":"Lobos News","article_published_time":"2026-03-08T22:42:30+00:00","article_modified_time":"2026-03-09T00:02:52+00:00","og_image":[{"url":"https:\/\/lobosnews.com.ar\/wp-content\/uploads\/2026\/03\/drama-en-mendoza-vio-que-iban-a-dispararle-a-su-hermano-menor-quiso-protegerlo-y-lo-mataron.jpg","type":"","width":"","height":""}],"author":"admin","twitter_card":"summary_large_image","twitter_misc":{"Escrito por":"admin","Tiempo de lectura":"3 minutos"},"schema":{"@context":"https:\/\/schema.org","@graph":[{"@type":"Article","@id":"https:\/\/lobosnews.com.ar\/index.php\/2026\/03\/08\/drama-en-mendoza-vio-que-iban-a-dispararle-a-su-hermano-menor-quiso-protegerlo-y-lo-mataron\/#article","isPartOf":{"@id":"https:\/\/lobosnews.com.ar\/index.php\/2026\/03\/08\/drama-en-mendoza-vio-que-iban-a-dispararle-a-su-hermano-menor-quiso-protegerlo-y-lo-mataron\/"},"author":{"name":"admin","@id":"https:\/\/lobosnews.com.ar\/#\/schema\/person\/232422a593d5c541dd9aef6aaed10943"},"headline":"Drama en Mendoza: vio que iban a dispararle a su hermano menor, quiso protegerlo y lo mataron","datePublished":"2026-03-08T22:42:30+00:00","dateModified":"2026-03-09T00:02:52+00:00","mainEntityOfPage":{"@id":"https:\/\/lobosnews.com.ar\/index.php\/2026\/03\/08\/drama-en-mendoza-vio-que-iban-a-dispararle-a-su-hermano-menor-quiso-protegerlo-y-lo-mataron\/"},"wordCount":697,"commentCount":0,"publisher":{"@id":"https:\/\/lobosnews.com.ar\/#organization"},"image":{"@id":"https:\/\/lobosnews.com.ar\/index.php\/2026\/03\/08\/drama-en-mendoza-vio-que-iban-a-dispararle-a-su-hermano-menor-quiso-protegerlo-y-lo-mataron\/#primaryimage"},"thumbnailUrl":"https:\/\/lobosnews.com.ar\/wp-content\/uploads\/2026\/03\/drama-en-mendoza-vio-que-iban-a-dispararle-a-su-hermano-menor-quiso-protegerlo-y-lo-mataron.jpg","articleSection":["Actualidad","Argentina","econom\u00eda","inseguridad","masradios.com","nacionales","seguridad","sociedad"],"inLanguage":"es","potentialAction":[{"@type":"CommentAction","name":"Comment","target":["https:\/\/lobosnews.com.ar\/index.php\/2026\/03\/08\/drama-en-mendoza-vio-que-iban-a-dispararle-a-su-hermano-menor-quiso-protegerlo-y-lo-mataron\/#respond"]}]},{"@type":"WebPage","@id":"https:\/\/lobosnews.com.ar\/index.php\/2026\/03\/08\/drama-en-mendoza-vio-que-iban-a-dispararle-a-su-hermano-menor-quiso-protegerlo-y-lo-mataron\/","url":"https:\/\/lobosnews.com.ar\/index.php\/2026\/03\/08\/drama-en-mendoza-vio-que-iban-a-dispararle-a-su-hermano-menor-quiso-protegerlo-y-lo-mataron\/","name":"Drama en Mendoza: vio que iban a dispararle a su hermano menor, quiso protegerlo y lo mataron - Lobos News","isPartOf":{"@id":"https:\/\/lobosnews.com.ar\/#website"},"primaryImageOfPage":{"@id":"https:\/\/lobosnews.com.ar\/index.php\/2026\/03\/08\/drama-en-mendoza-vio-que-iban-a-dispararle-a-su-hermano-menor-quiso-protegerlo-y-lo-mataron\/#primaryimage"},"image":{"@id":"https:\/\/lobosnews.com.ar\/index.php\/2026\/03\/08\/drama-en-mendoza-vio-que-iban-a-dispararle-a-su-hermano-menor-quiso-protegerlo-y-lo-mataron\/#primaryimage"},"thumbnailUrl":"https:\/\/lobosnews.com.ar\/wp-content\/uploads\/2026\/03\/drama-en-mendoza-vio-que-iban-a-dispararle-a-su-hermano-menor-quiso-protegerlo-y-lo-mataron.jpg","datePublished":"2026-03-08T22:42:30+00:00","dateModified":"2026-03-09T00:02:52+00:00","breadcrumb":{"@id":"https:\/\/lobosnews.com.ar\/index.php\/2026\/03\/08\/drama-en-mendoza-vio-que-iban-a-dispararle-a-su-hermano-menor-quiso-protegerlo-y-lo-mataron\/#breadcrumb"},"inLanguage":"es","potentialAction":[{"@type":"ReadAction","target":["https:\/\/lobosnews.com.ar\/index.php\/2026\/03\/08\/drama-en-mendoza-vio-que-iban-a-dispararle-a-su-hermano-menor-quiso-protegerlo-y-lo-mataron\/"]}]},{"@type":"ImageObject","inLanguage":"es","@id":"https:\/\/lobosnews.com.ar\/index.php\/2026\/03\/08\/drama-en-mendoza-vio-que-iban-a-dispararle-a-su-hermano-menor-quiso-protegerlo-y-lo-mataron\/#primaryimage","url":"https:\/\/lobosnews.com.ar\/wp-content\/uploads\/2026\/03\/drama-en-mendoza-vio-que-iban-a-dispararle-a-su-hermano-menor-quiso-protegerlo-y-lo-mataron.jpg","contentUrl":"https:\/\/lobosnews.com.ar\/wp-content\/uploads\/2026\/03\/drama-en-mendoza-vio-que-iban-a-dispararle-a-su-hermano-menor-quiso-protegerlo-y-lo-mataron.jpg","width":1920,"height":1081,"caption":"Drama en Mendoza: vio que iban a dispararle a su hermano menor, quiso protegerlo y lo mataron"},{"@type":"BreadcrumbList","@id":"https:\/\/lobosnews.com.ar\/index.php\/2026\/03\/08\/drama-en-mendoza-vio-que-iban-a-dispararle-a-su-hermano-menor-quiso-protegerlo-y-lo-mataron\/#breadcrumb","itemListElement":[{"@type":"ListItem","position":1,"name":"Portada","item":"https:\/\/lobosnews.com.ar\/"},{"@type":"ListItem","position":2,"name":"Drama en Mendoza: vio que iban a dispararle a su hermano menor, quiso protegerlo y lo mataron"}]},{"@type":"WebSite","@id":"https:\/\/lobosnews.com.ar\/#website","url":"https:\/\/lobosnews.com.ar\/","name":"Lobos News","description":"Informaci\u00f3n a cada instante","publisher":{"@id":"https:\/\/lobosnews.com.ar\/#organization"},"potentialAction":[{"@type":"SearchAction","target":{"@type":"EntryPoint","urlTemplate":"https:\/\/lobosnews.com.ar\/?s={search_term_string}"},"query-input":{"@type":"PropertyValueSpecification","valueRequired":true,"valueName":"search_term_string"}}],"inLanguage":"es"},{"@type":"Organization","@id":"https:\/\/lobosnews.com.ar\/#organization","name":"Lobos News","url":"https:\/\/lobosnews.com.ar\/","logo":{"@type":"ImageObject","inLanguage":"es","@id":"https:\/\/lobosnews.com.ar\/#\/schema\/logo\/image\/","url":"https:\/\/lobosnews.com.ar\/wp-content\/uploads\/2026\/01\/logo-lobosnews.png","contentUrl":"https:\/\/lobosnews.com.ar\/wp-content\/uploads\/2026\/01\/logo-lobosnews.png","width":500,"height":200,"caption":"Lobos News"},"image":{"@id":"https:\/\/lobosnews.com.ar\/#\/schema\/logo\/image\/"}},{"@type":"Person","@id":"https:\/\/lobosnews.com.ar\/#\/schema\/person\/232422a593d5c541dd9aef6aaed10943","name":"admin","image":{"@type":"ImageObject","inLanguage":"es","@id":"https:\/\/lobosnews.com.ar\/#\/schema\/person\/image\/","url":"https:\/\/secure.gravatar.com\/avatar\/76e419471a2083bc3ceab22a763dbbf9b0c1bd15a6214cf3280e2c2dde4580f9?s=96&d=mm&r=g","contentUrl":"https:\/\/secure.gravatar.com\/avatar\/76e419471a2083bc3ceab22a763dbbf9b0c1bd15a6214cf3280e2c2dde4580f9?s=96&d=mm&r=g","caption":"admin"},"sameAs":["https:\/\/lobosnews.com.ar"],"url":"https:\/\/lobosnews.com.ar\/index.php\/author\/lobos-news\/"}]}},"jetpack_featured_media_url":"https:\/\/lobosnews.com.ar\/wp-content\/uploads\/2026\/03\/drama-en-mendoza-vio-que-iban-a-dispararle-a-su-hermano-menor-quiso-protegerlo-y-lo-mataron.jpg","jetpack_sharing_enabled":true,"_links":{"self":[{"href":"https:\/\/lobosnews.com.ar\/index.php\/wp-json\/wp\/v2\/posts\/30979","targetHints":{"allow":["GET"]}}],"collection":[{"href":"https:\/\/lobosnews.com.ar\/index.php\/wp-json\/wp\/v2\/posts"}],"about":[{"href":"https:\/\/lobosnews.com.ar\/index.php\/wp-json\/wp\/v2\/types\/post"}],"author":[{"embeddable":true,"href":"https:\/\/lobosnews.com.ar\/index.php\/wp-json\/wp\/v2\/users\/1"}],"replies":[{"embeddable":true,"href":"https:\/\/lobosnews.com.ar\/index.php\/wp-json\/wp\/v2\/comments?post=30979"}],"version-history":[{"count":1,"href":"https:\/\/lobosnews.com.ar\/index.php\/wp-json\/wp\/v2\/posts\/30979\/revisions"}],"predecessor-version":[{"id":30981,"href":"https:\/\/lobosnews.com.ar\/index.php\/wp-json\/wp\/v2\/posts\/30979\/revisions\/30981"}],"wp:featuredmedia":[{"embeddable":true,"href":"https:\/\/lobosnews.com.ar\/index.php\/wp-json\/wp\/v2\/media\/30982"}],"wp:attachment":[{"href":"https:\/\/lobosnews.com.ar\/index.php\/wp-json\/wp\/v2\/media?parent=30979"}],"wp:term":[{"taxonomy":"category","embeddable":true,"href":"https:\/\/lobosnews.com.ar\/index.php\/wp-json\/wp\/v2\/categories?post=30979"},{"taxonomy":"post_tag","embeddable":true,"href":"https:\/\/lobosnews.com.ar\/index.php\/wp-json\/wp\/v2\/tags?post=30979"}],"curies":[{"name":"wp","href":"https:\/\/api.w.org\/{rel}","templated":true}]}}