{"id":30931,"date":"2026-03-08T16:21:50","date_gmt":"2026-03-08T16:21:50","guid":{"rendered":"https:\/\/lobosnews.com.ar\/index.php\/2026\/03\/08\/thiago-medina-y-daniela-celis-hablaron-de-su-relacion-en-medio-de-rumores-de-reconciliacion-dar-el-mejor-ejemplo\/"},"modified":"2026-03-08T20:47:08","modified_gmt":"2026-03-08T20:47:08","slug":"thiago-medina-y-daniela-celis-hablaron-de-su-relacion-en-medio-de-rumores-de-reconciliacion-dar-el-mejor-ejemplo","status":"publish","type":"post","link":"https:\/\/lobosnews.com.ar\/index.php\/2026\/03\/08\/thiago-medina-y-daniela-celis-hablaron-de-su-relacion-en-medio-de-rumores-de-reconciliacion-dar-el-mejor-ejemplo\/","title":{"rendered":"Thiago Medina y Daniela Celis hablaron de su relaci\u00f3n en medio de rumores de reconciliaci\u00f3n: \u201cDar el mejor ejemplo\u201d"},"content":{"rendered":"<p>Para <span class=\"waslinkname\"><b>Thiago Medina<\/b><\/span>, el \u00faltimo septiembre qued\u00f3 marcado como un antes y un despu\u00e9s. El exparticipante de <span class=\"waslinkname\"><i><b>Gran Hermano 2022<\/b><\/i><\/span><span class=\"waslinkname\"><b> sufri\u00f3 un accidente de moto<\/b><\/span> que lo oblig\u00f3 a poner un freno, repensar sus prioridades y valorar m\u00e1s que nunca los v\u00ednculos y oportunidades que lo rodean. En ese proceso, <b>su relaci\u00f3n con<\/b><span class=\"waslinkname\"><b> Daniela Celis<\/b><\/span>, la madre de sus gemelas y su expareja, <b>tom\u00f3 un nuevo protagonismo<\/b>. Lejos de elegir el silencio, tanto Thiago como Daniela decidieron salir a<b> <\/b>explicar en redes <b>c\u00f3mo es la din\u00e1mica familiar que construyeron luego de la separaci\u00f3n<\/b> y qu\u00e9 lugar ocupa cada uno en la crianza de sus hijas.<\/p>\n<p>Lejos de los rumores y las especulaciones, tanto Thiago como Daniela decidieron contar en primera persona c\u00f3mo es la relaci\u00f3n que los une hoy, despu\u00e9s de la separaci\u00f3n y en plena crianza compartida. \u201c<b>Yo s\u00e9 que para la sociedad es raro ver esta relaci\u00f3n<\/b>\u201d, admiti\u00f3 Daniela, anticip\u00e1ndose a las preguntas. Thiago, por su parte, puso en palabras lo que para muchos resulta dif\u00edcil de entender: \u201cAl estar separados y estar juntos todo el d\u00eda\u2026 Bueno,<b> aparte de haber sido pareja, como siempre decimos, somos padres, nos vamos a llevar bien toda la vida<\/b>\u201d.<\/p>\n<p>A lo largo de los \u00faltimos meses, la pareja dej\u00f3 en claro su postura: la prioridad son sus hijas y el bienestar de la familia. \u201c<b>Por lo menos 18 a\u00f1os nos vamos a ver siempre<\/b>\u201d, lanz\u00f3 Daniela, haciendo referencia al tiempo que les queda por delante como padres presentes. <\/p>\n<p><img loading=\"lazy\" decoding=\"async\" src=\"https:\/\/lobosnews.com.ar\/wp-content\/uploads\/2026\/03\/thiago-medina-y-daniela-celis-hablaron-de-su-relacion-en-medio-de-rumores-de-reconciliacion-dar-el-mejor-ejemplo.jpg\" alt=\"Daniela Celis y Thiago Medina con sus hijas Aim\u00e9 y Laia, quienes son el motor de su buena relaci\u00f3n pese a su ruptura\" height=\"543\" width=\"780\"\/><\/p>\n<p>Sobre la convivencia diaria y los desaf\u00edos que implica, Celis fue sincera. \u201c<b>Y elegimos llevarnos bien, porque tenemos dos opciones: o llevarnos bien o pelearnos siempre<\/b>. Obvio que hay momentos que nos peleamos tambi\u00e9n y<b> hay momentos que nos amamos<\/b>\u201d, reconoci\u00f3, entre risas. Thiago sum\u00f3 su visi\u00f3n: \u201cS\u00ed, a veces. <b>Nos llevamos bien porque somos padres y queremos paternar los dos y que nuestras hijas vean c\u00f3mo nos queremos tambi\u00e9n<\/b> y que crezcan con el amor de los dos\u201d. La influencer remat\u00f3: \u201c<b>Queremos dar el mejor ejemplo<\/b>\u201d.<\/p>\n<p><b>Esa idea de dar ejemplo no se queda solo en palabras<\/b>. Tanto Thiago como Daniela tomaron una decisi\u00f3n que los diferencia de muchas familias actuales:<span class=\"waslinkname\"><b> criar a sus hijas lejos de las pantallas<\/b><\/span>. Fue en enero cuando ambos anunciaron que Aim\u00e9 y Laia no usan dispositivos electr\u00f3nicos y que la apuesta es por juegos tradicionales, tiempo compartido y convivencia real. El 29 de enero, cuando<span class=\"waslinkname\"><b> celebraron el segundo cumplea\u00f1os de las gemelas<\/b><\/span>, la consigna se mantuvo firme: nada de celulares ni tablets, todo gir\u00f3 en torno a globos, gorros, peluches y actividades cl\u00e1sicas que invitan a la creatividad.<\/p>\n<p>El esfuerzo cotidiano que implica esta elecci\u00f3n qued\u00f3 reflejado en las redes sociales, donde Daniela comparti\u00f3: \u201c<b>Dos a\u00f1os criando sin pantallas, s\u00ed, muy dif\u00edcil<\/b>: mucha creatividad, dedicaci\u00f3n, paciencia y amor. Pero es ac\u00e1 donde todo vale la pena. <b>Una rayuela y toda la tarde, nada m\u00e1s<\/b>\u201d. La frase resume el compromiso de ambos y el desaf\u00edo permanente que significa entretener a dos ni\u00f1as peque\u00f1as sin recurrir a la tecnolog\u00eda.<\/p>\n<p><b>Un video casero mostr\u00f3 a Aim\u00e9 y Laia jugando a la rayuela junto a su pap\u00e1<\/b>, con el dibujo del juego sobre el asfalto y un entorno en el que la tecnolog\u00eda brilla por su ausencia. Las im\u00e1genes de las gemelas saltando de casillero en casillero, riendo y disfrutando en familia, se viralizaron r\u00e1pidamente. La decoraci\u00f3n de la fiesta tambi\u00e9n fue pensada para estimular la imaginaci\u00f3n, por lo que la tecnolog\u00eda qued\u00f3 fuera de la ocasi\u00f3n.<\/p>\n<p>Despu\u00e9s del accidente, Thiago sostiene que la salud y el bienestar de sus hijas se volvieron su principal motor. Daniela, por su parte, celebra poder acompa\u00f1arse mutuamente, m\u00e1s all\u00e1 de la pareja. En tiempos donde la tecnolog\u00eda parece estar en todas partes, la historia de esta familia demuestra que todav\u00eda existen alternativas y que la presencia, <b>el amor y el juego siguen siendo protagonistas en la crianza cotidiana<\/b>.<\/p>\n","protected":false},"excerpt":{"rendered":"<p>Para Thiago Medina, el \u00faltimo septiembre qued\u00f3 marcado como un antes y un despu\u00e9s. El exparticipante de Gran Hermano 2022 sufri\u00f3 un accidente de moto que lo oblig\u00f3 a poner un freno, repensar sus prioridades y valorar m\u00e1s que nunca los v\u00ednculos y oportunidades que lo rodean. En ese proceso, su relaci\u00f3n con Daniela Celis,&#8230;<\/p>\n","protected":false},"author":1,"featured_media":30934,"comment_status":"open","ping_status":"closed","sticky":false,"template":"","format":"standard","meta":{"_jetpack_memberships_contains_paid_content":false,"footnotes":""},"categories":[79],"tags":[],"class_list":["post-30931","post","type-post","status-publish","format-standard","has-post-thumbnail","hentry","category-cine-y-series"],"magazineBlocksPostFeaturedMedia":{"thumbnail":"https:\/\/lobosnews.com.ar\/wp-content\/uploads\/2026\/03\/thiago-medina-y-daniela-celis-hablaron-de-su-relacion-en-medio-de-rumores-de-reconciliacion-dar-el-mejor-ejemplo-150x150.jpg","medium":"https:\/\/lobosnews.com.ar\/wp-content\/uploads\/2026\/03\/thiago-medina-y-daniela-celis-hablaron-de-su-relacion-en-medio-de-rumores-de-reconciliacion-dar-el-mejor-ejemplo-300x209.jpg","medium_large":"https:\/\/lobosnews.com.ar\/wp-content\/uploads\/2026\/03\/thiago-medina-y-daniela-celis-hablaron-de-su-relacion-en-medio-de-rumores-de-reconciliacion-dar-el-mejor-ejemplo-768x535.jpg","large":"https:\/\/lobosnews.com.ar\/wp-content\/uploads\/2026\/03\/thiago-medina-y-daniela-celis-hablaron-de-su-relacion-en-medio-de-rumores-de-reconciliacion-dar-el-mejor-ejemplo.jpg","1536x1536":"https:\/\/lobosnews.com.ar\/wp-content\/uploads\/2026\/03\/thiago-medina-y-daniela-celis-hablaron-de-su-relacion-en-medio-de-rumores-de-reconciliacion-dar-el-mejor-ejemplo.jpg","2048x2048":"https:\/\/lobosnews.com.ar\/wp-content\/uploads\/2026\/03\/thiago-medina-y-daniela-celis-hablaron-de-su-relacion-en-medio-de-rumores-de-reconciliacion-dar-el-mejor-ejemplo.jpg","newsmatic-featured":"https:\/\/lobosnews.com.ar\/wp-content\/uploads\/2026\/03\/thiago-medina-y-daniela-celis-hablaron-de-su-relacion-en-medio-de-rumores-de-reconciliacion-dar-el-mejor-ejemplo.jpg","newsmatic-list":"https:\/\/lobosnews.com.ar\/wp-content\/uploads\/2026\/03\/thiago-medina-y-daniela-celis-hablaron-de-su-relacion-en-medio-de-rumores-de-reconciliacion-dar-el-mejor-ejemplo-600x400.jpg","newsmatic-thumb":"https:\/\/lobosnews.com.ar\/wp-content\/uploads\/2026\/03\/thiago-medina-y-daniela-celis-hablaron-de-su-relacion-en-medio-de-rumores-de-reconciliacion-dar-el-mejor-ejemplo-300x200.jpg","newsmatic-small":"https:\/\/lobosnews.com.ar\/wp-content\/uploads\/2026\/03\/thiago-medina-y-daniela-celis-hablaron-de-su-relacion-en-medio-de-rumores-de-reconciliacion-dar-el-mejor-ejemplo-150x95.jpg","newsmatic-grid":"https:\/\/lobosnews.com.ar\/wp-content\/uploads\/2026\/03\/thiago-medina-y-daniela-celis-hablaron-de-su-relacion-en-medio-de-rumores-de-reconciliacion-dar-el-mejor-ejemplo-400x250.jpg"},"magazineBlocksPostAuthor":{"name":"admin","avatar":"https:\/\/secure.gravatar.com\/avatar\/76e419471a2083bc3ceab22a763dbbf9b0c1bd15a6214cf3280e2c2dde4580f9?s=96&d=mm&r=g"},"magazineBlocksPostCommentsNumber":"0","magazineBlocksPostExcerpt":"Para Thiago Medina, el \u00faltimo septiembre qued\u00f3 marcado como un antes y un despu\u00e9s. El exparticipante de Gran Hermano 2022 sufri\u00f3 un accidente de moto que lo oblig\u00f3 a poner un freno, repensar sus prioridades y valorar m\u00e1s que nunca los v\u00ednculos y oportunidades que lo rodean. En ese proceso, su relaci\u00f3n con Daniela Celis,...","magazineBlocksPostCategories":["Cine y Series"],"magazineBlocksPostViewCount":79,"magazineBlocksPostReadTime":4,"magazine_blocks_featured_image_url":{"full":["https:\/\/lobosnews.com.ar\/wp-content\/uploads\/2026\/03\/thiago-medina-y-daniela-celis-hablaron-de-su-relacion-en-medio-de-rumores-de-reconciliacion-dar-el-mejor-ejemplo.jpg",780,543,false],"medium":["https:\/\/lobosnews.com.ar\/wp-content\/uploads\/2026\/03\/thiago-medina-y-daniela-celis-hablaron-de-su-relacion-en-medio-de-rumores-de-reconciliacion-dar-el-mejor-ejemplo-300x209.jpg",300,209,true],"thumbnail":["https:\/\/lobosnews.com.ar\/wp-content\/uploads\/2026\/03\/thiago-medina-y-daniela-celis-hablaron-de-su-relacion-en-medio-de-rumores-de-reconciliacion-dar-el-mejor-ejemplo-150x150.jpg",150,150,true]},"magazine_blocks_author":{"display_name":"admin","author_link":"https:\/\/lobosnews.com.ar\/index.php\/author\/lobos-news\/"},"magazine_blocks_comment":0,"magazine_blocks_author_image":"https:\/\/secure.gravatar.com\/avatar\/76e419471a2083bc3ceab22a763dbbf9b0c1bd15a6214cf3280e2c2dde4580f9?s=96&d=mm&r=g","magazine_blocks_category":"<a href=\"#\" class=\"category-link category-link-79\">Cine y Series<\/a>","yoast_head":"<!-- This site is optimized with the Yoast SEO plugin v26.6 - https:\/\/yoast.com\/wordpress\/plugins\/seo\/ -->\n<title>Thiago Medina y Daniela Celis hablaron de su relaci\u00f3n en medio de rumores de reconciliaci\u00f3n: \u201cDar el mejor ejemplo\u201d - Lobos News<\/title>\n<meta name=\"robots\" content=\"index, follow, max-snippet:-1, max-image-preview:large, max-video-preview:-1\" \/>\n<link rel=\"canonical\" href=\"https:\/\/lobosnews.com.ar\/index.php\/2026\/03\/08\/thiago-medina-y-daniela-celis-hablaron-de-su-relacion-en-medio-de-rumores-de-reconciliacion-dar-el-mejor-ejemplo\/\" \/>\n<meta property=\"og:locale\" content=\"es_ES\" \/>\n<meta property=\"og:type\" content=\"article\" \/>\n<meta property=\"og:title\" content=\"Thiago Medina y Daniela Celis hablaron de su relaci\u00f3n en medio de rumores de reconciliaci\u00f3n: \u201cDar el mejor ejemplo\u201d - Lobos News\" \/>\n<meta property=\"og:description\" content=\"Para Thiago Medina, el \u00faltimo septiembre qued\u00f3 marcado como un antes y un despu\u00e9s. El exparticipante de Gran Hermano 2022 sufri\u00f3 un accidente de moto que lo oblig\u00f3 a poner un freno, repensar sus prioridades y valorar m\u00e1s que nunca los v\u00ednculos y oportunidades que lo rodean. En ese proceso, su relaci\u00f3n con Daniela Celis,...\" \/>\n<meta property=\"og:url\" content=\"https:\/\/lobosnews.com.ar\/index.php\/2026\/03\/08\/thiago-medina-y-daniela-celis-hablaron-de-su-relacion-en-medio-de-rumores-de-reconciliacion-dar-el-mejor-ejemplo\/\" \/>\n<meta property=\"og:site_name\" content=\"Lobos News\" \/>\n<meta property=\"article:published_time\" content=\"2026-03-08T16:21:50+00:00\" \/>\n<meta property=\"article:modified_time\" content=\"2026-03-08T20:47:08+00:00\" \/>\n<meta property=\"og:image\" content=\"https:\/\/lobosnews.com.ar\/wp-content\/uploads\/2026\/03\/thiago-medina-y-daniela-celis-hablaron-de-su-relacion-en-medio-de-rumores-de-reconciliacion-dar-el-mejor-ejemplo.jpg\" \/>\n<meta name=\"author\" content=\"admin\" \/>\n<meta name=\"twitter:card\" content=\"summary_large_image\" \/>\n<meta name=\"twitter:label1\" content=\"Escrito por\" \/>\n\t<meta name=\"twitter:data1\" content=\"admin\" \/>\n\t<meta name=\"twitter:label2\" content=\"Tiempo de lectura\" \/>\n\t<meta name=\"twitter:data2\" content=\"3 minutos\" \/>\n<script type=\"application\/ld+json\" class=\"yoast-schema-graph\">{\"@context\":\"https:\/\/schema.org\",\"@graph\":[{\"@type\":\"Article\",\"@id\":\"https:\/\/lobosnews.com.ar\/index.php\/2026\/03\/08\/thiago-medina-y-daniela-celis-hablaron-de-su-relacion-en-medio-de-rumores-de-reconciliacion-dar-el-mejor-ejemplo\/#article\",\"isPartOf\":{\"@id\":\"https:\/\/lobosnews.com.ar\/index.php\/2026\/03\/08\/thiago-medina-y-daniela-celis-hablaron-de-su-relacion-en-medio-de-rumores-de-reconciliacion-dar-el-mejor-ejemplo\/\"},\"author\":{\"name\":\"admin\",\"@id\":\"https:\/\/lobosnews.com.ar\/#\/schema\/person\/232422a593d5c541dd9aef6aaed10943\"},\"headline\":\"Thiago Medina y Daniela Celis hablaron de su relaci\u00f3n en medio de rumores de reconciliaci\u00f3n: \u201cDar el mejor ejemplo\u201d\",\"datePublished\":\"2026-03-08T16:21:50+00:00\",\"dateModified\":\"2026-03-08T20:47:08+00:00\",\"mainEntityOfPage\":{\"@id\":\"https:\/\/lobosnews.com.ar\/index.php\/2026\/03\/08\/thiago-medina-y-daniela-celis-hablaron-de-su-relacion-en-medio-de-rumores-de-reconciliacion-dar-el-mejor-ejemplo\/\"},\"wordCount\":710,\"commentCount\":0,\"publisher\":{\"@id\":\"https:\/\/lobosnews.com.ar\/#organization\"},\"image\":{\"@id\":\"https:\/\/lobosnews.com.ar\/index.php\/2026\/03\/08\/thiago-medina-y-daniela-celis-hablaron-de-su-relacion-en-medio-de-rumores-de-reconciliacion-dar-el-mejor-ejemplo\/#primaryimage\"},\"thumbnailUrl\":\"https:\/\/lobosnews.com.ar\/wp-content\/uploads\/2026\/03\/thiago-medina-y-daniela-celis-hablaron-de-su-relacion-en-medio-de-rumores-de-reconciliacion-dar-el-mejor-ejemplo.jpg\",\"articleSection\":[\"Cine y Series\"],\"inLanguage\":\"es\",\"potentialAction\":[{\"@type\":\"CommentAction\",\"name\":\"Comment\",\"target\":[\"https:\/\/lobosnews.com.ar\/index.php\/2026\/03\/08\/thiago-medina-y-daniela-celis-hablaron-de-su-relacion-en-medio-de-rumores-de-reconciliacion-dar-el-mejor-ejemplo\/#respond\"]}]},{\"@type\":\"WebPage\",\"@id\":\"https:\/\/lobosnews.com.ar\/index.php\/2026\/03\/08\/thiago-medina-y-daniela-celis-hablaron-de-su-relacion-en-medio-de-rumores-de-reconciliacion-dar-el-mejor-ejemplo\/\",\"url\":\"https:\/\/lobosnews.com.ar\/index.php\/2026\/03\/08\/thiago-medina-y-daniela-celis-hablaron-de-su-relacion-en-medio-de-rumores-de-reconciliacion-dar-el-mejor-ejemplo\/\",\"name\":\"Thiago Medina y Daniela Celis hablaron de su relaci\u00f3n en medio de rumores de reconciliaci\u00f3n: \u201cDar el mejor ejemplo\u201d - Lobos News\",\"isPartOf\":{\"@id\":\"https:\/\/lobosnews.com.ar\/#website\"},\"primaryImageOfPage\":{\"@id\":\"https:\/\/lobosnews.com.ar\/index.php\/2026\/03\/08\/thiago-medina-y-daniela-celis-hablaron-de-su-relacion-en-medio-de-rumores-de-reconciliacion-dar-el-mejor-ejemplo\/#primaryimage\"},\"image\":{\"@id\":\"https:\/\/lobosnews.com.ar\/index.php\/2026\/03\/08\/thiago-medina-y-daniela-celis-hablaron-de-su-relacion-en-medio-de-rumores-de-reconciliacion-dar-el-mejor-ejemplo\/#primaryimage\"},\"thumbnailUrl\":\"https:\/\/lobosnews.com.ar\/wp-content\/uploads\/2026\/03\/thiago-medina-y-daniela-celis-hablaron-de-su-relacion-en-medio-de-rumores-de-reconciliacion-dar-el-mejor-ejemplo.jpg\",\"datePublished\":\"2026-03-08T16:21:50+00:00\",\"dateModified\":\"2026-03-08T20:47:08+00:00\",\"breadcrumb\":{\"@id\":\"https:\/\/lobosnews.com.ar\/index.php\/2026\/03\/08\/thiago-medina-y-daniela-celis-hablaron-de-su-relacion-en-medio-de-rumores-de-reconciliacion-dar-el-mejor-ejemplo\/#breadcrumb\"},\"inLanguage\":\"es\",\"potentialAction\":[{\"@type\":\"ReadAction\",\"target\":[\"https:\/\/lobosnews.com.ar\/index.php\/2026\/03\/08\/thiago-medina-y-daniela-celis-hablaron-de-su-relacion-en-medio-de-rumores-de-reconciliacion-dar-el-mejor-ejemplo\/\"]}]},{\"@type\":\"ImageObject\",\"inLanguage\":\"es\",\"@id\":\"https:\/\/lobosnews.com.ar\/index.php\/2026\/03\/08\/thiago-medina-y-daniela-celis-hablaron-de-su-relacion-en-medio-de-rumores-de-reconciliacion-dar-el-mejor-ejemplo\/#primaryimage\",\"url\":\"https:\/\/lobosnews.com.ar\/wp-content\/uploads\/2026\/03\/thiago-medina-y-daniela-celis-hablaron-de-su-relacion-en-medio-de-rumores-de-reconciliacion-dar-el-mejor-ejemplo.jpg\",\"contentUrl\":\"https:\/\/lobosnews.com.ar\/wp-content\/uploads\/2026\/03\/thiago-medina-y-daniela-celis-hablaron-de-su-relacion-en-medio-de-rumores-de-reconciliacion-dar-el-mejor-ejemplo.jpg\",\"width\":780,\"height\":543,\"caption\":\"Thiago Medina y Daniela Celis hablaron de su relaci\u00f3n en medio de rumores de reconciliaci\u00f3n: \u201cDar el mejor ejemplo\u201d\"},{\"@type\":\"BreadcrumbList\",\"@id\":\"https:\/\/lobosnews.com.ar\/index.php\/2026\/03\/08\/thiago-medina-y-daniela-celis-hablaron-de-su-relacion-en-medio-de-rumores-de-reconciliacion-dar-el-mejor-ejemplo\/#breadcrumb\",\"itemListElement\":[{\"@type\":\"ListItem\",\"position\":1,\"name\":\"Portada\",\"item\":\"https:\/\/lobosnews.com.ar\/\"},{\"@type\":\"ListItem\",\"position\":2,\"name\":\"Thiago Medina y Daniela Celis hablaron de su relaci\u00f3n en medio de rumores de reconciliaci\u00f3n: \u201cDar el mejor ejemplo\u201d\"}]},{\"@type\":\"WebSite\",\"@id\":\"https:\/\/lobosnews.com.ar\/#website\",\"url\":\"https:\/\/lobosnews.com.ar\/\",\"name\":\"Lobos News\",\"description\":\"Informaci\u00f3n a cada instante\",\"publisher\":{\"@id\":\"https:\/\/lobosnews.com.ar\/#organization\"},\"potentialAction\":[{\"@type\":\"SearchAction\",\"target\":{\"@type\":\"EntryPoint\",\"urlTemplate\":\"https:\/\/lobosnews.com.ar\/?s={search_term_string}\"},\"query-input\":{\"@type\":\"PropertyValueSpecification\",\"valueRequired\":true,\"valueName\":\"search_term_string\"}}],\"inLanguage\":\"es\"},{\"@type\":\"Organization\",\"@id\":\"https:\/\/lobosnews.com.ar\/#organization\",\"name\":\"Lobos News\",\"url\":\"https:\/\/lobosnews.com.ar\/\",\"logo\":{\"@type\":\"ImageObject\",\"inLanguage\":\"es\",\"@id\":\"https:\/\/lobosnews.com.ar\/#\/schema\/logo\/image\/\",\"url\":\"https:\/\/lobosnews.com.ar\/wp-content\/uploads\/2026\/01\/logo-lobosnews.png\",\"contentUrl\":\"https:\/\/lobosnews.com.ar\/wp-content\/uploads\/2026\/01\/logo-lobosnews.png\",\"width\":500,\"height\":200,\"caption\":\"Lobos News\"},\"image\":{\"@id\":\"https:\/\/lobosnews.com.ar\/#\/schema\/logo\/image\/\"}},{\"@type\":\"Person\",\"@id\":\"https:\/\/lobosnews.com.ar\/#\/schema\/person\/232422a593d5c541dd9aef6aaed10943\",\"name\":\"admin\",\"image\":{\"@type\":\"ImageObject\",\"inLanguage\":\"es\",\"@id\":\"https:\/\/lobosnews.com.ar\/#\/schema\/person\/image\/\",\"url\":\"https:\/\/secure.gravatar.com\/avatar\/76e419471a2083bc3ceab22a763dbbf9b0c1bd15a6214cf3280e2c2dde4580f9?s=96&d=mm&r=g\",\"contentUrl\":\"https:\/\/secure.gravatar.com\/avatar\/76e419471a2083bc3ceab22a763dbbf9b0c1bd15a6214cf3280e2c2dde4580f9?s=96&d=mm&r=g\",\"caption\":\"admin\"},\"sameAs\":[\"https:\/\/lobosnews.com.ar\"],\"url\":\"https:\/\/lobosnews.com.ar\/index.php\/author\/lobos-news\/\"}]}<\/script>\n<!-- \/ Yoast SEO plugin. -->","yoast_head_json":{"title":"Thiago Medina y Daniela Celis hablaron de su relaci\u00f3n en medio de rumores de reconciliaci\u00f3n: \u201cDar el mejor ejemplo\u201d - Lobos News","robots":{"index":"index","follow":"follow","max-snippet":"max-snippet:-1","max-image-preview":"max-image-preview:large","max-video-preview":"max-video-preview:-1"},"canonical":"https:\/\/lobosnews.com.ar\/index.php\/2026\/03\/08\/thiago-medina-y-daniela-celis-hablaron-de-su-relacion-en-medio-de-rumores-de-reconciliacion-dar-el-mejor-ejemplo\/","og_locale":"es_ES","og_type":"article","og_title":"Thiago Medina y Daniela Celis hablaron de su relaci\u00f3n en medio de rumores de reconciliaci\u00f3n: \u201cDar el mejor ejemplo\u201d - Lobos News","og_description":"Para Thiago Medina, el \u00faltimo septiembre qued\u00f3 marcado como un antes y un despu\u00e9s. El exparticipante de Gran Hermano 2022 sufri\u00f3 un accidente de moto que lo oblig\u00f3 a poner un freno, repensar sus prioridades y valorar m\u00e1s que nunca los v\u00ednculos y oportunidades que lo rodean. En ese proceso, su relaci\u00f3n con Daniela Celis,...","og_url":"https:\/\/lobosnews.com.ar\/index.php\/2026\/03\/08\/thiago-medina-y-daniela-celis-hablaron-de-su-relacion-en-medio-de-rumores-de-reconciliacion-dar-el-mejor-ejemplo\/","og_site_name":"Lobos News","article_published_time":"2026-03-08T16:21:50+00:00","article_modified_time":"2026-03-08T20:47:08+00:00","og_image":[{"url":"https:\/\/lobosnews.com.ar\/wp-content\/uploads\/2026\/03\/thiago-medina-y-daniela-celis-hablaron-de-su-relacion-en-medio-de-rumores-de-reconciliacion-dar-el-mejor-ejemplo.jpg","type":"","width":"","height":""}],"author":"admin","twitter_card":"summary_large_image","twitter_misc":{"Escrito por":"admin","Tiempo de lectura":"3 minutos"},"schema":{"@context":"https:\/\/schema.org","@graph":[{"@type":"Article","@id":"https:\/\/lobosnews.com.ar\/index.php\/2026\/03\/08\/thiago-medina-y-daniela-celis-hablaron-de-su-relacion-en-medio-de-rumores-de-reconciliacion-dar-el-mejor-ejemplo\/#article","isPartOf":{"@id":"https:\/\/lobosnews.com.ar\/index.php\/2026\/03\/08\/thiago-medina-y-daniela-celis-hablaron-de-su-relacion-en-medio-de-rumores-de-reconciliacion-dar-el-mejor-ejemplo\/"},"author":{"name":"admin","@id":"https:\/\/lobosnews.com.ar\/#\/schema\/person\/232422a593d5c541dd9aef6aaed10943"},"headline":"Thiago Medina y Daniela Celis hablaron de su relaci\u00f3n en medio de rumores de reconciliaci\u00f3n: \u201cDar el mejor ejemplo\u201d","datePublished":"2026-03-08T16:21:50+00:00","dateModified":"2026-03-08T20:47:08+00:00","mainEntityOfPage":{"@id":"https:\/\/lobosnews.com.ar\/index.php\/2026\/03\/08\/thiago-medina-y-daniela-celis-hablaron-de-su-relacion-en-medio-de-rumores-de-reconciliacion-dar-el-mejor-ejemplo\/"},"wordCount":710,"commentCount":0,"publisher":{"@id":"https:\/\/lobosnews.com.ar\/#organization"},"image":{"@id":"https:\/\/lobosnews.com.ar\/index.php\/2026\/03\/08\/thiago-medina-y-daniela-celis-hablaron-de-su-relacion-en-medio-de-rumores-de-reconciliacion-dar-el-mejor-ejemplo\/#primaryimage"},"thumbnailUrl":"https:\/\/lobosnews.com.ar\/wp-content\/uploads\/2026\/03\/thiago-medina-y-daniela-celis-hablaron-de-su-relacion-en-medio-de-rumores-de-reconciliacion-dar-el-mejor-ejemplo.jpg","articleSection":["Cine y Series"],"inLanguage":"es","potentialAction":[{"@type":"CommentAction","name":"Comment","target":["https:\/\/lobosnews.com.ar\/index.php\/2026\/03\/08\/thiago-medina-y-daniela-celis-hablaron-de-su-relacion-en-medio-de-rumores-de-reconciliacion-dar-el-mejor-ejemplo\/#respond"]}]},{"@type":"WebPage","@id":"https:\/\/lobosnews.com.ar\/index.php\/2026\/03\/08\/thiago-medina-y-daniela-celis-hablaron-de-su-relacion-en-medio-de-rumores-de-reconciliacion-dar-el-mejor-ejemplo\/","url":"https:\/\/lobosnews.com.ar\/index.php\/2026\/03\/08\/thiago-medina-y-daniela-celis-hablaron-de-su-relacion-en-medio-de-rumores-de-reconciliacion-dar-el-mejor-ejemplo\/","name":"Thiago Medina y Daniela Celis hablaron de su relaci\u00f3n en medio de rumores de reconciliaci\u00f3n: \u201cDar el mejor ejemplo\u201d - Lobos News","isPartOf":{"@id":"https:\/\/lobosnews.com.ar\/#website"},"primaryImageOfPage":{"@id":"https:\/\/lobosnews.com.ar\/index.php\/2026\/03\/08\/thiago-medina-y-daniela-celis-hablaron-de-su-relacion-en-medio-de-rumores-de-reconciliacion-dar-el-mejor-ejemplo\/#primaryimage"},"image":{"@id":"https:\/\/lobosnews.com.ar\/index.php\/2026\/03\/08\/thiago-medina-y-daniela-celis-hablaron-de-su-relacion-en-medio-de-rumores-de-reconciliacion-dar-el-mejor-ejemplo\/#primaryimage"},"thumbnailUrl":"https:\/\/lobosnews.com.ar\/wp-content\/uploads\/2026\/03\/thiago-medina-y-daniela-celis-hablaron-de-su-relacion-en-medio-de-rumores-de-reconciliacion-dar-el-mejor-ejemplo.jpg","datePublished":"2026-03-08T16:21:50+00:00","dateModified":"2026-03-08T20:47:08+00:00","breadcrumb":{"@id":"https:\/\/lobosnews.com.ar\/index.php\/2026\/03\/08\/thiago-medina-y-daniela-celis-hablaron-de-su-relacion-en-medio-de-rumores-de-reconciliacion-dar-el-mejor-ejemplo\/#breadcrumb"},"inLanguage":"es","potentialAction":[{"@type":"ReadAction","target":["https:\/\/lobosnews.com.ar\/index.php\/2026\/03\/08\/thiago-medina-y-daniela-celis-hablaron-de-su-relacion-en-medio-de-rumores-de-reconciliacion-dar-el-mejor-ejemplo\/"]}]},{"@type":"ImageObject","inLanguage":"es","@id":"https:\/\/lobosnews.com.ar\/index.php\/2026\/03\/08\/thiago-medina-y-daniela-celis-hablaron-de-su-relacion-en-medio-de-rumores-de-reconciliacion-dar-el-mejor-ejemplo\/#primaryimage","url":"https:\/\/lobosnews.com.ar\/wp-content\/uploads\/2026\/03\/thiago-medina-y-daniela-celis-hablaron-de-su-relacion-en-medio-de-rumores-de-reconciliacion-dar-el-mejor-ejemplo.jpg","contentUrl":"https:\/\/lobosnews.com.ar\/wp-content\/uploads\/2026\/03\/thiago-medina-y-daniela-celis-hablaron-de-su-relacion-en-medio-de-rumores-de-reconciliacion-dar-el-mejor-ejemplo.jpg","width":780,"height":543,"caption":"Thiago Medina y Daniela Celis hablaron de su relaci\u00f3n en medio de rumores de reconciliaci\u00f3n: \u201cDar el mejor ejemplo\u201d"},{"@type":"BreadcrumbList","@id":"https:\/\/lobosnews.com.ar\/index.php\/2026\/03\/08\/thiago-medina-y-daniela-celis-hablaron-de-su-relacion-en-medio-de-rumores-de-reconciliacion-dar-el-mejor-ejemplo\/#breadcrumb","itemListElement":[{"@type":"ListItem","position":1,"name":"Portada","item":"https:\/\/lobosnews.com.ar\/"},{"@type":"ListItem","position":2,"name":"Thiago Medina y Daniela Celis hablaron de su relaci\u00f3n en medio de rumores de reconciliaci\u00f3n: \u201cDar el mejor ejemplo\u201d"}]},{"@type":"WebSite","@id":"https:\/\/lobosnews.com.ar\/#website","url":"https:\/\/lobosnews.com.ar\/","name":"Lobos News","description":"Informaci\u00f3n a cada instante","publisher":{"@id":"https:\/\/lobosnews.com.ar\/#organization"},"potentialAction":[{"@type":"SearchAction","target":{"@type":"EntryPoint","urlTemplate":"https:\/\/lobosnews.com.ar\/?s={search_term_string}"},"query-input":{"@type":"PropertyValueSpecification","valueRequired":true,"valueName":"search_term_string"}}],"inLanguage":"es"},{"@type":"Organization","@id":"https:\/\/lobosnews.com.ar\/#organization","name":"Lobos News","url":"https:\/\/lobosnews.com.ar\/","logo":{"@type":"ImageObject","inLanguage":"es","@id":"https:\/\/lobosnews.com.ar\/#\/schema\/logo\/image\/","url":"https:\/\/lobosnews.com.ar\/wp-content\/uploads\/2026\/01\/logo-lobosnews.png","contentUrl":"https:\/\/lobosnews.com.ar\/wp-content\/uploads\/2026\/01\/logo-lobosnews.png","width":500,"height":200,"caption":"Lobos News"},"image":{"@id":"https:\/\/lobosnews.com.ar\/#\/schema\/logo\/image\/"}},{"@type":"Person","@id":"https:\/\/lobosnews.com.ar\/#\/schema\/person\/232422a593d5c541dd9aef6aaed10943","name":"admin","image":{"@type":"ImageObject","inLanguage":"es","@id":"https:\/\/lobosnews.com.ar\/#\/schema\/person\/image\/","url":"https:\/\/secure.gravatar.com\/avatar\/76e419471a2083bc3ceab22a763dbbf9b0c1bd15a6214cf3280e2c2dde4580f9?s=96&d=mm&r=g","contentUrl":"https:\/\/secure.gravatar.com\/avatar\/76e419471a2083bc3ceab22a763dbbf9b0c1bd15a6214cf3280e2c2dde4580f9?s=96&d=mm&r=g","caption":"admin"},"sameAs":["https:\/\/lobosnews.com.ar"],"url":"https:\/\/lobosnews.com.ar\/index.php\/author\/lobos-news\/"}]}},"jetpack_featured_media_url":"https:\/\/lobosnews.com.ar\/wp-content\/uploads\/2026\/03\/thiago-medina-y-daniela-celis-hablaron-de-su-relacion-en-medio-de-rumores-de-reconciliacion-dar-el-mejor-ejemplo.jpg","jetpack_sharing_enabled":true,"_links":{"self":[{"href":"https:\/\/lobosnews.com.ar\/index.php\/wp-json\/wp\/v2\/posts\/30931","targetHints":{"allow":["GET"]}}],"collection":[{"href":"https:\/\/lobosnews.com.ar\/index.php\/wp-json\/wp\/v2\/posts"}],"about":[{"href":"https:\/\/lobosnews.com.ar\/index.php\/wp-json\/wp\/v2\/types\/post"}],"author":[{"embeddable":true,"href":"https:\/\/lobosnews.com.ar\/index.php\/wp-json\/wp\/v2\/users\/1"}],"replies":[{"embeddable":true,"href":"https:\/\/lobosnews.com.ar\/index.php\/wp-json\/wp\/v2\/comments?post=30931"}],"version-history":[{"count":1,"href":"https:\/\/lobosnews.com.ar\/index.php\/wp-json\/wp\/v2\/posts\/30931\/revisions"}],"predecessor-version":[{"id":30933,"href":"https:\/\/lobosnews.com.ar\/index.php\/wp-json\/wp\/v2\/posts\/30931\/revisions\/30933"}],"wp:featuredmedia":[{"embeddable":true,"href":"https:\/\/lobosnews.com.ar\/index.php\/wp-json\/wp\/v2\/media\/30934"}],"wp:attachment":[{"href":"https:\/\/lobosnews.com.ar\/index.php\/wp-json\/wp\/v2\/media?parent=30931"}],"wp:term":[{"taxonomy":"category","embeddable":true,"href":"https:\/\/lobosnews.com.ar\/index.php\/wp-json\/wp\/v2\/categories?post=30931"},{"taxonomy":"post_tag","embeddable":true,"href":"https:\/\/lobosnews.com.ar\/index.php\/wp-json\/wp\/v2\/tags?post=30931"}],"curies":[{"name":"wp","href":"https:\/\/api.w.org\/{rel}","templated":true}]}}