{"id":30915,"date":"2026-03-08T18:07:52","date_gmt":"2026-03-08T18:07:52","guid":{"rendered":"https:\/\/lobosnews.com.ar\/index.php\/2026\/03\/08\/las-famosas-se-sumaron-al-8m-mensajes-recuerdos-y-arte-por-el-dia-internacional-de-la-mujer\/"},"modified":"2026-03-08T20:47:04","modified_gmt":"2026-03-08T20:47:04","slug":"las-famosas-se-sumaron-al-8m-mensajes-recuerdos-y-arte-por-el-dia-internacional-de-la-mujer","status":"publish","type":"post","link":"https:\/\/lobosnews.com.ar\/index.php\/2026\/03\/08\/las-famosas-se-sumaron-al-8m-mensajes-recuerdos-y-arte-por-el-dia-internacional-de-la-mujer\/","title":{"rendered":"Las famosas se sumaron al 8M: mensajes, recuerdos y arte por el D\u00eda Internacional de la Mujer"},"content":{"rendered":"<p>Como cada 8 de marzo, las redes sociales se ti\u00f1eron de violeta, verde y mensajes de lucha: <span class=\"waslinkname\"><b>el D\u00eda Internacional de la Mujer<\/b><\/span><b> volvi\u00f3 a ser tendencia y las figuras del espect\u00e1culo argentino no se quedaron afuera.<\/b> Desde mensajes cargados de emoci\u00f3n hasta im\u00e1genes art\u00edsticas, cada famosa eligi\u00f3 su manera de conmemorar la fecha y sumarse a una ola imparable que crece a\u00f1o a a\u00f1o.<\/p>\n<p><span class=\"waslinkname\"><b>Wanda Nara<\/b><\/span> fue una de las primeras en pronunciarse. Fiel a su estilo, la empresaria y conductora comparti\u00f3 en su cuenta de Instagram una foto suya en primer plano, acompa\u00f1ada de la frase: \u201c<b>Nadie es como vos, ese es tu poder<\/b>\u201d. Letras blancas y grandes sobre su rostro, un mensaje directo y empoderador para dejar en claro de qu\u00e9 se trata la jornada.<\/p>\n<p><img fetchpriority=\"high\" decoding=\"async\" src=\"https:\/\/lobosnews.com.ar\/wp-content\/uploads\/2026\/03\/las-famosas-se-sumaron-al-8m-mensajes-recuerdos-y-arte-por-el-dia-internacional-de-la-mujer.jpg\" alt=\"Wanda Nara subi\u00f3 una relfexi\u00f3n por el D\u00eda de la Mujer\" height=\"871\" width=\"480\"\/><\/p>\n<p><span class=\"waslinkname\"><b>Natalia Oreiro<\/b><\/span><b> apost\u00f3 a la memoria y al homenaje<\/b>. En sus historias subi\u00f3 un breve video repleto de im\u00e1genes que recuerdan el origen y la tragedia que dio sentido al 8M: \u201c<b>En 1911, 129 j\u00f3venes trabajadoras murieron en un incendio en la f\u00e1brica Triangle Shirtwaist<\/b>. Ten\u00edan entre 14 y 23 a\u00f1os. Sus jefes hab\u00edan cerrado las puertas con llave. No pudieron escapar\u201d. Un recordatorio necesario en una fecha donde la historia y la lucha se entrelazan.<\/p>\n<p><span class=\"waslinkname\"><b>Juana Viale<\/b><\/span>, por su parte, eligi\u00f3 la emoci\u00f3n \u00edntima y la mirada hacia adentro. Frente a c\u00e1mara, comparti\u00f3 qui\u00e9n es su mayor fuente de inspiraci\u00f3n. \u201c<b>Voy a decir mi hija. Yo creo que es una mujer que lleg\u00f3 a mi vida y que me ense\u00f1a todos los d\u00edas<\/b>. Me gusta su personalidad, c\u00f3mo se lleva la vida por delante, c\u00f3mo la abraza la vida, c\u00f3mo la desaf\u00eda. <b>Y soy una gran espectadora de ella, \u00c1mbar<\/b>. Un beso muy grande a todas las mujeres de todos lados, porque es hoy, es todos los d\u00edas. Somos y seremos y te comandamos esta tierra\u201d, expres\u00f3, visiblemente conmovida.<\/p>\n<p><img loading=\"lazy\" decoding=\"async\" src=\"https:\/\/lobosnews.com.ar\/wp-content\/uploads\/2026\/03\/las-famosas-se-sumaron-al-8m-mensajes-recuerdos-y-arte-por-el-dia-internacional-de-la-mujer-1.jpg\" alt=\"Nicole Neumann opt\u00f3 por una ilustraci\u00f3n junto a una emotiva frase\" height=\"904\" width=\"503\"\/><\/p>\n<p><span class=\"waslinkname\"><b>Nicole Neumann<\/b><\/span> prefiri\u00f3 el lenguaje visual: subi\u00f3 una imagen en blanco y negro donde se ven tres mujeres de espaldas, vestidas de manera formal y levantando los brazos para sostener un enorme globo terr\u00e1queo. \u201c<b>Las mujeres, las madres, sosteniendo mucho m\u00e1s de lo que el mundo ve\u201d<\/b>, escribi\u00f3, sumando el mensaje de @revolucioncrianza y dejando claro el rol silencioso y fundamental de tantas.<\/p>\n<p><img loading=\"lazy\" decoding=\"async\" src=\"https:\/\/lobosnews.com.ar\/wp-content\/uploads\/2026\/03\/las-famosas-se-sumaron-al-8m-mensajes-recuerdos-y-arte-por-el-dia-internacional-de-la-mujer-2.jpg\" alt=\"Evangelina Anderson tambi\u00e9n opt\u00f3 por una ilustraci\u00f3n para conmemorar la fecha\" height=\"906\" width=\"507\"\/><\/p>\n<p><span class=\"waslinkname\"><b>Evangelina Anderson<\/b><\/span> se inclin\u00f3 por lo art\u00edstico. En sus historias se pudo ver una ilustraci\u00f3n de una mujer de espaldas, vestida de rojo y parada frente al mar, rodeada de gaviotas y peque\u00f1as casas de colores. \u201c<b>LAS AMO. NOS AMO MUJERES<\/b>\u201d, sum\u00f3, celebrando la sororidad y el amor propio con un coraz\u00f3n rojo.<\/p>\n<p><span class=\"waslinkname\"><b>Cris Morena<\/b><\/span> eligi\u00f3 recorrer su propio universo: comparti\u00f3 un video donde recopil\u00f3 im\u00e1genes de protagonistas feministas de sus ficciones, como <span class=\"waslinkname\"><i><b>Casi \u00c1ngeles<\/b><\/i><\/span><i>, <\/i><span class=\"waslinkname\"><i><b>Margarita<\/b><\/i><\/span><i>, Rebelde Way, Aliados<\/i> y <span class=\"waslinkname\"><i><b>Floricienta<\/b><\/i><\/span>. \u201c<b>El poder de una mujer est\u00e1 en su coraz\u00f3n, en su intuici\u00f3n, en su instinto de protecci\u00f3n<\/b>. El poder de las mujeres est\u00e1 en su capacidad infinita de dar amor. <b>Son los \u00fanicos seres capaces de experimentar el amor incondicional<\/b>\u201d, escribi\u00f3 como cierre.<\/p>\n<p><img loading=\"lazy\" decoding=\"async\" src=\"https:\/\/lobosnews.com.ar\/wp-content\/uploads\/2026\/03\/las-famosas-se-sumaron-al-8m-mensajes-recuerdos-y-arte-por-el-dia-internacional-de-la-mujer-3.jpg\" alt=\"Flor Pe\u00f1a eligi\u00f3 una frase de Simone de Beauvoir para destacar el D\u00eda de la Mujer\" height=\"906\" width=\"512\"\/><\/p>\n<p><span class=\"waslinkname\"><b>Flor Pe\u00f1a<\/b><\/span> fue directa y contundente. Public\u00f3 una placa con el n\u00famero \u201c8M\u201d y una frase de Simone de Beauvoir: \u201c<b>No olvid\u00e9is jam\u00e1s que bastar\u00e1 una crisis pol\u00edtica, econ\u00f3mica o religiosa para que los derechos de las mujeres vuelvan a ser cuestionados\u2026<\/b>\u201d.<\/p>\n<p><img loading=\"lazy\" decoding=\"async\" src=\"https:\/\/lobosnews.com.ar\/wp-content\/uploads\/2026\/03\/las-famosas-se-sumaron-al-8m-mensajes-recuerdos-y-arte-por-el-dia-internacional-de-la-mujer-4.jpg\" alt=\"Nancy Dupl\u00e1a aprovech\u00f3 para recordar a su mam\u00e1, quien falleci\u00f3 el pasado julio\" height=\"904\" width=\"501\"\/><img loading=\"lazy\" decoding=\"async\" src=\"https:\/\/lobosnews.com.ar\/wp-content\/uploads\/2026\/03\/las-famosas-se-sumaron-al-8m-mensajes-recuerdos-y-arte-por-el-dia-internacional-de-la-mujer-5.jpg\" alt=\"A su vez, la actriz destac\u00f3 la presencia de sus amigas en su vida\" height=\"900\" width=\"503\"\/><\/p>\n<p>El costado nost\u00e1lgico lleg\u00f3 de la mano de<span class=\"waslinkname\"><b> Nancy Dupl\u00e1a<\/b><\/span>. Primero, comparti\u00f3 una foto antigua en blanco y negro de <span class=\"waslinkname\"><b>su mam\u00e1 fallecida, Elsa Quattrocchi<\/b><\/span>, en un quir\u00f3fano con barbijo y cofia, a la que le dedic\u00f3: \u201c<b>Tu D\u00eda Mamita M\u00eda<\/b>\u201d. Luego, subi\u00f3 una imagen junto a sus amigas de toda la vida, sentadas alrededor de una mesa y celebrando la amistad: \u201c<b>Y mis amiguitas desde chiquititas<\/b>\u201d.<\/p>\n<p><img loading=\"lazy\" decoding=\"async\" src=\"https:\/\/lobosnews.com.ar\/wp-content\/uploads\/2026\/03\/las-famosas-se-sumaron-al-8m-mensajes-recuerdos-y-arte-por-el-dia-internacional-de-la-mujer-6.jpg\" alt=\"Mercedes Mor\u00e1n comparti\u00f3 un contundente mensaje en el 8M: \"No queremos flores ni bombones\"\" height=\"908\" width=\"516\"\/><\/p>\n<p><span class=\"waslinkname\"><b>Mercedes Mor\u00e1n<\/b><\/span> puso el foco en el reclamo social. Sobre un fondo negro y violeta, public\u00f3 la placa de Fundaci\u00f3n Hu\u00e9sped. \u201c<b>HOY ES #8M. NO QUEREMOS FLORES NI BOMBONES<\/b>\u201d, dec\u00eda la frase, dejando en claro que la fecha va m\u00e1s all\u00e1 de los regalos y tiene que ver con derechos y reconocimiento.<\/p>\n<p><img loading=\"lazy\" decoding=\"async\" src=\"https:\/\/lobosnews.com.ar\/wp-content\/uploads\/2026\/03\/las-famosas-se-sumaron-al-8m-mensajes-recuerdos-y-arte-por-el-dia-internacional-de-la-mujer-7.jpg\" alt=\"Por su parte, Lizy Tagliani subi\u00f3 un collage con algunas de las mujeres m\u00e1s importantes de la historia\" height=\"900\" width=\"507\"\/><\/p>\n<p><span class=\"waslinkname\"><b>Lizy Tagliani<\/b><\/span> apost\u00f3 al collage: una imagen en sepia de mujeres hist\u00f3ricas, acompa\u00f1ada de palabras como \u201c<b>\u00fanicas, valientes, solidarias, luchadoras, inteligentes, rom\u00e1nticas, creativas<\/b>\u201d. \u201c<b>Tan distintas, como maravillosas. 8 de Marzo<\/b>\u201d, sum\u00f3 para cerrar.<\/p>\n<p><img loading=\"lazy\" decoding=\"async\" src=\"https:\/\/lobosnews.com.ar\/wp-content\/uploads\/2026\/03\/las-famosas-se-sumaron-al-8m-mensajes-recuerdos-y-arte-por-el-dia-internacional-de-la-mujer-8.jpg\" alt=\"Iliana Calabr\u00f3 se sum\u00f3 a la tendencia de las ilustraciones para pronunciarse en esta fecha importante\" height=\"904\" width=\"503\"\/><\/p>\n<p><span class=\"waslinkname\"><b>Iliana Calabr\u00f3 <\/b><\/span>sum\u00f3 una ilustraci\u00f3n minimalista de un perfil femenino, rodeado de palabras como \u201cfuertes, valientes, resilientes, inspiradoras, apasionadas\u201d y el cl\u00e1sico: \u201cD\u00cdA INTERNACIONAL DE LA MUJER 8 de marzo\u201d.<\/p>\n<p><img loading=\"lazy\" decoding=\"async\" src=\"https:\/\/lobosnews.com.ar\/wp-content\/uploads\/2026\/03\/las-famosas-se-sumaron-al-8m-mensajes-recuerdos-y-arte-por-el-dia-internacional-de-la-mujer-9.jpg\" alt=\"Mar\u00eda Becerra comparti\u00f3 una imagen de una de las marchas que se lleva adelante para conmemorar esta fecha\" height=\"903\" width=\"510\"\/><\/p>\n<p><span class=\"waslinkname\"><b>Mar\u00eda Becerra<\/b><\/span> fue a la calle: comparti\u00f3 una postal de la marcha, con una mujer de sombrero y cartel en mano que dec\u00eda \u201c<b>MUJERES TEN\u00cdAMOS QUE SER<\/b>\u201d y alegr\u00eda colectiva en la escena.<\/p>\n<p><span class=\"waslinkname\"><b>Lourdes S\u00e1nchez <\/b><\/span>opt\u00f3 por lo personal: una foto junto a su madre en una reuni\u00f3n familiar y el mensaje: \u201c<b>Feliz d\u00eda a mi ejemplo de Mujer, mi madre<\/b>\u201d.<\/p>\n<p><img loading=\"lazy\" decoding=\"async\" src=\"https:\/\/lobosnews.com.ar\/wp-content\/uploads\/2026\/03\/las-famosas-se-sumaron-al-8m-mensajes-recuerdos-y-arte-por-el-dia-internacional-de-la-mujer-10.jpg\" alt=\"Lourdes S\u00e1nchez le dese\u00f3 un feliz d\u00eda a su mam\u00e1 en el marco del D\u00eda de la Mujer\" height=\"906\" width=\"505\"\/><\/p>\n<p><span class=\"waslinkname\"><b>Emilia Mernes<\/b><\/span> agradeci\u00f3 a las pioneras: subi\u00f3 una imagen vintage de una mujer con el rostro cubierto por un cartel que dec\u00eda: \u201c<b>SOY GRACIAS A LAS QUE CORRIERON ENTRE LOBOS ANTES DE M\u00cd. \u2013 Blanca Qui\u00f1\u00f3nez<\/b>\u201d. \u201c<b>A todas ellas, gracias<\/b>\u201d, sum\u00f3 junto a un coraz\u00f3n violeta.<\/p>\n<p><img loading=\"lazy\" decoding=\"async\" src=\"https:\/\/lobosnews.com.ar\/wp-content\/uploads\/2026\/03\/las-famosas-se-sumaron-al-8m-mensajes-recuerdos-y-arte-por-el-dia-internacional-de-la-mujer-11.jpg\" alt=\"\"A todas ellas, gracias\", escribi\u00f3 Emilia Mernes sobre una frase de Blanca Qui\u00f1\u00f3nez\" height=\"898\" width=\"499\"\/><\/p>\n<p><span class=\"waslinkname\"><b>Tamara B\u00e1ez<\/b><\/span> prefiri\u00f3 un saludo cercano y espont\u00e1neo desde el auto: \u201c<b>Feliz d\u00eda para todas las mujeres hermosas que me siguen. Que logren todo lo que se propongan y m\u00e1s<\/b>. Las amoooo. Gracias por ser parte de todo\u201d.<\/p>\n<p><img loading=\"lazy\" decoding=\"async\" src=\"https:\/\/lobosnews.com.ar\/wp-content\/uploads\/2026\/03\/las-famosas-se-sumaron-al-8m-mensajes-recuerdos-y-arte-por-el-dia-internacional-de-la-mujer-12.jpg\" alt=\"Como cierre, Tamara B\u00e1ez comparti\u00f3 sus buenos deseos para sus seguidoras en esta fecha (Instagram)\" height=\"903\" width=\"507\"\/><\/p>\n<p>As\u00ed, entre recuerdos, arte, consignas, dedicatorias y palabras alentadoras, las mujeres del espect\u00e1culo argentino dejaron su sello en un nuevo 8M. Una jornada de reflexi\u00f3n, memoria y lucha, donde las redes volvieron a ser el lugar elegido para amplificar la voz y el sentir de las mujeres en su d\u00eda.<\/p>\n","protected":false},"excerpt":{"rendered":"<p>Como cada 8 de marzo, las redes sociales se ti\u00f1eron de violeta, verde y mensajes de lucha: el D\u00eda Internacional de la Mujer volvi\u00f3 a ser tendencia y las figuras del espect\u00e1culo argentino no se quedaron afuera. Desde mensajes cargados de emoci\u00f3n hasta im\u00e1genes art\u00edsticas, cada famosa eligi\u00f3 su manera de conmemorar la fecha y&#8230;<\/p>\n","protected":false},"author":1,"featured_media":30930,"comment_status":"open","ping_status":"closed","sticky":false,"template":"","format":"standard","meta":{"_jetpack_memberships_contains_paid_content":false,"footnotes":""},"categories":[79],"tags":[],"class_list":["post-30915","post","type-post","status-publish","format-standard","has-post-thumbnail","hentry","category-cine-y-series"],"magazineBlocksPostFeaturedMedia":{"thumbnail":"https:\/\/lobosnews.com.ar\/wp-content\/uploads\/2026\/03\/las-famosas-se-sumaron-al-8m-mensajes-recuerdos-y-arte-por-el-dia-internacional-de-la-mujer-24-150x150.jpg","medium":"https:\/\/lobosnews.com.ar\/wp-content\/uploads\/2026\/03\/las-famosas-se-sumaron-al-8m-mensajes-recuerdos-y-arte-por-el-dia-internacional-de-la-mujer-24-168x300.jpg","medium_large":"https:\/\/lobosnews.com.ar\/wp-content\/uploads\/2026\/03\/las-famosas-se-sumaron-al-8m-mensajes-recuerdos-y-arte-por-el-dia-internacional-de-la-mujer-24.jpg","large":"https:\/\/lobosnews.com.ar\/wp-content\/uploads\/2026\/03\/las-famosas-se-sumaron-al-8m-mensajes-recuerdos-y-arte-por-el-dia-internacional-de-la-mujer-24.jpg","1536x1536":"https:\/\/lobosnews.com.ar\/wp-content\/uploads\/2026\/03\/las-famosas-se-sumaron-al-8m-mensajes-recuerdos-y-arte-por-el-dia-internacional-de-la-mujer-24.jpg","2048x2048":"https:\/\/lobosnews.com.ar\/wp-content\/uploads\/2026\/03\/las-famosas-se-sumaron-al-8m-mensajes-recuerdos-y-arte-por-el-dia-internacional-de-la-mujer-24.jpg","newsmatic-featured":"https:\/\/lobosnews.com.ar\/wp-content\/uploads\/2026\/03\/las-famosas-se-sumaron-al-8m-mensajes-recuerdos-y-arte-por-el-dia-internacional-de-la-mujer-24-507x545.jpg","newsmatic-list":"https:\/\/lobosnews.com.ar\/wp-content\/uploads\/2026\/03\/las-famosas-se-sumaron-al-8m-mensajes-recuerdos-y-arte-por-el-dia-internacional-de-la-mujer-24-507x400.jpg","newsmatic-thumb":"https:\/\/lobosnews.com.ar\/wp-content\/uploads\/2026\/03\/las-famosas-se-sumaron-al-8m-mensajes-recuerdos-y-arte-por-el-dia-internacional-de-la-mujer-24-300x200.jpg","newsmatic-small":"https:\/\/lobosnews.com.ar\/wp-content\/uploads\/2026\/03\/las-famosas-se-sumaron-al-8m-mensajes-recuerdos-y-arte-por-el-dia-internacional-de-la-mujer-24-150x95.jpg","newsmatic-grid":"https:\/\/lobosnews.com.ar\/wp-content\/uploads\/2026\/03\/las-famosas-se-sumaron-al-8m-mensajes-recuerdos-y-arte-por-el-dia-internacional-de-la-mujer-24-400x250.jpg"},"magazineBlocksPostAuthor":{"name":"admin","avatar":"https:\/\/secure.gravatar.com\/avatar\/76e419471a2083bc3ceab22a763dbbf9b0c1bd15a6214cf3280e2c2dde4580f9?s=96&d=mm&r=g"},"magazineBlocksPostCommentsNumber":"0","magazineBlocksPostExcerpt":"Como cada 8 de marzo, las redes sociales se ti\u00f1eron de violeta, verde y mensajes de lucha: el D\u00eda Internacional de la Mujer volvi\u00f3 a ser tendencia y las figuras del espect\u00e1culo argentino no se quedaron afuera. Desde mensajes cargados de emoci\u00f3n hasta im\u00e1genes art\u00edsticas, cada famosa eligi\u00f3 su manera de conmemorar la fecha y...","magazineBlocksPostCategories":["Cine y Series"],"magazineBlocksPostViewCount":95,"magazineBlocksPostReadTime":5,"magazine_blocks_featured_image_url":{"full":["https:\/\/lobosnews.com.ar\/wp-content\/uploads\/2026\/03\/las-famosas-se-sumaron-al-8m-mensajes-recuerdos-y-arte-por-el-dia-internacional-de-la-mujer-24.jpg",507,903,false],"medium":["https:\/\/lobosnews.com.ar\/wp-content\/uploads\/2026\/03\/las-famosas-se-sumaron-al-8m-mensajes-recuerdos-y-arte-por-el-dia-internacional-de-la-mujer-24-168x300.jpg",168,300,true],"thumbnail":["https:\/\/lobosnews.com.ar\/wp-content\/uploads\/2026\/03\/las-famosas-se-sumaron-al-8m-mensajes-recuerdos-y-arte-por-el-dia-internacional-de-la-mujer-24-150x150.jpg",150,150,true]},"magazine_blocks_author":{"display_name":"admin","author_link":"https:\/\/lobosnews.com.ar\/index.php\/author\/lobos-news\/"},"magazine_blocks_comment":0,"magazine_blocks_author_image":"https:\/\/secure.gravatar.com\/avatar\/76e419471a2083bc3ceab22a763dbbf9b0c1bd15a6214cf3280e2c2dde4580f9?s=96&d=mm&r=g","magazine_blocks_category":"<a href=\"#\" class=\"category-link category-link-79\">Cine y Series<\/a>","yoast_head":"<!-- This site is optimized with the Yoast SEO plugin v26.6 - https:\/\/yoast.com\/wordpress\/plugins\/seo\/ -->\n<title>Las famosas se sumaron al 8M: mensajes, recuerdos y arte por el D\u00eda Internacional de la Mujer - Lobos News<\/title>\n<meta name=\"robots\" content=\"index, follow, max-snippet:-1, max-image-preview:large, max-video-preview:-1\" \/>\n<link rel=\"canonical\" href=\"https:\/\/lobosnews.com.ar\/index.php\/2026\/03\/08\/las-famosas-se-sumaron-al-8m-mensajes-recuerdos-y-arte-por-el-dia-internacional-de-la-mujer\/\" \/>\n<meta property=\"og:locale\" content=\"es_ES\" \/>\n<meta property=\"og:type\" content=\"article\" \/>\n<meta property=\"og:title\" content=\"Las famosas se sumaron al 8M: mensajes, recuerdos y arte por el D\u00eda Internacional de la Mujer - Lobos News\" \/>\n<meta property=\"og:description\" content=\"Como cada 8 de marzo, las redes sociales se ti\u00f1eron de violeta, verde y mensajes de lucha: el D\u00eda Internacional de la Mujer volvi\u00f3 a ser tendencia y las figuras del espect\u00e1culo argentino no se quedaron afuera. Desde mensajes cargados de emoci\u00f3n hasta im\u00e1genes art\u00edsticas, cada famosa eligi\u00f3 su manera de conmemorar la fecha y...\" \/>\n<meta property=\"og:url\" content=\"https:\/\/lobosnews.com.ar\/index.php\/2026\/03\/08\/las-famosas-se-sumaron-al-8m-mensajes-recuerdos-y-arte-por-el-dia-internacional-de-la-mujer\/\" \/>\n<meta property=\"og:site_name\" content=\"Lobos News\" \/>\n<meta property=\"article:published_time\" content=\"2026-03-08T18:07:52+00:00\" \/>\n<meta property=\"article:modified_time\" content=\"2026-03-08T20:47:04+00:00\" \/>\n<meta property=\"og:image\" content=\"https:\/\/lobosnews.com.ar\/wp-content\/uploads\/2026\/03\/las-famosas-se-sumaron-al-8m-mensajes-recuerdos-y-arte-por-el-dia-internacional-de-la-mujer.jpg\" \/>\n<meta name=\"author\" content=\"admin\" \/>\n<meta name=\"twitter:card\" content=\"summary_large_image\" \/>\n<meta name=\"twitter:label1\" content=\"Escrito por\" \/>\n\t<meta name=\"twitter:data1\" content=\"admin\" \/>\n\t<meta name=\"twitter:label2\" content=\"Tiempo de lectura\" \/>\n\t<meta name=\"twitter:data2\" content=\"5 minutos\" \/>\n<script type=\"application\/ld+json\" class=\"yoast-schema-graph\">{\"@context\":\"https:\/\/schema.org\",\"@graph\":[{\"@type\":\"Article\",\"@id\":\"https:\/\/lobosnews.com.ar\/index.php\/2026\/03\/08\/las-famosas-se-sumaron-al-8m-mensajes-recuerdos-y-arte-por-el-dia-internacional-de-la-mujer\/#article\",\"isPartOf\":{\"@id\":\"https:\/\/lobosnews.com.ar\/index.php\/2026\/03\/08\/las-famosas-se-sumaron-al-8m-mensajes-recuerdos-y-arte-por-el-dia-internacional-de-la-mujer\/\"},\"author\":{\"name\":\"admin\",\"@id\":\"https:\/\/lobosnews.com.ar\/#\/schema\/person\/232422a593d5c541dd9aef6aaed10943\"},\"headline\":\"Las famosas se sumaron al 8M: mensajes, recuerdos y arte por el D\u00eda Internacional de la Mujer\",\"datePublished\":\"2026-03-08T18:07:52+00:00\",\"dateModified\":\"2026-03-08T20:47:04+00:00\",\"mainEntityOfPage\":{\"@id\":\"https:\/\/lobosnews.com.ar\/index.php\/2026\/03\/08\/las-famosas-se-sumaron-al-8m-mensajes-recuerdos-y-arte-por-el-dia-internacional-de-la-mujer\/\"},\"wordCount\":999,\"commentCount\":0,\"publisher\":{\"@id\":\"https:\/\/lobosnews.com.ar\/#organization\"},\"image\":{\"@id\":\"https:\/\/lobosnews.com.ar\/index.php\/2026\/03\/08\/las-famosas-se-sumaron-al-8m-mensajes-recuerdos-y-arte-por-el-dia-internacional-de-la-mujer\/#primaryimage\"},\"thumbnailUrl\":\"https:\/\/lobosnews.com.ar\/wp-content\/uploads\/2026\/03\/las-famosas-se-sumaron-al-8m-mensajes-recuerdos-y-arte-por-el-dia-internacional-de-la-mujer-24.jpg\",\"articleSection\":[\"Cine y Series\"],\"inLanguage\":\"es\",\"potentialAction\":[{\"@type\":\"CommentAction\",\"name\":\"Comment\",\"target\":[\"https:\/\/lobosnews.com.ar\/index.php\/2026\/03\/08\/las-famosas-se-sumaron-al-8m-mensajes-recuerdos-y-arte-por-el-dia-internacional-de-la-mujer\/#respond\"]}]},{\"@type\":\"WebPage\",\"@id\":\"https:\/\/lobosnews.com.ar\/index.php\/2026\/03\/08\/las-famosas-se-sumaron-al-8m-mensajes-recuerdos-y-arte-por-el-dia-internacional-de-la-mujer\/\",\"url\":\"https:\/\/lobosnews.com.ar\/index.php\/2026\/03\/08\/las-famosas-se-sumaron-al-8m-mensajes-recuerdos-y-arte-por-el-dia-internacional-de-la-mujer\/\",\"name\":\"Las famosas se sumaron al 8M: mensajes, recuerdos y arte por el D\u00eda Internacional de la Mujer - Lobos News\",\"isPartOf\":{\"@id\":\"https:\/\/lobosnews.com.ar\/#website\"},\"primaryImageOfPage\":{\"@id\":\"https:\/\/lobosnews.com.ar\/index.php\/2026\/03\/08\/las-famosas-se-sumaron-al-8m-mensajes-recuerdos-y-arte-por-el-dia-internacional-de-la-mujer\/#primaryimage\"},\"image\":{\"@id\":\"https:\/\/lobosnews.com.ar\/index.php\/2026\/03\/08\/las-famosas-se-sumaron-al-8m-mensajes-recuerdos-y-arte-por-el-dia-internacional-de-la-mujer\/#primaryimage\"},\"thumbnailUrl\":\"https:\/\/lobosnews.com.ar\/wp-content\/uploads\/2026\/03\/las-famosas-se-sumaron-al-8m-mensajes-recuerdos-y-arte-por-el-dia-internacional-de-la-mujer-24.jpg\",\"datePublished\":\"2026-03-08T18:07:52+00:00\",\"dateModified\":\"2026-03-08T20:47:04+00:00\",\"breadcrumb\":{\"@id\":\"https:\/\/lobosnews.com.ar\/index.php\/2026\/03\/08\/las-famosas-se-sumaron-al-8m-mensajes-recuerdos-y-arte-por-el-dia-internacional-de-la-mujer\/#breadcrumb\"},\"inLanguage\":\"es\",\"potentialAction\":[{\"@type\":\"ReadAction\",\"target\":[\"https:\/\/lobosnews.com.ar\/index.php\/2026\/03\/08\/las-famosas-se-sumaron-al-8m-mensajes-recuerdos-y-arte-por-el-dia-internacional-de-la-mujer\/\"]}]},{\"@type\":\"ImageObject\",\"inLanguage\":\"es\",\"@id\":\"https:\/\/lobosnews.com.ar\/index.php\/2026\/03\/08\/las-famosas-se-sumaron-al-8m-mensajes-recuerdos-y-arte-por-el-dia-internacional-de-la-mujer\/#primaryimage\",\"url\":\"https:\/\/lobosnews.com.ar\/wp-content\/uploads\/2026\/03\/las-famosas-se-sumaron-al-8m-mensajes-recuerdos-y-arte-por-el-dia-internacional-de-la-mujer-24.jpg\",\"contentUrl\":\"https:\/\/lobosnews.com.ar\/wp-content\/uploads\/2026\/03\/las-famosas-se-sumaron-al-8m-mensajes-recuerdos-y-arte-por-el-dia-internacional-de-la-mujer-24.jpg\",\"width\":507,\"height\":903,\"caption\":\"Las famosas se sumaron al 8M: mensajes, recuerdos y arte por el D\u00eda Internacional de la Mujer\"},{\"@type\":\"BreadcrumbList\",\"@id\":\"https:\/\/lobosnews.com.ar\/index.php\/2026\/03\/08\/las-famosas-se-sumaron-al-8m-mensajes-recuerdos-y-arte-por-el-dia-internacional-de-la-mujer\/#breadcrumb\",\"itemListElement\":[{\"@type\":\"ListItem\",\"position\":1,\"name\":\"Portada\",\"item\":\"https:\/\/lobosnews.com.ar\/\"},{\"@type\":\"ListItem\",\"position\":2,\"name\":\"Las famosas se sumaron al 8M: mensajes, recuerdos y arte por el D\u00eda Internacional de la Mujer\"}]},{\"@type\":\"WebSite\",\"@id\":\"https:\/\/lobosnews.com.ar\/#website\",\"url\":\"https:\/\/lobosnews.com.ar\/\",\"name\":\"Lobos News\",\"description\":\"Informaci\u00f3n a cada instante\",\"publisher\":{\"@id\":\"https:\/\/lobosnews.com.ar\/#organization\"},\"potentialAction\":[{\"@type\":\"SearchAction\",\"target\":{\"@type\":\"EntryPoint\",\"urlTemplate\":\"https:\/\/lobosnews.com.ar\/?s={search_term_string}\"},\"query-input\":{\"@type\":\"PropertyValueSpecification\",\"valueRequired\":true,\"valueName\":\"search_term_string\"}}],\"inLanguage\":\"es\"},{\"@type\":\"Organization\",\"@id\":\"https:\/\/lobosnews.com.ar\/#organization\",\"name\":\"Lobos News\",\"url\":\"https:\/\/lobosnews.com.ar\/\",\"logo\":{\"@type\":\"ImageObject\",\"inLanguage\":\"es\",\"@id\":\"https:\/\/lobosnews.com.ar\/#\/schema\/logo\/image\/\",\"url\":\"https:\/\/lobosnews.com.ar\/wp-content\/uploads\/2026\/01\/logo-lobosnews.png\",\"contentUrl\":\"https:\/\/lobosnews.com.ar\/wp-content\/uploads\/2026\/01\/logo-lobosnews.png\",\"width\":500,\"height\":200,\"caption\":\"Lobos News\"},\"image\":{\"@id\":\"https:\/\/lobosnews.com.ar\/#\/schema\/logo\/image\/\"}},{\"@type\":\"Person\",\"@id\":\"https:\/\/lobosnews.com.ar\/#\/schema\/person\/232422a593d5c541dd9aef6aaed10943\",\"name\":\"admin\",\"image\":{\"@type\":\"ImageObject\",\"inLanguage\":\"es\",\"@id\":\"https:\/\/lobosnews.com.ar\/#\/schema\/person\/image\/\",\"url\":\"https:\/\/secure.gravatar.com\/avatar\/76e419471a2083bc3ceab22a763dbbf9b0c1bd15a6214cf3280e2c2dde4580f9?s=96&d=mm&r=g\",\"contentUrl\":\"https:\/\/secure.gravatar.com\/avatar\/76e419471a2083bc3ceab22a763dbbf9b0c1bd15a6214cf3280e2c2dde4580f9?s=96&d=mm&r=g\",\"caption\":\"admin\"},\"sameAs\":[\"https:\/\/lobosnews.com.ar\"],\"url\":\"https:\/\/lobosnews.com.ar\/index.php\/author\/lobos-news\/\"}]}<\/script>\n<!-- \/ Yoast SEO plugin. -->","yoast_head_json":{"title":"Las famosas se sumaron al 8M: mensajes, recuerdos y arte por el D\u00eda Internacional de la Mujer - Lobos News","robots":{"index":"index","follow":"follow","max-snippet":"max-snippet:-1","max-image-preview":"max-image-preview:large","max-video-preview":"max-video-preview:-1"},"canonical":"https:\/\/lobosnews.com.ar\/index.php\/2026\/03\/08\/las-famosas-se-sumaron-al-8m-mensajes-recuerdos-y-arte-por-el-dia-internacional-de-la-mujer\/","og_locale":"es_ES","og_type":"article","og_title":"Las famosas se sumaron al 8M: mensajes, recuerdos y arte por el D\u00eda Internacional de la Mujer - Lobos News","og_description":"Como cada 8 de marzo, las redes sociales se ti\u00f1eron de violeta, verde y mensajes de lucha: el D\u00eda Internacional de la Mujer volvi\u00f3 a ser tendencia y las figuras del espect\u00e1culo argentino no se quedaron afuera. Desde mensajes cargados de emoci\u00f3n hasta im\u00e1genes art\u00edsticas, cada famosa eligi\u00f3 su manera de conmemorar la fecha y...","og_url":"https:\/\/lobosnews.com.ar\/index.php\/2026\/03\/08\/las-famosas-se-sumaron-al-8m-mensajes-recuerdos-y-arte-por-el-dia-internacional-de-la-mujer\/","og_site_name":"Lobos News","article_published_time":"2026-03-08T18:07:52+00:00","article_modified_time":"2026-03-08T20:47:04+00:00","og_image":[{"url":"https:\/\/lobosnews.com.ar\/wp-content\/uploads\/2026\/03\/las-famosas-se-sumaron-al-8m-mensajes-recuerdos-y-arte-por-el-dia-internacional-de-la-mujer.jpg","type":"","width":"","height":""}],"author":"admin","twitter_card":"summary_large_image","twitter_misc":{"Escrito por":"admin","Tiempo de lectura":"5 minutos"},"schema":{"@context":"https:\/\/schema.org","@graph":[{"@type":"Article","@id":"https:\/\/lobosnews.com.ar\/index.php\/2026\/03\/08\/las-famosas-se-sumaron-al-8m-mensajes-recuerdos-y-arte-por-el-dia-internacional-de-la-mujer\/#article","isPartOf":{"@id":"https:\/\/lobosnews.com.ar\/index.php\/2026\/03\/08\/las-famosas-se-sumaron-al-8m-mensajes-recuerdos-y-arte-por-el-dia-internacional-de-la-mujer\/"},"author":{"name":"admin","@id":"https:\/\/lobosnews.com.ar\/#\/schema\/person\/232422a593d5c541dd9aef6aaed10943"},"headline":"Las famosas se sumaron al 8M: mensajes, recuerdos y arte por el D\u00eda Internacional de la Mujer","datePublished":"2026-03-08T18:07:52+00:00","dateModified":"2026-03-08T20:47:04+00:00","mainEntityOfPage":{"@id":"https:\/\/lobosnews.com.ar\/index.php\/2026\/03\/08\/las-famosas-se-sumaron-al-8m-mensajes-recuerdos-y-arte-por-el-dia-internacional-de-la-mujer\/"},"wordCount":999,"commentCount":0,"publisher":{"@id":"https:\/\/lobosnews.com.ar\/#organization"},"image":{"@id":"https:\/\/lobosnews.com.ar\/index.php\/2026\/03\/08\/las-famosas-se-sumaron-al-8m-mensajes-recuerdos-y-arte-por-el-dia-internacional-de-la-mujer\/#primaryimage"},"thumbnailUrl":"https:\/\/lobosnews.com.ar\/wp-content\/uploads\/2026\/03\/las-famosas-se-sumaron-al-8m-mensajes-recuerdos-y-arte-por-el-dia-internacional-de-la-mujer-24.jpg","articleSection":["Cine y Series"],"inLanguage":"es","potentialAction":[{"@type":"CommentAction","name":"Comment","target":["https:\/\/lobosnews.com.ar\/index.php\/2026\/03\/08\/las-famosas-se-sumaron-al-8m-mensajes-recuerdos-y-arte-por-el-dia-internacional-de-la-mujer\/#respond"]}]},{"@type":"WebPage","@id":"https:\/\/lobosnews.com.ar\/index.php\/2026\/03\/08\/las-famosas-se-sumaron-al-8m-mensajes-recuerdos-y-arte-por-el-dia-internacional-de-la-mujer\/","url":"https:\/\/lobosnews.com.ar\/index.php\/2026\/03\/08\/las-famosas-se-sumaron-al-8m-mensajes-recuerdos-y-arte-por-el-dia-internacional-de-la-mujer\/","name":"Las famosas se sumaron al 8M: mensajes, recuerdos y arte por el D\u00eda Internacional de la Mujer - Lobos News","isPartOf":{"@id":"https:\/\/lobosnews.com.ar\/#website"},"primaryImageOfPage":{"@id":"https:\/\/lobosnews.com.ar\/index.php\/2026\/03\/08\/las-famosas-se-sumaron-al-8m-mensajes-recuerdos-y-arte-por-el-dia-internacional-de-la-mujer\/#primaryimage"},"image":{"@id":"https:\/\/lobosnews.com.ar\/index.php\/2026\/03\/08\/las-famosas-se-sumaron-al-8m-mensajes-recuerdos-y-arte-por-el-dia-internacional-de-la-mujer\/#primaryimage"},"thumbnailUrl":"https:\/\/lobosnews.com.ar\/wp-content\/uploads\/2026\/03\/las-famosas-se-sumaron-al-8m-mensajes-recuerdos-y-arte-por-el-dia-internacional-de-la-mujer-24.jpg","datePublished":"2026-03-08T18:07:52+00:00","dateModified":"2026-03-08T20:47:04+00:00","breadcrumb":{"@id":"https:\/\/lobosnews.com.ar\/index.php\/2026\/03\/08\/las-famosas-se-sumaron-al-8m-mensajes-recuerdos-y-arte-por-el-dia-internacional-de-la-mujer\/#breadcrumb"},"inLanguage":"es","potentialAction":[{"@type":"ReadAction","target":["https:\/\/lobosnews.com.ar\/index.php\/2026\/03\/08\/las-famosas-se-sumaron-al-8m-mensajes-recuerdos-y-arte-por-el-dia-internacional-de-la-mujer\/"]}]},{"@type":"ImageObject","inLanguage":"es","@id":"https:\/\/lobosnews.com.ar\/index.php\/2026\/03\/08\/las-famosas-se-sumaron-al-8m-mensajes-recuerdos-y-arte-por-el-dia-internacional-de-la-mujer\/#primaryimage","url":"https:\/\/lobosnews.com.ar\/wp-content\/uploads\/2026\/03\/las-famosas-se-sumaron-al-8m-mensajes-recuerdos-y-arte-por-el-dia-internacional-de-la-mujer-24.jpg","contentUrl":"https:\/\/lobosnews.com.ar\/wp-content\/uploads\/2026\/03\/las-famosas-se-sumaron-al-8m-mensajes-recuerdos-y-arte-por-el-dia-internacional-de-la-mujer-24.jpg","width":507,"height":903,"caption":"Las famosas se sumaron al 8M: mensajes, recuerdos y arte por el D\u00eda Internacional de la Mujer"},{"@type":"BreadcrumbList","@id":"https:\/\/lobosnews.com.ar\/index.php\/2026\/03\/08\/las-famosas-se-sumaron-al-8m-mensajes-recuerdos-y-arte-por-el-dia-internacional-de-la-mujer\/#breadcrumb","itemListElement":[{"@type":"ListItem","position":1,"name":"Portada","item":"https:\/\/lobosnews.com.ar\/"},{"@type":"ListItem","position":2,"name":"Las famosas se sumaron al 8M: mensajes, recuerdos y arte por el D\u00eda Internacional de la Mujer"}]},{"@type":"WebSite","@id":"https:\/\/lobosnews.com.ar\/#website","url":"https:\/\/lobosnews.com.ar\/","name":"Lobos News","description":"Informaci\u00f3n a cada instante","publisher":{"@id":"https:\/\/lobosnews.com.ar\/#organization"},"potentialAction":[{"@type":"SearchAction","target":{"@type":"EntryPoint","urlTemplate":"https:\/\/lobosnews.com.ar\/?s={search_term_string}"},"query-input":{"@type":"PropertyValueSpecification","valueRequired":true,"valueName":"search_term_string"}}],"inLanguage":"es"},{"@type":"Organization","@id":"https:\/\/lobosnews.com.ar\/#organization","name":"Lobos News","url":"https:\/\/lobosnews.com.ar\/","logo":{"@type":"ImageObject","inLanguage":"es","@id":"https:\/\/lobosnews.com.ar\/#\/schema\/logo\/image\/","url":"https:\/\/lobosnews.com.ar\/wp-content\/uploads\/2026\/01\/logo-lobosnews.png","contentUrl":"https:\/\/lobosnews.com.ar\/wp-content\/uploads\/2026\/01\/logo-lobosnews.png","width":500,"height":200,"caption":"Lobos News"},"image":{"@id":"https:\/\/lobosnews.com.ar\/#\/schema\/logo\/image\/"}},{"@type":"Person","@id":"https:\/\/lobosnews.com.ar\/#\/schema\/person\/232422a593d5c541dd9aef6aaed10943","name":"admin","image":{"@type":"ImageObject","inLanguage":"es","@id":"https:\/\/lobosnews.com.ar\/#\/schema\/person\/image\/","url":"https:\/\/secure.gravatar.com\/avatar\/76e419471a2083bc3ceab22a763dbbf9b0c1bd15a6214cf3280e2c2dde4580f9?s=96&d=mm&r=g","contentUrl":"https:\/\/secure.gravatar.com\/avatar\/76e419471a2083bc3ceab22a763dbbf9b0c1bd15a6214cf3280e2c2dde4580f9?s=96&d=mm&r=g","caption":"admin"},"sameAs":["https:\/\/lobosnews.com.ar"],"url":"https:\/\/lobosnews.com.ar\/index.php\/author\/lobos-news\/"}]}},"jetpack_featured_media_url":"https:\/\/lobosnews.com.ar\/wp-content\/uploads\/2026\/03\/las-famosas-se-sumaron-al-8m-mensajes-recuerdos-y-arte-por-el-dia-internacional-de-la-mujer-24.jpg","jetpack_sharing_enabled":true,"_links":{"self":[{"href":"https:\/\/lobosnews.com.ar\/index.php\/wp-json\/wp\/v2\/posts\/30915","targetHints":{"allow":["GET"]}}],"collection":[{"href":"https:\/\/lobosnews.com.ar\/index.php\/wp-json\/wp\/v2\/posts"}],"about":[{"href":"https:\/\/lobosnews.com.ar\/index.php\/wp-json\/wp\/v2\/types\/post"}],"author":[{"embeddable":true,"href":"https:\/\/lobosnews.com.ar\/index.php\/wp-json\/wp\/v2\/users\/1"}],"replies":[{"embeddable":true,"href":"https:\/\/lobosnews.com.ar\/index.php\/wp-json\/wp\/v2\/comments?post=30915"}],"version-history":[{"count":1,"href":"https:\/\/lobosnews.com.ar\/index.php\/wp-json\/wp\/v2\/posts\/30915\/revisions"}],"predecessor-version":[{"id":30929,"href":"https:\/\/lobosnews.com.ar\/index.php\/wp-json\/wp\/v2\/posts\/30915\/revisions\/30929"}],"wp:featuredmedia":[{"embeddable":true,"href":"https:\/\/lobosnews.com.ar\/index.php\/wp-json\/wp\/v2\/media\/30930"}],"wp:attachment":[{"href":"https:\/\/lobosnews.com.ar\/index.php\/wp-json\/wp\/v2\/media?parent=30915"}],"wp:term":[{"taxonomy":"category","embeddable":true,"href":"https:\/\/lobosnews.com.ar\/index.php\/wp-json\/wp\/v2\/categories?post=30915"},{"taxonomy":"post_tag","embeddable":true,"href":"https:\/\/lobosnews.com.ar\/index.php\/wp-json\/wp\/v2\/tags?post=30915"}],"curies":[{"name":"wp","href":"https:\/\/api.w.org\/{rel}","templated":true}]}}