{"id":30886,"date":"2026-03-08T17:48:39","date_gmt":"2026-03-08T17:48:39","guid":{"rendered":"https:\/\/lobosnews.com.ar\/index.php\/2026\/03\/08\/la-curiosa-reflexion-del-director-de-alpine-para-agradecerle-a-colapinto-la-maniobra-que-evito-un-accidente-en-australia\/"},"modified":"2026-03-08T20:25:12","modified_gmt":"2026-03-08T20:25:12","slug":"la-curiosa-reflexion-del-director-de-alpine-para-agradecerle-a-colapinto-la-maniobra-que-evito-un-accidente-en-australia","status":"publish","type":"post","link":"https:\/\/lobosnews.com.ar\/index.php\/2026\/03\/08\/la-curiosa-reflexion-del-director-de-alpine-para-agradecerle-a-colapinto-la-maniobra-que-evito-un-accidente-en-australia\/","title":{"rendered":"La curiosa reflexi\u00f3n del director de Alpine para agradecerle a Colapinto la maniobra que evit\u00f3 un accidente en Australia"},"content":{"rendered":"<p><img loading=\"lazy\" decoding=\"async\" src=\"https:\/\/lobosnews.com.ar\/wp-content\/uploads\/2026\/03\/la-curiosa-reflexion-del-director-de-alpine-para-agradecerle-a-colapinto-la-maniobra-que-evito-un-accidente-en-australia.jpg\" alt=\"Steve Nielsen le agradeci\u00f3 a Colapinto por evitar un grave accidente con Lawson\" height=\"408\" width=\"612\"\/><\/p>\n<p>La impresionante maniobra de <b>Franco Colapinto<\/b> en la largada del <span class=\"waslinkname\"><b>Gran Premio de Australia<\/b><\/span> es uno de los momentos m\u00e1s comentados en el mundo del automovilismo tras el inicio de la <b>F\u00f3rmula 1<\/b>. <span class=\"waslinkname\">El argentino recibi\u00f3 los elogios de m\u00faltiples pilotos<\/span> y de medios especializados al evitar a <b>Liam Lawson<\/b> en lo que pudo ser un tr\u00e1gico accidente. <b>Steve Nielsen<\/b>, director de <b>Alpine<\/b>, adem\u00e1s de <span class=\"waslinkname\">reconocer el grave error que sentenci\u00f3 al pilarense a terminar 14\u00b0<\/span> en Melbourne, cubri\u00f3 de flores al joven de 22 a\u00f1os por evitar el golpe con un movimiento sensacional. No obstante, hizo principal hincapi\u00e9 en <b>los gastos que habr\u00eda tenido el equipo<\/b>. <\/p>\n<p>\u201cVi las im\u00e1genes. En realidad no lo vi en el momento. (Franco) habl\u00f3 por la radio y dijo algo que no pude entender muy bien. <b>As\u00ed que supe que algo hab\u00eda pasado y luego, despu\u00e9s de la carrera, vi la repetici\u00f3n y fue aterrador<\/b>. Me record\u00f3 a algo que ocurri\u00f3 en una carrera de F2 en M\u00f3naco en 2024\u201d, coment\u00f3 Nielsen sobre la maniobra de Colapinto, la cual compar\u00f3 con una de <span class=\"waslinkname\"><b>Isack Hadjar<\/b> \u2014actual piloto de Red Bull\u2014 en las calles del principado<\/span>. <\/p>\n<p>Sin embargo, el director de Alpine brome\u00f3 sobre el momento y puso el foco en que, en caso de estrellarse, la escuder\u00eda habr\u00eda quedado en un serio problema con las piezas para reconstruir el monoplaza. \u201c<b>Afortunadamente, es un joven con buenos reflejos, por su propia seguridad y porque no tenemos suficientes piezas<\/b>\u201d, destac\u00f3 entre risas Nielsen en di\u00e1logo con el portal especializado <i>Motorsport<\/i>. <\/p>\n<p><!DOCTYPE html><br \/>\n<html><br \/>\n<head><br \/>\n<meta name=\"viewport\" content=\"width=device-width, initial-scale=1\"><\/p>\n<style>\n.container-video { position: relative; width: 100%; overflow: hidden; padding-top: 56.25%;\n}\n.responsive-iframe-video { position: absolute; top: 0; left: 0; bottom: 0; right: 0; width: 100%; height: 100%; border: none;\n}\n<\/style>\n<p><\/head><br \/>\n<body><\/p>\n<div class=\"container-video\"> <iframe title=\"video-espn\" class=\"responsive-iframe-video\" src=\"https:\/\/www.espn.com.ar\/core\/video\/iframe?id=16406385&#038;endcard=false&#038;omniReportSuite=wdgespge\" allowfullscreen><\/iframe>\n<\/div>\n<p><\/body><br \/>\n<\/html><\/p>\n<p><i>*La impresionante maniobra de Colapinto en el inicio del GP de Australia<\/i><\/p>\n<p>A pesar de la broma del momento, Nielsen fue tajante sobre el grave accidente que el argentino evit\u00f3. \u201c<b>No fue agradable de ver, pero por suerte termin\u00f3 saliendo bien<\/b>\u201d, aclar\u00f3 el experimentado ingeniero. <\/p>\n<p>Adem\u00e1s, hizo hincapi\u00e9 en las dificultades que presentan los nuevos monoplazas a la hora de la largada: \u201cSupongo que siempre ha sido un problema. <b>Se podr\u00eda decir que ahora es peor, pero en el pasado hemos tenido gente que largaba lentamente. Dir\u00eda que ahora es m\u00e1s frecuente<\/b>. Me temo que esta puede ser una respuesta aburrida, pero creo que esta es la primera carrera de lo que inevitablemente ser\u00e1 una gran curva de aprendizaje para todos nosotros\u201d.<\/p>\n<p><!DOCTYPE html><br \/>\n<html><br \/>\n<head><br \/>\n<meta name=\"viewport\" content=\"width=device-width, initial-scale=1\"><\/p>\n<style>\n.container-video { position: relative; width: 100%; overflow: hidden; padding-top: 56.25%;\n}\n.responsive-iframe-video { position: absolute; top: 0; left: 0; bottom: 0; right: 0; width: 100%; height: 100%; border: none;\n}\n<\/style>\n<p><\/head><br \/>\n<body><\/p>\n<div class=\"container-video\"> <iframe title=\"video-espn\" class=\"responsive-iframe-video\" src=\"https:\/\/www.espn.com.ar\/core\/video\/iframe?id=16405695&#038;endcard=false&#038;omniReportSuite=wdgespge\" allowfullscreen><\/iframe>\n<\/div>\n<p><\/body><br \/>\n<\/html><\/p>\n<p><i>*El espectacular movimiento en la largada de Colapinto<\/i><\/p>\n<p>Steve Nielsen fue el responsable de aclarar el grave error que cometi\u00f3 el equipo que deriv\u00f3 en la fuerte penalizaci\u00f3n que sufri\u00f3 Colapinto, algo que influy\u00f3 en su actuaci\u00f3n. \u201cDesafortunadamente, <b>un error operativo oblig\u00f3 a Franco a cumplir una sanci\u00f3n que acab\u00f3 con cualquier posibilidad de puntuar<\/b>. Esto es algo que nosotros, como equipo, <b>asumimos con responsabilidad y solo podemos disculparnos con Franco,<\/b> ya que estuvo fuera de su control. Habr\u00eda adquirido mucha experiencia en la carrera de hoy y estoy seguro de que pasar\u00e1 mucho tiempo con el equipo y con Pierre, desarrollando algunas de esas nuevas habilidades que los pilotos ahora deben desplegar en las carreras\u201d, asegur\u00f3 el directivo.<\/p>\n<p>En su an\u00e1lisis posterior, <b>Nielsen<\/b> profundiz\u00f3 sobre la infracci\u00f3n: \u201cS\u00ed, hay una regla. No es una regla nueva, es una regla de larga data que establece que <b>no se puede trabajar en el auto despu\u00e9s de los 15 segundos antes del inicio de la vuelta de formaci\u00f3n.<\/b> Nosotros infringimos esa regla por, no s\u00e9, un par de segundos, creo. Fue un error de procedimiento, pero, ya sabes, no se\u00f1alamos a ning\u00fan individuo cuando nos va bien y es lo mismo cuando no nos va tan bien. As\u00ed que aprenderemos de esto, lo corregiremos y no volver\u00e1 a ocurrir\u201d. <\/p>\n<p>Colapinto tuvo que cumplir una penalizaci\u00f3n de Stop and Go, una de las m\u00e1s severas del reglamento despu\u00e9s de que un mec\u00e1nico tocara el monoplaza cuando ya estaba prohibido. Steve Nielsen fue contundente con sus declaraciones y destac\u00f3 el desempe\u00f1o del argentino a pesar de la compleja situaci\u00f3n en la que qued\u00f3: \u201cM\u00e1s all\u00e1 del error de procedimiento que le cost\u00f3 la penalizaci\u00f3n, <b>no creo que Franco haya cometido errores<\/b>\u201d.<\/p>\n<p>La escuder\u00eda buscar\u00e1 dar un salto en su rendimiento de cara al pr\u00f3ximo <b>Gran Premio de China<\/b>. Este se desarrollar\u00e1 en el <i>Circuito Internacional de Shangh\u00e1i<\/i> del 13 al 15 de marzo y contar\u00e1 con la primera de las seis carreras Sprint del calendario. <\/p>\n","protected":false},"excerpt":{"rendered":"<p>La impresionante maniobra de Franco Colapinto en la largada del Gran Premio de Australia es uno de los momentos m\u00e1s comentados en el mundo del automovilismo tras el inicio de la F\u00f3rmula 1. El argentino recibi\u00f3 los elogios de m\u00faltiples pilotos y de medios especializados al evitar a Liam Lawson en lo que pudo ser&#8230;<\/p>\n","protected":false},"author":1,"featured_media":0,"comment_status":"open","ping_status":"closed","sticky":false,"template":"","format":"standard","meta":{"_jetpack_memberships_contains_paid_content":false,"footnotes":""},"categories":[30],"tags":[39],"class_list":["post-30886","post","type-post","status-publish","format-standard","hentry","category-argentina","tag-deportes"],"magazineBlocksPostFeaturedMedia":{"thumbnail":false,"medium":false,"medium_large":false,"large":false,"1536x1536":false,"2048x2048":false,"newsmatic-featured":false,"newsmatic-list":false,"newsmatic-thumb":false,"newsmatic-small":false,"newsmatic-grid":false},"magazineBlocksPostAuthor":{"name":"admin","avatar":"https:\/\/secure.gravatar.com\/avatar\/76e419471a2083bc3ceab22a763dbbf9b0c1bd15a6214cf3280e2c2dde4580f9?s=96&d=mm&r=g"},"magazineBlocksPostCommentsNumber":"0","magazineBlocksPostExcerpt":"La impresionante maniobra de Franco Colapinto en la largada del Gran Premio de Australia es uno de los momentos m\u00e1s comentados en el mundo del automovilismo tras el inicio de la F\u00f3rmula 1. El argentino recibi\u00f3 los elogios de m\u00faltiples pilotos y de medios especializados al evitar a Liam Lawson en lo que pudo ser...","magazineBlocksPostCategories":["Argentina"],"magazineBlocksPostViewCount":69,"magazineBlocksPostReadTime":4,"magazine_blocks_featured_image_url":{"full":false,"medium":false,"thumbnail":false},"magazine_blocks_author":{"display_name":"admin","author_link":"https:\/\/lobosnews.com.ar\/index.php\/author\/lobos-news\/"},"magazine_blocks_comment":0,"magazine_blocks_author_image":"https:\/\/secure.gravatar.com\/avatar\/76e419471a2083bc3ceab22a763dbbf9b0c1bd15a6214cf3280e2c2dde4580f9?s=96&d=mm&r=g","magazine_blocks_category":"<a href=\"#\" class=\"category-link category-link-30\">Argentina<\/a>","yoast_head":"<!-- This site is optimized with the Yoast SEO plugin v26.6 - https:\/\/yoast.com\/wordpress\/plugins\/seo\/ -->\n<title>La curiosa reflexi\u00f3n del director de Alpine para agradecerle a Colapinto la maniobra que evit\u00f3 un accidente en Australia - Lobos News<\/title>\n<meta name=\"robots\" content=\"index, follow, max-snippet:-1, max-image-preview:large, max-video-preview:-1\" \/>\n<link rel=\"canonical\" href=\"https:\/\/lobosnews.com.ar\/index.php\/2026\/03\/08\/la-curiosa-reflexion-del-director-de-alpine-para-agradecerle-a-colapinto-la-maniobra-que-evito-un-accidente-en-australia\/\" \/>\n<meta property=\"og:locale\" content=\"es_ES\" \/>\n<meta property=\"og:type\" content=\"article\" \/>\n<meta property=\"og:title\" content=\"La curiosa reflexi\u00f3n del director de Alpine para agradecerle a Colapinto la maniobra que evit\u00f3 un accidente en Australia - Lobos News\" \/>\n<meta property=\"og:description\" content=\"La impresionante maniobra de Franco Colapinto en la largada del Gran Premio de Australia es uno de los momentos m\u00e1s comentados en el mundo del automovilismo tras el inicio de la F\u00f3rmula 1. El argentino recibi\u00f3 los elogios de m\u00faltiples pilotos y de medios especializados al evitar a Liam Lawson en lo que pudo ser...\" \/>\n<meta property=\"og:url\" content=\"https:\/\/lobosnews.com.ar\/index.php\/2026\/03\/08\/la-curiosa-reflexion-del-director-de-alpine-para-agradecerle-a-colapinto-la-maniobra-que-evito-un-accidente-en-australia\/\" \/>\n<meta property=\"og:site_name\" content=\"Lobos News\" \/>\n<meta property=\"article:published_time\" content=\"2026-03-08T17:48:39+00:00\" \/>\n<meta property=\"article:modified_time\" content=\"2026-03-08T20:25:12+00:00\" \/>\n<meta property=\"og:image\" content=\"https:\/\/lobosnews.com.ar\/wp-content\/uploads\/2026\/03\/la-curiosa-reflexion-del-director-de-alpine-para-agradecerle-a-colapinto-la-maniobra-que-evito-un-accidente-en-australia.jpg\" \/>\n<meta name=\"author\" content=\"admin\" \/>\n<meta name=\"twitter:card\" content=\"summary_large_image\" \/>\n<meta name=\"twitter:label1\" content=\"Escrito por\" \/>\n\t<meta name=\"twitter:data1\" content=\"admin\" \/>\n\t<meta name=\"twitter:label2\" content=\"Tiempo de lectura\" \/>\n\t<meta name=\"twitter:data2\" content=\"4 minutos\" \/>\n<script type=\"application\/ld+json\" class=\"yoast-schema-graph\">{\"@context\":\"https:\/\/schema.org\",\"@graph\":[{\"@type\":\"Article\",\"@id\":\"https:\/\/lobosnews.com.ar\/index.php\/2026\/03\/08\/la-curiosa-reflexion-del-director-de-alpine-para-agradecerle-a-colapinto-la-maniobra-que-evito-un-accidente-en-australia\/#article\",\"isPartOf\":{\"@id\":\"https:\/\/lobosnews.com.ar\/index.php\/2026\/03\/08\/la-curiosa-reflexion-del-director-de-alpine-para-agradecerle-a-colapinto-la-maniobra-que-evito-un-accidente-en-australia\/\"},\"author\":{\"name\":\"admin\",\"@id\":\"https:\/\/lobosnews.com.ar\/#\/schema\/person\/232422a593d5c541dd9aef6aaed10943\"},\"headline\":\"La curiosa reflexi\u00f3n del director de Alpine para agradecerle a Colapinto la maniobra que evit\u00f3 un accidente en Australia\",\"datePublished\":\"2026-03-08T17:48:39+00:00\",\"dateModified\":\"2026-03-08T20:25:12+00:00\",\"mainEntityOfPage\":{\"@id\":\"https:\/\/lobosnews.com.ar\/index.php\/2026\/03\/08\/la-curiosa-reflexion-del-director-de-alpine-para-agradecerle-a-colapinto-la-maniobra-que-evito-un-accidente-en-australia\/\"},\"wordCount\":760,\"commentCount\":0,\"publisher\":{\"@id\":\"https:\/\/lobosnews.com.ar\/#organization\"},\"image\":{\"@id\":\"https:\/\/lobosnews.com.ar\/index.php\/2026\/03\/08\/la-curiosa-reflexion-del-director-de-alpine-para-agradecerle-a-colapinto-la-maniobra-que-evito-un-accidente-en-australia\/#primaryimage\"},\"thumbnailUrl\":\"https:\/\/lobosnews.com.ar\/wp-content\/uploads\/2026\/03\/la-curiosa-reflexion-del-director-de-alpine-para-agradecerle-a-colapinto-la-maniobra-que-evito-un-accidente-en-australia.jpg\",\"keywords\":[\"Deportes\"],\"articleSection\":[\"Argentina\"],\"inLanguage\":\"es\",\"potentialAction\":[{\"@type\":\"CommentAction\",\"name\":\"Comment\",\"target\":[\"https:\/\/lobosnews.com.ar\/index.php\/2026\/03\/08\/la-curiosa-reflexion-del-director-de-alpine-para-agradecerle-a-colapinto-la-maniobra-que-evito-un-accidente-en-australia\/#respond\"]}]},{\"@type\":\"WebPage\",\"@id\":\"https:\/\/lobosnews.com.ar\/index.php\/2026\/03\/08\/la-curiosa-reflexion-del-director-de-alpine-para-agradecerle-a-colapinto-la-maniobra-que-evito-un-accidente-en-australia\/\",\"url\":\"https:\/\/lobosnews.com.ar\/index.php\/2026\/03\/08\/la-curiosa-reflexion-del-director-de-alpine-para-agradecerle-a-colapinto-la-maniobra-que-evito-un-accidente-en-australia\/\",\"name\":\"La curiosa reflexi\u00f3n del director de Alpine para agradecerle a Colapinto la maniobra que evit\u00f3 un accidente en Australia - Lobos News\",\"isPartOf\":{\"@id\":\"https:\/\/lobosnews.com.ar\/#website\"},\"primaryImageOfPage\":{\"@id\":\"https:\/\/lobosnews.com.ar\/index.php\/2026\/03\/08\/la-curiosa-reflexion-del-director-de-alpine-para-agradecerle-a-colapinto-la-maniobra-que-evito-un-accidente-en-australia\/#primaryimage\"},\"image\":{\"@id\":\"https:\/\/lobosnews.com.ar\/index.php\/2026\/03\/08\/la-curiosa-reflexion-del-director-de-alpine-para-agradecerle-a-colapinto-la-maniobra-que-evito-un-accidente-en-australia\/#primaryimage\"},\"thumbnailUrl\":\"https:\/\/lobosnews.com.ar\/wp-content\/uploads\/2026\/03\/la-curiosa-reflexion-del-director-de-alpine-para-agradecerle-a-colapinto-la-maniobra-que-evito-un-accidente-en-australia.jpg\",\"datePublished\":\"2026-03-08T17:48:39+00:00\",\"dateModified\":\"2026-03-08T20:25:12+00:00\",\"breadcrumb\":{\"@id\":\"https:\/\/lobosnews.com.ar\/index.php\/2026\/03\/08\/la-curiosa-reflexion-del-director-de-alpine-para-agradecerle-a-colapinto-la-maniobra-que-evito-un-accidente-en-australia\/#breadcrumb\"},\"inLanguage\":\"es\",\"potentialAction\":[{\"@type\":\"ReadAction\",\"target\":[\"https:\/\/lobosnews.com.ar\/index.php\/2026\/03\/08\/la-curiosa-reflexion-del-director-de-alpine-para-agradecerle-a-colapinto-la-maniobra-que-evito-un-accidente-en-australia\/\"]}]},{\"@type\":\"ImageObject\",\"inLanguage\":\"es\",\"@id\":\"https:\/\/lobosnews.com.ar\/index.php\/2026\/03\/08\/la-curiosa-reflexion-del-director-de-alpine-para-agradecerle-a-colapinto-la-maniobra-que-evito-un-accidente-en-australia\/#primaryimage\",\"url\":\"https:\/\/lobosnews.com.ar\/wp-content\/uploads\/2026\/03\/la-curiosa-reflexion-del-director-de-alpine-para-agradecerle-a-colapinto-la-maniobra-que-evito-un-accidente-en-australia.jpg\",\"contentUrl\":\"https:\/\/lobosnews.com.ar\/wp-content\/uploads\/2026\/03\/la-curiosa-reflexion-del-director-de-alpine-para-agradecerle-a-colapinto-la-maniobra-que-evito-un-accidente-en-australia.jpg\"},{\"@type\":\"BreadcrumbList\",\"@id\":\"https:\/\/lobosnews.com.ar\/index.php\/2026\/03\/08\/la-curiosa-reflexion-del-director-de-alpine-para-agradecerle-a-colapinto-la-maniobra-que-evito-un-accidente-en-australia\/#breadcrumb\",\"itemListElement\":[{\"@type\":\"ListItem\",\"position\":1,\"name\":\"Portada\",\"item\":\"https:\/\/lobosnews.com.ar\/\"},{\"@type\":\"ListItem\",\"position\":2,\"name\":\"La curiosa reflexi\u00f3n del director de Alpine para agradecerle a Colapinto la maniobra que evit\u00f3 un accidente en Australia\"}]},{\"@type\":\"WebSite\",\"@id\":\"https:\/\/lobosnews.com.ar\/#website\",\"url\":\"https:\/\/lobosnews.com.ar\/\",\"name\":\"Lobos News\",\"description\":\"Informaci\u00f3n a cada instante\",\"publisher\":{\"@id\":\"https:\/\/lobosnews.com.ar\/#organization\"},\"potentialAction\":[{\"@type\":\"SearchAction\",\"target\":{\"@type\":\"EntryPoint\",\"urlTemplate\":\"https:\/\/lobosnews.com.ar\/?s={search_term_string}\"},\"query-input\":{\"@type\":\"PropertyValueSpecification\",\"valueRequired\":true,\"valueName\":\"search_term_string\"}}],\"inLanguage\":\"es\"},{\"@type\":\"Organization\",\"@id\":\"https:\/\/lobosnews.com.ar\/#organization\",\"name\":\"Lobos News\",\"url\":\"https:\/\/lobosnews.com.ar\/\",\"logo\":{\"@type\":\"ImageObject\",\"inLanguage\":\"es\",\"@id\":\"https:\/\/lobosnews.com.ar\/#\/schema\/logo\/image\/\",\"url\":\"https:\/\/lobosnews.com.ar\/wp-content\/uploads\/2026\/01\/logo-lobosnews.png\",\"contentUrl\":\"https:\/\/lobosnews.com.ar\/wp-content\/uploads\/2026\/01\/logo-lobosnews.png\",\"width\":500,\"height\":200,\"caption\":\"Lobos News\"},\"image\":{\"@id\":\"https:\/\/lobosnews.com.ar\/#\/schema\/logo\/image\/\"}},{\"@type\":\"Person\",\"@id\":\"https:\/\/lobosnews.com.ar\/#\/schema\/person\/232422a593d5c541dd9aef6aaed10943\",\"name\":\"admin\",\"image\":{\"@type\":\"ImageObject\",\"inLanguage\":\"es\",\"@id\":\"https:\/\/lobosnews.com.ar\/#\/schema\/person\/image\/\",\"url\":\"https:\/\/secure.gravatar.com\/avatar\/76e419471a2083bc3ceab22a763dbbf9b0c1bd15a6214cf3280e2c2dde4580f9?s=96&d=mm&r=g\",\"contentUrl\":\"https:\/\/secure.gravatar.com\/avatar\/76e419471a2083bc3ceab22a763dbbf9b0c1bd15a6214cf3280e2c2dde4580f9?s=96&d=mm&r=g\",\"caption\":\"admin\"},\"sameAs\":[\"https:\/\/lobosnews.com.ar\"],\"url\":\"https:\/\/lobosnews.com.ar\/index.php\/author\/lobos-news\/\"}]}<\/script>\n<!-- \/ Yoast SEO plugin. -->","yoast_head_json":{"title":"La curiosa reflexi\u00f3n del director de Alpine para agradecerle a Colapinto la maniobra que evit\u00f3 un accidente en Australia - Lobos News","robots":{"index":"index","follow":"follow","max-snippet":"max-snippet:-1","max-image-preview":"max-image-preview:large","max-video-preview":"max-video-preview:-1"},"canonical":"https:\/\/lobosnews.com.ar\/index.php\/2026\/03\/08\/la-curiosa-reflexion-del-director-de-alpine-para-agradecerle-a-colapinto-la-maniobra-que-evito-un-accidente-en-australia\/","og_locale":"es_ES","og_type":"article","og_title":"La curiosa reflexi\u00f3n del director de Alpine para agradecerle a Colapinto la maniobra que evit\u00f3 un accidente en Australia - Lobos News","og_description":"La impresionante maniobra de Franco Colapinto en la largada del Gran Premio de Australia es uno de los momentos m\u00e1s comentados en el mundo del automovilismo tras el inicio de la F\u00f3rmula 1. El argentino recibi\u00f3 los elogios de m\u00faltiples pilotos y de medios especializados al evitar a Liam Lawson en lo que pudo ser...","og_url":"https:\/\/lobosnews.com.ar\/index.php\/2026\/03\/08\/la-curiosa-reflexion-del-director-de-alpine-para-agradecerle-a-colapinto-la-maniobra-que-evito-un-accidente-en-australia\/","og_site_name":"Lobos News","article_published_time":"2026-03-08T17:48:39+00:00","article_modified_time":"2026-03-08T20:25:12+00:00","og_image":[{"url":"https:\/\/lobosnews.com.ar\/wp-content\/uploads\/2026\/03\/la-curiosa-reflexion-del-director-de-alpine-para-agradecerle-a-colapinto-la-maniobra-que-evito-un-accidente-en-australia.jpg","type":"","width":"","height":""}],"author":"admin","twitter_card":"summary_large_image","twitter_misc":{"Escrito por":"admin","Tiempo de lectura":"4 minutos"},"schema":{"@context":"https:\/\/schema.org","@graph":[{"@type":"Article","@id":"https:\/\/lobosnews.com.ar\/index.php\/2026\/03\/08\/la-curiosa-reflexion-del-director-de-alpine-para-agradecerle-a-colapinto-la-maniobra-que-evito-un-accidente-en-australia\/#article","isPartOf":{"@id":"https:\/\/lobosnews.com.ar\/index.php\/2026\/03\/08\/la-curiosa-reflexion-del-director-de-alpine-para-agradecerle-a-colapinto-la-maniobra-que-evito-un-accidente-en-australia\/"},"author":{"name":"admin","@id":"https:\/\/lobosnews.com.ar\/#\/schema\/person\/232422a593d5c541dd9aef6aaed10943"},"headline":"La curiosa reflexi\u00f3n del director de Alpine para agradecerle a Colapinto la maniobra que evit\u00f3 un accidente en Australia","datePublished":"2026-03-08T17:48:39+00:00","dateModified":"2026-03-08T20:25:12+00:00","mainEntityOfPage":{"@id":"https:\/\/lobosnews.com.ar\/index.php\/2026\/03\/08\/la-curiosa-reflexion-del-director-de-alpine-para-agradecerle-a-colapinto-la-maniobra-que-evito-un-accidente-en-australia\/"},"wordCount":760,"commentCount":0,"publisher":{"@id":"https:\/\/lobosnews.com.ar\/#organization"},"image":{"@id":"https:\/\/lobosnews.com.ar\/index.php\/2026\/03\/08\/la-curiosa-reflexion-del-director-de-alpine-para-agradecerle-a-colapinto-la-maniobra-que-evito-un-accidente-en-australia\/#primaryimage"},"thumbnailUrl":"https:\/\/lobosnews.com.ar\/wp-content\/uploads\/2026\/03\/la-curiosa-reflexion-del-director-de-alpine-para-agradecerle-a-colapinto-la-maniobra-que-evito-un-accidente-en-australia.jpg","keywords":["Deportes"],"articleSection":["Argentina"],"inLanguage":"es","potentialAction":[{"@type":"CommentAction","name":"Comment","target":["https:\/\/lobosnews.com.ar\/index.php\/2026\/03\/08\/la-curiosa-reflexion-del-director-de-alpine-para-agradecerle-a-colapinto-la-maniobra-que-evito-un-accidente-en-australia\/#respond"]}]},{"@type":"WebPage","@id":"https:\/\/lobosnews.com.ar\/index.php\/2026\/03\/08\/la-curiosa-reflexion-del-director-de-alpine-para-agradecerle-a-colapinto-la-maniobra-que-evito-un-accidente-en-australia\/","url":"https:\/\/lobosnews.com.ar\/index.php\/2026\/03\/08\/la-curiosa-reflexion-del-director-de-alpine-para-agradecerle-a-colapinto-la-maniobra-que-evito-un-accidente-en-australia\/","name":"La curiosa reflexi\u00f3n del director de Alpine para agradecerle a Colapinto la maniobra que evit\u00f3 un accidente en Australia - Lobos News","isPartOf":{"@id":"https:\/\/lobosnews.com.ar\/#website"},"primaryImageOfPage":{"@id":"https:\/\/lobosnews.com.ar\/index.php\/2026\/03\/08\/la-curiosa-reflexion-del-director-de-alpine-para-agradecerle-a-colapinto-la-maniobra-que-evito-un-accidente-en-australia\/#primaryimage"},"image":{"@id":"https:\/\/lobosnews.com.ar\/index.php\/2026\/03\/08\/la-curiosa-reflexion-del-director-de-alpine-para-agradecerle-a-colapinto-la-maniobra-que-evito-un-accidente-en-australia\/#primaryimage"},"thumbnailUrl":"https:\/\/lobosnews.com.ar\/wp-content\/uploads\/2026\/03\/la-curiosa-reflexion-del-director-de-alpine-para-agradecerle-a-colapinto-la-maniobra-que-evito-un-accidente-en-australia.jpg","datePublished":"2026-03-08T17:48:39+00:00","dateModified":"2026-03-08T20:25:12+00:00","breadcrumb":{"@id":"https:\/\/lobosnews.com.ar\/index.php\/2026\/03\/08\/la-curiosa-reflexion-del-director-de-alpine-para-agradecerle-a-colapinto-la-maniobra-que-evito-un-accidente-en-australia\/#breadcrumb"},"inLanguage":"es","potentialAction":[{"@type":"ReadAction","target":["https:\/\/lobosnews.com.ar\/index.php\/2026\/03\/08\/la-curiosa-reflexion-del-director-de-alpine-para-agradecerle-a-colapinto-la-maniobra-que-evito-un-accidente-en-australia\/"]}]},{"@type":"ImageObject","inLanguage":"es","@id":"https:\/\/lobosnews.com.ar\/index.php\/2026\/03\/08\/la-curiosa-reflexion-del-director-de-alpine-para-agradecerle-a-colapinto-la-maniobra-que-evito-un-accidente-en-australia\/#primaryimage","url":"https:\/\/lobosnews.com.ar\/wp-content\/uploads\/2026\/03\/la-curiosa-reflexion-del-director-de-alpine-para-agradecerle-a-colapinto-la-maniobra-que-evito-un-accidente-en-australia.jpg","contentUrl":"https:\/\/lobosnews.com.ar\/wp-content\/uploads\/2026\/03\/la-curiosa-reflexion-del-director-de-alpine-para-agradecerle-a-colapinto-la-maniobra-que-evito-un-accidente-en-australia.jpg"},{"@type":"BreadcrumbList","@id":"https:\/\/lobosnews.com.ar\/index.php\/2026\/03\/08\/la-curiosa-reflexion-del-director-de-alpine-para-agradecerle-a-colapinto-la-maniobra-que-evito-un-accidente-en-australia\/#breadcrumb","itemListElement":[{"@type":"ListItem","position":1,"name":"Portada","item":"https:\/\/lobosnews.com.ar\/"},{"@type":"ListItem","position":2,"name":"La curiosa reflexi\u00f3n del director de Alpine para agradecerle a Colapinto la maniobra que evit\u00f3 un accidente en Australia"}]},{"@type":"WebSite","@id":"https:\/\/lobosnews.com.ar\/#website","url":"https:\/\/lobosnews.com.ar\/","name":"Lobos News","description":"Informaci\u00f3n a cada instante","publisher":{"@id":"https:\/\/lobosnews.com.ar\/#organization"},"potentialAction":[{"@type":"SearchAction","target":{"@type":"EntryPoint","urlTemplate":"https:\/\/lobosnews.com.ar\/?s={search_term_string}"},"query-input":{"@type":"PropertyValueSpecification","valueRequired":true,"valueName":"search_term_string"}}],"inLanguage":"es"},{"@type":"Organization","@id":"https:\/\/lobosnews.com.ar\/#organization","name":"Lobos News","url":"https:\/\/lobosnews.com.ar\/","logo":{"@type":"ImageObject","inLanguage":"es","@id":"https:\/\/lobosnews.com.ar\/#\/schema\/logo\/image\/","url":"https:\/\/lobosnews.com.ar\/wp-content\/uploads\/2026\/01\/logo-lobosnews.png","contentUrl":"https:\/\/lobosnews.com.ar\/wp-content\/uploads\/2026\/01\/logo-lobosnews.png","width":500,"height":200,"caption":"Lobos News"},"image":{"@id":"https:\/\/lobosnews.com.ar\/#\/schema\/logo\/image\/"}},{"@type":"Person","@id":"https:\/\/lobosnews.com.ar\/#\/schema\/person\/232422a593d5c541dd9aef6aaed10943","name":"admin","image":{"@type":"ImageObject","inLanguage":"es","@id":"https:\/\/lobosnews.com.ar\/#\/schema\/person\/image\/","url":"https:\/\/secure.gravatar.com\/avatar\/76e419471a2083bc3ceab22a763dbbf9b0c1bd15a6214cf3280e2c2dde4580f9?s=96&d=mm&r=g","contentUrl":"https:\/\/secure.gravatar.com\/avatar\/76e419471a2083bc3ceab22a763dbbf9b0c1bd15a6214cf3280e2c2dde4580f9?s=96&d=mm&r=g","caption":"admin"},"sameAs":["https:\/\/lobosnews.com.ar"],"url":"https:\/\/lobosnews.com.ar\/index.php\/author\/lobos-news\/"}]}},"jetpack_featured_media_url":"","jetpack_sharing_enabled":true,"_links":{"self":[{"href":"https:\/\/lobosnews.com.ar\/index.php\/wp-json\/wp\/v2\/posts\/30886","targetHints":{"allow":["GET"]}}],"collection":[{"href":"https:\/\/lobosnews.com.ar\/index.php\/wp-json\/wp\/v2\/posts"}],"about":[{"href":"https:\/\/lobosnews.com.ar\/index.php\/wp-json\/wp\/v2\/types\/post"}],"author":[{"embeddable":true,"href":"https:\/\/lobosnews.com.ar\/index.php\/wp-json\/wp\/v2\/users\/1"}],"replies":[{"embeddable":true,"href":"https:\/\/lobosnews.com.ar\/index.php\/wp-json\/wp\/v2\/comments?post=30886"}],"version-history":[{"count":1,"href":"https:\/\/lobosnews.com.ar\/index.php\/wp-json\/wp\/v2\/posts\/30886\/revisions"}],"predecessor-version":[{"id":30888,"href":"https:\/\/lobosnews.com.ar\/index.php\/wp-json\/wp\/v2\/posts\/30886\/revisions\/30888"}],"wp:attachment":[{"href":"https:\/\/lobosnews.com.ar\/index.php\/wp-json\/wp\/v2\/media?parent=30886"}],"wp:term":[{"taxonomy":"category","embeddable":true,"href":"https:\/\/lobosnews.com.ar\/index.php\/wp-json\/wp\/v2\/categories?post=30886"},{"taxonomy":"post_tag","embeddable":true,"href":"https:\/\/lobosnews.com.ar\/index.php\/wp-json\/wp\/v2\/tags?post=30886"}],"curies":[{"name":"wp","href":"https:\/\/api.w.org\/{rel}","templated":true}]}}