{"id":30878,"date":"2026-03-08T18:41:51","date_gmt":"2026-03-08T18:41:51","guid":{"rendered":"https:\/\/lobosnews.com.ar\/index.php\/2026\/03\/08\/checo-perez-volvio-a-la-formula-1-y-aseguro-nunca-me-fui\/"},"modified":"2026-03-08T20:25:11","modified_gmt":"2026-03-08T20:25:11","slug":"checo-perez-volvio-a-la-formula-1-y-aseguro-nunca-me-fui","status":"publish","type":"post","link":"https:\/\/lobosnews.com.ar\/index.php\/2026\/03\/08\/checo-perez-volvio-a-la-formula-1-y-aseguro-nunca-me-fui\/","title":{"rendered":"Checo P\u00e9rez volvi\u00f3 a la F\u00f3rmula 1 y asegur\u00f3: \u201cNunca me fui\u201d"},"content":{"rendered":"<p><img loading=\"lazy\" decoding=\"async\" src=\"https:\/\/lobosnews.com.ar\/wp-content\/uploads\/2026\/03\/checo-perez-volvio-a-la-formula-1-y-aseguro-nunca-me-fui.jpg\" alt=\"Checo P\u00e9rez regresa a la F\u00f3rmula 1 con Cadillac Formula 1 Team, compartiendo su objetivo de sumar puntos y consolidar el equipo como referencia en el automovilismo (REUTERS\/Hamad I Mohammed)\" height=\"900\" width=\"1600\"\/><\/p>\n<p>El piloto mexicano <span class=\"waslinkname\"><b>Checo P\u00e9rez<\/b><\/span><b> <\/b>regres\u00f3 al campeonato junto a la legendaria marca de autos americanos Cadillac <span class=\"waslinkname\"><b>Formula 1<\/b><\/span><b> <\/b>Team tras su paso por la m\u00e1xima categor\u00eda. Durante una entrevista en <b>\u00c1msterdam<\/b> con la revista de estilo<b> <\/b><i>GQ M\u00e9xico y Latinoam\u00e9rica<\/i>, el corredor analiz\u00f3 el significado de su vuelta a la F\u00f3rmula 1. <\/p>\n<p>\u201cEstoy listo\u201d, afirm\u00f3 con serenidad, mostrando madurez y convicci\u00f3n. Para el piloto, su presencia revela que, en realidad, \u201cnunca me fui\u201d del gran circo. Despu\u00e9s de su salida involuntaria, P\u00e9rez regresa para construir una identidad propia dentro del equipo estadounidense, equilibrando familia, motivaci\u00f3n y el peso de representar a M\u00e9xico y Latinoam\u00e9rica en el mundo del automovilismo.<\/p>\n<p>\u201cMe gusta vestir con algo que te puedas poner hoy, pero tambi\u00e9n dentro de 10 a\u00f1os\u201d, comparti\u00f3 P\u00e9rez en exclusiva con <i>GQ M\u00e9xico y Latinoam\u00e9rica<\/i>. Considera que la identidad y la comodidad influyen tanto en el vestuario como en la pista.<\/p>\n<p><img loading=\"lazy\" decoding=\"async\" src=\"https:\/\/lobosnews.com.ar\/wp-content\/uploads\/2026\/03\/checo-perez-volvio-a-la-formula-1-y-aseguro-nunca-me-fui-1.jpg\" alt=\"El piloto mexicano destaca el respaldo familiar y la motivaci\u00f3n de representar a M\u00e9xico y Latinoam\u00e9rica en la m\u00e1xima categor\u00eda del automovilismo internacional (GQ)\" height=\"2612\" width=\"1920\"\/><\/p>\n<p>Este domingo, su regreso se consolid\u00f3, ya que el piloto mexicano finaliz\u00f3 en la <b>16.\u00aa posici\u00f3n <\/b>tras largar desde el puesto 18. Aunque no logr\u00f3 sumar puntos, cumpli\u00f3 con el objetivo principal del equipo de completar las 58 vueltas al circuito de Albert Park con el nuevo monoplaza MAC-26.<\/p>\n<h2>Preparaci\u00f3n y regreso de Checo P\u00e9rez a la F\u00f3rmula 1<\/h2>\n<p>Checo P\u00e9rez resalt\u00f3 la importancia de su preparaci\u00f3n f\u00edsica, mental y familiar. \u201cRegresar a una rutina de tanta exigencia como lo es la F\u00f3rmula 1 no es sencillo\u201d, reconoci\u00f3. Durante las semanas previas a su regreso, el piloto particip\u00f3 en sesiones de simulador, an\u00e1lisis t\u00e9cnicos y trabajos conjuntos con ingenieros para familiarizarse con el monoplaza del <b>Cadillac Formula 1 Team<\/b>.<\/p>\n<p>\u201cEs un reto diferente, pero toda la experiencia, todos los a\u00f1os por los que he pasado, todos los equipos\u2026 al final te van ense\u00f1ando cosas. Y creo que esta es una gran oportunidad\u201d, afirm\u00f3 el mexicano. Considera que este ciclo le exige empezar de nuevo, sin ataduras a estructuras r\u00edgidas propias de etapas anteriores.<\/p>\n<p><img loading=\"lazy\" decoding=\"async\" src=\"https:\/\/lobosnews.com.ar\/wp-content\/uploads\/2026\/03\/checo-perez-volvio-a-la-formula-1-y-aseguro-nunca-me-fui-2.jpg\" alt=\"Checo P\u00e9rez resalta la importancia de la preparaci\u00f3n f\u00edsica, mental y t\u00e9cnica para afrontar el exigente reto de volver a la F\u00f3rmula 1 (REUTERS\/Henry Romero)\" height=\"1080\" width=\"1920\"\/><\/p>\n<h2>Los desaf\u00edos y objetivos con Cadillac Formula 1 Team<\/h2>\n<p>Su regreso con la<b> <\/b>Cadillac Formula 1 Team implica riesgos y altas expectativas. \u201c<b>Existe el riesgo de que regrese y el proyecto no sea tan exitoso como quiero<\/b>\u201d, reflexion\u00f3 P\u00e9rez en di\u00e1logo con <i>GQ M\u00e9xico y Latinoam\u00e9rica<\/i>. Para el piloto, Cadillac representa la posibilidad de construir un equipo competitivo a mediano y largo plazo.<\/p>\n<p>\u201cAl final, hay que intentar las cosas y Cadillac me est\u00e1 dando la gran oportunidad de volver. Est\u00e1n confiando mucho en m\u00ed y yo en ellos. S\u00e9 que es un proyecto a largo plazo\u201d, enfatiz\u00f3. Su objetivo es concreto: \u201cNos encantar\u00eda terminar por delante de tres equipos en esta temporada.<b> Si podemos lograr eso, ser\u00e1 un a\u00f1o superexitoso<\/b>\u201d, sostuvo, marcando una meta medible.<\/p>\n<p><img loading=\"lazy\" decoding=\"async\" src=\"https:\/\/lobosnews.com.ar\/wp-content\/uploads\/2026\/03\/checo-perez-volvio-a-la-formula-1-y-aseguro-nunca-me-fui-3.jpg\" alt=\"El anuncio del regreso de Checo P\u00e9rez a Cadillac gener\u00f3 m\u00e1s de 3 millones de interacciones en redes sociales, reflejando el apoyo de la afici\u00f3n mexicana (X\/@f1)\" height=\"2160\" width=\"3840\"\/><\/p>\n<p>Sumar puntos en cada carrera se convierte en la prioridad inicial. \u201cCada oportunidad que se presente tenemos que intentar aprovecharla al m\u00e1ximo, porque sumar puntos ser\u00e1 el principal objetivo al inicio de la temporada\u201d, se\u00f1al\u00f3 el piloto. Esta mentalidad realista define su aproximaci\u00f3n a este nuevo ciclo deportivo.<\/p>\n<p>El inicio de este proyecto junto a <b>Valtteri Bottas<\/b> representa una posibilidad relevante. \u201cTengo la suerte de contar con Valtteri, uno de los compa\u00f1eros m\u00e1s r\u00e1pidos que hay en este deporte. Con \u00e9l tenemos una gran referencia\u201d, coment\u00f3 sobre el finland\u00e9s. <\/p>\n<p>Adem\u00e1s, el respaldo de la afici\u00f3n mexicana y el crecimiento en redes \u2014tras el anuncio de la escuder\u00eda, las cifras alcanzaron alrededor de 3 millones de interacciones\u2014 refuerzan la importancia de este cap\u00edtulo.<\/p>\n<h2>Legado, motivaci\u00f3n y mensaje de Checo P\u00e9rez<\/h2>\n<p><img loading=\"lazy\" decoding=\"async\" src=\"https:\/\/lobosnews.com.ar\/wp-content\/uploads\/2026\/03\/checo-perez-volvio-a-la-formula-1-y-aseguro-nunca-me-fui-4.jpg\" alt=\"Para Checo P\u00e9rez, el principal desaf\u00edo es aprovechar cada oportunidad en pista y sumar puntos en cada carrera por el \u00e9xito de la temporada (Instagram\/@cadillacf1)\" height=\"1643\" width=\"1320\"\/><\/p>\n<p>P\u00e9rez asume este retorno tras a\u00f1os de competencia. \u201cCuando me desped\u00ed de la F\u00f3rmula 1, no me fui de la forma en que yo quer\u00eda\u201d, admiti\u00f3. Subray\u00f3 que el mayor desaf\u00edo es no atreverse: \u201c<b>El \u00fanico fracaso que hay es no intentar las cosas<\/b>\u201d.<\/p>\n<p>La familia es la base de su nueva etapa. \u201cSiempre so\u00f1\u00e9 con que mis hijos me vieran correr. Especialmente durante esta \u00faltima etapa de mi carrera\u201d, se\u00f1al\u00f3. Reconoci\u00f3 los sacrificios que implica la F\u00f3rmula 1, pero remarca el valor de compartir este proyecto con sus seres queridos.<\/p>\n<p>El piloto est\u00e1 atento al lugar que ocupa y la influencia que puede ejercer. \u201cSoy consciente de mi posici\u00f3n y quiero maximizarla. Quiero motivar a much\u00edsima gente a que se anime a cumplir sus sue\u00f1os\u201d, explic\u00f3. Advirti\u00f3 sobre la influencia de las redes sociales: \u201cEs la cosa m\u00e1s falsa que hay en el mundo\u201d. De inmediato, aclara que hay que distinguir entre la imagen virtual y la vida real.<\/p>\n<p><img loading=\"lazy\" decoding=\"async\" src=\"https:\/\/lobosnews.com.ar\/wp-content\/uploads\/2026\/03\/checo-perez-volvio-a-la-formula-1-y-aseguro-nunca-me-fui-5.jpg\" alt=\"Checo P\u00e9rez enfatiza la necesidad de distinguir entre la imagen de redes sociales y la vida real, animando a los j\u00f3venes a ser aut\u00e9nticos y perseverantes en sus metas (REUTERS\n\/Jayne Kamin-Oncea-Imagn Images)\" height=\"3344\" width=\"5016\"\/><\/p>\n<p>Al concluir su di\u00e1logo con <i>GQ M\u00e9xico y Latinoam\u00e9rica<\/i>, Checo transmiti\u00f3 el mensaje a quienes est\u00e1n por comenzar: \u201cQue disfrute mucho m\u00e1s del camino, que nunca se olvide de qui\u00e9n es y de d\u00f3nde viene\u201d, expres\u00f3. Se describe como \u201c<b>un luchador<\/b>\u201d, alguien que apost\u00f3 por un sue\u00f1o al que pocos cre\u00edan posible.<\/p>\n<p>Record\u00f3 sus d\u00edas en los karts y c\u00f3mo la presi\u00f3n lo acompa\u00f1\u00f3 desde el inicio. Ahora, define esta etapa como \u201cun bonus\u201d, con la intenci\u00f3n de seguir mostrando que traspasar fronteras y alcanzar metas es posible para cualquiera.<\/p>\n","protected":false},"excerpt":{"rendered":"<p>El piloto mexicano Checo P\u00e9rez regres\u00f3 al campeonato junto a la legendaria marca de autos americanos Cadillac Formula 1 Team tras su paso por la m\u00e1xima categor\u00eda. Durante una entrevista en \u00c1msterdam con la revista de estilo GQ M\u00e9xico y Latinoam\u00e9rica, el corredor analiz\u00f3 el significado de su vuelta a la F\u00f3rmula 1. \u201cEstoy listo\u201d,&#8230;<\/p>\n","protected":false},"author":1,"featured_media":0,"comment_status":"open","ping_status":"closed","sticky":false,"template":"","format":"standard","meta":{"_jetpack_memberships_contains_paid_content":false,"footnotes":""},"categories":[30],"tags":[39],"class_list":["post-30878","post","type-post","status-publish","format-standard","hentry","category-argentina","tag-deportes"],"magazineBlocksPostFeaturedMedia":{"thumbnail":false,"medium":false,"medium_large":false,"large":false,"1536x1536":false,"2048x2048":false,"newsmatic-featured":false,"newsmatic-list":false,"newsmatic-thumb":false,"newsmatic-small":false,"newsmatic-grid":false},"magazineBlocksPostAuthor":{"name":"admin","avatar":"https:\/\/secure.gravatar.com\/avatar\/76e419471a2083bc3ceab22a763dbbf9b0c1bd15a6214cf3280e2c2dde4580f9?s=96&d=mm&r=g"},"magazineBlocksPostCommentsNumber":"0","magazineBlocksPostExcerpt":"El piloto mexicano Checo P\u00e9rez regres\u00f3 al campeonato junto a la legendaria marca de autos americanos Cadillac Formula 1 Team tras su paso por la m\u00e1xima categor\u00eda. Durante una entrevista en \u00c1msterdam con la revista de estilo GQ M\u00e9xico y Latinoam\u00e9rica, el corredor analiz\u00f3 el significado de su vuelta a la F\u00f3rmula 1. \u201cEstoy listo\u201d,...","magazineBlocksPostCategories":["Argentina"],"magazineBlocksPostViewCount":79,"magazineBlocksPostReadTime":5,"magazine_blocks_featured_image_url":{"full":false,"medium":false,"thumbnail":false},"magazine_blocks_author":{"display_name":"admin","author_link":"https:\/\/lobosnews.com.ar\/index.php\/author\/lobos-news\/"},"magazine_blocks_comment":0,"magazine_blocks_author_image":"https:\/\/secure.gravatar.com\/avatar\/76e419471a2083bc3ceab22a763dbbf9b0c1bd15a6214cf3280e2c2dde4580f9?s=96&d=mm&r=g","magazine_blocks_category":"<a href=\"#\" class=\"category-link category-link-30\">Argentina<\/a>","yoast_head":"<!-- This site is optimized with the Yoast SEO plugin v26.6 - https:\/\/yoast.com\/wordpress\/plugins\/seo\/ -->\n<title>Checo P\u00e9rez volvi\u00f3 a la F\u00f3rmula 1 y asegur\u00f3: \u201cNunca me fui\u201d - Lobos News<\/title>\n<meta name=\"robots\" content=\"index, follow, max-snippet:-1, max-image-preview:large, max-video-preview:-1\" \/>\n<link rel=\"canonical\" href=\"https:\/\/lobosnews.com.ar\/index.php\/2026\/03\/08\/checo-perez-volvio-a-la-formula-1-y-aseguro-nunca-me-fui\/\" \/>\n<meta property=\"og:locale\" content=\"es_ES\" \/>\n<meta property=\"og:type\" content=\"article\" \/>\n<meta property=\"og:title\" content=\"Checo P\u00e9rez volvi\u00f3 a la F\u00f3rmula 1 y asegur\u00f3: \u201cNunca me fui\u201d - Lobos News\" \/>\n<meta property=\"og:description\" content=\"El piloto mexicano Checo P\u00e9rez regres\u00f3 al campeonato junto a la legendaria marca de autos americanos Cadillac Formula 1 Team tras su paso por la m\u00e1xima categor\u00eda. Durante una entrevista en \u00c1msterdam con la revista de estilo GQ M\u00e9xico y Latinoam\u00e9rica, el corredor analiz\u00f3 el significado de su vuelta a la F\u00f3rmula 1. \u201cEstoy listo\u201d,...\" \/>\n<meta property=\"og:url\" content=\"https:\/\/lobosnews.com.ar\/index.php\/2026\/03\/08\/checo-perez-volvio-a-la-formula-1-y-aseguro-nunca-me-fui\/\" \/>\n<meta property=\"og:site_name\" content=\"Lobos News\" \/>\n<meta property=\"article:published_time\" content=\"2026-03-08T18:41:51+00:00\" \/>\n<meta property=\"article:modified_time\" content=\"2026-03-08T20:25:11+00:00\" \/>\n<meta property=\"og:image\" content=\"https:\/\/lobosnews.com.ar\/wp-content\/uploads\/2026\/03\/checo-perez-volvio-a-la-formula-1-y-aseguro-nunca-me-fui.jpg\" \/>\n<meta name=\"author\" content=\"admin\" \/>\n<meta name=\"twitter:card\" content=\"summary_large_image\" \/>\n<meta name=\"twitter:label1\" content=\"Escrito por\" \/>\n\t<meta name=\"twitter:data1\" content=\"admin\" \/>\n\t<meta name=\"twitter:label2\" content=\"Tiempo de lectura\" \/>\n\t<meta name=\"twitter:data2\" content=\"4 minutos\" \/>\n<script type=\"application\/ld+json\" class=\"yoast-schema-graph\">{\"@context\":\"https:\/\/schema.org\",\"@graph\":[{\"@type\":\"Article\",\"@id\":\"https:\/\/lobosnews.com.ar\/index.php\/2026\/03\/08\/checo-perez-volvio-a-la-formula-1-y-aseguro-nunca-me-fui\/#article\",\"isPartOf\":{\"@id\":\"https:\/\/lobosnews.com.ar\/index.php\/2026\/03\/08\/checo-perez-volvio-a-la-formula-1-y-aseguro-nunca-me-fui\/\"},\"author\":{\"name\":\"admin\",\"@id\":\"https:\/\/lobosnews.com.ar\/#\/schema\/person\/232422a593d5c541dd9aef6aaed10943\"},\"headline\":\"Checo P\u00e9rez volvi\u00f3 a la F\u00f3rmula 1 y asegur\u00f3: \u201cNunca me fui\u201d\",\"datePublished\":\"2026-03-08T18:41:51+00:00\",\"dateModified\":\"2026-03-08T20:25:11+00:00\",\"mainEntityOfPage\":{\"@id\":\"https:\/\/lobosnews.com.ar\/index.php\/2026\/03\/08\/checo-perez-volvio-a-la-formula-1-y-aseguro-nunca-me-fui\/\"},\"wordCount\":903,\"commentCount\":0,\"publisher\":{\"@id\":\"https:\/\/lobosnews.com.ar\/#organization\"},\"image\":{\"@id\":\"https:\/\/lobosnews.com.ar\/index.php\/2026\/03\/08\/checo-perez-volvio-a-la-formula-1-y-aseguro-nunca-me-fui\/#primaryimage\"},\"thumbnailUrl\":\"https:\/\/lobosnews.com.ar\/wp-content\/uploads\/2026\/03\/checo-perez-volvio-a-la-formula-1-y-aseguro-nunca-me-fui.jpg\",\"keywords\":[\"Deportes\"],\"articleSection\":[\"Argentina\"],\"inLanguage\":\"es\",\"potentialAction\":[{\"@type\":\"CommentAction\",\"name\":\"Comment\",\"target\":[\"https:\/\/lobosnews.com.ar\/index.php\/2026\/03\/08\/checo-perez-volvio-a-la-formula-1-y-aseguro-nunca-me-fui\/#respond\"]}]},{\"@type\":\"WebPage\",\"@id\":\"https:\/\/lobosnews.com.ar\/index.php\/2026\/03\/08\/checo-perez-volvio-a-la-formula-1-y-aseguro-nunca-me-fui\/\",\"url\":\"https:\/\/lobosnews.com.ar\/index.php\/2026\/03\/08\/checo-perez-volvio-a-la-formula-1-y-aseguro-nunca-me-fui\/\",\"name\":\"Checo P\u00e9rez volvi\u00f3 a la F\u00f3rmula 1 y asegur\u00f3: \u201cNunca me fui\u201d - Lobos News\",\"isPartOf\":{\"@id\":\"https:\/\/lobosnews.com.ar\/#website\"},\"primaryImageOfPage\":{\"@id\":\"https:\/\/lobosnews.com.ar\/index.php\/2026\/03\/08\/checo-perez-volvio-a-la-formula-1-y-aseguro-nunca-me-fui\/#primaryimage\"},\"image\":{\"@id\":\"https:\/\/lobosnews.com.ar\/index.php\/2026\/03\/08\/checo-perez-volvio-a-la-formula-1-y-aseguro-nunca-me-fui\/#primaryimage\"},\"thumbnailUrl\":\"https:\/\/lobosnews.com.ar\/wp-content\/uploads\/2026\/03\/checo-perez-volvio-a-la-formula-1-y-aseguro-nunca-me-fui.jpg\",\"datePublished\":\"2026-03-08T18:41:51+00:00\",\"dateModified\":\"2026-03-08T20:25:11+00:00\",\"breadcrumb\":{\"@id\":\"https:\/\/lobosnews.com.ar\/index.php\/2026\/03\/08\/checo-perez-volvio-a-la-formula-1-y-aseguro-nunca-me-fui\/#breadcrumb\"},\"inLanguage\":\"es\",\"potentialAction\":[{\"@type\":\"ReadAction\",\"target\":[\"https:\/\/lobosnews.com.ar\/index.php\/2026\/03\/08\/checo-perez-volvio-a-la-formula-1-y-aseguro-nunca-me-fui\/\"]}]},{\"@type\":\"ImageObject\",\"inLanguage\":\"es\",\"@id\":\"https:\/\/lobosnews.com.ar\/index.php\/2026\/03\/08\/checo-perez-volvio-a-la-formula-1-y-aseguro-nunca-me-fui\/#primaryimage\",\"url\":\"https:\/\/lobosnews.com.ar\/wp-content\/uploads\/2026\/03\/checo-perez-volvio-a-la-formula-1-y-aseguro-nunca-me-fui.jpg\",\"contentUrl\":\"https:\/\/lobosnews.com.ar\/wp-content\/uploads\/2026\/03\/checo-perez-volvio-a-la-formula-1-y-aseguro-nunca-me-fui.jpg\"},{\"@type\":\"BreadcrumbList\",\"@id\":\"https:\/\/lobosnews.com.ar\/index.php\/2026\/03\/08\/checo-perez-volvio-a-la-formula-1-y-aseguro-nunca-me-fui\/#breadcrumb\",\"itemListElement\":[{\"@type\":\"ListItem\",\"position\":1,\"name\":\"Portada\",\"item\":\"https:\/\/lobosnews.com.ar\/\"},{\"@type\":\"ListItem\",\"position\":2,\"name\":\"Checo P\u00e9rez volvi\u00f3 a la F\u00f3rmula 1 y asegur\u00f3: \u201cNunca me fui\u201d\"}]},{\"@type\":\"WebSite\",\"@id\":\"https:\/\/lobosnews.com.ar\/#website\",\"url\":\"https:\/\/lobosnews.com.ar\/\",\"name\":\"Lobos News\",\"description\":\"Informaci\u00f3n a cada instante\",\"publisher\":{\"@id\":\"https:\/\/lobosnews.com.ar\/#organization\"},\"potentialAction\":[{\"@type\":\"SearchAction\",\"target\":{\"@type\":\"EntryPoint\",\"urlTemplate\":\"https:\/\/lobosnews.com.ar\/?s={search_term_string}\"},\"query-input\":{\"@type\":\"PropertyValueSpecification\",\"valueRequired\":true,\"valueName\":\"search_term_string\"}}],\"inLanguage\":\"es\"},{\"@type\":\"Organization\",\"@id\":\"https:\/\/lobosnews.com.ar\/#organization\",\"name\":\"Lobos News\",\"url\":\"https:\/\/lobosnews.com.ar\/\",\"logo\":{\"@type\":\"ImageObject\",\"inLanguage\":\"es\",\"@id\":\"https:\/\/lobosnews.com.ar\/#\/schema\/logo\/image\/\",\"url\":\"https:\/\/lobosnews.com.ar\/wp-content\/uploads\/2026\/01\/logo-lobosnews.png\",\"contentUrl\":\"https:\/\/lobosnews.com.ar\/wp-content\/uploads\/2026\/01\/logo-lobosnews.png\",\"width\":500,\"height\":200,\"caption\":\"Lobos News\"},\"image\":{\"@id\":\"https:\/\/lobosnews.com.ar\/#\/schema\/logo\/image\/\"}},{\"@type\":\"Person\",\"@id\":\"https:\/\/lobosnews.com.ar\/#\/schema\/person\/232422a593d5c541dd9aef6aaed10943\",\"name\":\"admin\",\"image\":{\"@type\":\"ImageObject\",\"inLanguage\":\"es\",\"@id\":\"https:\/\/lobosnews.com.ar\/#\/schema\/person\/image\/\",\"url\":\"https:\/\/secure.gravatar.com\/avatar\/76e419471a2083bc3ceab22a763dbbf9b0c1bd15a6214cf3280e2c2dde4580f9?s=96&d=mm&r=g\",\"contentUrl\":\"https:\/\/secure.gravatar.com\/avatar\/76e419471a2083bc3ceab22a763dbbf9b0c1bd15a6214cf3280e2c2dde4580f9?s=96&d=mm&r=g\",\"caption\":\"admin\"},\"sameAs\":[\"https:\/\/lobosnews.com.ar\"],\"url\":\"https:\/\/lobosnews.com.ar\/index.php\/author\/lobos-news\/\"}]}<\/script>\n<!-- \/ Yoast SEO plugin. -->","yoast_head_json":{"title":"Checo P\u00e9rez volvi\u00f3 a la F\u00f3rmula 1 y asegur\u00f3: \u201cNunca me fui\u201d - Lobos News","robots":{"index":"index","follow":"follow","max-snippet":"max-snippet:-1","max-image-preview":"max-image-preview:large","max-video-preview":"max-video-preview:-1"},"canonical":"https:\/\/lobosnews.com.ar\/index.php\/2026\/03\/08\/checo-perez-volvio-a-la-formula-1-y-aseguro-nunca-me-fui\/","og_locale":"es_ES","og_type":"article","og_title":"Checo P\u00e9rez volvi\u00f3 a la F\u00f3rmula 1 y asegur\u00f3: \u201cNunca me fui\u201d - Lobos News","og_description":"El piloto mexicano Checo P\u00e9rez regres\u00f3 al campeonato junto a la legendaria marca de autos americanos Cadillac Formula 1 Team tras su paso por la m\u00e1xima categor\u00eda. Durante una entrevista en \u00c1msterdam con la revista de estilo GQ M\u00e9xico y Latinoam\u00e9rica, el corredor analiz\u00f3 el significado de su vuelta a la F\u00f3rmula 1. \u201cEstoy listo\u201d,...","og_url":"https:\/\/lobosnews.com.ar\/index.php\/2026\/03\/08\/checo-perez-volvio-a-la-formula-1-y-aseguro-nunca-me-fui\/","og_site_name":"Lobos News","article_published_time":"2026-03-08T18:41:51+00:00","article_modified_time":"2026-03-08T20:25:11+00:00","og_image":[{"url":"https:\/\/lobosnews.com.ar\/wp-content\/uploads\/2026\/03\/checo-perez-volvio-a-la-formula-1-y-aseguro-nunca-me-fui.jpg","type":"","width":"","height":""}],"author":"admin","twitter_card":"summary_large_image","twitter_misc":{"Escrito por":"admin","Tiempo de lectura":"4 minutos"},"schema":{"@context":"https:\/\/schema.org","@graph":[{"@type":"Article","@id":"https:\/\/lobosnews.com.ar\/index.php\/2026\/03\/08\/checo-perez-volvio-a-la-formula-1-y-aseguro-nunca-me-fui\/#article","isPartOf":{"@id":"https:\/\/lobosnews.com.ar\/index.php\/2026\/03\/08\/checo-perez-volvio-a-la-formula-1-y-aseguro-nunca-me-fui\/"},"author":{"name":"admin","@id":"https:\/\/lobosnews.com.ar\/#\/schema\/person\/232422a593d5c541dd9aef6aaed10943"},"headline":"Checo P\u00e9rez volvi\u00f3 a la F\u00f3rmula 1 y asegur\u00f3: \u201cNunca me fui\u201d","datePublished":"2026-03-08T18:41:51+00:00","dateModified":"2026-03-08T20:25:11+00:00","mainEntityOfPage":{"@id":"https:\/\/lobosnews.com.ar\/index.php\/2026\/03\/08\/checo-perez-volvio-a-la-formula-1-y-aseguro-nunca-me-fui\/"},"wordCount":903,"commentCount":0,"publisher":{"@id":"https:\/\/lobosnews.com.ar\/#organization"},"image":{"@id":"https:\/\/lobosnews.com.ar\/index.php\/2026\/03\/08\/checo-perez-volvio-a-la-formula-1-y-aseguro-nunca-me-fui\/#primaryimage"},"thumbnailUrl":"https:\/\/lobosnews.com.ar\/wp-content\/uploads\/2026\/03\/checo-perez-volvio-a-la-formula-1-y-aseguro-nunca-me-fui.jpg","keywords":["Deportes"],"articleSection":["Argentina"],"inLanguage":"es","potentialAction":[{"@type":"CommentAction","name":"Comment","target":["https:\/\/lobosnews.com.ar\/index.php\/2026\/03\/08\/checo-perez-volvio-a-la-formula-1-y-aseguro-nunca-me-fui\/#respond"]}]},{"@type":"WebPage","@id":"https:\/\/lobosnews.com.ar\/index.php\/2026\/03\/08\/checo-perez-volvio-a-la-formula-1-y-aseguro-nunca-me-fui\/","url":"https:\/\/lobosnews.com.ar\/index.php\/2026\/03\/08\/checo-perez-volvio-a-la-formula-1-y-aseguro-nunca-me-fui\/","name":"Checo P\u00e9rez volvi\u00f3 a la F\u00f3rmula 1 y asegur\u00f3: \u201cNunca me fui\u201d - Lobos News","isPartOf":{"@id":"https:\/\/lobosnews.com.ar\/#website"},"primaryImageOfPage":{"@id":"https:\/\/lobosnews.com.ar\/index.php\/2026\/03\/08\/checo-perez-volvio-a-la-formula-1-y-aseguro-nunca-me-fui\/#primaryimage"},"image":{"@id":"https:\/\/lobosnews.com.ar\/index.php\/2026\/03\/08\/checo-perez-volvio-a-la-formula-1-y-aseguro-nunca-me-fui\/#primaryimage"},"thumbnailUrl":"https:\/\/lobosnews.com.ar\/wp-content\/uploads\/2026\/03\/checo-perez-volvio-a-la-formula-1-y-aseguro-nunca-me-fui.jpg","datePublished":"2026-03-08T18:41:51+00:00","dateModified":"2026-03-08T20:25:11+00:00","breadcrumb":{"@id":"https:\/\/lobosnews.com.ar\/index.php\/2026\/03\/08\/checo-perez-volvio-a-la-formula-1-y-aseguro-nunca-me-fui\/#breadcrumb"},"inLanguage":"es","potentialAction":[{"@type":"ReadAction","target":["https:\/\/lobosnews.com.ar\/index.php\/2026\/03\/08\/checo-perez-volvio-a-la-formula-1-y-aseguro-nunca-me-fui\/"]}]},{"@type":"ImageObject","inLanguage":"es","@id":"https:\/\/lobosnews.com.ar\/index.php\/2026\/03\/08\/checo-perez-volvio-a-la-formula-1-y-aseguro-nunca-me-fui\/#primaryimage","url":"https:\/\/lobosnews.com.ar\/wp-content\/uploads\/2026\/03\/checo-perez-volvio-a-la-formula-1-y-aseguro-nunca-me-fui.jpg","contentUrl":"https:\/\/lobosnews.com.ar\/wp-content\/uploads\/2026\/03\/checo-perez-volvio-a-la-formula-1-y-aseguro-nunca-me-fui.jpg"},{"@type":"BreadcrumbList","@id":"https:\/\/lobosnews.com.ar\/index.php\/2026\/03\/08\/checo-perez-volvio-a-la-formula-1-y-aseguro-nunca-me-fui\/#breadcrumb","itemListElement":[{"@type":"ListItem","position":1,"name":"Portada","item":"https:\/\/lobosnews.com.ar\/"},{"@type":"ListItem","position":2,"name":"Checo P\u00e9rez volvi\u00f3 a la F\u00f3rmula 1 y asegur\u00f3: \u201cNunca me fui\u201d"}]},{"@type":"WebSite","@id":"https:\/\/lobosnews.com.ar\/#website","url":"https:\/\/lobosnews.com.ar\/","name":"Lobos News","description":"Informaci\u00f3n a cada instante","publisher":{"@id":"https:\/\/lobosnews.com.ar\/#organization"},"potentialAction":[{"@type":"SearchAction","target":{"@type":"EntryPoint","urlTemplate":"https:\/\/lobosnews.com.ar\/?s={search_term_string}"},"query-input":{"@type":"PropertyValueSpecification","valueRequired":true,"valueName":"search_term_string"}}],"inLanguage":"es"},{"@type":"Organization","@id":"https:\/\/lobosnews.com.ar\/#organization","name":"Lobos News","url":"https:\/\/lobosnews.com.ar\/","logo":{"@type":"ImageObject","inLanguage":"es","@id":"https:\/\/lobosnews.com.ar\/#\/schema\/logo\/image\/","url":"https:\/\/lobosnews.com.ar\/wp-content\/uploads\/2026\/01\/logo-lobosnews.png","contentUrl":"https:\/\/lobosnews.com.ar\/wp-content\/uploads\/2026\/01\/logo-lobosnews.png","width":500,"height":200,"caption":"Lobos News"},"image":{"@id":"https:\/\/lobosnews.com.ar\/#\/schema\/logo\/image\/"}},{"@type":"Person","@id":"https:\/\/lobosnews.com.ar\/#\/schema\/person\/232422a593d5c541dd9aef6aaed10943","name":"admin","image":{"@type":"ImageObject","inLanguage":"es","@id":"https:\/\/lobosnews.com.ar\/#\/schema\/person\/image\/","url":"https:\/\/secure.gravatar.com\/avatar\/76e419471a2083bc3ceab22a763dbbf9b0c1bd15a6214cf3280e2c2dde4580f9?s=96&d=mm&r=g","contentUrl":"https:\/\/secure.gravatar.com\/avatar\/76e419471a2083bc3ceab22a763dbbf9b0c1bd15a6214cf3280e2c2dde4580f9?s=96&d=mm&r=g","caption":"admin"},"sameAs":["https:\/\/lobosnews.com.ar"],"url":"https:\/\/lobosnews.com.ar\/index.php\/author\/lobos-news\/"}]}},"jetpack_featured_media_url":"","jetpack_sharing_enabled":true,"_links":{"self":[{"href":"https:\/\/lobosnews.com.ar\/index.php\/wp-json\/wp\/v2\/posts\/30878","targetHints":{"allow":["GET"]}}],"collection":[{"href":"https:\/\/lobosnews.com.ar\/index.php\/wp-json\/wp\/v2\/posts"}],"about":[{"href":"https:\/\/lobosnews.com.ar\/index.php\/wp-json\/wp\/v2\/types\/post"}],"author":[{"embeddable":true,"href":"https:\/\/lobosnews.com.ar\/index.php\/wp-json\/wp\/v2\/users\/1"}],"replies":[{"embeddable":true,"href":"https:\/\/lobosnews.com.ar\/index.php\/wp-json\/wp\/v2\/comments?post=30878"}],"version-history":[{"count":1,"href":"https:\/\/lobosnews.com.ar\/index.php\/wp-json\/wp\/v2\/posts\/30878\/revisions"}],"predecessor-version":[{"id":30885,"href":"https:\/\/lobosnews.com.ar\/index.php\/wp-json\/wp\/v2\/posts\/30878\/revisions\/30885"}],"wp:attachment":[{"href":"https:\/\/lobosnews.com.ar\/index.php\/wp-json\/wp\/v2\/media?parent=30878"}],"wp:term":[{"taxonomy":"category","embeddable":true,"href":"https:\/\/lobosnews.com.ar\/index.php\/wp-json\/wp\/v2\/categories?post=30878"},{"taxonomy":"post_tag","embeddable":true,"href":"https:\/\/lobosnews.com.ar\/index.php\/wp-json\/wp\/v2\/tags?post=30878"}],"curies":[{"name":"wp","href":"https:\/\/api.w.org\/{rel}","templated":true}]}}