{"id":30871,"date":"2026-03-08T19:41:20","date_gmt":"2026-03-08T19:41:20","guid":{"rendered":"https:\/\/lobosnews.com.ar\/index.php\/2026\/03\/08\/la-sentencia-de-una-ex-figura-de-river-sobre-la-posible-llegada-de-icardi-que-no-me-jodan-con-los-quilombos-que-tiene-con-la-mujer\/"},"modified":"2026-03-08T20:24:57","modified_gmt":"2026-03-08T20:24:57","slug":"la-sentencia-de-una-ex-figura-de-river-sobre-la-posible-llegada-de-icardi-que-no-me-jodan-con-los-quilombos-que-tiene-con-la-mujer","status":"publish","type":"post","link":"https:\/\/lobosnews.com.ar\/index.php\/2026\/03\/08\/la-sentencia-de-una-ex-figura-de-river-sobre-la-posible-llegada-de-icardi-que-no-me-jodan-con-los-quilombos-que-tiene-con-la-mujer\/","title":{"rendered":"La sentencia de una ex figura de River sobre la posible llegada de Icardi: \u201cQue no me jodan con los quilombos que tiene con la mujer\u201d"},"content":{"rendered":"<p><b>Omar Labruna<\/b>, ex ayudante de campo de <b>Ram\u00f3n D\u00edaz<\/b> e hijo del legendario <b>\u00c1ngel Labruna<\/b>, manifest\u00f3 en el programa de streaming <i>La Banda de LPM<\/i> su deseo de que <b>Mauro Icardi<\/b> se sume como refuerzo a <b>River Plate. <\/b> El delantero, actualmente en el <b>Galatasaray<\/b>, quedar\u00e1 libre en <b>Turqu\u00eda el 30 de junio<\/b>. <\/p>\n<p>Pese a los debates que suelen rodear su figura fuera del campo, Labruna enfatiz\u00f3 el valor futbol\u00edstico de Icardi: \u201cYo veo que tiene las caracter\u00edsticas para ser el nueve de River. Es un nueve de categor\u00eda, un nueve goleador y un nueve que se sabe tambi\u00e9n tirar atr\u00e1s para jugar\u201d. Y agreg\u00f3: \u201cMe encantar\u00eda que venga a River\u201d.<\/p>\n<p>Labruna fue enf\u00e1tico al separar la vida privada del jugador de su rendimiento profesional: \u201cQue no me jodan con los quilombos que tiene con la mujer, ex mujer, con la actual\u2026 Yo lo veo en el fondo que es un buen chico. A veces capaz que se prende a esas chicanas de los ida y vuelta, pero yo lo veo que como profesional, es un buen profesional\u201d.<\/p>\n<p><img fetchpriority=\"high\" decoding=\"async\" src=\"https:\/\/lobosnews.com.ar\/wp-content\/uploads\/2026\/03\/la-sentencia-de-una-ex-figura-de-river-sobre-la-posible-llegada-de-icardi-que-no-me-jodan-con-los-quilombos-que-tiene-con-la-mujer.jpg\" alt=\"Icardi est\u00e1 en el radar de River (Copyright: xBSRxAgencyx (Grosby))\" height=\"1080\" width=\"1920\"\/><\/p>\n<p>El ex volante, que integr\u00f3 el plantel de River entre 1976 y 1981, admiti\u00f3 cierta preocupaci\u00f3n por la condici\u00f3n f\u00edsica reciente del delantero, pero matiz\u00f3: \u201cEstuvo mucho tiempo con una lesi\u00f3n\u201d. De igual modo, Labruna opin\u00f3 que los problemas personales de Icardi son expuestos permanentemente: \u201cLos problemas familiares uno los tiene, lo que pasa es que con \u00e9l siempre sali\u00f3 a la luz\u201d.<\/p>\n<p>En medio de la especulaci\u00f3n, los n\u00fameros de Icardi en la presente campa\u00f1a resultan significativos. Tras recuperarse de una rotura de ligamentos, el rosarino sum\u00f3 <b>1.674 minutos<\/b> en <b>37 partidos oficiales<\/b> con la camiseta de <b>Galatasaray<\/b>, marcando <b>15 goles<\/b> y brindando <b>2 asistencias<\/b>, una producci\u00f3n que refuerza el inter\u00e9s y las expectativas en torno a su figura.<\/p>\n<p>La opini\u00f3n de <b>Omar Labruna<\/b> se suma a los rumores que vinculan al atacante argentino con el club de N\u00fa\u00f1ez, tras la salida de <b>Mat\u00edas Galarza Fonda<\/b> a la <b>MLS<\/b> y ante la intenci\u00f3n de <b>Eduardo Coudet<\/b> de incorporar un centrodelantero en el pr\u00f3ximo mercado de pases.<\/p>\n<p>En la misma sinton\u00eda, <b>Oscar Ruggeri<\/b> <span class=\"waslinkname\">sostuvo que Icardi ser\u00eda el atacante ideal para el club<\/span>. \u201cEs el nueve que me encanta para River. Es goleador y adem\u00e1s juega bien. Lo quiero en River, ese es (jugador)\u201d, afirm\u00f3 el ex defensor en el programa <i>F90<\/i> de <i>ESPN.<\/i><\/p>\n<p>En sus declaraciones, Ruggeri tambi\u00e9n minimiz\u00f3 la relevancia de los conflictos personales del futbolista, al afirmar: <b>\u201cViene a River y se ordena todo\u201d<\/b>. La continuidad de los v\u00ednculos entre el entorno de <b>Icardi<\/b> y <b>River Plate<\/b> fue respaldada por el periodista <b>Gustavo Yarroch<\/b>, quien explic\u00f3 que los primeros contactos se produjeron bajo la presidencia de <b>Jorge Brito<\/b>, debido a que los hijos de ambos asist\u00edan al mismo colegio.<\/p>\n<p>Seg\u00fan Yarroch, <b>Icardi<\/b> manifest\u00f3 su disposici\u00f3n para sumarse al equipo antes de la lesi\u00f3n de ligamentos cruzados que sufri\u00f3 en la rodilla, de la que <b>se recuper\u00f3 recientemente<\/b>. El periodista puntualiz\u00f3 que <b>\u201cnadie lo quiere descartar\u201d<\/b> y que el presidente actual, <b>Stefano Di Carlo<\/b>, no neg\u00f3 la viabilidad de la operaci\u00f3n, aunque evit\u00f3 dar certezas al respecto.<\/p>\n<p>En su presentaci\u00f3n como director t\u00e9cnico, <b>Coudet<\/b> destac\u00f3 su estilo de juego directo y f\u00edsico: <b>\u201cMe gusta que sean protagonistas, que sean muy f\u00edsicos y agresivos, que miren siempre el arco de enfrente\u201d<\/b>. Adem\u00e1s, el flamante DT valor\u00f3 positivamente al plantel y sugiri\u00f3 que no solicitar\u00e1 refuerzos de forma inmediata, mientras que <b>Di Carlo<\/b> se\u00f1al\u00f3 que el club observa oportunidades tanto en la ventana actual de transferencias como en el pr\u00f3ximo mercado, sin excluir ninguna posibilidad.<\/p>\n","protected":false},"excerpt":{"rendered":"<p>Omar Labruna, ex ayudante de campo de Ram\u00f3n D\u00edaz e hijo del legendario \u00c1ngel Labruna, manifest\u00f3 en el programa de streaming La Banda de LPM su deseo de que Mauro Icardi se sume como refuerzo a River Plate. El delantero, actualmente en el Galatasaray, quedar\u00e1 libre en Turqu\u00eda el 30 de junio. Pese a los&#8230;<\/p>\n","protected":false},"author":1,"featured_media":0,"comment_status":"open","ping_status":"closed","sticky":false,"template":"","format":"standard","meta":{"_jetpack_memberships_contains_paid_content":false,"footnotes":""},"categories":[30],"tags":[39],"class_list":["post-30871","post","type-post","status-publish","format-standard","hentry","category-argentina","tag-deportes"],"magazineBlocksPostFeaturedMedia":{"thumbnail":false,"medium":false,"medium_large":false,"large":false,"1536x1536":false,"2048x2048":false,"newsmatic-featured":false,"newsmatic-list":false,"newsmatic-thumb":false,"newsmatic-small":false,"newsmatic-grid":false},"magazineBlocksPostAuthor":{"name":"admin","avatar":"https:\/\/secure.gravatar.com\/avatar\/76e419471a2083bc3ceab22a763dbbf9b0c1bd15a6214cf3280e2c2dde4580f9?s=96&d=mm&r=g"},"magazineBlocksPostCommentsNumber":"0","magazineBlocksPostExcerpt":"Omar Labruna, ex ayudante de campo de Ram\u00f3n D\u00edaz e hijo del legendario \u00c1ngel Labruna, manifest\u00f3 en el programa de streaming La Banda de LPM su deseo de que Mauro Icardi se sume como refuerzo a River Plate. El delantero, actualmente en el Galatasaray, quedar\u00e1 libre en Turqu\u00eda el 30 de junio. Pese a los...","magazineBlocksPostCategories":["Argentina"],"magazineBlocksPostViewCount":73,"magazineBlocksPostReadTime":4,"magazine_blocks_featured_image_url":{"full":false,"medium":false,"thumbnail":false},"magazine_blocks_author":{"display_name":"admin","author_link":"https:\/\/lobosnews.com.ar\/index.php\/author\/lobos-news\/"},"magazine_blocks_comment":0,"magazine_blocks_author_image":"https:\/\/secure.gravatar.com\/avatar\/76e419471a2083bc3ceab22a763dbbf9b0c1bd15a6214cf3280e2c2dde4580f9?s=96&d=mm&r=g","magazine_blocks_category":"<a href=\"#\" class=\"category-link category-link-30\">Argentina<\/a>","yoast_head":"<!-- This site is optimized with the Yoast SEO plugin v26.6 - https:\/\/yoast.com\/wordpress\/plugins\/seo\/ -->\n<title>La sentencia de una ex figura de River sobre la posible llegada de Icardi: \u201cQue no me jodan con los quilombos que tiene con la mujer\u201d - Lobos News<\/title>\n<meta name=\"robots\" content=\"index, follow, max-snippet:-1, max-image-preview:large, max-video-preview:-1\" \/>\n<link rel=\"canonical\" href=\"https:\/\/lobosnews.com.ar\/index.php\/2026\/03\/08\/la-sentencia-de-una-ex-figura-de-river-sobre-la-posible-llegada-de-icardi-que-no-me-jodan-con-los-quilombos-que-tiene-con-la-mujer\/\" \/>\n<meta property=\"og:locale\" content=\"es_ES\" \/>\n<meta property=\"og:type\" content=\"article\" \/>\n<meta property=\"og:title\" content=\"La sentencia de una ex figura de River sobre la posible llegada de Icardi: \u201cQue no me jodan con los quilombos que tiene con la mujer\u201d - Lobos News\" \/>\n<meta property=\"og:description\" content=\"Omar Labruna, ex ayudante de campo de Ram\u00f3n D\u00edaz e hijo del legendario \u00c1ngel Labruna, manifest\u00f3 en el programa de streaming La Banda de LPM su deseo de que Mauro Icardi se sume como refuerzo a River Plate. El delantero, actualmente en el Galatasaray, quedar\u00e1 libre en Turqu\u00eda el 30 de junio. Pese a los...\" \/>\n<meta property=\"og:url\" content=\"https:\/\/lobosnews.com.ar\/index.php\/2026\/03\/08\/la-sentencia-de-una-ex-figura-de-river-sobre-la-posible-llegada-de-icardi-que-no-me-jodan-con-los-quilombos-que-tiene-con-la-mujer\/\" \/>\n<meta property=\"og:site_name\" content=\"Lobos News\" \/>\n<meta property=\"article:published_time\" content=\"2026-03-08T19:41:20+00:00\" \/>\n<meta property=\"article:modified_time\" content=\"2026-03-08T20:24:57+00:00\" \/>\n<meta property=\"og:image\" content=\"https:\/\/lobosnews.com.ar\/wp-content\/uploads\/2026\/03\/la-sentencia-de-una-ex-figura-de-river-sobre-la-posible-llegada-de-icardi-que-no-me-jodan-con-los-quilombos-que-tiene-con-la-mujer.jpg\" \/>\n<meta name=\"author\" content=\"admin\" \/>\n<meta name=\"twitter:card\" content=\"summary_large_image\" \/>\n<meta name=\"twitter:label1\" content=\"Escrito por\" \/>\n\t<meta name=\"twitter:data1\" content=\"admin\" \/>\n\t<meta name=\"twitter:label2\" content=\"Tiempo de lectura\" \/>\n\t<meta name=\"twitter:data2\" content=\"3 minutos\" \/>\n<script type=\"application\/ld+json\" class=\"yoast-schema-graph\">{\"@context\":\"https:\/\/schema.org\",\"@graph\":[{\"@type\":\"Article\",\"@id\":\"https:\/\/lobosnews.com.ar\/index.php\/2026\/03\/08\/la-sentencia-de-una-ex-figura-de-river-sobre-la-posible-llegada-de-icardi-que-no-me-jodan-con-los-quilombos-que-tiene-con-la-mujer\/#article\",\"isPartOf\":{\"@id\":\"https:\/\/lobosnews.com.ar\/index.php\/2026\/03\/08\/la-sentencia-de-una-ex-figura-de-river-sobre-la-posible-llegada-de-icardi-que-no-me-jodan-con-los-quilombos-que-tiene-con-la-mujer\/\"},\"author\":{\"name\":\"admin\",\"@id\":\"https:\/\/lobosnews.com.ar\/#\/schema\/person\/232422a593d5c541dd9aef6aaed10943\"},\"headline\":\"La sentencia de una ex figura de River sobre la posible llegada de Icardi: \u201cQue no me jodan con los quilombos que tiene con la mujer\u201d\",\"datePublished\":\"2026-03-08T19:41:20+00:00\",\"dateModified\":\"2026-03-08T20:24:57+00:00\",\"mainEntityOfPage\":{\"@id\":\"https:\/\/lobosnews.com.ar\/index.php\/2026\/03\/08\/la-sentencia-de-una-ex-figura-de-river-sobre-la-posible-llegada-de-icardi-que-no-me-jodan-con-los-quilombos-que-tiene-con-la-mujer\/\"},\"wordCount\":652,\"commentCount\":0,\"publisher\":{\"@id\":\"https:\/\/lobosnews.com.ar\/#organization\"},\"image\":{\"@id\":\"https:\/\/lobosnews.com.ar\/index.php\/2026\/03\/08\/la-sentencia-de-una-ex-figura-de-river-sobre-la-posible-llegada-de-icardi-que-no-me-jodan-con-los-quilombos-que-tiene-con-la-mujer\/#primaryimage\"},\"thumbnailUrl\":\"https:\/\/lobosnews.com.ar\/wp-content\/uploads\/2026\/03\/la-sentencia-de-una-ex-figura-de-river-sobre-la-posible-llegada-de-icardi-que-no-me-jodan-con-los-quilombos-que-tiene-con-la-mujer.jpg\",\"keywords\":[\"Deportes\"],\"articleSection\":[\"Argentina\"],\"inLanguage\":\"es\",\"potentialAction\":[{\"@type\":\"CommentAction\",\"name\":\"Comment\",\"target\":[\"https:\/\/lobosnews.com.ar\/index.php\/2026\/03\/08\/la-sentencia-de-una-ex-figura-de-river-sobre-la-posible-llegada-de-icardi-que-no-me-jodan-con-los-quilombos-que-tiene-con-la-mujer\/#respond\"]}]},{\"@type\":\"WebPage\",\"@id\":\"https:\/\/lobosnews.com.ar\/index.php\/2026\/03\/08\/la-sentencia-de-una-ex-figura-de-river-sobre-la-posible-llegada-de-icardi-que-no-me-jodan-con-los-quilombos-que-tiene-con-la-mujer\/\",\"url\":\"https:\/\/lobosnews.com.ar\/index.php\/2026\/03\/08\/la-sentencia-de-una-ex-figura-de-river-sobre-la-posible-llegada-de-icardi-que-no-me-jodan-con-los-quilombos-que-tiene-con-la-mujer\/\",\"name\":\"La sentencia de una ex figura de River sobre la posible llegada de Icardi: \u201cQue no me jodan con los quilombos que tiene con la mujer\u201d - Lobos News\",\"isPartOf\":{\"@id\":\"https:\/\/lobosnews.com.ar\/#website\"},\"primaryImageOfPage\":{\"@id\":\"https:\/\/lobosnews.com.ar\/index.php\/2026\/03\/08\/la-sentencia-de-una-ex-figura-de-river-sobre-la-posible-llegada-de-icardi-que-no-me-jodan-con-los-quilombos-que-tiene-con-la-mujer\/#primaryimage\"},\"image\":{\"@id\":\"https:\/\/lobosnews.com.ar\/index.php\/2026\/03\/08\/la-sentencia-de-una-ex-figura-de-river-sobre-la-posible-llegada-de-icardi-que-no-me-jodan-con-los-quilombos-que-tiene-con-la-mujer\/#primaryimage\"},\"thumbnailUrl\":\"https:\/\/lobosnews.com.ar\/wp-content\/uploads\/2026\/03\/la-sentencia-de-una-ex-figura-de-river-sobre-la-posible-llegada-de-icardi-que-no-me-jodan-con-los-quilombos-que-tiene-con-la-mujer.jpg\",\"datePublished\":\"2026-03-08T19:41:20+00:00\",\"dateModified\":\"2026-03-08T20:24:57+00:00\",\"breadcrumb\":{\"@id\":\"https:\/\/lobosnews.com.ar\/index.php\/2026\/03\/08\/la-sentencia-de-una-ex-figura-de-river-sobre-la-posible-llegada-de-icardi-que-no-me-jodan-con-los-quilombos-que-tiene-con-la-mujer\/#breadcrumb\"},\"inLanguage\":\"es\",\"potentialAction\":[{\"@type\":\"ReadAction\",\"target\":[\"https:\/\/lobosnews.com.ar\/index.php\/2026\/03\/08\/la-sentencia-de-una-ex-figura-de-river-sobre-la-posible-llegada-de-icardi-que-no-me-jodan-con-los-quilombos-que-tiene-con-la-mujer\/\"]}]},{\"@type\":\"ImageObject\",\"inLanguage\":\"es\",\"@id\":\"https:\/\/lobosnews.com.ar\/index.php\/2026\/03\/08\/la-sentencia-de-una-ex-figura-de-river-sobre-la-posible-llegada-de-icardi-que-no-me-jodan-con-los-quilombos-que-tiene-con-la-mujer\/#primaryimage\",\"url\":\"https:\/\/lobosnews.com.ar\/wp-content\/uploads\/2026\/03\/la-sentencia-de-una-ex-figura-de-river-sobre-la-posible-llegada-de-icardi-que-no-me-jodan-con-los-quilombos-que-tiene-con-la-mujer.jpg\",\"contentUrl\":\"https:\/\/lobosnews.com.ar\/wp-content\/uploads\/2026\/03\/la-sentencia-de-una-ex-figura-de-river-sobre-la-posible-llegada-de-icardi-que-no-me-jodan-con-los-quilombos-que-tiene-con-la-mujer.jpg\"},{\"@type\":\"BreadcrumbList\",\"@id\":\"https:\/\/lobosnews.com.ar\/index.php\/2026\/03\/08\/la-sentencia-de-una-ex-figura-de-river-sobre-la-posible-llegada-de-icardi-que-no-me-jodan-con-los-quilombos-que-tiene-con-la-mujer\/#breadcrumb\",\"itemListElement\":[{\"@type\":\"ListItem\",\"position\":1,\"name\":\"Portada\",\"item\":\"https:\/\/lobosnews.com.ar\/\"},{\"@type\":\"ListItem\",\"position\":2,\"name\":\"La sentencia de una ex figura de River sobre la posible llegada de Icardi: \u201cQue no me jodan con los quilombos que tiene con la mujer\u201d\"}]},{\"@type\":\"WebSite\",\"@id\":\"https:\/\/lobosnews.com.ar\/#website\",\"url\":\"https:\/\/lobosnews.com.ar\/\",\"name\":\"Lobos News\",\"description\":\"Informaci\u00f3n a cada instante\",\"publisher\":{\"@id\":\"https:\/\/lobosnews.com.ar\/#organization\"},\"potentialAction\":[{\"@type\":\"SearchAction\",\"target\":{\"@type\":\"EntryPoint\",\"urlTemplate\":\"https:\/\/lobosnews.com.ar\/?s={search_term_string}\"},\"query-input\":{\"@type\":\"PropertyValueSpecification\",\"valueRequired\":true,\"valueName\":\"search_term_string\"}}],\"inLanguage\":\"es\"},{\"@type\":\"Organization\",\"@id\":\"https:\/\/lobosnews.com.ar\/#organization\",\"name\":\"Lobos News\",\"url\":\"https:\/\/lobosnews.com.ar\/\",\"logo\":{\"@type\":\"ImageObject\",\"inLanguage\":\"es\",\"@id\":\"https:\/\/lobosnews.com.ar\/#\/schema\/logo\/image\/\",\"url\":\"https:\/\/lobosnews.com.ar\/wp-content\/uploads\/2026\/01\/logo-lobosnews.png\",\"contentUrl\":\"https:\/\/lobosnews.com.ar\/wp-content\/uploads\/2026\/01\/logo-lobosnews.png\",\"width\":500,\"height\":200,\"caption\":\"Lobos News\"},\"image\":{\"@id\":\"https:\/\/lobosnews.com.ar\/#\/schema\/logo\/image\/\"}},{\"@type\":\"Person\",\"@id\":\"https:\/\/lobosnews.com.ar\/#\/schema\/person\/232422a593d5c541dd9aef6aaed10943\",\"name\":\"admin\",\"image\":{\"@type\":\"ImageObject\",\"inLanguage\":\"es\",\"@id\":\"https:\/\/lobosnews.com.ar\/#\/schema\/person\/image\/\",\"url\":\"https:\/\/secure.gravatar.com\/avatar\/76e419471a2083bc3ceab22a763dbbf9b0c1bd15a6214cf3280e2c2dde4580f9?s=96&d=mm&r=g\",\"contentUrl\":\"https:\/\/secure.gravatar.com\/avatar\/76e419471a2083bc3ceab22a763dbbf9b0c1bd15a6214cf3280e2c2dde4580f9?s=96&d=mm&r=g\",\"caption\":\"admin\"},\"sameAs\":[\"https:\/\/lobosnews.com.ar\"],\"url\":\"https:\/\/lobosnews.com.ar\/index.php\/author\/lobos-news\/\"}]}<\/script>\n<!-- \/ Yoast SEO plugin. -->","yoast_head_json":{"title":"La sentencia de una ex figura de River sobre la posible llegada de Icardi: \u201cQue no me jodan con los quilombos que tiene con la mujer\u201d - Lobos News","robots":{"index":"index","follow":"follow","max-snippet":"max-snippet:-1","max-image-preview":"max-image-preview:large","max-video-preview":"max-video-preview:-1"},"canonical":"https:\/\/lobosnews.com.ar\/index.php\/2026\/03\/08\/la-sentencia-de-una-ex-figura-de-river-sobre-la-posible-llegada-de-icardi-que-no-me-jodan-con-los-quilombos-que-tiene-con-la-mujer\/","og_locale":"es_ES","og_type":"article","og_title":"La sentencia de una ex figura de River sobre la posible llegada de Icardi: \u201cQue no me jodan con los quilombos que tiene con la mujer\u201d - Lobos News","og_description":"Omar Labruna, ex ayudante de campo de Ram\u00f3n D\u00edaz e hijo del legendario \u00c1ngel Labruna, manifest\u00f3 en el programa de streaming La Banda de LPM su deseo de que Mauro Icardi se sume como refuerzo a River Plate. El delantero, actualmente en el Galatasaray, quedar\u00e1 libre en Turqu\u00eda el 30 de junio. Pese a los...","og_url":"https:\/\/lobosnews.com.ar\/index.php\/2026\/03\/08\/la-sentencia-de-una-ex-figura-de-river-sobre-la-posible-llegada-de-icardi-que-no-me-jodan-con-los-quilombos-que-tiene-con-la-mujer\/","og_site_name":"Lobos News","article_published_time":"2026-03-08T19:41:20+00:00","article_modified_time":"2026-03-08T20:24:57+00:00","og_image":[{"url":"https:\/\/lobosnews.com.ar\/wp-content\/uploads\/2026\/03\/la-sentencia-de-una-ex-figura-de-river-sobre-la-posible-llegada-de-icardi-que-no-me-jodan-con-los-quilombos-que-tiene-con-la-mujer.jpg","type":"","width":"","height":""}],"author":"admin","twitter_card":"summary_large_image","twitter_misc":{"Escrito por":"admin","Tiempo de lectura":"3 minutos"},"schema":{"@context":"https:\/\/schema.org","@graph":[{"@type":"Article","@id":"https:\/\/lobosnews.com.ar\/index.php\/2026\/03\/08\/la-sentencia-de-una-ex-figura-de-river-sobre-la-posible-llegada-de-icardi-que-no-me-jodan-con-los-quilombos-que-tiene-con-la-mujer\/#article","isPartOf":{"@id":"https:\/\/lobosnews.com.ar\/index.php\/2026\/03\/08\/la-sentencia-de-una-ex-figura-de-river-sobre-la-posible-llegada-de-icardi-que-no-me-jodan-con-los-quilombos-que-tiene-con-la-mujer\/"},"author":{"name":"admin","@id":"https:\/\/lobosnews.com.ar\/#\/schema\/person\/232422a593d5c541dd9aef6aaed10943"},"headline":"La sentencia de una ex figura de River sobre la posible llegada de Icardi: \u201cQue no me jodan con los quilombos que tiene con la mujer\u201d","datePublished":"2026-03-08T19:41:20+00:00","dateModified":"2026-03-08T20:24:57+00:00","mainEntityOfPage":{"@id":"https:\/\/lobosnews.com.ar\/index.php\/2026\/03\/08\/la-sentencia-de-una-ex-figura-de-river-sobre-la-posible-llegada-de-icardi-que-no-me-jodan-con-los-quilombos-que-tiene-con-la-mujer\/"},"wordCount":652,"commentCount":0,"publisher":{"@id":"https:\/\/lobosnews.com.ar\/#organization"},"image":{"@id":"https:\/\/lobosnews.com.ar\/index.php\/2026\/03\/08\/la-sentencia-de-una-ex-figura-de-river-sobre-la-posible-llegada-de-icardi-que-no-me-jodan-con-los-quilombos-que-tiene-con-la-mujer\/#primaryimage"},"thumbnailUrl":"https:\/\/lobosnews.com.ar\/wp-content\/uploads\/2026\/03\/la-sentencia-de-una-ex-figura-de-river-sobre-la-posible-llegada-de-icardi-que-no-me-jodan-con-los-quilombos-que-tiene-con-la-mujer.jpg","keywords":["Deportes"],"articleSection":["Argentina"],"inLanguage":"es","potentialAction":[{"@type":"CommentAction","name":"Comment","target":["https:\/\/lobosnews.com.ar\/index.php\/2026\/03\/08\/la-sentencia-de-una-ex-figura-de-river-sobre-la-posible-llegada-de-icardi-que-no-me-jodan-con-los-quilombos-que-tiene-con-la-mujer\/#respond"]}]},{"@type":"WebPage","@id":"https:\/\/lobosnews.com.ar\/index.php\/2026\/03\/08\/la-sentencia-de-una-ex-figura-de-river-sobre-la-posible-llegada-de-icardi-que-no-me-jodan-con-los-quilombos-que-tiene-con-la-mujer\/","url":"https:\/\/lobosnews.com.ar\/index.php\/2026\/03\/08\/la-sentencia-de-una-ex-figura-de-river-sobre-la-posible-llegada-de-icardi-que-no-me-jodan-con-los-quilombos-que-tiene-con-la-mujer\/","name":"La sentencia de una ex figura de River sobre la posible llegada de Icardi: \u201cQue no me jodan con los quilombos que tiene con la mujer\u201d - Lobos News","isPartOf":{"@id":"https:\/\/lobosnews.com.ar\/#website"},"primaryImageOfPage":{"@id":"https:\/\/lobosnews.com.ar\/index.php\/2026\/03\/08\/la-sentencia-de-una-ex-figura-de-river-sobre-la-posible-llegada-de-icardi-que-no-me-jodan-con-los-quilombos-que-tiene-con-la-mujer\/#primaryimage"},"image":{"@id":"https:\/\/lobosnews.com.ar\/index.php\/2026\/03\/08\/la-sentencia-de-una-ex-figura-de-river-sobre-la-posible-llegada-de-icardi-que-no-me-jodan-con-los-quilombos-que-tiene-con-la-mujer\/#primaryimage"},"thumbnailUrl":"https:\/\/lobosnews.com.ar\/wp-content\/uploads\/2026\/03\/la-sentencia-de-una-ex-figura-de-river-sobre-la-posible-llegada-de-icardi-que-no-me-jodan-con-los-quilombos-que-tiene-con-la-mujer.jpg","datePublished":"2026-03-08T19:41:20+00:00","dateModified":"2026-03-08T20:24:57+00:00","breadcrumb":{"@id":"https:\/\/lobosnews.com.ar\/index.php\/2026\/03\/08\/la-sentencia-de-una-ex-figura-de-river-sobre-la-posible-llegada-de-icardi-que-no-me-jodan-con-los-quilombos-que-tiene-con-la-mujer\/#breadcrumb"},"inLanguage":"es","potentialAction":[{"@type":"ReadAction","target":["https:\/\/lobosnews.com.ar\/index.php\/2026\/03\/08\/la-sentencia-de-una-ex-figura-de-river-sobre-la-posible-llegada-de-icardi-que-no-me-jodan-con-los-quilombos-que-tiene-con-la-mujer\/"]}]},{"@type":"ImageObject","inLanguage":"es","@id":"https:\/\/lobosnews.com.ar\/index.php\/2026\/03\/08\/la-sentencia-de-una-ex-figura-de-river-sobre-la-posible-llegada-de-icardi-que-no-me-jodan-con-los-quilombos-que-tiene-con-la-mujer\/#primaryimage","url":"https:\/\/lobosnews.com.ar\/wp-content\/uploads\/2026\/03\/la-sentencia-de-una-ex-figura-de-river-sobre-la-posible-llegada-de-icardi-que-no-me-jodan-con-los-quilombos-que-tiene-con-la-mujer.jpg","contentUrl":"https:\/\/lobosnews.com.ar\/wp-content\/uploads\/2026\/03\/la-sentencia-de-una-ex-figura-de-river-sobre-la-posible-llegada-de-icardi-que-no-me-jodan-con-los-quilombos-que-tiene-con-la-mujer.jpg"},{"@type":"BreadcrumbList","@id":"https:\/\/lobosnews.com.ar\/index.php\/2026\/03\/08\/la-sentencia-de-una-ex-figura-de-river-sobre-la-posible-llegada-de-icardi-que-no-me-jodan-con-los-quilombos-que-tiene-con-la-mujer\/#breadcrumb","itemListElement":[{"@type":"ListItem","position":1,"name":"Portada","item":"https:\/\/lobosnews.com.ar\/"},{"@type":"ListItem","position":2,"name":"La sentencia de una ex figura de River sobre la posible llegada de Icardi: \u201cQue no me jodan con los quilombos que tiene con la mujer\u201d"}]},{"@type":"WebSite","@id":"https:\/\/lobosnews.com.ar\/#website","url":"https:\/\/lobosnews.com.ar\/","name":"Lobos News","description":"Informaci\u00f3n a cada instante","publisher":{"@id":"https:\/\/lobosnews.com.ar\/#organization"},"potentialAction":[{"@type":"SearchAction","target":{"@type":"EntryPoint","urlTemplate":"https:\/\/lobosnews.com.ar\/?s={search_term_string}"},"query-input":{"@type":"PropertyValueSpecification","valueRequired":true,"valueName":"search_term_string"}}],"inLanguage":"es"},{"@type":"Organization","@id":"https:\/\/lobosnews.com.ar\/#organization","name":"Lobos News","url":"https:\/\/lobosnews.com.ar\/","logo":{"@type":"ImageObject","inLanguage":"es","@id":"https:\/\/lobosnews.com.ar\/#\/schema\/logo\/image\/","url":"https:\/\/lobosnews.com.ar\/wp-content\/uploads\/2026\/01\/logo-lobosnews.png","contentUrl":"https:\/\/lobosnews.com.ar\/wp-content\/uploads\/2026\/01\/logo-lobosnews.png","width":500,"height":200,"caption":"Lobos News"},"image":{"@id":"https:\/\/lobosnews.com.ar\/#\/schema\/logo\/image\/"}},{"@type":"Person","@id":"https:\/\/lobosnews.com.ar\/#\/schema\/person\/232422a593d5c541dd9aef6aaed10943","name":"admin","image":{"@type":"ImageObject","inLanguage":"es","@id":"https:\/\/lobosnews.com.ar\/#\/schema\/person\/image\/","url":"https:\/\/secure.gravatar.com\/avatar\/76e419471a2083bc3ceab22a763dbbf9b0c1bd15a6214cf3280e2c2dde4580f9?s=96&d=mm&r=g","contentUrl":"https:\/\/secure.gravatar.com\/avatar\/76e419471a2083bc3ceab22a763dbbf9b0c1bd15a6214cf3280e2c2dde4580f9?s=96&d=mm&r=g","caption":"admin"},"sameAs":["https:\/\/lobosnews.com.ar"],"url":"https:\/\/lobosnews.com.ar\/index.php\/author\/lobos-news\/"}]}},"jetpack_featured_media_url":"","jetpack_sharing_enabled":true,"_links":{"self":[{"href":"https:\/\/lobosnews.com.ar\/index.php\/wp-json\/wp\/v2\/posts\/30871","targetHints":{"allow":["GET"]}}],"collection":[{"href":"https:\/\/lobosnews.com.ar\/index.php\/wp-json\/wp\/v2\/posts"}],"about":[{"href":"https:\/\/lobosnews.com.ar\/index.php\/wp-json\/wp\/v2\/types\/post"}],"author":[{"embeddable":true,"href":"https:\/\/lobosnews.com.ar\/index.php\/wp-json\/wp\/v2\/users\/1"}],"replies":[{"embeddable":true,"href":"https:\/\/lobosnews.com.ar\/index.php\/wp-json\/wp\/v2\/comments?post=30871"}],"version-history":[{"count":1,"href":"https:\/\/lobosnews.com.ar\/index.php\/wp-json\/wp\/v2\/posts\/30871\/revisions"}],"predecessor-version":[{"id":30873,"href":"https:\/\/lobosnews.com.ar\/index.php\/wp-json\/wp\/v2\/posts\/30871\/revisions\/30873"}],"wp:attachment":[{"href":"https:\/\/lobosnews.com.ar\/index.php\/wp-json\/wp\/v2\/media?parent=30871"}],"wp:term":[{"taxonomy":"category","embeddable":true,"href":"https:\/\/lobosnews.com.ar\/index.php\/wp-json\/wp\/v2\/categories?post=30871"},{"taxonomy":"post_tag","embeddable":true,"href":"https:\/\/lobosnews.com.ar\/index.php\/wp-json\/wp\/v2\/tags?post=30871"}],"curies":[{"name":"wp","href":"https:\/\/api.w.org\/{rel}","templated":true}]}}