{"id":30866,"date":"2026-03-08T13:52:48","date_gmt":"2026-03-08T13:52:48","guid":{"rendered":"https:\/\/lobosnews.com.ar\/index.php\/2026\/03\/08\/tragedia-en-almagro-un-hombre-sufrio-un-infarto-mientras-manejaba-provoco-un-choque-multiple-y-luego-fallecio\/"},"modified":"2026-03-08T18:01:27","modified_gmt":"2026-03-08T18:01:27","slug":"tragedia-en-almagro-un-hombre-sufrio-un-infarto-mientras-manejaba-provoco-un-choque-multiple-y-luego-fallecio","status":"publish","type":"post","link":"https:\/\/lobosnews.com.ar\/index.php\/2026\/03\/08\/tragedia-en-almagro-un-hombre-sufrio-un-infarto-mientras-manejaba-provoco-un-choque-multiple-y-luego-fallecio\/","title":{"rendered":"Tragedia en Almagro: un hombre sufri\u00f3 un infarto mientras manejaba, provoc\u00f3 un choque m\u00faltiple y luego falleci\u00f3"},"content":{"rendered":"<\/p>\n<p><img loading=\"lazy\" decoding=\"async\" src=\"https:\/\/lobosnews.com.ar\/wp-content\/uploads\/2026\/03\/tragedia-en-almagro-un-hombre-sufrio-un-infarto-mientras-manejaba-provoco-un-choque-multiple-y-luego-fallecio.jpg\" alt=\"El siniestro ocurri\u00f3 en la esquina de S\u00e1nchez de Bustamante y Lavalle\" height=\"316\" width=\"470\"\/><\/p>\n<p>Un <b>hombre de 57 a\u00f1os muri\u00f3 <\/b>este s\u00e1bado por la noche luego de<b> sufrir un infarto <\/b>mientras conduc\u00eda su veh\u00edculo por el barrio porte\u00f1o de Almagro, lo que provoc\u00f3 un choque que involucr\u00f3 a tres veh\u00edculos y dej\u00f3 adem\u00e1s a otras personas con heridas leves.<\/p>\n<p>El hecho ocurri\u00f3 alrededor de las 23:50 en la intersecci\u00f3n de <b>S\u00e1nchez de Bustamante y Lavalle<\/b>, donde colisionaron un <b>Peugeot 207<\/b> y una <b>Peugeot Partner<\/b>.<\/p>\n<p>Seg\u00fan relataron testigos del episodio, el conductor del <b>Peugeot 207<\/b>, que circulaba por la calle Lavalle, <b>habr\u00eda perdido el control del veh\u00edculo de manera repentina<\/b>, subi\u00f3 a la vereda y termin\u00f3 impactando contra la parte trasera del lado del conductor de una <b>Peugeot Partner<\/b> que se encontraba en la intersecci\u00f3n.<\/p>\n<p>Como consecuencia del fuerte impacto, el utilitario <b>gir\u00f3 sobre su propio eje<\/b> y termin\u00f3 chocando contra un <b>Suzuki Fun que estaba estacionado<\/b> en la zona.<\/p>\n<p>Tras el siniestro, personal del Sistema de Atenci\u00f3n M\u00e9dica de Emergencias (SAME) acudi\u00f3 r\u00e1pidamente al lugar para asistir a las personas involucradas. El conductor del Peugeot 207, un ciudadano argentino de 57 a\u00f1os, fue encontrado en estado cr\u00edtico, por lo que los m\u00e9dicos realizaron maniobras de reanimaci\u00f3n cardiopulmonar (RCP) en el lugar.<\/p>\n<p>Posteriormente, el hombre fue <b>trasladado de urgencia al Hospital Ramos Mej\u00eda<\/b>, donde ingres\u00f3 con un cuadro grave. Sin embargo, pese a los esfuerzos del equipo m\u00e9dico, <b>falleci\u00f3 poco despu\u00e9s<\/b>. Seg\u00fan se inform\u00f3 oficialmente, el diagn\u00f3stico fue <b>\u201cpolitraumatismos varios y paro cardiorespiratorio\u201d<\/b>.<\/p>\n<p>Por su parte, los ocupantes de la <b>Peugeot Partner<\/b> sufrieron <b>contusiones leves<\/b> a ra\u00edz del impacto. Ambos fueron trasladados tambi\u00e9n al <b>Hospital Ramos Mej\u00eda<\/b>, donde fueron atendidos y diagnosticados con <b>latigazo cervical<\/b>, aunque se encontraban fuera de peligro.<\/p>\n<p>La investigaci\u00f3n del hecho qued\u00f3 a cargo de la <b>Unidad Fiscal de Flagrancia Oeste (UFLA Oeste)<\/b>, bajo la intervenci\u00f3n de la <b>doctora Florencia Paglianiti<\/b>, quien deber\u00e1 determinar las circunstancias del episodio.<\/p>\n<p>De acuerdo con las primeras versiones recabadas en el lugar, <b>todo indica que el conductor habr\u00eda sufrido una descompensaci\u00f3n o un infarto mientras manejaba<\/b>, lo que le hizo perder el control del autom\u00f3vil y deriv\u00f3 en el choque m\u00faltiple.<\/p>\n<p>Las autoridades contin\u00faan con las pericias correspondientes para establecer con precisi\u00f3n c\u00f3mo se desarrollaron los hechos y confirmar la causa del fallecimiento.<\/p>\n<p><img loading=\"lazy\" decoding=\"async\" src=\"https:\/\/lobosnews.com.ar\/wp-content\/uploads\/2026\/03\/tragedia-en-almagro-un-hombre-sufrio-un-infarto-mientras-manejaba-provoco-un-choque-multiple-y-luego-fallecio-1.jpg\" alt=\"Los ocupantes de la Peugeot Partner sufrieron contusiones leves a ra\u00edz del impacto\" height=\"311\" width=\"511\"\/><\/p>\n<h2>Qu\u00e9 es y por qu\u00e9 ocurre un paro card\u00edaco<\/h2>\n<p><span class=\"waslinkname\"><b>El paro card\u00edaco repentino es una emergencia m\u00e9dica que ocurre cuando el coraz\u00f3n deja de latir de forma efectiva<\/b><\/span>, lo que provoca que la sangre deje de circular hacia el cerebro y otros \u00f3rganos vitales. <\/p>\n<p>Seg\u00fan explica el <b>Dr. Brian Shapiro,<\/b> especialista en Medicina Cardiovascular de <b>Mayo Clinic<\/b>, este evento puede presentarse de manera inesperada mientras una persona realiza actividades cotidianas, como practicar deporte o caminar con amigos. En ese momento la persona puede colapsar y perder el conocimiento debido a la ca\u00edda de la presi\u00f3n arterial.<\/p>\n<p>El paro card\u00edaco repentino suele estar provocado por <b>arritmias fatales<\/b>, es decir, alteraciones graves del ritmo del coraz\u00f3n que impiden que este bombee sangre de manera adecuada. Entre las m\u00e1s peligrosas se encuentran la <b>fibrilaci\u00f3n ventricular<\/b> y la <b>taquicardia ventricular<\/b>, situaciones en las que el coraz\u00f3n late demasiado r\u00e1pido o de forma desorganizada. Cuando esto sucede, el coraz\u00f3n pierde su capacidad de bombear sangre de manera eficiente, lo que priva de ox\u00edgeno al cerebro y a los \u00f3rganos vitales.<\/p>\n<p>En algunos casos, un <b>ataque card\u00edaco<\/b> puede desencadenar un paro card\u00edaco. Esto ocurre porque la falta de ox\u00edgeno y flujo sangu\u00edneo al m\u00fasculo card\u00edaco puede irritar el coraz\u00f3n y provocar una arritmia potencialmente mortal.<\/p>\n<p>Ante un paro card\u00edaco, la rapidez de la respuesta es crucial para aumentar las probabilidades de supervivencia. Si alguien colapsa y pierde el conocimiento:<\/p>\n<ul>\n<li>Se debe <b>llamar inmediatamente al servicio de emergencias (911)<\/b>.<\/li>\n<li>Pedir un <b>desfibrilador externo automatizado (DEA)<\/b> si hay uno disponible.<\/li>\n<li><b>Iniciar compresiones tor\u00e1cicas o RCP<\/b> si se sabe realizar.<\/li>\n<li>Utilizar el <b>desfibrilador<\/b> siguiendo las instrucciones del dispositivo.<\/li>\n<\/ul>\n<p>El DEA analiza el ritmo del coraz\u00f3n y, si detecta una arritmia peligrosa, aplica una descarga el\u00e9ctrica que puede restablecer el ritmo card\u00edaco normal. Estos dispositivos est\u00e1n dise\u00f1ados para guiar a cualquier persona, incluso sin formaci\u00f3n m\u00e9dica, mediante instrucciones claras.<\/p>\n<p>El ejercicio f\u00edsico es fundamental para la salud cardiovascular, pero debe realizarse de forma segura. Durante los controles m\u00e9dicos, los especialistas eval\u00faan antecedentes familiares, escuchan posibles soplos card\u00edacos y pueden solicitar estudios como <b>electrocardiogramas, radiograf\u00edas de t\u00f3rax o pruebas de esfuerzo cardiopulmonar<\/b> para detectar anomal\u00edas.<\/p>\n<p>Adem\u00e1s, es importante prestar atenci\u00f3n a <b>s\u00edntomas de alerta<\/b> como falta de aire durante ejercicio leve, presi\u00f3n en el pecho, mareos o desmayos, ya que pueden indicar problemas card\u00edacos que requieren evaluaci\u00f3n m\u00e9dica.<\/p>\n","protected":false},"excerpt":{"rendered":"<p>Un hombre de 57 a\u00f1os muri\u00f3 este s\u00e1bado por la noche luego de sufrir un infarto mientras conduc\u00eda su veh\u00edculo por el barrio porte\u00f1o de Almagro, lo que provoc\u00f3 un choque que involucr\u00f3 a tres veh\u00edculos y dej\u00f3 adem\u00e1s a otras personas con heridas leves. El hecho ocurri\u00f3 alrededor de las 23:50 en la intersecci\u00f3n&#8230;<\/p>\n","protected":false},"author":1,"featured_media":30870,"comment_status":"open","ping_status":"closed","sticky":false,"template":"","format":"standard","meta":{"_jetpack_memberships_contains_paid_content":false,"footnotes":""},"categories":[31,30,32,77,84,35,36,37],"tags":[],"class_list":["post-30866","post","type-post","status-publish","format-standard","has-post-thumbnail","hentry","category-actualidad","category-argentina","category-economia","category-inseguridad","category-masradios-com","category-nacionales","category-seguridad","category-sociedad"],"magazineBlocksPostFeaturedMedia":{"thumbnail":"https:\/\/lobosnews.com.ar\/wp-content\/uploads\/2026\/03\/tragedia-en-almagro-un-hombre-sufrio-un-infarto-mientras-manejaba-provoco-un-choque-multiple-y-luego-fallecio-2-150x150.jpg","medium":"https:\/\/lobosnews.com.ar\/wp-content\/uploads\/2026\/03\/tragedia-en-almagro-un-hombre-sufrio-un-infarto-mientras-manejaba-provoco-un-choque-multiple-y-luego-fallecio-2-300x183.jpg","medium_large":"https:\/\/lobosnews.com.ar\/wp-content\/uploads\/2026\/03\/tragedia-en-almagro-un-hombre-sufrio-un-infarto-mientras-manejaba-provoco-un-choque-multiple-y-luego-fallecio-2.jpg","large":"https:\/\/lobosnews.com.ar\/wp-content\/uploads\/2026\/03\/tragedia-en-almagro-un-hombre-sufrio-un-infarto-mientras-manejaba-provoco-un-choque-multiple-y-luego-fallecio-2.jpg","1536x1536":"https:\/\/lobosnews.com.ar\/wp-content\/uploads\/2026\/03\/tragedia-en-almagro-un-hombre-sufrio-un-infarto-mientras-manejaba-provoco-un-choque-multiple-y-luego-fallecio-2.jpg","2048x2048":"https:\/\/lobosnews.com.ar\/wp-content\/uploads\/2026\/03\/tragedia-en-almagro-un-hombre-sufrio-un-infarto-mientras-manejaba-provoco-un-choque-multiple-y-luego-fallecio-2.jpg","newsmatic-featured":"https:\/\/lobosnews.com.ar\/wp-content\/uploads\/2026\/03\/tragedia-en-almagro-un-hombre-sufrio-un-infarto-mientras-manejaba-provoco-un-choque-multiple-y-luego-fallecio-2.jpg","newsmatic-list":"https:\/\/lobosnews.com.ar\/wp-content\/uploads\/2026\/03\/tragedia-en-almagro-un-hombre-sufrio-un-infarto-mientras-manejaba-provoco-un-choque-multiple-y-luego-fallecio-2.jpg","newsmatic-thumb":"https:\/\/lobosnews.com.ar\/wp-content\/uploads\/2026\/03\/tragedia-en-almagro-un-hombre-sufrio-un-infarto-mientras-manejaba-provoco-un-choque-multiple-y-luego-fallecio-2-300x200.jpg","newsmatic-small":"https:\/\/lobosnews.com.ar\/wp-content\/uploads\/2026\/03\/tragedia-en-almagro-un-hombre-sufrio-un-infarto-mientras-manejaba-provoco-un-choque-multiple-y-luego-fallecio-2-150x95.jpg","newsmatic-grid":"https:\/\/lobosnews.com.ar\/wp-content\/uploads\/2026\/03\/tragedia-en-almagro-un-hombre-sufrio-un-infarto-mientras-manejaba-provoco-un-choque-multiple-y-luego-fallecio-2-400x250.jpg"},"magazineBlocksPostAuthor":{"name":"admin","avatar":"https:\/\/secure.gravatar.com\/avatar\/76e419471a2083bc3ceab22a763dbbf9b0c1bd15a6214cf3280e2c2dde4580f9?s=96&d=mm&r=g"},"magazineBlocksPostCommentsNumber":"0","magazineBlocksPostExcerpt":"Un hombre de 57 a\u00f1os muri\u00f3 este s\u00e1bado por la noche luego de sufrir un infarto mientras conduc\u00eda su veh\u00edculo por el barrio porte\u00f1o de Almagro, lo que provoc\u00f3 un choque que involucr\u00f3 a tres veh\u00edculos y dej\u00f3 adem\u00e1s a otras personas con heridas leves. El hecho ocurri\u00f3 alrededor de las 23:50 en la intersecci\u00f3n...","magazineBlocksPostCategories":["Actualidad","Argentina","econom\u00eda","inseguridad","masradios.com","nacionales","seguridad","sociedad"],"magazineBlocksPostViewCount":75,"magazineBlocksPostReadTime":5,"magazine_blocks_featured_image_url":{"full":["https:\/\/lobosnews.com.ar\/wp-content\/uploads\/2026\/03\/tragedia-en-almagro-un-hombre-sufrio-un-infarto-mientras-manejaba-provoco-un-choque-multiple-y-luego-fallecio-2.jpg",511,311,false],"medium":["https:\/\/lobosnews.com.ar\/wp-content\/uploads\/2026\/03\/tragedia-en-almagro-un-hombre-sufrio-un-infarto-mientras-manejaba-provoco-un-choque-multiple-y-luego-fallecio-2-300x183.jpg",300,183,true],"thumbnail":["https:\/\/lobosnews.com.ar\/wp-content\/uploads\/2026\/03\/tragedia-en-almagro-un-hombre-sufrio-un-infarto-mientras-manejaba-provoco-un-choque-multiple-y-luego-fallecio-2-150x150.jpg",150,150,true]},"magazine_blocks_author":{"display_name":"admin","author_link":"https:\/\/lobosnews.com.ar\/index.php\/author\/lobos-news\/"},"magazine_blocks_comment":0,"magazine_blocks_author_image":"https:\/\/secure.gravatar.com\/avatar\/76e419471a2083bc3ceab22a763dbbf9b0c1bd15a6214cf3280e2c2dde4580f9?s=96&d=mm&r=g","magazine_blocks_category":"<a href=\"#\" class=\"category-link category-link-31\">Actualidad<\/a> <a href=\"#\" class=\"category-link category-link-30\">Argentina<\/a> <a href=\"#\" class=\"category-link category-link-32\">econom\u00eda<\/a> <a href=\"#\" class=\"category-link category-link-77\">inseguridad<\/a> <a href=\"#\" class=\"category-link category-link-84\">masradios.com<\/a> <a href=\"#\" class=\"category-link category-link-35\">nacionales<\/a> <a href=\"#\" class=\"category-link category-link-36\">seguridad<\/a> <a href=\"#\" class=\"category-link category-link-37\">sociedad<\/a>","yoast_head":"<!-- This site is optimized with the Yoast SEO plugin v26.6 - https:\/\/yoast.com\/wordpress\/plugins\/seo\/ -->\n<title>Tragedia en Almagro: un hombre sufri\u00f3 un infarto mientras manejaba, provoc\u00f3 un choque m\u00faltiple y luego falleci\u00f3 - Lobos News<\/title>\n<meta name=\"robots\" content=\"index, follow, max-snippet:-1, max-image-preview:large, max-video-preview:-1\" \/>\n<link rel=\"canonical\" href=\"https:\/\/lobosnews.com.ar\/index.php\/2026\/03\/08\/tragedia-en-almagro-un-hombre-sufrio-un-infarto-mientras-manejaba-provoco-un-choque-multiple-y-luego-fallecio\/\" \/>\n<meta property=\"og:locale\" content=\"es_ES\" \/>\n<meta property=\"og:type\" content=\"article\" \/>\n<meta property=\"og:title\" content=\"Tragedia en Almagro: un hombre sufri\u00f3 un infarto mientras manejaba, provoc\u00f3 un choque m\u00faltiple y luego falleci\u00f3 - Lobos News\" \/>\n<meta property=\"og:description\" content=\"Un hombre de 57 a\u00f1os muri\u00f3 este s\u00e1bado por la noche luego de sufrir un infarto mientras conduc\u00eda su veh\u00edculo por el barrio porte\u00f1o de Almagro, lo que provoc\u00f3 un choque que involucr\u00f3 a tres veh\u00edculos y dej\u00f3 adem\u00e1s a otras personas con heridas leves. El hecho ocurri\u00f3 alrededor de las 23:50 en la intersecci\u00f3n...\" \/>\n<meta property=\"og:url\" content=\"https:\/\/lobosnews.com.ar\/index.php\/2026\/03\/08\/tragedia-en-almagro-un-hombre-sufrio-un-infarto-mientras-manejaba-provoco-un-choque-multiple-y-luego-fallecio\/\" \/>\n<meta property=\"og:site_name\" content=\"Lobos News\" \/>\n<meta property=\"article:published_time\" content=\"2026-03-08T13:52:48+00:00\" \/>\n<meta property=\"article:modified_time\" content=\"2026-03-08T18:01:27+00:00\" \/>\n<meta property=\"og:image\" content=\"https:\/\/lobosnews.com.ar\/wp-content\/uploads\/2026\/03\/tragedia-en-almagro-un-hombre-sufrio-un-infarto-mientras-manejaba-provoco-un-choque-multiple-y-luego-fallecio.jpg\" \/>\n<meta name=\"author\" content=\"admin\" \/>\n<meta name=\"twitter:card\" content=\"summary_large_image\" \/>\n<meta name=\"twitter:label1\" content=\"Escrito por\" \/>\n\t<meta name=\"twitter:data1\" content=\"admin\" \/>\n\t<meta name=\"twitter:label2\" content=\"Tiempo de lectura\" \/>\n\t<meta name=\"twitter:data2\" content=\"4 minutos\" \/>\n<script type=\"application\/ld+json\" class=\"yoast-schema-graph\">{\"@context\":\"https:\/\/schema.org\",\"@graph\":[{\"@type\":\"Article\",\"@id\":\"https:\/\/lobosnews.com.ar\/index.php\/2026\/03\/08\/tragedia-en-almagro-un-hombre-sufrio-un-infarto-mientras-manejaba-provoco-un-choque-multiple-y-luego-fallecio\/#article\",\"isPartOf\":{\"@id\":\"https:\/\/lobosnews.com.ar\/index.php\/2026\/03\/08\/tragedia-en-almagro-un-hombre-sufrio-un-infarto-mientras-manejaba-provoco-un-choque-multiple-y-luego-fallecio\/\"},\"author\":{\"name\":\"admin\",\"@id\":\"https:\/\/lobosnews.com.ar\/#\/schema\/person\/232422a593d5c541dd9aef6aaed10943\"},\"headline\":\"Tragedia en Almagro: un hombre sufri\u00f3 un infarto mientras manejaba, provoc\u00f3 un choque m\u00faltiple y luego falleci\u00f3\",\"datePublished\":\"2026-03-08T13:52:48+00:00\",\"dateModified\":\"2026-03-08T18:01:27+00:00\",\"mainEntityOfPage\":{\"@id\":\"https:\/\/lobosnews.com.ar\/index.php\/2026\/03\/08\/tragedia-en-almagro-un-hombre-sufrio-un-infarto-mientras-manejaba-provoco-un-choque-multiple-y-luego-fallecio\/\"},\"wordCount\":848,\"commentCount\":0,\"publisher\":{\"@id\":\"https:\/\/lobosnews.com.ar\/#organization\"},\"image\":{\"@id\":\"https:\/\/lobosnews.com.ar\/index.php\/2026\/03\/08\/tragedia-en-almagro-un-hombre-sufrio-un-infarto-mientras-manejaba-provoco-un-choque-multiple-y-luego-fallecio\/#primaryimage\"},\"thumbnailUrl\":\"https:\/\/lobosnews.com.ar\/wp-content\/uploads\/2026\/03\/tragedia-en-almagro-un-hombre-sufrio-un-infarto-mientras-manejaba-provoco-un-choque-multiple-y-luego-fallecio-2.jpg\",\"articleSection\":[\"Actualidad\",\"Argentina\",\"econom\u00eda\",\"inseguridad\",\"masradios.com\",\"nacionales\",\"seguridad\",\"sociedad\"],\"inLanguage\":\"es\",\"potentialAction\":[{\"@type\":\"CommentAction\",\"name\":\"Comment\",\"target\":[\"https:\/\/lobosnews.com.ar\/index.php\/2026\/03\/08\/tragedia-en-almagro-un-hombre-sufrio-un-infarto-mientras-manejaba-provoco-un-choque-multiple-y-luego-fallecio\/#respond\"]}]},{\"@type\":\"WebPage\",\"@id\":\"https:\/\/lobosnews.com.ar\/index.php\/2026\/03\/08\/tragedia-en-almagro-un-hombre-sufrio-un-infarto-mientras-manejaba-provoco-un-choque-multiple-y-luego-fallecio\/\",\"url\":\"https:\/\/lobosnews.com.ar\/index.php\/2026\/03\/08\/tragedia-en-almagro-un-hombre-sufrio-un-infarto-mientras-manejaba-provoco-un-choque-multiple-y-luego-fallecio\/\",\"name\":\"Tragedia en Almagro: un hombre sufri\u00f3 un infarto mientras manejaba, provoc\u00f3 un choque m\u00faltiple y luego falleci\u00f3 - Lobos News\",\"isPartOf\":{\"@id\":\"https:\/\/lobosnews.com.ar\/#website\"},\"primaryImageOfPage\":{\"@id\":\"https:\/\/lobosnews.com.ar\/index.php\/2026\/03\/08\/tragedia-en-almagro-un-hombre-sufrio-un-infarto-mientras-manejaba-provoco-un-choque-multiple-y-luego-fallecio\/#primaryimage\"},\"image\":{\"@id\":\"https:\/\/lobosnews.com.ar\/index.php\/2026\/03\/08\/tragedia-en-almagro-un-hombre-sufrio-un-infarto-mientras-manejaba-provoco-un-choque-multiple-y-luego-fallecio\/#primaryimage\"},\"thumbnailUrl\":\"https:\/\/lobosnews.com.ar\/wp-content\/uploads\/2026\/03\/tragedia-en-almagro-un-hombre-sufrio-un-infarto-mientras-manejaba-provoco-un-choque-multiple-y-luego-fallecio-2.jpg\",\"datePublished\":\"2026-03-08T13:52:48+00:00\",\"dateModified\":\"2026-03-08T18:01:27+00:00\",\"breadcrumb\":{\"@id\":\"https:\/\/lobosnews.com.ar\/index.php\/2026\/03\/08\/tragedia-en-almagro-un-hombre-sufrio-un-infarto-mientras-manejaba-provoco-un-choque-multiple-y-luego-fallecio\/#breadcrumb\"},\"inLanguage\":\"es\",\"potentialAction\":[{\"@type\":\"ReadAction\",\"target\":[\"https:\/\/lobosnews.com.ar\/index.php\/2026\/03\/08\/tragedia-en-almagro-un-hombre-sufrio-un-infarto-mientras-manejaba-provoco-un-choque-multiple-y-luego-fallecio\/\"]}]},{\"@type\":\"ImageObject\",\"inLanguage\":\"es\",\"@id\":\"https:\/\/lobosnews.com.ar\/index.php\/2026\/03\/08\/tragedia-en-almagro-un-hombre-sufrio-un-infarto-mientras-manejaba-provoco-un-choque-multiple-y-luego-fallecio\/#primaryimage\",\"url\":\"https:\/\/lobosnews.com.ar\/wp-content\/uploads\/2026\/03\/tragedia-en-almagro-un-hombre-sufrio-un-infarto-mientras-manejaba-provoco-un-choque-multiple-y-luego-fallecio-2.jpg\",\"contentUrl\":\"https:\/\/lobosnews.com.ar\/wp-content\/uploads\/2026\/03\/tragedia-en-almagro-un-hombre-sufrio-un-infarto-mientras-manejaba-provoco-un-choque-multiple-y-luego-fallecio-2.jpg\",\"width\":511,\"height\":311,\"caption\":\"Tragedia en Almagro: un hombre sufri\u00f3 un infarto mientras manejaba, provoc\u00f3 un choque m\u00faltiple y luego falleci\u00f3\"},{\"@type\":\"BreadcrumbList\",\"@id\":\"https:\/\/lobosnews.com.ar\/index.php\/2026\/03\/08\/tragedia-en-almagro-un-hombre-sufrio-un-infarto-mientras-manejaba-provoco-un-choque-multiple-y-luego-fallecio\/#breadcrumb\",\"itemListElement\":[{\"@type\":\"ListItem\",\"position\":1,\"name\":\"Portada\",\"item\":\"https:\/\/lobosnews.com.ar\/\"},{\"@type\":\"ListItem\",\"position\":2,\"name\":\"Tragedia en Almagro: un hombre sufri\u00f3 un infarto mientras manejaba, provoc\u00f3 un choque m\u00faltiple y luego falleci\u00f3\"}]},{\"@type\":\"WebSite\",\"@id\":\"https:\/\/lobosnews.com.ar\/#website\",\"url\":\"https:\/\/lobosnews.com.ar\/\",\"name\":\"Lobos News\",\"description\":\"Informaci\u00f3n a cada instante\",\"publisher\":{\"@id\":\"https:\/\/lobosnews.com.ar\/#organization\"},\"potentialAction\":[{\"@type\":\"SearchAction\",\"target\":{\"@type\":\"EntryPoint\",\"urlTemplate\":\"https:\/\/lobosnews.com.ar\/?s={search_term_string}\"},\"query-input\":{\"@type\":\"PropertyValueSpecification\",\"valueRequired\":true,\"valueName\":\"search_term_string\"}}],\"inLanguage\":\"es\"},{\"@type\":\"Organization\",\"@id\":\"https:\/\/lobosnews.com.ar\/#organization\",\"name\":\"Lobos News\",\"url\":\"https:\/\/lobosnews.com.ar\/\",\"logo\":{\"@type\":\"ImageObject\",\"inLanguage\":\"es\",\"@id\":\"https:\/\/lobosnews.com.ar\/#\/schema\/logo\/image\/\",\"url\":\"https:\/\/lobosnews.com.ar\/wp-content\/uploads\/2026\/01\/logo-lobosnews.png\",\"contentUrl\":\"https:\/\/lobosnews.com.ar\/wp-content\/uploads\/2026\/01\/logo-lobosnews.png\",\"width\":500,\"height\":200,\"caption\":\"Lobos News\"},\"image\":{\"@id\":\"https:\/\/lobosnews.com.ar\/#\/schema\/logo\/image\/\"}},{\"@type\":\"Person\",\"@id\":\"https:\/\/lobosnews.com.ar\/#\/schema\/person\/232422a593d5c541dd9aef6aaed10943\",\"name\":\"admin\",\"image\":{\"@type\":\"ImageObject\",\"inLanguage\":\"es\",\"@id\":\"https:\/\/lobosnews.com.ar\/#\/schema\/person\/image\/\",\"url\":\"https:\/\/secure.gravatar.com\/avatar\/76e419471a2083bc3ceab22a763dbbf9b0c1bd15a6214cf3280e2c2dde4580f9?s=96&d=mm&r=g\",\"contentUrl\":\"https:\/\/secure.gravatar.com\/avatar\/76e419471a2083bc3ceab22a763dbbf9b0c1bd15a6214cf3280e2c2dde4580f9?s=96&d=mm&r=g\",\"caption\":\"admin\"},\"sameAs\":[\"https:\/\/lobosnews.com.ar\"],\"url\":\"https:\/\/lobosnews.com.ar\/index.php\/author\/lobos-news\/\"}]}<\/script>\n<!-- \/ Yoast SEO plugin. -->","yoast_head_json":{"title":"Tragedia en Almagro: un hombre sufri\u00f3 un infarto mientras manejaba, provoc\u00f3 un choque m\u00faltiple y luego falleci\u00f3 - Lobos News","robots":{"index":"index","follow":"follow","max-snippet":"max-snippet:-1","max-image-preview":"max-image-preview:large","max-video-preview":"max-video-preview:-1"},"canonical":"https:\/\/lobosnews.com.ar\/index.php\/2026\/03\/08\/tragedia-en-almagro-un-hombre-sufrio-un-infarto-mientras-manejaba-provoco-un-choque-multiple-y-luego-fallecio\/","og_locale":"es_ES","og_type":"article","og_title":"Tragedia en Almagro: un hombre sufri\u00f3 un infarto mientras manejaba, provoc\u00f3 un choque m\u00faltiple y luego falleci\u00f3 - Lobos News","og_description":"Un hombre de 57 a\u00f1os muri\u00f3 este s\u00e1bado por la noche luego de sufrir un infarto mientras conduc\u00eda su veh\u00edculo por el barrio porte\u00f1o de Almagro, lo que provoc\u00f3 un choque que involucr\u00f3 a tres veh\u00edculos y dej\u00f3 adem\u00e1s a otras personas con heridas leves. El hecho ocurri\u00f3 alrededor de las 23:50 en la intersecci\u00f3n...","og_url":"https:\/\/lobosnews.com.ar\/index.php\/2026\/03\/08\/tragedia-en-almagro-un-hombre-sufrio-un-infarto-mientras-manejaba-provoco-un-choque-multiple-y-luego-fallecio\/","og_site_name":"Lobos News","article_published_time":"2026-03-08T13:52:48+00:00","article_modified_time":"2026-03-08T18:01:27+00:00","og_image":[{"url":"https:\/\/lobosnews.com.ar\/wp-content\/uploads\/2026\/03\/tragedia-en-almagro-un-hombre-sufrio-un-infarto-mientras-manejaba-provoco-un-choque-multiple-y-luego-fallecio.jpg","type":"","width":"","height":""}],"author":"admin","twitter_card":"summary_large_image","twitter_misc":{"Escrito por":"admin","Tiempo de lectura":"4 minutos"},"schema":{"@context":"https:\/\/schema.org","@graph":[{"@type":"Article","@id":"https:\/\/lobosnews.com.ar\/index.php\/2026\/03\/08\/tragedia-en-almagro-un-hombre-sufrio-un-infarto-mientras-manejaba-provoco-un-choque-multiple-y-luego-fallecio\/#article","isPartOf":{"@id":"https:\/\/lobosnews.com.ar\/index.php\/2026\/03\/08\/tragedia-en-almagro-un-hombre-sufrio-un-infarto-mientras-manejaba-provoco-un-choque-multiple-y-luego-fallecio\/"},"author":{"name":"admin","@id":"https:\/\/lobosnews.com.ar\/#\/schema\/person\/232422a593d5c541dd9aef6aaed10943"},"headline":"Tragedia en Almagro: un hombre sufri\u00f3 un infarto mientras manejaba, provoc\u00f3 un choque m\u00faltiple y luego falleci\u00f3","datePublished":"2026-03-08T13:52:48+00:00","dateModified":"2026-03-08T18:01:27+00:00","mainEntityOfPage":{"@id":"https:\/\/lobosnews.com.ar\/index.php\/2026\/03\/08\/tragedia-en-almagro-un-hombre-sufrio-un-infarto-mientras-manejaba-provoco-un-choque-multiple-y-luego-fallecio\/"},"wordCount":848,"commentCount":0,"publisher":{"@id":"https:\/\/lobosnews.com.ar\/#organization"},"image":{"@id":"https:\/\/lobosnews.com.ar\/index.php\/2026\/03\/08\/tragedia-en-almagro-un-hombre-sufrio-un-infarto-mientras-manejaba-provoco-un-choque-multiple-y-luego-fallecio\/#primaryimage"},"thumbnailUrl":"https:\/\/lobosnews.com.ar\/wp-content\/uploads\/2026\/03\/tragedia-en-almagro-un-hombre-sufrio-un-infarto-mientras-manejaba-provoco-un-choque-multiple-y-luego-fallecio-2.jpg","articleSection":["Actualidad","Argentina","econom\u00eda","inseguridad","masradios.com","nacionales","seguridad","sociedad"],"inLanguage":"es","potentialAction":[{"@type":"CommentAction","name":"Comment","target":["https:\/\/lobosnews.com.ar\/index.php\/2026\/03\/08\/tragedia-en-almagro-un-hombre-sufrio-un-infarto-mientras-manejaba-provoco-un-choque-multiple-y-luego-fallecio\/#respond"]}]},{"@type":"WebPage","@id":"https:\/\/lobosnews.com.ar\/index.php\/2026\/03\/08\/tragedia-en-almagro-un-hombre-sufrio-un-infarto-mientras-manejaba-provoco-un-choque-multiple-y-luego-fallecio\/","url":"https:\/\/lobosnews.com.ar\/index.php\/2026\/03\/08\/tragedia-en-almagro-un-hombre-sufrio-un-infarto-mientras-manejaba-provoco-un-choque-multiple-y-luego-fallecio\/","name":"Tragedia en Almagro: un hombre sufri\u00f3 un infarto mientras manejaba, provoc\u00f3 un choque m\u00faltiple y luego falleci\u00f3 - Lobos News","isPartOf":{"@id":"https:\/\/lobosnews.com.ar\/#website"},"primaryImageOfPage":{"@id":"https:\/\/lobosnews.com.ar\/index.php\/2026\/03\/08\/tragedia-en-almagro-un-hombre-sufrio-un-infarto-mientras-manejaba-provoco-un-choque-multiple-y-luego-fallecio\/#primaryimage"},"image":{"@id":"https:\/\/lobosnews.com.ar\/index.php\/2026\/03\/08\/tragedia-en-almagro-un-hombre-sufrio-un-infarto-mientras-manejaba-provoco-un-choque-multiple-y-luego-fallecio\/#primaryimage"},"thumbnailUrl":"https:\/\/lobosnews.com.ar\/wp-content\/uploads\/2026\/03\/tragedia-en-almagro-un-hombre-sufrio-un-infarto-mientras-manejaba-provoco-un-choque-multiple-y-luego-fallecio-2.jpg","datePublished":"2026-03-08T13:52:48+00:00","dateModified":"2026-03-08T18:01:27+00:00","breadcrumb":{"@id":"https:\/\/lobosnews.com.ar\/index.php\/2026\/03\/08\/tragedia-en-almagro-un-hombre-sufrio-un-infarto-mientras-manejaba-provoco-un-choque-multiple-y-luego-fallecio\/#breadcrumb"},"inLanguage":"es","potentialAction":[{"@type":"ReadAction","target":["https:\/\/lobosnews.com.ar\/index.php\/2026\/03\/08\/tragedia-en-almagro-un-hombre-sufrio-un-infarto-mientras-manejaba-provoco-un-choque-multiple-y-luego-fallecio\/"]}]},{"@type":"ImageObject","inLanguage":"es","@id":"https:\/\/lobosnews.com.ar\/index.php\/2026\/03\/08\/tragedia-en-almagro-un-hombre-sufrio-un-infarto-mientras-manejaba-provoco-un-choque-multiple-y-luego-fallecio\/#primaryimage","url":"https:\/\/lobosnews.com.ar\/wp-content\/uploads\/2026\/03\/tragedia-en-almagro-un-hombre-sufrio-un-infarto-mientras-manejaba-provoco-un-choque-multiple-y-luego-fallecio-2.jpg","contentUrl":"https:\/\/lobosnews.com.ar\/wp-content\/uploads\/2026\/03\/tragedia-en-almagro-un-hombre-sufrio-un-infarto-mientras-manejaba-provoco-un-choque-multiple-y-luego-fallecio-2.jpg","width":511,"height":311,"caption":"Tragedia en Almagro: un hombre sufri\u00f3 un infarto mientras manejaba, provoc\u00f3 un choque m\u00faltiple y luego falleci\u00f3"},{"@type":"BreadcrumbList","@id":"https:\/\/lobosnews.com.ar\/index.php\/2026\/03\/08\/tragedia-en-almagro-un-hombre-sufrio-un-infarto-mientras-manejaba-provoco-un-choque-multiple-y-luego-fallecio\/#breadcrumb","itemListElement":[{"@type":"ListItem","position":1,"name":"Portada","item":"https:\/\/lobosnews.com.ar\/"},{"@type":"ListItem","position":2,"name":"Tragedia en Almagro: un hombre sufri\u00f3 un infarto mientras manejaba, provoc\u00f3 un choque m\u00faltiple y luego falleci\u00f3"}]},{"@type":"WebSite","@id":"https:\/\/lobosnews.com.ar\/#website","url":"https:\/\/lobosnews.com.ar\/","name":"Lobos News","description":"Informaci\u00f3n a cada instante","publisher":{"@id":"https:\/\/lobosnews.com.ar\/#organization"},"potentialAction":[{"@type":"SearchAction","target":{"@type":"EntryPoint","urlTemplate":"https:\/\/lobosnews.com.ar\/?s={search_term_string}"},"query-input":{"@type":"PropertyValueSpecification","valueRequired":true,"valueName":"search_term_string"}}],"inLanguage":"es"},{"@type":"Organization","@id":"https:\/\/lobosnews.com.ar\/#organization","name":"Lobos News","url":"https:\/\/lobosnews.com.ar\/","logo":{"@type":"ImageObject","inLanguage":"es","@id":"https:\/\/lobosnews.com.ar\/#\/schema\/logo\/image\/","url":"https:\/\/lobosnews.com.ar\/wp-content\/uploads\/2026\/01\/logo-lobosnews.png","contentUrl":"https:\/\/lobosnews.com.ar\/wp-content\/uploads\/2026\/01\/logo-lobosnews.png","width":500,"height":200,"caption":"Lobos News"},"image":{"@id":"https:\/\/lobosnews.com.ar\/#\/schema\/logo\/image\/"}},{"@type":"Person","@id":"https:\/\/lobosnews.com.ar\/#\/schema\/person\/232422a593d5c541dd9aef6aaed10943","name":"admin","image":{"@type":"ImageObject","inLanguage":"es","@id":"https:\/\/lobosnews.com.ar\/#\/schema\/person\/image\/","url":"https:\/\/secure.gravatar.com\/avatar\/76e419471a2083bc3ceab22a763dbbf9b0c1bd15a6214cf3280e2c2dde4580f9?s=96&d=mm&r=g","contentUrl":"https:\/\/secure.gravatar.com\/avatar\/76e419471a2083bc3ceab22a763dbbf9b0c1bd15a6214cf3280e2c2dde4580f9?s=96&d=mm&r=g","caption":"admin"},"sameAs":["https:\/\/lobosnews.com.ar"],"url":"https:\/\/lobosnews.com.ar\/index.php\/author\/lobos-news\/"}]}},"jetpack_featured_media_url":"https:\/\/lobosnews.com.ar\/wp-content\/uploads\/2026\/03\/tragedia-en-almagro-un-hombre-sufrio-un-infarto-mientras-manejaba-provoco-un-choque-multiple-y-luego-fallecio-2.jpg","jetpack_sharing_enabled":true,"_links":{"self":[{"href":"https:\/\/lobosnews.com.ar\/index.php\/wp-json\/wp\/v2\/posts\/30866","targetHints":{"allow":["GET"]}}],"collection":[{"href":"https:\/\/lobosnews.com.ar\/index.php\/wp-json\/wp\/v2\/posts"}],"about":[{"href":"https:\/\/lobosnews.com.ar\/index.php\/wp-json\/wp\/v2\/types\/post"}],"author":[{"embeddable":true,"href":"https:\/\/lobosnews.com.ar\/index.php\/wp-json\/wp\/v2\/users\/1"}],"replies":[{"embeddable":true,"href":"https:\/\/lobosnews.com.ar\/index.php\/wp-json\/wp\/v2\/comments?post=30866"}],"version-history":[{"count":1,"href":"https:\/\/lobosnews.com.ar\/index.php\/wp-json\/wp\/v2\/posts\/30866\/revisions"}],"predecessor-version":[{"id":30869,"href":"https:\/\/lobosnews.com.ar\/index.php\/wp-json\/wp\/v2\/posts\/30866\/revisions\/30869"}],"wp:featuredmedia":[{"embeddable":true,"href":"https:\/\/lobosnews.com.ar\/index.php\/wp-json\/wp\/v2\/media\/30870"}],"wp:attachment":[{"href":"https:\/\/lobosnews.com.ar\/index.php\/wp-json\/wp\/v2\/media?parent=30866"}],"wp:term":[{"taxonomy":"category","embeddable":true,"href":"https:\/\/lobosnews.com.ar\/index.php\/wp-json\/wp\/v2\/categories?post=30866"},{"taxonomy":"post_tag","embeddable":true,"href":"https:\/\/lobosnews.com.ar\/index.php\/wp-json\/wp\/v2\/tags?post=30866"}],"curies":[{"name":"wp","href":"https:\/\/api.w.org\/{rel}","templated":true}]}}