{"id":30859,"date":"2026-03-08T14:01:18","date_gmt":"2026-03-08T14:01:18","guid":{"rendered":"https:\/\/lobosnews.com.ar\/index.php\/2026\/03\/08\/la-cancilleria-logro-evacuar-a-248-argentinos-desde-emiratos-arabes-unidos-por-el-conflicto-en-medio-oriente\/"},"modified":"2026-03-08T18:01:10","modified_gmt":"2026-03-08T18:01:10","slug":"la-cancilleria-logro-evacuar-a-248-argentinos-desde-emiratos-arabes-unidos-por-el-conflicto-en-medio-oriente","status":"publish","type":"post","link":"https:\/\/lobosnews.com.ar\/index.php\/2026\/03\/08\/la-cancilleria-logro-evacuar-a-248-argentinos-desde-emiratos-arabes-unidos-por-el-conflicto-en-medio-oriente\/","title":{"rendered":"La Canciller\u00eda logr\u00f3 evacuar a 248 argentinos desde Emiratos \u00c1rabes Unidos por el conflicto en Medio Oriente"},"content":{"rendered":"<p><img loading=\"lazy\" decoding=\"async\" src=\"https:\/\/lobosnews.com.ar\/wp-content\/uploads\/2026\/03\/la-cancilleria-logro-evacuar-a-248-argentinos-desde-emiratos-arabes-unidos-por-el-conflicto-en-medio-oriente.jpg\" alt=\"La Canciller\u00eda argentina coordina un operativo especial de repatriaci\u00f3n en Medio Oriente (REUTERS\/Raghed Waked)\" height=\"3734\" width=\"5865\"\/><\/p>\n<p>El <b>canciller Pablo Quirno<\/b> inform\u00f3 este domingo que <b>248 ciudadanos argentinos<\/b> ya<span class=\"waslinkname\"> pudieron salir<\/span> de <b>Emiratos \u00c1rabes Unidos<\/b> (EAU) tras las gestiones diplom\u00e1ticas motivadas por el<span class=\"waslinkname\"> <b>conflicto en Medio Oriente<\/b>.<\/span> El funcionario anunci\u00f3 que \u201chay m\u00e1s vuelos programados para los pr\u00f3ximos d\u00edas\u201d y confirm\u00f3 que el operativo permanece en curso.<\/p>\n<p>As\u00ed, de los <b>416 argentinos<\/b> identificados en Emiratos \u00c1rabes Unidos, casi el 60% logr\u00f3 retornar gracias a vuelos coordinados por la Canciller\u00eda. El resto a\u00fan espera una soluci\u00f3n, mientras las autoridades mantienen abiertas las gestiones para facilitar la repatriaci\u00f3n ante el cierre parcial del espacio a\u00e9reo y la alta demanda.<\/p>\n<p>\u201cDe los 416 ciudadanos argentinos en <b>Emiratos \u00c1rabes Unidos<\/b> afectados por el conflicto en <b>Medio Oriente<\/b>, y gracias a gestiones realizadas por <i>@Cancilleria_Ar,<\/i> nuestra Embajada y nuestro Consulado ante sus autoridades y aerol\u00edneas, ya han podido salir de EAU <b>248 ciudadanos<\/b>. Hay m\u00e1s vuelos programados para los pr\u00f3ximos d\u00edas. <b>Seguimos trabajando<\/b> con nuestros ciudadanos en los diferentes pa\u00edses para lograr su retorno al pa\u00eds de la manera <b>m\u00e1s r\u00e1pida y segura posible<\/b>\u201d, poste\u00f3 Quirno esta ma\u00f1ana en su cuenta de X.<\/p>\n<p><img loading=\"lazy\" decoding=\"async\" src=\"https:\/\/lobosnews.com.ar\/wp-content\/uploads\/2026\/03\/la-cancilleria-logro-evacuar-a-248-argentinos-desde-emiratos-arabes-unidos-por-el-conflicto-en-medio-oriente.png\" alt=\"El canciller Pablo Quirno anunci\u00f3 que habr\u00e1 m\u00e1s vuelos programados en los pr\u00f3ximos d\u00edas, en el marco del operativo de repatriaci\u00f3n coordinado por la Canciller\u00eda\" height=\"400\" width=\"605\"\/><\/p>\n<h2>Vuelos programados y operativo de repatriaci\u00f3n<\/h2>\n<p>La <span class=\"waslinkname\"><b>Canciller\u00eda argentina<\/b><\/span><b> <\/b>hab\u00eda informado el viernes sobre la salida de dos vuelos de Emirates Airlines desde Dub\u00e1i para el domingo 8 y el lunes 9 de marzo, con escala en R\u00edo de Janeiro antes de llegar a Buenos Aires.<\/p>\n<p>El operativo involucr\u00f3 a la Embajada y el Consulado argentinos en Dub\u00e1i y Sharjah, tambi\u00e9n en EAU, junto al secretario de Turismo y Ambiente Daniel Scioli y el embajador Jorge Arambarri. Las autoridades gestionaron directamente ante ese pa\u00eds y la empresa a\u00e9rea para asignar los limitados cupos disponibles por el conflicto.<\/p>\n<p>La crisis en Medio Oriente forz\u00f3 el<b> cierre casi total del tr\u00e1fico a\u00e9reo<\/b>. La mayor\u00eda de los ciudadanos argentinos varados se encuentra en<b> Israel y Qatar<\/b>, adem\u00e1s de EAU. En total, <b>630 argentinos<\/b> solicitaron asistencia en toda la zona de conflicto.<\/p>\n<p><img loading=\"lazy\" decoding=\"async\" src=\"https:\/\/lobosnews.com.ar\/wp-content\/uploads\/2026\/03\/la-cancilleria-logro-evacuar-a-248-argentinos-desde-emiratos-arabes-unidos-por-el-conflicto-en-medio-oriente-1.jpg\" alt=\"El conflicto en la regi\u00f3n afecta la movilidad a\u00e9rea y complica el regreso de ciudadanos (REUTERS\/Raghed Waked)\" height=\"2586\" width=\"4031\"\/><\/p>\n<p>La repatriaci\u00f3n se organiza bajo<b> \u201cesquema de priorizaci\u00f3n\u201d<\/b>, dando preferencia a menores de edad y personas con problemas de salud, ya que el espacio a\u00e9reo <b>se abre de forma espor\u00e1dica<\/b> y con reducida disponibilidad. El canciller Quirno explic\u00f3 que solo un peque\u00f1o porcentaje de vuelos operan con normalidad, lo que provoca demoras y cancelaciones frecuentes.<\/p>\n<p>Hasta el viernes, testimonios recogidos por <i>Infobae en Vivo<\/i>, como el de <b>Virginia Luca,<\/b> describieron situaciones de<b> incertidumbre<\/b>. Luca, varada en Sharjah, cont\u00f3 que la embajada sugiri\u00f3 a quienes no tienen pasaje directo a Argentina trasladarse a Om\u00e1n o Arabia Saudita, pero las autoridades locales ordenaron que no se muevan.<\/p>\n<p>La Canciller\u00eda mantiene <b>habilitados los canales de comunicaci\u00f3n y contin\u00faa las gestiones <\/b>para asegurar que los argentinos afectados puedan regresar, en medio de una coyuntura marcada por la incertidumbre regional.<\/p>\n<p><img loading=\"lazy\" decoding=\"async\" src=\"https:\/\/lobosnews.com.ar\/wp-content\/uploads\/2026\/03\/la-cancilleria-logro-evacuar-a-248-argentinos-desde-emiratos-arabes-unidos-por-el-conflicto-en-medio-oriente-2.jpg\" alt=\"El Gobierno prioriza a menores y personas con problemas de salud en los vuelos de evacuaci\u00f3n (REUTERS\/Khalil Ashawi)\" height=\"3667\" width=\"5500\"\/><\/p>\n<p>A trav\u00e9s de Quirno, el Gobierno nacional ratific\u00f3 su compromiso de sostener el acompa\u00f1amiento y la b\u00fasqueda de soluciones que permitan la vuelta segura y r\u00e1pida de cada uno de sus ciudadanos en el exterior.<\/p>\n<p>En un primer momento, algunos argentinos que permanecen en los Emiratos \u00c1rabes Unidos recibieron la sugerencia de la embajada de considerar traslados hacia <b>Om\u00e1n o Arabia Saudita<\/b> ante la falta de vuelos directos a Argentina, pero las autoridades locales emitieron la orden de que no se movilicen hasta nuevo aviso, lo que suma dificultades log\u00edsticas al operativo de repatriaci\u00f3n.<\/p>\n<p>La <b>interrupci\u00f3n del tr\u00e1fico a\u00e9reo en varios pa\u00edses de Medio Oriente<\/b> provoc\u00f3 la cancelaci\u00f3n de miles de vuelos y afect\u00f3 a ciudadanos de distintas nacionalidades, seg\u00fan datos de la <b>consultora Cirium<\/b>, que report\u00f3 la <b>suspensi\u00f3n de m\u00e1s del 40% <\/b>de las operaciones previstas en la regi\u00f3n solamente entre el s\u00e1bado y el lunes pasados, en las primeras horas del conflicto b\u00e9lico. <\/p>\n","protected":false},"excerpt":{"rendered":"<p>El canciller Pablo Quirno inform\u00f3 este domingo que 248 ciudadanos argentinos ya pudieron salir de Emiratos \u00c1rabes Unidos (EAU) tras las gestiones diplom\u00e1ticas motivadas por el conflicto en Medio Oriente. El funcionario anunci\u00f3 que \u201chay m\u00e1s vuelos programados para los pr\u00f3ximos d\u00edas\u201d y confirm\u00f3 que el operativo permanece en curso. As\u00ed, de los 416 argentinos&#8230;<\/p>\n","protected":false},"author":1,"featured_media":30865,"comment_status":"open","ping_status":"closed","sticky":false,"template":"","format":"standard","meta":{"_jetpack_memberships_contains_paid_content":false,"footnotes":""},"categories":[31,30,32,77,84,35,36,37],"tags":[],"class_list":["post-30859","post","type-post","status-publish","format-standard","has-post-thumbnail","hentry","category-actualidad","category-argentina","category-economia","category-inseguridad","category-masradios-com","category-nacionales","category-seguridad","category-sociedad"],"magazineBlocksPostFeaturedMedia":{"thumbnail":"https:\/\/lobosnews.com.ar\/wp-content\/uploads\/2026\/03\/la-cancilleria-logro-evacuar-a-248-argentinos-desde-emiratos-arabes-unidos-por-el-conflicto-en-medio-oriente-4-150x150.jpg","medium":"https:\/\/lobosnews.com.ar\/wp-content\/uploads\/2026\/03\/la-cancilleria-logro-evacuar-a-248-argentinos-desde-emiratos-arabes-unidos-por-el-conflicto-en-medio-oriente-4-300x200.jpg","medium_large":"https:\/\/lobosnews.com.ar\/wp-content\/uploads\/2026\/03\/la-cancilleria-logro-evacuar-a-248-argentinos-desde-emiratos-arabes-unidos-por-el-conflicto-en-medio-oriente-4-768x512.jpg","large":"https:\/\/lobosnews.com.ar\/wp-content\/uploads\/2026\/03\/la-cancilleria-logro-evacuar-a-248-argentinos-desde-emiratos-arabes-unidos-por-el-conflicto-en-medio-oriente-4-1024x683.jpg","1536x1536":"https:\/\/lobosnews.com.ar\/wp-content\/uploads\/2026\/03\/la-cancilleria-logro-evacuar-a-248-argentinos-desde-emiratos-arabes-unidos-por-el-conflicto-en-medio-oriente-4-1536x1024.jpg","2048x2048":"https:\/\/lobosnews.com.ar\/wp-content\/uploads\/2026\/03\/la-cancilleria-logro-evacuar-a-248-argentinos-desde-emiratos-arabes-unidos-por-el-conflicto-en-medio-oriente-4-2048x1366.jpg","newsmatic-featured":"https:\/\/lobosnews.com.ar\/wp-content\/uploads\/2026\/03\/la-cancilleria-logro-evacuar-a-248-argentinos-desde-emiratos-arabes-unidos-por-el-conflicto-en-medio-oriente-4-820x545.jpg","newsmatic-list":"https:\/\/lobosnews.com.ar\/wp-content\/uploads\/2026\/03\/la-cancilleria-logro-evacuar-a-248-argentinos-desde-emiratos-arabes-unidos-por-el-conflicto-en-medio-oriente-4-600x400.jpg","newsmatic-thumb":"https:\/\/lobosnews.com.ar\/wp-content\/uploads\/2026\/03\/la-cancilleria-logro-evacuar-a-248-argentinos-desde-emiratos-arabes-unidos-por-el-conflicto-en-medio-oriente-4-300x200.jpg","newsmatic-small":"https:\/\/lobosnews.com.ar\/wp-content\/uploads\/2026\/03\/la-cancilleria-logro-evacuar-a-248-argentinos-desde-emiratos-arabes-unidos-por-el-conflicto-en-medio-oriente-4-150x95.jpg","newsmatic-grid":"https:\/\/lobosnews.com.ar\/wp-content\/uploads\/2026\/03\/la-cancilleria-logro-evacuar-a-248-argentinos-desde-emiratos-arabes-unidos-por-el-conflicto-en-medio-oriente-4-400x250.jpg"},"magazineBlocksPostAuthor":{"name":"admin","avatar":"https:\/\/secure.gravatar.com\/avatar\/76e419471a2083bc3ceab22a763dbbf9b0c1bd15a6214cf3280e2c2dde4580f9?s=96&d=mm&r=g"},"magazineBlocksPostCommentsNumber":"0","magazineBlocksPostExcerpt":"El canciller Pablo Quirno inform\u00f3 este domingo que 248 ciudadanos argentinos ya pudieron salir de Emiratos \u00c1rabes Unidos (EAU) tras las gestiones diplom\u00e1ticas motivadas por el conflicto en Medio Oriente. El funcionario anunci\u00f3 que \u201chay m\u00e1s vuelos programados para los pr\u00f3ximos d\u00edas\u201d y confirm\u00f3 que el operativo permanece en curso. As\u00ed, de los 416 argentinos...","magazineBlocksPostCategories":["Actualidad","Argentina","econom\u00eda","inseguridad","masradios.com","nacionales","seguridad","sociedad"],"magazineBlocksPostViewCount":75,"magazineBlocksPostReadTime":4,"magazine_blocks_featured_image_url":{"full":["https:\/\/lobosnews.com.ar\/wp-content\/uploads\/2026\/03\/la-cancilleria-logro-evacuar-a-248-argentinos-desde-emiratos-arabes-unidos-por-el-conflicto-en-medio-oriente-4-scaled.jpg",2560,1707,false],"medium":["https:\/\/lobosnews.com.ar\/wp-content\/uploads\/2026\/03\/la-cancilleria-logro-evacuar-a-248-argentinos-desde-emiratos-arabes-unidos-por-el-conflicto-en-medio-oriente-4-300x200.jpg",300,200,true],"thumbnail":["https:\/\/lobosnews.com.ar\/wp-content\/uploads\/2026\/03\/la-cancilleria-logro-evacuar-a-248-argentinos-desde-emiratos-arabes-unidos-por-el-conflicto-en-medio-oriente-4-150x150.jpg",150,150,true]},"magazine_blocks_author":{"display_name":"admin","author_link":"https:\/\/lobosnews.com.ar\/index.php\/author\/lobos-news\/"},"magazine_blocks_comment":0,"magazine_blocks_author_image":"https:\/\/secure.gravatar.com\/avatar\/76e419471a2083bc3ceab22a763dbbf9b0c1bd15a6214cf3280e2c2dde4580f9?s=96&d=mm&r=g","magazine_blocks_category":"<a href=\"#\" class=\"category-link category-link-31\">Actualidad<\/a> <a href=\"#\" class=\"category-link category-link-30\">Argentina<\/a> <a href=\"#\" class=\"category-link category-link-32\">econom\u00eda<\/a> <a href=\"#\" class=\"category-link category-link-77\">inseguridad<\/a> <a href=\"#\" class=\"category-link category-link-84\">masradios.com<\/a> <a href=\"#\" class=\"category-link category-link-35\">nacionales<\/a> <a href=\"#\" class=\"category-link category-link-36\">seguridad<\/a> <a href=\"#\" class=\"category-link category-link-37\">sociedad<\/a>","yoast_head":"<!-- This site is optimized with the Yoast SEO plugin v26.6 - https:\/\/yoast.com\/wordpress\/plugins\/seo\/ -->\n<title>La Canciller\u00eda logr\u00f3 evacuar a 248 argentinos desde Emiratos \u00c1rabes Unidos por el conflicto en Medio Oriente - Lobos News<\/title>\n<meta name=\"robots\" content=\"index, follow, max-snippet:-1, max-image-preview:large, max-video-preview:-1\" \/>\n<link rel=\"canonical\" href=\"https:\/\/lobosnews.com.ar\/index.php\/2026\/03\/08\/la-cancilleria-logro-evacuar-a-248-argentinos-desde-emiratos-arabes-unidos-por-el-conflicto-en-medio-oriente\/\" \/>\n<meta property=\"og:locale\" content=\"es_ES\" \/>\n<meta property=\"og:type\" content=\"article\" \/>\n<meta property=\"og:title\" content=\"La Canciller\u00eda logr\u00f3 evacuar a 248 argentinos desde Emiratos \u00c1rabes Unidos por el conflicto en Medio Oriente - Lobos News\" \/>\n<meta property=\"og:description\" content=\"El canciller Pablo Quirno inform\u00f3 este domingo que 248 ciudadanos argentinos ya pudieron salir de Emiratos \u00c1rabes Unidos (EAU) tras las gestiones diplom\u00e1ticas motivadas por el conflicto en Medio Oriente. El funcionario anunci\u00f3 que \u201chay m\u00e1s vuelos programados para los pr\u00f3ximos d\u00edas\u201d y confirm\u00f3 que el operativo permanece en curso. As\u00ed, de los 416 argentinos...\" \/>\n<meta property=\"og:url\" content=\"https:\/\/lobosnews.com.ar\/index.php\/2026\/03\/08\/la-cancilleria-logro-evacuar-a-248-argentinos-desde-emiratos-arabes-unidos-por-el-conflicto-en-medio-oriente\/\" \/>\n<meta property=\"og:site_name\" content=\"Lobos News\" \/>\n<meta property=\"article:published_time\" content=\"2026-03-08T14:01:18+00:00\" \/>\n<meta property=\"article:modified_time\" content=\"2026-03-08T18:01:10+00:00\" \/>\n<meta property=\"og:image\" content=\"https:\/\/lobosnews.com.ar\/wp-content\/uploads\/2026\/03\/la-cancilleria-logro-evacuar-a-248-argentinos-desde-emiratos-arabes-unidos-por-el-conflicto-en-medio-oriente.jpg\" \/>\n<meta name=\"author\" content=\"admin\" \/>\n<meta name=\"twitter:card\" content=\"summary_large_image\" \/>\n<meta name=\"twitter:label1\" content=\"Escrito por\" \/>\n\t<meta name=\"twitter:data1\" content=\"admin\" \/>\n\t<meta name=\"twitter:label2\" content=\"Tiempo de lectura\" \/>\n\t<meta name=\"twitter:data2\" content=\"3 minutos\" \/>\n<script type=\"application\/ld+json\" class=\"yoast-schema-graph\">{\"@context\":\"https:\/\/schema.org\",\"@graph\":[{\"@type\":\"Article\",\"@id\":\"https:\/\/lobosnews.com.ar\/index.php\/2026\/03\/08\/la-cancilleria-logro-evacuar-a-248-argentinos-desde-emiratos-arabes-unidos-por-el-conflicto-en-medio-oriente\/#article\",\"isPartOf\":{\"@id\":\"https:\/\/lobosnews.com.ar\/index.php\/2026\/03\/08\/la-cancilleria-logro-evacuar-a-248-argentinos-desde-emiratos-arabes-unidos-por-el-conflicto-en-medio-oriente\/\"},\"author\":{\"name\":\"admin\",\"@id\":\"https:\/\/lobosnews.com.ar\/#\/schema\/person\/232422a593d5c541dd9aef6aaed10943\"},\"headline\":\"La Canciller\u00eda logr\u00f3 evacuar a 248 argentinos desde Emiratos \u00c1rabes Unidos por el conflicto en Medio Oriente\",\"datePublished\":\"2026-03-08T14:01:18+00:00\",\"dateModified\":\"2026-03-08T18:01:10+00:00\",\"mainEntityOfPage\":{\"@id\":\"https:\/\/lobosnews.com.ar\/index.php\/2026\/03\/08\/la-cancilleria-logro-evacuar-a-248-argentinos-desde-emiratos-arabes-unidos-por-el-conflicto-en-medio-oriente\/\"},\"wordCount\":676,\"commentCount\":0,\"publisher\":{\"@id\":\"https:\/\/lobosnews.com.ar\/#organization\"},\"image\":{\"@id\":\"https:\/\/lobosnews.com.ar\/index.php\/2026\/03\/08\/la-cancilleria-logro-evacuar-a-248-argentinos-desde-emiratos-arabes-unidos-por-el-conflicto-en-medio-oriente\/#primaryimage\"},\"thumbnailUrl\":\"https:\/\/lobosnews.com.ar\/wp-content\/uploads\/2026\/03\/la-cancilleria-logro-evacuar-a-248-argentinos-desde-emiratos-arabes-unidos-por-el-conflicto-en-medio-oriente-4-scaled.jpg\",\"articleSection\":[\"Actualidad\",\"Argentina\",\"econom\u00eda\",\"inseguridad\",\"masradios.com\",\"nacionales\",\"seguridad\",\"sociedad\"],\"inLanguage\":\"es\",\"potentialAction\":[{\"@type\":\"CommentAction\",\"name\":\"Comment\",\"target\":[\"https:\/\/lobosnews.com.ar\/index.php\/2026\/03\/08\/la-cancilleria-logro-evacuar-a-248-argentinos-desde-emiratos-arabes-unidos-por-el-conflicto-en-medio-oriente\/#respond\"]}]},{\"@type\":\"WebPage\",\"@id\":\"https:\/\/lobosnews.com.ar\/index.php\/2026\/03\/08\/la-cancilleria-logro-evacuar-a-248-argentinos-desde-emiratos-arabes-unidos-por-el-conflicto-en-medio-oriente\/\",\"url\":\"https:\/\/lobosnews.com.ar\/index.php\/2026\/03\/08\/la-cancilleria-logro-evacuar-a-248-argentinos-desde-emiratos-arabes-unidos-por-el-conflicto-en-medio-oriente\/\",\"name\":\"La Canciller\u00eda logr\u00f3 evacuar a 248 argentinos desde Emiratos \u00c1rabes Unidos por el conflicto en Medio Oriente - Lobos News\",\"isPartOf\":{\"@id\":\"https:\/\/lobosnews.com.ar\/#website\"},\"primaryImageOfPage\":{\"@id\":\"https:\/\/lobosnews.com.ar\/index.php\/2026\/03\/08\/la-cancilleria-logro-evacuar-a-248-argentinos-desde-emiratos-arabes-unidos-por-el-conflicto-en-medio-oriente\/#primaryimage\"},\"image\":{\"@id\":\"https:\/\/lobosnews.com.ar\/index.php\/2026\/03\/08\/la-cancilleria-logro-evacuar-a-248-argentinos-desde-emiratos-arabes-unidos-por-el-conflicto-en-medio-oriente\/#primaryimage\"},\"thumbnailUrl\":\"https:\/\/lobosnews.com.ar\/wp-content\/uploads\/2026\/03\/la-cancilleria-logro-evacuar-a-248-argentinos-desde-emiratos-arabes-unidos-por-el-conflicto-en-medio-oriente-4-scaled.jpg\",\"datePublished\":\"2026-03-08T14:01:18+00:00\",\"dateModified\":\"2026-03-08T18:01:10+00:00\",\"breadcrumb\":{\"@id\":\"https:\/\/lobosnews.com.ar\/index.php\/2026\/03\/08\/la-cancilleria-logro-evacuar-a-248-argentinos-desde-emiratos-arabes-unidos-por-el-conflicto-en-medio-oriente\/#breadcrumb\"},\"inLanguage\":\"es\",\"potentialAction\":[{\"@type\":\"ReadAction\",\"target\":[\"https:\/\/lobosnews.com.ar\/index.php\/2026\/03\/08\/la-cancilleria-logro-evacuar-a-248-argentinos-desde-emiratos-arabes-unidos-por-el-conflicto-en-medio-oriente\/\"]}]},{\"@type\":\"ImageObject\",\"inLanguage\":\"es\",\"@id\":\"https:\/\/lobosnews.com.ar\/index.php\/2026\/03\/08\/la-cancilleria-logro-evacuar-a-248-argentinos-desde-emiratos-arabes-unidos-por-el-conflicto-en-medio-oriente\/#primaryimage\",\"url\":\"https:\/\/lobosnews.com.ar\/wp-content\/uploads\/2026\/03\/la-cancilleria-logro-evacuar-a-248-argentinos-desde-emiratos-arabes-unidos-por-el-conflicto-en-medio-oriente-4-scaled.jpg\",\"contentUrl\":\"https:\/\/lobosnews.com.ar\/wp-content\/uploads\/2026\/03\/la-cancilleria-logro-evacuar-a-248-argentinos-desde-emiratos-arabes-unidos-por-el-conflicto-en-medio-oriente-4-scaled.jpg\",\"width\":2560,\"height\":1707,\"caption\":\"La Canciller\u00eda logr\u00f3 evacuar a 248 argentinos desde Emiratos \u00c1rabes Unidos por el conflicto en Medio Oriente\"},{\"@type\":\"BreadcrumbList\",\"@id\":\"https:\/\/lobosnews.com.ar\/index.php\/2026\/03\/08\/la-cancilleria-logro-evacuar-a-248-argentinos-desde-emiratos-arabes-unidos-por-el-conflicto-en-medio-oriente\/#breadcrumb\",\"itemListElement\":[{\"@type\":\"ListItem\",\"position\":1,\"name\":\"Portada\",\"item\":\"https:\/\/lobosnews.com.ar\/\"},{\"@type\":\"ListItem\",\"position\":2,\"name\":\"La Canciller\u00eda logr\u00f3 evacuar a 248 argentinos desde Emiratos \u00c1rabes Unidos por el conflicto en Medio Oriente\"}]},{\"@type\":\"WebSite\",\"@id\":\"https:\/\/lobosnews.com.ar\/#website\",\"url\":\"https:\/\/lobosnews.com.ar\/\",\"name\":\"Lobos News\",\"description\":\"Informaci\u00f3n a cada instante\",\"publisher\":{\"@id\":\"https:\/\/lobosnews.com.ar\/#organization\"},\"potentialAction\":[{\"@type\":\"SearchAction\",\"target\":{\"@type\":\"EntryPoint\",\"urlTemplate\":\"https:\/\/lobosnews.com.ar\/?s={search_term_string}\"},\"query-input\":{\"@type\":\"PropertyValueSpecification\",\"valueRequired\":true,\"valueName\":\"search_term_string\"}}],\"inLanguage\":\"es\"},{\"@type\":\"Organization\",\"@id\":\"https:\/\/lobosnews.com.ar\/#organization\",\"name\":\"Lobos News\",\"url\":\"https:\/\/lobosnews.com.ar\/\",\"logo\":{\"@type\":\"ImageObject\",\"inLanguage\":\"es\",\"@id\":\"https:\/\/lobosnews.com.ar\/#\/schema\/logo\/image\/\",\"url\":\"https:\/\/lobosnews.com.ar\/wp-content\/uploads\/2026\/01\/logo-lobosnews.png\",\"contentUrl\":\"https:\/\/lobosnews.com.ar\/wp-content\/uploads\/2026\/01\/logo-lobosnews.png\",\"width\":500,\"height\":200,\"caption\":\"Lobos News\"},\"image\":{\"@id\":\"https:\/\/lobosnews.com.ar\/#\/schema\/logo\/image\/\"}},{\"@type\":\"Person\",\"@id\":\"https:\/\/lobosnews.com.ar\/#\/schema\/person\/232422a593d5c541dd9aef6aaed10943\",\"name\":\"admin\",\"image\":{\"@type\":\"ImageObject\",\"inLanguage\":\"es\",\"@id\":\"https:\/\/lobosnews.com.ar\/#\/schema\/person\/image\/\",\"url\":\"https:\/\/secure.gravatar.com\/avatar\/76e419471a2083bc3ceab22a763dbbf9b0c1bd15a6214cf3280e2c2dde4580f9?s=96&d=mm&r=g\",\"contentUrl\":\"https:\/\/secure.gravatar.com\/avatar\/76e419471a2083bc3ceab22a763dbbf9b0c1bd15a6214cf3280e2c2dde4580f9?s=96&d=mm&r=g\",\"caption\":\"admin\"},\"sameAs\":[\"https:\/\/lobosnews.com.ar\"],\"url\":\"https:\/\/lobosnews.com.ar\/index.php\/author\/lobos-news\/\"}]}<\/script>\n<!-- \/ Yoast SEO plugin. -->","yoast_head_json":{"title":"La Canciller\u00eda logr\u00f3 evacuar a 248 argentinos desde Emiratos \u00c1rabes Unidos por el conflicto en Medio Oriente - Lobos News","robots":{"index":"index","follow":"follow","max-snippet":"max-snippet:-1","max-image-preview":"max-image-preview:large","max-video-preview":"max-video-preview:-1"},"canonical":"https:\/\/lobosnews.com.ar\/index.php\/2026\/03\/08\/la-cancilleria-logro-evacuar-a-248-argentinos-desde-emiratos-arabes-unidos-por-el-conflicto-en-medio-oriente\/","og_locale":"es_ES","og_type":"article","og_title":"La Canciller\u00eda logr\u00f3 evacuar a 248 argentinos desde Emiratos \u00c1rabes Unidos por el conflicto en Medio Oriente - Lobos News","og_description":"El canciller Pablo Quirno inform\u00f3 este domingo que 248 ciudadanos argentinos ya pudieron salir de Emiratos \u00c1rabes Unidos (EAU) tras las gestiones diplom\u00e1ticas motivadas por el conflicto en Medio Oriente. El funcionario anunci\u00f3 que \u201chay m\u00e1s vuelos programados para los pr\u00f3ximos d\u00edas\u201d y confirm\u00f3 que el operativo permanece en curso. As\u00ed, de los 416 argentinos...","og_url":"https:\/\/lobosnews.com.ar\/index.php\/2026\/03\/08\/la-cancilleria-logro-evacuar-a-248-argentinos-desde-emiratos-arabes-unidos-por-el-conflicto-en-medio-oriente\/","og_site_name":"Lobos News","article_published_time":"2026-03-08T14:01:18+00:00","article_modified_time":"2026-03-08T18:01:10+00:00","og_image":[{"url":"https:\/\/lobosnews.com.ar\/wp-content\/uploads\/2026\/03\/la-cancilleria-logro-evacuar-a-248-argentinos-desde-emiratos-arabes-unidos-por-el-conflicto-en-medio-oriente.jpg","type":"","width":"","height":""}],"author":"admin","twitter_card":"summary_large_image","twitter_misc":{"Escrito por":"admin","Tiempo de lectura":"3 minutos"},"schema":{"@context":"https:\/\/schema.org","@graph":[{"@type":"Article","@id":"https:\/\/lobosnews.com.ar\/index.php\/2026\/03\/08\/la-cancilleria-logro-evacuar-a-248-argentinos-desde-emiratos-arabes-unidos-por-el-conflicto-en-medio-oriente\/#article","isPartOf":{"@id":"https:\/\/lobosnews.com.ar\/index.php\/2026\/03\/08\/la-cancilleria-logro-evacuar-a-248-argentinos-desde-emiratos-arabes-unidos-por-el-conflicto-en-medio-oriente\/"},"author":{"name":"admin","@id":"https:\/\/lobosnews.com.ar\/#\/schema\/person\/232422a593d5c541dd9aef6aaed10943"},"headline":"La Canciller\u00eda logr\u00f3 evacuar a 248 argentinos desde Emiratos \u00c1rabes Unidos por el conflicto en Medio Oriente","datePublished":"2026-03-08T14:01:18+00:00","dateModified":"2026-03-08T18:01:10+00:00","mainEntityOfPage":{"@id":"https:\/\/lobosnews.com.ar\/index.php\/2026\/03\/08\/la-cancilleria-logro-evacuar-a-248-argentinos-desde-emiratos-arabes-unidos-por-el-conflicto-en-medio-oriente\/"},"wordCount":676,"commentCount":0,"publisher":{"@id":"https:\/\/lobosnews.com.ar\/#organization"},"image":{"@id":"https:\/\/lobosnews.com.ar\/index.php\/2026\/03\/08\/la-cancilleria-logro-evacuar-a-248-argentinos-desde-emiratos-arabes-unidos-por-el-conflicto-en-medio-oriente\/#primaryimage"},"thumbnailUrl":"https:\/\/lobosnews.com.ar\/wp-content\/uploads\/2026\/03\/la-cancilleria-logro-evacuar-a-248-argentinos-desde-emiratos-arabes-unidos-por-el-conflicto-en-medio-oriente-4-scaled.jpg","articleSection":["Actualidad","Argentina","econom\u00eda","inseguridad","masradios.com","nacionales","seguridad","sociedad"],"inLanguage":"es","potentialAction":[{"@type":"CommentAction","name":"Comment","target":["https:\/\/lobosnews.com.ar\/index.php\/2026\/03\/08\/la-cancilleria-logro-evacuar-a-248-argentinos-desde-emiratos-arabes-unidos-por-el-conflicto-en-medio-oriente\/#respond"]}]},{"@type":"WebPage","@id":"https:\/\/lobosnews.com.ar\/index.php\/2026\/03\/08\/la-cancilleria-logro-evacuar-a-248-argentinos-desde-emiratos-arabes-unidos-por-el-conflicto-en-medio-oriente\/","url":"https:\/\/lobosnews.com.ar\/index.php\/2026\/03\/08\/la-cancilleria-logro-evacuar-a-248-argentinos-desde-emiratos-arabes-unidos-por-el-conflicto-en-medio-oriente\/","name":"La Canciller\u00eda logr\u00f3 evacuar a 248 argentinos desde Emiratos \u00c1rabes Unidos por el conflicto en Medio Oriente - Lobos News","isPartOf":{"@id":"https:\/\/lobosnews.com.ar\/#website"},"primaryImageOfPage":{"@id":"https:\/\/lobosnews.com.ar\/index.php\/2026\/03\/08\/la-cancilleria-logro-evacuar-a-248-argentinos-desde-emiratos-arabes-unidos-por-el-conflicto-en-medio-oriente\/#primaryimage"},"image":{"@id":"https:\/\/lobosnews.com.ar\/index.php\/2026\/03\/08\/la-cancilleria-logro-evacuar-a-248-argentinos-desde-emiratos-arabes-unidos-por-el-conflicto-en-medio-oriente\/#primaryimage"},"thumbnailUrl":"https:\/\/lobosnews.com.ar\/wp-content\/uploads\/2026\/03\/la-cancilleria-logro-evacuar-a-248-argentinos-desde-emiratos-arabes-unidos-por-el-conflicto-en-medio-oriente-4-scaled.jpg","datePublished":"2026-03-08T14:01:18+00:00","dateModified":"2026-03-08T18:01:10+00:00","breadcrumb":{"@id":"https:\/\/lobosnews.com.ar\/index.php\/2026\/03\/08\/la-cancilleria-logro-evacuar-a-248-argentinos-desde-emiratos-arabes-unidos-por-el-conflicto-en-medio-oriente\/#breadcrumb"},"inLanguage":"es","potentialAction":[{"@type":"ReadAction","target":["https:\/\/lobosnews.com.ar\/index.php\/2026\/03\/08\/la-cancilleria-logro-evacuar-a-248-argentinos-desde-emiratos-arabes-unidos-por-el-conflicto-en-medio-oriente\/"]}]},{"@type":"ImageObject","inLanguage":"es","@id":"https:\/\/lobosnews.com.ar\/index.php\/2026\/03\/08\/la-cancilleria-logro-evacuar-a-248-argentinos-desde-emiratos-arabes-unidos-por-el-conflicto-en-medio-oriente\/#primaryimage","url":"https:\/\/lobosnews.com.ar\/wp-content\/uploads\/2026\/03\/la-cancilleria-logro-evacuar-a-248-argentinos-desde-emiratos-arabes-unidos-por-el-conflicto-en-medio-oriente-4-scaled.jpg","contentUrl":"https:\/\/lobosnews.com.ar\/wp-content\/uploads\/2026\/03\/la-cancilleria-logro-evacuar-a-248-argentinos-desde-emiratos-arabes-unidos-por-el-conflicto-en-medio-oriente-4-scaled.jpg","width":2560,"height":1707,"caption":"La Canciller\u00eda logr\u00f3 evacuar a 248 argentinos desde Emiratos \u00c1rabes Unidos por el conflicto en Medio Oriente"},{"@type":"BreadcrumbList","@id":"https:\/\/lobosnews.com.ar\/index.php\/2026\/03\/08\/la-cancilleria-logro-evacuar-a-248-argentinos-desde-emiratos-arabes-unidos-por-el-conflicto-en-medio-oriente\/#breadcrumb","itemListElement":[{"@type":"ListItem","position":1,"name":"Portada","item":"https:\/\/lobosnews.com.ar\/"},{"@type":"ListItem","position":2,"name":"La Canciller\u00eda logr\u00f3 evacuar a 248 argentinos desde Emiratos \u00c1rabes Unidos por el conflicto en Medio Oriente"}]},{"@type":"WebSite","@id":"https:\/\/lobosnews.com.ar\/#website","url":"https:\/\/lobosnews.com.ar\/","name":"Lobos News","description":"Informaci\u00f3n a cada instante","publisher":{"@id":"https:\/\/lobosnews.com.ar\/#organization"},"potentialAction":[{"@type":"SearchAction","target":{"@type":"EntryPoint","urlTemplate":"https:\/\/lobosnews.com.ar\/?s={search_term_string}"},"query-input":{"@type":"PropertyValueSpecification","valueRequired":true,"valueName":"search_term_string"}}],"inLanguage":"es"},{"@type":"Organization","@id":"https:\/\/lobosnews.com.ar\/#organization","name":"Lobos News","url":"https:\/\/lobosnews.com.ar\/","logo":{"@type":"ImageObject","inLanguage":"es","@id":"https:\/\/lobosnews.com.ar\/#\/schema\/logo\/image\/","url":"https:\/\/lobosnews.com.ar\/wp-content\/uploads\/2026\/01\/logo-lobosnews.png","contentUrl":"https:\/\/lobosnews.com.ar\/wp-content\/uploads\/2026\/01\/logo-lobosnews.png","width":500,"height":200,"caption":"Lobos News"},"image":{"@id":"https:\/\/lobosnews.com.ar\/#\/schema\/logo\/image\/"}},{"@type":"Person","@id":"https:\/\/lobosnews.com.ar\/#\/schema\/person\/232422a593d5c541dd9aef6aaed10943","name":"admin","image":{"@type":"ImageObject","inLanguage":"es","@id":"https:\/\/lobosnews.com.ar\/#\/schema\/person\/image\/","url":"https:\/\/secure.gravatar.com\/avatar\/76e419471a2083bc3ceab22a763dbbf9b0c1bd15a6214cf3280e2c2dde4580f9?s=96&d=mm&r=g","contentUrl":"https:\/\/secure.gravatar.com\/avatar\/76e419471a2083bc3ceab22a763dbbf9b0c1bd15a6214cf3280e2c2dde4580f9?s=96&d=mm&r=g","caption":"admin"},"sameAs":["https:\/\/lobosnews.com.ar"],"url":"https:\/\/lobosnews.com.ar\/index.php\/author\/lobos-news\/"}]}},"jetpack_featured_media_url":"https:\/\/lobosnews.com.ar\/wp-content\/uploads\/2026\/03\/la-cancilleria-logro-evacuar-a-248-argentinos-desde-emiratos-arabes-unidos-por-el-conflicto-en-medio-oriente-4-scaled.jpg","jetpack_sharing_enabled":true,"_links":{"self":[{"href":"https:\/\/lobosnews.com.ar\/index.php\/wp-json\/wp\/v2\/posts\/30859","targetHints":{"allow":["GET"]}}],"collection":[{"href":"https:\/\/lobosnews.com.ar\/index.php\/wp-json\/wp\/v2\/posts"}],"about":[{"href":"https:\/\/lobosnews.com.ar\/index.php\/wp-json\/wp\/v2\/types\/post"}],"author":[{"embeddable":true,"href":"https:\/\/lobosnews.com.ar\/index.php\/wp-json\/wp\/v2\/users\/1"}],"replies":[{"embeddable":true,"href":"https:\/\/lobosnews.com.ar\/index.php\/wp-json\/wp\/v2\/comments?post=30859"}],"version-history":[{"count":1,"href":"https:\/\/lobosnews.com.ar\/index.php\/wp-json\/wp\/v2\/posts\/30859\/revisions"}],"predecessor-version":[{"id":30864,"href":"https:\/\/lobosnews.com.ar\/index.php\/wp-json\/wp\/v2\/posts\/30859\/revisions\/30864"}],"wp:featuredmedia":[{"embeddable":true,"href":"https:\/\/lobosnews.com.ar\/index.php\/wp-json\/wp\/v2\/media\/30865"}],"wp:attachment":[{"href":"https:\/\/lobosnews.com.ar\/index.php\/wp-json\/wp\/v2\/media?parent=30859"}],"wp:term":[{"taxonomy":"category","embeddable":true,"href":"https:\/\/lobosnews.com.ar\/index.php\/wp-json\/wp\/v2\/categories?post=30859"},{"taxonomy":"post_tag","embeddable":true,"href":"https:\/\/lobosnews.com.ar\/index.php\/wp-json\/wp\/v2\/tags?post=30859"}],"curies":[{"name":"wp","href":"https:\/\/api.w.org\/{rel}","templated":true}]}}