{"id":30852,"date":"2026-03-08T17:05:40","date_gmt":"2026-03-08T17:05:40","guid":{"rendered":"https:\/\/lobosnews.com.ar\/index.php\/2026\/03\/08\/se-postergo-nuevamente-la-reanudacion-del-servicio-completo-del-tren-mitre\/"},"modified":"2026-03-08T18:00:57","modified_gmt":"2026-03-08T18:00:57","slug":"se-postergo-nuevamente-la-reanudacion-del-servicio-completo-del-tren-mitre","status":"publish","type":"post","link":"https:\/\/lobosnews.com.ar\/index.php\/2026\/03\/08\/se-postergo-nuevamente-la-reanudacion-del-servicio-completo-del-tren-mitre\/","title":{"rendered":"Se posterg\u00f3 nuevamente la reanudaci\u00f3n del servicio completo del Tren Mitre"},"content":{"rendered":"<p><img fetchpriority=\"high\" decoding=\"async\" src=\"https:\/\/lobosnews.com.ar\/wp-content\/uploads\/2026\/03\/se-postergo-nuevamente-la-reanudacion-del-servicio-completo-del-tren-mitre.jpg\" alt=\"La reapertura de la l\u00ednea Mitre volvi\u00f3 a posponerse por las obras planteadas por Trenes Argentinos\" height=\"869\" width=\"1304\"\/><\/p>\n<p>La reanudaci\u00f3n completa del servicio de la <b>l\u00ednea Mitre,<\/b> en su conexi\u00f3n con la terminal porte\u00f1a de <b>Retiro<\/b> volvi\u00f3 a postergarse, seg\u00fan el reciente <b>comunicado oficial<\/b> difundido por <b>Trenes Argentinos<\/b>. El dato central es la extensi\u00f3n del plazo: aunque la reapertura estaba prevista para el d\u00eda de hoy, <b>la operadora estatal fij\u00f3 una nueva estimaci\u00f3n de 15 d\u00edas adicionales de pruebas.<\/b><\/p>\n<p>De esta forma, el restablecimiento total de los tres ramales <b>no tiene una fecha definida.<\/b> Durante este per\u00edodo, los trenes mantendr\u00e1n el funcionamiento limitado entre <b>Belgrano C y Tigre<\/b>, y entre <b>Belgrano R<\/b> y las terminales bonaerenses de <b>Jos\u00e9 Le\u00f3n Su\u00e1rez<\/b> y <b>Bartolom\u00e9 Mitre<\/b>.<\/p>\n<p>Desde el 10 de enero, las operaciones de la l\u00ednea Mitre experimentan restricciones como resultado directo de dos proyectos de infraestructura implementados de manera simult\u00e1nea: la <b>renovaci\u00f3n de v\u00edas del ramal Tigre<\/b> y el recambio total del <b>sistema de se\u00f1alamiento en el ingreso a Retiro<\/b>.<\/p>\n<p><img loading=\"lazy\" decoding=\"async\" src=\"https:\/\/lobosnews.com.ar\/wp-content\/uploads\/2026\/03\/se-postergo-nuevamente-la-reanudacion-del-servicio-completo-del-tren-mitre-1.jpg\" alt=\"La interrupci\u00f3n original se hab\u00eda programado hasta el 1\u00b0 de marzo \" height=\"1080\" width=\"1920\"\/><\/p>\n<p>La interrupci\u00f3n original se program\u00f3 hasta el <b>1\u00b0 de marzo<\/b>, pero las etapas t\u00e9cnicas, pruebas operativas y la capacitaci\u00f3n requerida para el personal multiplicaron los plazos. Seg\u00fan el informe oficial, el proceso actual permite \u201ccorroborar el <b>perfecto funcionamiento del sistema de se\u00f1alamiento<\/b>\u201d mediante circulaci\u00f3n exclusiva de formaciones vac\u00edas. Desde la empresa remarcaron que la prioridad es garantizar <b>\u201ccondiciones \u00f3ptimas de seguridad operacional\u201d<\/b> antes de restablecer los trayectos completos.<\/p>\n<p>Trenes Argentinos subray\u00f3 que \u201clas pruebas operativas continuar\u00e1n durante los pr\u00f3ximos d\u00edas\u201d, y que \u201cel retorno del servicio completo <b>depender\u00e1 del resultado satisfactorio<\/b> en materia de seguridad\u201d.<\/p>\n<p><img loading=\"lazy\" decoding=\"async\" src=\"https:\/\/lobosnews.com.ar\/wp-content\/uploads\/2026\/03\/se-postergo-nuevamente-la-reanudacion-del-servicio-completo-del-tren-mitre-2.jpg\" alt=\"La fase actual est\u00e1 enfocada en el sistema de se\u00f1alamiento de Retiro (EFE\/Leo La Valle) \" height=\"2953\" width=\"4817\"\/><\/p>\n<p>El comunicado detall\u00f3 que \u201cla obra de renovaci\u00f3n de v\u00edas continuar\u00e1 ejecut\u00e1ndose <b>por la noche<\/b> para afectar lo menos posible el servicio\u201d. Adem\u00e1s, la empresa estima que, una vez finalizada la intervenci\u00f3n, la <b>duraci\u00f3n del viaje entre Retiro y la terminal de Tigre podr\u00eda reducirse en 10 minutos para mitad de a\u00f1o, y en 17 minutos para fines de 2026<\/b>.<\/p>\n<p>El alcance de la obra evidencia la magnitud de la intervenci\u00f3n, que consta de <b>29 kil\u00f3metros de v\u00edas renovadas<\/b> en el ramal Tigre, modernizaci\u00f3n de <b>13 cuadros de estaci\u00f3n<\/b>, ajuste estructural en <b>16 pasos a nivel<\/b> y en <b>12 puentes<\/b>. El principal objetivo t\u00e9cnico radica en reemplazar un sistema de se\u00f1ales con m\u00e1s de un siglo de antig\u00fcedad. Para ello, <b>se instalaron 120 kil\u00f3metros de cables nuevos y modernos sem\u00e1foros<\/b>, proceso que oblig\u00f3 a desconectar la infraestructura original y enlazarla con la nueva en un lapso sin circulaci\u00f3n de trenes por motivos operativos.<\/p>\n<p>La <b>modernizaci\u00f3n integral<\/b> ejecutada por <b>Trenes Argentinos <\/b>se define en el marco del <b>plan de acci\u00f3n de emergencia ferroviaria<\/b>, orientado a \u201cmejorar las condiciones de seguridad operacional\u201d. El reemplazo de todo el sistema de cables, se\u00f1ales y transici\u00f3n operacional, que contaba con m\u00e1s de 100 a\u00f1os de antig\u00fcedad, requiri\u00f3 la formaci\u00f3n intensiva del personal, actualizaci\u00f3n de protocolos y el traspaso tecnol\u00f3gico.<\/p>\n<p><img loading=\"lazy\" decoding=\"async\" src=\"https:\/\/lobosnews.com.ar\/wp-content\/uploads\/2026\/03\/se-postergo-nuevamente-la-reanudacion-del-servicio-completo-del-tren-mitre-3.jpg\" alt=\"Las trazas comenzaron a operar con restricciones el 10 de enero\" height=\"878\" width=\"1317\"\/><\/p>\n<p>En este sentido, la empresa se\u00f1al\u00f3: \u201cEn paralelo, durante esta etapa, se contin\u00faa trabajando en la capacitaci\u00f3n del personal especializado para que el regreso de los ramales <b>Tigre, J. L. Su\u00e1rez <\/b>y<b> Bartolom\u00e9 Mitre<\/b> se produzca en las condiciones indispensables de seguridad en la circulaci\u00f3n ferroviaria\u201d.<\/p>\n<p>Las trazas comenzaron a operar con restricciones el 10 de enero. Desde Jos\u00e9 Le\u00f3n Su\u00e1rez y Mitre, el recorrido se limit\u00f3 hasta la estaci\u00f3n Belgrano R. Por otro lado, <b>los trenes que conectan Tigre con la terminal de Retiro permanecieron fuera de servicio durante 50 d\u00edas. <\/b>Previamente, el regreso del recorrido completo de la l\u00ednea Mitre <span class=\"waslinkname\">estaba estipulada para el 28 de febrero<\/span>.<\/p>\n<p>A mediados de febrero, el Gobierno Nacional <span class=\"waslinkname\"><i>extendi\u00f3 el plazo de la emergencia p\u00fablica en materia ferroviaria<\/i><\/span> antes de que se cumpla la fecha de vencimiento. A trav\u00e9s de la <b>resoluci\u00f3n 12\/2026, <\/b>publicada en <b>Bolet\u00edn Oficial, <\/b>sum\u00f3 otros <b>dos a\u00f1os <\/b>al r\u00e9gimen de excepci\u00f3n que busca la <b>recuperaci\u00f3n del servicios de transporte de pasajeros y cargas bajo jurisdicci\u00f3n nacional.<\/b><\/p>\n<p>Esta decisi\u00f3n responde al decreto dictado originalmente mediante en<span class=\"waslinkname\"><i> <\/i><i><b>junio de 2024<\/b><\/i><\/span>. En aquel entones, el plazo establecido tambi\u00e9n fue de 24 meses, por lo que el vencimiento ser\u00eda a mediados de este a\u00f1o.<\/p>\n","protected":false},"excerpt":{"rendered":"<p>La reanudaci\u00f3n completa del servicio de la l\u00ednea Mitre, en su conexi\u00f3n con la terminal porte\u00f1a de Retiro volvi\u00f3 a postergarse, seg\u00fan el reciente comunicado oficial difundido por Trenes Argentinos. El dato central es la extensi\u00f3n del plazo: aunque la reapertura estaba prevista para el d\u00eda de hoy, la operadora estatal fij\u00f3 una nueva estimaci\u00f3n&#8230;<\/p>\n","protected":false},"author":1,"featured_media":30858,"comment_status":"open","ping_status":"closed","sticky":false,"template":"","format":"standard","meta":{"_jetpack_memberships_contains_paid_content":false,"footnotes":""},"categories":[31,30,32,77,84,35,36,37],"tags":[],"class_list":["post-30852","post","type-post","status-publish","format-standard","has-post-thumbnail","hentry","category-actualidad","category-argentina","category-economia","category-inseguridad","category-masradios-com","category-nacionales","category-seguridad","category-sociedad"],"magazineBlocksPostFeaturedMedia":{"thumbnail":"https:\/\/lobosnews.com.ar\/wp-content\/uploads\/2026\/03\/se-postergo-nuevamente-la-reanudacion-del-servicio-completo-del-tren-mitre-6-150x150.jpg","medium":"https:\/\/lobosnews.com.ar\/wp-content\/uploads\/2026\/03\/se-postergo-nuevamente-la-reanudacion-del-servicio-completo-del-tren-mitre-6-300x200.jpg","medium_large":"https:\/\/lobosnews.com.ar\/wp-content\/uploads\/2026\/03\/se-postergo-nuevamente-la-reanudacion-del-servicio-completo-del-tren-mitre-6-768x512.jpg","large":"https:\/\/lobosnews.com.ar\/wp-content\/uploads\/2026\/03\/se-postergo-nuevamente-la-reanudacion-del-servicio-completo-del-tren-mitre-6-1024x683.jpg","1536x1536":"https:\/\/lobosnews.com.ar\/wp-content\/uploads\/2026\/03\/se-postergo-nuevamente-la-reanudacion-del-servicio-completo-del-tren-mitre-6.jpg","2048x2048":"https:\/\/lobosnews.com.ar\/wp-content\/uploads\/2026\/03\/se-postergo-nuevamente-la-reanudacion-del-servicio-completo-del-tren-mitre-6.jpg","newsmatic-featured":"https:\/\/lobosnews.com.ar\/wp-content\/uploads\/2026\/03\/se-postergo-nuevamente-la-reanudacion-del-servicio-completo-del-tren-mitre-6-820x545.jpg","newsmatic-list":"https:\/\/lobosnews.com.ar\/wp-content\/uploads\/2026\/03\/se-postergo-nuevamente-la-reanudacion-del-servicio-completo-del-tren-mitre-6-600x400.jpg","newsmatic-thumb":"https:\/\/lobosnews.com.ar\/wp-content\/uploads\/2026\/03\/se-postergo-nuevamente-la-reanudacion-del-servicio-completo-del-tren-mitre-6-300x200.jpg","newsmatic-small":"https:\/\/lobosnews.com.ar\/wp-content\/uploads\/2026\/03\/se-postergo-nuevamente-la-reanudacion-del-servicio-completo-del-tren-mitre-6-150x95.jpg","newsmatic-grid":"https:\/\/lobosnews.com.ar\/wp-content\/uploads\/2026\/03\/se-postergo-nuevamente-la-reanudacion-del-servicio-completo-del-tren-mitre-6-400x250.jpg"},"magazineBlocksPostAuthor":{"name":"admin","avatar":"https:\/\/secure.gravatar.com\/avatar\/76e419471a2083bc3ceab22a763dbbf9b0c1bd15a6214cf3280e2c2dde4580f9?s=96&d=mm&r=g"},"magazineBlocksPostCommentsNumber":"0","magazineBlocksPostExcerpt":"La reanudaci\u00f3n completa del servicio de la l\u00ednea Mitre, en su conexi\u00f3n con la terminal porte\u00f1a de Retiro volvi\u00f3 a postergarse, seg\u00fan el reciente comunicado oficial difundido por Trenes Argentinos. El dato central es la extensi\u00f3n del plazo: aunque la reapertura estaba prevista para el d\u00eda de hoy, la operadora estatal fij\u00f3 una nueva estimaci\u00f3n...","magazineBlocksPostCategories":["Actualidad","Argentina","econom\u00eda","inseguridad","masradios.com","nacionales","seguridad","sociedad"],"magazineBlocksPostViewCount":74,"magazineBlocksPostReadTime":4,"magazine_blocks_featured_image_url":{"full":["https:\/\/lobosnews.com.ar\/wp-content\/uploads\/2026\/03\/se-postergo-nuevamente-la-reanudacion-del-servicio-completo-del-tren-mitre-6.jpg",1317,878,false],"medium":["https:\/\/lobosnews.com.ar\/wp-content\/uploads\/2026\/03\/se-postergo-nuevamente-la-reanudacion-del-servicio-completo-del-tren-mitre-6-300x200.jpg",300,200,true],"thumbnail":["https:\/\/lobosnews.com.ar\/wp-content\/uploads\/2026\/03\/se-postergo-nuevamente-la-reanudacion-del-servicio-completo-del-tren-mitre-6-150x150.jpg",150,150,true]},"magazine_blocks_author":{"display_name":"admin","author_link":"https:\/\/lobosnews.com.ar\/index.php\/author\/lobos-news\/"},"magazine_blocks_comment":0,"magazine_blocks_author_image":"https:\/\/secure.gravatar.com\/avatar\/76e419471a2083bc3ceab22a763dbbf9b0c1bd15a6214cf3280e2c2dde4580f9?s=96&d=mm&r=g","magazine_blocks_category":"<a href=\"#\" class=\"category-link category-link-31\">Actualidad<\/a> <a href=\"#\" class=\"category-link category-link-30\">Argentina<\/a> <a href=\"#\" class=\"category-link category-link-32\">econom\u00eda<\/a> <a href=\"#\" class=\"category-link category-link-77\">inseguridad<\/a> <a href=\"#\" class=\"category-link category-link-84\">masradios.com<\/a> <a href=\"#\" class=\"category-link category-link-35\">nacionales<\/a> <a href=\"#\" class=\"category-link category-link-36\">seguridad<\/a> <a href=\"#\" class=\"category-link category-link-37\">sociedad<\/a>","yoast_head":"<!-- This site is optimized with the Yoast SEO plugin v26.6 - https:\/\/yoast.com\/wordpress\/plugins\/seo\/ -->\n<title>Se posterg\u00f3 nuevamente la reanudaci\u00f3n del servicio completo del Tren Mitre - Lobos News<\/title>\n<meta name=\"robots\" content=\"index, follow, max-snippet:-1, max-image-preview:large, max-video-preview:-1\" \/>\n<link rel=\"canonical\" href=\"https:\/\/lobosnews.com.ar\/index.php\/2026\/03\/08\/se-postergo-nuevamente-la-reanudacion-del-servicio-completo-del-tren-mitre\/\" \/>\n<meta property=\"og:locale\" content=\"es_ES\" \/>\n<meta property=\"og:type\" content=\"article\" \/>\n<meta property=\"og:title\" content=\"Se posterg\u00f3 nuevamente la reanudaci\u00f3n del servicio completo del Tren Mitre - Lobos News\" \/>\n<meta property=\"og:description\" content=\"La reanudaci\u00f3n completa del servicio de la l\u00ednea Mitre, en su conexi\u00f3n con la terminal porte\u00f1a de Retiro volvi\u00f3 a postergarse, seg\u00fan el reciente comunicado oficial difundido por Trenes Argentinos. El dato central es la extensi\u00f3n del plazo: aunque la reapertura estaba prevista para el d\u00eda de hoy, la operadora estatal fij\u00f3 una nueva estimaci\u00f3n...\" \/>\n<meta property=\"og:url\" content=\"https:\/\/lobosnews.com.ar\/index.php\/2026\/03\/08\/se-postergo-nuevamente-la-reanudacion-del-servicio-completo-del-tren-mitre\/\" \/>\n<meta property=\"og:site_name\" content=\"Lobos News\" \/>\n<meta property=\"article:published_time\" content=\"2026-03-08T17:05:40+00:00\" \/>\n<meta property=\"article:modified_time\" content=\"2026-03-08T18:00:57+00:00\" \/>\n<meta property=\"og:image\" content=\"https:\/\/lobosnews.com.ar\/wp-content\/uploads\/2026\/03\/se-postergo-nuevamente-la-reanudacion-del-servicio-completo-del-tren-mitre.jpg\" \/>\n<meta name=\"author\" content=\"admin\" \/>\n<meta name=\"twitter:card\" content=\"summary_large_image\" \/>\n<meta name=\"twitter:label1\" content=\"Escrito por\" \/>\n\t<meta name=\"twitter:data1\" content=\"admin\" \/>\n\t<meta name=\"twitter:label2\" content=\"Tiempo de lectura\" \/>\n\t<meta name=\"twitter:data2\" content=\"4 minutos\" \/>\n<script type=\"application\/ld+json\" class=\"yoast-schema-graph\">{\"@context\":\"https:\/\/schema.org\",\"@graph\":[{\"@type\":\"Article\",\"@id\":\"https:\/\/lobosnews.com.ar\/index.php\/2026\/03\/08\/se-postergo-nuevamente-la-reanudacion-del-servicio-completo-del-tren-mitre\/#article\",\"isPartOf\":{\"@id\":\"https:\/\/lobosnews.com.ar\/index.php\/2026\/03\/08\/se-postergo-nuevamente-la-reanudacion-del-servicio-completo-del-tren-mitre\/\"},\"author\":{\"name\":\"admin\",\"@id\":\"https:\/\/lobosnews.com.ar\/#\/schema\/person\/232422a593d5c541dd9aef6aaed10943\"},\"headline\":\"Se posterg\u00f3 nuevamente la reanudaci\u00f3n del servicio completo del Tren Mitre\",\"datePublished\":\"2026-03-08T17:05:40+00:00\",\"dateModified\":\"2026-03-08T18:00:57+00:00\",\"mainEntityOfPage\":{\"@id\":\"https:\/\/lobosnews.com.ar\/index.php\/2026\/03\/08\/se-postergo-nuevamente-la-reanudacion-del-servicio-completo-del-tren-mitre\/\"},\"wordCount\":736,\"commentCount\":0,\"publisher\":{\"@id\":\"https:\/\/lobosnews.com.ar\/#organization\"},\"image\":{\"@id\":\"https:\/\/lobosnews.com.ar\/index.php\/2026\/03\/08\/se-postergo-nuevamente-la-reanudacion-del-servicio-completo-del-tren-mitre\/#primaryimage\"},\"thumbnailUrl\":\"https:\/\/lobosnews.com.ar\/wp-content\/uploads\/2026\/03\/se-postergo-nuevamente-la-reanudacion-del-servicio-completo-del-tren-mitre-6.jpg\",\"articleSection\":[\"Actualidad\",\"Argentina\",\"econom\u00eda\",\"inseguridad\",\"masradios.com\",\"nacionales\",\"seguridad\",\"sociedad\"],\"inLanguage\":\"es\",\"potentialAction\":[{\"@type\":\"CommentAction\",\"name\":\"Comment\",\"target\":[\"https:\/\/lobosnews.com.ar\/index.php\/2026\/03\/08\/se-postergo-nuevamente-la-reanudacion-del-servicio-completo-del-tren-mitre\/#respond\"]}]},{\"@type\":\"WebPage\",\"@id\":\"https:\/\/lobosnews.com.ar\/index.php\/2026\/03\/08\/se-postergo-nuevamente-la-reanudacion-del-servicio-completo-del-tren-mitre\/\",\"url\":\"https:\/\/lobosnews.com.ar\/index.php\/2026\/03\/08\/se-postergo-nuevamente-la-reanudacion-del-servicio-completo-del-tren-mitre\/\",\"name\":\"Se posterg\u00f3 nuevamente la reanudaci\u00f3n del servicio completo del Tren Mitre - Lobos News\",\"isPartOf\":{\"@id\":\"https:\/\/lobosnews.com.ar\/#website\"},\"primaryImageOfPage\":{\"@id\":\"https:\/\/lobosnews.com.ar\/index.php\/2026\/03\/08\/se-postergo-nuevamente-la-reanudacion-del-servicio-completo-del-tren-mitre\/#primaryimage\"},\"image\":{\"@id\":\"https:\/\/lobosnews.com.ar\/index.php\/2026\/03\/08\/se-postergo-nuevamente-la-reanudacion-del-servicio-completo-del-tren-mitre\/#primaryimage\"},\"thumbnailUrl\":\"https:\/\/lobosnews.com.ar\/wp-content\/uploads\/2026\/03\/se-postergo-nuevamente-la-reanudacion-del-servicio-completo-del-tren-mitre-6.jpg\",\"datePublished\":\"2026-03-08T17:05:40+00:00\",\"dateModified\":\"2026-03-08T18:00:57+00:00\",\"breadcrumb\":{\"@id\":\"https:\/\/lobosnews.com.ar\/index.php\/2026\/03\/08\/se-postergo-nuevamente-la-reanudacion-del-servicio-completo-del-tren-mitre\/#breadcrumb\"},\"inLanguage\":\"es\",\"potentialAction\":[{\"@type\":\"ReadAction\",\"target\":[\"https:\/\/lobosnews.com.ar\/index.php\/2026\/03\/08\/se-postergo-nuevamente-la-reanudacion-del-servicio-completo-del-tren-mitre\/\"]}]},{\"@type\":\"ImageObject\",\"inLanguage\":\"es\",\"@id\":\"https:\/\/lobosnews.com.ar\/index.php\/2026\/03\/08\/se-postergo-nuevamente-la-reanudacion-del-servicio-completo-del-tren-mitre\/#primaryimage\",\"url\":\"https:\/\/lobosnews.com.ar\/wp-content\/uploads\/2026\/03\/se-postergo-nuevamente-la-reanudacion-del-servicio-completo-del-tren-mitre-6.jpg\",\"contentUrl\":\"https:\/\/lobosnews.com.ar\/wp-content\/uploads\/2026\/03\/se-postergo-nuevamente-la-reanudacion-del-servicio-completo-del-tren-mitre-6.jpg\",\"width\":1317,\"height\":878,\"caption\":\"Se posterg\u00f3 nuevamente la reanudaci\u00f3n del servicio completo del Tren Mitre\"},{\"@type\":\"BreadcrumbList\",\"@id\":\"https:\/\/lobosnews.com.ar\/index.php\/2026\/03\/08\/se-postergo-nuevamente-la-reanudacion-del-servicio-completo-del-tren-mitre\/#breadcrumb\",\"itemListElement\":[{\"@type\":\"ListItem\",\"position\":1,\"name\":\"Portada\",\"item\":\"https:\/\/lobosnews.com.ar\/\"},{\"@type\":\"ListItem\",\"position\":2,\"name\":\"Se posterg\u00f3 nuevamente la reanudaci\u00f3n del servicio completo del Tren Mitre\"}]},{\"@type\":\"WebSite\",\"@id\":\"https:\/\/lobosnews.com.ar\/#website\",\"url\":\"https:\/\/lobosnews.com.ar\/\",\"name\":\"Lobos News\",\"description\":\"Informaci\u00f3n a cada instante\",\"publisher\":{\"@id\":\"https:\/\/lobosnews.com.ar\/#organization\"},\"potentialAction\":[{\"@type\":\"SearchAction\",\"target\":{\"@type\":\"EntryPoint\",\"urlTemplate\":\"https:\/\/lobosnews.com.ar\/?s={search_term_string}\"},\"query-input\":{\"@type\":\"PropertyValueSpecification\",\"valueRequired\":true,\"valueName\":\"search_term_string\"}}],\"inLanguage\":\"es\"},{\"@type\":\"Organization\",\"@id\":\"https:\/\/lobosnews.com.ar\/#organization\",\"name\":\"Lobos News\",\"url\":\"https:\/\/lobosnews.com.ar\/\",\"logo\":{\"@type\":\"ImageObject\",\"inLanguage\":\"es\",\"@id\":\"https:\/\/lobosnews.com.ar\/#\/schema\/logo\/image\/\",\"url\":\"https:\/\/lobosnews.com.ar\/wp-content\/uploads\/2026\/01\/logo-lobosnews.png\",\"contentUrl\":\"https:\/\/lobosnews.com.ar\/wp-content\/uploads\/2026\/01\/logo-lobosnews.png\",\"width\":500,\"height\":200,\"caption\":\"Lobos News\"},\"image\":{\"@id\":\"https:\/\/lobosnews.com.ar\/#\/schema\/logo\/image\/\"}},{\"@type\":\"Person\",\"@id\":\"https:\/\/lobosnews.com.ar\/#\/schema\/person\/232422a593d5c541dd9aef6aaed10943\",\"name\":\"admin\",\"image\":{\"@type\":\"ImageObject\",\"inLanguage\":\"es\",\"@id\":\"https:\/\/lobosnews.com.ar\/#\/schema\/person\/image\/\",\"url\":\"https:\/\/secure.gravatar.com\/avatar\/76e419471a2083bc3ceab22a763dbbf9b0c1bd15a6214cf3280e2c2dde4580f9?s=96&d=mm&r=g\",\"contentUrl\":\"https:\/\/secure.gravatar.com\/avatar\/76e419471a2083bc3ceab22a763dbbf9b0c1bd15a6214cf3280e2c2dde4580f9?s=96&d=mm&r=g\",\"caption\":\"admin\"},\"sameAs\":[\"https:\/\/lobosnews.com.ar\"],\"url\":\"https:\/\/lobosnews.com.ar\/index.php\/author\/lobos-news\/\"}]}<\/script>\n<!-- \/ Yoast SEO plugin. -->","yoast_head_json":{"title":"Se posterg\u00f3 nuevamente la reanudaci\u00f3n del servicio completo del Tren Mitre - Lobos News","robots":{"index":"index","follow":"follow","max-snippet":"max-snippet:-1","max-image-preview":"max-image-preview:large","max-video-preview":"max-video-preview:-1"},"canonical":"https:\/\/lobosnews.com.ar\/index.php\/2026\/03\/08\/se-postergo-nuevamente-la-reanudacion-del-servicio-completo-del-tren-mitre\/","og_locale":"es_ES","og_type":"article","og_title":"Se posterg\u00f3 nuevamente la reanudaci\u00f3n del servicio completo del Tren Mitre - Lobos News","og_description":"La reanudaci\u00f3n completa del servicio de la l\u00ednea Mitre, en su conexi\u00f3n con la terminal porte\u00f1a de Retiro volvi\u00f3 a postergarse, seg\u00fan el reciente comunicado oficial difundido por Trenes Argentinos. El dato central es la extensi\u00f3n del plazo: aunque la reapertura estaba prevista para el d\u00eda de hoy, la operadora estatal fij\u00f3 una nueva estimaci\u00f3n...","og_url":"https:\/\/lobosnews.com.ar\/index.php\/2026\/03\/08\/se-postergo-nuevamente-la-reanudacion-del-servicio-completo-del-tren-mitre\/","og_site_name":"Lobos News","article_published_time":"2026-03-08T17:05:40+00:00","article_modified_time":"2026-03-08T18:00:57+00:00","og_image":[{"url":"https:\/\/lobosnews.com.ar\/wp-content\/uploads\/2026\/03\/se-postergo-nuevamente-la-reanudacion-del-servicio-completo-del-tren-mitre.jpg","type":"","width":"","height":""}],"author":"admin","twitter_card":"summary_large_image","twitter_misc":{"Escrito por":"admin","Tiempo de lectura":"4 minutos"},"schema":{"@context":"https:\/\/schema.org","@graph":[{"@type":"Article","@id":"https:\/\/lobosnews.com.ar\/index.php\/2026\/03\/08\/se-postergo-nuevamente-la-reanudacion-del-servicio-completo-del-tren-mitre\/#article","isPartOf":{"@id":"https:\/\/lobosnews.com.ar\/index.php\/2026\/03\/08\/se-postergo-nuevamente-la-reanudacion-del-servicio-completo-del-tren-mitre\/"},"author":{"name":"admin","@id":"https:\/\/lobosnews.com.ar\/#\/schema\/person\/232422a593d5c541dd9aef6aaed10943"},"headline":"Se posterg\u00f3 nuevamente la reanudaci\u00f3n del servicio completo del Tren Mitre","datePublished":"2026-03-08T17:05:40+00:00","dateModified":"2026-03-08T18:00:57+00:00","mainEntityOfPage":{"@id":"https:\/\/lobosnews.com.ar\/index.php\/2026\/03\/08\/se-postergo-nuevamente-la-reanudacion-del-servicio-completo-del-tren-mitre\/"},"wordCount":736,"commentCount":0,"publisher":{"@id":"https:\/\/lobosnews.com.ar\/#organization"},"image":{"@id":"https:\/\/lobosnews.com.ar\/index.php\/2026\/03\/08\/se-postergo-nuevamente-la-reanudacion-del-servicio-completo-del-tren-mitre\/#primaryimage"},"thumbnailUrl":"https:\/\/lobosnews.com.ar\/wp-content\/uploads\/2026\/03\/se-postergo-nuevamente-la-reanudacion-del-servicio-completo-del-tren-mitre-6.jpg","articleSection":["Actualidad","Argentina","econom\u00eda","inseguridad","masradios.com","nacionales","seguridad","sociedad"],"inLanguage":"es","potentialAction":[{"@type":"CommentAction","name":"Comment","target":["https:\/\/lobosnews.com.ar\/index.php\/2026\/03\/08\/se-postergo-nuevamente-la-reanudacion-del-servicio-completo-del-tren-mitre\/#respond"]}]},{"@type":"WebPage","@id":"https:\/\/lobosnews.com.ar\/index.php\/2026\/03\/08\/se-postergo-nuevamente-la-reanudacion-del-servicio-completo-del-tren-mitre\/","url":"https:\/\/lobosnews.com.ar\/index.php\/2026\/03\/08\/se-postergo-nuevamente-la-reanudacion-del-servicio-completo-del-tren-mitre\/","name":"Se posterg\u00f3 nuevamente la reanudaci\u00f3n del servicio completo del Tren Mitre - Lobos News","isPartOf":{"@id":"https:\/\/lobosnews.com.ar\/#website"},"primaryImageOfPage":{"@id":"https:\/\/lobosnews.com.ar\/index.php\/2026\/03\/08\/se-postergo-nuevamente-la-reanudacion-del-servicio-completo-del-tren-mitre\/#primaryimage"},"image":{"@id":"https:\/\/lobosnews.com.ar\/index.php\/2026\/03\/08\/se-postergo-nuevamente-la-reanudacion-del-servicio-completo-del-tren-mitre\/#primaryimage"},"thumbnailUrl":"https:\/\/lobosnews.com.ar\/wp-content\/uploads\/2026\/03\/se-postergo-nuevamente-la-reanudacion-del-servicio-completo-del-tren-mitre-6.jpg","datePublished":"2026-03-08T17:05:40+00:00","dateModified":"2026-03-08T18:00:57+00:00","breadcrumb":{"@id":"https:\/\/lobosnews.com.ar\/index.php\/2026\/03\/08\/se-postergo-nuevamente-la-reanudacion-del-servicio-completo-del-tren-mitre\/#breadcrumb"},"inLanguage":"es","potentialAction":[{"@type":"ReadAction","target":["https:\/\/lobosnews.com.ar\/index.php\/2026\/03\/08\/se-postergo-nuevamente-la-reanudacion-del-servicio-completo-del-tren-mitre\/"]}]},{"@type":"ImageObject","inLanguage":"es","@id":"https:\/\/lobosnews.com.ar\/index.php\/2026\/03\/08\/se-postergo-nuevamente-la-reanudacion-del-servicio-completo-del-tren-mitre\/#primaryimage","url":"https:\/\/lobosnews.com.ar\/wp-content\/uploads\/2026\/03\/se-postergo-nuevamente-la-reanudacion-del-servicio-completo-del-tren-mitre-6.jpg","contentUrl":"https:\/\/lobosnews.com.ar\/wp-content\/uploads\/2026\/03\/se-postergo-nuevamente-la-reanudacion-del-servicio-completo-del-tren-mitre-6.jpg","width":1317,"height":878,"caption":"Se posterg\u00f3 nuevamente la reanudaci\u00f3n del servicio completo del Tren Mitre"},{"@type":"BreadcrumbList","@id":"https:\/\/lobosnews.com.ar\/index.php\/2026\/03\/08\/se-postergo-nuevamente-la-reanudacion-del-servicio-completo-del-tren-mitre\/#breadcrumb","itemListElement":[{"@type":"ListItem","position":1,"name":"Portada","item":"https:\/\/lobosnews.com.ar\/"},{"@type":"ListItem","position":2,"name":"Se posterg\u00f3 nuevamente la reanudaci\u00f3n del servicio completo del Tren Mitre"}]},{"@type":"WebSite","@id":"https:\/\/lobosnews.com.ar\/#website","url":"https:\/\/lobosnews.com.ar\/","name":"Lobos News","description":"Informaci\u00f3n a cada instante","publisher":{"@id":"https:\/\/lobosnews.com.ar\/#organization"},"potentialAction":[{"@type":"SearchAction","target":{"@type":"EntryPoint","urlTemplate":"https:\/\/lobosnews.com.ar\/?s={search_term_string}"},"query-input":{"@type":"PropertyValueSpecification","valueRequired":true,"valueName":"search_term_string"}}],"inLanguage":"es"},{"@type":"Organization","@id":"https:\/\/lobosnews.com.ar\/#organization","name":"Lobos News","url":"https:\/\/lobosnews.com.ar\/","logo":{"@type":"ImageObject","inLanguage":"es","@id":"https:\/\/lobosnews.com.ar\/#\/schema\/logo\/image\/","url":"https:\/\/lobosnews.com.ar\/wp-content\/uploads\/2026\/01\/logo-lobosnews.png","contentUrl":"https:\/\/lobosnews.com.ar\/wp-content\/uploads\/2026\/01\/logo-lobosnews.png","width":500,"height":200,"caption":"Lobos News"},"image":{"@id":"https:\/\/lobosnews.com.ar\/#\/schema\/logo\/image\/"}},{"@type":"Person","@id":"https:\/\/lobosnews.com.ar\/#\/schema\/person\/232422a593d5c541dd9aef6aaed10943","name":"admin","image":{"@type":"ImageObject","inLanguage":"es","@id":"https:\/\/lobosnews.com.ar\/#\/schema\/person\/image\/","url":"https:\/\/secure.gravatar.com\/avatar\/76e419471a2083bc3ceab22a763dbbf9b0c1bd15a6214cf3280e2c2dde4580f9?s=96&d=mm&r=g","contentUrl":"https:\/\/secure.gravatar.com\/avatar\/76e419471a2083bc3ceab22a763dbbf9b0c1bd15a6214cf3280e2c2dde4580f9?s=96&d=mm&r=g","caption":"admin"},"sameAs":["https:\/\/lobosnews.com.ar"],"url":"https:\/\/lobosnews.com.ar\/index.php\/author\/lobos-news\/"}]}},"jetpack_featured_media_url":"https:\/\/lobosnews.com.ar\/wp-content\/uploads\/2026\/03\/se-postergo-nuevamente-la-reanudacion-del-servicio-completo-del-tren-mitre-6.jpg","jetpack_sharing_enabled":true,"_links":{"self":[{"href":"https:\/\/lobosnews.com.ar\/index.php\/wp-json\/wp\/v2\/posts\/30852","targetHints":{"allow":["GET"]}}],"collection":[{"href":"https:\/\/lobosnews.com.ar\/index.php\/wp-json\/wp\/v2\/posts"}],"about":[{"href":"https:\/\/lobosnews.com.ar\/index.php\/wp-json\/wp\/v2\/types\/post"}],"author":[{"embeddable":true,"href":"https:\/\/lobosnews.com.ar\/index.php\/wp-json\/wp\/v2\/users\/1"}],"replies":[{"embeddable":true,"href":"https:\/\/lobosnews.com.ar\/index.php\/wp-json\/wp\/v2\/comments?post=30852"}],"version-history":[{"count":1,"href":"https:\/\/lobosnews.com.ar\/index.php\/wp-json\/wp\/v2\/posts\/30852\/revisions"}],"predecessor-version":[{"id":30857,"href":"https:\/\/lobosnews.com.ar\/index.php\/wp-json\/wp\/v2\/posts\/30852\/revisions\/30857"}],"wp:featuredmedia":[{"embeddable":true,"href":"https:\/\/lobosnews.com.ar\/index.php\/wp-json\/wp\/v2\/media\/30858"}],"wp:attachment":[{"href":"https:\/\/lobosnews.com.ar\/index.php\/wp-json\/wp\/v2\/media?parent=30852"}],"wp:term":[{"taxonomy":"category","embeddable":true,"href":"https:\/\/lobosnews.com.ar\/index.php\/wp-json\/wp\/v2\/categories?post=30852"},{"taxonomy":"post_tag","embeddable":true,"href":"https:\/\/lobosnews.com.ar\/index.php\/wp-json\/wp\/v2\/tags?post=30852"}],"curies":[{"name":"wp","href":"https:\/\/api.w.org\/{rel}","templated":true}]}}