{"id":30839,"date":"2026-03-08T12:22:35","date_gmt":"2026-03-08T12:22:35","guid":{"rendered":"https:\/\/lobosnews.com.ar\/index.php\/2026\/03\/08\/como-el-cuidado-familiar-de-personas-con-enfermedades-cronicas-influye-en-la-salud-y-el-bienestar\/"},"modified":"2026-03-08T14:57:17","modified_gmt":"2026-03-08T14:57:17","slug":"como-el-cuidado-familiar-de-personas-con-enfermedades-cronicas-influye-en-la-salud-y-el-bienestar","status":"publish","type":"post","link":"https:\/\/lobosnews.com.ar\/index.php\/2026\/03\/08\/como-el-cuidado-familiar-de-personas-con-enfermedades-cronicas-influye-en-la-salud-y-el-bienestar\/","title":{"rendered":"C\u00f3mo el cuidado familiar de personas con enfermedades cr\u00f3nicas influye en la salud y el bienestar"},"content":{"rendered":"<p><img loading=\"lazy\" decoding=\"async\" src=\"https:\/\/lobosnews.com.ar\/wp-content\/uploads\/2026\/03\/como-el-cuidado-familiar-de-personas-con-enfermedades-cronicas-influye-en-la-salud-y-el-bienestar.jpg\" alt=\"El cuidado de familiares mayores expone a millones de personas a una carga f\u00edsica y emocional significativa, afectando su salud mental (Imagen Ilustrativa Infobae)\" height=\"768\" width=\"1408\"\/><\/p>\n<p>Millones de <b>cuidadores familiares<\/b> enfrentan una <b>carga f\u00edsica y emocional<\/b> que afecta su <span class=\"waslinkname\"><b>bienestar mental<\/b><\/span> y su <span class=\"waslinkname\"><b>salud<\/b><\/span>. Con el envejecimiento de la poblaci\u00f3n y el aumento de enfermedades cr\u00f3nicas, investigaciones recientes han revelado que el cuidado prolongado puede derivar en <b>depresi\u00f3n<\/b>, <b>trastornos f\u00edsicos<\/b> e incluso en un <b>envejecimiento inmunol\u00f3gico acelerado<\/b>.<\/p>\n<p>Mientras tanto, cient\u00edficos y responsables de pol\u00edticas p\u00fablicas desarrollan <b>nuevas estrategias para fortalecer la resiliencia de quienes asumen el cuidado de sus seres queridos<\/b>, seg\u00fan recoge <i>Scientific American<\/i>.<\/p>\n<h2>La realidad de los cuidadores familiares y su impacto en la salud<\/h2>\n<p>Este trabajo implica riesgos que van m\u00e1s all\u00e1 del agotamiento: <b>los cuidadores presentan tasas elevadas de depresi\u00f3n, diabetes, asma, obesidad y dolor cr\u00f3nico<\/b>. Diversos estudios recientes se\u00f1alan que quienes cuidan a familiares obtienen peores resultados en 13 de 19 indicadores de salud frente a quienes no desempe\u00f1an este rol.<\/p>\n<p>El motivo central de estas afecciones es el <b>estr\u00e9s cr\u00f3nico derivado de una responsabilidad mantenida en el tiempo<\/b>. Este tipo de estr\u00e9s da\u00f1a tanto la salud mental como el sistema inmunol\u00f3gico, lo que favorece la aparici\u00f3n de enfermedades f\u00edsicas y eleva el riesgo de muerte prematura.<\/p>\n<p><img loading=\"lazy\" decoding=\"async\" src=\"https:\/\/lobosnews.com.ar\/wp-content\/uploads\/2026\/03\/como-el-cuidado-familiar-de-personas-con-enfermedades-cronicas-influye-en-la-salud-y-el-bienestar-1.jpg\" alt=\"Los cuidadores familiares enfrentan altos \u00edndices de depresi\u00f3n, obesidad, diabetes, asma y dolor cr\u00f3nico seg\u00fan estudios especializados (Imagen Ilustrativa Infobae)\" height=\"768\" width=\"1408\"\/><\/p>\n<h2>Descubrimientos cient\u00edficos sobre el estr\u00e9s y el envejecimiento acelerado<\/h2>\n<p>Desde la d\u00e9cada de 1980, investigaciones impulsadas por la psiconeuroinmun\u00f3loga <b>Janice Kiecolt-Glaser<\/b> han demostrado el v\u00ednculo entre el estr\u00e9s de los cuidadores y el deterioro f\u00edsico. Su trabajo mostr\u00f3 que los c\u00f3nyuges que cuidan a sus parejas enfermas tardan m\u00e1s en sanar heridas peque\u00f1as que quienes no cumplen esta funci\u00f3n.<\/p>\n<p>La psic\u00f3loga social <b>Kathi Heffner<\/b>, del Centro M\u00e9dico de la Universidad de Rochester, destaca que el cuidado familiar puede acelerar distintos procesos del envejecimiento.<\/p>\n<p>Cuando se a\u00f1ade la depresi\u00f3n, la inflamaci\u00f3n cr\u00f3nica en los cuidadores genera lo que la literatura cient\u00edfica llama <b>\u201cenvejecimiento inflamatorio\u201d<\/b>, proceso que incrementa los da\u00f1os corporales asociados a la edad.<\/p>\n<p>Los estudios tambi\u00e9n detectan una reducci\u00f3n en la actividad enzim\u00e1tica que protege los <b>tel\u00f3meros<\/b>, los extremos de los cromosomas cuyo acortamiento se vincula al envejecimiento celular. Estos tel\u00f3meros disminuyen m\u00e1s deprisa ante situaciones de estr\u00e9s continuado, como ocurre en quienes cuidan a familiares.<\/p>\n<p><img loading=\"lazy\" decoding=\"async\" src=\"https:\/\/lobosnews.com.ar\/wp-content\/uploads\/2026\/03\/como-el-cuidado-familiar-de-personas-con-enfermedades-cronicas-influye-en-la-salud-y-el-bienestar-2.jpg\" alt=\"Las investigaciones en psiconeuroinmunolog\u00eda revelan que el estr\u00e9s de los cuidadores familiares afecta negativamente la salud f\u00edsica (Imagen Ilustrativa Infobae)\" height=\"768\" width=\"1408\"\/><\/p>\n<p>La psic\u00f3loga <b>Elissa Epel<\/b>, de la Universidad de California, indica que estos efectos se reflejan en el perfil inmunol\u00f3gico de los cuidadores, quienes registran menos c\u00e9lulas T v\u00edrgenes, esenciales para enfrentar nuevas infecciones, si se compara con personas que no tienen estas responsabilidades.<\/p>\n<p>En 2018, Epel y su equipo demostraron que los padres de hijos con discapacidades tienden m\u00e1s a este <b>envejecimiento inmunol\u00f3gico acelerado<\/b>.<\/p>\n<h2>Estrategias para fortalecer la resiliencia<\/h2>\n<p>Ante estos desaf\u00edos, equipos de investigaci\u00f3n exploran <b>alternativas para aliviar la carga y robustecer la resiliencia de los cuidadores familiares<\/b>. Epel subraya que el hecho de cuidar no determina necesariamente un desenlace negativo para la salud mental y f\u00edsica, ya que factores de resiliencia pueden marcar la diferencia, seg\u00fan declaraciones recogidas por <i>Scientific American<\/i>.<\/p>\n<p><b>Las personas que cuentan con un buen apoyo social suelen afrontar mejor las exigencias del rol, encontrando sentido y prop\u00f3sito en su labor<\/b>. Sin embargo, la carga suele intensificarse a medida que avanza la enfermedad del familiar, en particular si se trata de demencia o c\u00e1ncer.<\/p>\n<p>\u201cLa presi\u00f3n no va a desaparecer; los desaf\u00edos incluso pueden aumentar\u201d, asegur\u00f3 Heffner a <i>Scientific American<\/i>.<\/p>\n<p><img loading=\"lazy\" decoding=\"async\" src=\"https:\/\/lobosnews.com.ar\/wp-content\/uploads\/2026\/03\/como-el-cuidado-familiar-de-personas-con-enfermedades-cronicas-influye-en-la-salud-y-el-bienestar-3.jpg\" alt=\"El apoyo social demuestra ser clave para que los cuidadores familiares enfrenten mejor las exigencias del cuidado diario (Imagen ilustrativa Infobae)\" height=\"816\" width=\"1456\"\/><\/p>\n<p>Un ensayo cl\u00ednico de 2025 dirigido por Heffner examin\u00f3 a 192 cuidadores de personas con demencia. La mitad particip\u00f3 en entrenamiento cognitivo enfocado en mejorar su rapidez de procesamiento y atenci\u00f3n durante ocho semanas; la otra mitad recibi\u00f3 solo material educativo.<\/p>\n<p>Los participantes del grupo de entrenamiento cognitivo mostraron mejoras sostenidas en atenci\u00f3n y velocidad seis meses despu\u00e9s. Un a\u00f1o m\u00e1s tarde, informaron que los desaf\u00edos derivados de problemas de memoria y comportamiento de sus familiares les afectaban menos en la vida diaria.<\/p>\n<p>Heffner investiga adem\u00e1s si <b>este tipo de entrenamiento puede traducirse en una mejor respuesta inmunitaria y retrasar el envejecimiento de las c\u00e9lulas T en los cuidadores<\/b>. La resiliencia, por tanto, aparece como una capacidad entrenable, con resultados que pueden mejorar tanto la calidad de vida como la salud.<\/p>\n<p><b>La discusi\u00f3n actual remarca que ofrecer reconocimiento institucional y acompa\u00f1amiento organizado puede hacer una diferencia tangible<\/b>. Sin embargo, el acceso a apoyos y el reconocimiento formal del rol del cuidador siguen siendo insuficientes frente a la magnitud del desaf\u00edo.<\/p>\n<p><b>Mejorar la adaptaci\u00f3n al estr\u00e9s puede proteger la longevidad y la calidad de vida de los cuidadores, un objetivo que, como destaca <\/b><i><b>Scientific American<\/b><\/i><b>, beneficia al conjunto de la sociedad<\/b>.<\/p>\n","protected":false},"excerpt":{"rendered":"<p>Millones de cuidadores familiares enfrentan una carga f\u00edsica y emocional que afecta su bienestar mental y su salud. Con el envejecimiento de la poblaci\u00f3n y el aumento de enfermedades cr\u00f3nicas, investigaciones recientes han revelado que el cuidado prolongado puede derivar en depresi\u00f3n, trastornos f\u00edsicos e incluso en un envejecimiento inmunol\u00f3gico acelerado. Mientras tanto, cient\u00edficos y&#8230;<\/p>\n","protected":false},"author":1,"featured_media":30845,"comment_status":"open","ping_status":"closed","sticky":false,"template":"","format":"standard","meta":{"_jetpack_memberships_contains_paid_content":false,"footnotes":""},"categories":[81],"tags":[],"class_list":["post-30839","post","type-post","status-publish","format-standard","has-post-thumbnail","hentry","category-salud"],"magazineBlocksPostFeaturedMedia":{"thumbnail":"https:\/\/lobosnews.com.ar\/wp-content\/uploads\/2026\/03\/como-el-cuidado-familiar-de-personas-con-enfermedades-cronicas-influye-en-la-salud-y-el-bienestar-6-150x150.jpg","medium":"https:\/\/lobosnews.com.ar\/wp-content\/uploads\/2026\/03\/como-el-cuidado-familiar-de-personas-con-enfermedades-cronicas-influye-en-la-salud-y-el-bienestar-6-300x168.jpg","medium_large":"https:\/\/lobosnews.com.ar\/wp-content\/uploads\/2026\/03\/como-el-cuidado-familiar-de-personas-con-enfermedades-cronicas-influye-en-la-salud-y-el-bienestar-6-768x430.jpg","large":"https:\/\/lobosnews.com.ar\/wp-content\/uploads\/2026\/03\/como-el-cuidado-familiar-de-personas-con-enfermedades-cronicas-influye-en-la-salud-y-el-bienestar-6-1024x574.jpg","1536x1536":"https:\/\/lobosnews.com.ar\/wp-content\/uploads\/2026\/03\/como-el-cuidado-familiar-de-personas-con-enfermedades-cronicas-influye-en-la-salud-y-el-bienestar-6.jpg","2048x2048":"https:\/\/lobosnews.com.ar\/wp-content\/uploads\/2026\/03\/como-el-cuidado-familiar-de-personas-con-enfermedades-cronicas-influye-en-la-salud-y-el-bienestar-6.jpg","newsmatic-featured":"https:\/\/lobosnews.com.ar\/wp-content\/uploads\/2026\/03\/como-el-cuidado-familiar-de-personas-con-enfermedades-cronicas-influye-en-la-salud-y-el-bienestar-6-820x545.jpg","newsmatic-list":"https:\/\/lobosnews.com.ar\/wp-content\/uploads\/2026\/03\/como-el-cuidado-familiar-de-personas-con-enfermedades-cronicas-influye-en-la-salud-y-el-bienestar-6-600x400.jpg","newsmatic-thumb":"https:\/\/lobosnews.com.ar\/wp-content\/uploads\/2026\/03\/como-el-cuidado-familiar-de-personas-con-enfermedades-cronicas-influye-en-la-salud-y-el-bienestar-6-300x200.jpg","newsmatic-small":"https:\/\/lobosnews.com.ar\/wp-content\/uploads\/2026\/03\/como-el-cuidado-familiar-de-personas-con-enfermedades-cronicas-influye-en-la-salud-y-el-bienestar-6-150x95.jpg","newsmatic-grid":"https:\/\/lobosnews.com.ar\/wp-content\/uploads\/2026\/03\/como-el-cuidado-familiar-de-personas-con-enfermedades-cronicas-influye-en-la-salud-y-el-bienestar-6-400x250.jpg"},"magazineBlocksPostAuthor":{"name":"admin","avatar":"https:\/\/secure.gravatar.com\/avatar\/76e419471a2083bc3ceab22a763dbbf9b0c1bd15a6214cf3280e2c2dde4580f9?s=96&d=mm&r=g"},"magazineBlocksPostCommentsNumber":"0","magazineBlocksPostExcerpt":"Millones de cuidadores familiares enfrentan una carga f\u00edsica y emocional que afecta su bienestar mental y su salud. Con el envejecimiento de la poblaci\u00f3n y el aumento de enfermedades cr\u00f3nicas, investigaciones recientes han revelado que el cuidado prolongado puede derivar en depresi\u00f3n, trastornos f\u00edsicos e incluso en un envejecimiento inmunol\u00f3gico acelerado. Mientras tanto, cient\u00edficos y...","magazineBlocksPostCategories":["Salud"],"magazineBlocksPostViewCount":75,"magazineBlocksPostReadTime":4,"magazine_blocks_featured_image_url":{"full":["https:\/\/lobosnews.com.ar\/wp-content\/uploads\/2026\/03\/como-el-cuidado-familiar-de-personas-con-enfermedades-cronicas-influye-en-la-salud-y-el-bienestar-6.jpg",1456,816,false],"medium":["https:\/\/lobosnews.com.ar\/wp-content\/uploads\/2026\/03\/como-el-cuidado-familiar-de-personas-con-enfermedades-cronicas-influye-en-la-salud-y-el-bienestar-6-300x168.jpg",300,168,true],"thumbnail":["https:\/\/lobosnews.com.ar\/wp-content\/uploads\/2026\/03\/como-el-cuidado-familiar-de-personas-con-enfermedades-cronicas-influye-en-la-salud-y-el-bienestar-6-150x150.jpg",150,150,true]},"magazine_blocks_author":{"display_name":"admin","author_link":"https:\/\/lobosnews.com.ar\/index.php\/author\/lobos-news\/"},"magazine_blocks_comment":0,"magazine_blocks_author_image":"https:\/\/secure.gravatar.com\/avatar\/76e419471a2083bc3ceab22a763dbbf9b0c1bd15a6214cf3280e2c2dde4580f9?s=96&d=mm&r=g","magazine_blocks_category":"<a href=\"#\" class=\"category-link category-link-81\">Salud<\/a>","yoast_head":"<!-- This site is optimized with the Yoast SEO plugin v26.6 - https:\/\/yoast.com\/wordpress\/plugins\/seo\/ -->\n<title>C\u00f3mo el cuidado familiar de personas con enfermedades cr\u00f3nicas influye en la salud y el bienestar - Lobos News<\/title>\n<meta name=\"robots\" content=\"index, follow, max-snippet:-1, max-image-preview:large, max-video-preview:-1\" \/>\n<link rel=\"canonical\" href=\"https:\/\/lobosnews.com.ar\/index.php\/2026\/03\/08\/como-el-cuidado-familiar-de-personas-con-enfermedades-cronicas-influye-en-la-salud-y-el-bienestar\/\" \/>\n<meta property=\"og:locale\" content=\"es_ES\" \/>\n<meta property=\"og:type\" content=\"article\" \/>\n<meta property=\"og:title\" content=\"C\u00f3mo el cuidado familiar de personas con enfermedades cr\u00f3nicas influye en la salud y el bienestar - Lobos News\" \/>\n<meta property=\"og:description\" content=\"Millones de cuidadores familiares enfrentan una carga f\u00edsica y emocional que afecta su bienestar mental y su salud. Con el envejecimiento de la poblaci\u00f3n y el aumento de enfermedades cr\u00f3nicas, investigaciones recientes han revelado que el cuidado prolongado puede derivar en depresi\u00f3n, trastornos f\u00edsicos e incluso en un envejecimiento inmunol\u00f3gico acelerado. Mientras tanto, cient\u00edficos y...\" \/>\n<meta property=\"og:url\" content=\"https:\/\/lobosnews.com.ar\/index.php\/2026\/03\/08\/como-el-cuidado-familiar-de-personas-con-enfermedades-cronicas-influye-en-la-salud-y-el-bienestar\/\" \/>\n<meta property=\"og:site_name\" content=\"Lobos News\" \/>\n<meta property=\"article:published_time\" content=\"2026-03-08T12:22:35+00:00\" \/>\n<meta property=\"article:modified_time\" content=\"2026-03-08T14:57:17+00:00\" \/>\n<meta property=\"og:image\" content=\"https:\/\/lobosnews.com.ar\/wp-content\/uploads\/2026\/03\/como-el-cuidado-familiar-de-personas-con-enfermedades-cronicas-influye-en-la-salud-y-el-bienestar.jpg\" \/>\n<meta name=\"author\" content=\"admin\" \/>\n<meta name=\"twitter:card\" content=\"summary_large_image\" \/>\n<meta name=\"twitter:label1\" content=\"Escrito por\" \/>\n\t<meta name=\"twitter:data1\" content=\"admin\" \/>\n\t<meta name=\"twitter:label2\" content=\"Tiempo de lectura\" \/>\n\t<meta name=\"twitter:data2\" content=\"4 minutos\" \/>\n<script type=\"application\/ld+json\" class=\"yoast-schema-graph\">{\"@context\":\"https:\/\/schema.org\",\"@graph\":[{\"@type\":\"Article\",\"@id\":\"https:\/\/lobosnews.com.ar\/index.php\/2026\/03\/08\/como-el-cuidado-familiar-de-personas-con-enfermedades-cronicas-influye-en-la-salud-y-el-bienestar\/#article\",\"isPartOf\":{\"@id\":\"https:\/\/lobosnews.com.ar\/index.php\/2026\/03\/08\/como-el-cuidado-familiar-de-personas-con-enfermedades-cronicas-influye-en-la-salud-y-el-bienestar\/\"},\"author\":{\"name\":\"admin\",\"@id\":\"https:\/\/lobosnews.com.ar\/#\/schema\/person\/232422a593d5c541dd9aef6aaed10943\"},\"headline\":\"C\u00f3mo el cuidado familiar de personas con enfermedades cr\u00f3nicas influye en la salud y el bienestar\",\"datePublished\":\"2026-03-08T12:22:35+00:00\",\"dateModified\":\"2026-03-08T14:57:17+00:00\",\"mainEntityOfPage\":{\"@id\":\"https:\/\/lobosnews.com.ar\/index.php\/2026\/03\/08\/como-el-cuidado-familiar-de-personas-con-enfermedades-cronicas-influye-en-la-salud-y-el-bienestar\/\"},\"wordCount\":815,\"commentCount\":0,\"publisher\":{\"@id\":\"https:\/\/lobosnews.com.ar\/#organization\"},\"image\":{\"@id\":\"https:\/\/lobosnews.com.ar\/index.php\/2026\/03\/08\/como-el-cuidado-familiar-de-personas-con-enfermedades-cronicas-influye-en-la-salud-y-el-bienestar\/#primaryimage\"},\"thumbnailUrl\":\"https:\/\/lobosnews.com.ar\/wp-content\/uploads\/2026\/03\/como-el-cuidado-familiar-de-personas-con-enfermedades-cronicas-influye-en-la-salud-y-el-bienestar-6.jpg\",\"articleSection\":[\"Salud\"],\"inLanguage\":\"es\",\"potentialAction\":[{\"@type\":\"CommentAction\",\"name\":\"Comment\",\"target\":[\"https:\/\/lobosnews.com.ar\/index.php\/2026\/03\/08\/como-el-cuidado-familiar-de-personas-con-enfermedades-cronicas-influye-en-la-salud-y-el-bienestar\/#respond\"]}]},{\"@type\":\"WebPage\",\"@id\":\"https:\/\/lobosnews.com.ar\/index.php\/2026\/03\/08\/como-el-cuidado-familiar-de-personas-con-enfermedades-cronicas-influye-en-la-salud-y-el-bienestar\/\",\"url\":\"https:\/\/lobosnews.com.ar\/index.php\/2026\/03\/08\/como-el-cuidado-familiar-de-personas-con-enfermedades-cronicas-influye-en-la-salud-y-el-bienestar\/\",\"name\":\"C\u00f3mo el cuidado familiar de personas con enfermedades cr\u00f3nicas influye en la salud y el bienestar - Lobos News\",\"isPartOf\":{\"@id\":\"https:\/\/lobosnews.com.ar\/#website\"},\"primaryImageOfPage\":{\"@id\":\"https:\/\/lobosnews.com.ar\/index.php\/2026\/03\/08\/como-el-cuidado-familiar-de-personas-con-enfermedades-cronicas-influye-en-la-salud-y-el-bienestar\/#primaryimage\"},\"image\":{\"@id\":\"https:\/\/lobosnews.com.ar\/index.php\/2026\/03\/08\/como-el-cuidado-familiar-de-personas-con-enfermedades-cronicas-influye-en-la-salud-y-el-bienestar\/#primaryimage\"},\"thumbnailUrl\":\"https:\/\/lobosnews.com.ar\/wp-content\/uploads\/2026\/03\/como-el-cuidado-familiar-de-personas-con-enfermedades-cronicas-influye-en-la-salud-y-el-bienestar-6.jpg\",\"datePublished\":\"2026-03-08T12:22:35+00:00\",\"dateModified\":\"2026-03-08T14:57:17+00:00\",\"breadcrumb\":{\"@id\":\"https:\/\/lobosnews.com.ar\/index.php\/2026\/03\/08\/como-el-cuidado-familiar-de-personas-con-enfermedades-cronicas-influye-en-la-salud-y-el-bienestar\/#breadcrumb\"},\"inLanguage\":\"es\",\"potentialAction\":[{\"@type\":\"ReadAction\",\"target\":[\"https:\/\/lobosnews.com.ar\/index.php\/2026\/03\/08\/como-el-cuidado-familiar-de-personas-con-enfermedades-cronicas-influye-en-la-salud-y-el-bienestar\/\"]}]},{\"@type\":\"ImageObject\",\"inLanguage\":\"es\",\"@id\":\"https:\/\/lobosnews.com.ar\/index.php\/2026\/03\/08\/como-el-cuidado-familiar-de-personas-con-enfermedades-cronicas-influye-en-la-salud-y-el-bienestar\/#primaryimage\",\"url\":\"https:\/\/lobosnews.com.ar\/wp-content\/uploads\/2026\/03\/como-el-cuidado-familiar-de-personas-con-enfermedades-cronicas-influye-en-la-salud-y-el-bienestar-6.jpg\",\"contentUrl\":\"https:\/\/lobosnews.com.ar\/wp-content\/uploads\/2026\/03\/como-el-cuidado-familiar-de-personas-con-enfermedades-cronicas-influye-en-la-salud-y-el-bienestar-6.jpg\",\"width\":1456,\"height\":816,\"caption\":\"C\u00f3mo el cuidado familiar de personas con enfermedades cr\u00f3nicas influye en la salud y el bienestar\"},{\"@type\":\"BreadcrumbList\",\"@id\":\"https:\/\/lobosnews.com.ar\/index.php\/2026\/03\/08\/como-el-cuidado-familiar-de-personas-con-enfermedades-cronicas-influye-en-la-salud-y-el-bienestar\/#breadcrumb\",\"itemListElement\":[{\"@type\":\"ListItem\",\"position\":1,\"name\":\"Portada\",\"item\":\"https:\/\/lobosnews.com.ar\/\"},{\"@type\":\"ListItem\",\"position\":2,\"name\":\"C\u00f3mo el cuidado familiar de personas con enfermedades cr\u00f3nicas influye en la salud y el bienestar\"}]},{\"@type\":\"WebSite\",\"@id\":\"https:\/\/lobosnews.com.ar\/#website\",\"url\":\"https:\/\/lobosnews.com.ar\/\",\"name\":\"Lobos News\",\"description\":\"Informaci\u00f3n a cada instante\",\"publisher\":{\"@id\":\"https:\/\/lobosnews.com.ar\/#organization\"},\"potentialAction\":[{\"@type\":\"SearchAction\",\"target\":{\"@type\":\"EntryPoint\",\"urlTemplate\":\"https:\/\/lobosnews.com.ar\/?s={search_term_string}\"},\"query-input\":{\"@type\":\"PropertyValueSpecification\",\"valueRequired\":true,\"valueName\":\"search_term_string\"}}],\"inLanguage\":\"es\"},{\"@type\":\"Organization\",\"@id\":\"https:\/\/lobosnews.com.ar\/#organization\",\"name\":\"Lobos News\",\"url\":\"https:\/\/lobosnews.com.ar\/\",\"logo\":{\"@type\":\"ImageObject\",\"inLanguage\":\"es\",\"@id\":\"https:\/\/lobosnews.com.ar\/#\/schema\/logo\/image\/\",\"url\":\"https:\/\/lobosnews.com.ar\/wp-content\/uploads\/2026\/01\/logo-lobosnews.png\",\"contentUrl\":\"https:\/\/lobosnews.com.ar\/wp-content\/uploads\/2026\/01\/logo-lobosnews.png\",\"width\":500,\"height\":200,\"caption\":\"Lobos News\"},\"image\":{\"@id\":\"https:\/\/lobosnews.com.ar\/#\/schema\/logo\/image\/\"}},{\"@type\":\"Person\",\"@id\":\"https:\/\/lobosnews.com.ar\/#\/schema\/person\/232422a593d5c541dd9aef6aaed10943\",\"name\":\"admin\",\"image\":{\"@type\":\"ImageObject\",\"inLanguage\":\"es\",\"@id\":\"https:\/\/lobosnews.com.ar\/#\/schema\/person\/image\/\",\"url\":\"https:\/\/secure.gravatar.com\/avatar\/76e419471a2083bc3ceab22a763dbbf9b0c1bd15a6214cf3280e2c2dde4580f9?s=96&d=mm&r=g\",\"contentUrl\":\"https:\/\/secure.gravatar.com\/avatar\/76e419471a2083bc3ceab22a763dbbf9b0c1bd15a6214cf3280e2c2dde4580f9?s=96&d=mm&r=g\",\"caption\":\"admin\"},\"sameAs\":[\"https:\/\/lobosnews.com.ar\"],\"url\":\"https:\/\/lobosnews.com.ar\/index.php\/author\/lobos-news\/\"}]}<\/script>\n<!-- \/ Yoast SEO plugin. -->","yoast_head_json":{"title":"C\u00f3mo el cuidado familiar de personas con enfermedades cr\u00f3nicas influye en la salud y el bienestar - Lobos News","robots":{"index":"index","follow":"follow","max-snippet":"max-snippet:-1","max-image-preview":"max-image-preview:large","max-video-preview":"max-video-preview:-1"},"canonical":"https:\/\/lobosnews.com.ar\/index.php\/2026\/03\/08\/como-el-cuidado-familiar-de-personas-con-enfermedades-cronicas-influye-en-la-salud-y-el-bienestar\/","og_locale":"es_ES","og_type":"article","og_title":"C\u00f3mo el cuidado familiar de personas con enfermedades cr\u00f3nicas influye en la salud y el bienestar - Lobos News","og_description":"Millones de cuidadores familiares enfrentan una carga f\u00edsica y emocional que afecta su bienestar mental y su salud. Con el envejecimiento de la poblaci\u00f3n y el aumento de enfermedades cr\u00f3nicas, investigaciones recientes han revelado que el cuidado prolongado puede derivar en depresi\u00f3n, trastornos f\u00edsicos e incluso en un envejecimiento inmunol\u00f3gico acelerado. Mientras tanto, cient\u00edficos y...","og_url":"https:\/\/lobosnews.com.ar\/index.php\/2026\/03\/08\/como-el-cuidado-familiar-de-personas-con-enfermedades-cronicas-influye-en-la-salud-y-el-bienestar\/","og_site_name":"Lobos News","article_published_time":"2026-03-08T12:22:35+00:00","article_modified_time":"2026-03-08T14:57:17+00:00","og_image":[{"url":"https:\/\/lobosnews.com.ar\/wp-content\/uploads\/2026\/03\/como-el-cuidado-familiar-de-personas-con-enfermedades-cronicas-influye-en-la-salud-y-el-bienestar.jpg","type":"","width":"","height":""}],"author":"admin","twitter_card":"summary_large_image","twitter_misc":{"Escrito por":"admin","Tiempo de lectura":"4 minutos"},"schema":{"@context":"https:\/\/schema.org","@graph":[{"@type":"Article","@id":"https:\/\/lobosnews.com.ar\/index.php\/2026\/03\/08\/como-el-cuidado-familiar-de-personas-con-enfermedades-cronicas-influye-en-la-salud-y-el-bienestar\/#article","isPartOf":{"@id":"https:\/\/lobosnews.com.ar\/index.php\/2026\/03\/08\/como-el-cuidado-familiar-de-personas-con-enfermedades-cronicas-influye-en-la-salud-y-el-bienestar\/"},"author":{"name":"admin","@id":"https:\/\/lobosnews.com.ar\/#\/schema\/person\/232422a593d5c541dd9aef6aaed10943"},"headline":"C\u00f3mo el cuidado familiar de personas con enfermedades cr\u00f3nicas influye en la salud y el bienestar","datePublished":"2026-03-08T12:22:35+00:00","dateModified":"2026-03-08T14:57:17+00:00","mainEntityOfPage":{"@id":"https:\/\/lobosnews.com.ar\/index.php\/2026\/03\/08\/como-el-cuidado-familiar-de-personas-con-enfermedades-cronicas-influye-en-la-salud-y-el-bienestar\/"},"wordCount":815,"commentCount":0,"publisher":{"@id":"https:\/\/lobosnews.com.ar\/#organization"},"image":{"@id":"https:\/\/lobosnews.com.ar\/index.php\/2026\/03\/08\/como-el-cuidado-familiar-de-personas-con-enfermedades-cronicas-influye-en-la-salud-y-el-bienestar\/#primaryimage"},"thumbnailUrl":"https:\/\/lobosnews.com.ar\/wp-content\/uploads\/2026\/03\/como-el-cuidado-familiar-de-personas-con-enfermedades-cronicas-influye-en-la-salud-y-el-bienestar-6.jpg","articleSection":["Salud"],"inLanguage":"es","potentialAction":[{"@type":"CommentAction","name":"Comment","target":["https:\/\/lobosnews.com.ar\/index.php\/2026\/03\/08\/como-el-cuidado-familiar-de-personas-con-enfermedades-cronicas-influye-en-la-salud-y-el-bienestar\/#respond"]}]},{"@type":"WebPage","@id":"https:\/\/lobosnews.com.ar\/index.php\/2026\/03\/08\/como-el-cuidado-familiar-de-personas-con-enfermedades-cronicas-influye-en-la-salud-y-el-bienestar\/","url":"https:\/\/lobosnews.com.ar\/index.php\/2026\/03\/08\/como-el-cuidado-familiar-de-personas-con-enfermedades-cronicas-influye-en-la-salud-y-el-bienestar\/","name":"C\u00f3mo el cuidado familiar de personas con enfermedades cr\u00f3nicas influye en la salud y el bienestar - Lobos News","isPartOf":{"@id":"https:\/\/lobosnews.com.ar\/#website"},"primaryImageOfPage":{"@id":"https:\/\/lobosnews.com.ar\/index.php\/2026\/03\/08\/como-el-cuidado-familiar-de-personas-con-enfermedades-cronicas-influye-en-la-salud-y-el-bienestar\/#primaryimage"},"image":{"@id":"https:\/\/lobosnews.com.ar\/index.php\/2026\/03\/08\/como-el-cuidado-familiar-de-personas-con-enfermedades-cronicas-influye-en-la-salud-y-el-bienestar\/#primaryimage"},"thumbnailUrl":"https:\/\/lobosnews.com.ar\/wp-content\/uploads\/2026\/03\/como-el-cuidado-familiar-de-personas-con-enfermedades-cronicas-influye-en-la-salud-y-el-bienestar-6.jpg","datePublished":"2026-03-08T12:22:35+00:00","dateModified":"2026-03-08T14:57:17+00:00","breadcrumb":{"@id":"https:\/\/lobosnews.com.ar\/index.php\/2026\/03\/08\/como-el-cuidado-familiar-de-personas-con-enfermedades-cronicas-influye-en-la-salud-y-el-bienestar\/#breadcrumb"},"inLanguage":"es","potentialAction":[{"@type":"ReadAction","target":["https:\/\/lobosnews.com.ar\/index.php\/2026\/03\/08\/como-el-cuidado-familiar-de-personas-con-enfermedades-cronicas-influye-en-la-salud-y-el-bienestar\/"]}]},{"@type":"ImageObject","inLanguage":"es","@id":"https:\/\/lobosnews.com.ar\/index.php\/2026\/03\/08\/como-el-cuidado-familiar-de-personas-con-enfermedades-cronicas-influye-en-la-salud-y-el-bienestar\/#primaryimage","url":"https:\/\/lobosnews.com.ar\/wp-content\/uploads\/2026\/03\/como-el-cuidado-familiar-de-personas-con-enfermedades-cronicas-influye-en-la-salud-y-el-bienestar-6.jpg","contentUrl":"https:\/\/lobosnews.com.ar\/wp-content\/uploads\/2026\/03\/como-el-cuidado-familiar-de-personas-con-enfermedades-cronicas-influye-en-la-salud-y-el-bienestar-6.jpg","width":1456,"height":816,"caption":"C\u00f3mo el cuidado familiar de personas con enfermedades cr\u00f3nicas influye en la salud y el bienestar"},{"@type":"BreadcrumbList","@id":"https:\/\/lobosnews.com.ar\/index.php\/2026\/03\/08\/como-el-cuidado-familiar-de-personas-con-enfermedades-cronicas-influye-en-la-salud-y-el-bienestar\/#breadcrumb","itemListElement":[{"@type":"ListItem","position":1,"name":"Portada","item":"https:\/\/lobosnews.com.ar\/"},{"@type":"ListItem","position":2,"name":"C\u00f3mo el cuidado familiar de personas con enfermedades cr\u00f3nicas influye en la salud y el bienestar"}]},{"@type":"WebSite","@id":"https:\/\/lobosnews.com.ar\/#website","url":"https:\/\/lobosnews.com.ar\/","name":"Lobos News","description":"Informaci\u00f3n a cada instante","publisher":{"@id":"https:\/\/lobosnews.com.ar\/#organization"},"potentialAction":[{"@type":"SearchAction","target":{"@type":"EntryPoint","urlTemplate":"https:\/\/lobosnews.com.ar\/?s={search_term_string}"},"query-input":{"@type":"PropertyValueSpecification","valueRequired":true,"valueName":"search_term_string"}}],"inLanguage":"es"},{"@type":"Organization","@id":"https:\/\/lobosnews.com.ar\/#organization","name":"Lobos News","url":"https:\/\/lobosnews.com.ar\/","logo":{"@type":"ImageObject","inLanguage":"es","@id":"https:\/\/lobosnews.com.ar\/#\/schema\/logo\/image\/","url":"https:\/\/lobosnews.com.ar\/wp-content\/uploads\/2026\/01\/logo-lobosnews.png","contentUrl":"https:\/\/lobosnews.com.ar\/wp-content\/uploads\/2026\/01\/logo-lobosnews.png","width":500,"height":200,"caption":"Lobos News"},"image":{"@id":"https:\/\/lobosnews.com.ar\/#\/schema\/logo\/image\/"}},{"@type":"Person","@id":"https:\/\/lobosnews.com.ar\/#\/schema\/person\/232422a593d5c541dd9aef6aaed10943","name":"admin","image":{"@type":"ImageObject","inLanguage":"es","@id":"https:\/\/lobosnews.com.ar\/#\/schema\/person\/image\/","url":"https:\/\/secure.gravatar.com\/avatar\/76e419471a2083bc3ceab22a763dbbf9b0c1bd15a6214cf3280e2c2dde4580f9?s=96&d=mm&r=g","contentUrl":"https:\/\/secure.gravatar.com\/avatar\/76e419471a2083bc3ceab22a763dbbf9b0c1bd15a6214cf3280e2c2dde4580f9?s=96&d=mm&r=g","caption":"admin"},"sameAs":["https:\/\/lobosnews.com.ar"],"url":"https:\/\/lobosnews.com.ar\/index.php\/author\/lobos-news\/"}]}},"jetpack_featured_media_url":"https:\/\/lobosnews.com.ar\/wp-content\/uploads\/2026\/03\/como-el-cuidado-familiar-de-personas-con-enfermedades-cronicas-influye-en-la-salud-y-el-bienestar-6.jpg","jetpack_sharing_enabled":true,"_links":{"self":[{"href":"https:\/\/lobosnews.com.ar\/index.php\/wp-json\/wp\/v2\/posts\/30839","targetHints":{"allow":["GET"]}}],"collection":[{"href":"https:\/\/lobosnews.com.ar\/index.php\/wp-json\/wp\/v2\/posts"}],"about":[{"href":"https:\/\/lobosnews.com.ar\/index.php\/wp-json\/wp\/v2\/types\/post"}],"author":[{"embeddable":true,"href":"https:\/\/lobosnews.com.ar\/index.php\/wp-json\/wp\/v2\/users\/1"}],"replies":[{"embeddable":true,"href":"https:\/\/lobosnews.com.ar\/index.php\/wp-json\/wp\/v2\/comments?post=30839"}],"version-history":[{"count":1,"href":"https:\/\/lobosnews.com.ar\/index.php\/wp-json\/wp\/v2\/posts\/30839\/revisions"}],"predecessor-version":[{"id":30844,"href":"https:\/\/lobosnews.com.ar\/index.php\/wp-json\/wp\/v2\/posts\/30839\/revisions\/30844"}],"wp:featuredmedia":[{"embeddable":true,"href":"https:\/\/lobosnews.com.ar\/index.php\/wp-json\/wp\/v2\/media\/30845"}],"wp:attachment":[{"href":"https:\/\/lobosnews.com.ar\/index.php\/wp-json\/wp\/v2\/media?parent=30839"}],"wp:term":[{"taxonomy":"category","embeddable":true,"href":"https:\/\/lobosnews.com.ar\/index.php\/wp-json\/wp\/v2\/categories?post=30839"},{"taxonomy":"post_tag","embeddable":true,"href":"https:\/\/lobosnews.com.ar\/index.php\/wp-json\/wp\/v2\/tags?post=30839"}],"curies":[{"name":"wp","href":"https:\/\/api.w.org\/{rel}","templated":true}]}}