{"id":30832,"date":"2026-03-08T13:12:39","date_gmt":"2026-03-08T13:12:39","guid":{"rendered":"https:\/\/lobosnews.com.ar\/index.php\/2026\/03\/08\/de-luz-natural-a-despertar-gradual-la-rutina-matutina-que-recomienda-un-experto-en-sueno-para-mejorar-la-energia-y-el-bienestar\/"},"modified":"2026-03-08T14:56:47","modified_gmt":"2026-03-08T14:56:47","slug":"de-luz-natural-a-despertar-gradual-la-rutina-matutina-que-recomienda-un-experto-en-sueno-para-mejorar-la-energia-y-el-bienestar","status":"publish","type":"post","link":"https:\/\/lobosnews.com.ar\/index.php\/2026\/03\/08\/de-luz-natural-a-despertar-gradual-la-rutina-matutina-que-recomienda-un-experto-en-sueno-para-mejorar-la-energia-y-el-bienestar\/","title":{"rendered":"De luz natural a despertar gradual: la rutina matutina que recomienda un experto en sue\u00f1o para mejorar la energ\u00eda y el bienestar"},"content":{"rendered":"<p><img loading=\"lazy\" decoding=\"async\" src=\"https:\/\/lobosnews.com.ar\/wp-content\/uploads\/2026\/03\/de-luz-natural-a-despertar-gradual-la-rutina-matutina-que-recomienda-un-experto-en-sueno-para-mejorar-la-energia-y-el-bienestar.jpg\" alt=\"La calidad del descanso se consolida como una preocupaci\u00f3n central en la era de la hiperconexi\u00f3n, seg\u00fan expertos en medicina del sue\u00f1o (Freepik)\" height=\"4160\" width=\"6240\"\/><\/p>\n<p>En plena era de <span class=\"waslinkname\"><b>hiperconexi\u00f3n<\/b><\/span>, la calidad del <b>descanso<\/b> se ha convertido en una preocupaci\u00f3n central para millones de personas. La figura de <b>Michael Breus<\/b>, reconocido como uno de los mayores expertos en <b>medicina del <\/b><span class=\"waslinkname\"><b>sue\u00f1o<\/b><\/span>, cobra especial relevancia a la hora de comprender c\u00f3mo peque\u00f1os cambios en las <b>rutinas diarias<\/b> pueden impactar la <b>salud integral<\/b>, seg\u00fan revela <i>Men\u2019s Health<\/i>.<\/p>\n<p>El prestigio de <b>Breus<\/b> se afianza tanto por su formaci\u00f3n como por su experiencia cl\u00ednica. Es <b>doctor en psicolog\u00eda cl\u00ednica<\/b> y se ha especializado a lo largo de los a\u00f1os en ayudar a pacientes a restablecer <b>patrones de sue\u00f1o saludables<\/b>. Su enfoque integra la <b>ciencia del descanso<\/b> con recomendaciones pr\u00e1cticas, orientadas a mejorar la <b>energ\u00eda<\/b>, el <b>\u00e1nimo<\/b> y la <b>capacidad de concentraci\u00f3n<\/b> durante la jornada.<\/p>\n<h2>\u00bfCu\u00e1les son las principales recomendaciones para el despertar?<\/h2>\n<p>El inicio del d\u00eda representa uno de los momentos m\u00e1s determinantes para la <b>salud f\u00edsica<\/b> y <b>mental<\/b>. La importancia de establecer una <b>rutina matutina<\/b> que favorezca la activaci\u00f3n progresiva del <b>cuerpo<\/b> y la <b>mente<\/b>. Seg\u00fan su an\u00e1lisis, los primeros minutos al despertar pueden definir el nivel de <b>energ\u00eda<\/b> y la <b>claridad mental<\/b> durante el resto de la jornada.<\/p>\n<p><b>Breus<\/b> recomienda evitar levantarse de manera apresurada. Sostiene que un <b>despertar brusco<\/b> puede desestabilizar el <b>ritmo circadiano<\/b>, lo que repercute negativamente en el <b>rendimiento diario<\/b>. Sugiere, en cambio, dedicar un breve lapso a la <b>transici\u00f3n entre el sue\u00f1o y la vigilia<\/b>, permitiendo que el <b>organismo<\/b> se adapte gradualmente a la <b>luz<\/b> y al <b>movimiento<\/b>.<\/p>\n<p><img loading=\"lazy\" decoding=\"async\" src=\"https:\/\/lobosnews.com.ar\/wp-content\/uploads\/2026\/03\/de-luz-natural-a-despertar-gradual-la-rutina-matutina-que-recomienda-un-experto-en-sueno-para-mejorar-la-energia-y-el-bienestar-1.jpg\" alt=\"Michael Breus, referencia internacional en medicina del sue\u00f1o, destaca el impacto de peque\u00f1as rutinas en la salud integral y el bienestar (Freepik)\" height=\"5256\" width=\"7900\"\/><\/p>\n<p>Entre sus consejos destaca la importancia de la <b>exposici\u00f3n a la luz natural<\/b>. Seg\u00fan el experto, buscar la <b>luz del sol<\/b> en los primeros instantes del d\u00eda ayuda a sincronizar el <b>reloj biol\u00f3gico interno<\/b>, lo que favorece la secreci\u00f3n de <b>hormonas<\/b> como el <b>cortisol<\/b> \u2014clave para la energ\u00eda matinal\u2014 y contribuye a regular el <b>ciclo de sue\u00f1o y vigilia<\/b>.<\/p>\n<p>En di\u00e1logo con <i>Men\u2019s Health, <\/i><b>Breus<\/b> tambi\u00e9n aconseja evitar la tentaci\u00f3n de permanecer largos minutos en la cama despu\u00e9s de sonar la <b>alarma<\/b>. Retrasar el momento de incorporarse puede generar una sensaci\u00f3n de <b>somnolencia persistente<\/b>, conocida como \u201c<b>inercia del sue\u00f1o<\/b>\u201d, que dificulta el inicio de la <b>actividad diaria<\/b>.<\/p>\n<h2>\u00bfPor qu\u00e9 la hidrataci\u00f3n al despertar es fundamental?<\/h2>\n<p>La <b>hidrataci\u00f3n<\/b> ocupa un lugar central en las recomendaciones de <b>Breus<\/b> para un inicio de jornada saludable. El experto en <b>medicina del sue\u00f1o<\/b> se\u00f1ala que, tras varias horas de descanso sin ingerir <b>l\u00edquidos<\/b>, el cuerpo despierta en un estado de <b>ligera deshidrataci\u00f3n<\/b>. Esta condici\u00f3n puede afectar el nivel de <b>energ\u00eda<\/b>, la capacidad de <b>concentraci\u00f3n<\/b> y el funcionamiento general del <b>organismo<\/b>.<\/p>\n<p>Seg\u00fan <b>Breus<\/b>, beber <b>agua<\/b> al levantarse es una acci\u00f3n sencilla que contribuye a reactivar los <b>procesos fisiol\u00f3gicos<\/b>. El acto de <b>hidratarse<\/b> permite reponer los <b>l\u00edquidos perdidos<\/b> durante la noche y favorece el correcto funcionamiento de <b>\u00f3rganos vitales<\/b>, como el <b>cerebro<\/b> y los <b>ri\u00f1ones<\/b>. El especialista recomienda priorizar el consumo de <b>agua<\/b> frente a otras bebidas en los primeros minutos de la ma\u00f1ana.<\/p>\n<p><img loading=\"lazy\" decoding=\"async\" src=\"https:\/\/lobosnews.com.ar\/wp-content\/uploads\/2026\/03\/de-luz-natural-a-despertar-gradual-la-rutina-matutina-que-recomienda-un-experto-en-sueno-para-mejorar-la-energia-y-el-bienestar-2.jpg\" alt=\"Breus aconseja evitar levantarse bruscamente para respetar el ritmo circadiano y mejorar la energ\u00eda matutina y la claridad mental (Freepik)\" height=\"2250\" width=\"4000\"\/><\/p>\n<p>La informaci\u00f3n recogida por <i>Men\u2019s Health<\/i> destaca que, para <b>Breus<\/b>, la <b>hidrataci\u00f3n matutina<\/b> es un pilar que ayuda a combatir la <b>fatiga inicial<\/b> y prepara al cuerpo para enfrentar las demandas del d\u00eda. Este gesto sencillo puede marcar una diferencia significativa en la percepci\u00f3n de <b>bienestar<\/b>.<\/p>\n<h2>\u00bfCu\u00e1les son las razones para evitar el caf\u00e9 justo al despertar seg\u00fan Michael Breus?<\/h2>\n<p>El consumo de <b>caf\u00e9<\/b> en los primeros minutos del d\u00eda es una costumbre arraigada en muchas culturas. Sin embargo, esta pr\u00e1ctica podr\u00eda no ser la m\u00e1s beneficiosa para el <b>organismo<\/b>. Seg\u00fan explica el especialista, el cuerpo experimenta naturalmente un pico en los niveles de <b>cortisol<\/b> poco despu\u00e9s de despertar. Esta <b>hormona<\/b>, conocida como la \u201c<b>hormona del estr\u00e9s<\/b>\u201d, cumple un papel esencial en la <b>activaci\u00f3n matutina<\/b> y en la regulaci\u00f3n del <b>estado de alerta<\/b>.<\/p>\n<p><b>Breus<\/b> sostiene que ingerir <b>caf\u00e9<\/b> mientras el <b>cortisol<\/b> se encuentra en su punto m\u00e1s alto puede reducir la eficacia estimulante de la <b>cafe\u00edna<\/b>, ya que el organismo est\u00e1 ya en un proceso de <b>activaci\u00f3n natural<\/b>. Adem\u00e1s, una ingesta temprana de <b>cafe\u00edna<\/b> podr\u00eda interferir en la producci\u00f3n y funcionamiento de esta <b>hormona<\/b>, alterando el <b>equilibrio biol\u00f3gico<\/b> del cuerpo.<\/p>\n<p>El experto recomend\u00f3, en di\u00e1logo con <i>Men\u2019s Health,<\/i> esperar, al menos, entre 60 y 90 minutos despu\u00e9s de levantarse antes de tomar la primera taza de <b>caf\u00e9<\/b>. Este intervalo permite que los niveles de <b>cortisol<\/b> desciendan de manera natural, optimizando as\u00ed el efecto de la <b>cafe\u00edna<\/b> y favoreciendo una mayor sensaci\u00f3n de <b>energ\u00eda sostenida<\/b> a lo largo de la ma\u00f1ana.<\/p>\n<p><img loading=\"lazy\" decoding=\"async\" src=\"https:\/\/lobosnews.com.ar\/wp-content\/uploads\/2026\/03\/de-luz-natural-a-despertar-gradual-la-rutina-matutina-que-recomienda-un-experto-en-sueno-para-mejorar-la-energia-y-el-bienestar-3.jpg\" alt=\"Establecer horarios regulares y evitar pantallas al despertar forman parte de los consejos de Breus para una rutina matutina saludable y sincronizada con el reloj biol\u00f3gico (Imagen Ilustrativa Infobae)\" height=\"768\" width=\"1408\"\/><\/p>\n<h2>\u00bfQu\u00e9 otros consejos ofrece para mejorar la rutina matutina<\/h2>\n<p>Adem\u00e1s de sus recomendaciones sobre <b>hidrataci\u00f3n<\/b> y consumo de <b>caf\u00e9<\/b>, <b>Breus<\/b> sugiere incorporar h\u00e1bitos sencillos para potenciar el <b>bienestar<\/b> desde el inicio del d\u00eda. El experto subraya la relevancia de crear un <b>entorno<\/b> que facilite la activaci\u00f3n progresiva del organismo, priorizando acciones que respeten los <b>ritmos naturales del cuerpo<\/b>.<\/p>\n<p>Entre los consejos adicionales destaca la importancia de evitar las <b>pantallas<\/b> durante los primeros minutos tras despertarse. La exposici\u00f3n inmediata a <b>dispositivos electr\u00f3nicos<\/b> puede alterar la percepci\u00f3n del tiempo y dificultar el proceso de <b>transici\u00f3n hacia la vigilia plena<\/b>. El especialista propone destinar ese momento a <b>actividades de preparaci\u00f3n personal<\/b>, como una ducha, <b>ejercicios suaves<\/b> o una breve caminata.<\/p>\n<p><b>Breus<\/b> tambi\u00e9n resalta la conveniencia de establecer <b>horarios regulares<\/b> para despertar, incluso los fines de semana. Mantener una <b>rutina estable<\/b> ayuda al organismo a sincronizar su <b>reloj biol\u00f3gico<\/b>, lo que se traduce en un <b>descanso m\u00e1s reparador<\/b> y en una mayor facilidad para iniciar cada jornada.<\/p>\n<p>La informaci\u00f3n de <i>Men\u2019s Health<\/i> indica que el <b>psic\u00f3logo cl\u00ednico<\/b> recomienda escuchar las se\u00f1ales del propio cuerpo y ajustar la rutina seg\u00fan las <b>necesidades individuales<\/b>. La <b>flexibilidad<\/b> y la atenci\u00f3n a los cambios en el nivel de <b>energ\u00eda<\/b> pueden contribuir a perfeccionar los <b>h\u00e1bitos matutinos<\/b>, incrementando as\u00ed la calidad de <b>vida diaria<\/b>.<\/p>\n","protected":false},"excerpt":{"rendered":"<p>En plena era de hiperconexi\u00f3n, la calidad del descanso se ha convertido en una preocupaci\u00f3n central para millones de personas. La figura de Michael Breus, reconocido como uno de los mayores expertos en medicina del sue\u00f1o, cobra especial relevancia a la hora de comprender c\u00f3mo peque\u00f1os cambios en las rutinas diarias pueden impactar la salud&#8230;<\/p>\n","protected":false},"author":1,"featured_media":30838,"comment_status":"open","ping_status":"closed","sticky":false,"template":"","format":"standard","meta":{"_jetpack_memberships_contains_paid_content":false,"footnotes":""},"categories":[81],"tags":[],"class_list":["post-30832","post","type-post","status-publish","format-standard","has-post-thumbnail","hentry","category-salud"],"magazineBlocksPostFeaturedMedia":{"thumbnail":"https:\/\/lobosnews.com.ar\/wp-content\/uploads\/2026\/03\/de-luz-natural-a-despertar-gradual-la-rutina-matutina-que-recomienda-un-experto-en-sueno-para-mejorar-la-energia-y-el-bienestar-6-150x150.jpg","medium":"https:\/\/lobosnews.com.ar\/wp-content\/uploads\/2026\/03\/de-luz-natural-a-despertar-gradual-la-rutina-matutina-que-recomienda-un-experto-en-sueno-para-mejorar-la-energia-y-el-bienestar-6-300x164.jpg","medium_large":"https:\/\/lobosnews.com.ar\/wp-content\/uploads\/2026\/03\/de-luz-natural-a-despertar-gradual-la-rutina-matutina-que-recomienda-un-experto-en-sueno-para-mejorar-la-energia-y-el-bienestar-6-768x419.jpg","large":"https:\/\/lobosnews.com.ar\/wp-content\/uploads\/2026\/03\/de-luz-natural-a-despertar-gradual-la-rutina-matutina-que-recomienda-un-experto-en-sueno-para-mejorar-la-energia-y-el-bienestar-6-1024x559.jpg","1536x1536":"https:\/\/lobosnews.com.ar\/wp-content\/uploads\/2026\/03\/de-luz-natural-a-despertar-gradual-la-rutina-matutina-que-recomienda-un-experto-en-sueno-para-mejorar-la-energia-y-el-bienestar-6.jpg","2048x2048":"https:\/\/lobosnews.com.ar\/wp-content\/uploads\/2026\/03\/de-luz-natural-a-despertar-gradual-la-rutina-matutina-que-recomienda-un-experto-en-sueno-para-mejorar-la-energia-y-el-bienestar-6.jpg","newsmatic-featured":"https:\/\/lobosnews.com.ar\/wp-content\/uploads\/2026\/03\/de-luz-natural-a-despertar-gradual-la-rutina-matutina-que-recomienda-un-experto-en-sueno-para-mejorar-la-energia-y-el-bienestar-6-820x545.jpg","newsmatic-list":"https:\/\/lobosnews.com.ar\/wp-content\/uploads\/2026\/03\/de-luz-natural-a-despertar-gradual-la-rutina-matutina-que-recomienda-un-experto-en-sueno-para-mejorar-la-energia-y-el-bienestar-6-600x400.jpg","newsmatic-thumb":"https:\/\/lobosnews.com.ar\/wp-content\/uploads\/2026\/03\/de-luz-natural-a-despertar-gradual-la-rutina-matutina-que-recomienda-un-experto-en-sueno-para-mejorar-la-energia-y-el-bienestar-6-300x200.jpg","newsmatic-small":"https:\/\/lobosnews.com.ar\/wp-content\/uploads\/2026\/03\/de-luz-natural-a-despertar-gradual-la-rutina-matutina-que-recomienda-un-experto-en-sueno-para-mejorar-la-energia-y-el-bienestar-6-150x95.jpg","newsmatic-grid":"https:\/\/lobosnews.com.ar\/wp-content\/uploads\/2026\/03\/de-luz-natural-a-despertar-gradual-la-rutina-matutina-que-recomienda-un-experto-en-sueno-para-mejorar-la-energia-y-el-bienestar-6-400x250.jpg"},"magazineBlocksPostAuthor":{"name":"admin","avatar":"https:\/\/secure.gravatar.com\/avatar\/76e419471a2083bc3ceab22a763dbbf9b0c1bd15a6214cf3280e2c2dde4580f9?s=96&d=mm&r=g"},"magazineBlocksPostCommentsNumber":"0","magazineBlocksPostExcerpt":"En plena era de hiperconexi\u00f3n, la calidad del descanso se ha convertido en una preocupaci\u00f3n central para millones de personas. La figura de Michael Breus, reconocido como uno de los mayores expertos en medicina del sue\u00f1o, cobra especial relevancia a la hora de comprender c\u00f3mo peque\u00f1os cambios en las rutinas diarias pueden impactar la salud...","magazineBlocksPostCategories":["Salud"],"magazineBlocksPostViewCount":70,"magazineBlocksPostReadTime":6,"magazine_blocks_featured_image_url":{"full":["https:\/\/lobosnews.com.ar\/wp-content\/uploads\/2026\/03\/de-luz-natural-a-despertar-gradual-la-rutina-matutina-que-recomienda-un-experto-en-sueno-para-mejorar-la-energia-y-el-bienestar-6.jpg",1408,768,false],"medium":["https:\/\/lobosnews.com.ar\/wp-content\/uploads\/2026\/03\/de-luz-natural-a-despertar-gradual-la-rutina-matutina-que-recomienda-un-experto-en-sueno-para-mejorar-la-energia-y-el-bienestar-6-300x164.jpg",300,164,true],"thumbnail":["https:\/\/lobosnews.com.ar\/wp-content\/uploads\/2026\/03\/de-luz-natural-a-despertar-gradual-la-rutina-matutina-que-recomienda-un-experto-en-sueno-para-mejorar-la-energia-y-el-bienestar-6-150x150.jpg",150,150,true]},"magazine_blocks_author":{"display_name":"admin","author_link":"https:\/\/lobosnews.com.ar\/index.php\/author\/lobos-news\/"},"magazine_blocks_comment":0,"magazine_blocks_author_image":"https:\/\/secure.gravatar.com\/avatar\/76e419471a2083bc3ceab22a763dbbf9b0c1bd15a6214cf3280e2c2dde4580f9?s=96&d=mm&r=g","magazine_blocks_category":"<a href=\"#\" class=\"category-link category-link-81\">Salud<\/a>","yoast_head":"<!-- This site is optimized with the Yoast SEO plugin v26.6 - https:\/\/yoast.com\/wordpress\/plugins\/seo\/ -->\n<title>De luz natural a despertar gradual: la rutina matutina que recomienda un experto en sue\u00f1o para mejorar la energ\u00eda y el bienestar - Lobos News<\/title>\n<meta name=\"robots\" content=\"index, follow, max-snippet:-1, max-image-preview:large, max-video-preview:-1\" \/>\n<link rel=\"canonical\" href=\"https:\/\/lobosnews.com.ar\/index.php\/2026\/03\/08\/de-luz-natural-a-despertar-gradual-la-rutina-matutina-que-recomienda-un-experto-en-sueno-para-mejorar-la-energia-y-el-bienestar\/\" \/>\n<meta property=\"og:locale\" content=\"es_ES\" \/>\n<meta property=\"og:type\" content=\"article\" \/>\n<meta property=\"og:title\" content=\"De luz natural a despertar gradual: la rutina matutina que recomienda un experto en sue\u00f1o para mejorar la energ\u00eda y el bienestar - Lobos News\" \/>\n<meta property=\"og:description\" content=\"En plena era de hiperconexi\u00f3n, la calidad del descanso se ha convertido en una preocupaci\u00f3n central para millones de personas. La figura de Michael Breus, reconocido como uno de los mayores expertos en medicina del sue\u00f1o, cobra especial relevancia a la hora de comprender c\u00f3mo peque\u00f1os cambios en las rutinas diarias pueden impactar la salud...\" \/>\n<meta property=\"og:url\" content=\"https:\/\/lobosnews.com.ar\/index.php\/2026\/03\/08\/de-luz-natural-a-despertar-gradual-la-rutina-matutina-que-recomienda-un-experto-en-sueno-para-mejorar-la-energia-y-el-bienestar\/\" \/>\n<meta property=\"og:site_name\" content=\"Lobos News\" \/>\n<meta property=\"article:published_time\" content=\"2026-03-08T13:12:39+00:00\" \/>\n<meta property=\"article:modified_time\" content=\"2026-03-08T14:56:47+00:00\" \/>\n<meta property=\"og:image\" content=\"https:\/\/lobosnews.com.ar\/wp-content\/uploads\/2026\/03\/de-luz-natural-a-despertar-gradual-la-rutina-matutina-que-recomienda-un-experto-en-sueno-para-mejorar-la-energia-y-el-bienestar.jpg\" \/>\n<meta name=\"author\" content=\"admin\" \/>\n<meta name=\"twitter:card\" content=\"summary_large_image\" \/>\n<meta name=\"twitter:label1\" content=\"Escrito por\" \/>\n\t<meta name=\"twitter:data1\" content=\"admin\" \/>\n\t<meta name=\"twitter:label2\" content=\"Tiempo de lectura\" \/>\n\t<meta name=\"twitter:data2\" content=\"5 minutos\" \/>\n<script type=\"application\/ld+json\" class=\"yoast-schema-graph\">{\"@context\":\"https:\/\/schema.org\",\"@graph\":[{\"@type\":\"Article\",\"@id\":\"https:\/\/lobosnews.com.ar\/index.php\/2026\/03\/08\/de-luz-natural-a-despertar-gradual-la-rutina-matutina-que-recomienda-un-experto-en-sueno-para-mejorar-la-energia-y-el-bienestar\/#article\",\"isPartOf\":{\"@id\":\"https:\/\/lobosnews.com.ar\/index.php\/2026\/03\/08\/de-luz-natural-a-despertar-gradual-la-rutina-matutina-que-recomienda-un-experto-en-sueno-para-mejorar-la-energia-y-el-bienestar\/\"},\"author\":{\"name\":\"admin\",\"@id\":\"https:\/\/lobosnews.com.ar\/#\/schema\/person\/232422a593d5c541dd9aef6aaed10943\"},\"headline\":\"De luz natural a despertar gradual: la rutina matutina que recomienda un experto en sue\u00f1o para mejorar la energ\u00eda y el bienestar\",\"datePublished\":\"2026-03-08T13:12:39+00:00\",\"dateModified\":\"2026-03-08T14:56:47+00:00\",\"mainEntityOfPage\":{\"@id\":\"https:\/\/lobosnews.com.ar\/index.php\/2026\/03\/08\/de-luz-natural-a-despertar-gradual-la-rutina-matutina-que-recomienda-un-experto-en-sueno-para-mejorar-la-energia-y-el-bienestar\/\"},\"wordCount\":1077,\"commentCount\":0,\"publisher\":{\"@id\":\"https:\/\/lobosnews.com.ar\/#organization\"},\"image\":{\"@id\":\"https:\/\/lobosnews.com.ar\/index.php\/2026\/03\/08\/de-luz-natural-a-despertar-gradual-la-rutina-matutina-que-recomienda-un-experto-en-sueno-para-mejorar-la-energia-y-el-bienestar\/#primaryimage\"},\"thumbnailUrl\":\"https:\/\/lobosnews.com.ar\/wp-content\/uploads\/2026\/03\/de-luz-natural-a-despertar-gradual-la-rutina-matutina-que-recomienda-un-experto-en-sueno-para-mejorar-la-energia-y-el-bienestar-6.jpg\",\"articleSection\":[\"Salud\"],\"inLanguage\":\"es\",\"potentialAction\":[{\"@type\":\"CommentAction\",\"name\":\"Comment\",\"target\":[\"https:\/\/lobosnews.com.ar\/index.php\/2026\/03\/08\/de-luz-natural-a-despertar-gradual-la-rutina-matutina-que-recomienda-un-experto-en-sueno-para-mejorar-la-energia-y-el-bienestar\/#respond\"]}]},{\"@type\":\"WebPage\",\"@id\":\"https:\/\/lobosnews.com.ar\/index.php\/2026\/03\/08\/de-luz-natural-a-despertar-gradual-la-rutina-matutina-que-recomienda-un-experto-en-sueno-para-mejorar-la-energia-y-el-bienestar\/\",\"url\":\"https:\/\/lobosnews.com.ar\/index.php\/2026\/03\/08\/de-luz-natural-a-despertar-gradual-la-rutina-matutina-que-recomienda-un-experto-en-sueno-para-mejorar-la-energia-y-el-bienestar\/\",\"name\":\"De luz natural a despertar gradual: la rutina matutina que recomienda un experto en sue\u00f1o para mejorar la energ\u00eda y el bienestar - Lobos News\",\"isPartOf\":{\"@id\":\"https:\/\/lobosnews.com.ar\/#website\"},\"primaryImageOfPage\":{\"@id\":\"https:\/\/lobosnews.com.ar\/index.php\/2026\/03\/08\/de-luz-natural-a-despertar-gradual-la-rutina-matutina-que-recomienda-un-experto-en-sueno-para-mejorar-la-energia-y-el-bienestar\/#primaryimage\"},\"image\":{\"@id\":\"https:\/\/lobosnews.com.ar\/index.php\/2026\/03\/08\/de-luz-natural-a-despertar-gradual-la-rutina-matutina-que-recomienda-un-experto-en-sueno-para-mejorar-la-energia-y-el-bienestar\/#primaryimage\"},\"thumbnailUrl\":\"https:\/\/lobosnews.com.ar\/wp-content\/uploads\/2026\/03\/de-luz-natural-a-despertar-gradual-la-rutina-matutina-que-recomienda-un-experto-en-sueno-para-mejorar-la-energia-y-el-bienestar-6.jpg\",\"datePublished\":\"2026-03-08T13:12:39+00:00\",\"dateModified\":\"2026-03-08T14:56:47+00:00\",\"breadcrumb\":{\"@id\":\"https:\/\/lobosnews.com.ar\/index.php\/2026\/03\/08\/de-luz-natural-a-despertar-gradual-la-rutina-matutina-que-recomienda-un-experto-en-sueno-para-mejorar-la-energia-y-el-bienestar\/#breadcrumb\"},\"inLanguage\":\"es\",\"potentialAction\":[{\"@type\":\"ReadAction\",\"target\":[\"https:\/\/lobosnews.com.ar\/index.php\/2026\/03\/08\/de-luz-natural-a-despertar-gradual-la-rutina-matutina-que-recomienda-un-experto-en-sueno-para-mejorar-la-energia-y-el-bienestar\/\"]}]},{\"@type\":\"ImageObject\",\"inLanguage\":\"es\",\"@id\":\"https:\/\/lobosnews.com.ar\/index.php\/2026\/03\/08\/de-luz-natural-a-despertar-gradual-la-rutina-matutina-que-recomienda-un-experto-en-sueno-para-mejorar-la-energia-y-el-bienestar\/#primaryimage\",\"url\":\"https:\/\/lobosnews.com.ar\/wp-content\/uploads\/2026\/03\/de-luz-natural-a-despertar-gradual-la-rutina-matutina-que-recomienda-un-experto-en-sueno-para-mejorar-la-energia-y-el-bienestar-6.jpg\",\"contentUrl\":\"https:\/\/lobosnews.com.ar\/wp-content\/uploads\/2026\/03\/de-luz-natural-a-despertar-gradual-la-rutina-matutina-que-recomienda-un-experto-en-sueno-para-mejorar-la-energia-y-el-bienestar-6.jpg\",\"width\":1408,\"height\":768,\"caption\":\"De luz natural a despertar gradual: la rutina matutina que recomienda un experto en sue\u00f1o para mejorar la energ\u00eda y el bienestar\"},{\"@type\":\"BreadcrumbList\",\"@id\":\"https:\/\/lobosnews.com.ar\/index.php\/2026\/03\/08\/de-luz-natural-a-despertar-gradual-la-rutina-matutina-que-recomienda-un-experto-en-sueno-para-mejorar-la-energia-y-el-bienestar\/#breadcrumb\",\"itemListElement\":[{\"@type\":\"ListItem\",\"position\":1,\"name\":\"Portada\",\"item\":\"https:\/\/lobosnews.com.ar\/\"},{\"@type\":\"ListItem\",\"position\":2,\"name\":\"De luz natural a despertar gradual: la rutina matutina que recomienda un experto en sue\u00f1o para mejorar la energ\u00eda y el bienestar\"}]},{\"@type\":\"WebSite\",\"@id\":\"https:\/\/lobosnews.com.ar\/#website\",\"url\":\"https:\/\/lobosnews.com.ar\/\",\"name\":\"Lobos News\",\"description\":\"Informaci\u00f3n a cada instante\",\"publisher\":{\"@id\":\"https:\/\/lobosnews.com.ar\/#organization\"},\"potentialAction\":[{\"@type\":\"SearchAction\",\"target\":{\"@type\":\"EntryPoint\",\"urlTemplate\":\"https:\/\/lobosnews.com.ar\/?s={search_term_string}\"},\"query-input\":{\"@type\":\"PropertyValueSpecification\",\"valueRequired\":true,\"valueName\":\"search_term_string\"}}],\"inLanguage\":\"es\"},{\"@type\":\"Organization\",\"@id\":\"https:\/\/lobosnews.com.ar\/#organization\",\"name\":\"Lobos News\",\"url\":\"https:\/\/lobosnews.com.ar\/\",\"logo\":{\"@type\":\"ImageObject\",\"inLanguage\":\"es\",\"@id\":\"https:\/\/lobosnews.com.ar\/#\/schema\/logo\/image\/\",\"url\":\"https:\/\/lobosnews.com.ar\/wp-content\/uploads\/2026\/01\/logo-lobosnews.png\",\"contentUrl\":\"https:\/\/lobosnews.com.ar\/wp-content\/uploads\/2026\/01\/logo-lobosnews.png\",\"width\":500,\"height\":200,\"caption\":\"Lobos News\"},\"image\":{\"@id\":\"https:\/\/lobosnews.com.ar\/#\/schema\/logo\/image\/\"}},{\"@type\":\"Person\",\"@id\":\"https:\/\/lobosnews.com.ar\/#\/schema\/person\/232422a593d5c541dd9aef6aaed10943\",\"name\":\"admin\",\"image\":{\"@type\":\"ImageObject\",\"inLanguage\":\"es\",\"@id\":\"https:\/\/lobosnews.com.ar\/#\/schema\/person\/image\/\",\"url\":\"https:\/\/secure.gravatar.com\/avatar\/76e419471a2083bc3ceab22a763dbbf9b0c1bd15a6214cf3280e2c2dde4580f9?s=96&d=mm&r=g\",\"contentUrl\":\"https:\/\/secure.gravatar.com\/avatar\/76e419471a2083bc3ceab22a763dbbf9b0c1bd15a6214cf3280e2c2dde4580f9?s=96&d=mm&r=g\",\"caption\":\"admin\"},\"sameAs\":[\"https:\/\/lobosnews.com.ar\"],\"url\":\"https:\/\/lobosnews.com.ar\/index.php\/author\/lobos-news\/\"}]}<\/script>\n<!-- \/ Yoast SEO plugin. -->","yoast_head_json":{"title":"De luz natural a despertar gradual: la rutina matutina que recomienda un experto en sue\u00f1o para mejorar la energ\u00eda y el bienestar - Lobos News","robots":{"index":"index","follow":"follow","max-snippet":"max-snippet:-1","max-image-preview":"max-image-preview:large","max-video-preview":"max-video-preview:-1"},"canonical":"https:\/\/lobosnews.com.ar\/index.php\/2026\/03\/08\/de-luz-natural-a-despertar-gradual-la-rutina-matutina-que-recomienda-un-experto-en-sueno-para-mejorar-la-energia-y-el-bienestar\/","og_locale":"es_ES","og_type":"article","og_title":"De luz natural a despertar gradual: la rutina matutina que recomienda un experto en sue\u00f1o para mejorar la energ\u00eda y el bienestar - Lobos News","og_description":"En plena era de hiperconexi\u00f3n, la calidad del descanso se ha convertido en una preocupaci\u00f3n central para millones de personas. La figura de Michael Breus, reconocido como uno de los mayores expertos en medicina del sue\u00f1o, cobra especial relevancia a la hora de comprender c\u00f3mo peque\u00f1os cambios en las rutinas diarias pueden impactar la salud...","og_url":"https:\/\/lobosnews.com.ar\/index.php\/2026\/03\/08\/de-luz-natural-a-despertar-gradual-la-rutina-matutina-que-recomienda-un-experto-en-sueno-para-mejorar-la-energia-y-el-bienestar\/","og_site_name":"Lobos News","article_published_time":"2026-03-08T13:12:39+00:00","article_modified_time":"2026-03-08T14:56:47+00:00","og_image":[{"url":"https:\/\/lobosnews.com.ar\/wp-content\/uploads\/2026\/03\/de-luz-natural-a-despertar-gradual-la-rutina-matutina-que-recomienda-un-experto-en-sueno-para-mejorar-la-energia-y-el-bienestar.jpg","type":"","width":"","height":""}],"author":"admin","twitter_card":"summary_large_image","twitter_misc":{"Escrito por":"admin","Tiempo de lectura":"5 minutos"},"schema":{"@context":"https:\/\/schema.org","@graph":[{"@type":"Article","@id":"https:\/\/lobosnews.com.ar\/index.php\/2026\/03\/08\/de-luz-natural-a-despertar-gradual-la-rutina-matutina-que-recomienda-un-experto-en-sueno-para-mejorar-la-energia-y-el-bienestar\/#article","isPartOf":{"@id":"https:\/\/lobosnews.com.ar\/index.php\/2026\/03\/08\/de-luz-natural-a-despertar-gradual-la-rutina-matutina-que-recomienda-un-experto-en-sueno-para-mejorar-la-energia-y-el-bienestar\/"},"author":{"name":"admin","@id":"https:\/\/lobosnews.com.ar\/#\/schema\/person\/232422a593d5c541dd9aef6aaed10943"},"headline":"De luz natural a despertar gradual: la rutina matutina que recomienda un experto en sue\u00f1o para mejorar la energ\u00eda y el bienestar","datePublished":"2026-03-08T13:12:39+00:00","dateModified":"2026-03-08T14:56:47+00:00","mainEntityOfPage":{"@id":"https:\/\/lobosnews.com.ar\/index.php\/2026\/03\/08\/de-luz-natural-a-despertar-gradual-la-rutina-matutina-que-recomienda-un-experto-en-sueno-para-mejorar-la-energia-y-el-bienestar\/"},"wordCount":1077,"commentCount":0,"publisher":{"@id":"https:\/\/lobosnews.com.ar\/#organization"},"image":{"@id":"https:\/\/lobosnews.com.ar\/index.php\/2026\/03\/08\/de-luz-natural-a-despertar-gradual-la-rutina-matutina-que-recomienda-un-experto-en-sueno-para-mejorar-la-energia-y-el-bienestar\/#primaryimage"},"thumbnailUrl":"https:\/\/lobosnews.com.ar\/wp-content\/uploads\/2026\/03\/de-luz-natural-a-despertar-gradual-la-rutina-matutina-que-recomienda-un-experto-en-sueno-para-mejorar-la-energia-y-el-bienestar-6.jpg","articleSection":["Salud"],"inLanguage":"es","potentialAction":[{"@type":"CommentAction","name":"Comment","target":["https:\/\/lobosnews.com.ar\/index.php\/2026\/03\/08\/de-luz-natural-a-despertar-gradual-la-rutina-matutina-que-recomienda-un-experto-en-sueno-para-mejorar-la-energia-y-el-bienestar\/#respond"]}]},{"@type":"WebPage","@id":"https:\/\/lobosnews.com.ar\/index.php\/2026\/03\/08\/de-luz-natural-a-despertar-gradual-la-rutina-matutina-que-recomienda-un-experto-en-sueno-para-mejorar-la-energia-y-el-bienestar\/","url":"https:\/\/lobosnews.com.ar\/index.php\/2026\/03\/08\/de-luz-natural-a-despertar-gradual-la-rutina-matutina-que-recomienda-un-experto-en-sueno-para-mejorar-la-energia-y-el-bienestar\/","name":"De luz natural a despertar gradual: la rutina matutina que recomienda un experto en sue\u00f1o para mejorar la energ\u00eda y el bienestar - Lobos News","isPartOf":{"@id":"https:\/\/lobosnews.com.ar\/#website"},"primaryImageOfPage":{"@id":"https:\/\/lobosnews.com.ar\/index.php\/2026\/03\/08\/de-luz-natural-a-despertar-gradual-la-rutina-matutina-que-recomienda-un-experto-en-sueno-para-mejorar-la-energia-y-el-bienestar\/#primaryimage"},"image":{"@id":"https:\/\/lobosnews.com.ar\/index.php\/2026\/03\/08\/de-luz-natural-a-despertar-gradual-la-rutina-matutina-que-recomienda-un-experto-en-sueno-para-mejorar-la-energia-y-el-bienestar\/#primaryimage"},"thumbnailUrl":"https:\/\/lobosnews.com.ar\/wp-content\/uploads\/2026\/03\/de-luz-natural-a-despertar-gradual-la-rutina-matutina-que-recomienda-un-experto-en-sueno-para-mejorar-la-energia-y-el-bienestar-6.jpg","datePublished":"2026-03-08T13:12:39+00:00","dateModified":"2026-03-08T14:56:47+00:00","breadcrumb":{"@id":"https:\/\/lobosnews.com.ar\/index.php\/2026\/03\/08\/de-luz-natural-a-despertar-gradual-la-rutina-matutina-que-recomienda-un-experto-en-sueno-para-mejorar-la-energia-y-el-bienestar\/#breadcrumb"},"inLanguage":"es","potentialAction":[{"@type":"ReadAction","target":["https:\/\/lobosnews.com.ar\/index.php\/2026\/03\/08\/de-luz-natural-a-despertar-gradual-la-rutina-matutina-que-recomienda-un-experto-en-sueno-para-mejorar-la-energia-y-el-bienestar\/"]}]},{"@type":"ImageObject","inLanguage":"es","@id":"https:\/\/lobosnews.com.ar\/index.php\/2026\/03\/08\/de-luz-natural-a-despertar-gradual-la-rutina-matutina-que-recomienda-un-experto-en-sueno-para-mejorar-la-energia-y-el-bienestar\/#primaryimage","url":"https:\/\/lobosnews.com.ar\/wp-content\/uploads\/2026\/03\/de-luz-natural-a-despertar-gradual-la-rutina-matutina-que-recomienda-un-experto-en-sueno-para-mejorar-la-energia-y-el-bienestar-6.jpg","contentUrl":"https:\/\/lobosnews.com.ar\/wp-content\/uploads\/2026\/03\/de-luz-natural-a-despertar-gradual-la-rutina-matutina-que-recomienda-un-experto-en-sueno-para-mejorar-la-energia-y-el-bienestar-6.jpg","width":1408,"height":768,"caption":"De luz natural a despertar gradual: la rutina matutina que recomienda un experto en sue\u00f1o para mejorar la energ\u00eda y el bienestar"},{"@type":"BreadcrumbList","@id":"https:\/\/lobosnews.com.ar\/index.php\/2026\/03\/08\/de-luz-natural-a-despertar-gradual-la-rutina-matutina-que-recomienda-un-experto-en-sueno-para-mejorar-la-energia-y-el-bienestar\/#breadcrumb","itemListElement":[{"@type":"ListItem","position":1,"name":"Portada","item":"https:\/\/lobosnews.com.ar\/"},{"@type":"ListItem","position":2,"name":"De luz natural a despertar gradual: la rutina matutina que recomienda un experto en sue\u00f1o para mejorar la energ\u00eda y el bienestar"}]},{"@type":"WebSite","@id":"https:\/\/lobosnews.com.ar\/#website","url":"https:\/\/lobosnews.com.ar\/","name":"Lobos News","description":"Informaci\u00f3n a cada instante","publisher":{"@id":"https:\/\/lobosnews.com.ar\/#organization"},"potentialAction":[{"@type":"SearchAction","target":{"@type":"EntryPoint","urlTemplate":"https:\/\/lobosnews.com.ar\/?s={search_term_string}"},"query-input":{"@type":"PropertyValueSpecification","valueRequired":true,"valueName":"search_term_string"}}],"inLanguage":"es"},{"@type":"Organization","@id":"https:\/\/lobosnews.com.ar\/#organization","name":"Lobos News","url":"https:\/\/lobosnews.com.ar\/","logo":{"@type":"ImageObject","inLanguage":"es","@id":"https:\/\/lobosnews.com.ar\/#\/schema\/logo\/image\/","url":"https:\/\/lobosnews.com.ar\/wp-content\/uploads\/2026\/01\/logo-lobosnews.png","contentUrl":"https:\/\/lobosnews.com.ar\/wp-content\/uploads\/2026\/01\/logo-lobosnews.png","width":500,"height":200,"caption":"Lobos News"},"image":{"@id":"https:\/\/lobosnews.com.ar\/#\/schema\/logo\/image\/"}},{"@type":"Person","@id":"https:\/\/lobosnews.com.ar\/#\/schema\/person\/232422a593d5c541dd9aef6aaed10943","name":"admin","image":{"@type":"ImageObject","inLanguage":"es","@id":"https:\/\/lobosnews.com.ar\/#\/schema\/person\/image\/","url":"https:\/\/secure.gravatar.com\/avatar\/76e419471a2083bc3ceab22a763dbbf9b0c1bd15a6214cf3280e2c2dde4580f9?s=96&d=mm&r=g","contentUrl":"https:\/\/secure.gravatar.com\/avatar\/76e419471a2083bc3ceab22a763dbbf9b0c1bd15a6214cf3280e2c2dde4580f9?s=96&d=mm&r=g","caption":"admin"},"sameAs":["https:\/\/lobosnews.com.ar"],"url":"https:\/\/lobosnews.com.ar\/index.php\/author\/lobos-news\/"}]}},"jetpack_featured_media_url":"https:\/\/lobosnews.com.ar\/wp-content\/uploads\/2026\/03\/de-luz-natural-a-despertar-gradual-la-rutina-matutina-que-recomienda-un-experto-en-sueno-para-mejorar-la-energia-y-el-bienestar-6.jpg","jetpack_sharing_enabled":true,"_links":{"self":[{"href":"https:\/\/lobosnews.com.ar\/index.php\/wp-json\/wp\/v2\/posts\/30832","targetHints":{"allow":["GET"]}}],"collection":[{"href":"https:\/\/lobosnews.com.ar\/index.php\/wp-json\/wp\/v2\/posts"}],"about":[{"href":"https:\/\/lobosnews.com.ar\/index.php\/wp-json\/wp\/v2\/types\/post"}],"author":[{"embeddable":true,"href":"https:\/\/lobosnews.com.ar\/index.php\/wp-json\/wp\/v2\/users\/1"}],"replies":[{"embeddable":true,"href":"https:\/\/lobosnews.com.ar\/index.php\/wp-json\/wp\/v2\/comments?post=30832"}],"version-history":[{"count":1,"href":"https:\/\/lobosnews.com.ar\/index.php\/wp-json\/wp\/v2\/posts\/30832\/revisions"}],"predecessor-version":[{"id":30837,"href":"https:\/\/lobosnews.com.ar\/index.php\/wp-json\/wp\/v2\/posts\/30832\/revisions\/30837"}],"wp:featuredmedia":[{"embeddable":true,"href":"https:\/\/lobosnews.com.ar\/index.php\/wp-json\/wp\/v2\/media\/30838"}],"wp:attachment":[{"href":"https:\/\/lobosnews.com.ar\/index.php\/wp-json\/wp\/v2\/media?parent=30832"}],"wp:term":[{"taxonomy":"category","embeddable":true,"href":"https:\/\/lobosnews.com.ar\/index.php\/wp-json\/wp\/v2\/categories?post=30832"},{"taxonomy":"post_tag","embeddable":true,"href":"https:\/\/lobosnews.com.ar\/index.php\/wp-json\/wp\/v2\/tags?post=30832"}],"curies":[{"name":"wp","href":"https:\/\/api.w.org\/{rel}","templated":true}]}}