{"id":30803,"date":"2026-03-08T08:26:51","date_gmt":"2026-03-08T08:26:51","guid":{"rendered":"https:\/\/lobosnews.com.ar\/index.php\/2026\/03\/08\/ulises-bueno-anuncio-que-se-recupero-del-problema-de-salud-que-lo-obligo-a-suspender-un-show-hace-24-horas-en-condiciones\/"},"modified":"2026-03-08T14:45:06","modified_gmt":"2026-03-08T14:45:06","slug":"ulises-bueno-anuncio-que-se-recupero-del-problema-de-salud-que-lo-obligo-a-suspender-un-show-hace-24-horas-en-condiciones","status":"publish","type":"post","link":"https:\/\/lobosnews.com.ar\/index.php\/2026\/03\/08\/ulises-bueno-anuncio-que-se-recupero-del-problema-de-salud-que-lo-obligo-a-suspender-un-show-hace-24-horas-en-condiciones\/","title":{"rendered":"Ulises Bueno anunci\u00f3 que se recuper\u00f3 del problema de salud que lo oblig\u00f3 a suspender un show hace 24 horas: \u201cEn condiciones\u201d"},"content":{"rendered":"<p><img fetchpriority=\"high\" decoding=\"async\" src=\"https:\/\/lobosnews.com.ar\/wp-content\/uploads\/2026\/03\/ulises-bueno-anuncio-que-se-recupero-del-problema-de-salud-que-lo-obligo-a-suspender-un-show-hace-24-horas-en-condiciones.jpg\" alt=\"\" height=\"1080\" width=\"1920\"\/><\/p>\n<p>La <b>suspensi\u00f3n del show de Ulises Bueno<\/b> en Bell Ville por un problema de salud gener\u00f3 preocupaci\u00f3n eincertidumbre entre sus seguidores. Pero sorpresivamente, en menos de 24 horas, la productora <b>Almenara Network<\/b> anunci\u00f3 que el artista se recuper\u00f3 favorablemente y confirm\u00f3 la realizaci\u00f3n del concierto programado para el s\u00e1bado 7 de marzo en R\u00edo Cuarto.<\/p>\n<p>Ulises Bueno debi\u00f3 cancelar su presentaci\u00f3n en Bell Ville debido a un inconveniente m\u00e9dico, seg\u00fan comunic\u00f3 la productora. Horas despu\u00e9s, se inform\u00f3 oficialmente su mejor\u00eda y la decisi\u00f3n de mantener el siguiente espect\u00e1culo en su agenda.<\/p>\n<p>La productora detall\u00f3 que el viernes 6 de marzo el cantante \u201catravesaba un problema de salud\u201d y decidi\u00f3 reprogramar su concierto. Se enfatiz\u00f3 la prioridad de su recuperaci\u00f3n y el agradecimiento por la comprensi\u00f3n del p\u00fablico. En un segundo comunicado en el d\u00eda de hoy, <b>Almenara Network<\/b> se\u00f1al\u00f3: \u201cTras la favorable evoluci\u00f3n y luego del descanso recomendado, informamos que Ulises se encuentra en condiciones de retomar sus actividades con normalidad. Por este motivo, el show programado para hoy en R\u00edo Cuarto se realizar\u00e1 con total normalidad\u201d.<\/p>\n<p><img loading=\"lazy\" decoding=\"async\" src=\"https:\/\/lobosnews.com.ar\/wp-content\/uploads\/2026\/03\/ulises-bueno-anuncio-que-se-recupero-del-problema-de-salud-que-lo-obligo-a-suspender-un-show-hace-24-horas-en-condiciones-1.jpg\" alt=\"\" height=\"2096\" width=\"1179\"\/><img loading=\"lazy\" decoding=\"async\" src=\"https:\/\/lobosnews.com.ar\/wp-content\/uploads\/2026\/03\/ulises-bueno-anuncio-que-se-recupero-del-problema-de-salud-que-lo-obligo-a-suspender-un-show-hace-24-horas-en-condiciones-2.jpg\" alt=\"Los dos comunicados de Almenara Network, con menos de 24 horas de diferencia\" height=\"2096\" width=\"1179\"\/><\/p>\n<p>Las expresiones de apoyo y la preocupaci\u00f3n de los seguidores se reflejaron en redes sociales y consultas a los organizadores, demostrando el impacto que genera cada presentaci\u00f3n del cuartetero cordob\u00e9s. Este hecho ocurre poco m\u00e1s de un a\u00f1o despu\u00e9s de que el artista decidiera alejarse de las actuaciones en vivo.<\/p>\n<h2>Antecedentes del m\u00fasico<\/h2>\n<p>En abril de 2023, hace menos de tres a\u00f1os, el sorpresivo anuncio de retiro de <b>Ulises Bueno<\/b> conmocion\u00f3 al ambiente, decisi\u00f3n que el propio artista y la productora comunicaron oficialmente para priorizar su salud. \u201cMe siento un agradecido de la respuesta del p\u00fablico. Es una carrera muy larga que hemos hecho, 23 a\u00f1os de trabajar, de pasarla mal, de sacrificarse\u201d, expres\u00f3 Bueno.<\/p>\n<p>El cantante admiti\u00f3 que el desgaste emocional y la presi\u00f3n permanente lo alejaron del disfrute de su profesi\u00f3n. \u201cMe tengo que bajar del escenario por una cuesti\u00f3n de que no estoy pudiendo disfrutar de lo que amo\u201d, declar\u00f3. Adem\u00e1s, mencion\u00f3 el peso de la exposici\u00f3n medi\u00e1tica y la din\u00e1mica del ambiente art\u00edstico: \u201cMuchos amigos del campe\u00f3n me dieron la espalda; despu\u00e9s te buscan porque gener\u00e1s dinero o audiencia, pero yo no comparto ese enfoque\u201d.<\/p>\n<p>Bueno reflexion\u00f3 sobre la industria: \u201cSomos una herramienta para convocar multitudes, y despu\u00e9s te descartan\u201d. Subray\u00f3 que, por encima de la popularidad, su prioridad pas\u00f3 a ser su bienestar personal y familiar.<\/p>\n<p>Si bien el alejamiento parec\u00eda definitivo, en diciembre de 2023 se registr\u00f3 la confirmaci\u00f3n del regreso oficial de <b>Ulises Bueno<\/b>. <\/p>\n<p><img loading=\"lazy\" decoding=\"async\" src=\"https:\/\/lobosnews.com.ar\/wp-content\/uploads\/2026\/03\/ulises-bueno-anuncio-que-se-recupero-del-problema-de-salud-que-lo-obligo-a-suspender-un-show-hace-24-horas-en-condiciones-3.jpg\" alt=\"Ulises Bueno y su madre, Beatriz Olave\" height=\"726\" width=\"964\"\/><\/p>\n<p>Durante esos meses, los problemas de salud siguieron siendo una variable en la organizaci\u00f3n de las giras. El cantante sufri\u00f3 un cuadro de bronconeumopat\u00eda con fiebre, baja oxigenaci\u00f3n y necesidad de ox\u00edgeno domiciliario y tratamiento prolongado. Este historial mantuvo la incertidumbre sobre su estabilidad en el retorno a los escenarios.<\/p>\n<p>En cada di\u00e1logo con la prensa, Bueno destac\u00f3 el apoyo de sus seguidores. \u201cLe brindo la vida al p\u00fablico\u201d, remarc\u00f3, enfatizando la importancia de su v\u00ednculo con los seguidores en cada pausa y regreso.<\/p>\n<p>Desde unos a\u00f1os antes, el cuartetero abri\u00f3 su coraz\u00f3n para revelar cada tropiezo en su vida y su carrera. En 2019, en el programa Podemos Hablar que conduc\u00eda Andy Kustnezoff, confes\u00f3 que seis meses atr\u00e1s de esa aparici\u00f3n hab\u00eda pedido ayuda porque \u201cno llegaba a soportar estar tanto tiempo drogado\u201d. <\/p>\n<p>\u201c<b>Trabajaba de lunes a viernes y la adicci\u00f3n fue cada vez m\u00e1s grande. Me cost\u00f3 tomar la decisi\u00f3n pero dije que ten\u00eda que hacer algo por m\u00ed, sent\u00eda que me estaba muriendo, me pasaban cosas feas\u201d.<\/b><\/p>\n<p>All\u00ed cont\u00f3 que desde ese lapso ya no consum\u00eda y se sent\u00eda mucho mejor. Su cambio adem\u00e1s de repercutir en su salud, lo ayud\u00f3 a mejorar la relaci\u00f3n con su hija Alma, por entonces de diez a\u00f1os.<\/p>\n<p>El <i>click <\/i>para animarse a pedir ayuda, dijo, fue una noche en su casa mientras miraba un documental de Nicky Jam: \u201cLa historia de \u00e9l me conmueve porque sale (de las drogas) siendo un artista consagrado\u201d. Luego se refiri\u00f3 a los preconceptos que hay en su provincia con los m\u00fasicos del g\u00e9nero:<b> \u201cHay un prejuicio, yo quer\u00eda dejar de cantar para desintoxicarme, viajar y estar con mi familia, pero como son, te dicen \u2018viene otro si dejas un mes y te suplantan\u2019\u201d.<\/b><\/p>\n<p>Fue en ese momento cuando Ulises llam\u00f3 a su mam\u00e1<b> Beatriz Olave y a su hemano Flavio: \u201cLes dije que necesitaba rehabilitarme. <\/b>S<b>ab\u00eda que me esperaba el peor final o la salvaci\u00f3n, ten\u00eda dos opciones\u201d.<\/b><\/p>\n","protected":false},"excerpt":{"rendered":"<p>La suspensi\u00f3n del show de Ulises Bueno en Bell Ville por un problema de salud gener\u00f3 preocupaci\u00f3n eincertidumbre entre sus seguidores. Pero sorpresivamente, en menos de 24 horas, la productora Almenara Network anunci\u00f3 que el artista se recuper\u00f3 favorablemente y confirm\u00f3 la realizaci\u00f3n del concierto programado para el s\u00e1bado 7 de marzo en R\u00edo Cuarto&#8230;.<\/p>\n","protected":false},"author":1,"featured_media":30809,"comment_status":"open","ping_status":"closed","sticky":false,"template":"","format":"standard","meta":{"_jetpack_memberships_contains_paid_content":false,"footnotes":""},"categories":[79],"tags":[],"class_list":["post-30803","post","type-post","status-publish","format-standard","has-post-thumbnail","hentry","category-cine-y-series"],"magazineBlocksPostFeaturedMedia":{"thumbnail":"https:\/\/lobosnews.com.ar\/wp-content\/uploads\/2026\/03\/ulises-bueno-anuncio-que-se-recupero-del-problema-de-salud-que-lo-obligo-a-suspender-un-show-hace-24-horas-en-condiciones-6-150x150.jpg","medium":"https:\/\/lobosnews.com.ar\/wp-content\/uploads\/2026\/03\/ulises-bueno-anuncio-que-se-recupero-del-problema-de-salud-que-lo-obligo-a-suspender-un-show-hace-24-horas-en-condiciones-6-300x226.jpg","medium_large":"https:\/\/lobosnews.com.ar\/wp-content\/uploads\/2026\/03\/ulises-bueno-anuncio-que-se-recupero-del-problema-de-salud-que-lo-obligo-a-suspender-un-show-hace-24-horas-en-condiciones-6-768x578.jpg","large":"https:\/\/lobosnews.com.ar\/wp-content\/uploads\/2026\/03\/ulises-bueno-anuncio-que-se-recupero-del-problema-de-salud-que-lo-obligo-a-suspender-un-show-hace-24-horas-en-condiciones-6.jpg","1536x1536":"https:\/\/lobosnews.com.ar\/wp-content\/uploads\/2026\/03\/ulises-bueno-anuncio-que-se-recupero-del-problema-de-salud-que-lo-obligo-a-suspender-un-show-hace-24-horas-en-condiciones-6.jpg","2048x2048":"https:\/\/lobosnews.com.ar\/wp-content\/uploads\/2026\/03\/ulises-bueno-anuncio-que-se-recupero-del-problema-de-salud-que-lo-obligo-a-suspender-un-show-hace-24-horas-en-condiciones-6.jpg","newsmatic-featured":"https:\/\/lobosnews.com.ar\/wp-content\/uploads\/2026\/03\/ulises-bueno-anuncio-que-se-recupero-del-problema-de-salud-que-lo-obligo-a-suspender-un-show-hace-24-horas-en-condiciones-6-820x545.jpg","newsmatic-list":"https:\/\/lobosnews.com.ar\/wp-content\/uploads\/2026\/03\/ulises-bueno-anuncio-que-se-recupero-del-problema-de-salud-que-lo-obligo-a-suspender-un-show-hace-24-horas-en-condiciones-6-600x400.jpg","newsmatic-thumb":"https:\/\/lobosnews.com.ar\/wp-content\/uploads\/2026\/03\/ulises-bueno-anuncio-que-se-recupero-del-problema-de-salud-que-lo-obligo-a-suspender-un-show-hace-24-horas-en-condiciones-6-300x200.jpg","newsmatic-small":"https:\/\/lobosnews.com.ar\/wp-content\/uploads\/2026\/03\/ulises-bueno-anuncio-que-se-recupero-del-problema-de-salud-que-lo-obligo-a-suspender-un-show-hace-24-horas-en-condiciones-6-150x95.jpg","newsmatic-grid":"https:\/\/lobosnews.com.ar\/wp-content\/uploads\/2026\/03\/ulises-bueno-anuncio-que-se-recupero-del-problema-de-salud-que-lo-obligo-a-suspender-un-show-hace-24-horas-en-condiciones-6-400x250.jpg"},"magazineBlocksPostAuthor":{"name":"admin","avatar":"https:\/\/secure.gravatar.com\/avatar\/76e419471a2083bc3ceab22a763dbbf9b0c1bd15a6214cf3280e2c2dde4580f9?s=96&d=mm&r=g"},"magazineBlocksPostCommentsNumber":"0","magazineBlocksPostExcerpt":"La suspensi\u00f3n del show de Ulises Bueno en Bell Ville por un problema de salud gener\u00f3 preocupaci\u00f3n eincertidumbre entre sus seguidores. Pero sorpresivamente, en menos de 24 horas, la productora Almenara Network anunci\u00f3 que el artista se recuper\u00f3 favorablemente y confirm\u00f3 la realizaci\u00f3n del concierto programado para el s\u00e1bado 7 de marzo en R\u00edo Cuarto....","magazineBlocksPostCategories":["Cine y Series"],"magazineBlocksPostViewCount":87,"magazineBlocksPostReadTime":5,"magazine_blocks_featured_image_url":{"full":["https:\/\/lobosnews.com.ar\/wp-content\/uploads\/2026\/03\/ulises-bueno-anuncio-que-se-recupero-del-problema-de-salud-que-lo-obligo-a-suspender-un-show-hace-24-horas-en-condiciones-6.jpg",964,726,false],"medium":["https:\/\/lobosnews.com.ar\/wp-content\/uploads\/2026\/03\/ulises-bueno-anuncio-que-se-recupero-del-problema-de-salud-que-lo-obligo-a-suspender-un-show-hace-24-horas-en-condiciones-6-300x226.jpg",300,226,true],"thumbnail":["https:\/\/lobosnews.com.ar\/wp-content\/uploads\/2026\/03\/ulises-bueno-anuncio-que-se-recupero-del-problema-de-salud-que-lo-obligo-a-suspender-un-show-hace-24-horas-en-condiciones-6-150x150.jpg",150,150,true]},"magazine_blocks_author":{"display_name":"admin","author_link":"https:\/\/lobosnews.com.ar\/index.php\/author\/lobos-news\/"},"magazine_blocks_comment":0,"magazine_blocks_author_image":"https:\/\/secure.gravatar.com\/avatar\/76e419471a2083bc3ceab22a763dbbf9b0c1bd15a6214cf3280e2c2dde4580f9?s=96&d=mm&r=g","magazine_blocks_category":"<a href=\"#\" class=\"category-link category-link-79\">Cine y Series<\/a>","yoast_head":"<!-- This site is optimized with the Yoast SEO plugin v26.6 - https:\/\/yoast.com\/wordpress\/plugins\/seo\/ -->\n<title>Ulises Bueno anunci\u00f3 que se recuper\u00f3 del problema de salud que lo oblig\u00f3 a suspender un show hace 24 horas: \u201cEn condiciones\u201d - Lobos News<\/title>\n<meta name=\"robots\" content=\"index, follow, max-snippet:-1, max-image-preview:large, max-video-preview:-1\" \/>\n<link rel=\"canonical\" href=\"https:\/\/lobosnews.com.ar\/index.php\/2026\/03\/08\/ulises-bueno-anuncio-que-se-recupero-del-problema-de-salud-que-lo-obligo-a-suspender-un-show-hace-24-horas-en-condiciones\/\" \/>\n<meta property=\"og:locale\" content=\"es_ES\" \/>\n<meta property=\"og:type\" content=\"article\" \/>\n<meta property=\"og:title\" content=\"Ulises Bueno anunci\u00f3 que se recuper\u00f3 del problema de salud que lo oblig\u00f3 a suspender un show hace 24 horas: \u201cEn condiciones\u201d - Lobos News\" \/>\n<meta property=\"og:description\" content=\"La suspensi\u00f3n del show de Ulises Bueno en Bell Ville por un problema de salud gener\u00f3 preocupaci\u00f3n eincertidumbre entre sus seguidores. Pero sorpresivamente, en menos de 24 horas, la productora Almenara Network anunci\u00f3 que el artista se recuper\u00f3 favorablemente y confirm\u00f3 la realizaci\u00f3n del concierto programado para el s\u00e1bado 7 de marzo en R\u00edo Cuarto....\" \/>\n<meta property=\"og:url\" content=\"https:\/\/lobosnews.com.ar\/index.php\/2026\/03\/08\/ulises-bueno-anuncio-que-se-recupero-del-problema-de-salud-que-lo-obligo-a-suspender-un-show-hace-24-horas-en-condiciones\/\" \/>\n<meta property=\"og:site_name\" content=\"Lobos News\" \/>\n<meta property=\"article:published_time\" content=\"2026-03-08T08:26:51+00:00\" \/>\n<meta property=\"article:modified_time\" content=\"2026-03-08T14:45:06+00:00\" \/>\n<meta property=\"og:image\" content=\"https:\/\/lobosnews.com.ar\/wp-content\/uploads\/2026\/03\/ulises-bueno-anuncio-que-se-recupero-del-problema-de-salud-que-lo-obligo-a-suspender-un-show-hace-24-horas-en-condiciones.jpg\" \/>\n<meta name=\"author\" content=\"admin\" \/>\n<meta name=\"twitter:card\" content=\"summary_large_image\" \/>\n<meta name=\"twitter:label1\" content=\"Escrito por\" \/>\n\t<meta name=\"twitter:data1\" content=\"admin\" \/>\n\t<meta name=\"twitter:label2\" content=\"Tiempo de lectura\" \/>\n\t<meta name=\"twitter:data2\" content=\"4 minutos\" \/>\n<script type=\"application\/ld+json\" class=\"yoast-schema-graph\">{\"@context\":\"https:\/\/schema.org\",\"@graph\":[{\"@type\":\"Article\",\"@id\":\"https:\/\/lobosnews.com.ar\/index.php\/2026\/03\/08\/ulises-bueno-anuncio-que-se-recupero-del-problema-de-salud-que-lo-obligo-a-suspender-un-show-hace-24-horas-en-condiciones\/#article\",\"isPartOf\":{\"@id\":\"https:\/\/lobosnews.com.ar\/index.php\/2026\/03\/08\/ulises-bueno-anuncio-que-se-recupero-del-problema-de-salud-que-lo-obligo-a-suspender-un-show-hace-24-horas-en-condiciones\/\"},\"author\":{\"name\":\"admin\",\"@id\":\"https:\/\/lobosnews.com.ar\/#\/schema\/person\/232422a593d5c541dd9aef6aaed10943\"},\"headline\":\"Ulises Bueno anunci\u00f3 que se recuper\u00f3 del problema de salud que lo oblig\u00f3 a suspender un show hace 24 horas: \u201cEn condiciones\u201d\",\"datePublished\":\"2026-03-08T08:26:51+00:00\",\"dateModified\":\"2026-03-08T14:45:06+00:00\",\"mainEntityOfPage\":{\"@id\":\"https:\/\/lobosnews.com.ar\/index.php\/2026\/03\/08\/ulises-bueno-anuncio-que-se-recupero-del-problema-de-salud-que-lo-obligo-a-suspender-un-show-hace-24-horas-en-condiciones\/\"},\"wordCount\":829,\"commentCount\":0,\"publisher\":{\"@id\":\"https:\/\/lobosnews.com.ar\/#organization\"},\"image\":{\"@id\":\"https:\/\/lobosnews.com.ar\/index.php\/2026\/03\/08\/ulises-bueno-anuncio-que-se-recupero-del-problema-de-salud-que-lo-obligo-a-suspender-un-show-hace-24-horas-en-condiciones\/#primaryimage\"},\"thumbnailUrl\":\"https:\/\/lobosnews.com.ar\/wp-content\/uploads\/2026\/03\/ulises-bueno-anuncio-que-se-recupero-del-problema-de-salud-que-lo-obligo-a-suspender-un-show-hace-24-horas-en-condiciones-6.jpg\",\"articleSection\":[\"Cine y Series\"],\"inLanguage\":\"es\",\"potentialAction\":[{\"@type\":\"CommentAction\",\"name\":\"Comment\",\"target\":[\"https:\/\/lobosnews.com.ar\/index.php\/2026\/03\/08\/ulises-bueno-anuncio-que-se-recupero-del-problema-de-salud-que-lo-obligo-a-suspender-un-show-hace-24-horas-en-condiciones\/#respond\"]}]},{\"@type\":\"WebPage\",\"@id\":\"https:\/\/lobosnews.com.ar\/index.php\/2026\/03\/08\/ulises-bueno-anuncio-que-se-recupero-del-problema-de-salud-que-lo-obligo-a-suspender-un-show-hace-24-horas-en-condiciones\/\",\"url\":\"https:\/\/lobosnews.com.ar\/index.php\/2026\/03\/08\/ulises-bueno-anuncio-que-se-recupero-del-problema-de-salud-que-lo-obligo-a-suspender-un-show-hace-24-horas-en-condiciones\/\",\"name\":\"Ulises Bueno anunci\u00f3 que se recuper\u00f3 del problema de salud que lo oblig\u00f3 a suspender un show hace 24 horas: \u201cEn condiciones\u201d - Lobos News\",\"isPartOf\":{\"@id\":\"https:\/\/lobosnews.com.ar\/#website\"},\"primaryImageOfPage\":{\"@id\":\"https:\/\/lobosnews.com.ar\/index.php\/2026\/03\/08\/ulises-bueno-anuncio-que-se-recupero-del-problema-de-salud-que-lo-obligo-a-suspender-un-show-hace-24-horas-en-condiciones\/#primaryimage\"},\"image\":{\"@id\":\"https:\/\/lobosnews.com.ar\/index.php\/2026\/03\/08\/ulises-bueno-anuncio-que-se-recupero-del-problema-de-salud-que-lo-obligo-a-suspender-un-show-hace-24-horas-en-condiciones\/#primaryimage\"},\"thumbnailUrl\":\"https:\/\/lobosnews.com.ar\/wp-content\/uploads\/2026\/03\/ulises-bueno-anuncio-que-se-recupero-del-problema-de-salud-que-lo-obligo-a-suspender-un-show-hace-24-horas-en-condiciones-6.jpg\",\"datePublished\":\"2026-03-08T08:26:51+00:00\",\"dateModified\":\"2026-03-08T14:45:06+00:00\",\"breadcrumb\":{\"@id\":\"https:\/\/lobosnews.com.ar\/index.php\/2026\/03\/08\/ulises-bueno-anuncio-que-se-recupero-del-problema-de-salud-que-lo-obligo-a-suspender-un-show-hace-24-horas-en-condiciones\/#breadcrumb\"},\"inLanguage\":\"es\",\"potentialAction\":[{\"@type\":\"ReadAction\",\"target\":[\"https:\/\/lobosnews.com.ar\/index.php\/2026\/03\/08\/ulises-bueno-anuncio-que-se-recupero-del-problema-de-salud-que-lo-obligo-a-suspender-un-show-hace-24-horas-en-condiciones\/\"]}]},{\"@type\":\"ImageObject\",\"inLanguage\":\"es\",\"@id\":\"https:\/\/lobosnews.com.ar\/index.php\/2026\/03\/08\/ulises-bueno-anuncio-que-se-recupero-del-problema-de-salud-que-lo-obligo-a-suspender-un-show-hace-24-horas-en-condiciones\/#primaryimage\",\"url\":\"https:\/\/lobosnews.com.ar\/wp-content\/uploads\/2026\/03\/ulises-bueno-anuncio-que-se-recupero-del-problema-de-salud-que-lo-obligo-a-suspender-un-show-hace-24-horas-en-condiciones-6.jpg\",\"contentUrl\":\"https:\/\/lobosnews.com.ar\/wp-content\/uploads\/2026\/03\/ulises-bueno-anuncio-que-se-recupero-del-problema-de-salud-que-lo-obligo-a-suspender-un-show-hace-24-horas-en-condiciones-6.jpg\",\"width\":964,\"height\":726,\"caption\":\"Ulises Bueno anunci\u00f3 que se recuper\u00f3 del problema de salud que lo oblig\u00f3 a suspender un show hace 24 horas: \u201cEn condiciones\u201d\"},{\"@type\":\"BreadcrumbList\",\"@id\":\"https:\/\/lobosnews.com.ar\/index.php\/2026\/03\/08\/ulises-bueno-anuncio-que-se-recupero-del-problema-de-salud-que-lo-obligo-a-suspender-un-show-hace-24-horas-en-condiciones\/#breadcrumb\",\"itemListElement\":[{\"@type\":\"ListItem\",\"position\":1,\"name\":\"Portada\",\"item\":\"https:\/\/lobosnews.com.ar\/\"},{\"@type\":\"ListItem\",\"position\":2,\"name\":\"Ulises Bueno anunci\u00f3 que se recuper\u00f3 del problema de salud que lo oblig\u00f3 a suspender un show hace 24 horas: \u201cEn condiciones\u201d\"}]},{\"@type\":\"WebSite\",\"@id\":\"https:\/\/lobosnews.com.ar\/#website\",\"url\":\"https:\/\/lobosnews.com.ar\/\",\"name\":\"Lobos News\",\"description\":\"Informaci\u00f3n a cada instante\",\"publisher\":{\"@id\":\"https:\/\/lobosnews.com.ar\/#organization\"},\"potentialAction\":[{\"@type\":\"SearchAction\",\"target\":{\"@type\":\"EntryPoint\",\"urlTemplate\":\"https:\/\/lobosnews.com.ar\/?s={search_term_string}\"},\"query-input\":{\"@type\":\"PropertyValueSpecification\",\"valueRequired\":true,\"valueName\":\"search_term_string\"}}],\"inLanguage\":\"es\"},{\"@type\":\"Organization\",\"@id\":\"https:\/\/lobosnews.com.ar\/#organization\",\"name\":\"Lobos News\",\"url\":\"https:\/\/lobosnews.com.ar\/\",\"logo\":{\"@type\":\"ImageObject\",\"inLanguage\":\"es\",\"@id\":\"https:\/\/lobosnews.com.ar\/#\/schema\/logo\/image\/\",\"url\":\"https:\/\/lobosnews.com.ar\/wp-content\/uploads\/2026\/01\/logo-lobosnews.png\",\"contentUrl\":\"https:\/\/lobosnews.com.ar\/wp-content\/uploads\/2026\/01\/logo-lobosnews.png\",\"width\":500,\"height\":200,\"caption\":\"Lobos News\"},\"image\":{\"@id\":\"https:\/\/lobosnews.com.ar\/#\/schema\/logo\/image\/\"}},{\"@type\":\"Person\",\"@id\":\"https:\/\/lobosnews.com.ar\/#\/schema\/person\/232422a593d5c541dd9aef6aaed10943\",\"name\":\"admin\",\"image\":{\"@type\":\"ImageObject\",\"inLanguage\":\"es\",\"@id\":\"https:\/\/lobosnews.com.ar\/#\/schema\/person\/image\/\",\"url\":\"https:\/\/secure.gravatar.com\/avatar\/76e419471a2083bc3ceab22a763dbbf9b0c1bd15a6214cf3280e2c2dde4580f9?s=96&d=mm&r=g\",\"contentUrl\":\"https:\/\/secure.gravatar.com\/avatar\/76e419471a2083bc3ceab22a763dbbf9b0c1bd15a6214cf3280e2c2dde4580f9?s=96&d=mm&r=g\",\"caption\":\"admin\"},\"sameAs\":[\"https:\/\/lobosnews.com.ar\"],\"url\":\"https:\/\/lobosnews.com.ar\/index.php\/author\/lobos-news\/\"}]}<\/script>\n<!-- \/ Yoast SEO plugin. -->","yoast_head_json":{"title":"Ulises Bueno anunci\u00f3 que se recuper\u00f3 del problema de salud que lo oblig\u00f3 a suspender un show hace 24 horas: \u201cEn condiciones\u201d - Lobos News","robots":{"index":"index","follow":"follow","max-snippet":"max-snippet:-1","max-image-preview":"max-image-preview:large","max-video-preview":"max-video-preview:-1"},"canonical":"https:\/\/lobosnews.com.ar\/index.php\/2026\/03\/08\/ulises-bueno-anuncio-que-se-recupero-del-problema-de-salud-que-lo-obligo-a-suspender-un-show-hace-24-horas-en-condiciones\/","og_locale":"es_ES","og_type":"article","og_title":"Ulises Bueno anunci\u00f3 que se recuper\u00f3 del problema de salud que lo oblig\u00f3 a suspender un show hace 24 horas: \u201cEn condiciones\u201d - Lobos News","og_description":"La suspensi\u00f3n del show de Ulises Bueno en Bell Ville por un problema de salud gener\u00f3 preocupaci\u00f3n eincertidumbre entre sus seguidores. Pero sorpresivamente, en menos de 24 horas, la productora Almenara Network anunci\u00f3 que el artista se recuper\u00f3 favorablemente y confirm\u00f3 la realizaci\u00f3n del concierto programado para el s\u00e1bado 7 de marzo en R\u00edo Cuarto....","og_url":"https:\/\/lobosnews.com.ar\/index.php\/2026\/03\/08\/ulises-bueno-anuncio-que-se-recupero-del-problema-de-salud-que-lo-obligo-a-suspender-un-show-hace-24-horas-en-condiciones\/","og_site_name":"Lobos News","article_published_time":"2026-03-08T08:26:51+00:00","article_modified_time":"2026-03-08T14:45:06+00:00","og_image":[{"url":"https:\/\/lobosnews.com.ar\/wp-content\/uploads\/2026\/03\/ulises-bueno-anuncio-que-se-recupero-del-problema-de-salud-que-lo-obligo-a-suspender-un-show-hace-24-horas-en-condiciones.jpg","type":"","width":"","height":""}],"author":"admin","twitter_card":"summary_large_image","twitter_misc":{"Escrito por":"admin","Tiempo de lectura":"4 minutos"},"schema":{"@context":"https:\/\/schema.org","@graph":[{"@type":"Article","@id":"https:\/\/lobosnews.com.ar\/index.php\/2026\/03\/08\/ulises-bueno-anuncio-que-se-recupero-del-problema-de-salud-que-lo-obligo-a-suspender-un-show-hace-24-horas-en-condiciones\/#article","isPartOf":{"@id":"https:\/\/lobosnews.com.ar\/index.php\/2026\/03\/08\/ulises-bueno-anuncio-que-se-recupero-del-problema-de-salud-que-lo-obligo-a-suspender-un-show-hace-24-horas-en-condiciones\/"},"author":{"name":"admin","@id":"https:\/\/lobosnews.com.ar\/#\/schema\/person\/232422a593d5c541dd9aef6aaed10943"},"headline":"Ulises Bueno anunci\u00f3 que se recuper\u00f3 del problema de salud que lo oblig\u00f3 a suspender un show hace 24 horas: \u201cEn condiciones\u201d","datePublished":"2026-03-08T08:26:51+00:00","dateModified":"2026-03-08T14:45:06+00:00","mainEntityOfPage":{"@id":"https:\/\/lobosnews.com.ar\/index.php\/2026\/03\/08\/ulises-bueno-anuncio-que-se-recupero-del-problema-de-salud-que-lo-obligo-a-suspender-un-show-hace-24-horas-en-condiciones\/"},"wordCount":829,"commentCount":0,"publisher":{"@id":"https:\/\/lobosnews.com.ar\/#organization"},"image":{"@id":"https:\/\/lobosnews.com.ar\/index.php\/2026\/03\/08\/ulises-bueno-anuncio-que-se-recupero-del-problema-de-salud-que-lo-obligo-a-suspender-un-show-hace-24-horas-en-condiciones\/#primaryimage"},"thumbnailUrl":"https:\/\/lobosnews.com.ar\/wp-content\/uploads\/2026\/03\/ulises-bueno-anuncio-que-se-recupero-del-problema-de-salud-que-lo-obligo-a-suspender-un-show-hace-24-horas-en-condiciones-6.jpg","articleSection":["Cine y Series"],"inLanguage":"es","potentialAction":[{"@type":"CommentAction","name":"Comment","target":["https:\/\/lobosnews.com.ar\/index.php\/2026\/03\/08\/ulises-bueno-anuncio-que-se-recupero-del-problema-de-salud-que-lo-obligo-a-suspender-un-show-hace-24-horas-en-condiciones\/#respond"]}]},{"@type":"WebPage","@id":"https:\/\/lobosnews.com.ar\/index.php\/2026\/03\/08\/ulises-bueno-anuncio-que-se-recupero-del-problema-de-salud-que-lo-obligo-a-suspender-un-show-hace-24-horas-en-condiciones\/","url":"https:\/\/lobosnews.com.ar\/index.php\/2026\/03\/08\/ulises-bueno-anuncio-que-se-recupero-del-problema-de-salud-que-lo-obligo-a-suspender-un-show-hace-24-horas-en-condiciones\/","name":"Ulises Bueno anunci\u00f3 que se recuper\u00f3 del problema de salud que lo oblig\u00f3 a suspender un show hace 24 horas: \u201cEn condiciones\u201d - Lobos News","isPartOf":{"@id":"https:\/\/lobosnews.com.ar\/#website"},"primaryImageOfPage":{"@id":"https:\/\/lobosnews.com.ar\/index.php\/2026\/03\/08\/ulises-bueno-anuncio-que-se-recupero-del-problema-de-salud-que-lo-obligo-a-suspender-un-show-hace-24-horas-en-condiciones\/#primaryimage"},"image":{"@id":"https:\/\/lobosnews.com.ar\/index.php\/2026\/03\/08\/ulises-bueno-anuncio-que-se-recupero-del-problema-de-salud-que-lo-obligo-a-suspender-un-show-hace-24-horas-en-condiciones\/#primaryimage"},"thumbnailUrl":"https:\/\/lobosnews.com.ar\/wp-content\/uploads\/2026\/03\/ulises-bueno-anuncio-que-se-recupero-del-problema-de-salud-que-lo-obligo-a-suspender-un-show-hace-24-horas-en-condiciones-6.jpg","datePublished":"2026-03-08T08:26:51+00:00","dateModified":"2026-03-08T14:45:06+00:00","breadcrumb":{"@id":"https:\/\/lobosnews.com.ar\/index.php\/2026\/03\/08\/ulises-bueno-anuncio-que-se-recupero-del-problema-de-salud-que-lo-obligo-a-suspender-un-show-hace-24-horas-en-condiciones\/#breadcrumb"},"inLanguage":"es","potentialAction":[{"@type":"ReadAction","target":["https:\/\/lobosnews.com.ar\/index.php\/2026\/03\/08\/ulises-bueno-anuncio-que-se-recupero-del-problema-de-salud-que-lo-obligo-a-suspender-un-show-hace-24-horas-en-condiciones\/"]}]},{"@type":"ImageObject","inLanguage":"es","@id":"https:\/\/lobosnews.com.ar\/index.php\/2026\/03\/08\/ulises-bueno-anuncio-que-se-recupero-del-problema-de-salud-que-lo-obligo-a-suspender-un-show-hace-24-horas-en-condiciones\/#primaryimage","url":"https:\/\/lobosnews.com.ar\/wp-content\/uploads\/2026\/03\/ulises-bueno-anuncio-que-se-recupero-del-problema-de-salud-que-lo-obligo-a-suspender-un-show-hace-24-horas-en-condiciones-6.jpg","contentUrl":"https:\/\/lobosnews.com.ar\/wp-content\/uploads\/2026\/03\/ulises-bueno-anuncio-que-se-recupero-del-problema-de-salud-que-lo-obligo-a-suspender-un-show-hace-24-horas-en-condiciones-6.jpg","width":964,"height":726,"caption":"Ulises Bueno anunci\u00f3 que se recuper\u00f3 del problema de salud que lo oblig\u00f3 a suspender un show hace 24 horas: \u201cEn condiciones\u201d"},{"@type":"BreadcrumbList","@id":"https:\/\/lobosnews.com.ar\/index.php\/2026\/03\/08\/ulises-bueno-anuncio-que-se-recupero-del-problema-de-salud-que-lo-obligo-a-suspender-un-show-hace-24-horas-en-condiciones\/#breadcrumb","itemListElement":[{"@type":"ListItem","position":1,"name":"Portada","item":"https:\/\/lobosnews.com.ar\/"},{"@type":"ListItem","position":2,"name":"Ulises Bueno anunci\u00f3 que se recuper\u00f3 del problema de salud que lo oblig\u00f3 a suspender un show hace 24 horas: \u201cEn condiciones\u201d"}]},{"@type":"WebSite","@id":"https:\/\/lobosnews.com.ar\/#website","url":"https:\/\/lobosnews.com.ar\/","name":"Lobos News","description":"Informaci\u00f3n a cada instante","publisher":{"@id":"https:\/\/lobosnews.com.ar\/#organization"},"potentialAction":[{"@type":"SearchAction","target":{"@type":"EntryPoint","urlTemplate":"https:\/\/lobosnews.com.ar\/?s={search_term_string}"},"query-input":{"@type":"PropertyValueSpecification","valueRequired":true,"valueName":"search_term_string"}}],"inLanguage":"es"},{"@type":"Organization","@id":"https:\/\/lobosnews.com.ar\/#organization","name":"Lobos News","url":"https:\/\/lobosnews.com.ar\/","logo":{"@type":"ImageObject","inLanguage":"es","@id":"https:\/\/lobosnews.com.ar\/#\/schema\/logo\/image\/","url":"https:\/\/lobosnews.com.ar\/wp-content\/uploads\/2026\/01\/logo-lobosnews.png","contentUrl":"https:\/\/lobosnews.com.ar\/wp-content\/uploads\/2026\/01\/logo-lobosnews.png","width":500,"height":200,"caption":"Lobos News"},"image":{"@id":"https:\/\/lobosnews.com.ar\/#\/schema\/logo\/image\/"}},{"@type":"Person","@id":"https:\/\/lobosnews.com.ar\/#\/schema\/person\/232422a593d5c541dd9aef6aaed10943","name":"admin","image":{"@type":"ImageObject","inLanguage":"es","@id":"https:\/\/lobosnews.com.ar\/#\/schema\/person\/image\/","url":"https:\/\/secure.gravatar.com\/avatar\/76e419471a2083bc3ceab22a763dbbf9b0c1bd15a6214cf3280e2c2dde4580f9?s=96&d=mm&r=g","contentUrl":"https:\/\/secure.gravatar.com\/avatar\/76e419471a2083bc3ceab22a763dbbf9b0c1bd15a6214cf3280e2c2dde4580f9?s=96&d=mm&r=g","caption":"admin"},"sameAs":["https:\/\/lobosnews.com.ar"],"url":"https:\/\/lobosnews.com.ar\/index.php\/author\/lobos-news\/"}]}},"jetpack_featured_media_url":"https:\/\/lobosnews.com.ar\/wp-content\/uploads\/2026\/03\/ulises-bueno-anuncio-que-se-recupero-del-problema-de-salud-que-lo-obligo-a-suspender-un-show-hace-24-horas-en-condiciones-6.jpg","jetpack_sharing_enabled":true,"_links":{"self":[{"href":"https:\/\/lobosnews.com.ar\/index.php\/wp-json\/wp\/v2\/posts\/30803","targetHints":{"allow":["GET"]}}],"collection":[{"href":"https:\/\/lobosnews.com.ar\/index.php\/wp-json\/wp\/v2\/posts"}],"about":[{"href":"https:\/\/lobosnews.com.ar\/index.php\/wp-json\/wp\/v2\/types\/post"}],"author":[{"embeddable":true,"href":"https:\/\/lobosnews.com.ar\/index.php\/wp-json\/wp\/v2\/users\/1"}],"replies":[{"embeddable":true,"href":"https:\/\/lobosnews.com.ar\/index.php\/wp-json\/wp\/v2\/comments?post=30803"}],"version-history":[{"count":1,"href":"https:\/\/lobosnews.com.ar\/index.php\/wp-json\/wp\/v2\/posts\/30803\/revisions"}],"predecessor-version":[{"id":30808,"href":"https:\/\/lobosnews.com.ar\/index.php\/wp-json\/wp\/v2\/posts\/30803\/revisions\/30808"}],"wp:featuredmedia":[{"embeddable":true,"href":"https:\/\/lobosnews.com.ar\/index.php\/wp-json\/wp\/v2\/media\/30809"}],"wp:attachment":[{"href":"https:\/\/lobosnews.com.ar\/index.php\/wp-json\/wp\/v2\/media?parent=30803"}],"wp:term":[{"taxonomy":"category","embeddable":true,"href":"https:\/\/lobosnews.com.ar\/index.php\/wp-json\/wp\/v2\/categories?post=30803"},{"taxonomy":"post_tag","embeddable":true,"href":"https:\/\/lobosnews.com.ar\/index.php\/wp-json\/wp\/v2\/tags?post=30803"}],"curies":[{"name":"wp","href":"https:\/\/api.w.org\/{rel}","templated":true}]}}