{"id":30787,"date":"2026-03-08T12:41:17","date_gmt":"2026-03-08T12:41:17","guid":{"rendered":"https:\/\/lobosnews.com.ar\/index.php\/2026\/03\/08\/ilya-espino-de-marotta-liderazgo-femenino-en-el-corazon-del-canal-de-panama\/"},"modified":"2026-03-08T14:39:09","modified_gmt":"2026-03-08T14:39:09","slug":"ilya-espino-de-marotta-liderazgo-femenino-en-el-corazon-del-canal-de-panama","status":"publish","type":"post","link":"https:\/\/lobosnews.com.ar\/index.php\/2026\/03\/08\/ilya-espino-de-marotta-liderazgo-femenino-en-el-corazon-del-canal-de-panama\/","title":{"rendered":"Ilya Espino de Marotta: liderazgo femenino en el coraz\u00f3n del Canal de Panam\u00e1"},"content":{"rendered":"<p><img loading=\"lazy\" decoding=\"async\" src=\"https:\/\/lobosnews.com.ar\/wp-content\/uploads\/2026\/03\/ilya-espino-de-marotta-liderazgo-femenino-en-el-corazon-del-canal-de-panama.jpg\" alt=\"Ilya Espino de Marotta se convirti\u00f3 en 2020 en la primera mujer subadministradora del Canal de Panam\u00e1. Cortes\u00eda ACP\" height=\"851\" width=\"1280\"\/><\/p>\n<p>Cuando <b>Ilya Espino de Marotta<\/b> comenz\u00f3 a trabajar en el <b>Canal de Panam\u00e1 en 1985<\/b>, lo hizo como <b>la \u00fanica ingeniera en el astillero de la Divisi\u00f3n Industrial<\/b>, en una instituci\u00f3n donde las mujeres a\u00fan eran una minor\u00eda en las \u00e1reas t\u00e9cnicas. <\/p>\n<p>Cuatro d\u00e9cadas despu\u00e9s, su nombre forma parte de la historia de la v\u00eda interoce\u00e1nica: es la <b>primera mujer en ocupar el cargo de subadministradora del Canal<\/b>, posici\u00f3n que asumi\u00f3 el <b>1 de enero de 2020<\/b>, consolidando una carrera que refleja <b>disciplina, liderazgo y compromiso con el pa\u00eds<\/b>.<\/p>\n<p>La trayectoria de <b>Espino de Marotta<\/b> dentro del Canal ha estado marcada por la evoluci\u00f3n de una instituci\u00f3n que es pieza central del <b>comercio mar\u00edtimo mundial<\/b>. <\/p>\n<p>Ingeniera marina graduada de la <b>Universidad de Texas A&amp;M<\/b>, con una <b>maestr\u00eda en Ingenier\u00eda Econ\u00f3mica de la Universidad Santa Mar\u00eda la Antigua<\/b>, tambi\u00e9n particip\u00f3 en programas ejecutivos en <b>INCAE Business School y la Kellogg School of Management<\/b> de la Universidad Northwestern. Esa combinaci\u00f3n de <b>formaci\u00f3n t\u00e9cnica y visi\u00f3n estrat\u00e9gica<\/b> ha sido clave para su ascenso dentro de una organizaci\u00f3n que exige <b>precisi\u00f3n, conocimiento y liderazgo operativo<\/b>.<\/p>\n<p><img loading=\"lazy\" decoding=\"async\" src=\"https:\/\/lobosnews.com.ar\/wp-content\/uploads\/2026\/03\/ilya-espino-de-marotta-liderazgo-femenino-en-el-corazon-del-canal-de-panama-1.jpg\" alt=\"M\u00e1s de mil mujeres trabajan hoy en diferentes \u00e1reas dentro del Canal de Panam\u00e1. Cortes\u00eda ACP\" height=\"854\" width=\"1280\"\/><\/p>\n<p>Uno de los cap\u00edtulos m\u00e1s importantes de su carrera fue su participaci\u00f3n en el <b>Programa de Ampliaci\u00f3n del Canal de Panam\u00e1<\/b>, un proyecto de infraestructura monumental que transform\u00f3 la capacidad de tr\u00e1nsito de la v\u00eda interoce\u00e1nica y que culmin\u00f3 con su <b>inauguraci\u00f3n en 2016<\/b>. <\/p>\n<p>Desde su rol como <b>vicepresidenta ejecutiva de Ingenier\u00eda<\/b>, Espino de Marotta form\u00f3 parte del equipo que supervis\u00f3 uno de los proyectos log\u00edsticos m\u00e1s importantes del siglo XXI para Am\u00e9rica Latina.<\/p>\n<p>Para ella, la experiencia profesional dentro del Canal ha sido una historia de crecimiento constante. \u201c<b>Mi experiencia en el Canal ha sido, ante todo, una historia de aprendizaje, disciplina y profundo compromiso con el pa\u00eds<\/b>\u201d, explica. <\/p>\n<p>\u201c<b>Inici\u00e9 mi carrera como ingeniera y he tenido el privilegio de crecer profesionalmente dentro de una instituci\u00f3n que exige excelencia y entrega total<\/b>\u201d. Su trayectoria incluye posiciones <b>t\u00e9cnicas, gerenciales y ejecutivas<\/b>, lo que le permiti\u00f3 comprender la instituci\u00f3n desde m\u00faltiples dimensiones.<\/p>\n<p>Ese recorrido tambi\u00e9n le permiti\u00f3 observar la transformaci\u00f3n del papel de la mujer en la industria mar\u00edtima y log\u00edstica. \u201c<b>Hoy, la presencia de la mujer en la industria mar\u00edtima y log\u00edstica ya no es una excepci\u00f3n: es una fuerza transformadora<\/b>\u201d, afirma. <\/p>\n<p>Seg\u00fan la subadministradora del Canal, las mujeres han demostrado capacidad para <b>liderar operaciones complejas, gestionar proyectos de gran escala y aportar perspectivas estrat\u00e9gicas<\/b> que fortalecen la competitividad de un sector clave para el comercio internacional.<\/p>\n<p>De cara al futuro, Espino de Marotta visualiza una evoluci\u00f3n a\u00fan mayor en la participaci\u00f3n femenina dentro de estas industrias. \u201c<b>En los pr\u00f3ximos diez a\u00f1os visualizo un avance todav\u00eda mayor<\/b>\u201d, sostiene. <\/p>\n<p><img loading=\"lazy\" decoding=\"async\" src=\"https:\/\/lobosnews.com.ar\/wp-content\/uploads\/2026\/03\/ilya-espino-de-marotta-liderazgo-femenino-en-el-corazon-del-canal-de-panama-2.jpg\" alt=\"La ingeniera inici\u00f3 su carrera en el Canal en 1985 como la \u00fanica mujer ingeniera en el astillero de la Divisi\u00f3n Industrial. Cortes\u00eda ACP\" height=\"853\" width=\"1280\"\/><\/p>\n<p>\u201c<b>Las tendencias globales como la digitalizaci\u00f3n, la sostenibilidad y la innovaci\u00f3n est\u00e1n abriendo espacios donde las mujeres se est\u00e1n posicionando como agentes clave<\/b>\u201d, coment\u00f3. Para ella, la diversidad dentro de las organizaciones se ha convertido en un factor que <b>mejora las decisiones estrat\u00e9gicas y fortalece la capacidad de adaptaci\u00f3n de las empresas<\/b>.<\/p>\n<p>Su carrera dentro del Canal tambi\u00e9n ha estado marcada por momentos de gran presi\u00f3n institucional. Uno de los m\u00e1s complejos ha sido la gesti\u00f3n de los efectos de la <b>variabilidad clim\u00e1tica<\/b>, especialmente durante periodos de sequ\u00eda que han reducido los niveles de agua en el sistema de lagos que alimenta las esclusas. \u201c<b>Gestionar los efectos de la variabilidad clim\u00e1tica implic\u00f3 tomar decisiones complejas, coordinar equipos multidisciplinarios y comunicar con absoluta transparencia<\/b>\u201d, explica.<\/p>\n<p>En esos momentos cr\u00edticos, asegura que el liderazgo debe apoyarse en el conocimiento t\u00e9cnico y en el trabajo colectivo. \u201c<b>Lo enfrent\u00e9 apoy\u00e1ndome en la ciencia, escuchando a los expertos, manteniendo la calma y promoviendo un liderazgo colaborativo<\/b>\u201d, se\u00f1ala. Para ella, la mayor fortaleza del Canal sigue siendo su capital humano: \u201c<b>En momentos cr\u00edticos, la mayor fortaleza del Canal siempre ha sido su gente<\/b>\u201d.<\/p>\n<p><img loading=\"lazy\" decoding=\"async\" src=\"https:\/\/lobosnews.com.ar\/wp-content\/uploads\/2026\/03\/ilya-espino-de-marotta-liderazgo-femenino-en-el-corazon-del-canal-de-panama-3.jpg\" alt=\"Ilya Espino de Marotta, subadministradora del Canal de Panam\u00e1, lidera actualmente proyectos clave de resiliencia h\u00eddrica, entre ellos la iniciativa del lago de R\u00edo Indio, concebida para asegurar el agua necesaria para la operaci\u00f3n de la v\u00eda interoce\u00e1nica durante las pr\u00f3ximas d\u00e9cadas. Cortes\u00eda ACP\" height=\"682\" width=\"1024\"\/><\/p>\n<p>Actualmente, uno de los proyectos estrat\u00e9gicos que lidera est\u00e1 relacionado con el futuro h\u00eddrico del Canal y del pa\u00eds. Se trata del <b>proyecto del lago de R\u00edo Indio<\/b>, concebido como parte de una estrategia para garantizar la disponibilidad de agua tanto para el funcionamiento del Canal como para el consumo humano. \u201c<b>Es una hoja de ruta para garantizar la disponibilidad de agua para m\u00e1s de dos millones de paname\u00f1os y para la operaci\u00f3n misma del Canal<\/b>\u201d, explica.<\/p>\n<p>La disponibilidad de agua es uno de los factores que define la competitividad de la v\u00eda interoce\u00e1nica frente a otros <b>hubs log\u00edsticos globales<\/b>. \u201c<b>La disponibilidad de agua define cu\u00e1ntos tr\u00e1nsitos podemos ofrecer, los calados que podemos garantizar y la confiabilidad que brindamos a las l\u00edneas navieras<\/b>\u201d, se\u00f1ala. En un contexto donde los puertos compiten por <b>eficiencia y predictibilidad<\/b>, asegurar ese recurso es esencial para el futuro del Canal.<\/p>\n<p>A esa agenda se suma otro frente estrat\u00e9gico: la sostenibilidad. Espino de Marotta fue designada como la <b>primera Oficial de Sostenibilidad del Canal de Panam\u00e1<\/b>, un rol desde el cual impulsa una estrategia institucional orientada a <b>reducir emisiones, fortalecer la resiliencia clim\u00e1tica y transformar el modelo operativo de la instituci\u00f3n<\/b>.<\/p>\n<p><img loading=\"lazy\" decoding=\"async\" src=\"https:\/\/lobosnews.com.ar\/wp-content\/uploads\/2026\/03\/ilya-espino-de-marotta-liderazgo-femenino-en-el-corazon-del-canal-de-panama-4.jpg\" alt=\"La participaci\u00f3n de Espino de Marotta fue clave en el programa de ampliaci\u00f3n del Canal, que culmin\u00f3 en 2016 con el tr\u00e1nsito del primer buque por las nuevas esclusas. Cortes\u00eda ACP\" height=\"1536\" width=\"1024\"\/><\/p>\n<p>\u201c<b>Nuestra ambici\u00f3n es alcanzar cero emisiones netas de gases de efecto invernadero para 2050<\/b>\u201d, explica. Para lograrlo, el Canal trabaja en un <b>inventario de emisiones, evaluaciones de riesgo clim\u00e1tico y metas de reducci\u00f3n de carbono<\/b> que formen parte de una estrategia integral para los pr\u00f3ximos a\u00f1os.<\/p>\n<p>El Canal, sostiene, tiene la capacidad de influir en la transformaci\u00f3n de toda la industria mar\u00edtima global. \u201c<b>Como centro log\u00edstico internacional tenemos la oportunidad no solo de impulsar la sostenibilidad en el Canal de Panam\u00e1, sino tambi\u00e9n de dar forma a un ecosistema m\u00e1s sostenible para el comercio mundial<\/b>\u201d, afirma.<\/p>\n<p>Hoy m\u00e1s de <b>mil mujeres trabajan dentro del Canal de Panam\u00e1<\/b>, un cambio significativo respecto a los a\u00f1os en que ella comenz\u00f3 su carrera. Para Espino de Marotta, ese avance refleja una transformaci\u00f3n cultural que todav\u00eda debe seguir consolid\u00e1ndose.<\/p>\n<p>Por eso, cuando habla con j\u00f3venes paname\u00f1as interesadas en carreras t\u00e9cnicas o de liderazgo, su mensaje es directo. \u201c<b>Les dir\u00eda: atr\u00e9vanse. No permitan que nadie limite lo que pueden lograr<\/b>\u201d, se\u00f1ala. En su opini\u00f3n, sectores como <b>ingenier\u00eda, log\u00edstica e infraestructura<\/b> necesitan cada vez m\u00e1s talento femenino.<\/p>\n<p><img loading=\"lazy\" decoding=\"async\" src=\"https:\/\/lobosnews.com.ar\/wp-content\/uploads\/2026\/03\/ilya-espino-de-marotta-liderazgo-femenino-en-el-corazon-del-canal-de-panama-5.jpg\" alt=\"Ilya Espino de Marotta, subadministradora del Canal de Panam\u00e1, destaca que la disciplina, la preparaci\u00f3n y la confianza son claves para que m\u00e1s mujeres ocupen posiciones t\u00e9cnicas y ejecutivas. Cortes\u00eda ACP\" height=\"512\" width=\"768\"\/><\/p>\n<p>\u201c<b>Estas industrias necesitan su talento, su disciplina, su creatividad y su sensibilidad para innovar<\/b>\u201d, a\u00f1ade. Tambi\u00e9n recomienda a las mujeres buscar <b>mentor\u00edas, aprender de quienes ya recorrieron ese camino y mantener la confianza en las propias capacidades<\/b>.<\/p>\n<p>En el contexto del <b>D\u00eda Internacional de la Mujer<\/b>, su historia se ha convertido en una referencia dentro y fuera de Panam\u00e1. Desde el astillero donde comenz\u00f3 como <b>la \u00fanica ingeniera del equipo<\/b>, hasta la subadministraci\u00f3n de una de las <b>rutas comerciales m\u00e1s importantes del planeta<\/b>, la carrera de <b>Ilya Espino de Marotta<\/b> refleja c\u00f3mo el liderazgo femenino se ha ido abriendo espacio en sectores hist\u00f3ricamente dominados por hombres.<\/p>\n<p>Hoy, desde el coraz\u00f3n del <b>Canal de Panam\u00e1<\/b>, su trabajo est\u00e1 enfocado en preparar la v\u00eda interoce\u00e1nica para los desaf\u00edos del futuro: <b>cambio clim\u00e1tico, sostenibilidad, digitalizaci\u00f3n y nuevas din\u00e1micas del comercio mundial<\/b>.<\/p>\n","protected":false},"excerpt":{"rendered":"<p>Cuando Ilya Espino de Marotta comenz\u00f3 a trabajar en el Canal de Panam\u00e1 en 1985, lo hizo como la \u00fanica ingeniera en el astillero de la Divisi\u00f3n Industrial, en una instituci\u00f3n donde las mujeres a\u00fan eran una minor\u00eda en las \u00e1reas t\u00e9cnicas. Cuatro d\u00e9cadas despu\u00e9s, su nombre forma parte de la historia de la v\u00eda&#8230;<\/p>\n","protected":false},"author":1,"featured_media":30795,"comment_status":"open","ping_status":"closed","sticky":false,"template":"","format":"standard","meta":{"_jetpack_memberships_contains_paid_content":false,"footnotes":""},"categories":[31],"tags":[],"class_list":["post-30787","post","type-post","status-publish","format-standard","has-post-thumbnail","hentry","category-actualidad"],"magazineBlocksPostFeaturedMedia":{"thumbnail":"https:\/\/lobosnews.com.ar\/wp-content\/uploads\/2026\/03\/ilya-espino-de-marotta-liderazgo-femenino-en-el-corazon-del-canal-de-panama-10-150x150.jpg","medium":"https:\/\/lobosnews.com.ar\/wp-content\/uploads\/2026\/03\/ilya-espino-de-marotta-liderazgo-femenino-en-el-corazon-del-canal-de-panama-10-300x200.jpg","medium_large":"https:\/\/lobosnews.com.ar\/wp-content\/uploads\/2026\/03\/ilya-espino-de-marotta-liderazgo-femenino-en-el-corazon-del-canal-de-panama-10.jpg","large":"https:\/\/lobosnews.com.ar\/wp-content\/uploads\/2026\/03\/ilya-espino-de-marotta-liderazgo-femenino-en-el-corazon-del-canal-de-panama-10.jpg","1536x1536":"https:\/\/lobosnews.com.ar\/wp-content\/uploads\/2026\/03\/ilya-espino-de-marotta-liderazgo-femenino-en-el-corazon-del-canal-de-panama-10.jpg","2048x2048":"https:\/\/lobosnews.com.ar\/wp-content\/uploads\/2026\/03\/ilya-espino-de-marotta-liderazgo-femenino-en-el-corazon-del-canal-de-panama-10.jpg","newsmatic-featured":"https:\/\/lobosnews.com.ar\/wp-content\/uploads\/2026\/03\/ilya-espino-de-marotta-liderazgo-femenino-en-el-corazon-del-canal-de-panama-10.jpg","newsmatic-list":"https:\/\/lobosnews.com.ar\/wp-content\/uploads\/2026\/03\/ilya-espino-de-marotta-liderazgo-femenino-en-el-corazon-del-canal-de-panama-10-600x400.jpg","newsmatic-thumb":"https:\/\/lobosnews.com.ar\/wp-content\/uploads\/2026\/03\/ilya-espino-de-marotta-liderazgo-femenino-en-el-corazon-del-canal-de-panama-10-300x200.jpg","newsmatic-small":"https:\/\/lobosnews.com.ar\/wp-content\/uploads\/2026\/03\/ilya-espino-de-marotta-liderazgo-femenino-en-el-corazon-del-canal-de-panama-10-150x95.jpg","newsmatic-grid":"https:\/\/lobosnews.com.ar\/wp-content\/uploads\/2026\/03\/ilya-espino-de-marotta-liderazgo-femenino-en-el-corazon-del-canal-de-panama-10-400x250.jpg"},"magazineBlocksPostAuthor":{"name":"admin","avatar":"https:\/\/secure.gravatar.com\/avatar\/76e419471a2083bc3ceab22a763dbbf9b0c1bd15a6214cf3280e2c2dde4580f9?s=96&d=mm&r=g"},"magazineBlocksPostCommentsNumber":"0","magazineBlocksPostExcerpt":"Cuando Ilya Espino de Marotta comenz\u00f3 a trabajar en el Canal de Panam\u00e1 en 1985, lo hizo como la \u00fanica ingeniera en el astillero de la Divisi\u00f3n Industrial, en una instituci\u00f3n donde las mujeres a\u00fan eran una minor\u00eda en las \u00e1reas t\u00e9cnicas. Cuatro d\u00e9cadas despu\u00e9s, su nombre forma parte de la historia de la v\u00eda...","magazineBlocksPostCategories":["Actualidad"],"magazineBlocksPostViewCount":93,"magazineBlocksPostReadTime":7,"magazine_blocks_featured_image_url":{"full":["https:\/\/lobosnews.com.ar\/wp-content\/uploads\/2026\/03\/ilya-espino-de-marotta-liderazgo-femenino-en-el-corazon-del-canal-de-panama-10.jpg",768,512,false],"medium":["https:\/\/lobosnews.com.ar\/wp-content\/uploads\/2026\/03\/ilya-espino-de-marotta-liderazgo-femenino-en-el-corazon-del-canal-de-panama-10-300x200.jpg",300,200,true],"thumbnail":["https:\/\/lobosnews.com.ar\/wp-content\/uploads\/2026\/03\/ilya-espino-de-marotta-liderazgo-femenino-en-el-corazon-del-canal-de-panama-10-150x150.jpg",150,150,true]},"magazine_blocks_author":{"display_name":"admin","author_link":"https:\/\/lobosnews.com.ar\/index.php\/author\/lobos-news\/"},"magazine_blocks_comment":0,"magazine_blocks_author_image":"https:\/\/secure.gravatar.com\/avatar\/76e419471a2083bc3ceab22a763dbbf9b0c1bd15a6214cf3280e2c2dde4580f9?s=96&d=mm&r=g","magazine_blocks_category":"<a href=\"#\" class=\"category-link category-link-31\">Actualidad<\/a>","yoast_head":"<!-- This site is optimized with the Yoast SEO plugin v26.6 - https:\/\/yoast.com\/wordpress\/plugins\/seo\/ -->\n<title>Ilya Espino de Marotta: liderazgo femenino en el coraz\u00f3n del Canal de Panam\u00e1 - Lobos News<\/title>\n<meta name=\"robots\" content=\"index, follow, max-snippet:-1, max-image-preview:large, max-video-preview:-1\" \/>\n<link rel=\"canonical\" href=\"https:\/\/lobosnews.com.ar\/index.php\/2026\/03\/08\/ilya-espino-de-marotta-liderazgo-femenino-en-el-corazon-del-canal-de-panama\/\" \/>\n<meta property=\"og:locale\" content=\"es_ES\" \/>\n<meta property=\"og:type\" content=\"article\" \/>\n<meta property=\"og:title\" content=\"Ilya Espino de Marotta: liderazgo femenino en el coraz\u00f3n del Canal de Panam\u00e1 - Lobos News\" \/>\n<meta property=\"og:description\" content=\"Cuando Ilya Espino de Marotta comenz\u00f3 a trabajar en el Canal de Panam\u00e1 en 1985, lo hizo como la \u00fanica ingeniera en el astillero de la Divisi\u00f3n Industrial, en una instituci\u00f3n donde las mujeres a\u00fan eran una minor\u00eda en las \u00e1reas t\u00e9cnicas. Cuatro d\u00e9cadas despu\u00e9s, su nombre forma parte de la historia de la v\u00eda...\" \/>\n<meta property=\"og:url\" content=\"https:\/\/lobosnews.com.ar\/index.php\/2026\/03\/08\/ilya-espino-de-marotta-liderazgo-femenino-en-el-corazon-del-canal-de-panama\/\" \/>\n<meta property=\"og:site_name\" content=\"Lobos News\" \/>\n<meta property=\"article:published_time\" content=\"2026-03-08T12:41:17+00:00\" \/>\n<meta property=\"article:modified_time\" content=\"2026-03-08T14:39:09+00:00\" \/>\n<meta property=\"og:image\" content=\"https:\/\/lobosnews.com.ar\/wp-content\/uploads\/2026\/03\/ilya-espino-de-marotta-liderazgo-femenino-en-el-corazon-del-canal-de-panama.jpg\" \/>\n<meta name=\"author\" content=\"admin\" \/>\n<meta name=\"twitter:card\" content=\"summary_large_image\" \/>\n<meta name=\"twitter:label1\" content=\"Escrito por\" \/>\n\t<meta name=\"twitter:data1\" content=\"admin\" \/>\n\t<meta name=\"twitter:label2\" content=\"Tiempo de lectura\" \/>\n\t<meta name=\"twitter:data2\" content=\"6 minutos\" \/>\n<script type=\"application\/ld+json\" class=\"yoast-schema-graph\">{\"@context\":\"https:\/\/schema.org\",\"@graph\":[{\"@type\":\"Article\",\"@id\":\"https:\/\/lobosnews.com.ar\/index.php\/2026\/03\/08\/ilya-espino-de-marotta-liderazgo-femenino-en-el-corazon-del-canal-de-panama\/#article\",\"isPartOf\":{\"@id\":\"https:\/\/lobosnews.com.ar\/index.php\/2026\/03\/08\/ilya-espino-de-marotta-liderazgo-femenino-en-el-corazon-del-canal-de-panama\/\"},\"author\":{\"name\":\"admin\",\"@id\":\"https:\/\/lobosnews.com.ar\/#\/schema\/person\/232422a593d5c541dd9aef6aaed10943\"},\"headline\":\"Ilya Espino de Marotta: liderazgo femenino en el coraz\u00f3n del Canal de Panam\u00e1\",\"datePublished\":\"2026-03-08T12:41:17+00:00\",\"dateModified\":\"2026-03-08T14:39:09+00:00\",\"mainEntityOfPage\":{\"@id\":\"https:\/\/lobosnews.com.ar\/index.php\/2026\/03\/08\/ilya-espino-de-marotta-liderazgo-femenino-en-el-corazon-del-canal-de-panama\/\"},\"wordCount\":1284,\"commentCount\":0,\"publisher\":{\"@id\":\"https:\/\/lobosnews.com.ar\/#organization\"},\"image\":{\"@id\":\"https:\/\/lobosnews.com.ar\/index.php\/2026\/03\/08\/ilya-espino-de-marotta-liderazgo-femenino-en-el-corazon-del-canal-de-panama\/#primaryimage\"},\"thumbnailUrl\":\"https:\/\/lobosnews.com.ar\/wp-content\/uploads\/2026\/03\/ilya-espino-de-marotta-liderazgo-femenino-en-el-corazon-del-canal-de-panama-10.jpg\",\"articleSection\":[\"Actualidad\"],\"inLanguage\":\"es\",\"potentialAction\":[{\"@type\":\"CommentAction\",\"name\":\"Comment\",\"target\":[\"https:\/\/lobosnews.com.ar\/index.php\/2026\/03\/08\/ilya-espino-de-marotta-liderazgo-femenino-en-el-corazon-del-canal-de-panama\/#respond\"]}]},{\"@type\":\"WebPage\",\"@id\":\"https:\/\/lobosnews.com.ar\/index.php\/2026\/03\/08\/ilya-espino-de-marotta-liderazgo-femenino-en-el-corazon-del-canal-de-panama\/\",\"url\":\"https:\/\/lobosnews.com.ar\/index.php\/2026\/03\/08\/ilya-espino-de-marotta-liderazgo-femenino-en-el-corazon-del-canal-de-panama\/\",\"name\":\"Ilya Espino de Marotta: liderazgo femenino en el coraz\u00f3n del Canal de Panam\u00e1 - Lobos News\",\"isPartOf\":{\"@id\":\"https:\/\/lobosnews.com.ar\/#website\"},\"primaryImageOfPage\":{\"@id\":\"https:\/\/lobosnews.com.ar\/index.php\/2026\/03\/08\/ilya-espino-de-marotta-liderazgo-femenino-en-el-corazon-del-canal-de-panama\/#primaryimage\"},\"image\":{\"@id\":\"https:\/\/lobosnews.com.ar\/index.php\/2026\/03\/08\/ilya-espino-de-marotta-liderazgo-femenino-en-el-corazon-del-canal-de-panama\/#primaryimage\"},\"thumbnailUrl\":\"https:\/\/lobosnews.com.ar\/wp-content\/uploads\/2026\/03\/ilya-espino-de-marotta-liderazgo-femenino-en-el-corazon-del-canal-de-panama-10.jpg\",\"datePublished\":\"2026-03-08T12:41:17+00:00\",\"dateModified\":\"2026-03-08T14:39:09+00:00\",\"breadcrumb\":{\"@id\":\"https:\/\/lobosnews.com.ar\/index.php\/2026\/03\/08\/ilya-espino-de-marotta-liderazgo-femenino-en-el-corazon-del-canal-de-panama\/#breadcrumb\"},\"inLanguage\":\"es\",\"potentialAction\":[{\"@type\":\"ReadAction\",\"target\":[\"https:\/\/lobosnews.com.ar\/index.php\/2026\/03\/08\/ilya-espino-de-marotta-liderazgo-femenino-en-el-corazon-del-canal-de-panama\/\"]}]},{\"@type\":\"ImageObject\",\"inLanguage\":\"es\",\"@id\":\"https:\/\/lobosnews.com.ar\/index.php\/2026\/03\/08\/ilya-espino-de-marotta-liderazgo-femenino-en-el-corazon-del-canal-de-panama\/#primaryimage\",\"url\":\"https:\/\/lobosnews.com.ar\/wp-content\/uploads\/2026\/03\/ilya-espino-de-marotta-liderazgo-femenino-en-el-corazon-del-canal-de-panama-10.jpg\",\"contentUrl\":\"https:\/\/lobosnews.com.ar\/wp-content\/uploads\/2026\/03\/ilya-espino-de-marotta-liderazgo-femenino-en-el-corazon-del-canal-de-panama-10.jpg\",\"width\":768,\"height\":512,\"caption\":\"Ilya Espino de Marotta: liderazgo femenino en el coraz\u00f3n del Canal de Panam\u00e1\"},{\"@type\":\"BreadcrumbList\",\"@id\":\"https:\/\/lobosnews.com.ar\/index.php\/2026\/03\/08\/ilya-espino-de-marotta-liderazgo-femenino-en-el-corazon-del-canal-de-panama\/#breadcrumb\",\"itemListElement\":[{\"@type\":\"ListItem\",\"position\":1,\"name\":\"Portada\",\"item\":\"https:\/\/lobosnews.com.ar\/\"},{\"@type\":\"ListItem\",\"position\":2,\"name\":\"Ilya Espino de Marotta: liderazgo femenino en el coraz\u00f3n del Canal de Panam\u00e1\"}]},{\"@type\":\"WebSite\",\"@id\":\"https:\/\/lobosnews.com.ar\/#website\",\"url\":\"https:\/\/lobosnews.com.ar\/\",\"name\":\"Lobos News\",\"description\":\"Informaci\u00f3n a cada instante\",\"publisher\":{\"@id\":\"https:\/\/lobosnews.com.ar\/#organization\"},\"potentialAction\":[{\"@type\":\"SearchAction\",\"target\":{\"@type\":\"EntryPoint\",\"urlTemplate\":\"https:\/\/lobosnews.com.ar\/?s={search_term_string}\"},\"query-input\":{\"@type\":\"PropertyValueSpecification\",\"valueRequired\":true,\"valueName\":\"search_term_string\"}}],\"inLanguage\":\"es\"},{\"@type\":\"Organization\",\"@id\":\"https:\/\/lobosnews.com.ar\/#organization\",\"name\":\"Lobos News\",\"url\":\"https:\/\/lobosnews.com.ar\/\",\"logo\":{\"@type\":\"ImageObject\",\"inLanguage\":\"es\",\"@id\":\"https:\/\/lobosnews.com.ar\/#\/schema\/logo\/image\/\",\"url\":\"https:\/\/lobosnews.com.ar\/wp-content\/uploads\/2026\/01\/logo-lobosnews.png\",\"contentUrl\":\"https:\/\/lobosnews.com.ar\/wp-content\/uploads\/2026\/01\/logo-lobosnews.png\",\"width\":500,\"height\":200,\"caption\":\"Lobos News\"},\"image\":{\"@id\":\"https:\/\/lobosnews.com.ar\/#\/schema\/logo\/image\/\"}},{\"@type\":\"Person\",\"@id\":\"https:\/\/lobosnews.com.ar\/#\/schema\/person\/232422a593d5c541dd9aef6aaed10943\",\"name\":\"admin\",\"image\":{\"@type\":\"ImageObject\",\"inLanguage\":\"es\",\"@id\":\"https:\/\/lobosnews.com.ar\/#\/schema\/person\/image\/\",\"url\":\"https:\/\/secure.gravatar.com\/avatar\/76e419471a2083bc3ceab22a763dbbf9b0c1bd15a6214cf3280e2c2dde4580f9?s=96&d=mm&r=g\",\"contentUrl\":\"https:\/\/secure.gravatar.com\/avatar\/76e419471a2083bc3ceab22a763dbbf9b0c1bd15a6214cf3280e2c2dde4580f9?s=96&d=mm&r=g\",\"caption\":\"admin\"},\"sameAs\":[\"https:\/\/lobosnews.com.ar\"],\"url\":\"https:\/\/lobosnews.com.ar\/index.php\/author\/lobos-news\/\"}]}<\/script>\n<!-- \/ Yoast SEO plugin. -->","yoast_head_json":{"title":"Ilya Espino de Marotta: liderazgo femenino en el coraz\u00f3n del Canal de Panam\u00e1 - Lobos News","robots":{"index":"index","follow":"follow","max-snippet":"max-snippet:-1","max-image-preview":"max-image-preview:large","max-video-preview":"max-video-preview:-1"},"canonical":"https:\/\/lobosnews.com.ar\/index.php\/2026\/03\/08\/ilya-espino-de-marotta-liderazgo-femenino-en-el-corazon-del-canal-de-panama\/","og_locale":"es_ES","og_type":"article","og_title":"Ilya Espino de Marotta: liderazgo femenino en el coraz\u00f3n del Canal de Panam\u00e1 - Lobos News","og_description":"Cuando Ilya Espino de Marotta comenz\u00f3 a trabajar en el Canal de Panam\u00e1 en 1985, lo hizo como la \u00fanica ingeniera en el astillero de la Divisi\u00f3n Industrial, en una instituci\u00f3n donde las mujeres a\u00fan eran una minor\u00eda en las \u00e1reas t\u00e9cnicas. Cuatro d\u00e9cadas despu\u00e9s, su nombre forma parte de la historia de la v\u00eda...","og_url":"https:\/\/lobosnews.com.ar\/index.php\/2026\/03\/08\/ilya-espino-de-marotta-liderazgo-femenino-en-el-corazon-del-canal-de-panama\/","og_site_name":"Lobos News","article_published_time":"2026-03-08T12:41:17+00:00","article_modified_time":"2026-03-08T14:39:09+00:00","og_image":[{"url":"https:\/\/lobosnews.com.ar\/wp-content\/uploads\/2026\/03\/ilya-espino-de-marotta-liderazgo-femenino-en-el-corazon-del-canal-de-panama.jpg","type":"","width":"","height":""}],"author":"admin","twitter_card":"summary_large_image","twitter_misc":{"Escrito por":"admin","Tiempo de lectura":"6 minutos"},"schema":{"@context":"https:\/\/schema.org","@graph":[{"@type":"Article","@id":"https:\/\/lobosnews.com.ar\/index.php\/2026\/03\/08\/ilya-espino-de-marotta-liderazgo-femenino-en-el-corazon-del-canal-de-panama\/#article","isPartOf":{"@id":"https:\/\/lobosnews.com.ar\/index.php\/2026\/03\/08\/ilya-espino-de-marotta-liderazgo-femenino-en-el-corazon-del-canal-de-panama\/"},"author":{"name":"admin","@id":"https:\/\/lobosnews.com.ar\/#\/schema\/person\/232422a593d5c541dd9aef6aaed10943"},"headline":"Ilya Espino de Marotta: liderazgo femenino en el coraz\u00f3n del Canal de Panam\u00e1","datePublished":"2026-03-08T12:41:17+00:00","dateModified":"2026-03-08T14:39:09+00:00","mainEntityOfPage":{"@id":"https:\/\/lobosnews.com.ar\/index.php\/2026\/03\/08\/ilya-espino-de-marotta-liderazgo-femenino-en-el-corazon-del-canal-de-panama\/"},"wordCount":1284,"commentCount":0,"publisher":{"@id":"https:\/\/lobosnews.com.ar\/#organization"},"image":{"@id":"https:\/\/lobosnews.com.ar\/index.php\/2026\/03\/08\/ilya-espino-de-marotta-liderazgo-femenino-en-el-corazon-del-canal-de-panama\/#primaryimage"},"thumbnailUrl":"https:\/\/lobosnews.com.ar\/wp-content\/uploads\/2026\/03\/ilya-espino-de-marotta-liderazgo-femenino-en-el-corazon-del-canal-de-panama-10.jpg","articleSection":["Actualidad"],"inLanguage":"es","potentialAction":[{"@type":"CommentAction","name":"Comment","target":["https:\/\/lobosnews.com.ar\/index.php\/2026\/03\/08\/ilya-espino-de-marotta-liderazgo-femenino-en-el-corazon-del-canal-de-panama\/#respond"]}]},{"@type":"WebPage","@id":"https:\/\/lobosnews.com.ar\/index.php\/2026\/03\/08\/ilya-espino-de-marotta-liderazgo-femenino-en-el-corazon-del-canal-de-panama\/","url":"https:\/\/lobosnews.com.ar\/index.php\/2026\/03\/08\/ilya-espino-de-marotta-liderazgo-femenino-en-el-corazon-del-canal-de-panama\/","name":"Ilya Espino de Marotta: liderazgo femenino en el coraz\u00f3n del Canal de Panam\u00e1 - Lobos News","isPartOf":{"@id":"https:\/\/lobosnews.com.ar\/#website"},"primaryImageOfPage":{"@id":"https:\/\/lobosnews.com.ar\/index.php\/2026\/03\/08\/ilya-espino-de-marotta-liderazgo-femenino-en-el-corazon-del-canal-de-panama\/#primaryimage"},"image":{"@id":"https:\/\/lobosnews.com.ar\/index.php\/2026\/03\/08\/ilya-espino-de-marotta-liderazgo-femenino-en-el-corazon-del-canal-de-panama\/#primaryimage"},"thumbnailUrl":"https:\/\/lobosnews.com.ar\/wp-content\/uploads\/2026\/03\/ilya-espino-de-marotta-liderazgo-femenino-en-el-corazon-del-canal-de-panama-10.jpg","datePublished":"2026-03-08T12:41:17+00:00","dateModified":"2026-03-08T14:39:09+00:00","breadcrumb":{"@id":"https:\/\/lobosnews.com.ar\/index.php\/2026\/03\/08\/ilya-espino-de-marotta-liderazgo-femenino-en-el-corazon-del-canal-de-panama\/#breadcrumb"},"inLanguage":"es","potentialAction":[{"@type":"ReadAction","target":["https:\/\/lobosnews.com.ar\/index.php\/2026\/03\/08\/ilya-espino-de-marotta-liderazgo-femenino-en-el-corazon-del-canal-de-panama\/"]}]},{"@type":"ImageObject","inLanguage":"es","@id":"https:\/\/lobosnews.com.ar\/index.php\/2026\/03\/08\/ilya-espino-de-marotta-liderazgo-femenino-en-el-corazon-del-canal-de-panama\/#primaryimage","url":"https:\/\/lobosnews.com.ar\/wp-content\/uploads\/2026\/03\/ilya-espino-de-marotta-liderazgo-femenino-en-el-corazon-del-canal-de-panama-10.jpg","contentUrl":"https:\/\/lobosnews.com.ar\/wp-content\/uploads\/2026\/03\/ilya-espino-de-marotta-liderazgo-femenino-en-el-corazon-del-canal-de-panama-10.jpg","width":768,"height":512,"caption":"Ilya Espino de Marotta: liderazgo femenino en el coraz\u00f3n del Canal de Panam\u00e1"},{"@type":"BreadcrumbList","@id":"https:\/\/lobosnews.com.ar\/index.php\/2026\/03\/08\/ilya-espino-de-marotta-liderazgo-femenino-en-el-corazon-del-canal-de-panama\/#breadcrumb","itemListElement":[{"@type":"ListItem","position":1,"name":"Portada","item":"https:\/\/lobosnews.com.ar\/"},{"@type":"ListItem","position":2,"name":"Ilya Espino de Marotta: liderazgo femenino en el coraz\u00f3n del Canal de Panam\u00e1"}]},{"@type":"WebSite","@id":"https:\/\/lobosnews.com.ar\/#website","url":"https:\/\/lobosnews.com.ar\/","name":"Lobos News","description":"Informaci\u00f3n a cada instante","publisher":{"@id":"https:\/\/lobosnews.com.ar\/#organization"},"potentialAction":[{"@type":"SearchAction","target":{"@type":"EntryPoint","urlTemplate":"https:\/\/lobosnews.com.ar\/?s={search_term_string}"},"query-input":{"@type":"PropertyValueSpecification","valueRequired":true,"valueName":"search_term_string"}}],"inLanguage":"es"},{"@type":"Organization","@id":"https:\/\/lobosnews.com.ar\/#organization","name":"Lobos News","url":"https:\/\/lobosnews.com.ar\/","logo":{"@type":"ImageObject","inLanguage":"es","@id":"https:\/\/lobosnews.com.ar\/#\/schema\/logo\/image\/","url":"https:\/\/lobosnews.com.ar\/wp-content\/uploads\/2026\/01\/logo-lobosnews.png","contentUrl":"https:\/\/lobosnews.com.ar\/wp-content\/uploads\/2026\/01\/logo-lobosnews.png","width":500,"height":200,"caption":"Lobos News"},"image":{"@id":"https:\/\/lobosnews.com.ar\/#\/schema\/logo\/image\/"}},{"@type":"Person","@id":"https:\/\/lobosnews.com.ar\/#\/schema\/person\/232422a593d5c541dd9aef6aaed10943","name":"admin","image":{"@type":"ImageObject","inLanguage":"es","@id":"https:\/\/lobosnews.com.ar\/#\/schema\/person\/image\/","url":"https:\/\/secure.gravatar.com\/avatar\/76e419471a2083bc3ceab22a763dbbf9b0c1bd15a6214cf3280e2c2dde4580f9?s=96&d=mm&r=g","contentUrl":"https:\/\/secure.gravatar.com\/avatar\/76e419471a2083bc3ceab22a763dbbf9b0c1bd15a6214cf3280e2c2dde4580f9?s=96&d=mm&r=g","caption":"admin"},"sameAs":["https:\/\/lobosnews.com.ar"],"url":"https:\/\/lobosnews.com.ar\/index.php\/author\/lobos-news\/"}]}},"jetpack_featured_media_url":"https:\/\/lobosnews.com.ar\/wp-content\/uploads\/2026\/03\/ilya-espino-de-marotta-liderazgo-femenino-en-el-corazon-del-canal-de-panama-10.jpg","jetpack_sharing_enabled":true,"_links":{"self":[{"href":"https:\/\/lobosnews.com.ar\/index.php\/wp-json\/wp\/v2\/posts\/30787","targetHints":{"allow":["GET"]}}],"collection":[{"href":"https:\/\/lobosnews.com.ar\/index.php\/wp-json\/wp\/v2\/posts"}],"about":[{"href":"https:\/\/lobosnews.com.ar\/index.php\/wp-json\/wp\/v2\/types\/post"}],"author":[{"embeddable":true,"href":"https:\/\/lobosnews.com.ar\/index.php\/wp-json\/wp\/v2\/users\/1"}],"replies":[{"embeddable":true,"href":"https:\/\/lobosnews.com.ar\/index.php\/wp-json\/wp\/v2\/comments?post=30787"}],"version-history":[{"count":1,"href":"https:\/\/lobosnews.com.ar\/index.php\/wp-json\/wp\/v2\/posts\/30787\/revisions"}],"predecessor-version":[{"id":30794,"href":"https:\/\/lobosnews.com.ar\/index.php\/wp-json\/wp\/v2\/posts\/30787\/revisions\/30794"}],"wp:featuredmedia":[{"embeddable":true,"href":"https:\/\/lobosnews.com.ar\/index.php\/wp-json\/wp\/v2\/media\/30795"}],"wp:attachment":[{"href":"https:\/\/lobosnews.com.ar\/index.php\/wp-json\/wp\/v2\/media?parent=30787"}],"wp:term":[{"taxonomy":"category","embeddable":true,"href":"https:\/\/lobosnews.com.ar\/index.php\/wp-json\/wp\/v2\/categories?post=30787"},{"taxonomy":"post_tag","embeddable":true,"href":"https:\/\/lobosnews.com.ar\/index.php\/wp-json\/wp\/v2\/tags?post=30787"}],"curies":[{"name":"wp","href":"https:\/\/api.w.org\/{rel}","templated":true}]}}