{"id":30777,"date":"2026-03-08T13:51:19","date_gmt":"2026-03-08T13:51:19","guid":{"rendered":"https:\/\/lobosnews.com.ar\/index.php\/2026\/03\/08\/segunda-noche-consecutiva-de-protestas-contra-la-dictadura-cubana-los-gritos-de-libertad-se-extienden-en-plena-crisis\/"},"modified":"2026-03-08T14:38:55","modified_gmt":"2026-03-08T14:38:55","slug":"segunda-noche-consecutiva-de-protestas-contra-la-dictadura-cubana-los-gritos-de-libertad-se-extienden-en-plena-crisis","status":"publish","type":"post","link":"https:\/\/lobosnews.com.ar\/index.php\/2026\/03\/08\/segunda-noche-consecutiva-de-protestas-contra-la-dictadura-cubana-los-gritos-de-libertad-se-extienden-en-plena-crisis\/","title":{"rendered":"Segunda noche consecutiva de protestas contra la dictadura cubana: los gritos de \u201clibertad\u201d se extienden en plena crisis"},"content":{"rendered":"<p>Por segunda noche consecutiva, <b>los cubanos salieron a las calles este s\u00e1bado en al menos 10 a 15 municipios de La Habana y sus alrededores <\/b>para protestar contra los extensos apagones y exigir el fin del r\u00e9gimen comunista, en lo que constituye una de las oleadas de manifestaciones m\u00e1s extendidas en la isla en los \u00faltimos a\u00f1os.<\/p>\n<p>En el municipio de <b>Regla<\/b>, al este de la capital, vecinos encendieron <b>fogatas en plena calle al grito de \u201c\u00a1Libertad!<\/b>\u201d, seg\u00fan registros difundidos en redes sociales y confirmados por activistas dentro de la isla. <\/p>\n<p>La noche anterior, el mismo clamor hab\u00eda resonado en el barrio habanero de <b>Jes\u00fas Mar\u00eda<\/b>, donde se escuch\u00f3 el grito de <span class=\"waslinkname\"><b>\u201c\u00a1Abajo el comunismo!<\/b><\/span>\u201d entre el estruendo de los cacerolazos.<\/p>\n<p>Las manifestaciones, que<b> comenzaron de manera espont\u00e1nea en la madrugada del viernes<\/b>, se han ido extendiendo geogr\u00e1ficamente a lo largo de las \u00faltimas horas. Activistas y periodistas independientes reportaron protestas simult\u00e1neas en m\u00faltiples puntos de la capital y en la provincia de Matanzas, al oeste del pa\u00eds.<\/p>\n<p><b>El detonante inmediato fue el colapso de la central termoel\u00e9ctrica Antonio Guiteras<\/b>, la mayor del pa\u00eds, ocurrido el mi\u00e9rcoles pasado, que provoc\u00f3 una<b> reacci\u00f3n en cadena que desestabiliz\u00f3 la red el\u00e9ctrica nacional.<\/b> Seg\u00fan la estatal Uni\u00f3n El\u00e9ctrica, <b>10 de las 16 unidades de generaci\u00f3n termoel\u00e9ctrica del pa\u00eds est\u00e1n fuera de servicio<\/b> por aver\u00edas o mantenimiento, y los motores de di\u00e9sel y fueloil \u2014responsables del 40% del suministro\u2014 permanecen detenidos desde enero por falta de combustible.<\/p>\n<p><b>El resultado es una crisis sin precedentes recientes<\/b>: el viernes, el mayor apag\u00f3n programado del d\u00eda dej\u00f3<b> simult\u00e1neamente a m\u00e1s del 68% de la isla sin electricidad,<\/b> la peor cifra desde que existen registros. En algunas provincias,<b> los cortes superan las 20 horas diarias.<\/b> Seg\u00fan report\u00f3 <i>EFE<\/i>, los hospitales apenas cubren servicios m\u00ednimos tras cancelar consultas y operaciones, las gasolineras est\u00e1n desabastecidas, el transporte p\u00fablico ha desaparecido y los mercados estatales cuentan con cada vez menos productos.<\/p>\n<p><img fetchpriority=\"high\" decoding=\"async\" src=\"https:\/\/lobosnews.com.ar\/wp-content\/uploads\/2026\/03\/segunda-noche-consecutiva-de-protestas-contra-la-dictadura-cubana-los-gritos-de-libertad-se-extienden-en-plena-crisis.jpg\" alt=\"Un transbordador cruza la bah\u00eda de La Habana frente a la refiner\u00eda Nico L\u00f3pez, el 26 de febrero de 2026. Cuba no puede importar los dos tercios de su energ\u00eda que no cubre con producci\u00f3n propia por el bloqueo petrolero de Washington. (AP \/ Ram\u00f3n Espinosa)\" height=\"4878\" width=\"7318\"\/><\/p>\n<p>El contexto es el de una econom\u00eda que arrastra a\u00f1os de deterioro: <b>Cuba ha perdido el 15% de su producto interno bruto en los \u00faltimos cinco a\u00f1os y el 20% de su poblaci\u00f3n<\/b>, y enfrenta el <b>bloqueo petrolero de Washington<\/b>, que le impide importar los dos tercios de sus necesidades energ\u00e9ticas que no cubre con producci\u00f3n propia.<\/p>\n<p>El presidente estadounidense <span class=\"waslinkname\"><b>Donald Trump<\/b> afirm\u00f3 este s\u00e1bado que<b> Cuba se encuentra \u201cen sus \u00faltimos momentos de vida tal como es ahora\u201d<\/b><\/span>, y asegur\u00f3 que \u00e9l y su secretario de Estado, <b>Marco Rubio<\/b>, est\u00e1n \u201cnegociando\u201d con el gobierno cubano. La Habana nunca ha reconocido esos contactos, aunque hace semanas que tampoco los desmiente.<\/p>\n<p>Desde Washington, la congresista cubanoamericana <b>Mar\u00eda Elvira Salazar<\/b> expres\u00f3 su apoyo a los manifestantes y lanz\u00f3 una advertencia directa al r\u00e9gimen: \u201c<b>No se vayan a meter en contra de ellos, ellos tienen derecho a salir a las calles y a decir lo que quieran\u201d.<\/b><\/p>\n<p><b>El gobierno de La Habana ha implementado un plan de contingencia<\/b> que incluye la instalaci\u00f3n de <b>5.000 peque\u00f1os equipos solares donados por China<\/b> y el aprovechamiento de combustible importado por empresas privadas, pero los analistas coinciden en que<b> estas medidas resultan insuficientes <\/b>frente a la magnitud del d\u00e9ficit energ\u00e9tico.<\/p>\n<p>Las perspectivas de una soluci\u00f3n a corto plazo son escasas. Y con cada nueva noche de apagones, la calle cubana parece dispuesta a seguir respondiendo con fuego y cacerolas.<\/p>\n","protected":false},"excerpt":{"rendered":"<p>Por segunda noche consecutiva, los cubanos salieron a las calles este s\u00e1bado en al menos 10 a 15 municipios de La Habana y sus alrededores para protestar contra los extensos apagones y exigir el fin del r\u00e9gimen comunista, en lo que constituye una de las oleadas de manifestaciones m\u00e1s extendidas en la isla en los&#8230;<\/p>\n","protected":false},"author":1,"featured_media":30780,"comment_status":"open","ping_status":"closed","sticky":false,"template":"","format":"standard","meta":{"_jetpack_memberships_contains_paid_content":false,"footnotes":""},"categories":[31],"tags":[],"class_list":["post-30777","post","type-post","status-publish","format-standard","has-post-thumbnail","hentry","category-actualidad"],"magazineBlocksPostFeaturedMedia":{"thumbnail":"https:\/\/lobosnews.com.ar\/wp-content\/uploads\/2026\/03\/segunda-noche-consecutiva-de-protestas-contra-la-dictadura-cubana-los-gritos-de-libertad-se-extienden-en-plena-crisis-150x150.jpg","medium":"https:\/\/lobosnews.com.ar\/wp-content\/uploads\/2026\/03\/segunda-noche-consecutiva-de-protestas-contra-la-dictadura-cubana-los-gritos-de-libertad-se-extienden-en-plena-crisis-300x200.jpg","medium_large":"https:\/\/lobosnews.com.ar\/wp-content\/uploads\/2026\/03\/segunda-noche-consecutiva-de-protestas-contra-la-dictadura-cubana-los-gritos-de-libertad-se-extienden-en-plena-crisis-768x512.jpg","large":"https:\/\/lobosnews.com.ar\/wp-content\/uploads\/2026\/03\/segunda-noche-consecutiva-de-protestas-contra-la-dictadura-cubana-los-gritos-de-libertad-se-extienden-en-plena-crisis-1024x683.jpg","1536x1536":"https:\/\/lobosnews.com.ar\/wp-content\/uploads\/2026\/03\/segunda-noche-consecutiva-de-protestas-contra-la-dictadura-cubana-los-gritos-de-libertad-se-extienden-en-plena-crisis-1536x1024.jpg","2048x2048":"https:\/\/lobosnews.com.ar\/wp-content\/uploads\/2026\/03\/segunda-noche-consecutiva-de-protestas-contra-la-dictadura-cubana-los-gritos-de-libertad-se-extienden-en-plena-crisis-2048x1365.jpg","newsmatic-featured":"https:\/\/lobosnews.com.ar\/wp-content\/uploads\/2026\/03\/segunda-noche-consecutiva-de-protestas-contra-la-dictadura-cubana-los-gritos-de-libertad-se-extienden-en-plena-crisis-820x545.jpg","newsmatic-list":"https:\/\/lobosnews.com.ar\/wp-content\/uploads\/2026\/03\/segunda-noche-consecutiva-de-protestas-contra-la-dictadura-cubana-los-gritos-de-libertad-se-extienden-en-plena-crisis-600x400.jpg","newsmatic-thumb":"https:\/\/lobosnews.com.ar\/wp-content\/uploads\/2026\/03\/segunda-noche-consecutiva-de-protestas-contra-la-dictadura-cubana-los-gritos-de-libertad-se-extienden-en-plena-crisis-300x200.jpg","newsmatic-small":"https:\/\/lobosnews.com.ar\/wp-content\/uploads\/2026\/03\/segunda-noche-consecutiva-de-protestas-contra-la-dictadura-cubana-los-gritos-de-libertad-se-extienden-en-plena-crisis-150x95.jpg","newsmatic-grid":"https:\/\/lobosnews.com.ar\/wp-content\/uploads\/2026\/03\/segunda-noche-consecutiva-de-protestas-contra-la-dictadura-cubana-los-gritos-de-libertad-se-extienden-en-plena-crisis-400x250.jpg"},"magazineBlocksPostAuthor":{"name":"admin","avatar":"https:\/\/secure.gravatar.com\/avatar\/76e419471a2083bc3ceab22a763dbbf9b0c1bd15a6214cf3280e2c2dde4580f9?s=96&d=mm&r=g"},"magazineBlocksPostCommentsNumber":"0","magazineBlocksPostExcerpt":"Por segunda noche consecutiva, los cubanos salieron a las calles este s\u00e1bado en al menos 10 a 15 municipios de La Habana y sus alrededores para protestar contra los extensos apagones y exigir el fin del r\u00e9gimen comunista, en lo que constituye una de las oleadas de manifestaciones m\u00e1s extendidas en la isla en los...","magazineBlocksPostCategories":["Actualidad"],"magazineBlocksPostViewCount":75,"magazineBlocksPostReadTime":3,"magazine_blocks_featured_image_url":{"full":["https:\/\/lobosnews.com.ar\/wp-content\/uploads\/2026\/03\/segunda-noche-consecutiva-de-protestas-contra-la-dictadura-cubana-los-gritos-de-libertad-se-extienden-en-plena-crisis-scaled.jpg",2560,1706,false],"medium":["https:\/\/lobosnews.com.ar\/wp-content\/uploads\/2026\/03\/segunda-noche-consecutiva-de-protestas-contra-la-dictadura-cubana-los-gritos-de-libertad-se-extienden-en-plena-crisis-300x200.jpg",300,200,true],"thumbnail":["https:\/\/lobosnews.com.ar\/wp-content\/uploads\/2026\/03\/segunda-noche-consecutiva-de-protestas-contra-la-dictadura-cubana-los-gritos-de-libertad-se-extienden-en-plena-crisis-150x150.jpg",150,150,true]},"magazine_blocks_author":{"display_name":"admin","author_link":"https:\/\/lobosnews.com.ar\/index.php\/author\/lobos-news\/"},"magazine_blocks_comment":0,"magazine_blocks_author_image":"https:\/\/secure.gravatar.com\/avatar\/76e419471a2083bc3ceab22a763dbbf9b0c1bd15a6214cf3280e2c2dde4580f9?s=96&d=mm&r=g","magazine_blocks_category":"<a href=\"#\" class=\"category-link category-link-31\">Actualidad<\/a>","yoast_head":"<!-- This site is optimized with the Yoast SEO plugin v26.6 - https:\/\/yoast.com\/wordpress\/plugins\/seo\/ -->\n<title>Segunda noche consecutiva de protestas contra la dictadura cubana: los gritos de \u201clibertad\u201d se extienden en plena crisis - Lobos News<\/title>\n<meta name=\"robots\" content=\"index, follow, max-snippet:-1, max-image-preview:large, max-video-preview:-1\" \/>\n<link rel=\"canonical\" href=\"https:\/\/lobosnews.com.ar\/index.php\/2026\/03\/08\/segunda-noche-consecutiva-de-protestas-contra-la-dictadura-cubana-los-gritos-de-libertad-se-extienden-en-plena-crisis\/\" \/>\n<meta property=\"og:locale\" content=\"es_ES\" \/>\n<meta property=\"og:type\" content=\"article\" \/>\n<meta property=\"og:title\" content=\"Segunda noche consecutiva de protestas contra la dictadura cubana: los gritos de \u201clibertad\u201d se extienden en plena crisis - Lobos News\" \/>\n<meta property=\"og:description\" content=\"Por segunda noche consecutiva, los cubanos salieron a las calles este s\u00e1bado en al menos 10 a 15 municipios de La Habana y sus alrededores para protestar contra los extensos apagones y exigir el fin del r\u00e9gimen comunista, en lo que constituye una de las oleadas de manifestaciones m\u00e1s extendidas en la isla en los...\" \/>\n<meta property=\"og:url\" content=\"https:\/\/lobosnews.com.ar\/index.php\/2026\/03\/08\/segunda-noche-consecutiva-de-protestas-contra-la-dictadura-cubana-los-gritos-de-libertad-se-extienden-en-plena-crisis\/\" \/>\n<meta property=\"og:site_name\" content=\"Lobos News\" \/>\n<meta property=\"article:published_time\" content=\"2026-03-08T13:51:19+00:00\" \/>\n<meta property=\"article:modified_time\" content=\"2026-03-08T14:38:55+00:00\" \/>\n<meta property=\"og:image\" content=\"https:\/\/lobosnews.com.ar\/wp-content\/uploads\/2026\/03\/segunda-noche-consecutiva-de-protestas-contra-la-dictadura-cubana-los-gritos-de-libertad-se-extienden-en-plena-crisis.jpg\" \/>\n<meta name=\"author\" content=\"admin\" \/>\n<meta name=\"twitter:card\" content=\"summary_large_image\" \/>\n<meta name=\"twitter:label1\" content=\"Escrito por\" \/>\n\t<meta name=\"twitter:data1\" content=\"admin\" \/>\n\t<meta name=\"twitter:label2\" content=\"Tiempo de lectura\" \/>\n\t<meta name=\"twitter:data2\" content=\"3 minutos\" \/>\n<script type=\"application\/ld+json\" class=\"yoast-schema-graph\">{\"@context\":\"https:\/\/schema.org\",\"@graph\":[{\"@type\":\"Article\",\"@id\":\"https:\/\/lobosnews.com.ar\/index.php\/2026\/03\/08\/segunda-noche-consecutiva-de-protestas-contra-la-dictadura-cubana-los-gritos-de-libertad-se-extienden-en-plena-crisis\/#article\",\"isPartOf\":{\"@id\":\"https:\/\/lobosnews.com.ar\/index.php\/2026\/03\/08\/segunda-noche-consecutiva-de-protestas-contra-la-dictadura-cubana-los-gritos-de-libertad-se-extienden-en-plena-crisis\/\"},\"author\":{\"name\":\"admin\",\"@id\":\"https:\/\/lobosnews.com.ar\/#\/schema\/person\/232422a593d5c541dd9aef6aaed10943\"},\"headline\":\"Segunda noche consecutiva de protestas contra la dictadura cubana: los gritos de \u201clibertad\u201d se extienden en plena crisis\",\"datePublished\":\"2026-03-08T13:51:19+00:00\",\"dateModified\":\"2026-03-08T14:38:55+00:00\",\"mainEntityOfPage\":{\"@id\":\"https:\/\/lobosnews.com.ar\/index.php\/2026\/03\/08\/segunda-noche-consecutiva-de-protestas-contra-la-dictadura-cubana-los-gritos-de-libertad-se-extienden-en-plena-crisis\/\"},\"wordCount\":610,\"commentCount\":0,\"publisher\":{\"@id\":\"https:\/\/lobosnews.com.ar\/#organization\"},\"image\":{\"@id\":\"https:\/\/lobosnews.com.ar\/index.php\/2026\/03\/08\/segunda-noche-consecutiva-de-protestas-contra-la-dictadura-cubana-los-gritos-de-libertad-se-extienden-en-plena-crisis\/#primaryimage\"},\"thumbnailUrl\":\"https:\/\/lobosnews.com.ar\/wp-content\/uploads\/2026\/03\/segunda-noche-consecutiva-de-protestas-contra-la-dictadura-cubana-los-gritos-de-libertad-se-extienden-en-plena-crisis-scaled.jpg\",\"articleSection\":[\"Actualidad\"],\"inLanguage\":\"es\",\"potentialAction\":[{\"@type\":\"CommentAction\",\"name\":\"Comment\",\"target\":[\"https:\/\/lobosnews.com.ar\/index.php\/2026\/03\/08\/segunda-noche-consecutiva-de-protestas-contra-la-dictadura-cubana-los-gritos-de-libertad-se-extienden-en-plena-crisis\/#respond\"]}]},{\"@type\":\"WebPage\",\"@id\":\"https:\/\/lobosnews.com.ar\/index.php\/2026\/03\/08\/segunda-noche-consecutiva-de-protestas-contra-la-dictadura-cubana-los-gritos-de-libertad-se-extienden-en-plena-crisis\/\",\"url\":\"https:\/\/lobosnews.com.ar\/index.php\/2026\/03\/08\/segunda-noche-consecutiva-de-protestas-contra-la-dictadura-cubana-los-gritos-de-libertad-se-extienden-en-plena-crisis\/\",\"name\":\"Segunda noche consecutiva de protestas contra la dictadura cubana: los gritos de \u201clibertad\u201d se extienden en plena crisis - Lobos News\",\"isPartOf\":{\"@id\":\"https:\/\/lobosnews.com.ar\/#website\"},\"primaryImageOfPage\":{\"@id\":\"https:\/\/lobosnews.com.ar\/index.php\/2026\/03\/08\/segunda-noche-consecutiva-de-protestas-contra-la-dictadura-cubana-los-gritos-de-libertad-se-extienden-en-plena-crisis\/#primaryimage\"},\"image\":{\"@id\":\"https:\/\/lobosnews.com.ar\/index.php\/2026\/03\/08\/segunda-noche-consecutiva-de-protestas-contra-la-dictadura-cubana-los-gritos-de-libertad-se-extienden-en-plena-crisis\/#primaryimage\"},\"thumbnailUrl\":\"https:\/\/lobosnews.com.ar\/wp-content\/uploads\/2026\/03\/segunda-noche-consecutiva-de-protestas-contra-la-dictadura-cubana-los-gritos-de-libertad-se-extienden-en-plena-crisis-scaled.jpg\",\"datePublished\":\"2026-03-08T13:51:19+00:00\",\"dateModified\":\"2026-03-08T14:38:55+00:00\",\"breadcrumb\":{\"@id\":\"https:\/\/lobosnews.com.ar\/index.php\/2026\/03\/08\/segunda-noche-consecutiva-de-protestas-contra-la-dictadura-cubana-los-gritos-de-libertad-se-extienden-en-plena-crisis\/#breadcrumb\"},\"inLanguage\":\"es\",\"potentialAction\":[{\"@type\":\"ReadAction\",\"target\":[\"https:\/\/lobosnews.com.ar\/index.php\/2026\/03\/08\/segunda-noche-consecutiva-de-protestas-contra-la-dictadura-cubana-los-gritos-de-libertad-se-extienden-en-plena-crisis\/\"]}]},{\"@type\":\"ImageObject\",\"inLanguage\":\"es\",\"@id\":\"https:\/\/lobosnews.com.ar\/index.php\/2026\/03\/08\/segunda-noche-consecutiva-de-protestas-contra-la-dictadura-cubana-los-gritos-de-libertad-se-extienden-en-plena-crisis\/#primaryimage\",\"url\":\"https:\/\/lobosnews.com.ar\/wp-content\/uploads\/2026\/03\/segunda-noche-consecutiva-de-protestas-contra-la-dictadura-cubana-los-gritos-de-libertad-se-extienden-en-plena-crisis-scaled.jpg\",\"contentUrl\":\"https:\/\/lobosnews.com.ar\/wp-content\/uploads\/2026\/03\/segunda-noche-consecutiva-de-protestas-contra-la-dictadura-cubana-los-gritos-de-libertad-se-extienden-en-plena-crisis-scaled.jpg\",\"width\":2560,\"height\":1706,\"caption\":\"Segunda noche consecutiva de protestas contra la dictadura cubana: los gritos de \u201clibertad\u201d se extienden en plena crisis\"},{\"@type\":\"BreadcrumbList\",\"@id\":\"https:\/\/lobosnews.com.ar\/index.php\/2026\/03\/08\/segunda-noche-consecutiva-de-protestas-contra-la-dictadura-cubana-los-gritos-de-libertad-se-extienden-en-plena-crisis\/#breadcrumb\",\"itemListElement\":[{\"@type\":\"ListItem\",\"position\":1,\"name\":\"Portada\",\"item\":\"https:\/\/lobosnews.com.ar\/\"},{\"@type\":\"ListItem\",\"position\":2,\"name\":\"Segunda noche consecutiva de protestas contra la dictadura cubana: los gritos de \u201clibertad\u201d se extienden en plena crisis\"}]},{\"@type\":\"WebSite\",\"@id\":\"https:\/\/lobosnews.com.ar\/#website\",\"url\":\"https:\/\/lobosnews.com.ar\/\",\"name\":\"Lobos News\",\"description\":\"Informaci\u00f3n a cada instante\",\"publisher\":{\"@id\":\"https:\/\/lobosnews.com.ar\/#organization\"},\"potentialAction\":[{\"@type\":\"SearchAction\",\"target\":{\"@type\":\"EntryPoint\",\"urlTemplate\":\"https:\/\/lobosnews.com.ar\/?s={search_term_string}\"},\"query-input\":{\"@type\":\"PropertyValueSpecification\",\"valueRequired\":true,\"valueName\":\"search_term_string\"}}],\"inLanguage\":\"es\"},{\"@type\":\"Organization\",\"@id\":\"https:\/\/lobosnews.com.ar\/#organization\",\"name\":\"Lobos News\",\"url\":\"https:\/\/lobosnews.com.ar\/\",\"logo\":{\"@type\":\"ImageObject\",\"inLanguage\":\"es\",\"@id\":\"https:\/\/lobosnews.com.ar\/#\/schema\/logo\/image\/\",\"url\":\"https:\/\/lobosnews.com.ar\/wp-content\/uploads\/2026\/01\/logo-lobosnews.png\",\"contentUrl\":\"https:\/\/lobosnews.com.ar\/wp-content\/uploads\/2026\/01\/logo-lobosnews.png\",\"width\":500,\"height\":200,\"caption\":\"Lobos News\"},\"image\":{\"@id\":\"https:\/\/lobosnews.com.ar\/#\/schema\/logo\/image\/\"}},{\"@type\":\"Person\",\"@id\":\"https:\/\/lobosnews.com.ar\/#\/schema\/person\/232422a593d5c541dd9aef6aaed10943\",\"name\":\"admin\",\"image\":{\"@type\":\"ImageObject\",\"inLanguage\":\"es\",\"@id\":\"https:\/\/lobosnews.com.ar\/#\/schema\/person\/image\/\",\"url\":\"https:\/\/secure.gravatar.com\/avatar\/76e419471a2083bc3ceab22a763dbbf9b0c1bd15a6214cf3280e2c2dde4580f9?s=96&d=mm&r=g\",\"contentUrl\":\"https:\/\/secure.gravatar.com\/avatar\/76e419471a2083bc3ceab22a763dbbf9b0c1bd15a6214cf3280e2c2dde4580f9?s=96&d=mm&r=g\",\"caption\":\"admin\"},\"sameAs\":[\"https:\/\/lobosnews.com.ar\"],\"url\":\"https:\/\/lobosnews.com.ar\/index.php\/author\/lobos-news\/\"}]}<\/script>\n<!-- \/ Yoast SEO plugin. -->","yoast_head_json":{"title":"Segunda noche consecutiva de protestas contra la dictadura cubana: los gritos de \u201clibertad\u201d se extienden en plena crisis - Lobos News","robots":{"index":"index","follow":"follow","max-snippet":"max-snippet:-1","max-image-preview":"max-image-preview:large","max-video-preview":"max-video-preview:-1"},"canonical":"https:\/\/lobosnews.com.ar\/index.php\/2026\/03\/08\/segunda-noche-consecutiva-de-protestas-contra-la-dictadura-cubana-los-gritos-de-libertad-se-extienden-en-plena-crisis\/","og_locale":"es_ES","og_type":"article","og_title":"Segunda noche consecutiva de protestas contra la dictadura cubana: los gritos de \u201clibertad\u201d se extienden en plena crisis - Lobos News","og_description":"Por segunda noche consecutiva, los cubanos salieron a las calles este s\u00e1bado en al menos 10 a 15 municipios de La Habana y sus alrededores para protestar contra los extensos apagones y exigir el fin del r\u00e9gimen comunista, en lo que constituye una de las oleadas de manifestaciones m\u00e1s extendidas en la isla en los...","og_url":"https:\/\/lobosnews.com.ar\/index.php\/2026\/03\/08\/segunda-noche-consecutiva-de-protestas-contra-la-dictadura-cubana-los-gritos-de-libertad-se-extienden-en-plena-crisis\/","og_site_name":"Lobos News","article_published_time":"2026-03-08T13:51:19+00:00","article_modified_time":"2026-03-08T14:38:55+00:00","og_image":[{"url":"https:\/\/lobosnews.com.ar\/wp-content\/uploads\/2026\/03\/segunda-noche-consecutiva-de-protestas-contra-la-dictadura-cubana-los-gritos-de-libertad-se-extienden-en-plena-crisis.jpg","type":"","width":"","height":""}],"author":"admin","twitter_card":"summary_large_image","twitter_misc":{"Escrito por":"admin","Tiempo de lectura":"3 minutos"},"schema":{"@context":"https:\/\/schema.org","@graph":[{"@type":"Article","@id":"https:\/\/lobosnews.com.ar\/index.php\/2026\/03\/08\/segunda-noche-consecutiva-de-protestas-contra-la-dictadura-cubana-los-gritos-de-libertad-se-extienden-en-plena-crisis\/#article","isPartOf":{"@id":"https:\/\/lobosnews.com.ar\/index.php\/2026\/03\/08\/segunda-noche-consecutiva-de-protestas-contra-la-dictadura-cubana-los-gritos-de-libertad-se-extienden-en-plena-crisis\/"},"author":{"name":"admin","@id":"https:\/\/lobosnews.com.ar\/#\/schema\/person\/232422a593d5c541dd9aef6aaed10943"},"headline":"Segunda noche consecutiva de protestas contra la dictadura cubana: los gritos de \u201clibertad\u201d se extienden en plena crisis","datePublished":"2026-03-08T13:51:19+00:00","dateModified":"2026-03-08T14:38:55+00:00","mainEntityOfPage":{"@id":"https:\/\/lobosnews.com.ar\/index.php\/2026\/03\/08\/segunda-noche-consecutiva-de-protestas-contra-la-dictadura-cubana-los-gritos-de-libertad-se-extienden-en-plena-crisis\/"},"wordCount":610,"commentCount":0,"publisher":{"@id":"https:\/\/lobosnews.com.ar\/#organization"},"image":{"@id":"https:\/\/lobosnews.com.ar\/index.php\/2026\/03\/08\/segunda-noche-consecutiva-de-protestas-contra-la-dictadura-cubana-los-gritos-de-libertad-se-extienden-en-plena-crisis\/#primaryimage"},"thumbnailUrl":"https:\/\/lobosnews.com.ar\/wp-content\/uploads\/2026\/03\/segunda-noche-consecutiva-de-protestas-contra-la-dictadura-cubana-los-gritos-de-libertad-se-extienden-en-plena-crisis-scaled.jpg","articleSection":["Actualidad"],"inLanguage":"es","potentialAction":[{"@type":"CommentAction","name":"Comment","target":["https:\/\/lobosnews.com.ar\/index.php\/2026\/03\/08\/segunda-noche-consecutiva-de-protestas-contra-la-dictadura-cubana-los-gritos-de-libertad-se-extienden-en-plena-crisis\/#respond"]}]},{"@type":"WebPage","@id":"https:\/\/lobosnews.com.ar\/index.php\/2026\/03\/08\/segunda-noche-consecutiva-de-protestas-contra-la-dictadura-cubana-los-gritos-de-libertad-se-extienden-en-plena-crisis\/","url":"https:\/\/lobosnews.com.ar\/index.php\/2026\/03\/08\/segunda-noche-consecutiva-de-protestas-contra-la-dictadura-cubana-los-gritos-de-libertad-se-extienden-en-plena-crisis\/","name":"Segunda noche consecutiva de protestas contra la dictadura cubana: los gritos de \u201clibertad\u201d se extienden en plena crisis - Lobos News","isPartOf":{"@id":"https:\/\/lobosnews.com.ar\/#website"},"primaryImageOfPage":{"@id":"https:\/\/lobosnews.com.ar\/index.php\/2026\/03\/08\/segunda-noche-consecutiva-de-protestas-contra-la-dictadura-cubana-los-gritos-de-libertad-se-extienden-en-plena-crisis\/#primaryimage"},"image":{"@id":"https:\/\/lobosnews.com.ar\/index.php\/2026\/03\/08\/segunda-noche-consecutiva-de-protestas-contra-la-dictadura-cubana-los-gritos-de-libertad-se-extienden-en-plena-crisis\/#primaryimage"},"thumbnailUrl":"https:\/\/lobosnews.com.ar\/wp-content\/uploads\/2026\/03\/segunda-noche-consecutiva-de-protestas-contra-la-dictadura-cubana-los-gritos-de-libertad-se-extienden-en-plena-crisis-scaled.jpg","datePublished":"2026-03-08T13:51:19+00:00","dateModified":"2026-03-08T14:38:55+00:00","breadcrumb":{"@id":"https:\/\/lobosnews.com.ar\/index.php\/2026\/03\/08\/segunda-noche-consecutiva-de-protestas-contra-la-dictadura-cubana-los-gritos-de-libertad-se-extienden-en-plena-crisis\/#breadcrumb"},"inLanguage":"es","potentialAction":[{"@type":"ReadAction","target":["https:\/\/lobosnews.com.ar\/index.php\/2026\/03\/08\/segunda-noche-consecutiva-de-protestas-contra-la-dictadura-cubana-los-gritos-de-libertad-se-extienden-en-plena-crisis\/"]}]},{"@type":"ImageObject","inLanguage":"es","@id":"https:\/\/lobosnews.com.ar\/index.php\/2026\/03\/08\/segunda-noche-consecutiva-de-protestas-contra-la-dictadura-cubana-los-gritos-de-libertad-se-extienden-en-plena-crisis\/#primaryimage","url":"https:\/\/lobosnews.com.ar\/wp-content\/uploads\/2026\/03\/segunda-noche-consecutiva-de-protestas-contra-la-dictadura-cubana-los-gritos-de-libertad-se-extienden-en-plena-crisis-scaled.jpg","contentUrl":"https:\/\/lobosnews.com.ar\/wp-content\/uploads\/2026\/03\/segunda-noche-consecutiva-de-protestas-contra-la-dictadura-cubana-los-gritos-de-libertad-se-extienden-en-plena-crisis-scaled.jpg","width":2560,"height":1706,"caption":"Segunda noche consecutiva de protestas contra la dictadura cubana: los gritos de \u201clibertad\u201d se extienden en plena crisis"},{"@type":"BreadcrumbList","@id":"https:\/\/lobosnews.com.ar\/index.php\/2026\/03\/08\/segunda-noche-consecutiva-de-protestas-contra-la-dictadura-cubana-los-gritos-de-libertad-se-extienden-en-plena-crisis\/#breadcrumb","itemListElement":[{"@type":"ListItem","position":1,"name":"Portada","item":"https:\/\/lobosnews.com.ar\/"},{"@type":"ListItem","position":2,"name":"Segunda noche consecutiva de protestas contra la dictadura cubana: los gritos de \u201clibertad\u201d se extienden en plena crisis"}]},{"@type":"WebSite","@id":"https:\/\/lobosnews.com.ar\/#website","url":"https:\/\/lobosnews.com.ar\/","name":"Lobos News","description":"Informaci\u00f3n a cada instante","publisher":{"@id":"https:\/\/lobosnews.com.ar\/#organization"},"potentialAction":[{"@type":"SearchAction","target":{"@type":"EntryPoint","urlTemplate":"https:\/\/lobosnews.com.ar\/?s={search_term_string}"},"query-input":{"@type":"PropertyValueSpecification","valueRequired":true,"valueName":"search_term_string"}}],"inLanguage":"es"},{"@type":"Organization","@id":"https:\/\/lobosnews.com.ar\/#organization","name":"Lobos News","url":"https:\/\/lobosnews.com.ar\/","logo":{"@type":"ImageObject","inLanguage":"es","@id":"https:\/\/lobosnews.com.ar\/#\/schema\/logo\/image\/","url":"https:\/\/lobosnews.com.ar\/wp-content\/uploads\/2026\/01\/logo-lobosnews.png","contentUrl":"https:\/\/lobosnews.com.ar\/wp-content\/uploads\/2026\/01\/logo-lobosnews.png","width":500,"height":200,"caption":"Lobos News"},"image":{"@id":"https:\/\/lobosnews.com.ar\/#\/schema\/logo\/image\/"}},{"@type":"Person","@id":"https:\/\/lobosnews.com.ar\/#\/schema\/person\/232422a593d5c541dd9aef6aaed10943","name":"admin","image":{"@type":"ImageObject","inLanguage":"es","@id":"https:\/\/lobosnews.com.ar\/#\/schema\/person\/image\/","url":"https:\/\/secure.gravatar.com\/avatar\/76e419471a2083bc3ceab22a763dbbf9b0c1bd15a6214cf3280e2c2dde4580f9?s=96&d=mm&r=g","contentUrl":"https:\/\/secure.gravatar.com\/avatar\/76e419471a2083bc3ceab22a763dbbf9b0c1bd15a6214cf3280e2c2dde4580f9?s=96&d=mm&r=g","caption":"admin"},"sameAs":["https:\/\/lobosnews.com.ar"],"url":"https:\/\/lobosnews.com.ar\/index.php\/author\/lobos-news\/"}]}},"jetpack_featured_media_url":"https:\/\/lobosnews.com.ar\/wp-content\/uploads\/2026\/03\/segunda-noche-consecutiva-de-protestas-contra-la-dictadura-cubana-los-gritos-de-libertad-se-extienden-en-plena-crisis-scaled.jpg","jetpack_sharing_enabled":true,"_links":{"self":[{"href":"https:\/\/lobosnews.com.ar\/index.php\/wp-json\/wp\/v2\/posts\/30777","targetHints":{"allow":["GET"]}}],"collection":[{"href":"https:\/\/lobosnews.com.ar\/index.php\/wp-json\/wp\/v2\/posts"}],"about":[{"href":"https:\/\/lobosnews.com.ar\/index.php\/wp-json\/wp\/v2\/types\/post"}],"author":[{"embeddable":true,"href":"https:\/\/lobosnews.com.ar\/index.php\/wp-json\/wp\/v2\/users\/1"}],"replies":[{"embeddable":true,"href":"https:\/\/lobosnews.com.ar\/index.php\/wp-json\/wp\/v2\/comments?post=30777"}],"version-history":[{"count":1,"href":"https:\/\/lobosnews.com.ar\/index.php\/wp-json\/wp\/v2\/posts\/30777\/revisions"}],"predecessor-version":[{"id":30779,"href":"https:\/\/lobosnews.com.ar\/index.php\/wp-json\/wp\/v2\/posts\/30777\/revisions\/30779"}],"wp:featuredmedia":[{"embeddable":true,"href":"https:\/\/lobosnews.com.ar\/index.php\/wp-json\/wp\/v2\/media\/30780"}],"wp:attachment":[{"href":"https:\/\/lobosnews.com.ar\/index.php\/wp-json\/wp\/v2\/media?parent=30777"}],"wp:term":[{"taxonomy":"category","embeddable":true,"href":"https:\/\/lobosnews.com.ar\/index.php\/wp-json\/wp\/v2\/categories?post=30777"},{"taxonomy":"post_tag","embeddable":true,"href":"https:\/\/lobosnews.com.ar\/index.php\/wp-json\/wp\/v2\/tags?post=30777"}],"curies":[{"name":"wp","href":"https:\/\/api.w.org\/{rel}","templated":true}]}}