{"id":30773,"date":"2026-03-08T11:19:54","date_gmt":"2026-03-08T11:19:54","guid":{"rendered":"https:\/\/lobosnews.com.ar\/index.php\/2026\/03\/08\/los-dardos-de-norris-y-verstappen-a-la-formula-1-por-el-nuevo-reglamento-tras-la-primera-carrera-de-2026-hay-un-limite\/"},"modified":"2026-03-08T14:25:07","modified_gmt":"2026-03-08T14:25:07","slug":"los-dardos-de-norris-y-verstappen-a-la-formula-1-por-el-nuevo-reglamento-tras-la-primera-carrera-de-2026-hay-un-limite","status":"publish","type":"post","link":"https:\/\/lobosnews.com.ar\/index.php\/2026\/03\/08\/los-dardos-de-norris-y-verstappen-a-la-formula-1-por-el-nuevo-reglamento-tras-la-primera-carrera-de-2026-hay-un-limite\/","title":{"rendered":"Los dardos de Norris y Verstappen a la F\u00f3rmula 1 por el nuevo reglamento tras la primera carrera de 2026: \u201cHay un l\u00edmite\u201d"},"content":{"rendered":"<p><img loading=\"lazy\" decoding=\"async\" src=\"https:\/\/lobosnews.com.ar\/wp-content\/uploads\/2026\/03\/los-dardos-de-norris-y-verstappen-a-la-formula-1-por-el-nuevo-reglamento-tras-la-primera-carrera-de-2026-hay-un-limite.jpg\" alt=\"Verstappen y Lando Norris hablaron de las nuevas reglas (Reuters)\" height=\"5264\" width=\"7724\"\/><\/p>\n<p>La temporada 2026 de la <b>F\u00f3rmula 1<\/b> arranc\u00f3 bajo una fuerte pol\u00e9mica, con las cr\u00edticas p\u00fablicas de dos de sus principales figuras, <b>Max Verstappen<\/b> y <b>Lando Norris<\/b>, hacia<b> el nuevo reglamento t\u00e9cnico impuesto por la FIA<\/b>. Ambos pilotos expresaron su preocupaci\u00f3n por el rumbo que est\u00e1 tomando la categor\u00eda y se\u00f1alaron los<b> riesgos y dificultades <\/b>que, seg\u00fan ellos, provocan las recientes modificaciones en el chasis y la unidad de potencia, especialmente por la mayor dependencia de la energ\u00eda el\u00e9ctrica durante los grandes premios.<\/p>\n<p><b>Verstappen<\/b> se mostr\u00f3 particularmente duro con el nuevo reglamento, al que calific\u00f3 de \u201cantirracero\u201d y compar\u00f3 con la <b>F\u00f3rmula E<\/b>. El piloto neerland\u00e9s de <b>Red Bull Racing<\/b> sostuvo que <b>la gesti\u00f3n de la bater\u00eda se volvi\u00f3 un factor determinante en la competencia<\/b>, obligando a los corredores a emplear t\u00e9cnicas que considera ajenas al esp\u00edritu de la disciplina. \u201cMe encanta correr, pero hay un l\u00edmite\u201d, afirm\u00f3 Verstappen en di\u00e1logo con la prensa, citado por <i>Motorsport<\/i>. \u201cS\u00e9 que est\u00e1n dispuestos a escuchar, la FIA y la F1, pero solo espero que se tomen medidas, porque <b>no soy el \u00fanico que lo dice<\/b>, hay mucha gente que opina lo mismo\u201d.<\/p>\n<p>El cuatro veces campe\u00f3n mundial remarc\u00f3 que tanto los pilotos como los aficionados buscan preservar la esencia de la categor\u00eda. \u201cNo es que seamos cr\u00edticos por ser cr\u00edticos. <b>Somos cr\u00edticos por una raz\u00f3n, queremos que sea F\u00f3rmula 1<\/b>, ya sabes, la aut\u00e9ntica F\u00f3rmula 1 con esteroides. Hoy, una vez m\u00e1s, no ha sido as\u00ed\u201d.<\/p>\n<p>Durante el fin de semana en <b>Melbourne<\/b>, <b>Verstappen<\/b> advirti\u00f3 que los cambios introducidos requieren m\u00e1s que simples retoques. <b>\u201cDe lo que deber\u00edan preocuparse es de las reglas, que se centren en eso\u201d<\/b>, se\u00f1al\u00f3 el piloto de <b>Red Bull<\/b>. \u201cMe hacen preguntas y yo doy mi opini\u00f3n sobre lo que me gustar\u00eda ver y lo que creo que es mejor para el deporte, porque me importa, me encanta correr y quiero que sea mejor que esto, \u00bfno? As\u00ed que veamos qu\u00e9 podemos hacer. Espero que, incluso durante este a\u00f1o, podamos encontrar algunas soluciones diferentes para que sea m\u00e1s agradable para todos\u201d. <\/p>\n<p><img loading=\"lazy\" decoding=\"async\" src=\"https:\/\/lobosnews.com.ar\/wp-content\/uploads\/2026\/03\/los-dardos-de-norris-y-verstappen-a-la-formula-1-por-el-nuevo-reglamento-tras-la-primera-carrera-de-2026-hay-un-limite-1.jpg\" alt=\"Lando Norris culmin\u00f3 en la quinta posici\u00f3n (Reuters)\" height=\"2540\" width=\"3811\"\/><\/p>\n<p>Por su parte, <b>Lando Norris<\/b>, piloto brit\u00e1nico de <b>McLaren<\/b>, se sum\u00f3 a las cr\u00edticas y calific\u00f3 el nuevo reglamento como <b>\u201cmuy artificial\u201d.<\/b> Seg\u00fan declaraciones recogidas por el citado medio especializado, Norris consider\u00f3 que las carreras <b>se han tornado m\u00e1s ca\u00f3ticas y peligrosas<\/b> a ra\u00edz de las modificaciones, especialmente tras el Gran Premio de Australia, donde termin\u00f3 en el quinto lugar. \u201cHemos pasado de tener los mejores autos de la historia a probablemente los peores\u201d, afirm\u00f3 Norris el s\u00e1bado previo a la carrera.<\/p>\n<p>El piloto de <b>McLaren<\/b> explic\u00f3 que ahora <b>la estrategia depende en gran medida de la gesti\u00f3n de la bater\u00eda<\/b>, lo que provoca situaciones impredecibles en pista. \u201cNo es una buena situaci\u00f3n, pero ahora mismo no podemos hacer nada al respecto. <b>Es una pena, es muy artificial,<\/b> depende de lo que la unidad de potencia decida hacer, y a veces lo hace de forma aleatoria. A veces te adelantan cinco coches o simplemente no puedes hacer nada\u201d, detall\u00f3.<\/p>\n<p>Una de las mayores preocupaciones de Norris reside en las velocidades de cierre. Seg\u00fan detall\u00f3 el piloto, si un corredor est\u00e1 consumiendo bater\u00eda, <b>el auto que le sigue puede reducir la distancia a mucha mayor velocidad<\/b>, incrementando el riesgo de accidentes graves. \u201cDependiendo de lo que haga la gente, se pueden alcanzar velocidades de 30, 40 o 50 km\/h. Cuando alguien choca a alguien a esa velocidad, sale volando, salta la valla y se hace mucho da\u00f1o, tanto a s\u00ed mismo como a otros. Es horrible pensar en eso\u201d.<\/p>\n<p>Tras la primera carrera de la temporada, que tuvo a George Russell como ganador, acompa\u00f1ado por Kimi Antonelli y Charles Leclerc en el podio, la <b>FIA a\u00fan no ha anunciado si tomar\u00e1 medidas<\/b> tras el reclamo de los pilotos, aunque la expectativa en el ambiente es alta ante la posibilidad de futuros ajustes en la reglamentaci\u00f3n.<\/p>\n","protected":false},"excerpt":{"rendered":"<p>La temporada 2026 de la F\u00f3rmula 1 arranc\u00f3 bajo una fuerte pol\u00e9mica, con las cr\u00edticas p\u00fablicas de dos de sus principales figuras, Max Verstappen y Lando Norris, hacia el nuevo reglamento t\u00e9cnico impuesto por la FIA. Ambos pilotos expresaron su preocupaci\u00f3n por el rumbo que est\u00e1 tomando la categor\u00eda y se\u00f1alaron los riesgos y dificultades&#8230;<\/p>\n","protected":false},"author":1,"featured_media":0,"comment_status":"open","ping_status":"closed","sticky":false,"template":"","format":"standard","meta":{"_jetpack_memberships_contains_paid_content":false,"footnotes":""},"categories":[30],"tags":[39],"class_list":["post-30773","post","type-post","status-publish","format-standard","hentry","category-argentina","tag-deportes"],"magazineBlocksPostFeaturedMedia":{"thumbnail":false,"medium":false,"medium_large":false,"large":false,"1536x1536":false,"2048x2048":false,"newsmatic-featured":false,"newsmatic-list":false,"newsmatic-thumb":false,"newsmatic-small":false,"newsmatic-grid":false},"magazineBlocksPostAuthor":{"name":"admin","avatar":"https:\/\/secure.gravatar.com\/avatar\/76e419471a2083bc3ceab22a763dbbf9b0c1bd15a6214cf3280e2c2dde4580f9?s=96&d=mm&r=g"},"magazineBlocksPostCommentsNumber":"0","magazineBlocksPostExcerpt":"La temporada 2026 de la F\u00f3rmula 1 arranc\u00f3 bajo una fuerte pol\u00e9mica, con las cr\u00edticas p\u00fablicas de dos de sus principales figuras, Max Verstappen y Lando Norris, hacia el nuevo reglamento t\u00e9cnico impuesto por la FIA. Ambos pilotos expresaron su preocupaci\u00f3n por el rumbo que est\u00e1 tomando la categor\u00eda y se\u00f1alaron los riesgos y dificultades...","magazineBlocksPostCategories":["Argentina"],"magazineBlocksPostViewCount":102,"magazineBlocksPostReadTime":4,"magazine_blocks_featured_image_url":{"full":false,"medium":false,"thumbnail":false},"magazine_blocks_author":{"display_name":"admin","author_link":"https:\/\/lobosnews.com.ar\/index.php\/author\/lobos-news\/"},"magazine_blocks_comment":0,"magazine_blocks_author_image":"https:\/\/secure.gravatar.com\/avatar\/76e419471a2083bc3ceab22a763dbbf9b0c1bd15a6214cf3280e2c2dde4580f9?s=96&d=mm&r=g","magazine_blocks_category":"<a href=\"#\" class=\"category-link category-link-30\">Argentina<\/a>","yoast_head":"<!-- This site is optimized with the Yoast SEO plugin v26.6 - https:\/\/yoast.com\/wordpress\/plugins\/seo\/ -->\n<title>Los dardos de Norris y Verstappen a la F\u00f3rmula 1 por el nuevo reglamento tras la primera carrera de 2026: \u201cHay un l\u00edmite\u201d - Lobos News<\/title>\n<meta name=\"robots\" content=\"index, follow, max-snippet:-1, max-image-preview:large, max-video-preview:-1\" \/>\n<link rel=\"canonical\" href=\"https:\/\/lobosnews.com.ar\/index.php\/2026\/03\/08\/los-dardos-de-norris-y-verstappen-a-la-formula-1-por-el-nuevo-reglamento-tras-la-primera-carrera-de-2026-hay-un-limite\/\" \/>\n<meta property=\"og:locale\" content=\"es_ES\" \/>\n<meta property=\"og:type\" content=\"article\" \/>\n<meta property=\"og:title\" content=\"Los dardos de Norris y Verstappen a la F\u00f3rmula 1 por el nuevo reglamento tras la primera carrera de 2026: \u201cHay un l\u00edmite\u201d - Lobos News\" \/>\n<meta property=\"og:description\" content=\"La temporada 2026 de la F\u00f3rmula 1 arranc\u00f3 bajo una fuerte pol\u00e9mica, con las cr\u00edticas p\u00fablicas de dos de sus principales figuras, Max Verstappen y Lando Norris, hacia el nuevo reglamento t\u00e9cnico impuesto por la FIA. Ambos pilotos expresaron su preocupaci\u00f3n por el rumbo que est\u00e1 tomando la categor\u00eda y se\u00f1alaron los riesgos y dificultades...\" \/>\n<meta property=\"og:url\" content=\"https:\/\/lobosnews.com.ar\/index.php\/2026\/03\/08\/los-dardos-de-norris-y-verstappen-a-la-formula-1-por-el-nuevo-reglamento-tras-la-primera-carrera-de-2026-hay-un-limite\/\" \/>\n<meta property=\"og:site_name\" content=\"Lobos News\" \/>\n<meta property=\"article:published_time\" content=\"2026-03-08T11:19:54+00:00\" \/>\n<meta property=\"article:modified_time\" content=\"2026-03-08T14:25:07+00:00\" \/>\n<meta property=\"og:image\" content=\"https:\/\/lobosnews.com.ar\/wp-content\/uploads\/2026\/03\/los-dardos-de-norris-y-verstappen-a-la-formula-1-por-el-nuevo-reglamento-tras-la-primera-carrera-de-2026-hay-un-limite.jpg\" \/>\n<meta name=\"author\" content=\"admin\" \/>\n<meta name=\"twitter:card\" content=\"summary_large_image\" \/>\n<meta name=\"twitter:label1\" content=\"Escrito por\" \/>\n\t<meta name=\"twitter:data1\" content=\"admin\" \/>\n\t<meta name=\"twitter:label2\" content=\"Tiempo de lectura\" \/>\n\t<meta name=\"twitter:data2\" content=\"3 minutos\" \/>\n<script type=\"application\/ld+json\" class=\"yoast-schema-graph\">{\"@context\":\"https:\/\/schema.org\",\"@graph\":[{\"@type\":\"Article\",\"@id\":\"https:\/\/lobosnews.com.ar\/index.php\/2026\/03\/08\/los-dardos-de-norris-y-verstappen-a-la-formula-1-por-el-nuevo-reglamento-tras-la-primera-carrera-de-2026-hay-un-limite\/#article\",\"isPartOf\":{\"@id\":\"https:\/\/lobosnews.com.ar\/index.php\/2026\/03\/08\/los-dardos-de-norris-y-verstappen-a-la-formula-1-por-el-nuevo-reglamento-tras-la-primera-carrera-de-2026-hay-un-limite\/\"},\"author\":{\"name\":\"admin\",\"@id\":\"https:\/\/lobosnews.com.ar\/#\/schema\/person\/232422a593d5c541dd9aef6aaed10943\"},\"headline\":\"Los dardos de Norris y Verstappen a la F\u00f3rmula 1 por el nuevo reglamento tras la primera carrera de 2026: \u201cHay un l\u00edmite\u201d\",\"datePublished\":\"2026-03-08T11:19:54+00:00\",\"dateModified\":\"2026-03-08T14:25:07+00:00\",\"mainEntityOfPage\":{\"@id\":\"https:\/\/lobosnews.com.ar\/index.php\/2026\/03\/08\/los-dardos-de-norris-y-verstappen-a-la-formula-1-por-el-nuevo-reglamento-tras-la-primera-carrera-de-2026-hay-un-limite\/\"},\"wordCount\":718,\"commentCount\":0,\"publisher\":{\"@id\":\"https:\/\/lobosnews.com.ar\/#organization\"},\"image\":{\"@id\":\"https:\/\/lobosnews.com.ar\/index.php\/2026\/03\/08\/los-dardos-de-norris-y-verstappen-a-la-formula-1-por-el-nuevo-reglamento-tras-la-primera-carrera-de-2026-hay-un-limite\/#primaryimage\"},\"thumbnailUrl\":\"https:\/\/lobosnews.com.ar\/wp-content\/uploads\/2026\/03\/los-dardos-de-norris-y-verstappen-a-la-formula-1-por-el-nuevo-reglamento-tras-la-primera-carrera-de-2026-hay-un-limite.jpg\",\"keywords\":[\"Deportes\"],\"articleSection\":[\"Argentina\"],\"inLanguage\":\"es\",\"potentialAction\":[{\"@type\":\"CommentAction\",\"name\":\"Comment\",\"target\":[\"https:\/\/lobosnews.com.ar\/index.php\/2026\/03\/08\/los-dardos-de-norris-y-verstappen-a-la-formula-1-por-el-nuevo-reglamento-tras-la-primera-carrera-de-2026-hay-un-limite\/#respond\"]}]},{\"@type\":\"WebPage\",\"@id\":\"https:\/\/lobosnews.com.ar\/index.php\/2026\/03\/08\/los-dardos-de-norris-y-verstappen-a-la-formula-1-por-el-nuevo-reglamento-tras-la-primera-carrera-de-2026-hay-un-limite\/\",\"url\":\"https:\/\/lobosnews.com.ar\/index.php\/2026\/03\/08\/los-dardos-de-norris-y-verstappen-a-la-formula-1-por-el-nuevo-reglamento-tras-la-primera-carrera-de-2026-hay-un-limite\/\",\"name\":\"Los dardos de Norris y Verstappen a la F\u00f3rmula 1 por el nuevo reglamento tras la primera carrera de 2026: \u201cHay un l\u00edmite\u201d - Lobos News\",\"isPartOf\":{\"@id\":\"https:\/\/lobosnews.com.ar\/#website\"},\"primaryImageOfPage\":{\"@id\":\"https:\/\/lobosnews.com.ar\/index.php\/2026\/03\/08\/los-dardos-de-norris-y-verstappen-a-la-formula-1-por-el-nuevo-reglamento-tras-la-primera-carrera-de-2026-hay-un-limite\/#primaryimage\"},\"image\":{\"@id\":\"https:\/\/lobosnews.com.ar\/index.php\/2026\/03\/08\/los-dardos-de-norris-y-verstappen-a-la-formula-1-por-el-nuevo-reglamento-tras-la-primera-carrera-de-2026-hay-un-limite\/#primaryimage\"},\"thumbnailUrl\":\"https:\/\/lobosnews.com.ar\/wp-content\/uploads\/2026\/03\/los-dardos-de-norris-y-verstappen-a-la-formula-1-por-el-nuevo-reglamento-tras-la-primera-carrera-de-2026-hay-un-limite.jpg\",\"datePublished\":\"2026-03-08T11:19:54+00:00\",\"dateModified\":\"2026-03-08T14:25:07+00:00\",\"breadcrumb\":{\"@id\":\"https:\/\/lobosnews.com.ar\/index.php\/2026\/03\/08\/los-dardos-de-norris-y-verstappen-a-la-formula-1-por-el-nuevo-reglamento-tras-la-primera-carrera-de-2026-hay-un-limite\/#breadcrumb\"},\"inLanguage\":\"es\",\"potentialAction\":[{\"@type\":\"ReadAction\",\"target\":[\"https:\/\/lobosnews.com.ar\/index.php\/2026\/03\/08\/los-dardos-de-norris-y-verstappen-a-la-formula-1-por-el-nuevo-reglamento-tras-la-primera-carrera-de-2026-hay-un-limite\/\"]}]},{\"@type\":\"ImageObject\",\"inLanguage\":\"es\",\"@id\":\"https:\/\/lobosnews.com.ar\/index.php\/2026\/03\/08\/los-dardos-de-norris-y-verstappen-a-la-formula-1-por-el-nuevo-reglamento-tras-la-primera-carrera-de-2026-hay-un-limite\/#primaryimage\",\"url\":\"https:\/\/lobosnews.com.ar\/wp-content\/uploads\/2026\/03\/los-dardos-de-norris-y-verstappen-a-la-formula-1-por-el-nuevo-reglamento-tras-la-primera-carrera-de-2026-hay-un-limite.jpg\",\"contentUrl\":\"https:\/\/lobosnews.com.ar\/wp-content\/uploads\/2026\/03\/los-dardos-de-norris-y-verstappen-a-la-formula-1-por-el-nuevo-reglamento-tras-la-primera-carrera-de-2026-hay-un-limite.jpg\"},{\"@type\":\"BreadcrumbList\",\"@id\":\"https:\/\/lobosnews.com.ar\/index.php\/2026\/03\/08\/los-dardos-de-norris-y-verstappen-a-la-formula-1-por-el-nuevo-reglamento-tras-la-primera-carrera-de-2026-hay-un-limite\/#breadcrumb\",\"itemListElement\":[{\"@type\":\"ListItem\",\"position\":1,\"name\":\"Portada\",\"item\":\"https:\/\/lobosnews.com.ar\/\"},{\"@type\":\"ListItem\",\"position\":2,\"name\":\"Los dardos de Norris y Verstappen a la F\u00f3rmula 1 por el nuevo reglamento tras la primera carrera de 2026: \u201cHay un l\u00edmite\u201d\"}]},{\"@type\":\"WebSite\",\"@id\":\"https:\/\/lobosnews.com.ar\/#website\",\"url\":\"https:\/\/lobosnews.com.ar\/\",\"name\":\"Lobos News\",\"description\":\"Informaci\u00f3n a cada instante\",\"publisher\":{\"@id\":\"https:\/\/lobosnews.com.ar\/#organization\"},\"potentialAction\":[{\"@type\":\"SearchAction\",\"target\":{\"@type\":\"EntryPoint\",\"urlTemplate\":\"https:\/\/lobosnews.com.ar\/?s={search_term_string}\"},\"query-input\":{\"@type\":\"PropertyValueSpecification\",\"valueRequired\":true,\"valueName\":\"search_term_string\"}}],\"inLanguage\":\"es\"},{\"@type\":\"Organization\",\"@id\":\"https:\/\/lobosnews.com.ar\/#organization\",\"name\":\"Lobos News\",\"url\":\"https:\/\/lobosnews.com.ar\/\",\"logo\":{\"@type\":\"ImageObject\",\"inLanguage\":\"es\",\"@id\":\"https:\/\/lobosnews.com.ar\/#\/schema\/logo\/image\/\",\"url\":\"https:\/\/lobosnews.com.ar\/wp-content\/uploads\/2026\/01\/logo-lobosnews.png\",\"contentUrl\":\"https:\/\/lobosnews.com.ar\/wp-content\/uploads\/2026\/01\/logo-lobosnews.png\",\"width\":500,\"height\":200,\"caption\":\"Lobos News\"},\"image\":{\"@id\":\"https:\/\/lobosnews.com.ar\/#\/schema\/logo\/image\/\"}},{\"@type\":\"Person\",\"@id\":\"https:\/\/lobosnews.com.ar\/#\/schema\/person\/232422a593d5c541dd9aef6aaed10943\",\"name\":\"admin\",\"image\":{\"@type\":\"ImageObject\",\"inLanguage\":\"es\",\"@id\":\"https:\/\/lobosnews.com.ar\/#\/schema\/person\/image\/\",\"url\":\"https:\/\/secure.gravatar.com\/avatar\/76e419471a2083bc3ceab22a763dbbf9b0c1bd15a6214cf3280e2c2dde4580f9?s=96&d=mm&r=g\",\"contentUrl\":\"https:\/\/secure.gravatar.com\/avatar\/76e419471a2083bc3ceab22a763dbbf9b0c1bd15a6214cf3280e2c2dde4580f9?s=96&d=mm&r=g\",\"caption\":\"admin\"},\"sameAs\":[\"https:\/\/lobosnews.com.ar\"],\"url\":\"https:\/\/lobosnews.com.ar\/index.php\/author\/lobos-news\/\"}]}<\/script>\n<!-- \/ Yoast SEO plugin. -->","yoast_head_json":{"title":"Los dardos de Norris y Verstappen a la F\u00f3rmula 1 por el nuevo reglamento tras la primera carrera de 2026: \u201cHay un l\u00edmite\u201d - Lobos News","robots":{"index":"index","follow":"follow","max-snippet":"max-snippet:-1","max-image-preview":"max-image-preview:large","max-video-preview":"max-video-preview:-1"},"canonical":"https:\/\/lobosnews.com.ar\/index.php\/2026\/03\/08\/los-dardos-de-norris-y-verstappen-a-la-formula-1-por-el-nuevo-reglamento-tras-la-primera-carrera-de-2026-hay-un-limite\/","og_locale":"es_ES","og_type":"article","og_title":"Los dardos de Norris y Verstappen a la F\u00f3rmula 1 por el nuevo reglamento tras la primera carrera de 2026: \u201cHay un l\u00edmite\u201d - Lobos News","og_description":"La temporada 2026 de la F\u00f3rmula 1 arranc\u00f3 bajo una fuerte pol\u00e9mica, con las cr\u00edticas p\u00fablicas de dos de sus principales figuras, Max Verstappen y Lando Norris, hacia el nuevo reglamento t\u00e9cnico impuesto por la FIA. Ambos pilotos expresaron su preocupaci\u00f3n por el rumbo que est\u00e1 tomando la categor\u00eda y se\u00f1alaron los riesgos y dificultades...","og_url":"https:\/\/lobosnews.com.ar\/index.php\/2026\/03\/08\/los-dardos-de-norris-y-verstappen-a-la-formula-1-por-el-nuevo-reglamento-tras-la-primera-carrera-de-2026-hay-un-limite\/","og_site_name":"Lobos News","article_published_time":"2026-03-08T11:19:54+00:00","article_modified_time":"2026-03-08T14:25:07+00:00","og_image":[{"url":"https:\/\/lobosnews.com.ar\/wp-content\/uploads\/2026\/03\/los-dardos-de-norris-y-verstappen-a-la-formula-1-por-el-nuevo-reglamento-tras-la-primera-carrera-de-2026-hay-un-limite.jpg","type":"","width":"","height":""}],"author":"admin","twitter_card":"summary_large_image","twitter_misc":{"Escrito por":"admin","Tiempo de lectura":"3 minutos"},"schema":{"@context":"https:\/\/schema.org","@graph":[{"@type":"Article","@id":"https:\/\/lobosnews.com.ar\/index.php\/2026\/03\/08\/los-dardos-de-norris-y-verstappen-a-la-formula-1-por-el-nuevo-reglamento-tras-la-primera-carrera-de-2026-hay-un-limite\/#article","isPartOf":{"@id":"https:\/\/lobosnews.com.ar\/index.php\/2026\/03\/08\/los-dardos-de-norris-y-verstappen-a-la-formula-1-por-el-nuevo-reglamento-tras-la-primera-carrera-de-2026-hay-un-limite\/"},"author":{"name":"admin","@id":"https:\/\/lobosnews.com.ar\/#\/schema\/person\/232422a593d5c541dd9aef6aaed10943"},"headline":"Los dardos de Norris y Verstappen a la F\u00f3rmula 1 por el nuevo reglamento tras la primera carrera de 2026: \u201cHay un l\u00edmite\u201d","datePublished":"2026-03-08T11:19:54+00:00","dateModified":"2026-03-08T14:25:07+00:00","mainEntityOfPage":{"@id":"https:\/\/lobosnews.com.ar\/index.php\/2026\/03\/08\/los-dardos-de-norris-y-verstappen-a-la-formula-1-por-el-nuevo-reglamento-tras-la-primera-carrera-de-2026-hay-un-limite\/"},"wordCount":718,"commentCount":0,"publisher":{"@id":"https:\/\/lobosnews.com.ar\/#organization"},"image":{"@id":"https:\/\/lobosnews.com.ar\/index.php\/2026\/03\/08\/los-dardos-de-norris-y-verstappen-a-la-formula-1-por-el-nuevo-reglamento-tras-la-primera-carrera-de-2026-hay-un-limite\/#primaryimage"},"thumbnailUrl":"https:\/\/lobosnews.com.ar\/wp-content\/uploads\/2026\/03\/los-dardos-de-norris-y-verstappen-a-la-formula-1-por-el-nuevo-reglamento-tras-la-primera-carrera-de-2026-hay-un-limite.jpg","keywords":["Deportes"],"articleSection":["Argentina"],"inLanguage":"es","potentialAction":[{"@type":"CommentAction","name":"Comment","target":["https:\/\/lobosnews.com.ar\/index.php\/2026\/03\/08\/los-dardos-de-norris-y-verstappen-a-la-formula-1-por-el-nuevo-reglamento-tras-la-primera-carrera-de-2026-hay-un-limite\/#respond"]}]},{"@type":"WebPage","@id":"https:\/\/lobosnews.com.ar\/index.php\/2026\/03\/08\/los-dardos-de-norris-y-verstappen-a-la-formula-1-por-el-nuevo-reglamento-tras-la-primera-carrera-de-2026-hay-un-limite\/","url":"https:\/\/lobosnews.com.ar\/index.php\/2026\/03\/08\/los-dardos-de-norris-y-verstappen-a-la-formula-1-por-el-nuevo-reglamento-tras-la-primera-carrera-de-2026-hay-un-limite\/","name":"Los dardos de Norris y Verstappen a la F\u00f3rmula 1 por el nuevo reglamento tras la primera carrera de 2026: \u201cHay un l\u00edmite\u201d - Lobos News","isPartOf":{"@id":"https:\/\/lobosnews.com.ar\/#website"},"primaryImageOfPage":{"@id":"https:\/\/lobosnews.com.ar\/index.php\/2026\/03\/08\/los-dardos-de-norris-y-verstappen-a-la-formula-1-por-el-nuevo-reglamento-tras-la-primera-carrera-de-2026-hay-un-limite\/#primaryimage"},"image":{"@id":"https:\/\/lobosnews.com.ar\/index.php\/2026\/03\/08\/los-dardos-de-norris-y-verstappen-a-la-formula-1-por-el-nuevo-reglamento-tras-la-primera-carrera-de-2026-hay-un-limite\/#primaryimage"},"thumbnailUrl":"https:\/\/lobosnews.com.ar\/wp-content\/uploads\/2026\/03\/los-dardos-de-norris-y-verstappen-a-la-formula-1-por-el-nuevo-reglamento-tras-la-primera-carrera-de-2026-hay-un-limite.jpg","datePublished":"2026-03-08T11:19:54+00:00","dateModified":"2026-03-08T14:25:07+00:00","breadcrumb":{"@id":"https:\/\/lobosnews.com.ar\/index.php\/2026\/03\/08\/los-dardos-de-norris-y-verstappen-a-la-formula-1-por-el-nuevo-reglamento-tras-la-primera-carrera-de-2026-hay-un-limite\/#breadcrumb"},"inLanguage":"es","potentialAction":[{"@type":"ReadAction","target":["https:\/\/lobosnews.com.ar\/index.php\/2026\/03\/08\/los-dardos-de-norris-y-verstappen-a-la-formula-1-por-el-nuevo-reglamento-tras-la-primera-carrera-de-2026-hay-un-limite\/"]}]},{"@type":"ImageObject","inLanguage":"es","@id":"https:\/\/lobosnews.com.ar\/index.php\/2026\/03\/08\/los-dardos-de-norris-y-verstappen-a-la-formula-1-por-el-nuevo-reglamento-tras-la-primera-carrera-de-2026-hay-un-limite\/#primaryimage","url":"https:\/\/lobosnews.com.ar\/wp-content\/uploads\/2026\/03\/los-dardos-de-norris-y-verstappen-a-la-formula-1-por-el-nuevo-reglamento-tras-la-primera-carrera-de-2026-hay-un-limite.jpg","contentUrl":"https:\/\/lobosnews.com.ar\/wp-content\/uploads\/2026\/03\/los-dardos-de-norris-y-verstappen-a-la-formula-1-por-el-nuevo-reglamento-tras-la-primera-carrera-de-2026-hay-un-limite.jpg"},{"@type":"BreadcrumbList","@id":"https:\/\/lobosnews.com.ar\/index.php\/2026\/03\/08\/los-dardos-de-norris-y-verstappen-a-la-formula-1-por-el-nuevo-reglamento-tras-la-primera-carrera-de-2026-hay-un-limite\/#breadcrumb","itemListElement":[{"@type":"ListItem","position":1,"name":"Portada","item":"https:\/\/lobosnews.com.ar\/"},{"@type":"ListItem","position":2,"name":"Los dardos de Norris y Verstappen a la F\u00f3rmula 1 por el nuevo reglamento tras la primera carrera de 2026: \u201cHay un l\u00edmite\u201d"}]},{"@type":"WebSite","@id":"https:\/\/lobosnews.com.ar\/#website","url":"https:\/\/lobosnews.com.ar\/","name":"Lobos News","description":"Informaci\u00f3n a cada instante","publisher":{"@id":"https:\/\/lobosnews.com.ar\/#organization"},"potentialAction":[{"@type":"SearchAction","target":{"@type":"EntryPoint","urlTemplate":"https:\/\/lobosnews.com.ar\/?s={search_term_string}"},"query-input":{"@type":"PropertyValueSpecification","valueRequired":true,"valueName":"search_term_string"}}],"inLanguage":"es"},{"@type":"Organization","@id":"https:\/\/lobosnews.com.ar\/#organization","name":"Lobos News","url":"https:\/\/lobosnews.com.ar\/","logo":{"@type":"ImageObject","inLanguage":"es","@id":"https:\/\/lobosnews.com.ar\/#\/schema\/logo\/image\/","url":"https:\/\/lobosnews.com.ar\/wp-content\/uploads\/2026\/01\/logo-lobosnews.png","contentUrl":"https:\/\/lobosnews.com.ar\/wp-content\/uploads\/2026\/01\/logo-lobosnews.png","width":500,"height":200,"caption":"Lobos News"},"image":{"@id":"https:\/\/lobosnews.com.ar\/#\/schema\/logo\/image\/"}},{"@type":"Person","@id":"https:\/\/lobosnews.com.ar\/#\/schema\/person\/232422a593d5c541dd9aef6aaed10943","name":"admin","image":{"@type":"ImageObject","inLanguage":"es","@id":"https:\/\/lobosnews.com.ar\/#\/schema\/person\/image\/","url":"https:\/\/secure.gravatar.com\/avatar\/76e419471a2083bc3ceab22a763dbbf9b0c1bd15a6214cf3280e2c2dde4580f9?s=96&d=mm&r=g","contentUrl":"https:\/\/secure.gravatar.com\/avatar\/76e419471a2083bc3ceab22a763dbbf9b0c1bd15a6214cf3280e2c2dde4580f9?s=96&d=mm&r=g","caption":"admin"},"sameAs":["https:\/\/lobosnews.com.ar"],"url":"https:\/\/lobosnews.com.ar\/index.php\/author\/lobos-news\/"}]}},"jetpack_featured_media_url":"","jetpack_sharing_enabled":true,"_links":{"self":[{"href":"https:\/\/lobosnews.com.ar\/index.php\/wp-json\/wp\/v2\/posts\/30773","targetHints":{"allow":["GET"]}}],"collection":[{"href":"https:\/\/lobosnews.com.ar\/index.php\/wp-json\/wp\/v2\/posts"}],"about":[{"href":"https:\/\/lobosnews.com.ar\/index.php\/wp-json\/wp\/v2\/types\/post"}],"author":[{"embeddable":true,"href":"https:\/\/lobosnews.com.ar\/index.php\/wp-json\/wp\/v2\/users\/1"}],"replies":[{"embeddable":true,"href":"https:\/\/lobosnews.com.ar\/index.php\/wp-json\/wp\/v2\/comments?post=30773"}],"version-history":[{"count":1,"href":"https:\/\/lobosnews.com.ar\/index.php\/wp-json\/wp\/v2\/posts\/30773\/revisions"}],"predecessor-version":[{"id":30776,"href":"https:\/\/lobosnews.com.ar\/index.php\/wp-json\/wp\/v2\/posts\/30773\/revisions\/30776"}],"wp:attachment":[{"href":"https:\/\/lobosnews.com.ar\/index.php\/wp-json\/wp\/v2\/media?parent=30773"}],"wp:term":[{"taxonomy":"category","embeddable":true,"href":"https:\/\/lobosnews.com.ar\/index.php\/wp-json\/wp\/v2\/categories?post=30773"},{"taxonomy":"post_tag","embeddable":true,"href":"https:\/\/lobosnews.com.ar\/index.php\/wp-json\/wp\/v2\/tags?post=30773"}],"curies":[{"name":"wp","href":"https:\/\/api.w.org\/{rel}","templated":true}]}}