{"id":30750,"date":"2026-03-08T13:17:16","date_gmt":"2026-03-08T13:17:16","guid":{"rendered":"https:\/\/lobosnews.com.ar\/index.php\/2026\/03\/08\/jugo-con-messi-en-la-seleccion-brillo-en-el-futbol-argentino-y-anuncio-su-retiro-a-los-32-anos-las-cosas-no-se-dieron-como-esperaba\/"},"modified":"2026-03-08T14:24:47","modified_gmt":"2026-03-08T14:24:47","slug":"jugo-con-messi-en-la-seleccion-brillo-en-el-futbol-argentino-y-anuncio-su-retiro-a-los-32-anos-las-cosas-no-se-dieron-como-esperaba","status":"publish","type":"post","link":"https:\/\/lobosnews.com.ar\/index.php\/2026\/03\/08\/jugo-con-messi-en-la-seleccion-brillo-en-el-futbol-argentino-y-anuncio-su-retiro-a-los-32-anos-las-cosas-no-se-dieron-como-esperaba\/","title":{"rendered":"Jug\u00f3 con Messi en la Selecci\u00f3n, brill\u00f3 en el f\u00fatbol argentino y anunci\u00f3 su retiro a los 32 a\u00f1os: \u201cLas cosas no se dieron como esperaba\u201d"},"content":{"rendered":"<p><img loading=\"lazy\" decoding=\"async\" src=\"https:\/\/lobosnews.com.ar\/wp-content\/uploads\/2026\/03\/jugo-con-messi-en-la-seleccion-brillo-en-el-futbol-argentino-y-anuncio-su-retiro-a-los-32-anos-las-cosas-no-se-dieron-como-esperaba.jpg\" alt=\"Sus \u00faltimos partidos oficiales los jug\u00f3 con la casaca de Central Argentino de La Banda, Santiago del Estero\" height=\"1920\" width=\"1920\"\/><\/p>\n<p><b>Jos\u00e9 Luis G\u00f3mez<\/b> le puso punto final a su carrera a los 32 a\u00f1os. Lo hizo casi en silencio, con una historia en su cuenta de Instagram, luego de jugar para <b>Central Argentino de La Banda, Santiago del Estero<\/b>, en el <b>Torneo Federal Amateur<\/b>.<\/p>\n<p>El ex lateral de <b>Racing, Lan\u00fas <\/b>y <b>San Mart\u00edn de San Juan<\/b>, que lleg\u00f3 a jugar con <b>Lionel Messi<\/b> en la <b>selecci\u00f3n argentina<\/b>, apel\u00f3 a un breve mensaje para anunciar su decisi\u00f3n. <b>\u201cHoy lleg\u00f3 el d\u00eda m\u00e1s duro de mi vida. Hoy toca decirle adi\u00f3s al f\u00fatbol a mis 32 a\u00f1os. Hasta ac\u00e1 lleg\u00f3 este amor. Las cosas no se dieron como uno esperaba. A poner el pecho en lo que viene. Gracias, f\u00fatbol\u201d<\/b>, fueron las palabras que eligi\u00f3. <\/p>\n<p>Su carrera transit\u00f3 un subibaja emocional y futbol\u00edstico como pocas veces se ha visto, al punto que, con complicaciones para reinsertarse en el f\u00fatbol, lleg\u00f3 a ser chofer de Uber.<\/p>\n<p>El marcador de punta formado en la Academia apareci\u00f3 en la temporada 2012\/2013 como uno de los proyectos a seguir, y tuvo mucha continuidad al a\u00f1o siguiente. Casi sin partidos sobre el cierre de 2014, pas\u00f3 a pr\u00e9stamo a San Mart\u00edn de San Juan, donde elev\u00f3 otra vez su nivel y capt\u00f3 la atenci\u00f3n de Lan\u00fas, que pasaba por un gran momento como en la actualidad, que viene de obtener la Copa Sudamericana y la Recopa ante Flamengo.<\/p>\n<p><img loading=\"lazy\" decoding=\"async\" src=\"https:\/\/lobosnews.com.ar\/wp-content\/uploads\/2026\/03\/jugo-con-messi-en-la-seleccion-brillo-en-el-futbol-argentino-y-anuncio-su-retiro-a-los-32-anos-las-cosas-no-se-dieron-como-esperaba-1.jpg\" alt=\"El posteo con el que anunci\u00f3 su retiro\" height=\"3391\" width=\"1920\"\/><\/p>\n<p>Aquellos fueron tiempos dorados para G\u00f3mez, que gan\u00f3 tres t\u00edtulos con el Granate (Campeonato, Copa del Bicentenario y Supercopa Argentina 2016). Siendo uno de los mejores laterales derechos del f\u00fatbol local, <b>Julio Olarticoechea<\/b> lo convoc\u00f3 para la Selecci\u00f3n Sub 23 que compiti\u00f3 en los J<b>uegos Ol\u00edmpicos de R\u00edo de Janeiro<\/b>. La empresa fue dif\u00edcil, en medio de un conflicto profundo en una AFA convulsionada, que vio irse al t\u00e9cnico de la Mayor, <b>Gerardo Tata Martino<\/b>, por las continuas desprolijidades e incumplimientos.<\/p>\n<p>A pesar de la eliminaci\u00f3n en la primera fase de los Juegos, G\u00f3mez permaneci\u00f3 en carpeta del conjunto nacional y, tras el corto per\u00edodo al mando del <b>Pat\u00f3n Bauza<\/b>, <b>fue citado por Jorge Sampaoli para la Mayor<\/b>. Fue titular en un amistoso contra Brasil disputado en Melbourne, Australia, en junio de 2017. Actu\u00f3 como carrilero derecho junto a una l\u00ednea de tres conformada por <b>Nicol\u00e1s Otamendi, Jonatan Maidana y Gabriel Mercado<\/b>, autor del tanto del 1-0 de la Albiceleste. Tambi\u00e9n actuaron desde el inicio figuras como Lionel Messi, \u00c1ngel Di Mar\u00eda y el Pipita Higua\u00edn.<\/p>\n<p>Ese mismo a\u00f1o, se dio el lujo de disputar la final de la Libertadores con Lan\u00fas, pero en la revancha (cuando todav\u00eda las series decisivas eran a ida y vuelta) cometi\u00f3 un grosero error que deriv\u00f3 en el primer tanto de Gremio, con el que casi qued\u00f3 sentenciado el resultado global de 3-1 con el que culmin\u00f3. <\/p>\n<p>Una lesi\u00f3n en la rodilla izquierda en el partido contra Brasil que lo oblig\u00f3 a operarse en su regreso a Argentina marc\u00f3 un antes y un despu\u00e9s. <b>\u201cJugaba con mi rodilla destrozada. Quer\u00eda estar, pero no ten\u00eda fuerza muscular en los cu\u00e1driceps antes de la lesi\u00f3n. Lloraba con los dolores. Cuando me iba a dormir me quer\u00eda dar vuelta y la rodilla me sonaba\u201d<\/b>, lleg\u00f3 a confesar en una entrevista con <i>TNT Sports<\/i>.<\/p>\n<p><img loading=\"lazy\" decoding=\"async\" src=\"https:\/\/lobosnews.com.ar\/wp-content\/uploads\/2026\/03\/jugo-con-messi-en-la-seleccion-brillo-en-el-futbol-argentino-y-anuncio-su-retiro-a-los-32-anos-las-cosas-no-se-dieron-como-esperaba-2.jpg\" alt=\"Jos\u00e9 Luis G\u00f3mez fue titular en la Selecci\u00f3n en el inicio de la era Sampaoli, ante Brasil, en un amistoso disputado en Melbourne\" height=\"432\" width=\"770\"\/><\/p>\n<p>Aunque volvi\u00f3 a las canchas, padeci\u00f3 dolores constantes y no volvi\u00f3 a ser el mismo. Hasta aquella final ante Gremio, el club granate hab\u00eda descartado una oferta del PSV Eindhoven de Pa\u00edses Bajos y tambi\u00e9n hab\u00eda sido sondeado por Boca. Su \u00faltimo partido oficial en el club fue el 29 de abril de 2021 por la Sudamericana con Lan\u00fas. En medio, luch\u00f3 contra la depresi\u00f3n, las molestias de rodilla y dos transferencias truncas a Barracas Central y Hurac\u00e1n para relanzarse como futbolista profesional. <\/p>\n<p>Finalizado su v\u00ednculo en el Granate, Racing le abri\u00f3 las puertas a principios de 2022 con un contrato formal pero sin considerarlo ni para la Primera ni para la Reserva. El carrilero sostuvo la fe, en su puesta a punto se gan\u00f3 la vida manejando un auto como Uber y, una vez que se sinti\u00f3 apto, San Mart\u00edn le dio otra oportunidad.<\/p>\n<p>En el Verdinegro disput\u00f3 un pu\u00f1ado de partidos. Y volvi\u00f3 a su provincia natal, donde decidi\u00f3 colgar los botines a una temprana edad.<\/p>\n<p><img loading=\"lazy\" decoding=\"async\" src=\"https:\/\/lobosnews.com.ar\/wp-content\/uploads\/2026\/03\/jugo-con-messi-en-la-seleccion-brillo-en-el-futbol-argentino-y-anuncio-su-retiro-a-los-32-anos-las-cosas-no-se-dieron-como-esperaba-3.jpg\" alt=\"En Lan\u00fas, donde mostr\u00f3 su mejor nivel (Getty)\" height=\"1080\" width=\"1920\"\/><\/p>\n","protected":false},"excerpt":{"rendered":"<p>Jos\u00e9 Luis G\u00f3mez le puso punto final a su carrera a los 32 a\u00f1os. Lo hizo casi en silencio, con una historia en su cuenta de Instagram, luego de jugar para Central Argentino de La Banda, Santiago del Estero, en el Torneo Federal Amateur. El ex lateral de Racing, Lan\u00fas y San Mart\u00edn de San&#8230;<\/p>\n","protected":false},"author":1,"featured_media":0,"comment_status":"open","ping_status":"closed","sticky":false,"template":"","format":"standard","meta":{"_jetpack_memberships_contains_paid_content":false,"footnotes":""},"categories":[30],"tags":[39],"class_list":["post-30750","post","type-post","status-publish","format-standard","hentry","category-argentina","tag-deportes"],"magazineBlocksPostFeaturedMedia":{"thumbnail":false,"medium":false,"medium_large":false,"large":false,"1536x1536":false,"2048x2048":false,"newsmatic-featured":false,"newsmatic-list":false,"newsmatic-thumb":false,"newsmatic-small":false,"newsmatic-grid":false},"magazineBlocksPostAuthor":{"name":"admin","avatar":"https:\/\/secure.gravatar.com\/avatar\/76e419471a2083bc3ceab22a763dbbf9b0c1bd15a6214cf3280e2c2dde4580f9?s=96&d=mm&r=g"},"magazineBlocksPostCommentsNumber":"0","magazineBlocksPostExcerpt":"Jos\u00e9 Luis G\u00f3mez le puso punto final a su carrera a los 32 a\u00f1os. Lo hizo casi en silencio, con una historia en su cuenta de Instagram, luego de jugar para Central Argentino de La Banda, Santiago del Estero, en el Torneo Federal Amateur. El ex lateral de Racing, Lan\u00fas y San Mart\u00edn de San...","magazineBlocksPostCategories":["Argentina"],"magazineBlocksPostViewCount":78,"magazineBlocksPostReadTime":4,"magazine_blocks_featured_image_url":{"full":false,"medium":false,"thumbnail":false},"magazine_blocks_author":{"display_name":"admin","author_link":"https:\/\/lobosnews.com.ar\/index.php\/author\/lobos-news\/"},"magazine_blocks_comment":0,"magazine_blocks_author_image":"https:\/\/secure.gravatar.com\/avatar\/76e419471a2083bc3ceab22a763dbbf9b0c1bd15a6214cf3280e2c2dde4580f9?s=96&d=mm&r=g","magazine_blocks_category":"<a href=\"#\" class=\"category-link category-link-30\">Argentina<\/a>","yoast_head":"<!-- This site is optimized with the Yoast SEO plugin v26.6 - https:\/\/yoast.com\/wordpress\/plugins\/seo\/ -->\n<title>Jug\u00f3 con Messi en la Selecci\u00f3n, brill\u00f3 en el f\u00fatbol argentino y anunci\u00f3 su retiro a los 32 a\u00f1os: \u201cLas cosas no se dieron como esperaba\u201d - Lobos News<\/title>\n<meta name=\"robots\" content=\"index, follow, max-snippet:-1, max-image-preview:large, max-video-preview:-1\" \/>\n<link rel=\"canonical\" href=\"https:\/\/lobosnews.com.ar\/index.php\/2026\/03\/08\/jugo-con-messi-en-la-seleccion-brillo-en-el-futbol-argentino-y-anuncio-su-retiro-a-los-32-anos-las-cosas-no-se-dieron-como-esperaba\/\" \/>\n<meta property=\"og:locale\" content=\"es_ES\" \/>\n<meta property=\"og:type\" content=\"article\" \/>\n<meta property=\"og:title\" content=\"Jug\u00f3 con Messi en la Selecci\u00f3n, brill\u00f3 en el f\u00fatbol argentino y anunci\u00f3 su retiro a los 32 a\u00f1os: \u201cLas cosas no se dieron como esperaba\u201d - Lobos News\" \/>\n<meta property=\"og:description\" content=\"Jos\u00e9 Luis G\u00f3mez le puso punto final a su carrera a los 32 a\u00f1os. Lo hizo casi en silencio, con una historia en su cuenta de Instagram, luego de jugar para Central Argentino de La Banda, Santiago del Estero, en el Torneo Federal Amateur. El ex lateral de Racing, Lan\u00fas y San Mart\u00edn de San...\" \/>\n<meta property=\"og:url\" content=\"https:\/\/lobosnews.com.ar\/index.php\/2026\/03\/08\/jugo-con-messi-en-la-seleccion-brillo-en-el-futbol-argentino-y-anuncio-su-retiro-a-los-32-anos-las-cosas-no-se-dieron-como-esperaba\/\" \/>\n<meta property=\"og:site_name\" content=\"Lobos News\" \/>\n<meta property=\"article:published_time\" content=\"2026-03-08T13:17:16+00:00\" \/>\n<meta property=\"article:modified_time\" content=\"2026-03-08T14:24:47+00:00\" \/>\n<meta property=\"og:image\" content=\"https:\/\/lobosnews.com.ar\/wp-content\/uploads\/2026\/03\/jugo-con-messi-en-la-seleccion-brillo-en-el-futbol-argentino-y-anuncio-su-retiro-a-los-32-anos-las-cosas-no-se-dieron-como-esperaba.jpg\" \/>\n<meta name=\"author\" content=\"admin\" \/>\n<meta name=\"twitter:card\" content=\"summary_large_image\" \/>\n<meta name=\"twitter:label1\" content=\"Escrito por\" \/>\n\t<meta name=\"twitter:data1\" content=\"admin\" \/>\n\t<meta name=\"twitter:label2\" content=\"Tiempo de lectura\" \/>\n\t<meta name=\"twitter:data2\" content=\"4 minutos\" \/>\n<script type=\"application\/ld+json\" class=\"yoast-schema-graph\">{\"@context\":\"https:\/\/schema.org\",\"@graph\":[{\"@type\":\"Article\",\"@id\":\"https:\/\/lobosnews.com.ar\/index.php\/2026\/03\/08\/jugo-con-messi-en-la-seleccion-brillo-en-el-futbol-argentino-y-anuncio-su-retiro-a-los-32-anos-las-cosas-no-se-dieron-como-esperaba\/#article\",\"isPartOf\":{\"@id\":\"https:\/\/lobosnews.com.ar\/index.php\/2026\/03\/08\/jugo-con-messi-en-la-seleccion-brillo-en-el-futbol-argentino-y-anuncio-su-retiro-a-los-32-anos-las-cosas-no-se-dieron-como-esperaba\/\"},\"author\":{\"name\":\"admin\",\"@id\":\"https:\/\/lobosnews.com.ar\/#\/schema\/person\/232422a593d5c541dd9aef6aaed10943\"},\"headline\":\"Jug\u00f3 con Messi en la Selecci\u00f3n, brill\u00f3 en el f\u00fatbol argentino y anunci\u00f3 su retiro a los 32 a\u00f1os: \u201cLas cosas no se dieron como esperaba\u201d\",\"datePublished\":\"2026-03-08T13:17:16+00:00\",\"dateModified\":\"2026-03-08T14:24:47+00:00\",\"mainEntityOfPage\":{\"@id\":\"https:\/\/lobosnews.com.ar\/index.php\/2026\/03\/08\/jugo-con-messi-en-la-seleccion-brillo-en-el-futbol-argentino-y-anuncio-su-retiro-a-los-32-anos-las-cosas-no-se-dieron-como-esperaba\/\"},\"wordCount\":779,\"commentCount\":0,\"publisher\":{\"@id\":\"https:\/\/lobosnews.com.ar\/#organization\"},\"image\":{\"@id\":\"https:\/\/lobosnews.com.ar\/index.php\/2026\/03\/08\/jugo-con-messi-en-la-seleccion-brillo-en-el-futbol-argentino-y-anuncio-su-retiro-a-los-32-anos-las-cosas-no-se-dieron-como-esperaba\/#primaryimage\"},\"thumbnailUrl\":\"https:\/\/lobosnews.com.ar\/wp-content\/uploads\/2026\/03\/jugo-con-messi-en-la-seleccion-brillo-en-el-futbol-argentino-y-anuncio-su-retiro-a-los-32-anos-las-cosas-no-se-dieron-como-esperaba.jpg\",\"keywords\":[\"Deportes\"],\"articleSection\":[\"Argentina\"],\"inLanguage\":\"es\",\"potentialAction\":[{\"@type\":\"CommentAction\",\"name\":\"Comment\",\"target\":[\"https:\/\/lobosnews.com.ar\/index.php\/2026\/03\/08\/jugo-con-messi-en-la-seleccion-brillo-en-el-futbol-argentino-y-anuncio-su-retiro-a-los-32-anos-las-cosas-no-se-dieron-como-esperaba\/#respond\"]}]},{\"@type\":\"WebPage\",\"@id\":\"https:\/\/lobosnews.com.ar\/index.php\/2026\/03\/08\/jugo-con-messi-en-la-seleccion-brillo-en-el-futbol-argentino-y-anuncio-su-retiro-a-los-32-anos-las-cosas-no-se-dieron-como-esperaba\/\",\"url\":\"https:\/\/lobosnews.com.ar\/index.php\/2026\/03\/08\/jugo-con-messi-en-la-seleccion-brillo-en-el-futbol-argentino-y-anuncio-su-retiro-a-los-32-anos-las-cosas-no-se-dieron-como-esperaba\/\",\"name\":\"Jug\u00f3 con Messi en la Selecci\u00f3n, brill\u00f3 en el f\u00fatbol argentino y anunci\u00f3 su retiro a los 32 a\u00f1os: \u201cLas cosas no se dieron como esperaba\u201d - Lobos News\",\"isPartOf\":{\"@id\":\"https:\/\/lobosnews.com.ar\/#website\"},\"primaryImageOfPage\":{\"@id\":\"https:\/\/lobosnews.com.ar\/index.php\/2026\/03\/08\/jugo-con-messi-en-la-seleccion-brillo-en-el-futbol-argentino-y-anuncio-su-retiro-a-los-32-anos-las-cosas-no-se-dieron-como-esperaba\/#primaryimage\"},\"image\":{\"@id\":\"https:\/\/lobosnews.com.ar\/index.php\/2026\/03\/08\/jugo-con-messi-en-la-seleccion-brillo-en-el-futbol-argentino-y-anuncio-su-retiro-a-los-32-anos-las-cosas-no-se-dieron-como-esperaba\/#primaryimage\"},\"thumbnailUrl\":\"https:\/\/lobosnews.com.ar\/wp-content\/uploads\/2026\/03\/jugo-con-messi-en-la-seleccion-brillo-en-el-futbol-argentino-y-anuncio-su-retiro-a-los-32-anos-las-cosas-no-se-dieron-como-esperaba.jpg\",\"datePublished\":\"2026-03-08T13:17:16+00:00\",\"dateModified\":\"2026-03-08T14:24:47+00:00\",\"breadcrumb\":{\"@id\":\"https:\/\/lobosnews.com.ar\/index.php\/2026\/03\/08\/jugo-con-messi-en-la-seleccion-brillo-en-el-futbol-argentino-y-anuncio-su-retiro-a-los-32-anos-las-cosas-no-se-dieron-como-esperaba\/#breadcrumb\"},\"inLanguage\":\"es\",\"potentialAction\":[{\"@type\":\"ReadAction\",\"target\":[\"https:\/\/lobosnews.com.ar\/index.php\/2026\/03\/08\/jugo-con-messi-en-la-seleccion-brillo-en-el-futbol-argentino-y-anuncio-su-retiro-a-los-32-anos-las-cosas-no-se-dieron-como-esperaba\/\"]}]},{\"@type\":\"ImageObject\",\"inLanguage\":\"es\",\"@id\":\"https:\/\/lobosnews.com.ar\/index.php\/2026\/03\/08\/jugo-con-messi-en-la-seleccion-brillo-en-el-futbol-argentino-y-anuncio-su-retiro-a-los-32-anos-las-cosas-no-se-dieron-como-esperaba\/#primaryimage\",\"url\":\"https:\/\/lobosnews.com.ar\/wp-content\/uploads\/2026\/03\/jugo-con-messi-en-la-seleccion-brillo-en-el-futbol-argentino-y-anuncio-su-retiro-a-los-32-anos-las-cosas-no-se-dieron-como-esperaba.jpg\",\"contentUrl\":\"https:\/\/lobosnews.com.ar\/wp-content\/uploads\/2026\/03\/jugo-con-messi-en-la-seleccion-brillo-en-el-futbol-argentino-y-anuncio-su-retiro-a-los-32-anos-las-cosas-no-se-dieron-como-esperaba.jpg\"},{\"@type\":\"BreadcrumbList\",\"@id\":\"https:\/\/lobosnews.com.ar\/index.php\/2026\/03\/08\/jugo-con-messi-en-la-seleccion-brillo-en-el-futbol-argentino-y-anuncio-su-retiro-a-los-32-anos-las-cosas-no-se-dieron-como-esperaba\/#breadcrumb\",\"itemListElement\":[{\"@type\":\"ListItem\",\"position\":1,\"name\":\"Portada\",\"item\":\"https:\/\/lobosnews.com.ar\/\"},{\"@type\":\"ListItem\",\"position\":2,\"name\":\"Jug\u00f3 con Messi en la Selecci\u00f3n, brill\u00f3 en el f\u00fatbol argentino y anunci\u00f3 su retiro a los 32 a\u00f1os: \u201cLas cosas no se dieron como esperaba\u201d\"}]},{\"@type\":\"WebSite\",\"@id\":\"https:\/\/lobosnews.com.ar\/#website\",\"url\":\"https:\/\/lobosnews.com.ar\/\",\"name\":\"Lobos News\",\"description\":\"Informaci\u00f3n a cada instante\",\"publisher\":{\"@id\":\"https:\/\/lobosnews.com.ar\/#organization\"},\"potentialAction\":[{\"@type\":\"SearchAction\",\"target\":{\"@type\":\"EntryPoint\",\"urlTemplate\":\"https:\/\/lobosnews.com.ar\/?s={search_term_string}\"},\"query-input\":{\"@type\":\"PropertyValueSpecification\",\"valueRequired\":true,\"valueName\":\"search_term_string\"}}],\"inLanguage\":\"es\"},{\"@type\":\"Organization\",\"@id\":\"https:\/\/lobosnews.com.ar\/#organization\",\"name\":\"Lobos News\",\"url\":\"https:\/\/lobosnews.com.ar\/\",\"logo\":{\"@type\":\"ImageObject\",\"inLanguage\":\"es\",\"@id\":\"https:\/\/lobosnews.com.ar\/#\/schema\/logo\/image\/\",\"url\":\"https:\/\/lobosnews.com.ar\/wp-content\/uploads\/2026\/01\/logo-lobosnews.png\",\"contentUrl\":\"https:\/\/lobosnews.com.ar\/wp-content\/uploads\/2026\/01\/logo-lobosnews.png\",\"width\":500,\"height\":200,\"caption\":\"Lobos News\"},\"image\":{\"@id\":\"https:\/\/lobosnews.com.ar\/#\/schema\/logo\/image\/\"}},{\"@type\":\"Person\",\"@id\":\"https:\/\/lobosnews.com.ar\/#\/schema\/person\/232422a593d5c541dd9aef6aaed10943\",\"name\":\"admin\",\"image\":{\"@type\":\"ImageObject\",\"inLanguage\":\"es\",\"@id\":\"https:\/\/lobosnews.com.ar\/#\/schema\/person\/image\/\",\"url\":\"https:\/\/secure.gravatar.com\/avatar\/76e419471a2083bc3ceab22a763dbbf9b0c1bd15a6214cf3280e2c2dde4580f9?s=96&d=mm&r=g\",\"contentUrl\":\"https:\/\/secure.gravatar.com\/avatar\/76e419471a2083bc3ceab22a763dbbf9b0c1bd15a6214cf3280e2c2dde4580f9?s=96&d=mm&r=g\",\"caption\":\"admin\"},\"sameAs\":[\"https:\/\/lobosnews.com.ar\"],\"url\":\"https:\/\/lobosnews.com.ar\/index.php\/author\/lobos-news\/\"}]}<\/script>\n<!-- \/ Yoast SEO plugin. -->","yoast_head_json":{"title":"Jug\u00f3 con Messi en la Selecci\u00f3n, brill\u00f3 en el f\u00fatbol argentino y anunci\u00f3 su retiro a los 32 a\u00f1os: \u201cLas cosas no se dieron como esperaba\u201d - Lobos News","robots":{"index":"index","follow":"follow","max-snippet":"max-snippet:-1","max-image-preview":"max-image-preview:large","max-video-preview":"max-video-preview:-1"},"canonical":"https:\/\/lobosnews.com.ar\/index.php\/2026\/03\/08\/jugo-con-messi-en-la-seleccion-brillo-en-el-futbol-argentino-y-anuncio-su-retiro-a-los-32-anos-las-cosas-no-se-dieron-como-esperaba\/","og_locale":"es_ES","og_type":"article","og_title":"Jug\u00f3 con Messi en la Selecci\u00f3n, brill\u00f3 en el f\u00fatbol argentino y anunci\u00f3 su retiro a los 32 a\u00f1os: \u201cLas cosas no se dieron como esperaba\u201d - Lobos News","og_description":"Jos\u00e9 Luis G\u00f3mez le puso punto final a su carrera a los 32 a\u00f1os. Lo hizo casi en silencio, con una historia en su cuenta de Instagram, luego de jugar para Central Argentino de La Banda, Santiago del Estero, en el Torneo Federal Amateur. El ex lateral de Racing, Lan\u00fas y San Mart\u00edn de San...","og_url":"https:\/\/lobosnews.com.ar\/index.php\/2026\/03\/08\/jugo-con-messi-en-la-seleccion-brillo-en-el-futbol-argentino-y-anuncio-su-retiro-a-los-32-anos-las-cosas-no-se-dieron-como-esperaba\/","og_site_name":"Lobos News","article_published_time":"2026-03-08T13:17:16+00:00","article_modified_time":"2026-03-08T14:24:47+00:00","og_image":[{"url":"https:\/\/lobosnews.com.ar\/wp-content\/uploads\/2026\/03\/jugo-con-messi-en-la-seleccion-brillo-en-el-futbol-argentino-y-anuncio-su-retiro-a-los-32-anos-las-cosas-no-se-dieron-como-esperaba.jpg","type":"","width":"","height":""}],"author":"admin","twitter_card":"summary_large_image","twitter_misc":{"Escrito por":"admin","Tiempo de lectura":"4 minutos"},"schema":{"@context":"https:\/\/schema.org","@graph":[{"@type":"Article","@id":"https:\/\/lobosnews.com.ar\/index.php\/2026\/03\/08\/jugo-con-messi-en-la-seleccion-brillo-en-el-futbol-argentino-y-anuncio-su-retiro-a-los-32-anos-las-cosas-no-se-dieron-como-esperaba\/#article","isPartOf":{"@id":"https:\/\/lobosnews.com.ar\/index.php\/2026\/03\/08\/jugo-con-messi-en-la-seleccion-brillo-en-el-futbol-argentino-y-anuncio-su-retiro-a-los-32-anos-las-cosas-no-se-dieron-como-esperaba\/"},"author":{"name":"admin","@id":"https:\/\/lobosnews.com.ar\/#\/schema\/person\/232422a593d5c541dd9aef6aaed10943"},"headline":"Jug\u00f3 con Messi en la Selecci\u00f3n, brill\u00f3 en el f\u00fatbol argentino y anunci\u00f3 su retiro a los 32 a\u00f1os: \u201cLas cosas no se dieron como esperaba\u201d","datePublished":"2026-03-08T13:17:16+00:00","dateModified":"2026-03-08T14:24:47+00:00","mainEntityOfPage":{"@id":"https:\/\/lobosnews.com.ar\/index.php\/2026\/03\/08\/jugo-con-messi-en-la-seleccion-brillo-en-el-futbol-argentino-y-anuncio-su-retiro-a-los-32-anos-las-cosas-no-se-dieron-como-esperaba\/"},"wordCount":779,"commentCount":0,"publisher":{"@id":"https:\/\/lobosnews.com.ar\/#organization"},"image":{"@id":"https:\/\/lobosnews.com.ar\/index.php\/2026\/03\/08\/jugo-con-messi-en-la-seleccion-brillo-en-el-futbol-argentino-y-anuncio-su-retiro-a-los-32-anos-las-cosas-no-se-dieron-como-esperaba\/#primaryimage"},"thumbnailUrl":"https:\/\/lobosnews.com.ar\/wp-content\/uploads\/2026\/03\/jugo-con-messi-en-la-seleccion-brillo-en-el-futbol-argentino-y-anuncio-su-retiro-a-los-32-anos-las-cosas-no-se-dieron-como-esperaba.jpg","keywords":["Deportes"],"articleSection":["Argentina"],"inLanguage":"es","potentialAction":[{"@type":"CommentAction","name":"Comment","target":["https:\/\/lobosnews.com.ar\/index.php\/2026\/03\/08\/jugo-con-messi-en-la-seleccion-brillo-en-el-futbol-argentino-y-anuncio-su-retiro-a-los-32-anos-las-cosas-no-se-dieron-como-esperaba\/#respond"]}]},{"@type":"WebPage","@id":"https:\/\/lobosnews.com.ar\/index.php\/2026\/03\/08\/jugo-con-messi-en-la-seleccion-brillo-en-el-futbol-argentino-y-anuncio-su-retiro-a-los-32-anos-las-cosas-no-se-dieron-como-esperaba\/","url":"https:\/\/lobosnews.com.ar\/index.php\/2026\/03\/08\/jugo-con-messi-en-la-seleccion-brillo-en-el-futbol-argentino-y-anuncio-su-retiro-a-los-32-anos-las-cosas-no-se-dieron-como-esperaba\/","name":"Jug\u00f3 con Messi en la Selecci\u00f3n, brill\u00f3 en el f\u00fatbol argentino y anunci\u00f3 su retiro a los 32 a\u00f1os: \u201cLas cosas no se dieron como esperaba\u201d - Lobos News","isPartOf":{"@id":"https:\/\/lobosnews.com.ar\/#website"},"primaryImageOfPage":{"@id":"https:\/\/lobosnews.com.ar\/index.php\/2026\/03\/08\/jugo-con-messi-en-la-seleccion-brillo-en-el-futbol-argentino-y-anuncio-su-retiro-a-los-32-anos-las-cosas-no-se-dieron-como-esperaba\/#primaryimage"},"image":{"@id":"https:\/\/lobosnews.com.ar\/index.php\/2026\/03\/08\/jugo-con-messi-en-la-seleccion-brillo-en-el-futbol-argentino-y-anuncio-su-retiro-a-los-32-anos-las-cosas-no-se-dieron-como-esperaba\/#primaryimage"},"thumbnailUrl":"https:\/\/lobosnews.com.ar\/wp-content\/uploads\/2026\/03\/jugo-con-messi-en-la-seleccion-brillo-en-el-futbol-argentino-y-anuncio-su-retiro-a-los-32-anos-las-cosas-no-se-dieron-como-esperaba.jpg","datePublished":"2026-03-08T13:17:16+00:00","dateModified":"2026-03-08T14:24:47+00:00","breadcrumb":{"@id":"https:\/\/lobosnews.com.ar\/index.php\/2026\/03\/08\/jugo-con-messi-en-la-seleccion-brillo-en-el-futbol-argentino-y-anuncio-su-retiro-a-los-32-anos-las-cosas-no-se-dieron-como-esperaba\/#breadcrumb"},"inLanguage":"es","potentialAction":[{"@type":"ReadAction","target":["https:\/\/lobosnews.com.ar\/index.php\/2026\/03\/08\/jugo-con-messi-en-la-seleccion-brillo-en-el-futbol-argentino-y-anuncio-su-retiro-a-los-32-anos-las-cosas-no-se-dieron-como-esperaba\/"]}]},{"@type":"ImageObject","inLanguage":"es","@id":"https:\/\/lobosnews.com.ar\/index.php\/2026\/03\/08\/jugo-con-messi-en-la-seleccion-brillo-en-el-futbol-argentino-y-anuncio-su-retiro-a-los-32-anos-las-cosas-no-se-dieron-como-esperaba\/#primaryimage","url":"https:\/\/lobosnews.com.ar\/wp-content\/uploads\/2026\/03\/jugo-con-messi-en-la-seleccion-brillo-en-el-futbol-argentino-y-anuncio-su-retiro-a-los-32-anos-las-cosas-no-se-dieron-como-esperaba.jpg","contentUrl":"https:\/\/lobosnews.com.ar\/wp-content\/uploads\/2026\/03\/jugo-con-messi-en-la-seleccion-brillo-en-el-futbol-argentino-y-anuncio-su-retiro-a-los-32-anos-las-cosas-no-se-dieron-como-esperaba.jpg"},{"@type":"BreadcrumbList","@id":"https:\/\/lobosnews.com.ar\/index.php\/2026\/03\/08\/jugo-con-messi-en-la-seleccion-brillo-en-el-futbol-argentino-y-anuncio-su-retiro-a-los-32-anos-las-cosas-no-se-dieron-como-esperaba\/#breadcrumb","itemListElement":[{"@type":"ListItem","position":1,"name":"Portada","item":"https:\/\/lobosnews.com.ar\/"},{"@type":"ListItem","position":2,"name":"Jug\u00f3 con Messi en la Selecci\u00f3n, brill\u00f3 en el f\u00fatbol argentino y anunci\u00f3 su retiro a los 32 a\u00f1os: \u201cLas cosas no se dieron como esperaba\u201d"}]},{"@type":"WebSite","@id":"https:\/\/lobosnews.com.ar\/#website","url":"https:\/\/lobosnews.com.ar\/","name":"Lobos News","description":"Informaci\u00f3n a cada instante","publisher":{"@id":"https:\/\/lobosnews.com.ar\/#organization"},"potentialAction":[{"@type":"SearchAction","target":{"@type":"EntryPoint","urlTemplate":"https:\/\/lobosnews.com.ar\/?s={search_term_string}"},"query-input":{"@type":"PropertyValueSpecification","valueRequired":true,"valueName":"search_term_string"}}],"inLanguage":"es"},{"@type":"Organization","@id":"https:\/\/lobosnews.com.ar\/#organization","name":"Lobos News","url":"https:\/\/lobosnews.com.ar\/","logo":{"@type":"ImageObject","inLanguage":"es","@id":"https:\/\/lobosnews.com.ar\/#\/schema\/logo\/image\/","url":"https:\/\/lobosnews.com.ar\/wp-content\/uploads\/2026\/01\/logo-lobosnews.png","contentUrl":"https:\/\/lobosnews.com.ar\/wp-content\/uploads\/2026\/01\/logo-lobosnews.png","width":500,"height":200,"caption":"Lobos News"},"image":{"@id":"https:\/\/lobosnews.com.ar\/#\/schema\/logo\/image\/"}},{"@type":"Person","@id":"https:\/\/lobosnews.com.ar\/#\/schema\/person\/232422a593d5c541dd9aef6aaed10943","name":"admin","image":{"@type":"ImageObject","inLanguage":"es","@id":"https:\/\/lobosnews.com.ar\/#\/schema\/person\/image\/","url":"https:\/\/secure.gravatar.com\/avatar\/76e419471a2083bc3ceab22a763dbbf9b0c1bd15a6214cf3280e2c2dde4580f9?s=96&d=mm&r=g","contentUrl":"https:\/\/secure.gravatar.com\/avatar\/76e419471a2083bc3ceab22a763dbbf9b0c1bd15a6214cf3280e2c2dde4580f9?s=96&d=mm&r=g","caption":"admin"},"sameAs":["https:\/\/lobosnews.com.ar"],"url":"https:\/\/lobosnews.com.ar\/index.php\/author\/lobos-news\/"}]}},"jetpack_featured_media_url":"","jetpack_sharing_enabled":true,"_links":{"self":[{"href":"https:\/\/lobosnews.com.ar\/index.php\/wp-json\/wp\/v2\/posts\/30750","targetHints":{"allow":["GET"]}}],"collection":[{"href":"https:\/\/lobosnews.com.ar\/index.php\/wp-json\/wp\/v2\/posts"}],"about":[{"href":"https:\/\/lobosnews.com.ar\/index.php\/wp-json\/wp\/v2\/types\/post"}],"author":[{"embeddable":true,"href":"https:\/\/lobosnews.com.ar\/index.php\/wp-json\/wp\/v2\/users\/1"}],"replies":[{"embeddable":true,"href":"https:\/\/lobosnews.com.ar\/index.php\/wp-json\/wp\/v2\/comments?post=30750"}],"version-history":[{"count":1,"href":"https:\/\/lobosnews.com.ar\/index.php\/wp-json\/wp\/v2\/posts\/30750\/revisions"}],"predecessor-version":[{"id":30755,"href":"https:\/\/lobosnews.com.ar\/index.php\/wp-json\/wp\/v2\/posts\/30750\/revisions\/30755"}],"wp:attachment":[{"href":"https:\/\/lobosnews.com.ar\/index.php\/wp-json\/wp\/v2\/media?parent=30750"}],"wp:term":[{"taxonomy":"category","embeddable":true,"href":"https:\/\/lobosnews.com.ar\/index.php\/wp-json\/wp\/v2\/categories?post=30750"},{"taxonomy":"post_tag","embeddable":true,"href":"https:\/\/lobosnews.com.ar\/index.php\/wp-json\/wp\/v2\/tags?post=30750"}],"curies":[{"name":"wp","href":"https:\/\/api.w.org\/{rel}","templated":true}]}}