{"id":30747,"date":"2026-03-08T13:28:49","date_gmt":"2026-03-08T13:28:49","guid":{"rendered":"https:\/\/lobosnews.com.ar\/index.php\/2026\/03\/08\/este-sujeto-apesta-el-aspero-cruce-entre-pilotos-en-el-gp-de-australia-que-revivio-una-historica-rivalidad\/"},"modified":"2026-03-08T14:24:44","modified_gmt":"2026-03-08T14:24:44","slug":"este-sujeto-apesta-el-aspero-cruce-entre-pilotos-en-el-gp-de-australia-que-revivio-una-historica-rivalidad","status":"publish","type":"post","link":"https:\/\/lobosnews.com.ar\/index.php\/2026\/03\/08\/este-sujeto-apesta-el-aspero-cruce-entre-pilotos-en-el-gp-de-australia-que-revivio-una-historica-rivalidad\/","title":{"rendered":"\u201cEste sujeto apesta\u201d: el \u00e1spero cruce entre pilotos en el GP de Australia que revivi\u00f3 una hist\u00f3rica rivalidad"},"content":{"rendered":"<p><b>Cadillac <\/b>hizo historia al debutar de manera oficial en la <b>F\u00f3rmula 1 <\/b>en el <span class=\"waslinkname\"><b>Gran Premio de Australia<\/b><\/span>. A pesar de que <b>Valtteri Bottas<\/b> tuvo que abandonar por un problema mec\u00e1nico, <b>Sergio P\u00e9rez<\/b> logr\u00f3 cruzar la bandera a cuadros en la 16\u00b0 posici\u00f3n, algo que supone un logro para una escuder\u00eda que se construy\u00f3 de cero. Pese a que el rendimiento de su monoplaza es inferior al resto, el mexicano se las ingeni\u00f3 para pelear en la pista y <b>tuvo un fuerte enfrentamiento con Liam Lawson<\/b>. <i>Checo <\/i>y el piloto de <b>Racing Bulls<\/b> revivieron una vieja rivalidad y <b>se sacaron chispas tanto en la pista como en sus declaraciones<\/b>.<\/p>\n<p>La actuaci\u00f3n del neozeland\u00e9s se vio empa\u00f1ada por una p\u00e9sima largada, en la que <span class=\"waslinkname\"><b>Franco Colapinto<\/b> realiz\u00f3 una maniobra espectacular para esquivarlo en la recta principal<\/span>. Despu\u00e9s de varios giros, el Racing Bulls se top\u00f3 con <i>Checo <\/i>en la pista y, como ocurri\u00f3 en reiteradas oportunidades en 2024, tuvieron un \u00e1spero encuentro. Lawson atac\u00f3 al mexicano en la curva tres por la parte exterior del asfalto, pero <b>el experimentado piloto de Cadillac le cerr\u00f3 el camino y ambos monoplazas se tocaron con sus ruedas<\/b>. <\/p>\n<p>Sin embargo, el piloto del equipo sat\u00e9lite de Red Bull se tom\u00f3 revancha en la curva 11 y logr\u00f3 superar a Checo, aunque <b>hubo nuevamente contacto entre sus veh\u00edculo<\/b>s antes de que se consumara el adelantamiento. \u201c<b>Este sujeto apesta<\/b>\u201d, solt\u00f3 Lawson por la radio del equipo. Por su parte, P\u00e9rez no se qued\u00f3 en silencio: \u201c\u00a1Jaja! <b>\u00bfQu\u00e9 le pasa a este tipo?<\/b>\u201d.<\/p>\n<p>El ambiente caldeado entre ambos no se limit\u00f3 a la pista y sigui\u00f3 en sus declaraciones posteriores. \u201c<b>Dos a\u00f1os despu\u00e9s, todav\u00eda no lo super\u00f3. Me estaba peleando como si fuera por el campeonato mundial y est\u00e1bamos luchando por la posici\u00f3n 16<\/b>. Obviamente no me importa demasiado, mi carrera ya estaba terminada en ese punto, as\u00ed que seguiremos adelante\u201d, dispar\u00f3 Liam Lawson en la conferencia de prensa, seg\u00fan difundi\u00f3 el portal especializado <i>Motorsport<\/i>. <\/p>\n<p><img fetchpriority=\"high\" decoding=\"async\" src=\"https:\/\/lobosnews.com.ar\/wp-content\/uploads\/2026\/03\/este-sujeto-apesta-el-aspero-cruce-entre-pilotos-en-el-gp-de-australia-que-revivio-una-historica-rivalidad.jpg\" alt=\"En el debut absoluto de Cadillac, Checo P\u00e9rez tuvo un fuerte enfrentamiento con Liam Lawson (REUTERS\/Mark Peterson)\" height=\"1606\" width=\"2646\"\/><\/p>\n<p>La rivalidad entre Sergio P\u00e9rez y Liam Lawson se remonta a la temporada 2024. Checo estaba en una delicada situaci\u00f3n en <b>Red Bull <\/b>y ten\u00eda una gran presi\u00f3n encima para mantener su butaca, mientras que el neozeland\u00e9s consigui\u00f3 destacados resultados en el equipo sat\u00e9lite y <b>era uno de los candidatos a reemplazar al mexicano como compa\u00f1ero de Max Verstappen. Dicha pelea deriv\u00f3 <\/b><span class=\"waslinkname\"><b>en una guerra de declaraciones y m\u00faltiples choques entre s\u00ed en la pista<\/b><\/span>.<\/p>\n<p>Tras ausentarse en 2025, el experimentado corredor latinoamericano regres\u00f3 a la mano de Cadillac en la F1 y revivi\u00f3 la antigua disputa con el joven de 24 a\u00f1os. \u201c<b>No fue nada ilegal, \u00e9l simplemente fue agresivo<\/b>\u201d, a\u00f1adi\u00f3 Lawson en conferencia. Por su parte, Checo P\u00e9rez intent\u00f3 apaciguar la temperatura del enfrentamiento: \u201cQuiero decir, para m\u00ed solo fue competir y fue un poco divertido, eso es realmente todo. <b>Yo estaba en un coche mucho m\u00e1s lento, as\u00ed que creo que est\u00e1 bien competir<\/b>\u201d.<\/p>\n<p>Las maniobras fueron investigadas por direcci\u00f3n de carrera, aunque ninguno de los competidores sufri\u00f3 una penalizaci\u00f3n. \u201cEl coche 30 (LAW) intent\u00f3 adelantar al coche 11 (PER) por el exterior en la curva 3. <b>Se produjo un contacto rueda con rueda entre los coches en el v\u00e9rtice<\/b> y LAW se sali\u00f3 de la pista y se reincorpor\u00f3 detr\u00e1s del coche 11. El eje delantero de LAW no estaba por delante del eje delantero de PER en el v\u00e9rtice y, aplicando las Directrices de Conducta al Volante, <b>los comisarios determinaron que LAW no ten\u00eda derecho a espacio a la salida de la curva 3 <\/b>y, por lo tanto, no fue obligado a salirse por PER\u201d, explicaron las autoridades en el documento oficial de la FIA. <\/p>\n<p><!DOCTYPE html><br \/>\n<html><br \/>\n<head><br \/>\n<meta name=\"viewport\" content=\"width=device-width, initial-scale=1\"><\/p>\n<style>\n.container-video { position: relative; width: 100%; overflow: hidden; padding-top: 56.25%;\n}\n.responsive-iframe-video { position: absolute; top: 0; left: 0; bottom: 0; right: 0; width: 100%; height: 100%; border: none;\n}\n<\/style>\n<p><\/head><br \/>\n<body><\/p>\n<div class=\"container-video\"> <iframe title=\"video-espn\" class=\"responsive-iframe-video\" src=\"https:\/\/www.espn.com.ar\/core\/video\/iframe?id=16406057&#038;endcard=false&#038;omniReportSuite=wdgespge\" allowfullscreen><\/iframe>\n<\/div>\n<p><\/body><br \/>\n<\/html><\/p>\n<p><i>*El compacto del Gran Premio de Australia<\/i><\/p>\n<p>A pesar de que Checo P\u00e9rez termin\u00f3 en el \u00faltimo lugar entre los competidores que lograron finalizar la carrera, se mostr\u00f3 orgulloso por el trabajo de la escuder\u00eda. \u201c<b>El primer paso est\u00e1 dado. Como equipo, completar la carrera fue incre\u00edble<\/b>. Es una pena que Valtteri no pudiera terminarla, pero en general fue una gran jornada, una gran recuperaci\u00f3n para el fin de semana\u201d, coment\u00f3 el mexicano sobre el debut absoluto de Cadillac en la <i>M\u00e1xima<\/i>.<\/p>\n<p>No obstante, hizo hincapi\u00e9 en que, a partir de ahora, deber\u00e1n centrarse en ser competitivos: \u201cEmpezamos con muchos problemas, pero creo que, <b>de ahora en adelante, obviamente la luna de miel ha terminado y ahora se trata de dar grandes pasos adelante<\/b>, necesitamos poner en marcha un plan en el equipo para avanzar y cerrar la brecha, algo que creo que podemos hacer\u201d.<\/p>\n<p>La agenda de la F\u00f3rmula 1 volver\u00e1 a tener actividad el pr\u00f3ximo fin de semana con el Gran Premio de China, que contar\u00e1 con Sprint. <b>La carrera principal en Shangh\u00e1i ser\u00e1 el domingo 15 de marzo a las 04:00 (hora argentina).<\/b><\/p>\n","protected":false},"excerpt":{"rendered":"<p>Cadillac hizo historia al debutar de manera oficial en la F\u00f3rmula 1 en el Gran Premio de Australia. A pesar de que Valtteri Bottas tuvo que abandonar por un problema mec\u00e1nico, Sergio P\u00e9rez logr\u00f3 cruzar la bandera a cuadros en la 16\u00b0 posici\u00f3n, algo que supone un logro para una escuder\u00eda que se construy\u00f3 de&#8230;<\/p>\n","protected":false},"author":1,"featured_media":0,"comment_status":"open","ping_status":"closed","sticky":false,"template":"","format":"standard","meta":{"_jetpack_memberships_contains_paid_content":false,"footnotes":""},"categories":[30],"tags":[39],"class_list":["post-30747","post","type-post","status-publish","format-standard","hentry","category-argentina","tag-deportes"],"magazineBlocksPostFeaturedMedia":{"thumbnail":false,"medium":false,"medium_large":false,"large":false,"1536x1536":false,"2048x2048":false,"newsmatic-featured":false,"newsmatic-list":false,"newsmatic-thumb":false,"newsmatic-small":false,"newsmatic-grid":false},"magazineBlocksPostAuthor":{"name":"admin","avatar":"https:\/\/secure.gravatar.com\/avatar\/76e419471a2083bc3ceab22a763dbbf9b0c1bd15a6214cf3280e2c2dde4580f9?s=96&d=mm&r=g"},"magazineBlocksPostCommentsNumber":"0","magazineBlocksPostExcerpt":"Cadillac hizo historia al debutar de manera oficial en la F\u00f3rmula 1 en el Gran Premio de Australia. A pesar de que Valtteri Bottas tuvo que abandonar por un problema mec\u00e1nico, Sergio P\u00e9rez logr\u00f3 cruzar la bandera a cuadros en la 16\u00b0 posici\u00f3n, algo que supone un logro para una escuder\u00eda que se construy\u00f3 de...","magazineBlocksPostCategories":["Argentina"],"magazineBlocksPostViewCount":80,"magazineBlocksPostReadTime":5,"magazine_blocks_featured_image_url":{"full":false,"medium":false,"thumbnail":false},"magazine_blocks_author":{"display_name":"admin","author_link":"https:\/\/lobosnews.com.ar\/index.php\/author\/lobos-news\/"},"magazine_blocks_comment":0,"magazine_blocks_author_image":"https:\/\/secure.gravatar.com\/avatar\/76e419471a2083bc3ceab22a763dbbf9b0c1bd15a6214cf3280e2c2dde4580f9?s=96&d=mm&r=g","magazine_blocks_category":"<a href=\"#\" class=\"category-link category-link-30\">Argentina<\/a>","yoast_head":"<!-- This site is optimized with the Yoast SEO plugin v26.6 - https:\/\/yoast.com\/wordpress\/plugins\/seo\/ -->\n<title>\u201cEste sujeto apesta\u201d: el \u00e1spero cruce entre pilotos en el GP de Australia que revivi\u00f3 una hist\u00f3rica rivalidad - Lobos News<\/title>\n<meta name=\"robots\" content=\"index, follow, max-snippet:-1, max-image-preview:large, max-video-preview:-1\" \/>\n<link rel=\"canonical\" href=\"https:\/\/lobosnews.com.ar\/index.php\/2026\/03\/08\/este-sujeto-apesta-el-aspero-cruce-entre-pilotos-en-el-gp-de-australia-que-revivio-una-historica-rivalidad\/\" \/>\n<meta property=\"og:locale\" content=\"es_ES\" \/>\n<meta property=\"og:type\" content=\"article\" \/>\n<meta property=\"og:title\" content=\"\u201cEste sujeto apesta\u201d: el \u00e1spero cruce entre pilotos en el GP de Australia que revivi\u00f3 una hist\u00f3rica rivalidad - Lobos News\" \/>\n<meta property=\"og:description\" content=\"Cadillac hizo historia al debutar de manera oficial en la F\u00f3rmula 1 en el Gran Premio de Australia. A pesar de que Valtteri Bottas tuvo que abandonar por un problema mec\u00e1nico, Sergio P\u00e9rez logr\u00f3 cruzar la bandera a cuadros en la 16\u00b0 posici\u00f3n, algo que supone un logro para una escuder\u00eda que se construy\u00f3 de...\" \/>\n<meta property=\"og:url\" content=\"https:\/\/lobosnews.com.ar\/index.php\/2026\/03\/08\/este-sujeto-apesta-el-aspero-cruce-entre-pilotos-en-el-gp-de-australia-que-revivio-una-historica-rivalidad\/\" \/>\n<meta property=\"og:site_name\" content=\"Lobos News\" \/>\n<meta property=\"article:published_time\" content=\"2026-03-08T13:28:49+00:00\" \/>\n<meta property=\"article:modified_time\" content=\"2026-03-08T14:24:44+00:00\" \/>\n<meta property=\"og:image\" content=\"https:\/\/lobosnews.com.ar\/wp-content\/uploads\/2026\/03\/este-sujeto-apesta-el-aspero-cruce-entre-pilotos-en-el-gp-de-australia-que-revivio-una-historica-rivalidad.jpg\" \/>\n<meta name=\"author\" content=\"admin\" \/>\n<meta name=\"twitter:card\" content=\"summary_large_image\" \/>\n<meta name=\"twitter:label1\" content=\"Escrito por\" \/>\n\t<meta name=\"twitter:data1\" content=\"admin\" \/>\n\t<meta name=\"twitter:label2\" content=\"Tiempo de lectura\" \/>\n\t<meta name=\"twitter:data2\" content=\"4 minutos\" \/>\n<script type=\"application\/ld+json\" class=\"yoast-schema-graph\">{\"@context\":\"https:\/\/schema.org\",\"@graph\":[{\"@type\":\"Article\",\"@id\":\"https:\/\/lobosnews.com.ar\/index.php\/2026\/03\/08\/este-sujeto-apesta-el-aspero-cruce-entre-pilotos-en-el-gp-de-australia-que-revivio-una-historica-rivalidad\/#article\",\"isPartOf\":{\"@id\":\"https:\/\/lobosnews.com.ar\/index.php\/2026\/03\/08\/este-sujeto-apesta-el-aspero-cruce-entre-pilotos-en-el-gp-de-australia-que-revivio-una-historica-rivalidad\/\"},\"author\":{\"name\":\"admin\",\"@id\":\"https:\/\/lobosnews.com.ar\/#\/schema\/person\/232422a593d5c541dd9aef6aaed10943\"},\"headline\":\"\u201cEste sujeto apesta\u201d: el \u00e1spero cruce entre pilotos en el GP de Australia que revivi\u00f3 una hist\u00f3rica rivalidad\",\"datePublished\":\"2026-03-08T13:28:49+00:00\",\"dateModified\":\"2026-03-08T14:24:44+00:00\",\"mainEntityOfPage\":{\"@id\":\"https:\/\/lobosnews.com.ar\/index.php\/2026\/03\/08\/este-sujeto-apesta-el-aspero-cruce-entre-pilotos-en-el-gp-de-australia-que-revivio-una-historica-rivalidad\/\"},\"wordCount\":842,\"commentCount\":0,\"publisher\":{\"@id\":\"https:\/\/lobosnews.com.ar\/#organization\"},\"image\":{\"@id\":\"https:\/\/lobosnews.com.ar\/index.php\/2026\/03\/08\/este-sujeto-apesta-el-aspero-cruce-entre-pilotos-en-el-gp-de-australia-que-revivio-una-historica-rivalidad\/#primaryimage\"},\"thumbnailUrl\":\"https:\/\/lobosnews.com.ar\/wp-content\/uploads\/2026\/03\/este-sujeto-apesta-el-aspero-cruce-entre-pilotos-en-el-gp-de-australia-que-revivio-una-historica-rivalidad.jpg\",\"keywords\":[\"Deportes\"],\"articleSection\":[\"Argentina\"],\"inLanguage\":\"es\",\"potentialAction\":[{\"@type\":\"CommentAction\",\"name\":\"Comment\",\"target\":[\"https:\/\/lobosnews.com.ar\/index.php\/2026\/03\/08\/este-sujeto-apesta-el-aspero-cruce-entre-pilotos-en-el-gp-de-australia-que-revivio-una-historica-rivalidad\/#respond\"]}]},{\"@type\":\"WebPage\",\"@id\":\"https:\/\/lobosnews.com.ar\/index.php\/2026\/03\/08\/este-sujeto-apesta-el-aspero-cruce-entre-pilotos-en-el-gp-de-australia-que-revivio-una-historica-rivalidad\/\",\"url\":\"https:\/\/lobosnews.com.ar\/index.php\/2026\/03\/08\/este-sujeto-apesta-el-aspero-cruce-entre-pilotos-en-el-gp-de-australia-que-revivio-una-historica-rivalidad\/\",\"name\":\"\u201cEste sujeto apesta\u201d: el \u00e1spero cruce entre pilotos en el GP de Australia que revivi\u00f3 una hist\u00f3rica rivalidad - Lobos News\",\"isPartOf\":{\"@id\":\"https:\/\/lobosnews.com.ar\/#website\"},\"primaryImageOfPage\":{\"@id\":\"https:\/\/lobosnews.com.ar\/index.php\/2026\/03\/08\/este-sujeto-apesta-el-aspero-cruce-entre-pilotos-en-el-gp-de-australia-que-revivio-una-historica-rivalidad\/#primaryimage\"},\"image\":{\"@id\":\"https:\/\/lobosnews.com.ar\/index.php\/2026\/03\/08\/este-sujeto-apesta-el-aspero-cruce-entre-pilotos-en-el-gp-de-australia-que-revivio-una-historica-rivalidad\/#primaryimage\"},\"thumbnailUrl\":\"https:\/\/lobosnews.com.ar\/wp-content\/uploads\/2026\/03\/este-sujeto-apesta-el-aspero-cruce-entre-pilotos-en-el-gp-de-australia-que-revivio-una-historica-rivalidad.jpg\",\"datePublished\":\"2026-03-08T13:28:49+00:00\",\"dateModified\":\"2026-03-08T14:24:44+00:00\",\"breadcrumb\":{\"@id\":\"https:\/\/lobosnews.com.ar\/index.php\/2026\/03\/08\/este-sujeto-apesta-el-aspero-cruce-entre-pilotos-en-el-gp-de-australia-que-revivio-una-historica-rivalidad\/#breadcrumb\"},\"inLanguage\":\"es\",\"potentialAction\":[{\"@type\":\"ReadAction\",\"target\":[\"https:\/\/lobosnews.com.ar\/index.php\/2026\/03\/08\/este-sujeto-apesta-el-aspero-cruce-entre-pilotos-en-el-gp-de-australia-que-revivio-una-historica-rivalidad\/\"]}]},{\"@type\":\"ImageObject\",\"inLanguage\":\"es\",\"@id\":\"https:\/\/lobosnews.com.ar\/index.php\/2026\/03\/08\/este-sujeto-apesta-el-aspero-cruce-entre-pilotos-en-el-gp-de-australia-que-revivio-una-historica-rivalidad\/#primaryimage\",\"url\":\"https:\/\/lobosnews.com.ar\/wp-content\/uploads\/2026\/03\/este-sujeto-apesta-el-aspero-cruce-entre-pilotos-en-el-gp-de-australia-que-revivio-una-historica-rivalidad.jpg\",\"contentUrl\":\"https:\/\/lobosnews.com.ar\/wp-content\/uploads\/2026\/03\/este-sujeto-apesta-el-aspero-cruce-entre-pilotos-en-el-gp-de-australia-que-revivio-una-historica-rivalidad.jpg\"},{\"@type\":\"BreadcrumbList\",\"@id\":\"https:\/\/lobosnews.com.ar\/index.php\/2026\/03\/08\/este-sujeto-apesta-el-aspero-cruce-entre-pilotos-en-el-gp-de-australia-que-revivio-una-historica-rivalidad\/#breadcrumb\",\"itemListElement\":[{\"@type\":\"ListItem\",\"position\":1,\"name\":\"Portada\",\"item\":\"https:\/\/lobosnews.com.ar\/\"},{\"@type\":\"ListItem\",\"position\":2,\"name\":\"\u201cEste sujeto apesta\u201d: el \u00e1spero cruce entre pilotos en el GP de Australia que revivi\u00f3 una hist\u00f3rica rivalidad\"}]},{\"@type\":\"WebSite\",\"@id\":\"https:\/\/lobosnews.com.ar\/#website\",\"url\":\"https:\/\/lobosnews.com.ar\/\",\"name\":\"Lobos News\",\"description\":\"Informaci\u00f3n a cada instante\",\"publisher\":{\"@id\":\"https:\/\/lobosnews.com.ar\/#organization\"},\"potentialAction\":[{\"@type\":\"SearchAction\",\"target\":{\"@type\":\"EntryPoint\",\"urlTemplate\":\"https:\/\/lobosnews.com.ar\/?s={search_term_string}\"},\"query-input\":{\"@type\":\"PropertyValueSpecification\",\"valueRequired\":true,\"valueName\":\"search_term_string\"}}],\"inLanguage\":\"es\"},{\"@type\":\"Organization\",\"@id\":\"https:\/\/lobosnews.com.ar\/#organization\",\"name\":\"Lobos News\",\"url\":\"https:\/\/lobosnews.com.ar\/\",\"logo\":{\"@type\":\"ImageObject\",\"inLanguage\":\"es\",\"@id\":\"https:\/\/lobosnews.com.ar\/#\/schema\/logo\/image\/\",\"url\":\"https:\/\/lobosnews.com.ar\/wp-content\/uploads\/2026\/01\/logo-lobosnews.png\",\"contentUrl\":\"https:\/\/lobosnews.com.ar\/wp-content\/uploads\/2026\/01\/logo-lobosnews.png\",\"width\":500,\"height\":200,\"caption\":\"Lobos News\"},\"image\":{\"@id\":\"https:\/\/lobosnews.com.ar\/#\/schema\/logo\/image\/\"}},{\"@type\":\"Person\",\"@id\":\"https:\/\/lobosnews.com.ar\/#\/schema\/person\/232422a593d5c541dd9aef6aaed10943\",\"name\":\"admin\",\"image\":{\"@type\":\"ImageObject\",\"inLanguage\":\"es\",\"@id\":\"https:\/\/lobosnews.com.ar\/#\/schema\/person\/image\/\",\"url\":\"https:\/\/secure.gravatar.com\/avatar\/76e419471a2083bc3ceab22a763dbbf9b0c1bd15a6214cf3280e2c2dde4580f9?s=96&d=mm&r=g\",\"contentUrl\":\"https:\/\/secure.gravatar.com\/avatar\/76e419471a2083bc3ceab22a763dbbf9b0c1bd15a6214cf3280e2c2dde4580f9?s=96&d=mm&r=g\",\"caption\":\"admin\"},\"sameAs\":[\"https:\/\/lobosnews.com.ar\"],\"url\":\"https:\/\/lobosnews.com.ar\/index.php\/author\/lobos-news\/\"}]}<\/script>\n<!-- \/ Yoast SEO plugin. -->","yoast_head_json":{"title":"\u201cEste sujeto apesta\u201d: el \u00e1spero cruce entre pilotos en el GP de Australia que revivi\u00f3 una hist\u00f3rica rivalidad - Lobos News","robots":{"index":"index","follow":"follow","max-snippet":"max-snippet:-1","max-image-preview":"max-image-preview:large","max-video-preview":"max-video-preview:-1"},"canonical":"https:\/\/lobosnews.com.ar\/index.php\/2026\/03\/08\/este-sujeto-apesta-el-aspero-cruce-entre-pilotos-en-el-gp-de-australia-que-revivio-una-historica-rivalidad\/","og_locale":"es_ES","og_type":"article","og_title":"\u201cEste sujeto apesta\u201d: el \u00e1spero cruce entre pilotos en el GP de Australia que revivi\u00f3 una hist\u00f3rica rivalidad - Lobos News","og_description":"Cadillac hizo historia al debutar de manera oficial en la F\u00f3rmula 1 en el Gran Premio de Australia. A pesar de que Valtteri Bottas tuvo que abandonar por un problema mec\u00e1nico, Sergio P\u00e9rez logr\u00f3 cruzar la bandera a cuadros en la 16\u00b0 posici\u00f3n, algo que supone un logro para una escuder\u00eda que se construy\u00f3 de...","og_url":"https:\/\/lobosnews.com.ar\/index.php\/2026\/03\/08\/este-sujeto-apesta-el-aspero-cruce-entre-pilotos-en-el-gp-de-australia-que-revivio-una-historica-rivalidad\/","og_site_name":"Lobos News","article_published_time":"2026-03-08T13:28:49+00:00","article_modified_time":"2026-03-08T14:24:44+00:00","og_image":[{"url":"https:\/\/lobosnews.com.ar\/wp-content\/uploads\/2026\/03\/este-sujeto-apesta-el-aspero-cruce-entre-pilotos-en-el-gp-de-australia-que-revivio-una-historica-rivalidad.jpg","type":"","width":"","height":""}],"author":"admin","twitter_card":"summary_large_image","twitter_misc":{"Escrito por":"admin","Tiempo de lectura":"4 minutos"},"schema":{"@context":"https:\/\/schema.org","@graph":[{"@type":"Article","@id":"https:\/\/lobosnews.com.ar\/index.php\/2026\/03\/08\/este-sujeto-apesta-el-aspero-cruce-entre-pilotos-en-el-gp-de-australia-que-revivio-una-historica-rivalidad\/#article","isPartOf":{"@id":"https:\/\/lobosnews.com.ar\/index.php\/2026\/03\/08\/este-sujeto-apesta-el-aspero-cruce-entre-pilotos-en-el-gp-de-australia-que-revivio-una-historica-rivalidad\/"},"author":{"name":"admin","@id":"https:\/\/lobosnews.com.ar\/#\/schema\/person\/232422a593d5c541dd9aef6aaed10943"},"headline":"\u201cEste sujeto apesta\u201d: el \u00e1spero cruce entre pilotos en el GP de Australia que revivi\u00f3 una hist\u00f3rica rivalidad","datePublished":"2026-03-08T13:28:49+00:00","dateModified":"2026-03-08T14:24:44+00:00","mainEntityOfPage":{"@id":"https:\/\/lobosnews.com.ar\/index.php\/2026\/03\/08\/este-sujeto-apesta-el-aspero-cruce-entre-pilotos-en-el-gp-de-australia-que-revivio-una-historica-rivalidad\/"},"wordCount":842,"commentCount":0,"publisher":{"@id":"https:\/\/lobosnews.com.ar\/#organization"},"image":{"@id":"https:\/\/lobosnews.com.ar\/index.php\/2026\/03\/08\/este-sujeto-apesta-el-aspero-cruce-entre-pilotos-en-el-gp-de-australia-que-revivio-una-historica-rivalidad\/#primaryimage"},"thumbnailUrl":"https:\/\/lobosnews.com.ar\/wp-content\/uploads\/2026\/03\/este-sujeto-apesta-el-aspero-cruce-entre-pilotos-en-el-gp-de-australia-que-revivio-una-historica-rivalidad.jpg","keywords":["Deportes"],"articleSection":["Argentina"],"inLanguage":"es","potentialAction":[{"@type":"CommentAction","name":"Comment","target":["https:\/\/lobosnews.com.ar\/index.php\/2026\/03\/08\/este-sujeto-apesta-el-aspero-cruce-entre-pilotos-en-el-gp-de-australia-que-revivio-una-historica-rivalidad\/#respond"]}]},{"@type":"WebPage","@id":"https:\/\/lobosnews.com.ar\/index.php\/2026\/03\/08\/este-sujeto-apesta-el-aspero-cruce-entre-pilotos-en-el-gp-de-australia-que-revivio-una-historica-rivalidad\/","url":"https:\/\/lobosnews.com.ar\/index.php\/2026\/03\/08\/este-sujeto-apesta-el-aspero-cruce-entre-pilotos-en-el-gp-de-australia-que-revivio-una-historica-rivalidad\/","name":"\u201cEste sujeto apesta\u201d: el \u00e1spero cruce entre pilotos en el GP de Australia que revivi\u00f3 una hist\u00f3rica rivalidad - Lobos News","isPartOf":{"@id":"https:\/\/lobosnews.com.ar\/#website"},"primaryImageOfPage":{"@id":"https:\/\/lobosnews.com.ar\/index.php\/2026\/03\/08\/este-sujeto-apesta-el-aspero-cruce-entre-pilotos-en-el-gp-de-australia-que-revivio-una-historica-rivalidad\/#primaryimage"},"image":{"@id":"https:\/\/lobosnews.com.ar\/index.php\/2026\/03\/08\/este-sujeto-apesta-el-aspero-cruce-entre-pilotos-en-el-gp-de-australia-que-revivio-una-historica-rivalidad\/#primaryimage"},"thumbnailUrl":"https:\/\/lobosnews.com.ar\/wp-content\/uploads\/2026\/03\/este-sujeto-apesta-el-aspero-cruce-entre-pilotos-en-el-gp-de-australia-que-revivio-una-historica-rivalidad.jpg","datePublished":"2026-03-08T13:28:49+00:00","dateModified":"2026-03-08T14:24:44+00:00","breadcrumb":{"@id":"https:\/\/lobosnews.com.ar\/index.php\/2026\/03\/08\/este-sujeto-apesta-el-aspero-cruce-entre-pilotos-en-el-gp-de-australia-que-revivio-una-historica-rivalidad\/#breadcrumb"},"inLanguage":"es","potentialAction":[{"@type":"ReadAction","target":["https:\/\/lobosnews.com.ar\/index.php\/2026\/03\/08\/este-sujeto-apesta-el-aspero-cruce-entre-pilotos-en-el-gp-de-australia-que-revivio-una-historica-rivalidad\/"]}]},{"@type":"ImageObject","inLanguage":"es","@id":"https:\/\/lobosnews.com.ar\/index.php\/2026\/03\/08\/este-sujeto-apesta-el-aspero-cruce-entre-pilotos-en-el-gp-de-australia-que-revivio-una-historica-rivalidad\/#primaryimage","url":"https:\/\/lobosnews.com.ar\/wp-content\/uploads\/2026\/03\/este-sujeto-apesta-el-aspero-cruce-entre-pilotos-en-el-gp-de-australia-que-revivio-una-historica-rivalidad.jpg","contentUrl":"https:\/\/lobosnews.com.ar\/wp-content\/uploads\/2026\/03\/este-sujeto-apesta-el-aspero-cruce-entre-pilotos-en-el-gp-de-australia-que-revivio-una-historica-rivalidad.jpg"},{"@type":"BreadcrumbList","@id":"https:\/\/lobosnews.com.ar\/index.php\/2026\/03\/08\/este-sujeto-apesta-el-aspero-cruce-entre-pilotos-en-el-gp-de-australia-que-revivio-una-historica-rivalidad\/#breadcrumb","itemListElement":[{"@type":"ListItem","position":1,"name":"Portada","item":"https:\/\/lobosnews.com.ar\/"},{"@type":"ListItem","position":2,"name":"\u201cEste sujeto apesta\u201d: el \u00e1spero cruce entre pilotos en el GP de Australia que revivi\u00f3 una hist\u00f3rica rivalidad"}]},{"@type":"WebSite","@id":"https:\/\/lobosnews.com.ar\/#website","url":"https:\/\/lobosnews.com.ar\/","name":"Lobos News","description":"Informaci\u00f3n a cada instante","publisher":{"@id":"https:\/\/lobosnews.com.ar\/#organization"},"potentialAction":[{"@type":"SearchAction","target":{"@type":"EntryPoint","urlTemplate":"https:\/\/lobosnews.com.ar\/?s={search_term_string}"},"query-input":{"@type":"PropertyValueSpecification","valueRequired":true,"valueName":"search_term_string"}}],"inLanguage":"es"},{"@type":"Organization","@id":"https:\/\/lobosnews.com.ar\/#organization","name":"Lobos News","url":"https:\/\/lobosnews.com.ar\/","logo":{"@type":"ImageObject","inLanguage":"es","@id":"https:\/\/lobosnews.com.ar\/#\/schema\/logo\/image\/","url":"https:\/\/lobosnews.com.ar\/wp-content\/uploads\/2026\/01\/logo-lobosnews.png","contentUrl":"https:\/\/lobosnews.com.ar\/wp-content\/uploads\/2026\/01\/logo-lobosnews.png","width":500,"height":200,"caption":"Lobos News"},"image":{"@id":"https:\/\/lobosnews.com.ar\/#\/schema\/logo\/image\/"}},{"@type":"Person","@id":"https:\/\/lobosnews.com.ar\/#\/schema\/person\/232422a593d5c541dd9aef6aaed10943","name":"admin","image":{"@type":"ImageObject","inLanguage":"es","@id":"https:\/\/lobosnews.com.ar\/#\/schema\/person\/image\/","url":"https:\/\/secure.gravatar.com\/avatar\/76e419471a2083bc3ceab22a763dbbf9b0c1bd15a6214cf3280e2c2dde4580f9?s=96&d=mm&r=g","contentUrl":"https:\/\/secure.gravatar.com\/avatar\/76e419471a2083bc3ceab22a763dbbf9b0c1bd15a6214cf3280e2c2dde4580f9?s=96&d=mm&r=g","caption":"admin"},"sameAs":["https:\/\/lobosnews.com.ar"],"url":"https:\/\/lobosnews.com.ar\/index.php\/author\/lobos-news\/"}]}},"jetpack_featured_media_url":"","jetpack_sharing_enabled":true,"_links":{"self":[{"href":"https:\/\/lobosnews.com.ar\/index.php\/wp-json\/wp\/v2\/posts\/30747","targetHints":{"allow":["GET"]}}],"collection":[{"href":"https:\/\/lobosnews.com.ar\/index.php\/wp-json\/wp\/v2\/posts"}],"about":[{"href":"https:\/\/lobosnews.com.ar\/index.php\/wp-json\/wp\/v2\/types\/post"}],"author":[{"embeddable":true,"href":"https:\/\/lobosnews.com.ar\/index.php\/wp-json\/wp\/v2\/users\/1"}],"replies":[{"embeddable":true,"href":"https:\/\/lobosnews.com.ar\/index.php\/wp-json\/wp\/v2\/comments?post=30747"}],"version-history":[{"count":1,"href":"https:\/\/lobosnews.com.ar\/index.php\/wp-json\/wp\/v2\/posts\/30747\/revisions"}],"predecessor-version":[{"id":30749,"href":"https:\/\/lobosnews.com.ar\/index.php\/wp-json\/wp\/v2\/posts\/30747\/revisions\/30749"}],"wp:attachment":[{"href":"https:\/\/lobosnews.com.ar\/index.php\/wp-json\/wp\/v2\/media?parent=30747"}],"wp:term":[{"taxonomy":"category","embeddable":true,"href":"https:\/\/lobosnews.com.ar\/index.php\/wp-json\/wp\/v2\/categories?post=30747"},{"taxonomy":"post_tag","embeddable":true,"href":"https:\/\/lobosnews.com.ar\/index.php\/wp-json\/wp\/v2\/tags?post=30747"}],"curies":[{"name":"wp","href":"https:\/\/api.w.org\/{rel}","templated":true}]}}