{"id":30740,"date":"2026-03-08T08:28:23","date_gmt":"2026-03-08T08:28:23","guid":{"rendered":"https:\/\/lobosnews.com.ar\/index.php\/2026\/03\/08\/a-mas-de-11-anos-de-la-desaparicion-de-nicolas-godoy-detuvieron-a-un-hombre-acusado-de-haberlo-asesinado\/"},"modified":"2026-03-08T11:59:05","modified_gmt":"2026-03-08T11:59:05","slug":"a-mas-de-11-anos-de-la-desaparicion-de-nicolas-godoy-detuvieron-a-un-hombre-acusado-de-haberlo-asesinado","status":"publish","type":"post","link":"https:\/\/lobosnews.com.ar\/index.php\/2026\/03\/08\/a-mas-de-11-anos-de-la-desaparicion-de-nicolas-godoy-detuvieron-a-un-hombre-acusado-de-haberlo-asesinado\/","title":{"rendered":"A m\u00e1s de 11 a\u00f1os de la desaparici\u00f3n de Nicol\u00e1s Godoy, detuvieron a un hombre acusado de haberlo asesinado"},"content":{"rendered":"<p><img loading=\"lazy\" decoding=\"async\" src=\"https:\/\/lobosnews.com.ar\/wp-content\/uploads\/2026\/03\/a-mas-de-11-anos-de-la-desaparicion-de-nicolas-godoy-detuvieron-a-un-hombre-acusado-de-haberlo-asesinado.jpg\" alt=\"La v\u00edctima hab\u00eda manifestado tener miedo antes de su desaparici\u00f3n (Facebook: FM DaLe! Venado Tuerto)\" height=\"1080\" width=\"1980\"\/><\/p>\n<p>M\u00e1s de once a\u00f1os transcurrieron desde la \u00faltima vez que se lo vio con vida a <b>Nicol\u00e1s Christian Godoy<\/b>. El 15 de julio de 2014, su auto fue encontrado calcinado en<b> Venado Tuerto<\/b>, pero <b>nunca se encontr\u00f3 su cuerpo<\/b>. La causa estuvo al borde de la prescripci\u00f3n, pero la investigaci\u00f3n dio un giro al ordenarse la detenci\u00f3n y prisi\u00f3n preventiva de <b>Jos\u00e9 Mar\u00eda Balbi<\/b>, quien pas\u00f3 a ser el principal acusado del hecho.<\/p>\n<p>Luego de que se incorporaran pruebas y testimonios claves al expediente, el juez a cargo de la causa, <b>Adri\u00e1n Godoy<\/b>, dict\u00f3 la resoluci\u00f3n tras una audiencia extensa, apuntando a Balbi como presunto autor de <b>homicidio simple agravado<\/b> <b>por el uso de arma de fuego, da\u00f1o y encubrimiento agravado<\/b>.<\/p>\n<p>El giro que revitaliz\u00f3 el caso provino del testimonio de una mujer identificada en el expediente como <b>\u201cA-1\u201d<\/b>, cuya identidad permanece bajo resguardo. Seg\u00fan trascendi\u00f3, la testigo acudi\u00f3 a la Fiscal\u00eda en diciembre de 2025 para denunciar maltrato por parte de Balbi, quien entonces estaba detenido en Melincu\u00e9 por <b>violencia de g\u00e9nero<\/b>.<\/p>\n<p>La mujer manifest\u00f3 que el acusado sol\u00eda referirse despectivamente a la v\u00edctima llam\u00e1ndolo \u201cel finadito\u201d. Adem\u00e1s, denunci\u00f3 que el hombre le habr\u00eda reconocido que sab\u00eda qu\u00e9 hab\u00eda pasado con el joven, sino que tambi\u00e9n<b> la amenazaba, dici\u00e9ndole que podr\u00eda \u201cdesaparecer como Nicol\u00e1s Godoy\u201d<\/b>. Por este motivo, manifest\u00f3 que viv\u00eda con miedo.<\/p>\n<p><img loading=\"lazy\" decoding=\"async\" src=\"https:\/\/lobosnews.com.ar\/wp-content\/uploads\/2026\/03\/a-mas-de-11-anos-de-la-desaparicion-de-nicolas-godoy-detuvieron-a-un-hombre-acusado-de-haberlo-asesinado-1.jpg\" alt=\"As\u00ed fue encontrado el auto de la v\u00edctima (Gentileza: Venado 24)\" height=\"349\" width=\"640\"\/><\/p>\n<p>De acuerdo con la denuncia, la testigo describi\u00f3 a Balbi como una persona violenta, proclive a las agresiones f\u00edsicas y verbales, con un consumo habitual de alcohol. Tambi\u00e9n revel\u00f3 que el acusado lleg\u00f3 a afirmar, en tono amenazante, que a Godoy lo hab\u00eda dejado <b>\u201cpara que se lo comieran las carpas\u201d<\/b>, frase que sol\u00eda repetir cuando la intimidaba.<\/p>\n<p>Durante los a\u00f1os de incertidumbre, el <b>Gobierno de Santa Fe<\/b> lleg\u00f3 a ofrecer una recompensa de <b>8 millones de pesos<\/b> para hallar datos sobre el paradero de Godoy. Pese a las b\u00fasquedas que se realizaron en campos y zanjones de la regi\u00f3n, el cuerpo del joven nunca fue encontrado.<\/p>\n<p>El 16 de julio de 2014, el autom\u00f3vil de la v\u00edctima, un <b>Volkswagen Quantum<\/b>, explot\u00f3 en un monte pr\u00f3ximo al circuito Esteban \u201cKeni\u201d Soli\u00e1n. La detonaci\u00f3n fue audible en los alrededores y solo quedaron restos calcinados. Seg\u00fan el sitio <i>Pueblo Regional, <\/i>la noche anterior, una vecina hab\u00eda visto el veh\u00edculo abandonado con las llaves puestas en la calle Covacevich al 700.<\/p>\n<p>La ausencia s\u00fabita del joven, junto a la desaparici\u00f3n de sus dos perros b\u00f3xer \u2014Duke y Buda\u2014 que luego aparecieron deambulando por zonas rurales, fortaleci\u00f3 la inc\u00f3gnita. Seg\u00fan reconstruy\u00f3 <i>Rosario 3<\/i>,<b> la \u00faltima aparici\u00f3n confirmada de Nicol\u00e1s data del 14 de julio de 2014<\/b>, cuando realizaba tr\u00e1mites para su abuelo y circulaba cerca de la terminal de \u00f3mnibus de Venado Tuerto.<\/p>\n<p><img loading=\"lazy\" decoding=\"async\" src=\"https:\/\/lobosnews.com.ar\/wp-content\/uploads\/2026\/03\/a-mas-de-11-anos-de-la-desaparicion-de-nicolas-godoy-detuvieron-a-un-hombre-acusado-de-haberlo-asesinado-2.jpg\" alt=\"Nicol\u00e1s junto a uno de sus perros (Facebook: FM DaLe! Venado Tuerto)\" height=\"714\" width=\"1280\"\/><\/p>\n<p>En la \u00faltima audiencia realizada por el caso, las fiscales <b>Mayra Vuletic<\/b> y <b>Marianela Montemarini Menna<\/b> relataron c\u00f3mo fueron los movimientos previos y posteriores a la desaparici\u00f3n. Adem\u00e1s, incorporaron pruebas t\u00e9cnicas notables, ya que <b>el an\u00e1lisis de impacto de antenas de telefon\u00eda permiti\u00f3 ubicar el tel\u00e9fono de Balbi en los trayectos investigados durante la madrugada del crimen<\/b>.<\/p>\n<p>Tras presentar esta prueba, se\u00f1alaron que los peritajes permitieron constatar que <b>Balbi alternaba entre varias l\u00edneas y cambiaba los chips con frecuencia<\/b>. Bajo el punto de vista de las investigadoras, ese proceder se constituir\u00eda como una estrategia deliberada de evasi\u00f3n.<\/p>\n<p>Como parte del argumento presentado por la Fiscal\u00eda, se plante\u00f3 que <b>el m\u00f3vil principal estar\u00eda relacionado con un conflicto econ\u00f3mico entre Godoy y Balbi<\/b>. De acuerdo a la reconstrucci\u00f3n expuesta a <i>Venado24<\/i>, el joven hab\u00eda comprado un veh\u00edculo a Balbi entregando cheques de Agataura, empresa de su familia, que habr\u00edan sido sustra\u00eddos y firmados de manera ap\u00f3crifa. Al descubrir el enga\u00f1o, el titular de la cuenta bloque\u00f3 los valores y Balbi no pudo cobrarlos, lo que desat\u00f3 una disputa judicial.<\/p>\n<p><img loading=\"lazy\" decoding=\"async\" src=\"https:\/\/lobosnews.com.ar\/wp-content\/uploads\/2026\/03\/a-mas-de-11-anos-de-la-desaparicion-de-nicolas-godoy-detuvieron-a-un-hombre-acusado-de-haberlo-asesinado-3.jpg\" alt=\"Los avisos de b\u00fasqueda difundidos por las autoridades\" height=\"714\" width=\"480\"\/><\/p>\n<p>En ese contexto, las fiscales indicaron que en los meses previos a su desaparici\u00f3n, Godoy hab\u00eda manifestado que ten\u00eda miedo. Desde ese entonces, hab\u00eda evitado salir de noche del campo familiar y adquiri\u00f3 dos armas cortas por precauci\u00f3n, seg\u00fan relataron amigos y familiares ante el tribunal.<\/p>\n<p>Por esto, la fiscal <b>Vuletic plante\u00f3 que la madrugada del 15 de julio de 2014, Balbi lo habr\u00eda interceptado cuando conduc\u00eda<\/b>. En ese momento, lo habr\u00eda matado de un disparo y luego habr\u00eda abandonado a los perros en el \u00e1rea rural.<\/p>\n<p>Finalmente, habr\u00eda trasladado el cuerpo a un sitio que a\u00fan no fue determinado y dej\u00f3 el autom\u00f3vil en Covacevich al 700. Dos d\u00edas despu\u00e9s del crimen, con la desaparici\u00f3n ya p\u00fablica, Balbi habr\u00eda retirado el veh\u00edculo y lo incendi\u00f3 fuera del ejido urbano para eliminar cualquier tipo de prueba que pudiera vincularlo.<\/p>\n","protected":false},"excerpt":{"rendered":"<p>M\u00e1s de once a\u00f1os transcurrieron desde la \u00faltima vez que se lo vio con vida a Nicol\u00e1s Christian Godoy. El 15 de julio de 2014, su auto fue encontrado calcinado en Venado Tuerto, pero nunca se encontr\u00f3 su cuerpo. La causa estuvo al borde de la prescripci\u00f3n, pero la investigaci\u00f3n dio un giro al ordenarse&#8230;<\/p>\n","protected":false},"author":1,"featured_media":30746,"comment_status":"open","ping_status":"closed","sticky":false,"template":"","format":"standard","meta":{"_jetpack_memberships_contains_paid_content":false,"footnotes":""},"categories":[31,30,32,77,84,35,36,37],"tags":[],"class_list":["post-30740","post","type-post","status-publish","format-standard","has-post-thumbnail","hentry","category-actualidad","category-argentina","category-economia","category-inseguridad","category-masradios-com","category-nacionales","category-seguridad","category-sociedad"],"magazineBlocksPostFeaturedMedia":{"thumbnail":"https:\/\/lobosnews.com.ar\/wp-content\/uploads\/2026\/03\/a-mas-de-11-anos-de-la-desaparicion-de-nicolas-godoy-detuvieron-a-un-hombre-acusado-de-haberlo-asesinado-6-150x150.jpg","medium":"https:\/\/lobosnews.com.ar\/wp-content\/uploads\/2026\/03\/a-mas-de-11-anos-de-la-desaparicion-de-nicolas-godoy-detuvieron-a-un-hombre-acusado-de-haberlo-asesinado-6-202x300.jpg","medium_large":"https:\/\/lobosnews.com.ar\/wp-content\/uploads\/2026\/03\/a-mas-de-11-anos-de-la-desaparicion-de-nicolas-godoy-detuvieron-a-un-hombre-acusado-de-haberlo-asesinado-6.jpg","large":"https:\/\/lobosnews.com.ar\/wp-content\/uploads\/2026\/03\/a-mas-de-11-anos-de-la-desaparicion-de-nicolas-godoy-detuvieron-a-un-hombre-acusado-de-haberlo-asesinado-6.jpg","1536x1536":"https:\/\/lobosnews.com.ar\/wp-content\/uploads\/2026\/03\/a-mas-de-11-anos-de-la-desaparicion-de-nicolas-godoy-detuvieron-a-un-hombre-acusado-de-haberlo-asesinado-6.jpg","2048x2048":"https:\/\/lobosnews.com.ar\/wp-content\/uploads\/2026\/03\/a-mas-de-11-anos-de-la-desaparicion-de-nicolas-godoy-detuvieron-a-un-hombre-acusado-de-haberlo-asesinado-6.jpg","newsmatic-featured":"https:\/\/lobosnews.com.ar\/wp-content\/uploads\/2026\/03\/a-mas-de-11-anos-de-la-desaparicion-de-nicolas-godoy-detuvieron-a-un-hombre-acusado-de-haberlo-asesinado-6-480x545.jpg","newsmatic-list":"https:\/\/lobosnews.com.ar\/wp-content\/uploads\/2026\/03\/a-mas-de-11-anos-de-la-desaparicion-de-nicolas-godoy-detuvieron-a-un-hombre-acusado-de-haberlo-asesinado-6-480x400.jpg","newsmatic-thumb":"https:\/\/lobosnews.com.ar\/wp-content\/uploads\/2026\/03\/a-mas-de-11-anos-de-la-desaparicion-de-nicolas-godoy-detuvieron-a-un-hombre-acusado-de-haberlo-asesinado-6-300x200.jpg","newsmatic-small":"https:\/\/lobosnews.com.ar\/wp-content\/uploads\/2026\/03\/a-mas-de-11-anos-de-la-desaparicion-de-nicolas-godoy-detuvieron-a-un-hombre-acusado-de-haberlo-asesinado-6-150x95.jpg","newsmatic-grid":"https:\/\/lobosnews.com.ar\/wp-content\/uploads\/2026\/03\/a-mas-de-11-anos-de-la-desaparicion-de-nicolas-godoy-detuvieron-a-un-hombre-acusado-de-haberlo-asesinado-6-400x250.jpg"},"magazineBlocksPostAuthor":{"name":"admin","avatar":"https:\/\/secure.gravatar.com\/avatar\/76e419471a2083bc3ceab22a763dbbf9b0c1bd15a6214cf3280e2c2dde4580f9?s=96&d=mm&r=g"},"magazineBlocksPostCommentsNumber":"0","magazineBlocksPostExcerpt":"M\u00e1s de once a\u00f1os transcurrieron desde la \u00faltima vez que se lo vio con vida a Nicol\u00e1s Christian Godoy. El 15 de julio de 2014, su auto fue encontrado calcinado en Venado Tuerto, pero nunca se encontr\u00f3 su cuerpo. La causa estuvo al borde de la prescripci\u00f3n, pero la investigaci\u00f3n dio un giro al ordenarse...","magazineBlocksPostCategories":["Actualidad","Argentina","econom\u00eda","inseguridad","masradios.com","nacionales","seguridad","sociedad"],"magazineBlocksPostViewCount":79,"magazineBlocksPostReadTime":5,"magazine_blocks_featured_image_url":{"full":["https:\/\/lobosnews.com.ar\/wp-content\/uploads\/2026\/03\/a-mas-de-11-anos-de-la-desaparicion-de-nicolas-godoy-detuvieron-a-un-hombre-acusado-de-haberlo-asesinado-6.jpg",480,714,false],"medium":["https:\/\/lobosnews.com.ar\/wp-content\/uploads\/2026\/03\/a-mas-de-11-anos-de-la-desaparicion-de-nicolas-godoy-detuvieron-a-un-hombre-acusado-de-haberlo-asesinado-6-202x300.jpg",202,300,true],"thumbnail":["https:\/\/lobosnews.com.ar\/wp-content\/uploads\/2026\/03\/a-mas-de-11-anos-de-la-desaparicion-de-nicolas-godoy-detuvieron-a-un-hombre-acusado-de-haberlo-asesinado-6-150x150.jpg",150,150,true]},"magazine_blocks_author":{"display_name":"admin","author_link":"https:\/\/lobosnews.com.ar\/index.php\/author\/lobos-news\/"},"magazine_blocks_comment":0,"magazine_blocks_author_image":"https:\/\/secure.gravatar.com\/avatar\/76e419471a2083bc3ceab22a763dbbf9b0c1bd15a6214cf3280e2c2dde4580f9?s=96&d=mm&r=g","magazine_blocks_category":"<a href=\"#\" class=\"category-link category-link-31\">Actualidad<\/a> <a href=\"#\" class=\"category-link category-link-30\">Argentina<\/a> <a href=\"#\" class=\"category-link category-link-32\">econom\u00eda<\/a> <a href=\"#\" class=\"category-link category-link-77\">inseguridad<\/a> <a href=\"#\" class=\"category-link category-link-84\">masradios.com<\/a> <a href=\"#\" class=\"category-link category-link-35\">nacionales<\/a> <a href=\"#\" class=\"category-link category-link-36\">seguridad<\/a> <a href=\"#\" class=\"category-link category-link-37\">sociedad<\/a>","yoast_head":"<!-- This site is optimized with the Yoast SEO plugin v26.6 - https:\/\/yoast.com\/wordpress\/plugins\/seo\/ -->\n<title>A m\u00e1s de 11 a\u00f1os de la desaparici\u00f3n de Nicol\u00e1s Godoy, detuvieron a un hombre acusado de haberlo asesinado - Lobos News<\/title>\n<meta name=\"robots\" content=\"index, follow, max-snippet:-1, max-image-preview:large, max-video-preview:-1\" \/>\n<link rel=\"canonical\" href=\"https:\/\/lobosnews.com.ar\/index.php\/2026\/03\/08\/a-mas-de-11-anos-de-la-desaparicion-de-nicolas-godoy-detuvieron-a-un-hombre-acusado-de-haberlo-asesinado\/\" \/>\n<meta property=\"og:locale\" content=\"es_ES\" \/>\n<meta property=\"og:type\" content=\"article\" \/>\n<meta property=\"og:title\" content=\"A m\u00e1s de 11 a\u00f1os de la desaparici\u00f3n de Nicol\u00e1s Godoy, detuvieron a un hombre acusado de haberlo asesinado - Lobos News\" \/>\n<meta property=\"og:description\" content=\"M\u00e1s de once a\u00f1os transcurrieron desde la \u00faltima vez que se lo vio con vida a Nicol\u00e1s Christian Godoy. El 15 de julio de 2014, su auto fue encontrado calcinado en Venado Tuerto, pero nunca se encontr\u00f3 su cuerpo. La causa estuvo al borde de la prescripci\u00f3n, pero la investigaci\u00f3n dio un giro al ordenarse...\" \/>\n<meta property=\"og:url\" content=\"https:\/\/lobosnews.com.ar\/index.php\/2026\/03\/08\/a-mas-de-11-anos-de-la-desaparicion-de-nicolas-godoy-detuvieron-a-un-hombre-acusado-de-haberlo-asesinado\/\" \/>\n<meta property=\"og:site_name\" content=\"Lobos News\" \/>\n<meta property=\"article:published_time\" content=\"2026-03-08T08:28:23+00:00\" \/>\n<meta property=\"article:modified_time\" content=\"2026-03-08T11:59:05+00:00\" \/>\n<meta property=\"og:image\" content=\"https:\/\/lobosnews.com.ar\/wp-content\/uploads\/2026\/03\/a-mas-de-11-anos-de-la-desaparicion-de-nicolas-godoy-detuvieron-a-un-hombre-acusado-de-haberlo-asesinado.jpg\" \/>\n<meta name=\"author\" content=\"admin\" \/>\n<meta name=\"twitter:card\" content=\"summary_large_image\" \/>\n<meta name=\"twitter:label1\" content=\"Escrito por\" \/>\n\t<meta name=\"twitter:data1\" content=\"admin\" \/>\n\t<meta name=\"twitter:label2\" content=\"Tiempo de lectura\" \/>\n\t<meta name=\"twitter:data2\" content=\"4 minutos\" \/>\n<script type=\"application\/ld+json\" class=\"yoast-schema-graph\">{\"@context\":\"https:\/\/schema.org\",\"@graph\":[{\"@type\":\"Article\",\"@id\":\"https:\/\/lobosnews.com.ar\/index.php\/2026\/03\/08\/a-mas-de-11-anos-de-la-desaparicion-de-nicolas-godoy-detuvieron-a-un-hombre-acusado-de-haberlo-asesinado\/#article\",\"isPartOf\":{\"@id\":\"https:\/\/lobosnews.com.ar\/index.php\/2026\/03\/08\/a-mas-de-11-anos-de-la-desaparicion-de-nicolas-godoy-detuvieron-a-un-hombre-acusado-de-haberlo-asesinado\/\"},\"author\":{\"name\":\"admin\",\"@id\":\"https:\/\/lobosnews.com.ar\/#\/schema\/person\/232422a593d5c541dd9aef6aaed10943\"},\"headline\":\"A m\u00e1s de 11 a\u00f1os de la desaparici\u00f3n de Nicol\u00e1s Godoy, detuvieron a un hombre acusado de haberlo asesinado\",\"datePublished\":\"2026-03-08T08:28:23+00:00\",\"dateModified\":\"2026-03-08T11:59:05+00:00\",\"mainEntityOfPage\":{\"@id\":\"https:\/\/lobosnews.com.ar\/index.php\/2026\/03\/08\/a-mas-de-11-anos-de-la-desaparicion-de-nicolas-godoy-detuvieron-a-un-hombre-acusado-de-haberlo-asesinado\/\"},\"wordCount\":868,\"commentCount\":0,\"publisher\":{\"@id\":\"https:\/\/lobosnews.com.ar\/#organization\"},\"image\":{\"@id\":\"https:\/\/lobosnews.com.ar\/index.php\/2026\/03\/08\/a-mas-de-11-anos-de-la-desaparicion-de-nicolas-godoy-detuvieron-a-un-hombre-acusado-de-haberlo-asesinado\/#primaryimage\"},\"thumbnailUrl\":\"https:\/\/lobosnews.com.ar\/wp-content\/uploads\/2026\/03\/a-mas-de-11-anos-de-la-desaparicion-de-nicolas-godoy-detuvieron-a-un-hombre-acusado-de-haberlo-asesinado-6.jpg\",\"articleSection\":[\"Actualidad\",\"Argentina\",\"econom\u00eda\",\"inseguridad\",\"masradios.com\",\"nacionales\",\"seguridad\",\"sociedad\"],\"inLanguage\":\"es\",\"potentialAction\":[{\"@type\":\"CommentAction\",\"name\":\"Comment\",\"target\":[\"https:\/\/lobosnews.com.ar\/index.php\/2026\/03\/08\/a-mas-de-11-anos-de-la-desaparicion-de-nicolas-godoy-detuvieron-a-un-hombre-acusado-de-haberlo-asesinado\/#respond\"]}]},{\"@type\":\"WebPage\",\"@id\":\"https:\/\/lobosnews.com.ar\/index.php\/2026\/03\/08\/a-mas-de-11-anos-de-la-desaparicion-de-nicolas-godoy-detuvieron-a-un-hombre-acusado-de-haberlo-asesinado\/\",\"url\":\"https:\/\/lobosnews.com.ar\/index.php\/2026\/03\/08\/a-mas-de-11-anos-de-la-desaparicion-de-nicolas-godoy-detuvieron-a-un-hombre-acusado-de-haberlo-asesinado\/\",\"name\":\"A m\u00e1s de 11 a\u00f1os de la desaparici\u00f3n de Nicol\u00e1s Godoy, detuvieron a un hombre acusado de haberlo asesinado - Lobos News\",\"isPartOf\":{\"@id\":\"https:\/\/lobosnews.com.ar\/#website\"},\"primaryImageOfPage\":{\"@id\":\"https:\/\/lobosnews.com.ar\/index.php\/2026\/03\/08\/a-mas-de-11-anos-de-la-desaparicion-de-nicolas-godoy-detuvieron-a-un-hombre-acusado-de-haberlo-asesinado\/#primaryimage\"},\"image\":{\"@id\":\"https:\/\/lobosnews.com.ar\/index.php\/2026\/03\/08\/a-mas-de-11-anos-de-la-desaparicion-de-nicolas-godoy-detuvieron-a-un-hombre-acusado-de-haberlo-asesinado\/#primaryimage\"},\"thumbnailUrl\":\"https:\/\/lobosnews.com.ar\/wp-content\/uploads\/2026\/03\/a-mas-de-11-anos-de-la-desaparicion-de-nicolas-godoy-detuvieron-a-un-hombre-acusado-de-haberlo-asesinado-6.jpg\",\"datePublished\":\"2026-03-08T08:28:23+00:00\",\"dateModified\":\"2026-03-08T11:59:05+00:00\",\"breadcrumb\":{\"@id\":\"https:\/\/lobosnews.com.ar\/index.php\/2026\/03\/08\/a-mas-de-11-anos-de-la-desaparicion-de-nicolas-godoy-detuvieron-a-un-hombre-acusado-de-haberlo-asesinado\/#breadcrumb\"},\"inLanguage\":\"es\",\"potentialAction\":[{\"@type\":\"ReadAction\",\"target\":[\"https:\/\/lobosnews.com.ar\/index.php\/2026\/03\/08\/a-mas-de-11-anos-de-la-desaparicion-de-nicolas-godoy-detuvieron-a-un-hombre-acusado-de-haberlo-asesinado\/\"]}]},{\"@type\":\"ImageObject\",\"inLanguage\":\"es\",\"@id\":\"https:\/\/lobosnews.com.ar\/index.php\/2026\/03\/08\/a-mas-de-11-anos-de-la-desaparicion-de-nicolas-godoy-detuvieron-a-un-hombre-acusado-de-haberlo-asesinado\/#primaryimage\",\"url\":\"https:\/\/lobosnews.com.ar\/wp-content\/uploads\/2026\/03\/a-mas-de-11-anos-de-la-desaparicion-de-nicolas-godoy-detuvieron-a-un-hombre-acusado-de-haberlo-asesinado-6.jpg\",\"contentUrl\":\"https:\/\/lobosnews.com.ar\/wp-content\/uploads\/2026\/03\/a-mas-de-11-anos-de-la-desaparicion-de-nicolas-godoy-detuvieron-a-un-hombre-acusado-de-haberlo-asesinado-6.jpg\",\"width\":480,\"height\":714,\"caption\":\"A m\u00e1s de 11 a\u00f1os de la desaparici\u00f3n de Nicol\u00e1s Godoy, detuvieron a un hombre acusado de haberlo asesinado\"},{\"@type\":\"BreadcrumbList\",\"@id\":\"https:\/\/lobosnews.com.ar\/index.php\/2026\/03\/08\/a-mas-de-11-anos-de-la-desaparicion-de-nicolas-godoy-detuvieron-a-un-hombre-acusado-de-haberlo-asesinado\/#breadcrumb\",\"itemListElement\":[{\"@type\":\"ListItem\",\"position\":1,\"name\":\"Portada\",\"item\":\"https:\/\/lobosnews.com.ar\/\"},{\"@type\":\"ListItem\",\"position\":2,\"name\":\"A m\u00e1s de 11 a\u00f1os de la desaparici\u00f3n de Nicol\u00e1s Godoy, detuvieron a un hombre acusado de haberlo asesinado\"}]},{\"@type\":\"WebSite\",\"@id\":\"https:\/\/lobosnews.com.ar\/#website\",\"url\":\"https:\/\/lobosnews.com.ar\/\",\"name\":\"Lobos News\",\"description\":\"Informaci\u00f3n a cada instante\",\"publisher\":{\"@id\":\"https:\/\/lobosnews.com.ar\/#organization\"},\"potentialAction\":[{\"@type\":\"SearchAction\",\"target\":{\"@type\":\"EntryPoint\",\"urlTemplate\":\"https:\/\/lobosnews.com.ar\/?s={search_term_string}\"},\"query-input\":{\"@type\":\"PropertyValueSpecification\",\"valueRequired\":true,\"valueName\":\"search_term_string\"}}],\"inLanguage\":\"es\"},{\"@type\":\"Organization\",\"@id\":\"https:\/\/lobosnews.com.ar\/#organization\",\"name\":\"Lobos News\",\"url\":\"https:\/\/lobosnews.com.ar\/\",\"logo\":{\"@type\":\"ImageObject\",\"inLanguage\":\"es\",\"@id\":\"https:\/\/lobosnews.com.ar\/#\/schema\/logo\/image\/\",\"url\":\"https:\/\/lobosnews.com.ar\/wp-content\/uploads\/2026\/01\/logo-lobosnews.png\",\"contentUrl\":\"https:\/\/lobosnews.com.ar\/wp-content\/uploads\/2026\/01\/logo-lobosnews.png\",\"width\":500,\"height\":200,\"caption\":\"Lobos News\"},\"image\":{\"@id\":\"https:\/\/lobosnews.com.ar\/#\/schema\/logo\/image\/\"}},{\"@type\":\"Person\",\"@id\":\"https:\/\/lobosnews.com.ar\/#\/schema\/person\/232422a593d5c541dd9aef6aaed10943\",\"name\":\"admin\",\"image\":{\"@type\":\"ImageObject\",\"inLanguage\":\"es\",\"@id\":\"https:\/\/lobosnews.com.ar\/#\/schema\/person\/image\/\",\"url\":\"https:\/\/secure.gravatar.com\/avatar\/76e419471a2083bc3ceab22a763dbbf9b0c1bd15a6214cf3280e2c2dde4580f9?s=96&d=mm&r=g\",\"contentUrl\":\"https:\/\/secure.gravatar.com\/avatar\/76e419471a2083bc3ceab22a763dbbf9b0c1bd15a6214cf3280e2c2dde4580f9?s=96&d=mm&r=g\",\"caption\":\"admin\"},\"sameAs\":[\"https:\/\/lobosnews.com.ar\"],\"url\":\"https:\/\/lobosnews.com.ar\/index.php\/author\/lobos-news\/\"}]}<\/script>\n<!-- \/ Yoast SEO plugin. -->","yoast_head_json":{"title":"A m\u00e1s de 11 a\u00f1os de la desaparici\u00f3n de Nicol\u00e1s Godoy, detuvieron a un hombre acusado de haberlo asesinado - Lobos News","robots":{"index":"index","follow":"follow","max-snippet":"max-snippet:-1","max-image-preview":"max-image-preview:large","max-video-preview":"max-video-preview:-1"},"canonical":"https:\/\/lobosnews.com.ar\/index.php\/2026\/03\/08\/a-mas-de-11-anos-de-la-desaparicion-de-nicolas-godoy-detuvieron-a-un-hombre-acusado-de-haberlo-asesinado\/","og_locale":"es_ES","og_type":"article","og_title":"A m\u00e1s de 11 a\u00f1os de la desaparici\u00f3n de Nicol\u00e1s Godoy, detuvieron a un hombre acusado de haberlo asesinado - Lobos News","og_description":"M\u00e1s de once a\u00f1os transcurrieron desde la \u00faltima vez que se lo vio con vida a Nicol\u00e1s Christian Godoy. El 15 de julio de 2014, su auto fue encontrado calcinado en Venado Tuerto, pero nunca se encontr\u00f3 su cuerpo. La causa estuvo al borde de la prescripci\u00f3n, pero la investigaci\u00f3n dio un giro al ordenarse...","og_url":"https:\/\/lobosnews.com.ar\/index.php\/2026\/03\/08\/a-mas-de-11-anos-de-la-desaparicion-de-nicolas-godoy-detuvieron-a-un-hombre-acusado-de-haberlo-asesinado\/","og_site_name":"Lobos News","article_published_time":"2026-03-08T08:28:23+00:00","article_modified_time":"2026-03-08T11:59:05+00:00","og_image":[{"url":"https:\/\/lobosnews.com.ar\/wp-content\/uploads\/2026\/03\/a-mas-de-11-anos-de-la-desaparicion-de-nicolas-godoy-detuvieron-a-un-hombre-acusado-de-haberlo-asesinado.jpg","type":"","width":"","height":""}],"author":"admin","twitter_card":"summary_large_image","twitter_misc":{"Escrito por":"admin","Tiempo de lectura":"4 minutos"},"schema":{"@context":"https:\/\/schema.org","@graph":[{"@type":"Article","@id":"https:\/\/lobosnews.com.ar\/index.php\/2026\/03\/08\/a-mas-de-11-anos-de-la-desaparicion-de-nicolas-godoy-detuvieron-a-un-hombre-acusado-de-haberlo-asesinado\/#article","isPartOf":{"@id":"https:\/\/lobosnews.com.ar\/index.php\/2026\/03\/08\/a-mas-de-11-anos-de-la-desaparicion-de-nicolas-godoy-detuvieron-a-un-hombre-acusado-de-haberlo-asesinado\/"},"author":{"name":"admin","@id":"https:\/\/lobosnews.com.ar\/#\/schema\/person\/232422a593d5c541dd9aef6aaed10943"},"headline":"A m\u00e1s de 11 a\u00f1os de la desaparici\u00f3n de Nicol\u00e1s Godoy, detuvieron a un hombre acusado de haberlo asesinado","datePublished":"2026-03-08T08:28:23+00:00","dateModified":"2026-03-08T11:59:05+00:00","mainEntityOfPage":{"@id":"https:\/\/lobosnews.com.ar\/index.php\/2026\/03\/08\/a-mas-de-11-anos-de-la-desaparicion-de-nicolas-godoy-detuvieron-a-un-hombre-acusado-de-haberlo-asesinado\/"},"wordCount":868,"commentCount":0,"publisher":{"@id":"https:\/\/lobosnews.com.ar\/#organization"},"image":{"@id":"https:\/\/lobosnews.com.ar\/index.php\/2026\/03\/08\/a-mas-de-11-anos-de-la-desaparicion-de-nicolas-godoy-detuvieron-a-un-hombre-acusado-de-haberlo-asesinado\/#primaryimage"},"thumbnailUrl":"https:\/\/lobosnews.com.ar\/wp-content\/uploads\/2026\/03\/a-mas-de-11-anos-de-la-desaparicion-de-nicolas-godoy-detuvieron-a-un-hombre-acusado-de-haberlo-asesinado-6.jpg","articleSection":["Actualidad","Argentina","econom\u00eda","inseguridad","masradios.com","nacionales","seguridad","sociedad"],"inLanguage":"es","potentialAction":[{"@type":"CommentAction","name":"Comment","target":["https:\/\/lobosnews.com.ar\/index.php\/2026\/03\/08\/a-mas-de-11-anos-de-la-desaparicion-de-nicolas-godoy-detuvieron-a-un-hombre-acusado-de-haberlo-asesinado\/#respond"]}]},{"@type":"WebPage","@id":"https:\/\/lobosnews.com.ar\/index.php\/2026\/03\/08\/a-mas-de-11-anos-de-la-desaparicion-de-nicolas-godoy-detuvieron-a-un-hombre-acusado-de-haberlo-asesinado\/","url":"https:\/\/lobosnews.com.ar\/index.php\/2026\/03\/08\/a-mas-de-11-anos-de-la-desaparicion-de-nicolas-godoy-detuvieron-a-un-hombre-acusado-de-haberlo-asesinado\/","name":"A m\u00e1s de 11 a\u00f1os de la desaparici\u00f3n de Nicol\u00e1s Godoy, detuvieron a un hombre acusado de haberlo asesinado - Lobos News","isPartOf":{"@id":"https:\/\/lobosnews.com.ar\/#website"},"primaryImageOfPage":{"@id":"https:\/\/lobosnews.com.ar\/index.php\/2026\/03\/08\/a-mas-de-11-anos-de-la-desaparicion-de-nicolas-godoy-detuvieron-a-un-hombre-acusado-de-haberlo-asesinado\/#primaryimage"},"image":{"@id":"https:\/\/lobosnews.com.ar\/index.php\/2026\/03\/08\/a-mas-de-11-anos-de-la-desaparicion-de-nicolas-godoy-detuvieron-a-un-hombre-acusado-de-haberlo-asesinado\/#primaryimage"},"thumbnailUrl":"https:\/\/lobosnews.com.ar\/wp-content\/uploads\/2026\/03\/a-mas-de-11-anos-de-la-desaparicion-de-nicolas-godoy-detuvieron-a-un-hombre-acusado-de-haberlo-asesinado-6.jpg","datePublished":"2026-03-08T08:28:23+00:00","dateModified":"2026-03-08T11:59:05+00:00","breadcrumb":{"@id":"https:\/\/lobosnews.com.ar\/index.php\/2026\/03\/08\/a-mas-de-11-anos-de-la-desaparicion-de-nicolas-godoy-detuvieron-a-un-hombre-acusado-de-haberlo-asesinado\/#breadcrumb"},"inLanguage":"es","potentialAction":[{"@type":"ReadAction","target":["https:\/\/lobosnews.com.ar\/index.php\/2026\/03\/08\/a-mas-de-11-anos-de-la-desaparicion-de-nicolas-godoy-detuvieron-a-un-hombre-acusado-de-haberlo-asesinado\/"]}]},{"@type":"ImageObject","inLanguage":"es","@id":"https:\/\/lobosnews.com.ar\/index.php\/2026\/03\/08\/a-mas-de-11-anos-de-la-desaparicion-de-nicolas-godoy-detuvieron-a-un-hombre-acusado-de-haberlo-asesinado\/#primaryimage","url":"https:\/\/lobosnews.com.ar\/wp-content\/uploads\/2026\/03\/a-mas-de-11-anos-de-la-desaparicion-de-nicolas-godoy-detuvieron-a-un-hombre-acusado-de-haberlo-asesinado-6.jpg","contentUrl":"https:\/\/lobosnews.com.ar\/wp-content\/uploads\/2026\/03\/a-mas-de-11-anos-de-la-desaparicion-de-nicolas-godoy-detuvieron-a-un-hombre-acusado-de-haberlo-asesinado-6.jpg","width":480,"height":714,"caption":"A m\u00e1s de 11 a\u00f1os de la desaparici\u00f3n de Nicol\u00e1s Godoy, detuvieron a un hombre acusado de haberlo asesinado"},{"@type":"BreadcrumbList","@id":"https:\/\/lobosnews.com.ar\/index.php\/2026\/03\/08\/a-mas-de-11-anos-de-la-desaparicion-de-nicolas-godoy-detuvieron-a-un-hombre-acusado-de-haberlo-asesinado\/#breadcrumb","itemListElement":[{"@type":"ListItem","position":1,"name":"Portada","item":"https:\/\/lobosnews.com.ar\/"},{"@type":"ListItem","position":2,"name":"A m\u00e1s de 11 a\u00f1os de la desaparici\u00f3n de Nicol\u00e1s Godoy, detuvieron a un hombre acusado de haberlo asesinado"}]},{"@type":"WebSite","@id":"https:\/\/lobosnews.com.ar\/#website","url":"https:\/\/lobosnews.com.ar\/","name":"Lobos News","description":"Informaci\u00f3n a cada instante","publisher":{"@id":"https:\/\/lobosnews.com.ar\/#organization"},"potentialAction":[{"@type":"SearchAction","target":{"@type":"EntryPoint","urlTemplate":"https:\/\/lobosnews.com.ar\/?s={search_term_string}"},"query-input":{"@type":"PropertyValueSpecification","valueRequired":true,"valueName":"search_term_string"}}],"inLanguage":"es"},{"@type":"Organization","@id":"https:\/\/lobosnews.com.ar\/#organization","name":"Lobos News","url":"https:\/\/lobosnews.com.ar\/","logo":{"@type":"ImageObject","inLanguage":"es","@id":"https:\/\/lobosnews.com.ar\/#\/schema\/logo\/image\/","url":"https:\/\/lobosnews.com.ar\/wp-content\/uploads\/2026\/01\/logo-lobosnews.png","contentUrl":"https:\/\/lobosnews.com.ar\/wp-content\/uploads\/2026\/01\/logo-lobosnews.png","width":500,"height":200,"caption":"Lobos News"},"image":{"@id":"https:\/\/lobosnews.com.ar\/#\/schema\/logo\/image\/"}},{"@type":"Person","@id":"https:\/\/lobosnews.com.ar\/#\/schema\/person\/232422a593d5c541dd9aef6aaed10943","name":"admin","image":{"@type":"ImageObject","inLanguage":"es","@id":"https:\/\/lobosnews.com.ar\/#\/schema\/person\/image\/","url":"https:\/\/secure.gravatar.com\/avatar\/76e419471a2083bc3ceab22a763dbbf9b0c1bd15a6214cf3280e2c2dde4580f9?s=96&d=mm&r=g","contentUrl":"https:\/\/secure.gravatar.com\/avatar\/76e419471a2083bc3ceab22a763dbbf9b0c1bd15a6214cf3280e2c2dde4580f9?s=96&d=mm&r=g","caption":"admin"},"sameAs":["https:\/\/lobosnews.com.ar"],"url":"https:\/\/lobosnews.com.ar\/index.php\/author\/lobos-news\/"}]}},"jetpack_featured_media_url":"https:\/\/lobosnews.com.ar\/wp-content\/uploads\/2026\/03\/a-mas-de-11-anos-de-la-desaparicion-de-nicolas-godoy-detuvieron-a-un-hombre-acusado-de-haberlo-asesinado-6.jpg","jetpack_sharing_enabled":true,"_links":{"self":[{"href":"https:\/\/lobosnews.com.ar\/index.php\/wp-json\/wp\/v2\/posts\/30740","targetHints":{"allow":["GET"]}}],"collection":[{"href":"https:\/\/lobosnews.com.ar\/index.php\/wp-json\/wp\/v2\/posts"}],"about":[{"href":"https:\/\/lobosnews.com.ar\/index.php\/wp-json\/wp\/v2\/types\/post"}],"author":[{"embeddable":true,"href":"https:\/\/lobosnews.com.ar\/index.php\/wp-json\/wp\/v2\/users\/1"}],"replies":[{"embeddable":true,"href":"https:\/\/lobosnews.com.ar\/index.php\/wp-json\/wp\/v2\/comments?post=30740"}],"version-history":[{"count":1,"href":"https:\/\/lobosnews.com.ar\/index.php\/wp-json\/wp\/v2\/posts\/30740\/revisions"}],"predecessor-version":[{"id":30745,"href":"https:\/\/lobosnews.com.ar\/index.php\/wp-json\/wp\/v2\/posts\/30740\/revisions\/30745"}],"wp:featuredmedia":[{"embeddable":true,"href":"https:\/\/lobosnews.com.ar\/index.php\/wp-json\/wp\/v2\/media\/30746"}],"wp:attachment":[{"href":"https:\/\/lobosnews.com.ar\/index.php\/wp-json\/wp\/v2\/media?parent=30740"}],"wp:term":[{"taxonomy":"category","embeddable":true,"href":"https:\/\/lobosnews.com.ar\/index.php\/wp-json\/wp\/v2\/categories?post=30740"},{"taxonomy":"post_tag","embeddable":true,"href":"https:\/\/lobosnews.com.ar\/index.php\/wp-json\/wp\/v2\/tags?post=30740"}],"curies":[{"name":"wp","href":"https:\/\/api.w.org\/{rel}","templated":true}]}}