{"id":30727,"date":"2026-03-08T10:54:31","date_gmt":"2026-03-08T10:54:31","guid":{"rendered":"https:\/\/lobosnews.com.ar\/index.php\/2026\/03\/08\/nublado-en-el-amba-y-16-provincias-bajo-alerta-por-tormentas-el-pronostico-del-tiempo-para-el-inicio-de-la-semana\/"},"modified":"2026-03-08T11:58:52","modified_gmt":"2026-03-08T11:58:52","slug":"nublado-en-el-amba-y-16-provincias-bajo-alerta-por-tormentas-el-pronostico-del-tiempo-para-el-inicio-de-la-semana","status":"publish","type":"post","link":"https:\/\/lobosnews.com.ar\/index.php\/2026\/03\/08\/nublado-en-el-amba-y-16-provincias-bajo-alerta-por-tormentas-el-pronostico-del-tiempo-para-el-inicio-de-la-semana\/","title":{"rendered":"Nublado en el AMBA y 16 provincias bajo alerta por tormentas: el pron\u00f3stico del tiempo para el inicio de la semana"},"content":{"rendered":"<p><img fetchpriority=\"high\" decoding=\"async\" src=\"https:\/\/lobosnews.com.ar\/wp-content\/uploads\/2026\/03\/nublado-en-el-amba-y-16-provincias-bajo-alerta-por-tormentas-el-pronostico-del-tiempo-para-el-inicio-de-la-semana.jpg\" alt=\"Seg\u00fan el SMN, la semana estar\u00e1 con nubosidad variable y casi sin lluvias (Imagen Ilustrativa Infobae)\" height=\"816\" width=\"1456\"\/><\/p>\n<p>El <b>\u00c1rea Metropolitana de Buenos Aires (AMBA)<\/b> presenta este domingo <b>una jornada ligeramente nublada y temperaturas que rondan los 20\u00b0C durante la ma\u00f1ana<\/b>, seg\u00fan el \u00faltimo informe emitido por el <b>Servicio Meteorol\u00f3gico Nacional (SMN)<\/b>. Adem\u00e1s, 16 provincias est\u00e1n bajo alertas amarillas y naranjas por <b>tormentas.<\/b><\/p>\n<p>De acuerdo con el reporte del <b>SMN<\/b>, el pron\u00f3stico para este domingo anticipa una temperatura m\u00e1xima de 24\u00b0C y una m\u00ednima de 19\u00b0C. El cielo permanecer\u00e1 parcialmente nublado en la ma\u00f1ana y mayormente cubierto durante la tarde y la noche. <b>No se prev\u00e9n precipitaciones a lo largo de la jornada<\/b>. <b>Las r\u00e1fagas de viento podr\u00edan alcanzar los 59 km\/h, con direcci\u00f3n predominante del este.<\/b><\/p>\n<p><img loading=\"lazy\" decoding=\"async\" src=\"https:\/\/lobosnews.com.ar\/wp-content\/uploads\/2026\/03\/nublado-en-el-amba-y-16-provincias-bajo-alerta-por-tormentas-el-pronostico-del-tiempo-para-el-inicio-de-la-semana-1.jpg\" alt=\"El pron\u00f3stico del tiempo para la Ciudad Aut\u00f3noma de Buenos Aires desde el 8 de marzo de 2026 indica una semana con predominio de sol, temperaturas agradables sin precipitaciones significativas y vientos leves a moderados.\" height=\"499\" width=\"1920\"\/><\/p>\n<p>El informe oficial del <b>Servicio Meteorol\u00f3gico Nacional<\/b> detalla que la semana se caracterizar\u00e1 por condiciones templadas y estables. Las temperaturas m\u00ednimas oscilar\u00e1n entre los 18\u00b0C y los 21\u00b0C, mientras que las m\u00e1ximas se ubicar\u00e1n entre los 24\u00b0C y los 28\u00b0C. El lunes se espera una m\u00e1xima de 24\u00b0C, el martes de 25\u00b0C y desde el mi\u00e9rcoles hasta el s\u00e1bado se estima un ascenso gradual, alcanzando hasta 28\u00b0C el viernes.<\/p>\n<p>Durante toda la semana, el pron\u00f3stico oficial indica <b>bajas probabilidades de precipitaciones<\/b> y predominio de nubosidad variable. <b>El jueves ser\u00e1 el d\u00eda m\u00e1s inestable<\/b>, con muy baja probabilidad de lluvias durante todo el d\u00eda. El viento se mantendr\u00e1 mayormente del sector este, con velocidades entre 23 y 31 km\/h y r\u00e1fagas de hasta 59 km\/h en determinados momentos.<\/p>\n<p>En la <b>provincia de Buenos Aires<\/b>, en tanto, se registran tormentas aisladas en el suroeste (Coronel Su\u00e1rez, Bah\u00eda Blanca, Pig\u00fc\u00e9, Coronel Pringles, Sierra de la Ventana y Monte Hermoso) y chaparrones en el oeste (General Villegas y Trenque Lauquen).<\/p>\n<p>Durante la semana predominar\u00e1 la nubosidad variable en todo el territorio bonaerense, con lluvias y tormentas pronosticadas el lunes, martes y jueves en el suroeste. Y grandes bancos de niebla el jueves por la ma\u00f1ana en parte de la <b>Costa Atl\u00e1ntica <\/b>(desde Punta Indio hasta Miramar).<\/p>\n<p><img loading=\"lazy\" decoding=\"async\" src=\"https:\/\/lobosnews.com.ar\/wp-content\/uploads\/2026\/03\/nublado-en-el-amba-y-16-provincias-bajo-alerta-por-tormentas-el-pronostico-del-tiempo-para-el-inicio-de-la-semana-2.jpg\" alt=\"Las alertas por tormentas en todo el pa\u00eds (SMN)\" height=\"3959\" width=\"1920\"\/><\/p>\n<h2>Las alertas en el resto del pa\u00eds<\/h2>\n<p>Por otro lado, el <b>Servicio Meteorol\u00f3gico Nacional<\/b> advirti\u00f3 que un gran frente de tormenta azota a m\u00e1s de medio pa\u00eds. En este sentido, <b>R\u00edo Negro, <\/b>este de <b>Neuqu\u00e9n<\/b>, gran parte de <b>La Pampa<\/b>, <b>San Luis <\/b>y el sur y oeste de <b>C\u00f3rdoba <\/b>est\u00e1n bajo <b>alerta naranja por tormentas.<\/b><\/p>\n<p>Estas alertas se refieren a \u201cfen\u00f3menos meteorol\u00f3gicos peligrosos para la sociedad, la vida, los bienes y el medio ambiente\u201d. Por lo que el SMN recomienda:<\/p>\n<ul>\n<li>Segu\u00ed las instrucciones de las autoridades locales. La calma es fundamental en estas situaciones.<\/li>\n<li>Sal\u00ed solo si es necesario.<\/li>\n<li>Permanec\u00e9 en construcciones cerradas como casas, escuelas, edificios p\u00fablicos.<\/li>\n<li>Desconect\u00e1 los electrodom\u00e9sticos y cort\u00e1 el suministro el\u00e9ctrico si ingresa agua.<\/li>\n<li>Cerr\u00e1 y al\u00e9jate de puertas y ventanas.<\/li>\n<li>Alejate de zonas inundables y no ingreses en calles anegadas.<\/li>\n<li>Retir\u00e1 o asegur\u00e1 objetos que puedan ser volados por el viento.<\/li>\n<li>Prepar\u00e1 un kit de emergencia con agua potable, alimentos, botiqu\u00edn de primeros auxilios, radio a pilas y linterna. Carg\u00e1 los celulares con anticipaci\u00f3n.<\/li>\n<li>Agend\u00e1 los n\u00fameros locales de Protecci\u00f3n Civil, Bomberos y Polic\u00eda.<\/li>\n<\/ul>\n<p>A su vez, gran parte de <b>Chaco, Santa Fe, C\u00f3rdoba <\/b>y <b>Chubut, <\/b>oeste de <b>Corrientes<\/b>, sureste de <b>Santiago del Estero, <\/b>sur de <b>La Rioja <\/b>y <b>Catamarca, <\/b>norte y centro de <b>Santa Cruz<\/b>, este de <b>La Pampa <\/b>y <b>Mendoza <\/b>y sureste de <b>San Juan <\/b>est\u00e1n bajo <b>alerta amarilla <\/b>por el mismo fen\u00f3meno. En este sentido, las acciones recomendadas son las siguientes:<\/p>\n<ul>\n<li>Evit\u00e1 salir.<\/li>\n<li>No saques la basura y limpi\u00e1 desag\u00fces y sumideros.<\/li>\n<li>Desconect\u00e1 los electrodom\u00e9sticos y cort\u00e1 el suministro el\u00e9ctrico si ingresa agua<\/li>\n<li>Cerr\u00e1 y alejate de puertas y ventanas.<\/li>\n<li>Retir\u00e1 o asegur\u00e1 objetos que puedan ser arrastrados por el viento.<\/li>\n<li>Si est\u00e1s al aire libre, busc\u00e1 refugio inmediato en un edificio, casa o veh\u00edculo cerrado.<\/li>\n<\/ul>\n","protected":false},"excerpt":{"rendered":"<p>El \u00c1rea Metropolitana de Buenos Aires (AMBA) presenta este domingo una jornada ligeramente nublada y temperaturas que rondan los 20\u00b0C durante la ma\u00f1ana, seg\u00fan el \u00faltimo informe emitido por el Servicio Meteorol\u00f3gico Nacional (SMN). Adem\u00e1s, 16 provincias est\u00e1n bajo alertas amarillas y naranjas por tormentas. De acuerdo con el reporte del SMN, el pron\u00f3stico para&#8230;<\/p>\n","protected":false},"author":1,"featured_media":30732,"comment_status":"open","ping_status":"closed","sticky":false,"template":"","format":"standard","meta":{"_jetpack_memberships_contains_paid_content":false,"footnotes":""},"categories":[31,30,32,77,84,35,36,37],"tags":[],"class_list":["post-30727","post","type-post","status-publish","format-standard","has-post-thumbnail","hentry","category-actualidad","category-argentina","category-economia","category-inseguridad","category-masradios-com","category-nacionales","category-seguridad","category-sociedad"],"magazineBlocksPostFeaturedMedia":{"thumbnail":"https:\/\/lobosnews.com.ar\/wp-content\/uploads\/2026\/03\/nublado-en-el-amba-y-16-provincias-bajo-alerta-por-tormentas-el-pronostico-del-tiempo-para-el-inicio-de-la-semana-4-150x150.jpg","medium":"https:\/\/lobosnews.com.ar\/wp-content\/uploads\/2026\/03\/nublado-en-el-amba-y-16-provincias-bajo-alerta-por-tormentas-el-pronostico-del-tiempo-para-el-inicio-de-la-semana-4-145x300.jpg","medium_large":"https:\/\/lobosnews.com.ar\/wp-content\/uploads\/2026\/03\/nublado-en-el-amba-y-16-provincias-bajo-alerta-por-tormentas-el-pronostico-del-tiempo-para-el-inicio-de-la-semana-4-768x1584.jpg","large":"https:\/\/lobosnews.com.ar\/wp-content\/uploads\/2026\/03\/nublado-en-el-amba-y-16-provincias-bajo-alerta-por-tormentas-el-pronostico-del-tiempo-para-el-inicio-de-la-semana-4-497x1024.jpg","1536x1536":"https:\/\/lobosnews.com.ar\/wp-content\/uploads\/2026\/03\/nublado-en-el-amba-y-16-provincias-bajo-alerta-por-tormentas-el-pronostico-del-tiempo-para-el-inicio-de-la-semana-4-745x1536.jpg","2048x2048":"https:\/\/lobosnews.com.ar\/wp-content\/uploads\/2026\/03\/nublado-en-el-amba-y-16-provincias-bajo-alerta-por-tormentas-el-pronostico-del-tiempo-para-el-inicio-de-la-semana-4-993x2048.jpg","newsmatic-featured":"https:\/\/lobosnews.com.ar\/wp-content\/uploads\/2026\/03\/nublado-en-el-amba-y-16-provincias-bajo-alerta-por-tormentas-el-pronostico-del-tiempo-para-el-inicio-de-la-semana-4-820x545.jpg","newsmatic-list":"https:\/\/lobosnews.com.ar\/wp-content\/uploads\/2026\/03\/nublado-en-el-amba-y-16-provincias-bajo-alerta-por-tormentas-el-pronostico-del-tiempo-para-el-inicio-de-la-semana-4-600x400.jpg","newsmatic-thumb":"https:\/\/lobosnews.com.ar\/wp-content\/uploads\/2026\/03\/nublado-en-el-amba-y-16-provincias-bajo-alerta-por-tormentas-el-pronostico-del-tiempo-para-el-inicio-de-la-semana-4-300x200.jpg","newsmatic-small":"https:\/\/lobosnews.com.ar\/wp-content\/uploads\/2026\/03\/nublado-en-el-amba-y-16-provincias-bajo-alerta-por-tormentas-el-pronostico-del-tiempo-para-el-inicio-de-la-semana-4-150x95.jpg","newsmatic-grid":"https:\/\/lobosnews.com.ar\/wp-content\/uploads\/2026\/03\/nublado-en-el-amba-y-16-provincias-bajo-alerta-por-tormentas-el-pronostico-del-tiempo-para-el-inicio-de-la-semana-4-400x250.jpg"},"magazineBlocksPostAuthor":{"name":"admin","avatar":"https:\/\/secure.gravatar.com\/avatar\/76e419471a2083bc3ceab22a763dbbf9b0c1bd15a6214cf3280e2c2dde4580f9?s=96&d=mm&r=g"},"magazineBlocksPostCommentsNumber":"0","magazineBlocksPostExcerpt":"El \u00c1rea Metropolitana de Buenos Aires (AMBA) presenta este domingo una jornada ligeramente nublada y temperaturas que rondan los 20\u00b0C durante la ma\u00f1ana, seg\u00fan el \u00faltimo informe emitido por el Servicio Meteorol\u00f3gico Nacional (SMN). Adem\u00e1s, 16 provincias est\u00e1n bajo alertas amarillas y naranjas por tormentas. De acuerdo con el reporte del SMN, el pron\u00f3stico para...","magazineBlocksPostCategories":["Actualidad","Argentina","econom\u00eda","inseguridad","masradios.com","nacionales","seguridad","sociedad"],"magazineBlocksPostViewCount":97,"magazineBlocksPostReadTime":4,"magazine_blocks_featured_image_url":{"full":["https:\/\/lobosnews.com.ar\/wp-content\/uploads\/2026\/03\/nublado-en-el-amba-y-16-provincias-bajo-alerta-por-tormentas-el-pronostico-del-tiempo-para-el-inicio-de-la-semana-4-scaled.jpg",1242,2560,false],"medium":["https:\/\/lobosnews.com.ar\/wp-content\/uploads\/2026\/03\/nublado-en-el-amba-y-16-provincias-bajo-alerta-por-tormentas-el-pronostico-del-tiempo-para-el-inicio-de-la-semana-4-145x300.jpg",145,300,true],"thumbnail":["https:\/\/lobosnews.com.ar\/wp-content\/uploads\/2026\/03\/nublado-en-el-amba-y-16-provincias-bajo-alerta-por-tormentas-el-pronostico-del-tiempo-para-el-inicio-de-la-semana-4-150x150.jpg",150,150,true]},"magazine_blocks_author":{"display_name":"admin","author_link":"https:\/\/lobosnews.com.ar\/index.php\/author\/lobos-news\/"},"magazine_blocks_comment":0,"magazine_blocks_author_image":"https:\/\/secure.gravatar.com\/avatar\/76e419471a2083bc3ceab22a763dbbf9b0c1bd15a6214cf3280e2c2dde4580f9?s=96&d=mm&r=g","magazine_blocks_category":"<a href=\"#\" class=\"category-link category-link-31\">Actualidad<\/a> <a href=\"#\" class=\"category-link category-link-30\">Argentina<\/a> <a href=\"#\" class=\"category-link category-link-32\">econom\u00eda<\/a> <a href=\"#\" class=\"category-link category-link-77\">inseguridad<\/a> <a href=\"#\" class=\"category-link category-link-84\">masradios.com<\/a> <a href=\"#\" class=\"category-link category-link-35\">nacionales<\/a> <a href=\"#\" class=\"category-link category-link-36\">seguridad<\/a> <a href=\"#\" class=\"category-link category-link-37\">sociedad<\/a>","yoast_head":"<!-- This site is optimized with the Yoast SEO plugin v26.6 - https:\/\/yoast.com\/wordpress\/plugins\/seo\/ -->\n<title>Nublado en el AMBA y 16 provincias bajo alerta por tormentas: el pron\u00f3stico del tiempo para el inicio de la semana - Lobos News<\/title>\n<meta name=\"robots\" content=\"index, follow, max-snippet:-1, max-image-preview:large, max-video-preview:-1\" \/>\n<link rel=\"canonical\" href=\"https:\/\/lobosnews.com.ar\/index.php\/2026\/03\/08\/nublado-en-el-amba-y-16-provincias-bajo-alerta-por-tormentas-el-pronostico-del-tiempo-para-el-inicio-de-la-semana\/\" \/>\n<meta property=\"og:locale\" content=\"es_ES\" \/>\n<meta property=\"og:type\" content=\"article\" \/>\n<meta property=\"og:title\" content=\"Nublado en el AMBA y 16 provincias bajo alerta por tormentas: el pron\u00f3stico del tiempo para el inicio de la semana - Lobos News\" \/>\n<meta property=\"og:description\" content=\"El \u00c1rea Metropolitana de Buenos Aires (AMBA) presenta este domingo una jornada ligeramente nublada y temperaturas que rondan los 20\u00b0C durante la ma\u00f1ana, seg\u00fan el \u00faltimo informe emitido por el Servicio Meteorol\u00f3gico Nacional (SMN). Adem\u00e1s, 16 provincias est\u00e1n bajo alertas amarillas y naranjas por tormentas. De acuerdo con el reporte del SMN, el pron\u00f3stico para...\" \/>\n<meta property=\"og:url\" content=\"https:\/\/lobosnews.com.ar\/index.php\/2026\/03\/08\/nublado-en-el-amba-y-16-provincias-bajo-alerta-por-tormentas-el-pronostico-del-tiempo-para-el-inicio-de-la-semana\/\" \/>\n<meta property=\"og:site_name\" content=\"Lobos News\" \/>\n<meta property=\"article:published_time\" content=\"2026-03-08T10:54:31+00:00\" \/>\n<meta property=\"article:modified_time\" content=\"2026-03-08T11:58:52+00:00\" \/>\n<meta property=\"og:image\" content=\"https:\/\/lobosnews.com.ar\/wp-content\/uploads\/2026\/03\/nublado-en-el-amba-y-16-provincias-bajo-alerta-por-tormentas-el-pronostico-del-tiempo-para-el-inicio-de-la-semana.jpg\" \/>\n<meta name=\"author\" content=\"admin\" \/>\n<meta name=\"twitter:card\" content=\"summary_large_image\" \/>\n<meta name=\"twitter:label1\" content=\"Escrito por\" \/>\n\t<meta name=\"twitter:data1\" content=\"admin\" \/>\n\t<meta name=\"twitter:label2\" content=\"Tiempo de lectura\" \/>\n\t<meta name=\"twitter:data2\" content=\"3 minutos\" \/>\n<script type=\"application\/ld+json\" class=\"yoast-schema-graph\">{\"@context\":\"https:\/\/schema.org\",\"@graph\":[{\"@type\":\"Article\",\"@id\":\"https:\/\/lobosnews.com.ar\/index.php\/2026\/03\/08\/nublado-en-el-amba-y-16-provincias-bajo-alerta-por-tormentas-el-pronostico-del-tiempo-para-el-inicio-de-la-semana\/#article\",\"isPartOf\":{\"@id\":\"https:\/\/lobosnews.com.ar\/index.php\/2026\/03\/08\/nublado-en-el-amba-y-16-provincias-bajo-alerta-por-tormentas-el-pronostico-del-tiempo-para-el-inicio-de-la-semana\/\"},\"author\":{\"name\":\"admin\",\"@id\":\"https:\/\/lobosnews.com.ar\/#\/schema\/person\/232422a593d5c541dd9aef6aaed10943\"},\"headline\":\"Nublado en el AMBA y 16 provincias bajo alerta por tormentas: el pron\u00f3stico del tiempo para el inicio de la semana\",\"datePublished\":\"2026-03-08T10:54:31+00:00\",\"dateModified\":\"2026-03-08T11:58:52+00:00\",\"mainEntityOfPage\":{\"@id\":\"https:\/\/lobosnews.com.ar\/index.php\/2026\/03\/08\/nublado-en-el-amba-y-16-provincias-bajo-alerta-por-tormentas-el-pronostico-del-tiempo-para-el-inicio-de-la-semana\/\"},\"wordCount\":692,\"commentCount\":0,\"publisher\":{\"@id\":\"https:\/\/lobosnews.com.ar\/#organization\"},\"image\":{\"@id\":\"https:\/\/lobosnews.com.ar\/index.php\/2026\/03\/08\/nublado-en-el-amba-y-16-provincias-bajo-alerta-por-tormentas-el-pronostico-del-tiempo-para-el-inicio-de-la-semana\/#primaryimage\"},\"thumbnailUrl\":\"https:\/\/lobosnews.com.ar\/wp-content\/uploads\/2026\/03\/nublado-en-el-amba-y-16-provincias-bajo-alerta-por-tormentas-el-pronostico-del-tiempo-para-el-inicio-de-la-semana-4-scaled.jpg\",\"articleSection\":[\"Actualidad\",\"Argentina\",\"econom\u00eda\",\"inseguridad\",\"masradios.com\",\"nacionales\",\"seguridad\",\"sociedad\"],\"inLanguage\":\"es\",\"potentialAction\":[{\"@type\":\"CommentAction\",\"name\":\"Comment\",\"target\":[\"https:\/\/lobosnews.com.ar\/index.php\/2026\/03\/08\/nublado-en-el-amba-y-16-provincias-bajo-alerta-por-tormentas-el-pronostico-del-tiempo-para-el-inicio-de-la-semana\/#respond\"]}]},{\"@type\":\"WebPage\",\"@id\":\"https:\/\/lobosnews.com.ar\/index.php\/2026\/03\/08\/nublado-en-el-amba-y-16-provincias-bajo-alerta-por-tormentas-el-pronostico-del-tiempo-para-el-inicio-de-la-semana\/\",\"url\":\"https:\/\/lobosnews.com.ar\/index.php\/2026\/03\/08\/nublado-en-el-amba-y-16-provincias-bajo-alerta-por-tormentas-el-pronostico-del-tiempo-para-el-inicio-de-la-semana\/\",\"name\":\"Nublado en el AMBA y 16 provincias bajo alerta por tormentas: el pron\u00f3stico del tiempo para el inicio de la semana - Lobos News\",\"isPartOf\":{\"@id\":\"https:\/\/lobosnews.com.ar\/#website\"},\"primaryImageOfPage\":{\"@id\":\"https:\/\/lobosnews.com.ar\/index.php\/2026\/03\/08\/nublado-en-el-amba-y-16-provincias-bajo-alerta-por-tormentas-el-pronostico-del-tiempo-para-el-inicio-de-la-semana\/#primaryimage\"},\"image\":{\"@id\":\"https:\/\/lobosnews.com.ar\/index.php\/2026\/03\/08\/nublado-en-el-amba-y-16-provincias-bajo-alerta-por-tormentas-el-pronostico-del-tiempo-para-el-inicio-de-la-semana\/#primaryimage\"},\"thumbnailUrl\":\"https:\/\/lobosnews.com.ar\/wp-content\/uploads\/2026\/03\/nublado-en-el-amba-y-16-provincias-bajo-alerta-por-tormentas-el-pronostico-del-tiempo-para-el-inicio-de-la-semana-4-scaled.jpg\",\"datePublished\":\"2026-03-08T10:54:31+00:00\",\"dateModified\":\"2026-03-08T11:58:52+00:00\",\"breadcrumb\":{\"@id\":\"https:\/\/lobosnews.com.ar\/index.php\/2026\/03\/08\/nublado-en-el-amba-y-16-provincias-bajo-alerta-por-tormentas-el-pronostico-del-tiempo-para-el-inicio-de-la-semana\/#breadcrumb\"},\"inLanguage\":\"es\",\"potentialAction\":[{\"@type\":\"ReadAction\",\"target\":[\"https:\/\/lobosnews.com.ar\/index.php\/2026\/03\/08\/nublado-en-el-amba-y-16-provincias-bajo-alerta-por-tormentas-el-pronostico-del-tiempo-para-el-inicio-de-la-semana\/\"]}]},{\"@type\":\"ImageObject\",\"inLanguage\":\"es\",\"@id\":\"https:\/\/lobosnews.com.ar\/index.php\/2026\/03\/08\/nublado-en-el-amba-y-16-provincias-bajo-alerta-por-tormentas-el-pronostico-del-tiempo-para-el-inicio-de-la-semana\/#primaryimage\",\"url\":\"https:\/\/lobosnews.com.ar\/wp-content\/uploads\/2026\/03\/nublado-en-el-amba-y-16-provincias-bajo-alerta-por-tormentas-el-pronostico-del-tiempo-para-el-inicio-de-la-semana-4-scaled.jpg\",\"contentUrl\":\"https:\/\/lobosnews.com.ar\/wp-content\/uploads\/2026\/03\/nublado-en-el-amba-y-16-provincias-bajo-alerta-por-tormentas-el-pronostico-del-tiempo-para-el-inicio-de-la-semana-4-scaled.jpg\",\"width\":1242,\"height\":2560,\"caption\":\"Nublado en el AMBA y 16 provincias bajo alerta por tormentas: el pron\u00f3stico del tiempo para el inicio de la semana\"},{\"@type\":\"BreadcrumbList\",\"@id\":\"https:\/\/lobosnews.com.ar\/index.php\/2026\/03\/08\/nublado-en-el-amba-y-16-provincias-bajo-alerta-por-tormentas-el-pronostico-del-tiempo-para-el-inicio-de-la-semana\/#breadcrumb\",\"itemListElement\":[{\"@type\":\"ListItem\",\"position\":1,\"name\":\"Portada\",\"item\":\"https:\/\/lobosnews.com.ar\/\"},{\"@type\":\"ListItem\",\"position\":2,\"name\":\"Nublado en el AMBA y 16 provincias bajo alerta por tormentas: el pron\u00f3stico del tiempo para el inicio de la semana\"}]},{\"@type\":\"WebSite\",\"@id\":\"https:\/\/lobosnews.com.ar\/#website\",\"url\":\"https:\/\/lobosnews.com.ar\/\",\"name\":\"Lobos News\",\"description\":\"Informaci\u00f3n a cada instante\",\"publisher\":{\"@id\":\"https:\/\/lobosnews.com.ar\/#organization\"},\"potentialAction\":[{\"@type\":\"SearchAction\",\"target\":{\"@type\":\"EntryPoint\",\"urlTemplate\":\"https:\/\/lobosnews.com.ar\/?s={search_term_string}\"},\"query-input\":{\"@type\":\"PropertyValueSpecification\",\"valueRequired\":true,\"valueName\":\"search_term_string\"}}],\"inLanguage\":\"es\"},{\"@type\":\"Organization\",\"@id\":\"https:\/\/lobosnews.com.ar\/#organization\",\"name\":\"Lobos News\",\"url\":\"https:\/\/lobosnews.com.ar\/\",\"logo\":{\"@type\":\"ImageObject\",\"inLanguage\":\"es\",\"@id\":\"https:\/\/lobosnews.com.ar\/#\/schema\/logo\/image\/\",\"url\":\"https:\/\/lobosnews.com.ar\/wp-content\/uploads\/2026\/01\/logo-lobosnews.png\",\"contentUrl\":\"https:\/\/lobosnews.com.ar\/wp-content\/uploads\/2026\/01\/logo-lobosnews.png\",\"width\":500,\"height\":200,\"caption\":\"Lobos News\"},\"image\":{\"@id\":\"https:\/\/lobosnews.com.ar\/#\/schema\/logo\/image\/\"}},{\"@type\":\"Person\",\"@id\":\"https:\/\/lobosnews.com.ar\/#\/schema\/person\/232422a593d5c541dd9aef6aaed10943\",\"name\":\"admin\",\"image\":{\"@type\":\"ImageObject\",\"inLanguage\":\"es\",\"@id\":\"https:\/\/lobosnews.com.ar\/#\/schema\/person\/image\/\",\"url\":\"https:\/\/secure.gravatar.com\/avatar\/76e419471a2083bc3ceab22a763dbbf9b0c1bd15a6214cf3280e2c2dde4580f9?s=96&d=mm&r=g\",\"contentUrl\":\"https:\/\/secure.gravatar.com\/avatar\/76e419471a2083bc3ceab22a763dbbf9b0c1bd15a6214cf3280e2c2dde4580f9?s=96&d=mm&r=g\",\"caption\":\"admin\"},\"sameAs\":[\"https:\/\/lobosnews.com.ar\"],\"url\":\"https:\/\/lobosnews.com.ar\/index.php\/author\/lobos-news\/\"}]}<\/script>\n<!-- \/ Yoast SEO plugin. -->","yoast_head_json":{"title":"Nublado en el AMBA y 16 provincias bajo alerta por tormentas: el pron\u00f3stico del tiempo para el inicio de la semana - Lobos News","robots":{"index":"index","follow":"follow","max-snippet":"max-snippet:-1","max-image-preview":"max-image-preview:large","max-video-preview":"max-video-preview:-1"},"canonical":"https:\/\/lobosnews.com.ar\/index.php\/2026\/03\/08\/nublado-en-el-amba-y-16-provincias-bajo-alerta-por-tormentas-el-pronostico-del-tiempo-para-el-inicio-de-la-semana\/","og_locale":"es_ES","og_type":"article","og_title":"Nublado en el AMBA y 16 provincias bajo alerta por tormentas: el pron\u00f3stico del tiempo para el inicio de la semana - Lobos News","og_description":"El \u00c1rea Metropolitana de Buenos Aires (AMBA) presenta este domingo una jornada ligeramente nublada y temperaturas que rondan los 20\u00b0C durante la ma\u00f1ana, seg\u00fan el \u00faltimo informe emitido por el Servicio Meteorol\u00f3gico Nacional (SMN). Adem\u00e1s, 16 provincias est\u00e1n bajo alertas amarillas y naranjas por tormentas. De acuerdo con el reporte del SMN, el pron\u00f3stico para...","og_url":"https:\/\/lobosnews.com.ar\/index.php\/2026\/03\/08\/nublado-en-el-amba-y-16-provincias-bajo-alerta-por-tormentas-el-pronostico-del-tiempo-para-el-inicio-de-la-semana\/","og_site_name":"Lobos News","article_published_time":"2026-03-08T10:54:31+00:00","article_modified_time":"2026-03-08T11:58:52+00:00","og_image":[{"url":"https:\/\/lobosnews.com.ar\/wp-content\/uploads\/2026\/03\/nublado-en-el-amba-y-16-provincias-bajo-alerta-por-tormentas-el-pronostico-del-tiempo-para-el-inicio-de-la-semana.jpg","type":"","width":"","height":""}],"author":"admin","twitter_card":"summary_large_image","twitter_misc":{"Escrito por":"admin","Tiempo de lectura":"3 minutos"},"schema":{"@context":"https:\/\/schema.org","@graph":[{"@type":"Article","@id":"https:\/\/lobosnews.com.ar\/index.php\/2026\/03\/08\/nublado-en-el-amba-y-16-provincias-bajo-alerta-por-tormentas-el-pronostico-del-tiempo-para-el-inicio-de-la-semana\/#article","isPartOf":{"@id":"https:\/\/lobosnews.com.ar\/index.php\/2026\/03\/08\/nublado-en-el-amba-y-16-provincias-bajo-alerta-por-tormentas-el-pronostico-del-tiempo-para-el-inicio-de-la-semana\/"},"author":{"name":"admin","@id":"https:\/\/lobosnews.com.ar\/#\/schema\/person\/232422a593d5c541dd9aef6aaed10943"},"headline":"Nublado en el AMBA y 16 provincias bajo alerta por tormentas: el pron\u00f3stico del tiempo para el inicio de la semana","datePublished":"2026-03-08T10:54:31+00:00","dateModified":"2026-03-08T11:58:52+00:00","mainEntityOfPage":{"@id":"https:\/\/lobosnews.com.ar\/index.php\/2026\/03\/08\/nublado-en-el-amba-y-16-provincias-bajo-alerta-por-tormentas-el-pronostico-del-tiempo-para-el-inicio-de-la-semana\/"},"wordCount":692,"commentCount":0,"publisher":{"@id":"https:\/\/lobosnews.com.ar\/#organization"},"image":{"@id":"https:\/\/lobosnews.com.ar\/index.php\/2026\/03\/08\/nublado-en-el-amba-y-16-provincias-bajo-alerta-por-tormentas-el-pronostico-del-tiempo-para-el-inicio-de-la-semana\/#primaryimage"},"thumbnailUrl":"https:\/\/lobosnews.com.ar\/wp-content\/uploads\/2026\/03\/nublado-en-el-amba-y-16-provincias-bajo-alerta-por-tormentas-el-pronostico-del-tiempo-para-el-inicio-de-la-semana-4-scaled.jpg","articleSection":["Actualidad","Argentina","econom\u00eda","inseguridad","masradios.com","nacionales","seguridad","sociedad"],"inLanguage":"es","potentialAction":[{"@type":"CommentAction","name":"Comment","target":["https:\/\/lobosnews.com.ar\/index.php\/2026\/03\/08\/nublado-en-el-amba-y-16-provincias-bajo-alerta-por-tormentas-el-pronostico-del-tiempo-para-el-inicio-de-la-semana\/#respond"]}]},{"@type":"WebPage","@id":"https:\/\/lobosnews.com.ar\/index.php\/2026\/03\/08\/nublado-en-el-amba-y-16-provincias-bajo-alerta-por-tormentas-el-pronostico-del-tiempo-para-el-inicio-de-la-semana\/","url":"https:\/\/lobosnews.com.ar\/index.php\/2026\/03\/08\/nublado-en-el-amba-y-16-provincias-bajo-alerta-por-tormentas-el-pronostico-del-tiempo-para-el-inicio-de-la-semana\/","name":"Nublado en el AMBA y 16 provincias bajo alerta por tormentas: el pron\u00f3stico del tiempo para el inicio de la semana - Lobos News","isPartOf":{"@id":"https:\/\/lobosnews.com.ar\/#website"},"primaryImageOfPage":{"@id":"https:\/\/lobosnews.com.ar\/index.php\/2026\/03\/08\/nublado-en-el-amba-y-16-provincias-bajo-alerta-por-tormentas-el-pronostico-del-tiempo-para-el-inicio-de-la-semana\/#primaryimage"},"image":{"@id":"https:\/\/lobosnews.com.ar\/index.php\/2026\/03\/08\/nublado-en-el-amba-y-16-provincias-bajo-alerta-por-tormentas-el-pronostico-del-tiempo-para-el-inicio-de-la-semana\/#primaryimage"},"thumbnailUrl":"https:\/\/lobosnews.com.ar\/wp-content\/uploads\/2026\/03\/nublado-en-el-amba-y-16-provincias-bajo-alerta-por-tormentas-el-pronostico-del-tiempo-para-el-inicio-de-la-semana-4-scaled.jpg","datePublished":"2026-03-08T10:54:31+00:00","dateModified":"2026-03-08T11:58:52+00:00","breadcrumb":{"@id":"https:\/\/lobosnews.com.ar\/index.php\/2026\/03\/08\/nublado-en-el-amba-y-16-provincias-bajo-alerta-por-tormentas-el-pronostico-del-tiempo-para-el-inicio-de-la-semana\/#breadcrumb"},"inLanguage":"es","potentialAction":[{"@type":"ReadAction","target":["https:\/\/lobosnews.com.ar\/index.php\/2026\/03\/08\/nublado-en-el-amba-y-16-provincias-bajo-alerta-por-tormentas-el-pronostico-del-tiempo-para-el-inicio-de-la-semana\/"]}]},{"@type":"ImageObject","inLanguage":"es","@id":"https:\/\/lobosnews.com.ar\/index.php\/2026\/03\/08\/nublado-en-el-amba-y-16-provincias-bajo-alerta-por-tormentas-el-pronostico-del-tiempo-para-el-inicio-de-la-semana\/#primaryimage","url":"https:\/\/lobosnews.com.ar\/wp-content\/uploads\/2026\/03\/nublado-en-el-amba-y-16-provincias-bajo-alerta-por-tormentas-el-pronostico-del-tiempo-para-el-inicio-de-la-semana-4-scaled.jpg","contentUrl":"https:\/\/lobosnews.com.ar\/wp-content\/uploads\/2026\/03\/nublado-en-el-amba-y-16-provincias-bajo-alerta-por-tormentas-el-pronostico-del-tiempo-para-el-inicio-de-la-semana-4-scaled.jpg","width":1242,"height":2560,"caption":"Nublado en el AMBA y 16 provincias bajo alerta por tormentas: el pron\u00f3stico del tiempo para el inicio de la semana"},{"@type":"BreadcrumbList","@id":"https:\/\/lobosnews.com.ar\/index.php\/2026\/03\/08\/nublado-en-el-amba-y-16-provincias-bajo-alerta-por-tormentas-el-pronostico-del-tiempo-para-el-inicio-de-la-semana\/#breadcrumb","itemListElement":[{"@type":"ListItem","position":1,"name":"Portada","item":"https:\/\/lobosnews.com.ar\/"},{"@type":"ListItem","position":2,"name":"Nublado en el AMBA y 16 provincias bajo alerta por tormentas: el pron\u00f3stico del tiempo para el inicio de la semana"}]},{"@type":"WebSite","@id":"https:\/\/lobosnews.com.ar\/#website","url":"https:\/\/lobosnews.com.ar\/","name":"Lobos News","description":"Informaci\u00f3n a cada instante","publisher":{"@id":"https:\/\/lobosnews.com.ar\/#organization"},"potentialAction":[{"@type":"SearchAction","target":{"@type":"EntryPoint","urlTemplate":"https:\/\/lobosnews.com.ar\/?s={search_term_string}"},"query-input":{"@type":"PropertyValueSpecification","valueRequired":true,"valueName":"search_term_string"}}],"inLanguage":"es"},{"@type":"Organization","@id":"https:\/\/lobosnews.com.ar\/#organization","name":"Lobos News","url":"https:\/\/lobosnews.com.ar\/","logo":{"@type":"ImageObject","inLanguage":"es","@id":"https:\/\/lobosnews.com.ar\/#\/schema\/logo\/image\/","url":"https:\/\/lobosnews.com.ar\/wp-content\/uploads\/2026\/01\/logo-lobosnews.png","contentUrl":"https:\/\/lobosnews.com.ar\/wp-content\/uploads\/2026\/01\/logo-lobosnews.png","width":500,"height":200,"caption":"Lobos News"},"image":{"@id":"https:\/\/lobosnews.com.ar\/#\/schema\/logo\/image\/"}},{"@type":"Person","@id":"https:\/\/lobosnews.com.ar\/#\/schema\/person\/232422a593d5c541dd9aef6aaed10943","name":"admin","image":{"@type":"ImageObject","inLanguage":"es","@id":"https:\/\/lobosnews.com.ar\/#\/schema\/person\/image\/","url":"https:\/\/secure.gravatar.com\/avatar\/76e419471a2083bc3ceab22a763dbbf9b0c1bd15a6214cf3280e2c2dde4580f9?s=96&d=mm&r=g","contentUrl":"https:\/\/secure.gravatar.com\/avatar\/76e419471a2083bc3ceab22a763dbbf9b0c1bd15a6214cf3280e2c2dde4580f9?s=96&d=mm&r=g","caption":"admin"},"sameAs":["https:\/\/lobosnews.com.ar"],"url":"https:\/\/lobosnews.com.ar\/index.php\/author\/lobos-news\/"}]}},"jetpack_featured_media_url":"https:\/\/lobosnews.com.ar\/wp-content\/uploads\/2026\/03\/nublado-en-el-amba-y-16-provincias-bajo-alerta-por-tormentas-el-pronostico-del-tiempo-para-el-inicio-de-la-semana-4-scaled.jpg","jetpack_sharing_enabled":true,"_links":{"self":[{"href":"https:\/\/lobosnews.com.ar\/index.php\/wp-json\/wp\/v2\/posts\/30727","targetHints":{"allow":["GET"]}}],"collection":[{"href":"https:\/\/lobosnews.com.ar\/index.php\/wp-json\/wp\/v2\/posts"}],"about":[{"href":"https:\/\/lobosnews.com.ar\/index.php\/wp-json\/wp\/v2\/types\/post"}],"author":[{"embeddable":true,"href":"https:\/\/lobosnews.com.ar\/index.php\/wp-json\/wp\/v2\/users\/1"}],"replies":[{"embeddable":true,"href":"https:\/\/lobosnews.com.ar\/index.php\/wp-json\/wp\/v2\/comments?post=30727"}],"version-history":[{"count":1,"href":"https:\/\/lobosnews.com.ar\/index.php\/wp-json\/wp\/v2\/posts\/30727\/revisions"}],"predecessor-version":[{"id":30731,"href":"https:\/\/lobosnews.com.ar\/index.php\/wp-json\/wp\/v2\/posts\/30727\/revisions\/30731"}],"wp:featuredmedia":[{"embeddable":true,"href":"https:\/\/lobosnews.com.ar\/index.php\/wp-json\/wp\/v2\/media\/30732"}],"wp:attachment":[{"href":"https:\/\/lobosnews.com.ar\/index.php\/wp-json\/wp\/v2\/media?parent=30727"}],"wp:term":[{"taxonomy":"category","embeddable":true,"href":"https:\/\/lobosnews.com.ar\/index.php\/wp-json\/wp\/v2\/categories?post=30727"},{"taxonomy":"post_tag","embeddable":true,"href":"https:\/\/lobosnews.com.ar\/index.php\/wp-json\/wp\/v2\/tags?post=30727"}],"curies":[{"name":"wp","href":"https:\/\/api.w.org\/{rel}","templated":true}]}}