{"id":30609,"date":"2026-03-08T07:37:00","date_gmt":"2026-03-08T07:37:00","guid":{"rendered":"https:\/\/lobosnews.com.ar\/index.php\/2026\/03\/08\/cuando-volvera-a-correr-franco-colapinto-en-la-f1-la-agenda-completa-de-la-temporada-tras-el-gp-de-australia\/"},"modified":"2026-03-08T08:22:50","modified_gmt":"2026-03-08T08:22:50","slug":"cuando-volvera-a-correr-franco-colapinto-en-la-f1-la-agenda-completa-de-la-temporada-tras-el-gp-de-australia","status":"publish","type":"post","link":"https:\/\/lobosnews.com.ar\/index.php\/2026\/03\/08\/cuando-volvera-a-correr-franco-colapinto-en-la-f1-la-agenda-completa-de-la-temporada-tras-el-gp-de-australia\/","title":{"rendered":"Cuando volver\u00e1 a correr Franco Colapinto en la F1: la agenda completa de la temporada tras el GP de Australia"},"content":{"rendered":"<p><img fetchpriority=\"high\" decoding=\"async\" src=\"https:\/\/lobosnews.com.ar\/wp-content\/uploads\/2026\/03\/cuando-volvera-a-correr-franco-colapinto-en-la-f1-la-agenda-completa-de-la-temporada-tras-el-gp-de-australia.jpg\" alt=\"Franco Colapinto en el circuito de Albert Park, en Melbourne, Australia (Photo by Paul Crock \/ AFP)\" height=\"5504\" width=\"8256\"\/><\/p>\n<p><b>Pas\u00f3 la primera carrera del a\u00f1o para la F\u00f3rmula 1 y Franco Colapinto<\/b>. El piloto argentino se estren\u00f3 en el circuito urbano de <i>Albert Park<\/i> en Melbourne y <span class=\"waslinkname\"><b>acab\u00f3 en el 14\u00b0 lugar el Gran Premio de Australia<\/b><\/span> que coron\u00f3 a George Russell. Despu\u00e9s de un error de Alpine antes de la largada, que deriv\u00f3 en una sanci\u00f3n que lo retras\u00f3 por tener que hacer un <i>Stop and Go<\/i> en boxes, el oriundo de Pilar logr\u00f3 cerrar un buen trabajo en su estreno oficial en este 2026.<\/p>\n<p>El inicio fue con todo. Gracias a <span class=\"waslinkname\"><b>una incre\u00edble maniobra, a puro reflejos, Colapinto evit\u00f3 colisionar contra el Racing Bulls de Liam Lawson<\/b><\/span>, que qued\u00f3 detenido en la largada. A pesar de eso, y del mencionado retraso que tuvo por tener que ingresar a los pits, el 43 logr\u00f3 manejar el rendimiento de los neum\u00e1ticos y gir\u00f3 durante m\u00e1s de 45 vueltas con las mismas gomas que larg\u00f3 (duras). En ese inter\u00edn, soport\u00f3 los embates de Carlos Sainz y su Williams, que no logr\u00f3 superarlo y as\u00ed <span class=\"waslinkname\"><b>mantuvo su ubicaci\u00f3n para llegar a la bandera de cuadros en el trazado australiano<\/b><\/span>.<\/p>\n<p>\u201cEl ritmo fue un poco mejor. En carrera peleamos un poco m\u00e1s. Por suerte terminamos la carrera, que fue muy larga. Hay que laburar para mejorar. Ojal\u00e1 que tengamos un poco m\u00e1s de performance y podamos pelear un poco m\u00e1s adelante\u201d, dijo Franco luego de terminar en el puesto 14.<\/p>\n<p><b>\u00bfC\u00f3mo sigue el calendario para Colapinto? <\/b>No habr\u00e1 descanso, ya que la pr\u00f3xima semana, del 13 al 15 de marzo, se llevar\u00e1 a cabo el <b>Gran Premio de China <\/b>en el circuito de Shanghai con cambio de formato: ser\u00e1 el primero del a\u00f1o con carrera sprint, que se correr\u00e1 el s\u00e1bado en la madrugada argentina (a las 00). La competencia central del fin de semana ser\u00e1 a las 4 de la ma\u00f1ana del domingo.<\/p>\n<p>La Federaci\u00f3n Internacional del Autom\u00f3vil (FIA) y la Formula One Management (FOM) revolucionan la F\u00f3rmula 1 con un reglamento que introduce <b>autos m\u00e1s ligeros, potencia h\u00edbrida equilibrada y elimina el DRS<\/b>. Entre las medidas m\u00e1s notables, se destaca la dr\u00e1stica reducci\u00f3n de la distancia entre ejes en 200 mil\u00edmetros y un chasis 100 mil\u00edmetros m\u00e1s angosto, lo que genera autos considerablemente m\u00e1s compactos y \u00e1giles. El peso m\u00ednimo tambi\u00e9n baja a 768 kilos, es decir, 32 kilos menos que en 2025. La flamante normativa <span class=\"waslinkname\">tuvo modificaciones hasta el \u00faltimo momento para solucionar problemas<\/span> que se presentaron durante los ensayos previos.<\/p>\n<p>El hist\u00f3rico Drag Reduction System (DRS), utilizado entre 2011 y 2025, deja de estar disponible en la F\u00f3rmula 1. <b>Su reemplazo ser\u00e1 la aerodin\u00e1mica activa<\/b>, que habilita a los pilotos a modificar desde la cabina los alerones, eligiendo entre <b>diferentes modos para rectas o curvas <\/b>seg\u00fan la circunstancia de carrera. Esta herramienta permitir\u00e1 combinar la maximizaci\u00f3n de la velocidad en recta con una adherencia \u00f3ptima en curvas, lo que se traduce en estrategias de adelantamiento m\u00e1s ricas y matizadas. En paralelo nace el <b>Overtake Mode, un sistema que proporciona un impulso adicional de potencia el\u00e9ctrica bajo la premisa de estar a menos de un segundo<\/b> del auto rival en la zona de detecci\u00f3n.<\/p>\n<p>A diferencia del DRS, que operaba por la apertura del aler\u00f3n trasero, el beneficio del Overtake Mode radica en la eficiencia energ\u00e9tica: el piloto debe gestionar la energ\u00eda acumulada para obtener la ventaja de potencia, haciendo de la gesti\u00f3n el\u00e9ctrica un eje central de la t\u00e1ctica de carrera. El equilibrio entre motor de combusti\u00f3n y sistema el\u00e9ctrico representa otra innovaci\u00f3n fundamental. Por primera vez, <b>ambos componentes aportar\u00e1n en partes iguales \u201450% cada uno\u2014<\/b> hasta sumar un total de cerca de 1000 caballos de fuerza. En comparaci\u00f3n, el reglamento vigente desde 2014 establec\u00eda que el aporte el\u00e9ctrico era solo el 30%.<\/p>\n<h2>D\u00cdAS Y HORARIOS DE LAS 30 CARRERAS DE LA F\u00d3RMULA 1 EN 2026<\/h2>\n<p><b>1-<\/b> Gran Premio de Australia: termin\u00f3 en el puesto 14<\/p>\n<p><!DOCTYPE html><br \/>\n<html><br \/>\n<head><br \/>\n<meta name=\"viewport\" content=\"width=device-width, initial-scale=1\"><\/p>\n<style>\n.container-video { position: relative; width: 100%; overflow: hidden; padding-top: 56.25%;\n}\n.responsive-iframe-video { position: absolute; top: 0; left: 0; bottom: 0; right: 0; width: 100%; height: 100%; border: none;\n}\n<\/style>\n<p><\/head><br \/>\n<body><\/p>\n<div class=\"container-video\"> <iframe title=\"video-espn\" class=\"responsive-iframe-video\" src=\"https:\/\/www.espn.com.ar\/core\/video\/iframe?id=16406057&#038;endcard=false&#038;omniReportSuite=wdgespge\" allowfullscreen><\/iframe>\n<\/div>\n<p><\/body><br \/>\n<\/html><\/p>\n<p><b>2-<\/b> Sprint del Gran Premio de China: s\u00e1bado 14 de marzo a las 00.00<\/p>\n<p><b>3-<\/b> Gran Premio de China: domingo 15 de marzo a las 4.00<\/p>\n<p><b>4-<\/b> Gran Premio de Jap\u00f3n: domingo 29 de marzo a las 2.00<\/p>\n<p><b>5-<\/b> Gran Premio de Bar\u00e9in: domingo 12 de abril a las 12.00<\/p>\n<p><b>6-<\/b> Gran Premio de Arabia Saudita: domingo 19 de abril a las 14.00<\/p>\n<p><b>7- <\/b>Sprint del Gran Premio de Miami: s\u00e1bado 2 de mayo a las 13.00<\/p>\n<p><b>8-<\/b> Gran Premio de Miami: domingo 3 de mayo a las 17.00<\/p>\n<p><b>9- <\/b>Sprint del Gran Premio de Canad\u00e1: s\u00e1bado 23 de mayo a las 13.00<\/p>\n<p><b>10-<\/b> Gran Premio de Canad\u00e1: domingo 24 de mayo a las 17.00<\/p>\n<p><b>11-<\/b> Gran Premio de M\u00f3naco: domingo 7 de junio a las 10.00<\/p>\n<p><b>12-<\/b> Gran Premio de Barcelona: domingo 14 de junio a las 10.00<\/p>\n<p><b>13-<\/b> Gran Premio de Austria: domingo 28 de junio a las 10.00<\/p>\n<p><b>14-<\/b> Sprint del Gran Premio de Gran Breta\u00f1a: s\u00e1bado 4 de julio a las 8.00<\/p>\n<p><b>15-<\/b> Gran Premio de Gran Breta\u00f1a: domingo 5 de julio a las 11.00<\/p>\n<p><b>16-<\/b> Gran Premio de B\u00e9lgica: domingo 19 de julio a las 10.00<\/p>\n<p><b>17- <\/b>Gran Premio de Hungr\u00eda: domingo 26 de julio a las 10.00<\/p>\n<p><b>18- <\/b>Sprint del Gran Premio de Pa\u00edses Bajos: s\u00e1bado 22 de agosto a las 7.00<\/p>\n<p><b>19-<\/b> Gran Premio de Pa\u00edses Bajos: domingo 23 de agosto a las 10.00<\/p>\n<p><b>20-<\/b> Gran Premio de Italia: domingo 6 de septiembre a las 10.00<\/p>\n<p><b>21-<\/b> Gran Premio de Espa\u00f1a: domingo 13 de septiembre a las 10.00<\/p>\n<p><b>22-<\/b> Gran Premio de Azerbaiy\u00e1n: s\u00e1bado 26 de septiembre a las 8.00<\/p>\n<p><b>23-<\/b> Sprint del Gran Premio de Singapur: s\u00e1bado 10 de octubre a las 6.00<\/p>\n<p><b>24-<\/b> Gran Premio de Singapur: domingo 11 de octubre a las 9.00<\/p>\n<p><b>25-<\/b> Gran Premio de Estados Unidos: domingo 25 de octubre a las 17.00<\/p>\n<p><b>26-<\/b> Gran Premio de M\u00e9xico: domingo 1 de noviembre a las 17.00<\/p>\n<p><b>27- <\/b>Gran Premio de Brasil: domingo 8 de noviembre a las 14.00<\/p>\n<p><b>28-<\/b> Gran Premio de Las Vegas: domingo 22 de noviembre a la 1.00<\/p>\n<p><b>29-<\/b> Gran Premio de Qatar: domingo 29 de noviembre a las 13.00<\/p>\n<p><b>30-<\/b> Gran Premio de Abu Dhabi: domingo 6 de diciembre a las 10.00<\/p>\n<p><i>* HORARIOS DE ARGENTINA<\/i><\/p>\n<p><i>**24 Grandes Premios y 6 carreras Sprint<\/i><\/p>\n","protected":false},"excerpt":{"rendered":"<p>Pas\u00f3 la primera carrera del a\u00f1o para la F\u00f3rmula 1 y Franco Colapinto. El piloto argentino se estren\u00f3 en el circuito urbano de Albert Park en Melbourne y acab\u00f3 en el 14\u00b0 lugar el Gran Premio de Australia que coron\u00f3 a George Russell. Despu\u00e9s de un error de Alpine antes de la largada, que deriv\u00f3&#8230;<\/p>\n","protected":false},"author":1,"featured_media":0,"comment_status":"open","ping_status":"closed","sticky":false,"template":"","format":"standard","meta":{"_jetpack_memberships_contains_paid_content":false,"footnotes":""},"categories":[30],"tags":[39],"class_list":["post-30609","post","type-post","status-publish","format-standard","hentry","category-argentina","tag-deportes"],"magazineBlocksPostFeaturedMedia":{"thumbnail":false,"medium":false,"medium_large":false,"large":false,"1536x1536":false,"2048x2048":false,"newsmatic-featured":false,"newsmatic-list":false,"newsmatic-thumb":false,"newsmatic-small":false,"newsmatic-grid":false},"magazineBlocksPostAuthor":{"name":"admin","avatar":"https:\/\/secure.gravatar.com\/avatar\/76e419471a2083bc3ceab22a763dbbf9b0c1bd15a6214cf3280e2c2dde4580f9?s=96&d=mm&r=g"},"magazineBlocksPostCommentsNumber":"0","magazineBlocksPostExcerpt":"Pas\u00f3 la primera carrera del a\u00f1o para la F\u00f3rmula 1 y Franco Colapinto. El piloto argentino se estren\u00f3 en el circuito urbano de Albert Park en Melbourne y acab\u00f3 en el 14\u00b0 lugar el Gran Premio de Australia que coron\u00f3 a George Russell. Despu\u00e9s de un error de Alpine antes de la largada, que deriv\u00f3...","magazineBlocksPostCategories":["Argentina"],"magazineBlocksPostViewCount":102,"magazineBlocksPostReadTime":6,"magazine_blocks_featured_image_url":{"full":false,"medium":false,"thumbnail":false},"magazine_blocks_author":{"display_name":"admin","author_link":"https:\/\/lobosnews.com.ar\/index.php\/author\/lobos-news\/"},"magazine_blocks_comment":0,"magazine_blocks_author_image":"https:\/\/secure.gravatar.com\/avatar\/76e419471a2083bc3ceab22a763dbbf9b0c1bd15a6214cf3280e2c2dde4580f9?s=96&d=mm&r=g","magazine_blocks_category":"<a href=\"#\" class=\"category-link category-link-30\">Argentina<\/a>","yoast_head":"<!-- This site is optimized with the Yoast SEO plugin v26.6 - https:\/\/yoast.com\/wordpress\/plugins\/seo\/ -->\n<title>Cuando volver\u00e1 a correr Franco Colapinto en la F1: la agenda completa de la temporada tras el GP de Australia - Lobos News<\/title>\n<meta name=\"robots\" content=\"index, follow, max-snippet:-1, max-image-preview:large, max-video-preview:-1\" \/>\n<link rel=\"canonical\" href=\"https:\/\/lobosnews.com.ar\/index.php\/2026\/03\/08\/cuando-volvera-a-correr-franco-colapinto-en-la-f1-la-agenda-completa-de-la-temporada-tras-el-gp-de-australia\/\" \/>\n<meta property=\"og:locale\" content=\"es_ES\" \/>\n<meta property=\"og:type\" content=\"article\" \/>\n<meta property=\"og:title\" content=\"Cuando volver\u00e1 a correr Franco Colapinto en la F1: la agenda completa de la temporada tras el GP de Australia - Lobos News\" \/>\n<meta property=\"og:description\" content=\"Pas\u00f3 la primera carrera del a\u00f1o para la F\u00f3rmula 1 y Franco Colapinto. El piloto argentino se estren\u00f3 en el circuito urbano de Albert Park en Melbourne y acab\u00f3 en el 14\u00b0 lugar el Gran Premio de Australia que coron\u00f3 a George Russell. Despu\u00e9s de un error de Alpine antes de la largada, que deriv\u00f3...\" \/>\n<meta property=\"og:url\" content=\"https:\/\/lobosnews.com.ar\/index.php\/2026\/03\/08\/cuando-volvera-a-correr-franco-colapinto-en-la-f1-la-agenda-completa-de-la-temporada-tras-el-gp-de-australia\/\" \/>\n<meta property=\"og:site_name\" content=\"Lobos News\" \/>\n<meta property=\"article:published_time\" content=\"2026-03-08T07:37:00+00:00\" \/>\n<meta property=\"article:modified_time\" content=\"2026-03-08T08:22:50+00:00\" \/>\n<meta property=\"og:image\" content=\"https:\/\/lobosnews.com.ar\/wp-content\/uploads\/2026\/03\/cuando-volvera-a-correr-franco-colapinto-en-la-f1-la-agenda-completa-de-la-temporada-tras-el-gp-de-australia.jpg\" \/>\n<meta name=\"author\" content=\"admin\" \/>\n<meta name=\"twitter:card\" content=\"summary_large_image\" \/>\n<meta name=\"twitter:label1\" content=\"Escrito por\" \/>\n\t<meta name=\"twitter:data1\" content=\"admin\" \/>\n\t<meta name=\"twitter:label2\" content=\"Tiempo de lectura\" \/>\n\t<meta name=\"twitter:data2\" content=\"5 minutos\" \/>\n<script type=\"application\/ld+json\" class=\"yoast-schema-graph\">{\"@context\":\"https:\/\/schema.org\",\"@graph\":[{\"@type\":\"Article\",\"@id\":\"https:\/\/lobosnews.com.ar\/index.php\/2026\/03\/08\/cuando-volvera-a-correr-franco-colapinto-en-la-f1-la-agenda-completa-de-la-temporada-tras-el-gp-de-australia\/#article\",\"isPartOf\":{\"@id\":\"https:\/\/lobosnews.com.ar\/index.php\/2026\/03\/08\/cuando-volvera-a-correr-franco-colapinto-en-la-f1-la-agenda-completa-de-la-temporada-tras-el-gp-de-australia\/\"},\"author\":{\"name\":\"admin\",\"@id\":\"https:\/\/lobosnews.com.ar\/#\/schema\/person\/232422a593d5c541dd9aef6aaed10943\"},\"headline\":\"Cuando volver\u00e1 a correr Franco Colapinto en la F1: la agenda completa de la temporada tras el GP de Australia\",\"datePublished\":\"2026-03-08T07:37:00+00:00\",\"dateModified\":\"2026-03-08T08:22:50+00:00\",\"mainEntityOfPage\":{\"@id\":\"https:\/\/lobosnews.com.ar\/index.php\/2026\/03\/08\/cuando-volvera-a-correr-franco-colapinto-en-la-f1-la-agenda-completa-de-la-temporada-tras-el-gp-de-australia\/\"},\"wordCount\":1032,\"commentCount\":0,\"publisher\":{\"@id\":\"https:\/\/lobosnews.com.ar\/#organization\"},\"image\":{\"@id\":\"https:\/\/lobosnews.com.ar\/index.php\/2026\/03\/08\/cuando-volvera-a-correr-franco-colapinto-en-la-f1-la-agenda-completa-de-la-temporada-tras-el-gp-de-australia\/#primaryimage\"},\"thumbnailUrl\":\"https:\/\/lobosnews.com.ar\/wp-content\/uploads\/2026\/03\/cuando-volvera-a-correr-franco-colapinto-en-la-f1-la-agenda-completa-de-la-temporada-tras-el-gp-de-australia.jpg\",\"keywords\":[\"Deportes\"],\"articleSection\":[\"Argentina\"],\"inLanguage\":\"es\",\"potentialAction\":[{\"@type\":\"CommentAction\",\"name\":\"Comment\",\"target\":[\"https:\/\/lobosnews.com.ar\/index.php\/2026\/03\/08\/cuando-volvera-a-correr-franco-colapinto-en-la-f1-la-agenda-completa-de-la-temporada-tras-el-gp-de-australia\/#respond\"]}]},{\"@type\":\"WebPage\",\"@id\":\"https:\/\/lobosnews.com.ar\/index.php\/2026\/03\/08\/cuando-volvera-a-correr-franco-colapinto-en-la-f1-la-agenda-completa-de-la-temporada-tras-el-gp-de-australia\/\",\"url\":\"https:\/\/lobosnews.com.ar\/index.php\/2026\/03\/08\/cuando-volvera-a-correr-franco-colapinto-en-la-f1-la-agenda-completa-de-la-temporada-tras-el-gp-de-australia\/\",\"name\":\"Cuando volver\u00e1 a correr Franco Colapinto en la F1: la agenda completa de la temporada tras el GP de Australia - Lobos News\",\"isPartOf\":{\"@id\":\"https:\/\/lobosnews.com.ar\/#website\"},\"primaryImageOfPage\":{\"@id\":\"https:\/\/lobosnews.com.ar\/index.php\/2026\/03\/08\/cuando-volvera-a-correr-franco-colapinto-en-la-f1-la-agenda-completa-de-la-temporada-tras-el-gp-de-australia\/#primaryimage\"},\"image\":{\"@id\":\"https:\/\/lobosnews.com.ar\/index.php\/2026\/03\/08\/cuando-volvera-a-correr-franco-colapinto-en-la-f1-la-agenda-completa-de-la-temporada-tras-el-gp-de-australia\/#primaryimage\"},\"thumbnailUrl\":\"https:\/\/lobosnews.com.ar\/wp-content\/uploads\/2026\/03\/cuando-volvera-a-correr-franco-colapinto-en-la-f1-la-agenda-completa-de-la-temporada-tras-el-gp-de-australia.jpg\",\"datePublished\":\"2026-03-08T07:37:00+00:00\",\"dateModified\":\"2026-03-08T08:22:50+00:00\",\"breadcrumb\":{\"@id\":\"https:\/\/lobosnews.com.ar\/index.php\/2026\/03\/08\/cuando-volvera-a-correr-franco-colapinto-en-la-f1-la-agenda-completa-de-la-temporada-tras-el-gp-de-australia\/#breadcrumb\"},\"inLanguage\":\"es\",\"potentialAction\":[{\"@type\":\"ReadAction\",\"target\":[\"https:\/\/lobosnews.com.ar\/index.php\/2026\/03\/08\/cuando-volvera-a-correr-franco-colapinto-en-la-f1-la-agenda-completa-de-la-temporada-tras-el-gp-de-australia\/\"]}]},{\"@type\":\"ImageObject\",\"inLanguage\":\"es\",\"@id\":\"https:\/\/lobosnews.com.ar\/index.php\/2026\/03\/08\/cuando-volvera-a-correr-franco-colapinto-en-la-f1-la-agenda-completa-de-la-temporada-tras-el-gp-de-australia\/#primaryimage\",\"url\":\"https:\/\/lobosnews.com.ar\/wp-content\/uploads\/2026\/03\/cuando-volvera-a-correr-franco-colapinto-en-la-f1-la-agenda-completa-de-la-temporada-tras-el-gp-de-australia.jpg\",\"contentUrl\":\"https:\/\/lobosnews.com.ar\/wp-content\/uploads\/2026\/03\/cuando-volvera-a-correr-franco-colapinto-en-la-f1-la-agenda-completa-de-la-temporada-tras-el-gp-de-australia.jpg\"},{\"@type\":\"BreadcrumbList\",\"@id\":\"https:\/\/lobosnews.com.ar\/index.php\/2026\/03\/08\/cuando-volvera-a-correr-franco-colapinto-en-la-f1-la-agenda-completa-de-la-temporada-tras-el-gp-de-australia\/#breadcrumb\",\"itemListElement\":[{\"@type\":\"ListItem\",\"position\":1,\"name\":\"Portada\",\"item\":\"https:\/\/lobosnews.com.ar\/\"},{\"@type\":\"ListItem\",\"position\":2,\"name\":\"Cuando volver\u00e1 a correr Franco Colapinto en la F1: la agenda completa de la temporada tras el GP de Australia\"}]},{\"@type\":\"WebSite\",\"@id\":\"https:\/\/lobosnews.com.ar\/#website\",\"url\":\"https:\/\/lobosnews.com.ar\/\",\"name\":\"Lobos News\",\"description\":\"Informaci\u00f3n a cada instante\",\"publisher\":{\"@id\":\"https:\/\/lobosnews.com.ar\/#organization\"},\"potentialAction\":[{\"@type\":\"SearchAction\",\"target\":{\"@type\":\"EntryPoint\",\"urlTemplate\":\"https:\/\/lobosnews.com.ar\/?s={search_term_string}\"},\"query-input\":{\"@type\":\"PropertyValueSpecification\",\"valueRequired\":true,\"valueName\":\"search_term_string\"}}],\"inLanguage\":\"es\"},{\"@type\":\"Organization\",\"@id\":\"https:\/\/lobosnews.com.ar\/#organization\",\"name\":\"Lobos News\",\"url\":\"https:\/\/lobosnews.com.ar\/\",\"logo\":{\"@type\":\"ImageObject\",\"inLanguage\":\"es\",\"@id\":\"https:\/\/lobosnews.com.ar\/#\/schema\/logo\/image\/\",\"url\":\"https:\/\/lobosnews.com.ar\/wp-content\/uploads\/2026\/01\/logo-lobosnews.png\",\"contentUrl\":\"https:\/\/lobosnews.com.ar\/wp-content\/uploads\/2026\/01\/logo-lobosnews.png\",\"width\":500,\"height\":200,\"caption\":\"Lobos News\"},\"image\":{\"@id\":\"https:\/\/lobosnews.com.ar\/#\/schema\/logo\/image\/\"}},{\"@type\":\"Person\",\"@id\":\"https:\/\/lobosnews.com.ar\/#\/schema\/person\/232422a593d5c541dd9aef6aaed10943\",\"name\":\"admin\",\"image\":{\"@type\":\"ImageObject\",\"inLanguage\":\"es\",\"@id\":\"https:\/\/lobosnews.com.ar\/#\/schema\/person\/image\/\",\"url\":\"https:\/\/secure.gravatar.com\/avatar\/76e419471a2083bc3ceab22a763dbbf9b0c1bd15a6214cf3280e2c2dde4580f9?s=96&d=mm&r=g\",\"contentUrl\":\"https:\/\/secure.gravatar.com\/avatar\/76e419471a2083bc3ceab22a763dbbf9b0c1bd15a6214cf3280e2c2dde4580f9?s=96&d=mm&r=g\",\"caption\":\"admin\"},\"sameAs\":[\"https:\/\/lobosnews.com.ar\"],\"url\":\"https:\/\/lobosnews.com.ar\/index.php\/author\/lobos-news\/\"}]}<\/script>\n<!-- \/ Yoast SEO plugin. -->","yoast_head_json":{"title":"Cuando volver\u00e1 a correr Franco Colapinto en la F1: la agenda completa de la temporada tras el GP de Australia - Lobos News","robots":{"index":"index","follow":"follow","max-snippet":"max-snippet:-1","max-image-preview":"max-image-preview:large","max-video-preview":"max-video-preview:-1"},"canonical":"https:\/\/lobosnews.com.ar\/index.php\/2026\/03\/08\/cuando-volvera-a-correr-franco-colapinto-en-la-f1-la-agenda-completa-de-la-temporada-tras-el-gp-de-australia\/","og_locale":"es_ES","og_type":"article","og_title":"Cuando volver\u00e1 a correr Franco Colapinto en la F1: la agenda completa de la temporada tras el GP de Australia - Lobos News","og_description":"Pas\u00f3 la primera carrera del a\u00f1o para la F\u00f3rmula 1 y Franco Colapinto. El piloto argentino se estren\u00f3 en el circuito urbano de Albert Park en Melbourne y acab\u00f3 en el 14\u00b0 lugar el Gran Premio de Australia que coron\u00f3 a George Russell. Despu\u00e9s de un error de Alpine antes de la largada, que deriv\u00f3...","og_url":"https:\/\/lobosnews.com.ar\/index.php\/2026\/03\/08\/cuando-volvera-a-correr-franco-colapinto-en-la-f1-la-agenda-completa-de-la-temporada-tras-el-gp-de-australia\/","og_site_name":"Lobos News","article_published_time":"2026-03-08T07:37:00+00:00","article_modified_time":"2026-03-08T08:22:50+00:00","og_image":[{"url":"https:\/\/lobosnews.com.ar\/wp-content\/uploads\/2026\/03\/cuando-volvera-a-correr-franco-colapinto-en-la-f1-la-agenda-completa-de-la-temporada-tras-el-gp-de-australia.jpg","type":"","width":"","height":""}],"author":"admin","twitter_card":"summary_large_image","twitter_misc":{"Escrito por":"admin","Tiempo de lectura":"5 minutos"},"schema":{"@context":"https:\/\/schema.org","@graph":[{"@type":"Article","@id":"https:\/\/lobosnews.com.ar\/index.php\/2026\/03\/08\/cuando-volvera-a-correr-franco-colapinto-en-la-f1-la-agenda-completa-de-la-temporada-tras-el-gp-de-australia\/#article","isPartOf":{"@id":"https:\/\/lobosnews.com.ar\/index.php\/2026\/03\/08\/cuando-volvera-a-correr-franco-colapinto-en-la-f1-la-agenda-completa-de-la-temporada-tras-el-gp-de-australia\/"},"author":{"name":"admin","@id":"https:\/\/lobosnews.com.ar\/#\/schema\/person\/232422a593d5c541dd9aef6aaed10943"},"headline":"Cuando volver\u00e1 a correr Franco Colapinto en la F1: la agenda completa de la temporada tras el GP de Australia","datePublished":"2026-03-08T07:37:00+00:00","dateModified":"2026-03-08T08:22:50+00:00","mainEntityOfPage":{"@id":"https:\/\/lobosnews.com.ar\/index.php\/2026\/03\/08\/cuando-volvera-a-correr-franco-colapinto-en-la-f1-la-agenda-completa-de-la-temporada-tras-el-gp-de-australia\/"},"wordCount":1032,"commentCount":0,"publisher":{"@id":"https:\/\/lobosnews.com.ar\/#organization"},"image":{"@id":"https:\/\/lobosnews.com.ar\/index.php\/2026\/03\/08\/cuando-volvera-a-correr-franco-colapinto-en-la-f1-la-agenda-completa-de-la-temporada-tras-el-gp-de-australia\/#primaryimage"},"thumbnailUrl":"https:\/\/lobosnews.com.ar\/wp-content\/uploads\/2026\/03\/cuando-volvera-a-correr-franco-colapinto-en-la-f1-la-agenda-completa-de-la-temporada-tras-el-gp-de-australia.jpg","keywords":["Deportes"],"articleSection":["Argentina"],"inLanguage":"es","potentialAction":[{"@type":"CommentAction","name":"Comment","target":["https:\/\/lobosnews.com.ar\/index.php\/2026\/03\/08\/cuando-volvera-a-correr-franco-colapinto-en-la-f1-la-agenda-completa-de-la-temporada-tras-el-gp-de-australia\/#respond"]}]},{"@type":"WebPage","@id":"https:\/\/lobosnews.com.ar\/index.php\/2026\/03\/08\/cuando-volvera-a-correr-franco-colapinto-en-la-f1-la-agenda-completa-de-la-temporada-tras-el-gp-de-australia\/","url":"https:\/\/lobosnews.com.ar\/index.php\/2026\/03\/08\/cuando-volvera-a-correr-franco-colapinto-en-la-f1-la-agenda-completa-de-la-temporada-tras-el-gp-de-australia\/","name":"Cuando volver\u00e1 a correr Franco Colapinto en la F1: la agenda completa de la temporada tras el GP de Australia - Lobos News","isPartOf":{"@id":"https:\/\/lobosnews.com.ar\/#website"},"primaryImageOfPage":{"@id":"https:\/\/lobosnews.com.ar\/index.php\/2026\/03\/08\/cuando-volvera-a-correr-franco-colapinto-en-la-f1-la-agenda-completa-de-la-temporada-tras-el-gp-de-australia\/#primaryimage"},"image":{"@id":"https:\/\/lobosnews.com.ar\/index.php\/2026\/03\/08\/cuando-volvera-a-correr-franco-colapinto-en-la-f1-la-agenda-completa-de-la-temporada-tras-el-gp-de-australia\/#primaryimage"},"thumbnailUrl":"https:\/\/lobosnews.com.ar\/wp-content\/uploads\/2026\/03\/cuando-volvera-a-correr-franco-colapinto-en-la-f1-la-agenda-completa-de-la-temporada-tras-el-gp-de-australia.jpg","datePublished":"2026-03-08T07:37:00+00:00","dateModified":"2026-03-08T08:22:50+00:00","breadcrumb":{"@id":"https:\/\/lobosnews.com.ar\/index.php\/2026\/03\/08\/cuando-volvera-a-correr-franco-colapinto-en-la-f1-la-agenda-completa-de-la-temporada-tras-el-gp-de-australia\/#breadcrumb"},"inLanguage":"es","potentialAction":[{"@type":"ReadAction","target":["https:\/\/lobosnews.com.ar\/index.php\/2026\/03\/08\/cuando-volvera-a-correr-franco-colapinto-en-la-f1-la-agenda-completa-de-la-temporada-tras-el-gp-de-australia\/"]}]},{"@type":"ImageObject","inLanguage":"es","@id":"https:\/\/lobosnews.com.ar\/index.php\/2026\/03\/08\/cuando-volvera-a-correr-franco-colapinto-en-la-f1-la-agenda-completa-de-la-temporada-tras-el-gp-de-australia\/#primaryimage","url":"https:\/\/lobosnews.com.ar\/wp-content\/uploads\/2026\/03\/cuando-volvera-a-correr-franco-colapinto-en-la-f1-la-agenda-completa-de-la-temporada-tras-el-gp-de-australia.jpg","contentUrl":"https:\/\/lobosnews.com.ar\/wp-content\/uploads\/2026\/03\/cuando-volvera-a-correr-franco-colapinto-en-la-f1-la-agenda-completa-de-la-temporada-tras-el-gp-de-australia.jpg"},{"@type":"BreadcrumbList","@id":"https:\/\/lobosnews.com.ar\/index.php\/2026\/03\/08\/cuando-volvera-a-correr-franco-colapinto-en-la-f1-la-agenda-completa-de-la-temporada-tras-el-gp-de-australia\/#breadcrumb","itemListElement":[{"@type":"ListItem","position":1,"name":"Portada","item":"https:\/\/lobosnews.com.ar\/"},{"@type":"ListItem","position":2,"name":"Cuando volver\u00e1 a correr Franco Colapinto en la F1: la agenda completa de la temporada tras el GP de Australia"}]},{"@type":"WebSite","@id":"https:\/\/lobosnews.com.ar\/#website","url":"https:\/\/lobosnews.com.ar\/","name":"Lobos News","description":"Informaci\u00f3n a cada instante","publisher":{"@id":"https:\/\/lobosnews.com.ar\/#organization"},"potentialAction":[{"@type":"SearchAction","target":{"@type":"EntryPoint","urlTemplate":"https:\/\/lobosnews.com.ar\/?s={search_term_string}"},"query-input":{"@type":"PropertyValueSpecification","valueRequired":true,"valueName":"search_term_string"}}],"inLanguage":"es"},{"@type":"Organization","@id":"https:\/\/lobosnews.com.ar\/#organization","name":"Lobos News","url":"https:\/\/lobosnews.com.ar\/","logo":{"@type":"ImageObject","inLanguage":"es","@id":"https:\/\/lobosnews.com.ar\/#\/schema\/logo\/image\/","url":"https:\/\/lobosnews.com.ar\/wp-content\/uploads\/2026\/01\/logo-lobosnews.png","contentUrl":"https:\/\/lobosnews.com.ar\/wp-content\/uploads\/2026\/01\/logo-lobosnews.png","width":500,"height":200,"caption":"Lobos News"},"image":{"@id":"https:\/\/lobosnews.com.ar\/#\/schema\/logo\/image\/"}},{"@type":"Person","@id":"https:\/\/lobosnews.com.ar\/#\/schema\/person\/232422a593d5c541dd9aef6aaed10943","name":"admin","image":{"@type":"ImageObject","inLanguage":"es","@id":"https:\/\/lobosnews.com.ar\/#\/schema\/person\/image\/","url":"https:\/\/secure.gravatar.com\/avatar\/76e419471a2083bc3ceab22a763dbbf9b0c1bd15a6214cf3280e2c2dde4580f9?s=96&d=mm&r=g","contentUrl":"https:\/\/secure.gravatar.com\/avatar\/76e419471a2083bc3ceab22a763dbbf9b0c1bd15a6214cf3280e2c2dde4580f9?s=96&d=mm&r=g","caption":"admin"},"sameAs":["https:\/\/lobosnews.com.ar"],"url":"https:\/\/lobosnews.com.ar\/index.php\/author\/lobos-news\/"}]}},"jetpack_featured_media_url":"","jetpack_sharing_enabled":true,"_links":{"self":[{"href":"https:\/\/lobosnews.com.ar\/index.php\/wp-json\/wp\/v2\/posts\/30609","targetHints":{"allow":["GET"]}}],"collection":[{"href":"https:\/\/lobosnews.com.ar\/index.php\/wp-json\/wp\/v2\/posts"}],"about":[{"href":"https:\/\/lobosnews.com.ar\/index.php\/wp-json\/wp\/v2\/types\/post"}],"author":[{"embeddable":true,"href":"https:\/\/lobosnews.com.ar\/index.php\/wp-json\/wp\/v2\/users\/1"}],"replies":[{"embeddable":true,"href":"https:\/\/lobosnews.com.ar\/index.php\/wp-json\/wp\/v2\/comments?post=30609"}],"version-history":[{"count":1,"href":"https:\/\/lobosnews.com.ar\/index.php\/wp-json\/wp\/v2\/posts\/30609\/revisions"}],"predecessor-version":[{"id":30611,"href":"https:\/\/lobosnews.com.ar\/index.php\/wp-json\/wp\/v2\/posts\/30609\/revisions\/30611"}],"wp:attachment":[{"href":"https:\/\/lobosnews.com.ar\/index.php\/wp-json\/wp\/v2\/media?parent=30609"}],"wp:term":[{"taxonomy":"category","embeddable":true,"href":"https:\/\/lobosnews.com.ar\/index.php\/wp-json\/wp\/v2\/categories?post=30609"},{"taxonomy":"post_tag","embeddable":true,"href":"https:\/\/lobosnews.com.ar\/index.php\/wp-json\/wp\/v2\/tags?post=30609"}],"curies":[{"name":"wp","href":"https:\/\/api.w.org\/{rel}","templated":true}]}}