{"id":30598,"date":"2026-03-08T04:50:44","date_gmt":"2026-03-08T04:50:44","guid":{"rendered":"https:\/\/lobosnews.com.ar\/index.php\/2026\/03\/08\/sobrevivio-setenta-dias-atrapado-700-metros-bajo-tierra-pero-lo-peor-paso-cuando-volvio-a-la-superficie\/"},"modified":"2026-03-08T05:58:57","modified_gmt":"2026-03-08T05:58:57","slug":"sobrevivio-setenta-dias-atrapado-700-metros-bajo-tierra-pero-lo-peor-paso-cuando-volvio-a-la-superficie","status":"publish","type":"post","link":"https:\/\/lobosnews.com.ar\/index.php\/2026\/03\/08\/sobrevivio-setenta-dias-atrapado-700-metros-bajo-tierra-pero-lo-peor-paso-cuando-volvio-a-la-superficie\/","title":{"rendered":"Sobrevivi\u00f3 setenta d\u00edas atrapado 700 metros bajo tierra, pero lo peor pas\u00f3 cuando volvi\u00f3 a la superficie"},"content":{"rendered":"<p><img loading=\"lazy\" decoding=\"async\" src=\"https:\/\/lobosnews.com.ar\/wp-content\/uploads\/2026\/03\/sobrevivio-setenta-dias-atrapado-700-metros-bajo-tierra-pero-lo-peor-paso-cuando-volvio-a-la-superficie.jpg\" alt=\"Mario G\u00f3mez es apenas un ejemplo de los mineros rescatados en la mina de la mina San Jos\u00e9, en Atacama. A sus 63 a\u00f1os, era el de mayor edad de los mineros atrapados en el yacimiento (Reuters)\" height=\"1080\" width=\"1920\"\/><\/p>\n<p>Qu\u00e9 iron\u00eda. Me siento m\u00e1s encerrado ac\u00e1 afuera que cuando qued\u00e9 atrapado a setecientos metros bajo tierra.<\/p>\n<p>Tomar conciencia del derrumbe de la mina fue un golpe brutal. Tard\u00e9 horas en dimensionar la situaci\u00f3n, y cuando lo hice entend\u00ed que era muy probable que esos t\u00faneles se convirtiesen en nuestra tumba. Despu\u00e9s de una semana de ingeniarnos para racionar los pocos v\u00edveres que ten\u00edamos, empez\u00f3 a carcomernos la peor duda. \u00bfSeguir\u00edan busc\u00e1ndonos ah\u00ed afuera o ya nos habr\u00edan dado por muertos?<\/p>\n<p>Durante los d\u00edas que estuvimos incomunicados <b>no nos sostuvo la esperanza, sino la fe<\/b>. La esperanza es creer que las cosas finalmente van a salir bien. La fe, en cambio, es saber que hay alguien a cargo, que conduce las cosas que pasan en esta Tierra aunque no le encontremos sentido.<\/p>\n<p>La primera se\u00f1al del exterior lleg\u00f3 cuando llev\u00e1bamos dos semanas atrapados y nuestras fuerzas f\u00edsicas y emocionales empezaban a flaquear. Entonces todo cambi\u00f3. Volvimos a creer, a estar vivos, a ver la luz al final del t\u00fanel. <\/p>\n<p>Finalmente entr\u00e9 en esa c\u00e1psula que me llev\u00f3 hasta la superficie. <b>Pas\u00e9 veintid\u00f3s minutos subiendo, en los que sent\u00ed todo tipo de emociones<\/b>. P\u00e1nico de que se produjese otro terremoto que me dejara atrapado a mitad de camino o me aplastara instant\u00e1neamente. Ansiedad ante la idea de que el cable de acero se cortara y la c\u00e1psula cayera hasta el fondo de la mina, lo cual era como caer desde un edificio m\u00e1s alto que el Empire State. Como dice ese refr\u00e1n del f\u00fatbol: cuanto m\u00e1s cerca del arco, m\u00e1s lejos del gol.<\/p>\n<p>No logr\u00e9 serenarme ni siquiera haciendo ejercicios de respiraci\u00f3n, y tuve un ataque de p\u00e1nico. Pero la c\u00e1psula, al igual que la vida, sigui\u00f3 su curso. No le importaba lo que yo sintiera, por suerte.<\/p>\n<p><b>Cuando llegu\u00e9 a la superficie y abrac\u00e9 a mi mujer y a mis hijos, todo parec\u00eda haber llegado a su fin<\/b>. Sin embargo el tiempo me mostrar\u00eda que lo peor reci\u00e9n estaba empezando.<\/p>\n<p>La presi\u00f3n de los medios y de los funcionarios nos enloqueci\u00f3. Setenta d\u00edas antes hab\u00edamos entrado a la mina San Jos\u00e9 como simples mineros, casi hermanos, y ahora parec\u00edamos los Rolling Stones. De pronto \u00e9ramos conocidos en todo el mundo. H\u00e9roes. Referentes. <b>\u00bfDe d\u00f3nde hab\u00eda salido semejante confusi\u00f3n? <\/b><\/p>\n<p>Dimos charlas y contamos nuestra proeza en much\u00edsimos pa\u00edses pero <b>en el fondo, no sab\u00edamos d\u00f3nde est\u00e1bamos parados<\/b>. Para peor, los recelos tambi\u00e9n hab\u00edan salido a la superficie junto con nosotros.<\/p>\n<p>Aquello que hubiera sido impensable a setecientos metros de profundidad, cuando solo nos preocupaba sobrevivir, se produjo cuando estuvimos a salvo: competir entre nosotros para ver qui\u00e9n era el mejor, especular con si lo que hab\u00eda dicho tal o cual a los medios era cierto, averiguar si al otro le pagaban m\u00e1s o menos por hacer una publicidad o dar una conferencia. Al volver a la superficie hubi\u00e9ramos necesitado recuperar la normalidad, estar con nuestros familiares y amigos, lejos de c\u00e1maras, periodistas y pol\u00edticos. Pero el show reci\u00e9n empezaba y deb\u00eda continuar, a cualquier precio.<\/p>\n<p>Yo amaba mi trabajo en la mina pero no pude seguir ejerci\u00e9ndolo. Sin propon\u00e9rmelo, me hab\u00eda convertido en una celebridad y <b>hab\u00eda perdido lo que hasta ese momento le daba sentido a mi existencia: la confianza en mis compa\u00f1eros<\/b>. <\/p>\n<p>Mi madre hab\u00eda muerto durante el parto, y sin saberlo me pas\u00e9 la vida buscando una familia sustituta. La encontr\u00e9 siendo minero. La camarader\u00eda y la hermandad son todo cuando uno est\u00e1 bajo tierra. Ah\u00ed no hay jefes ni jerarqu\u00edas. Todos somos iguales, hombres de carne y hueso que confiamos ciegamente unos en otros.<\/p>\n<p>Y creo que esa es la verdadera felicidad. No se trata de la ausencia de peligros \u2014que siempre van a estar\u2014, sino sentirnos conectados con nosotros mismos y con las personas que queremos, en quienes confiamos.<\/p>\n<p>Como minero encontr\u00e9 eso que no hab\u00eda podido tener durante la infancia. Y el derrumbe llev\u00f3 al m\u00e1ximo esa hermandad, uni\u00f3n, contenci\u00f3n y confianza mutua en un ambiente extremadamente hostil. Pero <b>el regreso a la superficie, en vez de salvarnos, nos destruy\u00f3<\/b>.<\/p>\n<p>Hoy vivo con temor. Me cuesta dormir. En parte, se debe al estr\u00e9s postraum\u00e1tico. A veces el trauma no termina cuando el peligro pasa, sino que por el contrario, ah\u00ed empieza. Estoy en alerta constante. Tengo miedo a lo que puede venir. \u00bfQu\u00e9 pasa si nadie m\u00e1s quiere escuchar mis charlas? \u00bfDe qu\u00e9 voy a vivir? <\/p>\n<p>Y lo peor no es ese futuro incierto, sino este presente aislado de mis hermanos. Antes, cuando estaba en la mina, esas preocupaciones no exist\u00edan. Viv\u00eda al d\u00eda pero ten\u00eda compa\u00f1eros en los que confiaba a ciegas. Estaba conectado, me sent\u00eda seguro junto a ellos aunque las condiciones fuesen muy dif\u00edciles. Ahora estoy a la intemperie, expulsado a una superficie hostil donde me siento aislado y vulnerable. Siento que perd\u00ed todo lo que tanto trabajo me hab\u00eda costado encontrar.<\/p>\n<p>Este es mi verdadero infierno, no tener a nadie en quien confiar.<\/p>\n<p>Soy hu\u00e9rfano por segunda vez.<\/p>\n<p>Sin embargo, no soy el mismo que baj\u00f3 a la mina aquel d\u00eda. Tampoco soy el que sali\u00f3 de ella. Soy el que sobrevivi\u00f3 a ambos. Y aunque sigo buscando, hoy s\u00e9 que no estoy perdido.<\/p>\n<p><i>* Juan Tonelli es escritor y speaker, autor del libro \u201cUn paraguas contra un tsunami\u201d.<\/i><span class=\"waslinkname\"><i>www.youtube.com\/juantonelli<\/i><\/span><\/p>\n","protected":false},"excerpt":{"rendered":"<p>Qu\u00e9 iron\u00eda. Me siento m\u00e1s encerrado ac\u00e1 afuera que cuando qued\u00e9 atrapado a setecientos metros bajo tierra. Tomar conciencia del derrumbe de la mina fue un golpe brutal. Tard\u00e9 horas en dimensionar la situaci\u00f3n, y cuando lo hice entend\u00ed que era muy probable que esos t\u00faneles se convirtiesen en nuestra tumba. Despu\u00e9s de una semana&#8230;<\/p>\n","protected":false},"author":1,"featured_media":30601,"comment_status":"open","ping_status":"closed","sticky":false,"template":"","format":"standard","meta":{"_jetpack_memberships_contains_paid_content":false,"footnotes":""},"categories":[31,30,32,77,84,35,36,37],"tags":[],"class_list":["post-30598","post","type-post","status-publish","format-standard","has-post-thumbnail","hentry","category-actualidad","category-argentina","category-economia","category-inseguridad","category-masradios-com","category-nacionales","category-seguridad","category-sociedad"],"magazineBlocksPostFeaturedMedia":{"thumbnail":"https:\/\/lobosnews.com.ar\/wp-content\/uploads\/2026\/03\/sobrevivio-setenta-dias-atrapado-700-metros-bajo-tierra-pero-lo-peor-paso-cuando-volvio-a-la-superficie-150x150.jpg","medium":"https:\/\/lobosnews.com.ar\/wp-content\/uploads\/2026\/03\/sobrevivio-setenta-dias-atrapado-700-metros-bajo-tierra-pero-lo-peor-paso-cuando-volvio-a-la-superficie-300x169.jpg","medium_large":"https:\/\/lobosnews.com.ar\/wp-content\/uploads\/2026\/03\/sobrevivio-setenta-dias-atrapado-700-metros-bajo-tierra-pero-lo-peor-paso-cuando-volvio-a-la-superficie-768x432.jpg","large":"https:\/\/lobosnews.com.ar\/wp-content\/uploads\/2026\/03\/sobrevivio-setenta-dias-atrapado-700-metros-bajo-tierra-pero-lo-peor-paso-cuando-volvio-a-la-superficie-1024x576.jpg","1536x1536":"https:\/\/lobosnews.com.ar\/wp-content\/uploads\/2026\/03\/sobrevivio-setenta-dias-atrapado-700-metros-bajo-tierra-pero-lo-peor-paso-cuando-volvio-a-la-superficie-1536x864.jpg","2048x2048":"https:\/\/lobosnews.com.ar\/wp-content\/uploads\/2026\/03\/sobrevivio-setenta-dias-atrapado-700-metros-bajo-tierra-pero-lo-peor-paso-cuando-volvio-a-la-superficie.jpg","newsmatic-featured":"https:\/\/lobosnews.com.ar\/wp-content\/uploads\/2026\/03\/sobrevivio-setenta-dias-atrapado-700-metros-bajo-tierra-pero-lo-peor-paso-cuando-volvio-a-la-superficie-820x545.jpg","newsmatic-list":"https:\/\/lobosnews.com.ar\/wp-content\/uploads\/2026\/03\/sobrevivio-setenta-dias-atrapado-700-metros-bajo-tierra-pero-lo-peor-paso-cuando-volvio-a-la-superficie-600x400.jpg","newsmatic-thumb":"https:\/\/lobosnews.com.ar\/wp-content\/uploads\/2026\/03\/sobrevivio-setenta-dias-atrapado-700-metros-bajo-tierra-pero-lo-peor-paso-cuando-volvio-a-la-superficie-300x200.jpg","newsmatic-small":"https:\/\/lobosnews.com.ar\/wp-content\/uploads\/2026\/03\/sobrevivio-setenta-dias-atrapado-700-metros-bajo-tierra-pero-lo-peor-paso-cuando-volvio-a-la-superficie-150x95.jpg","newsmatic-grid":"https:\/\/lobosnews.com.ar\/wp-content\/uploads\/2026\/03\/sobrevivio-setenta-dias-atrapado-700-metros-bajo-tierra-pero-lo-peor-paso-cuando-volvio-a-la-superficie-400x250.jpg"},"magazineBlocksPostAuthor":{"name":"admin","avatar":"https:\/\/secure.gravatar.com\/avatar\/76e419471a2083bc3ceab22a763dbbf9b0c1bd15a6214cf3280e2c2dde4580f9?s=96&d=mm&r=g"},"magazineBlocksPostCommentsNumber":"0","magazineBlocksPostExcerpt":"Qu\u00e9 iron\u00eda. Me siento m\u00e1s encerrado ac\u00e1 afuera que cuando qued\u00e9 atrapado a setecientos metros bajo tierra. Tomar conciencia del derrumbe de la mina fue un golpe brutal. Tard\u00e9 horas en dimensionar la situaci\u00f3n, y cuando lo hice entend\u00ed que era muy probable que esos t\u00faneles se convirtiesen en nuestra tumba. Despu\u00e9s de una semana...","magazineBlocksPostCategories":["Actualidad","Argentina","econom\u00eda","inseguridad","masradios.com","nacionales","seguridad","sociedad"],"magazineBlocksPostViewCount":111,"magazineBlocksPostReadTime":5,"magazine_blocks_featured_image_url":{"full":["https:\/\/lobosnews.com.ar\/wp-content\/uploads\/2026\/03\/sobrevivio-setenta-dias-atrapado-700-metros-bajo-tierra-pero-lo-peor-paso-cuando-volvio-a-la-superficie.jpg",1920,1080,false],"medium":["https:\/\/lobosnews.com.ar\/wp-content\/uploads\/2026\/03\/sobrevivio-setenta-dias-atrapado-700-metros-bajo-tierra-pero-lo-peor-paso-cuando-volvio-a-la-superficie-300x169.jpg",300,169,true],"thumbnail":["https:\/\/lobosnews.com.ar\/wp-content\/uploads\/2026\/03\/sobrevivio-setenta-dias-atrapado-700-metros-bajo-tierra-pero-lo-peor-paso-cuando-volvio-a-la-superficie-150x150.jpg",150,150,true]},"magazine_blocks_author":{"display_name":"admin","author_link":"https:\/\/lobosnews.com.ar\/index.php\/author\/lobos-news\/"},"magazine_blocks_comment":0,"magazine_blocks_author_image":"https:\/\/secure.gravatar.com\/avatar\/76e419471a2083bc3ceab22a763dbbf9b0c1bd15a6214cf3280e2c2dde4580f9?s=96&d=mm&r=g","magazine_blocks_category":"<a href=\"#\" class=\"category-link category-link-31\">Actualidad<\/a> <a href=\"#\" class=\"category-link category-link-30\">Argentina<\/a> <a href=\"#\" class=\"category-link category-link-32\">econom\u00eda<\/a> <a href=\"#\" class=\"category-link category-link-77\">inseguridad<\/a> <a href=\"#\" class=\"category-link category-link-84\">masradios.com<\/a> <a href=\"#\" class=\"category-link category-link-35\">nacionales<\/a> <a href=\"#\" class=\"category-link category-link-36\">seguridad<\/a> <a href=\"#\" class=\"category-link category-link-37\">sociedad<\/a>","yoast_head":"<!-- This site is optimized with the Yoast SEO plugin v26.6 - https:\/\/yoast.com\/wordpress\/plugins\/seo\/ -->\n<title>Sobrevivi\u00f3 setenta d\u00edas atrapado 700 metros bajo tierra, pero lo peor pas\u00f3 cuando volvi\u00f3 a la superficie - Lobos News<\/title>\n<meta name=\"robots\" content=\"index, follow, max-snippet:-1, max-image-preview:large, max-video-preview:-1\" \/>\n<link rel=\"canonical\" href=\"https:\/\/lobosnews.com.ar\/index.php\/2026\/03\/08\/sobrevivio-setenta-dias-atrapado-700-metros-bajo-tierra-pero-lo-peor-paso-cuando-volvio-a-la-superficie\/\" \/>\n<meta property=\"og:locale\" content=\"es_ES\" \/>\n<meta property=\"og:type\" content=\"article\" \/>\n<meta property=\"og:title\" content=\"Sobrevivi\u00f3 setenta d\u00edas atrapado 700 metros bajo tierra, pero lo peor pas\u00f3 cuando volvi\u00f3 a la superficie - Lobos News\" \/>\n<meta property=\"og:description\" content=\"Qu\u00e9 iron\u00eda. Me siento m\u00e1s encerrado ac\u00e1 afuera que cuando qued\u00e9 atrapado a setecientos metros bajo tierra. Tomar conciencia del derrumbe de la mina fue un golpe brutal. Tard\u00e9 horas en dimensionar la situaci\u00f3n, y cuando lo hice entend\u00ed que era muy probable que esos t\u00faneles se convirtiesen en nuestra tumba. Despu\u00e9s de una semana...\" \/>\n<meta property=\"og:url\" content=\"https:\/\/lobosnews.com.ar\/index.php\/2026\/03\/08\/sobrevivio-setenta-dias-atrapado-700-metros-bajo-tierra-pero-lo-peor-paso-cuando-volvio-a-la-superficie\/\" \/>\n<meta property=\"og:site_name\" content=\"Lobos News\" \/>\n<meta property=\"article:published_time\" content=\"2026-03-08T04:50:44+00:00\" \/>\n<meta property=\"article:modified_time\" content=\"2026-03-08T05:58:57+00:00\" \/>\n<meta property=\"og:image\" content=\"https:\/\/lobosnews.com.ar\/wp-content\/uploads\/2026\/03\/sobrevivio-setenta-dias-atrapado-700-metros-bajo-tierra-pero-lo-peor-paso-cuando-volvio-a-la-superficie.jpg\" \/>\n<meta name=\"author\" content=\"admin\" \/>\n<meta name=\"twitter:card\" content=\"summary_large_image\" \/>\n<meta name=\"twitter:label1\" content=\"Escrito por\" \/>\n\t<meta name=\"twitter:data1\" content=\"admin\" \/>\n\t<meta name=\"twitter:label2\" content=\"Tiempo de lectura\" \/>\n\t<meta name=\"twitter:data2\" content=\"5 minutos\" \/>\n<script type=\"application\/ld+json\" class=\"yoast-schema-graph\">{\"@context\":\"https:\/\/schema.org\",\"@graph\":[{\"@type\":\"Article\",\"@id\":\"https:\/\/lobosnews.com.ar\/index.php\/2026\/03\/08\/sobrevivio-setenta-dias-atrapado-700-metros-bajo-tierra-pero-lo-peor-paso-cuando-volvio-a-la-superficie\/#article\",\"isPartOf\":{\"@id\":\"https:\/\/lobosnews.com.ar\/index.php\/2026\/03\/08\/sobrevivio-setenta-dias-atrapado-700-metros-bajo-tierra-pero-lo-peor-paso-cuando-volvio-a-la-superficie\/\"},\"author\":{\"name\":\"admin\",\"@id\":\"https:\/\/lobosnews.com.ar\/#\/schema\/person\/232422a593d5c541dd9aef6aaed10943\"},\"headline\":\"Sobrevivi\u00f3 setenta d\u00edas atrapado 700 metros bajo tierra, pero lo peor pas\u00f3 cuando volvi\u00f3 a la superficie\",\"datePublished\":\"2026-03-08T04:50:44+00:00\",\"dateModified\":\"2026-03-08T05:58:57+00:00\",\"mainEntityOfPage\":{\"@id\":\"https:\/\/lobosnews.com.ar\/index.php\/2026\/03\/08\/sobrevivio-setenta-dias-atrapado-700-metros-bajo-tierra-pero-lo-peor-paso-cuando-volvio-a-la-superficie\/\"},\"wordCount\":977,\"commentCount\":0,\"publisher\":{\"@id\":\"https:\/\/lobosnews.com.ar\/#organization\"},\"image\":{\"@id\":\"https:\/\/lobosnews.com.ar\/index.php\/2026\/03\/08\/sobrevivio-setenta-dias-atrapado-700-metros-bajo-tierra-pero-lo-peor-paso-cuando-volvio-a-la-superficie\/#primaryimage\"},\"thumbnailUrl\":\"https:\/\/lobosnews.com.ar\/wp-content\/uploads\/2026\/03\/sobrevivio-setenta-dias-atrapado-700-metros-bajo-tierra-pero-lo-peor-paso-cuando-volvio-a-la-superficie.jpg\",\"articleSection\":[\"Actualidad\",\"Argentina\",\"econom\u00eda\",\"inseguridad\",\"masradios.com\",\"nacionales\",\"seguridad\",\"sociedad\"],\"inLanguage\":\"es\",\"potentialAction\":[{\"@type\":\"CommentAction\",\"name\":\"Comment\",\"target\":[\"https:\/\/lobosnews.com.ar\/index.php\/2026\/03\/08\/sobrevivio-setenta-dias-atrapado-700-metros-bajo-tierra-pero-lo-peor-paso-cuando-volvio-a-la-superficie\/#respond\"]}]},{\"@type\":\"WebPage\",\"@id\":\"https:\/\/lobosnews.com.ar\/index.php\/2026\/03\/08\/sobrevivio-setenta-dias-atrapado-700-metros-bajo-tierra-pero-lo-peor-paso-cuando-volvio-a-la-superficie\/\",\"url\":\"https:\/\/lobosnews.com.ar\/index.php\/2026\/03\/08\/sobrevivio-setenta-dias-atrapado-700-metros-bajo-tierra-pero-lo-peor-paso-cuando-volvio-a-la-superficie\/\",\"name\":\"Sobrevivi\u00f3 setenta d\u00edas atrapado 700 metros bajo tierra, pero lo peor pas\u00f3 cuando volvi\u00f3 a la superficie - Lobos News\",\"isPartOf\":{\"@id\":\"https:\/\/lobosnews.com.ar\/#website\"},\"primaryImageOfPage\":{\"@id\":\"https:\/\/lobosnews.com.ar\/index.php\/2026\/03\/08\/sobrevivio-setenta-dias-atrapado-700-metros-bajo-tierra-pero-lo-peor-paso-cuando-volvio-a-la-superficie\/#primaryimage\"},\"image\":{\"@id\":\"https:\/\/lobosnews.com.ar\/index.php\/2026\/03\/08\/sobrevivio-setenta-dias-atrapado-700-metros-bajo-tierra-pero-lo-peor-paso-cuando-volvio-a-la-superficie\/#primaryimage\"},\"thumbnailUrl\":\"https:\/\/lobosnews.com.ar\/wp-content\/uploads\/2026\/03\/sobrevivio-setenta-dias-atrapado-700-metros-bajo-tierra-pero-lo-peor-paso-cuando-volvio-a-la-superficie.jpg\",\"datePublished\":\"2026-03-08T04:50:44+00:00\",\"dateModified\":\"2026-03-08T05:58:57+00:00\",\"breadcrumb\":{\"@id\":\"https:\/\/lobosnews.com.ar\/index.php\/2026\/03\/08\/sobrevivio-setenta-dias-atrapado-700-metros-bajo-tierra-pero-lo-peor-paso-cuando-volvio-a-la-superficie\/#breadcrumb\"},\"inLanguage\":\"es\",\"potentialAction\":[{\"@type\":\"ReadAction\",\"target\":[\"https:\/\/lobosnews.com.ar\/index.php\/2026\/03\/08\/sobrevivio-setenta-dias-atrapado-700-metros-bajo-tierra-pero-lo-peor-paso-cuando-volvio-a-la-superficie\/\"]}]},{\"@type\":\"ImageObject\",\"inLanguage\":\"es\",\"@id\":\"https:\/\/lobosnews.com.ar\/index.php\/2026\/03\/08\/sobrevivio-setenta-dias-atrapado-700-metros-bajo-tierra-pero-lo-peor-paso-cuando-volvio-a-la-superficie\/#primaryimage\",\"url\":\"https:\/\/lobosnews.com.ar\/wp-content\/uploads\/2026\/03\/sobrevivio-setenta-dias-atrapado-700-metros-bajo-tierra-pero-lo-peor-paso-cuando-volvio-a-la-superficie.jpg\",\"contentUrl\":\"https:\/\/lobosnews.com.ar\/wp-content\/uploads\/2026\/03\/sobrevivio-setenta-dias-atrapado-700-metros-bajo-tierra-pero-lo-peor-paso-cuando-volvio-a-la-superficie.jpg\",\"width\":1920,\"height\":1080,\"caption\":\"Sobrevivi\u00f3 setenta d\u00edas atrapado 700 metros bajo tierra, pero lo peor pas\u00f3 cuando volvi\u00f3 a la superficie\"},{\"@type\":\"BreadcrumbList\",\"@id\":\"https:\/\/lobosnews.com.ar\/index.php\/2026\/03\/08\/sobrevivio-setenta-dias-atrapado-700-metros-bajo-tierra-pero-lo-peor-paso-cuando-volvio-a-la-superficie\/#breadcrumb\",\"itemListElement\":[{\"@type\":\"ListItem\",\"position\":1,\"name\":\"Portada\",\"item\":\"https:\/\/lobosnews.com.ar\/\"},{\"@type\":\"ListItem\",\"position\":2,\"name\":\"Sobrevivi\u00f3 setenta d\u00edas atrapado 700 metros bajo tierra, pero lo peor pas\u00f3 cuando volvi\u00f3 a la superficie\"}]},{\"@type\":\"WebSite\",\"@id\":\"https:\/\/lobosnews.com.ar\/#website\",\"url\":\"https:\/\/lobosnews.com.ar\/\",\"name\":\"Lobos News\",\"description\":\"Informaci\u00f3n a cada instante\",\"publisher\":{\"@id\":\"https:\/\/lobosnews.com.ar\/#organization\"},\"potentialAction\":[{\"@type\":\"SearchAction\",\"target\":{\"@type\":\"EntryPoint\",\"urlTemplate\":\"https:\/\/lobosnews.com.ar\/?s={search_term_string}\"},\"query-input\":{\"@type\":\"PropertyValueSpecification\",\"valueRequired\":true,\"valueName\":\"search_term_string\"}}],\"inLanguage\":\"es\"},{\"@type\":\"Organization\",\"@id\":\"https:\/\/lobosnews.com.ar\/#organization\",\"name\":\"Lobos News\",\"url\":\"https:\/\/lobosnews.com.ar\/\",\"logo\":{\"@type\":\"ImageObject\",\"inLanguage\":\"es\",\"@id\":\"https:\/\/lobosnews.com.ar\/#\/schema\/logo\/image\/\",\"url\":\"https:\/\/lobosnews.com.ar\/wp-content\/uploads\/2026\/01\/logo-lobosnews.png\",\"contentUrl\":\"https:\/\/lobosnews.com.ar\/wp-content\/uploads\/2026\/01\/logo-lobosnews.png\",\"width\":500,\"height\":200,\"caption\":\"Lobos News\"},\"image\":{\"@id\":\"https:\/\/lobosnews.com.ar\/#\/schema\/logo\/image\/\"}},{\"@type\":\"Person\",\"@id\":\"https:\/\/lobosnews.com.ar\/#\/schema\/person\/232422a593d5c541dd9aef6aaed10943\",\"name\":\"admin\",\"image\":{\"@type\":\"ImageObject\",\"inLanguage\":\"es\",\"@id\":\"https:\/\/lobosnews.com.ar\/#\/schema\/person\/image\/\",\"url\":\"https:\/\/secure.gravatar.com\/avatar\/76e419471a2083bc3ceab22a763dbbf9b0c1bd15a6214cf3280e2c2dde4580f9?s=96&d=mm&r=g\",\"contentUrl\":\"https:\/\/secure.gravatar.com\/avatar\/76e419471a2083bc3ceab22a763dbbf9b0c1bd15a6214cf3280e2c2dde4580f9?s=96&d=mm&r=g\",\"caption\":\"admin\"},\"sameAs\":[\"https:\/\/lobosnews.com.ar\"],\"url\":\"https:\/\/lobosnews.com.ar\/index.php\/author\/lobos-news\/\"}]}<\/script>\n<!-- \/ Yoast SEO plugin. -->","yoast_head_json":{"title":"Sobrevivi\u00f3 setenta d\u00edas atrapado 700 metros bajo tierra, pero lo peor pas\u00f3 cuando volvi\u00f3 a la superficie - Lobos News","robots":{"index":"index","follow":"follow","max-snippet":"max-snippet:-1","max-image-preview":"max-image-preview:large","max-video-preview":"max-video-preview:-1"},"canonical":"https:\/\/lobosnews.com.ar\/index.php\/2026\/03\/08\/sobrevivio-setenta-dias-atrapado-700-metros-bajo-tierra-pero-lo-peor-paso-cuando-volvio-a-la-superficie\/","og_locale":"es_ES","og_type":"article","og_title":"Sobrevivi\u00f3 setenta d\u00edas atrapado 700 metros bajo tierra, pero lo peor pas\u00f3 cuando volvi\u00f3 a la superficie - Lobos News","og_description":"Qu\u00e9 iron\u00eda. Me siento m\u00e1s encerrado ac\u00e1 afuera que cuando qued\u00e9 atrapado a setecientos metros bajo tierra. Tomar conciencia del derrumbe de la mina fue un golpe brutal. Tard\u00e9 horas en dimensionar la situaci\u00f3n, y cuando lo hice entend\u00ed que era muy probable que esos t\u00faneles se convirtiesen en nuestra tumba. Despu\u00e9s de una semana...","og_url":"https:\/\/lobosnews.com.ar\/index.php\/2026\/03\/08\/sobrevivio-setenta-dias-atrapado-700-metros-bajo-tierra-pero-lo-peor-paso-cuando-volvio-a-la-superficie\/","og_site_name":"Lobos News","article_published_time":"2026-03-08T04:50:44+00:00","article_modified_time":"2026-03-08T05:58:57+00:00","og_image":[{"url":"https:\/\/lobosnews.com.ar\/wp-content\/uploads\/2026\/03\/sobrevivio-setenta-dias-atrapado-700-metros-bajo-tierra-pero-lo-peor-paso-cuando-volvio-a-la-superficie.jpg","type":"","width":"","height":""}],"author":"admin","twitter_card":"summary_large_image","twitter_misc":{"Escrito por":"admin","Tiempo de lectura":"5 minutos"},"schema":{"@context":"https:\/\/schema.org","@graph":[{"@type":"Article","@id":"https:\/\/lobosnews.com.ar\/index.php\/2026\/03\/08\/sobrevivio-setenta-dias-atrapado-700-metros-bajo-tierra-pero-lo-peor-paso-cuando-volvio-a-la-superficie\/#article","isPartOf":{"@id":"https:\/\/lobosnews.com.ar\/index.php\/2026\/03\/08\/sobrevivio-setenta-dias-atrapado-700-metros-bajo-tierra-pero-lo-peor-paso-cuando-volvio-a-la-superficie\/"},"author":{"name":"admin","@id":"https:\/\/lobosnews.com.ar\/#\/schema\/person\/232422a593d5c541dd9aef6aaed10943"},"headline":"Sobrevivi\u00f3 setenta d\u00edas atrapado 700 metros bajo tierra, pero lo peor pas\u00f3 cuando volvi\u00f3 a la superficie","datePublished":"2026-03-08T04:50:44+00:00","dateModified":"2026-03-08T05:58:57+00:00","mainEntityOfPage":{"@id":"https:\/\/lobosnews.com.ar\/index.php\/2026\/03\/08\/sobrevivio-setenta-dias-atrapado-700-metros-bajo-tierra-pero-lo-peor-paso-cuando-volvio-a-la-superficie\/"},"wordCount":977,"commentCount":0,"publisher":{"@id":"https:\/\/lobosnews.com.ar\/#organization"},"image":{"@id":"https:\/\/lobosnews.com.ar\/index.php\/2026\/03\/08\/sobrevivio-setenta-dias-atrapado-700-metros-bajo-tierra-pero-lo-peor-paso-cuando-volvio-a-la-superficie\/#primaryimage"},"thumbnailUrl":"https:\/\/lobosnews.com.ar\/wp-content\/uploads\/2026\/03\/sobrevivio-setenta-dias-atrapado-700-metros-bajo-tierra-pero-lo-peor-paso-cuando-volvio-a-la-superficie.jpg","articleSection":["Actualidad","Argentina","econom\u00eda","inseguridad","masradios.com","nacionales","seguridad","sociedad"],"inLanguage":"es","potentialAction":[{"@type":"CommentAction","name":"Comment","target":["https:\/\/lobosnews.com.ar\/index.php\/2026\/03\/08\/sobrevivio-setenta-dias-atrapado-700-metros-bajo-tierra-pero-lo-peor-paso-cuando-volvio-a-la-superficie\/#respond"]}]},{"@type":"WebPage","@id":"https:\/\/lobosnews.com.ar\/index.php\/2026\/03\/08\/sobrevivio-setenta-dias-atrapado-700-metros-bajo-tierra-pero-lo-peor-paso-cuando-volvio-a-la-superficie\/","url":"https:\/\/lobosnews.com.ar\/index.php\/2026\/03\/08\/sobrevivio-setenta-dias-atrapado-700-metros-bajo-tierra-pero-lo-peor-paso-cuando-volvio-a-la-superficie\/","name":"Sobrevivi\u00f3 setenta d\u00edas atrapado 700 metros bajo tierra, pero lo peor pas\u00f3 cuando volvi\u00f3 a la superficie - Lobos News","isPartOf":{"@id":"https:\/\/lobosnews.com.ar\/#website"},"primaryImageOfPage":{"@id":"https:\/\/lobosnews.com.ar\/index.php\/2026\/03\/08\/sobrevivio-setenta-dias-atrapado-700-metros-bajo-tierra-pero-lo-peor-paso-cuando-volvio-a-la-superficie\/#primaryimage"},"image":{"@id":"https:\/\/lobosnews.com.ar\/index.php\/2026\/03\/08\/sobrevivio-setenta-dias-atrapado-700-metros-bajo-tierra-pero-lo-peor-paso-cuando-volvio-a-la-superficie\/#primaryimage"},"thumbnailUrl":"https:\/\/lobosnews.com.ar\/wp-content\/uploads\/2026\/03\/sobrevivio-setenta-dias-atrapado-700-metros-bajo-tierra-pero-lo-peor-paso-cuando-volvio-a-la-superficie.jpg","datePublished":"2026-03-08T04:50:44+00:00","dateModified":"2026-03-08T05:58:57+00:00","breadcrumb":{"@id":"https:\/\/lobosnews.com.ar\/index.php\/2026\/03\/08\/sobrevivio-setenta-dias-atrapado-700-metros-bajo-tierra-pero-lo-peor-paso-cuando-volvio-a-la-superficie\/#breadcrumb"},"inLanguage":"es","potentialAction":[{"@type":"ReadAction","target":["https:\/\/lobosnews.com.ar\/index.php\/2026\/03\/08\/sobrevivio-setenta-dias-atrapado-700-metros-bajo-tierra-pero-lo-peor-paso-cuando-volvio-a-la-superficie\/"]}]},{"@type":"ImageObject","inLanguage":"es","@id":"https:\/\/lobosnews.com.ar\/index.php\/2026\/03\/08\/sobrevivio-setenta-dias-atrapado-700-metros-bajo-tierra-pero-lo-peor-paso-cuando-volvio-a-la-superficie\/#primaryimage","url":"https:\/\/lobosnews.com.ar\/wp-content\/uploads\/2026\/03\/sobrevivio-setenta-dias-atrapado-700-metros-bajo-tierra-pero-lo-peor-paso-cuando-volvio-a-la-superficie.jpg","contentUrl":"https:\/\/lobosnews.com.ar\/wp-content\/uploads\/2026\/03\/sobrevivio-setenta-dias-atrapado-700-metros-bajo-tierra-pero-lo-peor-paso-cuando-volvio-a-la-superficie.jpg","width":1920,"height":1080,"caption":"Sobrevivi\u00f3 setenta d\u00edas atrapado 700 metros bajo tierra, pero lo peor pas\u00f3 cuando volvi\u00f3 a la superficie"},{"@type":"BreadcrumbList","@id":"https:\/\/lobosnews.com.ar\/index.php\/2026\/03\/08\/sobrevivio-setenta-dias-atrapado-700-metros-bajo-tierra-pero-lo-peor-paso-cuando-volvio-a-la-superficie\/#breadcrumb","itemListElement":[{"@type":"ListItem","position":1,"name":"Portada","item":"https:\/\/lobosnews.com.ar\/"},{"@type":"ListItem","position":2,"name":"Sobrevivi\u00f3 setenta d\u00edas atrapado 700 metros bajo tierra, pero lo peor pas\u00f3 cuando volvi\u00f3 a la superficie"}]},{"@type":"WebSite","@id":"https:\/\/lobosnews.com.ar\/#website","url":"https:\/\/lobosnews.com.ar\/","name":"Lobos News","description":"Informaci\u00f3n a cada instante","publisher":{"@id":"https:\/\/lobosnews.com.ar\/#organization"},"potentialAction":[{"@type":"SearchAction","target":{"@type":"EntryPoint","urlTemplate":"https:\/\/lobosnews.com.ar\/?s={search_term_string}"},"query-input":{"@type":"PropertyValueSpecification","valueRequired":true,"valueName":"search_term_string"}}],"inLanguage":"es"},{"@type":"Organization","@id":"https:\/\/lobosnews.com.ar\/#organization","name":"Lobos News","url":"https:\/\/lobosnews.com.ar\/","logo":{"@type":"ImageObject","inLanguage":"es","@id":"https:\/\/lobosnews.com.ar\/#\/schema\/logo\/image\/","url":"https:\/\/lobosnews.com.ar\/wp-content\/uploads\/2026\/01\/logo-lobosnews.png","contentUrl":"https:\/\/lobosnews.com.ar\/wp-content\/uploads\/2026\/01\/logo-lobosnews.png","width":500,"height":200,"caption":"Lobos News"},"image":{"@id":"https:\/\/lobosnews.com.ar\/#\/schema\/logo\/image\/"}},{"@type":"Person","@id":"https:\/\/lobosnews.com.ar\/#\/schema\/person\/232422a593d5c541dd9aef6aaed10943","name":"admin","image":{"@type":"ImageObject","inLanguage":"es","@id":"https:\/\/lobosnews.com.ar\/#\/schema\/person\/image\/","url":"https:\/\/secure.gravatar.com\/avatar\/76e419471a2083bc3ceab22a763dbbf9b0c1bd15a6214cf3280e2c2dde4580f9?s=96&d=mm&r=g","contentUrl":"https:\/\/secure.gravatar.com\/avatar\/76e419471a2083bc3ceab22a763dbbf9b0c1bd15a6214cf3280e2c2dde4580f9?s=96&d=mm&r=g","caption":"admin"},"sameAs":["https:\/\/lobosnews.com.ar"],"url":"https:\/\/lobosnews.com.ar\/index.php\/author\/lobos-news\/"}]}},"jetpack_featured_media_url":"https:\/\/lobosnews.com.ar\/wp-content\/uploads\/2026\/03\/sobrevivio-setenta-dias-atrapado-700-metros-bajo-tierra-pero-lo-peor-paso-cuando-volvio-a-la-superficie.jpg","jetpack_sharing_enabled":true,"_links":{"self":[{"href":"https:\/\/lobosnews.com.ar\/index.php\/wp-json\/wp\/v2\/posts\/30598","targetHints":{"allow":["GET"]}}],"collection":[{"href":"https:\/\/lobosnews.com.ar\/index.php\/wp-json\/wp\/v2\/posts"}],"about":[{"href":"https:\/\/lobosnews.com.ar\/index.php\/wp-json\/wp\/v2\/types\/post"}],"author":[{"embeddable":true,"href":"https:\/\/lobosnews.com.ar\/index.php\/wp-json\/wp\/v2\/users\/1"}],"replies":[{"embeddable":true,"href":"https:\/\/lobosnews.com.ar\/index.php\/wp-json\/wp\/v2\/comments?post=30598"}],"version-history":[{"count":1,"href":"https:\/\/lobosnews.com.ar\/index.php\/wp-json\/wp\/v2\/posts\/30598\/revisions"}],"predecessor-version":[{"id":30600,"href":"https:\/\/lobosnews.com.ar\/index.php\/wp-json\/wp\/v2\/posts\/30598\/revisions\/30600"}],"wp:featuredmedia":[{"embeddable":true,"href":"https:\/\/lobosnews.com.ar\/index.php\/wp-json\/wp\/v2\/media\/30601"}],"wp:attachment":[{"href":"https:\/\/lobosnews.com.ar\/index.php\/wp-json\/wp\/v2\/media?parent=30598"}],"wp:term":[{"taxonomy":"category","embeddable":true,"href":"https:\/\/lobosnews.com.ar\/index.php\/wp-json\/wp\/v2\/categories?post=30598"},{"taxonomy":"post_tag","embeddable":true,"href":"https:\/\/lobosnews.com.ar\/index.php\/wp-json\/wp\/v2\/tags?post=30598"}],"curies":[{"name":"wp","href":"https:\/\/api.w.org\/{rel}","templated":true}]}}