{"id":30546,"date":"2026-03-07T18:02:23","date_gmt":"2026-03-07T18:02:23","guid":{"rendered":"https:\/\/lobosnews.com.ar\/index.php\/2026\/03\/07\/sigue-la-polemica-por-las-fotos-de-evangelina-anderson-e-ian-lucas-el-detalle-que-compromete-a-la-modelo\/"},"modified":"2026-03-08T02:43:12","modified_gmt":"2026-03-08T02:43:12","slug":"sigue-la-polemica-por-las-fotos-de-evangelina-anderson-e-ian-lucas-el-detalle-que-compromete-a-la-modelo","status":"publish","type":"post","link":"https:\/\/lobosnews.com.ar\/index.php\/2026\/03\/07\/sigue-la-polemica-por-las-fotos-de-evangelina-anderson-e-ian-lucas-el-detalle-que-compromete-a-la-modelo\/","title":{"rendered":"Sigue la pol\u00e9mica por las fotos de Evangelina Anderson e Ian Lucas: el detalle que compromete a la modelo"},"content":{"rendered":"<p><img loading=\"lazy\" decoding=\"async\" src=\"https:\/\/lobosnews.com.ar\/wp-content\/uploads\/2026\/03\/sigue-la-polemica-por-las-fotos-de-evangelina-anderson-e-ian-lucas-el-detalle-que-compromete-a-la-modelo.jpg\" alt=\"Evangelina Anderson e Ian Lucas fueron captados bes\u00e1ndose apasionadamente, confirmando los rumores sobre su relaci\u00f3n en una salida nocturna (Captura de video)\" height=\"572\" width=\"443\"\/><\/p>\n<p>Lo que hab\u00eda comenzado como un inocente romance durante las grabaciones de <i>MasterChef Celebrity<\/i> (Telefe) entre <span class=\"waslinkname\"><b>Evangelina Anderson<\/b><\/span> e <span class=\"waslinkname\"><b>Ian Lucas<\/b><\/span> termin\u00f3 en un esc\u00e1ndalo medi\u00e1tico con m\u00faltiples cap\u00edtulos en solo dos d\u00edas. Mientras <span class=\"waslinkname\">Anderson siempre neg\u00f3 la relaci\u00f3n <\/span>en entrevistas, <span class=\"waslinkname\">Lucas sostuvo p\u00fablicamente una versi\u00f3n opuesta<\/span> y la <span class=\"waslinkname\">filtraci\u00f3n de fotos bes\u00e1ndose<\/span> agreg\u00f3 combustible a la pol\u00e9mica.<\/p>\n<p>El viernes, <span class=\"waslinkname\">Eva se sent\u00f3 en el div\u00e1n de <i>Cort\u00e1 por Lozano<\/i><\/span> y explic\u00f3 su versi\u00f3n: dijo que la foto hab\u00eda sido tomada fuera de la casa de Luck Ra, tras una fiesta, y que los amigos de ambos los arengaron para que se dieran \u201cun pico\u201d, lo que ella acept\u00f3. Mostr\u00f3 en privado a la conductora y a parte del panel otra foto previa al beso, en la que parece recharzar al youtuber, pero decidi\u00f3 no exhibirla en c\u00e1mara para no dejar mal parado a Ian Lucas.<\/p>\n<p>Sin embargo, la pol\u00e9mica escal\u00f3 cuando <b>Yanina Latorre<\/b> mostr\u00f3 al aire en <i>SQP<\/i> (Am\u00e9rica TV) la imagen que Anderson no quiso revelar. \u201cNo s\u00e9 por qu\u00e9 se enoja tanto. La foto la mand\u00e9 yo y me hago cargo, la busqu\u00e9, porque es mi laburo y siempre consigo todo. Tenemos la foto que ella le mostr\u00f3 a Vero Lozano como si fuera un drama\u201d, asegur\u00f3 Latorre. En la cuenta de Instagram del programa la replicaron y dieron a entender que estaba trucada: \u201cEsta foto s\u00ed es IA\u201d.<\/p>\n<p><img loading=\"lazy\" decoding=\"async\" src=\"https:\/\/lobosnews.com.ar\/wp-content\/uploads\/2026\/03\/sigue-la-polemica-por-las-fotos-de-evangelina-anderson-e-ian-lucas-el-detalle-que-compromete-a-la-modelo-1.jpg\" alt=\"La foto que Evangelina asegura fue previa al beso que se filtr\u00f3 el jueves por la noche \" height=\"953\" width=\"540\"\/><img loading=\"lazy\" decoding=\"async\" src=\"https:\/\/lobosnews.com.ar\/wp-content\/uploads\/2026\/03\/sigue-la-polemica-por-las-fotos-de-evangelina-anderson-e-ian-lucas-el-detalle-que-compromete-a-la-modelo-2.jpg\" alt=\"La secuencia que mostro Yanina en su programa \" height=\"950\" width=\"536\"\/><\/p>\n<p>En el debate televisivo, <b>Majo Martino<\/b> \u2014presente en la fiesta y amiga de Anderson\u2014 cont\u00f3 que en el momento estaban Eva, Ian, su amigo, Celeste (hermana de Evangelina) y ella, y que el juego de los picos fue espont\u00e1neo. Yanina, sin embargo, remarc\u00f3 la diferencia: \u201cDec\u00eds <i>pico, pico, pico<\/i>, pero estaban saliendo. Nadie me pide un pico con los productores\u201d, y <b>Ximena Capristo<\/b> agreg\u00f3: \u201cSi vos te vas a dar un pico con alguien de onda, lo hac\u00e9s como un pico lejos, pero ac\u00e1 hay un acercamiento de cuerpos, un abrazo, \u00e9l le agarra el cuello\u201d.<\/p>\n<p>En la primera imagen, Ian y Evangelina se miran de cerca, sonr\u00eden y ella lo toma del rostro, en una escena de evidente conexi\u00f3n. La segunda foto muestra la progresi\u00f3n: ambos se acercan cada vez m\u00e1s, se abrazan y \u00e9l le sostiene la cintura, mientras ella, con un vestido animal print y gorra rosa, parece disfrutar del momento. Finalmente, la secuencia culmina con un beso que contradice la versi\u00f3n de un \u201csimple pico entre amigos\u201d y deja en evidencia la qu\u00edmica y la intimidad entre ambos.<\/p>\n<p>Las im\u00e1genes mostradas y el relato en estudio dejaron en evidencia que la actitud entre Anderson y Lucas iba m\u00e1s all\u00e1 de una simple broma. \u201cEst\u00e1n toc\u00e1ndose como pareja, hay un v\u00ednculo\u201d, dijo Latorre, mientras los panelistas coincid\u00edan en que el beso y el lenguaje corporal revelaban una intimidad real.<b> \u201cAh\u00ed pas\u00f3 de todo, d\u00e9jense de joder\u201d<\/b>, remataron en el piso, relativizando el esc\u00e1ndalo pero dejando claro que la relaci\u00f3n fue mucho m\u00e1s que un juego para las c\u00e1maras.<\/p>\n<p><img loading=\"lazy\" decoding=\"async\" src=\"https:\/\/lobosnews.com.ar\/wp-content\/uploads\/2026\/03\/sigue-la-polemica-por-las-fotos-de-evangelina-anderson-e-ian-lucas-el-detalle-que-compromete-a-la-modelo-3.jpg\" alt=\"En las fotos, que se supone que son del mismo momento, Ian tiene dos pulseras diferentes \" height=\"953\" width=\"540\"\/><\/p>\n<p>Otro punto que desat\u00f3 especulaciones en redes sociales y aliment\u00f3 a\u00fan m\u00e1s la pol\u00e9mica por las fotos fue el detalle de las pulseras que ambos llevan en la secuencia de im\u00e1genes filtradas. Usuarios se\u00f1alaron que en una de las fotos donde se besan, Ian lleva una pulsera plateada, mientras que en otra imagen \u2014donde Anderson lo est\u00e1 esquivando o corriendo la cara\u2014 se observa una pulsera similar en la mu\u00f1eca de Evangelina, pero no en la de Ian.<\/p>\n<p>El an\u00e1lisis de las im\u00e1genes llev\u00f3 a preguntarse si las fotos realmente corresponden al mismo momento o si hubo alg\u00fan tipo de edici\u00f3n o intercambio de accesorios, lo que dispar\u00f3 teor\u00edas sobre la autenticidad y el orden de la secuencia compartida por ambas partes. El posteo viraliz\u00f3 la pregunta: \u201c<b>Si las fotos son del mismo momento, \u00bfpor qu\u00e9 en una tiene una pulsera y en la otra foto tiene otra<\/b>\u201d y remarc\u00f3 que en una toma la pulsera de Ian desaparece y aparece en la mu\u00f1eca de Evangelina, lo que sum\u00f3 confusi\u00f3n y sospechas entre los seguidores del esc\u00e1ndalo.<\/p>\n","protected":false},"excerpt":{"rendered":"<p>Lo que hab\u00eda comenzado como un inocente romance durante las grabaciones de MasterChef Celebrity (Telefe) entre Evangelina Anderson e Ian Lucas termin\u00f3 en un esc\u00e1ndalo medi\u00e1tico con m\u00faltiples cap\u00edtulos en solo dos d\u00edas. Mientras Anderson siempre neg\u00f3 la relaci\u00f3n en entrevistas, Lucas sostuvo p\u00fablicamente una versi\u00f3n opuesta y la filtraci\u00f3n de fotos bes\u00e1ndose agreg\u00f3 combustible&#8230;<\/p>\n","protected":false},"author":1,"featured_media":30552,"comment_status":"open","ping_status":"closed","sticky":false,"template":"","format":"standard","meta":{"_jetpack_memberships_contains_paid_content":false,"footnotes":""},"categories":[79],"tags":[],"class_list":["post-30546","post","type-post","status-publish","format-standard","has-post-thumbnail","hentry","category-cine-y-series"],"magazineBlocksPostFeaturedMedia":{"thumbnail":"https:\/\/lobosnews.com.ar\/wp-content\/uploads\/2026\/03\/sigue-la-polemica-por-las-fotos-de-evangelina-anderson-e-ian-lucas-el-detalle-que-compromete-a-la-modelo-6-150x150.jpg","medium":"https:\/\/lobosnews.com.ar\/wp-content\/uploads\/2026\/03\/sigue-la-polemica-por-las-fotos-de-evangelina-anderson-e-ian-lucas-el-detalle-que-compromete-a-la-modelo-6-170x300.jpg","medium_large":"https:\/\/lobosnews.com.ar\/wp-content\/uploads\/2026\/03\/sigue-la-polemica-por-las-fotos-de-evangelina-anderson-e-ian-lucas-el-detalle-que-compromete-a-la-modelo-6.jpg","large":"https:\/\/lobosnews.com.ar\/wp-content\/uploads\/2026\/03\/sigue-la-polemica-por-las-fotos-de-evangelina-anderson-e-ian-lucas-el-detalle-que-compromete-a-la-modelo-6.jpg","1536x1536":"https:\/\/lobosnews.com.ar\/wp-content\/uploads\/2026\/03\/sigue-la-polemica-por-las-fotos-de-evangelina-anderson-e-ian-lucas-el-detalle-que-compromete-a-la-modelo-6.jpg","2048x2048":"https:\/\/lobosnews.com.ar\/wp-content\/uploads\/2026\/03\/sigue-la-polemica-por-las-fotos-de-evangelina-anderson-e-ian-lucas-el-detalle-que-compromete-a-la-modelo-6.jpg","newsmatic-featured":"https:\/\/lobosnews.com.ar\/wp-content\/uploads\/2026\/03\/sigue-la-polemica-por-las-fotos-de-evangelina-anderson-e-ian-lucas-el-detalle-que-compromete-a-la-modelo-6-540x545.jpg","newsmatic-list":"https:\/\/lobosnews.com.ar\/wp-content\/uploads\/2026\/03\/sigue-la-polemica-por-las-fotos-de-evangelina-anderson-e-ian-lucas-el-detalle-que-compromete-a-la-modelo-6-540x400.jpg","newsmatic-thumb":"https:\/\/lobosnews.com.ar\/wp-content\/uploads\/2026\/03\/sigue-la-polemica-por-las-fotos-de-evangelina-anderson-e-ian-lucas-el-detalle-que-compromete-a-la-modelo-6-300x200.jpg","newsmatic-small":"https:\/\/lobosnews.com.ar\/wp-content\/uploads\/2026\/03\/sigue-la-polemica-por-las-fotos-de-evangelina-anderson-e-ian-lucas-el-detalle-que-compromete-a-la-modelo-6-150x95.jpg","newsmatic-grid":"https:\/\/lobosnews.com.ar\/wp-content\/uploads\/2026\/03\/sigue-la-polemica-por-las-fotos-de-evangelina-anderson-e-ian-lucas-el-detalle-que-compromete-a-la-modelo-6-400x250.jpg"},"magazineBlocksPostAuthor":{"name":"admin","avatar":"https:\/\/secure.gravatar.com\/avatar\/76e419471a2083bc3ceab22a763dbbf9b0c1bd15a6214cf3280e2c2dde4580f9?s=96&d=mm&r=g"},"magazineBlocksPostCommentsNumber":"0","magazineBlocksPostExcerpt":"Lo que hab\u00eda comenzado como un inocente romance durante las grabaciones de MasterChef Celebrity (Telefe) entre Evangelina Anderson e Ian Lucas termin\u00f3 en un esc\u00e1ndalo medi\u00e1tico con m\u00faltiples cap\u00edtulos en solo dos d\u00edas. Mientras Anderson siempre neg\u00f3 la relaci\u00f3n en entrevistas, Lucas sostuvo p\u00fablicamente una versi\u00f3n opuesta y la filtraci\u00f3n de fotos bes\u00e1ndose agreg\u00f3 combustible...","magazineBlocksPostCategories":["Cine y Series"],"magazineBlocksPostViewCount":138,"magazineBlocksPostReadTime":4,"magazine_blocks_featured_image_url":{"full":["https:\/\/lobosnews.com.ar\/wp-content\/uploads\/2026\/03\/sigue-la-polemica-por-las-fotos-de-evangelina-anderson-e-ian-lucas-el-detalle-que-compromete-a-la-modelo-6.jpg",540,953,false],"medium":["https:\/\/lobosnews.com.ar\/wp-content\/uploads\/2026\/03\/sigue-la-polemica-por-las-fotos-de-evangelina-anderson-e-ian-lucas-el-detalle-que-compromete-a-la-modelo-6-170x300.jpg",170,300,true],"thumbnail":["https:\/\/lobosnews.com.ar\/wp-content\/uploads\/2026\/03\/sigue-la-polemica-por-las-fotos-de-evangelina-anderson-e-ian-lucas-el-detalle-que-compromete-a-la-modelo-6-150x150.jpg",150,150,true]},"magazine_blocks_author":{"display_name":"admin","author_link":"https:\/\/lobosnews.com.ar\/index.php\/author\/lobos-news\/"},"magazine_blocks_comment":0,"magazine_blocks_author_image":"https:\/\/secure.gravatar.com\/avatar\/76e419471a2083bc3ceab22a763dbbf9b0c1bd15a6214cf3280e2c2dde4580f9?s=96&d=mm&r=g","magazine_blocks_category":"<a href=\"#\" class=\"category-link category-link-79\">Cine y Series<\/a>","yoast_head":"<!-- This site is optimized with the Yoast SEO plugin v26.6 - https:\/\/yoast.com\/wordpress\/plugins\/seo\/ -->\n<title>Sigue la pol\u00e9mica por las fotos de Evangelina Anderson e Ian Lucas: el detalle que compromete a la modelo - Lobos News<\/title>\n<meta name=\"robots\" content=\"index, follow, max-snippet:-1, max-image-preview:large, max-video-preview:-1\" \/>\n<link rel=\"canonical\" href=\"https:\/\/lobosnews.com.ar\/index.php\/2026\/03\/07\/sigue-la-polemica-por-las-fotos-de-evangelina-anderson-e-ian-lucas-el-detalle-que-compromete-a-la-modelo\/\" \/>\n<meta property=\"og:locale\" content=\"es_ES\" \/>\n<meta property=\"og:type\" content=\"article\" \/>\n<meta property=\"og:title\" content=\"Sigue la pol\u00e9mica por las fotos de Evangelina Anderson e Ian Lucas: el detalle que compromete a la modelo - Lobos News\" \/>\n<meta property=\"og:description\" content=\"Lo que hab\u00eda comenzado como un inocente romance durante las grabaciones de MasterChef Celebrity (Telefe) entre Evangelina Anderson e Ian Lucas termin\u00f3 en un esc\u00e1ndalo medi\u00e1tico con m\u00faltiples cap\u00edtulos en solo dos d\u00edas. Mientras Anderson siempre neg\u00f3 la relaci\u00f3n en entrevistas, Lucas sostuvo p\u00fablicamente una versi\u00f3n opuesta y la filtraci\u00f3n de fotos bes\u00e1ndose agreg\u00f3 combustible...\" \/>\n<meta property=\"og:url\" content=\"https:\/\/lobosnews.com.ar\/index.php\/2026\/03\/07\/sigue-la-polemica-por-las-fotos-de-evangelina-anderson-e-ian-lucas-el-detalle-que-compromete-a-la-modelo\/\" \/>\n<meta property=\"og:site_name\" content=\"Lobos News\" \/>\n<meta property=\"article:published_time\" content=\"2026-03-07T18:02:23+00:00\" \/>\n<meta property=\"article:modified_time\" content=\"2026-03-08T02:43:12+00:00\" \/>\n<meta property=\"og:image\" content=\"https:\/\/lobosnews.com.ar\/wp-content\/uploads\/2026\/03\/sigue-la-polemica-por-las-fotos-de-evangelina-anderson-e-ian-lucas-el-detalle-que-compromete-a-la-modelo.jpg\" \/>\n<meta name=\"author\" content=\"admin\" \/>\n<meta name=\"twitter:card\" content=\"summary_large_image\" \/>\n<meta name=\"twitter:label1\" content=\"Escrito por\" \/>\n\t<meta name=\"twitter:data1\" content=\"admin\" \/>\n\t<meta name=\"twitter:label2\" content=\"Tiempo de lectura\" \/>\n\t<meta name=\"twitter:data2\" content=\"4 minutos\" \/>\n<script type=\"application\/ld+json\" class=\"yoast-schema-graph\">{\"@context\":\"https:\/\/schema.org\",\"@graph\":[{\"@type\":\"Article\",\"@id\":\"https:\/\/lobosnews.com.ar\/index.php\/2026\/03\/07\/sigue-la-polemica-por-las-fotos-de-evangelina-anderson-e-ian-lucas-el-detalle-que-compromete-a-la-modelo\/#article\",\"isPartOf\":{\"@id\":\"https:\/\/lobosnews.com.ar\/index.php\/2026\/03\/07\/sigue-la-polemica-por-las-fotos-de-evangelina-anderson-e-ian-lucas-el-detalle-que-compromete-a-la-modelo\/\"},\"author\":{\"name\":\"admin\",\"@id\":\"https:\/\/lobosnews.com.ar\/#\/schema\/person\/232422a593d5c541dd9aef6aaed10943\"},\"headline\":\"Sigue la pol\u00e9mica por las fotos de Evangelina Anderson e Ian Lucas: el detalle que compromete a la modelo\",\"datePublished\":\"2026-03-07T18:02:23+00:00\",\"dateModified\":\"2026-03-08T02:43:12+00:00\",\"mainEntityOfPage\":{\"@id\":\"https:\/\/lobosnews.com.ar\/index.php\/2026\/03\/07\/sigue-la-polemica-por-las-fotos-de-evangelina-anderson-e-ian-lucas-el-detalle-que-compromete-a-la-modelo\/\"},\"wordCount\":742,\"commentCount\":0,\"publisher\":{\"@id\":\"https:\/\/lobosnews.com.ar\/#organization\"},\"image\":{\"@id\":\"https:\/\/lobosnews.com.ar\/index.php\/2026\/03\/07\/sigue-la-polemica-por-las-fotos-de-evangelina-anderson-e-ian-lucas-el-detalle-que-compromete-a-la-modelo\/#primaryimage\"},\"thumbnailUrl\":\"https:\/\/lobosnews.com.ar\/wp-content\/uploads\/2026\/03\/sigue-la-polemica-por-las-fotos-de-evangelina-anderson-e-ian-lucas-el-detalle-que-compromete-a-la-modelo-6.jpg\",\"articleSection\":[\"Cine y Series\"],\"inLanguage\":\"es\",\"potentialAction\":[{\"@type\":\"CommentAction\",\"name\":\"Comment\",\"target\":[\"https:\/\/lobosnews.com.ar\/index.php\/2026\/03\/07\/sigue-la-polemica-por-las-fotos-de-evangelina-anderson-e-ian-lucas-el-detalle-que-compromete-a-la-modelo\/#respond\"]}]},{\"@type\":\"WebPage\",\"@id\":\"https:\/\/lobosnews.com.ar\/index.php\/2026\/03\/07\/sigue-la-polemica-por-las-fotos-de-evangelina-anderson-e-ian-lucas-el-detalle-que-compromete-a-la-modelo\/\",\"url\":\"https:\/\/lobosnews.com.ar\/index.php\/2026\/03\/07\/sigue-la-polemica-por-las-fotos-de-evangelina-anderson-e-ian-lucas-el-detalle-que-compromete-a-la-modelo\/\",\"name\":\"Sigue la pol\u00e9mica por las fotos de Evangelina Anderson e Ian Lucas: el detalle que compromete a la modelo - Lobos News\",\"isPartOf\":{\"@id\":\"https:\/\/lobosnews.com.ar\/#website\"},\"primaryImageOfPage\":{\"@id\":\"https:\/\/lobosnews.com.ar\/index.php\/2026\/03\/07\/sigue-la-polemica-por-las-fotos-de-evangelina-anderson-e-ian-lucas-el-detalle-que-compromete-a-la-modelo\/#primaryimage\"},\"image\":{\"@id\":\"https:\/\/lobosnews.com.ar\/index.php\/2026\/03\/07\/sigue-la-polemica-por-las-fotos-de-evangelina-anderson-e-ian-lucas-el-detalle-que-compromete-a-la-modelo\/#primaryimage\"},\"thumbnailUrl\":\"https:\/\/lobosnews.com.ar\/wp-content\/uploads\/2026\/03\/sigue-la-polemica-por-las-fotos-de-evangelina-anderson-e-ian-lucas-el-detalle-que-compromete-a-la-modelo-6.jpg\",\"datePublished\":\"2026-03-07T18:02:23+00:00\",\"dateModified\":\"2026-03-08T02:43:12+00:00\",\"breadcrumb\":{\"@id\":\"https:\/\/lobosnews.com.ar\/index.php\/2026\/03\/07\/sigue-la-polemica-por-las-fotos-de-evangelina-anderson-e-ian-lucas-el-detalle-que-compromete-a-la-modelo\/#breadcrumb\"},\"inLanguage\":\"es\",\"potentialAction\":[{\"@type\":\"ReadAction\",\"target\":[\"https:\/\/lobosnews.com.ar\/index.php\/2026\/03\/07\/sigue-la-polemica-por-las-fotos-de-evangelina-anderson-e-ian-lucas-el-detalle-que-compromete-a-la-modelo\/\"]}]},{\"@type\":\"ImageObject\",\"inLanguage\":\"es\",\"@id\":\"https:\/\/lobosnews.com.ar\/index.php\/2026\/03\/07\/sigue-la-polemica-por-las-fotos-de-evangelina-anderson-e-ian-lucas-el-detalle-que-compromete-a-la-modelo\/#primaryimage\",\"url\":\"https:\/\/lobosnews.com.ar\/wp-content\/uploads\/2026\/03\/sigue-la-polemica-por-las-fotos-de-evangelina-anderson-e-ian-lucas-el-detalle-que-compromete-a-la-modelo-6.jpg\",\"contentUrl\":\"https:\/\/lobosnews.com.ar\/wp-content\/uploads\/2026\/03\/sigue-la-polemica-por-las-fotos-de-evangelina-anderson-e-ian-lucas-el-detalle-que-compromete-a-la-modelo-6.jpg\",\"width\":540,\"height\":953,\"caption\":\"Sigue la pol\u00e9mica por las fotos de Evangelina Anderson e Ian Lucas: el detalle que compromete a la modelo\"},{\"@type\":\"BreadcrumbList\",\"@id\":\"https:\/\/lobosnews.com.ar\/index.php\/2026\/03\/07\/sigue-la-polemica-por-las-fotos-de-evangelina-anderson-e-ian-lucas-el-detalle-que-compromete-a-la-modelo\/#breadcrumb\",\"itemListElement\":[{\"@type\":\"ListItem\",\"position\":1,\"name\":\"Portada\",\"item\":\"https:\/\/lobosnews.com.ar\/\"},{\"@type\":\"ListItem\",\"position\":2,\"name\":\"Sigue la pol\u00e9mica por las fotos de Evangelina Anderson e Ian Lucas: el detalle que compromete a la modelo\"}]},{\"@type\":\"WebSite\",\"@id\":\"https:\/\/lobosnews.com.ar\/#website\",\"url\":\"https:\/\/lobosnews.com.ar\/\",\"name\":\"Lobos News\",\"description\":\"Informaci\u00f3n a cada instante\",\"publisher\":{\"@id\":\"https:\/\/lobosnews.com.ar\/#organization\"},\"potentialAction\":[{\"@type\":\"SearchAction\",\"target\":{\"@type\":\"EntryPoint\",\"urlTemplate\":\"https:\/\/lobosnews.com.ar\/?s={search_term_string}\"},\"query-input\":{\"@type\":\"PropertyValueSpecification\",\"valueRequired\":true,\"valueName\":\"search_term_string\"}}],\"inLanguage\":\"es\"},{\"@type\":\"Organization\",\"@id\":\"https:\/\/lobosnews.com.ar\/#organization\",\"name\":\"Lobos News\",\"url\":\"https:\/\/lobosnews.com.ar\/\",\"logo\":{\"@type\":\"ImageObject\",\"inLanguage\":\"es\",\"@id\":\"https:\/\/lobosnews.com.ar\/#\/schema\/logo\/image\/\",\"url\":\"https:\/\/lobosnews.com.ar\/wp-content\/uploads\/2026\/01\/logo-lobosnews.png\",\"contentUrl\":\"https:\/\/lobosnews.com.ar\/wp-content\/uploads\/2026\/01\/logo-lobosnews.png\",\"width\":500,\"height\":200,\"caption\":\"Lobos News\"},\"image\":{\"@id\":\"https:\/\/lobosnews.com.ar\/#\/schema\/logo\/image\/\"}},{\"@type\":\"Person\",\"@id\":\"https:\/\/lobosnews.com.ar\/#\/schema\/person\/232422a593d5c541dd9aef6aaed10943\",\"name\":\"admin\",\"image\":{\"@type\":\"ImageObject\",\"inLanguage\":\"es\",\"@id\":\"https:\/\/lobosnews.com.ar\/#\/schema\/person\/image\/\",\"url\":\"https:\/\/secure.gravatar.com\/avatar\/76e419471a2083bc3ceab22a763dbbf9b0c1bd15a6214cf3280e2c2dde4580f9?s=96&d=mm&r=g\",\"contentUrl\":\"https:\/\/secure.gravatar.com\/avatar\/76e419471a2083bc3ceab22a763dbbf9b0c1bd15a6214cf3280e2c2dde4580f9?s=96&d=mm&r=g\",\"caption\":\"admin\"},\"sameAs\":[\"https:\/\/lobosnews.com.ar\"],\"url\":\"https:\/\/lobosnews.com.ar\/index.php\/author\/lobos-news\/\"}]}<\/script>\n<!-- \/ Yoast SEO plugin. -->","yoast_head_json":{"title":"Sigue la pol\u00e9mica por las fotos de Evangelina Anderson e Ian Lucas: el detalle que compromete a la modelo - Lobos News","robots":{"index":"index","follow":"follow","max-snippet":"max-snippet:-1","max-image-preview":"max-image-preview:large","max-video-preview":"max-video-preview:-1"},"canonical":"https:\/\/lobosnews.com.ar\/index.php\/2026\/03\/07\/sigue-la-polemica-por-las-fotos-de-evangelina-anderson-e-ian-lucas-el-detalle-que-compromete-a-la-modelo\/","og_locale":"es_ES","og_type":"article","og_title":"Sigue la pol\u00e9mica por las fotos de Evangelina Anderson e Ian Lucas: el detalle que compromete a la modelo - Lobos News","og_description":"Lo que hab\u00eda comenzado como un inocente romance durante las grabaciones de MasterChef Celebrity (Telefe) entre Evangelina Anderson e Ian Lucas termin\u00f3 en un esc\u00e1ndalo medi\u00e1tico con m\u00faltiples cap\u00edtulos en solo dos d\u00edas. Mientras Anderson siempre neg\u00f3 la relaci\u00f3n en entrevistas, Lucas sostuvo p\u00fablicamente una versi\u00f3n opuesta y la filtraci\u00f3n de fotos bes\u00e1ndose agreg\u00f3 combustible...","og_url":"https:\/\/lobosnews.com.ar\/index.php\/2026\/03\/07\/sigue-la-polemica-por-las-fotos-de-evangelina-anderson-e-ian-lucas-el-detalle-que-compromete-a-la-modelo\/","og_site_name":"Lobos News","article_published_time":"2026-03-07T18:02:23+00:00","article_modified_time":"2026-03-08T02:43:12+00:00","og_image":[{"url":"https:\/\/lobosnews.com.ar\/wp-content\/uploads\/2026\/03\/sigue-la-polemica-por-las-fotos-de-evangelina-anderson-e-ian-lucas-el-detalle-que-compromete-a-la-modelo.jpg","type":"","width":"","height":""}],"author":"admin","twitter_card":"summary_large_image","twitter_misc":{"Escrito por":"admin","Tiempo de lectura":"4 minutos"},"schema":{"@context":"https:\/\/schema.org","@graph":[{"@type":"Article","@id":"https:\/\/lobosnews.com.ar\/index.php\/2026\/03\/07\/sigue-la-polemica-por-las-fotos-de-evangelina-anderson-e-ian-lucas-el-detalle-que-compromete-a-la-modelo\/#article","isPartOf":{"@id":"https:\/\/lobosnews.com.ar\/index.php\/2026\/03\/07\/sigue-la-polemica-por-las-fotos-de-evangelina-anderson-e-ian-lucas-el-detalle-que-compromete-a-la-modelo\/"},"author":{"name":"admin","@id":"https:\/\/lobosnews.com.ar\/#\/schema\/person\/232422a593d5c541dd9aef6aaed10943"},"headline":"Sigue la pol\u00e9mica por las fotos de Evangelina Anderson e Ian Lucas: el detalle que compromete a la modelo","datePublished":"2026-03-07T18:02:23+00:00","dateModified":"2026-03-08T02:43:12+00:00","mainEntityOfPage":{"@id":"https:\/\/lobosnews.com.ar\/index.php\/2026\/03\/07\/sigue-la-polemica-por-las-fotos-de-evangelina-anderson-e-ian-lucas-el-detalle-que-compromete-a-la-modelo\/"},"wordCount":742,"commentCount":0,"publisher":{"@id":"https:\/\/lobosnews.com.ar\/#organization"},"image":{"@id":"https:\/\/lobosnews.com.ar\/index.php\/2026\/03\/07\/sigue-la-polemica-por-las-fotos-de-evangelina-anderson-e-ian-lucas-el-detalle-que-compromete-a-la-modelo\/#primaryimage"},"thumbnailUrl":"https:\/\/lobosnews.com.ar\/wp-content\/uploads\/2026\/03\/sigue-la-polemica-por-las-fotos-de-evangelina-anderson-e-ian-lucas-el-detalle-que-compromete-a-la-modelo-6.jpg","articleSection":["Cine y Series"],"inLanguage":"es","potentialAction":[{"@type":"CommentAction","name":"Comment","target":["https:\/\/lobosnews.com.ar\/index.php\/2026\/03\/07\/sigue-la-polemica-por-las-fotos-de-evangelina-anderson-e-ian-lucas-el-detalle-que-compromete-a-la-modelo\/#respond"]}]},{"@type":"WebPage","@id":"https:\/\/lobosnews.com.ar\/index.php\/2026\/03\/07\/sigue-la-polemica-por-las-fotos-de-evangelina-anderson-e-ian-lucas-el-detalle-que-compromete-a-la-modelo\/","url":"https:\/\/lobosnews.com.ar\/index.php\/2026\/03\/07\/sigue-la-polemica-por-las-fotos-de-evangelina-anderson-e-ian-lucas-el-detalle-que-compromete-a-la-modelo\/","name":"Sigue la pol\u00e9mica por las fotos de Evangelina Anderson e Ian Lucas: el detalle que compromete a la modelo - Lobos News","isPartOf":{"@id":"https:\/\/lobosnews.com.ar\/#website"},"primaryImageOfPage":{"@id":"https:\/\/lobosnews.com.ar\/index.php\/2026\/03\/07\/sigue-la-polemica-por-las-fotos-de-evangelina-anderson-e-ian-lucas-el-detalle-que-compromete-a-la-modelo\/#primaryimage"},"image":{"@id":"https:\/\/lobosnews.com.ar\/index.php\/2026\/03\/07\/sigue-la-polemica-por-las-fotos-de-evangelina-anderson-e-ian-lucas-el-detalle-que-compromete-a-la-modelo\/#primaryimage"},"thumbnailUrl":"https:\/\/lobosnews.com.ar\/wp-content\/uploads\/2026\/03\/sigue-la-polemica-por-las-fotos-de-evangelina-anderson-e-ian-lucas-el-detalle-que-compromete-a-la-modelo-6.jpg","datePublished":"2026-03-07T18:02:23+00:00","dateModified":"2026-03-08T02:43:12+00:00","breadcrumb":{"@id":"https:\/\/lobosnews.com.ar\/index.php\/2026\/03\/07\/sigue-la-polemica-por-las-fotos-de-evangelina-anderson-e-ian-lucas-el-detalle-que-compromete-a-la-modelo\/#breadcrumb"},"inLanguage":"es","potentialAction":[{"@type":"ReadAction","target":["https:\/\/lobosnews.com.ar\/index.php\/2026\/03\/07\/sigue-la-polemica-por-las-fotos-de-evangelina-anderson-e-ian-lucas-el-detalle-que-compromete-a-la-modelo\/"]}]},{"@type":"ImageObject","inLanguage":"es","@id":"https:\/\/lobosnews.com.ar\/index.php\/2026\/03\/07\/sigue-la-polemica-por-las-fotos-de-evangelina-anderson-e-ian-lucas-el-detalle-que-compromete-a-la-modelo\/#primaryimage","url":"https:\/\/lobosnews.com.ar\/wp-content\/uploads\/2026\/03\/sigue-la-polemica-por-las-fotos-de-evangelina-anderson-e-ian-lucas-el-detalle-que-compromete-a-la-modelo-6.jpg","contentUrl":"https:\/\/lobosnews.com.ar\/wp-content\/uploads\/2026\/03\/sigue-la-polemica-por-las-fotos-de-evangelina-anderson-e-ian-lucas-el-detalle-que-compromete-a-la-modelo-6.jpg","width":540,"height":953,"caption":"Sigue la pol\u00e9mica por las fotos de Evangelina Anderson e Ian Lucas: el detalle que compromete a la modelo"},{"@type":"BreadcrumbList","@id":"https:\/\/lobosnews.com.ar\/index.php\/2026\/03\/07\/sigue-la-polemica-por-las-fotos-de-evangelina-anderson-e-ian-lucas-el-detalle-que-compromete-a-la-modelo\/#breadcrumb","itemListElement":[{"@type":"ListItem","position":1,"name":"Portada","item":"https:\/\/lobosnews.com.ar\/"},{"@type":"ListItem","position":2,"name":"Sigue la pol\u00e9mica por las fotos de Evangelina Anderson e Ian Lucas: el detalle que compromete a la modelo"}]},{"@type":"WebSite","@id":"https:\/\/lobosnews.com.ar\/#website","url":"https:\/\/lobosnews.com.ar\/","name":"Lobos News","description":"Informaci\u00f3n a cada instante","publisher":{"@id":"https:\/\/lobosnews.com.ar\/#organization"},"potentialAction":[{"@type":"SearchAction","target":{"@type":"EntryPoint","urlTemplate":"https:\/\/lobosnews.com.ar\/?s={search_term_string}"},"query-input":{"@type":"PropertyValueSpecification","valueRequired":true,"valueName":"search_term_string"}}],"inLanguage":"es"},{"@type":"Organization","@id":"https:\/\/lobosnews.com.ar\/#organization","name":"Lobos News","url":"https:\/\/lobosnews.com.ar\/","logo":{"@type":"ImageObject","inLanguage":"es","@id":"https:\/\/lobosnews.com.ar\/#\/schema\/logo\/image\/","url":"https:\/\/lobosnews.com.ar\/wp-content\/uploads\/2026\/01\/logo-lobosnews.png","contentUrl":"https:\/\/lobosnews.com.ar\/wp-content\/uploads\/2026\/01\/logo-lobosnews.png","width":500,"height":200,"caption":"Lobos News"},"image":{"@id":"https:\/\/lobosnews.com.ar\/#\/schema\/logo\/image\/"}},{"@type":"Person","@id":"https:\/\/lobosnews.com.ar\/#\/schema\/person\/232422a593d5c541dd9aef6aaed10943","name":"admin","image":{"@type":"ImageObject","inLanguage":"es","@id":"https:\/\/lobosnews.com.ar\/#\/schema\/person\/image\/","url":"https:\/\/secure.gravatar.com\/avatar\/76e419471a2083bc3ceab22a763dbbf9b0c1bd15a6214cf3280e2c2dde4580f9?s=96&d=mm&r=g","contentUrl":"https:\/\/secure.gravatar.com\/avatar\/76e419471a2083bc3ceab22a763dbbf9b0c1bd15a6214cf3280e2c2dde4580f9?s=96&d=mm&r=g","caption":"admin"},"sameAs":["https:\/\/lobosnews.com.ar"],"url":"https:\/\/lobosnews.com.ar\/index.php\/author\/lobos-news\/"}]}},"jetpack_featured_media_url":"https:\/\/lobosnews.com.ar\/wp-content\/uploads\/2026\/03\/sigue-la-polemica-por-las-fotos-de-evangelina-anderson-e-ian-lucas-el-detalle-que-compromete-a-la-modelo-6.jpg","jetpack_sharing_enabled":true,"_links":{"self":[{"href":"https:\/\/lobosnews.com.ar\/index.php\/wp-json\/wp\/v2\/posts\/30546","targetHints":{"allow":["GET"]}}],"collection":[{"href":"https:\/\/lobosnews.com.ar\/index.php\/wp-json\/wp\/v2\/posts"}],"about":[{"href":"https:\/\/lobosnews.com.ar\/index.php\/wp-json\/wp\/v2\/types\/post"}],"author":[{"embeddable":true,"href":"https:\/\/lobosnews.com.ar\/index.php\/wp-json\/wp\/v2\/users\/1"}],"replies":[{"embeddable":true,"href":"https:\/\/lobosnews.com.ar\/index.php\/wp-json\/wp\/v2\/comments?post=30546"}],"version-history":[{"count":1,"href":"https:\/\/lobosnews.com.ar\/index.php\/wp-json\/wp\/v2\/posts\/30546\/revisions"}],"predecessor-version":[{"id":30551,"href":"https:\/\/lobosnews.com.ar\/index.php\/wp-json\/wp\/v2\/posts\/30546\/revisions\/30551"}],"wp:featuredmedia":[{"embeddable":true,"href":"https:\/\/lobosnews.com.ar\/index.php\/wp-json\/wp\/v2\/media\/30552"}],"wp:attachment":[{"href":"https:\/\/lobosnews.com.ar\/index.php\/wp-json\/wp\/v2\/media?parent=30546"}],"wp:term":[{"taxonomy":"category","embeddable":true,"href":"https:\/\/lobosnews.com.ar\/index.php\/wp-json\/wp\/v2\/categories?post=30546"},{"taxonomy":"post_tag","embeddable":true,"href":"https:\/\/lobosnews.com.ar\/index.php\/wp-json\/wp\/v2\/tags?post=30546"}],"curies":[{"name":"wp","href":"https:\/\/api.w.org\/{rel}","templated":true}]}}