{"id":30495,"date":"2026-03-08T01:40:14","date_gmt":"2026-03-08T01:40:14","guid":{"rendered":"https:\/\/lobosnews.com.ar\/index.php\/2026\/03\/08\/el-salvador-mantiene-monitoreo-del-plan-para-apoyar-a-migrantes-retornados\/"},"modified":"2026-03-08T02:36:49","modified_gmt":"2026-03-08T02:36:49","slug":"el-salvador-mantiene-monitoreo-del-plan-para-apoyar-a-migrantes-retornados","status":"publish","type":"post","link":"https:\/\/lobosnews.com.ar\/index.php\/2026\/03\/08\/el-salvador-mantiene-monitoreo-del-plan-para-apoyar-a-migrantes-retornados\/","title":{"rendered":"El Salvador mantiene monitoreo del plan para apoyar a migrantes retornados"},"content":{"rendered":"<p><img fetchpriority=\"high\" decoding=\"async\" src=\"https:\/\/lobosnews.com.ar\/wp-content\/uploads\/2026\/03\/el-salvador-mantiene-monitoreo-del-plan-para-apoyar-a-migrantes-retornados.jpg\" alt=\"El Salvador monitorea avances y contribuci\u00f3n del Plan Nacional de Reintegraci\u00f3n para Personas Retornadas 2025-2029 y fortalece el apoyo a migrantes que regresan al pa\u00eds.\/ (Redes de Patricia Godinez)\" height=\"1066\" width=\"1600\"\/><\/p>\n<p>El <b>Salvador<\/b> ha consolidado su compromiso con la reintegraci\u00f3n de las personas retornadas a trav\u00e9s de la puesta en marcha y monitoreo del <b>Plan Nacional de Reintegraci\u00f3n para Personas Retornadas 2025-2029<\/b>, sobre el cual se convers\u00f3 en la reciente <b>Mesa de Reintegraci\u00f3n del Mecanismo de Coordinaci\u00f3n Nacional sobre Movilidad Humana<\/b>. <\/p>\n<p>Este instrumento, liderado por el <b>Ministerio de Relaciones Exteriores<\/b>, busca garantizar el bienestar y la inclusi\u00f3n socioecon\u00f3mica de quienes regresan al pa\u00eds, en un contexto global donde la migraci\u00f3n y el retorno constituyen desaf\u00edos sociales y econ\u00f3micos de gran relevancia para la regi\u00f3n centroamericana.<\/p>\n<p>Patricia Godinez, viceministra de Di\u00e1spora y Movilidad Humana del Ministerio de Relaciones Exteriores de El Salvador, inform\u00f3 en sus redes sociales que \u201cEl Salvador reafirma su compromiso con el bienestar de la poblaci\u00f3n retornada en la Mesa de Reintegraci\u00f3n del Mecanismo de Coordinaci\u00f3n Nacional sobre Movilidad Humana, mediante el monitoreo del cumplimiento del Plan Nacional de Reintegraci\u00f3n para Personas Retornadas 2025\u20132029\u2033.<\/p>\n<p><img loading=\"lazy\" decoding=\"async\" src=\"https:\/\/lobosnews.com.ar\/wp-content\/uploads\/2026\/03\/el-salvador-mantiene-monitoreo-del-plan-para-apoyar-a-migrantes-retornados-1.jpg\" alt=\"El Plan de Reintegraci\u00f3n integra a m\u00e1s de 50 actores de sectores p\u00fablicos, privados e internacionales para mejorar la inclusi\u00f3n de los retornados. \/(Redes de Patricia Godinez)\" height=\"1066\" width=\"1600\"\/><\/p>\n<p>En la publicaci\u00f3n, realizada a trav\u00e9s de la red social de X, Godinez asegur\u00f3 que el <b>Plan Nacional de Reintegraci\u00f3n para Personas Retornadas<\/b> fue \u201cconstruido con la participaci\u00f3n de m\u00e1s de 50 actores y 52 indicadores estrat\u00e9gicos que fortalecen la reintegraci\u00f3n y la inclusi\u00f3n socioproductiva, gracias al liderazgo de Canciller\u00eda (salvadore\u00f1a) y el trabajo coordinado con el <b>Banco Interamericano de Desarrollo (BID)<\/b>, la Organizaci\u00f3n de las Naciones Unidas para la Migraci\u00f3n (OIM) y todas las instituciones\u201d.<\/p>\n<p><b>Seg\u00fan el Observatorio Consular y Migratorio de El Salvador (CONMIGRANTES), solo en el a\u00f1o 2023 se registr\u00f3 el retorno de m\u00e1s de 40,000 salvadore\u00f1os, una cifra que evidencia la magnitud del fen\u00f3meno migratorio y los retos asociados a la reintegraci\u00f3n social, familiar y productiva de esta poblaci\u00f3n.<\/b><\/p>\n<p>El <b>Plan Nacional de Reintegraci\u00f3n para Personas Retornadas 2025-2029<\/b> surge como resultado de un proceso participativo que involucr\u00f3 a m\u00e1s de 50 actores de distintos sectores, incluyendo <b>organismos internacionales<\/b>, instituciones p\u00fablicas, sociedad civil y representantes de la comunidad migrante. La construcci\u00f3n de este plan incorpor\u00f3 indicadores estrat\u00e9gicos orientados a fortalecer el acceso a servicios b\u00e1sicos, la protecci\u00f3n de derechos, la formaci\u00f3n laboral y la generaci\u00f3n de oportunidades econ\u00f3micas para las personas retornadas. El liderazgo del <b>Ministerio de Relaciones Exteriores<\/b> ha sido fundamental en la articulaci\u00f3n de esfuerzos y en la promoci\u00f3n de espacios de di\u00e1logo y concertaci\u00f3n con actores clave, como la <b>Organizaci\u00f3n Internacional para las Migraciones (OIM)<\/b>, el <b>Banco Interamericano de Desarrollo (BID)<\/b> y diversas agencias de cooperaci\u00f3n.<\/p>\n<p><img loading=\"lazy\" decoding=\"async\" src=\"https:\/\/lobosnews.com.ar\/wp-content\/uploads\/2026\/03\/el-salvador-mantiene-monitoreo-del-plan-para-apoyar-a-migrantes-retornados-2.jpg\" alt=\"El Ministerio de Relaciones Exteriores lidera el seguimiento y la transparencia en la implementaci\u00f3n de pol\u00edticas p\u00fablicas para personas retornadas.\/(Redes de Patricia Godinez)\" height=\"939\" width=\"1691\"\/><\/p>\n<p>Entre las principales acciones impulsadas por el <b>Ministerio de Relaciones Exteriores<\/b> destaca el monitoreo permanente de los compromisos asumidos en la <b>Mesa de Reintegraci\u00f3n<\/b>, espacio donde se eval\u00faa el avance de metas y se identifican desaf\u00edos emergentes. Este mecanismo permite un seguimiento detallado de las pol\u00edticas p\u00fablicas y asegura la transparencia en la implementaci\u00f3n de programas destinados a la poblaci\u00f3n retornada. Adem\u00e1s, el <b>Ministerio<\/b> coordina la atenci\u00f3n en los <b>Centros de Atenci\u00f3n Integral para Personas Migrantes Retornadas (CAIMR)<\/b>, ubicados estrat\u00e9gicamente en el pa\u00eds, donde se brinda orientaci\u00f3n legal, apoyo psicol\u00f3gico y vinculaci\u00f3n con servicios de salud, educaci\u00f3n y empleo.<\/p>\n<p><b>A trav\u00e9s de alianzas con el sector privado y proyectos de emprendimiento, se promueve la capacitaci\u00f3n t\u00e9cnica y la inserci\u00f3n laboral de los retornados, con el objetivo de reducir la vulnerabilidad y fomentar la autonom\u00eda econ\u00f3mica.<\/b><\/p>\n<p>El trabajo interinstitucional y la cooperaci\u00f3n internacional han sido determinantes para la consolidaci\u00f3n de una pol\u00edtica integral de reintegraci\u00f3n. La colaboraci\u00f3n con <b>organismos multilaterales<\/b> y socios estrat\u00e9gicos ha permitido el desarrollo de buenas pr\u00e1cticas, la movilizaci\u00f3n de recursos y la transferencia de conocimientos, factores que contribuyen a la sostenibilidad de las acciones en beneficio de la poblaci\u00f3n retornada.<\/p>\n","protected":false},"excerpt":{"rendered":"<p>El Salvador ha consolidado su compromiso con la reintegraci\u00f3n de las personas retornadas a trav\u00e9s de la puesta en marcha y monitoreo del Plan Nacional de Reintegraci\u00f3n para Personas Retornadas 2025-2029, sobre el cual se convers\u00f3 en la reciente Mesa de Reintegraci\u00f3n del Mecanismo de Coordinaci\u00f3n Nacional sobre Movilidad Humana. Este instrumento, liderado por el&#8230;<\/p>\n","protected":false},"author":1,"featured_media":30500,"comment_status":"open","ping_status":"closed","sticky":false,"template":"","format":"standard","meta":{"_jetpack_memberships_contains_paid_content":false,"footnotes":""},"categories":[31],"tags":[],"class_list":["post-30495","post","type-post","status-publish","format-standard","has-post-thumbnail","hentry","category-actualidad"],"magazineBlocksPostFeaturedMedia":{"thumbnail":"https:\/\/lobosnews.com.ar\/wp-content\/uploads\/2026\/03\/el-salvador-mantiene-monitoreo-del-plan-para-apoyar-a-migrantes-retornados-4-150x150.jpg","medium":"https:\/\/lobosnews.com.ar\/wp-content\/uploads\/2026\/03\/el-salvador-mantiene-monitoreo-del-plan-para-apoyar-a-migrantes-retornados-4-300x167.jpg","medium_large":"https:\/\/lobosnews.com.ar\/wp-content\/uploads\/2026\/03\/el-salvador-mantiene-monitoreo-del-plan-para-apoyar-a-migrantes-retornados-4-768x426.jpg","large":"https:\/\/lobosnews.com.ar\/wp-content\/uploads\/2026\/03\/el-salvador-mantiene-monitoreo-del-plan-para-apoyar-a-migrantes-retornados-4-1024x569.jpg","1536x1536":"https:\/\/lobosnews.com.ar\/wp-content\/uploads\/2026\/03\/el-salvador-mantiene-monitoreo-del-plan-para-apoyar-a-migrantes-retornados-4-1536x853.jpg","2048x2048":"https:\/\/lobosnews.com.ar\/wp-content\/uploads\/2026\/03\/el-salvador-mantiene-monitoreo-del-plan-para-apoyar-a-migrantes-retornados-4.jpg","newsmatic-featured":"https:\/\/lobosnews.com.ar\/wp-content\/uploads\/2026\/03\/el-salvador-mantiene-monitoreo-del-plan-para-apoyar-a-migrantes-retornados-4-820x545.jpg","newsmatic-list":"https:\/\/lobosnews.com.ar\/wp-content\/uploads\/2026\/03\/el-salvador-mantiene-monitoreo-del-plan-para-apoyar-a-migrantes-retornados-4-600x400.jpg","newsmatic-thumb":"https:\/\/lobosnews.com.ar\/wp-content\/uploads\/2026\/03\/el-salvador-mantiene-monitoreo-del-plan-para-apoyar-a-migrantes-retornados-4-300x200.jpg","newsmatic-small":"https:\/\/lobosnews.com.ar\/wp-content\/uploads\/2026\/03\/el-salvador-mantiene-monitoreo-del-plan-para-apoyar-a-migrantes-retornados-4-150x95.jpg","newsmatic-grid":"https:\/\/lobosnews.com.ar\/wp-content\/uploads\/2026\/03\/el-salvador-mantiene-monitoreo-del-plan-para-apoyar-a-migrantes-retornados-4-400x250.jpg"},"magazineBlocksPostAuthor":{"name":"admin","avatar":"https:\/\/secure.gravatar.com\/avatar\/76e419471a2083bc3ceab22a763dbbf9b0c1bd15a6214cf3280e2c2dde4580f9?s=96&d=mm&r=g"},"magazineBlocksPostCommentsNumber":"0","magazineBlocksPostExcerpt":"El Salvador ha consolidado su compromiso con la reintegraci\u00f3n de las personas retornadas a trav\u00e9s de la puesta en marcha y monitoreo del Plan Nacional de Reintegraci\u00f3n para Personas Retornadas 2025-2029, sobre el cual se convers\u00f3 en la reciente Mesa de Reintegraci\u00f3n del Mecanismo de Coordinaci\u00f3n Nacional sobre Movilidad Humana. Este instrumento, liderado por el...","magazineBlocksPostCategories":["Actualidad"],"magazineBlocksPostViewCount":111,"magazineBlocksPostReadTime":4,"magazine_blocks_featured_image_url":{"full":["https:\/\/lobosnews.com.ar\/wp-content\/uploads\/2026\/03\/el-salvador-mantiene-monitoreo-del-plan-para-apoyar-a-migrantes-retornados-4.jpg",1691,939,false],"medium":["https:\/\/lobosnews.com.ar\/wp-content\/uploads\/2026\/03\/el-salvador-mantiene-monitoreo-del-plan-para-apoyar-a-migrantes-retornados-4-300x167.jpg",300,167,true],"thumbnail":["https:\/\/lobosnews.com.ar\/wp-content\/uploads\/2026\/03\/el-salvador-mantiene-monitoreo-del-plan-para-apoyar-a-migrantes-retornados-4-150x150.jpg",150,150,true]},"magazine_blocks_author":{"display_name":"admin","author_link":"https:\/\/lobosnews.com.ar\/index.php\/author\/lobos-news\/"},"magazine_blocks_comment":0,"magazine_blocks_author_image":"https:\/\/secure.gravatar.com\/avatar\/76e419471a2083bc3ceab22a763dbbf9b0c1bd15a6214cf3280e2c2dde4580f9?s=96&d=mm&r=g","magazine_blocks_category":"<a href=\"#\" class=\"category-link category-link-31\">Actualidad<\/a>","yoast_head":"<!-- This site is optimized with the Yoast SEO plugin v26.6 - https:\/\/yoast.com\/wordpress\/plugins\/seo\/ -->\n<title>El Salvador mantiene monitoreo del plan para apoyar a migrantes retornados - Lobos News<\/title>\n<meta name=\"robots\" content=\"index, follow, max-snippet:-1, max-image-preview:large, max-video-preview:-1\" \/>\n<link rel=\"canonical\" href=\"https:\/\/lobosnews.com.ar\/index.php\/2026\/03\/08\/el-salvador-mantiene-monitoreo-del-plan-para-apoyar-a-migrantes-retornados\/\" \/>\n<meta property=\"og:locale\" content=\"es_ES\" \/>\n<meta property=\"og:type\" content=\"article\" \/>\n<meta property=\"og:title\" content=\"El Salvador mantiene monitoreo del plan para apoyar a migrantes retornados - Lobos News\" \/>\n<meta property=\"og:description\" content=\"El Salvador ha consolidado su compromiso con la reintegraci\u00f3n de las personas retornadas a trav\u00e9s de la puesta en marcha y monitoreo del Plan Nacional de Reintegraci\u00f3n para Personas Retornadas 2025-2029, sobre el cual se convers\u00f3 en la reciente Mesa de Reintegraci\u00f3n del Mecanismo de Coordinaci\u00f3n Nacional sobre Movilidad Humana. Este instrumento, liderado por el...\" \/>\n<meta property=\"og:url\" content=\"https:\/\/lobosnews.com.ar\/index.php\/2026\/03\/08\/el-salvador-mantiene-monitoreo-del-plan-para-apoyar-a-migrantes-retornados\/\" \/>\n<meta property=\"og:site_name\" content=\"Lobos News\" \/>\n<meta property=\"article:published_time\" content=\"2026-03-08T01:40:14+00:00\" \/>\n<meta property=\"article:modified_time\" content=\"2026-03-08T02:36:49+00:00\" \/>\n<meta property=\"og:image\" content=\"https:\/\/lobosnews.com.ar\/wp-content\/uploads\/2026\/03\/el-salvador-mantiene-monitoreo-del-plan-para-apoyar-a-migrantes-retornados.jpg\" \/>\n<meta name=\"author\" content=\"admin\" \/>\n<meta name=\"twitter:card\" content=\"summary_large_image\" \/>\n<meta name=\"twitter:label1\" content=\"Escrito por\" \/>\n\t<meta name=\"twitter:data1\" content=\"admin\" \/>\n\t<meta name=\"twitter:label2\" content=\"Tiempo de lectura\" \/>\n\t<meta name=\"twitter:data2\" content=\"3 minutos\" \/>\n<script type=\"application\/ld+json\" class=\"yoast-schema-graph\">{\"@context\":\"https:\/\/schema.org\",\"@graph\":[{\"@type\":\"Article\",\"@id\":\"https:\/\/lobosnews.com.ar\/index.php\/2026\/03\/08\/el-salvador-mantiene-monitoreo-del-plan-para-apoyar-a-migrantes-retornados\/#article\",\"isPartOf\":{\"@id\":\"https:\/\/lobosnews.com.ar\/index.php\/2026\/03\/08\/el-salvador-mantiene-monitoreo-del-plan-para-apoyar-a-migrantes-retornados\/\"},\"author\":{\"name\":\"admin\",\"@id\":\"https:\/\/lobosnews.com.ar\/#\/schema\/person\/232422a593d5c541dd9aef6aaed10943\"},\"headline\":\"El Salvador mantiene monitoreo del plan para apoyar a migrantes retornados\",\"datePublished\":\"2026-03-08T01:40:14+00:00\",\"dateModified\":\"2026-03-08T02:36:49+00:00\",\"mainEntityOfPage\":{\"@id\":\"https:\/\/lobosnews.com.ar\/index.php\/2026\/03\/08\/el-salvador-mantiene-monitoreo-del-plan-para-apoyar-a-migrantes-retornados\/\"},\"wordCount\":678,\"commentCount\":0,\"publisher\":{\"@id\":\"https:\/\/lobosnews.com.ar\/#organization\"},\"image\":{\"@id\":\"https:\/\/lobosnews.com.ar\/index.php\/2026\/03\/08\/el-salvador-mantiene-monitoreo-del-plan-para-apoyar-a-migrantes-retornados\/#primaryimage\"},\"thumbnailUrl\":\"https:\/\/lobosnews.com.ar\/wp-content\/uploads\/2026\/03\/el-salvador-mantiene-monitoreo-del-plan-para-apoyar-a-migrantes-retornados-4.jpg\",\"articleSection\":[\"Actualidad\"],\"inLanguage\":\"es\",\"potentialAction\":[{\"@type\":\"CommentAction\",\"name\":\"Comment\",\"target\":[\"https:\/\/lobosnews.com.ar\/index.php\/2026\/03\/08\/el-salvador-mantiene-monitoreo-del-plan-para-apoyar-a-migrantes-retornados\/#respond\"]}]},{\"@type\":\"WebPage\",\"@id\":\"https:\/\/lobosnews.com.ar\/index.php\/2026\/03\/08\/el-salvador-mantiene-monitoreo-del-plan-para-apoyar-a-migrantes-retornados\/\",\"url\":\"https:\/\/lobosnews.com.ar\/index.php\/2026\/03\/08\/el-salvador-mantiene-monitoreo-del-plan-para-apoyar-a-migrantes-retornados\/\",\"name\":\"El Salvador mantiene monitoreo del plan para apoyar a migrantes retornados - Lobos News\",\"isPartOf\":{\"@id\":\"https:\/\/lobosnews.com.ar\/#website\"},\"primaryImageOfPage\":{\"@id\":\"https:\/\/lobosnews.com.ar\/index.php\/2026\/03\/08\/el-salvador-mantiene-monitoreo-del-plan-para-apoyar-a-migrantes-retornados\/#primaryimage\"},\"image\":{\"@id\":\"https:\/\/lobosnews.com.ar\/index.php\/2026\/03\/08\/el-salvador-mantiene-monitoreo-del-plan-para-apoyar-a-migrantes-retornados\/#primaryimage\"},\"thumbnailUrl\":\"https:\/\/lobosnews.com.ar\/wp-content\/uploads\/2026\/03\/el-salvador-mantiene-monitoreo-del-plan-para-apoyar-a-migrantes-retornados-4.jpg\",\"datePublished\":\"2026-03-08T01:40:14+00:00\",\"dateModified\":\"2026-03-08T02:36:49+00:00\",\"breadcrumb\":{\"@id\":\"https:\/\/lobosnews.com.ar\/index.php\/2026\/03\/08\/el-salvador-mantiene-monitoreo-del-plan-para-apoyar-a-migrantes-retornados\/#breadcrumb\"},\"inLanguage\":\"es\",\"potentialAction\":[{\"@type\":\"ReadAction\",\"target\":[\"https:\/\/lobosnews.com.ar\/index.php\/2026\/03\/08\/el-salvador-mantiene-monitoreo-del-plan-para-apoyar-a-migrantes-retornados\/\"]}]},{\"@type\":\"ImageObject\",\"inLanguage\":\"es\",\"@id\":\"https:\/\/lobosnews.com.ar\/index.php\/2026\/03\/08\/el-salvador-mantiene-monitoreo-del-plan-para-apoyar-a-migrantes-retornados\/#primaryimage\",\"url\":\"https:\/\/lobosnews.com.ar\/wp-content\/uploads\/2026\/03\/el-salvador-mantiene-monitoreo-del-plan-para-apoyar-a-migrantes-retornados-4.jpg\",\"contentUrl\":\"https:\/\/lobosnews.com.ar\/wp-content\/uploads\/2026\/03\/el-salvador-mantiene-monitoreo-del-plan-para-apoyar-a-migrantes-retornados-4.jpg\",\"width\":1691,\"height\":939,\"caption\":\"El Salvador mantiene monitoreo del plan para apoyar a migrantes retornados\"},{\"@type\":\"BreadcrumbList\",\"@id\":\"https:\/\/lobosnews.com.ar\/index.php\/2026\/03\/08\/el-salvador-mantiene-monitoreo-del-plan-para-apoyar-a-migrantes-retornados\/#breadcrumb\",\"itemListElement\":[{\"@type\":\"ListItem\",\"position\":1,\"name\":\"Portada\",\"item\":\"https:\/\/lobosnews.com.ar\/\"},{\"@type\":\"ListItem\",\"position\":2,\"name\":\"El Salvador mantiene monitoreo del plan para apoyar a migrantes retornados\"}]},{\"@type\":\"WebSite\",\"@id\":\"https:\/\/lobosnews.com.ar\/#website\",\"url\":\"https:\/\/lobosnews.com.ar\/\",\"name\":\"Lobos News\",\"description\":\"Informaci\u00f3n a cada instante\",\"publisher\":{\"@id\":\"https:\/\/lobosnews.com.ar\/#organization\"},\"potentialAction\":[{\"@type\":\"SearchAction\",\"target\":{\"@type\":\"EntryPoint\",\"urlTemplate\":\"https:\/\/lobosnews.com.ar\/?s={search_term_string}\"},\"query-input\":{\"@type\":\"PropertyValueSpecification\",\"valueRequired\":true,\"valueName\":\"search_term_string\"}}],\"inLanguage\":\"es\"},{\"@type\":\"Organization\",\"@id\":\"https:\/\/lobosnews.com.ar\/#organization\",\"name\":\"Lobos News\",\"url\":\"https:\/\/lobosnews.com.ar\/\",\"logo\":{\"@type\":\"ImageObject\",\"inLanguage\":\"es\",\"@id\":\"https:\/\/lobosnews.com.ar\/#\/schema\/logo\/image\/\",\"url\":\"https:\/\/lobosnews.com.ar\/wp-content\/uploads\/2026\/01\/logo-lobosnews.png\",\"contentUrl\":\"https:\/\/lobosnews.com.ar\/wp-content\/uploads\/2026\/01\/logo-lobosnews.png\",\"width\":500,\"height\":200,\"caption\":\"Lobos News\"},\"image\":{\"@id\":\"https:\/\/lobosnews.com.ar\/#\/schema\/logo\/image\/\"}},{\"@type\":\"Person\",\"@id\":\"https:\/\/lobosnews.com.ar\/#\/schema\/person\/232422a593d5c541dd9aef6aaed10943\",\"name\":\"admin\",\"image\":{\"@type\":\"ImageObject\",\"inLanguage\":\"es\",\"@id\":\"https:\/\/lobosnews.com.ar\/#\/schema\/person\/image\/\",\"url\":\"https:\/\/secure.gravatar.com\/avatar\/76e419471a2083bc3ceab22a763dbbf9b0c1bd15a6214cf3280e2c2dde4580f9?s=96&d=mm&r=g\",\"contentUrl\":\"https:\/\/secure.gravatar.com\/avatar\/76e419471a2083bc3ceab22a763dbbf9b0c1bd15a6214cf3280e2c2dde4580f9?s=96&d=mm&r=g\",\"caption\":\"admin\"},\"sameAs\":[\"https:\/\/lobosnews.com.ar\"],\"url\":\"https:\/\/lobosnews.com.ar\/index.php\/author\/lobos-news\/\"}]}<\/script>\n<!-- \/ Yoast SEO plugin. -->","yoast_head_json":{"title":"El Salvador mantiene monitoreo del plan para apoyar a migrantes retornados - Lobos News","robots":{"index":"index","follow":"follow","max-snippet":"max-snippet:-1","max-image-preview":"max-image-preview:large","max-video-preview":"max-video-preview:-1"},"canonical":"https:\/\/lobosnews.com.ar\/index.php\/2026\/03\/08\/el-salvador-mantiene-monitoreo-del-plan-para-apoyar-a-migrantes-retornados\/","og_locale":"es_ES","og_type":"article","og_title":"El Salvador mantiene monitoreo del plan para apoyar a migrantes retornados - Lobos News","og_description":"El Salvador ha consolidado su compromiso con la reintegraci\u00f3n de las personas retornadas a trav\u00e9s de la puesta en marcha y monitoreo del Plan Nacional de Reintegraci\u00f3n para Personas Retornadas 2025-2029, sobre el cual se convers\u00f3 en la reciente Mesa de Reintegraci\u00f3n del Mecanismo de Coordinaci\u00f3n Nacional sobre Movilidad Humana. Este instrumento, liderado por el...","og_url":"https:\/\/lobosnews.com.ar\/index.php\/2026\/03\/08\/el-salvador-mantiene-monitoreo-del-plan-para-apoyar-a-migrantes-retornados\/","og_site_name":"Lobos News","article_published_time":"2026-03-08T01:40:14+00:00","article_modified_time":"2026-03-08T02:36:49+00:00","og_image":[{"url":"https:\/\/lobosnews.com.ar\/wp-content\/uploads\/2026\/03\/el-salvador-mantiene-monitoreo-del-plan-para-apoyar-a-migrantes-retornados.jpg","type":"","width":"","height":""}],"author":"admin","twitter_card":"summary_large_image","twitter_misc":{"Escrito por":"admin","Tiempo de lectura":"3 minutos"},"schema":{"@context":"https:\/\/schema.org","@graph":[{"@type":"Article","@id":"https:\/\/lobosnews.com.ar\/index.php\/2026\/03\/08\/el-salvador-mantiene-monitoreo-del-plan-para-apoyar-a-migrantes-retornados\/#article","isPartOf":{"@id":"https:\/\/lobosnews.com.ar\/index.php\/2026\/03\/08\/el-salvador-mantiene-monitoreo-del-plan-para-apoyar-a-migrantes-retornados\/"},"author":{"name":"admin","@id":"https:\/\/lobosnews.com.ar\/#\/schema\/person\/232422a593d5c541dd9aef6aaed10943"},"headline":"El Salvador mantiene monitoreo del plan para apoyar a migrantes retornados","datePublished":"2026-03-08T01:40:14+00:00","dateModified":"2026-03-08T02:36:49+00:00","mainEntityOfPage":{"@id":"https:\/\/lobosnews.com.ar\/index.php\/2026\/03\/08\/el-salvador-mantiene-monitoreo-del-plan-para-apoyar-a-migrantes-retornados\/"},"wordCount":678,"commentCount":0,"publisher":{"@id":"https:\/\/lobosnews.com.ar\/#organization"},"image":{"@id":"https:\/\/lobosnews.com.ar\/index.php\/2026\/03\/08\/el-salvador-mantiene-monitoreo-del-plan-para-apoyar-a-migrantes-retornados\/#primaryimage"},"thumbnailUrl":"https:\/\/lobosnews.com.ar\/wp-content\/uploads\/2026\/03\/el-salvador-mantiene-monitoreo-del-plan-para-apoyar-a-migrantes-retornados-4.jpg","articleSection":["Actualidad"],"inLanguage":"es","potentialAction":[{"@type":"CommentAction","name":"Comment","target":["https:\/\/lobosnews.com.ar\/index.php\/2026\/03\/08\/el-salvador-mantiene-monitoreo-del-plan-para-apoyar-a-migrantes-retornados\/#respond"]}]},{"@type":"WebPage","@id":"https:\/\/lobosnews.com.ar\/index.php\/2026\/03\/08\/el-salvador-mantiene-monitoreo-del-plan-para-apoyar-a-migrantes-retornados\/","url":"https:\/\/lobosnews.com.ar\/index.php\/2026\/03\/08\/el-salvador-mantiene-monitoreo-del-plan-para-apoyar-a-migrantes-retornados\/","name":"El Salvador mantiene monitoreo del plan para apoyar a migrantes retornados - Lobos News","isPartOf":{"@id":"https:\/\/lobosnews.com.ar\/#website"},"primaryImageOfPage":{"@id":"https:\/\/lobosnews.com.ar\/index.php\/2026\/03\/08\/el-salvador-mantiene-monitoreo-del-plan-para-apoyar-a-migrantes-retornados\/#primaryimage"},"image":{"@id":"https:\/\/lobosnews.com.ar\/index.php\/2026\/03\/08\/el-salvador-mantiene-monitoreo-del-plan-para-apoyar-a-migrantes-retornados\/#primaryimage"},"thumbnailUrl":"https:\/\/lobosnews.com.ar\/wp-content\/uploads\/2026\/03\/el-salvador-mantiene-monitoreo-del-plan-para-apoyar-a-migrantes-retornados-4.jpg","datePublished":"2026-03-08T01:40:14+00:00","dateModified":"2026-03-08T02:36:49+00:00","breadcrumb":{"@id":"https:\/\/lobosnews.com.ar\/index.php\/2026\/03\/08\/el-salvador-mantiene-monitoreo-del-plan-para-apoyar-a-migrantes-retornados\/#breadcrumb"},"inLanguage":"es","potentialAction":[{"@type":"ReadAction","target":["https:\/\/lobosnews.com.ar\/index.php\/2026\/03\/08\/el-salvador-mantiene-monitoreo-del-plan-para-apoyar-a-migrantes-retornados\/"]}]},{"@type":"ImageObject","inLanguage":"es","@id":"https:\/\/lobosnews.com.ar\/index.php\/2026\/03\/08\/el-salvador-mantiene-monitoreo-del-plan-para-apoyar-a-migrantes-retornados\/#primaryimage","url":"https:\/\/lobosnews.com.ar\/wp-content\/uploads\/2026\/03\/el-salvador-mantiene-monitoreo-del-plan-para-apoyar-a-migrantes-retornados-4.jpg","contentUrl":"https:\/\/lobosnews.com.ar\/wp-content\/uploads\/2026\/03\/el-salvador-mantiene-monitoreo-del-plan-para-apoyar-a-migrantes-retornados-4.jpg","width":1691,"height":939,"caption":"El Salvador mantiene monitoreo del plan para apoyar a migrantes retornados"},{"@type":"BreadcrumbList","@id":"https:\/\/lobosnews.com.ar\/index.php\/2026\/03\/08\/el-salvador-mantiene-monitoreo-del-plan-para-apoyar-a-migrantes-retornados\/#breadcrumb","itemListElement":[{"@type":"ListItem","position":1,"name":"Portada","item":"https:\/\/lobosnews.com.ar\/"},{"@type":"ListItem","position":2,"name":"El Salvador mantiene monitoreo del plan para apoyar a migrantes retornados"}]},{"@type":"WebSite","@id":"https:\/\/lobosnews.com.ar\/#website","url":"https:\/\/lobosnews.com.ar\/","name":"Lobos News","description":"Informaci\u00f3n a cada instante","publisher":{"@id":"https:\/\/lobosnews.com.ar\/#organization"},"potentialAction":[{"@type":"SearchAction","target":{"@type":"EntryPoint","urlTemplate":"https:\/\/lobosnews.com.ar\/?s={search_term_string}"},"query-input":{"@type":"PropertyValueSpecification","valueRequired":true,"valueName":"search_term_string"}}],"inLanguage":"es"},{"@type":"Organization","@id":"https:\/\/lobosnews.com.ar\/#organization","name":"Lobos News","url":"https:\/\/lobosnews.com.ar\/","logo":{"@type":"ImageObject","inLanguage":"es","@id":"https:\/\/lobosnews.com.ar\/#\/schema\/logo\/image\/","url":"https:\/\/lobosnews.com.ar\/wp-content\/uploads\/2026\/01\/logo-lobosnews.png","contentUrl":"https:\/\/lobosnews.com.ar\/wp-content\/uploads\/2026\/01\/logo-lobosnews.png","width":500,"height":200,"caption":"Lobos News"},"image":{"@id":"https:\/\/lobosnews.com.ar\/#\/schema\/logo\/image\/"}},{"@type":"Person","@id":"https:\/\/lobosnews.com.ar\/#\/schema\/person\/232422a593d5c541dd9aef6aaed10943","name":"admin","image":{"@type":"ImageObject","inLanguage":"es","@id":"https:\/\/lobosnews.com.ar\/#\/schema\/person\/image\/","url":"https:\/\/secure.gravatar.com\/avatar\/76e419471a2083bc3ceab22a763dbbf9b0c1bd15a6214cf3280e2c2dde4580f9?s=96&d=mm&r=g","contentUrl":"https:\/\/secure.gravatar.com\/avatar\/76e419471a2083bc3ceab22a763dbbf9b0c1bd15a6214cf3280e2c2dde4580f9?s=96&d=mm&r=g","caption":"admin"},"sameAs":["https:\/\/lobosnews.com.ar"],"url":"https:\/\/lobosnews.com.ar\/index.php\/author\/lobos-news\/"}]}},"jetpack_featured_media_url":"https:\/\/lobosnews.com.ar\/wp-content\/uploads\/2026\/03\/el-salvador-mantiene-monitoreo-del-plan-para-apoyar-a-migrantes-retornados-4.jpg","jetpack_sharing_enabled":true,"_links":{"self":[{"href":"https:\/\/lobosnews.com.ar\/index.php\/wp-json\/wp\/v2\/posts\/30495","targetHints":{"allow":["GET"]}}],"collection":[{"href":"https:\/\/lobosnews.com.ar\/index.php\/wp-json\/wp\/v2\/posts"}],"about":[{"href":"https:\/\/lobosnews.com.ar\/index.php\/wp-json\/wp\/v2\/types\/post"}],"author":[{"embeddable":true,"href":"https:\/\/lobosnews.com.ar\/index.php\/wp-json\/wp\/v2\/users\/1"}],"replies":[{"embeddable":true,"href":"https:\/\/lobosnews.com.ar\/index.php\/wp-json\/wp\/v2\/comments?post=30495"}],"version-history":[{"count":1,"href":"https:\/\/lobosnews.com.ar\/index.php\/wp-json\/wp\/v2\/posts\/30495\/revisions"}],"predecessor-version":[{"id":30499,"href":"https:\/\/lobosnews.com.ar\/index.php\/wp-json\/wp\/v2\/posts\/30495\/revisions\/30499"}],"wp:featuredmedia":[{"embeddable":true,"href":"https:\/\/lobosnews.com.ar\/index.php\/wp-json\/wp\/v2\/media\/30500"}],"wp:attachment":[{"href":"https:\/\/lobosnews.com.ar\/index.php\/wp-json\/wp\/v2\/media?parent=30495"}],"wp:term":[{"taxonomy":"category","embeddable":true,"href":"https:\/\/lobosnews.com.ar\/index.php\/wp-json\/wp\/v2\/categories?post=30495"},{"taxonomy":"post_tag","embeddable":true,"href":"https:\/\/lobosnews.com.ar\/index.php\/wp-json\/wp\/v2\/tags?post=30495"}],"curies":[{"name":"wp","href":"https:\/\/api.w.org\/{rel}","templated":true}]}}