{"id":30456,"date":"2026-03-07T18:43:50","date_gmt":"2026-03-07T18:43:50","guid":{"rendered":"https:\/\/lobosnews.com.ar\/index.php\/2026\/03\/07\/la-fibra-protege-el-cerebro-y-el-cuerpo-que-alimentos-consumir-y-como-potenciar-la-salud-cognitiva\/"},"modified":"2026-03-07T20:53:02","modified_gmt":"2026-03-07T20:53:02","slug":"la-fibra-protege-el-cerebro-y-el-cuerpo-que-alimentos-consumir-y-como-potenciar-la-salud-cognitiva","status":"publish","type":"post","link":"https:\/\/lobosnews.com.ar\/index.php\/2026\/03\/07\/la-fibra-protege-el-cerebro-y-el-cuerpo-que-alimentos-consumir-y-como-potenciar-la-salud-cognitiva\/","title":{"rendered":"La fibra protege el cerebro y el cuerpo: qu\u00e9 alimentos consumir y c\u00f3mo potenciar la salud cognitiva"},"content":{"rendered":"<p><img loading=\"lazy\" decoding=\"async\" src=\"https:\/\/lobosnews.com.ar\/wp-content\/uploads\/2026\/03\/la-fibra-protege-el-cerebro-y-el-cuerpo-que-alimentos-consumir-y-como-potenciar-la-salud-cognitiva.jpg\" alt=\"Frutas, verduras, semillas y legumbres deben incluirse en cada comida para fomentar un microbioma intestinal saludable y diverso. (Imagen Ilustrativa Infobae)\" height=\"768\" width=\"1408\"\/><\/p>\n<p>Una alimentaci\u00f3n basada en <b>cereales integrales, frutas, legumbres, frutos secos y semillas <\/b>ofrece beneficios sustanciales para la salud del cuerpo y del cerebro. Los expertos destacan que la <span class=\"waslinkname\"><b>fibra<\/b><\/span>, presente de forma natural en estos alimentos, influye en la protecci\u00f3n frente al deterioro cognitivo y prolonga la esperanza de <span class=\"waslinkname\">vida saludable<\/span>. Estudios recientes explican que la fibra potencia el microbioma intestinal y regula la comunicaci\u00f3n entre el intestino y el cerebro, conocido como eje intestino-cerebro.<\/p>\n<p>Seg\u00fan la <i>BBC<\/i>, la profesora<b> Karen Scott<\/b>, especialista en microbiolog\u00eda intestinal en la <i>Universidad de Aberdeen<\/i>, <i>Escocia<\/i>, se\u00f1ala que <b>aumentar la ingesta de fibra es uno de los cambios m\u00e1s efectivos para la salud cognitiva. <\/b><\/p>\n<p>Un d\u00e9ficit de este nutriente figura como un importante factor de riesgo para el bienestar f\u00edsico y mental. Las cifras muestran una tendencia preocupante: en <b>Estados Unidos, el 97% de los hombres y el 90% de las mujeres<\/b> no consume suficiente fibra; en <b>Reino Unido, m\u00e1s del 90% de los adultos presenta deficiencias similares.<\/b><\/p>\n<p>En este contexto, los investigadores recomiendan consumir al menos <b>25 a 30 gramos de fibra al d\u00eda<\/b>. Este aporte reduce el riesgo de enfermedad coronaria, accidentes cerebrovasculares, diabetes tipo 2 y c\u00e1ncer de colon. Las personas que alcanzan esta cantidad muestran<b> un menor riesgo de mortalidad y una mejor salud cognitiva<\/b>. Los beneficios abarcan desde un \u00edndice de masa corporal m\u00e1s bajo hasta una reducci\u00f3n del 15-30% en el riesgo de enfermedades graves.<\/p>\n<h2>C\u00f3mo act\u00faa la fibra en el organismo y el cerebro<\/h2>\n<p><img loading=\"lazy\" decoding=\"async\" src=\"https:\/\/lobosnews.com.ar\/wp-content\/uploads\/2026\/03\/la-fibra-protege-el-cerebro-y-el-cuerpo-que-alimentos-consumir-y-como-potenciar-la-salud-cognitiva-1.jpg\" alt=\"El consumo diario recomendado de fibra es de entre 25 y 30 gramos para reducir el riesgo de enfermedades y mejorar la cognici\u00f3n. (Imagen ilustrativa Infobae)\" height=\"2286\" width=\"4000\"\/><\/p>\n<p>En primer lugar, la fibra es un carbohidrato que el cuerpo no digiere f\u00e1cilmente. Al pasar por el intestino, aumenta el tama\u00f1o de las heces, prolonga la saciedad y regula los niveles de az\u00facar en sangre. Estudios demuestran que quienes <b>consumen m\u00e1s cereales integrales presentan menos grasa abdominal <\/b>y mejor control metab\u00f3lico que quienes eligen cereales refinados.<\/p>\n<p>Adem\u00e1s, la fibra alimenta el microbioma intestinal. Las bacterias beneficiosas digieren la fibra y producen \u00e1cidos grasos de cadena corta, como el butirato, que fortalecen el revestimiento intestinal y previenen la entrada de sustancias nocivas al torrente sangu\u00edneo. Este proceso mejora la comunicaci\u00f3n entre el intestino y el cerebro, protege la funci\u00f3n cognitiva y reduce los s\u00edntomas de deterioro mental.<\/p>\n<p>Por otro lado, investigaciones muestran que<b> mayores niveles de butirato<\/b> se asocian a un<b> menor riesgo de demencia<\/b>, una mejor calidad del sue\u00f1o y una reducci\u00f3n de enfermedades mentales. Las bacterias productoras de butirato tambi\u00e9n se relacionan con un mayor bienestar emocional y una disminuci\u00f3n de los marcadores inflamatorios en personas con Alzheimer.<\/p>\n<h2>Alimentos m\u00e1s recomendados y formas sencillas de aumentar el consumo de fibra<\/h2>\n<p>Asimismo, los expertos destacan la importancia de la variedad y la regularidad en el consumo de fibra. Comer frutas y verduras en cada comida, incorporar legumbres como chauchas, lentejas o garbanzos en platos habituales y preferir cereales integrales sobre los refinados facilita alcanzar las cantidades recomendadas. Un ejemplo pr\u00e1ctico: una papa asada y una manzana aporta casi 16 gramos de fibra.<\/p>\n<p><img loading=\"lazy\" decoding=\"async\" src=\"https:\/\/lobosnews.com.ar\/wp-content\/uploads\/2026\/03\/la-fibra-protege-el-cerebro-y-el-cuerpo-que-alimentos-consumir-y-como-potenciar-la-salud-cognitiva-2.jpg\" alt=\"Investigaciones recientes asocian una mayor ingesta de fibra con menor riesgo de demencia y mejor funci\u00f3n cerebral en adultos mayores. (Canva)\" height=\"1080\" width=\"1920\"\/><\/p>\n<p>Al mismo tiempo, los frutos secos y las semillas representan una fuente ideal para meriendas o tentempi\u00e9s. Un pu\u00f1ado de nueces, almendras o semillas suman alrededor de 4 gramos de fibra.<b> Cambiar el pan y la pasta blancos por variedades integrales tambi\u00e9n marca una diferencia significativa.<\/b> A\u00f1adir guisantes a la pasta o triturar garbanzos en panqueques ofrece alternativas sencillas y sabrosas.<\/p>\n<p>Por \u00faltimo, las personas con dificultades para masticar o tragar pueden optar por suplementos de fibra, que benefician especialmente a quienes padecen enfermedades neurodegenerativas como el Parkinson. El suplemento de fibra prebi\u00f3tica, seg\u00fan ensayos recientes, mejora la funci\u00f3n cognitiva tras solo tres meses de consumo diario.<\/p>\n<p>El impacto de la fibra en la salud general y cerebral es tan grande que los especialistas la consideran un nutriente esencial para el bienestar. Diversificar el consumo de alimentos vegetales y mantener una ingesta adecuada contribuyen a un microbioma m\u00e1s diverso y resiliente, clave para un envejecimiento saludable y una mejor calidad de vida. <\/p>\n","protected":false},"excerpt":{"rendered":"<p>Una alimentaci\u00f3n basada en cereales integrales, frutas, legumbres, frutos secos y semillas ofrece beneficios sustanciales para la salud del cuerpo y del cerebro. Los expertos destacan que la fibra, presente de forma natural en estos alimentos, influye en la protecci\u00f3n frente al deterioro cognitivo y prolonga la esperanza de vida saludable. Estudios recientes explican que&#8230;<\/p>\n","protected":false},"author":1,"featured_media":30461,"comment_status":"open","ping_status":"closed","sticky":false,"template":"","format":"standard","meta":{"_jetpack_memberships_contains_paid_content":false,"footnotes":""},"categories":[81],"tags":[],"class_list":["post-30456","post","type-post","status-publish","format-standard","has-post-thumbnail","hentry","category-salud"],"magazineBlocksPostFeaturedMedia":{"thumbnail":"https:\/\/lobosnews.com.ar\/wp-content\/uploads\/2026\/03\/la-fibra-protege-el-cerebro-y-el-cuerpo-que-alimentos-consumir-y-como-potenciar-la-salud-cognitiva-4-150x150.jpg","medium":"https:\/\/lobosnews.com.ar\/wp-content\/uploads\/2026\/03\/la-fibra-protege-el-cerebro-y-el-cuerpo-que-alimentos-consumir-y-como-potenciar-la-salud-cognitiva-4-300x169.jpg","medium_large":"https:\/\/lobosnews.com.ar\/wp-content\/uploads\/2026\/03\/la-fibra-protege-el-cerebro-y-el-cuerpo-que-alimentos-consumir-y-como-potenciar-la-salud-cognitiva-4-768x432.jpg","large":"https:\/\/lobosnews.com.ar\/wp-content\/uploads\/2026\/03\/la-fibra-protege-el-cerebro-y-el-cuerpo-que-alimentos-consumir-y-como-potenciar-la-salud-cognitiva-4-1024x576.jpg","1536x1536":"https:\/\/lobosnews.com.ar\/wp-content\/uploads\/2026\/03\/la-fibra-protege-el-cerebro-y-el-cuerpo-que-alimentos-consumir-y-como-potenciar-la-salud-cognitiva-4-1536x864.jpg","2048x2048":"https:\/\/lobosnews.com.ar\/wp-content\/uploads\/2026\/03\/la-fibra-protege-el-cerebro-y-el-cuerpo-que-alimentos-consumir-y-como-potenciar-la-salud-cognitiva-4.jpg","newsmatic-featured":"https:\/\/lobosnews.com.ar\/wp-content\/uploads\/2026\/03\/la-fibra-protege-el-cerebro-y-el-cuerpo-que-alimentos-consumir-y-como-potenciar-la-salud-cognitiva-4-820x545.jpg","newsmatic-list":"https:\/\/lobosnews.com.ar\/wp-content\/uploads\/2026\/03\/la-fibra-protege-el-cerebro-y-el-cuerpo-que-alimentos-consumir-y-como-potenciar-la-salud-cognitiva-4-600x400.jpg","newsmatic-thumb":"https:\/\/lobosnews.com.ar\/wp-content\/uploads\/2026\/03\/la-fibra-protege-el-cerebro-y-el-cuerpo-que-alimentos-consumir-y-como-potenciar-la-salud-cognitiva-4-300x200.jpg","newsmatic-small":"https:\/\/lobosnews.com.ar\/wp-content\/uploads\/2026\/03\/la-fibra-protege-el-cerebro-y-el-cuerpo-que-alimentos-consumir-y-como-potenciar-la-salud-cognitiva-4-150x95.jpg","newsmatic-grid":"https:\/\/lobosnews.com.ar\/wp-content\/uploads\/2026\/03\/la-fibra-protege-el-cerebro-y-el-cuerpo-que-alimentos-consumir-y-como-potenciar-la-salud-cognitiva-4-400x250.jpg"},"magazineBlocksPostAuthor":{"name":"admin","avatar":"https:\/\/secure.gravatar.com\/avatar\/76e419471a2083bc3ceab22a763dbbf9b0c1bd15a6214cf3280e2c2dde4580f9?s=96&d=mm&r=g"},"magazineBlocksPostCommentsNumber":"0","magazineBlocksPostExcerpt":"Una alimentaci\u00f3n basada en cereales integrales, frutas, legumbres, frutos secos y semillas ofrece beneficios sustanciales para la salud del cuerpo y del cerebro. Los expertos destacan que la fibra, presente de forma natural en estos alimentos, influye en la protecci\u00f3n frente al deterioro cognitivo y prolonga la esperanza de vida saludable. Estudios recientes explican que...","magazineBlocksPostCategories":["Salud"],"magazineBlocksPostViewCount":83,"magazineBlocksPostReadTime":4,"magazine_blocks_featured_image_url":{"full":["https:\/\/lobosnews.com.ar\/wp-content\/uploads\/2026\/03\/la-fibra-protege-el-cerebro-y-el-cuerpo-que-alimentos-consumir-y-como-potenciar-la-salud-cognitiva-4.jpg",1920,1080,false],"medium":["https:\/\/lobosnews.com.ar\/wp-content\/uploads\/2026\/03\/la-fibra-protege-el-cerebro-y-el-cuerpo-que-alimentos-consumir-y-como-potenciar-la-salud-cognitiva-4-300x169.jpg",300,169,true],"thumbnail":["https:\/\/lobosnews.com.ar\/wp-content\/uploads\/2026\/03\/la-fibra-protege-el-cerebro-y-el-cuerpo-que-alimentos-consumir-y-como-potenciar-la-salud-cognitiva-4-150x150.jpg",150,150,true]},"magazine_blocks_author":{"display_name":"admin","author_link":"https:\/\/lobosnews.com.ar\/index.php\/author\/lobos-news\/"},"magazine_blocks_comment":0,"magazine_blocks_author_image":"https:\/\/secure.gravatar.com\/avatar\/76e419471a2083bc3ceab22a763dbbf9b0c1bd15a6214cf3280e2c2dde4580f9?s=96&d=mm&r=g","magazine_blocks_category":"<a href=\"#\" class=\"category-link category-link-81\">Salud<\/a>","yoast_head":"<!-- This site is optimized with the Yoast SEO plugin v26.6 - https:\/\/yoast.com\/wordpress\/plugins\/seo\/ -->\n<title>La fibra protege el cerebro y el cuerpo: qu\u00e9 alimentos consumir y c\u00f3mo potenciar la salud cognitiva - Lobos News<\/title>\n<meta name=\"robots\" content=\"index, follow, max-snippet:-1, max-image-preview:large, max-video-preview:-1\" \/>\n<link rel=\"canonical\" href=\"https:\/\/lobosnews.com.ar\/index.php\/2026\/03\/07\/la-fibra-protege-el-cerebro-y-el-cuerpo-que-alimentos-consumir-y-como-potenciar-la-salud-cognitiva\/\" \/>\n<meta property=\"og:locale\" content=\"es_ES\" \/>\n<meta property=\"og:type\" content=\"article\" \/>\n<meta property=\"og:title\" content=\"La fibra protege el cerebro y el cuerpo: qu\u00e9 alimentos consumir y c\u00f3mo potenciar la salud cognitiva - Lobos News\" \/>\n<meta property=\"og:description\" content=\"Una alimentaci\u00f3n basada en cereales integrales, frutas, legumbres, frutos secos y semillas ofrece beneficios sustanciales para la salud del cuerpo y del cerebro. Los expertos destacan que la fibra, presente de forma natural en estos alimentos, influye en la protecci\u00f3n frente al deterioro cognitivo y prolonga la esperanza de vida saludable. Estudios recientes explican que...\" \/>\n<meta property=\"og:url\" content=\"https:\/\/lobosnews.com.ar\/index.php\/2026\/03\/07\/la-fibra-protege-el-cerebro-y-el-cuerpo-que-alimentos-consumir-y-como-potenciar-la-salud-cognitiva\/\" \/>\n<meta property=\"og:site_name\" content=\"Lobos News\" \/>\n<meta property=\"article:published_time\" content=\"2026-03-07T18:43:50+00:00\" \/>\n<meta property=\"article:modified_time\" content=\"2026-03-07T20:53:02+00:00\" \/>\n<meta property=\"og:image\" content=\"https:\/\/lobosnews.com.ar\/wp-content\/uploads\/2026\/03\/la-fibra-protege-el-cerebro-y-el-cuerpo-que-alimentos-consumir-y-como-potenciar-la-salud-cognitiva.jpg\" \/>\n<meta name=\"author\" content=\"admin\" \/>\n<meta name=\"twitter:card\" content=\"summary_large_image\" \/>\n<meta name=\"twitter:label1\" content=\"Escrito por\" \/>\n\t<meta name=\"twitter:data1\" content=\"admin\" \/>\n\t<meta name=\"twitter:label2\" content=\"Tiempo de lectura\" \/>\n\t<meta name=\"twitter:data2\" content=\"3 minutos\" \/>\n<script type=\"application\/ld+json\" class=\"yoast-schema-graph\">{\"@context\":\"https:\/\/schema.org\",\"@graph\":[{\"@type\":\"Article\",\"@id\":\"https:\/\/lobosnews.com.ar\/index.php\/2026\/03\/07\/la-fibra-protege-el-cerebro-y-el-cuerpo-que-alimentos-consumir-y-como-potenciar-la-salud-cognitiva\/#article\",\"isPartOf\":{\"@id\":\"https:\/\/lobosnews.com.ar\/index.php\/2026\/03\/07\/la-fibra-protege-el-cerebro-y-el-cuerpo-que-alimentos-consumir-y-como-potenciar-la-salud-cognitiva\/\"},\"author\":{\"name\":\"admin\",\"@id\":\"https:\/\/lobosnews.com.ar\/#\/schema\/person\/232422a593d5c541dd9aef6aaed10943\"},\"headline\":\"La fibra protege el cerebro y el cuerpo: qu\u00e9 alimentos consumir y c\u00f3mo potenciar la salud cognitiva\",\"datePublished\":\"2026-03-07T18:43:50+00:00\",\"dateModified\":\"2026-03-07T20:53:02+00:00\",\"mainEntityOfPage\":{\"@id\":\"https:\/\/lobosnews.com.ar\/index.php\/2026\/03\/07\/la-fibra-protege-el-cerebro-y-el-cuerpo-que-alimentos-consumir-y-como-potenciar-la-salud-cognitiva\/\"},\"wordCount\":702,\"commentCount\":0,\"publisher\":{\"@id\":\"https:\/\/lobosnews.com.ar\/#organization\"},\"image\":{\"@id\":\"https:\/\/lobosnews.com.ar\/index.php\/2026\/03\/07\/la-fibra-protege-el-cerebro-y-el-cuerpo-que-alimentos-consumir-y-como-potenciar-la-salud-cognitiva\/#primaryimage\"},\"thumbnailUrl\":\"https:\/\/lobosnews.com.ar\/wp-content\/uploads\/2026\/03\/la-fibra-protege-el-cerebro-y-el-cuerpo-que-alimentos-consumir-y-como-potenciar-la-salud-cognitiva-4.jpg\",\"articleSection\":[\"Salud\"],\"inLanguage\":\"es\",\"potentialAction\":[{\"@type\":\"CommentAction\",\"name\":\"Comment\",\"target\":[\"https:\/\/lobosnews.com.ar\/index.php\/2026\/03\/07\/la-fibra-protege-el-cerebro-y-el-cuerpo-que-alimentos-consumir-y-como-potenciar-la-salud-cognitiva\/#respond\"]}]},{\"@type\":\"WebPage\",\"@id\":\"https:\/\/lobosnews.com.ar\/index.php\/2026\/03\/07\/la-fibra-protege-el-cerebro-y-el-cuerpo-que-alimentos-consumir-y-como-potenciar-la-salud-cognitiva\/\",\"url\":\"https:\/\/lobosnews.com.ar\/index.php\/2026\/03\/07\/la-fibra-protege-el-cerebro-y-el-cuerpo-que-alimentos-consumir-y-como-potenciar-la-salud-cognitiva\/\",\"name\":\"La fibra protege el cerebro y el cuerpo: qu\u00e9 alimentos consumir y c\u00f3mo potenciar la salud cognitiva - Lobos News\",\"isPartOf\":{\"@id\":\"https:\/\/lobosnews.com.ar\/#website\"},\"primaryImageOfPage\":{\"@id\":\"https:\/\/lobosnews.com.ar\/index.php\/2026\/03\/07\/la-fibra-protege-el-cerebro-y-el-cuerpo-que-alimentos-consumir-y-como-potenciar-la-salud-cognitiva\/#primaryimage\"},\"image\":{\"@id\":\"https:\/\/lobosnews.com.ar\/index.php\/2026\/03\/07\/la-fibra-protege-el-cerebro-y-el-cuerpo-que-alimentos-consumir-y-como-potenciar-la-salud-cognitiva\/#primaryimage\"},\"thumbnailUrl\":\"https:\/\/lobosnews.com.ar\/wp-content\/uploads\/2026\/03\/la-fibra-protege-el-cerebro-y-el-cuerpo-que-alimentos-consumir-y-como-potenciar-la-salud-cognitiva-4.jpg\",\"datePublished\":\"2026-03-07T18:43:50+00:00\",\"dateModified\":\"2026-03-07T20:53:02+00:00\",\"breadcrumb\":{\"@id\":\"https:\/\/lobosnews.com.ar\/index.php\/2026\/03\/07\/la-fibra-protege-el-cerebro-y-el-cuerpo-que-alimentos-consumir-y-como-potenciar-la-salud-cognitiva\/#breadcrumb\"},\"inLanguage\":\"es\",\"potentialAction\":[{\"@type\":\"ReadAction\",\"target\":[\"https:\/\/lobosnews.com.ar\/index.php\/2026\/03\/07\/la-fibra-protege-el-cerebro-y-el-cuerpo-que-alimentos-consumir-y-como-potenciar-la-salud-cognitiva\/\"]}]},{\"@type\":\"ImageObject\",\"inLanguage\":\"es\",\"@id\":\"https:\/\/lobosnews.com.ar\/index.php\/2026\/03\/07\/la-fibra-protege-el-cerebro-y-el-cuerpo-que-alimentos-consumir-y-como-potenciar-la-salud-cognitiva\/#primaryimage\",\"url\":\"https:\/\/lobosnews.com.ar\/wp-content\/uploads\/2026\/03\/la-fibra-protege-el-cerebro-y-el-cuerpo-que-alimentos-consumir-y-como-potenciar-la-salud-cognitiva-4.jpg\",\"contentUrl\":\"https:\/\/lobosnews.com.ar\/wp-content\/uploads\/2026\/03\/la-fibra-protege-el-cerebro-y-el-cuerpo-que-alimentos-consumir-y-como-potenciar-la-salud-cognitiva-4.jpg\",\"width\":1920,\"height\":1080,\"caption\":\"La fibra protege el cerebro y el cuerpo: qu\u00e9 alimentos consumir y c\u00f3mo potenciar la salud cognitiva\"},{\"@type\":\"BreadcrumbList\",\"@id\":\"https:\/\/lobosnews.com.ar\/index.php\/2026\/03\/07\/la-fibra-protege-el-cerebro-y-el-cuerpo-que-alimentos-consumir-y-como-potenciar-la-salud-cognitiva\/#breadcrumb\",\"itemListElement\":[{\"@type\":\"ListItem\",\"position\":1,\"name\":\"Portada\",\"item\":\"https:\/\/lobosnews.com.ar\/\"},{\"@type\":\"ListItem\",\"position\":2,\"name\":\"La fibra protege el cerebro y el cuerpo: qu\u00e9 alimentos consumir y c\u00f3mo potenciar la salud cognitiva\"}]},{\"@type\":\"WebSite\",\"@id\":\"https:\/\/lobosnews.com.ar\/#website\",\"url\":\"https:\/\/lobosnews.com.ar\/\",\"name\":\"Lobos News\",\"description\":\"Informaci\u00f3n a cada instante\",\"publisher\":{\"@id\":\"https:\/\/lobosnews.com.ar\/#organization\"},\"potentialAction\":[{\"@type\":\"SearchAction\",\"target\":{\"@type\":\"EntryPoint\",\"urlTemplate\":\"https:\/\/lobosnews.com.ar\/?s={search_term_string}\"},\"query-input\":{\"@type\":\"PropertyValueSpecification\",\"valueRequired\":true,\"valueName\":\"search_term_string\"}}],\"inLanguage\":\"es\"},{\"@type\":\"Organization\",\"@id\":\"https:\/\/lobosnews.com.ar\/#organization\",\"name\":\"Lobos News\",\"url\":\"https:\/\/lobosnews.com.ar\/\",\"logo\":{\"@type\":\"ImageObject\",\"inLanguage\":\"es\",\"@id\":\"https:\/\/lobosnews.com.ar\/#\/schema\/logo\/image\/\",\"url\":\"https:\/\/lobosnews.com.ar\/wp-content\/uploads\/2026\/01\/logo-lobosnews.png\",\"contentUrl\":\"https:\/\/lobosnews.com.ar\/wp-content\/uploads\/2026\/01\/logo-lobosnews.png\",\"width\":500,\"height\":200,\"caption\":\"Lobos News\"},\"image\":{\"@id\":\"https:\/\/lobosnews.com.ar\/#\/schema\/logo\/image\/\"}},{\"@type\":\"Person\",\"@id\":\"https:\/\/lobosnews.com.ar\/#\/schema\/person\/232422a593d5c541dd9aef6aaed10943\",\"name\":\"admin\",\"image\":{\"@type\":\"ImageObject\",\"inLanguage\":\"es\",\"@id\":\"https:\/\/lobosnews.com.ar\/#\/schema\/person\/image\/\",\"url\":\"https:\/\/secure.gravatar.com\/avatar\/76e419471a2083bc3ceab22a763dbbf9b0c1bd15a6214cf3280e2c2dde4580f9?s=96&d=mm&r=g\",\"contentUrl\":\"https:\/\/secure.gravatar.com\/avatar\/76e419471a2083bc3ceab22a763dbbf9b0c1bd15a6214cf3280e2c2dde4580f9?s=96&d=mm&r=g\",\"caption\":\"admin\"},\"sameAs\":[\"https:\/\/lobosnews.com.ar\"],\"url\":\"https:\/\/lobosnews.com.ar\/index.php\/author\/lobos-news\/\"}]}<\/script>\n<!-- \/ Yoast SEO plugin. -->","yoast_head_json":{"title":"La fibra protege el cerebro y el cuerpo: qu\u00e9 alimentos consumir y c\u00f3mo potenciar la salud cognitiva - Lobos News","robots":{"index":"index","follow":"follow","max-snippet":"max-snippet:-1","max-image-preview":"max-image-preview:large","max-video-preview":"max-video-preview:-1"},"canonical":"https:\/\/lobosnews.com.ar\/index.php\/2026\/03\/07\/la-fibra-protege-el-cerebro-y-el-cuerpo-que-alimentos-consumir-y-como-potenciar-la-salud-cognitiva\/","og_locale":"es_ES","og_type":"article","og_title":"La fibra protege el cerebro y el cuerpo: qu\u00e9 alimentos consumir y c\u00f3mo potenciar la salud cognitiva - Lobos News","og_description":"Una alimentaci\u00f3n basada en cereales integrales, frutas, legumbres, frutos secos y semillas ofrece beneficios sustanciales para la salud del cuerpo y del cerebro. Los expertos destacan que la fibra, presente de forma natural en estos alimentos, influye en la protecci\u00f3n frente al deterioro cognitivo y prolonga la esperanza de vida saludable. Estudios recientes explican que...","og_url":"https:\/\/lobosnews.com.ar\/index.php\/2026\/03\/07\/la-fibra-protege-el-cerebro-y-el-cuerpo-que-alimentos-consumir-y-como-potenciar-la-salud-cognitiva\/","og_site_name":"Lobos News","article_published_time":"2026-03-07T18:43:50+00:00","article_modified_time":"2026-03-07T20:53:02+00:00","og_image":[{"url":"https:\/\/lobosnews.com.ar\/wp-content\/uploads\/2026\/03\/la-fibra-protege-el-cerebro-y-el-cuerpo-que-alimentos-consumir-y-como-potenciar-la-salud-cognitiva.jpg","type":"","width":"","height":""}],"author":"admin","twitter_card":"summary_large_image","twitter_misc":{"Escrito por":"admin","Tiempo de lectura":"3 minutos"},"schema":{"@context":"https:\/\/schema.org","@graph":[{"@type":"Article","@id":"https:\/\/lobosnews.com.ar\/index.php\/2026\/03\/07\/la-fibra-protege-el-cerebro-y-el-cuerpo-que-alimentos-consumir-y-como-potenciar-la-salud-cognitiva\/#article","isPartOf":{"@id":"https:\/\/lobosnews.com.ar\/index.php\/2026\/03\/07\/la-fibra-protege-el-cerebro-y-el-cuerpo-que-alimentos-consumir-y-como-potenciar-la-salud-cognitiva\/"},"author":{"name":"admin","@id":"https:\/\/lobosnews.com.ar\/#\/schema\/person\/232422a593d5c541dd9aef6aaed10943"},"headline":"La fibra protege el cerebro y el cuerpo: qu\u00e9 alimentos consumir y c\u00f3mo potenciar la salud cognitiva","datePublished":"2026-03-07T18:43:50+00:00","dateModified":"2026-03-07T20:53:02+00:00","mainEntityOfPage":{"@id":"https:\/\/lobosnews.com.ar\/index.php\/2026\/03\/07\/la-fibra-protege-el-cerebro-y-el-cuerpo-que-alimentos-consumir-y-como-potenciar-la-salud-cognitiva\/"},"wordCount":702,"commentCount":0,"publisher":{"@id":"https:\/\/lobosnews.com.ar\/#organization"},"image":{"@id":"https:\/\/lobosnews.com.ar\/index.php\/2026\/03\/07\/la-fibra-protege-el-cerebro-y-el-cuerpo-que-alimentos-consumir-y-como-potenciar-la-salud-cognitiva\/#primaryimage"},"thumbnailUrl":"https:\/\/lobosnews.com.ar\/wp-content\/uploads\/2026\/03\/la-fibra-protege-el-cerebro-y-el-cuerpo-que-alimentos-consumir-y-como-potenciar-la-salud-cognitiva-4.jpg","articleSection":["Salud"],"inLanguage":"es","potentialAction":[{"@type":"CommentAction","name":"Comment","target":["https:\/\/lobosnews.com.ar\/index.php\/2026\/03\/07\/la-fibra-protege-el-cerebro-y-el-cuerpo-que-alimentos-consumir-y-como-potenciar-la-salud-cognitiva\/#respond"]}]},{"@type":"WebPage","@id":"https:\/\/lobosnews.com.ar\/index.php\/2026\/03\/07\/la-fibra-protege-el-cerebro-y-el-cuerpo-que-alimentos-consumir-y-como-potenciar-la-salud-cognitiva\/","url":"https:\/\/lobosnews.com.ar\/index.php\/2026\/03\/07\/la-fibra-protege-el-cerebro-y-el-cuerpo-que-alimentos-consumir-y-como-potenciar-la-salud-cognitiva\/","name":"La fibra protege el cerebro y el cuerpo: qu\u00e9 alimentos consumir y c\u00f3mo potenciar la salud cognitiva - Lobos News","isPartOf":{"@id":"https:\/\/lobosnews.com.ar\/#website"},"primaryImageOfPage":{"@id":"https:\/\/lobosnews.com.ar\/index.php\/2026\/03\/07\/la-fibra-protege-el-cerebro-y-el-cuerpo-que-alimentos-consumir-y-como-potenciar-la-salud-cognitiva\/#primaryimage"},"image":{"@id":"https:\/\/lobosnews.com.ar\/index.php\/2026\/03\/07\/la-fibra-protege-el-cerebro-y-el-cuerpo-que-alimentos-consumir-y-como-potenciar-la-salud-cognitiva\/#primaryimage"},"thumbnailUrl":"https:\/\/lobosnews.com.ar\/wp-content\/uploads\/2026\/03\/la-fibra-protege-el-cerebro-y-el-cuerpo-que-alimentos-consumir-y-como-potenciar-la-salud-cognitiva-4.jpg","datePublished":"2026-03-07T18:43:50+00:00","dateModified":"2026-03-07T20:53:02+00:00","breadcrumb":{"@id":"https:\/\/lobosnews.com.ar\/index.php\/2026\/03\/07\/la-fibra-protege-el-cerebro-y-el-cuerpo-que-alimentos-consumir-y-como-potenciar-la-salud-cognitiva\/#breadcrumb"},"inLanguage":"es","potentialAction":[{"@type":"ReadAction","target":["https:\/\/lobosnews.com.ar\/index.php\/2026\/03\/07\/la-fibra-protege-el-cerebro-y-el-cuerpo-que-alimentos-consumir-y-como-potenciar-la-salud-cognitiva\/"]}]},{"@type":"ImageObject","inLanguage":"es","@id":"https:\/\/lobosnews.com.ar\/index.php\/2026\/03\/07\/la-fibra-protege-el-cerebro-y-el-cuerpo-que-alimentos-consumir-y-como-potenciar-la-salud-cognitiva\/#primaryimage","url":"https:\/\/lobosnews.com.ar\/wp-content\/uploads\/2026\/03\/la-fibra-protege-el-cerebro-y-el-cuerpo-que-alimentos-consumir-y-como-potenciar-la-salud-cognitiva-4.jpg","contentUrl":"https:\/\/lobosnews.com.ar\/wp-content\/uploads\/2026\/03\/la-fibra-protege-el-cerebro-y-el-cuerpo-que-alimentos-consumir-y-como-potenciar-la-salud-cognitiva-4.jpg","width":1920,"height":1080,"caption":"La fibra protege el cerebro y el cuerpo: qu\u00e9 alimentos consumir y c\u00f3mo potenciar la salud cognitiva"},{"@type":"BreadcrumbList","@id":"https:\/\/lobosnews.com.ar\/index.php\/2026\/03\/07\/la-fibra-protege-el-cerebro-y-el-cuerpo-que-alimentos-consumir-y-como-potenciar-la-salud-cognitiva\/#breadcrumb","itemListElement":[{"@type":"ListItem","position":1,"name":"Portada","item":"https:\/\/lobosnews.com.ar\/"},{"@type":"ListItem","position":2,"name":"La fibra protege el cerebro y el cuerpo: qu\u00e9 alimentos consumir y c\u00f3mo potenciar la salud cognitiva"}]},{"@type":"WebSite","@id":"https:\/\/lobosnews.com.ar\/#website","url":"https:\/\/lobosnews.com.ar\/","name":"Lobos News","description":"Informaci\u00f3n a cada instante","publisher":{"@id":"https:\/\/lobosnews.com.ar\/#organization"},"potentialAction":[{"@type":"SearchAction","target":{"@type":"EntryPoint","urlTemplate":"https:\/\/lobosnews.com.ar\/?s={search_term_string}"},"query-input":{"@type":"PropertyValueSpecification","valueRequired":true,"valueName":"search_term_string"}}],"inLanguage":"es"},{"@type":"Organization","@id":"https:\/\/lobosnews.com.ar\/#organization","name":"Lobos News","url":"https:\/\/lobosnews.com.ar\/","logo":{"@type":"ImageObject","inLanguage":"es","@id":"https:\/\/lobosnews.com.ar\/#\/schema\/logo\/image\/","url":"https:\/\/lobosnews.com.ar\/wp-content\/uploads\/2026\/01\/logo-lobosnews.png","contentUrl":"https:\/\/lobosnews.com.ar\/wp-content\/uploads\/2026\/01\/logo-lobosnews.png","width":500,"height":200,"caption":"Lobos News"},"image":{"@id":"https:\/\/lobosnews.com.ar\/#\/schema\/logo\/image\/"}},{"@type":"Person","@id":"https:\/\/lobosnews.com.ar\/#\/schema\/person\/232422a593d5c541dd9aef6aaed10943","name":"admin","image":{"@type":"ImageObject","inLanguage":"es","@id":"https:\/\/lobosnews.com.ar\/#\/schema\/person\/image\/","url":"https:\/\/secure.gravatar.com\/avatar\/76e419471a2083bc3ceab22a763dbbf9b0c1bd15a6214cf3280e2c2dde4580f9?s=96&d=mm&r=g","contentUrl":"https:\/\/secure.gravatar.com\/avatar\/76e419471a2083bc3ceab22a763dbbf9b0c1bd15a6214cf3280e2c2dde4580f9?s=96&d=mm&r=g","caption":"admin"},"sameAs":["https:\/\/lobosnews.com.ar"],"url":"https:\/\/lobosnews.com.ar\/index.php\/author\/lobos-news\/"}]}},"jetpack_featured_media_url":"https:\/\/lobosnews.com.ar\/wp-content\/uploads\/2026\/03\/la-fibra-protege-el-cerebro-y-el-cuerpo-que-alimentos-consumir-y-como-potenciar-la-salud-cognitiva-4.jpg","jetpack_sharing_enabled":true,"_links":{"self":[{"href":"https:\/\/lobosnews.com.ar\/index.php\/wp-json\/wp\/v2\/posts\/30456","targetHints":{"allow":["GET"]}}],"collection":[{"href":"https:\/\/lobosnews.com.ar\/index.php\/wp-json\/wp\/v2\/posts"}],"about":[{"href":"https:\/\/lobosnews.com.ar\/index.php\/wp-json\/wp\/v2\/types\/post"}],"author":[{"embeddable":true,"href":"https:\/\/lobosnews.com.ar\/index.php\/wp-json\/wp\/v2\/users\/1"}],"replies":[{"embeddable":true,"href":"https:\/\/lobosnews.com.ar\/index.php\/wp-json\/wp\/v2\/comments?post=30456"}],"version-history":[{"count":1,"href":"https:\/\/lobosnews.com.ar\/index.php\/wp-json\/wp\/v2\/posts\/30456\/revisions"}],"predecessor-version":[{"id":30460,"href":"https:\/\/lobosnews.com.ar\/index.php\/wp-json\/wp\/v2\/posts\/30456\/revisions\/30460"}],"wp:featuredmedia":[{"embeddable":true,"href":"https:\/\/lobosnews.com.ar\/index.php\/wp-json\/wp\/v2\/media\/30461"}],"wp:attachment":[{"href":"https:\/\/lobosnews.com.ar\/index.php\/wp-json\/wp\/v2\/media?parent=30456"}],"wp:term":[{"taxonomy":"category","embeddable":true,"href":"https:\/\/lobosnews.com.ar\/index.php\/wp-json\/wp\/v2\/categories?post=30456"},{"taxonomy":"post_tag","embeddable":true,"href":"https:\/\/lobosnews.com.ar\/index.php\/wp-json\/wp\/v2\/tags?post=30456"}],"curies":[{"name":"wp","href":"https:\/\/api.w.org\/{rel}","templated":true}]}}