{"id":30402,"date":"2026-03-07T16:01:31","date_gmt":"2026-03-07T16:01:31","guid":{"rendered":"https:\/\/lobosnews.com.ar\/index.php\/2026\/03\/07\/el-plan-del-chacho-coudet-de-cara-al-debut-oficial-como-dt-de-river-plate-ante-huracan\/"},"modified":"2026-03-07T20:18:57","modified_gmt":"2026-03-07T20:18:57","slug":"el-plan-del-chacho-coudet-de-cara-al-debut-oficial-como-dt-de-river-plate-ante-huracan","status":"publish","type":"post","link":"https:\/\/lobosnews.com.ar\/index.php\/2026\/03\/07\/el-plan-del-chacho-coudet-de-cara-al-debut-oficial-como-dt-de-river-plate-ante-huracan\/","title":{"rendered":"El plan del Chacho Coudet de cara al debut oficial como DT de River Plate ante Hurac\u00e1n"},"content":{"rendered":"<p><img loading=\"lazy\" decoding=\"async\" src=\"https:\/\/lobosnews.com.ar\/wp-content\/uploads\/2026\/03\/el-plan-del-chacho-coudet-de-cara-al-debut-oficial-como-dt-de-river-plate-ante-huracan.jpg\" alt=\"El Chacho Coudet busca implementar su sello en sus primeros d\u00edas en River Plate\" height=\"1080\" width=\"1920\"\/><\/p>\n<p><b>La llegada de Eduardo Coudet a River Plate marc\u00f3 el inicio de una etapa cargada de expectativas y desaf\u00edos para el club de N\u00fa\u00f1ez<\/b>. Tras la salida de Marcelo Gallardo, el director t\u00e9cnico se convirti\u00f3 en el principal candidato de la dirigencia, que no tard\u00f3 en confirmar su elecci\u00f3n. La c\u00fapula, integrada por Di Carlo y Enzo Francescoli, mantuvo reuniones para definir el futuro del equipo, aunque el nombre de Coudet siempre encabez\u00f3 la lista de opciones. Su desembarco en Buenos Aires se produjo el mi\u00e9rcoles, proveniente desde el Alav\u00e9s en Espa\u00f1a.<\/p>\n<p>El v\u00ednculo con el Millonario se sell\u00f3 luego de contactos iniciales con el entorno del entrenador, ya que Coudet a\u00fan estaba al frente del equipo espa\u00f1ol. La primera comunicaci\u00f3n oficial se realiz\u00f3 el viernes, tras el partido entre Alav\u00e9s y Levante, y la negociaci\u00f3n avanz\u00f3 con rapidez durante el fin de semana. El mi\u00e9rcoles, Coudet arrib\u00f3 al pa\u00eds en la madrugada, fue presentado al mediod\u00eda y dirigi\u00f3 su primer entrenamiento por la tarde.<\/p>\n<p><b>La suspensi\u00f3n del partido ante Atl\u00e9tico Tucum\u00e1<\/b>n por el paro dispuesto por la AFA <b>represent\u00f3 una ventaja inesperada para el flamante t\u00e9cnico<\/b>. El aplazamiento permiti\u00f3 un margen de tiempo poco habitual para trabajar en la adaptaci\u00f3n del grupo, lo que el cuerpo t\u00e9cnico consider\u00f3 un factor positivo. Coudet considera que <b>ese intervalo le resultar\u00e1 beneficioso para conocer en profundidad al plantel y comenzar a plasmar su propuesta de juego.<\/b><\/p>\n<p>Durante el fin de semana sin competencia oficial, <b>el entrenador decidi\u00f3 no otorgar d\u00edas de descanso<\/b>. El s\u00e1bado y el domingo estur\u00e1n destinados a entrenamientos en el predio de Ezeiza, donde <b>la consigna ser\u00e1 elevar la intensidad y fortalecer la condici\u00f3n f\u00edsica del equipo<\/b>. La decisi\u00f3n de evitar dobles turnos se bas\u00f3 en la necesidad de cuidar la recuperaci\u00f3n f\u00edsica tras una etapa exigente y en la importancia de priorizar la calidad de los entrenamientos sobre la cantidad.<\/p>\n<p><img loading=\"lazy\" decoding=\"async\" src=\"https:\/\/lobosnews.com.ar\/wp-content\/uploads\/2026\/03\/el-plan-del-chacho-coudet-de-cara-al-debut-oficial-como-dt-de-river-plate-ante-huracan-1.jpg\" alt=\"La intensidad, una de las claves para el Chacho Coudet\" height=\"1366\" width=\"2048\"\/><\/p>\n<p>En las primeras pr\u00e1cticas, <b>Coudet enfatiz\u00f3 el trabajo en espacios reducidos, con constantes indicaciones t\u00e1cticas y ejercicios de pelota parada<\/b>. El objetivo central radica en recuperar el \u00e1nimo de un grupo golpeado por la irregularidad de resultados y las cr\u00edticas del entorno. El desaf\u00edo inmediato es devolver la confianza a jugadores cuestionados y consolidar una base competitiva.<\/p>\n<p>\u201cEstoy conforme con el plantel que hay.<span class=\"waslinkname\"> Creo que se puede recuperar el nivel de todos los jugadores y que eso lleve a ver un gran equipo.<\/span> Lo intentaremos hacer lo antes posible, que se vea el cambio lo antes posible, pero el f\u00fatbol es una incertidumbre. Voy a intentar que lleguemos bien al pr\u00f3ximo partido, tenemos una semana, todav\u00eda no claudiqu\u00e9 con el cansancio ni voy a claudicar. Ir\u00e9 a entrenar con mucha fuerza. Tengo mucha adrenalina, lo cual empuja mucho. Tenemos que entender a las personas, soy mucho de entender a las personas, cuando hay situaciones dif\u00edciles, hay que abrazar a las personas y seguro vamos a encontrar la recuperaci\u00f3n de este equipo. Lo antes posible ser\u00eda lo mejor. Hay que trabajar y conocernos. Desde lo deportivo y el uno al otro en el d\u00eda a d\u00eda, ida y vuelta. Ah\u00ed nos vamos a ir encontrando lo antes posible\u201d, devel\u00f3 el DT en conferencia de prensa. <\/p>\n<p>El debut oficial de Coudet como entrenador de River qued\u00f3 programado para el jueves 12 de marzo frente a Hurac\u00e1n, en el estadio Tom\u00e1s Adolfo Duc\u00f3. El calendario le depar\u00f3, adem\u00e1s, apenas 72 horas de margen antes de otro compromiso relevante contra Sarmiento de Jun\u00edn en el Monumental. La agenda comprimida obliga a tomar decisiones r\u00e1pidas sobre el armado del equipo y la gesti\u00f3n de cargas f\u00edsicas.<\/p>\n<p><span class=\"waslinkname\">Tras pr\u00e1cticamente descartar la llegada de alg\u00fan refuerzo<\/span>, el entrenador prioriz\u00f3 la competencia interna y la posibilidad de potenciar rendimientos individuales a partir de una competencia sana por los puestos. <\/p>\n<p>El viernes, en su primera ma\u00f1ana completa en Ezeiza, el director t\u00e9cnico mantuvo charlas individuales y grupales para conocer detalles sobre el estado f\u00edsico y an\u00edmico del plantel. El clima de trabajo se caracteriz\u00f3 por alternar momentos de distensi\u00f3n con una fuerte exigencia en los ejercicios, en especial en la presi\u00f3n y la movilidad. La planificaci\u00f3n no incluy\u00f3 una mini pretemporada, sino una serie de entrenamientos con foco en la intensidad y la asimilaci\u00f3n de conceptos t\u00e1cticos.<\/p>\n<p>Las lesiones tambi\u00e9n forman parte de la agenda de Coudet. Juan Fernando Quintero, que se recupera de un desgarro en el b\u00edceps femoral derecho, ya participa de las pr\u00e1cticas casi a la par del grupo. El cuerpo m\u00e9dico estima que podr\u00eda recibir el alta la semana previa al debut. <\/p>\n<p>El cronograma de trabajo prev\u00e9 entrenamientos diarios hasta el estreno frente a Hurac\u00e1n, sin contemplar d\u00edas libres, y la posibilidad de ajustar sobre la marcha en funci\u00f3n de la respuesta del plantel. El Millonario, que en su \u00faltima presentaci\u00f3n igual\u00f3 1-1 ante Independiente Rivadavia en Mendoza, figura en el s\u00e9ptimo lugar de la Zona B del Torneo Apertura con 11 unidades, seis menos que el l\u00edder. Adem\u00e1s, super\u00f3 a Ciudad de Bol\u00edvar en su estreno en la Copa Argentina (en la siguiente instancia se medir\u00e1 con Aldosivi de Mar del Plata) y el 19 de marzo conocer\u00e1 sus rivales en la fase de grupos de la Copa Sudamericana. <\/p>\n<p>En paralelo al nuevo ciclo de Coudet, <span class=\"waslinkname\">la dirigencia de River Plate avanza en la contrataci\u00f3n de un director deportivo con experiencia en el f\u00fatbol europeo.<\/span> La b\u00fasqueda se centra en candidatos de nacionalidad espa\u00f1ola, italiana o portuguesa, con antecedentes en la gesti\u00f3n de estructuras de scouting y formaci\u00f3n juvenil. El futuro director deportivo reportar\u00e1 directamente al presidente y a la Secretar\u00eda T\u00e9cnica, liderada por Enzo Francescoli, y tendr\u00e1 como objetivo profesionalizar procesos clave, coordinar la captaci\u00f3n de talentos y garantizar coherencia en la pol\u00edtica deportiva del club. La intenci\u00f3n es consolidar una estructura estable que trascienda los ciclos de entrenadores y dirigentes, dotando al Millonario de est\u00e1ndares de gesti\u00f3n similares a los de las principales instituciones del planeta.<\/p>\n","protected":false},"excerpt":{"rendered":"<p>La llegada de Eduardo Coudet a River Plate marc\u00f3 el inicio de una etapa cargada de expectativas y desaf\u00edos para el club de N\u00fa\u00f1ez. Tras la salida de Marcelo Gallardo, el director t\u00e9cnico se convirti\u00f3 en el principal candidato de la dirigencia, que no tard\u00f3 en confirmar su elecci\u00f3n. La c\u00fapula, integrada por Di Carlo&#8230;<\/p>\n","protected":false},"author":1,"featured_media":0,"comment_status":"open","ping_status":"closed","sticky":false,"template":"","format":"standard","meta":{"_jetpack_memberships_contains_paid_content":false,"footnotes":""},"categories":[30],"tags":[39],"class_list":["post-30402","post","type-post","status-publish","format-standard","hentry","category-argentina","tag-deportes"],"magazineBlocksPostFeaturedMedia":{"thumbnail":false,"medium":false,"medium_large":false,"large":false,"1536x1536":false,"2048x2048":false,"newsmatic-featured":false,"newsmatic-list":false,"newsmatic-thumb":false,"newsmatic-small":false,"newsmatic-grid":false},"magazineBlocksPostAuthor":{"name":"admin","avatar":"https:\/\/secure.gravatar.com\/avatar\/76e419471a2083bc3ceab22a763dbbf9b0c1bd15a6214cf3280e2c2dde4580f9?s=96&d=mm&r=g"},"magazineBlocksPostCommentsNumber":"0","magazineBlocksPostExcerpt":"La llegada de Eduardo Coudet a River Plate marc\u00f3 el inicio de una etapa cargada de expectativas y desaf\u00edos para el club de N\u00fa\u00f1ez. Tras la salida de Marcelo Gallardo, el director t\u00e9cnico se convirti\u00f3 en el principal candidato de la dirigencia, que no tard\u00f3 en confirmar su elecci\u00f3n. La c\u00fapula, integrada por Di Carlo...","magazineBlocksPostCategories":["Argentina"],"magazineBlocksPostViewCount":111,"magazineBlocksPostReadTime":6,"magazine_blocks_featured_image_url":{"full":false,"medium":false,"thumbnail":false},"magazine_blocks_author":{"display_name":"admin","author_link":"https:\/\/lobosnews.com.ar\/index.php\/author\/lobos-news\/"},"magazine_blocks_comment":0,"magazine_blocks_author_image":"https:\/\/secure.gravatar.com\/avatar\/76e419471a2083bc3ceab22a763dbbf9b0c1bd15a6214cf3280e2c2dde4580f9?s=96&d=mm&r=g","magazine_blocks_category":"<a href=\"#\" class=\"category-link category-link-30\">Argentina<\/a>","yoast_head":"<!-- This site is optimized with the Yoast SEO plugin v26.6 - https:\/\/yoast.com\/wordpress\/plugins\/seo\/ -->\n<title>El plan del Chacho Coudet de cara al debut oficial como DT de River Plate ante Hurac\u00e1n - Lobos News<\/title>\n<meta name=\"robots\" content=\"index, follow, max-snippet:-1, max-image-preview:large, max-video-preview:-1\" \/>\n<link rel=\"canonical\" href=\"https:\/\/lobosnews.com.ar\/index.php\/2026\/03\/07\/el-plan-del-chacho-coudet-de-cara-al-debut-oficial-como-dt-de-river-plate-ante-huracan\/\" \/>\n<meta property=\"og:locale\" content=\"es_ES\" \/>\n<meta property=\"og:type\" content=\"article\" \/>\n<meta property=\"og:title\" content=\"El plan del Chacho Coudet de cara al debut oficial como DT de River Plate ante Hurac\u00e1n - Lobos News\" \/>\n<meta property=\"og:description\" content=\"La llegada de Eduardo Coudet a River Plate marc\u00f3 el inicio de una etapa cargada de expectativas y desaf\u00edos para el club de N\u00fa\u00f1ez. Tras la salida de Marcelo Gallardo, el director t\u00e9cnico se convirti\u00f3 en el principal candidato de la dirigencia, que no tard\u00f3 en confirmar su elecci\u00f3n. La c\u00fapula, integrada por Di Carlo...\" \/>\n<meta property=\"og:url\" content=\"https:\/\/lobosnews.com.ar\/index.php\/2026\/03\/07\/el-plan-del-chacho-coudet-de-cara-al-debut-oficial-como-dt-de-river-plate-ante-huracan\/\" \/>\n<meta property=\"og:site_name\" content=\"Lobos News\" \/>\n<meta property=\"article:published_time\" content=\"2026-03-07T16:01:31+00:00\" \/>\n<meta property=\"article:modified_time\" content=\"2026-03-07T20:18:57+00:00\" \/>\n<meta property=\"og:image\" content=\"https:\/\/lobosnews.com.ar\/wp-content\/uploads\/2026\/03\/el-plan-del-chacho-coudet-de-cara-al-debut-oficial-como-dt-de-river-plate-ante-huracan.jpg\" \/>\n<meta name=\"author\" content=\"admin\" \/>\n<meta name=\"twitter:card\" content=\"summary_large_image\" \/>\n<meta name=\"twitter:label1\" content=\"Escrito por\" \/>\n\t<meta name=\"twitter:data1\" content=\"admin\" \/>\n\t<meta name=\"twitter:label2\" content=\"Tiempo de lectura\" \/>\n\t<meta name=\"twitter:data2\" content=\"5 minutos\" \/>\n<script type=\"application\/ld+json\" class=\"yoast-schema-graph\">{\"@context\":\"https:\/\/schema.org\",\"@graph\":[{\"@type\":\"Article\",\"@id\":\"https:\/\/lobosnews.com.ar\/index.php\/2026\/03\/07\/el-plan-del-chacho-coudet-de-cara-al-debut-oficial-como-dt-de-river-plate-ante-huracan\/#article\",\"isPartOf\":{\"@id\":\"https:\/\/lobosnews.com.ar\/index.php\/2026\/03\/07\/el-plan-del-chacho-coudet-de-cara-al-debut-oficial-como-dt-de-river-plate-ante-huracan\/\"},\"author\":{\"name\":\"admin\",\"@id\":\"https:\/\/lobosnews.com.ar\/#\/schema\/person\/232422a593d5c541dd9aef6aaed10943\"},\"headline\":\"El plan del Chacho Coudet de cara al debut oficial como DT de River Plate ante Hurac\u00e1n\",\"datePublished\":\"2026-03-07T16:01:31+00:00\",\"dateModified\":\"2026-03-07T20:18:57+00:00\",\"mainEntityOfPage\":{\"@id\":\"https:\/\/lobosnews.com.ar\/index.php\/2026\/03\/07\/el-plan-del-chacho-coudet-de-cara-al-debut-oficial-como-dt-de-river-plate-ante-huracan\/\"},\"wordCount\":1078,\"commentCount\":0,\"publisher\":{\"@id\":\"https:\/\/lobosnews.com.ar\/#organization\"},\"image\":{\"@id\":\"https:\/\/lobosnews.com.ar\/index.php\/2026\/03\/07\/el-plan-del-chacho-coudet-de-cara-al-debut-oficial-como-dt-de-river-plate-ante-huracan\/#primaryimage\"},\"thumbnailUrl\":\"https:\/\/lobosnews.com.ar\/wp-content\/uploads\/2026\/03\/el-plan-del-chacho-coudet-de-cara-al-debut-oficial-como-dt-de-river-plate-ante-huracan.jpg\",\"keywords\":[\"Deportes\"],\"articleSection\":[\"Argentina\"],\"inLanguage\":\"es\",\"potentialAction\":[{\"@type\":\"CommentAction\",\"name\":\"Comment\",\"target\":[\"https:\/\/lobosnews.com.ar\/index.php\/2026\/03\/07\/el-plan-del-chacho-coudet-de-cara-al-debut-oficial-como-dt-de-river-plate-ante-huracan\/#respond\"]}]},{\"@type\":\"WebPage\",\"@id\":\"https:\/\/lobosnews.com.ar\/index.php\/2026\/03\/07\/el-plan-del-chacho-coudet-de-cara-al-debut-oficial-como-dt-de-river-plate-ante-huracan\/\",\"url\":\"https:\/\/lobosnews.com.ar\/index.php\/2026\/03\/07\/el-plan-del-chacho-coudet-de-cara-al-debut-oficial-como-dt-de-river-plate-ante-huracan\/\",\"name\":\"El plan del Chacho Coudet de cara al debut oficial como DT de River Plate ante Hurac\u00e1n - Lobos News\",\"isPartOf\":{\"@id\":\"https:\/\/lobosnews.com.ar\/#website\"},\"primaryImageOfPage\":{\"@id\":\"https:\/\/lobosnews.com.ar\/index.php\/2026\/03\/07\/el-plan-del-chacho-coudet-de-cara-al-debut-oficial-como-dt-de-river-plate-ante-huracan\/#primaryimage\"},\"image\":{\"@id\":\"https:\/\/lobosnews.com.ar\/index.php\/2026\/03\/07\/el-plan-del-chacho-coudet-de-cara-al-debut-oficial-como-dt-de-river-plate-ante-huracan\/#primaryimage\"},\"thumbnailUrl\":\"https:\/\/lobosnews.com.ar\/wp-content\/uploads\/2026\/03\/el-plan-del-chacho-coudet-de-cara-al-debut-oficial-como-dt-de-river-plate-ante-huracan.jpg\",\"datePublished\":\"2026-03-07T16:01:31+00:00\",\"dateModified\":\"2026-03-07T20:18:57+00:00\",\"breadcrumb\":{\"@id\":\"https:\/\/lobosnews.com.ar\/index.php\/2026\/03\/07\/el-plan-del-chacho-coudet-de-cara-al-debut-oficial-como-dt-de-river-plate-ante-huracan\/#breadcrumb\"},\"inLanguage\":\"es\",\"potentialAction\":[{\"@type\":\"ReadAction\",\"target\":[\"https:\/\/lobosnews.com.ar\/index.php\/2026\/03\/07\/el-plan-del-chacho-coudet-de-cara-al-debut-oficial-como-dt-de-river-plate-ante-huracan\/\"]}]},{\"@type\":\"ImageObject\",\"inLanguage\":\"es\",\"@id\":\"https:\/\/lobosnews.com.ar\/index.php\/2026\/03\/07\/el-plan-del-chacho-coudet-de-cara-al-debut-oficial-como-dt-de-river-plate-ante-huracan\/#primaryimage\",\"url\":\"https:\/\/lobosnews.com.ar\/wp-content\/uploads\/2026\/03\/el-plan-del-chacho-coudet-de-cara-al-debut-oficial-como-dt-de-river-plate-ante-huracan.jpg\",\"contentUrl\":\"https:\/\/lobosnews.com.ar\/wp-content\/uploads\/2026\/03\/el-plan-del-chacho-coudet-de-cara-al-debut-oficial-como-dt-de-river-plate-ante-huracan.jpg\"},{\"@type\":\"BreadcrumbList\",\"@id\":\"https:\/\/lobosnews.com.ar\/index.php\/2026\/03\/07\/el-plan-del-chacho-coudet-de-cara-al-debut-oficial-como-dt-de-river-plate-ante-huracan\/#breadcrumb\",\"itemListElement\":[{\"@type\":\"ListItem\",\"position\":1,\"name\":\"Portada\",\"item\":\"https:\/\/lobosnews.com.ar\/\"},{\"@type\":\"ListItem\",\"position\":2,\"name\":\"El plan del Chacho Coudet de cara al debut oficial como DT de River Plate ante Hurac\u00e1n\"}]},{\"@type\":\"WebSite\",\"@id\":\"https:\/\/lobosnews.com.ar\/#website\",\"url\":\"https:\/\/lobosnews.com.ar\/\",\"name\":\"Lobos News\",\"description\":\"Informaci\u00f3n a cada instante\",\"publisher\":{\"@id\":\"https:\/\/lobosnews.com.ar\/#organization\"},\"potentialAction\":[{\"@type\":\"SearchAction\",\"target\":{\"@type\":\"EntryPoint\",\"urlTemplate\":\"https:\/\/lobosnews.com.ar\/?s={search_term_string}\"},\"query-input\":{\"@type\":\"PropertyValueSpecification\",\"valueRequired\":true,\"valueName\":\"search_term_string\"}}],\"inLanguage\":\"es\"},{\"@type\":\"Organization\",\"@id\":\"https:\/\/lobosnews.com.ar\/#organization\",\"name\":\"Lobos News\",\"url\":\"https:\/\/lobosnews.com.ar\/\",\"logo\":{\"@type\":\"ImageObject\",\"inLanguage\":\"es\",\"@id\":\"https:\/\/lobosnews.com.ar\/#\/schema\/logo\/image\/\",\"url\":\"https:\/\/lobosnews.com.ar\/wp-content\/uploads\/2026\/01\/logo-lobosnews.png\",\"contentUrl\":\"https:\/\/lobosnews.com.ar\/wp-content\/uploads\/2026\/01\/logo-lobosnews.png\",\"width\":500,\"height\":200,\"caption\":\"Lobos News\"},\"image\":{\"@id\":\"https:\/\/lobosnews.com.ar\/#\/schema\/logo\/image\/\"}},{\"@type\":\"Person\",\"@id\":\"https:\/\/lobosnews.com.ar\/#\/schema\/person\/232422a593d5c541dd9aef6aaed10943\",\"name\":\"admin\",\"image\":{\"@type\":\"ImageObject\",\"inLanguage\":\"es\",\"@id\":\"https:\/\/lobosnews.com.ar\/#\/schema\/person\/image\/\",\"url\":\"https:\/\/secure.gravatar.com\/avatar\/76e419471a2083bc3ceab22a763dbbf9b0c1bd15a6214cf3280e2c2dde4580f9?s=96&d=mm&r=g\",\"contentUrl\":\"https:\/\/secure.gravatar.com\/avatar\/76e419471a2083bc3ceab22a763dbbf9b0c1bd15a6214cf3280e2c2dde4580f9?s=96&d=mm&r=g\",\"caption\":\"admin\"},\"sameAs\":[\"https:\/\/lobosnews.com.ar\"],\"url\":\"https:\/\/lobosnews.com.ar\/index.php\/author\/lobos-news\/\"}]}<\/script>\n<!-- \/ Yoast SEO plugin. -->","yoast_head_json":{"title":"El plan del Chacho Coudet de cara al debut oficial como DT de River Plate ante Hurac\u00e1n - Lobos News","robots":{"index":"index","follow":"follow","max-snippet":"max-snippet:-1","max-image-preview":"max-image-preview:large","max-video-preview":"max-video-preview:-1"},"canonical":"https:\/\/lobosnews.com.ar\/index.php\/2026\/03\/07\/el-plan-del-chacho-coudet-de-cara-al-debut-oficial-como-dt-de-river-plate-ante-huracan\/","og_locale":"es_ES","og_type":"article","og_title":"El plan del Chacho Coudet de cara al debut oficial como DT de River Plate ante Hurac\u00e1n - Lobos News","og_description":"La llegada de Eduardo Coudet a River Plate marc\u00f3 el inicio de una etapa cargada de expectativas y desaf\u00edos para el club de N\u00fa\u00f1ez. Tras la salida de Marcelo Gallardo, el director t\u00e9cnico se convirti\u00f3 en el principal candidato de la dirigencia, que no tard\u00f3 en confirmar su elecci\u00f3n. La c\u00fapula, integrada por Di Carlo...","og_url":"https:\/\/lobosnews.com.ar\/index.php\/2026\/03\/07\/el-plan-del-chacho-coudet-de-cara-al-debut-oficial-como-dt-de-river-plate-ante-huracan\/","og_site_name":"Lobos News","article_published_time":"2026-03-07T16:01:31+00:00","article_modified_time":"2026-03-07T20:18:57+00:00","og_image":[{"url":"https:\/\/lobosnews.com.ar\/wp-content\/uploads\/2026\/03\/el-plan-del-chacho-coudet-de-cara-al-debut-oficial-como-dt-de-river-plate-ante-huracan.jpg","type":"","width":"","height":""}],"author":"admin","twitter_card":"summary_large_image","twitter_misc":{"Escrito por":"admin","Tiempo de lectura":"5 minutos"},"schema":{"@context":"https:\/\/schema.org","@graph":[{"@type":"Article","@id":"https:\/\/lobosnews.com.ar\/index.php\/2026\/03\/07\/el-plan-del-chacho-coudet-de-cara-al-debut-oficial-como-dt-de-river-plate-ante-huracan\/#article","isPartOf":{"@id":"https:\/\/lobosnews.com.ar\/index.php\/2026\/03\/07\/el-plan-del-chacho-coudet-de-cara-al-debut-oficial-como-dt-de-river-plate-ante-huracan\/"},"author":{"name":"admin","@id":"https:\/\/lobosnews.com.ar\/#\/schema\/person\/232422a593d5c541dd9aef6aaed10943"},"headline":"El plan del Chacho Coudet de cara al debut oficial como DT de River Plate ante Hurac\u00e1n","datePublished":"2026-03-07T16:01:31+00:00","dateModified":"2026-03-07T20:18:57+00:00","mainEntityOfPage":{"@id":"https:\/\/lobosnews.com.ar\/index.php\/2026\/03\/07\/el-plan-del-chacho-coudet-de-cara-al-debut-oficial-como-dt-de-river-plate-ante-huracan\/"},"wordCount":1078,"commentCount":0,"publisher":{"@id":"https:\/\/lobosnews.com.ar\/#organization"},"image":{"@id":"https:\/\/lobosnews.com.ar\/index.php\/2026\/03\/07\/el-plan-del-chacho-coudet-de-cara-al-debut-oficial-como-dt-de-river-plate-ante-huracan\/#primaryimage"},"thumbnailUrl":"https:\/\/lobosnews.com.ar\/wp-content\/uploads\/2026\/03\/el-plan-del-chacho-coudet-de-cara-al-debut-oficial-como-dt-de-river-plate-ante-huracan.jpg","keywords":["Deportes"],"articleSection":["Argentina"],"inLanguage":"es","potentialAction":[{"@type":"CommentAction","name":"Comment","target":["https:\/\/lobosnews.com.ar\/index.php\/2026\/03\/07\/el-plan-del-chacho-coudet-de-cara-al-debut-oficial-como-dt-de-river-plate-ante-huracan\/#respond"]}]},{"@type":"WebPage","@id":"https:\/\/lobosnews.com.ar\/index.php\/2026\/03\/07\/el-plan-del-chacho-coudet-de-cara-al-debut-oficial-como-dt-de-river-plate-ante-huracan\/","url":"https:\/\/lobosnews.com.ar\/index.php\/2026\/03\/07\/el-plan-del-chacho-coudet-de-cara-al-debut-oficial-como-dt-de-river-plate-ante-huracan\/","name":"El plan del Chacho Coudet de cara al debut oficial como DT de River Plate ante Hurac\u00e1n - Lobos News","isPartOf":{"@id":"https:\/\/lobosnews.com.ar\/#website"},"primaryImageOfPage":{"@id":"https:\/\/lobosnews.com.ar\/index.php\/2026\/03\/07\/el-plan-del-chacho-coudet-de-cara-al-debut-oficial-como-dt-de-river-plate-ante-huracan\/#primaryimage"},"image":{"@id":"https:\/\/lobosnews.com.ar\/index.php\/2026\/03\/07\/el-plan-del-chacho-coudet-de-cara-al-debut-oficial-como-dt-de-river-plate-ante-huracan\/#primaryimage"},"thumbnailUrl":"https:\/\/lobosnews.com.ar\/wp-content\/uploads\/2026\/03\/el-plan-del-chacho-coudet-de-cara-al-debut-oficial-como-dt-de-river-plate-ante-huracan.jpg","datePublished":"2026-03-07T16:01:31+00:00","dateModified":"2026-03-07T20:18:57+00:00","breadcrumb":{"@id":"https:\/\/lobosnews.com.ar\/index.php\/2026\/03\/07\/el-plan-del-chacho-coudet-de-cara-al-debut-oficial-como-dt-de-river-plate-ante-huracan\/#breadcrumb"},"inLanguage":"es","potentialAction":[{"@type":"ReadAction","target":["https:\/\/lobosnews.com.ar\/index.php\/2026\/03\/07\/el-plan-del-chacho-coudet-de-cara-al-debut-oficial-como-dt-de-river-plate-ante-huracan\/"]}]},{"@type":"ImageObject","inLanguage":"es","@id":"https:\/\/lobosnews.com.ar\/index.php\/2026\/03\/07\/el-plan-del-chacho-coudet-de-cara-al-debut-oficial-como-dt-de-river-plate-ante-huracan\/#primaryimage","url":"https:\/\/lobosnews.com.ar\/wp-content\/uploads\/2026\/03\/el-plan-del-chacho-coudet-de-cara-al-debut-oficial-como-dt-de-river-plate-ante-huracan.jpg","contentUrl":"https:\/\/lobosnews.com.ar\/wp-content\/uploads\/2026\/03\/el-plan-del-chacho-coudet-de-cara-al-debut-oficial-como-dt-de-river-plate-ante-huracan.jpg"},{"@type":"BreadcrumbList","@id":"https:\/\/lobosnews.com.ar\/index.php\/2026\/03\/07\/el-plan-del-chacho-coudet-de-cara-al-debut-oficial-como-dt-de-river-plate-ante-huracan\/#breadcrumb","itemListElement":[{"@type":"ListItem","position":1,"name":"Portada","item":"https:\/\/lobosnews.com.ar\/"},{"@type":"ListItem","position":2,"name":"El plan del Chacho Coudet de cara al debut oficial como DT de River Plate ante Hurac\u00e1n"}]},{"@type":"WebSite","@id":"https:\/\/lobosnews.com.ar\/#website","url":"https:\/\/lobosnews.com.ar\/","name":"Lobos News","description":"Informaci\u00f3n a cada instante","publisher":{"@id":"https:\/\/lobosnews.com.ar\/#organization"},"potentialAction":[{"@type":"SearchAction","target":{"@type":"EntryPoint","urlTemplate":"https:\/\/lobosnews.com.ar\/?s={search_term_string}"},"query-input":{"@type":"PropertyValueSpecification","valueRequired":true,"valueName":"search_term_string"}}],"inLanguage":"es"},{"@type":"Organization","@id":"https:\/\/lobosnews.com.ar\/#organization","name":"Lobos News","url":"https:\/\/lobosnews.com.ar\/","logo":{"@type":"ImageObject","inLanguage":"es","@id":"https:\/\/lobosnews.com.ar\/#\/schema\/logo\/image\/","url":"https:\/\/lobosnews.com.ar\/wp-content\/uploads\/2026\/01\/logo-lobosnews.png","contentUrl":"https:\/\/lobosnews.com.ar\/wp-content\/uploads\/2026\/01\/logo-lobosnews.png","width":500,"height":200,"caption":"Lobos News"},"image":{"@id":"https:\/\/lobosnews.com.ar\/#\/schema\/logo\/image\/"}},{"@type":"Person","@id":"https:\/\/lobosnews.com.ar\/#\/schema\/person\/232422a593d5c541dd9aef6aaed10943","name":"admin","image":{"@type":"ImageObject","inLanguage":"es","@id":"https:\/\/lobosnews.com.ar\/#\/schema\/person\/image\/","url":"https:\/\/secure.gravatar.com\/avatar\/76e419471a2083bc3ceab22a763dbbf9b0c1bd15a6214cf3280e2c2dde4580f9?s=96&d=mm&r=g","contentUrl":"https:\/\/secure.gravatar.com\/avatar\/76e419471a2083bc3ceab22a763dbbf9b0c1bd15a6214cf3280e2c2dde4580f9?s=96&d=mm&r=g","caption":"admin"},"sameAs":["https:\/\/lobosnews.com.ar"],"url":"https:\/\/lobosnews.com.ar\/index.php\/author\/lobos-news\/"}]}},"jetpack_featured_media_url":"","jetpack_sharing_enabled":true,"_links":{"self":[{"href":"https:\/\/lobosnews.com.ar\/index.php\/wp-json\/wp\/v2\/posts\/30402","targetHints":{"allow":["GET"]}}],"collection":[{"href":"https:\/\/lobosnews.com.ar\/index.php\/wp-json\/wp\/v2\/posts"}],"about":[{"href":"https:\/\/lobosnews.com.ar\/index.php\/wp-json\/wp\/v2\/types\/post"}],"author":[{"embeddable":true,"href":"https:\/\/lobosnews.com.ar\/index.php\/wp-json\/wp\/v2\/users\/1"}],"replies":[{"embeddable":true,"href":"https:\/\/lobosnews.com.ar\/index.php\/wp-json\/wp\/v2\/comments?post=30402"}],"version-history":[{"count":1,"href":"https:\/\/lobosnews.com.ar\/index.php\/wp-json\/wp\/v2\/posts\/30402\/revisions"}],"predecessor-version":[{"id":30405,"href":"https:\/\/lobosnews.com.ar\/index.php\/wp-json\/wp\/v2\/posts\/30402\/revisions\/30405"}],"wp:attachment":[{"href":"https:\/\/lobosnews.com.ar\/index.php\/wp-json\/wp\/v2\/media?parent=30402"}],"wp:term":[{"taxonomy":"category","embeddable":true,"href":"https:\/\/lobosnews.com.ar\/index.php\/wp-json\/wp\/v2\/categories?post=30402"},{"taxonomy":"post_tag","embeddable":true,"href":"https:\/\/lobosnews.com.ar\/index.php\/wp-json\/wp\/v2\/tags?post=30402"}],"curies":[{"name":"wp","href":"https:\/\/api.w.org\/{rel}","templated":true}]}}