{"id":30399,"date":"2026-03-07T17:47:39","date_gmt":"2026-03-07T17:47:39","guid":{"rendered":"https:\/\/lobosnews.com.ar\/index.php\/2026\/03\/07\/preocupacion-por-neuer-de-cara-al-mundial-se-resintio-de-su-lesion-salio-en-el-entretiempo-y-es-duda-para-los-amistosos-de-alemania\/"},"modified":"2026-03-07T20:18:56","modified_gmt":"2026-03-07T20:18:56","slug":"preocupacion-por-neuer-de-cara-al-mundial-se-resintio-de-su-lesion-salio-en-el-entretiempo-y-es-duda-para-los-amistosos-de-alemania","status":"publish","type":"post","link":"https:\/\/lobosnews.com.ar\/index.php\/2026\/03\/07\/preocupacion-por-neuer-de-cara-al-mundial-se-resintio-de-su-lesion-salio-en-el-entretiempo-y-es-duda-para-los-amistosos-de-alemania\/","title":{"rendered":"Preocupaci\u00f3n por Neuer de cara al Mundial: se resinti\u00f3 de su lesi\u00f3n, sali\u00f3 en el entretiempo y es duda para los amistosos de Alemania"},"content":{"rendered":"<p><!DOCTYPE html><br \/>\n<html><br \/>\n<head><br \/>\n<meta name=\"viewport\" content=\"width=device-width, initial-scale=1\"><\/p>\n<style>\n.container-video { position: relative; width: 100%; overflow: hidden; padding-top: 56.25%;\n}\n.responsive-iframe-video { position: absolute; top: 0; left: 0; bottom: 0; right: 0; width: 100%; height: 100%; border: none;\n}\n<\/style>\n<p><\/head><br \/>\n<body><\/p>\n<div class=\"container-video\"> <iframe title=\"video-espn\" class=\"responsive-iframe-video\" src=\"https:\/\/www.espn.com.ar\/core\/video\/iframe?id=16398251&#038;endcard=false&#038;omniReportSuite=wdgespge\" allowfullscreen><\/iframe>\n<\/div>\n<p><\/body><\/p>\n<p><b>Manuel Neuer<\/b> sufri\u00f3 un nuevo rev\u00e9s f\u00edsico porque el arquero debi\u00f3 salir otra vez en el entretiempo de un partido del <b>Bayern M\u00fanich<\/b> por una lesi\u00f3n muscular y preocupa su estado con vistas al <b>Mundial 2026<\/b> porque <b>Alemania <\/b>tambi\u00e9n tiene entre algodones a su alternativa bajo los palos, <b>Marc-Andr\u00e9 ter Stegen<\/b>.<\/p>\n<p>El guardameta y capit\u00e1n de los b\u00e1varos hab\u00eda regresado al arco este viernes, luego de haberse lesionado el 14 de febrero en el triunfo 3-0 ante Werder Bremen. En aquella oportunidad, <b>Jonas Urbig<\/b> tom\u00f3 su lugar para la segunda parte y Neuer se perdi\u00f3 los duelos contra Eintracht Frankfurt (3-2) y Borussia Dortmund (3-2) y apuntaba a sumar rodaje en la victoria 4-1 frente al M\u00f6nchengladbach, <b>pero Urbig sali\u00f3 en su rescate otra vez para el complemento<\/b>.<\/p>\n<p>El parte m\u00e9dico del l\u00edder de la Bundesliga (tiene 66 puntos y le lleva 14 de ventaja al Dortmund con un partido m\u00e1s) afirm\u00f3 que su s\u00edmbolo y emblema <b>\u201csufri\u00f3 una peque\u00f1a rotura muscular en el gemelo izquierdo\u201d<\/b>. \u201cEste es el resultado de un examen exhaustivo realizado por el departamento m\u00e9dico del FC Bayern. Por lo tanto, estar\u00e1 de baja por el momento\u201d, concluyeron.<\/p>\n<p>El diario alem\u00e1n <i>Bild<\/i> precis\u00f3 que el portero de 39 a\u00f1os se ausentar\u00e1 por dos semanas, aunque depender\u00e1 de su recuperaci\u00f3n. Estos plazos lo descartan de inmediato para la ida de los octavos de la <b>Champions League<\/b> contra <b>Atalanta <\/b>en B\u00e9rgamo, que se disputar\u00e1 este martes desde las 17 (hora argentina). Se perder\u00eda el cruce del s\u00e1bado 14 ante Bayer Leverkusen por el torneo local y su presencia en la revancha contra los italianos en el <i>Allianz Arena<\/i> est\u00e1 en duda.<\/p>\n<p><img loading=\"lazy\" decoding=\"async\" src=\"https:\/\/lobosnews.com.ar\/wp-content\/uploads\/2026\/03\/preocupacion-por-neuer-de-cara-al-mundial-se-resintio-de-su-lesion-salio-en-el-entretiempo-y-es-duda-para-los-amistosos-de-alemania.jpg\" alt=\"Tiene 10 vallas invictas en 29 partidos de la temporada (Cr\u00e9dito: Reuters\/Fabian Bimmer)\" height=\"3971\" width=\"5678\"\/><\/p>\n<p>\u201cSu rehabilitaci\u00f3n tendr\u00eda que marchar a la perfecci\u00f3n y no surgir nuevos problemas. Es dudoso que eso sea posible\u201d, afirm\u00f3 el peri\u00f3dico, y m\u00e1s a\u00fan despu\u00e9s de haber sufrido una reca\u00edda en la misma zona de la \u00faltima dolencia originada ante Werder Bremen. Incluso, los tiempos de la lesi\u00f3n podr\u00edan hacerlo perderse el compromiso del s\u00e1bado 21 ante Union Berl\u00edn por la Bundesliga. <b>Este ser\u00e1 el \u00faltimo partido antes de la fecha FIFA, en la que Alemania se medir\u00e1 a Suiza y Ghana en sendos amistosos<\/b>.<\/p>\n<p>Al t\u00e9rmino del encuentro de este viernes, el entrenador del Bayern M\u00fanich, Vincent Kompany, hab\u00eda evitado profundizar en el tenor de la lesi\u00f3n de su figura: \u201cSinti\u00f3 algo, pero <b>no quiero especular demasiado<\/b>. Si no es nada grave, no lo perderemos por mucho tiempo. Pero el pr\u00f3ximo partido ya casi est\u00e1 aqu\u00ed\u201d.<\/p>\n<p>Los problemas f\u00edsicos de Manuel Neuer vienen de larga data, aunque en los \u00faltimos meses recrudecieron. El 15 de diciembre, la instituci\u00f3n alemana hab\u00eda informado que su jugador hab\u00eda sufrido una <b>\u201crotura muscular en la parte posterior del muslo derecho\u201d<\/b> en el 2-2 contra Mainz. <b>El parate navide\u00f1o lo ayud\u00f3 a perderse \u00fanicamente la goleada 4-0 al Heidenheim como visitante<\/b>.<\/p>\n<p>Antes de ese antecedente, hay que remontarse a marzo de 2025, cuando sufri\u00f3 un <b>desgarro en el gemelo derecho<\/b> durante el encuentro de ida de los octavos de final de la <b>UEFA Champions League<\/b> frente al <b>Bayer Leverkusen<\/b>. Demor\u00f3 casi dos meses en volver y se perdi\u00f3 10 partidos. Ya en diciembre de 2024 hab\u00eda sido baja en 4 compromisos por una fractura de costilla.<\/p>\n<p>La intranquilidad sobre la plenitud de Neuer traslada un manto de preocupaci\u00f3n a la selecci\u00f3n alemana dirigida por <b>Julian Nagelsmann<\/b> porque el eventual suplente, <b>Marc-Andr\u00e9 ter Stegen<\/b>, fue intervenido quir\u00fargicamente de una lesi\u00f3n en el isquiotibial izquierdo en febrero pasado y no hay precisiones sobre su retorno a las canchas con el Girona, a donde recal\u00f3 a pr\u00e9stamo desde el Barcelona con la intenci\u00f3n de sumar minutos para futuras convocatorias en <i>Die Mannschaft<\/i>.<\/p>\n","protected":false},"excerpt":{"rendered":"<p>Manuel Neuer sufri\u00f3 un nuevo rev\u00e9s f\u00edsico porque el arquero debi\u00f3 salir otra vez en el entretiempo de un partido del Bayern M\u00fanich por una lesi\u00f3n muscular y preocupa su estado con vistas al Mundial 2026 porque Alemania tambi\u00e9n tiene entre algodones a su alternativa bajo los palos, Marc-Andr\u00e9 ter Stegen. El guardameta y capit\u00e1n&#8230;<\/p>\n","protected":false},"author":1,"featured_media":0,"comment_status":"open","ping_status":"closed","sticky":false,"template":"","format":"standard","meta":{"_jetpack_memberships_contains_paid_content":false,"footnotes":""},"categories":[30],"tags":[39],"class_list":["post-30399","post","type-post","status-publish","format-standard","hentry","category-argentina","tag-deportes"],"magazineBlocksPostFeaturedMedia":{"thumbnail":false,"medium":false,"medium_large":false,"large":false,"1536x1536":false,"2048x2048":false,"newsmatic-featured":false,"newsmatic-list":false,"newsmatic-thumb":false,"newsmatic-small":false,"newsmatic-grid":false},"magazineBlocksPostAuthor":{"name":"admin","avatar":"https:\/\/secure.gravatar.com\/avatar\/76e419471a2083bc3ceab22a763dbbf9b0c1bd15a6214cf3280e2c2dde4580f9?s=96&d=mm&r=g"},"magazineBlocksPostCommentsNumber":"0","magazineBlocksPostExcerpt":"Manuel Neuer sufri\u00f3 un nuevo rev\u00e9s f\u00edsico porque el arquero debi\u00f3 salir otra vez en el entretiempo de un partido del Bayern M\u00fanich por una lesi\u00f3n muscular y preocupa su estado con vistas al Mundial 2026 porque Alemania tambi\u00e9n tiene entre algodones a su alternativa bajo los palos, Marc-Andr\u00e9 ter Stegen. El guardameta y capit\u00e1n...","magazineBlocksPostCategories":["Argentina"],"magazineBlocksPostViewCount":85,"magazineBlocksPostReadTime":4,"magazine_blocks_featured_image_url":{"full":false,"medium":false,"thumbnail":false},"magazine_blocks_author":{"display_name":"admin","author_link":"https:\/\/lobosnews.com.ar\/index.php\/author\/lobos-news\/"},"magazine_blocks_comment":0,"magazine_blocks_author_image":"https:\/\/secure.gravatar.com\/avatar\/76e419471a2083bc3ceab22a763dbbf9b0c1bd15a6214cf3280e2c2dde4580f9?s=96&d=mm&r=g","magazine_blocks_category":"<a href=\"#\" class=\"category-link category-link-30\">Argentina<\/a>","yoast_head":"<!-- This site is optimized with the Yoast SEO plugin v26.6 - https:\/\/yoast.com\/wordpress\/plugins\/seo\/ -->\n<title>Preocupaci\u00f3n por Neuer de cara al Mundial: se resinti\u00f3 de su lesi\u00f3n, sali\u00f3 en el entretiempo y es duda para los amistosos de Alemania - Lobos News<\/title>\n<meta name=\"robots\" content=\"index, follow, max-snippet:-1, max-image-preview:large, max-video-preview:-1\" \/>\n<link rel=\"canonical\" href=\"https:\/\/lobosnews.com.ar\/index.php\/2026\/03\/07\/preocupacion-por-neuer-de-cara-al-mundial-se-resintio-de-su-lesion-salio-en-el-entretiempo-y-es-duda-para-los-amistosos-de-alemania\/\" \/>\n<meta property=\"og:locale\" content=\"es_ES\" \/>\n<meta property=\"og:type\" content=\"article\" \/>\n<meta property=\"og:title\" content=\"Preocupaci\u00f3n por Neuer de cara al Mundial: se resinti\u00f3 de su lesi\u00f3n, sali\u00f3 en el entretiempo y es duda para los amistosos de Alemania - Lobos News\" \/>\n<meta property=\"og:description\" content=\"Manuel Neuer sufri\u00f3 un nuevo rev\u00e9s f\u00edsico porque el arquero debi\u00f3 salir otra vez en el entretiempo de un partido del Bayern M\u00fanich por una lesi\u00f3n muscular y preocupa su estado con vistas al Mundial 2026 porque Alemania tambi\u00e9n tiene entre algodones a su alternativa bajo los palos, Marc-Andr\u00e9 ter Stegen. El guardameta y capit\u00e1n...\" \/>\n<meta property=\"og:url\" content=\"https:\/\/lobosnews.com.ar\/index.php\/2026\/03\/07\/preocupacion-por-neuer-de-cara-al-mundial-se-resintio-de-su-lesion-salio-en-el-entretiempo-y-es-duda-para-los-amistosos-de-alemania\/\" \/>\n<meta property=\"og:site_name\" content=\"Lobos News\" \/>\n<meta property=\"article:published_time\" content=\"2026-03-07T17:47:39+00:00\" \/>\n<meta property=\"article:modified_time\" content=\"2026-03-07T20:18:56+00:00\" \/>\n<meta property=\"og:image\" content=\"https:\/\/lobosnews.com.ar\/wp-content\/uploads\/2026\/03\/preocupacion-por-neuer-de-cara-al-mundial-se-resintio-de-su-lesion-salio-en-el-entretiempo-y-es-duda-para-los-amistosos-de-alemania.jpg\" \/>\n<meta name=\"author\" content=\"admin\" \/>\n<meta name=\"twitter:card\" content=\"summary_large_image\" \/>\n<meta name=\"twitter:label1\" content=\"Escrito por\" \/>\n\t<meta name=\"twitter:data1\" content=\"admin\" \/>\n\t<meta name=\"twitter:label2\" content=\"Tiempo de lectura\" \/>\n\t<meta name=\"twitter:data2\" content=\"3 minutos\" \/>\n<script type=\"application\/ld+json\" class=\"yoast-schema-graph\">{\"@context\":\"https:\/\/schema.org\",\"@graph\":[{\"@type\":\"Article\",\"@id\":\"https:\/\/lobosnews.com.ar\/index.php\/2026\/03\/07\/preocupacion-por-neuer-de-cara-al-mundial-se-resintio-de-su-lesion-salio-en-el-entretiempo-y-es-duda-para-los-amistosos-de-alemania\/#article\",\"isPartOf\":{\"@id\":\"https:\/\/lobosnews.com.ar\/index.php\/2026\/03\/07\/preocupacion-por-neuer-de-cara-al-mundial-se-resintio-de-su-lesion-salio-en-el-entretiempo-y-es-duda-para-los-amistosos-de-alemania\/\"},\"author\":{\"name\":\"admin\",\"@id\":\"https:\/\/lobosnews.com.ar\/#\/schema\/person\/232422a593d5c541dd9aef6aaed10943\"},\"headline\":\"Preocupaci\u00f3n por Neuer de cara al Mundial: se resinti\u00f3 de su lesi\u00f3n, sali\u00f3 en el entretiempo y es duda para los amistosos de Alemania\",\"datePublished\":\"2026-03-07T17:47:39+00:00\",\"dateModified\":\"2026-03-07T20:18:56+00:00\",\"mainEntityOfPage\":{\"@id\":\"https:\/\/lobosnews.com.ar\/index.php\/2026\/03\/07\/preocupacion-por-neuer-de-cara-al-mundial-se-resintio-de-su-lesion-salio-en-el-entretiempo-y-es-duda-para-los-amistosos-de-alemania\/\"},\"wordCount\":672,\"commentCount\":0,\"publisher\":{\"@id\":\"https:\/\/lobosnews.com.ar\/#organization\"},\"image\":{\"@id\":\"https:\/\/lobosnews.com.ar\/index.php\/2026\/03\/07\/preocupacion-por-neuer-de-cara-al-mundial-se-resintio-de-su-lesion-salio-en-el-entretiempo-y-es-duda-para-los-amistosos-de-alemania\/#primaryimage\"},\"thumbnailUrl\":\"https:\/\/lobosnews.com.ar\/wp-content\/uploads\/2026\/03\/preocupacion-por-neuer-de-cara-al-mundial-se-resintio-de-su-lesion-salio-en-el-entretiempo-y-es-duda-para-los-amistosos-de-alemania.jpg\",\"keywords\":[\"Deportes\"],\"articleSection\":[\"Argentina\"],\"inLanguage\":\"es\",\"potentialAction\":[{\"@type\":\"CommentAction\",\"name\":\"Comment\",\"target\":[\"https:\/\/lobosnews.com.ar\/index.php\/2026\/03\/07\/preocupacion-por-neuer-de-cara-al-mundial-se-resintio-de-su-lesion-salio-en-el-entretiempo-y-es-duda-para-los-amistosos-de-alemania\/#respond\"]}]},{\"@type\":\"WebPage\",\"@id\":\"https:\/\/lobosnews.com.ar\/index.php\/2026\/03\/07\/preocupacion-por-neuer-de-cara-al-mundial-se-resintio-de-su-lesion-salio-en-el-entretiempo-y-es-duda-para-los-amistosos-de-alemania\/\",\"url\":\"https:\/\/lobosnews.com.ar\/index.php\/2026\/03\/07\/preocupacion-por-neuer-de-cara-al-mundial-se-resintio-de-su-lesion-salio-en-el-entretiempo-y-es-duda-para-los-amistosos-de-alemania\/\",\"name\":\"Preocupaci\u00f3n por Neuer de cara al Mundial: se resinti\u00f3 de su lesi\u00f3n, sali\u00f3 en el entretiempo y es duda para los amistosos de Alemania - Lobos News\",\"isPartOf\":{\"@id\":\"https:\/\/lobosnews.com.ar\/#website\"},\"primaryImageOfPage\":{\"@id\":\"https:\/\/lobosnews.com.ar\/index.php\/2026\/03\/07\/preocupacion-por-neuer-de-cara-al-mundial-se-resintio-de-su-lesion-salio-en-el-entretiempo-y-es-duda-para-los-amistosos-de-alemania\/#primaryimage\"},\"image\":{\"@id\":\"https:\/\/lobosnews.com.ar\/index.php\/2026\/03\/07\/preocupacion-por-neuer-de-cara-al-mundial-se-resintio-de-su-lesion-salio-en-el-entretiempo-y-es-duda-para-los-amistosos-de-alemania\/#primaryimage\"},\"thumbnailUrl\":\"https:\/\/lobosnews.com.ar\/wp-content\/uploads\/2026\/03\/preocupacion-por-neuer-de-cara-al-mundial-se-resintio-de-su-lesion-salio-en-el-entretiempo-y-es-duda-para-los-amistosos-de-alemania.jpg\",\"datePublished\":\"2026-03-07T17:47:39+00:00\",\"dateModified\":\"2026-03-07T20:18:56+00:00\",\"breadcrumb\":{\"@id\":\"https:\/\/lobosnews.com.ar\/index.php\/2026\/03\/07\/preocupacion-por-neuer-de-cara-al-mundial-se-resintio-de-su-lesion-salio-en-el-entretiempo-y-es-duda-para-los-amistosos-de-alemania\/#breadcrumb\"},\"inLanguage\":\"es\",\"potentialAction\":[{\"@type\":\"ReadAction\",\"target\":[\"https:\/\/lobosnews.com.ar\/index.php\/2026\/03\/07\/preocupacion-por-neuer-de-cara-al-mundial-se-resintio-de-su-lesion-salio-en-el-entretiempo-y-es-duda-para-los-amistosos-de-alemania\/\"]}]},{\"@type\":\"ImageObject\",\"inLanguage\":\"es\",\"@id\":\"https:\/\/lobosnews.com.ar\/index.php\/2026\/03\/07\/preocupacion-por-neuer-de-cara-al-mundial-se-resintio-de-su-lesion-salio-en-el-entretiempo-y-es-duda-para-los-amistosos-de-alemania\/#primaryimage\",\"url\":\"https:\/\/lobosnews.com.ar\/wp-content\/uploads\/2026\/03\/preocupacion-por-neuer-de-cara-al-mundial-se-resintio-de-su-lesion-salio-en-el-entretiempo-y-es-duda-para-los-amistosos-de-alemania.jpg\",\"contentUrl\":\"https:\/\/lobosnews.com.ar\/wp-content\/uploads\/2026\/03\/preocupacion-por-neuer-de-cara-al-mundial-se-resintio-de-su-lesion-salio-en-el-entretiempo-y-es-duda-para-los-amistosos-de-alemania.jpg\"},{\"@type\":\"BreadcrumbList\",\"@id\":\"https:\/\/lobosnews.com.ar\/index.php\/2026\/03\/07\/preocupacion-por-neuer-de-cara-al-mundial-se-resintio-de-su-lesion-salio-en-el-entretiempo-y-es-duda-para-los-amistosos-de-alemania\/#breadcrumb\",\"itemListElement\":[{\"@type\":\"ListItem\",\"position\":1,\"name\":\"Portada\",\"item\":\"https:\/\/lobosnews.com.ar\/\"},{\"@type\":\"ListItem\",\"position\":2,\"name\":\"Preocupaci\u00f3n por Neuer de cara al Mundial: se resinti\u00f3 de su lesi\u00f3n, sali\u00f3 en el entretiempo y es duda para los amistosos de Alemania\"}]},{\"@type\":\"WebSite\",\"@id\":\"https:\/\/lobosnews.com.ar\/#website\",\"url\":\"https:\/\/lobosnews.com.ar\/\",\"name\":\"Lobos News\",\"description\":\"Informaci\u00f3n a cada instante\",\"publisher\":{\"@id\":\"https:\/\/lobosnews.com.ar\/#organization\"},\"potentialAction\":[{\"@type\":\"SearchAction\",\"target\":{\"@type\":\"EntryPoint\",\"urlTemplate\":\"https:\/\/lobosnews.com.ar\/?s={search_term_string}\"},\"query-input\":{\"@type\":\"PropertyValueSpecification\",\"valueRequired\":true,\"valueName\":\"search_term_string\"}}],\"inLanguage\":\"es\"},{\"@type\":\"Organization\",\"@id\":\"https:\/\/lobosnews.com.ar\/#organization\",\"name\":\"Lobos News\",\"url\":\"https:\/\/lobosnews.com.ar\/\",\"logo\":{\"@type\":\"ImageObject\",\"inLanguage\":\"es\",\"@id\":\"https:\/\/lobosnews.com.ar\/#\/schema\/logo\/image\/\",\"url\":\"https:\/\/lobosnews.com.ar\/wp-content\/uploads\/2026\/01\/logo-lobosnews.png\",\"contentUrl\":\"https:\/\/lobosnews.com.ar\/wp-content\/uploads\/2026\/01\/logo-lobosnews.png\",\"width\":500,\"height\":200,\"caption\":\"Lobos News\"},\"image\":{\"@id\":\"https:\/\/lobosnews.com.ar\/#\/schema\/logo\/image\/\"}},{\"@type\":\"Person\",\"@id\":\"https:\/\/lobosnews.com.ar\/#\/schema\/person\/232422a593d5c541dd9aef6aaed10943\",\"name\":\"admin\",\"image\":{\"@type\":\"ImageObject\",\"inLanguage\":\"es\",\"@id\":\"https:\/\/lobosnews.com.ar\/#\/schema\/person\/image\/\",\"url\":\"https:\/\/secure.gravatar.com\/avatar\/76e419471a2083bc3ceab22a763dbbf9b0c1bd15a6214cf3280e2c2dde4580f9?s=96&d=mm&r=g\",\"contentUrl\":\"https:\/\/secure.gravatar.com\/avatar\/76e419471a2083bc3ceab22a763dbbf9b0c1bd15a6214cf3280e2c2dde4580f9?s=96&d=mm&r=g\",\"caption\":\"admin\"},\"sameAs\":[\"https:\/\/lobosnews.com.ar\"],\"url\":\"https:\/\/lobosnews.com.ar\/index.php\/author\/lobos-news\/\"}]}<\/script>\n<!-- \/ Yoast SEO plugin. -->","yoast_head_json":{"title":"Preocupaci\u00f3n por Neuer de cara al Mundial: se resinti\u00f3 de su lesi\u00f3n, sali\u00f3 en el entretiempo y es duda para los amistosos de Alemania - Lobos News","robots":{"index":"index","follow":"follow","max-snippet":"max-snippet:-1","max-image-preview":"max-image-preview:large","max-video-preview":"max-video-preview:-1"},"canonical":"https:\/\/lobosnews.com.ar\/index.php\/2026\/03\/07\/preocupacion-por-neuer-de-cara-al-mundial-se-resintio-de-su-lesion-salio-en-el-entretiempo-y-es-duda-para-los-amistosos-de-alemania\/","og_locale":"es_ES","og_type":"article","og_title":"Preocupaci\u00f3n por Neuer de cara al Mundial: se resinti\u00f3 de su lesi\u00f3n, sali\u00f3 en el entretiempo y es duda para los amistosos de Alemania - Lobos News","og_description":"Manuel Neuer sufri\u00f3 un nuevo rev\u00e9s f\u00edsico porque el arquero debi\u00f3 salir otra vez en el entretiempo de un partido del Bayern M\u00fanich por una lesi\u00f3n muscular y preocupa su estado con vistas al Mundial 2026 porque Alemania tambi\u00e9n tiene entre algodones a su alternativa bajo los palos, Marc-Andr\u00e9 ter Stegen. El guardameta y capit\u00e1n...","og_url":"https:\/\/lobosnews.com.ar\/index.php\/2026\/03\/07\/preocupacion-por-neuer-de-cara-al-mundial-se-resintio-de-su-lesion-salio-en-el-entretiempo-y-es-duda-para-los-amistosos-de-alemania\/","og_site_name":"Lobos News","article_published_time":"2026-03-07T17:47:39+00:00","article_modified_time":"2026-03-07T20:18:56+00:00","og_image":[{"url":"https:\/\/lobosnews.com.ar\/wp-content\/uploads\/2026\/03\/preocupacion-por-neuer-de-cara-al-mundial-se-resintio-de-su-lesion-salio-en-el-entretiempo-y-es-duda-para-los-amistosos-de-alemania.jpg","type":"","width":"","height":""}],"author":"admin","twitter_card":"summary_large_image","twitter_misc":{"Escrito por":"admin","Tiempo de lectura":"3 minutos"},"schema":{"@context":"https:\/\/schema.org","@graph":[{"@type":"Article","@id":"https:\/\/lobosnews.com.ar\/index.php\/2026\/03\/07\/preocupacion-por-neuer-de-cara-al-mundial-se-resintio-de-su-lesion-salio-en-el-entretiempo-y-es-duda-para-los-amistosos-de-alemania\/#article","isPartOf":{"@id":"https:\/\/lobosnews.com.ar\/index.php\/2026\/03\/07\/preocupacion-por-neuer-de-cara-al-mundial-se-resintio-de-su-lesion-salio-en-el-entretiempo-y-es-duda-para-los-amistosos-de-alemania\/"},"author":{"name":"admin","@id":"https:\/\/lobosnews.com.ar\/#\/schema\/person\/232422a593d5c541dd9aef6aaed10943"},"headline":"Preocupaci\u00f3n por Neuer de cara al Mundial: se resinti\u00f3 de su lesi\u00f3n, sali\u00f3 en el entretiempo y es duda para los amistosos de Alemania","datePublished":"2026-03-07T17:47:39+00:00","dateModified":"2026-03-07T20:18:56+00:00","mainEntityOfPage":{"@id":"https:\/\/lobosnews.com.ar\/index.php\/2026\/03\/07\/preocupacion-por-neuer-de-cara-al-mundial-se-resintio-de-su-lesion-salio-en-el-entretiempo-y-es-duda-para-los-amistosos-de-alemania\/"},"wordCount":672,"commentCount":0,"publisher":{"@id":"https:\/\/lobosnews.com.ar\/#organization"},"image":{"@id":"https:\/\/lobosnews.com.ar\/index.php\/2026\/03\/07\/preocupacion-por-neuer-de-cara-al-mundial-se-resintio-de-su-lesion-salio-en-el-entretiempo-y-es-duda-para-los-amistosos-de-alemania\/#primaryimage"},"thumbnailUrl":"https:\/\/lobosnews.com.ar\/wp-content\/uploads\/2026\/03\/preocupacion-por-neuer-de-cara-al-mundial-se-resintio-de-su-lesion-salio-en-el-entretiempo-y-es-duda-para-los-amistosos-de-alemania.jpg","keywords":["Deportes"],"articleSection":["Argentina"],"inLanguage":"es","potentialAction":[{"@type":"CommentAction","name":"Comment","target":["https:\/\/lobosnews.com.ar\/index.php\/2026\/03\/07\/preocupacion-por-neuer-de-cara-al-mundial-se-resintio-de-su-lesion-salio-en-el-entretiempo-y-es-duda-para-los-amistosos-de-alemania\/#respond"]}]},{"@type":"WebPage","@id":"https:\/\/lobosnews.com.ar\/index.php\/2026\/03\/07\/preocupacion-por-neuer-de-cara-al-mundial-se-resintio-de-su-lesion-salio-en-el-entretiempo-y-es-duda-para-los-amistosos-de-alemania\/","url":"https:\/\/lobosnews.com.ar\/index.php\/2026\/03\/07\/preocupacion-por-neuer-de-cara-al-mundial-se-resintio-de-su-lesion-salio-en-el-entretiempo-y-es-duda-para-los-amistosos-de-alemania\/","name":"Preocupaci\u00f3n por Neuer de cara al Mundial: se resinti\u00f3 de su lesi\u00f3n, sali\u00f3 en el entretiempo y es duda para los amistosos de Alemania - Lobos News","isPartOf":{"@id":"https:\/\/lobosnews.com.ar\/#website"},"primaryImageOfPage":{"@id":"https:\/\/lobosnews.com.ar\/index.php\/2026\/03\/07\/preocupacion-por-neuer-de-cara-al-mundial-se-resintio-de-su-lesion-salio-en-el-entretiempo-y-es-duda-para-los-amistosos-de-alemania\/#primaryimage"},"image":{"@id":"https:\/\/lobosnews.com.ar\/index.php\/2026\/03\/07\/preocupacion-por-neuer-de-cara-al-mundial-se-resintio-de-su-lesion-salio-en-el-entretiempo-y-es-duda-para-los-amistosos-de-alemania\/#primaryimage"},"thumbnailUrl":"https:\/\/lobosnews.com.ar\/wp-content\/uploads\/2026\/03\/preocupacion-por-neuer-de-cara-al-mundial-se-resintio-de-su-lesion-salio-en-el-entretiempo-y-es-duda-para-los-amistosos-de-alemania.jpg","datePublished":"2026-03-07T17:47:39+00:00","dateModified":"2026-03-07T20:18:56+00:00","breadcrumb":{"@id":"https:\/\/lobosnews.com.ar\/index.php\/2026\/03\/07\/preocupacion-por-neuer-de-cara-al-mundial-se-resintio-de-su-lesion-salio-en-el-entretiempo-y-es-duda-para-los-amistosos-de-alemania\/#breadcrumb"},"inLanguage":"es","potentialAction":[{"@type":"ReadAction","target":["https:\/\/lobosnews.com.ar\/index.php\/2026\/03\/07\/preocupacion-por-neuer-de-cara-al-mundial-se-resintio-de-su-lesion-salio-en-el-entretiempo-y-es-duda-para-los-amistosos-de-alemania\/"]}]},{"@type":"ImageObject","inLanguage":"es","@id":"https:\/\/lobosnews.com.ar\/index.php\/2026\/03\/07\/preocupacion-por-neuer-de-cara-al-mundial-se-resintio-de-su-lesion-salio-en-el-entretiempo-y-es-duda-para-los-amistosos-de-alemania\/#primaryimage","url":"https:\/\/lobosnews.com.ar\/wp-content\/uploads\/2026\/03\/preocupacion-por-neuer-de-cara-al-mundial-se-resintio-de-su-lesion-salio-en-el-entretiempo-y-es-duda-para-los-amistosos-de-alemania.jpg","contentUrl":"https:\/\/lobosnews.com.ar\/wp-content\/uploads\/2026\/03\/preocupacion-por-neuer-de-cara-al-mundial-se-resintio-de-su-lesion-salio-en-el-entretiempo-y-es-duda-para-los-amistosos-de-alemania.jpg"},{"@type":"BreadcrumbList","@id":"https:\/\/lobosnews.com.ar\/index.php\/2026\/03\/07\/preocupacion-por-neuer-de-cara-al-mundial-se-resintio-de-su-lesion-salio-en-el-entretiempo-y-es-duda-para-los-amistosos-de-alemania\/#breadcrumb","itemListElement":[{"@type":"ListItem","position":1,"name":"Portada","item":"https:\/\/lobosnews.com.ar\/"},{"@type":"ListItem","position":2,"name":"Preocupaci\u00f3n por Neuer de cara al Mundial: se resinti\u00f3 de su lesi\u00f3n, sali\u00f3 en el entretiempo y es duda para los amistosos de Alemania"}]},{"@type":"WebSite","@id":"https:\/\/lobosnews.com.ar\/#website","url":"https:\/\/lobosnews.com.ar\/","name":"Lobos News","description":"Informaci\u00f3n a cada instante","publisher":{"@id":"https:\/\/lobosnews.com.ar\/#organization"},"potentialAction":[{"@type":"SearchAction","target":{"@type":"EntryPoint","urlTemplate":"https:\/\/lobosnews.com.ar\/?s={search_term_string}"},"query-input":{"@type":"PropertyValueSpecification","valueRequired":true,"valueName":"search_term_string"}}],"inLanguage":"es"},{"@type":"Organization","@id":"https:\/\/lobosnews.com.ar\/#organization","name":"Lobos News","url":"https:\/\/lobosnews.com.ar\/","logo":{"@type":"ImageObject","inLanguage":"es","@id":"https:\/\/lobosnews.com.ar\/#\/schema\/logo\/image\/","url":"https:\/\/lobosnews.com.ar\/wp-content\/uploads\/2026\/01\/logo-lobosnews.png","contentUrl":"https:\/\/lobosnews.com.ar\/wp-content\/uploads\/2026\/01\/logo-lobosnews.png","width":500,"height":200,"caption":"Lobos News"},"image":{"@id":"https:\/\/lobosnews.com.ar\/#\/schema\/logo\/image\/"}},{"@type":"Person","@id":"https:\/\/lobosnews.com.ar\/#\/schema\/person\/232422a593d5c541dd9aef6aaed10943","name":"admin","image":{"@type":"ImageObject","inLanguage":"es","@id":"https:\/\/lobosnews.com.ar\/#\/schema\/person\/image\/","url":"https:\/\/secure.gravatar.com\/avatar\/76e419471a2083bc3ceab22a763dbbf9b0c1bd15a6214cf3280e2c2dde4580f9?s=96&d=mm&r=g","contentUrl":"https:\/\/secure.gravatar.com\/avatar\/76e419471a2083bc3ceab22a763dbbf9b0c1bd15a6214cf3280e2c2dde4580f9?s=96&d=mm&r=g","caption":"admin"},"sameAs":["https:\/\/lobosnews.com.ar"],"url":"https:\/\/lobosnews.com.ar\/index.php\/author\/lobos-news\/"}]}},"jetpack_featured_media_url":"","jetpack_sharing_enabled":true,"_links":{"self":[{"href":"https:\/\/lobosnews.com.ar\/index.php\/wp-json\/wp\/v2\/posts\/30399","targetHints":{"allow":["GET"]}}],"collection":[{"href":"https:\/\/lobosnews.com.ar\/index.php\/wp-json\/wp\/v2\/posts"}],"about":[{"href":"https:\/\/lobosnews.com.ar\/index.php\/wp-json\/wp\/v2\/types\/post"}],"author":[{"embeddable":true,"href":"https:\/\/lobosnews.com.ar\/index.php\/wp-json\/wp\/v2\/users\/1"}],"replies":[{"embeddable":true,"href":"https:\/\/lobosnews.com.ar\/index.php\/wp-json\/wp\/v2\/comments?post=30399"}],"version-history":[{"count":1,"href":"https:\/\/lobosnews.com.ar\/index.php\/wp-json\/wp\/v2\/posts\/30399\/revisions"}],"predecessor-version":[{"id":30401,"href":"https:\/\/lobosnews.com.ar\/index.php\/wp-json\/wp\/v2\/posts\/30399\/revisions\/30401"}],"wp:attachment":[{"href":"https:\/\/lobosnews.com.ar\/index.php\/wp-json\/wp\/v2\/media?parent=30399"}],"wp:term":[{"taxonomy":"category","embeddable":true,"href":"https:\/\/lobosnews.com.ar\/index.php\/wp-json\/wp\/v2\/categories?post=30399"},{"taxonomy":"post_tag","embeddable":true,"href":"https:\/\/lobosnews.com.ar\/index.php\/wp-json\/wp\/v2\/tags?post=30399"}],"curies":[{"name":"wp","href":"https:\/\/api.w.org\/{rel}","templated":true}]}}