{"id":30391,"date":"2026-03-07T15:45:37","date_gmt":"2026-03-07T15:45:37","guid":{"rendered":"https:\/\/lobosnews.com.ar\/index.php\/2026\/03\/07\/extraditaron-desde-suiza-a-un-dominicano-que-era-buscado-en-argentina-por-contrabando-de-drogas\/"},"modified":"2026-03-07T17:55:21","modified_gmt":"2026-03-07T17:55:21","slug":"extraditaron-desde-suiza-a-un-dominicano-que-era-buscado-en-argentina-por-contrabando-de-drogas","status":"publish","type":"post","link":"https:\/\/lobosnews.com.ar\/index.php\/2026\/03\/07\/extraditaron-desde-suiza-a-un-dominicano-que-era-buscado-en-argentina-por-contrabando-de-drogas\/","title":{"rendered":"Extraditaron desde Suiza a un dominicano que era buscado en Argentina por contrabando de drogas"},"content":{"rendered":"<p><img loading=\"lazy\" decoding=\"async\" src=\"https:\/\/lobosnews.com.ar\/wp-content\/uploads\/2026\/03\/extraditaron-desde-suiza-a-un-dominicano-que-era-buscado-en-argentina-por-contrabando-de-drogas.jpg\" alt=\"El detenido\" height=\"632\" width=\"1111\"\/><\/p>\n<p>La <b>Polic\u00eda Federal Argentina (PFA)<\/b> realiz\u00f3 <b>la extradici\u00f3n de un ciudadano dominicano acusado de participar en una organizaci\u00f3n internacional de tr\u00e1fico de drogas<\/b>, tras un proceso coordinado con las autoridades de la Confederaci\u00f3n Suiza. <\/p>\n<p>El hombre, de 40 a\u00f1os y nacionalidad dominicana, fue identificado como presunto responsable de captar personas en <b>Argentina<\/b> dispuestas a transportar c\u00e1psulas de coca\u00edna en su aparato digestivo, con destino a distintos pa\u00edses de <b>Europa<\/b>, principalmente desde <b>Brasil<\/b>. <\/p>\n<p>La investigaci\u00f3n se\u00f1ala que el acusado proporcionaba <b>apoyo log\u00edstico<\/b> y financiero a la estructura criminal desde el exterior, adem\u00e1s de coordinar los viajes que posibilitaban el traslado de los estupefacientes. Seg\u00fan el expediente, la acusaci\u00f3n sostiene que e<b>stas maniobras formaban parte de una red de contrabando<\/b> de drogas con alcance internacional.<\/p>\n<p>El caso qued\u00f3 bajo la jurisdicci\u00f3n del <b>Juzgado Federal de Garant\u00edas en lo Penal Econ\u00f3mico N\u00b0 8<\/b>, encabezado por <b>Gustavo Dar\u00edo Meirovich<\/b>, con la Secretar\u00eda N\u00b0 15 a cargo interino de <b>Milagros Stoddart<\/b>. El juzgado requiri\u00f3 la colaboraci\u00f3n de la <b>Organizaci\u00f3n Internacional de Polic\u00eda Criminal (Interpol)<\/b>, que activ\u00f3 una notificaci\u00f3n roja para dar con el paradero del imputado. <\/p>\n<p><img loading=\"lazy\" decoding=\"async\" src=\"https:\/\/lobosnews.com.ar\/wp-content\/uploads\/2026\/03\/extraditaron-desde-suiza-a-un-dominicano-que-era-buscado-en-argentina-por-contrabando-de-drogas-1.jpg\" alt=\"El procedimiento estuvo a cargo de PFA\" height=\"609\" width=\"698\"\/><\/p>\n<p>Fuentes oficiales explicaron que la b\u00fasqueda incluy\u00f3 m\u00faltiples consultas a bases de datos nacionales e internacionales y el trabajo conjunto con diversas oficinas centrales nacionales de Interpol.<\/p>\n<p>La <b>Procuradur\u00eda de Narcocriminalidad (PROCUNAR)<\/b> report\u00f3 que, tras el an\u00e1lisis de informaci\u00f3n compartida entre agencias, surgi\u00f3 la pista de que el buscado ten\u00eda un domicilio registrado en <b>\u00c1msterdam<\/b>, Pa\u00edses Bajos. Este dato result\u00f3 clave para orientar la localizaci\u00f3n en territorio europeo. M\u00e1s tarde, autoridades de la <b>Confederaci\u00f3n Suiza<\/b> comunicaron que el ciudadano dominicano hab\u00eda sido retenido en julio de 2025 en ese pa\u00eds, donde permanec\u00eda bajo detenci\u00f3n preventiva a la espera de resoluci\u00f3n judicial.<\/p>\n<p>A partir de la confirmaci\u00f3n de la identidad y la imputaci\u00f3n, <b>Interpol Suiza<\/b> notific\u00f3 formalmente a la justicia argentina, dando lugar al inicio del proceso de extradici\u00f3n. El <b>Ministerio de Relaciones Exteriores, Comercio Internacional y Culto<\/b> inform\u00f3 que la solicitud de extradici\u00f3n fue concedida en febrero de este a\u00f1o. A ra\u00edz de esta decisi\u00f3n, la <b>Divisi\u00f3n Investigaci\u00f3n Federal de Fugitivos y Extradiciones<\/b> de la <b>PFA<\/b> organiz\u00f3 el operativo para concretar el traslado.<\/p>\n<p>Una comisi\u00f3n de la <b>Direcci\u00f3n General de Cooperaci\u00f3n Policial Internacional<\/b> viaj\u00f3 a la ciudad de <b>Z\u00farich<\/b> para asumir la custodia del detenido. El viaje de regreso a <b>Buenos Aires<\/b> se llev\u00f3 a cabo en un vuelo comercial, bajo estrictos protocolos de seguridad y en cumplimiento de los acuerdos bilaterales de cooperaci\u00f3n policial. El traslado fue coordinado con las autoridades suizas e intermediado por la red de Interpol, de acuerdo con la informaci\u00f3n brindada por el Gobierno argentino.<\/p>\n<p>Una vez en <b>Argentina<\/b>, el ciudadano dominicano fue puesto a disposici\u00f3n del juzgado interviniente, donde continuar\u00e1 el proceso judicial correspondiente a los cargos de tr\u00e1fico internacional de estupefacientes y contrabando agravado. <\/p>\n","protected":false},"excerpt":{"rendered":"<p>La Polic\u00eda Federal Argentina (PFA) realiz\u00f3 la extradici\u00f3n de un ciudadano dominicano acusado de participar en una organizaci\u00f3n internacional de tr\u00e1fico de drogas, tras un proceso coordinado con las autoridades de la Confederaci\u00f3n Suiza. El hombre, de 40 a\u00f1os y nacionalidad dominicana, fue identificado como presunto responsable de captar personas en Argentina dispuestas a transportar&#8230;<\/p>\n","protected":false},"author":1,"featured_media":30395,"comment_status":"open","ping_status":"closed","sticky":false,"template":"","format":"standard","meta":{"_jetpack_memberships_contains_paid_content":false,"footnotes":""},"categories":[31,30,32,77,84,35,36,37],"tags":[],"class_list":["post-30391","post","type-post","status-publish","format-standard","has-post-thumbnail","hentry","category-actualidad","category-argentina","category-economia","category-inseguridad","category-masradios-com","category-nacionales","category-seguridad","category-sociedad"],"magazineBlocksPostFeaturedMedia":{"thumbnail":"https:\/\/lobosnews.com.ar\/wp-content\/uploads\/2026\/03\/extraditaron-desde-suiza-a-un-dominicano-que-era-buscado-en-argentina-por-contrabando-de-drogas-2-150x150.jpg","medium":"https:\/\/lobosnews.com.ar\/wp-content\/uploads\/2026\/03\/extraditaron-desde-suiza-a-un-dominicano-que-era-buscado-en-argentina-por-contrabando-de-drogas-2-300x262.jpg","medium_large":"https:\/\/lobosnews.com.ar\/wp-content\/uploads\/2026\/03\/extraditaron-desde-suiza-a-un-dominicano-que-era-buscado-en-argentina-por-contrabando-de-drogas-2.jpg","large":"https:\/\/lobosnews.com.ar\/wp-content\/uploads\/2026\/03\/extraditaron-desde-suiza-a-un-dominicano-que-era-buscado-en-argentina-por-contrabando-de-drogas-2.jpg","1536x1536":"https:\/\/lobosnews.com.ar\/wp-content\/uploads\/2026\/03\/extraditaron-desde-suiza-a-un-dominicano-que-era-buscado-en-argentina-por-contrabando-de-drogas-2.jpg","2048x2048":"https:\/\/lobosnews.com.ar\/wp-content\/uploads\/2026\/03\/extraditaron-desde-suiza-a-un-dominicano-que-era-buscado-en-argentina-por-contrabando-de-drogas-2.jpg","newsmatic-featured":"https:\/\/lobosnews.com.ar\/wp-content\/uploads\/2026\/03\/extraditaron-desde-suiza-a-un-dominicano-que-era-buscado-en-argentina-por-contrabando-de-drogas-2-698x545.jpg","newsmatic-list":"https:\/\/lobosnews.com.ar\/wp-content\/uploads\/2026\/03\/extraditaron-desde-suiza-a-un-dominicano-que-era-buscado-en-argentina-por-contrabando-de-drogas-2-600x400.jpg","newsmatic-thumb":"https:\/\/lobosnews.com.ar\/wp-content\/uploads\/2026\/03\/extraditaron-desde-suiza-a-un-dominicano-que-era-buscado-en-argentina-por-contrabando-de-drogas-2-300x200.jpg","newsmatic-small":"https:\/\/lobosnews.com.ar\/wp-content\/uploads\/2026\/03\/extraditaron-desde-suiza-a-un-dominicano-que-era-buscado-en-argentina-por-contrabando-de-drogas-2-150x95.jpg","newsmatic-grid":"https:\/\/lobosnews.com.ar\/wp-content\/uploads\/2026\/03\/extraditaron-desde-suiza-a-un-dominicano-que-era-buscado-en-argentina-por-contrabando-de-drogas-2-400x250.jpg"},"magazineBlocksPostAuthor":{"name":"admin","avatar":"https:\/\/secure.gravatar.com\/avatar\/76e419471a2083bc3ceab22a763dbbf9b0c1bd15a6214cf3280e2c2dde4580f9?s=96&d=mm&r=g"},"magazineBlocksPostCommentsNumber":"0","magazineBlocksPostExcerpt":"La Polic\u00eda Federal Argentina (PFA) realiz\u00f3 la extradici\u00f3n de un ciudadano dominicano acusado de participar en una organizaci\u00f3n internacional de tr\u00e1fico de drogas, tras un proceso coordinado con las autoridades de la Confederaci\u00f3n Suiza. El hombre, de 40 a\u00f1os y nacionalidad dominicana, fue identificado como presunto responsable de captar personas en Argentina dispuestas a transportar...","magazineBlocksPostCategories":["Actualidad","Argentina","econom\u00eda","inseguridad","masradios.com","nacionales","seguridad","sociedad"],"magazineBlocksPostViewCount":107,"magazineBlocksPostReadTime":3,"magazine_blocks_featured_image_url":{"full":["https:\/\/lobosnews.com.ar\/wp-content\/uploads\/2026\/03\/extraditaron-desde-suiza-a-un-dominicano-que-era-buscado-en-argentina-por-contrabando-de-drogas-2.jpg",698,609,false],"medium":["https:\/\/lobosnews.com.ar\/wp-content\/uploads\/2026\/03\/extraditaron-desde-suiza-a-un-dominicano-que-era-buscado-en-argentina-por-contrabando-de-drogas-2-300x262.jpg",300,262,true],"thumbnail":["https:\/\/lobosnews.com.ar\/wp-content\/uploads\/2026\/03\/extraditaron-desde-suiza-a-un-dominicano-que-era-buscado-en-argentina-por-contrabando-de-drogas-2-150x150.jpg",150,150,true]},"magazine_blocks_author":{"display_name":"admin","author_link":"https:\/\/lobosnews.com.ar\/index.php\/author\/lobos-news\/"},"magazine_blocks_comment":0,"magazine_blocks_author_image":"https:\/\/secure.gravatar.com\/avatar\/76e419471a2083bc3ceab22a763dbbf9b0c1bd15a6214cf3280e2c2dde4580f9?s=96&d=mm&r=g","magazine_blocks_category":"<a href=\"#\" class=\"category-link category-link-31\">Actualidad<\/a> <a href=\"#\" class=\"category-link category-link-30\">Argentina<\/a> <a href=\"#\" class=\"category-link category-link-32\">econom\u00eda<\/a> <a href=\"#\" class=\"category-link category-link-77\">inseguridad<\/a> <a href=\"#\" class=\"category-link category-link-84\">masradios.com<\/a> <a href=\"#\" class=\"category-link category-link-35\">nacionales<\/a> <a href=\"#\" class=\"category-link category-link-36\">seguridad<\/a> <a href=\"#\" class=\"category-link category-link-37\">sociedad<\/a>","yoast_head":"<!-- This site is optimized with the Yoast SEO plugin v26.6 - https:\/\/yoast.com\/wordpress\/plugins\/seo\/ -->\n<title>Extraditaron desde Suiza a un dominicano que era buscado en Argentina por contrabando de drogas - Lobos News<\/title>\n<meta name=\"robots\" content=\"index, follow, max-snippet:-1, max-image-preview:large, max-video-preview:-1\" \/>\n<link rel=\"canonical\" href=\"https:\/\/lobosnews.com.ar\/index.php\/2026\/03\/07\/extraditaron-desde-suiza-a-un-dominicano-que-era-buscado-en-argentina-por-contrabando-de-drogas\/\" \/>\n<meta property=\"og:locale\" content=\"es_ES\" \/>\n<meta property=\"og:type\" content=\"article\" \/>\n<meta property=\"og:title\" content=\"Extraditaron desde Suiza a un dominicano que era buscado en Argentina por contrabando de drogas - Lobos News\" \/>\n<meta property=\"og:description\" content=\"La Polic\u00eda Federal Argentina (PFA) realiz\u00f3 la extradici\u00f3n de un ciudadano dominicano acusado de participar en una organizaci\u00f3n internacional de tr\u00e1fico de drogas, tras un proceso coordinado con las autoridades de la Confederaci\u00f3n Suiza. El hombre, de 40 a\u00f1os y nacionalidad dominicana, fue identificado como presunto responsable de captar personas en Argentina dispuestas a transportar...\" \/>\n<meta property=\"og:url\" content=\"https:\/\/lobosnews.com.ar\/index.php\/2026\/03\/07\/extraditaron-desde-suiza-a-un-dominicano-que-era-buscado-en-argentina-por-contrabando-de-drogas\/\" \/>\n<meta property=\"og:site_name\" content=\"Lobos News\" \/>\n<meta property=\"article:published_time\" content=\"2026-03-07T15:45:37+00:00\" \/>\n<meta property=\"article:modified_time\" content=\"2026-03-07T17:55:21+00:00\" \/>\n<meta property=\"og:image\" content=\"https:\/\/lobosnews.com.ar\/wp-content\/uploads\/2026\/03\/extraditaron-desde-suiza-a-un-dominicano-que-era-buscado-en-argentina-por-contrabando-de-drogas.jpg\" \/>\n<meta name=\"author\" content=\"admin\" \/>\n<meta name=\"twitter:card\" content=\"summary_large_image\" \/>\n<meta name=\"twitter:label1\" content=\"Escrito por\" \/>\n\t<meta name=\"twitter:data1\" content=\"admin\" \/>\n\t<meta name=\"twitter:label2\" content=\"Tiempo de lectura\" \/>\n\t<meta name=\"twitter:data2\" content=\"3 minutos\" \/>\n<script type=\"application\/ld+json\" class=\"yoast-schema-graph\">{\"@context\":\"https:\/\/schema.org\",\"@graph\":[{\"@type\":\"Article\",\"@id\":\"https:\/\/lobosnews.com.ar\/index.php\/2026\/03\/07\/extraditaron-desde-suiza-a-un-dominicano-que-era-buscado-en-argentina-por-contrabando-de-drogas\/#article\",\"isPartOf\":{\"@id\":\"https:\/\/lobosnews.com.ar\/index.php\/2026\/03\/07\/extraditaron-desde-suiza-a-un-dominicano-que-era-buscado-en-argentina-por-contrabando-de-drogas\/\"},\"author\":{\"name\":\"admin\",\"@id\":\"https:\/\/lobosnews.com.ar\/#\/schema\/person\/232422a593d5c541dd9aef6aaed10943\"},\"headline\":\"Extraditaron desde Suiza a un dominicano que era buscado en Argentina por contrabando de drogas\",\"datePublished\":\"2026-03-07T15:45:37+00:00\",\"dateModified\":\"2026-03-07T17:55:21+00:00\",\"mainEntityOfPage\":{\"@id\":\"https:\/\/lobosnews.com.ar\/index.php\/2026\/03\/07\/extraditaron-desde-suiza-a-un-dominicano-que-era-buscado-en-argentina-por-contrabando-de-drogas\/\"},\"wordCount\":529,\"commentCount\":0,\"publisher\":{\"@id\":\"https:\/\/lobosnews.com.ar\/#organization\"},\"image\":{\"@id\":\"https:\/\/lobosnews.com.ar\/index.php\/2026\/03\/07\/extraditaron-desde-suiza-a-un-dominicano-que-era-buscado-en-argentina-por-contrabando-de-drogas\/#primaryimage\"},\"thumbnailUrl\":\"https:\/\/lobosnews.com.ar\/wp-content\/uploads\/2026\/03\/extraditaron-desde-suiza-a-un-dominicano-que-era-buscado-en-argentina-por-contrabando-de-drogas-2.jpg\",\"articleSection\":[\"Actualidad\",\"Argentina\",\"econom\u00eda\",\"inseguridad\",\"masradios.com\",\"nacionales\",\"seguridad\",\"sociedad\"],\"inLanguage\":\"es\",\"potentialAction\":[{\"@type\":\"CommentAction\",\"name\":\"Comment\",\"target\":[\"https:\/\/lobosnews.com.ar\/index.php\/2026\/03\/07\/extraditaron-desde-suiza-a-un-dominicano-que-era-buscado-en-argentina-por-contrabando-de-drogas\/#respond\"]}]},{\"@type\":\"WebPage\",\"@id\":\"https:\/\/lobosnews.com.ar\/index.php\/2026\/03\/07\/extraditaron-desde-suiza-a-un-dominicano-que-era-buscado-en-argentina-por-contrabando-de-drogas\/\",\"url\":\"https:\/\/lobosnews.com.ar\/index.php\/2026\/03\/07\/extraditaron-desde-suiza-a-un-dominicano-que-era-buscado-en-argentina-por-contrabando-de-drogas\/\",\"name\":\"Extraditaron desde Suiza a un dominicano que era buscado en Argentina por contrabando de drogas - Lobos News\",\"isPartOf\":{\"@id\":\"https:\/\/lobosnews.com.ar\/#website\"},\"primaryImageOfPage\":{\"@id\":\"https:\/\/lobosnews.com.ar\/index.php\/2026\/03\/07\/extraditaron-desde-suiza-a-un-dominicano-que-era-buscado-en-argentina-por-contrabando-de-drogas\/#primaryimage\"},\"image\":{\"@id\":\"https:\/\/lobosnews.com.ar\/index.php\/2026\/03\/07\/extraditaron-desde-suiza-a-un-dominicano-que-era-buscado-en-argentina-por-contrabando-de-drogas\/#primaryimage\"},\"thumbnailUrl\":\"https:\/\/lobosnews.com.ar\/wp-content\/uploads\/2026\/03\/extraditaron-desde-suiza-a-un-dominicano-que-era-buscado-en-argentina-por-contrabando-de-drogas-2.jpg\",\"datePublished\":\"2026-03-07T15:45:37+00:00\",\"dateModified\":\"2026-03-07T17:55:21+00:00\",\"breadcrumb\":{\"@id\":\"https:\/\/lobosnews.com.ar\/index.php\/2026\/03\/07\/extraditaron-desde-suiza-a-un-dominicano-que-era-buscado-en-argentina-por-contrabando-de-drogas\/#breadcrumb\"},\"inLanguage\":\"es\",\"potentialAction\":[{\"@type\":\"ReadAction\",\"target\":[\"https:\/\/lobosnews.com.ar\/index.php\/2026\/03\/07\/extraditaron-desde-suiza-a-un-dominicano-que-era-buscado-en-argentina-por-contrabando-de-drogas\/\"]}]},{\"@type\":\"ImageObject\",\"inLanguage\":\"es\",\"@id\":\"https:\/\/lobosnews.com.ar\/index.php\/2026\/03\/07\/extraditaron-desde-suiza-a-un-dominicano-que-era-buscado-en-argentina-por-contrabando-de-drogas\/#primaryimage\",\"url\":\"https:\/\/lobosnews.com.ar\/wp-content\/uploads\/2026\/03\/extraditaron-desde-suiza-a-un-dominicano-que-era-buscado-en-argentina-por-contrabando-de-drogas-2.jpg\",\"contentUrl\":\"https:\/\/lobosnews.com.ar\/wp-content\/uploads\/2026\/03\/extraditaron-desde-suiza-a-un-dominicano-que-era-buscado-en-argentina-por-contrabando-de-drogas-2.jpg\",\"width\":698,\"height\":609,\"caption\":\"Extraditaron desde Suiza a un dominicano que era buscado en Argentina por contrabando de drogas\"},{\"@type\":\"BreadcrumbList\",\"@id\":\"https:\/\/lobosnews.com.ar\/index.php\/2026\/03\/07\/extraditaron-desde-suiza-a-un-dominicano-que-era-buscado-en-argentina-por-contrabando-de-drogas\/#breadcrumb\",\"itemListElement\":[{\"@type\":\"ListItem\",\"position\":1,\"name\":\"Portada\",\"item\":\"https:\/\/lobosnews.com.ar\/\"},{\"@type\":\"ListItem\",\"position\":2,\"name\":\"Extraditaron desde Suiza a un dominicano que era buscado en Argentina por contrabando de drogas\"}]},{\"@type\":\"WebSite\",\"@id\":\"https:\/\/lobosnews.com.ar\/#website\",\"url\":\"https:\/\/lobosnews.com.ar\/\",\"name\":\"Lobos News\",\"description\":\"Informaci\u00f3n a cada instante\",\"publisher\":{\"@id\":\"https:\/\/lobosnews.com.ar\/#organization\"},\"potentialAction\":[{\"@type\":\"SearchAction\",\"target\":{\"@type\":\"EntryPoint\",\"urlTemplate\":\"https:\/\/lobosnews.com.ar\/?s={search_term_string}\"},\"query-input\":{\"@type\":\"PropertyValueSpecification\",\"valueRequired\":true,\"valueName\":\"search_term_string\"}}],\"inLanguage\":\"es\"},{\"@type\":\"Organization\",\"@id\":\"https:\/\/lobosnews.com.ar\/#organization\",\"name\":\"Lobos News\",\"url\":\"https:\/\/lobosnews.com.ar\/\",\"logo\":{\"@type\":\"ImageObject\",\"inLanguage\":\"es\",\"@id\":\"https:\/\/lobosnews.com.ar\/#\/schema\/logo\/image\/\",\"url\":\"https:\/\/lobosnews.com.ar\/wp-content\/uploads\/2026\/01\/logo-lobosnews.png\",\"contentUrl\":\"https:\/\/lobosnews.com.ar\/wp-content\/uploads\/2026\/01\/logo-lobosnews.png\",\"width\":500,\"height\":200,\"caption\":\"Lobos News\"},\"image\":{\"@id\":\"https:\/\/lobosnews.com.ar\/#\/schema\/logo\/image\/\"}},{\"@type\":\"Person\",\"@id\":\"https:\/\/lobosnews.com.ar\/#\/schema\/person\/232422a593d5c541dd9aef6aaed10943\",\"name\":\"admin\",\"image\":{\"@type\":\"ImageObject\",\"inLanguage\":\"es\",\"@id\":\"https:\/\/lobosnews.com.ar\/#\/schema\/person\/image\/\",\"url\":\"https:\/\/secure.gravatar.com\/avatar\/76e419471a2083bc3ceab22a763dbbf9b0c1bd15a6214cf3280e2c2dde4580f9?s=96&d=mm&r=g\",\"contentUrl\":\"https:\/\/secure.gravatar.com\/avatar\/76e419471a2083bc3ceab22a763dbbf9b0c1bd15a6214cf3280e2c2dde4580f9?s=96&d=mm&r=g\",\"caption\":\"admin\"},\"sameAs\":[\"https:\/\/lobosnews.com.ar\"],\"url\":\"https:\/\/lobosnews.com.ar\/index.php\/author\/lobos-news\/\"}]}<\/script>\n<!-- \/ Yoast SEO plugin. -->","yoast_head_json":{"title":"Extraditaron desde Suiza a un dominicano que era buscado en Argentina por contrabando de drogas - Lobos News","robots":{"index":"index","follow":"follow","max-snippet":"max-snippet:-1","max-image-preview":"max-image-preview:large","max-video-preview":"max-video-preview:-1"},"canonical":"https:\/\/lobosnews.com.ar\/index.php\/2026\/03\/07\/extraditaron-desde-suiza-a-un-dominicano-que-era-buscado-en-argentina-por-contrabando-de-drogas\/","og_locale":"es_ES","og_type":"article","og_title":"Extraditaron desde Suiza a un dominicano que era buscado en Argentina por contrabando de drogas - Lobos News","og_description":"La Polic\u00eda Federal Argentina (PFA) realiz\u00f3 la extradici\u00f3n de un ciudadano dominicano acusado de participar en una organizaci\u00f3n internacional de tr\u00e1fico de drogas, tras un proceso coordinado con las autoridades de la Confederaci\u00f3n Suiza. El hombre, de 40 a\u00f1os y nacionalidad dominicana, fue identificado como presunto responsable de captar personas en Argentina dispuestas a transportar...","og_url":"https:\/\/lobosnews.com.ar\/index.php\/2026\/03\/07\/extraditaron-desde-suiza-a-un-dominicano-que-era-buscado-en-argentina-por-contrabando-de-drogas\/","og_site_name":"Lobos News","article_published_time":"2026-03-07T15:45:37+00:00","article_modified_time":"2026-03-07T17:55:21+00:00","og_image":[{"url":"https:\/\/lobosnews.com.ar\/wp-content\/uploads\/2026\/03\/extraditaron-desde-suiza-a-un-dominicano-que-era-buscado-en-argentina-por-contrabando-de-drogas.jpg","type":"","width":"","height":""}],"author":"admin","twitter_card":"summary_large_image","twitter_misc":{"Escrito por":"admin","Tiempo de lectura":"3 minutos"},"schema":{"@context":"https:\/\/schema.org","@graph":[{"@type":"Article","@id":"https:\/\/lobosnews.com.ar\/index.php\/2026\/03\/07\/extraditaron-desde-suiza-a-un-dominicano-que-era-buscado-en-argentina-por-contrabando-de-drogas\/#article","isPartOf":{"@id":"https:\/\/lobosnews.com.ar\/index.php\/2026\/03\/07\/extraditaron-desde-suiza-a-un-dominicano-que-era-buscado-en-argentina-por-contrabando-de-drogas\/"},"author":{"name":"admin","@id":"https:\/\/lobosnews.com.ar\/#\/schema\/person\/232422a593d5c541dd9aef6aaed10943"},"headline":"Extraditaron desde Suiza a un dominicano que era buscado en Argentina por contrabando de drogas","datePublished":"2026-03-07T15:45:37+00:00","dateModified":"2026-03-07T17:55:21+00:00","mainEntityOfPage":{"@id":"https:\/\/lobosnews.com.ar\/index.php\/2026\/03\/07\/extraditaron-desde-suiza-a-un-dominicano-que-era-buscado-en-argentina-por-contrabando-de-drogas\/"},"wordCount":529,"commentCount":0,"publisher":{"@id":"https:\/\/lobosnews.com.ar\/#organization"},"image":{"@id":"https:\/\/lobosnews.com.ar\/index.php\/2026\/03\/07\/extraditaron-desde-suiza-a-un-dominicano-que-era-buscado-en-argentina-por-contrabando-de-drogas\/#primaryimage"},"thumbnailUrl":"https:\/\/lobosnews.com.ar\/wp-content\/uploads\/2026\/03\/extraditaron-desde-suiza-a-un-dominicano-que-era-buscado-en-argentina-por-contrabando-de-drogas-2.jpg","articleSection":["Actualidad","Argentina","econom\u00eda","inseguridad","masradios.com","nacionales","seguridad","sociedad"],"inLanguage":"es","potentialAction":[{"@type":"CommentAction","name":"Comment","target":["https:\/\/lobosnews.com.ar\/index.php\/2026\/03\/07\/extraditaron-desde-suiza-a-un-dominicano-que-era-buscado-en-argentina-por-contrabando-de-drogas\/#respond"]}]},{"@type":"WebPage","@id":"https:\/\/lobosnews.com.ar\/index.php\/2026\/03\/07\/extraditaron-desde-suiza-a-un-dominicano-que-era-buscado-en-argentina-por-contrabando-de-drogas\/","url":"https:\/\/lobosnews.com.ar\/index.php\/2026\/03\/07\/extraditaron-desde-suiza-a-un-dominicano-que-era-buscado-en-argentina-por-contrabando-de-drogas\/","name":"Extraditaron desde Suiza a un dominicano que era buscado en Argentina por contrabando de drogas - Lobos News","isPartOf":{"@id":"https:\/\/lobosnews.com.ar\/#website"},"primaryImageOfPage":{"@id":"https:\/\/lobosnews.com.ar\/index.php\/2026\/03\/07\/extraditaron-desde-suiza-a-un-dominicano-que-era-buscado-en-argentina-por-contrabando-de-drogas\/#primaryimage"},"image":{"@id":"https:\/\/lobosnews.com.ar\/index.php\/2026\/03\/07\/extraditaron-desde-suiza-a-un-dominicano-que-era-buscado-en-argentina-por-contrabando-de-drogas\/#primaryimage"},"thumbnailUrl":"https:\/\/lobosnews.com.ar\/wp-content\/uploads\/2026\/03\/extraditaron-desde-suiza-a-un-dominicano-que-era-buscado-en-argentina-por-contrabando-de-drogas-2.jpg","datePublished":"2026-03-07T15:45:37+00:00","dateModified":"2026-03-07T17:55:21+00:00","breadcrumb":{"@id":"https:\/\/lobosnews.com.ar\/index.php\/2026\/03\/07\/extraditaron-desde-suiza-a-un-dominicano-que-era-buscado-en-argentina-por-contrabando-de-drogas\/#breadcrumb"},"inLanguage":"es","potentialAction":[{"@type":"ReadAction","target":["https:\/\/lobosnews.com.ar\/index.php\/2026\/03\/07\/extraditaron-desde-suiza-a-un-dominicano-que-era-buscado-en-argentina-por-contrabando-de-drogas\/"]}]},{"@type":"ImageObject","inLanguage":"es","@id":"https:\/\/lobosnews.com.ar\/index.php\/2026\/03\/07\/extraditaron-desde-suiza-a-un-dominicano-que-era-buscado-en-argentina-por-contrabando-de-drogas\/#primaryimage","url":"https:\/\/lobosnews.com.ar\/wp-content\/uploads\/2026\/03\/extraditaron-desde-suiza-a-un-dominicano-que-era-buscado-en-argentina-por-contrabando-de-drogas-2.jpg","contentUrl":"https:\/\/lobosnews.com.ar\/wp-content\/uploads\/2026\/03\/extraditaron-desde-suiza-a-un-dominicano-que-era-buscado-en-argentina-por-contrabando-de-drogas-2.jpg","width":698,"height":609,"caption":"Extraditaron desde Suiza a un dominicano que era buscado en Argentina por contrabando de drogas"},{"@type":"BreadcrumbList","@id":"https:\/\/lobosnews.com.ar\/index.php\/2026\/03\/07\/extraditaron-desde-suiza-a-un-dominicano-que-era-buscado-en-argentina-por-contrabando-de-drogas\/#breadcrumb","itemListElement":[{"@type":"ListItem","position":1,"name":"Portada","item":"https:\/\/lobosnews.com.ar\/"},{"@type":"ListItem","position":2,"name":"Extraditaron desde Suiza a un dominicano que era buscado en Argentina por contrabando de drogas"}]},{"@type":"WebSite","@id":"https:\/\/lobosnews.com.ar\/#website","url":"https:\/\/lobosnews.com.ar\/","name":"Lobos News","description":"Informaci\u00f3n a cada instante","publisher":{"@id":"https:\/\/lobosnews.com.ar\/#organization"},"potentialAction":[{"@type":"SearchAction","target":{"@type":"EntryPoint","urlTemplate":"https:\/\/lobosnews.com.ar\/?s={search_term_string}"},"query-input":{"@type":"PropertyValueSpecification","valueRequired":true,"valueName":"search_term_string"}}],"inLanguage":"es"},{"@type":"Organization","@id":"https:\/\/lobosnews.com.ar\/#organization","name":"Lobos News","url":"https:\/\/lobosnews.com.ar\/","logo":{"@type":"ImageObject","inLanguage":"es","@id":"https:\/\/lobosnews.com.ar\/#\/schema\/logo\/image\/","url":"https:\/\/lobosnews.com.ar\/wp-content\/uploads\/2026\/01\/logo-lobosnews.png","contentUrl":"https:\/\/lobosnews.com.ar\/wp-content\/uploads\/2026\/01\/logo-lobosnews.png","width":500,"height":200,"caption":"Lobos News"},"image":{"@id":"https:\/\/lobosnews.com.ar\/#\/schema\/logo\/image\/"}},{"@type":"Person","@id":"https:\/\/lobosnews.com.ar\/#\/schema\/person\/232422a593d5c541dd9aef6aaed10943","name":"admin","image":{"@type":"ImageObject","inLanguage":"es","@id":"https:\/\/lobosnews.com.ar\/#\/schema\/person\/image\/","url":"https:\/\/secure.gravatar.com\/avatar\/76e419471a2083bc3ceab22a763dbbf9b0c1bd15a6214cf3280e2c2dde4580f9?s=96&d=mm&r=g","contentUrl":"https:\/\/secure.gravatar.com\/avatar\/76e419471a2083bc3ceab22a763dbbf9b0c1bd15a6214cf3280e2c2dde4580f9?s=96&d=mm&r=g","caption":"admin"},"sameAs":["https:\/\/lobosnews.com.ar"],"url":"https:\/\/lobosnews.com.ar\/index.php\/author\/lobos-news\/"}]}},"jetpack_featured_media_url":"https:\/\/lobosnews.com.ar\/wp-content\/uploads\/2026\/03\/extraditaron-desde-suiza-a-un-dominicano-que-era-buscado-en-argentina-por-contrabando-de-drogas-2.jpg","jetpack_sharing_enabled":true,"_links":{"self":[{"href":"https:\/\/lobosnews.com.ar\/index.php\/wp-json\/wp\/v2\/posts\/30391","targetHints":{"allow":["GET"]}}],"collection":[{"href":"https:\/\/lobosnews.com.ar\/index.php\/wp-json\/wp\/v2\/posts"}],"about":[{"href":"https:\/\/lobosnews.com.ar\/index.php\/wp-json\/wp\/v2\/types\/post"}],"author":[{"embeddable":true,"href":"https:\/\/lobosnews.com.ar\/index.php\/wp-json\/wp\/v2\/users\/1"}],"replies":[{"embeddable":true,"href":"https:\/\/lobosnews.com.ar\/index.php\/wp-json\/wp\/v2\/comments?post=30391"}],"version-history":[{"count":1,"href":"https:\/\/lobosnews.com.ar\/index.php\/wp-json\/wp\/v2\/posts\/30391\/revisions"}],"predecessor-version":[{"id":30394,"href":"https:\/\/lobosnews.com.ar\/index.php\/wp-json\/wp\/v2\/posts\/30391\/revisions\/30394"}],"wp:featuredmedia":[{"embeddable":true,"href":"https:\/\/lobosnews.com.ar\/index.php\/wp-json\/wp\/v2\/media\/30395"}],"wp:attachment":[{"href":"https:\/\/lobosnews.com.ar\/index.php\/wp-json\/wp\/v2\/media?parent=30391"}],"wp:term":[{"taxonomy":"category","embeddable":true,"href":"https:\/\/lobosnews.com.ar\/index.php\/wp-json\/wp\/v2\/categories?post=30391"},{"taxonomy":"post_tag","embeddable":true,"href":"https:\/\/lobosnews.com.ar\/index.php\/wp-json\/wp\/v2\/tags?post=30391"}],"curies":[{"name":"wp","href":"https:\/\/api.w.org\/{rel}","templated":true}]}}