{"id":30387,"date":"2026-03-07T16:08:48","date_gmt":"2026-03-07T16:08:48","guid":{"rendered":"https:\/\/lobosnews.com.ar\/index.php\/2026\/03\/07\/parana-el-momento-en-que-familiares-de-un-preso-asesinado-se-prendieron-fuego-accidentalmente-al-quemar-neumaticos\/"},"modified":"2026-03-07T17:55:19","modified_gmt":"2026-03-07T17:55:19","slug":"parana-el-momento-en-que-familiares-de-un-preso-asesinado-se-prendieron-fuego-accidentalmente-al-quemar-neumaticos","status":"publish","type":"post","link":"https:\/\/lobosnews.com.ar\/index.php\/2026\/03\/07\/parana-el-momento-en-que-familiares-de-un-preso-asesinado-se-prendieron-fuego-accidentalmente-al-quemar-neumaticos\/","title":{"rendered":"Paran\u00e1: el momento en que familiares de un preso asesinado se prendieron fuego accidentalmente al quemar neum\u00e1ticos"},"content":{"rendered":"<p>Un ins\u00f3lito episodio tuvo lugar en Paran\u00e1, provincia de Entre R\u00edos, donde familiares de un preso, que hab\u00eda sido asesinado a pu\u00f1aladas, <span class=\"waslinkname\">se prendieron fuego por accidente<\/span> mientras quemaban neum\u00e1ticos frente al penal donde estaba alojado, en protesta por el crimen. <b>La secuencia fue filmada por un testigo<\/b>. <\/p>\n<p>Todo ocurri\u00f3 ayer en las inmediaciones de la <b>Unidad Penal N\u00ba1 de Paran\u00e1. <\/b>All\u00ed, <b>Mart\u00edn Luciano Siegfried<\/b>, un joven de <b>26 a\u00f1os <\/b>que cumpl\u00eda condena por causas relacionadas a la venta de drogas, fue asesinado a pu\u00f1aladas el jueves pasado en circunstancias que todav\u00eda no fueron esclarecidas. Le restaban cuatro meses para completar su sentencia a 4 a\u00f1os.<\/p>\n<p>De acuerdo con lo que trascendi\u00f3, el interno fue atacado en medio de una pelea con otro preso. El joven fue trasladado de urgencia al Hospital San Mart\u00edn, donde falleci\u00f3 poco despu\u00e9s de su ingreso.<\/p>\n<p>Si bien las autoridades no dieron a conocer la versi\u00f3n oficial de lo ocurrido, el titular del <b>Servicio Penitenciario Provincial (SPP)<\/b>, <b>Alejandro Miotti<\/b>, desliz\u00f3 que la v\u00edctima fatal fue herida con una faca tumbera durante una trifulca para quedarse con \u201cel control del pabell\u00f3n\u201d. La familia del fallecido, sin embargo, afirma que lo ejecutaron mientras dorm\u00eda.<\/p>\n<p>El ataque se habr\u00eda producido con una faca tumbera, aunque ese dato deber\u00e1 ser confirmado a partir de la investigaci\u00f3n que conduce la <b>fiscal Patricia Yedro<\/b>, de la Unidad de Delitos Complejos.<\/p>\n<p>Horas despu\u00e9s del hecho, personal de Homicidios de la Polic\u00eda de Entre R\u00edos traslad\u00f3 a otros dos internos a la Alcaid\u00eda de los Tribunales. Se tratar\u00eda de dos hermanos de apellido Mi\u00f1o, quienes cumplen condenas por brutales asesinatos. Son los apuntados como autores del crimen.<\/p>\n<p><img loading=\"lazy\" decoding=\"async\" src=\"https:\/\/lobosnews.com.ar\/wp-content\/uploads\/2026\/03\/parana-el-momento-en-que-familiares-de-un-preso-asesinado-se-prendieron-fuego-accidentalmente-al-quemar-neumaticos.jpg\" alt=\"Familiares de un preso asesinado en Entre R\u00edos protestan frente a la c\u00e1rcel, provocando incendios en la calle. (Canal 9 Litoral)\" height=\"1080\" width=\"1920\"\/><\/p>\n<p>Lo cierto es que la muerte de Siegfried gener\u00f3 gran tensi\u00f3n en la puerta del penal. Familiares y allegados se concentraron durante la tarde de ayer para reclamar justicia y exigir explicaciones sobre las circunstancias del crimen. <\/p>\n<p>Seg\u00fan se ve en un video dado a conocer por un canal local, como forma de protesta los manifestantes iniciaron la quema de neum\u00e1ticos en la entrada principal de la c\u00e1rcel, lo que provoc\u00f3 que dos personas, un hombre y una mujer, se prendieran fuego al manipular las gomas encendidas. Las im\u00e1genes son impactantes y se ve c\u00f3mo lograron apartarse a tiempo, aunque con parte de su ropa en llamas. <\/p>\n<p>De acuerdo con lo que trascendi\u00f3, no sufrieron lesiones graves. El incendio fue finalmente sofocado por el personal de la unidad y bomberos. <\/p>\n<p>La familia de Siegfried sostuvo que el crimen fue premeditado y rechaza la versi\u00f3n oficial del hecho. Su madre declar\u00f3 a Canal 9: <b>\u201cLo mataron como a un perro mientras dorm\u00eda. Lo mataron y lo tiraron afuera de la celda con todas sus cosas\u201d<\/b>.<\/p>\n<p>Una de sus hermanas reclam\u00f3 la exhibici\u00f3n de las grabaciones internas y afirm\u00f3 que <b>\u201clo mataron adentro de un pabell\u00f3n mientras \u00e9l estaba descansando\u201d<\/b>. <\/p>\n<p>El caso motiv\u00f3 la apertura de una investigaci\u00f3n judicial para determinar las circunstancias exactas del homicidio y la posible responsabilidad de otros internos o del personal penitenciario. El Servicio Penitenciario inici\u00f3 un sumario interno y la fiscal\u00eda local qued\u00f3 a cargo de la causa. <\/p>\n<p>Seg\u00fan el diario <i>UNO<\/i> de Entre R\u00edos, <b>el preso asesinado a pu\u00f1aladas era hermano de Facundo Siegfried, condenado a prisi\u00f3n perpetua por un femicidio<\/b>, ocurrido en septiembre de 2018 en el barrio El Morro de Paran\u00e1. Si bien ambos estaban alojados en el mismo pabell\u00f3n, Facundo se encontraba en una visita familiar en el momento en que Mart\u00edn recibi\u00f3 la agresi\u00f3n.<\/p><\/p>\n","protected":false},"excerpt":{"rendered":"<p>Un ins\u00f3lito episodio tuvo lugar en Paran\u00e1, provincia de Entre R\u00edos, donde familiares de un preso, que hab\u00eda sido asesinado a pu\u00f1aladas, se prendieron fuego por accidente mientras quemaban neum\u00e1ticos frente al penal donde estaba alojado, en protesta por el crimen. La secuencia fue filmada por un testigo. Todo ocurri\u00f3 ayer en las inmediaciones de&#8230;<\/p>\n","protected":false},"author":1,"featured_media":30390,"comment_status":"open","ping_status":"closed","sticky":false,"template":"","format":"standard","meta":{"_jetpack_memberships_contains_paid_content":false,"footnotes":""},"categories":[31,30,32,77,84,35,36,37],"tags":[],"class_list":["post-30387","post","type-post","status-publish","format-standard","has-post-thumbnail","hentry","category-actualidad","category-argentina","category-economia","category-inseguridad","category-masradios-com","category-nacionales","category-seguridad","category-sociedad"],"magazineBlocksPostFeaturedMedia":{"thumbnail":"https:\/\/lobosnews.com.ar\/wp-content\/uploads\/2026\/03\/parana-el-momento-en-que-familiares-de-un-preso-asesinado-se-prendieron-fuego-accidentalmente-al-quemar-neumaticos-150x150.jpg","medium":"https:\/\/lobosnews.com.ar\/wp-content\/uploads\/2026\/03\/parana-el-momento-en-que-familiares-de-un-preso-asesinado-se-prendieron-fuego-accidentalmente-al-quemar-neumaticos-300x169.jpg","medium_large":"https:\/\/lobosnews.com.ar\/wp-content\/uploads\/2026\/03\/parana-el-momento-en-que-familiares-de-un-preso-asesinado-se-prendieron-fuego-accidentalmente-al-quemar-neumaticos-768x432.jpg","large":"https:\/\/lobosnews.com.ar\/wp-content\/uploads\/2026\/03\/parana-el-momento-en-que-familiares-de-un-preso-asesinado-se-prendieron-fuego-accidentalmente-al-quemar-neumaticos-1024x576.jpg","1536x1536":"https:\/\/lobosnews.com.ar\/wp-content\/uploads\/2026\/03\/parana-el-momento-en-que-familiares-de-un-preso-asesinado-se-prendieron-fuego-accidentalmente-al-quemar-neumaticos-1536x864.jpg","2048x2048":"https:\/\/lobosnews.com.ar\/wp-content\/uploads\/2026\/03\/parana-el-momento-en-que-familiares-de-un-preso-asesinado-se-prendieron-fuego-accidentalmente-al-quemar-neumaticos.jpg","newsmatic-featured":"https:\/\/lobosnews.com.ar\/wp-content\/uploads\/2026\/03\/parana-el-momento-en-que-familiares-de-un-preso-asesinado-se-prendieron-fuego-accidentalmente-al-quemar-neumaticos-820x545.jpg","newsmatic-list":"https:\/\/lobosnews.com.ar\/wp-content\/uploads\/2026\/03\/parana-el-momento-en-que-familiares-de-un-preso-asesinado-se-prendieron-fuego-accidentalmente-al-quemar-neumaticos-600x400.jpg","newsmatic-thumb":"https:\/\/lobosnews.com.ar\/wp-content\/uploads\/2026\/03\/parana-el-momento-en-que-familiares-de-un-preso-asesinado-se-prendieron-fuego-accidentalmente-al-quemar-neumaticos-300x200.jpg","newsmatic-small":"https:\/\/lobosnews.com.ar\/wp-content\/uploads\/2026\/03\/parana-el-momento-en-que-familiares-de-un-preso-asesinado-se-prendieron-fuego-accidentalmente-al-quemar-neumaticos-150x95.jpg","newsmatic-grid":"https:\/\/lobosnews.com.ar\/wp-content\/uploads\/2026\/03\/parana-el-momento-en-que-familiares-de-un-preso-asesinado-se-prendieron-fuego-accidentalmente-al-quemar-neumaticos-400x250.jpg"},"magazineBlocksPostAuthor":{"name":"admin","avatar":"https:\/\/secure.gravatar.com\/avatar\/76e419471a2083bc3ceab22a763dbbf9b0c1bd15a6214cf3280e2c2dde4580f9?s=96&d=mm&r=g"},"magazineBlocksPostCommentsNumber":"0","magazineBlocksPostExcerpt":"Un ins\u00f3lito episodio tuvo lugar en Paran\u00e1, provincia de Entre R\u00edos, donde familiares de un preso, que hab\u00eda sido asesinado a pu\u00f1aladas, se prendieron fuego por accidente mientras quemaban neum\u00e1ticos frente al penal donde estaba alojado, en protesta por el crimen. La secuencia fue filmada por un testigo. Todo ocurri\u00f3 ayer en las inmediaciones de...","magazineBlocksPostCategories":["Actualidad","Argentina","econom\u00eda","inseguridad","masradios.com","nacionales","seguridad","sociedad"],"magazineBlocksPostViewCount":82,"magazineBlocksPostReadTime":4,"magazine_blocks_featured_image_url":{"full":["https:\/\/lobosnews.com.ar\/wp-content\/uploads\/2026\/03\/parana-el-momento-en-que-familiares-de-un-preso-asesinado-se-prendieron-fuego-accidentalmente-al-quemar-neumaticos.jpg",1920,1080,false],"medium":["https:\/\/lobosnews.com.ar\/wp-content\/uploads\/2026\/03\/parana-el-momento-en-que-familiares-de-un-preso-asesinado-se-prendieron-fuego-accidentalmente-al-quemar-neumaticos-300x169.jpg",300,169,true],"thumbnail":["https:\/\/lobosnews.com.ar\/wp-content\/uploads\/2026\/03\/parana-el-momento-en-que-familiares-de-un-preso-asesinado-se-prendieron-fuego-accidentalmente-al-quemar-neumaticos-150x150.jpg",150,150,true]},"magazine_blocks_author":{"display_name":"admin","author_link":"https:\/\/lobosnews.com.ar\/index.php\/author\/lobos-news\/"},"magazine_blocks_comment":0,"magazine_blocks_author_image":"https:\/\/secure.gravatar.com\/avatar\/76e419471a2083bc3ceab22a763dbbf9b0c1bd15a6214cf3280e2c2dde4580f9?s=96&d=mm&r=g","magazine_blocks_category":"<a href=\"#\" class=\"category-link category-link-31\">Actualidad<\/a> <a href=\"#\" class=\"category-link category-link-30\">Argentina<\/a> <a href=\"#\" class=\"category-link category-link-32\">econom\u00eda<\/a> <a href=\"#\" class=\"category-link category-link-77\">inseguridad<\/a> <a href=\"#\" class=\"category-link category-link-84\">masradios.com<\/a> <a href=\"#\" class=\"category-link category-link-35\">nacionales<\/a> <a href=\"#\" class=\"category-link category-link-36\">seguridad<\/a> <a href=\"#\" class=\"category-link category-link-37\">sociedad<\/a>","yoast_head":"<!-- This site is optimized with the Yoast SEO plugin v26.6 - https:\/\/yoast.com\/wordpress\/plugins\/seo\/ -->\n<title>Paran\u00e1: el momento en que familiares de un preso asesinado se prendieron fuego accidentalmente al quemar neum\u00e1ticos - Lobos News<\/title>\n<meta name=\"robots\" content=\"index, follow, max-snippet:-1, max-image-preview:large, max-video-preview:-1\" \/>\n<link rel=\"canonical\" href=\"https:\/\/lobosnews.com.ar\/index.php\/2026\/03\/07\/parana-el-momento-en-que-familiares-de-un-preso-asesinado-se-prendieron-fuego-accidentalmente-al-quemar-neumaticos\/\" \/>\n<meta property=\"og:locale\" content=\"es_ES\" \/>\n<meta property=\"og:type\" content=\"article\" \/>\n<meta property=\"og:title\" content=\"Paran\u00e1: el momento en que familiares de un preso asesinado se prendieron fuego accidentalmente al quemar neum\u00e1ticos - Lobos News\" \/>\n<meta property=\"og:description\" content=\"Un ins\u00f3lito episodio tuvo lugar en Paran\u00e1, provincia de Entre R\u00edos, donde familiares de un preso, que hab\u00eda sido asesinado a pu\u00f1aladas, se prendieron fuego por accidente mientras quemaban neum\u00e1ticos frente al penal donde estaba alojado, en protesta por el crimen. La secuencia fue filmada por un testigo. Todo ocurri\u00f3 ayer en las inmediaciones de...\" \/>\n<meta property=\"og:url\" content=\"https:\/\/lobosnews.com.ar\/index.php\/2026\/03\/07\/parana-el-momento-en-que-familiares-de-un-preso-asesinado-se-prendieron-fuego-accidentalmente-al-quemar-neumaticos\/\" \/>\n<meta property=\"og:site_name\" content=\"Lobos News\" \/>\n<meta property=\"article:published_time\" content=\"2026-03-07T16:08:48+00:00\" \/>\n<meta property=\"article:modified_time\" content=\"2026-03-07T17:55:19+00:00\" \/>\n<meta property=\"og:image\" content=\"https:\/\/lobosnews.com.ar\/wp-content\/uploads\/2026\/03\/parana-el-momento-en-que-familiares-de-un-preso-asesinado-se-prendieron-fuego-accidentalmente-al-quemar-neumaticos.jpg\" \/>\n<meta name=\"author\" content=\"admin\" \/>\n<meta name=\"twitter:card\" content=\"summary_large_image\" \/>\n<meta name=\"twitter:label1\" content=\"Escrito por\" \/>\n\t<meta name=\"twitter:data1\" content=\"admin\" \/>\n\t<meta name=\"twitter:label2\" content=\"Tiempo de lectura\" \/>\n\t<meta name=\"twitter:data2\" content=\"3 minutos\" \/>\n<script type=\"application\/ld+json\" class=\"yoast-schema-graph\">{\"@context\":\"https:\/\/schema.org\",\"@graph\":[{\"@type\":\"Article\",\"@id\":\"https:\/\/lobosnews.com.ar\/index.php\/2026\/03\/07\/parana-el-momento-en-que-familiares-de-un-preso-asesinado-se-prendieron-fuego-accidentalmente-al-quemar-neumaticos\/#article\",\"isPartOf\":{\"@id\":\"https:\/\/lobosnews.com.ar\/index.php\/2026\/03\/07\/parana-el-momento-en-que-familiares-de-un-preso-asesinado-se-prendieron-fuego-accidentalmente-al-quemar-neumaticos\/\"},\"author\":{\"name\":\"admin\",\"@id\":\"https:\/\/lobosnews.com.ar\/#\/schema\/person\/232422a593d5c541dd9aef6aaed10943\"},\"headline\":\"Paran\u00e1: el momento en que familiares de un preso asesinado se prendieron fuego accidentalmente al quemar neum\u00e1ticos\",\"datePublished\":\"2026-03-07T16:08:48+00:00\",\"dateModified\":\"2026-03-07T17:55:19+00:00\",\"mainEntityOfPage\":{\"@id\":\"https:\/\/lobosnews.com.ar\/index.php\/2026\/03\/07\/parana-el-momento-en-que-familiares-de-un-preso-asesinado-se-prendieron-fuego-accidentalmente-al-quemar-neumaticos\/\"},\"wordCount\":635,\"commentCount\":0,\"publisher\":{\"@id\":\"https:\/\/lobosnews.com.ar\/#organization\"},\"image\":{\"@id\":\"https:\/\/lobosnews.com.ar\/index.php\/2026\/03\/07\/parana-el-momento-en-que-familiares-de-un-preso-asesinado-se-prendieron-fuego-accidentalmente-al-quemar-neumaticos\/#primaryimage\"},\"thumbnailUrl\":\"https:\/\/lobosnews.com.ar\/wp-content\/uploads\/2026\/03\/parana-el-momento-en-que-familiares-de-un-preso-asesinado-se-prendieron-fuego-accidentalmente-al-quemar-neumaticos.jpg\",\"articleSection\":[\"Actualidad\",\"Argentina\",\"econom\u00eda\",\"inseguridad\",\"masradios.com\",\"nacionales\",\"seguridad\",\"sociedad\"],\"inLanguage\":\"es\",\"potentialAction\":[{\"@type\":\"CommentAction\",\"name\":\"Comment\",\"target\":[\"https:\/\/lobosnews.com.ar\/index.php\/2026\/03\/07\/parana-el-momento-en-que-familiares-de-un-preso-asesinado-se-prendieron-fuego-accidentalmente-al-quemar-neumaticos\/#respond\"]}]},{\"@type\":\"WebPage\",\"@id\":\"https:\/\/lobosnews.com.ar\/index.php\/2026\/03\/07\/parana-el-momento-en-que-familiares-de-un-preso-asesinado-se-prendieron-fuego-accidentalmente-al-quemar-neumaticos\/\",\"url\":\"https:\/\/lobosnews.com.ar\/index.php\/2026\/03\/07\/parana-el-momento-en-que-familiares-de-un-preso-asesinado-se-prendieron-fuego-accidentalmente-al-quemar-neumaticos\/\",\"name\":\"Paran\u00e1: el momento en que familiares de un preso asesinado se prendieron fuego accidentalmente al quemar neum\u00e1ticos - Lobos News\",\"isPartOf\":{\"@id\":\"https:\/\/lobosnews.com.ar\/#website\"},\"primaryImageOfPage\":{\"@id\":\"https:\/\/lobosnews.com.ar\/index.php\/2026\/03\/07\/parana-el-momento-en-que-familiares-de-un-preso-asesinado-se-prendieron-fuego-accidentalmente-al-quemar-neumaticos\/#primaryimage\"},\"image\":{\"@id\":\"https:\/\/lobosnews.com.ar\/index.php\/2026\/03\/07\/parana-el-momento-en-que-familiares-de-un-preso-asesinado-se-prendieron-fuego-accidentalmente-al-quemar-neumaticos\/#primaryimage\"},\"thumbnailUrl\":\"https:\/\/lobosnews.com.ar\/wp-content\/uploads\/2026\/03\/parana-el-momento-en-que-familiares-de-un-preso-asesinado-se-prendieron-fuego-accidentalmente-al-quemar-neumaticos.jpg\",\"datePublished\":\"2026-03-07T16:08:48+00:00\",\"dateModified\":\"2026-03-07T17:55:19+00:00\",\"breadcrumb\":{\"@id\":\"https:\/\/lobosnews.com.ar\/index.php\/2026\/03\/07\/parana-el-momento-en-que-familiares-de-un-preso-asesinado-se-prendieron-fuego-accidentalmente-al-quemar-neumaticos\/#breadcrumb\"},\"inLanguage\":\"es\",\"potentialAction\":[{\"@type\":\"ReadAction\",\"target\":[\"https:\/\/lobosnews.com.ar\/index.php\/2026\/03\/07\/parana-el-momento-en-que-familiares-de-un-preso-asesinado-se-prendieron-fuego-accidentalmente-al-quemar-neumaticos\/\"]}]},{\"@type\":\"ImageObject\",\"inLanguage\":\"es\",\"@id\":\"https:\/\/lobosnews.com.ar\/index.php\/2026\/03\/07\/parana-el-momento-en-que-familiares-de-un-preso-asesinado-se-prendieron-fuego-accidentalmente-al-quemar-neumaticos\/#primaryimage\",\"url\":\"https:\/\/lobosnews.com.ar\/wp-content\/uploads\/2026\/03\/parana-el-momento-en-que-familiares-de-un-preso-asesinado-se-prendieron-fuego-accidentalmente-al-quemar-neumaticos.jpg\",\"contentUrl\":\"https:\/\/lobosnews.com.ar\/wp-content\/uploads\/2026\/03\/parana-el-momento-en-que-familiares-de-un-preso-asesinado-se-prendieron-fuego-accidentalmente-al-quemar-neumaticos.jpg\",\"width\":1920,\"height\":1080,\"caption\":\"Paran\u00e1: el momento en que familiares de un preso asesinado se prendieron fuego accidentalmente al quemar neum\u00e1ticos\"},{\"@type\":\"BreadcrumbList\",\"@id\":\"https:\/\/lobosnews.com.ar\/index.php\/2026\/03\/07\/parana-el-momento-en-que-familiares-de-un-preso-asesinado-se-prendieron-fuego-accidentalmente-al-quemar-neumaticos\/#breadcrumb\",\"itemListElement\":[{\"@type\":\"ListItem\",\"position\":1,\"name\":\"Portada\",\"item\":\"https:\/\/lobosnews.com.ar\/\"},{\"@type\":\"ListItem\",\"position\":2,\"name\":\"Paran\u00e1: el momento en que familiares de un preso asesinado se prendieron fuego accidentalmente al quemar neum\u00e1ticos\"}]},{\"@type\":\"WebSite\",\"@id\":\"https:\/\/lobosnews.com.ar\/#website\",\"url\":\"https:\/\/lobosnews.com.ar\/\",\"name\":\"Lobos News\",\"description\":\"Informaci\u00f3n a cada instante\",\"publisher\":{\"@id\":\"https:\/\/lobosnews.com.ar\/#organization\"},\"potentialAction\":[{\"@type\":\"SearchAction\",\"target\":{\"@type\":\"EntryPoint\",\"urlTemplate\":\"https:\/\/lobosnews.com.ar\/?s={search_term_string}\"},\"query-input\":{\"@type\":\"PropertyValueSpecification\",\"valueRequired\":true,\"valueName\":\"search_term_string\"}}],\"inLanguage\":\"es\"},{\"@type\":\"Organization\",\"@id\":\"https:\/\/lobosnews.com.ar\/#organization\",\"name\":\"Lobos News\",\"url\":\"https:\/\/lobosnews.com.ar\/\",\"logo\":{\"@type\":\"ImageObject\",\"inLanguage\":\"es\",\"@id\":\"https:\/\/lobosnews.com.ar\/#\/schema\/logo\/image\/\",\"url\":\"https:\/\/lobosnews.com.ar\/wp-content\/uploads\/2026\/01\/logo-lobosnews.png\",\"contentUrl\":\"https:\/\/lobosnews.com.ar\/wp-content\/uploads\/2026\/01\/logo-lobosnews.png\",\"width\":500,\"height\":200,\"caption\":\"Lobos News\"},\"image\":{\"@id\":\"https:\/\/lobosnews.com.ar\/#\/schema\/logo\/image\/\"}},{\"@type\":\"Person\",\"@id\":\"https:\/\/lobosnews.com.ar\/#\/schema\/person\/232422a593d5c541dd9aef6aaed10943\",\"name\":\"admin\",\"image\":{\"@type\":\"ImageObject\",\"inLanguage\":\"es\",\"@id\":\"https:\/\/lobosnews.com.ar\/#\/schema\/person\/image\/\",\"url\":\"https:\/\/secure.gravatar.com\/avatar\/76e419471a2083bc3ceab22a763dbbf9b0c1bd15a6214cf3280e2c2dde4580f9?s=96&d=mm&r=g\",\"contentUrl\":\"https:\/\/secure.gravatar.com\/avatar\/76e419471a2083bc3ceab22a763dbbf9b0c1bd15a6214cf3280e2c2dde4580f9?s=96&d=mm&r=g\",\"caption\":\"admin\"},\"sameAs\":[\"https:\/\/lobosnews.com.ar\"],\"url\":\"https:\/\/lobosnews.com.ar\/index.php\/author\/lobos-news\/\"}]}<\/script>\n<!-- \/ Yoast SEO plugin. -->","yoast_head_json":{"title":"Paran\u00e1: el momento en que familiares de un preso asesinado se prendieron fuego accidentalmente al quemar neum\u00e1ticos - Lobos News","robots":{"index":"index","follow":"follow","max-snippet":"max-snippet:-1","max-image-preview":"max-image-preview:large","max-video-preview":"max-video-preview:-1"},"canonical":"https:\/\/lobosnews.com.ar\/index.php\/2026\/03\/07\/parana-el-momento-en-que-familiares-de-un-preso-asesinado-se-prendieron-fuego-accidentalmente-al-quemar-neumaticos\/","og_locale":"es_ES","og_type":"article","og_title":"Paran\u00e1: el momento en que familiares de un preso asesinado se prendieron fuego accidentalmente al quemar neum\u00e1ticos - Lobos News","og_description":"Un ins\u00f3lito episodio tuvo lugar en Paran\u00e1, provincia de Entre R\u00edos, donde familiares de un preso, que hab\u00eda sido asesinado a pu\u00f1aladas, se prendieron fuego por accidente mientras quemaban neum\u00e1ticos frente al penal donde estaba alojado, en protesta por el crimen. La secuencia fue filmada por un testigo. Todo ocurri\u00f3 ayer en las inmediaciones de...","og_url":"https:\/\/lobosnews.com.ar\/index.php\/2026\/03\/07\/parana-el-momento-en-que-familiares-de-un-preso-asesinado-se-prendieron-fuego-accidentalmente-al-quemar-neumaticos\/","og_site_name":"Lobos News","article_published_time":"2026-03-07T16:08:48+00:00","article_modified_time":"2026-03-07T17:55:19+00:00","og_image":[{"url":"https:\/\/lobosnews.com.ar\/wp-content\/uploads\/2026\/03\/parana-el-momento-en-que-familiares-de-un-preso-asesinado-se-prendieron-fuego-accidentalmente-al-quemar-neumaticos.jpg","type":"","width":"","height":""}],"author":"admin","twitter_card":"summary_large_image","twitter_misc":{"Escrito por":"admin","Tiempo de lectura":"3 minutos"},"schema":{"@context":"https:\/\/schema.org","@graph":[{"@type":"Article","@id":"https:\/\/lobosnews.com.ar\/index.php\/2026\/03\/07\/parana-el-momento-en-que-familiares-de-un-preso-asesinado-se-prendieron-fuego-accidentalmente-al-quemar-neumaticos\/#article","isPartOf":{"@id":"https:\/\/lobosnews.com.ar\/index.php\/2026\/03\/07\/parana-el-momento-en-que-familiares-de-un-preso-asesinado-se-prendieron-fuego-accidentalmente-al-quemar-neumaticos\/"},"author":{"name":"admin","@id":"https:\/\/lobosnews.com.ar\/#\/schema\/person\/232422a593d5c541dd9aef6aaed10943"},"headline":"Paran\u00e1: el momento en que familiares de un preso asesinado se prendieron fuego accidentalmente al quemar neum\u00e1ticos","datePublished":"2026-03-07T16:08:48+00:00","dateModified":"2026-03-07T17:55:19+00:00","mainEntityOfPage":{"@id":"https:\/\/lobosnews.com.ar\/index.php\/2026\/03\/07\/parana-el-momento-en-que-familiares-de-un-preso-asesinado-se-prendieron-fuego-accidentalmente-al-quemar-neumaticos\/"},"wordCount":635,"commentCount":0,"publisher":{"@id":"https:\/\/lobosnews.com.ar\/#organization"},"image":{"@id":"https:\/\/lobosnews.com.ar\/index.php\/2026\/03\/07\/parana-el-momento-en-que-familiares-de-un-preso-asesinado-se-prendieron-fuego-accidentalmente-al-quemar-neumaticos\/#primaryimage"},"thumbnailUrl":"https:\/\/lobosnews.com.ar\/wp-content\/uploads\/2026\/03\/parana-el-momento-en-que-familiares-de-un-preso-asesinado-se-prendieron-fuego-accidentalmente-al-quemar-neumaticos.jpg","articleSection":["Actualidad","Argentina","econom\u00eda","inseguridad","masradios.com","nacionales","seguridad","sociedad"],"inLanguage":"es","potentialAction":[{"@type":"CommentAction","name":"Comment","target":["https:\/\/lobosnews.com.ar\/index.php\/2026\/03\/07\/parana-el-momento-en-que-familiares-de-un-preso-asesinado-se-prendieron-fuego-accidentalmente-al-quemar-neumaticos\/#respond"]}]},{"@type":"WebPage","@id":"https:\/\/lobosnews.com.ar\/index.php\/2026\/03\/07\/parana-el-momento-en-que-familiares-de-un-preso-asesinado-se-prendieron-fuego-accidentalmente-al-quemar-neumaticos\/","url":"https:\/\/lobosnews.com.ar\/index.php\/2026\/03\/07\/parana-el-momento-en-que-familiares-de-un-preso-asesinado-se-prendieron-fuego-accidentalmente-al-quemar-neumaticos\/","name":"Paran\u00e1: el momento en que familiares de un preso asesinado se prendieron fuego accidentalmente al quemar neum\u00e1ticos - Lobos News","isPartOf":{"@id":"https:\/\/lobosnews.com.ar\/#website"},"primaryImageOfPage":{"@id":"https:\/\/lobosnews.com.ar\/index.php\/2026\/03\/07\/parana-el-momento-en-que-familiares-de-un-preso-asesinado-se-prendieron-fuego-accidentalmente-al-quemar-neumaticos\/#primaryimage"},"image":{"@id":"https:\/\/lobosnews.com.ar\/index.php\/2026\/03\/07\/parana-el-momento-en-que-familiares-de-un-preso-asesinado-se-prendieron-fuego-accidentalmente-al-quemar-neumaticos\/#primaryimage"},"thumbnailUrl":"https:\/\/lobosnews.com.ar\/wp-content\/uploads\/2026\/03\/parana-el-momento-en-que-familiares-de-un-preso-asesinado-se-prendieron-fuego-accidentalmente-al-quemar-neumaticos.jpg","datePublished":"2026-03-07T16:08:48+00:00","dateModified":"2026-03-07T17:55:19+00:00","breadcrumb":{"@id":"https:\/\/lobosnews.com.ar\/index.php\/2026\/03\/07\/parana-el-momento-en-que-familiares-de-un-preso-asesinado-se-prendieron-fuego-accidentalmente-al-quemar-neumaticos\/#breadcrumb"},"inLanguage":"es","potentialAction":[{"@type":"ReadAction","target":["https:\/\/lobosnews.com.ar\/index.php\/2026\/03\/07\/parana-el-momento-en-que-familiares-de-un-preso-asesinado-se-prendieron-fuego-accidentalmente-al-quemar-neumaticos\/"]}]},{"@type":"ImageObject","inLanguage":"es","@id":"https:\/\/lobosnews.com.ar\/index.php\/2026\/03\/07\/parana-el-momento-en-que-familiares-de-un-preso-asesinado-se-prendieron-fuego-accidentalmente-al-quemar-neumaticos\/#primaryimage","url":"https:\/\/lobosnews.com.ar\/wp-content\/uploads\/2026\/03\/parana-el-momento-en-que-familiares-de-un-preso-asesinado-se-prendieron-fuego-accidentalmente-al-quemar-neumaticos.jpg","contentUrl":"https:\/\/lobosnews.com.ar\/wp-content\/uploads\/2026\/03\/parana-el-momento-en-que-familiares-de-un-preso-asesinado-se-prendieron-fuego-accidentalmente-al-quemar-neumaticos.jpg","width":1920,"height":1080,"caption":"Paran\u00e1: el momento en que familiares de un preso asesinado se prendieron fuego accidentalmente al quemar neum\u00e1ticos"},{"@type":"BreadcrumbList","@id":"https:\/\/lobosnews.com.ar\/index.php\/2026\/03\/07\/parana-el-momento-en-que-familiares-de-un-preso-asesinado-se-prendieron-fuego-accidentalmente-al-quemar-neumaticos\/#breadcrumb","itemListElement":[{"@type":"ListItem","position":1,"name":"Portada","item":"https:\/\/lobosnews.com.ar\/"},{"@type":"ListItem","position":2,"name":"Paran\u00e1: el momento en que familiares de un preso asesinado se prendieron fuego accidentalmente al quemar neum\u00e1ticos"}]},{"@type":"WebSite","@id":"https:\/\/lobosnews.com.ar\/#website","url":"https:\/\/lobosnews.com.ar\/","name":"Lobos News","description":"Informaci\u00f3n a cada instante","publisher":{"@id":"https:\/\/lobosnews.com.ar\/#organization"},"potentialAction":[{"@type":"SearchAction","target":{"@type":"EntryPoint","urlTemplate":"https:\/\/lobosnews.com.ar\/?s={search_term_string}"},"query-input":{"@type":"PropertyValueSpecification","valueRequired":true,"valueName":"search_term_string"}}],"inLanguage":"es"},{"@type":"Organization","@id":"https:\/\/lobosnews.com.ar\/#organization","name":"Lobos News","url":"https:\/\/lobosnews.com.ar\/","logo":{"@type":"ImageObject","inLanguage":"es","@id":"https:\/\/lobosnews.com.ar\/#\/schema\/logo\/image\/","url":"https:\/\/lobosnews.com.ar\/wp-content\/uploads\/2026\/01\/logo-lobosnews.png","contentUrl":"https:\/\/lobosnews.com.ar\/wp-content\/uploads\/2026\/01\/logo-lobosnews.png","width":500,"height":200,"caption":"Lobos News"},"image":{"@id":"https:\/\/lobosnews.com.ar\/#\/schema\/logo\/image\/"}},{"@type":"Person","@id":"https:\/\/lobosnews.com.ar\/#\/schema\/person\/232422a593d5c541dd9aef6aaed10943","name":"admin","image":{"@type":"ImageObject","inLanguage":"es","@id":"https:\/\/lobosnews.com.ar\/#\/schema\/person\/image\/","url":"https:\/\/secure.gravatar.com\/avatar\/76e419471a2083bc3ceab22a763dbbf9b0c1bd15a6214cf3280e2c2dde4580f9?s=96&d=mm&r=g","contentUrl":"https:\/\/secure.gravatar.com\/avatar\/76e419471a2083bc3ceab22a763dbbf9b0c1bd15a6214cf3280e2c2dde4580f9?s=96&d=mm&r=g","caption":"admin"},"sameAs":["https:\/\/lobosnews.com.ar"],"url":"https:\/\/lobosnews.com.ar\/index.php\/author\/lobos-news\/"}]}},"jetpack_featured_media_url":"https:\/\/lobosnews.com.ar\/wp-content\/uploads\/2026\/03\/parana-el-momento-en-que-familiares-de-un-preso-asesinado-se-prendieron-fuego-accidentalmente-al-quemar-neumaticos.jpg","jetpack_sharing_enabled":true,"_links":{"self":[{"href":"https:\/\/lobosnews.com.ar\/index.php\/wp-json\/wp\/v2\/posts\/30387","targetHints":{"allow":["GET"]}}],"collection":[{"href":"https:\/\/lobosnews.com.ar\/index.php\/wp-json\/wp\/v2\/posts"}],"about":[{"href":"https:\/\/lobosnews.com.ar\/index.php\/wp-json\/wp\/v2\/types\/post"}],"author":[{"embeddable":true,"href":"https:\/\/lobosnews.com.ar\/index.php\/wp-json\/wp\/v2\/users\/1"}],"replies":[{"embeddable":true,"href":"https:\/\/lobosnews.com.ar\/index.php\/wp-json\/wp\/v2\/comments?post=30387"}],"version-history":[{"count":1,"href":"https:\/\/lobosnews.com.ar\/index.php\/wp-json\/wp\/v2\/posts\/30387\/revisions"}],"predecessor-version":[{"id":30389,"href":"https:\/\/lobosnews.com.ar\/index.php\/wp-json\/wp\/v2\/posts\/30387\/revisions\/30389"}],"wp:featuredmedia":[{"embeddable":true,"href":"https:\/\/lobosnews.com.ar\/index.php\/wp-json\/wp\/v2\/media\/30390"}],"wp:attachment":[{"href":"https:\/\/lobosnews.com.ar\/index.php\/wp-json\/wp\/v2\/media?parent=30387"}],"wp:term":[{"taxonomy":"category","embeddable":true,"href":"https:\/\/lobosnews.com.ar\/index.php\/wp-json\/wp\/v2\/categories?post=30387"},{"taxonomy":"post_tag","embeddable":true,"href":"https:\/\/lobosnews.com.ar\/index.php\/wp-json\/wp\/v2\/tags?post=30387"}],"curies":[{"name":"wp","href":"https:\/\/api.w.org\/{rel}","templated":true}]}}