{"id":30331,"date":"2026-03-07T05:00:00","date_gmt":"2026-03-07T05:00:00","guid":{"rendered":"https:\/\/lobosnews.com.ar\/index.php\/2026\/03\/07\/hernan-lirio-arranca-una-nueva-aventura-por-el-mundo-junto-a-ramoncito-el-entusiasmo-se-siente\/"},"modified":"2026-03-07T14:42:53","modified_gmt":"2026-03-07T14:42:53","slug":"hernan-lirio-arranca-una-nueva-aventura-por-el-mundo-junto-a-ramoncito-el-entusiasmo-se-siente","status":"publish","type":"post","link":"https:\/\/lobosnews.com.ar\/index.php\/2026\/03\/07\/hernan-lirio-arranca-una-nueva-aventura-por-el-mundo-junto-a-ramoncito-el-entusiasmo-se-siente\/","title":{"rendered":"Hern\u00e1n Lirio arranca una nueva aventura por el mundo junto a Ramoncito: \u201cEl entusiasmo se siente\u201d"},"content":{"rendered":"<p><img loading=\"lazy\" decoding=\"async\" src=\"https:\/\/lobosnews.com.ar\/wp-content\/uploads\/2026\/03\/hernan-lirio-arranca-una-nueva-aventura-por-el-mundo-junto-a-ramoncito-el-entusiasmo-se-siente.jpg\" alt=\"Un hombre y su perro compa\u00f1ero posan en tres destinos tur\u00edsticos emblem\u00e1ticos, incluyendo Las Vegas y la Catedral de San Basilio en Mosc\u00fa, mostrando la alegr\u00eda de viajar juntos.\" height=\"1080\" width=\"1920\"\/><\/p>\n<p><span class=\"waslinkname\"><b>Hern\u00e1n Lirio<\/b><\/span><b> <\/b>mira la c\u00e1mara y sonr\u00ede con la naturalidad de quien vive haciendo lo que ama. Lleva a\u00f1os al frente de <i>Ten\u00e9s que ir<\/i>, el programa que lo lleva a recorrer paisajes y culturas de todo el mundo. Siempre encuentra algo nuevo que lo emociona y lo impulsa a seguir. <span class=\"waslinkname\"><b>La pasi\u00f3n por contar historias lo acompa\u00f1a desde aquellos primeros d\u00edas en la televisi\u00f3n<\/b><\/span>, cuando cada salida era un desaf\u00edo y cada regreso, una an\u00e9cdota m\u00e1s para sumar. Hoy celebra el presente con la misma emoci\u00f3n y la humildad intacta. \u201c<b>No puedo creer que estemos arrancando la cuarta temporada<\/b>\u201d, dice a<b> Teleshow<\/b>, de cara a una nueva aventura. El entusiasmo se siente, el agradecimiento tambi\u00e9n. \u201c<b>Este proyecto se hace muy a pulm\u00f3n<\/b>, con muy poquita gente pero todos con un coraz\u00f3n enorme. Comenzamos muy despacito y <b>fuimos creciendo con el tiempo<\/b>. Hoy, mirando para atr\u00e1s y con dos Mart\u00edn Fierro, estamos orgullosos y felices del producto que hacemos\u201d, cuenta entusiasmado.<\/p>\n<p>Este s\u00e1bado 7 de marzo a las 13, la pantalla de El Nueve vuelve a abrir una ventana al mundo. Regresa <i>e<\/i>l programa que en cada viaje acerca im\u00e1genes desconocidas. No llega como una temporada m\u00e1s: ya son cuatro, con un recorrido que <b>comenz\u00f3 en peque\u00f1os rincones argentinos<\/b> y hoy suma pa\u00edses, ciudades y experiencias. El ciclo creci\u00f3 con el tiempo, episodio tras episodio, hasta convertirse en un cl\u00e1sico del turismo en la televisi\u00f3n abierta. El equipo celebra <b>145 programas al aire<\/b>, <b>36 pa\u00edses<\/b> visitados y m\u00e1s de <b>130 destinos<\/b> recorridos. <\/p>\n<p><img loading=\"lazy\" decoding=\"async\" src=\"https:\/\/lobosnews.com.ar\/wp-content\/uploads\/2026\/03\/hernan-lirio-arranca-una-nueva-aventura-por-el-mundo-junto-a-ramoncito-el-entusiasmo-se-siente-1.jpg\" alt=\"Hern\u00e1n Lirio sonriente posa con la bandera argentina y un cartel del Parque Nacional Los Glaciares, con el imponente Glaciar Perito Moreno y t\u00e9mpanos flotantes de fondo.\" height=\"2560\" width=\"1920\"\/><\/p>\n<p>Lirio relata que el programa se sostiene en una propuesta simple: <b>viajar desde la experiencia real<\/b>. El tono es cercano, <b>como el de un amigo que comparte sus hallazgos y sus sorpresas<\/b>. As\u00ed, Hern\u00e1n recorre destinos accesibles y tambi\u00e9n grandes ciudades, propone escapadas locales y aventuras internacionales, pero siempre cuenta cada viaje en primera persona. \u201cPara esta temporada tenemos preparados hermosos destinos. Ya viajamos a grabar hasta <b>San Francisco, Houston y algunos otros puntos de Estados Unidos, Aruba, las Islas Caim\u00e1n<\/b> y varios destinos argentinos\u201d, adelanta con alegr\u00eda.<\/p>\n<p><img loading=\"lazy\" decoding=\"async\" src=\"https:\/\/lobosnews.com.ar\/wp-content\/uploads\/2026\/03\/hernan-lirio-arranca-una-nueva-aventura-por-el-mundo-junto-a-ramoncito-el-entusiasmo-se-siente-2.jpg\" alt=\"Hern\u00e1n Lirio posa junto al emblem\u00e1tico cartel de la Ruta Nacional 40 en La Rioja, Argentina, al atardecer, con el cielo te\u00f1ido de tonos c\u00e1lidos.\" height=\"2560\" width=\"1920\"\/><\/p>\n<p>El esp\u00edritu de la propuesta se nota en el ritmo \u00e1gil, en la mirada curiosa y en el lenguaje de redes sociales que atraviesa cada episodio. Hay paisajes, pero tambi\u00e9n<b> historias, cultura, gastronom\u00eda y estilos de vida<\/b>. El foco siempre se mantiene en la experiencia. El contador de pa\u00edses sigue subiendo y la esencia no se altera: <b>mostrar cada lugar como si el espectador viajara ah\u00ed mismo<\/b>, sin intermediarios.<\/p>\n<p>Con dos premios Mart\u00edn Fierro en su haber, Hern\u00e1n construy\u00f3 un producto que fue creciendo a pasos agigantados. \u201cNo fue f\u00e1cil instalarse en televisi\u00f3n abierta con un programa de turismo, pero el trabajo dio frutos\u201d, cuenta.<\/p>\n<p><img loading=\"lazy\" decoding=\"async\" src=\"https:\/\/lobosnews.com.ar\/wp-content\/uploads\/2026\/03\/hernan-lirio-arranca-una-nueva-aventura-por-el-mundo-junto-a-ramoncito-el-entusiasmo-se-siente-3.jpg\" alt=\"Hern\u00e1n Lirio equipado con casco, gafas de sol y crampones sonr\u00ede mientras posa en el impresionante interior de un glaciar, rodeado por paredes de hielo azul intenso.\" height=\"3413\" width=\"1920\"\/><\/p>\n<p>Entre los integrantes del equipo <b>hay un protagonista especial<\/b>. En muchos de los viajes, el conductor no est\u00e1 solo. Lo acompa\u00f1a <i>Ramoncito<\/i>, su Jack Russell de <b>11 a\u00f1os y medio<\/b>, que ya se transform\u00f3 en una celebridad en redes sociales. La presencia de <i>Ramoncito<\/i> suma calidez en cada historia y contagia entusiasmo a quienes siguen el programa. \u201cEstoy muy feliz de poder conocer y recorrer el mundo y mostrarle a la gente cada lugar desde mi experiencia. Poder viajar con <i>Ramoncito<\/i> me hace muy feliz porque<b> cuando tengo que irme sin \u00e9l, lo extra\u00f1o demasiado.<\/b> \u00c9l ya tiene casi 12 a\u00f1os y somos muy unidos. <i><b>Ramoncito<\/b><\/i><b> es mi hijo<\/b>\u201d, afirma.<\/p>\n<p><img loading=\"lazy\" decoding=\"async\" src=\"https:\/\/lobosnews.com.ar\/wp-content\/uploads\/2026\/03\/hernan-lirio-arranca-una-nueva-aventura-por-el-mundo-junto-a-ramoncito-el-entusiasmo-se-siente-4.jpg\" alt=\"Hern\u00e1n Lirio sonriente invita a la exploraci\u00f3n, apuntando hacia la imponente ciudadela de Machu Picchu, enmarcada por monta\u00f1as verdes y un cielo parcialmente nublado.\" height=\"3183\" width=\"1920\"\/><\/p>\n<p>La historia de <i>Ram\u00f3n<\/i> como perro influencer tuvo un hito en <b>noviembre pasado<\/b>. Vestido de gala, recibi\u00f3 <b>el reconocimiento a la originalidad audiovisual <\/b>en los Mart\u00edn Fierro Latinos entregados en Miami.<b> Por primera vez, una mascota gan\u00f3 un Mart\u00edn Fierro<\/b>. La imagen recorri\u00f3 las redes y qued\u00f3 como testimonio de una noche distinta. Ronen Suarc, conductor del evento, lo destac\u00f3 en el escenario: \u201cNo estamos hablando de un humano, estamos hablando de un reconocimiento para <i>Ramoncito<\/i>\u201d, y resalt\u00f3 su \u201cpresencia constante en pantalla y<b> una ternura que trasciende cualquier formato<\/b>. Se convirti\u00f3 en una figura entra\u00f1able por su simpat\u00eda, su carisma y su v\u00ednculo con el p\u00fablico\u201d.<\/p>\n<p>Cuando el conductor subi\u00f3 al escenario, record\u00f3 los comienzos: \u201c<b>Se cri\u00f3 en un estudio de televisi\u00f3n<\/b>, me lo regalaron cuando ten\u00eda dos meses y yo trabajaba de madrugada. Se cri\u00f3 atr\u00e1s, en el sill\u00f3n, hasta que sali\u00f3 del sill\u00f3n\u201d. El v\u00ednculo entre ellos se fortaleci\u00f3 con los a\u00f1os y se hizo visible en cada viaje. No oculta la emoci\u00f3n: \u201c<b>Tiene 11 a\u00f1os, es mi vida entera<\/b>, y espero que viva muchos m\u00e1s para poder acompa\u00f1arme, porque me alegra la vida\u201d.<\/p>\n<p><img loading=\"lazy\" decoding=\"async\" src=\"https:\/\/lobosnews.com.ar\/wp-content\/uploads\/2026\/03\/hernan-lirio-arranca-una-nueva-aventura-por-el-mundo-junto-a-ramoncito-el-entusiasmo-se-siente-5.jpg\" alt=\"Hern\u00e1n Lirio frente a una majestuosa pagoda roja de tres niveles en un santuario Shinto, enmarcada por exuberante vegetaci\u00f3n bajo un cielo azul, celebrando la rica herencia arquitect\u00f3nica.\" height=\"2560\" width=\"1920\"\/><\/p>\n<p>El premio a <i>Ten\u00e9s que ir<\/i> en los Mart\u00edn Fierro Latinos fue una celebraci\u00f3n colectiva. Claudia Albertario, encargada de anunciar el resultado, lo resumi\u00f3 en pocas palabras: \u201c<i>Ten\u00e9s que ir<\/i> es m\u00e1s que un programa de viajes, junto a Hern\u00e1n y <i>Ramoncito<\/i> los invita a descubrir Argentina y el mundo mostrando gente, cultura, sabores, con emoci\u00f3n aut\u00e9ntica.\u00bb<\/p>\n<p>La ceremonia fue tambi\u00e9n el escenario de una confesi\u00f3n personal. El conductor tom\u00f3 el micr\u00f3fono y habl\u00f3 de la salud de su mascota: \u201cNosotros viajamos con<i> Ramoncito<\/i> y el a\u00f1o pasado cuando vinimos y ganamos este premio, el primero, el tan esperado, <b>yo se lo dediqu\u00e9 a \u00e9l porque tiene una enfermedad <\/b>y gracias a Dios la sorte\u00f3. La est\u00e1 llevando recontra bien adelante. Se llama S\u00edndrome de Cushing, y cuando a un animalito se lo diagnostican viven dos a\u00f1os nada m\u00e1s, y el veterinario nos dijo que <b>\u00e9l va a vivir m\u00e1s<\/b>, y est\u00e1 con el tratamiento re bien, esa es mi mayor felicidad\u201d.<\/p>\n<p><img loading=\"lazy\" decoding=\"async\" src=\"https:\/\/lobosnews.com.ar\/wp-content\/uploads\/2026\/03\/hernan-lirio-arranca-una-nueva-aventura-por-el-mundo-junto-a-ramoncito-el-entusiasmo-se-siente-6.jpg\" alt=\"Hernan Lirio en el famoso Puente Golden Gate de San Francisco como tel\u00f3n de fondo al atardecer.\" height=\"3413\" width=\"1920\"\/><\/p>\n<p>El auditorio acompa\u00f1\u00f3 con aplausos. El relato trascendi\u00f3 el c\u00edrculo de la televisi\u00f3n y se volvi\u00f3 un mensaje para quienes comparten la vida con animales. En redes sociales, el presentador abri\u00f3 el coraz\u00f3n: \u201cPensar que hace un a\u00f1o me dijeron que te ibas a morir. Se te empez\u00f3 a caer el pelito y tu cuerpito se debilit\u00f3\u2026 Se me vino el mundo abajo y<b> paus\u00e9 mi vida para acompa\u00f1arte<\/b>. Hoy eso qued\u00f3 atr\u00e1s, lejos \u00a1y decretando que ya se termin\u00f3!\u201d.<\/p>\n<p>El presente de<i> Ramoncito <\/i>se celebra en cada episodio. El conductor comparte en sus cuentas im\u00e1genes y videos de su \u00faltimo viaje juntos a Jujuy. El testimonio es claro: \u201c<b>Nuestra vida juntos fue y es hermosa.<\/b> Ojal\u00e1 tengamos muchos m\u00e1s viajes para compartir. Te amo @ramoncitolirio!\u201d.<\/p>\n<p><img loading=\"lazy\" decoding=\"async\" src=\"https:\/\/lobosnews.com.ar\/wp-content\/uploads\/2026\/03\/hernan-lirio-arranca-una-nueva-aventura-por-el-mundo-junto-a-ramoncito-el-entusiasmo-se-siente-7.jpg\" alt=\"Con el horizonte de fondo, Hern\u00e1n Lirio muestra la imponente vista del atardecer sobre el mar\" height=\"2560\" width=\"1920\"\/><\/p>\n<p>La propuesta de <i>Ten\u00e9s que ir<\/i> busca sorprender con cada destino. El ciclo no se queda en la postal, <b>suma historias y tradiciones, explora sabores y costumbres<\/b>, y acerca la realidad de cada lugar con una mirada aut\u00e9ntica. El equipo apuesta por la cercan\u00eda y el entusiasmo, sin perder de vista la calidad en cada cap\u00edtulo. El p\u00fablico reconoce ese esfuerzo y acompa\u00f1a el crecimiento desde el primer programa.<\/p>\n<p>El regreso de <i>Ten\u00e9s que ir<\/i> marca un nuevo cap\u00edtulo en la televisi\u00f3n de viajes. La invitaci\u00f3n se repite con cada emisi\u00f3n: <b>preparar la valija, abrir la mente y salir a recorrer el mundo<\/b>. El conductor, <i>Ramoncito<\/i> y el equipo celebran la oportunidad de seguir viajando, de sumar experiencias y de compartir el recorrido con quienes eligen acompa\u00f1arlos desde casa. La cuarta temporada comienza con la misma ilusi\u00f3n del primer d\u00eda, con la alegr\u00eda de descubrir nuevos caminos y con la certeza de que <b>el viaje sigue siempre adelante<\/b>.<\/p>\n","protected":false},"excerpt":{"rendered":"<p>Hern\u00e1n Lirio mira la c\u00e1mara y sonr\u00ede con la naturalidad de quien vive haciendo lo que ama. Lleva a\u00f1os al frente de Ten\u00e9s que ir, el programa que lo lleva a recorrer paisajes y culturas de todo el mundo. Siempre encuentra algo nuevo que lo emociona y lo impulsa a seguir. La pasi\u00f3n por contar&#8230;<\/p>\n","protected":false},"author":1,"featured_media":30341,"comment_status":"open","ping_status":"closed","sticky":false,"template":"","format":"standard","meta":{"_jetpack_memberships_contains_paid_content":false,"footnotes":""},"categories":[79],"tags":[],"class_list":["post-30331","post","type-post","status-publish","format-standard","has-post-thumbnail","hentry","category-cine-y-series"],"magazineBlocksPostFeaturedMedia":{"thumbnail":"https:\/\/lobosnews.com.ar\/wp-content\/uploads\/2026\/03\/hernan-lirio-arranca-una-nueva-aventura-por-el-mundo-junto-a-ramoncito-el-entusiasmo-se-siente-14-150x150.jpg","medium":"https:\/\/lobosnews.com.ar\/wp-content\/uploads\/2026\/03\/hernan-lirio-arranca-una-nueva-aventura-por-el-mundo-junto-a-ramoncito-el-entusiasmo-se-siente-14-225x300.jpg","medium_large":"https:\/\/lobosnews.com.ar\/wp-content\/uploads\/2026\/03\/hernan-lirio-arranca-una-nueva-aventura-por-el-mundo-junto-a-ramoncito-el-entusiasmo-se-siente-14-768x1024.jpg","large":"https:\/\/lobosnews.com.ar\/wp-content\/uploads\/2026\/03\/hernan-lirio-arranca-una-nueva-aventura-por-el-mundo-junto-a-ramoncito-el-entusiasmo-se-siente-14-768x1024.jpg","1536x1536":"https:\/\/lobosnews.com.ar\/wp-content\/uploads\/2026\/03\/hernan-lirio-arranca-una-nueva-aventura-por-el-mundo-junto-a-ramoncito-el-entusiasmo-se-siente-14-1152x1536.jpg","2048x2048":"https:\/\/lobosnews.com.ar\/wp-content\/uploads\/2026\/03\/hernan-lirio-arranca-una-nueva-aventura-por-el-mundo-junto-a-ramoncito-el-entusiasmo-se-siente-14-1536x2048.jpg","newsmatic-featured":"https:\/\/lobosnews.com.ar\/wp-content\/uploads\/2026\/03\/hernan-lirio-arranca-una-nueva-aventura-por-el-mundo-junto-a-ramoncito-el-entusiasmo-se-siente-14-820x545.jpg","newsmatic-list":"https:\/\/lobosnews.com.ar\/wp-content\/uploads\/2026\/03\/hernan-lirio-arranca-una-nueva-aventura-por-el-mundo-junto-a-ramoncito-el-entusiasmo-se-siente-14-600x400.jpg","newsmatic-thumb":"https:\/\/lobosnews.com.ar\/wp-content\/uploads\/2026\/03\/hernan-lirio-arranca-una-nueva-aventura-por-el-mundo-junto-a-ramoncito-el-entusiasmo-se-siente-14-300x200.jpg","newsmatic-small":"https:\/\/lobosnews.com.ar\/wp-content\/uploads\/2026\/03\/hernan-lirio-arranca-una-nueva-aventura-por-el-mundo-junto-a-ramoncito-el-entusiasmo-se-siente-14-150x95.jpg","newsmatic-grid":"https:\/\/lobosnews.com.ar\/wp-content\/uploads\/2026\/03\/hernan-lirio-arranca-una-nueva-aventura-por-el-mundo-junto-a-ramoncito-el-entusiasmo-se-siente-14-400x250.jpg"},"magazineBlocksPostAuthor":{"name":"admin","avatar":"https:\/\/secure.gravatar.com\/avatar\/76e419471a2083bc3ceab22a763dbbf9b0c1bd15a6214cf3280e2c2dde4580f9?s=96&d=mm&r=g"},"magazineBlocksPostCommentsNumber":"0","magazineBlocksPostExcerpt":"Hern\u00e1n Lirio mira la c\u00e1mara y sonr\u00ede con la naturalidad de quien vive haciendo lo que ama. Lleva a\u00f1os al frente de Ten\u00e9s que ir, el programa que lo lleva a recorrer paisajes y culturas de todo el mundo. Siempre encuentra algo nuevo que lo emociona y lo impulsa a seguir. La pasi\u00f3n por contar...","magazineBlocksPostCategories":["Cine y Series"],"magazineBlocksPostViewCount":118,"magazineBlocksPostReadTime":7,"magazine_blocks_featured_image_url":{"full":["https:\/\/lobosnews.com.ar\/wp-content\/uploads\/2026\/03\/hernan-lirio-arranca-una-nueva-aventura-por-el-mundo-junto-a-ramoncito-el-entusiasmo-se-siente-14.jpg",1920,2560,false],"medium":["https:\/\/lobosnews.com.ar\/wp-content\/uploads\/2026\/03\/hernan-lirio-arranca-una-nueva-aventura-por-el-mundo-junto-a-ramoncito-el-entusiasmo-se-siente-14-225x300.jpg",225,300,true],"thumbnail":["https:\/\/lobosnews.com.ar\/wp-content\/uploads\/2026\/03\/hernan-lirio-arranca-una-nueva-aventura-por-el-mundo-junto-a-ramoncito-el-entusiasmo-se-siente-14-150x150.jpg",150,150,true]},"magazine_blocks_author":{"display_name":"admin","author_link":"https:\/\/lobosnews.com.ar\/index.php\/author\/lobos-news\/"},"magazine_blocks_comment":0,"magazine_blocks_author_image":"https:\/\/secure.gravatar.com\/avatar\/76e419471a2083bc3ceab22a763dbbf9b0c1bd15a6214cf3280e2c2dde4580f9?s=96&d=mm&r=g","magazine_blocks_category":"<a href=\"#\" class=\"category-link category-link-79\">Cine y Series<\/a>","yoast_head":"<!-- This site is optimized with the Yoast SEO plugin v26.6 - https:\/\/yoast.com\/wordpress\/plugins\/seo\/ -->\n<title>Hern\u00e1n Lirio arranca una nueva aventura por el mundo junto a Ramoncito: \u201cEl entusiasmo se siente\u201d - Lobos News<\/title>\n<meta name=\"robots\" content=\"index, follow, max-snippet:-1, max-image-preview:large, max-video-preview:-1\" \/>\n<link rel=\"canonical\" href=\"https:\/\/lobosnews.com.ar\/index.php\/2026\/03\/07\/hernan-lirio-arranca-una-nueva-aventura-por-el-mundo-junto-a-ramoncito-el-entusiasmo-se-siente\/\" \/>\n<meta property=\"og:locale\" content=\"es_ES\" \/>\n<meta property=\"og:type\" content=\"article\" \/>\n<meta property=\"og:title\" content=\"Hern\u00e1n Lirio arranca una nueva aventura por el mundo junto a Ramoncito: \u201cEl entusiasmo se siente\u201d - Lobos News\" \/>\n<meta property=\"og:description\" content=\"Hern\u00e1n Lirio mira la c\u00e1mara y sonr\u00ede con la naturalidad de quien vive haciendo lo que ama. Lleva a\u00f1os al frente de Ten\u00e9s que ir, el programa que lo lleva a recorrer paisajes y culturas de todo el mundo. Siempre encuentra algo nuevo que lo emociona y lo impulsa a seguir. La pasi\u00f3n por contar...\" \/>\n<meta property=\"og:url\" content=\"https:\/\/lobosnews.com.ar\/index.php\/2026\/03\/07\/hernan-lirio-arranca-una-nueva-aventura-por-el-mundo-junto-a-ramoncito-el-entusiasmo-se-siente\/\" \/>\n<meta property=\"og:site_name\" content=\"Lobos News\" \/>\n<meta property=\"article:published_time\" content=\"2026-03-07T05:00:00+00:00\" \/>\n<meta property=\"article:modified_time\" content=\"2026-03-07T14:42:53+00:00\" \/>\n<meta property=\"og:image\" content=\"https:\/\/lobosnews.com.ar\/wp-content\/uploads\/2026\/03\/hernan-lirio-arranca-una-nueva-aventura-por-el-mundo-junto-a-ramoncito-el-entusiasmo-se-siente.jpg\" \/>\n<meta name=\"author\" content=\"admin\" \/>\n<meta name=\"twitter:card\" content=\"summary_large_image\" \/>\n<meta name=\"twitter:label1\" content=\"Escrito por\" \/>\n\t<meta name=\"twitter:data1\" content=\"admin\" \/>\n\t<meta name=\"twitter:label2\" content=\"Tiempo de lectura\" \/>\n\t<meta name=\"twitter:data2\" content=\"6 minutos\" \/>\n<script type=\"application\/ld+json\" class=\"yoast-schema-graph\">{\"@context\":\"https:\/\/schema.org\",\"@graph\":[{\"@type\":\"Article\",\"@id\":\"https:\/\/lobosnews.com.ar\/index.php\/2026\/03\/07\/hernan-lirio-arranca-una-nueva-aventura-por-el-mundo-junto-a-ramoncito-el-entusiasmo-se-siente\/#article\",\"isPartOf\":{\"@id\":\"https:\/\/lobosnews.com.ar\/index.php\/2026\/03\/07\/hernan-lirio-arranca-una-nueva-aventura-por-el-mundo-junto-a-ramoncito-el-entusiasmo-se-siente\/\"},\"author\":{\"name\":\"admin\",\"@id\":\"https:\/\/lobosnews.com.ar\/#\/schema\/person\/232422a593d5c541dd9aef6aaed10943\"},\"headline\":\"Hern\u00e1n Lirio arranca una nueva aventura por el mundo junto a Ramoncito: \u201cEl entusiasmo se siente\u201d\",\"datePublished\":\"2026-03-07T05:00:00+00:00\",\"dateModified\":\"2026-03-07T14:42:53+00:00\",\"mainEntityOfPage\":{\"@id\":\"https:\/\/lobosnews.com.ar\/index.php\/2026\/03\/07\/hernan-lirio-arranca-una-nueva-aventura-por-el-mundo-junto-a-ramoncito-el-entusiasmo-se-siente\/\"},\"wordCount\":1297,\"commentCount\":0,\"publisher\":{\"@id\":\"https:\/\/lobosnews.com.ar\/#organization\"},\"image\":{\"@id\":\"https:\/\/lobosnews.com.ar\/index.php\/2026\/03\/07\/hernan-lirio-arranca-una-nueva-aventura-por-el-mundo-junto-a-ramoncito-el-entusiasmo-se-siente\/#primaryimage\"},\"thumbnailUrl\":\"https:\/\/lobosnews.com.ar\/wp-content\/uploads\/2026\/03\/hernan-lirio-arranca-una-nueva-aventura-por-el-mundo-junto-a-ramoncito-el-entusiasmo-se-siente-14.jpg\",\"articleSection\":[\"Cine y Series\"],\"inLanguage\":\"es\",\"potentialAction\":[{\"@type\":\"CommentAction\",\"name\":\"Comment\",\"target\":[\"https:\/\/lobosnews.com.ar\/index.php\/2026\/03\/07\/hernan-lirio-arranca-una-nueva-aventura-por-el-mundo-junto-a-ramoncito-el-entusiasmo-se-siente\/#respond\"]}]},{\"@type\":\"WebPage\",\"@id\":\"https:\/\/lobosnews.com.ar\/index.php\/2026\/03\/07\/hernan-lirio-arranca-una-nueva-aventura-por-el-mundo-junto-a-ramoncito-el-entusiasmo-se-siente\/\",\"url\":\"https:\/\/lobosnews.com.ar\/index.php\/2026\/03\/07\/hernan-lirio-arranca-una-nueva-aventura-por-el-mundo-junto-a-ramoncito-el-entusiasmo-se-siente\/\",\"name\":\"Hern\u00e1n Lirio arranca una nueva aventura por el mundo junto a Ramoncito: \u201cEl entusiasmo se siente\u201d - Lobos News\",\"isPartOf\":{\"@id\":\"https:\/\/lobosnews.com.ar\/#website\"},\"primaryImageOfPage\":{\"@id\":\"https:\/\/lobosnews.com.ar\/index.php\/2026\/03\/07\/hernan-lirio-arranca-una-nueva-aventura-por-el-mundo-junto-a-ramoncito-el-entusiasmo-se-siente\/#primaryimage\"},\"image\":{\"@id\":\"https:\/\/lobosnews.com.ar\/index.php\/2026\/03\/07\/hernan-lirio-arranca-una-nueva-aventura-por-el-mundo-junto-a-ramoncito-el-entusiasmo-se-siente\/#primaryimage\"},\"thumbnailUrl\":\"https:\/\/lobosnews.com.ar\/wp-content\/uploads\/2026\/03\/hernan-lirio-arranca-una-nueva-aventura-por-el-mundo-junto-a-ramoncito-el-entusiasmo-se-siente-14.jpg\",\"datePublished\":\"2026-03-07T05:00:00+00:00\",\"dateModified\":\"2026-03-07T14:42:53+00:00\",\"breadcrumb\":{\"@id\":\"https:\/\/lobosnews.com.ar\/index.php\/2026\/03\/07\/hernan-lirio-arranca-una-nueva-aventura-por-el-mundo-junto-a-ramoncito-el-entusiasmo-se-siente\/#breadcrumb\"},\"inLanguage\":\"es\",\"potentialAction\":[{\"@type\":\"ReadAction\",\"target\":[\"https:\/\/lobosnews.com.ar\/index.php\/2026\/03\/07\/hernan-lirio-arranca-una-nueva-aventura-por-el-mundo-junto-a-ramoncito-el-entusiasmo-se-siente\/\"]}]},{\"@type\":\"ImageObject\",\"inLanguage\":\"es\",\"@id\":\"https:\/\/lobosnews.com.ar\/index.php\/2026\/03\/07\/hernan-lirio-arranca-una-nueva-aventura-por-el-mundo-junto-a-ramoncito-el-entusiasmo-se-siente\/#primaryimage\",\"url\":\"https:\/\/lobosnews.com.ar\/wp-content\/uploads\/2026\/03\/hernan-lirio-arranca-una-nueva-aventura-por-el-mundo-junto-a-ramoncito-el-entusiasmo-se-siente-14.jpg\",\"contentUrl\":\"https:\/\/lobosnews.com.ar\/wp-content\/uploads\/2026\/03\/hernan-lirio-arranca-una-nueva-aventura-por-el-mundo-junto-a-ramoncito-el-entusiasmo-se-siente-14.jpg\",\"width\":1920,\"height\":2560,\"caption\":\"Hern\u00e1n Lirio arranca una nueva aventura por el mundo junto a Ramoncito: \u201cEl entusiasmo se siente\u201d\"},{\"@type\":\"BreadcrumbList\",\"@id\":\"https:\/\/lobosnews.com.ar\/index.php\/2026\/03\/07\/hernan-lirio-arranca-una-nueva-aventura-por-el-mundo-junto-a-ramoncito-el-entusiasmo-se-siente\/#breadcrumb\",\"itemListElement\":[{\"@type\":\"ListItem\",\"position\":1,\"name\":\"Portada\",\"item\":\"https:\/\/lobosnews.com.ar\/\"},{\"@type\":\"ListItem\",\"position\":2,\"name\":\"Hern\u00e1n Lirio arranca una nueva aventura por el mundo junto a Ramoncito: \u201cEl entusiasmo se siente\u201d\"}]},{\"@type\":\"WebSite\",\"@id\":\"https:\/\/lobosnews.com.ar\/#website\",\"url\":\"https:\/\/lobosnews.com.ar\/\",\"name\":\"Lobos News\",\"description\":\"Informaci\u00f3n a cada instante\",\"publisher\":{\"@id\":\"https:\/\/lobosnews.com.ar\/#organization\"},\"potentialAction\":[{\"@type\":\"SearchAction\",\"target\":{\"@type\":\"EntryPoint\",\"urlTemplate\":\"https:\/\/lobosnews.com.ar\/?s={search_term_string}\"},\"query-input\":{\"@type\":\"PropertyValueSpecification\",\"valueRequired\":true,\"valueName\":\"search_term_string\"}}],\"inLanguage\":\"es\"},{\"@type\":\"Organization\",\"@id\":\"https:\/\/lobosnews.com.ar\/#organization\",\"name\":\"Lobos News\",\"url\":\"https:\/\/lobosnews.com.ar\/\",\"logo\":{\"@type\":\"ImageObject\",\"inLanguage\":\"es\",\"@id\":\"https:\/\/lobosnews.com.ar\/#\/schema\/logo\/image\/\",\"url\":\"https:\/\/lobosnews.com.ar\/wp-content\/uploads\/2026\/01\/logo-lobosnews.png\",\"contentUrl\":\"https:\/\/lobosnews.com.ar\/wp-content\/uploads\/2026\/01\/logo-lobosnews.png\",\"width\":500,\"height\":200,\"caption\":\"Lobos News\"},\"image\":{\"@id\":\"https:\/\/lobosnews.com.ar\/#\/schema\/logo\/image\/\"}},{\"@type\":\"Person\",\"@id\":\"https:\/\/lobosnews.com.ar\/#\/schema\/person\/232422a593d5c541dd9aef6aaed10943\",\"name\":\"admin\",\"image\":{\"@type\":\"ImageObject\",\"inLanguage\":\"es\",\"@id\":\"https:\/\/lobosnews.com.ar\/#\/schema\/person\/image\/\",\"url\":\"https:\/\/secure.gravatar.com\/avatar\/76e419471a2083bc3ceab22a763dbbf9b0c1bd15a6214cf3280e2c2dde4580f9?s=96&d=mm&r=g\",\"contentUrl\":\"https:\/\/secure.gravatar.com\/avatar\/76e419471a2083bc3ceab22a763dbbf9b0c1bd15a6214cf3280e2c2dde4580f9?s=96&d=mm&r=g\",\"caption\":\"admin\"},\"sameAs\":[\"https:\/\/lobosnews.com.ar\"],\"url\":\"https:\/\/lobosnews.com.ar\/index.php\/author\/lobos-news\/\"}]}<\/script>\n<!-- \/ Yoast SEO plugin. -->","yoast_head_json":{"title":"Hern\u00e1n Lirio arranca una nueva aventura por el mundo junto a Ramoncito: \u201cEl entusiasmo se siente\u201d - Lobos News","robots":{"index":"index","follow":"follow","max-snippet":"max-snippet:-1","max-image-preview":"max-image-preview:large","max-video-preview":"max-video-preview:-1"},"canonical":"https:\/\/lobosnews.com.ar\/index.php\/2026\/03\/07\/hernan-lirio-arranca-una-nueva-aventura-por-el-mundo-junto-a-ramoncito-el-entusiasmo-se-siente\/","og_locale":"es_ES","og_type":"article","og_title":"Hern\u00e1n Lirio arranca una nueva aventura por el mundo junto a Ramoncito: \u201cEl entusiasmo se siente\u201d - Lobos News","og_description":"Hern\u00e1n Lirio mira la c\u00e1mara y sonr\u00ede con la naturalidad de quien vive haciendo lo que ama. Lleva a\u00f1os al frente de Ten\u00e9s que ir, el programa que lo lleva a recorrer paisajes y culturas de todo el mundo. Siempre encuentra algo nuevo que lo emociona y lo impulsa a seguir. La pasi\u00f3n por contar...","og_url":"https:\/\/lobosnews.com.ar\/index.php\/2026\/03\/07\/hernan-lirio-arranca-una-nueva-aventura-por-el-mundo-junto-a-ramoncito-el-entusiasmo-se-siente\/","og_site_name":"Lobos News","article_published_time":"2026-03-07T05:00:00+00:00","article_modified_time":"2026-03-07T14:42:53+00:00","og_image":[{"url":"https:\/\/lobosnews.com.ar\/wp-content\/uploads\/2026\/03\/hernan-lirio-arranca-una-nueva-aventura-por-el-mundo-junto-a-ramoncito-el-entusiasmo-se-siente.jpg","type":"","width":"","height":""}],"author":"admin","twitter_card":"summary_large_image","twitter_misc":{"Escrito por":"admin","Tiempo de lectura":"6 minutos"},"schema":{"@context":"https:\/\/schema.org","@graph":[{"@type":"Article","@id":"https:\/\/lobosnews.com.ar\/index.php\/2026\/03\/07\/hernan-lirio-arranca-una-nueva-aventura-por-el-mundo-junto-a-ramoncito-el-entusiasmo-se-siente\/#article","isPartOf":{"@id":"https:\/\/lobosnews.com.ar\/index.php\/2026\/03\/07\/hernan-lirio-arranca-una-nueva-aventura-por-el-mundo-junto-a-ramoncito-el-entusiasmo-se-siente\/"},"author":{"name":"admin","@id":"https:\/\/lobosnews.com.ar\/#\/schema\/person\/232422a593d5c541dd9aef6aaed10943"},"headline":"Hern\u00e1n Lirio arranca una nueva aventura por el mundo junto a Ramoncito: \u201cEl entusiasmo se siente\u201d","datePublished":"2026-03-07T05:00:00+00:00","dateModified":"2026-03-07T14:42:53+00:00","mainEntityOfPage":{"@id":"https:\/\/lobosnews.com.ar\/index.php\/2026\/03\/07\/hernan-lirio-arranca-una-nueva-aventura-por-el-mundo-junto-a-ramoncito-el-entusiasmo-se-siente\/"},"wordCount":1297,"commentCount":0,"publisher":{"@id":"https:\/\/lobosnews.com.ar\/#organization"},"image":{"@id":"https:\/\/lobosnews.com.ar\/index.php\/2026\/03\/07\/hernan-lirio-arranca-una-nueva-aventura-por-el-mundo-junto-a-ramoncito-el-entusiasmo-se-siente\/#primaryimage"},"thumbnailUrl":"https:\/\/lobosnews.com.ar\/wp-content\/uploads\/2026\/03\/hernan-lirio-arranca-una-nueva-aventura-por-el-mundo-junto-a-ramoncito-el-entusiasmo-se-siente-14.jpg","articleSection":["Cine y Series"],"inLanguage":"es","potentialAction":[{"@type":"CommentAction","name":"Comment","target":["https:\/\/lobosnews.com.ar\/index.php\/2026\/03\/07\/hernan-lirio-arranca-una-nueva-aventura-por-el-mundo-junto-a-ramoncito-el-entusiasmo-se-siente\/#respond"]}]},{"@type":"WebPage","@id":"https:\/\/lobosnews.com.ar\/index.php\/2026\/03\/07\/hernan-lirio-arranca-una-nueva-aventura-por-el-mundo-junto-a-ramoncito-el-entusiasmo-se-siente\/","url":"https:\/\/lobosnews.com.ar\/index.php\/2026\/03\/07\/hernan-lirio-arranca-una-nueva-aventura-por-el-mundo-junto-a-ramoncito-el-entusiasmo-se-siente\/","name":"Hern\u00e1n Lirio arranca una nueva aventura por el mundo junto a Ramoncito: \u201cEl entusiasmo se siente\u201d - Lobos News","isPartOf":{"@id":"https:\/\/lobosnews.com.ar\/#website"},"primaryImageOfPage":{"@id":"https:\/\/lobosnews.com.ar\/index.php\/2026\/03\/07\/hernan-lirio-arranca-una-nueva-aventura-por-el-mundo-junto-a-ramoncito-el-entusiasmo-se-siente\/#primaryimage"},"image":{"@id":"https:\/\/lobosnews.com.ar\/index.php\/2026\/03\/07\/hernan-lirio-arranca-una-nueva-aventura-por-el-mundo-junto-a-ramoncito-el-entusiasmo-se-siente\/#primaryimage"},"thumbnailUrl":"https:\/\/lobosnews.com.ar\/wp-content\/uploads\/2026\/03\/hernan-lirio-arranca-una-nueva-aventura-por-el-mundo-junto-a-ramoncito-el-entusiasmo-se-siente-14.jpg","datePublished":"2026-03-07T05:00:00+00:00","dateModified":"2026-03-07T14:42:53+00:00","breadcrumb":{"@id":"https:\/\/lobosnews.com.ar\/index.php\/2026\/03\/07\/hernan-lirio-arranca-una-nueva-aventura-por-el-mundo-junto-a-ramoncito-el-entusiasmo-se-siente\/#breadcrumb"},"inLanguage":"es","potentialAction":[{"@type":"ReadAction","target":["https:\/\/lobosnews.com.ar\/index.php\/2026\/03\/07\/hernan-lirio-arranca-una-nueva-aventura-por-el-mundo-junto-a-ramoncito-el-entusiasmo-se-siente\/"]}]},{"@type":"ImageObject","inLanguage":"es","@id":"https:\/\/lobosnews.com.ar\/index.php\/2026\/03\/07\/hernan-lirio-arranca-una-nueva-aventura-por-el-mundo-junto-a-ramoncito-el-entusiasmo-se-siente\/#primaryimage","url":"https:\/\/lobosnews.com.ar\/wp-content\/uploads\/2026\/03\/hernan-lirio-arranca-una-nueva-aventura-por-el-mundo-junto-a-ramoncito-el-entusiasmo-se-siente-14.jpg","contentUrl":"https:\/\/lobosnews.com.ar\/wp-content\/uploads\/2026\/03\/hernan-lirio-arranca-una-nueva-aventura-por-el-mundo-junto-a-ramoncito-el-entusiasmo-se-siente-14.jpg","width":1920,"height":2560,"caption":"Hern\u00e1n Lirio arranca una nueva aventura por el mundo junto a Ramoncito: \u201cEl entusiasmo se siente\u201d"},{"@type":"BreadcrumbList","@id":"https:\/\/lobosnews.com.ar\/index.php\/2026\/03\/07\/hernan-lirio-arranca-una-nueva-aventura-por-el-mundo-junto-a-ramoncito-el-entusiasmo-se-siente\/#breadcrumb","itemListElement":[{"@type":"ListItem","position":1,"name":"Portada","item":"https:\/\/lobosnews.com.ar\/"},{"@type":"ListItem","position":2,"name":"Hern\u00e1n Lirio arranca una nueva aventura por el mundo junto a Ramoncito: \u201cEl entusiasmo se siente\u201d"}]},{"@type":"WebSite","@id":"https:\/\/lobosnews.com.ar\/#website","url":"https:\/\/lobosnews.com.ar\/","name":"Lobos News","description":"Informaci\u00f3n a cada instante","publisher":{"@id":"https:\/\/lobosnews.com.ar\/#organization"},"potentialAction":[{"@type":"SearchAction","target":{"@type":"EntryPoint","urlTemplate":"https:\/\/lobosnews.com.ar\/?s={search_term_string}"},"query-input":{"@type":"PropertyValueSpecification","valueRequired":true,"valueName":"search_term_string"}}],"inLanguage":"es"},{"@type":"Organization","@id":"https:\/\/lobosnews.com.ar\/#organization","name":"Lobos News","url":"https:\/\/lobosnews.com.ar\/","logo":{"@type":"ImageObject","inLanguage":"es","@id":"https:\/\/lobosnews.com.ar\/#\/schema\/logo\/image\/","url":"https:\/\/lobosnews.com.ar\/wp-content\/uploads\/2026\/01\/logo-lobosnews.png","contentUrl":"https:\/\/lobosnews.com.ar\/wp-content\/uploads\/2026\/01\/logo-lobosnews.png","width":500,"height":200,"caption":"Lobos News"},"image":{"@id":"https:\/\/lobosnews.com.ar\/#\/schema\/logo\/image\/"}},{"@type":"Person","@id":"https:\/\/lobosnews.com.ar\/#\/schema\/person\/232422a593d5c541dd9aef6aaed10943","name":"admin","image":{"@type":"ImageObject","inLanguage":"es","@id":"https:\/\/lobosnews.com.ar\/#\/schema\/person\/image\/","url":"https:\/\/secure.gravatar.com\/avatar\/76e419471a2083bc3ceab22a763dbbf9b0c1bd15a6214cf3280e2c2dde4580f9?s=96&d=mm&r=g","contentUrl":"https:\/\/secure.gravatar.com\/avatar\/76e419471a2083bc3ceab22a763dbbf9b0c1bd15a6214cf3280e2c2dde4580f9?s=96&d=mm&r=g","caption":"admin"},"sameAs":["https:\/\/lobosnews.com.ar"],"url":"https:\/\/lobosnews.com.ar\/index.php\/author\/lobos-news\/"}]}},"jetpack_featured_media_url":"https:\/\/lobosnews.com.ar\/wp-content\/uploads\/2026\/03\/hernan-lirio-arranca-una-nueva-aventura-por-el-mundo-junto-a-ramoncito-el-entusiasmo-se-siente-14.jpg","jetpack_sharing_enabled":true,"_links":{"self":[{"href":"https:\/\/lobosnews.com.ar\/index.php\/wp-json\/wp\/v2\/posts\/30331","targetHints":{"allow":["GET"]}}],"collection":[{"href":"https:\/\/lobosnews.com.ar\/index.php\/wp-json\/wp\/v2\/posts"}],"about":[{"href":"https:\/\/lobosnews.com.ar\/index.php\/wp-json\/wp\/v2\/types\/post"}],"author":[{"embeddable":true,"href":"https:\/\/lobosnews.com.ar\/index.php\/wp-json\/wp\/v2\/users\/1"}],"replies":[{"embeddable":true,"href":"https:\/\/lobosnews.com.ar\/index.php\/wp-json\/wp\/v2\/comments?post=30331"}],"version-history":[{"count":1,"href":"https:\/\/lobosnews.com.ar\/index.php\/wp-json\/wp\/v2\/posts\/30331\/revisions"}],"predecessor-version":[{"id":30340,"href":"https:\/\/lobosnews.com.ar\/index.php\/wp-json\/wp\/v2\/posts\/30331\/revisions\/30340"}],"wp:featuredmedia":[{"embeddable":true,"href":"https:\/\/lobosnews.com.ar\/index.php\/wp-json\/wp\/v2\/media\/30341"}],"wp:attachment":[{"href":"https:\/\/lobosnews.com.ar\/index.php\/wp-json\/wp\/v2\/media?parent=30331"}],"wp:term":[{"taxonomy":"category","embeddable":true,"href":"https:\/\/lobosnews.com.ar\/index.php\/wp-json\/wp\/v2\/categories?post=30331"},{"taxonomy":"post_tag","embeddable":true,"href":"https:\/\/lobosnews.com.ar\/index.php\/wp-json\/wp\/v2\/tags?post=30331"}],"curies":[{"name":"wp","href":"https:\/\/api.w.org\/{rel}","templated":true}]}}