{"id":30274,"date":"2026-03-07T11:23:06","date_gmt":"2026-03-07T11:23:06","guid":{"rendered":"https:\/\/lobosnews.com.ar\/index.php\/2026\/03\/07\/a-un-ano-de-la-tragedia-de-bahia-blanca-dia-de-duelo-una-misa-en-la-catedral-local-y-el-mensaje-del-intendente\/"},"modified":"2026-03-07T11:54:52","modified_gmt":"2026-03-07T11:54:52","slug":"a-un-ano-de-la-tragedia-de-bahia-blanca-dia-de-duelo-una-misa-en-la-catedral-local-y-el-mensaje-del-intendente","status":"publish","type":"post","link":"https:\/\/lobosnews.com.ar\/index.php\/2026\/03\/07\/a-un-ano-de-la-tragedia-de-bahia-blanca-dia-de-duelo-una-misa-en-la-catedral-local-y-el-mensaje-del-intendente\/","title":{"rendered":"A un a\u00f1o de la tragedia de Bah\u00eda Blanca: d\u00eda de duelo, una misa en la catedral local y el mensaje del intendente"},"content":{"rendered":"<p>El primer aniversario de la <span class=\"waslinkname\">inundaci\u00f3n que arras\u00f3 <b>Bah\u00eda Blanca<\/b><\/span> el <b>7 de marzo de 2025<\/b> encontr\u00f3 a la ciudad bonaerense inmersa en un proceso de <b>reconstrucci\u00f3n y memoria<\/b>, con <b>homenajes p\u00fablicos, investigaciones judiciales concluidas y manifestaciones art\u00edsticas surgidas de la tragedia<\/b>, mientras las autoridades decretaron para hoy <b>d\u00eda de duelo<\/b> y convocaron a la comunidad a sostener la resiliencia que les permiti\u00f3 ponerse de pie frente al desastre.<\/p>\n<p>La cat\u00e1strofe, que se desat\u00f3 cuando un frente de tormenta descarg\u00f3 precipitaciones extremas sobre Bah\u00eda Blanca y sus alrededores, <b>provoc\u00f3 la muerte de 18 personas, casi 1.450 evacuaciones y el alojamiento de 1.300 damnificados en centros dispuestos durante la emergencia<\/b>. Entre las v\u00edctimas se encotraron las hermanas <span class=\"waslinkname\"><b>Pilar<\/b> y <b>Delfina Hecker<\/b><\/span>, de cinco y un a\u00f1o respectivamente, y el chofer <span class=\"waslinkname\"><b>Rub\u00e9n Zalazar<\/b><\/span>, quienes murieron en General Cerri durante un intento de huida y rescate sobre la <b>Ruta 3<\/b>.<\/p>\n<p><img fetchpriority=\"high\" decoding=\"async\" src=\"https:\/\/lobosnews.com.ar\/wp-content\/uploads\/2026\/03\/a-un-ano-de-la-tragedia-de-bahia-blanca-dia-de-duelo-una-misa-en-la-catedral-local-y-el-mensaje-del-intendente.jpg\" alt=\"El posteo del intendente Susbielles, a un a\u00f1o de la tragedia en Bah\u00eda Blanca (@fsusbielles)\" height=\"2160\" width=\"1920\"\/><\/p>\n<p>En el primer aniversario, el intendente <b>Federico Susbielles<\/b> decret\u00f3 d\u00eda de duelo y <b>convoc\u00f3 a una misa en la Catedral local para hoy a las 19 horas<\/b>, invitando a la comunidad a mantener viva la memoria de los fallecidos y a honrar el temple social. \u201c<b>Nadie sale igual de una cat\u00e1strofe, ni individual ni colectivamente<\/b>. Siento la necesidad como intendente y como vecino de esta ciudad de abrazar, de acompa\u00f1ar, de estar al lado de cada uno de los familiares y seres queridos de las 18 v\u00edctimas que tuvimos en la tragedia\u201d.<\/p>\n<p>Adem\u00e1s, agreg\u00f3 que, por ese motivo, \u201c<b>he decretado el duelo para el d\u00eda s\u00e1bado, que todas nuestras banderas est\u00e9n a media asta y sobre las 19 horas realizaremos, junto al arzobispo, una misa en la Catedral de nuestra ciudad<\/b>\u201d. Y record\u00f3 que muchos comerciantes \u201cvan a rescatar y <b>recordar tambi\u00e9n historias de hero\u00edsmo y solidaridad<\/b>, de gente que los rescat\u00f3, de gente que los ayud\u00f3 en un momento muy dif\u00edcil, que estuvo pendiente\u201d.<\/p>\n<p><img loading=\"lazy\" decoding=\"async\" src=\"https:\/\/lobosnews.com.ar\/wp-content\/uploads\/2026\/03\/a-un-ano-de-la-tragedia-de-bahia-blanca-dia-de-duelo-una-misa-en-la-catedral-local-y-el-mensaje-del-intendente-1.jpg\" alt=\"Las inundaciones en Bah\u00eda Blanca provocaron la muerte de 18 personas, casi 1.450 evacuaciones y el alojamiento de 1.300 damnificados (REUTERS\/Juan Sebastian Lobos)\" height=\"494\" width=\"800\"\/><\/p>\n<p><b>\u201cResiliencia\u201d, \u201ccoraje\u201d y \u201ctemple\u201d<\/b>, fueron algunas de las palabras que nombr\u00f3 el alcalde bahiense para recordar las cualidades de su pueblo para afrontar la tragedia. \u201cEsa fuerza de nuestra gente <b>es la que permiti\u00f3 que Bah\u00eda Blanca no se doblegue, no caiga y que pueda estar nuevamente de pie<\/b>. Sobre esa cualidad se va a poder construir un mejor futuro para Bah\u00eda Blanca\u00bb, cerr\u00f3.<\/p>\n<h2>Homenaje, investigaciones y m\u00fasica<\/h2>\n<p>Una<span class=\"waslinkname\"><b> gigantograf\u00eda instalada en la entrada de General Cerri<\/b><\/span>, impulsada por familiares y autoridades, recuerda a <b>Zalazar<\/b> y las hermanas Hecker en la zona del siniestro. La madre de las ni\u00f1as, <b>Marina Hagg<\/b>, manifest\u00f3: \u201c<b>Rub\u00e9n Zalazar debe ser reconocido en Bah\u00eda Blanca. Lo m\u00e1s tr\u00e1gico fue lo de \u00e9l: sin conocernos quiso ayudarnos<\/b>\u201d. <\/p>\n<p>Por su parte, en febrero, la concejal <b>Fabiana \u00dangaro<\/b> present\u00f3 formalmente un proyecto de ordenanza para impulsar un reconocimiento institucional. La iniciativa contempla reservar el nombre de<b> Rub\u00e9n Zalazar <\/b>para la designaci\u00f3n futura de espacios p\u00fablicos o bienes municipales. \u201cIntent\u00f3 auxiliar a la familia poniendo en riesgo su propia vida en un contexto de peligro\u201d, destaca el texto del proyecto.<\/p>\n<p><img loading=\"lazy\" decoding=\"async\" src=\"https:\/\/lobosnews.com.ar\/wp-content\/uploads\/2026\/03\/a-un-ano-de-la-tragedia-de-bahia-blanca-dia-de-duelo-una-misa-en-la-catedral-local-y-el-mensaje-del-intendente-2.jpg\" alt=\"A un a\u00f1o de las inundaciones en Bah\u00eda Blanca, homenajearon a las hermanas Pilar y Delfina Hecker y a Rub\u00e9n Zalazar, el hombre que intent\u00f3 salvarlas\" height=\"633\" width=\"1121\"\/><\/p>\n<p>El aniversario coincidi\u00f3 con un ciclo de sesiones ordinarias del Concejo Deliberante local, donde Susbielles repas\u00f3 las medidas tomadas tras la emergencia. Se refiri\u00f3 a la <b>suspensi\u00f3n de clases, la interrupci\u00f3n preventiva del transporte y actividades<\/b>, y la coordinaci\u00f3n con la provincia para iniciar obras p\u00fablicas de infraestructura hidr\u00e1ulica, vial, sanitaria y de h\u00e1bitat.<\/p>\n<p>La presidenta del Concejo, <b>Gisela Caputo<\/b>, enfatiz\u00f3 el compromiso de reconstrucci\u00f3n de la mayor\u00eda del cuerpo legislativo y la urgencia de respuestas estructurales. El intendente destac\u00f3 descensos en seguridad ciudadana durante 2025: los asaltos bajaron un 28,3%, los robos automotores un 36,7% y los hurtos un 20,4%. Insisti\u00f3 en que esa \u201cincuestionable mejora\u201d exige mantener el trabajo coordinado.<\/p>\n<p><img loading=\"lazy\" decoding=\"async\" src=\"https:\/\/lobosnews.com.ar\/wp-content\/uploads\/2026\/03\/a-un-ano-de-la-tragedia-de-bahia-blanca-dia-de-duelo-una-misa-en-la-catedral-local-y-el-mensaje-del-intendente-3.jpg\" alt=\"Veh\u00edculos amontonados, producto de la correntada de agua tras las tr\u00e1gicas inundaciones del 7 de marzo de 2025 en Bah\u00eda Blanca (AP Foto\/Juan Sebastian Lobos)\" height=\"3729\" width=\"5605\"\/><\/p>\n<p>Por otro lado, la fiscal <b>Marina Lara<\/b>, de la Unidad Funcional de Instrucci\u00f3n y Juicio N\u00ba 7, encabez\u00f3 <b>tres investigaciones penales sobre los fallecimientos, la b\u00fasqueda de personas desaparecidas y denuncias en redes sociales acerca de posibles v\u00edctimas adicionales<\/b>. <\/p>\n<p>Seg\u00fan lo que se\u00f1al\u00f3 ell\u00e1 a <i>La Nueva<\/i>, \u201cuna de las instrucciones penales preparatorias se inici\u00f3 como consecuencia de los fallecidos a partir de lo sucedido y otra fue por la averiguaci\u00f3n de paraderos, inmediatamente despu\u00e9s del evento.<b> Eran personas que no hab\u00edan vuelto a tener contacto con familiares o amigos o estaba desencontrados<\/b>\u201d. El Ministerio P\u00fablico Fiscal convoc\u00f3 a testigos y promovi\u00f3 nuevas b\u00fasquedas, pero <b>no surgi\u00f3 prueba alguna de muertes no reportadas<\/b>.<\/p>\n<p><img loading=\"lazy\" decoding=\"async\" src=\"https:\/\/lobosnews.com.ar\/wp-content\/uploads\/2026\/03\/a-un-ano-de-la-tragedia-de-bahia-blanca-dia-de-duelo-una-misa-en-la-catedral-local-y-el-mensaje-del-intendente-4.jpg\" alt=\"El Ministerio P\u00fablico Fiscal de Bah\u00eda Blanca finaliz\u00f3 el cierre de los expedientes acerca de la b\u00fasqueda de v\u00edctimas no identificadas (EFE\/ Pablo Presti) \" height=\"1012\" width=\"1517\"\/><\/p>\n<p>Acerca de la presunta existencia de una mayor cantidad de decesos que los informados oficialmente, el MPF<b> finaliz\u00f3 con el cierre de los expedientes a partir de no detectarse delitos<\/b>.<\/p>\n<p>Por \u00faltimo, el m\u00fasico bahiense <b>Manuel Angelini<\/b> canaliz\u00f3 la experiencia de la comunidad en una canci\u00f3n inspirada en relatos de vecinos y familias afectadas. \u201cCuando me puse a escribirla, no es que me sent\u00e9 pensando \u2018voy a escribir algo sobre la inundaci\u00f3n\u2019, sino que me sali\u00f3 naturalmente\u201d, cont\u00f3 Angelini a <i>La Nueva<\/i>. El proyecto se convirti\u00f3 en un tango colectivo con instrumentistas locales y la voz de <b>Marianela Pacheco<\/b>.<\/p>\n","protected":false},"excerpt":{"rendered":"<p>El primer aniversario de la inundaci\u00f3n que arras\u00f3 Bah\u00eda Blanca el 7 de marzo de 2025 encontr\u00f3 a la ciudad bonaerense inmersa en un proceso de reconstrucci\u00f3n y memoria, con homenajes p\u00fablicos, investigaciones judiciales concluidas y manifestaciones art\u00edsticas surgidas de la tragedia, mientras las autoridades decretaron para hoy d\u00eda de duelo y convocaron a la&#8230;<\/p>\n","protected":false},"author":1,"featured_media":30281,"comment_status":"open","ping_status":"closed","sticky":false,"template":"","format":"standard","meta":{"_jetpack_memberships_contains_paid_content":false,"footnotes":""},"categories":[31,30,32,77,84,35,36,37],"tags":[],"class_list":["post-30274","post","type-post","status-publish","format-standard","has-post-thumbnail","hentry","category-actualidad","category-argentina","category-economia","category-inseguridad","category-masradios-com","category-nacionales","category-seguridad","category-sociedad"],"magazineBlocksPostFeaturedMedia":{"thumbnail":"https:\/\/lobosnews.com.ar\/wp-content\/uploads\/2026\/03\/a-un-ano-de-la-tragedia-de-bahia-blanca-dia-de-duelo-una-misa-en-la-catedral-local-y-el-mensaje-del-intendente-8-150x150.jpg","medium":"https:\/\/lobosnews.com.ar\/wp-content\/uploads\/2026\/03\/a-un-ano-de-la-tragedia-de-bahia-blanca-dia-de-duelo-una-misa-en-la-catedral-local-y-el-mensaje-del-intendente-8-300x200.jpg","medium_large":"https:\/\/lobosnews.com.ar\/wp-content\/uploads\/2026\/03\/a-un-ano-de-la-tragedia-de-bahia-blanca-dia-de-duelo-una-misa-en-la-catedral-local-y-el-mensaje-del-intendente-8-768x512.jpg","large":"https:\/\/lobosnews.com.ar\/wp-content\/uploads\/2026\/03\/a-un-ano-de-la-tragedia-de-bahia-blanca-dia-de-duelo-una-misa-en-la-catedral-local-y-el-mensaje-del-intendente-8-1024x683.jpg","1536x1536":"https:\/\/lobosnews.com.ar\/wp-content\/uploads\/2026\/03\/a-un-ano-de-la-tragedia-de-bahia-blanca-dia-de-duelo-una-misa-en-la-catedral-local-y-el-mensaje-del-intendente-8.jpg","2048x2048":"https:\/\/lobosnews.com.ar\/wp-content\/uploads\/2026\/03\/a-un-ano-de-la-tragedia-de-bahia-blanca-dia-de-duelo-una-misa-en-la-catedral-local-y-el-mensaje-del-intendente-8.jpg","newsmatic-featured":"https:\/\/lobosnews.com.ar\/wp-content\/uploads\/2026\/03\/a-un-ano-de-la-tragedia-de-bahia-blanca-dia-de-duelo-una-misa-en-la-catedral-local-y-el-mensaje-del-intendente-8-820x545.jpg","newsmatic-list":"https:\/\/lobosnews.com.ar\/wp-content\/uploads\/2026\/03\/a-un-ano-de-la-tragedia-de-bahia-blanca-dia-de-duelo-una-misa-en-la-catedral-local-y-el-mensaje-del-intendente-8-600x400.jpg","newsmatic-thumb":"https:\/\/lobosnews.com.ar\/wp-content\/uploads\/2026\/03\/a-un-ano-de-la-tragedia-de-bahia-blanca-dia-de-duelo-una-misa-en-la-catedral-local-y-el-mensaje-del-intendente-8-300x200.jpg","newsmatic-small":"https:\/\/lobosnews.com.ar\/wp-content\/uploads\/2026\/03\/a-un-ano-de-la-tragedia-de-bahia-blanca-dia-de-duelo-una-misa-en-la-catedral-local-y-el-mensaje-del-intendente-8-150x95.jpg","newsmatic-grid":"https:\/\/lobosnews.com.ar\/wp-content\/uploads\/2026\/03\/a-un-ano-de-la-tragedia-de-bahia-blanca-dia-de-duelo-una-misa-en-la-catedral-local-y-el-mensaje-del-intendente-8-400x250.jpg"},"magazineBlocksPostAuthor":{"name":"admin","avatar":"https:\/\/secure.gravatar.com\/avatar\/76e419471a2083bc3ceab22a763dbbf9b0c1bd15a6214cf3280e2c2dde4580f9?s=96&d=mm&r=g"},"magazineBlocksPostCommentsNumber":"0","magazineBlocksPostExcerpt":"El primer aniversario de la inundaci\u00f3n que arras\u00f3 Bah\u00eda Blanca el 7 de marzo de 2025 encontr\u00f3 a la ciudad bonaerense inmersa en un proceso de reconstrucci\u00f3n y memoria, con homenajes p\u00fablicos, investigaciones judiciales concluidas y manifestaciones art\u00edsticas surgidas de la tragedia, mientras las autoridades decretaron para hoy d\u00eda de duelo y convocaron a la...","magazineBlocksPostCategories":["Actualidad","Argentina","econom\u00eda","inseguridad","masradios.com","nacionales","seguridad","sociedad"],"magazineBlocksPostViewCount":122,"magazineBlocksPostReadTime":5,"magazine_blocks_featured_image_url":{"full":["https:\/\/lobosnews.com.ar\/wp-content\/uploads\/2026\/03\/a-un-ano-de-la-tragedia-de-bahia-blanca-dia-de-duelo-una-misa-en-la-catedral-local-y-el-mensaje-del-intendente-8.jpg",1517,1012,false],"medium":["https:\/\/lobosnews.com.ar\/wp-content\/uploads\/2026\/03\/a-un-ano-de-la-tragedia-de-bahia-blanca-dia-de-duelo-una-misa-en-la-catedral-local-y-el-mensaje-del-intendente-8-300x200.jpg",300,200,true],"thumbnail":["https:\/\/lobosnews.com.ar\/wp-content\/uploads\/2026\/03\/a-un-ano-de-la-tragedia-de-bahia-blanca-dia-de-duelo-una-misa-en-la-catedral-local-y-el-mensaje-del-intendente-8-150x150.jpg",150,150,true]},"magazine_blocks_author":{"display_name":"admin","author_link":"https:\/\/lobosnews.com.ar\/index.php\/author\/lobos-news\/"},"magazine_blocks_comment":0,"magazine_blocks_author_image":"https:\/\/secure.gravatar.com\/avatar\/76e419471a2083bc3ceab22a763dbbf9b0c1bd15a6214cf3280e2c2dde4580f9?s=96&d=mm&r=g","magazine_blocks_category":"<a href=\"#\" class=\"category-link category-link-31\">Actualidad<\/a> <a href=\"#\" class=\"category-link category-link-30\">Argentina<\/a> <a href=\"#\" class=\"category-link category-link-32\">econom\u00eda<\/a> <a href=\"#\" class=\"category-link category-link-77\">inseguridad<\/a> <a href=\"#\" class=\"category-link category-link-84\">masradios.com<\/a> <a href=\"#\" class=\"category-link category-link-35\">nacionales<\/a> <a href=\"#\" class=\"category-link category-link-36\">seguridad<\/a> <a href=\"#\" class=\"category-link category-link-37\">sociedad<\/a>","yoast_head":"<!-- This site is optimized with the Yoast SEO plugin v26.6 - https:\/\/yoast.com\/wordpress\/plugins\/seo\/ -->\n<title>A un a\u00f1o de la tragedia de Bah\u00eda Blanca: d\u00eda de duelo, una misa en la catedral local y el mensaje del intendente - Lobos News<\/title>\n<meta name=\"robots\" content=\"index, follow, max-snippet:-1, max-image-preview:large, max-video-preview:-1\" \/>\n<link rel=\"canonical\" href=\"https:\/\/lobosnews.com.ar\/index.php\/2026\/03\/07\/a-un-ano-de-la-tragedia-de-bahia-blanca-dia-de-duelo-una-misa-en-la-catedral-local-y-el-mensaje-del-intendente\/\" \/>\n<meta property=\"og:locale\" content=\"es_ES\" \/>\n<meta property=\"og:type\" content=\"article\" \/>\n<meta property=\"og:title\" content=\"A un a\u00f1o de la tragedia de Bah\u00eda Blanca: d\u00eda de duelo, una misa en la catedral local y el mensaje del intendente - Lobos News\" \/>\n<meta property=\"og:description\" content=\"El primer aniversario de la inundaci\u00f3n que arras\u00f3 Bah\u00eda Blanca el 7 de marzo de 2025 encontr\u00f3 a la ciudad bonaerense inmersa en un proceso de reconstrucci\u00f3n y memoria, con homenajes p\u00fablicos, investigaciones judiciales concluidas y manifestaciones art\u00edsticas surgidas de la tragedia, mientras las autoridades decretaron para hoy d\u00eda de duelo y convocaron a la...\" \/>\n<meta property=\"og:url\" content=\"https:\/\/lobosnews.com.ar\/index.php\/2026\/03\/07\/a-un-ano-de-la-tragedia-de-bahia-blanca-dia-de-duelo-una-misa-en-la-catedral-local-y-el-mensaje-del-intendente\/\" \/>\n<meta property=\"og:site_name\" content=\"Lobos News\" \/>\n<meta property=\"article:published_time\" content=\"2026-03-07T11:23:06+00:00\" \/>\n<meta property=\"article:modified_time\" content=\"2026-03-07T11:54:52+00:00\" \/>\n<meta property=\"og:image\" content=\"https:\/\/lobosnews.com.ar\/wp-content\/uploads\/2026\/03\/a-un-ano-de-la-tragedia-de-bahia-blanca-dia-de-duelo-una-misa-en-la-catedral-local-y-el-mensaje-del-intendente.jpg\" \/>\n<meta name=\"author\" content=\"admin\" \/>\n<meta name=\"twitter:card\" content=\"summary_large_image\" \/>\n<meta name=\"twitter:label1\" content=\"Escrito por\" \/>\n\t<meta name=\"twitter:data1\" content=\"admin\" \/>\n\t<meta name=\"twitter:label2\" content=\"Tiempo de lectura\" \/>\n\t<meta name=\"twitter:data2\" content=\"4 minutos\" \/>\n<script type=\"application\/ld+json\" class=\"yoast-schema-graph\">{\"@context\":\"https:\/\/schema.org\",\"@graph\":[{\"@type\":\"Article\",\"@id\":\"https:\/\/lobosnews.com.ar\/index.php\/2026\/03\/07\/a-un-ano-de-la-tragedia-de-bahia-blanca-dia-de-duelo-una-misa-en-la-catedral-local-y-el-mensaje-del-intendente\/#article\",\"isPartOf\":{\"@id\":\"https:\/\/lobosnews.com.ar\/index.php\/2026\/03\/07\/a-un-ano-de-la-tragedia-de-bahia-blanca-dia-de-duelo-una-misa-en-la-catedral-local-y-el-mensaje-del-intendente\/\"},\"author\":{\"name\":\"admin\",\"@id\":\"https:\/\/lobosnews.com.ar\/#\/schema\/person\/232422a593d5c541dd9aef6aaed10943\"},\"headline\":\"A un a\u00f1o de la tragedia de Bah\u00eda Blanca: d\u00eda de duelo, una misa en la catedral local y el mensaje del intendente\",\"datePublished\":\"2026-03-07T11:23:06+00:00\",\"dateModified\":\"2026-03-07T11:54:52+00:00\",\"mainEntityOfPage\":{\"@id\":\"https:\/\/lobosnews.com.ar\/index.php\/2026\/03\/07\/a-un-ano-de-la-tragedia-de-bahia-blanca-dia-de-duelo-una-misa-en-la-catedral-local-y-el-mensaje-del-intendente\/\"},\"wordCount\":884,\"commentCount\":0,\"publisher\":{\"@id\":\"https:\/\/lobosnews.com.ar\/#organization\"},\"image\":{\"@id\":\"https:\/\/lobosnews.com.ar\/index.php\/2026\/03\/07\/a-un-ano-de-la-tragedia-de-bahia-blanca-dia-de-duelo-una-misa-en-la-catedral-local-y-el-mensaje-del-intendente\/#primaryimage\"},\"thumbnailUrl\":\"https:\/\/lobosnews.com.ar\/wp-content\/uploads\/2026\/03\/a-un-ano-de-la-tragedia-de-bahia-blanca-dia-de-duelo-una-misa-en-la-catedral-local-y-el-mensaje-del-intendente-8.jpg\",\"articleSection\":[\"Actualidad\",\"Argentina\",\"econom\u00eda\",\"inseguridad\",\"masradios.com\",\"nacionales\",\"seguridad\",\"sociedad\"],\"inLanguage\":\"es\",\"potentialAction\":[{\"@type\":\"CommentAction\",\"name\":\"Comment\",\"target\":[\"https:\/\/lobosnews.com.ar\/index.php\/2026\/03\/07\/a-un-ano-de-la-tragedia-de-bahia-blanca-dia-de-duelo-una-misa-en-la-catedral-local-y-el-mensaje-del-intendente\/#respond\"]}]},{\"@type\":\"WebPage\",\"@id\":\"https:\/\/lobosnews.com.ar\/index.php\/2026\/03\/07\/a-un-ano-de-la-tragedia-de-bahia-blanca-dia-de-duelo-una-misa-en-la-catedral-local-y-el-mensaje-del-intendente\/\",\"url\":\"https:\/\/lobosnews.com.ar\/index.php\/2026\/03\/07\/a-un-ano-de-la-tragedia-de-bahia-blanca-dia-de-duelo-una-misa-en-la-catedral-local-y-el-mensaje-del-intendente\/\",\"name\":\"A un a\u00f1o de la tragedia de Bah\u00eda Blanca: d\u00eda de duelo, una misa en la catedral local y el mensaje del intendente - Lobos News\",\"isPartOf\":{\"@id\":\"https:\/\/lobosnews.com.ar\/#website\"},\"primaryImageOfPage\":{\"@id\":\"https:\/\/lobosnews.com.ar\/index.php\/2026\/03\/07\/a-un-ano-de-la-tragedia-de-bahia-blanca-dia-de-duelo-una-misa-en-la-catedral-local-y-el-mensaje-del-intendente\/#primaryimage\"},\"image\":{\"@id\":\"https:\/\/lobosnews.com.ar\/index.php\/2026\/03\/07\/a-un-ano-de-la-tragedia-de-bahia-blanca-dia-de-duelo-una-misa-en-la-catedral-local-y-el-mensaje-del-intendente\/#primaryimage\"},\"thumbnailUrl\":\"https:\/\/lobosnews.com.ar\/wp-content\/uploads\/2026\/03\/a-un-ano-de-la-tragedia-de-bahia-blanca-dia-de-duelo-una-misa-en-la-catedral-local-y-el-mensaje-del-intendente-8.jpg\",\"datePublished\":\"2026-03-07T11:23:06+00:00\",\"dateModified\":\"2026-03-07T11:54:52+00:00\",\"breadcrumb\":{\"@id\":\"https:\/\/lobosnews.com.ar\/index.php\/2026\/03\/07\/a-un-ano-de-la-tragedia-de-bahia-blanca-dia-de-duelo-una-misa-en-la-catedral-local-y-el-mensaje-del-intendente\/#breadcrumb\"},\"inLanguage\":\"es\",\"potentialAction\":[{\"@type\":\"ReadAction\",\"target\":[\"https:\/\/lobosnews.com.ar\/index.php\/2026\/03\/07\/a-un-ano-de-la-tragedia-de-bahia-blanca-dia-de-duelo-una-misa-en-la-catedral-local-y-el-mensaje-del-intendente\/\"]}]},{\"@type\":\"ImageObject\",\"inLanguage\":\"es\",\"@id\":\"https:\/\/lobosnews.com.ar\/index.php\/2026\/03\/07\/a-un-ano-de-la-tragedia-de-bahia-blanca-dia-de-duelo-una-misa-en-la-catedral-local-y-el-mensaje-del-intendente\/#primaryimage\",\"url\":\"https:\/\/lobosnews.com.ar\/wp-content\/uploads\/2026\/03\/a-un-ano-de-la-tragedia-de-bahia-blanca-dia-de-duelo-una-misa-en-la-catedral-local-y-el-mensaje-del-intendente-8.jpg\",\"contentUrl\":\"https:\/\/lobosnews.com.ar\/wp-content\/uploads\/2026\/03\/a-un-ano-de-la-tragedia-de-bahia-blanca-dia-de-duelo-una-misa-en-la-catedral-local-y-el-mensaje-del-intendente-8.jpg\",\"width\":1517,\"height\":1012,\"caption\":\"A un a\u00f1o de la tragedia de Bah\u00eda Blanca: d\u00eda de duelo, una misa en la catedral local y el mensaje del intendente\"},{\"@type\":\"BreadcrumbList\",\"@id\":\"https:\/\/lobosnews.com.ar\/index.php\/2026\/03\/07\/a-un-ano-de-la-tragedia-de-bahia-blanca-dia-de-duelo-una-misa-en-la-catedral-local-y-el-mensaje-del-intendente\/#breadcrumb\",\"itemListElement\":[{\"@type\":\"ListItem\",\"position\":1,\"name\":\"Portada\",\"item\":\"https:\/\/lobosnews.com.ar\/\"},{\"@type\":\"ListItem\",\"position\":2,\"name\":\"A un a\u00f1o de la tragedia de Bah\u00eda Blanca: d\u00eda de duelo, una misa en la catedral local y el mensaje del intendente\"}]},{\"@type\":\"WebSite\",\"@id\":\"https:\/\/lobosnews.com.ar\/#website\",\"url\":\"https:\/\/lobosnews.com.ar\/\",\"name\":\"Lobos News\",\"description\":\"Informaci\u00f3n a cada instante\",\"publisher\":{\"@id\":\"https:\/\/lobosnews.com.ar\/#organization\"},\"potentialAction\":[{\"@type\":\"SearchAction\",\"target\":{\"@type\":\"EntryPoint\",\"urlTemplate\":\"https:\/\/lobosnews.com.ar\/?s={search_term_string}\"},\"query-input\":{\"@type\":\"PropertyValueSpecification\",\"valueRequired\":true,\"valueName\":\"search_term_string\"}}],\"inLanguage\":\"es\"},{\"@type\":\"Organization\",\"@id\":\"https:\/\/lobosnews.com.ar\/#organization\",\"name\":\"Lobos News\",\"url\":\"https:\/\/lobosnews.com.ar\/\",\"logo\":{\"@type\":\"ImageObject\",\"inLanguage\":\"es\",\"@id\":\"https:\/\/lobosnews.com.ar\/#\/schema\/logo\/image\/\",\"url\":\"https:\/\/lobosnews.com.ar\/wp-content\/uploads\/2026\/01\/logo-lobosnews.png\",\"contentUrl\":\"https:\/\/lobosnews.com.ar\/wp-content\/uploads\/2026\/01\/logo-lobosnews.png\",\"width\":500,\"height\":200,\"caption\":\"Lobos News\"},\"image\":{\"@id\":\"https:\/\/lobosnews.com.ar\/#\/schema\/logo\/image\/\"}},{\"@type\":\"Person\",\"@id\":\"https:\/\/lobosnews.com.ar\/#\/schema\/person\/232422a593d5c541dd9aef6aaed10943\",\"name\":\"admin\",\"image\":{\"@type\":\"ImageObject\",\"inLanguage\":\"es\",\"@id\":\"https:\/\/lobosnews.com.ar\/#\/schema\/person\/image\/\",\"url\":\"https:\/\/secure.gravatar.com\/avatar\/76e419471a2083bc3ceab22a763dbbf9b0c1bd15a6214cf3280e2c2dde4580f9?s=96&d=mm&r=g\",\"contentUrl\":\"https:\/\/secure.gravatar.com\/avatar\/76e419471a2083bc3ceab22a763dbbf9b0c1bd15a6214cf3280e2c2dde4580f9?s=96&d=mm&r=g\",\"caption\":\"admin\"},\"sameAs\":[\"https:\/\/lobosnews.com.ar\"],\"url\":\"https:\/\/lobosnews.com.ar\/index.php\/author\/lobos-news\/\"}]}<\/script>\n<!-- \/ Yoast SEO plugin. -->","yoast_head_json":{"title":"A un a\u00f1o de la tragedia de Bah\u00eda Blanca: d\u00eda de duelo, una misa en la catedral local y el mensaje del intendente - Lobos News","robots":{"index":"index","follow":"follow","max-snippet":"max-snippet:-1","max-image-preview":"max-image-preview:large","max-video-preview":"max-video-preview:-1"},"canonical":"https:\/\/lobosnews.com.ar\/index.php\/2026\/03\/07\/a-un-ano-de-la-tragedia-de-bahia-blanca-dia-de-duelo-una-misa-en-la-catedral-local-y-el-mensaje-del-intendente\/","og_locale":"es_ES","og_type":"article","og_title":"A un a\u00f1o de la tragedia de Bah\u00eda Blanca: d\u00eda de duelo, una misa en la catedral local y el mensaje del intendente - Lobos News","og_description":"El primer aniversario de la inundaci\u00f3n que arras\u00f3 Bah\u00eda Blanca el 7 de marzo de 2025 encontr\u00f3 a la ciudad bonaerense inmersa en un proceso de reconstrucci\u00f3n y memoria, con homenajes p\u00fablicos, investigaciones judiciales concluidas y manifestaciones art\u00edsticas surgidas de la tragedia, mientras las autoridades decretaron para hoy d\u00eda de duelo y convocaron a la...","og_url":"https:\/\/lobosnews.com.ar\/index.php\/2026\/03\/07\/a-un-ano-de-la-tragedia-de-bahia-blanca-dia-de-duelo-una-misa-en-la-catedral-local-y-el-mensaje-del-intendente\/","og_site_name":"Lobos News","article_published_time":"2026-03-07T11:23:06+00:00","article_modified_time":"2026-03-07T11:54:52+00:00","og_image":[{"url":"https:\/\/lobosnews.com.ar\/wp-content\/uploads\/2026\/03\/a-un-ano-de-la-tragedia-de-bahia-blanca-dia-de-duelo-una-misa-en-la-catedral-local-y-el-mensaje-del-intendente.jpg","type":"","width":"","height":""}],"author":"admin","twitter_card":"summary_large_image","twitter_misc":{"Escrito por":"admin","Tiempo de lectura":"4 minutos"},"schema":{"@context":"https:\/\/schema.org","@graph":[{"@type":"Article","@id":"https:\/\/lobosnews.com.ar\/index.php\/2026\/03\/07\/a-un-ano-de-la-tragedia-de-bahia-blanca-dia-de-duelo-una-misa-en-la-catedral-local-y-el-mensaje-del-intendente\/#article","isPartOf":{"@id":"https:\/\/lobosnews.com.ar\/index.php\/2026\/03\/07\/a-un-ano-de-la-tragedia-de-bahia-blanca-dia-de-duelo-una-misa-en-la-catedral-local-y-el-mensaje-del-intendente\/"},"author":{"name":"admin","@id":"https:\/\/lobosnews.com.ar\/#\/schema\/person\/232422a593d5c541dd9aef6aaed10943"},"headline":"A un a\u00f1o de la tragedia de Bah\u00eda Blanca: d\u00eda de duelo, una misa en la catedral local y el mensaje del intendente","datePublished":"2026-03-07T11:23:06+00:00","dateModified":"2026-03-07T11:54:52+00:00","mainEntityOfPage":{"@id":"https:\/\/lobosnews.com.ar\/index.php\/2026\/03\/07\/a-un-ano-de-la-tragedia-de-bahia-blanca-dia-de-duelo-una-misa-en-la-catedral-local-y-el-mensaje-del-intendente\/"},"wordCount":884,"commentCount":0,"publisher":{"@id":"https:\/\/lobosnews.com.ar\/#organization"},"image":{"@id":"https:\/\/lobosnews.com.ar\/index.php\/2026\/03\/07\/a-un-ano-de-la-tragedia-de-bahia-blanca-dia-de-duelo-una-misa-en-la-catedral-local-y-el-mensaje-del-intendente\/#primaryimage"},"thumbnailUrl":"https:\/\/lobosnews.com.ar\/wp-content\/uploads\/2026\/03\/a-un-ano-de-la-tragedia-de-bahia-blanca-dia-de-duelo-una-misa-en-la-catedral-local-y-el-mensaje-del-intendente-8.jpg","articleSection":["Actualidad","Argentina","econom\u00eda","inseguridad","masradios.com","nacionales","seguridad","sociedad"],"inLanguage":"es","potentialAction":[{"@type":"CommentAction","name":"Comment","target":["https:\/\/lobosnews.com.ar\/index.php\/2026\/03\/07\/a-un-ano-de-la-tragedia-de-bahia-blanca-dia-de-duelo-una-misa-en-la-catedral-local-y-el-mensaje-del-intendente\/#respond"]}]},{"@type":"WebPage","@id":"https:\/\/lobosnews.com.ar\/index.php\/2026\/03\/07\/a-un-ano-de-la-tragedia-de-bahia-blanca-dia-de-duelo-una-misa-en-la-catedral-local-y-el-mensaje-del-intendente\/","url":"https:\/\/lobosnews.com.ar\/index.php\/2026\/03\/07\/a-un-ano-de-la-tragedia-de-bahia-blanca-dia-de-duelo-una-misa-en-la-catedral-local-y-el-mensaje-del-intendente\/","name":"A un a\u00f1o de la tragedia de Bah\u00eda Blanca: d\u00eda de duelo, una misa en la catedral local y el mensaje del intendente - Lobos News","isPartOf":{"@id":"https:\/\/lobosnews.com.ar\/#website"},"primaryImageOfPage":{"@id":"https:\/\/lobosnews.com.ar\/index.php\/2026\/03\/07\/a-un-ano-de-la-tragedia-de-bahia-blanca-dia-de-duelo-una-misa-en-la-catedral-local-y-el-mensaje-del-intendente\/#primaryimage"},"image":{"@id":"https:\/\/lobosnews.com.ar\/index.php\/2026\/03\/07\/a-un-ano-de-la-tragedia-de-bahia-blanca-dia-de-duelo-una-misa-en-la-catedral-local-y-el-mensaje-del-intendente\/#primaryimage"},"thumbnailUrl":"https:\/\/lobosnews.com.ar\/wp-content\/uploads\/2026\/03\/a-un-ano-de-la-tragedia-de-bahia-blanca-dia-de-duelo-una-misa-en-la-catedral-local-y-el-mensaje-del-intendente-8.jpg","datePublished":"2026-03-07T11:23:06+00:00","dateModified":"2026-03-07T11:54:52+00:00","breadcrumb":{"@id":"https:\/\/lobosnews.com.ar\/index.php\/2026\/03\/07\/a-un-ano-de-la-tragedia-de-bahia-blanca-dia-de-duelo-una-misa-en-la-catedral-local-y-el-mensaje-del-intendente\/#breadcrumb"},"inLanguage":"es","potentialAction":[{"@type":"ReadAction","target":["https:\/\/lobosnews.com.ar\/index.php\/2026\/03\/07\/a-un-ano-de-la-tragedia-de-bahia-blanca-dia-de-duelo-una-misa-en-la-catedral-local-y-el-mensaje-del-intendente\/"]}]},{"@type":"ImageObject","inLanguage":"es","@id":"https:\/\/lobosnews.com.ar\/index.php\/2026\/03\/07\/a-un-ano-de-la-tragedia-de-bahia-blanca-dia-de-duelo-una-misa-en-la-catedral-local-y-el-mensaje-del-intendente\/#primaryimage","url":"https:\/\/lobosnews.com.ar\/wp-content\/uploads\/2026\/03\/a-un-ano-de-la-tragedia-de-bahia-blanca-dia-de-duelo-una-misa-en-la-catedral-local-y-el-mensaje-del-intendente-8.jpg","contentUrl":"https:\/\/lobosnews.com.ar\/wp-content\/uploads\/2026\/03\/a-un-ano-de-la-tragedia-de-bahia-blanca-dia-de-duelo-una-misa-en-la-catedral-local-y-el-mensaje-del-intendente-8.jpg","width":1517,"height":1012,"caption":"A un a\u00f1o de la tragedia de Bah\u00eda Blanca: d\u00eda de duelo, una misa en la catedral local y el mensaje del intendente"},{"@type":"BreadcrumbList","@id":"https:\/\/lobosnews.com.ar\/index.php\/2026\/03\/07\/a-un-ano-de-la-tragedia-de-bahia-blanca-dia-de-duelo-una-misa-en-la-catedral-local-y-el-mensaje-del-intendente\/#breadcrumb","itemListElement":[{"@type":"ListItem","position":1,"name":"Portada","item":"https:\/\/lobosnews.com.ar\/"},{"@type":"ListItem","position":2,"name":"A un a\u00f1o de la tragedia de Bah\u00eda Blanca: d\u00eda de duelo, una misa en la catedral local y el mensaje del intendente"}]},{"@type":"WebSite","@id":"https:\/\/lobosnews.com.ar\/#website","url":"https:\/\/lobosnews.com.ar\/","name":"Lobos News","description":"Informaci\u00f3n a cada instante","publisher":{"@id":"https:\/\/lobosnews.com.ar\/#organization"},"potentialAction":[{"@type":"SearchAction","target":{"@type":"EntryPoint","urlTemplate":"https:\/\/lobosnews.com.ar\/?s={search_term_string}"},"query-input":{"@type":"PropertyValueSpecification","valueRequired":true,"valueName":"search_term_string"}}],"inLanguage":"es"},{"@type":"Organization","@id":"https:\/\/lobosnews.com.ar\/#organization","name":"Lobos News","url":"https:\/\/lobosnews.com.ar\/","logo":{"@type":"ImageObject","inLanguage":"es","@id":"https:\/\/lobosnews.com.ar\/#\/schema\/logo\/image\/","url":"https:\/\/lobosnews.com.ar\/wp-content\/uploads\/2026\/01\/logo-lobosnews.png","contentUrl":"https:\/\/lobosnews.com.ar\/wp-content\/uploads\/2026\/01\/logo-lobosnews.png","width":500,"height":200,"caption":"Lobos News"},"image":{"@id":"https:\/\/lobosnews.com.ar\/#\/schema\/logo\/image\/"}},{"@type":"Person","@id":"https:\/\/lobosnews.com.ar\/#\/schema\/person\/232422a593d5c541dd9aef6aaed10943","name":"admin","image":{"@type":"ImageObject","inLanguage":"es","@id":"https:\/\/lobosnews.com.ar\/#\/schema\/person\/image\/","url":"https:\/\/secure.gravatar.com\/avatar\/76e419471a2083bc3ceab22a763dbbf9b0c1bd15a6214cf3280e2c2dde4580f9?s=96&d=mm&r=g","contentUrl":"https:\/\/secure.gravatar.com\/avatar\/76e419471a2083bc3ceab22a763dbbf9b0c1bd15a6214cf3280e2c2dde4580f9?s=96&d=mm&r=g","caption":"admin"},"sameAs":["https:\/\/lobosnews.com.ar"],"url":"https:\/\/lobosnews.com.ar\/index.php\/author\/lobos-news\/"}]}},"jetpack_featured_media_url":"https:\/\/lobosnews.com.ar\/wp-content\/uploads\/2026\/03\/a-un-ano-de-la-tragedia-de-bahia-blanca-dia-de-duelo-una-misa-en-la-catedral-local-y-el-mensaje-del-intendente-8.jpg","jetpack_sharing_enabled":true,"_links":{"self":[{"href":"https:\/\/lobosnews.com.ar\/index.php\/wp-json\/wp\/v2\/posts\/30274","targetHints":{"allow":["GET"]}}],"collection":[{"href":"https:\/\/lobosnews.com.ar\/index.php\/wp-json\/wp\/v2\/posts"}],"about":[{"href":"https:\/\/lobosnews.com.ar\/index.php\/wp-json\/wp\/v2\/types\/post"}],"author":[{"embeddable":true,"href":"https:\/\/lobosnews.com.ar\/index.php\/wp-json\/wp\/v2\/users\/1"}],"replies":[{"embeddable":true,"href":"https:\/\/lobosnews.com.ar\/index.php\/wp-json\/wp\/v2\/comments?post=30274"}],"version-history":[{"count":1,"href":"https:\/\/lobosnews.com.ar\/index.php\/wp-json\/wp\/v2\/posts\/30274\/revisions"}],"predecessor-version":[{"id":30280,"href":"https:\/\/lobosnews.com.ar\/index.php\/wp-json\/wp\/v2\/posts\/30274\/revisions\/30280"}],"wp:featuredmedia":[{"embeddable":true,"href":"https:\/\/lobosnews.com.ar\/index.php\/wp-json\/wp\/v2\/media\/30281"}],"wp:attachment":[{"href":"https:\/\/lobosnews.com.ar\/index.php\/wp-json\/wp\/v2\/media?parent=30274"}],"wp:term":[{"taxonomy":"category","embeddable":true,"href":"https:\/\/lobosnews.com.ar\/index.php\/wp-json\/wp\/v2\/categories?post=30274"},{"taxonomy":"post_tag","embeddable":true,"href":"https:\/\/lobosnews.com.ar\/index.php\/wp-json\/wp\/v2\/tags?post=30274"}],"curies":[{"name":"wp","href":"https:\/\/api.w.org\/{rel}","templated":true}]}}