{"id":30233,"date":"2026-03-07T05:00:00","date_gmt":"2026-03-07T05:00:00","guid":{"rendered":"https:\/\/lobosnews.com.ar\/index.php\/2026\/03\/07\/el-negro-tecla-con-un-show-gane-lo-que-otros-ganan-en-un-ano\/"},"modified":"2026-03-07T08:43:43","modified_gmt":"2026-03-07T08:43:43","slug":"el-negro-tecla-con-un-show-gane-lo-que-otros-ganan-en-un-ano","status":"publish","type":"post","link":"https:\/\/lobosnews.com.ar\/index.php\/2026\/03\/07\/el-negro-tecla-con-un-show-gane-lo-que-otros-ganan-en-un-ano\/","title":{"rendered":"El Negro Tecla: \u201cCon un show gan\u00e9 lo que otros ganan en un a\u00f1o\u201d"},"content":{"rendered":"<p>En la entrevista para el ciclo <i>Nunca me faltes<\/i> de <b>Infobae<\/b>, <b>Negro Tecla<\/b> \u2014nombre art\u00edstico de <b>Giuliano Alesio Rover<\/b>\u2014 relat\u00f3, con su autenticidad caracter\u00edstica, <b>el salto de un joven de Las Heras, Mendoza, que cambi\u00f3 el f\u00fatbol amateur por el protagonismo en la cumbia RKT nacional<\/b>. \u201cSi no tengo el pelo corto no te hago nada, \u00bfeh?\u201d, arranc\u00f3 bromeando en el encuentro con <b>Manu Jove<\/b>, resaltando la importancia de su imagen y la huella de su origen en cada etapa del \u00e9xito.<\/p>\n<p>Negro Tecla cont\u00f3 que su carrera comenz\u00f3 en el f\u00fatbol con Gimnasia de Mendoza y se transform\u00f3 por completo al descubrir la m\u00fasica. Impulsado por sus amigos y el auge del RKT, dej\u00f3 atr\u00e1s el deporte y encontr\u00f3 reconocimiento en redes sociales con grabaciones caseras que, de pronto, lo llevaron del barrio a giras, casas nuevas y un estilo de vida donde la familia y la identidad barrial no quedaron atr\u00e1s.<\/p>\n<p>Durante la charla con Manu Jove, record\u00f3 su infancia en el <b>Barrio Municipal<\/b>, la decisi\u00f3n de abandonar el f\u00fatbol, el apoyo de su familia, los grandes cobros y el esfuerzo detr\u00e1s del \u00e9xito. Sus respuestas, cargadas de humor y franqueza, revelan c\u00f3mo el entorno, el trabajo constante y su manera de mostrarse marcan cada elecci\u00f3n personal y profesional.<\/p>\n<p>Aqu\u00ed, un resumen de la charla de Manu Jove con el Negro Tecla:<\/p>\n<p>\u2014<b>\u00bfC\u00f3mo fueron tus primeros pasos en la m\u00fasica y c\u00f3mo influy\u00f3 tu entorno en Mendoza<\/b><\/p>\n<p>\u2014Toda la vida entrenando, meti\u00e9ndole al f\u00fatbol. Entr\u00e9 a Gimnasia de Mendoza, llegamos a reserva, hac\u00edamos m\u00fasica como hobby, con los amigos ah\u00ed, teclado tranqui, pero el f\u00fatbol era el sue\u00f1o, \u00bfviste? Cuando arranc\u00f3 la pandemia, la m\u00fasica la hac\u00eda porque me gustaba y los temas los sub\u00eda a las redes, pero nadie los conoc\u00eda. En un momento, se pone de moda el RKT. Estaba haciendo cumbia, los pibes me dijeron: \u201cEst\u00e1 bueno, Tecla, pero hac\u00e9 RKT, esto est\u00e1 pegando\u201d.<\/p>\n<p>\u2014<b>\u00bfC\u00f3mo empez\u00f3 ese cambio de g\u00e9nero?<\/b><\/p>\n<p>\u2014Le met\u00ed base de RKT a un tema y se vol\u00f3, mal. Fue todo sin buscar ser famoso, solo grababa lo que me gustaba. De pronto, los temas pegaron y me empezaron a llamar para shows y contratos. Yo esperaba contrato de f\u00fatbol y termin\u00f3 apareciendo uno de m\u00fasica.<\/p>\n<p><img loading=\"lazy\" decoding=\"async\" src=\"https:\/\/lobosnews.com.ar\/wp-content\/uploads\/2026\/03\/el-negro-tecla-con-un-show-gane-lo-que-otros-ganan-en-un-ano.jpg\" alt=\"El Negro Tecla, de futbolista a \u00eddolo del g\u00e9nero musical RKT, con Manu Jove en Nunca me faltes\" height=\"1080\" width=\"1920\"\/><\/p>\n<p>\u2014<b>\u00bfCu\u00e1ndo dejaste el f\u00fatbol?<\/b><\/p>\n<p>\u2014El d\u00eda que firm\u00e9 para la m\u00fasica, fui, habl\u00e9 con los t\u00e9cnicos y dije: \u201cPrefiero que otro le meta firme, yo ya no estaba dando el cien\u201d. Ya no era el sue\u00f1o, me estaba gustando m\u00e1s lo otro. Tuve fe, peg\u00f3 un tema y me largu\u00e9 a la pileta mal.<\/p>\n<p>\u2014<b>\u00bfC\u00f3mo fue el salto de un sue\u00f1o frustrado al \u00e9xito repentino?<\/b><\/p>\n<p>\u2014Re jodido dejar el f\u00fatbol, pero la m\u00fasica peg\u00f3 y fue como un error y prueba. Empec\u00e9 a escalar, con el apoyo de mis viejos. Mi pap\u00e1 me hac\u00eda de m\u00e1nager, mi ex tambi\u00e9n estaba ah\u00ed, pero full mis viejos. Me acompa\u00f1aron a todos los shows. Dif\u00edcil, s\u00ed, pero ah\u00ed vamos.<\/p>\n<p>\u2014<b>\u00bfQu\u00e9 cambi\u00f3 con el \u00e9xito?<\/b><\/p>\n<p>\u2014El alejarse de amigos y hasta de la familia por el laburo, \u00bfviste? Me enfoqu\u00e9 en mi carrera, aunque cuando sal\u00eds a bailar todos te conocen: \u201cTecla, Tecla\u201d. Cambi\u00f3 el trato de la gente, te invitan a lugares donde antes no. Y con la guita me pude dar los gustos, obvio.<\/p>\n<p>\u2014<b>\u00bfCu\u00e1l fue tu primer gran premio econ\u00f3mico con la m\u00fasica<\/b><\/p>\n<p>\u2014Primero ayudaba en mi casa para comer, compr\u00e1bamos milanesa, lo que pod\u00edamos. Despu\u00e9s, lo primero grande fueron las regal\u00edas, vi como <b>treinta y cinco mil d\u00f3lares<\/b> as\u00ed, de golpe. Nunca hab\u00eda visto esa plata en mi vida.<\/p>\n<p>\u2014<b>\u00bfEn qu\u00e9 gastaste esa primera plata importante?<\/b><\/p>\n<p>\u2014Invert\u00ed en mi estudio, ayud\u00e9 a mi familia para lo que hac\u00eda falta, remodel\u00e9 mi pieza y mi casa. Hasta el d\u00eda de hoy, mis viejos no laburan m\u00e1s; yo los ayudo.<\/p>\n<p>\u2014<b>\u00bfY c\u00f3mo fue que tus padres dejaron de trabajar?<\/b><\/p>\n<p>\u2014Mi viejo era vendedor ambulante. Cuando vio que la m\u00fasica me funcionaba, dej\u00f3 todo para acompa\u00f1arme a los shows, fue mi socio. Hace poco reci\u00e9n se baj\u00f3 de los shows conmigo.<\/p>\n<p><img loading=\"lazy\" decoding=\"async\" src=\"https:\/\/www.infobae.com\/resizer\/v2\/HF4XGUTXFNAIXA553C25USAPPQ.jpg?auth=ee164ee3bd8d6e010c4003b05b93a74893fe5f2f2b608960b44d069827def6e8&#038;smart=true&#038;width=1920&#038;height=1440\" alt=\"\"Siempre cuid\u00e9 el bolsillo\", asegura el Negro Tecla con respecto a sus ganancias como artista (Cr\u00e9dito: Cristian Gast\u00f3n Taylor)\" height=\"1440\" width=\"1920\"\/><\/p>\n<p>\u2014<b>\u00bfC\u00f3mo manejaste la aparici\u00f3n de tanta plata y las oportunidades?<\/b><\/p>\n<p>\u2014Siempre cuid\u00e9 el bolsillo. Todo lo que gano, lo pongo en mi casa en Mendoza, o propiedades. Mis viejos ahora viven en otra casa, salieron del barrio. Compr\u00e9 tambi\u00e9n un departamento en Belgrano. Todo lo invert\u00ed bien.<\/p>\n<p>\u2014<b>\u00bfCu\u00e1l fue el cobro m\u00e1s alto que recibiste por un show?<\/b><\/p>\n<p>\u2014Nos pagaron <b>doce mil d\u00f3lares por un evento de treinta minutos, <\/b>un a\u00f1o de laburo de alguien en media hora, \u00bfme entend\u00e9s? Locura. Obvio que despu\u00e9s se reparte, que el equipo, la disquera, pero igual.<\/p>\n<p>\u2014<b>\u00bfLo m\u00e1s importante fue la disciplina<\/b><\/p>\n<p>\u2014Laburar todos los fines de semana. Hubo giras de once shows en tres d\u00edas. Parece f\u00e1cil, pero es cansancio tras cansancio.<\/p>\n<p>\u2014<b>\u00bfC\u00f3mo es tu v\u00ednculo con la noche y el ambiente de boliches?<\/b><\/p>\n<p>\u2014En Buenos Aires no salgo, te soy sincero, ni lo conozco tanto. En Mendoza salgo siempre, de martes a martes, el baile. A veces dos bailes por noche. Me pongo gorra, lentes, pasa uno y dice: \u201cEh, Tecla est\u00e1 ah\u00ed\u201d. Si est\u00e1 floja la noche, me voy a otro baile. Soy as\u00ed.<\/p>\n<p>\u2014<b>\u00bfEl \u00e9xito trajo tentaciones?<\/b><\/p>\n<p>\u2014Obvio, te lo ofrecen todo. Lo que quieras de tragos, m\u00fasica, mujeres, lo que sea. Te tratan como rey. Pero yo cuando voy a laburar es trabajo, nos vamos apenas termina el show. Cuando salgo, es otra cosa. Siempre separado: trabajo es trabajo.<\/p>\n<p><img loading=\"lazy\" decoding=\"async\" src=\"https:\/\/lobosnews.com.ar\/wp-content\/uploads\/2026\/03\/el-negro-tecla-con-un-show-gane-lo-que-otros-ganan-en-un-ano-1.jpg\" alt=\"El Negro Tecla junto a Manu Jove (Cr\u00e9dito: Cristian Gast\u00f3n Taylor)\" height=\"1440\" width=\"1920\"\/><\/p>\n<p>\u2014<b>\u00bfC\u00f3mo manej\u00e1s eso en tu vida personal?<\/b><\/p>\n<p>\u2014Salgo m\u00e1s ahora, pero tampoco es descontrol. Cuando estaba en pareja, no se pod\u00eda, solo de vez en cuando, o sal\u00edamos juntos.<\/p>\n<p>\u2014<b>\u00bfC\u00f3mo influy\u00f3 tu familia en tu carrera y en los cambios de vida<\/b><\/p>\n<p>\u2014Ellos son todo. Toda mi familia est\u00e1 en Mendoza, yo ac\u00e1 solo. Voy una vez al mes, una semana. Mi hijo vive all\u00e1 con mi ex, tiene <b>seis meses<\/b>, lo amo. Cuando estoy, paso todos los d\u00edas con \u00e9l.<\/p>\n<p>\u2014<b>\u00bfC\u00f3mo es tu relaci\u00f3n con la madre de tu hijo y tu din\u00e1mica familiar?<\/b><\/p>\n<p>\u2014De diez, nos llevamos re bien. Nos separamos hace poco, pero todo bien. Ella fue mi primera novia, la conoc\u00ed en mi primer show.<\/p>\n<p>\u2014<b>\u00bfEsa relaci\u00f3n cambi\u00f3 algo en tu rutina de la noche y el trabajo?<\/b><\/p>\n<p>\u2014S\u00ed, con pareja era otra cosa. No se pod\u00eda salir tanto. Ahora, sigo igual en lo profesional, m\u00e1s salidas porque estoy solo, pero no descontrolo.<\/p>\n<p>\u2014<b>\u00bfCon qu\u00e9 m\u00fasicos te relacionaste en este camino y c\u00f3mo fue la experiencia<\/b><\/p>\n<p>\u2014A <b>Uriel Lozano<\/b> le debo mucho, me invit\u00f3 a un campamento. Lo conoc\u00ed en plena gira por Estados Unidos: Miami, Houston, Dallas, Austin. Fue \u00e9poca de Copa Am\u00e9rica y estaban todos los argentinos. Lo loco es que Uriel me escribi\u00f3 para hacer un tema, pero no lo vi, estaba arriba, chau. Despu\u00e9s me llam\u00f3 para el campamento, terminamos haciendo una transmisi\u00f3n en vivo. Un capo, Uriel, humilde, muy buena onda.<\/p>\n<p>\u2014<b>\u00bfQu\u00e9 sue\u00f1os ten\u00e9s ahora con la m\u00fasica<\/b><\/p>\n<p>\u2014Seguir creciendo. Ahora la cumbia RKT est\u00e1 por todos lados, y yo quiero llegar m\u00e1s lejos, hacer m\u00e1s colaboraciones, recorrer m\u00e1s pa\u00edses.<\/p>\n<p>\u2014<b>\u00bfPor qu\u00e9 le das tanta importancia al corte de pelo y la imagen personal?<\/b><\/p>\n<p>\u2014Si no tengo el pelo corto, no te hago nada, \u00bfeh? Me corto cada tres d\u00edas, imaginate. Cada show, tengo que estar fresh. Llevo al peluquero a las giras, canta tambi\u00e9n. Hice como <b>quinientos shows en cuatro a\u00f1os<\/b> y solo uno sin cortarme el pelo\u2014ese d\u00eda sal\u00ed con gorra. No me siento c\u00f3modo si no estoy bien cortado, la imagen lo es todo. Siempre bien presentado.<\/p>\n<p><i><b>Fotos: Cristian Gast\u00f3n Taylor<\/b><\/i><\/p>\n","protected":false},"excerpt":{"rendered":"<p>En la entrevista para el ciclo Nunca me faltes de Infobae, Negro Tecla \u2014nombre art\u00edstico de Giuliano Alesio Rover\u2014 relat\u00f3, con su autenticidad caracter\u00edstica, el salto de un joven de Las Heras, Mendoza, que cambi\u00f3 el f\u00fatbol amateur por el protagonismo en la cumbia RKT nacional. \u201cSi no tengo el pelo corto no te hago&#8230;<\/p>\n","protected":false},"author":1,"featured_media":30240,"comment_status":"open","ping_status":"closed","sticky":false,"template":"","format":"standard","meta":{"_jetpack_memberships_contains_paid_content":false,"footnotes":""},"categories":[79],"tags":[],"class_list":["post-30233","post","type-post","status-publish","format-standard","has-post-thumbnail","hentry","category-cine-y-series"],"magazineBlocksPostFeaturedMedia":{"thumbnail":"https:\/\/lobosnews.com.ar\/wp-content\/uploads\/2026\/03\/el-negro-tecla-con-un-show-gane-lo-que-otros-ganan-en-un-ano-2-150x150.jpg","medium":"https:\/\/lobosnews.com.ar\/wp-content\/uploads\/2026\/03\/el-negro-tecla-con-un-show-gane-lo-que-otros-ganan-en-un-ano-2-300x225.jpg","medium_large":"https:\/\/lobosnews.com.ar\/wp-content\/uploads\/2026\/03\/el-negro-tecla-con-un-show-gane-lo-que-otros-ganan-en-un-ano-2-768x576.jpg","large":"https:\/\/lobosnews.com.ar\/wp-content\/uploads\/2026\/03\/el-negro-tecla-con-un-show-gane-lo-que-otros-ganan-en-un-ano-2-1024x768.jpg","1536x1536":"https:\/\/lobosnews.com.ar\/wp-content\/uploads\/2026\/03\/el-negro-tecla-con-un-show-gane-lo-que-otros-ganan-en-un-ano-2-1536x1152.jpg","2048x2048":"https:\/\/lobosnews.com.ar\/wp-content\/uploads\/2026\/03\/el-negro-tecla-con-un-show-gane-lo-que-otros-ganan-en-un-ano-2.jpg","newsmatic-featured":"https:\/\/lobosnews.com.ar\/wp-content\/uploads\/2026\/03\/el-negro-tecla-con-un-show-gane-lo-que-otros-ganan-en-un-ano-2-820x545.jpg","newsmatic-list":"https:\/\/lobosnews.com.ar\/wp-content\/uploads\/2026\/03\/el-negro-tecla-con-un-show-gane-lo-que-otros-ganan-en-un-ano-2-600x400.jpg","newsmatic-thumb":"https:\/\/lobosnews.com.ar\/wp-content\/uploads\/2026\/03\/el-negro-tecla-con-un-show-gane-lo-que-otros-ganan-en-un-ano-2-300x200.jpg","newsmatic-small":"https:\/\/lobosnews.com.ar\/wp-content\/uploads\/2026\/03\/el-negro-tecla-con-un-show-gane-lo-que-otros-ganan-en-un-ano-2-150x95.jpg","newsmatic-grid":"https:\/\/lobosnews.com.ar\/wp-content\/uploads\/2026\/03\/el-negro-tecla-con-un-show-gane-lo-que-otros-ganan-en-un-ano-2-400x250.jpg"},"magazineBlocksPostAuthor":{"name":"admin","avatar":"https:\/\/secure.gravatar.com\/avatar\/76e419471a2083bc3ceab22a763dbbf9b0c1bd15a6214cf3280e2c2dde4580f9?s=96&d=mm&r=g"},"magazineBlocksPostCommentsNumber":"0","magazineBlocksPostExcerpt":"En la entrevista para el ciclo Nunca me faltes de Infobae, Negro Tecla \u2014nombre art\u00edstico de Giuliano Alesio Rover\u2014 relat\u00f3, con su autenticidad caracter\u00edstica, el salto de un joven de Las Heras, Mendoza, que cambi\u00f3 el f\u00fatbol amateur por el protagonismo en la cumbia RKT nacional. \u201cSi no tengo el pelo corto no te hago...","magazineBlocksPostCategories":["Cine y Series"],"magazineBlocksPostViewCount":118,"magazineBlocksPostReadTime":7,"magazine_blocks_featured_image_url":{"full":["https:\/\/lobosnews.com.ar\/wp-content\/uploads\/2026\/03\/el-negro-tecla-con-un-show-gane-lo-que-otros-ganan-en-un-ano-2.jpg",1920,1440,false],"medium":["https:\/\/lobosnews.com.ar\/wp-content\/uploads\/2026\/03\/el-negro-tecla-con-un-show-gane-lo-que-otros-ganan-en-un-ano-2-300x225.jpg",300,225,true],"thumbnail":["https:\/\/lobosnews.com.ar\/wp-content\/uploads\/2026\/03\/el-negro-tecla-con-un-show-gane-lo-que-otros-ganan-en-un-ano-2-150x150.jpg",150,150,true]},"magazine_blocks_author":{"display_name":"admin","author_link":"https:\/\/lobosnews.com.ar\/index.php\/author\/lobos-news\/"},"magazine_blocks_comment":0,"magazine_blocks_author_image":"https:\/\/secure.gravatar.com\/avatar\/76e419471a2083bc3ceab22a763dbbf9b0c1bd15a6214cf3280e2c2dde4580f9?s=96&d=mm&r=g","magazine_blocks_category":"<a href=\"#\" class=\"category-link category-link-79\">Cine y Series<\/a>","yoast_head":"<!-- This site is optimized with the Yoast SEO plugin v26.6 - https:\/\/yoast.com\/wordpress\/plugins\/seo\/ -->\n<title>El Negro Tecla: \u201cCon un show gan\u00e9 lo que otros ganan en un a\u00f1o\u201d - Lobos News<\/title>\n<meta name=\"robots\" content=\"index, follow, max-snippet:-1, max-image-preview:large, max-video-preview:-1\" \/>\n<link rel=\"canonical\" href=\"https:\/\/lobosnews.com.ar\/index.php\/2026\/03\/07\/el-negro-tecla-con-un-show-gane-lo-que-otros-ganan-en-un-ano\/\" \/>\n<meta property=\"og:locale\" content=\"es_ES\" \/>\n<meta property=\"og:type\" content=\"article\" \/>\n<meta property=\"og:title\" content=\"El Negro Tecla: \u201cCon un show gan\u00e9 lo que otros ganan en un a\u00f1o\u201d - Lobos News\" \/>\n<meta property=\"og:description\" content=\"En la entrevista para el ciclo Nunca me faltes de Infobae, Negro Tecla \u2014nombre art\u00edstico de Giuliano Alesio Rover\u2014 relat\u00f3, con su autenticidad caracter\u00edstica, el salto de un joven de Las Heras, Mendoza, que cambi\u00f3 el f\u00fatbol amateur por el protagonismo en la cumbia RKT nacional. \u201cSi no tengo el pelo corto no te hago...\" \/>\n<meta property=\"og:url\" content=\"https:\/\/lobosnews.com.ar\/index.php\/2026\/03\/07\/el-negro-tecla-con-un-show-gane-lo-que-otros-ganan-en-un-ano\/\" \/>\n<meta property=\"og:site_name\" content=\"Lobos News\" \/>\n<meta property=\"article:published_time\" content=\"2026-03-07T05:00:00+00:00\" \/>\n<meta property=\"article:modified_time\" content=\"2026-03-07T08:43:43+00:00\" \/>\n<meta property=\"og:image\" content=\"https:\/\/lobosnews.com.ar\/wp-content\/uploads\/2026\/03\/el-negro-tecla-con-un-show-gane-lo-que-otros-ganan-en-un-ano.jpg\" \/>\n<meta name=\"author\" content=\"admin\" \/>\n<meta name=\"twitter:card\" content=\"summary_large_image\" \/>\n<meta name=\"twitter:label1\" content=\"Escrito por\" \/>\n\t<meta name=\"twitter:data1\" content=\"admin\" \/>\n\t<meta name=\"twitter:label2\" content=\"Tiempo de lectura\" \/>\n\t<meta name=\"twitter:data2\" content=\"7 minutos\" \/>\n<script type=\"application\/ld+json\" class=\"yoast-schema-graph\">{\"@context\":\"https:\/\/schema.org\",\"@graph\":[{\"@type\":\"Article\",\"@id\":\"https:\/\/lobosnews.com.ar\/index.php\/2026\/03\/07\/el-negro-tecla-con-un-show-gane-lo-que-otros-ganan-en-un-ano\/#article\",\"isPartOf\":{\"@id\":\"https:\/\/lobosnews.com.ar\/index.php\/2026\/03\/07\/el-negro-tecla-con-un-show-gane-lo-que-otros-ganan-en-un-ano\/\"},\"author\":{\"name\":\"admin\",\"@id\":\"https:\/\/lobosnews.com.ar\/#\/schema\/person\/232422a593d5c541dd9aef6aaed10943\"},\"headline\":\"El Negro Tecla: \u201cCon un show gan\u00e9 lo que otros ganan en un a\u00f1o\u201d\",\"datePublished\":\"2026-03-07T05:00:00+00:00\",\"dateModified\":\"2026-03-07T08:43:43+00:00\",\"mainEntityOfPage\":{\"@id\":\"https:\/\/lobosnews.com.ar\/index.php\/2026\/03\/07\/el-negro-tecla-con-un-show-gane-lo-que-otros-ganan-en-un-ano\/\"},\"wordCount\":1380,\"commentCount\":0,\"publisher\":{\"@id\":\"https:\/\/lobosnews.com.ar\/#organization\"},\"image\":{\"@id\":\"https:\/\/lobosnews.com.ar\/index.php\/2026\/03\/07\/el-negro-tecla-con-un-show-gane-lo-que-otros-ganan-en-un-ano\/#primaryimage\"},\"thumbnailUrl\":\"https:\/\/lobosnews.com.ar\/wp-content\/uploads\/2026\/03\/el-negro-tecla-con-un-show-gane-lo-que-otros-ganan-en-un-ano-2.jpg\",\"articleSection\":[\"Cine y Series\"],\"inLanguage\":\"es\",\"potentialAction\":[{\"@type\":\"CommentAction\",\"name\":\"Comment\",\"target\":[\"https:\/\/lobosnews.com.ar\/index.php\/2026\/03\/07\/el-negro-tecla-con-un-show-gane-lo-que-otros-ganan-en-un-ano\/#respond\"]}]},{\"@type\":\"WebPage\",\"@id\":\"https:\/\/lobosnews.com.ar\/index.php\/2026\/03\/07\/el-negro-tecla-con-un-show-gane-lo-que-otros-ganan-en-un-ano\/\",\"url\":\"https:\/\/lobosnews.com.ar\/index.php\/2026\/03\/07\/el-negro-tecla-con-un-show-gane-lo-que-otros-ganan-en-un-ano\/\",\"name\":\"El Negro Tecla: \u201cCon un show gan\u00e9 lo que otros ganan en un a\u00f1o\u201d - Lobos News\",\"isPartOf\":{\"@id\":\"https:\/\/lobosnews.com.ar\/#website\"},\"primaryImageOfPage\":{\"@id\":\"https:\/\/lobosnews.com.ar\/index.php\/2026\/03\/07\/el-negro-tecla-con-un-show-gane-lo-que-otros-ganan-en-un-ano\/#primaryimage\"},\"image\":{\"@id\":\"https:\/\/lobosnews.com.ar\/index.php\/2026\/03\/07\/el-negro-tecla-con-un-show-gane-lo-que-otros-ganan-en-un-ano\/#primaryimage\"},\"thumbnailUrl\":\"https:\/\/lobosnews.com.ar\/wp-content\/uploads\/2026\/03\/el-negro-tecla-con-un-show-gane-lo-que-otros-ganan-en-un-ano-2.jpg\",\"datePublished\":\"2026-03-07T05:00:00+00:00\",\"dateModified\":\"2026-03-07T08:43:43+00:00\",\"breadcrumb\":{\"@id\":\"https:\/\/lobosnews.com.ar\/index.php\/2026\/03\/07\/el-negro-tecla-con-un-show-gane-lo-que-otros-ganan-en-un-ano\/#breadcrumb\"},\"inLanguage\":\"es\",\"potentialAction\":[{\"@type\":\"ReadAction\",\"target\":[\"https:\/\/lobosnews.com.ar\/index.php\/2026\/03\/07\/el-negro-tecla-con-un-show-gane-lo-que-otros-ganan-en-un-ano\/\"]}]},{\"@type\":\"ImageObject\",\"inLanguage\":\"es\",\"@id\":\"https:\/\/lobosnews.com.ar\/index.php\/2026\/03\/07\/el-negro-tecla-con-un-show-gane-lo-que-otros-ganan-en-un-ano\/#primaryimage\",\"url\":\"https:\/\/lobosnews.com.ar\/wp-content\/uploads\/2026\/03\/el-negro-tecla-con-un-show-gane-lo-que-otros-ganan-en-un-ano-2.jpg\",\"contentUrl\":\"https:\/\/lobosnews.com.ar\/wp-content\/uploads\/2026\/03\/el-negro-tecla-con-un-show-gane-lo-que-otros-ganan-en-un-ano-2.jpg\",\"width\":1920,\"height\":1440,\"caption\":\"El Negro Tecla: \u201cCon un show gan\u00e9 lo que otros ganan en un a\u00f1o\u201d\"},{\"@type\":\"BreadcrumbList\",\"@id\":\"https:\/\/lobosnews.com.ar\/index.php\/2026\/03\/07\/el-negro-tecla-con-un-show-gane-lo-que-otros-ganan-en-un-ano\/#breadcrumb\",\"itemListElement\":[{\"@type\":\"ListItem\",\"position\":1,\"name\":\"Portada\",\"item\":\"https:\/\/lobosnews.com.ar\/\"},{\"@type\":\"ListItem\",\"position\":2,\"name\":\"El Negro Tecla: \u201cCon un show gan\u00e9 lo que otros ganan en un a\u00f1o\u201d\"}]},{\"@type\":\"WebSite\",\"@id\":\"https:\/\/lobosnews.com.ar\/#website\",\"url\":\"https:\/\/lobosnews.com.ar\/\",\"name\":\"Lobos News\",\"description\":\"Informaci\u00f3n a cada instante\",\"publisher\":{\"@id\":\"https:\/\/lobosnews.com.ar\/#organization\"},\"potentialAction\":[{\"@type\":\"SearchAction\",\"target\":{\"@type\":\"EntryPoint\",\"urlTemplate\":\"https:\/\/lobosnews.com.ar\/?s={search_term_string}\"},\"query-input\":{\"@type\":\"PropertyValueSpecification\",\"valueRequired\":true,\"valueName\":\"search_term_string\"}}],\"inLanguage\":\"es\"},{\"@type\":\"Organization\",\"@id\":\"https:\/\/lobosnews.com.ar\/#organization\",\"name\":\"Lobos News\",\"url\":\"https:\/\/lobosnews.com.ar\/\",\"logo\":{\"@type\":\"ImageObject\",\"inLanguage\":\"es\",\"@id\":\"https:\/\/lobosnews.com.ar\/#\/schema\/logo\/image\/\",\"url\":\"https:\/\/lobosnews.com.ar\/wp-content\/uploads\/2026\/01\/logo-lobosnews.png\",\"contentUrl\":\"https:\/\/lobosnews.com.ar\/wp-content\/uploads\/2026\/01\/logo-lobosnews.png\",\"width\":500,\"height\":200,\"caption\":\"Lobos News\"},\"image\":{\"@id\":\"https:\/\/lobosnews.com.ar\/#\/schema\/logo\/image\/\"}},{\"@type\":\"Person\",\"@id\":\"https:\/\/lobosnews.com.ar\/#\/schema\/person\/232422a593d5c541dd9aef6aaed10943\",\"name\":\"admin\",\"image\":{\"@type\":\"ImageObject\",\"inLanguage\":\"es\",\"@id\":\"https:\/\/lobosnews.com.ar\/#\/schema\/person\/image\/\",\"url\":\"https:\/\/secure.gravatar.com\/avatar\/76e419471a2083bc3ceab22a763dbbf9b0c1bd15a6214cf3280e2c2dde4580f9?s=96&d=mm&r=g\",\"contentUrl\":\"https:\/\/secure.gravatar.com\/avatar\/76e419471a2083bc3ceab22a763dbbf9b0c1bd15a6214cf3280e2c2dde4580f9?s=96&d=mm&r=g\",\"caption\":\"admin\"},\"sameAs\":[\"https:\/\/lobosnews.com.ar\"],\"url\":\"https:\/\/lobosnews.com.ar\/index.php\/author\/lobos-news\/\"}]}<\/script>\n<!-- \/ Yoast SEO plugin. -->","yoast_head_json":{"title":"El Negro Tecla: \u201cCon un show gan\u00e9 lo que otros ganan en un a\u00f1o\u201d - Lobos News","robots":{"index":"index","follow":"follow","max-snippet":"max-snippet:-1","max-image-preview":"max-image-preview:large","max-video-preview":"max-video-preview:-1"},"canonical":"https:\/\/lobosnews.com.ar\/index.php\/2026\/03\/07\/el-negro-tecla-con-un-show-gane-lo-que-otros-ganan-en-un-ano\/","og_locale":"es_ES","og_type":"article","og_title":"El Negro Tecla: \u201cCon un show gan\u00e9 lo que otros ganan en un a\u00f1o\u201d - Lobos News","og_description":"En la entrevista para el ciclo Nunca me faltes de Infobae, Negro Tecla \u2014nombre art\u00edstico de Giuliano Alesio Rover\u2014 relat\u00f3, con su autenticidad caracter\u00edstica, el salto de un joven de Las Heras, Mendoza, que cambi\u00f3 el f\u00fatbol amateur por el protagonismo en la cumbia RKT nacional. \u201cSi no tengo el pelo corto no te hago...","og_url":"https:\/\/lobosnews.com.ar\/index.php\/2026\/03\/07\/el-negro-tecla-con-un-show-gane-lo-que-otros-ganan-en-un-ano\/","og_site_name":"Lobos News","article_published_time":"2026-03-07T05:00:00+00:00","article_modified_time":"2026-03-07T08:43:43+00:00","og_image":[{"url":"https:\/\/lobosnews.com.ar\/wp-content\/uploads\/2026\/03\/el-negro-tecla-con-un-show-gane-lo-que-otros-ganan-en-un-ano.jpg","type":"","width":"","height":""}],"author":"admin","twitter_card":"summary_large_image","twitter_misc":{"Escrito por":"admin","Tiempo de lectura":"7 minutos"},"schema":{"@context":"https:\/\/schema.org","@graph":[{"@type":"Article","@id":"https:\/\/lobosnews.com.ar\/index.php\/2026\/03\/07\/el-negro-tecla-con-un-show-gane-lo-que-otros-ganan-en-un-ano\/#article","isPartOf":{"@id":"https:\/\/lobosnews.com.ar\/index.php\/2026\/03\/07\/el-negro-tecla-con-un-show-gane-lo-que-otros-ganan-en-un-ano\/"},"author":{"name":"admin","@id":"https:\/\/lobosnews.com.ar\/#\/schema\/person\/232422a593d5c541dd9aef6aaed10943"},"headline":"El Negro Tecla: \u201cCon un show gan\u00e9 lo que otros ganan en un a\u00f1o\u201d","datePublished":"2026-03-07T05:00:00+00:00","dateModified":"2026-03-07T08:43:43+00:00","mainEntityOfPage":{"@id":"https:\/\/lobosnews.com.ar\/index.php\/2026\/03\/07\/el-negro-tecla-con-un-show-gane-lo-que-otros-ganan-en-un-ano\/"},"wordCount":1380,"commentCount":0,"publisher":{"@id":"https:\/\/lobosnews.com.ar\/#organization"},"image":{"@id":"https:\/\/lobosnews.com.ar\/index.php\/2026\/03\/07\/el-negro-tecla-con-un-show-gane-lo-que-otros-ganan-en-un-ano\/#primaryimage"},"thumbnailUrl":"https:\/\/lobosnews.com.ar\/wp-content\/uploads\/2026\/03\/el-negro-tecla-con-un-show-gane-lo-que-otros-ganan-en-un-ano-2.jpg","articleSection":["Cine y Series"],"inLanguage":"es","potentialAction":[{"@type":"CommentAction","name":"Comment","target":["https:\/\/lobosnews.com.ar\/index.php\/2026\/03\/07\/el-negro-tecla-con-un-show-gane-lo-que-otros-ganan-en-un-ano\/#respond"]}]},{"@type":"WebPage","@id":"https:\/\/lobosnews.com.ar\/index.php\/2026\/03\/07\/el-negro-tecla-con-un-show-gane-lo-que-otros-ganan-en-un-ano\/","url":"https:\/\/lobosnews.com.ar\/index.php\/2026\/03\/07\/el-negro-tecla-con-un-show-gane-lo-que-otros-ganan-en-un-ano\/","name":"El Negro Tecla: \u201cCon un show gan\u00e9 lo que otros ganan en un a\u00f1o\u201d - Lobos News","isPartOf":{"@id":"https:\/\/lobosnews.com.ar\/#website"},"primaryImageOfPage":{"@id":"https:\/\/lobosnews.com.ar\/index.php\/2026\/03\/07\/el-negro-tecla-con-un-show-gane-lo-que-otros-ganan-en-un-ano\/#primaryimage"},"image":{"@id":"https:\/\/lobosnews.com.ar\/index.php\/2026\/03\/07\/el-negro-tecla-con-un-show-gane-lo-que-otros-ganan-en-un-ano\/#primaryimage"},"thumbnailUrl":"https:\/\/lobosnews.com.ar\/wp-content\/uploads\/2026\/03\/el-negro-tecla-con-un-show-gane-lo-que-otros-ganan-en-un-ano-2.jpg","datePublished":"2026-03-07T05:00:00+00:00","dateModified":"2026-03-07T08:43:43+00:00","breadcrumb":{"@id":"https:\/\/lobosnews.com.ar\/index.php\/2026\/03\/07\/el-negro-tecla-con-un-show-gane-lo-que-otros-ganan-en-un-ano\/#breadcrumb"},"inLanguage":"es","potentialAction":[{"@type":"ReadAction","target":["https:\/\/lobosnews.com.ar\/index.php\/2026\/03\/07\/el-negro-tecla-con-un-show-gane-lo-que-otros-ganan-en-un-ano\/"]}]},{"@type":"ImageObject","inLanguage":"es","@id":"https:\/\/lobosnews.com.ar\/index.php\/2026\/03\/07\/el-negro-tecla-con-un-show-gane-lo-que-otros-ganan-en-un-ano\/#primaryimage","url":"https:\/\/lobosnews.com.ar\/wp-content\/uploads\/2026\/03\/el-negro-tecla-con-un-show-gane-lo-que-otros-ganan-en-un-ano-2.jpg","contentUrl":"https:\/\/lobosnews.com.ar\/wp-content\/uploads\/2026\/03\/el-negro-tecla-con-un-show-gane-lo-que-otros-ganan-en-un-ano-2.jpg","width":1920,"height":1440,"caption":"El Negro Tecla: \u201cCon un show gan\u00e9 lo que otros ganan en un a\u00f1o\u201d"},{"@type":"BreadcrumbList","@id":"https:\/\/lobosnews.com.ar\/index.php\/2026\/03\/07\/el-negro-tecla-con-un-show-gane-lo-que-otros-ganan-en-un-ano\/#breadcrumb","itemListElement":[{"@type":"ListItem","position":1,"name":"Portada","item":"https:\/\/lobosnews.com.ar\/"},{"@type":"ListItem","position":2,"name":"El Negro Tecla: \u201cCon un show gan\u00e9 lo que otros ganan en un a\u00f1o\u201d"}]},{"@type":"WebSite","@id":"https:\/\/lobosnews.com.ar\/#website","url":"https:\/\/lobosnews.com.ar\/","name":"Lobos News","description":"Informaci\u00f3n a cada instante","publisher":{"@id":"https:\/\/lobosnews.com.ar\/#organization"},"potentialAction":[{"@type":"SearchAction","target":{"@type":"EntryPoint","urlTemplate":"https:\/\/lobosnews.com.ar\/?s={search_term_string}"},"query-input":{"@type":"PropertyValueSpecification","valueRequired":true,"valueName":"search_term_string"}}],"inLanguage":"es"},{"@type":"Organization","@id":"https:\/\/lobosnews.com.ar\/#organization","name":"Lobos News","url":"https:\/\/lobosnews.com.ar\/","logo":{"@type":"ImageObject","inLanguage":"es","@id":"https:\/\/lobosnews.com.ar\/#\/schema\/logo\/image\/","url":"https:\/\/lobosnews.com.ar\/wp-content\/uploads\/2026\/01\/logo-lobosnews.png","contentUrl":"https:\/\/lobosnews.com.ar\/wp-content\/uploads\/2026\/01\/logo-lobosnews.png","width":500,"height":200,"caption":"Lobos News"},"image":{"@id":"https:\/\/lobosnews.com.ar\/#\/schema\/logo\/image\/"}},{"@type":"Person","@id":"https:\/\/lobosnews.com.ar\/#\/schema\/person\/232422a593d5c541dd9aef6aaed10943","name":"admin","image":{"@type":"ImageObject","inLanguage":"es","@id":"https:\/\/lobosnews.com.ar\/#\/schema\/person\/image\/","url":"https:\/\/secure.gravatar.com\/avatar\/76e419471a2083bc3ceab22a763dbbf9b0c1bd15a6214cf3280e2c2dde4580f9?s=96&d=mm&r=g","contentUrl":"https:\/\/secure.gravatar.com\/avatar\/76e419471a2083bc3ceab22a763dbbf9b0c1bd15a6214cf3280e2c2dde4580f9?s=96&d=mm&r=g","caption":"admin"},"sameAs":["https:\/\/lobosnews.com.ar"],"url":"https:\/\/lobosnews.com.ar\/index.php\/author\/lobos-news\/"}]}},"jetpack_featured_media_url":"https:\/\/lobosnews.com.ar\/wp-content\/uploads\/2026\/03\/el-negro-tecla-con-un-show-gane-lo-que-otros-ganan-en-un-ano-2.jpg","jetpack_sharing_enabled":true,"_links":{"self":[{"href":"https:\/\/lobosnews.com.ar\/index.php\/wp-json\/wp\/v2\/posts\/30233","targetHints":{"allow":["GET"]}}],"collection":[{"href":"https:\/\/lobosnews.com.ar\/index.php\/wp-json\/wp\/v2\/posts"}],"about":[{"href":"https:\/\/lobosnews.com.ar\/index.php\/wp-json\/wp\/v2\/types\/post"}],"author":[{"embeddable":true,"href":"https:\/\/lobosnews.com.ar\/index.php\/wp-json\/wp\/v2\/users\/1"}],"replies":[{"embeddable":true,"href":"https:\/\/lobosnews.com.ar\/index.php\/wp-json\/wp\/v2\/comments?post=30233"}],"version-history":[{"count":1,"href":"https:\/\/lobosnews.com.ar\/index.php\/wp-json\/wp\/v2\/posts\/30233\/revisions"}],"predecessor-version":[{"id":30239,"href":"https:\/\/lobosnews.com.ar\/index.php\/wp-json\/wp\/v2\/posts\/30233\/revisions\/30239"}],"wp:featuredmedia":[{"embeddable":true,"href":"https:\/\/lobosnews.com.ar\/index.php\/wp-json\/wp\/v2\/media\/30240"}],"wp:attachment":[{"href":"https:\/\/lobosnews.com.ar\/index.php\/wp-json\/wp\/v2\/media?parent=30233"}],"wp:term":[{"taxonomy":"category","embeddable":true,"href":"https:\/\/lobosnews.com.ar\/index.php\/wp-json\/wp\/v2\/categories?post=30233"},{"taxonomy":"post_tag","embeddable":true,"href":"https:\/\/lobosnews.com.ar\/index.php\/wp-json\/wp\/v2\/tags?post=30233"}],"curies":[{"name":"wp","href":"https:\/\/api.w.org\/{rel}","templated":true}]}}