{"id":30212,"date":"2026-03-07T05:00:00","date_gmt":"2026-03-07T05:00:00","guid":{"rendered":"https:\/\/lobosnews.com.ar\/index.php\/2026\/03\/07\/guido-kaczka-otra-vez-listo-para-el-prime-time-mientras-hagamos-programas-la-tele-estara-viva-2\/"},"modified":"2026-03-07T08:43:41","modified_gmt":"2026-03-07T08:43:41","slug":"guido-kaczka-otra-vez-listo-para-el-prime-time-mientras-hagamos-programas-la-tele-estara-viva-2","status":"publish","type":"post","link":"https:\/\/lobosnews.com.ar\/index.php\/2026\/03\/07\/guido-kaczka-otra-vez-listo-para-el-prime-time-mientras-hagamos-programas-la-tele-estara-viva-2\/","title":{"rendered":"Guido Kaczka, otra vez listo para el prime time: \u201cMientras hagamos programas, la tele estar\u00e1 viva\u201d"},"content":{"rendered":"<p><img loading=\"lazy\" decoding=\"async\" src=\"https:\/\/lobosnews.com.ar\/wp-content\/uploads\/2026\/03\/guido-kaczka-otra-vez-listo-para-el-prime-time-mientras-hagamos-programas-la-tele-estara-viva.jpg\" alt=\"Guido Kaczka regresa a la conducci\u00f3n en eltrece con \"Es mi sue\u00f1o\", un reality de b\u00fasqueda de talentos\" height=\"1038\" width=\"1110\"\/><\/p>\n<p><b>Guido Kaczka<\/b> regresa al prime time televisivo con el reality de talentos <b>\u201cEs mi sue\u00f1o\u201d<\/b>, que llega a la pantalla de <b>eltrece<\/b> este lunes 9 de marzo a las 21:15. En un charla exclusiva con <b>Teleshow<\/b>, el conductor cont\u00f3 c\u00f3mo ser\u00e1 la nueva b\u00fasqueda de nuestra pr\u00f3xima gran voz y promete emoci\u00f3n en cada instancia competitiva con las historias de vida de los participantes.<\/p>\n<p>La propuesta contar\u00e1 con m\u00e1s de 200 participantes evaluados en vivo por un jurado integrado por <b>Abel Pintos<\/b>, <b>La Mona Jim\u00e9nez<\/b>, <b>Joaqu\u00edn Levinton<\/b>, <b>Jimena Bar\u00f3n<\/b> y <b>Carlos Baute, <\/b>aunque en pantalla habr\u00e1 cuatro. Con un formato innovador de palanca de votaci\u00f3n y rondas eliminatorias, la gran final en el <b>Teatro \u00d3pera<\/b> ser\u00e1 a sala llena, con el p\u00fablico eligiendo al ganador, quien recibir\u00e1 <b>100 millones de pesos<\/b>.<\/p>\n<p><img loading=\"lazy\" decoding=\"async\" src=\"https:\/\/www.infobae.com\/resizer\/v2\/CFLWUTZDJZEFNCG34IKGMDPHCM.jpeg?auth=3dacb5a423d54d060deac0b30d71100c386bd7f45ea8e61e20b5ca25e88c1df9&#038;smart=true&#038;width=1600&#038;height=902\" alt=\"Guido Kaczka con La Mona Jim\u00e9nez, confirmado como jurado de Es mi sue\u00f1o\" height=\"902\" width=\"1600\"\/><\/p>\n<p>El ciclo, <b>con producci\u00f3n de Kuarzo para eltrece, <\/b>combinar\u00e1 galas en directo y participaci\u00f3n de la audiencia. El desaf\u00edo implica superar varias etapas: los concursantes primero buscar\u00e1n el voto positivo del jurado mediante la palanca de colores, pasar\u00e1n a competir por su lugar en la tabla de puntajes y deber\u00e1n evitar la zona de eliminaci\u00f3n, donde los 10 peor ubicados arriesgan su permanencia. Los ocho mejores llegar\u00e1n a la final, en la que se consagrar\u00e1 al nuevo \u00eddolo nacional.<\/p>\n<p>Los d\u00edas de Kaczka son nutridos, y encontrar un hueco para charlar no es sencillo. Por la ma\u00f1ana, en radio La 100, est\u00e1 junto a Claudia Font\u00e1n en <b>No Est\u00e1 Todo Dicho, <\/b>las grabaciones de \u201cEs mi sue\u00f1o\u201d y, claro,<b> sus famosas sesiones de terapia, <\/b>que, seg\u00fan le cuenta a<b> Teleshow, <\/b>\u201ca veces son tres por semana, y a veces cuatro. Ahora estoy en tres, porque es lo m\u00ednimo que permite mi psicoanalista, que es el mismo de siempre. As\u00ed que sigo pensando para adentro. Pero vos me dir\u00e1s si me est\u00e1 funcionando\u201d, bromea.<\/p>\n<p><img loading=\"lazy\" decoding=\"async\" src=\"https:\/\/lobosnews.com.ar\/wp-content\/uploads\/2026\/03\/guido-kaczka-otra-vez-listo-para-el-prime-time-mientras-hagamos-programas-la-tele-estara-viva-7.jpg\" alt=\"El abrazo de Guido Kaczka con Abel Pintos, uno de los jurados de \"Es mi sue\u00f1o\"\" height=\"722\" width=\"1280\"\/><\/p>\n<p>\u2014<b>\u00bfGuido, qu\u00e9 expectativas ten\u00e9s con este nuevo programa<\/b> <\/p>\n<p>\u2014Mir\u00e1, este es un programa distinto, en un punto, a los que suelo hacer. Si bien hice programas de talentos, el del a\u00f1o pasado ten\u00eda otra tem\u00e1tica. Este es un formato con m\u00e1s estructura: hay cuatro jurados que hacen pasar a los concursantes por medio de una palanca que va del rojo al verde, pasando por el amarillo, tiene como grados esa palanca, de menor a mayor intensidad. Y cuando pisa el verde, los participantes pasan al palco del \u00d3pera. Porque el camino es que, de miles que hicieron el casting en Argentina, cientos llegan al escenario y, despu\u00e9s de varias instancias, ocho finalistas hacen un concierto en el Teatro \u00d3pera de Buenos Aires. En esa final, de estos ocho, uno se alza con el premio del p\u00fablico presente y con los cien millones de pesos. O sea, hay dos instancias de ganar: una es llegar al \u00d3pera y, despu\u00e9s, entre todos, uno es elegido por el p\u00fablico como el gran ganador.<\/p>\n<p>\u2014<b>En el \u00d3pera ser\u00e1 con p\u00fablico, \u00bfno?<\/b><\/p>\n<p>\u2014S\u00ed, con un concierto y con p\u00fablico. Posiblemente act\u00faen tambi\u00e9n los artistas del jurado. Pero estamos produciendo ese evento, que ser\u00e1 el cierre del programa.<\/p>\n<p><img loading=\"lazy\" decoding=\"async\" src=\"https:\/\/www.infobae.com\/resizer\/v2\/OFJKRR4G5ZGSFIWEBM7COVDMQ4.jpg?auth=e5de70e1d7d49fbda097ac24adc08accdc84282dff7adcd0df3a26e7bbd34bb0&#038;smart=true&#038;width=1560&#038;height=2768\" alt=\"Luego de los rumores que no estar\u00eda, Guido Kaczka le confirm\u00f3 a Teleshow que La Mona Jim\u00e9nez ser\u00e1 parte del jurado de \"Es mi sue\u00f1o\"\" height=\"2768\" width=\"1560\"\/><\/p>\n<p>\u2014<b>Se habl\u00f3 mucho del jurado. \u00bfCu\u00e1l es el definitivo?<\/b><\/p>\n<p>\u2014El jurado es <b>Abel Pintos<\/b>, que es con quien primero me junt\u00e9 o fui a buscar. Abel abri\u00f3 un poco el camino; la idea del programa ya estaba, pero me reun\u00ed con \u00e9l y su entusiasmo nos contagi\u00f3. Incluso le ped\u00ed el tema musical de la apertura de programa, que es de Abel. Y despu\u00e9s estaba la idea de <b>La Mona Jim\u00e9nez<\/b>, que es un mito, una leyenda. Y adem\u00e1s, <b>Jimena Bar\u00f3n<\/b> y <b>Joaqu\u00edn Levinton<\/b>. Funcionan muy bien juntos, porque son todos distintos. En realidad no s\u00e9 cu\u00e1nto se conoc\u00edan entre ellos, creo que ninguno conoc\u00eda a los otros antes.<\/p>\n<p>\u2014<b>Se dijo que La Mona se bajaba y que lo reemplazar\u00eda Carlos Baute \u00bfC\u00f3mo fue eso?<\/b><\/p>\n<p>\u2014No, La Mona est\u00e1, y tambi\u00e9n <b>Carlos Baute<\/b>. Hay otros artistas que van a estar. A Baute sumalo a ese grupo. Hay d\u00edas que uno no est\u00e1 y est\u00e1 el otro, pero todos son estables en el sentido contractual. Pero, bueno, pens\u00e1 en la ingenier\u00eda de cuadrar las fechas y agendas de estos artistas, lleva mucho trabajo. Vos ves al jurado en pantalla, pero compatibilizar los tiempos y agendas estuvo a punto de frenar la presencia de m\u00e1s de uno varias veces. Tienen giras, grabaciones, que van a Espa\u00f1a, que Europa, que mezclan en Los \u00c1ngeles\u2026 Antes yo escuchaba estas historias de los cantantes, ahora las vivo de cerca con el programa. Es un lindo l\u00edo. Por eso hay que tener m\u00e1s de cuatro jurados&#8230; para poder tener cuatro.<\/p>\n<p><img loading=\"lazy\" decoding=\"async\" src=\"https:\/\/lobosnews.com.ar\/wp-content\/uploads\/2026\/03\/guido-kaczka-otra-vez-listo-para-el-prime-time-mientras-hagamos-programas-la-tele-estara-viva-9.jpg\" alt=\"Luego de tener a su hijo Arturo, Jimena Bar\u00f3n regresa a la tele como jurado de \"Es mi sue\u00f1o\"\" height=\"2768\" width=\"1560\"\/><\/p>\n<p>\u2014<b>\u00bfQu\u00e9 pas\u00f3 finalmente con Xuxa Se mencion\u00f3 que iba a estar.<\/b><\/p>\n<p>\u2014Bueno, Xuxa en un momento se cop\u00f3 con el programa. Le mandamos todo el material, la idea era que estuviera y que tambi\u00e9n fuera jurado. Como ten\u00eda un viaje previsto a la Argentina, iba a compatibilizar todo, pero eso cambi\u00f3 y no pudo arrancar. Igual seguimos charlando para ver si puede ser parte. Y todav\u00eda hay alguna sorpresa internacional que estamos buscando como jurado.<\/p>\n<p>\u2014<b>Est\u00e1s acostumbrado, en los \u00faltimos a\u00f1os, a cargar con el peso del prime time de El trece. \u00bfC\u00f3mo manej\u00e1s esa responsabilidad?<\/b><\/p>\n<p>\u2014Bueno, lo llevo con responsabilidad, pero cualquier horario requiere lo suyo. Le doy importancia a los horarios, pero hasta ah\u00ed. Entiendo que a otros les interesa m\u00e1s y rotulan cada horario, pero a m\u00ed me gusta hacer los programas, sean cuando sean. Trato de que salgan lo mejor posible. El horario es un dato m\u00e1s para pensar c\u00f3mo armo el programa y qui\u00e9n puede estar mirando, pero todos los horarios tienen lo suyo. Hacer televisi\u00f3n es una responsabilidad m\u00e1s all\u00e1 del horario.<\/p>\n<p><img loading=\"lazy\" decoding=\"async\" src=\"https:\/\/lobosnews.com.ar\/wp-content\/uploads\/2026\/03\/guido-kaczka-otra-vez-listo-para-el-prime-time-mientras-hagamos-programas-la-tele-estara-viva-10.jpg\" alt=\"Abel Pintos, el primero de los jurados convocados para \"Es mi sue\u00f1o\"\" height=\"2768\" width=\"1560\"\/><\/p>\n<p>\u2014<b>\u00bfCu\u00e1l consider\u00e1s que es tu mayor virtud como conductor?<\/b><\/p>\n<p>\u2014Me parece que intento ser aut\u00e9ntico, genuino, disfrutarlo y no pensar tanto en qu\u00e9 deber\u00eda ser. Ese es el gran laburo, \u00bfviste? Le doy mucha importancia al encuentro con los otros. Los programas y los mecanismos son una excusa para el encuentro con la gente. Disfruto mucho cuando las cosas suceden y no las planeo tanto. Esa intenci\u00f3n me pone bien en la vida y la llevo tambi\u00e9n a la tele. Intento ser lo m\u00e1s genuino posible y encontrarme con los otros, no quedarme mir\u00e1ndome mucho a m\u00ed mismo. En esta \u00e9poca, el espejo juega fuerte para todos. Y yo intento estar m\u00e1s volcado hacia afuera que mir\u00e1ndome.<\/p>\n<p>\u2014<b>Es una marca tuya no estar omnipresente en c\u00e1mara, \u00bfno?<\/b><\/p>\n<p>\u2014Seg\u00fan el programa, a veces estoy m\u00e1s, a veces menos, pero lo importante no es cu\u00e1nto estoy sino cu\u00e1l es mi funci\u00f3n para que las cosas sucedan, m\u00e1s all\u00e1 de m\u00ed. Trato de que eso salga bien, aunque a veces sale mejor y a veces peor.<\/p>\n<p><img loading=\"lazy\" decoding=\"async\" src=\"https:\/\/lobosnews.com.ar\/wp-content\/uploads\/2026\/03\/guido-kaczka-otra-vez-listo-para-el-prime-time-mientras-hagamos-programas-la-tele-estara-viva-11.jpg\" alt=\"Joaqu\u00edn Levinton completa el cuarteto \"titular\" de jurafos de \"Es mi sue\u00f1o\", al que tambi\u00e9n se sumar\u00e1 Carlos Baute y, si las conversaciones prosperan, quiz\u00e1s Xuxa. Pero en pantalla siempre ser\u00e1n cuatro\" height=\"2768\" width=\"1560\"\/><\/p>\n<p>\u2014<b>Enfrent\u00e1s ahora una fuerte competencia, con la \u00faltima semana de MasterChef y Gran Hermano en pantalla. \u00bfEso te condiciona<\/b><\/p>\n<p>\u2014Mir\u00e1, Gran Hermano es incluso de la productora de la que soy socio (Kuarzo). Siempre digo que cuantos m\u00e1s programas, \u00e9xito y fen\u00f3menos haya, mejor para todos. Es como en los polos gastron\u00f3micos, donde los restaurantes est\u00e1n juntos, uno al lado del otro, y rinden m\u00e1s. Para la tele es igual: la gente trae gente, y cuanto m\u00e1s lanzamientos haya, mejor. Despu\u00e9s, la gente elige; quien te mira a vos es tan importante como quien ve al otro. Entiendo que la rivalidad es de lo que m\u00e1s se habla, pero yo creo en la competencia sana. Cada uno debe ser lo m\u00e1s competente posible, pero no por el otro, sino por dar lo mejor. Eso nos trae m\u00e1s p\u00fablico a todos. Al final, para m\u00ed lo importante es que le vaya bien a la tele, no solo a la televisi\u00f3n abierta sino a todos los medios donde hay contenido.<\/p>\n<p>\u2014<b>\u00bfTe gusta el estilo de Santiago del Moro en la conducci\u00f3n de Gran Hermano?<\/b><\/p>\n<p>\u2014S\u00ed. Se ajusta al programa que hace, a Gran Hermano. Los estilos personales cuentan, pero deben poder aplicarse a un proyecto que los trascienda. El conductor cumple un rol, como una funci\u00f3n dentro del organismo, no es todo en el programa. Es un rol. Y cuando veo Gran Hermano digo: \u201cQu\u00e9 bien lo hace\u201d, y el crecimiento que tuvo el programa tiene que ver con la funci\u00f3n del conductor, que es bien importante. As\u00ed que s\u00ed, me gusta.<\/p>\n<p><img loading=\"lazy\" decoding=\"async\" src=\"https:\/\/lobosnews.com.ar\/wp-content\/uploads\/2026\/03\/guido-kaczka-otra-vez-listo-para-el-prime-time-mientras-hagamos-programas-la-tele-estara-viva-12.jpg\" alt=\"Guido Kaczka junto al jurado de \"Es mi sue\u00f1o\" que comienza este lunes 9 de marzo a las 21.15\" height=\"1530\" width=\"2715\"\/><\/p>\n<p><b>\u2014Alguna vez Mario Pergolini, que luego volvi\u00f3 a la televisi\u00f3n, dijo \u201cla tele est\u00e1 muerta\u201d. \u00bfQu\u00e9 pens\u00e1s al respecto?<\/b><\/p>\n<p>\u2014S\u00ed, me acuerdo que me preguntaban por eso antes de que \u00e9l volviera. Me divert\u00eda, son cosas propias de Mario. Pero yo estaba contento de que volviera y me pasa lo mismo con otros programas: cuanto m\u00e1s haya, mejor. El a\u00f1o pasado, el t\u00e1ndem de la noche con Barassi tambi\u00e9n arrancando su ciclo, mientras yo hac\u00eda Buenas noches, familia y Mario ten\u00eda su programa, fue mucho mejor para todos. Para m\u00ed, la tele est\u00e1 viva. Mientras estemos haciendo un programa, estar\u00e1 viva. Es una descripci\u00f3n, no una opini\u00f3n ni un deseo.<\/p>\n<p>\u2014<b>Sobre tu faceta de actor, \u00bfla dejaste atr\u00e1s?<\/b><\/p>\n<p>\u2014Qu\u00e9 s\u00e9 yo. Uno nunca sabe. Pero la verdad es que soy conductor y productor, y estoy bien con eso.<\/p>\n","protected":false},"excerpt":{"rendered":"<p>Guido Kaczka regresa al prime time televisivo con el reality de talentos \u201cEs mi sue\u00f1o\u201d, que llega a la pantalla de eltrece este lunes 9 de marzo a las 21:15. En un charla exclusiva con Teleshow, el conductor cont\u00f3 c\u00f3mo ser\u00e1 la nueva b\u00fasqueda de nuestra pr\u00f3xima gran voz y promete emoci\u00f3n en cada instancia&#8230;<\/p>\n","protected":false},"author":1,"featured_media":30238,"comment_status":"open","ping_status":"closed","sticky":false,"template":"","format":"standard","meta":{"_jetpack_memberships_contains_paid_content":false,"footnotes":""},"categories":[79],"tags":[],"class_list":["post-30212","post","type-post","status-publish","format-standard","has-post-thumbnail","hentry","category-cine-y-series"],"magazineBlocksPostFeaturedMedia":{"thumbnail":"https:\/\/lobosnews.com.ar\/wp-content\/uploads\/2026\/03\/guido-kaczka-otra-vez-listo-para-el-prime-time-mientras-hagamos-programas-la-tele-estara-viva-21-150x150.jpg","medium":"https:\/\/lobosnews.com.ar\/wp-content\/uploads\/2026\/03\/guido-kaczka-otra-vez-listo-para-el-prime-time-mientras-hagamos-programas-la-tele-estara-viva-21-300x169.jpg","medium_large":"https:\/\/lobosnews.com.ar\/wp-content\/uploads\/2026\/03\/guido-kaczka-otra-vez-listo-para-el-prime-time-mientras-hagamos-programas-la-tele-estara-viva-21-768x433.jpg","large":"https:\/\/lobosnews.com.ar\/wp-content\/uploads\/2026\/03\/guido-kaczka-otra-vez-listo-para-el-prime-time-mientras-hagamos-programas-la-tele-estara-viva-21-1024x577.jpg","1536x1536":"https:\/\/lobosnews.com.ar\/wp-content\/uploads\/2026\/03\/guido-kaczka-otra-vez-listo-para-el-prime-time-mientras-hagamos-programas-la-tele-estara-viva-21-1536x866.jpg","2048x2048":"https:\/\/lobosnews.com.ar\/wp-content\/uploads\/2026\/03\/guido-kaczka-otra-vez-listo-para-el-prime-time-mientras-hagamos-programas-la-tele-estara-viva-21-2048x1154.jpg","newsmatic-featured":"https:\/\/lobosnews.com.ar\/wp-content\/uploads\/2026\/03\/guido-kaczka-otra-vez-listo-para-el-prime-time-mientras-hagamos-programas-la-tele-estara-viva-21-820x545.jpg","newsmatic-list":"https:\/\/lobosnews.com.ar\/wp-content\/uploads\/2026\/03\/guido-kaczka-otra-vez-listo-para-el-prime-time-mientras-hagamos-programas-la-tele-estara-viva-21-600x400.jpg","newsmatic-thumb":"https:\/\/lobosnews.com.ar\/wp-content\/uploads\/2026\/03\/guido-kaczka-otra-vez-listo-para-el-prime-time-mientras-hagamos-programas-la-tele-estara-viva-21-300x200.jpg","newsmatic-small":"https:\/\/lobosnews.com.ar\/wp-content\/uploads\/2026\/03\/guido-kaczka-otra-vez-listo-para-el-prime-time-mientras-hagamos-programas-la-tele-estara-viva-21-150x95.jpg","newsmatic-grid":"https:\/\/lobosnews.com.ar\/wp-content\/uploads\/2026\/03\/guido-kaczka-otra-vez-listo-para-el-prime-time-mientras-hagamos-programas-la-tele-estara-viva-21-400x250.jpg"},"magazineBlocksPostAuthor":{"name":"admin","avatar":"https:\/\/secure.gravatar.com\/avatar\/76e419471a2083bc3ceab22a763dbbf9b0c1bd15a6214cf3280e2c2dde4580f9?s=96&d=mm&r=g"},"magazineBlocksPostCommentsNumber":"0","magazineBlocksPostExcerpt":"Guido Kaczka regresa al prime time televisivo con el reality de talentos \u201cEs mi sue\u00f1o\u201d, que llega a la pantalla de eltrece este lunes 9 de marzo a las 21:15. En un charla exclusiva con Teleshow, el conductor cont\u00f3 c\u00f3mo ser\u00e1 la nueva b\u00fasqueda de nuestra pr\u00f3xima gran voz y promete emoci\u00f3n en cada instancia...","magazineBlocksPostCategories":["Cine y Series"],"magazineBlocksPostViewCount":74,"magazineBlocksPostReadTime":9,"magazine_blocks_featured_image_url":{"full":["https:\/\/lobosnews.com.ar\/wp-content\/uploads\/2026\/03\/guido-kaczka-otra-vez-listo-para-el-prime-time-mientras-hagamos-programas-la-tele-estara-viva-21-scaled.jpg",2560,1443,false],"medium":["https:\/\/lobosnews.com.ar\/wp-content\/uploads\/2026\/03\/guido-kaczka-otra-vez-listo-para-el-prime-time-mientras-hagamos-programas-la-tele-estara-viva-21-300x169.jpg",300,169,true],"thumbnail":["https:\/\/lobosnews.com.ar\/wp-content\/uploads\/2026\/03\/guido-kaczka-otra-vez-listo-para-el-prime-time-mientras-hagamos-programas-la-tele-estara-viva-21-150x150.jpg",150,150,true]},"magazine_blocks_author":{"display_name":"admin","author_link":"https:\/\/lobosnews.com.ar\/index.php\/author\/lobos-news\/"},"magazine_blocks_comment":0,"magazine_blocks_author_image":"https:\/\/secure.gravatar.com\/avatar\/76e419471a2083bc3ceab22a763dbbf9b0c1bd15a6214cf3280e2c2dde4580f9?s=96&d=mm&r=g","magazine_blocks_category":"<a href=\"#\" class=\"category-link category-link-79\">Cine y Series<\/a>","yoast_head":"<!-- This site is optimized with the Yoast SEO plugin v26.6 - https:\/\/yoast.com\/wordpress\/plugins\/seo\/ -->\n<title>Guido Kaczka, otra vez listo para el prime time: \u201cMientras hagamos programas, la tele estar\u00e1 viva\u201d - Lobos News<\/title>\n<meta name=\"robots\" content=\"index, follow, max-snippet:-1, max-image-preview:large, max-video-preview:-1\" \/>\n<link rel=\"canonical\" href=\"https:\/\/lobosnews.com.ar\/index.php\/2026\/03\/07\/guido-kaczka-otra-vez-listo-para-el-prime-time-mientras-hagamos-programas-la-tele-estara-viva-2\/\" \/>\n<meta property=\"og:locale\" content=\"es_ES\" \/>\n<meta property=\"og:type\" content=\"article\" \/>\n<meta property=\"og:title\" content=\"Guido Kaczka, otra vez listo para el prime time: \u201cMientras hagamos programas, la tele estar\u00e1 viva\u201d - Lobos News\" \/>\n<meta property=\"og:description\" content=\"Guido Kaczka regresa al prime time televisivo con el reality de talentos \u201cEs mi sue\u00f1o\u201d, que llega a la pantalla de eltrece este lunes 9 de marzo a las 21:15. En un charla exclusiva con Teleshow, el conductor cont\u00f3 c\u00f3mo ser\u00e1 la nueva b\u00fasqueda de nuestra pr\u00f3xima gran voz y promete emoci\u00f3n en cada instancia...\" \/>\n<meta property=\"og:url\" content=\"https:\/\/lobosnews.com.ar\/index.php\/2026\/03\/07\/guido-kaczka-otra-vez-listo-para-el-prime-time-mientras-hagamos-programas-la-tele-estara-viva-2\/\" \/>\n<meta property=\"og:site_name\" content=\"Lobos News\" \/>\n<meta property=\"article:published_time\" content=\"2026-03-07T05:00:00+00:00\" \/>\n<meta property=\"article:modified_time\" content=\"2026-03-07T08:43:41+00:00\" \/>\n<meta property=\"og:image\" content=\"https:\/\/lobosnews.com.ar\/wp-content\/uploads\/2026\/03\/guido-kaczka-otra-vez-listo-para-el-prime-time-mientras-hagamos-programas-la-tele-estara-viva.jpg\" \/>\n<meta name=\"author\" content=\"admin\" \/>\n<meta name=\"twitter:card\" content=\"summary_large_image\" \/>\n<meta name=\"twitter:label1\" content=\"Escrito por\" \/>\n\t<meta name=\"twitter:data1\" content=\"admin\" \/>\n\t<meta name=\"twitter:label2\" content=\"Tiempo de lectura\" \/>\n\t<meta name=\"twitter:data2\" content=\"8 minutos\" \/>\n<script type=\"application\/ld+json\" class=\"yoast-schema-graph\">{\"@context\":\"https:\/\/schema.org\",\"@graph\":[{\"@type\":\"Article\",\"@id\":\"https:\/\/lobosnews.com.ar\/index.php\/2026\/03\/07\/guido-kaczka-otra-vez-listo-para-el-prime-time-mientras-hagamos-programas-la-tele-estara-viva-2\/#article\",\"isPartOf\":{\"@id\":\"https:\/\/lobosnews.com.ar\/index.php\/2026\/03\/07\/guido-kaczka-otra-vez-listo-para-el-prime-time-mientras-hagamos-programas-la-tele-estara-viva-2\/\"},\"author\":{\"name\":\"admin\",\"@id\":\"https:\/\/lobosnews.com.ar\/#\/schema\/person\/232422a593d5c541dd9aef6aaed10943\"},\"headline\":\"Guido Kaczka, otra vez listo para el prime time: \u201cMientras hagamos programas, la tele estar\u00e1 viva\u201d\",\"datePublished\":\"2026-03-07T05:00:00+00:00\",\"dateModified\":\"2026-03-07T08:43:41+00:00\",\"mainEntityOfPage\":{\"@id\":\"https:\/\/lobosnews.com.ar\/index.php\/2026\/03\/07\/guido-kaczka-otra-vez-listo-para-el-prime-time-mientras-hagamos-programas-la-tele-estara-viva-2\/\"},\"wordCount\":1634,\"commentCount\":0,\"publisher\":{\"@id\":\"https:\/\/lobosnews.com.ar\/#organization\"},\"image\":{\"@id\":\"https:\/\/lobosnews.com.ar\/index.php\/2026\/03\/07\/guido-kaczka-otra-vez-listo-para-el-prime-time-mientras-hagamos-programas-la-tele-estara-viva-2\/#primaryimage\"},\"thumbnailUrl\":\"https:\/\/lobosnews.com.ar\/wp-content\/uploads\/2026\/03\/guido-kaczka-otra-vez-listo-para-el-prime-time-mientras-hagamos-programas-la-tele-estara-viva-21-scaled.jpg\",\"articleSection\":[\"Cine y Series\"],\"inLanguage\":\"es\",\"potentialAction\":[{\"@type\":\"CommentAction\",\"name\":\"Comment\",\"target\":[\"https:\/\/lobosnews.com.ar\/index.php\/2026\/03\/07\/guido-kaczka-otra-vez-listo-para-el-prime-time-mientras-hagamos-programas-la-tele-estara-viva-2\/#respond\"]}]},{\"@type\":\"WebPage\",\"@id\":\"https:\/\/lobosnews.com.ar\/index.php\/2026\/03\/07\/guido-kaczka-otra-vez-listo-para-el-prime-time-mientras-hagamos-programas-la-tele-estara-viva-2\/\",\"url\":\"https:\/\/lobosnews.com.ar\/index.php\/2026\/03\/07\/guido-kaczka-otra-vez-listo-para-el-prime-time-mientras-hagamos-programas-la-tele-estara-viva-2\/\",\"name\":\"Guido Kaczka, otra vez listo para el prime time: \u201cMientras hagamos programas, la tele estar\u00e1 viva\u201d - Lobos News\",\"isPartOf\":{\"@id\":\"https:\/\/lobosnews.com.ar\/#website\"},\"primaryImageOfPage\":{\"@id\":\"https:\/\/lobosnews.com.ar\/index.php\/2026\/03\/07\/guido-kaczka-otra-vez-listo-para-el-prime-time-mientras-hagamos-programas-la-tele-estara-viva-2\/#primaryimage\"},\"image\":{\"@id\":\"https:\/\/lobosnews.com.ar\/index.php\/2026\/03\/07\/guido-kaczka-otra-vez-listo-para-el-prime-time-mientras-hagamos-programas-la-tele-estara-viva-2\/#primaryimage\"},\"thumbnailUrl\":\"https:\/\/lobosnews.com.ar\/wp-content\/uploads\/2026\/03\/guido-kaczka-otra-vez-listo-para-el-prime-time-mientras-hagamos-programas-la-tele-estara-viva-21-scaled.jpg\",\"datePublished\":\"2026-03-07T05:00:00+00:00\",\"dateModified\":\"2026-03-07T08:43:41+00:00\",\"breadcrumb\":{\"@id\":\"https:\/\/lobosnews.com.ar\/index.php\/2026\/03\/07\/guido-kaczka-otra-vez-listo-para-el-prime-time-mientras-hagamos-programas-la-tele-estara-viva-2\/#breadcrumb\"},\"inLanguage\":\"es\",\"potentialAction\":[{\"@type\":\"ReadAction\",\"target\":[\"https:\/\/lobosnews.com.ar\/index.php\/2026\/03\/07\/guido-kaczka-otra-vez-listo-para-el-prime-time-mientras-hagamos-programas-la-tele-estara-viva-2\/\"]}]},{\"@type\":\"ImageObject\",\"inLanguage\":\"es\",\"@id\":\"https:\/\/lobosnews.com.ar\/index.php\/2026\/03\/07\/guido-kaczka-otra-vez-listo-para-el-prime-time-mientras-hagamos-programas-la-tele-estara-viva-2\/#primaryimage\",\"url\":\"https:\/\/lobosnews.com.ar\/wp-content\/uploads\/2026\/03\/guido-kaczka-otra-vez-listo-para-el-prime-time-mientras-hagamos-programas-la-tele-estara-viva-21-scaled.jpg\",\"contentUrl\":\"https:\/\/lobosnews.com.ar\/wp-content\/uploads\/2026\/03\/guido-kaczka-otra-vez-listo-para-el-prime-time-mientras-hagamos-programas-la-tele-estara-viva-21-scaled.jpg\",\"width\":2560,\"height\":1443,\"caption\":\"Guido Kaczka, otra vez listo para el prime time: \u201cMientras hagamos programas, la tele estar\u00e1 viva\u201d\"},{\"@type\":\"BreadcrumbList\",\"@id\":\"https:\/\/lobosnews.com.ar\/index.php\/2026\/03\/07\/guido-kaczka-otra-vez-listo-para-el-prime-time-mientras-hagamos-programas-la-tele-estara-viva-2\/#breadcrumb\",\"itemListElement\":[{\"@type\":\"ListItem\",\"position\":1,\"name\":\"Portada\",\"item\":\"https:\/\/lobosnews.com.ar\/\"},{\"@type\":\"ListItem\",\"position\":2,\"name\":\"Guido Kaczka, otra vez listo para el prime time: \u201cMientras hagamos programas, la tele estar\u00e1 viva\u201d\"}]},{\"@type\":\"WebSite\",\"@id\":\"https:\/\/lobosnews.com.ar\/#website\",\"url\":\"https:\/\/lobosnews.com.ar\/\",\"name\":\"Lobos News\",\"description\":\"Informaci\u00f3n a cada instante\",\"publisher\":{\"@id\":\"https:\/\/lobosnews.com.ar\/#organization\"},\"potentialAction\":[{\"@type\":\"SearchAction\",\"target\":{\"@type\":\"EntryPoint\",\"urlTemplate\":\"https:\/\/lobosnews.com.ar\/?s={search_term_string}\"},\"query-input\":{\"@type\":\"PropertyValueSpecification\",\"valueRequired\":true,\"valueName\":\"search_term_string\"}}],\"inLanguage\":\"es\"},{\"@type\":\"Organization\",\"@id\":\"https:\/\/lobosnews.com.ar\/#organization\",\"name\":\"Lobos News\",\"url\":\"https:\/\/lobosnews.com.ar\/\",\"logo\":{\"@type\":\"ImageObject\",\"inLanguage\":\"es\",\"@id\":\"https:\/\/lobosnews.com.ar\/#\/schema\/logo\/image\/\",\"url\":\"https:\/\/lobosnews.com.ar\/wp-content\/uploads\/2026\/01\/logo-lobosnews.png\",\"contentUrl\":\"https:\/\/lobosnews.com.ar\/wp-content\/uploads\/2026\/01\/logo-lobosnews.png\",\"width\":500,\"height\":200,\"caption\":\"Lobos News\"},\"image\":{\"@id\":\"https:\/\/lobosnews.com.ar\/#\/schema\/logo\/image\/\"}},{\"@type\":\"Person\",\"@id\":\"https:\/\/lobosnews.com.ar\/#\/schema\/person\/232422a593d5c541dd9aef6aaed10943\",\"name\":\"admin\",\"image\":{\"@type\":\"ImageObject\",\"inLanguage\":\"es\",\"@id\":\"https:\/\/lobosnews.com.ar\/#\/schema\/person\/image\/\",\"url\":\"https:\/\/secure.gravatar.com\/avatar\/76e419471a2083bc3ceab22a763dbbf9b0c1bd15a6214cf3280e2c2dde4580f9?s=96&d=mm&r=g\",\"contentUrl\":\"https:\/\/secure.gravatar.com\/avatar\/76e419471a2083bc3ceab22a763dbbf9b0c1bd15a6214cf3280e2c2dde4580f9?s=96&d=mm&r=g\",\"caption\":\"admin\"},\"sameAs\":[\"https:\/\/lobosnews.com.ar\"],\"url\":\"https:\/\/lobosnews.com.ar\/index.php\/author\/lobos-news\/\"}]}<\/script>\n<!-- \/ Yoast SEO plugin. -->","yoast_head_json":{"title":"Guido Kaczka, otra vez listo para el prime time: \u201cMientras hagamos programas, la tele estar\u00e1 viva\u201d - Lobos News","robots":{"index":"index","follow":"follow","max-snippet":"max-snippet:-1","max-image-preview":"max-image-preview:large","max-video-preview":"max-video-preview:-1"},"canonical":"https:\/\/lobosnews.com.ar\/index.php\/2026\/03\/07\/guido-kaczka-otra-vez-listo-para-el-prime-time-mientras-hagamos-programas-la-tele-estara-viva-2\/","og_locale":"es_ES","og_type":"article","og_title":"Guido Kaczka, otra vez listo para el prime time: \u201cMientras hagamos programas, la tele estar\u00e1 viva\u201d - Lobos News","og_description":"Guido Kaczka regresa al prime time televisivo con el reality de talentos \u201cEs mi sue\u00f1o\u201d, que llega a la pantalla de eltrece este lunes 9 de marzo a las 21:15. En un charla exclusiva con Teleshow, el conductor cont\u00f3 c\u00f3mo ser\u00e1 la nueva b\u00fasqueda de nuestra pr\u00f3xima gran voz y promete emoci\u00f3n en cada instancia...","og_url":"https:\/\/lobosnews.com.ar\/index.php\/2026\/03\/07\/guido-kaczka-otra-vez-listo-para-el-prime-time-mientras-hagamos-programas-la-tele-estara-viva-2\/","og_site_name":"Lobos News","article_published_time":"2026-03-07T05:00:00+00:00","article_modified_time":"2026-03-07T08:43:41+00:00","og_image":[{"url":"https:\/\/lobosnews.com.ar\/wp-content\/uploads\/2026\/03\/guido-kaczka-otra-vez-listo-para-el-prime-time-mientras-hagamos-programas-la-tele-estara-viva.jpg","type":"","width":"","height":""}],"author":"admin","twitter_card":"summary_large_image","twitter_misc":{"Escrito por":"admin","Tiempo de lectura":"8 minutos"},"schema":{"@context":"https:\/\/schema.org","@graph":[{"@type":"Article","@id":"https:\/\/lobosnews.com.ar\/index.php\/2026\/03\/07\/guido-kaczka-otra-vez-listo-para-el-prime-time-mientras-hagamos-programas-la-tele-estara-viva-2\/#article","isPartOf":{"@id":"https:\/\/lobosnews.com.ar\/index.php\/2026\/03\/07\/guido-kaczka-otra-vez-listo-para-el-prime-time-mientras-hagamos-programas-la-tele-estara-viva-2\/"},"author":{"name":"admin","@id":"https:\/\/lobosnews.com.ar\/#\/schema\/person\/232422a593d5c541dd9aef6aaed10943"},"headline":"Guido Kaczka, otra vez listo para el prime time: \u201cMientras hagamos programas, la tele estar\u00e1 viva\u201d","datePublished":"2026-03-07T05:00:00+00:00","dateModified":"2026-03-07T08:43:41+00:00","mainEntityOfPage":{"@id":"https:\/\/lobosnews.com.ar\/index.php\/2026\/03\/07\/guido-kaczka-otra-vez-listo-para-el-prime-time-mientras-hagamos-programas-la-tele-estara-viva-2\/"},"wordCount":1634,"commentCount":0,"publisher":{"@id":"https:\/\/lobosnews.com.ar\/#organization"},"image":{"@id":"https:\/\/lobosnews.com.ar\/index.php\/2026\/03\/07\/guido-kaczka-otra-vez-listo-para-el-prime-time-mientras-hagamos-programas-la-tele-estara-viva-2\/#primaryimage"},"thumbnailUrl":"https:\/\/lobosnews.com.ar\/wp-content\/uploads\/2026\/03\/guido-kaczka-otra-vez-listo-para-el-prime-time-mientras-hagamos-programas-la-tele-estara-viva-21-scaled.jpg","articleSection":["Cine y Series"],"inLanguage":"es","potentialAction":[{"@type":"CommentAction","name":"Comment","target":["https:\/\/lobosnews.com.ar\/index.php\/2026\/03\/07\/guido-kaczka-otra-vez-listo-para-el-prime-time-mientras-hagamos-programas-la-tele-estara-viva-2\/#respond"]}]},{"@type":"WebPage","@id":"https:\/\/lobosnews.com.ar\/index.php\/2026\/03\/07\/guido-kaczka-otra-vez-listo-para-el-prime-time-mientras-hagamos-programas-la-tele-estara-viva-2\/","url":"https:\/\/lobosnews.com.ar\/index.php\/2026\/03\/07\/guido-kaczka-otra-vez-listo-para-el-prime-time-mientras-hagamos-programas-la-tele-estara-viva-2\/","name":"Guido Kaczka, otra vez listo para el prime time: \u201cMientras hagamos programas, la tele estar\u00e1 viva\u201d - Lobos News","isPartOf":{"@id":"https:\/\/lobosnews.com.ar\/#website"},"primaryImageOfPage":{"@id":"https:\/\/lobosnews.com.ar\/index.php\/2026\/03\/07\/guido-kaczka-otra-vez-listo-para-el-prime-time-mientras-hagamos-programas-la-tele-estara-viva-2\/#primaryimage"},"image":{"@id":"https:\/\/lobosnews.com.ar\/index.php\/2026\/03\/07\/guido-kaczka-otra-vez-listo-para-el-prime-time-mientras-hagamos-programas-la-tele-estara-viva-2\/#primaryimage"},"thumbnailUrl":"https:\/\/lobosnews.com.ar\/wp-content\/uploads\/2026\/03\/guido-kaczka-otra-vez-listo-para-el-prime-time-mientras-hagamos-programas-la-tele-estara-viva-21-scaled.jpg","datePublished":"2026-03-07T05:00:00+00:00","dateModified":"2026-03-07T08:43:41+00:00","breadcrumb":{"@id":"https:\/\/lobosnews.com.ar\/index.php\/2026\/03\/07\/guido-kaczka-otra-vez-listo-para-el-prime-time-mientras-hagamos-programas-la-tele-estara-viva-2\/#breadcrumb"},"inLanguage":"es","potentialAction":[{"@type":"ReadAction","target":["https:\/\/lobosnews.com.ar\/index.php\/2026\/03\/07\/guido-kaczka-otra-vez-listo-para-el-prime-time-mientras-hagamos-programas-la-tele-estara-viva-2\/"]}]},{"@type":"ImageObject","inLanguage":"es","@id":"https:\/\/lobosnews.com.ar\/index.php\/2026\/03\/07\/guido-kaczka-otra-vez-listo-para-el-prime-time-mientras-hagamos-programas-la-tele-estara-viva-2\/#primaryimage","url":"https:\/\/lobosnews.com.ar\/wp-content\/uploads\/2026\/03\/guido-kaczka-otra-vez-listo-para-el-prime-time-mientras-hagamos-programas-la-tele-estara-viva-21-scaled.jpg","contentUrl":"https:\/\/lobosnews.com.ar\/wp-content\/uploads\/2026\/03\/guido-kaczka-otra-vez-listo-para-el-prime-time-mientras-hagamos-programas-la-tele-estara-viva-21-scaled.jpg","width":2560,"height":1443,"caption":"Guido Kaczka, otra vez listo para el prime time: \u201cMientras hagamos programas, la tele estar\u00e1 viva\u201d"},{"@type":"BreadcrumbList","@id":"https:\/\/lobosnews.com.ar\/index.php\/2026\/03\/07\/guido-kaczka-otra-vez-listo-para-el-prime-time-mientras-hagamos-programas-la-tele-estara-viva-2\/#breadcrumb","itemListElement":[{"@type":"ListItem","position":1,"name":"Portada","item":"https:\/\/lobosnews.com.ar\/"},{"@type":"ListItem","position":2,"name":"Guido Kaczka, otra vez listo para el prime time: \u201cMientras hagamos programas, la tele estar\u00e1 viva\u201d"}]},{"@type":"WebSite","@id":"https:\/\/lobosnews.com.ar\/#website","url":"https:\/\/lobosnews.com.ar\/","name":"Lobos News","description":"Informaci\u00f3n a cada instante","publisher":{"@id":"https:\/\/lobosnews.com.ar\/#organization"},"potentialAction":[{"@type":"SearchAction","target":{"@type":"EntryPoint","urlTemplate":"https:\/\/lobosnews.com.ar\/?s={search_term_string}"},"query-input":{"@type":"PropertyValueSpecification","valueRequired":true,"valueName":"search_term_string"}}],"inLanguage":"es"},{"@type":"Organization","@id":"https:\/\/lobosnews.com.ar\/#organization","name":"Lobos News","url":"https:\/\/lobosnews.com.ar\/","logo":{"@type":"ImageObject","inLanguage":"es","@id":"https:\/\/lobosnews.com.ar\/#\/schema\/logo\/image\/","url":"https:\/\/lobosnews.com.ar\/wp-content\/uploads\/2026\/01\/logo-lobosnews.png","contentUrl":"https:\/\/lobosnews.com.ar\/wp-content\/uploads\/2026\/01\/logo-lobosnews.png","width":500,"height":200,"caption":"Lobos News"},"image":{"@id":"https:\/\/lobosnews.com.ar\/#\/schema\/logo\/image\/"}},{"@type":"Person","@id":"https:\/\/lobosnews.com.ar\/#\/schema\/person\/232422a593d5c541dd9aef6aaed10943","name":"admin","image":{"@type":"ImageObject","inLanguage":"es","@id":"https:\/\/lobosnews.com.ar\/#\/schema\/person\/image\/","url":"https:\/\/secure.gravatar.com\/avatar\/76e419471a2083bc3ceab22a763dbbf9b0c1bd15a6214cf3280e2c2dde4580f9?s=96&d=mm&r=g","contentUrl":"https:\/\/secure.gravatar.com\/avatar\/76e419471a2083bc3ceab22a763dbbf9b0c1bd15a6214cf3280e2c2dde4580f9?s=96&d=mm&r=g","caption":"admin"},"sameAs":["https:\/\/lobosnews.com.ar"],"url":"https:\/\/lobosnews.com.ar\/index.php\/author\/lobos-news\/"}]}},"jetpack_featured_media_url":"https:\/\/lobosnews.com.ar\/wp-content\/uploads\/2026\/03\/guido-kaczka-otra-vez-listo-para-el-prime-time-mientras-hagamos-programas-la-tele-estara-viva-21-scaled.jpg","jetpack_sharing_enabled":true,"_links":{"self":[{"href":"https:\/\/lobosnews.com.ar\/index.php\/wp-json\/wp\/v2\/posts\/30212","targetHints":{"allow":["GET"]}}],"collection":[{"href":"https:\/\/lobosnews.com.ar\/index.php\/wp-json\/wp\/v2\/posts"}],"about":[{"href":"https:\/\/lobosnews.com.ar\/index.php\/wp-json\/wp\/v2\/types\/post"}],"author":[{"embeddable":true,"href":"https:\/\/lobosnews.com.ar\/index.php\/wp-json\/wp\/v2\/users\/1"}],"replies":[{"embeddable":true,"href":"https:\/\/lobosnews.com.ar\/index.php\/wp-json\/wp\/v2\/comments?post=30212"}],"version-history":[{"count":1,"href":"https:\/\/lobosnews.com.ar\/index.php\/wp-json\/wp\/v2\/posts\/30212\/revisions"}],"predecessor-version":[{"id":30236,"href":"https:\/\/lobosnews.com.ar\/index.php\/wp-json\/wp\/v2\/posts\/30212\/revisions\/30236"}],"wp:featuredmedia":[{"embeddable":true,"href":"https:\/\/lobosnews.com.ar\/index.php\/wp-json\/wp\/v2\/media\/30238"}],"wp:attachment":[{"href":"https:\/\/lobosnews.com.ar\/index.php\/wp-json\/wp\/v2\/media?parent=30212"}],"wp:term":[{"taxonomy":"category","embeddable":true,"href":"https:\/\/lobosnews.com.ar\/index.php\/wp-json\/wp\/v2\/categories?post=30212"},{"taxonomy":"post_tag","embeddable":true,"href":"https:\/\/lobosnews.com.ar\/index.php\/wp-json\/wp\/v2\/tags?post=30212"}],"curies":[{"name":"wp","href":"https:\/\/api.w.org\/{rel}","templated":true}]}}