{"id":29805,"date":"2026-03-05T23:21:28","date_gmt":"2026-03-05T23:21:28","guid":{"rendered":"https:\/\/lobosnews.com.ar\/index.php\/2026\/03\/05\/el-descargo-de-ian-lucas-ante-las-versiones-de-su-relacion-con-evangelina-anderson-lo-que-vivi-fue-real\/"},"modified":"2026-03-06T14:31:23","modified_gmt":"2026-03-06T14:31:23","slug":"el-descargo-de-ian-lucas-ante-las-versiones-de-su-relacion-con-evangelina-anderson-lo-que-vivi-fue-real","status":"publish","type":"post","link":"https:\/\/lobosnews.com.ar\/index.php\/2026\/03\/05\/el-descargo-de-ian-lucas-ante-las-versiones-de-su-relacion-con-evangelina-anderson-lo-que-vivi-fue-real\/","title":{"rendered":"El descargo de Ian Lucas ante las versiones de su relaci\u00f3n con Evangelina Anderson: \u201cLo que viv\u00ed fue real\u201d"},"content":{"rendered":"<p><img loading=\"lazy\" decoding=\"async\" src=\"https:\/\/lobosnews.com.ar\/wp-content\/uploads\/2026\/03\/el-descargo-de-ian-lucas-ante-las-versiones-de-su-relacion-con-evangelina-anderson-lo-que-vivi-fue-real.jpg\" alt=\"Evangelina Anderson, luciendo sonriente desde el set de MasterChef, e Ian Lucas, posando con su estilo distintivo, en una imagen que capta a ambas personalidades del espect\u00e1culo.\" height=\"1080\" width=\"1920\"\/><\/p>\n<p>Despu\u00e9s de meses de idas y vueltas en <i><b>MasterChef Celebrity<\/b><\/i> (Telefe), rumores e indirectas en redes sociales, el v\u00ednculo entre <b>Ian Lucas<\/b> y <b>Evangelina Anderson <\/b>parece haber llegado a su fin. Este jueves, el influencer realiz\u00f3 un descargo en el que abri\u00f3 la puerta de su intimidad y se sincer\u00f3 sobre sus sentimientos. Como si fuera poco, en <i>SQP <\/i>(Am\u00e9rica), Yanina Latorre mostr\u00f3 im\u00e1genes que probar\u00edan la relaci\u00f3n entre los dos.<\/p>\n<p>\u201cPrimero que nada quiero decir que todo esto me da bastante verg\u00fcenza y tristeza, porque nunca imagin\u00e9 verme expuesto p\u00fablicamente en algo tan personal\u201d, comenz\u00f3 diciendo Lucas de cara a sus casi seis millones de seguidores.<\/p>\n<p><img loading=\"lazy\" decoding=\"async\" src=\"https:\/\/lobosnews.com.ar\/wp-content\/uploads\/2026\/03\/el-descargo-de-ian-lucas-ante-las-versiones-de-su-relacion-con-evangelina-anderson-lo-que-vivi-fue-real-1.jpg\" alt=\"El descargo de Ian Lucas en medio de los rumores de rumores de romance con Evangelina Anderson (Instagram)\" height=\"888\" width=\"509\"\/><\/p>\n<p>Con un texto en letras blancas sobre un fondo negro, Ian se refiri\u00f3 a su edad, 26 a\u00f1os, la cual muchas veces fue objeto de pol\u00e9mica en su supuesta relaci\u00f3n con Anderson. \u201cMuchas veces se habla de mi edad como si eso invalidara lo que siento o lo que vivo. Desde muy chico me toc\u00f3 ser adulto y aprender a manejar muchas cosas. Soy una persona sensible, s\u00ed, pero tambi\u00e9n tengo muy claro cu\u00e1ndo algo es real y cu\u00e1ndo es solo parte del show. Soy bueno pero no boludo\u201d.<\/p>\n<p><img loading=\"lazy\" decoding=\"async\" src=\"https:\/\/lobosnews.com.ar\/wp-content\/uploads\/2026\/03\/el-descargo-de-ian-lucas-ante-las-versiones-de-su-relacion-con-evangelina-anderson-lo-que-vivi-fue-real-2.jpg\" alt=\"El descargo de Ian Lucas en medio de los rumores de rumores de romance con Evangelina Anderson (Instagram)\" height=\"811\" width=\"498\"\/><\/p>\n<p>Acto seguido, el joven detall\u00f3 que durante muchos meses eligi\u00f3 no hablar a pesar de las cr\u00edticas que recib\u00eda y los malos tratos hacia \u00e9l: \u201cPor respeto eleg\u00ed guardar silencio durante mucho tiempo frente a tanto destrato conmigo, incluso cuando se dijeron cosas que no reflejaban lo que yo viv\u00ed con esa persona. Siempre trat\u00e9 de manejarme con respeto y cuidar a quienes forman parte de mi vida. Me cri\u00f3 mi mam\u00e1, y si hay algo que s\u00e9 es de respetar a las mujeres y la caballerosidad. En todas las declaraciones ajenas se ningunea el cari\u00f1o que realmente existi\u00f3 en esa intimidad. Sinceramente lastima ver como esa persona los denigra y desmiente reiteradamente cada vez que tiene oportunidad sin importar como me pueda sentir yo con esa mentira. Sobre todo cuando la historia siempre fue otra\u201d.<\/p>\n<p>El influencer tambi\u00e9n lanz\u00f3 una indirecta hacia las pasadas declaraciones de Evangelina en la que la participante comentaba que sus rom\u00e1nticas idas y vueltas en redes sociales y en el programa eran solo marketing. \u201cPara m\u00ed los afectos nunca fueron marketing ni contenido. No lo necesito. Lo que sent\u00ed fue sincero y lo viv\u00ed desde un lugar genuino. No voy a entrar en detalles ni exponer situaciones privadas, porque no es mi forma de hacer las cosas. Solo quiero aclarar que lo que viv\u00ed fue real\u201d, afirm\u00f3.<\/p>\n<p>Para cerrar, Lucas habl\u00f3 sobre el final de la relaci\u00f3n y explic\u00f3 c\u00f3mo afronta este momento: \u201cHoy entiendo que las cosas tomaron otro camino y lo respeto. Por mi parte elijo quedarme con lo bueno, cerrar este cap\u00edtulo y seguir adelante con tranquilidad. Gracias a quienes me acompa\u00f1an siempre y entienden que detr\u00e1s de las redes o la prensa tambi\u00e9n hay una persona. No voy a hablar m\u00e1s del tema, gracias por el respeto\u201d.<\/p>\n<p>Minutos despu\u00e9s, en <i>SQP <\/i>(Am\u00e9rica), Yanina Latorre trat\u00f3 el tema y dijo: \u201cLos dos ten\u00edan en claro la diferencia de edad. \u00c9l conoci\u00f3 a sus hijos, fue a la casa. Ella nunca le dijo a los hijos que era m\u00e1s que un amigo. De hecho, \u00e9l siempre tuvo claro que no era una novia pero en un momento ella le pide exclusividad. Dijeron que no lo iban a blanquear p\u00fablicamente, pero llegaron a dormir juntos, iba siempre a la casa, ella ten\u00eda ropa suya en su casa. Ellos se besaban en las grabaciones. Se hizo un v\u00ednculo\u201d.<\/p>\n<p>Como si fuera poco, la conductora mostr\u00f3 im\u00e1genes de Lucas y Anderson bes\u00e1ndose, afirmando que el romance hab\u00eda existido: \u201cPero cuando a \u00e9l le preguntaban, \u00e9l se re\u00eda y ella ninguneaba. \u00c9l la dej\u00f3 porque era negarlo, ella dec\u00eda que era un shipeo, estuvieron peleados un tiempo y volvieron a volver a verse. Solamente sexo, no pasaba nada. A \u00e9l lo que le duele es que lo traten de mentiroso, que le digan que es un bobo. \u00bfPor qu\u00e9 lo niega tanto?\u201d.<\/p>\n","protected":false},"excerpt":{"rendered":"<p>Despu\u00e9s de meses de idas y vueltas en MasterChef Celebrity (Telefe), rumores e indirectas en redes sociales, el v\u00ednculo entre Ian Lucas y Evangelina Anderson parece haber llegado a su fin. Este jueves, el influencer realiz\u00f3 un descargo en el que abri\u00f3 la puerta de su intimidad y se sincer\u00f3 sobre sus sentimientos. Como si&#8230;<\/p>\n","protected":false},"author":1,"featured_media":29810,"comment_status":"open","ping_status":"closed","sticky":false,"template":"","format":"standard","meta":{"_jetpack_memberships_contains_paid_content":false,"footnotes":""},"categories":[79],"tags":[],"class_list":["post-29805","post","type-post","status-publish","format-standard","has-post-thumbnail","hentry","category-cine-y-series"],"magazineBlocksPostFeaturedMedia":{"thumbnail":"https:\/\/lobosnews.com.ar\/wp-content\/uploads\/2026\/03\/el-descargo-de-ian-lucas-ante-las-versiones-de-su-relacion-con-evangelina-anderson-lo-que-vivi-fue-real-4-150x150.jpg","medium":"https:\/\/lobosnews.com.ar\/wp-content\/uploads\/2026\/03\/el-descargo-de-ian-lucas-ante-las-versiones-de-su-relacion-con-evangelina-anderson-lo-que-vivi-fue-real-4-184x300.jpg","medium_large":"https:\/\/lobosnews.com.ar\/wp-content\/uploads\/2026\/03\/el-descargo-de-ian-lucas-ante-las-versiones-de-su-relacion-con-evangelina-anderson-lo-que-vivi-fue-real-4.jpg","large":"https:\/\/lobosnews.com.ar\/wp-content\/uploads\/2026\/03\/el-descargo-de-ian-lucas-ante-las-versiones-de-su-relacion-con-evangelina-anderson-lo-que-vivi-fue-real-4.jpg","1536x1536":"https:\/\/lobosnews.com.ar\/wp-content\/uploads\/2026\/03\/el-descargo-de-ian-lucas-ante-las-versiones-de-su-relacion-con-evangelina-anderson-lo-que-vivi-fue-real-4.jpg","2048x2048":"https:\/\/lobosnews.com.ar\/wp-content\/uploads\/2026\/03\/el-descargo-de-ian-lucas-ante-las-versiones-de-su-relacion-con-evangelina-anderson-lo-que-vivi-fue-real-4.jpg","newsmatic-featured":"https:\/\/lobosnews.com.ar\/wp-content\/uploads\/2026\/03\/el-descargo-de-ian-lucas-ante-las-versiones-de-su-relacion-con-evangelina-anderson-lo-que-vivi-fue-real-4-498x545.jpg","newsmatic-list":"https:\/\/lobosnews.com.ar\/wp-content\/uploads\/2026\/03\/el-descargo-de-ian-lucas-ante-las-versiones-de-su-relacion-con-evangelina-anderson-lo-que-vivi-fue-real-4-498x400.jpg","newsmatic-thumb":"https:\/\/lobosnews.com.ar\/wp-content\/uploads\/2026\/03\/el-descargo-de-ian-lucas-ante-las-versiones-de-su-relacion-con-evangelina-anderson-lo-que-vivi-fue-real-4-300x200.jpg","newsmatic-small":"https:\/\/lobosnews.com.ar\/wp-content\/uploads\/2026\/03\/el-descargo-de-ian-lucas-ante-las-versiones-de-su-relacion-con-evangelina-anderson-lo-que-vivi-fue-real-4-150x95.jpg","newsmatic-grid":"https:\/\/lobosnews.com.ar\/wp-content\/uploads\/2026\/03\/el-descargo-de-ian-lucas-ante-las-versiones-de-su-relacion-con-evangelina-anderson-lo-que-vivi-fue-real-4-400x250.jpg"},"magazineBlocksPostAuthor":{"name":"admin","avatar":"https:\/\/secure.gravatar.com\/avatar\/76e419471a2083bc3ceab22a763dbbf9b0c1bd15a6214cf3280e2c2dde4580f9?s=96&d=mm&r=g"},"magazineBlocksPostCommentsNumber":"0","magazineBlocksPostExcerpt":"Despu\u00e9s de meses de idas y vueltas en MasterChef Celebrity (Telefe), rumores e indirectas en redes sociales, el v\u00ednculo entre Ian Lucas y Evangelina Anderson parece haber llegado a su fin. Este jueves, el influencer realiz\u00f3 un descargo en el que abri\u00f3 la puerta de su intimidad y se sincer\u00f3 sobre sus sentimientos. Como si...","magazineBlocksPostCategories":["Cine y Series"],"magazineBlocksPostViewCount":130,"magazineBlocksPostReadTime":4,"magazine_blocks_featured_image_url":{"full":["https:\/\/lobosnews.com.ar\/wp-content\/uploads\/2026\/03\/el-descargo-de-ian-lucas-ante-las-versiones-de-su-relacion-con-evangelina-anderson-lo-que-vivi-fue-real-4.jpg",498,811,false],"medium":["https:\/\/lobosnews.com.ar\/wp-content\/uploads\/2026\/03\/el-descargo-de-ian-lucas-ante-las-versiones-de-su-relacion-con-evangelina-anderson-lo-que-vivi-fue-real-4-184x300.jpg",184,300,true],"thumbnail":["https:\/\/lobosnews.com.ar\/wp-content\/uploads\/2026\/03\/el-descargo-de-ian-lucas-ante-las-versiones-de-su-relacion-con-evangelina-anderson-lo-que-vivi-fue-real-4-150x150.jpg",150,150,true]},"magazine_blocks_author":{"display_name":"admin","author_link":"https:\/\/lobosnews.com.ar\/index.php\/author\/lobos-news\/"},"magazine_blocks_comment":0,"magazine_blocks_author_image":"https:\/\/secure.gravatar.com\/avatar\/76e419471a2083bc3ceab22a763dbbf9b0c1bd15a6214cf3280e2c2dde4580f9?s=96&d=mm&r=g","magazine_blocks_category":"<a href=\"#\" class=\"category-link category-link-79\">Cine y Series<\/a>","yoast_head":"<!-- This site is optimized with the Yoast SEO plugin v26.6 - https:\/\/yoast.com\/wordpress\/plugins\/seo\/ -->\n<title>El descargo de Ian Lucas ante las versiones de su relaci\u00f3n con Evangelina Anderson: \u201cLo que viv\u00ed fue real\u201d - Lobos News<\/title>\n<meta name=\"robots\" content=\"index, follow, max-snippet:-1, max-image-preview:large, max-video-preview:-1\" \/>\n<link rel=\"canonical\" href=\"https:\/\/lobosnews.com.ar\/index.php\/2026\/03\/05\/el-descargo-de-ian-lucas-ante-las-versiones-de-su-relacion-con-evangelina-anderson-lo-que-vivi-fue-real\/\" \/>\n<meta property=\"og:locale\" content=\"es_ES\" \/>\n<meta property=\"og:type\" content=\"article\" \/>\n<meta property=\"og:title\" content=\"El descargo de Ian Lucas ante las versiones de su relaci\u00f3n con Evangelina Anderson: \u201cLo que viv\u00ed fue real\u201d - Lobos News\" \/>\n<meta property=\"og:description\" content=\"Despu\u00e9s de meses de idas y vueltas en MasterChef Celebrity (Telefe), rumores e indirectas en redes sociales, el v\u00ednculo entre Ian Lucas y Evangelina Anderson parece haber llegado a su fin. Este jueves, el influencer realiz\u00f3 un descargo en el que abri\u00f3 la puerta de su intimidad y se sincer\u00f3 sobre sus sentimientos. Como si...\" \/>\n<meta property=\"og:url\" content=\"https:\/\/lobosnews.com.ar\/index.php\/2026\/03\/05\/el-descargo-de-ian-lucas-ante-las-versiones-de-su-relacion-con-evangelina-anderson-lo-que-vivi-fue-real\/\" \/>\n<meta property=\"og:site_name\" content=\"Lobos News\" \/>\n<meta property=\"article:published_time\" content=\"2026-03-05T23:21:28+00:00\" \/>\n<meta property=\"article:modified_time\" content=\"2026-03-06T14:31:23+00:00\" \/>\n<meta property=\"og:image\" content=\"https:\/\/lobosnews.com.ar\/wp-content\/uploads\/2026\/03\/el-descargo-de-ian-lucas-ante-las-versiones-de-su-relacion-con-evangelina-anderson-lo-que-vivi-fue-real.jpg\" \/>\n<meta name=\"author\" content=\"admin\" \/>\n<meta name=\"twitter:card\" content=\"summary_large_image\" \/>\n<meta name=\"twitter:label1\" content=\"Escrito por\" \/>\n\t<meta name=\"twitter:data1\" content=\"admin\" \/>\n\t<meta name=\"twitter:label2\" content=\"Tiempo de lectura\" \/>\n\t<meta name=\"twitter:data2\" content=\"4 minutos\" \/>\n<script type=\"application\/ld+json\" class=\"yoast-schema-graph\">{\"@context\":\"https:\/\/schema.org\",\"@graph\":[{\"@type\":\"Article\",\"@id\":\"https:\/\/lobosnews.com.ar\/index.php\/2026\/03\/05\/el-descargo-de-ian-lucas-ante-las-versiones-de-su-relacion-con-evangelina-anderson-lo-que-vivi-fue-real\/#article\",\"isPartOf\":{\"@id\":\"https:\/\/lobosnews.com.ar\/index.php\/2026\/03\/05\/el-descargo-de-ian-lucas-ante-las-versiones-de-su-relacion-con-evangelina-anderson-lo-que-vivi-fue-real\/\"},\"author\":{\"name\":\"admin\",\"@id\":\"https:\/\/lobosnews.com.ar\/#\/schema\/person\/232422a593d5c541dd9aef6aaed10943\"},\"headline\":\"El descargo de Ian Lucas ante las versiones de su relaci\u00f3n con Evangelina Anderson: \u201cLo que viv\u00ed fue real\u201d\",\"datePublished\":\"2026-03-05T23:21:28+00:00\",\"dateModified\":\"2026-03-06T14:31:23+00:00\",\"mainEntityOfPage\":{\"@id\":\"https:\/\/lobosnews.com.ar\/index.php\/2026\/03\/05\/el-descargo-de-ian-lucas-ante-las-versiones-de-su-relacion-con-evangelina-anderson-lo-que-vivi-fue-real\/\"},\"wordCount\":729,\"commentCount\":0,\"publisher\":{\"@id\":\"https:\/\/lobosnews.com.ar\/#organization\"},\"image\":{\"@id\":\"https:\/\/lobosnews.com.ar\/index.php\/2026\/03\/05\/el-descargo-de-ian-lucas-ante-las-versiones-de-su-relacion-con-evangelina-anderson-lo-que-vivi-fue-real\/#primaryimage\"},\"thumbnailUrl\":\"https:\/\/lobosnews.com.ar\/wp-content\/uploads\/2026\/03\/el-descargo-de-ian-lucas-ante-las-versiones-de-su-relacion-con-evangelina-anderson-lo-que-vivi-fue-real-4.jpg\",\"articleSection\":[\"Cine y Series\"],\"inLanguage\":\"es\",\"potentialAction\":[{\"@type\":\"CommentAction\",\"name\":\"Comment\",\"target\":[\"https:\/\/lobosnews.com.ar\/index.php\/2026\/03\/05\/el-descargo-de-ian-lucas-ante-las-versiones-de-su-relacion-con-evangelina-anderson-lo-que-vivi-fue-real\/#respond\"]}]},{\"@type\":\"WebPage\",\"@id\":\"https:\/\/lobosnews.com.ar\/index.php\/2026\/03\/05\/el-descargo-de-ian-lucas-ante-las-versiones-de-su-relacion-con-evangelina-anderson-lo-que-vivi-fue-real\/\",\"url\":\"https:\/\/lobosnews.com.ar\/index.php\/2026\/03\/05\/el-descargo-de-ian-lucas-ante-las-versiones-de-su-relacion-con-evangelina-anderson-lo-que-vivi-fue-real\/\",\"name\":\"El descargo de Ian Lucas ante las versiones de su relaci\u00f3n con Evangelina Anderson: \u201cLo que viv\u00ed fue real\u201d - Lobos News\",\"isPartOf\":{\"@id\":\"https:\/\/lobosnews.com.ar\/#website\"},\"primaryImageOfPage\":{\"@id\":\"https:\/\/lobosnews.com.ar\/index.php\/2026\/03\/05\/el-descargo-de-ian-lucas-ante-las-versiones-de-su-relacion-con-evangelina-anderson-lo-que-vivi-fue-real\/#primaryimage\"},\"image\":{\"@id\":\"https:\/\/lobosnews.com.ar\/index.php\/2026\/03\/05\/el-descargo-de-ian-lucas-ante-las-versiones-de-su-relacion-con-evangelina-anderson-lo-que-vivi-fue-real\/#primaryimage\"},\"thumbnailUrl\":\"https:\/\/lobosnews.com.ar\/wp-content\/uploads\/2026\/03\/el-descargo-de-ian-lucas-ante-las-versiones-de-su-relacion-con-evangelina-anderson-lo-que-vivi-fue-real-4.jpg\",\"datePublished\":\"2026-03-05T23:21:28+00:00\",\"dateModified\":\"2026-03-06T14:31:23+00:00\",\"breadcrumb\":{\"@id\":\"https:\/\/lobosnews.com.ar\/index.php\/2026\/03\/05\/el-descargo-de-ian-lucas-ante-las-versiones-de-su-relacion-con-evangelina-anderson-lo-que-vivi-fue-real\/#breadcrumb\"},\"inLanguage\":\"es\",\"potentialAction\":[{\"@type\":\"ReadAction\",\"target\":[\"https:\/\/lobosnews.com.ar\/index.php\/2026\/03\/05\/el-descargo-de-ian-lucas-ante-las-versiones-de-su-relacion-con-evangelina-anderson-lo-que-vivi-fue-real\/\"]}]},{\"@type\":\"ImageObject\",\"inLanguage\":\"es\",\"@id\":\"https:\/\/lobosnews.com.ar\/index.php\/2026\/03\/05\/el-descargo-de-ian-lucas-ante-las-versiones-de-su-relacion-con-evangelina-anderson-lo-que-vivi-fue-real\/#primaryimage\",\"url\":\"https:\/\/lobosnews.com.ar\/wp-content\/uploads\/2026\/03\/el-descargo-de-ian-lucas-ante-las-versiones-de-su-relacion-con-evangelina-anderson-lo-que-vivi-fue-real-4.jpg\",\"contentUrl\":\"https:\/\/lobosnews.com.ar\/wp-content\/uploads\/2026\/03\/el-descargo-de-ian-lucas-ante-las-versiones-de-su-relacion-con-evangelina-anderson-lo-que-vivi-fue-real-4.jpg\",\"width\":498,\"height\":811,\"caption\":\"El descargo de Ian Lucas ante las versiones de su relaci\u00f3n con Evangelina Anderson: \u201cLo que viv\u00ed fue real\u201d\"},{\"@type\":\"BreadcrumbList\",\"@id\":\"https:\/\/lobosnews.com.ar\/index.php\/2026\/03\/05\/el-descargo-de-ian-lucas-ante-las-versiones-de-su-relacion-con-evangelina-anderson-lo-que-vivi-fue-real\/#breadcrumb\",\"itemListElement\":[{\"@type\":\"ListItem\",\"position\":1,\"name\":\"Portada\",\"item\":\"https:\/\/lobosnews.com.ar\/\"},{\"@type\":\"ListItem\",\"position\":2,\"name\":\"El descargo de Ian Lucas ante las versiones de su relaci\u00f3n con Evangelina Anderson: \u201cLo que viv\u00ed fue real\u201d\"}]},{\"@type\":\"WebSite\",\"@id\":\"https:\/\/lobosnews.com.ar\/#website\",\"url\":\"https:\/\/lobosnews.com.ar\/\",\"name\":\"Lobos News\",\"description\":\"Informaci\u00f3n a cada instante\",\"publisher\":{\"@id\":\"https:\/\/lobosnews.com.ar\/#organization\"},\"potentialAction\":[{\"@type\":\"SearchAction\",\"target\":{\"@type\":\"EntryPoint\",\"urlTemplate\":\"https:\/\/lobosnews.com.ar\/?s={search_term_string}\"},\"query-input\":{\"@type\":\"PropertyValueSpecification\",\"valueRequired\":true,\"valueName\":\"search_term_string\"}}],\"inLanguage\":\"es\"},{\"@type\":\"Organization\",\"@id\":\"https:\/\/lobosnews.com.ar\/#organization\",\"name\":\"Lobos News\",\"url\":\"https:\/\/lobosnews.com.ar\/\",\"logo\":{\"@type\":\"ImageObject\",\"inLanguage\":\"es\",\"@id\":\"https:\/\/lobosnews.com.ar\/#\/schema\/logo\/image\/\",\"url\":\"https:\/\/lobosnews.com.ar\/wp-content\/uploads\/2026\/01\/logo-lobosnews.png\",\"contentUrl\":\"https:\/\/lobosnews.com.ar\/wp-content\/uploads\/2026\/01\/logo-lobosnews.png\",\"width\":500,\"height\":200,\"caption\":\"Lobos News\"},\"image\":{\"@id\":\"https:\/\/lobosnews.com.ar\/#\/schema\/logo\/image\/\"}},{\"@type\":\"Person\",\"@id\":\"https:\/\/lobosnews.com.ar\/#\/schema\/person\/232422a593d5c541dd9aef6aaed10943\",\"name\":\"admin\",\"image\":{\"@type\":\"ImageObject\",\"inLanguage\":\"es\",\"@id\":\"https:\/\/lobosnews.com.ar\/#\/schema\/person\/image\/\",\"url\":\"https:\/\/secure.gravatar.com\/avatar\/76e419471a2083bc3ceab22a763dbbf9b0c1bd15a6214cf3280e2c2dde4580f9?s=96&d=mm&r=g\",\"contentUrl\":\"https:\/\/secure.gravatar.com\/avatar\/76e419471a2083bc3ceab22a763dbbf9b0c1bd15a6214cf3280e2c2dde4580f9?s=96&d=mm&r=g\",\"caption\":\"admin\"},\"sameAs\":[\"https:\/\/lobosnews.com.ar\"],\"url\":\"https:\/\/lobosnews.com.ar\/index.php\/author\/lobos-news\/\"}]}<\/script>\n<!-- \/ Yoast SEO plugin. -->","yoast_head_json":{"title":"El descargo de Ian Lucas ante las versiones de su relaci\u00f3n con Evangelina Anderson: \u201cLo que viv\u00ed fue real\u201d - Lobos News","robots":{"index":"index","follow":"follow","max-snippet":"max-snippet:-1","max-image-preview":"max-image-preview:large","max-video-preview":"max-video-preview:-1"},"canonical":"https:\/\/lobosnews.com.ar\/index.php\/2026\/03\/05\/el-descargo-de-ian-lucas-ante-las-versiones-de-su-relacion-con-evangelina-anderson-lo-que-vivi-fue-real\/","og_locale":"es_ES","og_type":"article","og_title":"El descargo de Ian Lucas ante las versiones de su relaci\u00f3n con Evangelina Anderson: \u201cLo que viv\u00ed fue real\u201d - Lobos News","og_description":"Despu\u00e9s de meses de idas y vueltas en MasterChef Celebrity (Telefe), rumores e indirectas en redes sociales, el v\u00ednculo entre Ian Lucas y Evangelina Anderson parece haber llegado a su fin. Este jueves, el influencer realiz\u00f3 un descargo en el que abri\u00f3 la puerta de su intimidad y se sincer\u00f3 sobre sus sentimientos. Como si...","og_url":"https:\/\/lobosnews.com.ar\/index.php\/2026\/03\/05\/el-descargo-de-ian-lucas-ante-las-versiones-de-su-relacion-con-evangelina-anderson-lo-que-vivi-fue-real\/","og_site_name":"Lobos News","article_published_time":"2026-03-05T23:21:28+00:00","article_modified_time":"2026-03-06T14:31:23+00:00","og_image":[{"url":"https:\/\/lobosnews.com.ar\/wp-content\/uploads\/2026\/03\/el-descargo-de-ian-lucas-ante-las-versiones-de-su-relacion-con-evangelina-anderson-lo-que-vivi-fue-real.jpg","type":"","width":"","height":""}],"author":"admin","twitter_card":"summary_large_image","twitter_misc":{"Escrito por":"admin","Tiempo de lectura":"4 minutos"},"schema":{"@context":"https:\/\/schema.org","@graph":[{"@type":"Article","@id":"https:\/\/lobosnews.com.ar\/index.php\/2026\/03\/05\/el-descargo-de-ian-lucas-ante-las-versiones-de-su-relacion-con-evangelina-anderson-lo-que-vivi-fue-real\/#article","isPartOf":{"@id":"https:\/\/lobosnews.com.ar\/index.php\/2026\/03\/05\/el-descargo-de-ian-lucas-ante-las-versiones-de-su-relacion-con-evangelina-anderson-lo-que-vivi-fue-real\/"},"author":{"name":"admin","@id":"https:\/\/lobosnews.com.ar\/#\/schema\/person\/232422a593d5c541dd9aef6aaed10943"},"headline":"El descargo de Ian Lucas ante las versiones de su relaci\u00f3n con Evangelina Anderson: \u201cLo que viv\u00ed fue real\u201d","datePublished":"2026-03-05T23:21:28+00:00","dateModified":"2026-03-06T14:31:23+00:00","mainEntityOfPage":{"@id":"https:\/\/lobosnews.com.ar\/index.php\/2026\/03\/05\/el-descargo-de-ian-lucas-ante-las-versiones-de-su-relacion-con-evangelina-anderson-lo-que-vivi-fue-real\/"},"wordCount":729,"commentCount":0,"publisher":{"@id":"https:\/\/lobosnews.com.ar\/#organization"},"image":{"@id":"https:\/\/lobosnews.com.ar\/index.php\/2026\/03\/05\/el-descargo-de-ian-lucas-ante-las-versiones-de-su-relacion-con-evangelina-anderson-lo-que-vivi-fue-real\/#primaryimage"},"thumbnailUrl":"https:\/\/lobosnews.com.ar\/wp-content\/uploads\/2026\/03\/el-descargo-de-ian-lucas-ante-las-versiones-de-su-relacion-con-evangelina-anderson-lo-que-vivi-fue-real-4.jpg","articleSection":["Cine y Series"],"inLanguage":"es","potentialAction":[{"@type":"CommentAction","name":"Comment","target":["https:\/\/lobosnews.com.ar\/index.php\/2026\/03\/05\/el-descargo-de-ian-lucas-ante-las-versiones-de-su-relacion-con-evangelina-anderson-lo-que-vivi-fue-real\/#respond"]}]},{"@type":"WebPage","@id":"https:\/\/lobosnews.com.ar\/index.php\/2026\/03\/05\/el-descargo-de-ian-lucas-ante-las-versiones-de-su-relacion-con-evangelina-anderson-lo-que-vivi-fue-real\/","url":"https:\/\/lobosnews.com.ar\/index.php\/2026\/03\/05\/el-descargo-de-ian-lucas-ante-las-versiones-de-su-relacion-con-evangelina-anderson-lo-que-vivi-fue-real\/","name":"El descargo de Ian Lucas ante las versiones de su relaci\u00f3n con Evangelina Anderson: \u201cLo que viv\u00ed fue real\u201d - Lobos News","isPartOf":{"@id":"https:\/\/lobosnews.com.ar\/#website"},"primaryImageOfPage":{"@id":"https:\/\/lobosnews.com.ar\/index.php\/2026\/03\/05\/el-descargo-de-ian-lucas-ante-las-versiones-de-su-relacion-con-evangelina-anderson-lo-que-vivi-fue-real\/#primaryimage"},"image":{"@id":"https:\/\/lobosnews.com.ar\/index.php\/2026\/03\/05\/el-descargo-de-ian-lucas-ante-las-versiones-de-su-relacion-con-evangelina-anderson-lo-que-vivi-fue-real\/#primaryimage"},"thumbnailUrl":"https:\/\/lobosnews.com.ar\/wp-content\/uploads\/2026\/03\/el-descargo-de-ian-lucas-ante-las-versiones-de-su-relacion-con-evangelina-anderson-lo-que-vivi-fue-real-4.jpg","datePublished":"2026-03-05T23:21:28+00:00","dateModified":"2026-03-06T14:31:23+00:00","breadcrumb":{"@id":"https:\/\/lobosnews.com.ar\/index.php\/2026\/03\/05\/el-descargo-de-ian-lucas-ante-las-versiones-de-su-relacion-con-evangelina-anderson-lo-que-vivi-fue-real\/#breadcrumb"},"inLanguage":"es","potentialAction":[{"@type":"ReadAction","target":["https:\/\/lobosnews.com.ar\/index.php\/2026\/03\/05\/el-descargo-de-ian-lucas-ante-las-versiones-de-su-relacion-con-evangelina-anderson-lo-que-vivi-fue-real\/"]}]},{"@type":"ImageObject","inLanguage":"es","@id":"https:\/\/lobosnews.com.ar\/index.php\/2026\/03\/05\/el-descargo-de-ian-lucas-ante-las-versiones-de-su-relacion-con-evangelina-anderson-lo-que-vivi-fue-real\/#primaryimage","url":"https:\/\/lobosnews.com.ar\/wp-content\/uploads\/2026\/03\/el-descargo-de-ian-lucas-ante-las-versiones-de-su-relacion-con-evangelina-anderson-lo-que-vivi-fue-real-4.jpg","contentUrl":"https:\/\/lobosnews.com.ar\/wp-content\/uploads\/2026\/03\/el-descargo-de-ian-lucas-ante-las-versiones-de-su-relacion-con-evangelina-anderson-lo-que-vivi-fue-real-4.jpg","width":498,"height":811,"caption":"El descargo de Ian Lucas ante las versiones de su relaci\u00f3n con Evangelina Anderson: \u201cLo que viv\u00ed fue real\u201d"},{"@type":"BreadcrumbList","@id":"https:\/\/lobosnews.com.ar\/index.php\/2026\/03\/05\/el-descargo-de-ian-lucas-ante-las-versiones-de-su-relacion-con-evangelina-anderson-lo-que-vivi-fue-real\/#breadcrumb","itemListElement":[{"@type":"ListItem","position":1,"name":"Portada","item":"https:\/\/lobosnews.com.ar\/"},{"@type":"ListItem","position":2,"name":"El descargo de Ian Lucas ante las versiones de su relaci\u00f3n con Evangelina Anderson: \u201cLo que viv\u00ed fue real\u201d"}]},{"@type":"WebSite","@id":"https:\/\/lobosnews.com.ar\/#website","url":"https:\/\/lobosnews.com.ar\/","name":"Lobos News","description":"Informaci\u00f3n a cada instante","publisher":{"@id":"https:\/\/lobosnews.com.ar\/#organization"},"potentialAction":[{"@type":"SearchAction","target":{"@type":"EntryPoint","urlTemplate":"https:\/\/lobosnews.com.ar\/?s={search_term_string}"},"query-input":{"@type":"PropertyValueSpecification","valueRequired":true,"valueName":"search_term_string"}}],"inLanguage":"es"},{"@type":"Organization","@id":"https:\/\/lobosnews.com.ar\/#organization","name":"Lobos News","url":"https:\/\/lobosnews.com.ar\/","logo":{"@type":"ImageObject","inLanguage":"es","@id":"https:\/\/lobosnews.com.ar\/#\/schema\/logo\/image\/","url":"https:\/\/lobosnews.com.ar\/wp-content\/uploads\/2026\/01\/logo-lobosnews.png","contentUrl":"https:\/\/lobosnews.com.ar\/wp-content\/uploads\/2026\/01\/logo-lobosnews.png","width":500,"height":200,"caption":"Lobos News"},"image":{"@id":"https:\/\/lobosnews.com.ar\/#\/schema\/logo\/image\/"}},{"@type":"Person","@id":"https:\/\/lobosnews.com.ar\/#\/schema\/person\/232422a593d5c541dd9aef6aaed10943","name":"admin","image":{"@type":"ImageObject","inLanguage":"es","@id":"https:\/\/lobosnews.com.ar\/#\/schema\/person\/image\/","url":"https:\/\/secure.gravatar.com\/avatar\/76e419471a2083bc3ceab22a763dbbf9b0c1bd15a6214cf3280e2c2dde4580f9?s=96&d=mm&r=g","contentUrl":"https:\/\/secure.gravatar.com\/avatar\/76e419471a2083bc3ceab22a763dbbf9b0c1bd15a6214cf3280e2c2dde4580f9?s=96&d=mm&r=g","caption":"admin"},"sameAs":["https:\/\/lobosnews.com.ar"],"url":"https:\/\/lobosnews.com.ar\/index.php\/author\/lobos-news\/"}]}},"jetpack_featured_media_url":"https:\/\/lobosnews.com.ar\/wp-content\/uploads\/2026\/03\/el-descargo-de-ian-lucas-ante-las-versiones-de-su-relacion-con-evangelina-anderson-lo-que-vivi-fue-real-4.jpg","jetpack_sharing_enabled":true,"_links":{"self":[{"href":"https:\/\/lobosnews.com.ar\/index.php\/wp-json\/wp\/v2\/posts\/29805","targetHints":{"allow":["GET"]}}],"collection":[{"href":"https:\/\/lobosnews.com.ar\/index.php\/wp-json\/wp\/v2\/posts"}],"about":[{"href":"https:\/\/lobosnews.com.ar\/index.php\/wp-json\/wp\/v2\/types\/post"}],"author":[{"embeddable":true,"href":"https:\/\/lobosnews.com.ar\/index.php\/wp-json\/wp\/v2\/users\/1"}],"replies":[{"embeddable":true,"href":"https:\/\/lobosnews.com.ar\/index.php\/wp-json\/wp\/v2\/comments?post=29805"}],"version-history":[{"count":1,"href":"https:\/\/lobosnews.com.ar\/index.php\/wp-json\/wp\/v2\/posts\/29805\/revisions"}],"predecessor-version":[{"id":29809,"href":"https:\/\/lobosnews.com.ar\/index.php\/wp-json\/wp\/v2\/posts\/29805\/revisions\/29809"}],"wp:featuredmedia":[{"embeddable":true,"href":"https:\/\/lobosnews.com.ar\/index.php\/wp-json\/wp\/v2\/media\/29810"}],"wp:attachment":[{"href":"https:\/\/lobosnews.com.ar\/index.php\/wp-json\/wp\/v2\/media?parent=29805"}],"wp:term":[{"taxonomy":"category","embeddable":true,"href":"https:\/\/lobosnews.com.ar\/index.php\/wp-json\/wp\/v2\/categories?post=29805"},{"taxonomy":"post_tag","embeddable":true,"href":"https:\/\/lobosnews.com.ar\/index.php\/wp-json\/wp\/v2\/tags?post=29805"}],"curies":[{"name":"wp","href":"https:\/\/api.w.org\/{rel}","templated":true}]}}