{"id":29798,"date":"2026-03-05T23:42:12","date_gmt":"2026-03-05T23:42:12","guid":{"rendered":"https:\/\/lobosnews.com.ar\/index.php\/2026\/03\/05\/el-amoroso-saludo-de-cumpleanos-de-yanina-latorre-el-mas-pequeno-de-la-familia\/"},"modified":"2026-03-06T14:30:59","modified_gmt":"2026-03-06T14:30:59","slug":"el-amoroso-saludo-de-cumpleanos-de-yanina-latorre-el-mas-pequeno-de-la-familia","status":"publish","type":"post","link":"https:\/\/lobosnews.com.ar\/index.php\/2026\/03\/05\/el-amoroso-saludo-de-cumpleanos-de-yanina-latorre-el-mas-pequeno-de-la-familia\/","title":{"rendered":"El amoroso saludo de cumplea\u00f1os de Yanina Latorre: \u201cEl m\u00e1s peque\u00f1o de la familia\u201d"},"content":{"rendered":"<p><img loading=\"lazy\" decoding=\"async\" src=\"https:\/\/lobosnews.com.ar\/wp-content\/uploads\/2026\/03\/el-amoroso-saludo-de-cumpleanos-de-yanina-latorre-el-mas-pequeno-de-la-familia.jpg\" alt=\"Yanina Latorre celebr\u00f3 el primer cumplea\u00f1os de Ralph, su perro salchicha, con un emotivo mensaje en Instagram que conmovi\u00f3 a sus seguidores\" height=\"803\" width=\"1271\"\/><\/p>\n<p>Las redes sociales de<b> <\/b><span class=\"waslinkname\"><b>Yanina Latorre<\/b><\/span> volvieron a llenarse de ternura en las \u00faltimas horas. Esta vez, la conductora y panelista celebr\u00f3 el primer cumplea\u00f1os de <span class=\"waslinkname\"><b>Ralph<\/b><\/span><b>, el perro salchicha<\/b> que forma parte de su familia, con un mensaje cargado de cari\u00f1o y una serie de publicaciones que r\u00e1pidamente enternecieron a sus seguidores.<\/p>\n<p>A trav\u00e9s de su cuenta de Instagram, donde re\u00fane una gran comunidad de usuarios que siguen su d\u00eda a d\u00eda, Yanina comparti\u00f3 una imagen del peque\u00f1o dachshund posando en una escalera de madera de su casa. En la foto, el perrito aparece de perfil, con su caracter\u00edstico pelaje moteado y las orejas largas que distinguen a la raza, mientras mira con atenci\u00f3n hacia un costado. Sobre la imagen, la panelista escribi\u00f3 una frase simple pero significativa: <b>\u201cHoy cumple 1 a\u00f1o Ralph\u201d.<\/b><\/p>\n<p><img loading=\"lazy\" decoding=\"async\" src=\"https:\/\/lobosnews.com.ar\/wp-content\/uploads\/2026\/03\/el-amoroso-saludo-de-cumpleanos-de-yanina-latorre-el-mas-pequeno-de-la-familia-1.jpg\" alt=\"Ralph, el dachshund de la familia Latorre, cautiv\u00f3 en redes sociales posando en una imagen donde luce su caracter\u00edstico pelaje moteado y largas orejas\" height=\"824\" width=\"463\"\/><\/p>\n<p>El festejo tambi\u00e9n lleg\u00f3 con un mensaje m\u00e1s extenso en el posteo que acompa\u00f1\u00f3 la publicaci\u00f3n. All\u00ed, Yanina expres\u00f3 el afecto que siente por el animal y record\u00f3 la alegr\u00eda que signific\u00f3 su llegada al hogar que comparte con <span class=\"waslinkname\"><b>Diego Latorre<\/b><\/span> y sus hijos, <b>Lola<\/b> y <b>Dieguito<\/b>. <b>\u201cHoy cumple 1 a\u00f1o Ralph, el m\u00e1s peque\u00f1o de la familia. Vino a traernos mucha alegr\u00eda y felicidad. Es el perro m\u00e1s alegre del mundo. Feliz cumple Ralph! Te amamos\u201d<\/b>, escribi\u00f3 la conductora de <i>SQP<\/i> (Am\u00e9rica TV).<\/p>\n<p>La publicaci\u00f3n incluy\u00f3 adem\u00e1s, entre varias im\u00e1genes de Ralph, una fotograf\u00eda familiar en la que se puede ver a Yanina y Diego posando juntos, elegantemente vestidos, mientras cada uno sostiene a una de sus mascotas. Ella aparece con Ralph en brazos, mientras que el exfutbolista sostiene al otro perro de la familia, un Jack Russell terrier llamado <b>Polo<\/b>, que ya formaba parte del hogar desde hace algunos a\u00f1os.<\/p>\n<p><img loading=\"lazy\" decoding=\"async\" src=\"https:\/\/lobosnews.com.ar\/wp-content\/uploads\/2026\/03\/el-amoroso-saludo-de-cumpleanos-de-yanina-latorre-el-mas-pequeno-de-la-familia-2.jpg\" alt=\"Ralph fue adoptado como un nuevo integrante para la familia Latorre y lleg\u00f3 como compa\u00f1\u00eda para Polo, siendo presentado originalmente por Diego Latorre en sus redes sociales\" height=\"825\" width=\"460\"\/><\/p>\n<p>Como suele ocurrir con los contenidos que comparte la panelista, el posteo gener\u00f3 r\u00e1pidamente reacciones entre sus seguidores y tambi\u00e9n entre algunas figuras cercanas. Entre los comentarios m\u00e1s destacados apareci\u00f3 el de su hija Lola Latorre, quien dej\u00f3 un mensaje que mezcl\u00f3 humor y emoci\u00f3n.<b> \u201cEl posteo dedicado a Ralph me destruye el alma\u201d<\/b>, escribi\u00f3 la influencer, acompa\u00f1ando la frase con risas en otra respuesta posterior.<\/p>\n<p>Yanina no tard\u00f3 en contestarle y se gener\u00f3 un intercambio divertido entre madre e hija. En una de sus respuestas, la panelista reaccion\u00f3 con carcajadas ante el comentario de Lola y luego sum\u00f3 una frase ir\u00f3nica: <b>\u201c\u00bfNo es cheto, no?\u201d<\/b>, escribi\u00f3, en tono de broma. M\u00e1s tarde agreg\u00f3 otro comentario que sigui\u00f3 con ese estilo: <b>\u201cOjo que esto no es para chetas\u201d.<\/b><\/p>\n<p><img loading=\"lazy\" decoding=\"async\" src=\"https:\/\/lobosnews.com.ar\/wp-content\/uploads\/2026\/03\/el-amoroso-saludo-de-cumpleanos-de-yanina-latorre-el-mas-pequeno-de-la-familia-3.jpg\" alt=\"El divertido intercambio de mensajes entre Yanina y su hija Lola en Instagram reforz\u00f3 el tono afectuoso y distendido de la familia Latorre en redes\" height=\"602\" width=\"622\"\/><\/p>\n<p>El intercambio familiar fue celebrado por los seguidores de ambas, que suelen seguir de cerca las publicaciones de la familia Latorre y los momentos cotidianos que comparten en redes sociales. Entre los comentarios tambi\u00e9n apareci\u00f3 el de Fede Popgold, que simplemente escribi\u00f3: <b>\u201cLo amo\u201d<\/b>, sum\u00e1ndose a la catarata de reacciones que gener\u00f3 el cumplea\u00f1os del perro.<\/p>\n<p>La celebraci\u00f3n tambi\u00e9n lleg\u00f3 a trav\u00e9s de las historias de Instagram. All\u00ed, <b>Diego Latorre comparti\u00f3 la imagen del perrito publicada por Yanina y agreg\u00f3 un emoji de coraz\u00f3n rojo<\/b>, dejando en claro el cari\u00f1o que tambi\u00e9n siente por la mascota que lleg\u00f3 a su casa hace poco m\u00e1s de un a\u00f1o.<\/p>\n<p>La historia de Ralph dentro de la familia Latorre comenz\u00f3 justamente con una sorpresa. Seg\u00fan hab\u00edan contado en su momento, <b>el perro fue adoptado como una especie de regalo familiar para sumar un nuevo integrante al hogar y tambi\u00e9n para que Polo, el otro perro de la casa, tuviera compa\u00f1\u00eda.<\/b> Fue Diego quien primero present\u00f3 al cachorro en sus redes sociales. En aquel momento, el periodista deportivo public\u00f3 videos en los que se lo ve\u00eda jugando en el jard\u00edn de su casa junto a Polo, mientras corr\u00edan entre el c\u00e9sped y los \u00e1rboles. <b>\u201cNuevo integrante de la familia. Se llama Ralph\u201d<\/b>, hab\u00eda escrito el comentarista de <i>ESPN<\/i>, mostrando los primeros momentos del perro en su nuevo hogar.<\/p>\n","protected":false},"excerpt":{"rendered":"<p>Las redes sociales de Yanina Latorre volvieron a llenarse de ternura en las \u00faltimas horas. Esta vez, la conductora y panelista celebr\u00f3 el primer cumplea\u00f1os de Ralph, el perro salchicha que forma parte de su familia, con un mensaje cargado de cari\u00f1o y una serie de publicaciones que r\u00e1pidamente enternecieron a sus seguidores. A trav\u00e9s&#8230;<\/p>\n","protected":false},"author":1,"featured_media":29804,"comment_status":"open","ping_status":"closed","sticky":false,"template":"","format":"standard","meta":{"_jetpack_memberships_contains_paid_content":false,"footnotes":""},"categories":[79],"tags":[],"class_list":["post-29798","post","type-post","status-publish","format-standard","has-post-thumbnail","hentry","category-cine-y-series"],"magazineBlocksPostFeaturedMedia":{"thumbnail":"https:\/\/lobosnews.com.ar\/wp-content\/uploads\/2026\/03\/el-amoroso-saludo-de-cumpleanos-de-yanina-latorre-el-mas-pequeno-de-la-familia-6-150x150.jpg","medium":"https:\/\/lobosnews.com.ar\/wp-content\/uploads\/2026\/03\/el-amoroso-saludo-de-cumpleanos-de-yanina-latorre-el-mas-pequeno-de-la-familia-6-300x290.jpg","medium_large":"https:\/\/lobosnews.com.ar\/wp-content\/uploads\/2026\/03\/el-amoroso-saludo-de-cumpleanos-de-yanina-latorre-el-mas-pequeno-de-la-familia-6.jpg","large":"https:\/\/lobosnews.com.ar\/wp-content\/uploads\/2026\/03\/el-amoroso-saludo-de-cumpleanos-de-yanina-latorre-el-mas-pequeno-de-la-familia-6.jpg","1536x1536":"https:\/\/lobosnews.com.ar\/wp-content\/uploads\/2026\/03\/el-amoroso-saludo-de-cumpleanos-de-yanina-latorre-el-mas-pequeno-de-la-familia-6.jpg","2048x2048":"https:\/\/lobosnews.com.ar\/wp-content\/uploads\/2026\/03\/el-amoroso-saludo-de-cumpleanos-de-yanina-latorre-el-mas-pequeno-de-la-familia-6.jpg","newsmatic-featured":"https:\/\/lobosnews.com.ar\/wp-content\/uploads\/2026\/03\/el-amoroso-saludo-de-cumpleanos-de-yanina-latorre-el-mas-pequeno-de-la-familia-6-622x545.jpg","newsmatic-list":"https:\/\/lobosnews.com.ar\/wp-content\/uploads\/2026\/03\/el-amoroso-saludo-de-cumpleanos-de-yanina-latorre-el-mas-pequeno-de-la-familia-6-600x400.jpg","newsmatic-thumb":"https:\/\/lobosnews.com.ar\/wp-content\/uploads\/2026\/03\/el-amoroso-saludo-de-cumpleanos-de-yanina-latorre-el-mas-pequeno-de-la-familia-6-300x200.jpg","newsmatic-small":"https:\/\/lobosnews.com.ar\/wp-content\/uploads\/2026\/03\/el-amoroso-saludo-de-cumpleanos-de-yanina-latorre-el-mas-pequeno-de-la-familia-6-150x95.jpg","newsmatic-grid":"https:\/\/lobosnews.com.ar\/wp-content\/uploads\/2026\/03\/el-amoroso-saludo-de-cumpleanos-de-yanina-latorre-el-mas-pequeno-de-la-familia-6-400x250.jpg"},"magazineBlocksPostAuthor":{"name":"admin","avatar":"https:\/\/secure.gravatar.com\/avatar\/76e419471a2083bc3ceab22a763dbbf9b0c1bd15a6214cf3280e2c2dde4580f9?s=96&d=mm&r=g"},"magazineBlocksPostCommentsNumber":"0","magazineBlocksPostExcerpt":"Las redes sociales de Yanina Latorre volvieron a llenarse de ternura en las \u00faltimas horas. Esta vez, la conductora y panelista celebr\u00f3 el primer cumplea\u00f1os de Ralph, el perro salchicha que forma parte de su familia, con un mensaje cargado de cari\u00f1o y una serie de publicaciones que r\u00e1pidamente enternecieron a sus seguidores. A trav\u00e9s...","magazineBlocksPostCategories":["Cine y Series"],"magazineBlocksPostViewCount":77,"magazineBlocksPostReadTime":4,"magazine_blocks_featured_image_url":{"full":["https:\/\/lobosnews.com.ar\/wp-content\/uploads\/2026\/03\/el-amoroso-saludo-de-cumpleanos-de-yanina-latorre-el-mas-pequeno-de-la-familia-6.jpg",622,602,false],"medium":["https:\/\/lobosnews.com.ar\/wp-content\/uploads\/2026\/03\/el-amoroso-saludo-de-cumpleanos-de-yanina-latorre-el-mas-pequeno-de-la-familia-6-300x290.jpg",300,290,true],"thumbnail":["https:\/\/lobosnews.com.ar\/wp-content\/uploads\/2026\/03\/el-amoroso-saludo-de-cumpleanos-de-yanina-latorre-el-mas-pequeno-de-la-familia-6-150x150.jpg",150,150,true]},"magazine_blocks_author":{"display_name":"admin","author_link":"https:\/\/lobosnews.com.ar\/index.php\/author\/lobos-news\/"},"magazine_blocks_comment":0,"magazine_blocks_author_image":"https:\/\/secure.gravatar.com\/avatar\/76e419471a2083bc3ceab22a763dbbf9b0c1bd15a6214cf3280e2c2dde4580f9?s=96&d=mm&r=g","magazine_blocks_category":"<a href=\"#\" class=\"category-link category-link-79\">Cine y Series<\/a>","yoast_head":"<!-- This site is optimized with the Yoast SEO plugin v26.6 - https:\/\/yoast.com\/wordpress\/plugins\/seo\/ -->\n<title>El amoroso saludo de cumplea\u00f1os de Yanina Latorre: \u201cEl m\u00e1s peque\u00f1o de la familia\u201d - Lobos News<\/title>\n<meta name=\"robots\" content=\"index, follow, max-snippet:-1, max-image-preview:large, max-video-preview:-1\" \/>\n<link rel=\"canonical\" href=\"https:\/\/lobosnews.com.ar\/index.php\/2026\/03\/05\/el-amoroso-saludo-de-cumpleanos-de-yanina-latorre-el-mas-pequeno-de-la-familia\/\" \/>\n<meta property=\"og:locale\" content=\"es_ES\" \/>\n<meta property=\"og:type\" content=\"article\" \/>\n<meta property=\"og:title\" content=\"El amoroso saludo de cumplea\u00f1os de Yanina Latorre: \u201cEl m\u00e1s peque\u00f1o de la familia\u201d - Lobos News\" \/>\n<meta property=\"og:description\" content=\"Las redes sociales de Yanina Latorre volvieron a llenarse de ternura en las \u00faltimas horas. Esta vez, la conductora y panelista celebr\u00f3 el primer cumplea\u00f1os de Ralph, el perro salchicha que forma parte de su familia, con un mensaje cargado de cari\u00f1o y una serie de publicaciones que r\u00e1pidamente enternecieron a sus seguidores. A trav\u00e9s...\" \/>\n<meta property=\"og:url\" content=\"https:\/\/lobosnews.com.ar\/index.php\/2026\/03\/05\/el-amoroso-saludo-de-cumpleanos-de-yanina-latorre-el-mas-pequeno-de-la-familia\/\" \/>\n<meta property=\"og:site_name\" content=\"Lobos News\" \/>\n<meta property=\"article:published_time\" content=\"2026-03-05T23:42:12+00:00\" \/>\n<meta property=\"article:modified_time\" content=\"2026-03-06T14:30:59+00:00\" \/>\n<meta property=\"og:image\" content=\"https:\/\/lobosnews.com.ar\/wp-content\/uploads\/2026\/03\/el-amoroso-saludo-de-cumpleanos-de-yanina-latorre-el-mas-pequeno-de-la-familia.jpg\" \/>\n<meta name=\"author\" content=\"admin\" \/>\n<meta name=\"twitter:card\" content=\"summary_large_image\" \/>\n<meta name=\"twitter:label1\" content=\"Escrito por\" \/>\n\t<meta name=\"twitter:data1\" content=\"admin\" \/>\n\t<meta name=\"twitter:label2\" content=\"Tiempo de lectura\" \/>\n\t<meta name=\"twitter:data2\" content=\"3 minutos\" \/>\n<script type=\"application\/ld+json\" class=\"yoast-schema-graph\">{\"@context\":\"https:\/\/schema.org\",\"@graph\":[{\"@type\":\"Article\",\"@id\":\"https:\/\/lobosnews.com.ar\/index.php\/2026\/03\/05\/el-amoroso-saludo-de-cumpleanos-de-yanina-latorre-el-mas-pequeno-de-la-familia\/#article\",\"isPartOf\":{\"@id\":\"https:\/\/lobosnews.com.ar\/index.php\/2026\/03\/05\/el-amoroso-saludo-de-cumpleanos-de-yanina-latorre-el-mas-pequeno-de-la-familia\/\"},\"author\":{\"name\":\"admin\",\"@id\":\"https:\/\/lobosnews.com.ar\/#\/schema\/person\/232422a593d5c541dd9aef6aaed10943\"},\"headline\":\"El amoroso saludo de cumplea\u00f1os de Yanina Latorre: \u201cEl m\u00e1s peque\u00f1o de la familia\u201d\",\"datePublished\":\"2026-03-05T23:42:12+00:00\",\"dateModified\":\"2026-03-06T14:30:59+00:00\",\"mainEntityOfPage\":{\"@id\":\"https:\/\/lobosnews.com.ar\/index.php\/2026\/03\/05\/el-amoroso-saludo-de-cumpleanos-de-yanina-latorre-el-mas-pequeno-de-la-familia\/\"},\"wordCount\":706,\"commentCount\":0,\"publisher\":{\"@id\":\"https:\/\/lobosnews.com.ar\/#organization\"},\"image\":{\"@id\":\"https:\/\/lobosnews.com.ar\/index.php\/2026\/03\/05\/el-amoroso-saludo-de-cumpleanos-de-yanina-latorre-el-mas-pequeno-de-la-familia\/#primaryimage\"},\"thumbnailUrl\":\"https:\/\/lobosnews.com.ar\/wp-content\/uploads\/2026\/03\/el-amoroso-saludo-de-cumpleanos-de-yanina-latorre-el-mas-pequeno-de-la-familia-6.jpg\",\"articleSection\":[\"Cine y Series\"],\"inLanguage\":\"es\",\"potentialAction\":[{\"@type\":\"CommentAction\",\"name\":\"Comment\",\"target\":[\"https:\/\/lobosnews.com.ar\/index.php\/2026\/03\/05\/el-amoroso-saludo-de-cumpleanos-de-yanina-latorre-el-mas-pequeno-de-la-familia\/#respond\"]}]},{\"@type\":\"WebPage\",\"@id\":\"https:\/\/lobosnews.com.ar\/index.php\/2026\/03\/05\/el-amoroso-saludo-de-cumpleanos-de-yanina-latorre-el-mas-pequeno-de-la-familia\/\",\"url\":\"https:\/\/lobosnews.com.ar\/index.php\/2026\/03\/05\/el-amoroso-saludo-de-cumpleanos-de-yanina-latorre-el-mas-pequeno-de-la-familia\/\",\"name\":\"El amoroso saludo de cumplea\u00f1os de Yanina Latorre: \u201cEl m\u00e1s peque\u00f1o de la familia\u201d - Lobos News\",\"isPartOf\":{\"@id\":\"https:\/\/lobosnews.com.ar\/#website\"},\"primaryImageOfPage\":{\"@id\":\"https:\/\/lobosnews.com.ar\/index.php\/2026\/03\/05\/el-amoroso-saludo-de-cumpleanos-de-yanina-latorre-el-mas-pequeno-de-la-familia\/#primaryimage\"},\"image\":{\"@id\":\"https:\/\/lobosnews.com.ar\/index.php\/2026\/03\/05\/el-amoroso-saludo-de-cumpleanos-de-yanina-latorre-el-mas-pequeno-de-la-familia\/#primaryimage\"},\"thumbnailUrl\":\"https:\/\/lobosnews.com.ar\/wp-content\/uploads\/2026\/03\/el-amoroso-saludo-de-cumpleanos-de-yanina-latorre-el-mas-pequeno-de-la-familia-6.jpg\",\"datePublished\":\"2026-03-05T23:42:12+00:00\",\"dateModified\":\"2026-03-06T14:30:59+00:00\",\"breadcrumb\":{\"@id\":\"https:\/\/lobosnews.com.ar\/index.php\/2026\/03\/05\/el-amoroso-saludo-de-cumpleanos-de-yanina-latorre-el-mas-pequeno-de-la-familia\/#breadcrumb\"},\"inLanguage\":\"es\",\"potentialAction\":[{\"@type\":\"ReadAction\",\"target\":[\"https:\/\/lobosnews.com.ar\/index.php\/2026\/03\/05\/el-amoroso-saludo-de-cumpleanos-de-yanina-latorre-el-mas-pequeno-de-la-familia\/\"]}]},{\"@type\":\"ImageObject\",\"inLanguage\":\"es\",\"@id\":\"https:\/\/lobosnews.com.ar\/index.php\/2026\/03\/05\/el-amoroso-saludo-de-cumpleanos-de-yanina-latorre-el-mas-pequeno-de-la-familia\/#primaryimage\",\"url\":\"https:\/\/lobosnews.com.ar\/wp-content\/uploads\/2026\/03\/el-amoroso-saludo-de-cumpleanos-de-yanina-latorre-el-mas-pequeno-de-la-familia-6.jpg\",\"contentUrl\":\"https:\/\/lobosnews.com.ar\/wp-content\/uploads\/2026\/03\/el-amoroso-saludo-de-cumpleanos-de-yanina-latorre-el-mas-pequeno-de-la-familia-6.jpg\",\"width\":622,\"height\":602,\"caption\":\"El amoroso saludo de cumplea\u00f1os de Yanina Latorre: \u201cEl m\u00e1s peque\u00f1o de la familia\u201d\"},{\"@type\":\"BreadcrumbList\",\"@id\":\"https:\/\/lobosnews.com.ar\/index.php\/2026\/03\/05\/el-amoroso-saludo-de-cumpleanos-de-yanina-latorre-el-mas-pequeno-de-la-familia\/#breadcrumb\",\"itemListElement\":[{\"@type\":\"ListItem\",\"position\":1,\"name\":\"Portada\",\"item\":\"https:\/\/lobosnews.com.ar\/\"},{\"@type\":\"ListItem\",\"position\":2,\"name\":\"El amoroso saludo de cumplea\u00f1os de Yanina Latorre: \u201cEl m\u00e1s peque\u00f1o de la familia\u201d\"}]},{\"@type\":\"WebSite\",\"@id\":\"https:\/\/lobosnews.com.ar\/#website\",\"url\":\"https:\/\/lobosnews.com.ar\/\",\"name\":\"Lobos News\",\"description\":\"Informaci\u00f3n a cada instante\",\"publisher\":{\"@id\":\"https:\/\/lobosnews.com.ar\/#organization\"},\"potentialAction\":[{\"@type\":\"SearchAction\",\"target\":{\"@type\":\"EntryPoint\",\"urlTemplate\":\"https:\/\/lobosnews.com.ar\/?s={search_term_string}\"},\"query-input\":{\"@type\":\"PropertyValueSpecification\",\"valueRequired\":true,\"valueName\":\"search_term_string\"}}],\"inLanguage\":\"es\"},{\"@type\":\"Organization\",\"@id\":\"https:\/\/lobosnews.com.ar\/#organization\",\"name\":\"Lobos News\",\"url\":\"https:\/\/lobosnews.com.ar\/\",\"logo\":{\"@type\":\"ImageObject\",\"inLanguage\":\"es\",\"@id\":\"https:\/\/lobosnews.com.ar\/#\/schema\/logo\/image\/\",\"url\":\"https:\/\/lobosnews.com.ar\/wp-content\/uploads\/2026\/01\/logo-lobosnews.png\",\"contentUrl\":\"https:\/\/lobosnews.com.ar\/wp-content\/uploads\/2026\/01\/logo-lobosnews.png\",\"width\":500,\"height\":200,\"caption\":\"Lobos News\"},\"image\":{\"@id\":\"https:\/\/lobosnews.com.ar\/#\/schema\/logo\/image\/\"}},{\"@type\":\"Person\",\"@id\":\"https:\/\/lobosnews.com.ar\/#\/schema\/person\/232422a593d5c541dd9aef6aaed10943\",\"name\":\"admin\",\"image\":{\"@type\":\"ImageObject\",\"inLanguage\":\"es\",\"@id\":\"https:\/\/lobosnews.com.ar\/#\/schema\/person\/image\/\",\"url\":\"https:\/\/secure.gravatar.com\/avatar\/76e419471a2083bc3ceab22a763dbbf9b0c1bd15a6214cf3280e2c2dde4580f9?s=96&d=mm&r=g\",\"contentUrl\":\"https:\/\/secure.gravatar.com\/avatar\/76e419471a2083bc3ceab22a763dbbf9b0c1bd15a6214cf3280e2c2dde4580f9?s=96&d=mm&r=g\",\"caption\":\"admin\"},\"sameAs\":[\"https:\/\/lobosnews.com.ar\"],\"url\":\"https:\/\/lobosnews.com.ar\/index.php\/author\/lobos-news\/\"}]}<\/script>\n<!-- \/ Yoast SEO plugin. -->","yoast_head_json":{"title":"El amoroso saludo de cumplea\u00f1os de Yanina Latorre: \u201cEl m\u00e1s peque\u00f1o de la familia\u201d - Lobos News","robots":{"index":"index","follow":"follow","max-snippet":"max-snippet:-1","max-image-preview":"max-image-preview:large","max-video-preview":"max-video-preview:-1"},"canonical":"https:\/\/lobosnews.com.ar\/index.php\/2026\/03\/05\/el-amoroso-saludo-de-cumpleanos-de-yanina-latorre-el-mas-pequeno-de-la-familia\/","og_locale":"es_ES","og_type":"article","og_title":"El amoroso saludo de cumplea\u00f1os de Yanina Latorre: \u201cEl m\u00e1s peque\u00f1o de la familia\u201d - Lobos News","og_description":"Las redes sociales de Yanina Latorre volvieron a llenarse de ternura en las \u00faltimas horas. Esta vez, la conductora y panelista celebr\u00f3 el primer cumplea\u00f1os de Ralph, el perro salchicha que forma parte de su familia, con un mensaje cargado de cari\u00f1o y una serie de publicaciones que r\u00e1pidamente enternecieron a sus seguidores. A trav\u00e9s...","og_url":"https:\/\/lobosnews.com.ar\/index.php\/2026\/03\/05\/el-amoroso-saludo-de-cumpleanos-de-yanina-latorre-el-mas-pequeno-de-la-familia\/","og_site_name":"Lobos News","article_published_time":"2026-03-05T23:42:12+00:00","article_modified_time":"2026-03-06T14:30:59+00:00","og_image":[{"url":"https:\/\/lobosnews.com.ar\/wp-content\/uploads\/2026\/03\/el-amoroso-saludo-de-cumpleanos-de-yanina-latorre-el-mas-pequeno-de-la-familia.jpg","type":"","width":"","height":""}],"author":"admin","twitter_card":"summary_large_image","twitter_misc":{"Escrito por":"admin","Tiempo de lectura":"3 minutos"},"schema":{"@context":"https:\/\/schema.org","@graph":[{"@type":"Article","@id":"https:\/\/lobosnews.com.ar\/index.php\/2026\/03\/05\/el-amoroso-saludo-de-cumpleanos-de-yanina-latorre-el-mas-pequeno-de-la-familia\/#article","isPartOf":{"@id":"https:\/\/lobosnews.com.ar\/index.php\/2026\/03\/05\/el-amoroso-saludo-de-cumpleanos-de-yanina-latorre-el-mas-pequeno-de-la-familia\/"},"author":{"name":"admin","@id":"https:\/\/lobosnews.com.ar\/#\/schema\/person\/232422a593d5c541dd9aef6aaed10943"},"headline":"El amoroso saludo de cumplea\u00f1os de Yanina Latorre: \u201cEl m\u00e1s peque\u00f1o de la familia\u201d","datePublished":"2026-03-05T23:42:12+00:00","dateModified":"2026-03-06T14:30:59+00:00","mainEntityOfPage":{"@id":"https:\/\/lobosnews.com.ar\/index.php\/2026\/03\/05\/el-amoroso-saludo-de-cumpleanos-de-yanina-latorre-el-mas-pequeno-de-la-familia\/"},"wordCount":706,"commentCount":0,"publisher":{"@id":"https:\/\/lobosnews.com.ar\/#organization"},"image":{"@id":"https:\/\/lobosnews.com.ar\/index.php\/2026\/03\/05\/el-amoroso-saludo-de-cumpleanos-de-yanina-latorre-el-mas-pequeno-de-la-familia\/#primaryimage"},"thumbnailUrl":"https:\/\/lobosnews.com.ar\/wp-content\/uploads\/2026\/03\/el-amoroso-saludo-de-cumpleanos-de-yanina-latorre-el-mas-pequeno-de-la-familia-6.jpg","articleSection":["Cine y Series"],"inLanguage":"es","potentialAction":[{"@type":"CommentAction","name":"Comment","target":["https:\/\/lobosnews.com.ar\/index.php\/2026\/03\/05\/el-amoroso-saludo-de-cumpleanos-de-yanina-latorre-el-mas-pequeno-de-la-familia\/#respond"]}]},{"@type":"WebPage","@id":"https:\/\/lobosnews.com.ar\/index.php\/2026\/03\/05\/el-amoroso-saludo-de-cumpleanos-de-yanina-latorre-el-mas-pequeno-de-la-familia\/","url":"https:\/\/lobosnews.com.ar\/index.php\/2026\/03\/05\/el-amoroso-saludo-de-cumpleanos-de-yanina-latorre-el-mas-pequeno-de-la-familia\/","name":"El amoroso saludo de cumplea\u00f1os de Yanina Latorre: \u201cEl m\u00e1s peque\u00f1o de la familia\u201d - Lobos News","isPartOf":{"@id":"https:\/\/lobosnews.com.ar\/#website"},"primaryImageOfPage":{"@id":"https:\/\/lobosnews.com.ar\/index.php\/2026\/03\/05\/el-amoroso-saludo-de-cumpleanos-de-yanina-latorre-el-mas-pequeno-de-la-familia\/#primaryimage"},"image":{"@id":"https:\/\/lobosnews.com.ar\/index.php\/2026\/03\/05\/el-amoroso-saludo-de-cumpleanos-de-yanina-latorre-el-mas-pequeno-de-la-familia\/#primaryimage"},"thumbnailUrl":"https:\/\/lobosnews.com.ar\/wp-content\/uploads\/2026\/03\/el-amoroso-saludo-de-cumpleanos-de-yanina-latorre-el-mas-pequeno-de-la-familia-6.jpg","datePublished":"2026-03-05T23:42:12+00:00","dateModified":"2026-03-06T14:30:59+00:00","breadcrumb":{"@id":"https:\/\/lobosnews.com.ar\/index.php\/2026\/03\/05\/el-amoroso-saludo-de-cumpleanos-de-yanina-latorre-el-mas-pequeno-de-la-familia\/#breadcrumb"},"inLanguage":"es","potentialAction":[{"@type":"ReadAction","target":["https:\/\/lobosnews.com.ar\/index.php\/2026\/03\/05\/el-amoroso-saludo-de-cumpleanos-de-yanina-latorre-el-mas-pequeno-de-la-familia\/"]}]},{"@type":"ImageObject","inLanguage":"es","@id":"https:\/\/lobosnews.com.ar\/index.php\/2026\/03\/05\/el-amoroso-saludo-de-cumpleanos-de-yanina-latorre-el-mas-pequeno-de-la-familia\/#primaryimage","url":"https:\/\/lobosnews.com.ar\/wp-content\/uploads\/2026\/03\/el-amoroso-saludo-de-cumpleanos-de-yanina-latorre-el-mas-pequeno-de-la-familia-6.jpg","contentUrl":"https:\/\/lobosnews.com.ar\/wp-content\/uploads\/2026\/03\/el-amoroso-saludo-de-cumpleanos-de-yanina-latorre-el-mas-pequeno-de-la-familia-6.jpg","width":622,"height":602,"caption":"El amoroso saludo de cumplea\u00f1os de Yanina Latorre: \u201cEl m\u00e1s peque\u00f1o de la familia\u201d"},{"@type":"BreadcrumbList","@id":"https:\/\/lobosnews.com.ar\/index.php\/2026\/03\/05\/el-amoroso-saludo-de-cumpleanos-de-yanina-latorre-el-mas-pequeno-de-la-familia\/#breadcrumb","itemListElement":[{"@type":"ListItem","position":1,"name":"Portada","item":"https:\/\/lobosnews.com.ar\/"},{"@type":"ListItem","position":2,"name":"El amoroso saludo de cumplea\u00f1os de Yanina Latorre: \u201cEl m\u00e1s peque\u00f1o de la familia\u201d"}]},{"@type":"WebSite","@id":"https:\/\/lobosnews.com.ar\/#website","url":"https:\/\/lobosnews.com.ar\/","name":"Lobos News","description":"Informaci\u00f3n a cada instante","publisher":{"@id":"https:\/\/lobosnews.com.ar\/#organization"},"potentialAction":[{"@type":"SearchAction","target":{"@type":"EntryPoint","urlTemplate":"https:\/\/lobosnews.com.ar\/?s={search_term_string}"},"query-input":{"@type":"PropertyValueSpecification","valueRequired":true,"valueName":"search_term_string"}}],"inLanguage":"es"},{"@type":"Organization","@id":"https:\/\/lobosnews.com.ar\/#organization","name":"Lobos News","url":"https:\/\/lobosnews.com.ar\/","logo":{"@type":"ImageObject","inLanguage":"es","@id":"https:\/\/lobosnews.com.ar\/#\/schema\/logo\/image\/","url":"https:\/\/lobosnews.com.ar\/wp-content\/uploads\/2026\/01\/logo-lobosnews.png","contentUrl":"https:\/\/lobosnews.com.ar\/wp-content\/uploads\/2026\/01\/logo-lobosnews.png","width":500,"height":200,"caption":"Lobos News"},"image":{"@id":"https:\/\/lobosnews.com.ar\/#\/schema\/logo\/image\/"}},{"@type":"Person","@id":"https:\/\/lobosnews.com.ar\/#\/schema\/person\/232422a593d5c541dd9aef6aaed10943","name":"admin","image":{"@type":"ImageObject","inLanguage":"es","@id":"https:\/\/lobosnews.com.ar\/#\/schema\/person\/image\/","url":"https:\/\/secure.gravatar.com\/avatar\/76e419471a2083bc3ceab22a763dbbf9b0c1bd15a6214cf3280e2c2dde4580f9?s=96&d=mm&r=g","contentUrl":"https:\/\/secure.gravatar.com\/avatar\/76e419471a2083bc3ceab22a763dbbf9b0c1bd15a6214cf3280e2c2dde4580f9?s=96&d=mm&r=g","caption":"admin"},"sameAs":["https:\/\/lobosnews.com.ar"],"url":"https:\/\/lobosnews.com.ar\/index.php\/author\/lobos-news\/"}]}},"jetpack_featured_media_url":"https:\/\/lobosnews.com.ar\/wp-content\/uploads\/2026\/03\/el-amoroso-saludo-de-cumpleanos-de-yanina-latorre-el-mas-pequeno-de-la-familia-6.jpg","jetpack_sharing_enabled":true,"_links":{"self":[{"href":"https:\/\/lobosnews.com.ar\/index.php\/wp-json\/wp\/v2\/posts\/29798","targetHints":{"allow":["GET"]}}],"collection":[{"href":"https:\/\/lobosnews.com.ar\/index.php\/wp-json\/wp\/v2\/posts"}],"about":[{"href":"https:\/\/lobosnews.com.ar\/index.php\/wp-json\/wp\/v2\/types\/post"}],"author":[{"embeddable":true,"href":"https:\/\/lobosnews.com.ar\/index.php\/wp-json\/wp\/v2\/users\/1"}],"replies":[{"embeddable":true,"href":"https:\/\/lobosnews.com.ar\/index.php\/wp-json\/wp\/v2\/comments?post=29798"}],"version-history":[{"count":1,"href":"https:\/\/lobosnews.com.ar\/index.php\/wp-json\/wp\/v2\/posts\/29798\/revisions"}],"predecessor-version":[{"id":29803,"href":"https:\/\/lobosnews.com.ar\/index.php\/wp-json\/wp\/v2\/posts\/29798\/revisions\/29803"}],"wp:featuredmedia":[{"embeddable":true,"href":"https:\/\/lobosnews.com.ar\/index.php\/wp-json\/wp\/v2\/media\/29804"}],"wp:attachment":[{"href":"https:\/\/lobosnews.com.ar\/index.php\/wp-json\/wp\/v2\/media?parent=29798"}],"wp:term":[{"taxonomy":"category","embeddable":true,"href":"https:\/\/lobosnews.com.ar\/index.php\/wp-json\/wp\/v2\/categories?post=29798"},{"taxonomy":"post_tag","embeddable":true,"href":"https:\/\/lobosnews.com.ar\/index.php\/wp-json\/wp\/v2\/tags?post=29798"}],"curies":[{"name":"wp","href":"https:\/\/api.w.org\/{rel}","templated":true}]}}