{"id":29736,"date":"2026-03-06T02:16:29","date_gmt":"2026-03-06T02:16:29","guid":{"rendered":"https:\/\/lobosnews.com.ar\/index.php\/2026\/03\/06\/estudio-vincula-aumento-del-consumo-de-cannabis-con-mala-salud-mental\/"},"modified":"2026-03-06T08:43:47","modified_gmt":"2026-03-06T08:43:47","slug":"estudio-vincula-aumento-del-consumo-de-cannabis-con-mala-salud-mental","status":"publish","type":"post","link":"https:\/\/lobosnews.com.ar\/index.php\/2026\/03\/06\/estudio-vincula-aumento-del-consumo-de-cannabis-con-mala-salud-mental\/","title":{"rendered":"Estudio vincula aumento del consumo de cannabis con mala salud mental"},"content":{"rendered":"<p><img loading=\"lazy\" decoding=\"async\" src=\"https:\/\/lobosnews.com.ar\/wp-content\/uploads\/2026\/03\/estudio-vincula-aumento-del-consumo-de-cannabis-con-mala-salud-mental.jpg\" alt=\"\" height=\"754\" width=\"1200\"\/><\/p>\n<p>JUEVES, 5 de marzo de 2026 (HealthDay News) &#8212; Para muchos, el cannabis es una opci\u00f3n habitual para aliviar el estr\u00e9s, pero un gran estudio canadiense sugiere que para muchos esa soluci\u00f3n puede estar estrechamente relacionada con un empeoramiento de la crisis de salud mental.<\/p>\n<p>Los investigadores han descubierto que, a medida que el consumo de cannabis se vuelve m\u00e1s com\u00fan y la marihuana m\u00e1s potente, la relaci\u00f3n entre la droga y los trastornos graves del estado de \u00e1nimo se intensifica.<\/p>\n<p>El estudio &#8211;liderado por la Universidad McMaster y publicado en The Canadian Journal of Psychiatry &#8212; analiz\u00f3 datos recogidos de 35.000 canadienses de 15 a\u00f1os o m\u00e1s encuestados entre 2012 y 2022.<\/p>\n<p>Este periodo abarca el periodo anterior y posterior a la legalizaci\u00f3n del cannabis recreativo en Canad\u00e1 en 2018.<\/p>\n<p>La investigaci\u00f3n pone de manifiesto una tendencia preocupante: el consumo de cannabis y las dificultades de salud mental est\u00e1n apareciendo cada vez m\u00e1s juntos. Aunque el estudio no demuestra de forma definitiva que una causa la otra, la superposici\u00f3n estad\u00edstica es dif\u00edcil de ignorar.<\/p>\n<p>\u00abVemos que los canadienses que consumen cannabis tienden a cumplir m\u00e1s los criterios para trastornos de ansiedad y depresi\u00f3n, y m\u00e1s probabilidades de reportar suicidabilidad\u00bb, dijo Jillian Halladay, profesora adjunta en la Escuela de Enfermer\u00eda McMaster en Hamilton, Ontario.<\/p>\n<p>\u00abTambi\u00e9n vemos que esta coocurrencia se ha fortalecido con el tiempo\u00bb, a\u00f1adi\u00f3 en un comunicado de prensa.<\/p>\n<p>Los datos revelan un cambio radical en el panorama sanitario canadiense durante la \u00faltima d\u00e9cada:<\/p>\n<p>Picos en la salud mental: Los informes de trastorno de ansiedad generalizada y depresi\u00f3n mayor casi se duplicaron, afectando al 5,2% y 7,6% de la poblaci\u00f3n, respectivamente.<\/p>\n<p>Tendencias de uso: El n\u00famero de personas que consumen cannabis varias veces a la semana m\u00e1s que se ha duplicado.<\/p>\n<p>Riesgo de cinco veces: En 2022, quienes consum\u00edan cannabis dos veces por semana o m\u00e1s ten\u00edan cinco veces m\u00e1s probabilidades de sufrir depresi\u00f3n o ansiedad en comparaci\u00f3n con los no consumidores.<\/p>\n<p>La conexi\u00f3n era especialmente alarmante entre los j\u00f3venes canadienses. Aunque las tasas de suicidio se mantuvieron relativamente estables entre los adultos mayores, la suicidabilidad entre los j\u00f3venes aument\u00f3 un 44% durante el periodo del estudio.<\/p>\n<p>Los expertos sospechan que la mayor disponibilidad y el aumento de la potencia de los productos modernos de cannabis pueden estar saturando a los cerebros j\u00f3venes y en desarrollo.<\/p>\n<p>Los investigadores piden a los profesionales de la salud mental que hagan cribados rutinarios para detectar el consumo de cannabis.<\/p>\n<p>\u00abEs importante que las personas reconozcan cu\u00e1ndo y c\u00f3mo su consumo de cannabis puede estar afectando a su salud mental, y c\u00f3mo su salud mental puede estar influyendo en su consumo de cannabis\u00bb, explic\u00f3 Halladay.<\/p>\n<p>Los investigadores concluyeron que \u00abdada la mayor coocurrencia del consumo de cannabis y problemas de internalizaci\u00f3n, se necesita una mayor inversi\u00f3n en el consumo integrado de sustancias y la prevenci\u00f3n de la salud mental, la intervenci\u00f3n y el tratamiento tempranos.\u00bb<\/p>\n<p>Los investigadores se\u00f1alaron que sus resultados deben interpretarse con cautela debido a la naturaleza de los datos de la encuesta, que capturaron una instant\u00e1nea en el tiempo en lugar de un seguimiento a largo plazo de los individuos.<\/p>\n<p>M\u00e1s informaci\u00f3n<\/p>\n<p>El Instituto Nacional sobre el Abuso de Drogas proporciona informaci\u00f3n detallada sobre el consumo de cannabis y sus efectos secundarios.<\/p>\n<p>FUENTES: Comunicado de prensa de la Universidad McMaster, 26 de febrero de 2026; The Canadian Journal of Psychiatry, 26 de febrero de 2026<\/p>\n","protected":false},"excerpt":{"rendered":"<p>JUEVES, 5 de marzo de 2026 (HealthDay News) &#8212; Para muchos, el cannabis es una opci\u00f3n habitual para aliviar el estr\u00e9s, pero un gran estudio canadiense sugiere que para muchos esa soluci\u00f3n puede estar estrechamente relacionada con un empeoramiento de la crisis de salud mental. Los investigadores han descubierto que, a medida que el consumo&#8230;<\/p>\n","protected":false},"author":1,"featured_media":29739,"comment_status":"open","ping_status":"closed","sticky":false,"template":"","format":"standard","meta":{"_jetpack_memberships_contains_paid_content":false,"footnotes":""},"categories":[81],"tags":[],"class_list":["post-29736","post","type-post","status-publish","format-standard","has-post-thumbnail","hentry","category-salud"],"magazineBlocksPostFeaturedMedia":{"thumbnail":"https:\/\/lobosnews.com.ar\/wp-content\/uploads\/2026\/03\/estudio-vincula-aumento-del-consumo-de-cannabis-con-mala-salud-mental-150x150.jpg","medium":"https:\/\/lobosnews.com.ar\/wp-content\/uploads\/2026\/03\/estudio-vincula-aumento-del-consumo-de-cannabis-con-mala-salud-mental-300x189.jpg","medium_large":"https:\/\/lobosnews.com.ar\/wp-content\/uploads\/2026\/03\/estudio-vincula-aumento-del-consumo-de-cannabis-con-mala-salud-mental-768x483.jpg","large":"https:\/\/lobosnews.com.ar\/wp-content\/uploads\/2026\/03\/estudio-vincula-aumento-del-consumo-de-cannabis-con-mala-salud-mental-1024x643.jpg","1536x1536":"https:\/\/lobosnews.com.ar\/wp-content\/uploads\/2026\/03\/estudio-vincula-aumento-del-consumo-de-cannabis-con-mala-salud-mental.jpg","2048x2048":"https:\/\/lobosnews.com.ar\/wp-content\/uploads\/2026\/03\/estudio-vincula-aumento-del-consumo-de-cannabis-con-mala-salud-mental.jpg","newsmatic-featured":"https:\/\/lobosnews.com.ar\/wp-content\/uploads\/2026\/03\/estudio-vincula-aumento-del-consumo-de-cannabis-con-mala-salud-mental-820x545.jpg","newsmatic-list":"https:\/\/lobosnews.com.ar\/wp-content\/uploads\/2026\/03\/estudio-vincula-aumento-del-consumo-de-cannabis-con-mala-salud-mental-600x400.jpg","newsmatic-thumb":"https:\/\/lobosnews.com.ar\/wp-content\/uploads\/2026\/03\/estudio-vincula-aumento-del-consumo-de-cannabis-con-mala-salud-mental-300x200.jpg","newsmatic-small":"https:\/\/lobosnews.com.ar\/wp-content\/uploads\/2026\/03\/estudio-vincula-aumento-del-consumo-de-cannabis-con-mala-salud-mental-150x95.jpg","newsmatic-grid":"https:\/\/lobosnews.com.ar\/wp-content\/uploads\/2026\/03\/estudio-vincula-aumento-del-consumo-de-cannabis-con-mala-salud-mental-400x250.jpg"},"magazineBlocksPostAuthor":{"name":"admin","avatar":"https:\/\/secure.gravatar.com\/avatar\/76e419471a2083bc3ceab22a763dbbf9b0c1bd15a6214cf3280e2c2dde4580f9?s=96&d=mm&r=g"},"magazineBlocksPostCommentsNumber":"0","magazineBlocksPostExcerpt":"JUEVES, 5 de marzo de 2026 (HealthDay News) &#8212; Para muchos, el cannabis es una opci\u00f3n habitual para aliviar el estr\u00e9s, pero un gran estudio canadiense sugiere que para muchos esa soluci\u00f3n puede estar estrechamente relacionada con un empeoramiento de la crisis de salud mental. Los investigadores han descubierto que, a medida que el consumo...","magazineBlocksPostCategories":["Salud"],"magazineBlocksPostViewCount":79,"magazineBlocksPostReadTime":3,"magazine_blocks_featured_image_url":{"full":["https:\/\/lobosnews.com.ar\/wp-content\/uploads\/2026\/03\/estudio-vincula-aumento-del-consumo-de-cannabis-con-mala-salud-mental.jpg",1200,754,false],"medium":["https:\/\/lobosnews.com.ar\/wp-content\/uploads\/2026\/03\/estudio-vincula-aumento-del-consumo-de-cannabis-con-mala-salud-mental-300x189.jpg",300,189,true],"thumbnail":["https:\/\/lobosnews.com.ar\/wp-content\/uploads\/2026\/03\/estudio-vincula-aumento-del-consumo-de-cannabis-con-mala-salud-mental-150x150.jpg",150,150,true]},"magazine_blocks_author":{"display_name":"admin","author_link":"https:\/\/lobosnews.com.ar\/index.php\/author\/lobos-news\/"},"magazine_blocks_comment":0,"magazine_blocks_author_image":"https:\/\/secure.gravatar.com\/avatar\/76e419471a2083bc3ceab22a763dbbf9b0c1bd15a6214cf3280e2c2dde4580f9?s=96&d=mm&r=g","magazine_blocks_category":"<a href=\"#\" class=\"category-link category-link-81\">Salud<\/a>","yoast_head":"<!-- This site is optimized with the Yoast SEO plugin v26.6 - https:\/\/yoast.com\/wordpress\/plugins\/seo\/ -->\n<title>Estudio vincula aumento del consumo de cannabis con mala salud mental - Lobos News<\/title>\n<meta name=\"robots\" content=\"index, follow, max-snippet:-1, max-image-preview:large, max-video-preview:-1\" \/>\n<link rel=\"canonical\" href=\"https:\/\/lobosnews.com.ar\/index.php\/2026\/03\/06\/estudio-vincula-aumento-del-consumo-de-cannabis-con-mala-salud-mental\/\" \/>\n<meta property=\"og:locale\" content=\"es_ES\" \/>\n<meta property=\"og:type\" content=\"article\" \/>\n<meta property=\"og:title\" content=\"Estudio vincula aumento del consumo de cannabis con mala salud mental - Lobos News\" \/>\n<meta property=\"og:description\" content=\"JUEVES, 5 de marzo de 2026 (HealthDay News) &#8212; Para muchos, el cannabis es una opci\u00f3n habitual para aliviar el estr\u00e9s, pero un gran estudio canadiense sugiere que para muchos esa soluci\u00f3n puede estar estrechamente relacionada con un empeoramiento de la crisis de salud mental. Los investigadores han descubierto que, a medida que el consumo...\" \/>\n<meta property=\"og:url\" content=\"https:\/\/lobosnews.com.ar\/index.php\/2026\/03\/06\/estudio-vincula-aumento-del-consumo-de-cannabis-con-mala-salud-mental\/\" \/>\n<meta property=\"og:site_name\" content=\"Lobos News\" \/>\n<meta property=\"article:published_time\" content=\"2026-03-06T02:16:29+00:00\" \/>\n<meta property=\"article:modified_time\" content=\"2026-03-06T08:43:47+00:00\" \/>\n<meta property=\"og:image\" content=\"https:\/\/lobosnews.com.ar\/wp-content\/uploads\/2026\/03\/estudio-vincula-aumento-del-consumo-de-cannabis-con-mala-salud-mental.jpg\" \/>\n<meta name=\"author\" content=\"admin\" \/>\n<meta name=\"twitter:card\" content=\"summary_large_image\" \/>\n<meta name=\"twitter:label1\" content=\"Escrito por\" \/>\n\t<meta name=\"twitter:data1\" content=\"admin\" \/>\n\t<meta name=\"twitter:label2\" content=\"Tiempo de lectura\" \/>\n\t<meta name=\"twitter:data2\" content=\"3 minutos\" \/>\n<script type=\"application\/ld+json\" class=\"yoast-schema-graph\">{\"@context\":\"https:\/\/schema.org\",\"@graph\":[{\"@type\":\"Article\",\"@id\":\"https:\/\/lobosnews.com.ar\/index.php\/2026\/03\/06\/estudio-vincula-aumento-del-consumo-de-cannabis-con-mala-salud-mental\/#article\",\"isPartOf\":{\"@id\":\"https:\/\/lobosnews.com.ar\/index.php\/2026\/03\/06\/estudio-vincula-aumento-del-consumo-de-cannabis-con-mala-salud-mental\/\"},\"author\":{\"name\":\"admin\",\"@id\":\"https:\/\/lobosnews.com.ar\/#\/schema\/person\/232422a593d5c541dd9aef6aaed10943\"},\"headline\":\"Estudio vincula aumento del consumo de cannabis con mala salud mental\",\"datePublished\":\"2026-03-06T02:16:29+00:00\",\"dateModified\":\"2026-03-06T08:43:47+00:00\",\"mainEntityOfPage\":{\"@id\":\"https:\/\/lobosnews.com.ar\/index.php\/2026\/03\/06\/estudio-vincula-aumento-del-consumo-de-cannabis-con-mala-salud-mental\/\"},\"wordCount\":609,\"commentCount\":0,\"publisher\":{\"@id\":\"https:\/\/lobosnews.com.ar\/#organization\"},\"image\":{\"@id\":\"https:\/\/lobosnews.com.ar\/index.php\/2026\/03\/06\/estudio-vincula-aumento-del-consumo-de-cannabis-con-mala-salud-mental\/#primaryimage\"},\"thumbnailUrl\":\"https:\/\/lobosnews.com.ar\/wp-content\/uploads\/2026\/03\/estudio-vincula-aumento-del-consumo-de-cannabis-con-mala-salud-mental.jpg\",\"articleSection\":[\"Salud\"],\"inLanguage\":\"es\",\"potentialAction\":[{\"@type\":\"CommentAction\",\"name\":\"Comment\",\"target\":[\"https:\/\/lobosnews.com.ar\/index.php\/2026\/03\/06\/estudio-vincula-aumento-del-consumo-de-cannabis-con-mala-salud-mental\/#respond\"]}]},{\"@type\":\"WebPage\",\"@id\":\"https:\/\/lobosnews.com.ar\/index.php\/2026\/03\/06\/estudio-vincula-aumento-del-consumo-de-cannabis-con-mala-salud-mental\/\",\"url\":\"https:\/\/lobosnews.com.ar\/index.php\/2026\/03\/06\/estudio-vincula-aumento-del-consumo-de-cannabis-con-mala-salud-mental\/\",\"name\":\"Estudio vincula aumento del consumo de cannabis con mala salud mental - Lobos News\",\"isPartOf\":{\"@id\":\"https:\/\/lobosnews.com.ar\/#website\"},\"primaryImageOfPage\":{\"@id\":\"https:\/\/lobosnews.com.ar\/index.php\/2026\/03\/06\/estudio-vincula-aumento-del-consumo-de-cannabis-con-mala-salud-mental\/#primaryimage\"},\"image\":{\"@id\":\"https:\/\/lobosnews.com.ar\/index.php\/2026\/03\/06\/estudio-vincula-aumento-del-consumo-de-cannabis-con-mala-salud-mental\/#primaryimage\"},\"thumbnailUrl\":\"https:\/\/lobosnews.com.ar\/wp-content\/uploads\/2026\/03\/estudio-vincula-aumento-del-consumo-de-cannabis-con-mala-salud-mental.jpg\",\"datePublished\":\"2026-03-06T02:16:29+00:00\",\"dateModified\":\"2026-03-06T08:43:47+00:00\",\"breadcrumb\":{\"@id\":\"https:\/\/lobosnews.com.ar\/index.php\/2026\/03\/06\/estudio-vincula-aumento-del-consumo-de-cannabis-con-mala-salud-mental\/#breadcrumb\"},\"inLanguage\":\"es\",\"potentialAction\":[{\"@type\":\"ReadAction\",\"target\":[\"https:\/\/lobosnews.com.ar\/index.php\/2026\/03\/06\/estudio-vincula-aumento-del-consumo-de-cannabis-con-mala-salud-mental\/\"]}]},{\"@type\":\"ImageObject\",\"inLanguage\":\"es\",\"@id\":\"https:\/\/lobosnews.com.ar\/index.php\/2026\/03\/06\/estudio-vincula-aumento-del-consumo-de-cannabis-con-mala-salud-mental\/#primaryimage\",\"url\":\"https:\/\/lobosnews.com.ar\/wp-content\/uploads\/2026\/03\/estudio-vincula-aumento-del-consumo-de-cannabis-con-mala-salud-mental.jpg\",\"contentUrl\":\"https:\/\/lobosnews.com.ar\/wp-content\/uploads\/2026\/03\/estudio-vincula-aumento-del-consumo-de-cannabis-con-mala-salud-mental.jpg\",\"width\":1200,\"height\":754,\"caption\":\"Estudio vincula aumento del consumo de cannabis con mala salud mental\"},{\"@type\":\"BreadcrumbList\",\"@id\":\"https:\/\/lobosnews.com.ar\/index.php\/2026\/03\/06\/estudio-vincula-aumento-del-consumo-de-cannabis-con-mala-salud-mental\/#breadcrumb\",\"itemListElement\":[{\"@type\":\"ListItem\",\"position\":1,\"name\":\"Portada\",\"item\":\"https:\/\/lobosnews.com.ar\/\"},{\"@type\":\"ListItem\",\"position\":2,\"name\":\"Estudio vincula aumento del consumo de cannabis con mala salud mental\"}]},{\"@type\":\"WebSite\",\"@id\":\"https:\/\/lobosnews.com.ar\/#website\",\"url\":\"https:\/\/lobosnews.com.ar\/\",\"name\":\"Lobos News\",\"description\":\"Informaci\u00f3n a cada instante\",\"publisher\":{\"@id\":\"https:\/\/lobosnews.com.ar\/#organization\"},\"potentialAction\":[{\"@type\":\"SearchAction\",\"target\":{\"@type\":\"EntryPoint\",\"urlTemplate\":\"https:\/\/lobosnews.com.ar\/?s={search_term_string}\"},\"query-input\":{\"@type\":\"PropertyValueSpecification\",\"valueRequired\":true,\"valueName\":\"search_term_string\"}}],\"inLanguage\":\"es\"},{\"@type\":\"Organization\",\"@id\":\"https:\/\/lobosnews.com.ar\/#organization\",\"name\":\"Lobos News\",\"url\":\"https:\/\/lobosnews.com.ar\/\",\"logo\":{\"@type\":\"ImageObject\",\"inLanguage\":\"es\",\"@id\":\"https:\/\/lobosnews.com.ar\/#\/schema\/logo\/image\/\",\"url\":\"https:\/\/lobosnews.com.ar\/wp-content\/uploads\/2026\/01\/logo-lobosnews.png\",\"contentUrl\":\"https:\/\/lobosnews.com.ar\/wp-content\/uploads\/2026\/01\/logo-lobosnews.png\",\"width\":500,\"height\":200,\"caption\":\"Lobos News\"},\"image\":{\"@id\":\"https:\/\/lobosnews.com.ar\/#\/schema\/logo\/image\/\"}},{\"@type\":\"Person\",\"@id\":\"https:\/\/lobosnews.com.ar\/#\/schema\/person\/232422a593d5c541dd9aef6aaed10943\",\"name\":\"admin\",\"image\":{\"@type\":\"ImageObject\",\"inLanguage\":\"es\",\"@id\":\"https:\/\/lobosnews.com.ar\/#\/schema\/person\/image\/\",\"url\":\"https:\/\/secure.gravatar.com\/avatar\/76e419471a2083bc3ceab22a763dbbf9b0c1bd15a6214cf3280e2c2dde4580f9?s=96&d=mm&r=g\",\"contentUrl\":\"https:\/\/secure.gravatar.com\/avatar\/76e419471a2083bc3ceab22a763dbbf9b0c1bd15a6214cf3280e2c2dde4580f9?s=96&d=mm&r=g\",\"caption\":\"admin\"},\"sameAs\":[\"https:\/\/lobosnews.com.ar\"],\"url\":\"https:\/\/lobosnews.com.ar\/index.php\/author\/lobos-news\/\"}]}<\/script>\n<!-- \/ Yoast SEO plugin. -->","yoast_head_json":{"title":"Estudio vincula aumento del consumo de cannabis con mala salud mental - Lobos News","robots":{"index":"index","follow":"follow","max-snippet":"max-snippet:-1","max-image-preview":"max-image-preview:large","max-video-preview":"max-video-preview:-1"},"canonical":"https:\/\/lobosnews.com.ar\/index.php\/2026\/03\/06\/estudio-vincula-aumento-del-consumo-de-cannabis-con-mala-salud-mental\/","og_locale":"es_ES","og_type":"article","og_title":"Estudio vincula aumento del consumo de cannabis con mala salud mental - Lobos News","og_description":"JUEVES, 5 de marzo de 2026 (HealthDay News) &#8212; Para muchos, el cannabis es una opci\u00f3n habitual para aliviar el estr\u00e9s, pero un gran estudio canadiense sugiere que para muchos esa soluci\u00f3n puede estar estrechamente relacionada con un empeoramiento de la crisis de salud mental. Los investigadores han descubierto que, a medida que el consumo...","og_url":"https:\/\/lobosnews.com.ar\/index.php\/2026\/03\/06\/estudio-vincula-aumento-del-consumo-de-cannabis-con-mala-salud-mental\/","og_site_name":"Lobos News","article_published_time":"2026-03-06T02:16:29+00:00","article_modified_time":"2026-03-06T08:43:47+00:00","og_image":[{"url":"https:\/\/lobosnews.com.ar\/wp-content\/uploads\/2026\/03\/estudio-vincula-aumento-del-consumo-de-cannabis-con-mala-salud-mental.jpg","type":"","width":"","height":""}],"author":"admin","twitter_card":"summary_large_image","twitter_misc":{"Escrito por":"admin","Tiempo de lectura":"3 minutos"},"schema":{"@context":"https:\/\/schema.org","@graph":[{"@type":"Article","@id":"https:\/\/lobosnews.com.ar\/index.php\/2026\/03\/06\/estudio-vincula-aumento-del-consumo-de-cannabis-con-mala-salud-mental\/#article","isPartOf":{"@id":"https:\/\/lobosnews.com.ar\/index.php\/2026\/03\/06\/estudio-vincula-aumento-del-consumo-de-cannabis-con-mala-salud-mental\/"},"author":{"name":"admin","@id":"https:\/\/lobosnews.com.ar\/#\/schema\/person\/232422a593d5c541dd9aef6aaed10943"},"headline":"Estudio vincula aumento del consumo de cannabis con mala salud mental","datePublished":"2026-03-06T02:16:29+00:00","dateModified":"2026-03-06T08:43:47+00:00","mainEntityOfPage":{"@id":"https:\/\/lobosnews.com.ar\/index.php\/2026\/03\/06\/estudio-vincula-aumento-del-consumo-de-cannabis-con-mala-salud-mental\/"},"wordCount":609,"commentCount":0,"publisher":{"@id":"https:\/\/lobosnews.com.ar\/#organization"},"image":{"@id":"https:\/\/lobosnews.com.ar\/index.php\/2026\/03\/06\/estudio-vincula-aumento-del-consumo-de-cannabis-con-mala-salud-mental\/#primaryimage"},"thumbnailUrl":"https:\/\/lobosnews.com.ar\/wp-content\/uploads\/2026\/03\/estudio-vincula-aumento-del-consumo-de-cannabis-con-mala-salud-mental.jpg","articleSection":["Salud"],"inLanguage":"es","potentialAction":[{"@type":"CommentAction","name":"Comment","target":["https:\/\/lobosnews.com.ar\/index.php\/2026\/03\/06\/estudio-vincula-aumento-del-consumo-de-cannabis-con-mala-salud-mental\/#respond"]}]},{"@type":"WebPage","@id":"https:\/\/lobosnews.com.ar\/index.php\/2026\/03\/06\/estudio-vincula-aumento-del-consumo-de-cannabis-con-mala-salud-mental\/","url":"https:\/\/lobosnews.com.ar\/index.php\/2026\/03\/06\/estudio-vincula-aumento-del-consumo-de-cannabis-con-mala-salud-mental\/","name":"Estudio vincula aumento del consumo de cannabis con mala salud mental - Lobos News","isPartOf":{"@id":"https:\/\/lobosnews.com.ar\/#website"},"primaryImageOfPage":{"@id":"https:\/\/lobosnews.com.ar\/index.php\/2026\/03\/06\/estudio-vincula-aumento-del-consumo-de-cannabis-con-mala-salud-mental\/#primaryimage"},"image":{"@id":"https:\/\/lobosnews.com.ar\/index.php\/2026\/03\/06\/estudio-vincula-aumento-del-consumo-de-cannabis-con-mala-salud-mental\/#primaryimage"},"thumbnailUrl":"https:\/\/lobosnews.com.ar\/wp-content\/uploads\/2026\/03\/estudio-vincula-aumento-del-consumo-de-cannabis-con-mala-salud-mental.jpg","datePublished":"2026-03-06T02:16:29+00:00","dateModified":"2026-03-06T08:43:47+00:00","breadcrumb":{"@id":"https:\/\/lobosnews.com.ar\/index.php\/2026\/03\/06\/estudio-vincula-aumento-del-consumo-de-cannabis-con-mala-salud-mental\/#breadcrumb"},"inLanguage":"es","potentialAction":[{"@type":"ReadAction","target":["https:\/\/lobosnews.com.ar\/index.php\/2026\/03\/06\/estudio-vincula-aumento-del-consumo-de-cannabis-con-mala-salud-mental\/"]}]},{"@type":"ImageObject","inLanguage":"es","@id":"https:\/\/lobosnews.com.ar\/index.php\/2026\/03\/06\/estudio-vincula-aumento-del-consumo-de-cannabis-con-mala-salud-mental\/#primaryimage","url":"https:\/\/lobosnews.com.ar\/wp-content\/uploads\/2026\/03\/estudio-vincula-aumento-del-consumo-de-cannabis-con-mala-salud-mental.jpg","contentUrl":"https:\/\/lobosnews.com.ar\/wp-content\/uploads\/2026\/03\/estudio-vincula-aumento-del-consumo-de-cannabis-con-mala-salud-mental.jpg","width":1200,"height":754,"caption":"Estudio vincula aumento del consumo de cannabis con mala salud mental"},{"@type":"BreadcrumbList","@id":"https:\/\/lobosnews.com.ar\/index.php\/2026\/03\/06\/estudio-vincula-aumento-del-consumo-de-cannabis-con-mala-salud-mental\/#breadcrumb","itemListElement":[{"@type":"ListItem","position":1,"name":"Portada","item":"https:\/\/lobosnews.com.ar\/"},{"@type":"ListItem","position":2,"name":"Estudio vincula aumento del consumo de cannabis con mala salud mental"}]},{"@type":"WebSite","@id":"https:\/\/lobosnews.com.ar\/#website","url":"https:\/\/lobosnews.com.ar\/","name":"Lobos News","description":"Informaci\u00f3n a cada instante","publisher":{"@id":"https:\/\/lobosnews.com.ar\/#organization"},"potentialAction":[{"@type":"SearchAction","target":{"@type":"EntryPoint","urlTemplate":"https:\/\/lobosnews.com.ar\/?s={search_term_string}"},"query-input":{"@type":"PropertyValueSpecification","valueRequired":true,"valueName":"search_term_string"}}],"inLanguage":"es"},{"@type":"Organization","@id":"https:\/\/lobosnews.com.ar\/#organization","name":"Lobos News","url":"https:\/\/lobosnews.com.ar\/","logo":{"@type":"ImageObject","inLanguage":"es","@id":"https:\/\/lobosnews.com.ar\/#\/schema\/logo\/image\/","url":"https:\/\/lobosnews.com.ar\/wp-content\/uploads\/2026\/01\/logo-lobosnews.png","contentUrl":"https:\/\/lobosnews.com.ar\/wp-content\/uploads\/2026\/01\/logo-lobosnews.png","width":500,"height":200,"caption":"Lobos News"},"image":{"@id":"https:\/\/lobosnews.com.ar\/#\/schema\/logo\/image\/"}},{"@type":"Person","@id":"https:\/\/lobosnews.com.ar\/#\/schema\/person\/232422a593d5c541dd9aef6aaed10943","name":"admin","image":{"@type":"ImageObject","inLanguage":"es","@id":"https:\/\/lobosnews.com.ar\/#\/schema\/person\/image\/","url":"https:\/\/secure.gravatar.com\/avatar\/76e419471a2083bc3ceab22a763dbbf9b0c1bd15a6214cf3280e2c2dde4580f9?s=96&d=mm&r=g","contentUrl":"https:\/\/secure.gravatar.com\/avatar\/76e419471a2083bc3ceab22a763dbbf9b0c1bd15a6214cf3280e2c2dde4580f9?s=96&d=mm&r=g","caption":"admin"},"sameAs":["https:\/\/lobosnews.com.ar"],"url":"https:\/\/lobosnews.com.ar\/index.php\/author\/lobos-news\/"}]}},"jetpack_featured_media_url":"https:\/\/lobosnews.com.ar\/wp-content\/uploads\/2026\/03\/estudio-vincula-aumento-del-consumo-de-cannabis-con-mala-salud-mental.jpg","jetpack_sharing_enabled":true,"_links":{"self":[{"href":"https:\/\/lobosnews.com.ar\/index.php\/wp-json\/wp\/v2\/posts\/29736","targetHints":{"allow":["GET"]}}],"collection":[{"href":"https:\/\/lobosnews.com.ar\/index.php\/wp-json\/wp\/v2\/posts"}],"about":[{"href":"https:\/\/lobosnews.com.ar\/index.php\/wp-json\/wp\/v2\/types\/post"}],"author":[{"embeddable":true,"href":"https:\/\/lobosnews.com.ar\/index.php\/wp-json\/wp\/v2\/users\/1"}],"replies":[{"embeddable":true,"href":"https:\/\/lobosnews.com.ar\/index.php\/wp-json\/wp\/v2\/comments?post=29736"}],"version-history":[{"count":1,"href":"https:\/\/lobosnews.com.ar\/index.php\/wp-json\/wp\/v2\/posts\/29736\/revisions"}],"predecessor-version":[{"id":29738,"href":"https:\/\/lobosnews.com.ar\/index.php\/wp-json\/wp\/v2\/posts\/29736\/revisions\/29738"}],"wp:featuredmedia":[{"embeddable":true,"href":"https:\/\/lobosnews.com.ar\/index.php\/wp-json\/wp\/v2\/media\/29739"}],"wp:attachment":[{"href":"https:\/\/lobosnews.com.ar\/index.php\/wp-json\/wp\/v2\/media?parent=29736"}],"wp:term":[{"taxonomy":"category","embeddable":true,"href":"https:\/\/lobosnews.com.ar\/index.php\/wp-json\/wp\/v2\/categories?post=29736"},{"taxonomy":"post_tag","embeddable":true,"href":"https:\/\/lobosnews.com.ar\/index.php\/wp-json\/wp\/v2\/tags?post=29736"}],"curies":[{"name":"wp","href":"https:\/\/api.w.org\/{rel}","templated":true}]}}