{"id":29637,"date":"2026-03-06T02:04:16","date_gmt":"2026-03-06T02:04:16","guid":{"rendered":"https:\/\/lobosnews.com.ar\/index.php\/2026\/03\/06\/boca-juniors-habria-llegado-a-un-acuerdo-con-una-figura-del-futbol-argentino-para-sumarla-como-refuerzo-cuando-es-la-fecha-limite\/"},"modified":"2026-03-06T08:07:19","modified_gmt":"2026-03-06T08:07:19","slug":"boca-juniors-habria-llegado-a-un-acuerdo-con-una-figura-del-futbol-argentino-para-sumarla-como-refuerzo-cuando-es-la-fecha-limite","status":"publish","type":"post","link":"https:\/\/lobosnews.com.ar\/index.php\/2026\/03\/06\/boca-juniors-habria-llegado-a-un-acuerdo-con-una-figura-del-futbol-argentino-para-sumarla-como-refuerzo-cuando-es-la-fecha-limite\/","title":{"rendered":"Boca Juniors habr\u00eda llegado a un acuerdo con una figura del f\u00fatbol argentino para sumarla como refuerzo: cu\u00e1ndo es la fecha l\u00edmite"},"content":{"rendered":"<p><img loading=\"lazy\" decoding=\"async\" src=\"https:\/\/lobosnews.com.ar\/wp-content\/uploads\/2026\/03\/boca-juniors-habria-llegado-a-un-acuerdo-con-una-figura-del-futbol-argentino-para-sumarla-como-refuerzo-cuando-es-la-fecha-limite.jpg\" alt=\"Afirman que Alan Lescano lleg\u00f3 a un acuerdo con Boca Juniors (fotobaires\/argentina)\" height=\"2388\" width=\"3185\"\/><\/p>\n<p>Mientras la dirigencia de <b>Boca Juniors<\/b> busca reforzar su plantel tras una victoria clave en el <b>Torneo Apertura<\/b>, el club <b>aceler\u00f3<\/b> las gestiones para incorporar a <b>Alan Lescano<\/b>, capit\u00e1n y enganche de <b>Argentinos Juniors<\/b>, en el breve lapso de mercado habilitado luego de la transferencia de <b>Lucas Blondel<\/b> a <b>Hurac\u00e1n<\/b>. <\/p>\n<p>Esta operaci\u00f3n, motivada por la necesidad de sumar talento creativo antes del cierre del libro de pases el 10 de marzo y por el restrictivo reglamento que exige liberar un cupo, enfrenta obst\u00e1culos desde el inicio: <b>Argentinos<\/b> y <b>Gimnasia La Plata<\/b> comparten el pase del jugador, lo que complica los t\u00e9rminos econ\u00f3micos y de transferencia.<\/p>\n<p>Con la salida de <b>Blondel, Boca Juniors<\/b> obtuvo el cupo indispensable para ir a fondo por la contrataci\u00f3n de <b>Lescano<\/b>, de 24 a\u00f1os. La gesti\u00f3n, encabezada por la directiva del club de Brandsen 805, <b>comenz\u00f3 por cerrar un acuerdo contractual preliminar directamente con el futbolista del Bicho<\/b>, quien ve con buenos ojos el salto deportivo, motivado adem\u00e1s por la posibilidad de disputar la<b> Copa Libertadores <\/b>con el equipo xeneize.<\/p>\n<p>Sin embargo, la operaci\u00f3n es compleja por una doble raz\u00f3n: el contrato de <b>Lescano<\/b> con <b>Argentinos<\/b> se extiende hasta 2029 y solo la mitad de su pase pertenece a esa instituci\u00f3n, tras una gesti\u00f3n en la que <b>Argentinos<\/b> compr\u00f3 ese porcentaje a <b>Gimnasia La Plata<\/b> por <b>dos millones de d\u00f3lares. <\/b>Desde La Paternal no se quieren desprender del futbolista porque saben que ser\u00e1 dif\u00edcil reemplazarlo, coment\u00f3 el presidente Malaspina.<\/p>\n<p>La directiva de <b>Boca<\/b> <b>Juniors<\/b> conf\u00eda en el inter\u00e9s de <b>Lescano<\/b> por sumarse al club y disputar la <b>Copa Libertadores<\/b> puede resultar determinante ante la intransigencia de <b>Argentinos<\/b>. En ese contexto, el representante <b>Andr\u00e9s Guglielminpietro<\/b>, ex jugador de <b>Boca<\/b> y <b>Gimnasia<\/b>, fue designado para acercar la cifra pretendida por <b>Argentinos<\/b> y destrabar formalmente la negociaci\u00f3n entre los clubes.<\/p>\n<p><img loading=\"lazy\" decoding=\"async\" src=\"https:\/\/lobosnews.com.ar\/wp-content\/uploads\/2026\/03\/boca-juniors-habria-llegado-a-un-acuerdo-con-una-figura-del-futbol-argentino-para-sumarla-como-refuerzo-cuando-es-la-fecha-limite-1.jpg\" alt=\"La dirigencia encabezada por el presidente Juan Roman Riquelme busca incorporar a Alan Lescano (Fotobaires)\" height=\"1331\" width=\"1920\"\/><\/p>\n<p>En el actual plantel de <b>Boca Juniors<\/b>, falta un perfil zurdo como el de <b>Lescano<\/b>, capaz de desempe\u00f1arse de enganche o en otras posiciones, destacando por recibir entre l\u00edneas, girar, filtrar pases y acelerar con decisi\u00f3n.<\/p>\n<p>Su aporte va m\u00e1s all\u00e1 de la creaci\u00f3n, ya que puede llegar al \u00e1rea y convertir goles, un factor que alimenta el inter\u00e9s de <b>Boca<\/b> y explica la reticencia de <b>Argentinos<\/b>. A pesar de haber convencido al propio futbolista, el club de La Ribera debe ahora superar la resistencia de la directiva del equipo due\u00f1o de su pase para cerrar el fichaje.<\/p>\n<p>En esta coyuntura, los dirigentes de <b>Boca<\/b> <b>Juniors<\/b> despliegan todas las herramientas de negociaci\u00f3n posibles durante los cinco d\u00edas de mercado que restan. Aunque se consideraron nombres como <b>Hern\u00e1n L\u00f3pez Mu\u00f1oz<\/b> y <b>Sebasti\u00e1n Villa<\/b>, la apuesta absoluta recae en <b>Lescano<\/b>.<\/p>\n<p>Este mi\u00e9rcoles, <span class=\"waslinkname\"><b>Boca Juniors<\/b> venci\u00f3<b> 3-0<\/b> a <b>Lan\u00fas<\/b><\/span> en <i>La Fortaleza Granate<\/i>. El equipo dirigido por <b>Claudio \u00dabeda<\/b> volvi\u00f3 al triunfo luego de cuatro partidos en el <b>Torneo Apertura<\/b>, donde se ubica sexto con 12 puntos y qued\u00f3 a 6 del l\u00edder <b>V\u00e9lez<\/b>. Hab\u00eda ganado 2-0 a <b>Gimnasia de Chivilcoy <\/b>por la <b>Copa Argentina. <\/b>Por la d\u00e9cima fecha, recibir\u00e1 a <b>San Lorenzo <\/b>el pr\u00f3ximo martes desde las 19.45.<\/p>\n","protected":false},"excerpt":{"rendered":"<p>Mientras la dirigencia de Boca Juniors busca reforzar su plantel tras una victoria clave en el Torneo Apertura, el club aceler\u00f3 las gestiones para incorporar a Alan Lescano, capit\u00e1n y enganche de Argentinos Juniors, en el breve lapso de mercado habilitado luego de la transferencia de Lucas Blondel a Hurac\u00e1n. Esta operaci\u00f3n, motivada por la&#8230;<\/p>\n","protected":false},"author":1,"featured_media":0,"comment_status":"open","ping_status":"closed","sticky":false,"template":"","format":"standard","meta":{"_jetpack_memberships_contains_paid_content":false,"footnotes":""},"categories":[30],"tags":[39],"class_list":["post-29637","post","type-post","status-publish","format-standard","hentry","category-argentina","tag-deportes"],"magazineBlocksPostFeaturedMedia":{"thumbnail":false,"medium":false,"medium_large":false,"large":false,"1536x1536":false,"2048x2048":false,"newsmatic-featured":false,"newsmatic-list":false,"newsmatic-thumb":false,"newsmatic-small":false,"newsmatic-grid":false},"magazineBlocksPostAuthor":{"name":"admin","avatar":"https:\/\/secure.gravatar.com\/avatar\/76e419471a2083bc3ceab22a763dbbf9b0c1bd15a6214cf3280e2c2dde4580f9?s=96&d=mm&r=g"},"magazineBlocksPostCommentsNumber":"0","magazineBlocksPostExcerpt":"Mientras la dirigencia de Boca Juniors busca reforzar su plantel tras una victoria clave en el Torneo Apertura, el club aceler\u00f3 las gestiones para incorporar a Alan Lescano, capit\u00e1n y enganche de Argentinos Juniors, en el breve lapso de mercado habilitado luego de la transferencia de Lucas Blondel a Hurac\u00e1n. Esta operaci\u00f3n, motivada por la...","magazineBlocksPostCategories":["Argentina"],"magazineBlocksPostViewCount":98,"magazineBlocksPostReadTime":3,"magazine_blocks_featured_image_url":{"full":false,"medium":false,"thumbnail":false},"magazine_blocks_author":{"display_name":"admin","author_link":"https:\/\/lobosnews.com.ar\/index.php\/author\/lobos-news\/"},"magazine_blocks_comment":0,"magazine_blocks_author_image":"https:\/\/secure.gravatar.com\/avatar\/76e419471a2083bc3ceab22a763dbbf9b0c1bd15a6214cf3280e2c2dde4580f9?s=96&d=mm&r=g","magazine_blocks_category":"<a href=\"#\" class=\"category-link category-link-30\">Argentina<\/a>","yoast_head":"<!-- This site is optimized with the Yoast SEO plugin v26.6 - https:\/\/yoast.com\/wordpress\/plugins\/seo\/ -->\n<title>Boca Juniors habr\u00eda llegado a un acuerdo con una figura del f\u00fatbol argentino para sumarla como refuerzo: cu\u00e1ndo es la fecha l\u00edmite - Lobos News<\/title>\n<meta name=\"robots\" content=\"index, follow, max-snippet:-1, max-image-preview:large, max-video-preview:-1\" \/>\n<link rel=\"canonical\" href=\"https:\/\/lobosnews.com.ar\/index.php\/2026\/03\/06\/boca-juniors-habria-llegado-a-un-acuerdo-con-una-figura-del-futbol-argentino-para-sumarla-como-refuerzo-cuando-es-la-fecha-limite\/\" \/>\n<meta property=\"og:locale\" content=\"es_ES\" \/>\n<meta property=\"og:type\" content=\"article\" \/>\n<meta property=\"og:title\" content=\"Boca Juniors habr\u00eda llegado a un acuerdo con una figura del f\u00fatbol argentino para sumarla como refuerzo: cu\u00e1ndo es la fecha l\u00edmite - Lobos News\" \/>\n<meta property=\"og:description\" content=\"Mientras la dirigencia de Boca Juniors busca reforzar su plantel tras una victoria clave en el Torneo Apertura, el club aceler\u00f3 las gestiones para incorporar a Alan Lescano, capit\u00e1n y enganche de Argentinos Juniors, en el breve lapso de mercado habilitado luego de la transferencia de Lucas Blondel a Hurac\u00e1n. Esta operaci\u00f3n, motivada por la...\" \/>\n<meta property=\"og:url\" content=\"https:\/\/lobosnews.com.ar\/index.php\/2026\/03\/06\/boca-juniors-habria-llegado-a-un-acuerdo-con-una-figura-del-futbol-argentino-para-sumarla-como-refuerzo-cuando-es-la-fecha-limite\/\" \/>\n<meta property=\"og:site_name\" content=\"Lobos News\" \/>\n<meta property=\"article:published_time\" content=\"2026-03-06T02:04:16+00:00\" \/>\n<meta property=\"article:modified_time\" content=\"2026-03-06T08:07:19+00:00\" \/>\n<meta property=\"og:image\" content=\"https:\/\/lobosnews.com.ar\/wp-content\/uploads\/2026\/03\/boca-juniors-habria-llegado-a-un-acuerdo-con-una-figura-del-futbol-argentino-para-sumarla-como-refuerzo-cuando-es-la-fecha-limite.jpg\" \/>\n<meta name=\"author\" content=\"admin\" \/>\n<meta name=\"twitter:card\" content=\"summary_large_image\" \/>\n<meta name=\"twitter:label1\" content=\"Escrito por\" \/>\n\t<meta name=\"twitter:data1\" content=\"admin\" \/>\n\t<meta name=\"twitter:label2\" content=\"Tiempo de lectura\" \/>\n\t<meta name=\"twitter:data2\" content=\"3 minutos\" \/>\n<script type=\"application\/ld+json\" class=\"yoast-schema-graph\">{\"@context\":\"https:\/\/schema.org\",\"@graph\":[{\"@type\":\"Article\",\"@id\":\"https:\/\/lobosnews.com.ar\/index.php\/2026\/03\/06\/boca-juniors-habria-llegado-a-un-acuerdo-con-una-figura-del-futbol-argentino-para-sumarla-como-refuerzo-cuando-es-la-fecha-limite\/#article\",\"isPartOf\":{\"@id\":\"https:\/\/lobosnews.com.ar\/index.php\/2026\/03\/06\/boca-juniors-habria-llegado-a-un-acuerdo-con-una-figura-del-futbol-argentino-para-sumarla-como-refuerzo-cuando-es-la-fecha-limite\/\"},\"author\":{\"name\":\"admin\",\"@id\":\"https:\/\/lobosnews.com.ar\/#\/schema\/person\/232422a593d5c541dd9aef6aaed10943\"},\"headline\":\"Boca Juniors habr\u00eda llegado a un acuerdo con una figura del f\u00fatbol argentino para sumarla como refuerzo: cu\u00e1ndo es la fecha l\u00edmite\",\"datePublished\":\"2026-03-06T02:04:16+00:00\",\"dateModified\":\"2026-03-06T08:07:19+00:00\",\"mainEntityOfPage\":{\"@id\":\"https:\/\/lobosnews.com.ar\/index.php\/2026\/03\/06\/boca-juniors-habria-llegado-a-un-acuerdo-con-una-figura-del-futbol-argentino-para-sumarla-como-refuerzo-cuando-es-la-fecha-limite\/\"},\"wordCount\":566,\"commentCount\":0,\"publisher\":{\"@id\":\"https:\/\/lobosnews.com.ar\/#organization\"},\"image\":{\"@id\":\"https:\/\/lobosnews.com.ar\/index.php\/2026\/03\/06\/boca-juniors-habria-llegado-a-un-acuerdo-con-una-figura-del-futbol-argentino-para-sumarla-como-refuerzo-cuando-es-la-fecha-limite\/#primaryimage\"},\"thumbnailUrl\":\"https:\/\/lobosnews.com.ar\/wp-content\/uploads\/2026\/03\/boca-juniors-habria-llegado-a-un-acuerdo-con-una-figura-del-futbol-argentino-para-sumarla-como-refuerzo-cuando-es-la-fecha-limite.jpg\",\"keywords\":[\"Deportes\"],\"articleSection\":[\"Argentina\"],\"inLanguage\":\"es\",\"potentialAction\":[{\"@type\":\"CommentAction\",\"name\":\"Comment\",\"target\":[\"https:\/\/lobosnews.com.ar\/index.php\/2026\/03\/06\/boca-juniors-habria-llegado-a-un-acuerdo-con-una-figura-del-futbol-argentino-para-sumarla-como-refuerzo-cuando-es-la-fecha-limite\/#respond\"]}]},{\"@type\":\"WebPage\",\"@id\":\"https:\/\/lobosnews.com.ar\/index.php\/2026\/03\/06\/boca-juniors-habria-llegado-a-un-acuerdo-con-una-figura-del-futbol-argentino-para-sumarla-como-refuerzo-cuando-es-la-fecha-limite\/\",\"url\":\"https:\/\/lobosnews.com.ar\/index.php\/2026\/03\/06\/boca-juniors-habria-llegado-a-un-acuerdo-con-una-figura-del-futbol-argentino-para-sumarla-como-refuerzo-cuando-es-la-fecha-limite\/\",\"name\":\"Boca Juniors habr\u00eda llegado a un acuerdo con una figura del f\u00fatbol argentino para sumarla como refuerzo: cu\u00e1ndo es la fecha l\u00edmite - Lobos News\",\"isPartOf\":{\"@id\":\"https:\/\/lobosnews.com.ar\/#website\"},\"primaryImageOfPage\":{\"@id\":\"https:\/\/lobosnews.com.ar\/index.php\/2026\/03\/06\/boca-juniors-habria-llegado-a-un-acuerdo-con-una-figura-del-futbol-argentino-para-sumarla-como-refuerzo-cuando-es-la-fecha-limite\/#primaryimage\"},\"image\":{\"@id\":\"https:\/\/lobosnews.com.ar\/index.php\/2026\/03\/06\/boca-juniors-habria-llegado-a-un-acuerdo-con-una-figura-del-futbol-argentino-para-sumarla-como-refuerzo-cuando-es-la-fecha-limite\/#primaryimage\"},\"thumbnailUrl\":\"https:\/\/lobosnews.com.ar\/wp-content\/uploads\/2026\/03\/boca-juniors-habria-llegado-a-un-acuerdo-con-una-figura-del-futbol-argentino-para-sumarla-como-refuerzo-cuando-es-la-fecha-limite.jpg\",\"datePublished\":\"2026-03-06T02:04:16+00:00\",\"dateModified\":\"2026-03-06T08:07:19+00:00\",\"breadcrumb\":{\"@id\":\"https:\/\/lobosnews.com.ar\/index.php\/2026\/03\/06\/boca-juniors-habria-llegado-a-un-acuerdo-con-una-figura-del-futbol-argentino-para-sumarla-como-refuerzo-cuando-es-la-fecha-limite\/#breadcrumb\"},\"inLanguage\":\"es\",\"potentialAction\":[{\"@type\":\"ReadAction\",\"target\":[\"https:\/\/lobosnews.com.ar\/index.php\/2026\/03\/06\/boca-juniors-habria-llegado-a-un-acuerdo-con-una-figura-del-futbol-argentino-para-sumarla-como-refuerzo-cuando-es-la-fecha-limite\/\"]}]},{\"@type\":\"ImageObject\",\"inLanguage\":\"es\",\"@id\":\"https:\/\/lobosnews.com.ar\/index.php\/2026\/03\/06\/boca-juniors-habria-llegado-a-un-acuerdo-con-una-figura-del-futbol-argentino-para-sumarla-como-refuerzo-cuando-es-la-fecha-limite\/#primaryimage\",\"url\":\"https:\/\/lobosnews.com.ar\/wp-content\/uploads\/2026\/03\/boca-juniors-habria-llegado-a-un-acuerdo-con-una-figura-del-futbol-argentino-para-sumarla-como-refuerzo-cuando-es-la-fecha-limite.jpg\",\"contentUrl\":\"https:\/\/lobosnews.com.ar\/wp-content\/uploads\/2026\/03\/boca-juniors-habria-llegado-a-un-acuerdo-con-una-figura-del-futbol-argentino-para-sumarla-como-refuerzo-cuando-es-la-fecha-limite.jpg\"},{\"@type\":\"BreadcrumbList\",\"@id\":\"https:\/\/lobosnews.com.ar\/index.php\/2026\/03\/06\/boca-juniors-habria-llegado-a-un-acuerdo-con-una-figura-del-futbol-argentino-para-sumarla-como-refuerzo-cuando-es-la-fecha-limite\/#breadcrumb\",\"itemListElement\":[{\"@type\":\"ListItem\",\"position\":1,\"name\":\"Portada\",\"item\":\"https:\/\/lobosnews.com.ar\/\"},{\"@type\":\"ListItem\",\"position\":2,\"name\":\"Boca Juniors habr\u00eda llegado a un acuerdo con una figura del f\u00fatbol argentino para sumarla como refuerzo: cu\u00e1ndo es la fecha l\u00edmite\"}]},{\"@type\":\"WebSite\",\"@id\":\"https:\/\/lobosnews.com.ar\/#website\",\"url\":\"https:\/\/lobosnews.com.ar\/\",\"name\":\"Lobos News\",\"description\":\"Informaci\u00f3n a cada instante\",\"publisher\":{\"@id\":\"https:\/\/lobosnews.com.ar\/#organization\"},\"potentialAction\":[{\"@type\":\"SearchAction\",\"target\":{\"@type\":\"EntryPoint\",\"urlTemplate\":\"https:\/\/lobosnews.com.ar\/?s={search_term_string}\"},\"query-input\":{\"@type\":\"PropertyValueSpecification\",\"valueRequired\":true,\"valueName\":\"search_term_string\"}}],\"inLanguage\":\"es\"},{\"@type\":\"Organization\",\"@id\":\"https:\/\/lobosnews.com.ar\/#organization\",\"name\":\"Lobos News\",\"url\":\"https:\/\/lobosnews.com.ar\/\",\"logo\":{\"@type\":\"ImageObject\",\"inLanguage\":\"es\",\"@id\":\"https:\/\/lobosnews.com.ar\/#\/schema\/logo\/image\/\",\"url\":\"https:\/\/lobosnews.com.ar\/wp-content\/uploads\/2026\/01\/logo-lobosnews.png\",\"contentUrl\":\"https:\/\/lobosnews.com.ar\/wp-content\/uploads\/2026\/01\/logo-lobosnews.png\",\"width\":500,\"height\":200,\"caption\":\"Lobos News\"},\"image\":{\"@id\":\"https:\/\/lobosnews.com.ar\/#\/schema\/logo\/image\/\"}},{\"@type\":\"Person\",\"@id\":\"https:\/\/lobosnews.com.ar\/#\/schema\/person\/232422a593d5c541dd9aef6aaed10943\",\"name\":\"admin\",\"image\":{\"@type\":\"ImageObject\",\"inLanguage\":\"es\",\"@id\":\"https:\/\/lobosnews.com.ar\/#\/schema\/person\/image\/\",\"url\":\"https:\/\/secure.gravatar.com\/avatar\/76e419471a2083bc3ceab22a763dbbf9b0c1bd15a6214cf3280e2c2dde4580f9?s=96&d=mm&r=g\",\"contentUrl\":\"https:\/\/secure.gravatar.com\/avatar\/76e419471a2083bc3ceab22a763dbbf9b0c1bd15a6214cf3280e2c2dde4580f9?s=96&d=mm&r=g\",\"caption\":\"admin\"},\"sameAs\":[\"https:\/\/lobosnews.com.ar\"],\"url\":\"https:\/\/lobosnews.com.ar\/index.php\/author\/lobos-news\/\"}]}<\/script>\n<!-- \/ Yoast SEO plugin. -->","yoast_head_json":{"title":"Boca Juniors habr\u00eda llegado a un acuerdo con una figura del f\u00fatbol argentino para sumarla como refuerzo: cu\u00e1ndo es la fecha l\u00edmite - Lobos News","robots":{"index":"index","follow":"follow","max-snippet":"max-snippet:-1","max-image-preview":"max-image-preview:large","max-video-preview":"max-video-preview:-1"},"canonical":"https:\/\/lobosnews.com.ar\/index.php\/2026\/03\/06\/boca-juniors-habria-llegado-a-un-acuerdo-con-una-figura-del-futbol-argentino-para-sumarla-como-refuerzo-cuando-es-la-fecha-limite\/","og_locale":"es_ES","og_type":"article","og_title":"Boca Juniors habr\u00eda llegado a un acuerdo con una figura del f\u00fatbol argentino para sumarla como refuerzo: cu\u00e1ndo es la fecha l\u00edmite - Lobos News","og_description":"Mientras la dirigencia de Boca Juniors busca reforzar su plantel tras una victoria clave en el Torneo Apertura, el club aceler\u00f3 las gestiones para incorporar a Alan Lescano, capit\u00e1n y enganche de Argentinos Juniors, en el breve lapso de mercado habilitado luego de la transferencia de Lucas Blondel a Hurac\u00e1n. Esta operaci\u00f3n, motivada por la...","og_url":"https:\/\/lobosnews.com.ar\/index.php\/2026\/03\/06\/boca-juniors-habria-llegado-a-un-acuerdo-con-una-figura-del-futbol-argentino-para-sumarla-como-refuerzo-cuando-es-la-fecha-limite\/","og_site_name":"Lobos News","article_published_time":"2026-03-06T02:04:16+00:00","article_modified_time":"2026-03-06T08:07:19+00:00","og_image":[{"url":"https:\/\/lobosnews.com.ar\/wp-content\/uploads\/2026\/03\/boca-juniors-habria-llegado-a-un-acuerdo-con-una-figura-del-futbol-argentino-para-sumarla-como-refuerzo-cuando-es-la-fecha-limite.jpg","type":"","width":"","height":""}],"author":"admin","twitter_card":"summary_large_image","twitter_misc":{"Escrito por":"admin","Tiempo de lectura":"3 minutos"},"schema":{"@context":"https:\/\/schema.org","@graph":[{"@type":"Article","@id":"https:\/\/lobosnews.com.ar\/index.php\/2026\/03\/06\/boca-juniors-habria-llegado-a-un-acuerdo-con-una-figura-del-futbol-argentino-para-sumarla-como-refuerzo-cuando-es-la-fecha-limite\/#article","isPartOf":{"@id":"https:\/\/lobosnews.com.ar\/index.php\/2026\/03\/06\/boca-juniors-habria-llegado-a-un-acuerdo-con-una-figura-del-futbol-argentino-para-sumarla-como-refuerzo-cuando-es-la-fecha-limite\/"},"author":{"name":"admin","@id":"https:\/\/lobosnews.com.ar\/#\/schema\/person\/232422a593d5c541dd9aef6aaed10943"},"headline":"Boca Juniors habr\u00eda llegado a un acuerdo con una figura del f\u00fatbol argentino para sumarla como refuerzo: cu\u00e1ndo es la fecha l\u00edmite","datePublished":"2026-03-06T02:04:16+00:00","dateModified":"2026-03-06T08:07:19+00:00","mainEntityOfPage":{"@id":"https:\/\/lobosnews.com.ar\/index.php\/2026\/03\/06\/boca-juniors-habria-llegado-a-un-acuerdo-con-una-figura-del-futbol-argentino-para-sumarla-como-refuerzo-cuando-es-la-fecha-limite\/"},"wordCount":566,"commentCount":0,"publisher":{"@id":"https:\/\/lobosnews.com.ar\/#organization"},"image":{"@id":"https:\/\/lobosnews.com.ar\/index.php\/2026\/03\/06\/boca-juniors-habria-llegado-a-un-acuerdo-con-una-figura-del-futbol-argentino-para-sumarla-como-refuerzo-cuando-es-la-fecha-limite\/#primaryimage"},"thumbnailUrl":"https:\/\/lobosnews.com.ar\/wp-content\/uploads\/2026\/03\/boca-juniors-habria-llegado-a-un-acuerdo-con-una-figura-del-futbol-argentino-para-sumarla-como-refuerzo-cuando-es-la-fecha-limite.jpg","keywords":["Deportes"],"articleSection":["Argentina"],"inLanguage":"es","potentialAction":[{"@type":"CommentAction","name":"Comment","target":["https:\/\/lobosnews.com.ar\/index.php\/2026\/03\/06\/boca-juniors-habria-llegado-a-un-acuerdo-con-una-figura-del-futbol-argentino-para-sumarla-como-refuerzo-cuando-es-la-fecha-limite\/#respond"]}]},{"@type":"WebPage","@id":"https:\/\/lobosnews.com.ar\/index.php\/2026\/03\/06\/boca-juniors-habria-llegado-a-un-acuerdo-con-una-figura-del-futbol-argentino-para-sumarla-como-refuerzo-cuando-es-la-fecha-limite\/","url":"https:\/\/lobosnews.com.ar\/index.php\/2026\/03\/06\/boca-juniors-habria-llegado-a-un-acuerdo-con-una-figura-del-futbol-argentino-para-sumarla-como-refuerzo-cuando-es-la-fecha-limite\/","name":"Boca Juniors habr\u00eda llegado a un acuerdo con una figura del f\u00fatbol argentino para sumarla como refuerzo: cu\u00e1ndo es la fecha l\u00edmite - Lobos News","isPartOf":{"@id":"https:\/\/lobosnews.com.ar\/#website"},"primaryImageOfPage":{"@id":"https:\/\/lobosnews.com.ar\/index.php\/2026\/03\/06\/boca-juniors-habria-llegado-a-un-acuerdo-con-una-figura-del-futbol-argentino-para-sumarla-como-refuerzo-cuando-es-la-fecha-limite\/#primaryimage"},"image":{"@id":"https:\/\/lobosnews.com.ar\/index.php\/2026\/03\/06\/boca-juniors-habria-llegado-a-un-acuerdo-con-una-figura-del-futbol-argentino-para-sumarla-como-refuerzo-cuando-es-la-fecha-limite\/#primaryimage"},"thumbnailUrl":"https:\/\/lobosnews.com.ar\/wp-content\/uploads\/2026\/03\/boca-juniors-habria-llegado-a-un-acuerdo-con-una-figura-del-futbol-argentino-para-sumarla-como-refuerzo-cuando-es-la-fecha-limite.jpg","datePublished":"2026-03-06T02:04:16+00:00","dateModified":"2026-03-06T08:07:19+00:00","breadcrumb":{"@id":"https:\/\/lobosnews.com.ar\/index.php\/2026\/03\/06\/boca-juniors-habria-llegado-a-un-acuerdo-con-una-figura-del-futbol-argentino-para-sumarla-como-refuerzo-cuando-es-la-fecha-limite\/#breadcrumb"},"inLanguage":"es","potentialAction":[{"@type":"ReadAction","target":["https:\/\/lobosnews.com.ar\/index.php\/2026\/03\/06\/boca-juniors-habria-llegado-a-un-acuerdo-con-una-figura-del-futbol-argentino-para-sumarla-como-refuerzo-cuando-es-la-fecha-limite\/"]}]},{"@type":"ImageObject","inLanguage":"es","@id":"https:\/\/lobosnews.com.ar\/index.php\/2026\/03\/06\/boca-juniors-habria-llegado-a-un-acuerdo-con-una-figura-del-futbol-argentino-para-sumarla-como-refuerzo-cuando-es-la-fecha-limite\/#primaryimage","url":"https:\/\/lobosnews.com.ar\/wp-content\/uploads\/2026\/03\/boca-juniors-habria-llegado-a-un-acuerdo-con-una-figura-del-futbol-argentino-para-sumarla-como-refuerzo-cuando-es-la-fecha-limite.jpg","contentUrl":"https:\/\/lobosnews.com.ar\/wp-content\/uploads\/2026\/03\/boca-juniors-habria-llegado-a-un-acuerdo-con-una-figura-del-futbol-argentino-para-sumarla-como-refuerzo-cuando-es-la-fecha-limite.jpg"},{"@type":"BreadcrumbList","@id":"https:\/\/lobosnews.com.ar\/index.php\/2026\/03\/06\/boca-juniors-habria-llegado-a-un-acuerdo-con-una-figura-del-futbol-argentino-para-sumarla-como-refuerzo-cuando-es-la-fecha-limite\/#breadcrumb","itemListElement":[{"@type":"ListItem","position":1,"name":"Portada","item":"https:\/\/lobosnews.com.ar\/"},{"@type":"ListItem","position":2,"name":"Boca Juniors habr\u00eda llegado a un acuerdo con una figura del f\u00fatbol argentino para sumarla como refuerzo: cu\u00e1ndo es la fecha l\u00edmite"}]},{"@type":"WebSite","@id":"https:\/\/lobosnews.com.ar\/#website","url":"https:\/\/lobosnews.com.ar\/","name":"Lobos News","description":"Informaci\u00f3n a cada instante","publisher":{"@id":"https:\/\/lobosnews.com.ar\/#organization"},"potentialAction":[{"@type":"SearchAction","target":{"@type":"EntryPoint","urlTemplate":"https:\/\/lobosnews.com.ar\/?s={search_term_string}"},"query-input":{"@type":"PropertyValueSpecification","valueRequired":true,"valueName":"search_term_string"}}],"inLanguage":"es"},{"@type":"Organization","@id":"https:\/\/lobosnews.com.ar\/#organization","name":"Lobos News","url":"https:\/\/lobosnews.com.ar\/","logo":{"@type":"ImageObject","inLanguage":"es","@id":"https:\/\/lobosnews.com.ar\/#\/schema\/logo\/image\/","url":"https:\/\/lobosnews.com.ar\/wp-content\/uploads\/2026\/01\/logo-lobosnews.png","contentUrl":"https:\/\/lobosnews.com.ar\/wp-content\/uploads\/2026\/01\/logo-lobosnews.png","width":500,"height":200,"caption":"Lobos News"},"image":{"@id":"https:\/\/lobosnews.com.ar\/#\/schema\/logo\/image\/"}},{"@type":"Person","@id":"https:\/\/lobosnews.com.ar\/#\/schema\/person\/232422a593d5c541dd9aef6aaed10943","name":"admin","image":{"@type":"ImageObject","inLanguage":"es","@id":"https:\/\/lobosnews.com.ar\/#\/schema\/person\/image\/","url":"https:\/\/secure.gravatar.com\/avatar\/76e419471a2083bc3ceab22a763dbbf9b0c1bd15a6214cf3280e2c2dde4580f9?s=96&d=mm&r=g","contentUrl":"https:\/\/secure.gravatar.com\/avatar\/76e419471a2083bc3ceab22a763dbbf9b0c1bd15a6214cf3280e2c2dde4580f9?s=96&d=mm&r=g","caption":"admin"},"sameAs":["https:\/\/lobosnews.com.ar"],"url":"https:\/\/lobosnews.com.ar\/index.php\/author\/lobos-news\/"}]}},"jetpack_featured_media_url":"","jetpack_sharing_enabled":true,"_links":{"self":[{"href":"https:\/\/lobosnews.com.ar\/index.php\/wp-json\/wp\/v2\/posts\/29637","targetHints":{"allow":["GET"]}}],"collection":[{"href":"https:\/\/lobosnews.com.ar\/index.php\/wp-json\/wp\/v2\/posts"}],"about":[{"href":"https:\/\/lobosnews.com.ar\/index.php\/wp-json\/wp\/v2\/types\/post"}],"author":[{"embeddable":true,"href":"https:\/\/lobosnews.com.ar\/index.php\/wp-json\/wp\/v2\/users\/1"}],"replies":[{"embeddable":true,"href":"https:\/\/lobosnews.com.ar\/index.php\/wp-json\/wp\/v2\/comments?post=29637"}],"version-history":[{"count":1,"href":"https:\/\/lobosnews.com.ar\/index.php\/wp-json\/wp\/v2\/posts\/29637\/revisions"}],"predecessor-version":[{"id":29640,"href":"https:\/\/lobosnews.com.ar\/index.php\/wp-json\/wp\/v2\/posts\/29637\/revisions\/29640"}],"wp:attachment":[{"href":"https:\/\/lobosnews.com.ar\/index.php\/wp-json\/wp\/v2\/media?parent=29637"}],"wp:term":[{"taxonomy":"category","embeddable":true,"href":"https:\/\/lobosnews.com.ar\/index.php\/wp-json\/wp\/v2\/categories?post=29637"},{"taxonomy":"post_tag","embeddable":true,"href":"https:\/\/lobosnews.com.ar\/index.php\/wp-json\/wp\/v2\/tags?post=29637"}],"curies":[{"name":"wp","href":"https:\/\/api.w.org\/{rel}","templated":true}]}}