{"id":29586,"date":"2026-03-05T23:04:29","date_gmt":"2026-03-05T23:04:29","guid":{"rendered":"https:\/\/lobosnews.com.ar\/index.php\/2026\/03\/05\/marcelo-teto-medina-conto-como-continua-su-lucha-contra-el-cancer-esto-llego-a-mi-vida-para-que-haga-una-transformacion\/"},"modified":"2026-03-06T02:28:54","modified_gmt":"2026-03-06T02:28:54","slug":"marcelo-teto-medina-conto-como-continua-su-lucha-contra-el-cancer-esto-llego-a-mi-vida-para-que-haga-una-transformacion","status":"publish","type":"post","link":"https:\/\/lobosnews.com.ar\/index.php\/2026\/03\/05\/marcelo-teto-medina-conto-como-continua-su-lucha-contra-el-cancer-esto-llego-a-mi-vida-para-que-haga-una-transformacion\/","title":{"rendered":"Marcelo Teto Medina cont\u00f3 c\u00f3mo contin\u00faa su lucha contra el c\u00e1ncer: \u201cEsto lleg\u00f3 a mi vida para que haga una transformaci\u00f3n\u201d"},"content":{"rendered":"<p>Paso a paso, etapa a etapa, \u00e9l se muestra siempre optimista. A d\u00edas de terminar su sexta etapa del tratamiento contra el c\u00e1ncer,<span class=\"waslinkname\"> <b>Marcelo<\/b> <b>Teto Medina<\/b><\/span><b> <\/b>abri\u00f3 la puerta de su intimidad y relat\u00f3 ante sus miles de seguidores c\u00f3mo avanza su tratamiento. En ese marco, el conductor reflexion\u00f3 sobre los aspectos trascendentales de la vida y alent\u00f3 a sus fan\u00e1ticos a expresar sus luchas internas.<\/p>\n<p>\u201c<b>El jueves que viene termino mi sexta etapa de quimio <\/b>y ah\u00ed viene la etapa de los estudios y todo. Pero hoy pensaba y quer\u00eda transmitirles lo que tiene que ver con estas cosas que nos pasan en la vida, que las tomamos como desgracias o como grandes problemas que nos desenfocan, que no sabemos qu\u00e9 hacer\u201d, comenz\u00f3 diciendo el conductor de cara a sus miles de seguidores, para dar detalles de <b>su tratamiento contra el c\u00e1ncer de colon con met\u00e1stasis en el h\u00edgado<\/b>. <\/p>\n<p>Luego, la figura de la televisi\u00f3n relato c\u00f3mo afronta esta situaci\u00f3n en su vida diaria: \u201cCon el tiempo, cuando uno va viviendo esas cosas, se va dando cuenta que son situaciones que nos pasan para generar transformaciones en nosotros mismos. Muchas veces hemos transitado situaciones injustas, dolores, angustias, en este caso esta enfermedad. Y todo esto tambi\u00e9n tiene un lado positivo. Genera en nosotros una gran transformaci\u00f3n. Hay una frase que dice: <b>\u201cLo que no te mata, te fortalece\u201d<\/b>. Te empieza a dar una gran raz\u00f3n para que vos de alguna manera pases tu d\u00eda a d\u00eda. Yo todos los d\u00edas me levanto y gracias a Dios no estoy mal, pero s\u00e9 que por ah\u00ed alg\u00fan d\u00eda me siento mal. Suele pasar a veces, pero son desaf\u00edos, no es lo que te pasa, sino qu\u00e9 hac\u00e9s con lo que te pasa\u201d. <\/p>\n<p>De esta manera, Medina transmiti\u00f3 tranquilidad a sus seres m\u00e1s cercanos y trat\u00f3 de quitarle dramatismo a la enfermedad: \u201cEsto me lo he tomado como una gran aventura, como que la voy a pasar, que voy a estar bien, porque me di cuenta que tiene muy mala prensa el c\u00e1ncer. La gente te mira y: \u201cUh, mir\u00e1\u201d. Esto lleg\u00f3 a mi vida para que yo haga una gran transformaci\u00f3n. Tiene mucho que ver con eso. Entonces, es muy importante qu\u00e9 hacemos con lo que nos pasa. Y yo hoy por hoy lo que quiero es tomarlo como un gran desaf\u00edo, como algo que me toc\u00f3, que lo tengo que transitar, pero de muy linda manera, porque voy a poder transitarlo. Ese desaf\u00edo me dice que tengo un mont\u00f3n de cosas por delante, pero tengo que estar bien. Para estar bien tengo que hacerle caso a los m\u00e9dicos, tengo que hacer las cosas bien, pero para adelante, mirando para adelante\u201d. <\/p>\n<p>Respecto a uno de los grandes cambios en su forma de pensar, Teto destac\u00f3 que eligi\u00f3 no centrarse en la angustia, ni tampoco victimizarse por la enfermedad, en vez de eso pens\u00f3 en c\u00f3mo conectarse con otras personas que hayan superado el c\u00e1ncer: \u201cYa est\u00e1, los dolores, las angustias, eso tambi\u00e9n enferma. Ahora lo que tenemos que hacer es mirar para adelante, creer y saber que vamos a poder. Y se puede. Y se transforma esto que uno lo toma como al principio, como un gran dolor, una desgracia, \u201c\u00bfpor qu\u00e9 a m\u00ed?, \u00bfpor qu\u00e9 me toc\u00f3?\u201d, como un gran desaf\u00edo de vida. Dec\u00eds: \u201cMir\u00e1, me toc\u00f3 transitar esto, voy a poder\u201d. Y ah\u00ed te empez\u00e1s a conectar con los que pudieron, porque generalmente nos conectamos con lo que no, con lo que es amable, con lo pobre, con lo triste, con lo angustiante, \u00bfno? Empiecen a buscar y van a ver cantidad de gente que se ha recuperado y ha estado bien. Conectarse con lo positivo, con lo bueno, eso es maravilloso y se puede\u201d. <\/p>\n<p><img loading=\"lazy\" decoding=\"async\" src=\"https:\/\/lobosnews.com.ar\/wp-content\/uploads\/2026\/03\/marcelo-teto-medina-conto-como-continua-su-lucha-contra-el-cancer-esto-llego-a-mi-vida-para-que-haga-una-transformacion.jpg\" alt=\"El mensaje inspirador de Teto Medina a d\u00edas de terminar su sexta quimio\" height=\"1536\" width=\"2048\"\/><\/p>\n<p>Por \u00faltimo, el comunicador se mostr\u00f3 m\u00e1s fuerte que nunca y decidido a salir adelante: \u201cSi est\u00e1s padeciendo alguna enfermedad como esta o lo que te toque, es un desaf\u00edo. Y si te toc\u00f3 es porque vas a poder salir. Es as\u00ed, porque vas a poder salir. Y cuando salgas, vas a poder ayudar a un mont\u00f3n de gente que por ah\u00ed no sabe qu\u00e9 hacer, como cuando te lo dicen que lo ten\u00e9s y no sabes c\u00f3mo reaccionar. As\u00ed que acordate que uno se puede recuperar, puede recuperar todo lo lindo y puede volver a tener esa vida linda que tuvo. Pero lo fundamental es hacer caso, hacer las cosas bien, que todo se va a poder. Les mando un beso grande y gracias por estar del otro lado. Y quiero decirles que para m\u00ed ustedes son muy importantes, pero muy importantes. Desde un like, desde un corazoncito, desde un comentario. No saben lo que empuja esto, no saben lo que empuja. Me levanto pensando en qu\u00e9 les voy a contar hoy y eso es una gran motivaci\u00f3n tambi\u00e9n\u201d. <\/p>\n<p>A principios de a\u00f1o, Teto Medina comunic\u00f3 a sus seguidores que recibi\u00f3 el diagn\u00f3stico de c\u00e1ncer de colon. El conductor argentino, de sesenta a\u00f1os, eligi\u00f3 su cuenta de Facebook, donde suma m\u00e1s de ciento sesenta mil seguidores, para dar a conocer la noticia. Expres\u00f3 su agradecimiento a quienes se interesaron por su salud: \u201c\u00a1Hola a todos! Quiero agradecer a todos los que se preocuparon por mi enfermedad. Quiero contarles que estoy bien y haci\u00e9ndole caso a los m\u00e9dicos\u201d.<\/p>\n<p>En ese momento Medina relat\u00f3 que la enfermedad fue detectada meses atr\u00e1s. Habl\u00f3 de una cirug\u00eda que calific\u00f3 como exitosa, y mencion\u00f3 que los m\u00e9dicos evaluaron realizar una nueva intervenci\u00f3n en el h\u00edgado. Mientras tanto, el conductor realiza quimioterapia y controles m\u00e9dicos.<\/p>\n","protected":false},"excerpt":{"rendered":"<p>Paso a paso, etapa a etapa, \u00e9l se muestra siempre optimista. A d\u00edas de terminar su sexta etapa del tratamiento contra el c\u00e1ncer, Marcelo Teto Medina abri\u00f3 la puerta de su intimidad y relat\u00f3 ante sus miles de seguidores c\u00f3mo avanza su tratamiento. En ese marco, el conductor reflexion\u00f3 sobre los aspectos trascendentales de la&#8230;<\/p>\n","protected":false},"author":1,"featured_media":29589,"comment_status":"open","ping_status":"closed","sticky":false,"template":"","format":"standard","meta":{"_jetpack_memberships_contains_paid_content":false,"footnotes":""},"categories":[79],"tags":[],"class_list":["post-29586","post","type-post","status-publish","format-standard","has-post-thumbnail","hentry","category-cine-y-series"],"magazineBlocksPostFeaturedMedia":{"thumbnail":"https:\/\/lobosnews.com.ar\/wp-content\/uploads\/2026\/03\/marcelo-teto-medina-conto-como-continua-su-lucha-contra-el-cancer-esto-llego-a-mi-vida-para-que-haga-una-transformacion-150x150.jpg","medium":"https:\/\/lobosnews.com.ar\/wp-content\/uploads\/2026\/03\/marcelo-teto-medina-conto-como-continua-su-lucha-contra-el-cancer-esto-llego-a-mi-vida-para-que-haga-una-transformacion-300x225.jpg","medium_large":"https:\/\/lobosnews.com.ar\/wp-content\/uploads\/2026\/03\/marcelo-teto-medina-conto-como-continua-su-lucha-contra-el-cancer-esto-llego-a-mi-vida-para-que-haga-una-transformacion-768x576.jpg","large":"https:\/\/lobosnews.com.ar\/wp-content\/uploads\/2026\/03\/marcelo-teto-medina-conto-como-continua-su-lucha-contra-el-cancer-esto-llego-a-mi-vida-para-que-haga-una-transformacion-1024x768.jpg","1536x1536":"https:\/\/lobosnews.com.ar\/wp-content\/uploads\/2026\/03\/marcelo-teto-medina-conto-como-continua-su-lucha-contra-el-cancer-esto-llego-a-mi-vida-para-que-haga-una-transformacion-1536x1152.jpg","2048x2048":"https:\/\/lobosnews.com.ar\/wp-content\/uploads\/2026\/03\/marcelo-teto-medina-conto-como-continua-su-lucha-contra-el-cancer-esto-llego-a-mi-vida-para-que-haga-una-transformacion.jpg","newsmatic-featured":"https:\/\/lobosnews.com.ar\/wp-content\/uploads\/2026\/03\/marcelo-teto-medina-conto-como-continua-su-lucha-contra-el-cancer-esto-llego-a-mi-vida-para-que-haga-una-transformacion-820x545.jpg","newsmatic-list":"https:\/\/lobosnews.com.ar\/wp-content\/uploads\/2026\/03\/marcelo-teto-medina-conto-como-continua-su-lucha-contra-el-cancer-esto-llego-a-mi-vida-para-que-haga-una-transformacion-600x400.jpg","newsmatic-thumb":"https:\/\/lobosnews.com.ar\/wp-content\/uploads\/2026\/03\/marcelo-teto-medina-conto-como-continua-su-lucha-contra-el-cancer-esto-llego-a-mi-vida-para-que-haga-una-transformacion-300x200.jpg","newsmatic-small":"https:\/\/lobosnews.com.ar\/wp-content\/uploads\/2026\/03\/marcelo-teto-medina-conto-como-continua-su-lucha-contra-el-cancer-esto-llego-a-mi-vida-para-que-haga-una-transformacion-150x95.jpg","newsmatic-grid":"https:\/\/lobosnews.com.ar\/wp-content\/uploads\/2026\/03\/marcelo-teto-medina-conto-como-continua-su-lucha-contra-el-cancer-esto-llego-a-mi-vida-para-que-haga-una-transformacion-400x250.jpg"},"magazineBlocksPostAuthor":{"name":"admin","avatar":"https:\/\/secure.gravatar.com\/avatar\/76e419471a2083bc3ceab22a763dbbf9b0c1bd15a6214cf3280e2c2dde4580f9?s=96&d=mm&r=g"},"magazineBlocksPostCommentsNumber":"0","magazineBlocksPostExcerpt":"Paso a paso, etapa a etapa, \u00e9l se muestra siempre optimista. A d\u00edas de terminar su sexta etapa del tratamiento contra el c\u00e1ncer, Marcelo Teto Medina abri\u00f3 la puerta de su intimidad y relat\u00f3 ante sus miles de seguidores c\u00f3mo avanza su tratamiento. En ese marco, el conductor reflexion\u00f3 sobre los aspectos trascendentales de la...","magazineBlocksPostCategories":["Cine y Series"],"magazineBlocksPostViewCount":100,"magazineBlocksPostReadTime":5,"magazine_blocks_featured_image_url":{"full":["https:\/\/lobosnews.com.ar\/wp-content\/uploads\/2026\/03\/marcelo-teto-medina-conto-como-continua-su-lucha-contra-el-cancer-esto-llego-a-mi-vida-para-que-haga-una-transformacion.jpg",2048,1536,false],"medium":["https:\/\/lobosnews.com.ar\/wp-content\/uploads\/2026\/03\/marcelo-teto-medina-conto-como-continua-su-lucha-contra-el-cancer-esto-llego-a-mi-vida-para-que-haga-una-transformacion-300x225.jpg",300,225,true],"thumbnail":["https:\/\/lobosnews.com.ar\/wp-content\/uploads\/2026\/03\/marcelo-teto-medina-conto-como-continua-su-lucha-contra-el-cancer-esto-llego-a-mi-vida-para-que-haga-una-transformacion-150x150.jpg",150,150,true]},"magazine_blocks_author":{"display_name":"admin","author_link":"https:\/\/lobosnews.com.ar\/index.php\/author\/lobos-news\/"},"magazine_blocks_comment":0,"magazine_blocks_author_image":"https:\/\/secure.gravatar.com\/avatar\/76e419471a2083bc3ceab22a763dbbf9b0c1bd15a6214cf3280e2c2dde4580f9?s=96&d=mm&r=g","magazine_blocks_category":"<a href=\"#\" class=\"category-link category-link-79\">Cine y Series<\/a>","yoast_head":"<!-- This site is optimized with the Yoast SEO plugin v26.6 - https:\/\/yoast.com\/wordpress\/plugins\/seo\/ -->\n<title>Marcelo Teto Medina cont\u00f3 c\u00f3mo contin\u00faa su lucha contra el c\u00e1ncer: \u201cEsto lleg\u00f3 a mi vida para que haga una transformaci\u00f3n\u201d - Lobos News<\/title>\n<meta name=\"robots\" content=\"index, follow, max-snippet:-1, max-image-preview:large, max-video-preview:-1\" \/>\n<link rel=\"canonical\" href=\"https:\/\/lobosnews.com.ar\/index.php\/2026\/03\/05\/marcelo-teto-medina-conto-como-continua-su-lucha-contra-el-cancer-esto-llego-a-mi-vida-para-que-haga-una-transformacion\/\" \/>\n<meta property=\"og:locale\" content=\"es_ES\" \/>\n<meta property=\"og:type\" content=\"article\" \/>\n<meta property=\"og:title\" content=\"Marcelo Teto Medina cont\u00f3 c\u00f3mo contin\u00faa su lucha contra el c\u00e1ncer: \u201cEsto lleg\u00f3 a mi vida para que haga una transformaci\u00f3n\u201d - Lobos News\" \/>\n<meta property=\"og:description\" content=\"Paso a paso, etapa a etapa, \u00e9l se muestra siempre optimista. A d\u00edas de terminar su sexta etapa del tratamiento contra el c\u00e1ncer, Marcelo Teto Medina abri\u00f3 la puerta de su intimidad y relat\u00f3 ante sus miles de seguidores c\u00f3mo avanza su tratamiento. En ese marco, el conductor reflexion\u00f3 sobre los aspectos trascendentales de la...\" \/>\n<meta property=\"og:url\" content=\"https:\/\/lobosnews.com.ar\/index.php\/2026\/03\/05\/marcelo-teto-medina-conto-como-continua-su-lucha-contra-el-cancer-esto-llego-a-mi-vida-para-que-haga-una-transformacion\/\" \/>\n<meta property=\"og:site_name\" content=\"Lobos News\" \/>\n<meta property=\"article:published_time\" content=\"2026-03-05T23:04:29+00:00\" \/>\n<meta property=\"article:modified_time\" content=\"2026-03-06T02:28:54+00:00\" \/>\n<meta property=\"og:image\" content=\"https:\/\/lobosnews.com.ar\/wp-content\/uploads\/2026\/03\/marcelo-teto-medina-conto-como-continua-su-lucha-contra-el-cancer-esto-llego-a-mi-vida-para-que-haga-una-transformacion.jpg\" \/>\n<meta name=\"author\" content=\"admin\" \/>\n<meta name=\"twitter:card\" content=\"summary_large_image\" \/>\n<meta name=\"twitter:label1\" content=\"Escrito por\" \/>\n\t<meta name=\"twitter:data1\" content=\"admin\" \/>\n\t<meta name=\"twitter:label2\" content=\"Tiempo de lectura\" \/>\n\t<meta name=\"twitter:data2\" content=\"5 minutos\" \/>\n<script type=\"application\/ld+json\" class=\"yoast-schema-graph\">{\"@context\":\"https:\/\/schema.org\",\"@graph\":[{\"@type\":\"Article\",\"@id\":\"https:\/\/lobosnews.com.ar\/index.php\/2026\/03\/05\/marcelo-teto-medina-conto-como-continua-su-lucha-contra-el-cancer-esto-llego-a-mi-vida-para-que-haga-una-transformacion\/#article\",\"isPartOf\":{\"@id\":\"https:\/\/lobosnews.com.ar\/index.php\/2026\/03\/05\/marcelo-teto-medina-conto-como-continua-su-lucha-contra-el-cancer-esto-llego-a-mi-vida-para-que-haga-una-transformacion\/\"},\"author\":{\"name\":\"admin\",\"@id\":\"https:\/\/lobosnews.com.ar\/#\/schema\/person\/232422a593d5c541dd9aef6aaed10943\"},\"headline\":\"Marcelo Teto Medina cont\u00f3 c\u00f3mo contin\u00faa su lucha contra el c\u00e1ncer: \u201cEsto lleg\u00f3 a mi vida para que haga una transformaci\u00f3n\u201d\",\"datePublished\":\"2026-03-05T23:04:29+00:00\",\"dateModified\":\"2026-03-06T02:28:54+00:00\",\"mainEntityOfPage\":{\"@id\":\"https:\/\/lobosnews.com.ar\/index.php\/2026\/03\/05\/marcelo-teto-medina-conto-como-continua-su-lucha-contra-el-cancer-esto-llego-a-mi-vida-para-que-haga-una-transformacion\/\"},\"wordCount\":1006,\"commentCount\":0,\"publisher\":{\"@id\":\"https:\/\/lobosnews.com.ar\/#organization\"},\"image\":{\"@id\":\"https:\/\/lobosnews.com.ar\/index.php\/2026\/03\/05\/marcelo-teto-medina-conto-como-continua-su-lucha-contra-el-cancer-esto-llego-a-mi-vida-para-que-haga-una-transformacion\/#primaryimage\"},\"thumbnailUrl\":\"https:\/\/lobosnews.com.ar\/wp-content\/uploads\/2026\/03\/marcelo-teto-medina-conto-como-continua-su-lucha-contra-el-cancer-esto-llego-a-mi-vida-para-que-haga-una-transformacion.jpg\",\"articleSection\":[\"Cine y Series\"],\"inLanguage\":\"es\",\"potentialAction\":[{\"@type\":\"CommentAction\",\"name\":\"Comment\",\"target\":[\"https:\/\/lobosnews.com.ar\/index.php\/2026\/03\/05\/marcelo-teto-medina-conto-como-continua-su-lucha-contra-el-cancer-esto-llego-a-mi-vida-para-que-haga-una-transformacion\/#respond\"]}]},{\"@type\":\"WebPage\",\"@id\":\"https:\/\/lobosnews.com.ar\/index.php\/2026\/03\/05\/marcelo-teto-medina-conto-como-continua-su-lucha-contra-el-cancer-esto-llego-a-mi-vida-para-que-haga-una-transformacion\/\",\"url\":\"https:\/\/lobosnews.com.ar\/index.php\/2026\/03\/05\/marcelo-teto-medina-conto-como-continua-su-lucha-contra-el-cancer-esto-llego-a-mi-vida-para-que-haga-una-transformacion\/\",\"name\":\"Marcelo Teto Medina cont\u00f3 c\u00f3mo contin\u00faa su lucha contra el c\u00e1ncer: \u201cEsto lleg\u00f3 a mi vida para que haga una transformaci\u00f3n\u201d - Lobos News\",\"isPartOf\":{\"@id\":\"https:\/\/lobosnews.com.ar\/#website\"},\"primaryImageOfPage\":{\"@id\":\"https:\/\/lobosnews.com.ar\/index.php\/2026\/03\/05\/marcelo-teto-medina-conto-como-continua-su-lucha-contra-el-cancer-esto-llego-a-mi-vida-para-que-haga-una-transformacion\/#primaryimage\"},\"image\":{\"@id\":\"https:\/\/lobosnews.com.ar\/index.php\/2026\/03\/05\/marcelo-teto-medina-conto-como-continua-su-lucha-contra-el-cancer-esto-llego-a-mi-vida-para-que-haga-una-transformacion\/#primaryimage\"},\"thumbnailUrl\":\"https:\/\/lobosnews.com.ar\/wp-content\/uploads\/2026\/03\/marcelo-teto-medina-conto-como-continua-su-lucha-contra-el-cancer-esto-llego-a-mi-vida-para-que-haga-una-transformacion.jpg\",\"datePublished\":\"2026-03-05T23:04:29+00:00\",\"dateModified\":\"2026-03-06T02:28:54+00:00\",\"breadcrumb\":{\"@id\":\"https:\/\/lobosnews.com.ar\/index.php\/2026\/03\/05\/marcelo-teto-medina-conto-como-continua-su-lucha-contra-el-cancer-esto-llego-a-mi-vida-para-que-haga-una-transformacion\/#breadcrumb\"},\"inLanguage\":\"es\",\"potentialAction\":[{\"@type\":\"ReadAction\",\"target\":[\"https:\/\/lobosnews.com.ar\/index.php\/2026\/03\/05\/marcelo-teto-medina-conto-como-continua-su-lucha-contra-el-cancer-esto-llego-a-mi-vida-para-que-haga-una-transformacion\/\"]}]},{\"@type\":\"ImageObject\",\"inLanguage\":\"es\",\"@id\":\"https:\/\/lobosnews.com.ar\/index.php\/2026\/03\/05\/marcelo-teto-medina-conto-como-continua-su-lucha-contra-el-cancer-esto-llego-a-mi-vida-para-que-haga-una-transformacion\/#primaryimage\",\"url\":\"https:\/\/lobosnews.com.ar\/wp-content\/uploads\/2026\/03\/marcelo-teto-medina-conto-como-continua-su-lucha-contra-el-cancer-esto-llego-a-mi-vida-para-que-haga-una-transformacion.jpg\",\"contentUrl\":\"https:\/\/lobosnews.com.ar\/wp-content\/uploads\/2026\/03\/marcelo-teto-medina-conto-como-continua-su-lucha-contra-el-cancer-esto-llego-a-mi-vida-para-que-haga-una-transformacion.jpg\",\"width\":2048,\"height\":1536,\"caption\":\"Marcelo Teto Medina cont\u00f3 c\u00f3mo contin\u00faa su lucha contra el c\u00e1ncer: \u201cEsto lleg\u00f3 a mi vida para que haga una transformaci\u00f3n\u201d\"},{\"@type\":\"BreadcrumbList\",\"@id\":\"https:\/\/lobosnews.com.ar\/index.php\/2026\/03\/05\/marcelo-teto-medina-conto-como-continua-su-lucha-contra-el-cancer-esto-llego-a-mi-vida-para-que-haga-una-transformacion\/#breadcrumb\",\"itemListElement\":[{\"@type\":\"ListItem\",\"position\":1,\"name\":\"Portada\",\"item\":\"https:\/\/lobosnews.com.ar\/\"},{\"@type\":\"ListItem\",\"position\":2,\"name\":\"Marcelo Teto Medina cont\u00f3 c\u00f3mo contin\u00faa su lucha contra el c\u00e1ncer: \u201cEsto lleg\u00f3 a mi vida para que haga una transformaci\u00f3n\u201d\"}]},{\"@type\":\"WebSite\",\"@id\":\"https:\/\/lobosnews.com.ar\/#website\",\"url\":\"https:\/\/lobosnews.com.ar\/\",\"name\":\"Lobos News\",\"description\":\"Informaci\u00f3n a cada instante\",\"publisher\":{\"@id\":\"https:\/\/lobosnews.com.ar\/#organization\"},\"potentialAction\":[{\"@type\":\"SearchAction\",\"target\":{\"@type\":\"EntryPoint\",\"urlTemplate\":\"https:\/\/lobosnews.com.ar\/?s={search_term_string}\"},\"query-input\":{\"@type\":\"PropertyValueSpecification\",\"valueRequired\":true,\"valueName\":\"search_term_string\"}}],\"inLanguage\":\"es\"},{\"@type\":\"Organization\",\"@id\":\"https:\/\/lobosnews.com.ar\/#organization\",\"name\":\"Lobos News\",\"url\":\"https:\/\/lobosnews.com.ar\/\",\"logo\":{\"@type\":\"ImageObject\",\"inLanguage\":\"es\",\"@id\":\"https:\/\/lobosnews.com.ar\/#\/schema\/logo\/image\/\",\"url\":\"https:\/\/lobosnews.com.ar\/wp-content\/uploads\/2026\/01\/logo-lobosnews.png\",\"contentUrl\":\"https:\/\/lobosnews.com.ar\/wp-content\/uploads\/2026\/01\/logo-lobosnews.png\",\"width\":500,\"height\":200,\"caption\":\"Lobos News\"},\"image\":{\"@id\":\"https:\/\/lobosnews.com.ar\/#\/schema\/logo\/image\/\"}},{\"@type\":\"Person\",\"@id\":\"https:\/\/lobosnews.com.ar\/#\/schema\/person\/232422a593d5c541dd9aef6aaed10943\",\"name\":\"admin\",\"image\":{\"@type\":\"ImageObject\",\"inLanguage\":\"es\",\"@id\":\"https:\/\/lobosnews.com.ar\/#\/schema\/person\/image\/\",\"url\":\"https:\/\/secure.gravatar.com\/avatar\/76e419471a2083bc3ceab22a763dbbf9b0c1bd15a6214cf3280e2c2dde4580f9?s=96&d=mm&r=g\",\"contentUrl\":\"https:\/\/secure.gravatar.com\/avatar\/76e419471a2083bc3ceab22a763dbbf9b0c1bd15a6214cf3280e2c2dde4580f9?s=96&d=mm&r=g\",\"caption\":\"admin\"},\"sameAs\":[\"https:\/\/lobosnews.com.ar\"],\"url\":\"https:\/\/lobosnews.com.ar\/index.php\/author\/lobos-news\/\"}]}<\/script>\n<!-- \/ Yoast SEO plugin. -->","yoast_head_json":{"title":"Marcelo Teto Medina cont\u00f3 c\u00f3mo contin\u00faa su lucha contra el c\u00e1ncer: \u201cEsto lleg\u00f3 a mi vida para que haga una transformaci\u00f3n\u201d - Lobos News","robots":{"index":"index","follow":"follow","max-snippet":"max-snippet:-1","max-image-preview":"max-image-preview:large","max-video-preview":"max-video-preview:-1"},"canonical":"https:\/\/lobosnews.com.ar\/index.php\/2026\/03\/05\/marcelo-teto-medina-conto-como-continua-su-lucha-contra-el-cancer-esto-llego-a-mi-vida-para-que-haga-una-transformacion\/","og_locale":"es_ES","og_type":"article","og_title":"Marcelo Teto Medina cont\u00f3 c\u00f3mo contin\u00faa su lucha contra el c\u00e1ncer: \u201cEsto lleg\u00f3 a mi vida para que haga una transformaci\u00f3n\u201d - Lobos News","og_description":"Paso a paso, etapa a etapa, \u00e9l se muestra siempre optimista. A d\u00edas de terminar su sexta etapa del tratamiento contra el c\u00e1ncer, Marcelo Teto Medina abri\u00f3 la puerta de su intimidad y relat\u00f3 ante sus miles de seguidores c\u00f3mo avanza su tratamiento. En ese marco, el conductor reflexion\u00f3 sobre los aspectos trascendentales de la...","og_url":"https:\/\/lobosnews.com.ar\/index.php\/2026\/03\/05\/marcelo-teto-medina-conto-como-continua-su-lucha-contra-el-cancer-esto-llego-a-mi-vida-para-que-haga-una-transformacion\/","og_site_name":"Lobos News","article_published_time":"2026-03-05T23:04:29+00:00","article_modified_time":"2026-03-06T02:28:54+00:00","og_image":[{"url":"https:\/\/lobosnews.com.ar\/wp-content\/uploads\/2026\/03\/marcelo-teto-medina-conto-como-continua-su-lucha-contra-el-cancer-esto-llego-a-mi-vida-para-que-haga-una-transformacion.jpg","type":"","width":"","height":""}],"author":"admin","twitter_card":"summary_large_image","twitter_misc":{"Escrito por":"admin","Tiempo de lectura":"5 minutos"},"schema":{"@context":"https:\/\/schema.org","@graph":[{"@type":"Article","@id":"https:\/\/lobosnews.com.ar\/index.php\/2026\/03\/05\/marcelo-teto-medina-conto-como-continua-su-lucha-contra-el-cancer-esto-llego-a-mi-vida-para-que-haga-una-transformacion\/#article","isPartOf":{"@id":"https:\/\/lobosnews.com.ar\/index.php\/2026\/03\/05\/marcelo-teto-medina-conto-como-continua-su-lucha-contra-el-cancer-esto-llego-a-mi-vida-para-que-haga-una-transformacion\/"},"author":{"name":"admin","@id":"https:\/\/lobosnews.com.ar\/#\/schema\/person\/232422a593d5c541dd9aef6aaed10943"},"headline":"Marcelo Teto Medina cont\u00f3 c\u00f3mo contin\u00faa su lucha contra el c\u00e1ncer: \u201cEsto lleg\u00f3 a mi vida para que haga una transformaci\u00f3n\u201d","datePublished":"2026-03-05T23:04:29+00:00","dateModified":"2026-03-06T02:28:54+00:00","mainEntityOfPage":{"@id":"https:\/\/lobosnews.com.ar\/index.php\/2026\/03\/05\/marcelo-teto-medina-conto-como-continua-su-lucha-contra-el-cancer-esto-llego-a-mi-vida-para-que-haga-una-transformacion\/"},"wordCount":1006,"commentCount":0,"publisher":{"@id":"https:\/\/lobosnews.com.ar\/#organization"},"image":{"@id":"https:\/\/lobosnews.com.ar\/index.php\/2026\/03\/05\/marcelo-teto-medina-conto-como-continua-su-lucha-contra-el-cancer-esto-llego-a-mi-vida-para-que-haga-una-transformacion\/#primaryimage"},"thumbnailUrl":"https:\/\/lobosnews.com.ar\/wp-content\/uploads\/2026\/03\/marcelo-teto-medina-conto-como-continua-su-lucha-contra-el-cancer-esto-llego-a-mi-vida-para-que-haga-una-transformacion.jpg","articleSection":["Cine y Series"],"inLanguage":"es","potentialAction":[{"@type":"CommentAction","name":"Comment","target":["https:\/\/lobosnews.com.ar\/index.php\/2026\/03\/05\/marcelo-teto-medina-conto-como-continua-su-lucha-contra-el-cancer-esto-llego-a-mi-vida-para-que-haga-una-transformacion\/#respond"]}]},{"@type":"WebPage","@id":"https:\/\/lobosnews.com.ar\/index.php\/2026\/03\/05\/marcelo-teto-medina-conto-como-continua-su-lucha-contra-el-cancer-esto-llego-a-mi-vida-para-que-haga-una-transformacion\/","url":"https:\/\/lobosnews.com.ar\/index.php\/2026\/03\/05\/marcelo-teto-medina-conto-como-continua-su-lucha-contra-el-cancer-esto-llego-a-mi-vida-para-que-haga-una-transformacion\/","name":"Marcelo Teto Medina cont\u00f3 c\u00f3mo contin\u00faa su lucha contra el c\u00e1ncer: \u201cEsto lleg\u00f3 a mi vida para que haga una transformaci\u00f3n\u201d - Lobos News","isPartOf":{"@id":"https:\/\/lobosnews.com.ar\/#website"},"primaryImageOfPage":{"@id":"https:\/\/lobosnews.com.ar\/index.php\/2026\/03\/05\/marcelo-teto-medina-conto-como-continua-su-lucha-contra-el-cancer-esto-llego-a-mi-vida-para-que-haga-una-transformacion\/#primaryimage"},"image":{"@id":"https:\/\/lobosnews.com.ar\/index.php\/2026\/03\/05\/marcelo-teto-medina-conto-como-continua-su-lucha-contra-el-cancer-esto-llego-a-mi-vida-para-que-haga-una-transformacion\/#primaryimage"},"thumbnailUrl":"https:\/\/lobosnews.com.ar\/wp-content\/uploads\/2026\/03\/marcelo-teto-medina-conto-como-continua-su-lucha-contra-el-cancer-esto-llego-a-mi-vida-para-que-haga-una-transformacion.jpg","datePublished":"2026-03-05T23:04:29+00:00","dateModified":"2026-03-06T02:28:54+00:00","breadcrumb":{"@id":"https:\/\/lobosnews.com.ar\/index.php\/2026\/03\/05\/marcelo-teto-medina-conto-como-continua-su-lucha-contra-el-cancer-esto-llego-a-mi-vida-para-que-haga-una-transformacion\/#breadcrumb"},"inLanguage":"es","potentialAction":[{"@type":"ReadAction","target":["https:\/\/lobosnews.com.ar\/index.php\/2026\/03\/05\/marcelo-teto-medina-conto-como-continua-su-lucha-contra-el-cancer-esto-llego-a-mi-vida-para-que-haga-una-transformacion\/"]}]},{"@type":"ImageObject","inLanguage":"es","@id":"https:\/\/lobosnews.com.ar\/index.php\/2026\/03\/05\/marcelo-teto-medina-conto-como-continua-su-lucha-contra-el-cancer-esto-llego-a-mi-vida-para-que-haga-una-transformacion\/#primaryimage","url":"https:\/\/lobosnews.com.ar\/wp-content\/uploads\/2026\/03\/marcelo-teto-medina-conto-como-continua-su-lucha-contra-el-cancer-esto-llego-a-mi-vida-para-que-haga-una-transformacion.jpg","contentUrl":"https:\/\/lobosnews.com.ar\/wp-content\/uploads\/2026\/03\/marcelo-teto-medina-conto-como-continua-su-lucha-contra-el-cancer-esto-llego-a-mi-vida-para-que-haga-una-transformacion.jpg","width":2048,"height":1536,"caption":"Marcelo Teto Medina cont\u00f3 c\u00f3mo contin\u00faa su lucha contra el c\u00e1ncer: \u201cEsto lleg\u00f3 a mi vida para que haga una transformaci\u00f3n\u201d"},{"@type":"BreadcrumbList","@id":"https:\/\/lobosnews.com.ar\/index.php\/2026\/03\/05\/marcelo-teto-medina-conto-como-continua-su-lucha-contra-el-cancer-esto-llego-a-mi-vida-para-que-haga-una-transformacion\/#breadcrumb","itemListElement":[{"@type":"ListItem","position":1,"name":"Portada","item":"https:\/\/lobosnews.com.ar\/"},{"@type":"ListItem","position":2,"name":"Marcelo Teto Medina cont\u00f3 c\u00f3mo contin\u00faa su lucha contra el c\u00e1ncer: \u201cEsto lleg\u00f3 a mi vida para que haga una transformaci\u00f3n\u201d"}]},{"@type":"WebSite","@id":"https:\/\/lobosnews.com.ar\/#website","url":"https:\/\/lobosnews.com.ar\/","name":"Lobos News","description":"Informaci\u00f3n a cada instante","publisher":{"@id":"https:\/\/lobosnews.com.ar\/#organization"},"potentialAction":[{"@type":"SearchAction","target":{"@type":"EntryPoint","urlTemplate":"https:\/\/lobosnews.com.ar\/?s={search_term_string}"},"query-input":{"@type":"PropertyValueSpecification","valueRequired":true,"valueName":"search_term_string"}}],"inLanguage":"es"},{"@type":"Organization","@id":"https:\/\/lobosnews.com.ar\/#organization","name":"Lobos News","url":"https:\/\/lobosnews.com.ar\/","logo":{"@type":"ImageObject","inLanguage":"es","@id":"https:\/\/lobosnews.com.ar\/#\/schema\/logo\/image\/","url":"https:\/\/lobosnews.com.ar\/wp-content\/uploads\/2026\/01\/logo-lobosnews.png","contentUrl":"https:\/\/lobosnews.com.ar\/wp-content\/uploads\/2026\/01\/logo-lobosnews.png","width":500,"height":200,"caption":"Lobos News"},"image":{"@id":"https:\/\/lobosnews.com.ar\/#\/schema\/logo\/image\/"}},{"@type":"Person","@id":"https:\/\/lobosnews.com.ar\/#\/schema\/person\/232422a593d5c541dd9aef6aaed10943","name":"admin","image":{"@type":"ImageObject","inLanguage":"es","@id":"https:\/\/lobosnews.com.ar\/#\/schema\/person\/image\/","url":"https:\/\/secure.gravatar.com\/avatar\/76e419471a2083bc3ceab22a763dbbf9b0c1bd15a6214cf3280e2c2dde4580f9?s=96&d=mm&r=g","contentUrl":"https:\/\/secure.gravatar.com\/avatar\/76e419471a2083bc3ceab22a763dbbf9b0c1bd15a6214cf3280e2c2dde4580f9?s=96&d=mm&r=g","caption":"admin"},"sameAs":["https:\/\/lobosnews.com.ar"],"url":"https:\/\/lobosnews.com.ar\/index.php\/author\/lobos-news\/"}]}},"jetpack_featured_media_url":"https:\/\/lobosnews.com.ar\/wp-content\/uploads\/2026\/03\/marcelo-teto-medina-conto-como-continua-su-lucha-contra-el-cancer-esto-llego-a-mi-vida-para-que-haga-una-transformacion.jpg","jetpack_sharing_enabled":true,"_links":{"self":[{"href":"https:\/\/lobosnews.com.ar\/index.php\/wp-json\/wp\/v2\/posts\/29586","targetHints":{"allow":["GET"]}}],"collection":[{"href":"https:\/\/lobosnews.com.ar\/index.php\/wp-json\/wp\/v2\/posts"}],"about":[{"href":"https:\/\/lobosnews.com.ar\/index.php\/wp-json\/wp\/v2\/types\/post"}],"author":[{"embeddable":true,"href":"https:\/\/lobosnews.com.ar\/index.php\/wp-json\/wp\/v2\/users\/1"}],"replies":[{"embeddable":true,"href":"https:\/\/lobosnews.com.ar\/index.php\/wp-json\/wp\/v2\/comments?post=29586"}],"version-history":[{"count":1,"href":"https:\/\/lobosnews.com.ar\/index.php\/wp-json\/wp\/v2\/posts\/29586\/revisions"}],"predecessor-version":[{"id":29588,"href":"https:\/\/lobosnews.com.ar\/index.php\/wp-json\/wp\/v2\/posts\/29586\/revisions\/29588"}],"wp:featuredmedia":[{"embeddable":true,"href":"https:\/\/lobosnews.com.ar\/index.php\/wp-json\/wp\/v2\/media\/29589"}],"wp:attachment":[{"href":"https:\/\/lobosnews.com.ar\/index.php\/wp-json\/wp\/v2\/media?parent=29586"}],"wp:term":[{"taxonomy":"category","embeddable":true,"href":"https:\/\/lobosnews.com.ar\/index.php\/wp-json\/wp\/v2\/categories?post=29586"},{"taxonomy":"post_tag","embeddable":true,"href":"https:\/\/lobosnews.com.ar\/index.php\/wp-json\/wp\/v2\/tags?post=29586"}],"curies":[{"name":"wp","href":"https:\/\/api.w.org\/{rel}","templated":true}]}}