{"id":29579,"date":"2026-03-06T00:21:22","date_gmt":"2026-03-06T00:21:22","guid":{"rendered":"https:\/\/lobosnews.com.ar\/index.php\/2026\/03\/06\/de-advertencia-infantil-a-prejuicios-historicos-la-particular-historia-de-la-kindlifresserbrunnen-en-berna\/"},"modified":"2026-03-06T02:28:37","modified_gmt":"2026-03-06T02:28:37","slug":"de-advertencia-infantil-a-prejuicios-historicos-la-particular-historia-de-la-kindlifresserbrunnen-en-berna","status":"publish","type":"post","link":"https:\/\/lobosnews.com.ar\/index.php\/2026\/03\/06\/de-advertencia-infantil-a-prejuicios-historicos-la-particular-historia-de-la-kindlifresserbrunnen-en-berna\/","title":{"rendered":"De advertencia infantil a prejuicios hist\u00f3ricos: la particular historia de la Kindlifresserbrunnen en Berna"},"content":{"rendered":"<p><img loading=\"lazy\" decoding=\"async\" src=\"https:\/\/lobosnews.com.ar\/wp-content\/uploads\/2026\/03\/de-advertencia-infantil-a-prejuicios-historicos-la-particular-historia-de-la-kindlifresserbrunnen-en-berna.jpg\" alt=\"El monumento Kindlifresserbrunnen, levantado en el siglo XVI por el escultor Hans Gieng, rompe con la tradicional imagen serena de las fuentes europeas (Google Maps)\" height=\"600\" width=\"1200\"\/><\/p>\n<p>La <b>Kindlifresserbrunnen<\/b>, una fuente del siglo XVI ubicada en la Plaza del Granero de <span class=\"waslinkname\"><i><b>Berna<\/b><\/i><\/span>, provoca asombro y desconcierto tanto en adultos como en los m\u00e1s peque\u00f1os. A escasos metros de la famosa Torre del Reloj Zytglogge, esta fuente rompe con la imagen cl\u00e1sica de serenidad: en su centro, un ogro devora a un ni\u00f1o mientras sostiene a otros en una bolsa, listos para el mismo destino. Para muchos visitantes, la escena permanece <b>grabada en la memoria<\/b>, en especial para quienes la observan en su infancia.<\/p>\n<p>A diferencia de otros monumentos europeos dedicados a h\u00e9roes o personajes notables, la Kindlifresserbrunnen parece inspirada en un temor colectivo y se asocia, seg\u00fan las gu\u00edas y sitios tur\u00edsticos como <i>SwissInfo<\/i>, con <span class=\"waslinkname\"><i><b>advertencias<\/b><\/i><\/span><b> hacia ni\u00f1os y ni\u00f1as<\/b>. <\/p>\n<p>\u201cQuienes visiten Berna con ni\u00f1os y ni\u00f1as deber\u00edan <b>mantenerse alejados de la Kornhausplatz<\/b> porque all\u00ed se encuentra la Kindlifresserbrunnen, una fuente que podr\u00eda alterar el sue\u00f1o de los m\u00e1s peque\u00f1os\u201d, menciona dicho portal. <\/p>\n<p>La fuente fue creada <b>entre 1545 y 1546<\/b> por el escultor suizo Hans Gieng, quien plasm\u00f3 en piedra y color una escena que pervive en el imaginario local. Desde entonces, el ogro que devora a un ni\u00f1o mientras sostiene a otros en una bolsa se convirti\u00f3 en uno de los s\u00edmbolos m\u00e1s reconocibles de Berna y alimenta debates sobre su verdadero significado.<\/p>\n<h2>Qu\u00e9 representa y por qu\u00e9 genera inquietud<\/h2>\n<p><img loading=\"lazy\" decoding=\"async\" src=\"https:\/\/lobosnews.com.ar\/wp-content\/uploads\/2026\/03\/de-advertencia-infantil-a-prejuicios-historicos-la-particular-historia-de-la-kindlifresserbrunnen-en-berna-1.jpg\" alt=\"Interpretaciones hist\u00f3ricas asocian la fuente Kindlifresserbrunnen con la mitolog\u00eda de Cronos que devoraba a sus hijos, reforzando el aura inquietante de la escultura (Wikipedia)\" height=\"600\" width=\"1200\"\/><\/p>\n<p>La sensaci\u00f3n de inquietud que provoca la fuente est\u00e1 vinculada con la crudeza de su figura central. El ogro, apartado del concepto de paz t\u00edpico de las fuentes europeas \u2014e incluso de doctrinas como el <b>Feng Shui<\/b>, en las que \u201cviento y agua\u201d simbolizan armon\u00eda\u2014, aparece como una figura que advierte sobre las consecuencias de la mala conducta infantil. <\/p>\n<p>El sitio oficial del gobierno local de Berna indica: \u201cEl sentido m\u00e1s plausible es que se trate de<b> una especie de ense\u00f1anza para los ni\u00f1os<\/b> [\u2026] anim\u00e1ndolos a comportarse bien\u201d.<\/p>\n<p>No obstante, el trasfondo simb\u00f3lico de la Kindlifresserbrunnen resulta <b>m\u00e1s complejo<\/b>. Investigadores especializados en historia del arte han planteado que la estatua se vincula a personajes carnavalescos tradicionales, figuras c\u00f3micas creadas para infundir respeto a los m\u00e1s j\u00f3venes. Sin embargo, esta <b>hip\u00f3tesis <\/b>pierde sustento porque el Carnaval fue prohibido en Berna tras la Reforma de 1529, descartando una relaci\u00f3n directa con festividades populares.<\/p>\n<p>Otra corriente interpretativa <b>conecta al ogro con la mitolog\u00eda<\/b>, identific\u00e1ndolo con Cronos (Saturno en la tradici\u00f3n romana), el dios que devoraba a sus hijos para evitar ser destronado. Este v\u00ednculo se apoya en elementos como el sombrero c\u00f3nico de la figura, similar al representado en pinturas alemanas del siglo XVI y en xilograf\u00edas medievales, como en la obra de Georg Pencz hacia <b>1530<\/b>.<\/p>\n<h2>Interpretaciones hist\u00f3ricas y controversias<\/h2>\n<p>El sombrero del ogro presenta una dimensi\u00f3n hist\u00f3rica relevante: se trata de un gorro c\u00f3nico, en ocasiones amarillo, que durante siglos fue impuesto a la poblaci\u00f3n jud\u00eda en Europa como s\u00edmbolo discriminatorio. Este elemento ha llevado a especialistas en historia judeocristiana a proponer que la Kindlifresserbrunnen podr\u00eda <b>representar una manifestaci\u00f3n art\u00edstica del antijuda\u00edsmo<\/b>, reflejando prejuicios y leyendas enraizadas en la Edad Media.<\/p>\n<p><img loading=\"lazy\" decoding=\"async\" src=\"https:\/\/lobosnews.com.ar\/wp-content\/uploads\/2026\/03\/de-advertencia-infantil-a-prejuicios-historicos-la-particular-historia-de-la-kindlifresserbrunnen-en-berna-2.jpg\" alt=\"El monumento, levantado hace quinientos a\u00f1os, revela la evoluci\u00f3n de temores sociales, leyendas antijud\u00edas y la b\u00fasqueda actual de una mirada cr\u00edtica sobre el arte p\u00fablico\n(Wikipedia)\" height=\"600\" width=\"1200\"\/><\/p>\n<p>De acuerdo con <i>SwissInfo<\/i> \u201cla fuente bernesa representar\u00eda una ilustraci\u00f3n perfecta de uno de los prejuicios m\u00e1s tristemente difundidos [&#8230;] contra la comunidad jud\u00eda:<b> la acusaci\u00f3n de sangre<\/b>\u201d. <\/p>\n<p>Aparecida en el siglo XII, esta falsa acusaci\u00f3n sosten\u00eda que los jud\u00edos <b>mataban ni\u00f1os cristianos para rituales pascuales y empleaban su sangre en la elaboraci\u00f3n del pan \u00e1cimo<\/b>, lo que favoreci\u00f3 el miedo y la persecuci\u00f3n social. Berna no escap\u00f3 a estas leyendas: en 1294, varios miembros de la comunidad jud\u00eda local fueron acusados del asesinato ritual de un ni\u00f1o llamado Rodolfo, un hecho que motiv\u00f3 un pogromo y la posterior expulsi\u00f3n de los jud\u00edos de la ciudad.<\/p>\n<h2>Consecuencias y resignificaci\u00f3n<\/h2>\n<p>Las autoridades aprovecharon ese contexto no solo para ejercer control social, sino tambi\u00e9n para <b>cancelar deudas de la ciudad con los expulsados<\/b>. As\u00ed, la fuente puede leerse hoy como un ejemplo de c\u00f3mo el arte p\u00fablico puede fijar y repetir estigmas sociales.<\/p>\n<p>La interpretaci\u00f3n contempor\u00e1nea y resignificaci\u00f3n de la obra persisten en la Suiza actual. En julio de 2020, el escritor y periodista Roy Oppenheim solicit\u00f3 a las autoridades de Berna la colocaci\u00f3n de una placa explicativa que se\u00f1alara el contexto hist\u00f3rico y <b>rechazara la interpretaci\u00f3n antijud\u00eda<\/b>. El pedido fue considerado, y en 2024 se instal\u00f3 una placa informativa frente a la escultura de <b>Hans Gieng<\/b>.<\/p>\n<p>El objetivo es que tanto los locales como los turistas comprendan el origen y las implicancias de la fuente, evitando miradas reduccionistas o discriminatorias. Sin embargo, para los ni\u00f1os que a\u00fan no pueden leer, la imagen del ogro mantiene su funci\u00f3n como se\u00f1al de advertencia: <b>\u201cP\u00f3rtense bien, o si no\u2026\u201d. <\/b>La Kindlifresserbrunnen, con sus 500 a\u00f1os de historia, y situada en la Plaza del Granero de Berna, sigue siendo <b>una de las fuentes m\u00e1s visitadas de Suiza<\/b>.<\/p>\n","protected":false},"excerpt":{"rendered":"<p>La Kindlifresserbrunnen, una fuente del siglo XVI ubicada en la Plaza del Granero de Berna, provoca asombro y desconcierto tanto en adultos como en los m\u00e1s peque\u00f1os. A escasos metros de la famosa Torre del Reloj Zytglogge, esta fuente rompe con la imagen cl\u00e1sica de serenidad: en su centro, un ogro devora a un ni\u00f1o&#8230;<\/p>\n","protected":false},"author":1,"featured_media":29584,"comment_status":"open","ping_status":"closed","sticky":false,"template":"","format":"standard","meta":{"_jetpack_memberships_contains_paid_content":false,"footnotes":""},"categories":[31],"tags":[],"class_list":["post-29579","post","type-post","status-publish","format-standard","has-post-thumbnail","hentry","category-actualidad"],"magazineBlocksPostFeaturedMedia":{"thumbnail":"https:\/\/lobosnews.com.ar\/wp-content\/uploads\/2026\/03\/de-advertencia-infantil-a-prejuicios-historicos-la-particular-historia-de-la-kindlifresserbrunnen-en-berna-4-150x150.jpg","medium":"https:\/\/lobosnews.com.ar\/wp-content\/uploads\/2026\/03\/de-advertencia-infantil-a-prejuicios-historicos-la-particular-historia-de-la-kindlifresserbrunnen-en-berna-4-300x150.jpg","medium_large":"https:\/\/lobosnews.com.ar\/wp-content\/uploads\/2026\/03\/de-advertencia-infantil-a-prejuicios-historicos-la-particular-historia-de-la-kindlifresserbrunnen-en-berna-4-768x384.jpg","large":"https:\/\/lobosnews.com.ar\/wp-content\/uploads\/2026\/03\/de-advertencia-infantil-a-prejuicios-historicos-la-particular-historia-de-la-kindlifresserbrunnen-en-berna-4-1024x512.jpg","1536x1536":"https:\/\/lobosnews.com.ar\/wp-content\/uploads\/2026\/03\/de-advertencia-infantil-a-prejuicios-historicos-la-particular-historia-de-la-kindlifresserbrunnen-en-berna-4.jpg","2048x2048":"https:\/\/lobosnews.com.ar\/wp-content\/uploads\/2026\/03\/de-advertencia-infantil-a-prejuicios-historicos-la-particular-historia-de-la-kindlifresserbrunnen-en-berna-4.jpg","newsmatic-featured":"https:\/\/lobosnews.com.ar\/wp-content\/uploads\/2026\/03\/de-advertencia-infantil-a-prejuicios-historicos-la-particular-historia-de-la-kindlifresserbrunnen-en-berna-4-820x545.jpg","newsmatic-list":"https:\/\/lobosnews.com.ar\/wp-content\/uploads\/2026\/03\/de-advertencia-infantil-a-prejuicios-historicos-la-particular-historia-de-la-kindlifresserbrunnen-en-berna-4-600x400.jpg","newsmatic-thumb":"https:\/\/lobosnews.com.ar\/wp-content\/uploads\/2026\/03\/de-advertencia-infantil-a-prejuicios-historicos-la-particular-historia-de-la-kindlifresserbrunnen-en-berna-4-300x200.jpg","newsmatic-small":"https:\/\/lobosnews.com.ar\/wp-content\/uploads\/2026\/03\/de-advertencia-infantil-a-prejuicios-historicos-la-particular-historia-de-la-kindlifresserbrunnen-en-berna-4-150x95.jpg","newsmatic-grid":"https:\/\/lobosnews.com.ar\/wp-content\/uploads\/2026\/03\/de-advertencia-infantil-a-prejuicios-historicos-la-particular-historia-de-la-kindlifresserbrunnen-en-berna-4-400x250.jpg"},"magazineBlocksPostAuthor":{"name":"admin","avatar":"https:\/\/secure.gravatar.com\/avatar\/76e419471a2083bc3ceab22a763dbbf9b0c1bd15a6214cf3280e2c2dde4580f9?s=96&d=mm&r=g"},"magazineBlocksPostCommentsNumber":"0","magazineBlocksPostExcerpt":"La Kindlifresserbrunnen, una fuente del siglo XVI ubicada en la Plaza del Granero de Berna, provoca asombro y desconcierto tanto en adultos como en los m\u00e1s peque\u00f1os. A escasos metros de la famosa Torre del Reloj Zytglogge, esta fuente rompe con la imagen cl\u00e1sica de serenidad: en su centro, un ogro devora a un ni\u00f1o...","magazineBlocksPostCategories":["Actualidad"],"magazineBlocksPostViewCount":81,"magazineBlocksPostReadTime":5,"magazine_blocks_featured_image_url":{"full":["https:\/\/lobosnews.com.ar\/wp-content\/uploads\/2026\/03\/de-advertencia-infantil-a-prejuicios-historicos-la-particular-historia-de-la-kindlifresserbrunnen-en-berna-4.jpg",1200,600,false],"medium":["https:\/\/lobosnews.com.ar\/wp-content\/uploads\/2026\/03\/de-advertencia-infantil-a-prejuicios-historicos-la-particular-historia-de-la-kindlifresserbrunnen-en-berna-4-300x150.jpg",300,150,true],"thumbnail":["https:\/\/lobosnews.com.ar\/wp-content\/uploads\/2026\/03\/de-advertencia-infantil-a-prejuicios-historicos-la-particular-historia-de-la-kindlifresserbrunnen-en-berna-4-150x150.jpg",150,150,true]},"magazine_blocks_author":{"display_name":"admin","author_link":"https:\/\/lobosnews.com.ar\/index.php\/author\/lobos-news\/"},"magazine_blocks_comment":0,"magazine_blocks_author_image":"https:\/\/secure.gravatar.com\/avatar\/76e419471a2083bc3ceab22a763dbbf9b0c1bd15a6214cf3280e2c2dde4580f9?s=96&d=mm&r=g","magazine_blocks_category":"<a href=\"#\" class=\"category-link category-link-31\">Actualidad<\/a>","yoast_head":"<!-- This site is optimized with the Yoast SEO plugin v26.6 - https:\/\/yoast.com\/wordpress\/plugins\/seo\/ -->\n<title>De advertencia infantil a prejuicios hist\u00f3ricos: la particular historia de la Kindlifresserbrunnen en Berna - Lobos News<\/title>\n<meta name=\"robots\" content=\"index, follow, max-snippet:-1, max-image-preview:large, max-video-preview:-1\" \/>\n<link rel=\"canonical\" href=\"https:\/\/lobosnews.com.ar\/index.php\/2026\/03\/06\/de-advertencia-infantil-a-prejuicios-historicos-la-particular-historia-de-la-kindlifresserbrunnen-en-berna\/\" \/>\n<meta property=\"og:locale\" content=\"es_ES\" \/>\n<meta property=\"og:type\" content=\"article\" \/>\n<meta property=\"og:title\" content=\"De advertencia infantil a prejuicios hist\u00f3ricos: la particular historia de la Kindlifresserbrunnen en Berna - Lobos News\" \/>\n<meta property=\"og:description\" content=\"La Kindlifresserbrunnen, una fuente del siglo XVI ubicada en la Plaza del Granero de Berna, provoca asombro y desconcierto tanto en adultos como en los m\u00e1s peque\u00f1os. A escasos metros de la famosa Torre del Reloj Zytglogge, esta fuente rompe con la imagen cl\u00e1sica de serenidad: en su centro, un ogro devora a un ni\u00f1o...\" \/>\n<meta property=\"og:url\" content=\"https:\/\/lobosnews.com.ar\/index.php\/2026\/03\/06\/de-advertencia-infantil-a-prejuicios-historicos-la-particular-historia-de-la-kindlifresserbrunnen-en-berna\/\" \/>\n<meta property=\"og:site_name\" content=\"Lobos News\" \/>\n<meta property=\"article:published_time\" content=\"2026-03-06T00:21:22+00:00\" \/>\n<meta property=\"article:modified_time\" content=\"2026-03-06T02:28:37+00:00\" \/>\n<meta property=\"og:image\" content=\"https:\/\/lobosnews.com.ar\/wp-content\/uploads\/2026\/03\/de-advertencia-infantil-a-prejuicios-historicos-la-particular-historia-de-la-kindlifresserbrunnen-en-berna.jpg\" \/>\n<meta name=\"author\" content=\"admin\" \/>\n<meta name=\"twitter:card\" content=\"summary_large_image\" \/>\n<meta name=\"twitter:label1\" content=\"Escrito por\" \/>\n\t<meta name=\"twitter:data1\" content=\"admin\" \/>\n\t<meta name=\"twitter:label2\" content=\"Tiempo de lectura\" \/>\n\t<meta name=\"twitter:data2\" content=\"4 minutos\" \/>\n<script type=\"application\/ld+json\" class=\"yoast-schema-graph\">{\"@context\":\"https:\/\/schema.org\",\"@graph\":[{\"@type\":\"Article\",\"@id\":\"https:\/\/lobosnews.com.ar\/index.php\/2026\/03\/06\/de-advertencia-infantil-a-prejuicios-historicos-la-particular-historia-de-la-kindlifresserbrunnen-en-berna\/#article\",\"isPartOf\":{\"@id\":\"https:\/\/lobosnews.com.ar\/index.php\/2026\/03\/06\/de-advertencia-infantil-a-prejuicios-historicos-la-particular-historia-de-la-kindlifresserbrunnen-en-berna\/\"},\"author\":{\"name\":\"admin\",\"@id\":\"https:\/\/lobosnews.com.ar\/#\/schema\/person\/232422a593d5c541dd9aef6aaed10943\"},\"headline\":\"De advertencia infantil a prejuicios hist\u00f3ricos: la particular historia de la Kindlifresserbrunnen en Berna\",\"datePublished\":\"2026-03-06T00:21:22+00:00\",\"dateModified\":\"2026-03-06T02:28:37+00:00\",\"mainEntityOfPage\":{\"@id\":\"https:\/\/lobosnews.com.ar\/index.php\/2026\/03\/06\/de-advertencia-infantil-a-prejuicios-historicos-la-particular-historia-de-la-kindlifresserbrunnen-en-berna\/\"},\"wordCount\":888,\"commentCount\":0,\"publisher\":{\"@id\":\"https:\/\/lobosnews.com.ar\/#organization\"},\"image\":{\"@id\":\"https:\/\/lobosnews.com.ar\/index.php\/2026\/03\/06\/de-advertencia-infantil-a-prejuicios-historicos-la-particular-historia-de-la-kindlifresserbrunnen-en-berna\/#primaryimage\"},\"thumbnailUrl\":\"https:\/\/lobosnews.com.ar\/wp-content\/uploads\/2026\/03\/de-advertencia-infantil-a-prejuicios-historicos-la-particular-historia-de-la-kindlifresserbrunnen-en-berna-4.jpg\",\"articleSection\":[\"Actualidad\"],\"inLanguage\":\"es\",\"potentialAction\":[{\"@type\":\"CommentAction\",\"name\":\"Comment\",\"target\":[\"https:\/\/lobosnews.com.ar\/index.php\/2026\/03\/06\/de-advertencia-infantil-a-prejuicios-historicos-la-particular-historia-de-la-kindlifresserbrunnen-en-berna\/#respond\"]}]},{\"@type\":\"WebPage\",\"@id\":\"https:\/\/lobosnews.com.ar\/index.php\/2026\/03\/06\/de-advertencia-infantil-a-prejuicios-historicos-la-particular-historia-de-la-kindlifresserbrunnen-en-berna\/\",\"url\":\"https:\/\/lobosnews.com.ar\/index.php\/2026\/03\/06\/de-advertencia-infantil-a-prejuicios-historicos-la-particular-historia-de-la-kindlifresserbrunnen-en-berna\/\",\"name\":\"De advertencia infantil a prejuicios hist\u00f3ricos: la particular historia de la Kindlifresserbrunnen en Berna - Lobos News\",\"isPartOf\":{\"@id\":\"https:\/\/lobosnews.com.ar\/#website\"},\"primaryImageOfPage\":{\"@id\":\"https:\/\/lobosnews.com.ar\/index.php\/2026\/03\/06\/de-advertencia-infantil-a-prejuicios-historicos-la-particular-historia-de-la-kindlifresserbrunnen-en-berna\/#primaryimage\"},\"image\":{\"@id\":\"https:\/\/lobosnews.com.ar\/index.php\/2026\/03\/06\/de-advertencia-infantil-a-prejuicios-historicos-la-particular-historia-de-la-kindlifresserbrunnen-en-berna\/#primaryimage\"},\"thumbnailUrl\":\"https:\/\/lobosnews.com.ar\/wp-content\/uploads\/2026\/03\/de-advertencia-infantil-a-prejuicios-historicos-la-particular-historia-de-la-kindlifresserbrunnen-en-berna-4.jpg\",\"datePublished\":\"2026-03-06T00:21:22+00:00\",\"dateModified\":\"2026-03-06T02:28:37+00:00\",\"breadcrumb\":{\"@id\":\"https:\/\/lobosnews.com.ar\/index.php\/2026\/03\/06\/de-advertencia-infantil-a-prejuicios-historicos-la-particular-historia-de-la-kindlifresserbrunnen-en-berna\/#breadcrumb\"},\"inLanguage\":\"es\",\"potentialAction\":[{\"@type\":\"ReadAction\",\"target\":[\"https:\/\/lobosnews.com.ar\/index.php\/2026\/03\/06\/de-advertencia-infantil-a-prejuicios-historicos-la-particular-historia-de-la-kindlifresserbrunnen-en-berna\/\"]}]},{\"@type\":\"ImageObject\",\"inLanguage\":\"es\",\"@id\":\"https:\/\/lobosnews.com.ar\/index.php\/2026\/03\/06\/de-advertencia-infantil-a-prejuicios-historicos-la-particular-historia-de-la-kindlifresserbrunnen-en-berna\/#primaryimage\",\"url\":\"https:\/\/lobosnews.com.ar\/wp-content\/uploads\/2026\/03\/de-advertencia-infantil-a-prejuicios-historicos-la-particular-historia-de-la-kindlifresserbrunnen-en-berna-4.jpg\",\"contentUrl\":\"https:\/\/lobosnews.com.ar\/wp-content\/uploads\/2026\/03\/de-advertencia-infantil-a-prejuicios-historicos-la-particular-historia-de-la-kindlifresserbrunnen-en-berna-4.jpg\",\"width\":1200,\"height\":600,\"caption\":\"De advertencia infantil a prejuicios hist\u00f3ricos: la particular historia de la Kindlifresserbrunnen en Berna\"},{\"@type\":\"BreadcrumbList\",\"@id\":\"https:\/\/lobosnews.com.ar\/index.php\/2026\/03\/06\/de-advertencia-infantil-a-prejuicios-historicos-la-particular-historia-de-la-kindlifresserbrunnen-en-berna\/#breadcrumb\",\"itemListElement\":[{\"@type\":\"ListItem\",\"position\":1,\"name\":\"Portada\",\"item\":\"https:\/\/lobosnews.com.ar\/\"},{\"@type\":\"ListItem\",\"position\":2,\"name\":\"De advertencia infantil a prejuicios hist\u00f3ricos: la particular historia de la Kindlifresserbrunnen en Berna\"}]},{\"@type\":\"WebSite\",\"@id\":\"https:\/\/lobosnews.com.ar\/#website\",\"url\":\"https:\/\/lobosnews.com.ar\/\",\"name\":\"Lobos News\",\"description\":\"Informaci\u00f3n a cada instante\",\"publisher\":{\"@id\":\"https:\/\/lobosnews.com.ar\/#organization\"},\"potentialAction\":[{\"@type\":\"SearchAction\",\"target\":{\"@type\":\"EntryPoint\",\"urlTemplate\":\"https:\/\/lobosnews.com.ar\/?s={search_term_string}\"},\"query-input\":{\"@type\":\"PropertyValueSpecification\",\"valueRequired\":true,\"valueName\":\"search_term_string\"}}],\"inLanguage\":\"es\"},{\"@type\":\"Organization\",\"@id\":\"https:\/\/lobosnews.com.ar\/#organization\",\"name\":\"Lobos News\",\"url\":\"https:\/\/lobosnews.com.ar\/\",\"logo\":{\"@type\":\"ImageObject\",\"inLanguage\":\"es\",\"@id\":\"https:\/\/lobosnews.com.ar\/#\/schema\/logo\/image\/\",\"url\":\"https:\/\/lobosnews.com.ar\/wp-content\/uploads\/2026\/01\/logo-lobosnews.png\",\"contentUrl\":\"https:\/\/lobosnews.com.ar\/wp-content\/uploads\/2026\/01\/logo-lobosnews.png\",\"width\":500,\"height\":200,\"caption\":\"Lobos News\"},\"image\":{\"@id\":\"https:\/\/lobosnews.com.ar\/#\/schema\/logo\/image\/\"}},{\"@type\":\"Person\",\"@id\":\"https:\/\/lobosnews.com.ar\/#\/schema\/person\/232422a593d5c541dd9aef6aaed10943\",\"name\":\"admin\",\"image\":{\"@type\":\"ImageObject\",\"inLanguage\":\"es\",\"@id\":\"https:\/\/lobosnews.com.ar\/#\/schema\/person\/image\/\",\"url\":\"https:\/\/secure.gravatar.com\/avatar\/76e419471a2083bc3ceab22a763dbbf9b0c1bd15a6214cf3280e2c2dde4580f9?s=96&d=mm&r=g\",\"contentUrl\":\"https:\/\/secure.gravatar.com\/avatar\/76e419471a2083bc3ceab22a763dbbf9b0c1bd15a6214cf3280e2c2dde4580f9?s=96&d=mm&r=g\",\"caption\":\"admin\"},\"sameAs\":[\"https:\/\/lobosnews.com.ar\"],\"url\":\"https:\/\/lobosnews.com.ar\/index.php\/author\/lobos-news\/\"}]}<\/script>\n<!-- \/ Yoast SEO plugin. -->","yoast_head_json":{"title":"De advertencia infantil a prejuicios hist\u00f3ricos: la particular historia de la Kindlifresserbrunnen en Berna - Lobos News","robots":{"index":"index","follow":"follow","max-snippet":"max-snippet:-1","max-image-preview":"max-image-preview:large","max-video-preview":"max-video-preview:-1"},"canonical":"https:\/\/lobosnews.com.ar\/index.php\/2026\/03\/06\/de-advertencia-infantil-a-prejuicios-historicos-la-particular-historia-de-la-kindlifresserbrunnen-en-berna\/","og_locale":"es_ES","og_type":"article","og_title":"De advertencia infantil a prejuicios hist\u00f3ricos: la particular historia de la Kindlifresserbrunnen en Berna - Lobos News","og_description":"La Kindlifresserbrunnen, una fuente del siglo XVI ubicada en la Plaza del Granero de Berna, provoca asombro y desconcierto tanto en adultos como en los m\u00e1s peque\u00f1os. A escasos metros de la famosa Torre del Reloj Zytglogge, esta fuente rompe con la imagen cl\u00e1sica de serenidad: en su centro, un ogro devora a un ni\u00f1o...","og_url":"https:\/\/lobosnews.com.ar\/index.php\/2026\/03\/06\/de-advertencia-infantil-a-prejuicios-historicos-la-particular-historia-de-la-kindlifresserbrunnen-en-berna\/","og_site_name":"Lobos News","article_published_time":"2026-03-06T00:21:22+00:00","article_modified_time":"2026-03-06T02:28:37+00:00","og_image":[{"url":"https:\/\/lobosnews.com.ar\/wp-content\/uploads\/2026\/03\/de-advertencia-infantil-a-prejuicios-historicos-la-particular-historia-de-la-kindlifresserbrunnen-en-berna.jpg","type":"","width":"","height":""}],"author":"admin","twitter_card":"summary_large_image","twitter_misc":{"Escrito por":"admin","Tiempo de lectura":"4 minutos"},"schema":{"@context":"https:\/\/schema.org","@graph":[{"@type":"Article","@id":"https:\/\/lobosnews.com.ar\/index.php\/2026\/03\/06\/de-advertencia-infantil-a-prejuicios-historicos-la-particular-historia-de-la-kindlifresserbrunnen-en-berna\/#article","isPartOf":{"@id":"https:\/\/lobosnews.com.ar\/index.php\/2026\/03\/06\/de-advertencia-infantil-a-prejuicios-historicos-la-particular-historia-de-la-kindlifresserbrunnen-en-berna\/"},"author":{"name":"admin","@id":"https:\/\/lobosnews.com.ar\/#\/schema\/person\/232422a593d5c541dd9aef6aaed10943"},"headline":"De advertencia infantil a prejuicios hist\u00f3ricos: la particular historia de la Kindlifresserbrunnen en Berna","datePublished":"2026-03-06T00:21:22+00:00","dateModified":"2026-03-06T02:28:37+00:00","mainEntityOfPage":{"@id":"https:\/\/lobosnews.com.ar\/index.php\/2026\/03\/06\/de-advertencia-infantil-a-prejuicios-historicos-la-particular-historia-de-la-kindlifresserbrunnen-en-berna\/"},"wordCount":888,"commentCount":0,"publisher":{"@id":"https:\/\/lobosnews.com.ar\/#organization"},"image":{"@id":"https:\/\/lobosnews.com.ar\/index.php\/2026\/03\/06\/de-advertencia-infantil-a-prejuicios-historicos-la-particular-historia-de-la-kindlifresserbrunnen-en-berna\/#primaryimage"},"thumbnailUrl":"https:\/\/lobosnews.com.ar\/wp-content\/uploads\/2026\/03\/de-advertencia-infantil-a-prejuicios-historicos-la-particular-historia-de-la-kindlifresserbrunnen-en-berna-4.jpg","articleSection":["Actualidad"],"inLanguage":"es","potentialAction":[{"@type":"CommentAction","name":"Comment","target":["https:\/\/lobosnews.com.ar\/index.php\/2026\/03\/06\/de-advertencia-infantil-a-prejuicios-historicos-la-particular-historia-de-la-kindlifresserbrunnen-en-berna\/#respond"]}]},{"@type":"WebPage","@id":"https:\/\/lobosnews.com.ar\/index.php\/2026\/03\/06\/de-advertencia-infantil-a-prejuicios-historicos-la-particular-historia-de-la-kindlifresserbrunnen-en-berna\/","url":"https:\/\/lobosnews.com.ar\/index.php\/2026\/03\/06\/de-advertencia-infantil-a-prejuicios-historicos-la-particular-historia-de-la-kindlifresserbrunnen-en-berna\/","name":"De advertencia infantil a prejuicios hist\u00f3ricos: la particular historia de la Kindlifresserbrunnen en Berna - Lobos News","isPartOf":{"@id":"https:\/\/lobosnews.com.ar\/#website"},"primaryImageOfPage":{"@id":"https:\/\/lobosnews.com.ar\/index.php\/2026\/03\/06\/de-advertencia-infantil-a-prejuicios-historicos-la-particular-historia-de-la-kindlifresserbrunnen-en-berna\/#primaryimage"},"image":{"@id":"https:\/\/lobosnews.com.ar\/index.php\/2026\/03\/06\/de-advertencia-infantil-a-prejuicios-historicos-la-particular-historia-de-la-kindlifresserbrunnen-en-berna\/#primaryimage"},"thumbnailUrl":"https:\/\/lobosnews.com.ar\/wp-content\/uploads\/2026\/03\/de-advertencia-infantil-a-prejuicios-historicos-la-particular-historia-de-la-kindlifresserbrunnen-en-berna-4.jpg","datePublished":"2026-03-06T00:21:22+00:00","dateModified":"2026-03-06T02:28:37+00:00","breadcrumb":{"@id":"https:\/\/lobosnews.com.ar\/index.php\/2026\/03\/06\/de-advertencia-infantil-a-prejuicios-historicos-la-particular-historia-de-la-kindlifresserbrunnen-en-berna\/#breadcrumb"},"inLanguage":"es","potentialAction":[{"@type":"ReadAction","target":["https:\/\/lobosnews.com.ar\/index.php\/2026\/03\/06\/de-advertencia-infantil-a-prejuicios-historicos-la-particular-historia-de-la-kindlifresserbrunnen-en-berna\/"]}]},{"@type":"ImageObject","inLanguage":"es","@id":"https:\/\/lobosnews.com.ar\/index.php\/2026\/03\/06\/de-advertencia-infantil-a-prejuicios-historicos-la-particular-historia-de-la-kindlifresserbrunnen-en-berna\/#primaryimage","url":"https:\/\/lobosnews.com.ar\/wp-content\/uploads\/2026\/03\/de-advertencia-infantil-a-prejuicios-historicos-la-particular-historia-de-la-kindlifresserbrunnen-en-berna-4.jpg","contentUrl":"https:\/\/lobosnews.com.ar\/wp-content\/uploads\/2026\/03\/de-advertencia-infantil-a-prejuicios-historicos-la-particular-historia-de-la-kindlifresserbrunnen-en-berna-4.jpg","width":1200,"height":600,"caption":"De advertencia infantil a prejuicios hist\u00f3ricos: la particular historia de la Kindlifresserbrunnen en Berna"},{"@type":"BreadcrumbList","@id":"https:\/\/lobosnews.com.ar\/index.php\/2026\/03\/06\/de-advertencia-infantil-a-prejuicios-historicos-la-particular-historia-de-la-kindlifresserbrunnen-en-berna\/#breadcrumb","itemListElement":[{"@type":"ListItem","position":1,"name":"Portada","item":"https:\/\/lobosnews.com.ar\/"},{"@type":"ListItem","position":2,"name":"De advertencia infantil a prejuicios hist\u00f3ricos: la particular historia de la Kindlifresserbrunnen en Berna"}]},{"@type":"WebSite","@id":"https:\/\/lobosnews.com.ar\/#website","url":"https:\/\/lobosnews.com.ar\/","name":"Lobos News","description":"Informaci\u00f3n a cada instante","publisher":{"@id":"https:\/\/lobosnews.com.ar\/#organization"},"potentialAction":[{"@type":"SearchAction","target":{"@type":"EntryPoint","urlTemplate":"https:\/\/lobosnews.com.ar\/?s={search_term_string}"},"query-input":{"@type":"PropertyValueSpecification","valueRequired":true,"valueName":"search_term_string"}}],"inLanguage":"es"},{"@type":"Organization","@id":"https:\/\/lobosnews.com.ar\/#organization","name":"Lobos News","url":"https:\/\/lobosnews.com.ar\/","logo":{"@type":"ImageObject","inLanguage":"es","@id":"https:\/\/lobosnews.com.ar\/#\/schema\/logo\/image\/","url":"https:\/\/lobosnews.com.ar\/wp-content\/uploads\/2026\/01\/logo-lobosnews.png","contentUrl":"https:\/\/lobosnews.com.ar\/wp-content\/uploads\/2026\/01\/logo-lobosnews.png","width":500,"height":200,"caption":"Lobos News"},"image":{"@id":"https:\/\/lobosnews.com.ar\/#\/schema\/logo\/image\/"}},{"@type":"Person","@id":"https:\/\/lobosnews.com.ar\/#\/schema\/person\/232422a593d5c541dd9aef6aaed10943","name":"admin","image":{"@type":"ImageObject","inLanguage":"es","@id":"https:\/\/lobosnews.com.ar\/#\/schema\/person\/image\/","url":"https:\/\/secure.gravatar.com\/avatar\/76e419471a2083bc3ceab22a763dbbf9b0c1bd15a6214cf3280e2c2dde4580f9?s=96&d=mm&r=g","contentUrl":"https:\/\/secure.gravatar.com\/avatar\/76e419471a2083bc3ceab22a763dbbf9b0c1bd15a6214cf3280e2c2dde4580f9?s=96&d=mm&r=g","caption":"admin"},"sameAs":["https:\/\/lobosnews.com.ar"],"url":"https:\/\/lobosnews.com.ar\/index.php\/author\/lobos-news\/"}]}},"jetpack_featured_media_url":"https:\/\/lobosnews.com.ar\/wp-content\/uploads\/2026\/03\/de-advertencia-infantil-a-prejuicios-historicos-la-particular-historia-de-la-kindlifresserbrunnen-en-berna-4.jpg","jetpack_sharing_enabled":true,"_links":{"self":[{"href":"https:\/\/lobosnews.com.ar\/index.php\/wp-json\/wp\/v2\/posts\/29579","targetHints":{"allow":["GET"]}}],"collection":[{"href":"https:\/\/lobosnews.com.ar\/index.php\/wp-json\/wp\/v2\/posts"}],"about":[{"href":"https:\/\/lobosnews.com.ar\/index.php\/wp-json\/wp\/v2\/types\/post"}],"author":[{"embeddable":true,"href":"https:\/\/lobosnews.com.ar\/index.php\/wp-json\/wp\/v2\/users\/1"}],"replies":[{"embeddable":true,"href":"https:\/\/lobosnews.com.ar\/index.php\/wp-json\/wp\/v2\/comments?post=29579"}],"version-history":[{"count":1,"href":"https:\/\/lobosnews.com.ar\/index.php\/wp-json\/wp\/v2\/posts\/29579\/revisions"}],"predecessor-version":[{"id":29583,"href":"https:\/\/lobosnews.com.ar\/index.php\/wp-json\/wp\/v2\/posts\/29579\/revisions\/29583"}],"wp:featuredmedia":[{"embeddable":true,"href":"https:\/\/lobosnews.com.ar\/index.php\/wp-json\/wp\/v2\/media\/29584"}],"wp:attachment":[{"href":"https:\/\/lobosnews.com.ar\/index.php\/wp-json\/wp\/v2\/media?parent=29579"}],"wp:term":[{"taxonomy":"category","embeddable":true,"href":"https:\/\/lobosnews.com.ar\/index.php\/wp-json\/wp\/v2\/categories?post=29579"},{"taxonomy":"post_tag","embeddable":true,"href":"https:\/\/lobosnews.com.ar\/index.php\/wp-json\/wp\/v2\/tags?post=29579"}],"curies":[{"name":"wp","href":"https:\/\/api.w.org\/{rel}","templated":true}]}}