{"id":29574,"date":"2026-03-06T00:50:57","date_gmt":"2026-03-06T00:50:57","guid":{"rendered":"https:\/\/lobosnews.com.ar\/index.php\/2026\/03\/06\/catherine-fulop-mostro-fotos-ineditas-del-nacimiento-de-su-nieta-y-conto-a-cual-de-sus-padres-se-parece\/"},"modified":"2026-03-06T02:28:26","modified_gmt":"2026-03-06T02:28:26","slug":"catherine-fulop-mostro-fotos-ineditas-del-nacimiento-de-su-nieta-y-conto-a-cual-de-sus-padres-se-parece","status":"publish","type":"post","link":"https:\/\/lobosnews.com.ar\/index.php\/2026\/03\/06\/catherine-fulop-mostro-fotos-ineditas-del-nacimiento-de-su-nieta-y-conto-a-cual-de-sus-padres-se-parece\/","title":{"rendered":"Catherine Fulop mostr\u00f3 fotos in\u00e9ditas del nacimiento de su nieta y cont\u00f3 a cu\u00e1l de sus padres se parece"},"content":{"rendered":"<p>La llegada de <span class=\"waslinkname\"><b>Gia<\/b><\/span>, la primera hija de <span class=\"waslinkname\"><b>Oriana Sabatini<\/b><\/span> y<b> <\/b><span class=\"waslinkname\"><b>Paulo Dybala<\/b><\/span>, gener\u00f3 una verdadera revoluci\u00f3n de amor en la familia y en las redes sociales. Desde Italia, donde naci\u00f3 la beb\u00e9,<b> <\/b><span class=\"waslinkname\"><b>Catherine Fulop<\/b><\/span> comparti\u00f3 con sus seguidores la emoci\u00f3n que vive en esta nueva etapa de su vida como abuela y dio detalles in\u00e9ditos del nacimiento de la ni\u00f1a. Con la energ\u00eda y espontaneidad que la caracterizan, la actriz venezolana relat\u00f3 c\u00f3mo fue la previa al parto, revel\u00f3 que estuvo presente durante el trabajo de parto y hasta jug\u00f3 con la expectativa de mostrar el rostro de su nieta.<\/p>\n<p>A trav\u00e9s de su cuenta de Instagram, donde suele mantener un v\u00ednculo muy cercano con su comunidad, Fulop comparti\u00f3 varios videos y publicaciones en los que transmiti\u00f3 la intensidad de lo vivido en los d\u00edas previos al nacimiento. Visiblemente emocionada, comenz\u00f3 su relato con una frase que resum\u00eda el clima familiar que se viv\u00eda en ese momento. <b>\u201cMi gente bella, hola mi gente. Esto ha sido una locura, les juro. Estoy como en llamas\u201d<\/b>, dijo en una de sus historias, dejando en claro que el nacimiento de su primera nieta la desbord\u00f3 de felicidad.<\/p>\n<p>La actriz cont\u00f3 que tanto ella como su esposo, <b>Ova Sabatini<\/b>, y su hija menor, <b>Tiziana<\/b>, viajaron a Italia para acompa\u00f1ar a Oriana durante los d\u00edas previos al parto. Finalmente, el nacimiento se produjo el 2 de marzo, en medio de una espera que combin\u00f3 nervios, emoci\u00f3n y momentos de humor familiar.<\/p>\n<p><img loading=\"lazy\" decoding=\"async\" src=\"https:\/\/lobosnews.com.ar\/wp-content\/uploads\/2026\/03\/catherine-fulop-mostro-fotos-ineditas-del-nacimiento-de-su-nieta-y-conto-a-cual-de-sus-padres-se-parece.jpg\" alt=\"El nacimiento de Gia, la primera hija de Oriana Sabatini y Paulo Dybala, se convirti\u00f3 en un momento inolvidable para la familia y seguidores\" height=\"2560\" width=\"1440\"\/><\/p>\n<p>Despu\u00e9s de la espera, lleg\u00f3 el momento que todos estaban esperando: el nacimiento de Gia. Fulop describi\u00f3 ese instante como un verdadero milagro y destac\u00f3 tanto la fortaleza de su hija como el acompa\u00f1amiento permanente de Dybala durante el proceso. <b>\u201cLo que hemos vivido ha sido tan bello, tan grande. La verdad que es un milagro. Hay que estar muy agradecidos porque la vida nos ha dado, y Dios, la oportunidad de vivir este momento\u201d<\/b>, expres\u00f3.<\/p>\n<p>En otro de los videos que comparti\u00f3, la actriz sorprendi\u00f3 a sus seguidores al insinuar que iba a mostrar la primera imagen del rostro de su nieta. Durante algunos segundos, miles de usuarios pensaron que revelar\u00edan finalmente la cara completa de la beb\u00e9. Sin embargo, en el \u00faltimo momento Fulop se detuvo y decidi\u00f3 respetar la privacidad de los flamantes padres.<\/p>\n<p><b>\u201cMiren, les voy a poner una foto ac\u00e1\u2026 No, mejor no les pongo nada porque Gia se parece mucho a Oriana\u201d<\/b>, dijo entre risas. En lugar de mostrar a la reci\u00e9n nacida, comparti\u00f3 una fotograf\u00eda de su hija cuando era beb\u00e9, tomada hace casi tres d\u00e9cadas. Con ese gesto, la actriz dej\u00f3 una pista sobre el aspecto de su nieta y al mismo tiempo respet\u00f3 el deseo de Oriana y Paulo de presentar a la ni\u00f1a en sus propios tiempos.<\/p>\n<p><img loading=\"lazy\" decoding=\"async\" src=\"https:\/\/lobosnews.com.ar\/wp-content\/uploads\/2026\/03\/catherine-fulop-mostro-fotos-ineditas-del-nacimiento-de-su-nieta-y-conto-a-cual-de-sus-padres-se-parece-1.jpg\" alt=\"Catherine Fulop acompa\u00f1\u00f3 a Oriana Sabatini durante el trabajo de parto en Italia, fortaleciendo el v\u00ednculo familiar\" height=\"2560\" width=\"1440\"\/><\/p>\n<p>El comentario sobre el parecido f\u00edsico fue una de las revelaciones que m\u00e1s curiosidad despert\u00f3 entre los seguidores. Seg\u00fan Fulop, la beb\u00e9 tiene rasgos muy similares a los que ten\u00eda Oriana cuando era reci\u00e9n nacida, lo que gener\u00f3 una ola de comentarios y comparaciones en redes sociales.<\/p>\n<p>Adem\u00e1s de compartir an\u00e9cdotas, la actriz dej\u00f3 entrever un detalle que hasta ese momento no se conoc\u00eda p\u00fablicamente: ella estuvo presente durante el trabajo de parto de su hija. Lo mencion\u00f3 casi al pasar, con la naturalidad que la caracteriza.<b> \u201cBueno, ah\u00ed yo la estaba ayudando un poquito en un momento\u201d<\/b>, coment\u00f3, acompa\u00f1ando sus palabras con una foto tomada durante las horas previas al nacimiento.<\/p>\n<p>Ese gesto fue interpretado como una confirmaci\u00f3n de que Fulop acompa\u00f1\u00f3 a Oriana en uno de los momentos m\u00e1s intensos del proceso, no solo desde la sala de espera sino tambi\u00e9n de manera directa durante el trabajo de parto. Para la actriz, la llegada de su primera nieta representa una experiencia profundamente emocional. En varios de sus mensajes reflexion\u00f3 sobre lo que significa convertirse en abuela y el modo en que esa experiencia la conecta nuevamente con su propia historia como madre. <b>\u201cLlegar a ser abuelos es volver a tenerla en mis brazos a Oriana\u201d<\/b>, expres\u00f3 conmovida.<\/p>\n","protected":false},"excerpt":{"rendered":"<p>La llegada de Gia, la primera hija de Oriana Sabatini y Paulo Dybala, gener\u00f3 una verdadera revoluci\u00f3n de amor en la familia y en las redes sociales. Desde Italia, donde naci\u00f3 la beb\u00e9, Catherine Fulop comparti\u00f3 con sus seguidores la emoci\u00f3n que vive en esta nueva etapa de su vida como abuela y dio detalles&#8230;<\/p>\n","protected":false},"author":1,"featured_media":29578,"comment_status":"open","ping_status":"closed","sticky":false,"template":"","format":"standard","meta":{"_jetpack_memberships_contains_paid_content":false,"footnotes":""},"categories":[79],"tags":[],"class_list":["post-29574","post","type-post","status-publish","format-standard","has-post-thumbnail","hentry","category-cine-y-series"],"magazineBlocksPostFeaturedMedia":{"thumbnail":"https:\/\/lobosnews.com.ar\/wp-content\/uploads\/2026\/03\/catherine-fulop-mostro-fotos-ineditas-del-nacimiento-de-su-nieta-y-conto-a-cual-de-sus-padres-se-parece-2-150x150.jpg","medium":"https:\/\/lobosnews.com.ar\/wp-content\/uploads\/2026\/03\/catherine-fulop-mostro-fotos-ineditas-del-nacimiento-de-su-nieta-y-conto-a-cual-de-sus-padres-se-parece-2-169x300.jpg","medium_large":"https:\/\/lobosnews.com.ar\/wp-content\/uploads\/2026\/03\/catherine-fulop-mostro-fotos-ineditas-del-nacimiento-de-su-nieta-y-conto-a-cual-de-sus-padres-se-parece-2-768x1365.jpg","large":"https:\/\/lobosnews.com.ar\/wp-content\/uploads\/2026\/03\/catherine-fulop-mostro-fotos-ineditas-del-nacimiento-de-su-nieta-y-conto-a-cual-de-sus-padres-se-parece-2-576x1024.jpg","1536x1536":"https:\/\/lobosnews.com.ar\/wp-content\/uploads\/2026\/03\/catherine-fulop-mostro-fotos-ineditas-del-nacimiento-de-su-nieta-y-conto-a-cual-de-sus-padres-se-parece-2-864x1536.jpg","2048x2048":"https:\/\/lobosnews.com.ar\/wp-content\/uploads\/2026\/03\/catherine-fulop-mostro-fotos-ineditas-del-nacimiento-de-su-nieta-y-conto-a-cual-de-sus-padres-se-parece-2-1152x2048.jpg","newsmatic-featured":"https:\/\/lobosnews.com.ar\/wp-content\/uploads\/2026\/03\/catherine-fulop-mostro-fotos-ineditas-del-nacimiento-de-su-nieta-y-conto-a-cual-de-sus-padres-se-parece-2-820x545.jpg","newsmatic-list":"https:\/\/lobosnews.com.ar\/wp-content\/uploads\/2026\/03\/catherine-fulop-mostro-fotos-ineditas-del-nacimiento-de-su-nieta-y-conto-a-cual-de-sus-padres-se-parece-2-600x400.jpg","newsmatic-thumb":"https:\/\/lobosnews.com.ar\/wp-content\/uploads\/2026\/03\/catherine-fulop-mostro-fotos-ineditas-del-nacimiento-de-su-nieta-y-conto-a-cual-de-sus-padres-se-parece-2-300x200.jpg","newsmatic-small":"https:\/\/lobosnews.com.ar\/wp-content\/uploads\/2026\/03\/catherine-fulop-mostro-fotos-ineditas-del-nacimiento-de-su-nieta-y-conto-a-cual-de-sus-padres-se-parece-2-150x95.jpg","newsmatic-grid":"https:\/\/lobosnews.com.ar\/wp-content\/uploads\/2026\/03\/catherine-fulop-mostro-fotos-ineditas-del-nacimiento-de-su-nieta-y-conto-a-cual-de-sus-padres-se-parece-2-400x250.jpg"},"magazineBlocksPostAuthor":{"name":"admin","avatar":"https:\/\/secure.gravatar.com\/avatar\/76e419471a2083bc3ceab22a763dbbf9b0c1bd15a6214cf3280e2c2dde4580f9?s=96&d=mm&r=g"},"magazineBlocksPostCommentsNumber":"0","magazineBlocksPostExcerpt":"La llegada de Gia, la primera hija de Oriana Sabatini y Paulo Dybala, gener\u00f3 una verdadera revoluci\u00f3n de amor en la familia y en las redes sociales. Desde Italia, donde naci\u00f3 la beb\u00e9, Catherine Fulop comparti\u00f3 con sus seguidores la emoci\u00f3n que vive en esta nueva etapa de su vida como abuela y dio detalles...","magazineBlocksPostCategories":["Cine y Series"],"magazineBlocksPostViewCount":117,"magazineBlocksPostReadTime":4,"magazine_blocks_featured_image_url":{"full":["https:\/\/lobosnews.com.ar\/wp-content\/uploads\/2026\/03\/catherine-fulop-mostro-fotos-ineditas-del-nacimiento-de-su-nieta-y-conto-a-cual-de-sus-padres-se-parece-2.jpg",1440,2560,false],"medium":["https:\/\/lobosnews.com.ar\/wp-content\/uploads\/2026\/03\/catherine-fulop-mostro-fotos-ineditas-del-nacimiento-de-su-nieta-y-conto-a-cual-de-sus-padres-se-parece-2-169x300.jpg",169,300,true],"thumbnail":["https:\/\/lobosnews.com.ar\/wp-content\/uploads\/2026\/03\/catherine-fulop-mostro-fotos-ineditas-del-nacimiento-de-su-nieta-y-conto-a-cual-de-sus-padres-se-parece-2-150x150.jpg",150,150,true]},"magazine_blocks_author":{"display_name":"admin","author_link":"https:\/\/lobosnews.com.ar\/index.php\/author\/lobos-news\/"},"magazine_blocks_comment":0,"magazine_blocks_author_image":"https:\/\/secure.gravatar.com\/avatar\/76e419471a2083bc3ceab22a763dbbf9b0c1bd15a6214cf3280e2c2dde4580f9?s=96&d=mm&r=g","magazine_blocks_category":"<a href=\"#\" class=\"category-link category-link-79\">Cine y Series<\/a>","yoast_head":"<!-- This site is optimized with the Yoast SEO plugin v26.6 - https:\/\/yoast.com\/wordpress\/plugins\/seo\/ -->\n<title>Catherine Fulop mostr\u00f3 fotos in\u00e9ditas del nacimiento de su nieta y cont\u00f3 a cu\u00e1l de sus padres se parece - Lobos News<\/title>\n<meta name=\"robots\" content=\"index, follow, max-snippet:-1, max-image-preview:large, max-video-preview:-1\" \/>\n<link rel=\"canonical\" href=\"https:\/\/lobosnews.com.ar\/index.php\/2026\/03\/06\/catherine-fulop-mostro-fotos-ineditas-del-nacimiento-de-su-nieta-y-conto-a-cual-de-sus-padres-se-parece\/\" \/>\n<meta property=\"og:locale\" content=\"es_ES\" \/>\n<meta property=\"og:type\" content=\"article\" \/>\n<meta property=\"og:title\" content=\"Catherine Fulop mostr\u00f3 fotos in\u00e9ditas del nacimiento de su nieta y cont\u00f3 a cu\u00e1l de sus padres se parece - Lobos News\" \/>\n<meta property=\"og:description\" content=\"La llegada de Gia, la primera hija de Oriana Sabatini y Paulo Dybala, gener\u00f3 una verdadera revoluci\u00f3n de amor en la familia y en las redes sociales. Desde Italia, donde naci\u00f3 la beb\u00e9, Catherine Fulop comparti\u00f3 con sus seguidores la emoci\u00f3n que vive en esta nueva etapa de su vida como abuela y dio detalles...\" \/>\n<meta property=\"og:url\" content=\"https:\/\/lobosnews.com.ar\/index.php\/2026\/03\/06\/catherine-fulop-mostro-fotos-ineditas-del-nacimiento-de-su-nieta-y-conto-a-cual-de-sus-padres-se-parece\/\" \/>\n<meta property=\"og:site_name\" content=\"Lobos News\" \/>\n<meta property=\"article:published_time\" content=\"2026-03-06T00:50:57+00:00\" \/>\n<meta property=\"article:modified_time\" content=\"2026-03-06T02:28:26+00:00\" \/>\n<meta property=\"og:image\" content=\"https:\/\/lobosnews.com.ar\/wp-content\/uploads\/2026\/03\/catherine-fulop-mostro-fotos-ineditas-del-nacimiento-de-su-nieta-y-conto-a-cual-de-sus-padres-se-parece.jpg\" \/>\n<meta name=\"author\" content=\"admin\" \/>\n<meta name=\"twitter:card\" content=\"summary_large_image\" \/>\n<meta name=\"twitter:label1\" content=\"Escrito por\" \/>\n\t<meta name=\"twitter:data1\" content=\"admin\" \/>\n\t<meta name=\"twitter:label2\" content=\"Tiempo de lectura\" \/>\n\t<meta name=\"twitter:data2\" content=\"4 minutos\" \/>\n<script type=\"application\/ld+json\" class=\"yoast-schema-graph\">{\"@context\":\"https:\/\/schema.org\",\"@graph\":[{\"@type\":\"Article\",\"@id\":\"https:\/\/lobosnews.com.ar\/index.php\/2026\/03\/06\/catherine-fulop-mostro-fotos-ineditas-del-nacimiento-de-su-nieta-y-conto-a-cual-de-sus-padres-se-parece\/#article\",\"isPartOf\":{\"@id\":\"https:\/\/lobosnews.com.ar\/index.php\/2026\/03\/06\/catherine-fulop-mostro-fotos-ineditas-del-nacimiento-de-su-nieta-y-conto-a-cual-de-sus-padres-se-parece\/\"},\"author\":{\"name\":\"admin\",\"@id\":\"https:\/\/lobosnews.com.ar\/#\/schema\/person\/232422a593d5c541dd9aef6aaed10943\"},\"headline\":\"Catherine Fulop mostr\u00f3 fotos in\u00e9ditas del nacimiento de su nieta y cont\u00f3 a cu\u00e1l de sus padres se parece\",\"datePublished\":\"2026-03-06T00:50:57+00:00\",\"dateModified\":\"2026-03-06T02:28:26+00:00\",\"mainEntityOfPage\":{\"@id\":\"https:\/\/lobosnews.com.ar\/index.php\/2026\/03\/06\/catherine-fulop-mostro-fotos-ineditas-del-nacimiento-de-su-nieta-y-conto-a-cual-de-sus-padres-se-parece\/\"},\"wordCount\":727,\"commentCount\":0,\"publisher\":{\"@id\":\"https:\/\/lobosnews.com.ar\/#organization\"},\"image\":{\"@id\":\"https:\/\/lobosnews.com.ar\/index.php\/2026\/03\/06\/catherine-fulop-mostro-fotos-ineditas-del-nacimiento-de-su-nieta-y-conto-a-cual-de-sus-padres-se-parece\/#primaryimage\"},\"thumbnailUrl\":\"https:\/\/lobosnews.com.ar\/wp-content\/uploads\/2026\/03\/catherine-fulop-mostro-fotos-ineditas-del-nacimiento-de-su-nieta-y-conto-a-cual-de-sus-padres-se-parece-2.jpg\",\"articleSection\":[\"Cine y Series\"],\"inLanguage\":\"es\",\"potentialAction\":[{\"@type\":\"CommentAction\",\"name\":\"Comment\",\"target\":[\"https:\/\/lobosnews.com.ar\/index.php\/2026\/03\/06\/catherine-fulop-mostro-fotos-ineditas-del-nacimiento-de-su-nieta-y-conto-a-cual-de-sus-padres-se-parece\/#respond\"]}]},{\"@type\":\"WebPage\",\"@id\":\"https:\/\/lobosnews.com.ar\/index.php\/2026\/03\/06\/catherine-fulop-mostro-fotos-ineditas-del-nacimiento-de-su-nieta-y-conto-a-cual-de-sus-padres-se-parece\/\",\"url\":\"https:\/\/lobosnews.com.ar\/index.php\/2026\/03\/06\/catherine-fulop-mostro-fotos-ineditas-del-nacimiento-de-su-nieta-y-conto-a-cual-de-sus-padres-se-parece\/\",\"name\":\"Catherine Fulop mostr\u00f3 fotos in\u00e9ditas del nacimiento de su nieta y cont\u00f3 a cu\u00e1l de sus padres se parece - Lobos News\",\"isPartOf\":{\"@id\":\"https:\/\/lobosnews.com.ar\/#website\"},\"primaryImageOfPage\":{\"@id\":\"https:\/\/lobosnews.com.ar\/index.php\/2026\/03\/06\/catherine-fulop-mostro-fotos-ineditas-del-nacimiento-de-su-nieta-y-conto-a-cual-de-sus-padres-se-parece\/#primaryimage\"},\"image\":{\"@id\":\"https:\/\/lobosnews.com.ar\/index.php\/2026\/03\/06\/catherine-fulop-mostro-fotos-ineditas-del-nacimiento-de-su-nieta-y-conto-a-cual-de-sus-padres-se-parece\/#primaryimage\"},\"thumbnailUrl\":\"https:\/\/lobosnews.com.ar\/wp-content\/uploads\/2026\/03\/catherine-fulop-mostro-fotos-ineditas-del-nacimiento-de-su-nieta-y-conto-a-cual-de-sus-padres-se-parece-2.jpg\",\"datePublished\":\"2026-03-06T00:50:57+00:00\",\"dateModified\":\"2026-03-06T02:28:26+00:00\",\"breadcrumb\":{\"@id\":\"https:\/\/lobosnews.com.ar\/index.php\/2026\/03\/06\/catherine-fulop-mostro-fotos-ineditas-del-nacimiento-de-su-nieta-y-conto-a-cual-de-sus-padres-se-parece\/#breadcrumb\"},\"inLanguage\":\"es\",\"potentialAction\":[{\"@type\":\"ReadAction\",\"target\":[\"https:\/\/lobosnews.com.ar\/index.php\/2026\/03\/06\/catherine-fulop-mostro-fotos-ineditas-del-nacimiento-de-su-nieta-y-conto-a-cual-de-sus-padres-se-parece\/\"]}]},{\"@type\":\"ImageObject\",\"inLanguage\":\"es\",\"@id\":\"https:\/\/lobosnews.com.ar\/index.php\/2026\/03\/06\/catherine-fulop-mostro-fotos-ineditas-del-nacimiento-de-su-nieta-y-conto-a-cual-de-sus-padres-se-parece\/#primaryimage\",\"url\":\"https:\/\/lobosnews.com.ar\/wp-content\/uploads\/2026\/03\/catherine-fulop-mostro-fotos-ineditas-del-nacimiento-de-su-nieta-y-conto-a-cual-de-sus-padres-se-parece-2.jpg\",\"contentUrl\":\"https:\/\/lobosnews.com.ar\/wp-content\/uploads\/2026\/03\/catherine-fulop-mostro-fotos-ineditas-del-nacimiento-de-su-nieta-y-conto-a-cual-de-sus-padres-se-parece-2.jpg\",\"width\":1440,\"height\":2560,\"caption\":\"Catherine Fulop mostr\u00f3 fotos in\u00e9ditas del nacimiento de su nieta y cont\u00f3 a cu\u00e1l de sus padres se parece\"},{\"@type\":\"BreadcrumbList\",\"@id\":\"https:\/\/lobosnews.com.ar\/index.php\/2026\/03\/06\/catherine-fulop-mostro-fotos-ineditas-del-nacimiento-de-su-nieta-y-conto-a-cual-de-sus-padres-se-parece\/#breadcrumb\",\"itemListElement\":[{\"@type\":\"ListItem\",\"position\":1,\"name\":\"Portada\",\"item\":\"https:\/\/lobosnews.com.ar\/\"},{\"@type\":\"ListItem\",\"position\":2,\"name\":\"Catherine Fulop mostr\u00f3 fotos in\u00e9ditas del nacimiento de su nieta y cont\u00f3 a cu\u00e1l de sus padres se parece\"}]},{\"@type\":\"WebSite\",\"@id\":\"https:\/\/lobosnews.com.ar\/#website\",\"url\":\"https:\/\/lobosnews.com.ar\/\",\"name\":\"Lobos News\",\"description\":\"Informaci\u00f3n a cada instante\",\"publisher\":{\"@id\":\"https:\/\/lobosnews.com.ar\/#organization\"},\"potentialAction\":[{\"@type\":\"SearchAction\",\"target\":{\"@type\":\"EntryPoint\",\"urlTemplate\":\"https:\/\/lobosnews.com.ar\/?s={search_term_string}\"},\"query-input\":{\"@type\":\"PropertyValueSpecification\",\"valueRequired\":true,\"valueName\":\"search_term_string\"}}],\"inLanguage\":\"es\"},{\"@type\":\"Organization\",\"@id\":\"https:\/\/lobosnews.com.ar\/#organization\",\"name\":\"Lobos News\",\"url\":\"https:\/\/lobosnews.com.ar\/\",\"logo\":{\"@type\":\"ImageObject\",\"inLanguage\":\"es\",\"@id\":\"https:\/\/lobosnews.com.ar\/#\/schema\/logo\/image\/\",\"url\":\"https:\/\/lobosnews.com.ar\/wp-content\/uploads\/2026\/01\/logo-lobosnews.png\",\"contentUrl\":\"https:\/\/lobosnews.com.ar\/wp-content\/uploads\/2026\/01\/logo-lobosnews.png\",\"width\":500,\"height\":200,\"caption\":\"Lobos News\"},\"image\":{\"@id\":\"https:\/\/lobosnews.com.ar\/#\/schema\/logo\/image\/\"}},{\"@type\":\"Person\",\"@id\":\"https:\/\/lobosnews.com.ar\/#\/schema\/person\/232422a593d5c541dd9aef6aaed10943\",\"name\":\"admin\",\"image\":{\"@type\":\"ImageObject\",\"inLanguage\":\"es\",\"@id\":\"https:\/\/lobosnews.com.ar\/#\/schema\/person\/image\/\",\"url\":\"https:\/\/secure.gravatar.com\/avatar\/76e419471a2083bc3ceab22a763dbbf9b0c1bd15a6214cf3280e2c2dde4580f9?s=96&d=mm&r=g\",\"contentUrl\":\"https:\/\/secure.gravatar.com\/avatar\/76e419471a2083bc3ceab22a763dbbf9b0c1bd15a6214cf3280e2c2dde4580f9?s=96&d=mm&r=g\",\"caption\":\"admin\"},\"sameAs\":[\"https:\/\/lobosnews.com.ar\"],\"url\":\"https:\/\/lobosnews.com.ar\/index.php\/author\/lobos-news\/\"}]}<\/script>\n<!-- \/ Yoast SEO plugin. -->","yoast_head_json":{"title":"Catherine Fulop mostr\u00f3 fotos in\u00e9ditas del nacimiento de su nieta y cont\u00f3 a cu\u00e1l de sus padres se parece - Lobos News","robots":{"index":"index","follow":"follow","max-snippet":"max-snippet:-1","max-image-preview":"max-image-preview:large","max-video-preview":"max-video-preview:-1"},"canonical":"https:\/\/lobosnews.com.ar\/index.php\/2026\/03\/06\/catherine-fulop-mostro-fotos-ineditas-del-nacimiento-de-su-nieta-y-conto-a-cual-de-sus-padres-se-parece\/","og_locale":"es_ES","og_type":"article","og_title":"Catherine Fulop mostr\u00f3 fotos in\u00e9ditas del nacimiento de su nieta y cont\u00f3 a cu\u00e1l de sus padres se parece - Lobos News","og_description":"La llegada de Gia, la primera hija de Oriana Sabatini y Paulo Dybala, gener\u00f3 una verdadera revoluci\u00f3n de amor en la familia y en las redes sociales. Desde Italia, donde naci\u00f3 la beb\u00e9, Catherine Fulop comparti\u00f3 con sus seguidores la emoci\u00f3n que vive en esta nueva etapa de su vida como abuela y dio detalles...","og_url":"https:\/\/lobosnews.com.ar\/index.php\/2026\/03\/06\/catherine-fulop-mostro-fotos-ineditas-del-nacimiento-de-su-nieta-y-conto-a-cual-de-sus-padres-se-parece\/","og_site_name":"Lobos News","article_published_time":"2026-03-06T00:50:57+00:00","article_modified_time":"2026-03-06T02:28:26+00:00","og_image":[{"url":"https:\/\/lobosnews.com.ar\/wp-content\/uploads\/2026\/03\/catherine-fulop-mostro-fotos-ineditas-del-nacimiento-de-su-nieta-y-conto-a-cual-de-sus-padres-se-parece.jpg","type":"","width":"","height":""}],"author":"admin","twitter_card":"summary_large_image","twitter_misc":{"Escrito por":"admin","Tiempo de lectura":"4 minutos"},"schema":{"@context":"https:\/\/schema.org","@graph":[{"@type":"Article","@id":"https:\/\/lobosnews.com.ar\/index.php\/2026\/03\/06\/catherine-fulop-mostro-fotos-ineditas-del-nacimiento-de-su-nieta-y-conto-a-cual-de-sus-padres-se-parece\/#article","isPartOf":{"@id":"https:\/\/lobosnews.com.ar\/index.php\/2026\/03\/06\/catherine-fulop-mostro-fotos-ineditas-del-nacimiento-de-su-nieta-y-conto-a-cual-de-sus-padres-se-parece\/"},"author":{"name":"admin","@id":"https:\/\/lobosnews.com.ar\/#\/schema\/person\/232422a593d5c541dd9aef6aaed10943"},"headline":"Catherine Fulop mostr\u00f3 fotos in\u00e9ditas del nacimiento de su nieta y cont\u00f3 a cu\u00e1l de sus padres se parece","datePublished":"2026-03-06T00:50:57+00:00","dateModified":"2026-03-06T02:28:26+00:00","mainEntityOfPage":{"@id":"https:\/\/lobosnews.com.ar\/index.php\/2026\/03\/06\/catherine-fulop-mostro-fotos-ineditas-del-nacimiento-de-su-nieta-y-conto-a-cual-de-sus-padres-se-parece\/"},"wordCount":727,"commentCount":0,"publisher":{"@id":"https:\/\/lobosnews.com.ar\/#organization"},"image":{"@id":"https:\/\/lobosnews.com.ar\/index.php\/2026\/03\/06\/catherine-fulop-mostro-fotos-ineditas-del-nacimiento-de-su-nieta-y-conto-a-cual-de-sus-padres-se-parece\/#primaryimage"},"thumbnailUrl":"https:\/\/lobosnews.com.ar\/wp-content\/uploads\/2026\/03\/catherine-fulop-mostro-fotos-ineditas-del-nacimiento-de-su-nieta-y-conto-a-cual-de-sus-padres-se-parece-2.jpg","articleSection":["Cine y Series"],"inLanguage":"es","potentialAction":[{"@type":"CommentAction","name":"Comment","target":["https:\/\/lobosnews.com.ar\/index.php\/2026\/03\/06\/catherine-fulop-mostro-fotos-ineditas-del-nacimiento-de-su-nieta-y-conto-a-cual-de-sus-padres-se-parece\/#respond"]}]},{"@type":"WebPage","@id":"https:\/\/lobosnews.com.ar\/index.php\/2026\/03\/06\/catherine-fulop-mostro-fotos-ineditas-del-nacimiento-de-su-nieta-y-conto-a-cual-de-sus-padres-se-parece\/","url":"https:\/\/lobosnews.com.ar\/index.php\/2026\/03\/06\/catherine-fulop-mostro-fotos-ineditas-del-nacimiento-de-su-nieta-y-conto-a-cual-de-sus-padres-se-parece\/","name":"Catherine Fulop mostr\u00f3 fotos in\u00e9ditas del nacimiento de su nieta y cont\u00f3 a cu\u00e1l de sus padres se parece - Lobos News","isPartOf":{"@id":"https:\/\/lobosnews.com.ar\/#website"},"primaryImageOfPage":{"@id":"https:\/\/lobosnews.com.ar\/index.php\/2026\/03\/06\/catherine-fulop-mostro-fotos-ineditas-del-nacimiento-de-su-nieta-y-conto-a-cual-de-sus-padres-se-parece\/#primaryimage"},"image":{"@id":"https:\/\/lobosnews.com.ar\/index.php\/2026\/03\/06\/catherine-fulop-mostro-fotos-ineditas-del-nacimiento-de-su-nieta-y-conto-a-cual-de-sus-padres-se-parece\/#primaryimage"},"thumbnailUrl":"https:\/\/lobosnews.com.ar\/wp-content\/uploads\/2026\/03\/catherine-fulop-mostro-fotos-ineditas-del-nacimiento-de-su-nieta-y-conto-a-cual-de-sus-padres-se-parece-2.jpg","datePublished":"2026-03-06T00:50:57+00:00","dateModified":"2026-03-06T02:28:26+00:00","breadcrumb":{"@id":"https:\/\/lobosnews.com.ar\/index.php\/2026\/03\/06\/catherine-fulop-mostro-fotos-ineditas-del-nacimiento-de-su-nieta-y-conto-a-cual-de-sus-padres-se-parece\/#breadcrumb"},"inLanguage":"es","potentialAction":[{"@type":"ReadAction","target":["https:\/\/lobosnews.com.ar\/index.php\/2026\/03\/06\/catherine-fulop-mostro-fotos-ineditas-del-nacimiento-de-su-nieta-y-conto-a-cual-de-sus-padres-se-parece\/"]}]},{"@type":"ImageObject","inLanguage":"es","@id":"https:\/\/lobosnews.com.ar\/index.php\/2026\/03\/06\/catherine-fulop-mostro-fotos-ineditas-del-nacimiento-de-su-nieta-y-conto-a-cual-de-sus-padres-se-parece\/#primaryimage","url":"https:\/\/lobosnews.com.ar\/wp-content\/uploads\/2026\/03\/catherine-fulop-mostro-fotos-ineditas-del-nacimiento-de-su-nieta-y-conto-a-cual-de-sus-padres-se-parece-2.jpg","contentUrl":"https:\/\/lobosnews.com.ar\/wp-content\/uploads\/2026\/03\/catherine-fulop-mostro-fotos-ineditas-del-nacimiento-de-su-nieta-y-conto-a-cual-de-sus-padres-se-parece-2.jpg","width":1440,"height":2560,"caption":"Catherine Fulop mostr\u00f3 fotos in\u00e9ditas del nacimiento de su nieta y cont\u00f3 a cu\u00e1l de sus padres se parece"},{"@type":"BreadcrumbList","@id":"https:\/\/lobosnews.com.ar\/index.php\/2026\/03\/06\/catherine-fulop-mostro-fotos-ineditas-del-nacimiento-de-su-nieta-y-conto-a-cual-de-sus-padres-se-parece\/#breadcrumb","itemListElement":[{"@type":"ListItem","position":1,"name":"Portada","item":"https:\/\/lobosnews.com.ar\/"},{"@type":"ListItem","position":2,"name":"Catherine Fulop mostr\u00f3 fotos in\u00e9ditas del nacimiento de su nieta y cont\u00f3 a cu\u00e1l de sus padres se parece"}]},{"@type":"WebSite","@id":"https:\/\/lobosnews.com.ar\/#website","url":"https:\/\/lobosnews.com.ar\/","name":"Lobos News","description":"Informaci\u00f3n a cada instante","publisher":{"@id":"https:\/\/lobosnews.com.ar\/#organization"},"potentialAction":[{"@type":"SearchAction","target":{"@type":"EntryPoint","urlTemplate":"https:\/\/lobosnews.com.ar\/?s={search_term_string}"},"query-input":{"@type":"PropertyValueSpecification","valueRequired":true,"valueName":"search_term_string"}}],"inLanguage":"es"},{"@type":"Organization","@id":"https:\/\/lobosnews.com.ar\/#organization","name":"Lobos News","url":"https:\/\/lobosnews.com.ar\/","logo":{"@type":"ImageObject","inLanguage":"es","@id":"https:\/\/lobosnews.com.ar\/#\/schema\/logo\/image\/","url":"https:\/\/lobosnews.com.ar\/wp-content\/uploads\/2026\/01\/logo-lobosnews.png","contentUrl":"https:\/\/lobosnews.com.ar\/wp-content\/uploads\/2026\/01\/logo-lobosnews.png","width":500,"height":200,"caption":"Lobos News"},"image":{"@id":"https:\/\/lobosnews.com.ar\/#\/schema\/logo\/image\/"}},{"@type":"Person","@id":"https:\/\/lobosnews.com.ar\/#\/schema\/person\/232422a593d5c541dd9aef6aaed10943","name":"admin","image":{"@type":"ImageObject","inLanguage":"es","@id":"https:\/\/lobosnews.com.ar\/#\/schema\/person\/image\/","url":"https:\/\/secure.gravatar.com\/avatar\/76e419471a2083bc3ceab22a763dbbf9b0c1bd15a6214cf3280e2c2dde4580f9?s=96&d=mm&r=g","contentUrl":"https:\/\/secure.gravatar.com\/avatar\/76e419471a2083bc3ceab22a763dbbf9b0c1bd15a6214cf3280e2c2dde4580f9?s=96&d=mm&r=g","caption":"admin"},"sameAs":["https:\/\/lobosnews.com.ar"],"url":"https:\/\/lobosnews.com.ar\/index.php\/author\/lobos-news\/"}]}},"jetpack_featured_media_url":"https:\/\/lobosnews.com.ar\/wp-content\/uploads\/2026\/03\/catherine-fulop-mostro-fotos-ineditas-del-nacimiento-de-su-nieta-y-conto-a-cual-de-sus-padres-se-parece-2.jpg","jetpack_sharing_enabled":true,"_links":{"self":[{"href":"https:\/\/lobosnews.com.ar\/index.php\/wp-json\/wp\/v2\/posts\/29574","targetHints":{"allow":["GET"]}}],"collection":[{"href":"https:\/\/lobosnews.com.ar\/index.php\/wp-json\/wp\/v2\/posts"}],"about":[{"href":"https:\/\/lobosnews.com.ar\/index.php\/wp-json\/wp\/v2\/types\/post"}],"author":[{"embeddable":true,"href":"https:\/\/lobosnews.com.ar\/index.php\/wp-json\/wp\/v2\/users\/1"}],"replies":[{"embeddable":true,"href":"https:\/\/lobosnews.com.ar\/index.php\/wp-json\/wp\/v2\/comments?post=29574"}],"version-history":[{"count":1,"href":"https:\/\/lobosnews.com.ar\/index.php\/wp-json\/wp\/v2\/posts\/29574\/revisions"}],"predecessor-version":[{"id":29577,"href":"https:\/\/lobosnews.com.ar\/index.php\/wp-json\/wp\/v2\/posts\/29574\/revisions\/29577"}],"wp:featuredmedia":[{"embeddable":true,"href":"https:\/\/lobosnews.com.ar\/index.php\/wp-json\/wp\/v2\/media\/29578"}],"wp:attachment":[{"href":"https:\/\/lobosnews.com.ar\/index.php\/wp-json\/wp\/v2\/media?parent=29574"}],"wp:term":[{"taxonomy":"category","embeddable":true,"href":"https:\/\/lobosnews.com.ar\/index.php\/wp-json\/wp\/v2\/categories?post=29574"},{"taxonomy":"post_tag","embeddable":true,"href":"https:\/\/lobosnews.com.ar\/index.php\/wp-json\/wp\/v2\/tags?post=29574"}],"curies":[{"name":"wp","href":"https:\/\/api.w.org\/{rel}","templated":true}]}}