{"id":29554,"date":"2026-03-06T00:59:54","date_gmt":"2026-03-06T00:59:54","guid":{"rendered":"https:\/\/lobosnews.com.ar\/index.php\/2026\/03\/06\/las-muertes-masivas-de-aves-marinas-en-europa-encienden-las-alarmas-sobre-el-impacto-de-la-crisis-climatica\/"},"modified":"2026-03-06T02:26:01","modified_gmt":"2026-03-06T02:26:01","slug":"las-muertes-masivas-de-aves-marinas-en-europa-encienden-las-alarmas-sobre-el-impacto-de-la-crisis-climatica","status":"publish","type":"post","link":"https:\/\/lobosnews.com.ar\/index.php\/2026\/03\/06\/las-muertes-masivas-de-aves-marinas-en-europa-encienden-las-alarmas-sobre-el-impacto-de-la-crisis-climatica\/","title":{"rendered":"Las muertes masivas de aves marinas en Europa encienden las alarmas sobre el impacto de la crisis clim\u00e1tica"},"content":{"rendered":"<p><img loading=\"lazy\" decoding=\"async\" src=\"https:\/\/lobosnews.com.ar\/wp-content\/uploads\/2026\/03\/las-muertes-masivas-de-aves-marinas-en-europa-encienden-las-alarmas-sobre-el-impacto-de-la-crisis-climatica.jpg\" alt=\"El mayor varamiento de aves marinas en una d\u00e9cada afecta a frailecillos, araos y alcas en las costas europeas (Imagen Ilustrativa Infobae)\" height=\"768\" width=\"1408\"\/><\/p>\n<p>Miles de<span class=\"waslinkname\"><i><b> aves marinas<\/b><\/i><\/span>, entre ellas <b>frailecillos<\/b>, <b>araos<\/b> y <b>alcas<\/b>, han aparecido varadas y muertas en las <b>playas de Europa<\/b> durante las \u00faltimas semanas, en lo que especialistas describen como el mayor evento de varamiento masivo \u2014<b>\u201cwreck\u201d<\/b>\u2014 de la \u00faltima d\u00e9cada. Las consecuencias de esta situaci\u00f3n preocupan a los expertos, quienes advierten que las causas detr\u00e1s de este fen\u00f3meno podr\u00edan volverse m\u00e1s habituales debido al <b>cambio clim\u00e1tico<\/b> y dificultar la recuperaci\u00f3n de unas poblaciones ya bajo presi\u00f3n, seg\u00fan inform\u00f3 el medio <i>The Guardian<\/i>.<\/p>\n<p>Desde principios de febrero, las costas del Atl\u00e1ntico han registrado el hallazgo de <b>m\u00e1s de 38.000 aves marinas<\/b> varadas. <b>Francia<\/b> concentra la mayor parte de estos reportes, con <b>32.000 registros<\/b> en su territorio, seguida por <span class=\"waslinkname\"><i><b>Espa\u00f1a<\/b><\/i><i> <\/i><\/span>con <b>5.000<\/b> y <b>Portugal<\/b> con <b>1.200<\/b>. En el condado de Cornwall, en el <b>Reino Unido<\/b>, se documentaron <b>m\u00e1s de 300 frailecillos<\/b> arrastrados por las olas solo en febrero, explic\u00f3 <b>Rebecca Allen<\/b>, responsable de la <i>Cornwall Wildlife Trust Marine Strandings Network<\/i>, un programa dedicado al monitoreo de varamientos de fauna marina.<\/p>\n<p>Allen precis\u00f3 que normalmente en todo el a\u00f1o se reportan entre 40 y 100 aves varadas en Cornwall, mientras que <b>este a\u00f1o la cifra super\u00f3 los 300 ejemplares en tan solo unas semanas<\/b>. Las playas brit\u00e1nicas y europeas muestran una alta concentraci\u00f3n de muertes entre especies como frailecillos, araos, alcas y charranes, muchos de los cuales murieron por inanici\u00f3n al no lograr alimentarse en el mar abierto durante el invierno.<\/p>\n<p><img loading=\"lazy\" decoding=\"async\" src=\"https:\/\/lobosnews.com.ar\/wp-content\/uploads\/2026\/03\/las-muertes-masivas-de-aves-marinas-en-europa-encienden-las-alarmas-sobre-el-impacto-de-la-crisis-climatica-1.jpg\" alt=\"M\u00e1s de 38.000 aves marinas han aparecido muertas o debilitadas en Francia, Espa\u00f1a, Portugal y Reino Unido desde febrero (Imagen Ilustrativa Infobae)\" height=\"768\" width=\"1408\"\/><\/p>\n<h2>Tormentas sucesivas, clave en el aumento de varamientos de aves marinas<\/h2>\n<p>Especialistas atribuyen este desastre, el m\u00e1s grande en diez a\u00f1os, principalmente a la acci\u00f3n de <b>tormentas sucesivas<\/b> \u2014incluidas Goretti, Ingrid y Chandra\u2014 que golpearon el Atl\u00e1ntico desde enero. Las aves marinas, en particular los frailecillos que capturan presas buceando y dependen de aguas calmas y claras para cazar, vieron imposibilitada su alimentaci\u00f3n durante las semanas de mares agitados con poca visibilidad.<\/p>\n<p>El resultado se observa tanto en la costa como mar adentro. Los restos de las aves, con el estern\u00f3n sobresaliente, m\u00fasculos atrofiados y sin grasa, muestran una <b>muerte causada por hambre.<\/b> El fen\u00f3meno de \u201cwreck\u201d se presenta cuando numerosas aves marinas llegan exhaustas o muertas a las playas, con las condiciones ambientales extremas como principal desencadenante.<\/p>\n<h2>Un impacto agravado por amenazas previas y lenta recuperaci\u00f3n de especies<\/h2>\n<p>El da\u00f1o no se limita a lo que se observa en la costa. Seg\u00fan <b>Samuel Wrobel<\/b>, principal responsable de pol\u00edticas marinas de la organizaci\u00f3n <i>RSPB<\/i> (Royal Society for the Protection of Birds), los ejemplares encontrados <b>\u201cprobablemente representan una fracci\u00f3n de los que a\u00fan yacen en el mar\u201d<\/b>. En 2014, un evento similar llev\u00f3 a <b>55.000 aves varadas<\/b> en Europa, el <b>94%<\/b> de ellas halladas muertas; en 1983, el r\u00e9cord fue de <b>34.000 ejemplares<\/b> en aguas brit\u00e1nicas.<\/p>\n<p><img loading=\"lazy\" decoding=\"async\" src=\"https:\/\/lobosnews.com.ar\/wp-content\/uploads\/2026\/03\/las-muertes-masivas-de-aves-marinas-en-europa-encienden-las-alarmas-sobre-el-impacto-de-la-crisis-climatica-2.jpg\" alt=\"Las tormentas consecutivas sobre el Atl\u00e1ntico dificultaron la alimentaci\u00f3n de aves marinas y provocaron un fen\u00f3meno de inanici\u00f3n masiva REUTERS\/Rebecca Naden\/File Photo\" height=\"1140\" width=\"1570\"\/><\/p>\n<p>Wrobel puntualiz\u00f3: <b>\u201cEspecies queridas que son carism\u00e1ticas y emblemas de nuestra costa\u201d<\/b> se ven gravemente afectadas, y resalt\u00f3 que los frailecillos, debido a su longevidad y \u00fanico pollo por a\u00f1o, tienen una <b>\u201crecuperaci\u00f3n poblacional extremadamente lenta\u201d<\/b>.<\/p>\n<p>A este escenario se suma la presi\u00f3n causada por la <b>sobrepesca<\/b>, que reduce la disponibilidad de alimento, adem\u00e1s de los proyectos e\u00f3licos que alteran el h\u00e1bitat y la incidencia de la <b>gripe aviar H5N1<\/b>, que, desde 2021, ha reducido de forma preocupante el n\u00famero de aves marinas.<\/p>\n<p>Actualmente, <b>diez especies de aves marinas reproductoras del Reino Unido<\/b> figuran en la lista roja de aves en peligro. Desde la creaci\u00f3n de esa lista en 1996, que entonces solo inclu\u00eda una especie marina, la situaci\u00f3n se ha deteriorado debido a factores como el cambio clim\u00e1tico y la falta de medidas pol\u00edticas.<\/p>\n<p>Wrobel a\u00f1adi\u00f3: \u201cPara recuperarse, las aves marinas necesitan que se alivien otras presiones. Eso les da la oportunidad de repuntar. Solo que estamos viendo inacci\u00f3n. <b>Sin reducir esas amenazas y con eventos como este, pronto veremos c\u00f3mo desaparecen de nuestras costas\u201d.<\/b><\/p>\n<p><img loading=\"lazy\" decoding=\"async\" src=\"https:\/\/lobosnews.com.ar\/wp-content\/uploads\/2026\/03\/las-muertes-masivas-de-aves-marinas-en-europa-encienden-las-alarmas-sobre-el-impacto-de-la-crisis-climatica-3.jpg\" alt=\"La mortalidad de aves marinas se agrava por amenazas como la sobrepesca, la reducci\u00f3n de h\u00e1bitats y la gripe aviar H5N1 (The Grosby Group)\" height=\"2161\" width=\"3238\"\/><\/p>\n<h2>Precauciones sanitarias y rescate de ejemplares debilitados<\/h2>\n<p>Aunque las autoridades consideran improbable una epidemia como causa principal de las muertes, advierten que <b>las aves muertas o heridas pueden portar pat\u00f3genos<\/b> y recomiendan no tocarlas. Para informar hallazgos, en Inglaterra, Escocia y Gales est\u00e1 disponible el sistema en l\u00ednea oficial o la l\u00ednea telef\u00f3nica de Defra, mientras que en Irlanda del Norte debe notificarse mediante el sistema digital de <i>DAERA<\/i> (Departamento de Agricultura, Medio Ambiente y Asuntos Rurales).<\/p>\n<p>Entre los ejemplares rescatados en rehabilitaci\u00f3n destaca un <b>frailecillo de 34 a\u00f1os<\/b>, el ave m\u00e1s longeva atendida en un centro especializado en Aberdeenshire, aunque falleci\u00f3 poco despu\u00e9s de su llegada.<\/p>\n<p>La recurrencia cada vez mayor de estos eventos de mortalidad masiva, que en el pasado se produc\u00edan en intervalos de varias d\u00e9cadas, enfatiza la alarma sobre el futuro de las aves marinas europeas ante la combinaci\u00f3n de crisis clim\u00e1tica y presiones humanas, seg\u00fan relataron los expertos consultados por <i>The Guardian<\/i>.<\/p>\n","protected":false},"excerpt":{"rendered":"<p>Miles de aves marinas, entre ellas frailecillos, araos y alcas, han aparecido varadas y muertas en las playas de Europa durante las \u00faltimas semanas, en lo que especialistas describen como el mayor evento de varamiento masivo \u2014\u201cwreck\u201d\u2014 de la \u00faltima d\u00e9cada. Las consecuencias de esta situaci\u00f3n preocupan a los expertos, quienes advierten que las causas&#8230;<\/p>\n","protected":false},"author":1,"featured_media":29560,"comment_status":"open","ping_status":"closed","sticky":false,"template":"","format":"standard","meta":{"_jetpack_memberships_contains_paid_content":false,"footnotes":""},"categories":[31],"tags":[],"class_list":["post-29554","post","type-post","status-publish","format-standard","has-post-thumbnail","hentry","category-actualidad"],"magazineBlocksPostFeaturedMedia":{"thumbnail":"https:\/\/lobosnews.com.ar\/wp-content\/uploads\/2026\/03\/las-muertes-masivas-de-aves-marinas-en-europa-encienden-las-alarmas-sobre-el-impacto-de-la-crisis-climatica-6-150x150.jpg","medium":"https:\/\/lobosnews.com.ar\/wp-content\/uploads\/2026\/03\/las-muertes-masivas-de-aves-marinas-en-europa-encienden-las-alarmas-sobre-el-impacto-de-la-crisis-climatica-6-300x200.jpg","medium_large":"https:\/\/lobosnews.com.ar\/wp-content\/uploads\/2026\/03\/las-muertes-masivas-de-aves-marinas-en-europa-encienden-las-alarmas-sobre-el-impacto-de-la-crisis-climatica-6-768x513.jpg","large":"https:\/\/lobosnews.com.ar\/wp-content\/uploads\/2026\/03\/las-muertes-masivas-de-aves-marinas-en-europa-encienden-las-alarmas-sobre-el-impacto-de-la-crisis-climatica-6-1024x683.jpg","1536x1536":"https:\/\/lobosnews.com.ar\/wp-content\/uploads\/2026\/03\/las-muertes-masivas-de-aves-marinas-en-europa-encienden-las-alarmas-sobre-el-impacto-de-la-crisis-climatica-6-1536x1025.jpg","2048x2048":"https:\/\/lobosnews.com.ar\/wp-content\/uploads\/2026\/03\/las-muertes-masivas-de-aves-marinas-en-europa-encienden-las-alarmas-sobre-el-impacto-de-la-crisis-climatica-6-2048x1367.jpg","newsmatic-featured":"https:\/\/lobosnews.com.ar\/wp-content\/uploads\/2026\/03\/las-muertes-masivas-de-aves-marinas-en-europa-encienden-las-alarmas-sobre-el-impacto-de-la-crisis-climatica-6-820x545.jpg","newsmatic-list":"https:\/\/lobosnews.com.ar\/wp-content\/uploads\/2026\/03\/las-muertes-masivas-de-aves-marinas-en-europa-encienden-las-alarmas-sobre-el-impacto-de-la-crisis-climatica-6-600x400.jpg","newsmatic-thumb":"https:\/\/lobosnews.com.ar\/wp-content\/uploads\/2026\/03\/las-muertes-masivas-de-aves-marinas-en-europa-encienden-las-alarmas-sobre-el-impacto-de-la-crisis-climatica-6-300x200.jpg","newsmatic-small":"https:\/\/lobosnews.com.ar\/wp-content\/uploads\/2026\/03\/las-muertes-masivas-de-aves-marinas-en-europa-encienden-las-alarmas-sobre-el-impacto-de-la-crisis-climatica-6-150x95.jpg","newsmatic-grid":"https:\/\/lobosnews.com.ar\/wp-content\/uploads\/2026\/03\/las-muertes-masivas-de-aves-marinas-en-europa-encienden-las-alarmas-sobre-el-impacto-de-la-crisis-climatica-6-400x250.jpg"},"magazineBlocksPostAuthor":{"name":"admin","avatar":"https:\/\/secure.gravatar.com\/avatar\/76e419471a2083bc3ceab22a763dbbf9b0c1bd15a6214cf3280e2c2dde4580f9?s=96&d=mm&r=g"},"magazineBlocksPostCommentsNumber":"0","magazineBlocksPostExcerpt":"Miles de aves marinas, entre ellas frailecillos, araos y alcas, han aparecido varadas y muertas en las playas de Europa durante las \u00faltimas semanas, en lo que especialistas describen como el mayor evento de varamiento masivo \u2014\u201cwreck\u201d\u2014 de la \u00faltima d\u00e9cada. Las consecuencias de esta situaci\u00f3n preocupan a los expertos, quienes advierten que las causas...","magazineBlocksPostCategories":["Actualidad"],"magazineBlocksPostViewCount":85,"magazineBlocksPostReadTime":5,"magazine_blocks_featured_image_url":{"full":["https:\/\/lobosnews.com.ar\/wp-content\/uploads\/2026\/03\/las-muertes-masivas-de-aves-marinas-en-europa-encienden-las-alarmas-sobre-el-impacto-de-la-crisis-climatica-6-scaled.jpg",2560,1709,false],"medium":["https:\/\/lobosnews.com.ar\/wp-content\/uploads\/2026\/03\/las-muertes-masivas-de-aves-marinas-en-europa-encienden-las-alarmas-sobre-el-impacto-de-la-crisis-climatica-6-300x200.jpg",300,200,true],"thumbnail":["https:\/\/lobosnews.com.ar\/wp-content\/uploads\/2026\/03\/las-muertes-masivas-de-aves-marinas-en-europa-encienden-las-alarmas-sobre-el-impacto-de-la-crisis-climatica-6-150x150.jpg",150,150,true]},"magazine_blocks_author":{"display_name":"admin","author_link":"https:\/\/lobosnews.com.ar\/index.php\/author\/lobos-news\/"},"magazine_blocks_comment":0,"magazine_blocks_author_image":"https:\/\/secure.gravatar.com\/avatar\/76e419471a2083bc3ceab22a763dbbf9b0c1bd15a6214cf3280e2c2dde4580f9?s=96&d=mm&r=g","magazine_blocks_category":"<a href=\"#\" class=\"category-link category-link-31\">Actualidad<\/a>","yoast_head":"<!-- This site is optimized with the Yoast SEO plugin v26.6 - https:\/\/yoast.com\/wordpress\/plugins\/seo\/ -->\n<title>Las muertes masivas de aves marinas en Europa encienden las alarmas sobre el impacto de la crisis clim\u00e1tica - Lobos News<\/title>\n<meta name=\"robots\" content=\"index, follow, max-snippet:-1, max-image-preview:large, max-video-preview:-1\" \/>\n<link rel=\"canonical\" href=\"https:\/\/lobosnews.com.ar\/index.php\/2026\/03\/06\/las-muertes-masivas-de-aves-marinas-en-europa-encienden-las-alarmas-sobre-el-impacto-de-la-crisis-climatica\/\" \/>\n<meta property=\"og:locale\" content=\"es_ES\" \/>\n<meta property=\"og:type\" content=\"article\" \/>\n<meta property=\"og:title\" content=\"Las muertes masivas de aves marinas en Europa encienden las alarmas sobre el impacto de la crisis clim\u00e1tica - Lobos News\" \/>\n<meta property=\"og:description\" content=\"Miles de aves marinas, entre ellas frailecillos, araos y alcas, han aparecido varadas y muertas en las playas de Europa durante las \u00faltimas semanas, en lo que especialistas describen como el mayor evento de varamiento masivo \u2014\u201cwreck\u201d\u2014 de la \u00faltima d\u00e9cada. Las consecuencias de esta situaci\u00f3n preocupan a los expertos, quienes advierten que las causas...\" \/>\n<meta property=\"og:url\" content=\"https:\/\/lobosnews.com.ar\/index.php\/2026\/03\/06\/las-muertes-masivas-de-aves-marinas-en-europa-encienden-las-alarmas-sobre-el-impacto-de-la-crisis-climatica\/\" \/>\n<meta property=\"og:site_name\" content=\"Lobos News\" \/>\n<meta property=\"article:published_time\" content=\"2026-03-06T00:59:54+00:00\" \/>\n<meta property=\"article:modified_time\" content=\"2026-03-06T02:26:01+00:00\" \/>\n<meta property=\"og:image\" content=\"https:\/\/lobosnews.com.ar\/wp-content\/uploads\/2026\/03\/las-muertes-masivas-de-aves-marinas-en-europa-encienden-las-alarmas-sobre-el-impacto-de-la-crisis-climatica.jpg\" \/>\n<meta name=\"author\" content=\"admin\" \/>\n<meta name=\"twitter:card\" content=\"summary_large_image\" \/>\n<meta name=\"twitter:label1\" content=\"Escrito por\" \/>\n\t<meta name=\"twitter:data1\" content=\"admin\" \/>\n\t<meta name=\"twitter:label2\" content=\"Tiempo de lectura\" \/>\n\t<meta name=\"twitter:data2\" content=\"4 minutos\" \/>\n<script type=\"application\/ld+json\" class=\"yoast-schema-graph\">{\"@context\":\"https:\/\/schema.org\",\"@graph\":[{\"@type\":\"Article\",\"@id\":\"https:\/\/lobosnews.com.ar\/index.php\/2026\/03\/06\/las-muertes-masivas-de-aves-marinas-en-europa-encienden-las-alarmas-sobre-el-impacto-de-la-crisis-climatica\/#article\",\"isPartOf\":{\"@id\":\"https:\/\/lobosnews.com.ar\/index.php\/2026\/03\/06\/las-muertes-masivas-de-aves-marinas-en-europa-encienden-las-alarmas-sobre-el-impacto-de-la-crisis-climatica\/\"},\"author\":{\"name\":\"admin\",\"@id\":\"https:\/\/lobosnews.com.ar\/#\/schema\/person\/232422a593d5c541dd9aef6aaed10943\"},\"headline\":\"Las muertes masivas de aves marinas en Europa encienden las alarmas sobre el impacto de la crisis clim\u00e1tica\",\"datePublished\":\"2026-03-06T00:59:54+00:00\",\"dateModified\":\"2026-03-06T02:26:01+00:00\",\"mainEntityOfPage\":{\"@id\":\"https:\/\/lobosnews.com.ar\/index.php\/2026\/03\/06\/las-muertes-masivas-de-aves-marinas-en-europa-encienden-las-alarmas-sobre-el-impacto-de-la-crisis-climatica\/\"},\"wordCount\":856,\"commentCount\":0,\"publisher\":{\"@id\":\"https:\/\/lobosnews.com.ar\/#organization\"},\"image\":{\"@id\":\"https:\/\/lobosnews.com.ar\/index.php\/2026\/03\/06\/las-muertes-masivas-de-aves-marinas-en-europa-encienden-las-alarmas-sobre-el-impacto-de-la-crisis-climatica\/#primaryimage\"},\"thumbnailUrl\":\"https:\/\/lobosnews.com.ar\/wp-content\/uploads\/2026\/03\/las-muertes-masivas-de-aves-marinas-en-europa-encienden-las-alarmas-sobre-el-impacto-de-la-crisis-climatica-6-scaled.jpg\",\"articleSection\":[\"Actualidad\"],\"inLanguage\":\"es\",\"potentialAction\":[{\"@type\":\"CommentAction\",\"name\":\"Comment\",\"target\":[\"https:\/\/lobosnews.com.ar\/index.php\/2026\/03\/06\/las-muertes-masivas-de-aves-marinas-en-europa-encienden-las-alarmas-sobre-el-impacto-de-la-crisis-climatica\/#respond\"]}]},{\"@type\":\"WebPage\",\"@id\":\"https:\/\/lobosnews.com.ar\/index.php\/2026\/03\/06\/las-muertes-masivas-de-aves-marinas-en-europa-encienden-las-alarmas-sobre-el-impacto-de-la-crisis-climatica\/\",\"url\":\"https:\/\/lobosnews.com.ar\/index.php\/2026\/03\/06\/las-muertes-masivas-de-aves-marinas-en-europa-encienden-las-alarmas-sobre-el-impacto-de-la-crisis-climatica\/\",\"name\":\"Las muertes masivas de aves marinas en Europa encienden las alarmas sobre el impacto de la crisis clim\u00e1tica - Lobos News\",\"isPartOf\":{\"@id\":\"https:\/\/lobosnews.com.ar\/#website\"},\"primaryImageOfPage\":{\"@id\":\"https:\/\/lobosnews.com.ar\/index.php\/2026\/03\/06\/las-muertes-masivas-de-aves-marinas-en-europa-encienden-las-alarmas-sobre-el-impacto-de-la-crisis-climatica\/#primaryimage\"},\"image\":{\"@id\":\"https:\/\/lobosnews.com.ar\/index.php\/2026\/03\/06\/las-muertes-masivas-de-aves-marinas-en-europa-encienden-las-alarmas-sobre-el-impacto-de-la-crisis-climatica\/#primaryimage\"},\"thumbnailUrl\":\"https:\/\/lobosnews.com.ar\/wp-content\/uploads\/2026\/03\/las-muertes-masivas-de-aves-marinas-en-europa-encienden-las-alarmas-sobre-el-impacto-de-la-crisis-climatica-6-scaled.jpg\",\"datePublished\":\"2026-03-06T00:59:54+00:00\",\"dateModified\":\"2026-03-06T02:26:01+00:00\",\"breadcrumb\":{\"@id\":\"https:\/\/lobosnews.com.ar\/index.php\/2026\/03\/06\/las-muertes-masivas-de-aves-marinas-en-europa-encienden-las-alarmas-sobre-el-impacto-de-la-crisis-climatica\/#breadcrumb\"},\"inLanguage\":\"es\",\"potentialAction\":[{\"@type\":\"ReadAction\",\"target\":[\"https:\/\/lobosnews.com.ar\/index.php\/2026\/03\/06\/las-muertes-masivas-de-aves-marinas-en-europa-encienden-las-alarmas-sobre-el-impacto-de-la-crisis-climatica\/\"]}]},{\"@type\":\"ImageObject\",\"inLanguage\":\"es\",\"@id\":\"https:\/\/lobosnews.com.ar\/index.php\/2026\/03\/06\/las-muertes-masivas-de-aves-marinas-en-europa-encienden-las-alarmas-sobre-el-impacto-de-la-crisis-climatica\/#primaryimage\",\"url\":\"https:\/\/lobosnews.com.ar\/wp-content\/uploads\/2026\/03\/las-muertes-masivas-de-aves-marinas-en-europa-encienden-las-alarmas-sobre-el-impacto-de-la-crisis-climatica-6-scaled.jpg\",\"contentUrl\":\"https:\/\/lobosnews.com.ar\/wp-content\/uploads\/2026\/03\/las-muertes-masivas-de-aves-marinas-en-europa-encienden-las-alarmas-sobre-el-impacto-de-la-crisis-climatica-6-scaled.jpg\",\"width\":2560,\"height\":1709,\"caption\":\"Las muertes masivas de aves marinas en Europa encienden las alarmas sobre el impacto de la crisis clim\u00e1tica\"},{\"@type\":\"BreadcrumbList\",\"@id\":\"https:\/\/lobosnews.com.ar\/index.php\/2026\/03\/06\/las-muertes-masivas-de-aves-marinas-en-europa-encienden-las-alarmas-sobre-el-impacto-de-la-crisis-climatica\/#breadcrumb\",\"itemListElement\":[{\"@type\":\"ListItem\",\"position\":1,\"name\":\"Portada\",\"item\":\"https:\/\/lobosnews.com.ar\/\"},{\"@type\":\"ListItem\",\"position\":2,\"name\":\"Las muertes masivas de aves marinas en Europa encienden las alarmas sobre el impacto de la crisis clim\u00e1tica\"}]},{\"@type\":\"WebSite\",\"@id\":\"https:\/\/lobosnews.com.ar\/#website\",\"url\":\"https:\/\/lobosnews.com.ar\/\",\"name\":\"Lobos News\",\"description\":\"Informaci\u00f3n a cada instante\",\"publisher\":{\"@id\":\"https:\/\/lobosnews.com.ar\/#organization\"},\"potentialAction\":[{\"@type\":\"SearchAction\",\"target\":{\"@type\":\"EntryPoint\",\"urlTemplate\":\"https:\/\/lobosnews.com.ar\/?s={search_term_string}\"},\"query-input\":{\"@type\":\"PropertyValueSpecification\",\"valueRequired\":true,\"valueName\":\"search_term_string\"}}],\"inLanguage\":\"es\"},{\"@type\":\"Organization\",\"@id\":\"https:\/\/lobosnews.com.ar\/#organization\",\"name\":\"Lobos News\",\"url\":\"https:\/\/lobosnews.com.ar\/\",\"logo\":{\"@type\":\"ImageObject\",\"inLanguage\":\"es\",\"@id\":\"https:\/\/lobosnews.com.ar\/#\/schema\/logo\/image\/\",\"url\":\"https:\/\/lobosnews.com.ar\/wp-content\/uploads\/2026\/01\/logo-lobosnews.png\",\"contentUrl\":\"https:\/\/lobosnews.com.ar\/wp-content\/uploads\/2026\/01\/logo-lobosnews.png\",\"width\":500,\"height\":200,\"caption\":\"Lobos News\"},\"image\":{\"@id\":\"https:\/\/lobosnews.com.ar\/#\/schema\/logo\/image\/\"}},{\"@type\":\"Person\",\"@id\":\"https:\/\/lobosnews.com.ar\/#\/schema\/person\/232422a593d5c541dd9aef6aaed10943\",\"name\":\"admin\",\"image\":{\"@type\":\"ImageObject\",\"inLanguage\":\"es\",\"@id\":\"https:\/\/lobosnews.com.ar\/#\/schema\/person\/image\/\",\"url\":\"https:\/\/secure.gravatar.com\/avatar\/76e419471a2083bc3ceab22a763dbbf9b0c1bd15a6214cf3280e2c2dde4580f9?s=96&d=mm&r=g\",\"contentUrl\":\"https:\/\/secure.gravatar.com\/avatar\/76e419471a2083bc3ceab22a763dbbf9b0c1bd15a6214cf3280e2c2dde4580f9?s=96&d=mm&r=g\",\"caption\":\"admin\"},\"sameAs\":[\"https:\/\/lobosnews.com.ar\"],\"url\":\"https:\/\/lobosnews.com.ar\/index.php\/author\/lobos-news\/\"}]}<\/script>\n<!-- \/ Yoast SEO plugin. -->","yoast_head_json":{"title":"Las muertes masivas de aves marinas en Europa encienden las alarmas sobre el impacto de la crisis clim\u00e1tica - Lobos News","robots":{"index":"index","follow":"follow","max-snippet":"max-snippet:-1","max-image-preview":"max-image-preview:large","max-video-preview":"max-video-preview:-1"},"canonical":"https:\/\/lobosnews.com.ar\/index.php\/2026\/03\/06\/las-muertes-masivas-de-aves-marinas-en-europa-encienden-las-alarmas-sobre-el-impacto-de-la-crisis-climatica\/","og_locale":"es_ES","og_type":"article","og_title":"Las muertes masivas de aves marinas en Europa encienden las alarmas sobre el impacto de la crisis clim\u00e1tica - Lobos News","og_description":"Miles de aves marinas, entre ellas frailecillos, araos y alcas, han aparecido varadas y muertas en las playas de Europa durante las \u00faltimas semanas, en lo que especialistas describen como el mayor evento de varamiento masivo \u2014\u201cwreck\u201d\u2014 de la \u00faltima d\u00e9cada. Las consecuencias de esta situaci\u00f3n preocupan a los expertos, quienes advierten que las causas...","og_url":"https:\/\/lobosnews.com.ar\/index.php\/2026\/03\/06\/las-muertes-masivas-de-aves-marinas-en-europa-encienden-las-alarmas-sobre-el-impacto-de-la-crisis-climatica\/","og_site_name":"Lobos News","article_published_time":"2026-03-06T00:59:54+00:00","article_modified_time":"2026-03-06T02:26:01+00:00","og_image":[{"url":"https:\/\/lobosnews.com.ar\/wp-content\/uploads\/2026\/03\/las-muertes-masivas-de-aves-marinas-en-europa-encienden-las-alarmas-sobre-el-impacto-de-la-crisis-climatica.jpg","type":"","width":"","height":""}],"author":"admin","twitter_card":"summary_large_image","twitter_misc":{"Escrito por":"admin","Tiempo de lectura":"4 minutos"},"schema":{"@context":"https:\/\/schema.org","@graph":[{"@type":"Article","@id":"https:\/\/lobosnews.com.ar\/index.php\/2026\/03\/06\/las-muertes-masivas-de-aves-marinas-en-europa-encienden-las-alarmas-sobre-el-impacto-de-la-crisis-climatica\/#article","isPartOf":{"@id":"https:\/\/lobosnews.com.ar\/index.php\/2026\/03\/06\/las-muertes-masivas-de-aves-marinas-en-europa-encienden-las-alarmas-sobre-el-impacto-de-la-crisis-climatica\/"},"author":{"name":"admin","@id":"https:\/\/lobosnews.com.ar\/#\/schema\/person\/232422a593d5c541dd9aef6aaed10943"},"headline":"Las muertes masivas de aves marinas en Europa encienden las alarmas sobre el impacto de la crisis clim\u00e1tica","datePublished":"2026-03-06T00:59:54+00:00","dateModified":"2026-03-06T02:26:01+00:00","mainEntityOfPage":{"@id":"https:\/\/lobosnews.com.ar\/index.php\/2026\/03\/06\/las-muertes-masivas-de-aves-marinas-en-europa-encienden-las-alarmas-sobre-el-impacto-de-la-crisis-climatica\/"},"wordCount":856,"commentCount":0,"publisher":{"@id":"https:\/\/lobosnews.com.ar\/#organization"},"image":{"@id":"https:\/\/lobosnews.com.ar\/index.php\/2026\/03\/06\/las-muertes-masivas-de-aves-marinas-en-europa-encienden-las-alarmas-sobre-el-impacto-de-la-crisis-climatica\/#primaryimage"},"thumbnailUrl":"https:\/\/lobosnews.com.ar\/wp-content\/uploads\/2026\/03\/las-muertes-masivas-de-aves-marinas-en-europa-encienden-las-alarmas-sobre-el-impacto-de-la-crisis-climatica-6-scaled.jpg","articleSection":["Actualidad"],"inLanguage":"es","potentialAction":[{"@type":"CommentAction","name":"Comment","target":["https:\/\/lobosnews.com.ar\/index.php\/2026\/03\/06\/las-muertes-masivas-de-aves-marinas-en-europa-encienden-las-alarmas-sobre-el-impacto-de-la-crisis-climatica\/#respond"]}]},{"@type":"WebPage","@id":"https:\/\/lobosnews.com.ar\/index.php\/2026\/03\/06\/las-muertes-masivas-de-aves-marinas-en-europa-encienden-las-alarmas-sobre-el-impacto-de-la-crisis-climatica\/","url":"https:\/\/lobosnews.com.ar\/index.php\/2026\/03\/06\/las-muertes-masivas-de-aves-marinas-en-europa-encienden-las-alarmas-sobre-el-impacto-de-la-crisis-climatica\/","name":"Las muertes masivas de aves marinas en Europa encienden las alarmas sobre el impacto de la crisis clim\u00e1tica - Lobos News","isPartOf":{"@id":"https:\/\/lobosnews.com.ar\/#website"},"primaryImageOfPage":{"@id":"https:\/\/lobosnews.com.ar\/index.php\/2026\/03\/06\/las-muertes-masivas-de-aves-marinas-en-europa-encienden-las-alarmas-sobre-el-impacto-de-la-crisis-climatica\/#primaryimage"},"image":{"@id":"https:\/\/lobosnews.com.ar\/index.php\/2026\/03\/06\/las-muertes-masivas-de-aves-marinas-en-europa-encienden-las-alarmas-sobre-el-impacto-de-la-crisis-climatica\/#primaryimage"},"thumbnailUrl":"https:\/\/lobosnews.com.ar\/wp-content\/uploads\/2026\/03\/las-muertes-masivas-de-aves-marinas-en-europa-encienden-las-alarmas-sobre-el-impacto-de-la-crisis-climatica-6-scaled.jpg","datePublished":"2026-03-06T00:59:54+00:00","dateModified":"2026-03-06T02:26:01+00:00","breadcrumb":{"@id":"https:\/\/lobosnews.com.ar\/index.php\/2026\/03\/06\/las-muertes-masivas-de-aves-marinas-en-europa-encienden-las-alarmas-sobre-el-impacto-de-la-crisis-climatica\/#breadcrumb"},"inLanguage":"es","potentialAction":[{"@type":"ReadAction","target":["https:\/\/lobosnews.com.ar\/index.php\/2026\/03\/06\/las-muertes-masivas-de-aves-marinas-en-europa-encienden-las-alarmas-sobre-el-impacto-de-la-crisis-climatica\/"]}]},{"@type":"ImageObject","inLanguage":"es","@id":"https:\/\/lobosnews.com.ar\/index.php\/2026\/03\/06\/las-muertes-masivas-de-aves-marinas-en-europa-encienden-las-alarmas-sobre-el-impacto-de-la-crisis-climatica\/#primaryimage","url":"https:\/\/lobosnews.com.ar\/wp-content\/uploads\/2026\/03\/las-muertes-masivas-de-aves-marinas-en-europa-encienden-las-alarmas-sobre-el-impacto-de-la-crisis-climatica-6-scaled.jpg","contentUrl":"https:\/\/lobosnews.com.ar\/wp-content\/uploads\/2026\/03\/las-muertes-masivas-de-aves-marinas-en-europa-encienden-las-alarmas-sobre-el-impacto-de-la-crisis-climatica-6-scaled.jpg","width":2560,"height":1709,"caption":"Las muertes masivas de aves marinas en Europa encienden las alarmas sobre el impacto de la crisis clim\u00e1tica"},{"@type":"BreadcrumbList","@id":"https:\/\/lobosnews.com.ar\/index.php\/2026\/03\/06\/las-muertes-masivas-de-aves-marinas-en-europa-encienden-las-alarmas-sobre-el-impacto-de-la-crisis-climatica\/#breadcrumb","itemListElement":[{"@type":"ListItem","position":1,"name":"Portada","item":"https:\/\/lobosnews.com.ar\/"},{"@type":"ListItem","position":2,"name":"Las muertes masivas de aves marinas en Europa encienden las alarmas sobre el impacto de la crisis clim\u00e1tica"}]},{"@type":"WebSite","@id":"https:\/\/lobosnews.com.ar\/#website","url":"https:\/\/lobosnews.com.ar\/","name":"Lobos News","description":"Informaci\u00f3n a cada instante","publisher":{"@id":"https:\/\/lobosnews.com.ar\/#organization"},"potentialAction":[{"@type":"SearchAction","target":{"@type":"EntryPoint","urlTemplate":"https:\/\/lobosnews.com.ar\/?s={search_term_string}"},"query-input":{"@type":"PropertyValueSpecification","valueRequired":true,"valueName":"search_term_string"}}],"inLanguage":"es"},{"@type":"Organization","@id":"https:\/\/lobosnews.com.ar\/#organization","name":"Lobos News","url":"https:\/\/lobosnews.com.ar\/","logo":{"@type":"ImageObject","inLanguage":"es","@id":"https:\/\/lobosnews.com.ar\/#\/schema\/logo\/image\/","url":"https:\/\/lobosnews.com.ar\/wp-content\/uploads\/2026\/01\/logo-lobosnews.png","contentUrl":"https:\/\/lobosnews.com.ar\/wp-content\/uploads\/2026\/01\/logo-lobosnews.png","width":500,"height":200,"caption":"Lobos News"},"image":{"@id":"https:\/\/lobosnews.com.ar\/#\/schema\/logo\/image\/"}},{"@type":"Person","@id":"https:\/\/lobosnews.com.ar\/#\/schema\/person\/232422a593d5c541dd9aef6aaed10943","name":"admin","image":{"@type":"ImageObject","inLanguage":"es","@id":"https:\/\/lobosnews.com.ar\/#\/schema\/person\/image\/","url":"https:\/\/secure.gravatar.com\/avatar\/76e419471a2083bc3ceab22a763dbbf9b0c1bd15a6214cf3280e2c2dde4580f9?s=96&d=mm&r=g","contentUrl":"https:\/\/secure.gravatar.com\/avatar\/76e419471a2083bc3ceab22a763dbbf9b0c1bd15a6214cf3280e2c2dde4580f9?s=96&d=mm&r=g","caption":"admin"},"sameAs":["https:\/\/lobosnews.com.ar"],"url":"https:\/\/lobosnews.com.ar\/index.php\/author\/lobos-news\/"}]}},"jetpack_featured_media_url":"https:\/\/lobosnews.com.ar\/wp-content\/uploads\/2026\/03\/las-muertes-masivas-de-aves-marinas-en-europa-encienden-las-alarmas-sobre-el-impacto-de-la-crisis-climatica-6-scaled.jpg","jetpack_sharing_enabled":true,"_links":{"self":[{"href":"https:\/\/lobosnews.com.ar\/index.php\/wp-json\/wp\/v2\/posts\/29554","targetHints":{"allow":["GET"]}}],"collection":[{"href":"https:\/\/lobosnews.com.ar\/index.php\/wp-json\/wp\/v2\/posts"}],"about":[{"href":"https:\/\/lobosnews.com.ar\/index.php\/wp-json\/wp\/v2\/types\/post"}],"author":[{"embeddable":true,"href":"https:\/\/lobosnews.com.ar\/index.php\/wp-json\/wp\/v2\/users\/1"}],"replies":[{"embeddable":true,"href":"https:\/\/lobosnews.com.ar\/index.php\/wp-json\/wp\/v2\/comments?post=29554"}],"version-history":[{"count":1,"href":"https:\/\/lobosnews.com.ar\/index.php\/wp-json\/wp\/v2\/posts\/29554\/revisions"}],"predecessor-version":[{"id":29559,"href":"https:\/\/lobosnews.com.ar\/index.php\/wp-json\/wp\/v2\/posts\/29554\/revisions\/29559"}],"wp:featuredmedia":[{"embeddable":true,"href":"https:\/\/lobosnews.com.ar\/index.php\/wp-json\/wp\/v2\/media\/29560"}],"wp:attachment":[{"href":"https:\/\/lobosnews.com.ar\/index.php\/wp-json\/wp\/v2\/media?parent=29554"}],"wp:term":[{"taxonomy":"category","embeddable":true,"href":"https:\/\/lobosnews.com.ar\/index.php\/wp-json\/wp\/v2\/categories?post=29554"},{"taxonomy":"post_tag","embeddable":true,"href":"https:\/\/lobosnews.com.ar\/index.php\/wp-json\/wp\/v2\/tags?post=29554"}],"curies":[{"name":"wp","href":"https:\/\/api.w.org\/{rel}","templated":true}]}}