{"id":29534,"date":"2026-03-06T01:16:33","date_gmt":"2026-03-06T01:16:33","guid":{"rendered":"https:\/\/lobosnews.com.ar\/index.php\/2026\/03\/06\/hoy-lo-echo-el-presidente-de-racing-de-cordoba-revelo-como-influyo-el-factor-ricardo-centurion-en-la-salida-del-dt\/"},"modified":"2026-03-06T02:06:12","modified_gmt":"2026-03-06T02:06:12","slug":"hoy-lo-echo-el-presidente-de-racing-de-cordoba-revelo-como-influyo-el-factor-ricardo-centurion-en-la-salida-del-dt","status":"publish","type":"post","link":"https:\/\/lobosnews.com.ar\/index.php\/2026\/03\/06\/hoy-lo-echo-el-presidente-de-racing-de-cordoba-revelo-como-influyo-el-factor-ricardo-centurion-en-la-salida-del-dt\/","title":{"rendered":"\u201cHoy lo echo\u201d: el presidente de Racing de C\u00f3rdoba revel\u00f3 c\u00f3mo influy\u00f3 el factor Ricardo Centuri\u00f3n en la salida del DT"},"content":{"rendered":"<p>La <span class=\"waslinkname\"><b>rescisi\u00f3n<\/b> del contrato de <b>Pablo Fornasari<\/b><\/span> como entrenador de <b>Racing de C\u00f3rdoba<\/b> se produjo apenas despu\u00e9s de tres partidos en la <b>Primera Nacional<\/b> y en medio de crecientes expectativas por la llegada de <b>Ricardo Centuri\u00f3n<\/b>, cuya gesti\u00f3n en el campo por parte del DT gener\u00f3 controversias. De hecho, seg\u00fan explic\u00f3 <b>Manuel P\u00e9rez<\/b>, presidente de la instituci\u00f3n, esa fue la causa principal de su salida.<\/p>\n<p>Uno de los episodios que encendi\u00f3 la pol\u00e9mica antes de la desvinculaci\u00f3n del entrenador gir\u00f3 en torno a la utilizaci\u00f3n de<b> Centuri\u00f3n<\/b>, flamante refuerzo que hab\u00eda despertado expectativa desde su presentaci\u00f3n en enero, en el empate 0-0 ante Mitre de Santiago del Estero.<\/p>\n<p>Centuri\u00f3n, de <b>33 a\u00f1os<\/b> y con reciente paso por Oriente Petrolero de Bolivia, ingres\u00f3 al partido a los 20 minutos del primer tiempo tras la lesi\u00f3n de <b>Sergio Gonz\u00e1lez<\/b> y fue sustituido a los 26 minutos del complemento.<\/p>\n<p><img loading=\"lazy\" decoding=\"async\" src=\"https:\/\/lobosnews.com.ar\/wp-content\/uploads\/2026\/03\/hoy-lo-echo-el-presidente-de-racing-de-cordoba-revelo-como-influyo-el-factor-ricardo-centurion-en-la-salida-del-dt.jpg\" alt=\"Ricky lleg\u00f3 a Racing de C\u00f3rodba tras su paso por Oriente Petrolero\" height=\"1301\" width=\"1080\"\/><\/p>\n<p><b>\u201cAh\u00ed, ah\u00ed dije: \u2018Hasta ac\u00e1 llegaste. Cuando lo sac\u00f3 le dije a, a los que me acompa\u00f1an al palco: \u2018Hoy lo echo\u2019.<\/b> <b>Y los que estaban conmigo dicen: \u2018Hay que echarlo\u2019. La verdad, porque no pod\u00e9s cometer semejantes torpezas.<\/b> Si no est\u00e1 para jugar setenta minutos, no lo pongas\u201d, sostuvo el presidente de la <i>Academia<\/i> cordobesa en di\u00e1logo con <i>La Voz<\/i>.<\/p>\n<p>\u201cNo pod\u00e9s a semejante jugador ponerlo y sacarlo cuando el cambio era cualquier otro. Hab\u00eda para sacar a cualquiera. Y al final, cada vez que le daban la pelota a Ricky, ven\u00eda un posible gol\u201d, agreg\u00f3 P\u00e9rez. \u201cHay cosas que no se pueden tolerar y bueno, y obviamente que lo habl\u00e9 con Ricardo despu\u00e9s a la noche, lo habl\u00e9 al otro d\u00eda, que estaba para seguir\u201d, indic\u00f3.<\/p>\n<p><img loading=\"lazy\" decoding=\"async\" src=\"https:\/\/lobosnews.com.ar\/wp-content\/uploads\/2026\/03\/hoy-lo-echo-el-presidente-de-racing-de-cordoba-revelo-como-influyo-el-factor-ricardo-centurion-en-la-salida-del-dt-1.jpg\" alt=\"Manuel P\u00e9rez, presidente de Racing de C\u00f3rdoba\" height=\"1392\" width=\"1080\"\/><\/p>\n<p>De todos modos, destac\u00f3 el buen comportamiento del ex jugador de Racing de Avellaneda con el DT: \u201cMe dice: \u2018Estaba para seguir, Presi\u2019. Pero bueno, fue, sali\u00f3 y le dio la mano al entrenador. Un caballero\u201d.<\/p>\n<p>Antes de que se materialice su salida Fornasari fue consultado por las razones de su decisi\u00f3n, explic\u00f3 que observ\u00f3 a Centuri\u00f3n \u201cexhausto\u201d y sostuvo: <b>\u201cCreemos que est\u00e1 para jugar 30, 35 minutos al m\u00e1ximo. Hoy termin\u00f3 haciendo casi 65 y not\u00e1bamos que estaba extenuado, y cre\u00edamos que ten\u00edamos que cambiar. Tenemos que llevarlo de a poco\u201d.<\/b><\/p>\n<p>Ese encuentro contra el elenco santiague\u00f1o se transform\u00f3 en la actuaci\u00f3n m\u00e1s prolongada del mediocampista desde su llegada: en su debut, ante Estudiantes de Caseros, jug\u00f3 cuatro minutos, y en el siguiente partido, frente a Acassuso, particip\u00f3 21 minutos, seg\u00fan datos proporcionados por el sitio especializado en estad\u00edsticas, <i>Transfermarkt.<\/i><\/p>\n<p><img loading=\"lazy\" decoding=\"async\" src=\"https:\/\/lobosnews.com.ar\/wp-content\/uploads\/2026\/03\/hoy-lo-echo-el-presidente-de-racing-de-cordoba-revelo-como-influyo-el-factor-ricardo-centurion-en-la-salida-del-dt-2.jpg\" alt=\"Fornasari dej\u00f3 el cargo tras solo tres partidos\" height=\"1433\" width=\"1080\"\/><\/p>\n<p>La reacci\u00f3n de la parcialidad local fue de abierta reprobaci\u00f3n: el plantel se retir\u00f3 del campo bajo una fuerte silbatina, evidenciando la presi\u00f3n por conseguir mejores resultados y un juego m\u00e1s s\u00f3lido. <b>Fornasari<\/b> reconoci\u00f3 este malestar ante la prensa y ofreci\u00f3 su visi\u00f3n: <b>\u201cLos entiendo porque vienen a ver ganar al equipo siempre. Pagan la entrada y hacen un sacrificio grande para ir a la cancha y nosotros les tenemos que dar una alegr\u00eda y demostrar algo\u201d<\/b>.<\/p>\n<p>Mientras el club busca un nuevo entrenador, <b>Racing de Nueva Italia<\/b> no disputar\u00e1 partidos este fin de semana a ra\u00edz del paro convocado por la <b>AFA<\/b> y regresar\u00e1 a la competici\u00f3n el domingo 15 a las 18 frente a <b>Almirante Brown<\/b> en el estadio <i>Miguel Sancho.<\/i><\/p>\n","protected":false},"excerpt":{"rendered":"<p>La rescisi\u00f3n del contrato de Pablo Fornasari como entrenador de Racing de C\u00f3rdoba se produjo apenas despu\u00e9s de tres partidos en la Primera Nacional y en medio de crecientes expectativas por la llegada de Ricardo Centuri\u00f3n, cuya gesti\u00f3n en el campo por parte del DT gener\u00f3 controversias. De hecho, seg\u00fan explic\u00f3 Manuel P\u00e9rez, presidente de&#8230;<\/p>\n","protected":false},"author":1,"featured_media":0,"comment_status":"open","ping_status":"closed","sticky":false,"template":"","format":"standard","meta":{"_jetpack_memberships_contains_paid_content":false,"footnotes":""},"categories":[30],"tags":[39],"class_list":["post-29534","post","type-post","status-publish","format-standard","hentry","category-argentina","tag-deportes"],"magazineBlocksPostFeaturedMedia":{"thumbnail":false,"medium":false,"medium_large":false,"large":false,"1536x1536":false,"2048x2048":false,"newsmatic-featured":false,"newsmatic-list":false,"newsmatic-thumb":false,"newsmatic-small":false,"newsmatic-grid":false},"magazineBlocksPostAuthor":{"name":"admin","avatar":"https:\/\/secure.gravatar.com\/avatar\/76e419471a2083bc3ceab22a763dbbf9b0c1bd15a6214cf3280e2c2dde4580f9?s=96&d=mm&r=g"},"magazineBlocksPostCommentsNumber":"0","magazineBlocksPostExcerpt":"La rescisi\u00f3n del contrato de Pablo Fornasari como entrenador de Racing de C\u00f3rdoba se produjo apenas despu\u00e9s de tres partidos en la Primera Nacional y en medio de crecientes expectativas por la llegada de Ricardo Centuri\u00f3n, cuya gesti\u00f3n en el campo por parte del DT gener\u00f3 controversias. De hecho, seg\u00fan explic\u00f3 Manuel P\u00e9rez, presidente de...","magazineBlocksPostCategories":["Argentina"],"magazineBlocksPostViewCount":125,"magazineBlocksPostReadTime":3,"magazine_blocks_featured_image_url":{"full":false,"medium":false,"thumbnail":false},"magazine_blocks_author":{"display_name":"admin","author_link":"https:\/\/lobosnews.com.ar\/index.php\/author\/lobos-news\/"},"magazine_blocks_comment":0,"magazine_blocks_author_image":"https:\/\/secure.gravatar.com\/avatar\/76e419471a2083bc3ceab22a763dbbf9b0c1bd15a6214cf3280e2c2dde4580f9?s=96&d=mm&r=g","magazine_blocks_category":"<a href=\"#\" class=\"category-link category-link-30\">Argentina<\/a>","yoast_head":"<!-- This site is optimized with the Yoast SEO plugin v26.6 - https:\/\/yoast.com\/wordpress\/plugins\/seo\/ -->\n<title>\u201cHoy lo echo\u201d: el presidente de Racing de C\u00f3rdoba revel\u00f3 c\u00f3mo influy\u00f3 el factor Ricardo Centuri\u00f3n en la salida del DT - Lobos News<\/title>\n<meta name=\"robots\" content=\"index, follow, max-snippet:-1, max-image-preview:large, max-video-preview:-1\" \/>\n<link rel=\"canonical\" href=\"https:\/\/lobosnews.com.ar\/index.php\/2026\/03\/06\/hoy-lo-echo-el-presidente-de-racing-de-cordoba-revelo-como-influyo-el-factor-ricardo-centurion-en-la-salida-del-dt\/\" \/>\n<meta property=\"og:locale\" content=\"es_ES\" \/>\n<meta property=\"og:type\" content=\"article\" \/>\n<meta property=\"og:title\" content=\"\u201cHoy lo echo\u201d: el presidente de Racing de C\u00f3rdoba revel\u00f3 c\u00f3mo influy\u00f3 el factor Ricardo Centuri\u00f3n en la salida del DT - Lobos News\" \/>\n<meta property=\"og:description\" content=\"La rescisi\u00f3n del contrato de Pablo Fornasari como entrenador de Racing de C\u00f3rdoba se produjo apenas despu\u00e9s de tres partidos en la Primera Nacional y en medio de crecientes expectativas por la llegada de Ricardo Centuri\u00f3n, cuya gesti\u00f3n en el campo por parte del DT gener\u00f3 controversias. De hecho, seg\u00fan explic\u00f3 Manuel P\u00e9rez, presidente de...\" \/>\n<meta property=\"og:url\" content=\"https:\/\/lobosnews.com.ar\/index.php\/2026\/03\/06\/hoy-lo-echo-el-presidente-de-racing-de-cordoba-revelo-como-influyo-el-factor-ricardo-centurion-en-la-salida-del-dt\/\" \/>\n<meta property=\"og:site_name\" content=\"Lobos News\" \/>\n<meta property=\"article:published_time\" content=\"2026-03-06T01:16:33+00:00\" \/>\n<meta property=\"article:modified_time\" content=\"2026-03-06T02:06:12+00:00\" \/>\n<meta property=\"og:image\" content=\"https:\/\/lobosnews.com.ar\/wp-content\/uploads\/2026\/03\/hoy-lo-echo-el-presidente-de-racing-de-cordoba-revelo-como-influyo-el-factor-ricardo-centurion-en-la-salida-del-dt.jpg\" \/>\n<meta name=\"author\" content=\"admin\" \/>\n<meta name=\"twitter:card\" content=\"summary_large_image\" \/>\n<meta name=\"twitter:label1\" content=\"Escrito por\" \/>\n\t<meta name=\"twitter:data1\" content=\"admin\" \/>\n\t<meta name=\"twitter:label2\" content=\"Tiempo de lectura\" \/>\n\t<meta name=\"twitter:data2\" content=\"3 minutos\" \/>\n<script type=\"application\/ld+json\" class=\"yoast-schema-graph\">{\"@context\":\"https:\/\/schema.org\",\"@graph\":[{\"@type\":\"Article\",\"@id\":\"https:\/\/lobosnews.com.ar\/index.php\/2026\/03\/06\/hoy-lo-echo-el-presidente-de-racing-de-cordoba-revelo-como-influyo-el-factor-ricardo-centurion-en-la-salida-del-dt\/#article\",\"isPartOf\":{\"@id\":\"https:\/\/lobosnews.com.ar\/index.php\/2026\/03\/06\/hoy-lo-echo-el-presidente-de-racing-de-cordoba-revelo-como-influyo-el-factor-ricardo-centurion-en-la-salida-del-dt\/\"},\"author\":{\"name\":\"admin\",\"@id\":\"https:\/\/lobosnews.com.ar\/#\/schema\/person\/232422a593d5c541dd9aef6aaed10943\"},\"headline\":\"\u201cHoy lo echo\u201d: el presidente de Racing de C\u00f3rdoba revel\u00f3 c\u00f3mo influy\u00f3 el factor Ricardo Centuri\u00f3n en la salida del DT\",\"datePublished\":\"2026-03-06T01:16:33+00:00\",\"dateModified\":\"2026-03-06T02:06:12+00:00\",\"mainEntityOfPage\":{\"@id\":\"https:\/\/lobosnews.com.ar\/index.php\/2026\/03\/06\/hoy-lo-echo-el-presidente-de-racing-de-cordoba-revelo-como-influyo-el-factor-ricardo-centurion-en-la-salida-del-dt\/\"},\"wordCount\":600,\"commentCount\":0,\"publisher\":{\"@id\":\"https:\/\/lobosnews.com.ar\/#organization\"},\"image\":{\"@id\":\"https:\/\/lobosnews.com.ar\/index.php\/2026\/03\/06\/hoy-lo-echo-el-presidente-de-racing-de-cordoba-revelo-como-influyo-el-factor-ricardo-centurion-en-la-salida-del-dt\/#primaryimage\"},\"thumbnailUrl\":\"https:\/\/lobosnews.com.ar\/wp-content\/uploads\/2026\/03\/hoy-lo-echo-el-presidente-de-racing-de-cordoba-revelo-como-influyo-el-factor-ricardo-centurion-en-la-salida-del-dt.jpg\",\"keywords\":[\"Deportes\"],\"articleSection\":[\"Argentina\"],\"inLanguage\":\"es\",\"potentialAction\":[{\"@type\":\"CommentAction\",\"name\":\"Comment\",\"target\":[\"https:\/\/lobosnews.com.ar\/index.php\/2026\/03\/06\/hoy-lo-echo-el-presidente-de-racing-de-cordoba-revelo-como-influyo-el-factor-ricardo-centurion-en-la-salida-del-dt\/#respond\"]}]},{\"@type\":\"WebPage\",\"@id\":\"https:\/\/lobosnews.com.ar\/index.php\/2026\/03\/06\/hoy-lo-echo-el-presidente-de-racing-de-cordoba-revelo-como-influyo-el-factor-ricardo-centurion-en-la-salida-del-dt\/\",\"url\":\"https:\/\/lobosnews.com.ar\/index.php\/2026\/03\/06\/hoy-lo-echo-el-presidente-de-racing-de-cordoba-revelo-como-influyo-el-factor-ricardo-centurion-en-la-salida-del-dt\/\",\"name\":\"\u201cHoy lo echo\u201d: el presidente de Racing de C\u00f3rdoba revel\u00f3 c\u00f3mo influy\u00f3 el factor Ricardo Centuri\u00f3n en la salida del DT - Lobos News\",\"isPartOf\":{\"@id\":\"https:\/\/lobosnews.com.ar\/#website\"},\"primaryImageOfPage\":{\"@id\":\"https:\/\/lobosnews.com.ar\/index.php\/2026\/03\/06\/hoy-lo-echo-el-presidente-de-racing-de-cordoba-revelo-como-influyo-el-factor-ricardo-centurion-en-la-salida-del-dt\/#primaryimage\"},\"image\":{\"@id\":\"https:\/\/lobosnews.com.ar\/index.php\/2026\/03\/06\/hoy-lo-echo-el-presidente-de-racing-de-cordoba-revelo-como-influyo-el-factor-ricardo-centurion-en-la-salida-del-dt\/#primaryimage\"},\"thumbnailUrl\":\"https:\/\/lobosnews.com.ar\/wp-content\/uploads\/2026\/03\/hoy-lo-echo-el-presidente-de-racing-de-cordoba-revelo-como-influyo-el-factor-ricardo-centurion-en-la-salida-del-dt.jpg\",\"datePublished\":\"2026-03-06T01:16:33+00:00\",\"dateModified\":\"2026-03-06T02:06:12+00:00\",\"breadcrumb\":{\"@id\":\"https:\/\/lobosnews.com.ar\/index.php\/2026\/03\/06\/hoy-lo-echo-el-presidente-de-racing-de-cordoba-revelo-como-influyo-el-factor-ricardo-centurion-en-la-salida-del-dt\/#breadcrumb\"},\"inLanguage\":\"es\",\"potentialAction\":[{\"@type\":\"ReadAction\",\"target\":[\"https:\/\/lobosnews.com.ar\/index.php\/2026\/03\/06\/hoy-lo-echo-el-presidente-de-racing-de-cordoba-revelo-como-influyo-el-factor-ricardo-centurion-en-la-salida-del-dt\/\"]}]},{\"@type\":\"ImageObject\",\"inLanguage\":\"es\",\"@id\":\"https:\/\/lobosnews.com.ar\/index.php\/2026\/03\/06\/hoy-lo-echo-el-presidente-de-racing-de-cordoba-revelo-como-influyo-el-factor-ricardo-centurion-en-la-salida-del-dt\/#primaryimage\",\"url\":\"https:\/\/lobosnews.com.ar\/wp-content\/uploads\/2026\/03\/hoy-lo-echo-el-presidente-de-racing-de-cordoba-revelo-como-influyo-el-factor-ricardo-centurion-en-la-salida-del-dt.jpg\",\"contentUrl\":\"https:\/\/lobosnews.com.ar\/wp-content\/uploads\/2026\/03\/hoy-lo-echo-el-presidente-de-racing-de-cordoba-revelo-como-influyo-el-factor-ricardo-centurion-en-la-salida-del-dt.jpg\"},{\"@type\":\"BreadcrumbList\",\"@id\":\"https:\/\/lobosnews.com.ar\/index.php\/2026\/03\/06\/hoy-lo-echo-el-presidente-de-racing-de-cordoba-revelo-como-influyo-el-factor-ricardo-centurion-en-la-salida-del-dt\/#breadcrumb\",\"itemListElement\":[{\"@type\":\"ListItem\",\"position\":1,\"name\":\"Portada\",\"item\":\"https:\/\/lobosnews.com.ar\/\"},{\"@type\":\"ListItem\",\"position\":2,\"name\":\"\u201cHoy lo echo\u201d: el presidente de Racing de C\u00f3rdoba revel\u00f3 c\u00f3mo influy\u00f3 el factor Ricardo Centuri\u00f3n en la salida del DT\"}]},{\"@type\":\"WebSite\",\"@id\":\"https:\/\/lobosnews.com.ar\/#website\",\"url\":\"https:\/\/lobosnews.com.ar\/\",\"name\":\"Lobos News\",\"description\":\"Informaci\u00f3n a cada instante\",\"publisher\":{\"@id\":\"https:\/\/lobosnews.com.ar\/#organization\"},\"potentialAction\":[{\"@type\":\"SearchAction\",\"target\":{\"@type\":\"EntryPoint\",\"urlTemplate\":\"https:\/\/lobosnews.com.ar\/?s={search_term_string}\"},\"query-input\":{\"@type\":\"PropertyValueSpecification\",\"valueRequired\":true,\"valueName\":\"search_term_string\"}}],\"inLanguage\":\"es\"},{\"@type\":\"Organization\",\"@id\":\"https:\/\/lobosnews.com.ar\/#organization\",\"name\":\"Lobos News\",\"url\":\"https:\/\/lobosnews.com.ar\/\",\"logo\":{\"@type\":\"ImageObject\",\"inLanguage\":\"es\",\"@id\":\"https:\/\/lobosnews.com.ar\/#\/schema\/logo\/image\/\",\"url\":\"https:\/\/lobosnews.com.ar\/wp-content\/uploads\/2026\/01\/logo-lobosnews.png\",\"contentUrl\":\"https:\/\/lobosnews.com.ar\/wp-content\/uploads\/2026\/01\/logo-lobosnews.png\",\"width\":500,\"height\":200,\"caption\":\"Lobos News\"},\"image\":{\"@id\":\"https:\/\/lobosnews.com.ar\/#\/schema\/logo\/image\/\"}},{\"@type\":\"Person\",\"@id\":\"https:\/\/lobosnews.com.ar\/#\/schema\/person\/232422a593d5c541dd9aef6aaed10943\",\"name\":\"admin\",\"image\":{\"@type\":\"ImageObject\",\"inLanguage\":\"es\",\"@id\":\"https:\/\/lobosnews.com.ar\/#\/schema\/person\/image\/\",\"url\":\"https:\/\/secure.gravatar.com\/avatar\/76e419471a2083bc3ceab22a763dbbf9b0c1bd15a6214cf3280e2c2dde4580f9?s=96&d=mm&r=g\",\"contentUrl\":\"https:\/\/secure.gravatar.com\/avatar\/76e419471a2083bc3ceab22a763dbbf9b0c1bd15a6214cf3280e2c2dde4580f9?s=96&d=mm&r=g\",\"caption\":\"admin\"},\"sameAs\":[\"https:\/\/lobosnews.com.ar\"],\"url\":\"https:\/\/lobosnews.com.ar\/index.php\/author\/lobos-news\/\"}]}<\/script>\n<!-- \/ Yoast SEO plugin. -->","yoast_head_json":{"title":"\u201cHoy lo echo\u201d: el presidente de Racing de C\u00f3rdoba revel\u00f3 c\u00f3mo influy\u00f3 el factor Ricardo Centuri\u00f3n en la salida del DT - Lobos News","robots":{"index":"index","follow":"follow","max-snippet":"max-snippet:-1","max-image-preview":"max-image-preview:large","max-video-preview":"max-video-preview:-1"},"canonical":"https:\/\/lobosnews.com.ar\/index.php\/2026\/03\/06\/hoy-lo-echo-el-presidente-de-racing-de-cordoba-revelo-como-influyo-el-factor-ricardo-centurion-en-la-salida-del-dt\/","og_locale":"es_ES","og_type":"article","og_title":"\u201cHoy lo echo\u201d: el presidente de Racing de C\u00f3rdoba revel\u00f3 c\u00f3mo influy\u00f3 el factor Ricardo Centuri\u00f3n en la salida del DT - Lobos News","og_description":"La rescisi\u00f3n del contrato de Pablo Fornasari como entrenador de Racing de C\u00f3rdoba se produjo apenas despu\u00e9s de tres partidos en la Primera Nacional y en medio de crecientes expectativas por la llegada de Ricardo Centuri\u00f3n, cuya gesti\u00f3n en el campo por parte del DT gener\u00f3 controversias. De hecho, seg\u00fan explic\u00f3 Manuel P\u00e9rez, presidente de...","og_url":"https:\/\/lobosnews.com.ar\/index.php\/2026\/03\/06\/hoy-lo-echo-el-presidente-de-racing-de-cordoba-revelo-como-influyo-el-factor-ricardo-centurion-en-la-salida-del-dt\/","og_site_name":"Lobos News","article_published_time":"2026-03-06T01:16:33+00:00","article_modified_time":"2026-03-06T02:06:12+00:00","og_image":[{"url":"https:\/\/lobosnews.com.ar\/wp-content\/uploads\/2026\/03\/hoy-lo-echo-el-presidente-de-racing-de-cordoba-revelo-como-influyo-el-factor-ricardo-centurion-en-la-salida-del-dt.jpg","type":"","width":"","height":""}],"author":"admin","twitter_card":"summary_large_image","twitter_misc":{"Escrito por":"admin","Tiempo de lectura":"3 minutos"},"schema":{"@context":"https:\/\/schema.org","@graph":[{"@type":"Article","@id":"https:\/\/lobosnews.com.ar\/index.php\/2026\/03\/06\/hoy-lo-echo-el-presidente-de-racing-de-cordoba-revelo-como-influyo-el-factor-ricardo-centurion-en-la-salida-del-dt\/#article","isPartOf":{"@id":"https:\/\/lobosnews.com.ar\/index.php\/2026\/03\/06\/hoy-lo-echo-el-presidente-de-racing-de-cordoba-revelo-como-influyo-el-factor-ricardo-centurion-en-la-salida-del-dt\/"},"author":{"name":"admin","@id":"https:\/\/lobosnews.com.ar\/#\/schema\/person\/232422a593d5c541dd9aef6aaed10943"},"headline":"\u201cHoy lo echo\u201d: el presidente de Racing de C\u00f3rdoba revel\u00f3 c\u00f3mo influy\u00f3 el factor Ricardo Centuri\u00f3n en la salida del DT","datePublished":"2026-03-06T01:16:33+00:00","dateModified":"2026-03-06T02:06:12+00:00","mainEntityOfPage":{"@id":"https:\/\/lobosnews.com.ar\/index.php\/2026\/03\/06\/hoy-lo-echo-el-presidente-de-racing-de-cordoba-revelo-como-influyo-el-factor-ricardo-centurion-en-la-salida-del-dt\/"},"wordCount":600,"commentCount":0,"publisher":{"@id":"https:\/\/lobosnews.com.ar\/#organization"},"image":{"@id":"https:\/\/lobosnews.com.ar\/index.php\/2026\/03\/06\/hoy-lo-echo-el-presidente-de-racing-de-cordoba-revelo-como-influyo-el-factor-ricardo-centurion-en-la-salida-del-dt\/#primaryimage"},"thumbnailUrl":"https:\/\/lobosnews.com.ar\/wp-content\/uploads\/2026\/03\/hoy-lo-echo-el-presidente-de-racing-de-cordoba-revelo-como-influyo-el-factor-ricardo-centurion-en-la-salida-del-dt.jpg","keywords":["Deportes"],"articleSection":["Argentina"],"inLanguage":"es","potentialAction":[{"@type":"CommentAction","name":"Comment","target":["https:\/\/lobosnews.com.ar\/index.php\/2026\/03\/06\/hoy-lo-echo-el-presidente-de-racing-de-cordoba-revelo-como-influyo-el-factor-ricardo-centurion-en-la-salida-del-dt\/#respond"]}]},{"@type":"WebPage","@id":"https:\/\/lobosnews.com.ar\/index.php\/2026\/03\/06\/hoy-lo-echo-el-presidente-de-racing-de-cordoba-revelo-como-influyo-el-factor-ricardo-centurion-en-la-salida-del-dt\/","url":"https:\/\/lobosnews.com.ar\/index.php\/2026\/03\/06\/hoy-lo-echo-el-presidente-de-racing-de-cordoba-revelo-como-influyo-el-factor-ricardo-centurion-en-la-salida-del-dt\/","name":"\u201cHoy lo echo\u201d: el presidente de Racing de C\u00f3rdoba revel\u00f3 c\u00f3mo influy\u00f3 el factor Ricardo Centuri\u00f3n en la salida del DT - Lobos News","isPartOf":{"@id":"https:\/\/lobosnews.com.ar\/#website"},"primaryImageOfPage":{"@id":"https:\/\/lobosnews.com.ar\/index.php\/2026\/03\/06\/hoy-lo-echo-el-presidente-de-racing-de-cordoba-revelo-como-influyo-el-factor-ricardo-centurion-en-la-salida-del-dt\/#primaryimage"},"image":{"@id":"https:\/\/lobosnews.com.ar\/index.php\/2026\/03\/06\/hoy-lo-echo-el-presidente-de-racing-de-cordoba-revelo-como-influyo-el-factor-ricardo-centurion-en-la-salida-del-dt\/#primaryimage"},"thumbnailUrl":"https:\/\/lobosnews.com.ar\/wp-content\/uploads\/2026\/03\/hoy-lo-echo-el-presidente-de-racing-de-cordoba-revelo-como-influyo-el-factor-ricardo-centurion-en-la-salida-del-dt.jpg","datePublished":"2026-03-06T01:16:33+00:00","dateModified":"2026-03-06T02:06:12+00:00","breadcrumb":{"@id":"https:\/\/lobosnews.com.ar\/index.php\/2026\/03\/06\/hoy-lo-echo-el-presidente-de-racing-de-cordoba-revelo-como-influyo-el-factor-ricardo-centurion-en-la-salida-del-dt\/#breadcrumb"},"inLanguage":"es","potentialAction":[{"@type":"ReadAction","target":["https:\/\/lobosnews.com.ar\/index.php\/2026\/03\/06\/hoy-lo-echo-el-presidente-de-racing-de-cordoba-revelo-como-influyo-el-factor-ricardo-centurion-en-la-salida-del-dt\/"]}]},{"@type":"ImageObject","inLanguage":"es","@id":"https:\/\/lobosnews.com.ar\/index.php\/2026\/03\/06\/hoy-lo-echo-el-presidente-de-racing-de-cordoba-revelo-como-influyo-el-factor-ricardo-centurion-en-la-salida-del-dt\/#primaryimage","url":"https:\/\/lobosnews.com.ar\/wp-content\/uploads\/2026\/03\/hoy-lo-echo-el-presidente-de-racing-de-cordoba-revelo-como-influyo-el-factor-ricardo-centurion-en-la-salida-del-dt.jpg","contentUrl":"https:\/\/lobosnews.com.ar\/wp-content\/uploads\/2026\/03\/hoy-lo-echo-el-presidente-de-racing-de-cordoba-revelo-como-influyo-el-factor-ricardo-centurion-en-la-salida-del-dt.jpg"},{"@type":"BreadcrumbList","@id":"https:\/\/lobosnews.com.ar\/index.php\/2026\/03\/06\/hoy-lo-echo-el-presidente-de-racing-de-cordoba-revelo-como-influyo-el-factor-ricardo-centurion-en-la-salida-del-dt\/#breadcrumb","itemListElement":[{"@type":"ListItem","position":1,"name":"Portada","item":"https:\/\/lobosnews.com.ar\/"},{"@type":"ListItem","position":2,"name":"\u201cHoy lo echo\u201d: el presidente de Racing de C\u00f3rdoba revel\u00f3 c\u00f3mo influy\u00f3 el factor Ricardo Centuri\u00f3n en la salida del DT"}]},{"@type":"WebSite","@id":"https:\/\/lobosnews.com.ar\/#website","url":"https:\/\/lobosnews.com.ar\/","name":"Lobos News","description":"Informaci\u00f3n a cada instante","publisher":{"@id":"https:\/\/lobosnews.com.ar\/#organization"},"potentialAction":[{"@type":"SearchAction","target":{"@type":"EntryPoint","urlTemplate":"https:\/\/lobosnews.com.ar\/?s={search_term_string}"},"query-input":{"@type":"PropertyValueSpecification","valueRequired":true,"valueName":"search_term_string"}}],"inLanguage":"es"},{"@type":"Organization","@id":"https:\/\/lobosnews.com.ar\/#organization","name":"Lobos News","url":"https:\/\/lobosnews.com.ar\/","logo":{"@type":"ImageObject","inLanguage":"es","@id":"https:\/\/lobosnews.com.ar\/#\/schema\/logo\/image\/","url":"https:\/\/lobosnews.com.ar\/wp-content\/uploads\/2026\/01\/logo-lobosnews.png","contentUrl":"https:\/\/lobosnews.com.ar\/wp-content\/uploads\/2026\/01\/logo-lobosnews.png","width":500,"height":200,"caption":"Lobos News"},"image":{"@id":"https:\/\/lobosnews.com.ar\/#\/schema\/logo\/image\/"}},{"@type":"Person","@id":"https:\/\/lobosnews.com.ar\/#\/schema\/person\/232422a593d5c541dd9aef6aaed10943","name":"admin","image":{"@type":"ImageObject","inLanguage":"es","@id":"https:\/\/lobosnews.com.ar\/#\/schema\/person\/image\/","url":"https:\/\/secure.gravatar.com\/avatar\/76e419471a2083bc3ceab22a763dbbf9b0c1bd15a6214cf3280e2c2dde4580f9?s=96&d=mm&r=g","contentUrl":"https:\/\/secure.gravatar.com\/avatar\/76e419471a2083bc3ceab22a763dbbf9b0c1bd15a6214cf3280e2c2dde4580f9?s=96&d=mm&r=g","caption":"admin"},"sameAs":["https:\/\/lobosnews.com.ar"],"url":"https:\/\/lobosnews.com.ar\/index.php\/author\/lobos-news\/"}]}},"jetpack_featured_media_url":"","jetpack_sharing_enabled":true,"_links":{"self":[{"href":"https:\/\/lobosnews.com.ar\/index.php\/wp-json\/wp\/v2\/posts\/29534","targetHints":{"allow":["GET"]}}],"collection":[{"href":"https:\/\/lobosnews.com.ar\/index.php\/wp-json\/wp\/v2\/posts"}],"about":[{"href":"https:\/\/lobosnews.com.ar\/index.php\/wp-json\/wp\/v2\/types\/post"}],"author":[{"embeddable":true,"href":"https:\/\/lobosnews.com.ar\/index.php\/wp-json\/wp\/v2\/users\/1"}],"replies":[{"embeddable":true,"href":"https:\/\/lobosnews.com.ar\/index.php\/wp-json\/wp\/v2\/comments?post=29534"}],"version-history":[{"count":1,"href":"https:\/\/lobosnews.com.ar\/index.php\/wp-json\/wp\/v2\/posts\/29534\/revisions"}],"predecessor-version":[{"id":29538,"href":"https:\/\/lobosnews.com.ar\/index.php\/wp-json\/wp\/v2\/posts\/29534\/revisions\/29538"}],"wp:attachment":[{"href":"https:\/\/lobosnews.com.ar\/index.php\/wp-json\/wp\/v2\/media?parent=29534"}],"wp:term":[{"taxonomy":"category","embeddable":true,"href":"https:\/\/lobosnews.com.ar\/index.php\/wp-json\/wp\/v2\/categories?post=29534"},{"taxonomy":"post_tag","embeddable":true,"href":"https:\/\/lobosnews.com.ar\/index.php\/wp-json\/wp\/v2\/tags?post=29534"}],"curies":[{"name":"wp","href":"https:\/\/api.w.org\/{rel}","templated":true}]}}