{"id":29529,"date":"2026-03-06T01:46:29","date_gmt":"2026-03-06T01:46:29","guid":{"rendered":"https:\/\/lobosnews.com.ar\/index.php\/2026\/03\/06\/la-anecdota-de-mariano-troilo-tras-compartir-vestuario-por-primera-vez-con-lionel-messi-en-la-seleccion-el-curioso-pedido-que-le-hizo\/"},"modified":"2026-03-06T02:05:39","modified_gmt":"2026-03-06T02:05:39","slug":"la-anecdota-de-mariano-troilo-tras-compartir-vestuario-por-primera-vez-con-lionel-messi-en-la-seleccion-el-curioso-pedido-que-le-hizo","status":"publish","type":"post","link":"https:\/\/lobosnews.com.ar\/index.php\/2026\/03\/06\/la-anecdota-de-mariano-troilo-tras-compartir-vestuario-por-primera-vez-con-lionel-messi-en-la-seleccion-el-curioso-pedido-que-le-hizo\/","title":{"rendered":"La an\u00e9cdota de Mariano Troilo tras compartir vestuario por primera vez con Lionel Messi en la Selecci\u00f3n: el curioso pedido que le hizo"},"content":{"rendered":"<p><!DOCTYPE html><br \/>\n<html><br \/>\n<head><br \/>\n<meta name=\"viewport\" content=\"width=device-width, initial-scale=1\"><\/p>\n<style>\n.container-video { position: relative; width: 100%; overflow: hidden; padding-top: 56.25%;\n}\n.responsive-iframe-video { position: absolute; top: 0; left: 0; bottom: 0; right: 0; width: 100%; height: 100%; border: none;\n}\n<\/style>\n<p><\/head><br \/>\n<body><\/p>\n<div class=\"container-video\"> <iframe title=\"video-espn\" class=\"responsive-iframe-video\" src=\"https:\/\/www.espn.com.ar\/core\/video\/iframe?id=16392687&#038;endcard=false&#038;omniReportSuite=wdgespge\" allowfullscreen><\/iframe>\n<\/div>\n<p><\/body><br \/>\n<\/html><\/p>\n<p>Un mensaje de <b>Mariano Troilo<\/b> enviado a <b>Lionel Messi <\/b>se transform\u00f3 en una an\u00e9cdota, tras su primera convocatoria a la <b>selecci\u00f3n argentina. <\/b>El joven futbolista revel\u00f3 la conversaci\u00f3n que a\u00fan provoca sonrisas. \u201c<b>Le ped\u00ed por favor a Messi que no entre a nuestro chat de Instagram porque le hab\u00eda mandado muchos mensajes<\/b>.<b> Se re\u00edan con De Paul<\/b>. <b>Le escrib\u00ed de todo durante mucho tiempo<\/b>\u201d, relat\u00f3 el defensor central a <i>ESPN F3<\/i>. Adem\u00e1s reconoci\u00f3 la emoci\u00f3n que sinti\u00f3 al compartir vestuario con el capit\u00e1n. \u201c<b>Creo que todos pasamos por algo parecido cuando Leo gan\u00f3 la primera Copa Am\u00e9rica despu\u00e9s de tantas finales<\/b>.<b> Quer\u00edamos que gane Argentina, pero m\u00e1s que nada por \u00e9l<\/b>\u201d.<\/p>\n<p>El propio Troilo, que actualmente milita en el <b>Parma <\/b>de Italia, reconoci\u00f3: \u201c<b>El Mundial me genera mucha ilusi\u00f3n y volver a estar con el grupo<\/b>. <b>Espero poder estar y ayudar desde donde toque<\/b>.<b> La ilusi\u00f3n es lo \u00faltimo que se pierde<\/b>\u201d. Tambi\u00e9n, revel\u00f3 el acompa\u00f1amiento del cuerpo t\u00e9cnico nacional: \u201c<b>Samuel y Ayala me aconsejaron que est\u00e9 tranquilo, que haga lo que hac\u00eda en Belgrano: ser agresivo y tener ese primer pase<\/b>\u201d.<\/p>\n<p><img fetchpriority=\"high\" decoding=\"async\" src=\"https:\/\/lobosnews.com.ar\/wp-content\/uploads\/2026\/03\/la-anecdota-de-mariano-troilo-tras-compartir-vestuario-por-primera-vez-con-lionel-messi-en-la-seleccion-el-curioso-pedido-que-le-hizo.jpg\" alt=\"Mariano Troilo junto a Messi con la indumentaria de la selecci\u00f3n argentina\" height=\"810\" width=\"637\"\/><\/p>\n<p><b>Su primer gol en el f\u00fatbol italiano<\/b> lleg\u00f3 el 22 de febrero, ante el <b>Milan <\/b>en el estadio<i> San Siro <\/i>y aquella victoria, gracias a su tanto, favoreci\u00f3 al <b>Inter de Mil\u00e1n<\/b> en la lucha por el Scudetto: \u201c<b>Espero que cuando salga campe\u00f3n se acuerde de m\u00ed el<\/b><i><b> Toro<\/b><\/i>. <b>Al otro d\u00eda ca\u00ed que se hablaba de mi gol en toda Italia<\/b>. <b>No le pude pedir la camiseta a<\/b> (Luka) <b>Modri\u0107 porque estaban todos re calientes<\/b>\u201d.<\/p>\n<p>Troilo destac\u00f3 el seguimiento permanente del cuerpo t\u00e9cnico argentino. \u201c<b>Estoy en mucho contacto con Mat\u00edas Manna que es parte del cuerpo t\u00e9cnico y \u00e9l sigue todos los partidos, pudimos hablar un poco cuando termin\u00e9 de jugar contra el Napoli que hab\u00eda hecho un buen partido y me felicit\u00f3, me dijo que es una liga muy linda para m\u00ed y para poder seguir fortaleci\u00e9ndome<\/b>\u201d.<\/p>\n<p><img loading=\"lazy\" decoding=\"async\" src=\"https:\/\/lobosnews.com.ar\/wp-content\/uploads\/2026\/03\/la-anecdota-de-mariano-troilo-tras-compartir-vestuario-por-primera-vez-con-lionel-messi-en-la-seleccion-el-curioso-pedido-que-le-hizo-1.jpg\" alt=\"El festejo de Troilo tras su primer gol con la camiseta del Parma (EFE)\" height=\"1272\" width=\"1920\"\/><\/p>\n<p>Al hablar de sus ra\u00edces en <b>Belgrano<\/b>, Troilo subray\u00f3 el apoyo de quienes lo acompa\u00f1aron desde el inicio como<b> Luifa Artime<\/b>, el presidente del <i>Pirata<\/i>. \u201c<b>Luifa siempre estuvo atr\u00e1s m\u00edo, hasta cuando no me tocaba jugar<\/b>.<b> Cuando no quer\u00eda jugar m\u00e1s o irme siempre estaban \u00e9l y mi viejo<\/b>.<b> Cuando tuve errores siempre me apoy\u00f3 y me ayud\u00f3 mucho<\/b>.<b> Trato de ver siempre a Belgrano<\/b>.<b> El otro d\u00eda contra Hurac\u00e1n no vi los \u00faltimos cinco minutos de la bronca que ten\u00eda<\/b>\u201d.<\/p>\n<p>El defensor de 22 a\u00f1os reconoci\u00f3 las dificultades del proceso de adaptaci\u00f3n a Italia: \u201c<b>Mi adaptaci\u00f3n fue complicada<\/b>. <b>Me cost\u00f3 mucho no estar jugando, extra\u00f1ar a mi familia<\/b>. Es un proceso largo. <b>Pesaba lo familiar, pero tambi\u00e9n adaptarse a un f\u00fatbol nuevo<\/b>. <b>Ac\u00e1 se juega mucho con foco en lo defensivo y te ayuda mucho a mejorar<\/b>. <b>Ac\u00e1 te ense\u00f1an mucho a c\u00f3mo correr<\/b>. Hay mucho cuidado fuera de la cancha y con las prevenciones. <b>Hacen mucho foco en lo que pasa fuera de la cancha: psic\u00f3logo, gimnasia, nutricionista<\/b>\u201d.<\/p>\n<p><img loading=\"lazy\" decoding=\"async\" src=\"https:\/\/lobosnews.com.ar\/wp-content\/uploads\/2026\/03\/la-anecdota-de-mariano-troilo-tras-compartir-vestuario-por-primera-vez-con-lionel-messi-en-la-seleccion-el-curioso-pedido-que-le-hizo-2.jpg\" alt=\"El Parma se ubica en la decimosegunda posici\u00f3n de la Serie A (Spada\/LaPresse via AP)\" height=\"2756\" width=\"4134\"\/><\/p>\n<p>La historia profesional de Troilo se aceler\u00f3 en poco tiempo. <b>Debut\u00f3 en Belgrano el 3 de agosto de 2023<\/b> por <b>Copa Argentina<\/b> y se consolid\u00f3 como titular en el<b> Torneo Apertura 2025<\/b>, participando en 14 de los 16 partidos posibles. La transferencia a Parma lo catapult\u00f3 al f\u00fatbol internacional y <b>su buen rendimiento le otorg\u00f3 la chance de ser convocado por Lionel Scaloni<\/b> a la selecci\u00f3n mayor, sin pasos por juveniles.<\/p>\n<p>La convocatoria de <i>Nano<\/i> para la doble fecha de <b>Eliminatorias Sudamericanas<\/b> frente a <b>Chile<\/b> y <b>Colombia<\/b> confirm\u00f3 el reconocimiento a su crecimiento y a sus condiciones como defensor central. La noche en <b>Milan<\/b>, con<b> su primer gol en la Serie A<\/b>, marc\u00f3 otro hito en una carrera que avanza a ritmo vertiginoso y que lo proyecta como una de las figuras j\u00f3venes del f\u00fatbol argentino en Europa.<\/p>\n<p>Incluso <b>su llegada al club italiano signific\u00f3 un r\u00e9cord para Belgrano<\/b>, que oficializ\u00f3 la venta total del pase en USD 9,6 millones, adem\u00e1s de una plusval\u00eda del 15 % sobre el excedente de 8,4 millones de USD. La transferencia asegur\u00f3 beneficios futuros al club cordob\u00e9s en caso de una nueva venta.<\/p>\n","protected":false},"excerpt":{"rendered":"<p>Un mensaje de Mariano Troilo enviado a Lionel Messi se transform\u00f3 en una an\u00e9cdota, tras su primera convocatoria a la selecci\u00f3n argentina. El joven futbolista revel\u00f3 la conversaci\u00f3n que a\u00fan provoca sonrisas. \u201cLe ped\u00ed por favor a Messi que no entre a nuestro chat de Instagram porque le hab\u00eda mandado muchos mensajes. Se re\u00edan con&#8230;<\/p>\n","protected":false},"author":1,"featured_media":0,"comment_status":"open","ping_status":"closed","sticky":false,"template":"","format":"standard","meta":{"_jetpack_memberships_contains_paid_content":false,"footnotes":""},"categories":[30],"tags":[39],"class_list":["post-29529","post","type-post","status-publish","format-standard","hentry","category-argentina","tag-deportes"],"magazineBlocksPostFeaturedMedia":{"thumbnail":false,"medium":false,"medium_large":false,"large":false,"1536x1536":false,"2048x2048":false,"newsmatic-featured":false,"newsmatic-list":false,"newsmatic-thumb":false,"newsmatic-small":false,"newsmatic-grid":false},"magazineBlocksPostAuthor":{"name":"admin","avatar":"https:\/\/secure.gravatar.com\/avatar\/76e419471a2083bc3ceab22a763dbbf9b0c1bd15a6214cf3280e2c2dde4580f9?s=96&d=mm&r=g"},"magazineBlocksPostCommentsNumber":"0","magazineBlocksPostExcerpt":"Un mensaje de Mariano Troilo enviado a Lionel Messi se transform\u00f3 en una an\u00e9cdota, tras su primera convocatoria a la selecci\u00f3n argentina. El joven futbolista revel\u00f3 la conversaci\u00f3n que a\u00fan provoca sonrisas. \u201cLe ped\u00ed por favor a Messi que no entre a nuestro chat de Instagram porque le hab\u00eda mandado muchos mensajes. Se re\u00edan con...","magazineBlocksPostCategories":["Argentina"],"magazineBlocksPostViewCount":85,"magazineBlocksPostReadTime":4,"magazine_blocks_featured_image_url":{"full":false,"medium":false,"thumbnail":false},"magazine_blocks_author":{"display_name":"admin","author_link":"https:\/\/lobosnews.com.ar\/index.php\/author\/lobos-news\/"},"magazine_blocks_comment":0,"magazine_blocks_author_image":"https:\/\/secure.gravatar.com\/avatar\/76e419471a2083bc3ceab22a763dbbf9b0c1bd15a6214cf3280e2c2dde4580f9?s=96&d=mm&r=g","magazine_blocks_category":"<a href=\"#\" class=\"category-link category-link-30\">Argentina<\/a>","yoast_head":"<!-- This site is optimized with the Yoast SEO plugin v26.6 - https:\/\/yoast.com\/wordpress\/plugins\/seo\/ -->\n<title>La an\u00e9cdota de Mariano Troilo tras compartir vestuario por primera vez con Lionel Messi en la Selecci\u00f3n: el curioso pedido que le hizo - Lobos News<\/title>\n<meta name=\"robots\" content=\"index, follow, max-snippet:-1, max-image-preview:large, max-video-preview:-1\" \/>\n<link rel=\"canonical\" href=\"https:\/\/lobosnews.com.ar\/index.php\/2026\/03\/06\/la-anecdota-de-mariano-troilo-tras-compartir-vestuario-por-primera-vez-con-lionel-messi-en-la-seleccion-el-curioso-pedido-que-le-hizo\/\" \/>\n<meta property=\"og:locale\" content=\"es_ES\" \/>\n<meta property=\"og:type\" content=\"article\" \/>\n<meta property=\"og:title\" content=\"La an\u00e9cdota de Mariano Troilo tras compartir vestuario por primera vez con Lionel Messi en la Selecci\u00f3n: el curioso pedido que le hizo - Lobos News\" \/>\n<meta property=\"og:description\" content=\"Un mensaje de Mariano Troilo enviado a Lionel Messi se transform\u00f3 en una an\u00e9cdota, tras su primera convocatoria a la selecci\u00f3n argentina. El joven futbolista revel\u00f3 la conversaci\u00f3n que a\u00fan provoca sonrisas. \u201cLe ped\u00ed por favor a Messi que no entre a nuestro chat de Instagram porque le hab\u00eda mandado muchos mensajes. Se re\u00edan con...\" \/>\n<meta property=\"og:url\" content=\"https:\/\/lobosnews.com.ar\/index.php\/2026\/03\/06\/la-anecdota-de-mariano-troilo-tras-compartir-vestuario-por-primera-vez-con-lionel-messi-en-la-seleccion-el-curioso-pedido-que-le-hizo\/\" \/>\n<meta property=\"og:site_name\" content=\"Lobos News\" \/>\n<meta property=\"article:published_time\" content=\"2026-03-06T01:46:29+00:00\" \/>\n<meta property=\"article:modified_time\" content=\"2026-03-06T02:05:39+00:00\" \/>\n<meta property=\"og:image\" content=\"https:\/\/lobosnews.com.ar\/wp-content\/uploads\/2026\/03\/la-anecdota-de-mariano-troilo-tras-compartir-vestuario-por-primera-vez-con-lionel-messi-en-la-seleccion-el-curioso-pedido-que-le-hizo.jpg\" \/>\n<meta name=\"author\" content=\"admin\" \/>\n<meta name=\"twitter:card\" content=\"summary_large_image\" \/>\n<meta name=\"twitter:label1\" content=\"Escrito por\" \/>\n\t<meta name=\"twitter:data1\" content=\"admin\" \/>\n\t<meta name=\"twitter:label2\" content=\"Tiempo de lectura\" \/>\n\t<meta name=\"twitter:data2\" content=\"4 minutos\" \/>\n<script type=\"application\/ld+json\" class=\"yoast-schema-graph\">{\"@context\":\"https:\/\/schema.org\",\"@graph\":[{\"@type\":\"Article\",\"@id\":\"https:\/\/lobosnews.com.ar\/index.php\/2026\/03\/06\/la-anecdota-de-mariano-troilo-tras-compartir-vestuario-por-primera-vez-con-lionel-messi-en-la-seleccion-el-curioso-pedido-que-le-hizo\/#article\",\"isPartOf\":{\"@id\":\"https:\/\/lobosnews.com.ar\/index.php\/2026\/03\/06\/la-anecdota-de-mariano-troilo-tras-compartir-vestuario-por-primera-vez-con-lionel-messi-en-la-seleccion-el-curioso-pedido-que-le-hizo\/\"},\"author\":{\"name\":\"admin\",\"@id\":\"https:\/\/lobosnews.com.ar\/#\/schema\/person\/232422a593d5c541dd9aef6aaed10943\"},\"headline\":\"La an\u00e9cdota de Mariano Troilo tras compartir vestuario por primera vez con Lionel Messi en la Selecci\u00f3n: el curioso pedido que le hizo\",\"datePublished\":\"2026-03-06T01:46:29+00:00\",\"dateModified\":\"2026-03-06T02:05:39+00:00\",\"mainEntityOfPage\":{\"@id\":\"https:\/\/lobosnews.com.ar\/index.php\/2026\/03\/06\/la-anecdota-de-mariano-troilo-tras-compartir-vestuario-por-primera-vez-con-lionel-messi-en-la-seleccion-el-curioso-pedido-que-le-hizo\/\"},\"wordCount\":748,\"commentCount\":0,\"publisher\":{\"@id\":\"https:\/\/lobosnews.com.ar\/#organization\"},\"image\":{\"@id\":\"https:\/\/lobosnews.com.ar\/index.php\/2026\/03\/06\/la-anecdota-de-mariano-troilo-tras-compartir-vestuario-por-primera-vez-con-lionel-messi-en-la-seleccion-el-curioso-pedido-que-le-hizo\/#primaryimage\"},\"thumbnailUrl\":\"https:\/\/lobosnews.com.ar\/wp-content\/uploads\/2026\/03\/la-anecdota-de-mariano-troilo-tras-compartir-vestuario-por-primera-vez-con-lionel-messi-en-la-seleccion-el-curioso-pedido-que-le-hizo.jpg\",\"keywords\":[\"Deportes\"],\"articleSection\":[\"Argentina\"],\"inLanguage\":\"es\",\"potentialAction\":[{\"@type\":\"CommentAction\",\"name\":\"Comment\",\"target\":[\"https:\/\/lobosnews.com.ar\/index.php\/2026\/03\/06\/la-anecdota-de-mariano-troilo-tras-compartir-vestuario-por-primera-vez-con-lionel-messi-en-la-seleccion-el-curioso-pedido-que-le-hizo\/#respond\"]}]},{\"@type\":\"WebPage\",\"@id\":\"https:\/\/lobosnews.com.ar\/index.php\/2026\/03\/06\/la-anecdota-de-mariano-troilo-tras-compartir-vestuario-por-primera-vez-con-lionel-messi-en-la-seleccion-el-curioso-pedido-que-le-hizo\/\",\"url\":\"https:\/\/lobosnews.com.ar\/index.php\/2026\/03\/06\/la-anecdota-de-mariano-troilo-tras-compartir-vestuario-por-primera-vez-con-lionel-messi-en-la-seleccion-el-curioso-pedido-que-le-hizo\/\",\"name\":\"La an\u00e9cdota de Mariano Troilo tras compartir vestuario por primera vez con Lionel Messi en la Selecci\u00f3n: el curioso pedido que le hizo - Lobos News\",\"isPartOf\":{\"@id\":\"https:\/\/lobosnews.com.ar\/#website\"},\"primaryImageOfPage\":{\"@id\":\"https:\/\/lobosnews.com.ar\/index.php\/2026\/03\/06\/la-anecdota-de-mariano-troilo-tras-compartir-vestuario-por-primera-vez-con-lionel-messi-en-la-seleccion-el-curioso-pedido-que-le-hizo\/#primaryimage\"},\"image\":{\"@id\":\"https:\/\/lobosnews.com.ar\/index.php\/2026\/03\/06\/la-anecdota-de-mariano-troilo-tras-compartir-vestuario-por-primera-vez-con-lionel-messi-en-la-seleccion-el-curioso-pedido-que-le-hizo\/#primaryimage\"},\"thumbnailUrl\":\"https:\/\/lobosnews.com.ar\/wp-content\/uploads\/2026\/03\/la-anecdota-de-mariano-troilo-tras-compartir-vestuario-por-primera-vez-con-lionel-messi-en-la-seleccion-el-curioso-pedido-que-le-hizo.jpg\",\"datePublished\":\"2026-03-06T01:46:29+00:00\",\"dateModified\":\"2026-03-06T02:05:39+00:00\",\"breadcrumb\":{\"@id\":\"https:\/\/lobosnews.com.ar\/index.php\/2026\/03\/06\/la-anecdota-de-mariano-troilo-tras-compartir-vestuario-por-primera-vez-con-lionel-messi-en-la-seleccion-el-curioso-pedido-que-le-hizo\/#breadcrumb\"},\"inLanguage\":\"es\",\"potentialAction\":[{\"@type\":\"ReadAction\",\"target\":[\"https:\/\/lobosnews.com.ar\/index.php\/2026\/03\/06\/la-anecdota-de-mariano-troilo-tras-compartir-vestuario-por-primera-vez-con-lionel-messi-en-la-seleccion-el-curioso-pedido-que-le-hizo\/\"]}]},{\"@type\":\"ImageObject\",\"inLanguage\":\"es\",\"@id\":\"https:\/\/lobosnews.com.ar\/index.php\/2026\/03\/06\/la-anecdota-de-mariano-troilo-tras-compartir-vestuario-por-primera-vez-con-lionel-messi-en-la-seleccion-el-curioso-pedido-que-le-hizo\/#primaryimage\",\"url\":\"https:\/\/lobosnews.com.ar\/wp-content\/uploads\/2026\/03\/la-anecdota-de-mariano-troilo-tras-compartir-vestuario-por-primera-vez-con-lionel-messi-en-la-seleccion-el-curioso-pedido-que-le-hizo.jpg\",\"contentUrl\":\"https:\/\/lobosnews.com.ar\/wp-content\/uploads\/2026\/03\/la-anecdota-de-mariano-troilo-tras-compartir-vestuario-por-primera-vez-con-lionel-messi-en-la-seleccion-el-curioso-pedido-que-le-hizo.jpg\"},{\"@type\":\"BreadcrumbList\",\"@id\":\"https:\/\/lobosnews.com.ar\/index.php\/2026\/03\/06\/la-anecdota-de-mariano-troilo-tras-compartir-vestuario-por-primera-vez-con-lionel-messi-en-la-seleccion-el-curioso-pedido-que-le-hizo\/#breadcrumb\",\"itemListElement\":[{\"@type\":\"ListItem\",\"position\":1,\"name\":\"Portada\",\"item\":\"https:\/\/lobosnews.com.ar\/\"},{\"@type\":\"ListItem\",\"position\":2,\"name\":\"La an\u00e9cdota de Mariano Troilo tras compartir vestuario por primera vez con Lionel Messi en la Selecci\u00f3n: el curioso pedido que le hizo\"}]},{\"@type\":\"WebSite\",\"@id\":\"https:\/\/lobosnews.com.ar\/#website\",\"url\":\"https:\/\/lobosnews.com.ar\/\",\"name\":\"Lobos News\",\"description\":\"Informaci\u00f3n a cada instante\",\"publisher\":{\"@id\":\"https:\/\/lobosnews.com.ar\/#organization\"},\"potentialAction\":[{\"@type\":\"SearchAction\",\"target\":{\"@type\":\"EntryPoint\",\"urlTemplate\":\"https:\/\/lobosnews.com.ar\/?s={search_term_string}\"},\"query-input\":{\"@type\":\"PropertyValueSpecification\",\"valueRequired\":true,\"valueName\":\"search_term_string\"}}],\"inLanguage\":\"es\"},{\"@type\":\"Organization\",\"@id\":\"https:\/\/lobosnews.com.ar\/#organization\",\"name\":\"Lobos News\",\"url\":\"https:\/\/lobosnews.com.ar\/\",\"logo\":{\"@type\":\"ImageObject\",\"inLanguage\":\"es\",\"@id\":\"https:\/\/lobosnews.com.ar\/#\/schema\/logo\/image\/\",\"url\":\"https:\/\/lobosnews.com.ar\/wp-content\/uploads\/2026\/01\/logo-lobosnews.png\",\"contentUrl\":\"https:\/\/lobosnews.com.ar\/wp-content\/uploads\/2026\/01\/logo-lobosnews.png\",\"width\":500,\"height\":200,\"caption\":\"Lobos News\"},\"image\":{\"@id\":\"https:\/\/lobosnews.com.ar\/#\/schema\/logo\/image\/\"}},{\"@type\":\"Person\",\"@id\":\"https:\/\/lobosnews.com.ar\/#\/schema\/person\/232422a593d5c541dd9aef6aaed10943\",\"name\":\"admin\",\"image\":{\"@type\":\"ImageObject\",\"inLanguage\":\"es\",\"@id\":\"https:\/\/lobosnews.com.ar\/#\/schema\/person\/image\/\",\"url\":\"https:\/\/secure.gravatar.com\/avatar\/76e419471a2083bc3ceab22a763dbbf9b0c1bd15a6214cf3280e2c2dde4580f9?s=96&d=mm&r=g\",\"contentUrl\":\"https:\/\/secure.gravatar.com\/avatar\/76e419471a2083bc3ceab22a763dbbf9b0c1bd15a6214cf3280e2c2dde4580f9?s=96&d=mm&r=g\",\"caption\":\"admin\"},\"sameAs\":[\"https:\/\/lobosnews.com.ar\"],\"url\":\"https:\/\/lobosnews.com.ar\/index.php\/author\/lobos-news\/\"}]}<\/script>\n<!-- \/ Yoast SEO plugin. -->","yoast_head_json":{"title":"La an\u00e9cdota de Mariano Troilo tras compartir vestuario por primera vez con Lionel Messi en la Selecci\u00f3n: el curioso pedido que le hizo - Lobos News","robots":{"index":"index","follow":"follow","max-snippet":"max-snippet:-1","max-image-preview":"max-image-preview:large","max-video-preview":"max-video-preview:-1"},"canonical":"https:\/\/lobosnews.com.ar\/index.php\/2026\/03\/06\/la-anecdota-de-mariano-troilo-tras-compartir-vestuario-por-primera-vez-con-lionel-messi-en-la-seleccion-el-curioso-pedido-que-le-hizo\/","og_locale":"es_ES","og_type":"article","og_title":"La an\u00e9cdota de Mariano Troilo tras compartir vestuario por primera vez con Lionel Messi en la Selecci\u00f3n: el curioso pedido que le hizo - Lobos News","og_description":"Un mensaje de Mariano Troilo enviado a Lionel Messi se transform\u00f3 en una an\u00e9cdota, tras su primera convocatoria a la selecci\u00f3n argentina. El joven futbolista revel\u00f3 la conversaci\u00f3n que a\u00fan provoca sonrisas. \u201cLe ped\u00ed por favor a Messi que no entre a nuestro chat de Instagram porque le hab\u00eda mandado muchos mensajes. Se re\u00edan con...","og_url":"https:\/\/lobosnews.com.ar\/index.php\/2026\/03\/06\/la-anecdota-de-mariano-troilo-tras-compartir-vestuario-por-primera-vez-con-lionel-messi-en-la-seleccion-el-curioso-pedido-que-le-hizo\/","og_site_name":"Lobos News","article_published_time":"2026-03-06T01:46:29+00:00","article_modified_time":"2026-03-06T02:05:39+00:00","og_image":[{"url":"https:\/\/lobosnews.com.ar\/wp-content\/uploads\/2026\/03\/la-anecdota-de-mariano-troilo-tras-compartir-vestuario-por-primera-vez-con-lionel-messi-en-la-seleccion-el-curioso-pedido-que-le-hizo.jpg","type":"","width":"","height":""}],"author":"admin","twitter_card":"summary_large_image","twitter_misc":{"Escrito por":"admin","Tiempo de lectura":"4 minutos"},"schema":{"@context":"https:\/\/schema.org","@graph":[{"@type":"Article","@id":"https:\/\/lobosnews.com.ar\/index.php\/2026\/03\/06\/la-anecdota-de-mariano-troilo-tras-compartir-vestuario-por-primera-vez-con-lionel-messi-en-la-seleccion-el-curioso-pedido-que-le-hizo\/#article","isPartOf":{"@id":"https:\/\/lobosnews.com.ar\/index.php\/2026\/03\/06\/la-anecdota-de-mariano-troilo-tras-compartir-vestuario-por-primera-vez-con-lionel-messi-en-la-seleccion-el-curioso-pedido-que-le-hizo\/"},"author":{"name":"admin","@id":"https:\/\/lobosnews.com.ar\/#\/schema\/person\/232422a593d5c541dd9aef6aaed10943"},"headline":"La an\u00e9cdota de Mariano Troilo tras compartir vestuario por primera vez con Lionel Messi en la Selecci\u00f3n: el curioso pedido que le hizo","datePublished":"2026-03-06T01:46:29+00:00","dateModified":"2026-03-06T02:05:39+00:00","mainEntityOfPage":{"@id":"https:\/\/lobosnews.com.ar\/index.php\/2026\/03\/06\/la-anecdota-de-mariano-troilo-tras-compartir-vestuario-por-primera-vez-con-lionel-messi-en-la-seleccion-el-curioso-pedido-que-le-hizo\/"},"wordCount":748,"commentCount":0,"publisher":{"@id":"https:\/\/lobosnews.com.ar\/#organization"},"image":{"@id":"https:\/\/lobosnews.com.ar\/index.php\/2026\/03\/06\/la-anecdota-de-mariano-troilo-tras-compartir-vestuario-por-primera-vez-con-lionel-messi-en-la-seleccion-el-curioso-pedido-que-le-hizo\/#primaryimage"},"thumbnailUrl":"https:\/\/lobosnews.com.ar\/wp-content\/uploads\/2026\/03\/la-anecdota-de-mariano-troilo-tras-compartir-vestuario-por-primera-vez-con-lionel-messi-en-la-seleccion-el-curioso-pedido-que-le-hizo.jpg","keywords":["Deportes"],"articleSection":["Argentina"],"inLanguage":"es","potentialAction":[{"@type":"CommentAction","name":"Comment","target":["https:\/\/lobosnews.com.ar\/index.php\/2026\/03\/06\/la-anecdota-de-mariano-troilo-tras-compartir-vestuario-por-primera-vez-con-lionel-messi-en-la-seleccion-el-curioso-pedido-que-le-hizo\/#respond"]}]},{"@type":"WebPage","@id":"https:\/\/lobosnews.com.ar\/index.php\/2026\/03\/06\/la-anecdota-de-mariano-troilo-tras-compartir-vestuario-por-primera-vez-con-lionel-messi-en-la-seleccion-el-curioso-pedido-que-le-hizo\/","url":"https:\/\/lobosnews.com.ar\/index.php\/2026\/03\/06\/la-anecdota-de-mariano-troilo-tras-compartir-vestuario-por-primera-vez-con-lionel-messi-en-la-seleccion-el-curioso-pedido-que-le-hizo\/","name":"La an\u00e9cdota de Mariano Troilo tras compartir vestuario por primera vez con Lionel Messi en la Selecci\u00f3n: el curioso pedido que le hizo - Lobos News","isPartOf":{"@id":"https:\/\/lobosnews.com.ar\/#website"},"primaryImageOfPage":{"@id":"https:\/\/lobosnews.com.ar\/index.php\/2026\/03\/06\/la-anecdota-de-mariano-troilo-tras-compartir-vestuario-por-primera-vez-con-lionel-messi-en-la-seleccion-el-curioso-pedido-que-le-hizo\/#primaryimage"},"image":{"@id":"https:\/\/lobosnews.com.ar\/index.php\/2026\/03\/06\/la-anecdota-de-mariano-troilo-tras-compartir-vestuario-por-primera-vez-con-lionel-messi-en-la-seleccion-el-curioso-pedido-que-le-hizo\/#primaryimage"},"thumbnailUrl":"https:\/\/lobosnews.com.ar\/wp-content\/uploads\/2026\/03\/la-anecdota-de-mariano-troilo-tras-compartir-vestuario-por-primera-vez-con-lionel-messi-en-la-seleccion-el-curioso-pedido-que-le-hizo.jpg","datePublished":"2026-03-06T01:46:29+00:00","dateModified":"2026-03-06T02:05:39+00:00","breadcrumb":{"@id":"https:\/\/lobosnews.com.ar\/index.php\/2026\/03\/06\/la-anecdota-de-mariano-troilo-tras-compartir-vestuario-por-primera-vez-con-lionel-messi-en-la-seleccion-el-curioso-pedido-que-le-hizo\/#breadcrumb"},"inLanguage":"es","potentialAction":[{"@type":"ReadAction","target":["https:\/\/lobosnews.com.ar\/index.php\/2026\/03\/06\/la-anecdota-de-mariano-troilo-tras-compartir-vestuario-por-primera-vez-con-lionel-messi-en-la-seleccion-el-curioso-pedido-que-le-hizo\/"]}]},{"@type":"ImageObject","inLanguage":"es","@id":"https:\/\/lobosnews.com.ar\/index.php\/2026\/03\/06\/la-anecdota-de-mariano-troilo-tras-compartir-vestuario-por-primera-vez-con-lionel-messi-en-la-seleccion-el-curioso-pedido-que-le-hizo\/#primaryimage","url":"https:\/\/lobosnews.com.ar\/wp-content\/uploads\/2026\/03\/la-anecdota-de-mariano-troilo-tras-compartir-vestuario-por-primera-vez-con-lionel-messi-en-la-seleccion-el-curioso-pedido-que-le-hizo.jpg","contentUrl":"https:\/\/lobosnews.com.ar\/wp-content\/uploads\/2026\/03\/la-anecdota-de-mariano-troilo-tras-compartir-vestuario-por-primera-vez-con-lionel-messi-en-la-seleccion-el-curioso-pedido-que-le-hizo.jpg"},{"@type":"BreadcrumbList","@id":"https:\/\/lobosnews.com.ar\/index.php\/2026\/03\/06\/la-anecdota-de-mariano-troilo-tras-compartir-vestuario-por-primera-vez-con-lionel-messi-en-la-seleccion-el-curioso-pedido-que-le-hizo\/#breadcrumb","itemListElement":[{"@type":"ListItem","position":1,"name":"Portada","item":"https:\/\/lobosnews.com.ar\/"},{"@type":"ListItem","position":2,"name":"La an\u00e9cdota de Mariano Troilo tras compartir vestuario por primera vez con Lionel Messi en la Selecci\u00f3n: el curioso pedido que le hizo"}]},{"@type":"WebSite","@id":"https:\/\/lobosnews.com.ar\/#website","url":"https:\/\/lobosnews.com.ar\/","name":"Lobos News","description":"Informaci\u00f3n a cada instante","publisher":{"@id":"https:\/\/lobosnews.com.ar\/#organization"},"potentialAction":[{"@type":"SearchAction","target":{"@type":"EntryPoint","urlTemplate":"https:\/\/lobosnews.com.ar\/?s={search_term_string}"},"query-input":{"@type":"PropertyValueSpecification","valueRequired":true,"valueName":"search_term_string"}}],"inLanguage":"es"},{"@type":"Organization","@id":"https:\/\/lobosnews.com.ar\/#organization","name":"Lobos News","url":"https:\/\/lobosnews.com.ar\/","logo":{"@type":"ImageObject","inLanguage":"es","@id":"https:\/\/lobosnews.com.ar\/#\/schema\/logo\/image\/","url":"https:\/\/lobosnews.com.ar\/wp-content\/uploads\/2026\/01\/logo-lobosnews.png","contentUrl":"https:\/\/lobosnews.com.ar\/wp-content\/uploads\/2026\/01\/logo-lobosnews.png","width":500,"height":200,"caption":"Lobos News"},"image":{"@id":"https:\/\/lobosnews.com.ar\/#\/schema\/logo\/image\/"}},{"@type":"Person","@id":"https:\/\/lobosnews.com.ar\/#\/schema\/person\/232422a593d5c541dd9aef6aaed10943","name":"admin","image":{"@type":"ImageObject","inLanguage":"es","@id":"https:\/\/lobosnews.com.ar\/#\/schema\/person\/image\/","url":"https:\/\/secure.gravatar.com\/avatar\/76e419471a2083bc3ceab22a763dbbf9b0c1bd15a6214cf3280e2c2dde4580f9?s=96&d=mm&r=g","contentUrl":"https:\/\/secure.gravatar.com\/avatar\/76e419471a2083bc3ceab22a763dbbf9b0c1bd15a6214cf3280e2c2dde4580f9?s=96&d=mm&r=g","caption":"admin"},"sameAs":["https:\/\/lobosnews.com.ar"],"url":"https:\/\/lobosnews.com.ar\/index.php\/author\/lobos-news\/"}]}},"jetpack_featured_media_url":"","jetpack_sharing_enabled":true,"_links":{"self":[{"href":"https:\/\/lobosnews.com.ar\/index.php\/wp-json\/wp\/v2\/posts\/29529","targetHints":{"allow":["GET"]}}],"collection":[{"href":"https:\/\/lobosnews.com.ar\/index.php\/wp-json\/wp\/v2\/posts"}],"about":[{"href":"https:\/\/lobosnews.com.ar\/index.php\/wp-json\/wp\/v2\/types\/post"}],"author":[{"embeddable":true,"href":"https:\/\/lobosnews.com.ar\/index.php\/wp-json\/wp\/v2\/users\/1"}],"replies":[{"embeddable":true,"href":"https:\/\/lobosnews.com.ar\/index.php\/wp-json\/wp\/v2\/comments?post=29529"}],"version-history":[{"count":1,"href":"https:\/\/lobosnews.com.ar\/index.php\/wp-json\/wp\/v2\/posts\/29529\/revisions"}],"predecessor-version":[{"id":29533,"href":"https:\/\/lobosnews.com.ar\/index.php\/wp-json\/wp\/v2\/posts\/29529\/revisions\/29533"}],"wp:attachment":[{"href":"https:\/\/lobosnews.com.ar\/index.php\/wp-json\/wp\/v2\/media?parent=29529"}],"wp:term":[{"taxonomy":"category","embeddable":true,"href":"https:\/\/lobosnews.com.ar\/index.php\/wp-json\/wp\/v2\/categories?post=29529"},{"taxonomy":"post_tag","embeddable":true,"href":"https:\/\/lobosnews.com.ar\/index.php\/wp-json\/wp\/v2\/tags?post=29529"}],"curies":[{"name":"wp","href":"https:\/\/api.w.org\/{rel}","templated":true}]}}