{"id":29510,"date":"2026-03-05T22:40:05","date_gmt":"2026-03-05T22:40:05","guid":{"rendered":"https:\/\/lobosnews.com.ar\/index.php\/2026\/03\/05\/incendios-en-chubut-como-sigue-la-lucha-de-los-brigadistas-contra-los-focos-activos-en-el-parque-nacional-los-alerces\/"},"modified":"2026-03-05T23:46:47","modified_gmt":"2026-03-05T23:46:47","slug":"incendios-en-chubut-como-sigue-la-lucha-de-los-brigadistas-contra-los-focos-activos-en-el-parque-nacional-los-alerces","status":"publish","type":"post","link":"https:\/\/lobosnews.com.ar\/index.php\/2026\/03\/05\/incendios-en-chubut-como-sigue-la-lucha-de-los-brigadistas-contra-los-focos-activos-en-el-parque-nacional-los-alerces\/","title":{"rendered":"Incendios en Chubut: c\u00f3mo sigue la lucha de los brigadistas contra los focos activos en el Parque Nacional Los Alerces"},"content":{"rendered":"<p><img fetchpriority=\"high\" decoding=\"async\" src=\"https:\/\/lobosnews.com.ar\/wp-content\/uploads\/2026\/03\/incendios-en-chubut-como-sigue-la-lucha-de-los-brigadistas-contra-los-focos-activos-en-el-parque-nacional-los-alerces.jpg\" alt=\"Brigadistas recorren el per\u00edmetro de La Tapera en busca de puntos calientes tras el avance del incendio\" height=\"1200\" width=\"1600\"\/><\/p>\n<p>Bajo la coordinaci\u00f3n del <b>Comando Unificado<\/b> integrado por la <b>Agencia Federal de Emergencias (AFE)<\/b> del <b>Ministerio de Seguridad Nacional<\/b>, la <b>Administraci\u00f3n de Parques Nacionales<\/b> y el <b>Gobierno de la Provincia del Chubut<\/b>, los esfuerzos para controlar el incendio en el<span class=\"waslinkname\"> <b>Parque Nacional Los Alerces<\/b><\/span> se mantienen intensificados. Este jueves, la prioridad recay\u00f3 en nuevas <b>recorridas de brigadistas para detectar focos activos<\/b>, una tarea que busca evitar la reactivaci\u00f3n de puntos calientes y contener la propagaci\u00f3n del fuego en \u00e1reas cr\u00edticas como <b>La Tapera<\/b> y sectores secundarios.<\/p>\n<p>La jornada inici\u00f3 con una temperatura m\u00e1xima prevista entre 21 y 23\u202f\u00b0C, humedad m\u00ednima de 25% y vientos variables que, en algunos sectores, alcanzan los 35 a 45 km\/h, aunque se espera que disminuyan hacia la noche. Las condiciones meteorol\u00f3gicas no anticipan lluvias, lo que refuerza la necesidad de mantener la vigilancia en los per\u00edmetros afectados y de realizar recorridas estrat\u00e9gicas para controlar cualquier posible reactivaci\u00f3n del fuego.<\/p>\n<p>El operativo de monitoreo se concentra principalmente en el per\u00edmetro del incendio que afecta el sector <b>La Tapera<\/b>, donde los equipos revisan minuciosamente cada tramo para descartar la presencia de puntos calientes. Simult\u00e1neamente, se eval\u00faan los sectores impactados en el incendio de <b>Puerto Caf\u00e9<\/b>, con especial atenci\u00f3n al sector 4 en el \u00e1rea de la <b>laguna Villarino<\/b>. <\/p>\n<p>Seg\u00fan el reporte difundido por <b>Parques Nacionales<\/b>, el despliegue de brigadistas abarca tambi\u00e9n trayectos de acceso complejo, donde la topograf\u00eda y la vegetaci\u00f3n demandan un seguimiento constante.<\/p>\n<p><img loading=\"lazy\" decoding=\"async\" src=\"https:\/\/lobosnews.com.ar\/wp-content\/uploads\/2026\/03\/incendios-en-chubut-como-sigue-la-lucha-de-los-brigadistas-contra-los-focos-activos-en-el-parque-nacional-los-alerces-1.jpg\" alt=\"El Comando Unificado coordina acciones con fuerzas nacionales y provinciales en Los Alerces \" height=\"1280\" width=\"960\"\/><\/p>\n<p>La estrategia incluye la participaci\u00f3n de vecinos y pobladores de ambas costas del <b>R\u00edo Grande \u2013 Futaleuf\u00fa<\/b>, quienes colaboran con los equipos de apoyo y combate. <b>Los Cipreses<\/b>, una de las zonas m\u00e1s comprometidas, se destaca por el aporte de sus habitantes, quienes facilitan espacios en sus predios privados para el despliegue log\u00edstico y contribuyen al sostenimiento de la atenci\u00f3n permanente en las bases de <b>Puerto Cipr\u00e9s<\/b> y <b>R\u00edo al L\u00edmite<\/b>. El informe del <b>Comando Unificado<\/b> resalta: <b>\u201cEl apoyo de los pobladores y vecinos del \u00e1rea afectada resulta clave para la log\u00edstica y la atenci\u00f3n al personal destacado en las bases operativas\u201d<\/b>.<\/p>\n<p>El dispositivo de emergencia re\u00fane la labor de instituciones nacionales como el <b>Ej\u00e9rcito Argentino<\/b>, <b>Gendarmer\u00eda Nacional<\/b>, <b>Polic\u00eda Federal Argentina<\/b>, <b>Prefectura Naval Argentina<\/b>, <b>INTA<\/b> y <b>Vialidad Nacional<\/b>, junto a las brigadas provinciales de las regiones Norte, Centro y Sur. Adem\u00e1s, participan activamente equipos de la <b>Municipalidad de Esquel<\/b>, <b>Protecci\u00f3n Ciudadana del Chubut<\/b>, los servicios provinciales de manejo del fuego del <b>Chubut<\/b> y <b>Neuqu\u00e9n<\/b>, <b>Vialidad Provincial<\/b>, el <b>Ministerio de Turismo y \u00c1reas Protegidas<\/b> y la <b>Subsecretar\u00eda de Protecci\u00f3n Ciudadana<\/b>. <\/p>\n<p>Este despliegue se refuerza a partir de la coordinaci\u00f3n con la <b>Federaci\u00f3n de Bomberos Voluntarios del Chubut<\/b>, que nuclea a los bomberos voluntarios de distintas localidades, as\u00ed como la contribuci\u00f3n de prestadores tur\u00edsticos, gu\u00edas del \u00e1rea protegida y la <b>Escuela N\u00b025 de Villa Futalaufquen<\/b>.<\/p>\n<p>El <b>Comando Unificado<\/b> se\u00f1ala la importancia de respetar las normas de circulaci\u00f3n en la <b>Ruta 71<\/b> y la <b>Ruta 259<\/b>, donde la convivencia de veh\u00edculos particulares y m\u00f3viles de emergencia exige atenci\u00f3n extrema. Se solicita a vecinos y visitantes acatar la velocidad m\u00e1xima de 40 kil\u00f3metros por hora en caminos internos y ceder el paso a la flota operativa, sobre todo en tramos sinuosos y de cornisa. El informe oficial enfatiza que <b>\u201clos veh\u00edculos oficiales afectados al apoyo log\u00edstico tienen prioridad absoluta de paso en todos los trazados viales\u201d<\/b>.<\/p>\n<p><img loading=\"lazy\" decoding=\"async\" src=\"https:\/\/lobosnews.com.ar\/wp-content\/uploads\/2026\/03\/incendios-en-chubut-como-sigue-la-lucha-de-los-brigadistas-contra-los-focos-activos-en-el-parque-nacional-los-alerces-2.jpg\" alt=\"Vecinos y equipos de emergencia colaboran en las bases operativas de Puerto Cipr\u00e9s y R\u00edo al L\u00edmite \" height=\"1059\" width=\"1600\"\/><\/p>\n<p>Las tareas de control y seguridad tambi\u00e9n se refuerzan en las portadas del <b>Parque Nacional Los Alerces<\/b>, en predios rurales y caminos vecinales. Unidades especiales recorren las poblaciones y se implementa tecnolog\u00eda para evaluar movimientos de personas ajenas a la comunidad, como parte de una estrategia integral para resguardar tanto el \u00e1rea afectada como a quienes intervienen en las operaciones.<\/p>\n<p>En paralelo, el <b>Comando Unificado<\/b> mantiene informada a la comunidad sobre avisos, alertas, medidas de prevenci\u00f3n y normas especiales de circulaci\u00f3n a trav\u00e9s de los canales oficiales, recomendando consultar frecuentemente los comunicados para evitar riesgos y estar al tanto de la evoluci\u00f3n del incendio.<\/p>\n<p>El comunicado de <i>Parques Nacionales<\/i> reitera: <b>\u201cEn un contexto de riesgo cr\u00edtico de incendios a nivel regional, se solicita a la comunidad que se mantenga informada a trav\u00e9s de los canales oficiales\u201d<\/b>.<\/p>\n<p>Por otra parte, se ha habilitado el uso p\u00fablico en los sectores <b>Embalse Amutui Quimey<\/b> y <b>R\u00edo Grande \u2013 Futaleuf\u00fa<\/b>, as\u00ed como en sendas de la <b>Zona Sur<\/b>, siempre bajo estrictas normas de seguridad y con monitoreo permanente. El respaldo de empresas y prestadores tur\u00edsticos en el suministro de recursos y log\u00edstica fortalece la operatividad de los equipos en terreno.<\/p>\n","protected":false},"excerpt":{"rendered":"<p>Bajo la coordinaci\u00f3n del Comando Unificado integrado por la Agencia Federal de Emergencias (AFE) del Ministerio de Seguridad Nacional, la Administraci\u00f3n de Parques Nacionales y el Gobierno de la Provincia del Chubut, los esfuerzos para controlar el incendio en el Parque Nacional Los Alerces se mantienen intensificados. Este jueves, la prioridad recay\u00f3 en nuevas recorridas&#8230;<\/p>\n","protected":false},"author":1,"featured_media":29515,"comment_status":"open","ping_status":"closed","sticky":false,"template":"","format":"standard","meta":{"_jetpack_memberships_contains_paid_content":false,"footnotes":""},"categories":[31,30,32,77,84,35,36,37],"tags":[],"class_list":["post-29510","post","type-post","status-publish","format-standard","has-post-thumbnail","hentry","category-actualidad","category-argentina","category-economia","category-inseguridad","category-masradios-com","category-nacionales","category-seguridad","category-sociedad"],"magazineBlocksPostFeaturedMedia":{"thumbnail":"https:\/\/lobosnews.com.ar\/wp-content\/uploads\/2026\/03\/incendios-en-chubut-como-sigue-la-lucha-de-los-brigadistas-contra-los-focos-activos-en-el-parque-nacional-los-alerces-4-150x150.jpg","medium":"https:\/\/lobosnews.com.ar\/wp-content\/uploads\/2026\/03\/incendios-en-chubut-como-sigue-la-lucha-de-los-brigadistas-contra-los-focos-activos-en-el-parque-nacional-los-alerces-4-300x199.jpg","medium_large":"https:\/\/lobosnews.com.ar\/wp-content\/uploads\/2026\/03\/incendios-en-chubut-como-sigue-la-lucha-de-los-brigadistas-contra-los-focos-activos-en-el-parque-nacional-los-alerces-4-768x508.jpg","large":"https:\/\/lobosnews.com.ar\/wp-content\/uploads\/2026\/03\/incendios-en-chubut-como-sigue-la-lucha-de-los-brigadistas-contra-los-focos-activos-en-el-parque-nacional-los-alerces-4-1024x678.jpg","1536x1536":"https:\/\/lobosnews.com.ar\/wp-content\/uploads\/2026\/03\/incendios-en-chubut-como-sigue-la-lucha-de-los-brigadistas-contra-los-focos-activos-en-el-parque-nacional-los-alerces-4-1536x1017.jpg","2048x2048":"https:\/\/lobosnews.com.ar\/wp-content\/uploads\/2026\/03\/incendios-en-chubut-como-sigue-la-lucha-de-los-brigadistas-contra-los-focos-activos-en-el-parque-nacional-los-alerces-4.jpg","newsmatic-featured":"https:\/\/lobosnews.com.ar\/wp-content\/uploads\/2026\/03\/incendios-en-chubut-como-sigue-la-lucha-de-los-brigadistas-contra-los-focos-activos-en-el-parque-nacional-los-alerces-4-820x545.jpg","newsmatic-list":"https:\/\/lobosnews.com.ar\/wp-content\/uploads\/2026\/03\/incendios-en-chubut-como-sigue-la-lucha-de-los-brigadistas-contra-los-focos-activos-en-el-parque-nacional-los-alerces-4-600x400.jpg","newsmatic-thumb":"https:\/\/lobosnews.com.ar\/wp-content\/uploads\/2026\/03\/incendios-en-chubut-como-sigue-la-lucha-de-los-brigadistas-contra-los-focos-activos-en-el-parque-nacional-los-alerces-4-300x200.jpg","newsmatic-small":"https:\/\/lobosnews.com.ar\/wp-content\/uploads\/2026\/03\/incendios-en-chubut-como-sigue-la-lucha-de-los-brigadistas-contra-los-focos-activos-en-el-parque-nacional-los-alerces-4-150x95.jpg","newsmatic-grid":"https:\/\/lobosnews.com.ar\/wp-content\/uploads\/2026\/03\/incendios-en-chubut-como-sigue-la-lucha-de-los-brigadistas-contra-los-focos-activos-en-el-parque-nacional-los-alerces-4-400x250.jpg"},"magazineBlocksPostAuthor":{"name":"admin","avatar":"https:\/\/secure.gravatar.com\/avatar\/76e419471a2083bc3ceab22a763dbbf9b0c1bd15a6214cf3280e2c2dde4580f9?s=96&d=mm&r=g"},"magazineBlocksPostCommentsNumber":"0","magazineBlocksPostExcerpt":"Bajo la coordinaci\u00f3n del Comando Unificado integrado por la Agencia Federal de Emergencias (AFE) del Ministerio de Seguridad Nacional, la Administraci\u00f3n de Parques Nacionales y el Gobierno de la Provincia del Chubut, los esfuerzos para controlar el incendio en el Parque Nacional Los Alerces se mantienen intensificados. Este jueves, la prioridad recay\u00f3 en nuevas recorridas...","magazineBlocksPostCategories":["Actualidad","Argentina","econom\u00eda","inseguridad","masradios.com","nacionales","seguridad","sociedad"],"magazineBlocksPostViewCount":79,"magazineBlocksPostReadTime":5,"magazine_blocks_featured_image_url":{"full":["https:\/\/lobosnews.com.ar\/wp-content\/uploads\/2026\/03\/incendios-en-chubut-como-sigue-la-lucha-de-los-brigadistas-contra-los-focos-activos-en-el-parque-nacional-los-alerces-4.jpg",1600,1059,false],"medium":["https:\/\/lobosnews.com.ar\/wp-content\/uploads\/2026\/03\/incendios-en-chubut-como-sigue-la-lucha-de-los-brigadistas-contra-los-focos-activos-en-el-parque-nacional-los-alerces-4-300x199.jpg",300,199,true],"thumbnail":["https:\/\/lobosnews.com.ar\/wp-content\/uploads\/2026\/03\/incendios-en-chubut-como-sigue-la-lucha-de-los-brigadistas-contra-los-focos-activos-en-el-parque-nacional-los-alerces-4-150x150.jpg",150,150,true]},"magazine_blocks_author":{"display_name":"admin","author_link":"https:\/\/lobosnews.com.ar\/index.php\/author\/lobos-news\/"},"magazine_blocks_comment":0,"magazine_blocks_author_image":"https:\/\/secure.gravatar.com\/avatar\/76e419471a2083bc3ceab22a763dbbf9b0c1bd15a6214cf3280e2c2dde4580f9?s=96&d=mm&r=g","magazine_blocks_category":"<a href=\"#\" class=\"category-link category-link-31\">Actualidad<\/a> <a href=\"#\" class=\"category-link category-link-30\">Argentina<\/a> <a href=\"#\" class=\"category-link category-link-32\">econom\u00eda<\/a> <a href=\"#\" class=\"category-link category-link-77\">inseguridad<\/a> <a href=\"#\" class=\"category-link category-link-84\">masradios.com<\/a> <a href=\"#\" class=\"category-link category-link-35\">nacionales<\/a> <a href=\"#\" class=\"category-link category-link-36\">seguridad<\/a> <a href=\"#\" class=\"category-link category-link-37\">sociedad<\/a>","yoast_head":"<!-- This site is optimized with the Yoast SEO plugin v26.6 - https:\/\/yoast.com\/wordpress\/plugins\/seo\/ -->\n<title>Incendios en Chubut: c\u00f3mo sigue la lucha de los brigadistas contra los focos activos en el Parque Nacional Los Alerces - Lobos News<\/title>\n<meta name=\"robots\" content=\"index, follow, max-snippet:-1, max-image-preview:large, max-video-preview:-1\" \/>\n<link rel=\"canonical\" href=\"https:\/\/lobosnews.com.ar\/index.php\/2026\/03\/05\/incendios-en-chubut-como-sigue-la-lucha-de-los-brigadistas-contra-los-focos-activos-en-el-parque-nacional-los-alerces\/\" \/>\n<meta property=\"og:locale\" content=\"es_ES\" \/>\n<meta property=\"og:type\" content=\"article\" \/>\n<meta property=\"og:title\" content=\"Incendios en Chubut: c\u00f3mo sigue la lucha de los brigadistas contra los focos activos en el Parque Nacional Los Alerces - Lobos News\" \/>\n<meta property=\"og:description\" content=\"Bajo la coordinaci\u00f3n del Comando Unificado integrado por la Agencia Federal de Emergencias (AFE) del Ministerio de Seguridad Nacional, la Administraci\u00f3n de Parques Nacionales y el Gobierno de la Provincia del Chubut, los esfuerzos para controlar el incendio en el Parque Nacional Los Alerces se mantienen intensificados. Este jueves, la prioridad recay\u00f3 en nuevas recorridas...\" \/>\n<meta property=\"og:url\" content=\"https:\/\/lobosnews.com.ar\/index.php\/2026\/03\/05\/incendios-en-chubut-como-sigue-la-lucha-de-los-brigadistas-contra-los-focos-activos-en-el-parque-nacional-los-alerces\/\" \/>\n<meta property=\"og:site_name\" content=\"Lobos News\" \/>\n<meta property=\"article:published_time\" content=\"2026-03-05T22:40:05+00:00\" \/>\n<meta property=\"article:modified_time\" content=\"2026-03-05T23:46:47+00:00\" \/>\n<meta property=\"og:image\" content=\"https:\/\/lobosnews.com.ar\/wp-content\/uploads\/2026\/03\/incendios-en-chubut-como-sigue-la-lucha-de-los-brigadistas-contra-los-focos-activos-en-el-parque-nacional-los-alerces.jpg\" \/>\n<meta name=\"author\" content=\"admin\" \/>\n<meta name=\"twitter:card\" content=\"summary_large_image\" \/>\n<meta name=\"twitter:label1\" content=\"Escrito por\" \/>\n\t<meta name=\"twitter:data1\" content=\"admin\" \/>\n\t<meta name=\"twitter:label2\" content=\"Tiempo de lectura\" \/>\n\t<meta name=\"twitter:data2\" content=\"4 minutos\" \/>\n<script type=\"application\/ld+json\" class=\"yoast-schema-graph\">{\"@context\":\"https:\/\/schema.org\",\"@graph\":[{\"@type\":\"Article\",\"@id\":\"https:\/\/lobosnews.com.ar\/index.php\/2026\/03\/05\/incendios-en-chubut-como-sigue-la-lucha-de-los-brigadistas-contra-los-focos-activos-en-el-parque-nacional-los-alerces\/#article\",\"isPartOf\":{\"@id\":\"https:\/\/lobosnews.com.ar\/index.php\/2026\/03\/05\/incendios-en-chubut-como-sigue-la-lucha-de-los-brigadistas-contra-los-focos-activos-en-el-parque-nacional-los-alerces\/\"},\"author\":{\"name\":\"admin\",\"@id\":\"https:\/\/lobosnews.com.ar\/#\/schema\/person\/232422a593d5c541dd9aef6aaed10943\"},\"headline\":\"Incendios en Chubut: c\u00f3mo sigue la lucha de los brigadistas contra los focos activos en el Parque Nacional Los Alerces\",\"datePublished\":\"2026-03-05T22:40:05+00:00\",\"dateModified\":\"2026-03-05T23:46:47+00:00\",\"mainEntityOfPage\":{\"@id\":\"https:\/\/lobosnews.com.ar\/index.php\/2026\/03\/05\/incendios-en-chubut-como-sigue-la-lucha-de-los-brigadistas-contra-los-focos-activos-en-el-parque-nacional-los-alerces\/\"},\"wordCount\":822,\"commentCount\":0,\"publisher\":{\"@id\":\"https:\/\/lobosnews.com.ar\/#organization\"},\"image\":{\"@id\":\"https:\/\/lobosnews.com.ar\/index.php\/2026\/03\/05\/incendios-en-chubut-como-sigue-la-lucha-de-los-brigadistas-contra-los-focos-activos-en-el-parque-nacional-los-alerces\/#primaryimage\"},\"thumbnailUrl\":\"https:\/\/lobosnews.com.ar\/wp-content\/uploads\/2026\/03\/incendios-en-chubut-como-sigue-la-lucha-de-los-brigadistas-contra-los-focos-activos-en-el-parque-nacional-los-alerces-4.jpg\",\"articleSection\":[\"Actualidad\",\"Argentina\",\"econom\u00eda\",\"inseguridad\",\"masradios.com\",\"nacionales\",\"seguridad\",\"sociedad\"],\"inLanguage\":\"es\",\"potentialAction\":[{\"@type\":\"CommentAction\",\"name\":\"Comment\",\"target\":[\"https:\/\/lobosnews.com.ar\/index.php\/2026\/03\/05\/incendios-en-chubut-como-sigue-la-lucha-de-los-brigadistas-contra-los-focos-activos-en-el-parque-nacional-los-alerces\/#respond\"]}]},{\"@type\":\"WebPage\",\"@id\":\"https:\/\/lobosnews.com.ar\/index.php\/2026\/03\/05\/incendios-en-chubut-como-sigue-la-lucha-de-los-brigadistas-contra-los-focos-activos-en-el-parque-nacional-los-alerces\/\",\"url\":\"https:\/\/lobosnews.com.ar\/index.php\/2026\/03\/05\/incendios-en-chubut-como-sigue-la-lucha-de-los-brigadistas-contra-los-focos-activos-en-el-parque-nacional-los-alerces\/\",\"name\":\"Incendios en Chubut: c\u00f3mo sigue la lucha de los brigadistas contra los focos activos en el Parque Nacional Los Alerces - Lobos News\",\"isPartOf\":{\"@id\":\"https:\/\/lobosnews.com.ar\/#website\"},\"primaryImageOfPage\":{\"@id\":\"https:\/\/lobosnews.com.ar\/index.php\/2026\/03\/05\/incendios-en-chubut-como-sigue-la-lucha-de-los-brigadistas-contra-los-focos-activos-en-el-parque-nacional-los-alerces\/#primaryimage\"},\"image\":{\"@id\":\"https:\/\/lobosnews.com.ar\/index.php\/2026\/03\/05\/incendios-en-chubut-como-sigue-la-lucha-de-los-brigadistas-contra-los-focos-activos-en-el-parque-nacional-los-alerces\/#primaryimage\"},\"thumbnailUrl\":\"https:\/\/lobosnews.com.ar\/wp-content\/uploads\/2026\/03\/incendios-en-chubut-como-sigue-la-lucha-de-los-brigadistas-contra-los-focos-activos-en-el-parque-nacional-los-alerces-4.jpg\",\"datePublished\":\"2026-03-05T22:40:05+00:00\",\"dateModified\":\"2026-03-05T23:46:47+00:00\",\"breadcrumb\":{\"@id\":\"https:\/\/lobosnews.com.ar\/index.php\/2026\/03\/05\/incendios-en-chubut-como-sigue-la-lucha-de-los-brigadistas-contra-los-focos-activos-en-el-parque-nacional-los-alerces\/#breadcrumb\"},\"inLanguage\":\"es\",\"potentialAction\":[{\"@type\":\"ReadAction\",\"target\":[\"https:\/\/lobosnews.com.ar\/index.php\/2026\/03\/05\/incendios-en-chubut-como-sigue-la-lucha-de-los-brigadistas-contra-los-focos-activos-en-el-parque-nacional-los-alerces\/\"]}]},{\"@type\":\"ImageObject\",\"inLanguage\":\"es\",\"@id\":\"https:\/\/lobosnews.com.ar\/index.php\/2026\/03\/05\/incendios-en-chubut-como-sigue-la-lucha-de-los-brigadistas-contra-los-focos-activos-en-el-parque-nacional-los-alerces\/#primaryimage\",\"url\":\"https:\/\/lobosnews.com.ar\/wp-content\/uploads\/2026\/03\/incendios-en-chubut-como-sigue-la-lucha-de-los-brigadistas-contra-los-focos-activos-en-el-parque-nacional-los-alerces-4.jpg\",\"contentUrl\":\"https:\/\/lobosnews.com.ar\/wp-content\/uploads\/2026\/03\/incendios-en-chubut-como-sigue-la-lucha-de-los-brigadistas-contra-los-focos-activos-en-el-parque-nacional-los-alerces-4.jpg\",\"width\":1600,\"height\":1059,\"caption\":\"Incendios en Chubut: c\u00f3mo sigue la lucha de los brigadistas contra los focos activos en el Parque Nacional Los Alerces\"},{\"@type\":\"BreadcrumbList\",\"@id\":\"https:\/\/lobosnews.com.ar\/index.php\/2026\/03\/05\/incendios-en-chubut-como-sigue-la-lucha-de-los-brigadistas-contra-los-focos-activos-en-el-parque-nacional-los-alerces\/#breadcrumb\",\"itemListElement\":[{\"@type\":\"ListItem\",\"position\":1,\"name\":\"Portada\",\"item\":\"https:\/\/lobosnews.com.ar\/\"},{\"@type\":\"ListItem\",\"position\":2,\"name\":\"Incendios en Chubut: c\u00f3mo sigue la lucha de los brigadistas contra los focos activos en el Parque Nacional Los Alerces\"}]},{\"@type\":\"WebSite\",\"@id\":\"https:\/\/lobosnews.com.ar\/#website\",\"url\":\"https:\/\/lobosnews.com.ar\/\",\"name\":\"Lobos News\",\"description\":\"Informaci\u00f3n a cada instante\",\"publisher\":{\"@id\":\"https:\/\/lobosnews.com.ar\/#organization\"},\"potentialAction\":[{\"@type\":\"SearchAction\",\"target\":{\"@type\":\"EntryPoint\",\"urlTemplate\":\"https:\/\/lobosnews.com.ar\/?s={search_term_string}\"},\"query-input\":{\"@type\":\"PropertyValueSpecification\",\"valueRequired\":true,\"valueName\":\"search_term_string\"}}],\"inLanguage\":\"es\"},{\"@type\":\"Organization\",\"@id\":\"https:\/\/lobosnews.com.ar\/#organization\",\"name\":\"Lobos News\",\"url\":\"https:\/\/lobosnews.com.ar\/\",\"logo\":{\"@type\":\"ImageObject\",\"inLanguage\":\"es\",\"@id\":\"https:\/\/lobosnews.com.ar\/#\/schema\/logo\/image\/\",\"url\":\"https:\/\/lobosnews.com.ar\/wp-content\/uploads\/2026\/01\/logo-lobosnews.png\",\"contentUrl\":\"https:\/\/lobosnews.com.ar\/wp-content\/uploads\/2026\/01\/logo-lobosnews.png\",\"width\":500,\"height\":200,\"caption\":\"Lobos News\"},\"image\":{\"@id\":\"https:\/\/lobosnews.com.ar\/#\/schema\/logo\/image\/\"}},{\"@type\":\"Person\",\"@id\":\"https:\/\/lobosnews.com.ar\/#\/schema\/person\/232422a593d5c541dd9aef6aaed10943\",\"name\":\"admin\",\"image\":{\"@type\":\"ImageObject\",\"inLanguage\":\"es\",\"@id\":\"https:\/\/lobosnews.com.ar\/#\/schema\/person\/image\/\",\"url\":\"https:\/\/secure.gravatar.com\/avatar\/76e419471a2083bc3ceab22a763dbbf9b0c1bd15a6214cf3280e2c2dde4580f9?s=96&d=mm&r=g\",\"contentUrl\":\"https:\/\/secure.gravatar.com\/avatar\/76e419471a2083bc3ceab22a763dbbf9b0c1bd15a6214cf3280e2c2dde4580f9?s=96&d=mm&r=g\",\"caption\":\"admin\"},\"sameAs\":[\"https:\/\/lobosnews.com.ar\"],\"url\":\"https:\/\/lobosnews.com.ar\/index.php\/author\/lobos-news\/\"}]}<\/script>\n<!-- \/ Yoast SEO plugin. -->","yoast_head_json":{"title":"Incendios en Chubut: c\u00f3mo sigue la lucha de los brigadistas contra los focos activos en el Parque Nacional Los Alerces - Lobos News","robots":{"index":"index","follow":"follow","max-snippet":"max-snippet:-1","max-image-preview":"max-image-preview:large","max-video-preview":"max-video-preview:-1"},"canonical":"https:\/\/lobosnews.com.ar\/index.php\/2026\/03\/05\/incendios-en-chubut-como-sigue-la-lucha-de-los-brigadistas-contra-los-focos-activos-en-el-parque-nacional-los-alerces\/","og_locale":"es_ES","og_type":"article","og_title":"Incendios en Chubut: c\u00f3mo sigue la lucha de los brigadistas contra los focos activos en el Parque Nacional Los Alerces - Lobos News","og_description":"Bajo la coordinaci\u00f3n del Comando Unificado integrado por la Agencia Federal de Emergencias (AFE) del Ministerio de Seguridad Nacional, la Administraci\u00f3n de Parques Nacionales y el Gobierno de la Provincia del Chubut, los esfuerzos para controlar el incendio en el Parque Nacional Los Alerces se mantienen intensificados. Este jueves, la prioridad recay\u00f3 en nuevas recorridas...","og_url":"https:\/\/lobosnews.com.ar\/index.php\/2026\/03\/05\/incendios-en-chubut-como-sigue-la-lucha-de-los-brigadistas-contra-los-focos-activos-en-el-parque-nacional-los-alerces\/","og_site_name":"Lobos News","article_published_time":"2026-03-05T22:40:05+00:00","article_modified_time":"2026-03-05T23:46:47+00:00","og_image":[{"url":"https:\/\/lobosnews.com.ar\/wp-content\/uploads\/2026\/03\/incendios-en-chubut-como-sigue-la-lucha-de-los-brigadistas-contra-los-focos-activos-en-el-parque-nacional-los-alerces.jpg","type":"","width":"","height":""}],"author":"admin","twitter_card":"summary_large_image","twitter_misc":{"Escrito por":"admin","Tiempo de lectura":"4 minutos"},"schema":{"@context":"https:\/\/schema.org","@graph":[{"@type":"Article","@id":"https:\/\/lobosnews.com.ar\/index.php\/2026\/03\/05\/incendios-en-chubut-como-sigue-la-lucha-de-los-brigadistas-contra-los-focos-activos-en-el-parque-nacional-los-alerces\/#article","isPartOf":{"@id":"https:\/\/lobosnews.com.ar\/index.php\/2026\/03\/05\/incendios-en-chubut-como-sigue-la-lucha-de-los-brigadistas-contra-los-focos-activos-en-el-parque-nacional-los-alerces\/"},"author":{"name":"admin","@id":"https:\/\/lobosnews.com.ar\/#\/schema\/person\/232422a593d5c541dd9aef6aaed10943"},"headline":"Incendios en Chubut: c\u00f3mo sigue la lucha de los brigadistas contra los focos activos en el Parque Nacional Los Alerces","datePublished":"2026-03-05T22:40:05+00:00","dateModified":"2026-03-05T23:46:47+00:00","mainEntityOfPage":{"@id":"https:\/\/lobosnews.com.ar\/index.php\/2026\/03\/05\/incendios-en-chubut-como-sigue-la-lucha-de-los-brigadistas-contra-los-focos-activos-en-el-parque-nacional-los-alerces\/"},"wordCount":822,"commentCount":0,"publisher":{"@id":"https:\/\/lobosnews.com.ar\/#organization"},"image":{"@id":"https:\/\/lobosnews.com.ar\/index.php\/2026\/03\/05\/incendios-en-chubut-como-sigue-la-lucha-de-los-brigadistas-contra-los-focos-activos-en-el-parque-nacional-los-alerces\/#primaryimage"},"thumbnailUrl":"https:\/\/lobosnews.com.ar\/wp-content\/uploads\/2026\/03\/incendios-en-chubut-como-sigue-la-lucha-de-los-brigadistas-contra-los-focos-activos-en-el-parque-nacional-los-alerces-4.jpg","articleSection":["Actualidad","Argentina","econom\u00eda","inseguridad","masradios.com","nacionales","seguridad","sociedad"],"inLanguage":"es","potentialAction":[{"@type":"CommentAction","name":"Comment","target":["https:\/\/lobosnews.com.ar\/index.php\/2026\/03\/05\/incendios-en-chubut-como-sigue-la-lucha-de-los-brigadistas-contra-los-focos-activos-en-el-parque-nacional-los-alerces\/#respond"]}]},{"@type":"WebPage","@id":"https:\/\/lobosnews.com.ar\/index.php\/2026\/03\/05\/incendios-en-chubut-como-sigue-la-lucha-de-los-brigadistas-contra-los-focos-activos-en-el-parque-nacional-los-alerces\/","url":"https:\/\/lobosnews.com.ar\/index.php\/2026\/03\/05\/incendios-en-chubut-como-sigue-la-lucha-de-los-brigadistas-contra-los-focos-activos-en-el-parque-nacional-los-alerces\/","name":"Incendios en Chubut: c\u00f3mo sigue la lucha de los brigadistas contra los focos activos en el Parque Nacional Los Alerces - Lobos News","isPartOf":{"@id":"https:\/\/lobosnews.com.ar\/#website"},"primaryImageOfPage":{"@id":"https:\/\/lobosnews.com.ar\/index.php\/2026\/03\/05\/incendios-en-chubut-como-sigue-la-lucha-de-los-brigadistas-contra-los-focos-activos-en-el-parque-nacional-los-alerces\/#primaryimage"},"image":{"@id":"https:\/\/lobosnews.com.ar\/index.php\/2026\/03\/05\/incendios-en-chubut-como-sigue-la-lucha-de-los-brigadistas-contra-los-focos-activos-en-el-parque-nacional-los-alerces\/#primaryimage"},"thumbnailUrl":"https:\/\/lobosnews.com.ar\/wp-content\/uploads\/2026\/03\/incendios-en-chubut-como-sigue-la-lucha-de-los-brigadistas-contra-los-focos-activos-en-el-parque-nacional-los-alerces-4.jpg","datePublished":"2026-03-05T22:40:05+00:00","dateModified":"2026-03-05T23:46:47+00:00","breadcrumb":{"@id":"https:\/\/lobosnews.com.ar\/index.php\/2026\/03\/05\/incendios-en-chubut-como-sigue-la-lucha-de-los-brigadistas-contra-los-focos-activos-en-el-parque-nacional-los-alerces\/#breadcrumb"},"inLanguage":"es","potentialAction":[{"@type":"ReadAction","target":["https:\/\/lobosnews.com.ar\/index.php\/2026\/03\/05\/incendios-en-chubut-como-sigue-la-lucha-de-los-brigadistas-contra-los-focos-activos-en-el-parque-nacional-los-alerces\/"]}]},{"@type":"ImageObject","inLanguage":"es","@id":"https:\/\/lobosnews.com.ar\/index.php\/2026\/03\/05\/incendios-en-chubut-como-sigue-la-lucha-de-los-brigadistas-contra-los-focos-activos-en-el-parque-nacional-los-alerces\/#primaryimage","url":"https:\/\/lobosnews.com.ar\/wp-content\/uploads\/2026\/03\/incendios-en-chubut-como-sigue-la-lucha-de-los-brigadistas-contra-los-focos-activos-en-el-parque-nacional-los-alerces-4.jpg","contentUrl":"https:\/\/lobosnews.com.ar\/wp-content\/uploads\/2026\/03\/incendios-en-chubut-como-sigue-la-lucha-de-los-brigadistas-contra-los-focos-activos-en-el-parque-nacional-los-alerces-4.jpg","width":1600,"height":1059,"caption":"Incendios en Chubut: c\u00f3mo sigue la lucha de los brigadistas contra los focos activos en el Parque Nacional Los Alerces"},{"@type":"BreadcrumbList","@id":"https:\/\/lobosnews.com.ar\/index.php\/2026\/03\/05\/incendios-en-chubut-como-sigue-la-lucha-de-los-brigadistas-contra-los-focos-activos-en-el-parque-nacional-los-alerces\/#breadcrumb","itemListElement":[{"@type":"ListItem","position":1,"name":"Portada","item":"https:\/\/lobosnews.com.ar\/"},{"@type":"ListItem","position":2,"name":"Incendios en Chubut: c\u00f3mo sigue la lucha de los brigadistas contra los focos activos en el Parque Nacional Los Alerces"}]},{"@type":"WebSite","@id":"https:\/\/lobosnews.com.ar\/#website","url":"https:\/\/lobosnews.com.ar\/","name":"Lobos News","description":"Informaci\u00f3n a cada instante","publisher":{"@id":"https:\/\/lobosnews.com.ar\/#organization"},"potentialAction":[{"@type":"SearchAction","target":{"@type":"EntryPoint","urlTemplate":"https:\/\/lobosnews.com.ar\/?s={search_term_string}"},"query-input":{"@type":"PropertyValueSpecification","valueRequired":true,"valueName":"search_term_string"}}],"inLanguage":"es"},{"@type":"Organization","@id":"https:\/\/lobosnews.com.ar\/#organization","name":"Lobos News","url":"https:\/\/lobosnews.com.ar\/","logo":{"@type":"ImageObject","inLanguage":"es","@id":"https:\/\/lobosnews.com.ar\/#\/schema\/logo\/image\/","url":"https:\/\/lobosnews.com.ar\/wp-content\/uploads\/2026\/01\/logo-lobosnews.png","contentUrl":"https:\/\/lobosnews.com.ar\/wp-content\/uploads\/2026\/01\/logo-lobosnews.png","width":500,"height":200,"caption":"Lobos News"},"image":{"@id":"https:\/\/lobosnews.com.ar\/#\/schema\/logo\/image\/"}},{"@type":"Person","@id":"https:\/\/lobosnews.com.ar\/#\/schema\/person\/232422a593d5c541dd9aef6aaed10943","name":"admin","image":{"@type":"ImageObject","inLanguage":"es","@id":"https:\/\/lobosnews.com.ar\/#\/schema\/person\/image\/","url":"https:\/\/secure.gravatar.com\/avatar\/76e419471a2083bc3ceab22a763dbbf9b0c1bd15a6214cf3280e2c2dde4580f9?s=96&d=mm&r=g","contentUrl":"https:\/\/secure.gravatar.com\/avatar\/76e419471a2083bc3ceab22a763dbbf9b0c1bd15a6214cf3280e2c2dde4580f9?s=96&d=mm&r=g","caption":"admin"},"sameAs":["https:\/\/lobosnews.com.ar"],"url":"https:\/\/lobosnews.com.ar\/index.php\/author\/lobos-news\/"}]}},"jetpack_featured_media_url":"https:\/\/lobosnews.com.ar\/wp-content\/uploads\/2026\/03\/incendios-en-chubut-como-sigue-la-lucha-de-los-brigadistas-contra-los-focos-activos-en-el-parque-nacional-los-alerces-4.jpg","jetpack_sharing_enabled":true,"_links":{"self":[{"href":"https:\/\/lobosnews.com.ar\/index.php\/wp-json\/wp\/v2\/posts\/29510","targetHints":{"allow":["GET"]}}],"collection":[{"href":"https:\/\/lobosnews.com.ar\/index.php\/wp-json\/wp\/v2\/posts"}],"about":[{"href":"https:\/\/lobosnews.com.ar\/index.php\/wp-json\/wp\/v2\/types\/post"}],"author":[{"embeddable":true,"href":"https:\/\/lobosnews.com.ar\/index.php\/wp-json\/wp\/v2\/users\/1"}],"replies":[{"embeddable":true,"href":"https:\/\/lobosnews.com.ar\/index.php\/wp-json\/wp\/v2\/comments?post=29510"}],"version-history":[{"count":1,"href":"https:\/\/lobosnews.com.ar\/index.php\/wp-json\/wp\/v2\/posts\/29510\/revisions"}],"predecessor-version":[{"id":29514,"href":"https:\/\/lobosnews.com.ar\/index.php\/wp-json\/wp\/v2\/posts\/29510\/revisions\/29514"}],"wp:featuredmedia":[{"embeddable":true,"href":"https:\/\/lobosnews.com.ar\/index.php\/wp-json\/wp\/v2\/media\/29515"}],"wp:attachment":[{"href":"https:\/\/lobosnews.com.ar\/index.php\/wp-json\/wp\/v2\/media?parent=29510"}],"wp:term":[{"taxonomy":"category","embeddable":true,"href":"https:\/\/lobosnews.com.ar\/index.php\/wp-json\/wp\/v2\/categories?post=29510"},{"taxonomy":"post_tag","embeddable":true,"href":"https:\/\/lobosnews.com.ar\/index.php\/wp-json\/wp\/v2\/tags?post=29510"}],"curies":[{"name":"wp","href":"https:\/\/api.w.org\/{rel}","templated":true}]}}