{"id":27973,"date":"2026-03-02T10:47:31","date_gmt":"2026-03-02T10:47:31","guid":{"rendered":"https:\/\/lobosnews.com.ar\/index.php\/2026\/03\/02\/catherine-fulop-se-prepara-para-ser-abuela-y-acompana-a-oriana-sabatini-y-paulo-dybala-en-la-dulce-espera-modo-abuela-activado\/"},"modified":"2026-03-02T14:17:18","modified_gmt":"2026-03-02T14:17:18","slug":"catherine-fulop-se-prepara-para-ser-abuela-y-acompana-a-oriana-sabatini-y-paulo-dybala-en-la-dulce-espera-modo-abuela-activado","status":"publish","type":"post","link":"https:\/\/lobosnews.com.ar\/index.php\/2026\/03\/02\/catherine-fulop-se-prepara-para-ser-abuela-y-acompana-a-oriana-sabatini-y-paulo-dybala-en-la-dulce-espera-modo-abuela-activado\/","title":{"rendered":"Catherine Fulop se prepara para ser abuela y acompa\u00f1a a Oriana Sabatini y Paulo Dybala en la dulce espera: \u201cModo abuela activado\u201d"},"content":{"rendered":"<p><img fetchpriority=\"high\" decoding=\"async\" src=\"https:\/\/lobosnews.com.ar\/wp-content\/uploads\/2026\/03\/catherine-fulop-se-prepara-para-ser-abuela-y-acompana-a-oriana-sabatini-y-paulo-dybala-en-la-dulce-espera-modo-abuela-activado.png\" alt=\"El mensaje de abuela de Catherine Fulop: \"Modo abuela activado\"\" height=\"1110\" width=\"1536\"\/><\/p>\n<p>La espera de <b>la primera nieta de<\/b><span class=\"waslinkname\"><b> Oriana Sabatini<\/b> <\/span>ha provocado una profunda emoci\u00f3n familiar. <span class=\"waslinkname\"><b>Catherine Fulop<\/b> <\/span>permanece en Roma junto a su hija, compartiendo estos d\u00edas decisivos antes del nacimiento.<\/p>\n<p>La actriz expres\u00f3 su alegr\u00eda y expectativa al vivir en Italia esta nueva etapa, entregando un mensaje cargado de cari\u00f1o durante la espera de su primera nieta. Fulop relat\u00f3 c\u00f3mo el ambiente diario se ha transformado en motivo de celebraci\u00f3n y uni\u00f3n familiar, describiendo la experiencia con ternura y participaci\u00f3n activa.<\/p>\n<p><img loading=\"lazy\" decoding=\"async\" src=\"https:\/\/lobosnews.com.ar\/wp-content\/uploads\/2026\/03\/catherine-fulop-se-prepara-para-ser-abuela-y-acompana-a-oriana-sabatini-y-paulo-dybala-en-la-dulce-espera-modo-abuela-activado.jpg\" alt=\"Catherine Fulop vive en Roma junto a Oriana Sabatini durante la emotiva espera del nacimiento de su primera nieta\" height=\"1916\" width=\"1440\"\/><\/p>\n<h3>Emoci\u00f3n familiar de Catherine Fulop ante la inminente llegada de su nieta<\/h3>\n<p><b>\u201cModo abuela activado en Italia. Paseos, f\u00fatbol, risas y mucha pancita hermosa\u201d<\/b>, afirm\u00f3 Fulop, reflejando la cercan\u00eda especial que comparte con Oriana en el d\u00eda a d\u00eda.<\/p>\n<p>El v\u00ednculo entre madre e hija se ha fortalecido en este periodo de anticipaci\u00f3n por la llegada de la beb\u00e9. El entorno familiar vive con expectaci\u00f3n cada jornada, abrazando este momento de cambio y alegr\u00eda, convencidos de que la familia est\u00e1 a punto de sumar un nuevo motivo de felicidad.<\/p>\n<p><img loading=\"lazy\" decoding=\"async\" src=\"https:\/\/lobosnews.com.ar\/wp-content\/uploads\/2026\/03\/catherine-fulop-se-prepara-para-ser-abuela-y-acompana-a-oriana-sabatini-y-paulo-dybala-en-la-dulce-espera-modo-abuela-activado-1.jpg\" alt=\"El embarazo de Oriana Sabatini une a toda la familia Fulop en Italia, marcando una etapa de celebraci\u00f3n y cercan\u00eda maternal\" height=\"1920\" width=\"1440\"\/><\/p>\n<p>Por otra parte Catherine Fulop ha comunicado que su madre, <span class=\"waslinkname\"><b>Cleopatra Garc\u00eda, de 90 a\u00f1os, fue sometida a una doble intervenci\u00f3n quir\u00fargica en Venezuela tras una ca\u00edda que agrav\u00f3 un cuadro de artrosis severa.<\/b><\/span> Este dato, confirmado por la propia Fulop a trav\u00e9s de sus redes sociales, impacta en la agenda personal de la artista, instalada en Roma para acompa\u00f1ar a su hija, Oriana, en la fase final de su embarazo. Fulop ha reorganizado compromisos laborales para priorizar la contenci\u00f3n familiar, mientras enfrenta la distancia con el epicentro de la crisis sanitaria y pol\u00edtica de su pa\u00eds de origen.<\/p>\n<p><img loading=\"lazy\" decoding=\"async\" src=\"https:\/\/lobosnews.com.ar\/wp-content\/uploads\/2026\/03\/catherine-fulop-se-prepara-para-ser-abuela-y-acompana-a-oriana-sabatini-y-paulo-dybala-en-la-dulce-espera-modo-abuela-activado-2.jpg\" alt=\"Catherine Fulop preocupada por el estado de salud de su madre en medio del conflicto en Venezuela (Instagram)\" height=\"1080\" width=\"1920\"\/><\/p>\n<p>El contexto cl\u00ednico de Garc\u00eda se ha visto afectado no solo por la patolog\u00eda degenerativa, sino tambi\u00e9n por la log\u00edstica m\u00e9dica en Venezuela. Tras la primera intervenci\u00f3n se produjo una nueva ca\u00edda, que deriv\u00f3 en una luxaci\u00f3n de cadera y la necesidad de una segunda operaci\u00f3n. <b>Fulop detall\u00f3 que el cuadro se complic\u00f3 por una hemorragia, que requiri\u00f3 transfusi\u00f3n de sangre y dej\u00f3 a su madre postrada y en recuperaci\u00f3n.<\/b> La actriz revel\u00f3 que la toma de decisiones m\u00e9dicas debi\u00f3 darse a distancia, apoy\u00e1ndose en el criterio de los profesionales venezolanos.<\/p>\n<p>Este episodio pone de relieve la doble presi\u00f3n que enfrenta Fulop: mientras aguarda el nacimiento de su primera nieta en Europa, mantiene el monitoreo permanente de la evoluci\u00f3n de su madre, en un pa\u00eds marcado por la inestabilidad del sistema de salud. La propia Fulop admiti\u00f3 que su coraz\u00f3n<b> \u201cpermanece en Venezuela\u201d<\/b> durante este per\u00edodo.<\/p>\n<p><img loading=\"lazy\" decoding=\"async\" src=\"https:\/\/lobosnews.com.ar\/wp-content\/uploads\/2026\/03\/catherine-fulop-se-prepara-para-ser-abuela-y-acompana-a-oriana-sabatini-y-paulo-dybala-en-la-dulce-espera-modo-abuela-activado-3.jpg\" alt=\"El sentido mensaje de Catherine Fulop en medio del preocupante estado de salud de su mam\u00e1: \u201cEl coraz\u00f3n en Venezuela\u201d\" height=\"908\" width=\"505\"\/><\/p>\n<p>Seg\u00fan relat\u00f3 Fulop a trav\u00e9s de un video difundido en redes sociales, el ciclo de procedimientos m\u00e9dicos comenz\u00f3 cuando Garc\u00eda \u201cempez\u00f3 a no poder caminar\u201d tras una ca\u00edda. Los estudios descartaron fractura, pero confirmaron el diagn\u00f3stico de \u201cs\u00faper artrosis\u201d. La urgencia y posterior reca\u00edda cl\u00ednica alteraron las rutinas de la actriz. Fulop exclam\u00f3: <b>\u201cUno a la distancia, bueno, como que s\u00ed, op\u00e9renla, si es lo que dicen los m\u00e9dicos, op\u00e9renla\u201d,<\/b> reflejando la gesti\u00f3n remota sobre decisiones de alto riesgo quir\u00fargico.<\/p>\n<p><img loading=\"lazy\" decoding=\"async\" src=\"https:\/\/lobosnews.com.ar\/wp-content\/uploads\/2026\/03\/catherine-fulop-se-prepara-para-ser-abuela-y-acompana-a-oriana-sabatini-y-paulo-dybala-en-la-dulce-espera-modo-abuela-activado-4.jpg\" alt=\"\u201cActivo mis redes para alzar la voz de aquellos que no la tienen, como los presos pol\u00edticos, como un mont\u00f3n de gente que est\u00e1 sufriendo\u201d, expres\u00f3 Catherine Fulop en sus redes\" height=\"1080\" width=\"1920\"\/><\/p>\n<p>Las complicaciones postoperatorias incluyeron una segunda ca\u00edda, luxaci\u00f3n, y la necesidad de nueva intervenci\u00f3n quir\u00fargica. <b>\u201cPerdi\u00f3 sangre, tuvo un derrame, transfusi\u00f3n de sangre&#8230; se complic\u00f3 la cosa. Ahora est\u00e1 postrada, o sea, en cama, porque no se puede parar\u201d, <\/b>detall\u00f3 la actriz, a\u00f1adiendo que es improbable que Garc\u00eda pueda movilizarse en el corto plazo.<\/p>\n<h3>Compromiso p\u00fablico con la situaci\u00f3n venezolana<\/h3>\n<p>Fulop enfatiz\u00f3 la gravedad del cuadro familiar en el marco de la coyuntura general de Venezuela. En su publicaci\u00f3n asegur\u00f3: <b>\u201cActivo mis redes para alzar la voz de aquellos que no la tienen, como los presos pol\u00edticos, como un mont\u00f3n de gente que est\u00e1 sufriendo\u201d.<\/b> La artista reiter\u00f3 su implicancia p\u00fablica, utilizando su alcance digital para amplificar reclamos vinculados a la situaci\u00f3n pol\u00edtica y social en su pa\u00eds natal.<\/p>\n","protected":false},"excerpt":{"rendered":"<p>La espera de la primera nieta de Oriana Sabatini ha provocado una profunda emoci\u00f3n familiar. Catherine Fulop permanece en Roma junto a su hija, compartiendo estos d\u00edas decisivos antes del nacimiento. La actriz expres\u00f3 su alegr\u00eda y expectativa al vivir en Italia esta nueva etapa, entregando un mensaje cargado de cari\u00f1o durante la espera de&#8230;<\/p>\n","protected":false},"author":1,"featured_media":27981,"comment_status":"open","ping_status":"closed","sticky":false,"template":"","format":"standard","meta":{"_jetpack_memberships_contains_paid_content":false,"footnotes":""},"categories":[79],"tags":[],"class_list":["post-27973","post","type-post","status-publish","format-standard","has-post-thumbnail","hentry","category-cine-y-series"],"magazineBlocksPostFeaturedMedia":{"thumbnail":"https:\/\/lobosnews.com.ar\/wp-content\/uploads\/2026\/03\/catherine-fulop-se-prepara-para-ser-abuela-y-acompana-a-oriana-sabatini-y-paulo-dybala-en-la-dulce-espera-modo-abuela-activado-8-150x150.jpg","medium":"https:\/\/lobosnews.com.ar\/wp-content\/uploads\/2026\/03\/catherine-fulop-se-prepara-para-ser-abuela-y-acompana-a-oriana-sabatini-y-paulo-dybala-en-la-dulce-espera-modo-abuela-activado-8-300x169.jpg","medium_large":"https:\/\/lobosnews.com.ar\/wp-content\/uploads\/2026\/03\/catherine-fulop-se-prepara-para-ser-abuela-y-acompana-a-oriana-sabatini-y-paulo-dybala-en-la-dulce-espera-modo-abuela-activado-8-768x432.jpg","large":"https:\/\/lobosnews.com.ar\/wp-content\/uploads\/2026\/03\/catherine-fulop-se-prepara-para-ser-abuela-y-acompana-a-oriana-sabatini-y-paulo-dybala-en-la-dulce-espera-modo-abuela-activado-8-1024x576.jpg","1536x1536":"https:\/\/lobosnews.com.ar\/wp-content\/uploads\/2026\/03\/catherine-fulop-se-prepara-para-ser-abuela-y-acompana-a-oriana-sabatini-y-paulo-dybala-en-la-dulce-espera-modo-abuela-activado-8-1536x864.jpg","2048x2048":"https:\/\/lobosnews.com.ar\/wp-content\/uploads\/2026\/03\/catherine-fulop-se-prepara-para-ser-abuela-y-acompana-a-oriana-sabatini-y-paulo-dybala-en-la-dulce-espera-modo-abuela-activado-8.jpg","newsmatic-featured":"https:\/\/lobosnews.com.ar\/wp-content\/uploads\/2026\/03\/catherine-fulop-se-prepara-para-ser-abuela-y-acompana-a-oriana-sabatini-y-paulo-dybala-en-la-dulce-espera-modo-abuela-activado-8-820x545.jpg","newsmatic-list":"https:\/\/lobosnews.com.ar\/wp-content\/uploads\/2026\/03\/catherine-fulop-se-prepara-para-ser-abuela-y-acompana-a-oriana-sabatini-y-paulo-dybala-en-la-dulce-espera-modo-abuela-activado-8-600x400.jpg","newsmatic-thumb":"https:\/\/lobosnews.com.ar\/wp-content\/uploads\/2026\/03\/catherine-fulop-se-prepara-para-ser-abuela-y-acompana-a-oriana-sabatini-y-paulo-dybala-en-la-dulce-espera-modo-abuela-activado-8-300x200.jpg","newsmatic-small":"https:\/\/lobosnews.com.ar\/wp-content\/uploads\/2026\/03\/catherine-fulop-se-prepara-para-ser-abuela-y-acompana-a-oriana-sabatini-y-paulo-dybala-en-la-dulce-espera-modo-abuela-activado-8-150x95.jpg","newsmatic-grid":"https:\/\/lobosnews.com.ar\/wp-content\/uploads\/2026\/03\/catherine-fulop-se-prepara-para-ser-abuela-y-acompana-a-oriana-sabatini-y-paulo-dybala-en-la-dulce-espera-modo-abuela-activado-8-400x250.jpg"},"magazineBlocksPostAuthor":{"name":"admin","avatar":"https:\/\/secure.gravatar.com\/avatar\/76e419471a2083bc3ceab22a763dbbf9b0c1bd15a6214cf3280e2c2dde4580f9?s=96&d=mm&r=g"},"magazineBlocksPostCommentsNumber":"0","magazineBlocksPostExcerpt":"La espera de la primera nieta de Oriana Sabatini ha provocado una profunda emoci\u00f3n familiar. Catherine Fulop permanece en Roma junto a su hija, compartiendo estos d\u00edas decisivos antes del nacimiento. La actriz expres\u00f3 su alegr\u00eda y expectativa al vivir en Italia esta nueva etapa, entregando un mensaje cargado de cari\u00f1o durante la espera de...","magazineBlocksPostCategories":["Cine y Series"],"magazineBlocksPostViewCount":107,"magazineBlocksPostReadTime":4,"magazine_blocks_featured_image_url":{"full":["https:\/\/lobosnews.com.ar\/wp-content\/uploads\/2026\/03\/catherine-fulop-se-prepara-para-ser-abuela-y-acompana-a-oriana-sabatini-y-paulo-dybala-en-la-dulce-espera-modo-abuela-activado-8.jpg",1920,1080,false],"medium":["https:\/\/lobosnews.com.ar\/wp-content\/uploads\/2026\/03\/catherine-fulop-se-prepara-para-ser-abuela-y-acompana-a-oriana-sabatini-y-paulo-dybala-en-la-dulce-espera-modo-abuela-activado-8-300x169.jpg",300,169,true],"thumbnail":["https:\/\/lobosnews.com.ar\/wp-content\/uploads\/2026\/03\/catherine-fulop-se-prepara-para-ser-abuela-y-acompana-a-oriana-sabatini-y-paulo-dybala-en-la-dulce-espera-modo-abuela-activado-8-150x150.jpg",150,150,true]},"magazine_blocks_author":{"display_name":"admin","author_link":"https:\/\/lobosnews.com.ar\/index.php\/author\/lobos-news\/"},"magazine_blocks_comment":0,"magazine_blocks_author_image":"https:\/\/secure.gravatar.com\/avatar\/76e419471a2083bc3ceab22a763dbbf9b0c1bd15a6214cf3280e2c2dde4580f9?s=96&d=mm&r=g","magazine_blocks_category":"<a href=\"#\" class=\"category-link category-link-79\">Cine y Series<\/a>","yoast_head":"<!-- This site is optimized with the Yoast SEO plugin v26.6 - https:\/\/yoast.com\/wordpress\/plugins\/seo\/ -->\n<title>Catherine Fulop se prepara para ser abuela y acompa\u00f1a a Oriana Sabatini y Paulo Dybala en la dulce espera: \u201cModo abuela activado\u201d - Lobos News<\/title>\n<meta name=\"robots\" content=\"index, follow, max-snippet:-1, max-image-preview:large, max-video-preview:-1\" \/>\n<link rel=\"canonical\" href=\"https:\/\/lobosnews.com.ar\/index.php\/2026\/03\/02\/catherine-fulop-se-prepara-para-ser-abuela-y-acompana-a-oriana-sabatini-y-paulo-dybala-en-la-dulce-espera-modo-abuela-activado\/\" \/>\n<meta property=\"og:locale\" content=\"es_ES\" \/>\n<meta property=\"og:type\" content=\"article\" \/>\n<meta property=\"og:title\" content=\"Catherine Fulop se prepara para ser abuela y acompa\u00f1a a Oriana Sabatini y Paulo Dybala en la dulce espera: \u201cModo abuela activado\u201d - Lobos News\" \/>\n<meta property=\"og:description\" content=\"La espera de la primera nieta de Oriana Sabatini ha provocado una profunda emoci\u00f3n familiar. Catherine Fulop permanece en Roma junto a su hija, compartiendo estos d\u00edas decisivos antes del nacimiento. La actriz expres\u00f3 su alegr\u00eda y expectativa al vivir en Italia esta nueva etapa, entregando un mensaje cargado de cari\u00f1o durante la espera de...\" \/>\n<meta property=\"og:url\" content=\"https:\/\/lobosnews.com.ar\/index.php\/2026\/03\/02\/catherine-fulop-se-prepara-para-ser-abuela-y-acompana-a-oriana-sabatini-y-paulo-dybala-en-la-dulce-espera-modo-abuela-activado\/\" \/>\n<meta property=\"og:site_name\" content=\"Lobos News\" \/>\n<meta property=\"article:published_time\" content=\"2026-03-02T10:47:31+00:00\" \/>\n<meta property=\"article:modified_time\" content=\"2026-03-02T14:17:18+00:00\" \/>\n<meta property=\"og:image\" content=\"https:\/\/lobosnews.com.ar\/wp-content\/uploads\/2026\/03\/catherine-fulop-se-prepara-para-ser-abuela-y-acompana-a-oriana-sabatini-y-paulo-dybala-en-la-dulce-espera-modo-abuela-activado.png\" \/>\n<meta name=\"author\" content=\"admin\" \/>\n<meta name=\"twitter:card\" content=\"summary_large_image\" \/>\n<meta name=\"twitter:label1\" content=\"Escrito por\" \/>\n\t<meta name=\"twitter:data1\" content=\"admin\" \/>\n\t<meta name=\"twitter:label2\" content=\"Tiempo de lectura\" \/>\n\t<meta name=\"twitter:data2\" content=\"4 minutos\" \/>\n<script type=\"application\/ld+json\" class=\"yoast-schema-graph\">{\"@context\":\"https:\/\/schema.org\",\"@graph\":[{\"@type\":\"Article\",\"@id\":\"https:\/\/lobosnews.com.ar\/index.php\/2026\/03\/02\/catherine-fulop-se-prepara-para-ser-abuela-y-acompana-a-oriana-sabatini-y-paulo-dybala-en-la-dulce-espera-modo-abuela-activado\/#article\",\"isPartOf\":{\"@id\":\"https:\/\/lobosnews.com.ar\/index.php\/2026\/03\/02\/catherine-fulop-se-prepara-para-ser-abuela-y-acompana-a-oriana-sabatini-y-paulo-dybala-en-la-dulce-espera-modo-abuela-activado\/\"},\"author\":{\"name\":\"admin\",\"@id\":\"https:\/\/lobosnews.com.ar\/#\/schema\/person\/232422a593d5c541dd9aef6aaed10943\"},\"headline\":\"Catherine Fulop se prepara para ser abuela y acompa\u00f1a a Oriana Sabatini y Paulo Dybala en la dulce espera: \u201cModo abuela activado\u201d\",\"datePublished\":\"2026-03-02T10:47:31+00:00\",\"dateModified\":\"2026-03-02T14:17:18+00:00\",\"mainEntityOfPage\":{\"@id\":\"https:\/\/lobosnews.com.ar\/index.php\/2026\/03\/02\/catherine-fulop-se-prepara-para-ser-abuela-y-acompana-a-oriana-sabatini-y-paulo-dybala-en-la-dulce-espera-modo-abuela-activado\/\"},\"wordCount\":723,\"commentCount\":0,\"publisher\":{\"@id\":\"https:\/\/lobosnews.com.ar\/#organization\"},\"image\":{\"@id\":\"https:\/\/lobosnews.com.ar\/index.php\/2026\/03\/02\/catherine-fulop-se-prepara-para-ser-abuela-y-acompana-a-oriana-sabatini-y-paulo-dybala-en-la-dulce-espera-modo-abuela-activado\/#primaryimage\"},\"thumbnailUrl\":\"https:\/\/lobosnews.com.ar\/wp-content\/uploads\/2026\/03\/catherine-fulop-se-prepara-para-ser-abuela-y-acompana-a-oriana-sabatini-y-paulo-dybala-en-la-dulce-espera-modo-abuela-activado-8.jpg\",\"articleSection\":[\"Cine y Series\"],\"inLanguage\":\"es\",\"potentialAction\":[{\"@type\":\"CommentAction\",\"name\":\"Comment\",\"target\":[\"https:\/\/lobosnews.com.ar\/index.php\/2026\/03\/02\/catherine-fulop-se-prepara-para-ser-abuela-y-acompana-a-oriana-sabatini-y-paulo-dybala-en-la-dulce-espera-modo-abuela-activado\/#respond\"]}]},{\"@type\":\"WebPage\",\"@id\":\"https:\/\/lobosnews.com.ar\/index.php\/2026\/03\/02\/catherine-fulop-se-prepara-para-ser-abuela-y-acompana-a-oriana-sabatini-y-paulo-dybala-en-la-dulce-espera-modo-abuela-activado\/\",\"url\":\"https:\/\/lobosnews.com.ar\/index.php\/2026\/03\/02\/catherine-fulop-se-prepara-para-ser-abuela-y-acompana-a-oriana-sabatini-y-paulo-dybala-en-la-dulce-espera-modo-abuela-activado\/\",\"name\":\"Catherine Fulop se prepara para ser abuela y acompa\u00f1a a Oriana Sabatini y Paulo Dybala en la dulce espera: \u201cModo abuela activado\u201d - Lobos News\",\"isPartOf\":{\"@id\":\"https:\/\/lobosnews.com.ar\/#website\"},\"primaryImageOfPage\":{\"@id\":\"https:\/\/lobosnews.com.ar\/index.php\/2026\/03\/02\/catherine-fulop-se-prepara-para-ser-abuela-y-acompana-a-oriana-sabatini-y-paulo-dybala-en-la-dulce-espera-modo-abuela-activado\/#primaryimage\"},\"image\":{\"@id\":\"https:\/\/lobosnews.com.ar\/index.php\/2026\/03\/02\/catherine-fulop-se-prepara-para-ser-abuela-y-acompana-a-oriana-sabatini-y-paulo-dybala-en-la-dulce-espera-modo-abuela-activado\/#primaryimage\"},\"thumbnailUrl\":\"https:\/\/lobosnews.com.ar\/wp-content\/uploads\/2026\/03\/catherine-fulop-se-prepara-para-ser-abuela-y-acompana-a-oriana-sabatini-y-paulo-dybala-en-la-dulce-espera-modo-abuela-activado-8.jpg\",\"datePublished\":\"2026-03-02T10:47:31+00:00\",\"dateModified\":\"2026-03-02T14:17:18+00:00\",\"breadcrumb\":{\"@id\":\"https:\/\/lobosnews.com.ar\/index.php\/2026\/03\/02\/catherine-fulop-se-prepara-para-ser-abuela-y-acompana-a-oriana-sabatini-y-paulo-dybala-en-la-dulce-espera-modo-abuela-activado\/#breadcrumb\"},\"inLanguage\":\"es\",\"potentialAction\":[{\"@type\":\"ReadAction\",\"target\":[\"https:\/\/lobosnews.com.ar\/index.php\/2026\/03\/02\/catherine-fulop-se-prepara-para-ser-abuela-y-acompana-a-oriana-sabatini-y-paulo-dybala-en-la-dulce-espera-modo-abuela-activado\/\"]}]},{\"@type\":\"ImageObject\",\"inLanguage\":\"es\",\"@id\":\"https:\/\/lobosnews.com.ar\/index.php\/2026\/03\/02\/catherine-fulop-se-prepara-para-ser-abuela-y-acompana-a-oriana-sabatini-y-paulo-dybala-en-la-dulce-espera-modo-abuela-activado\/#primaryimage\",\"url\":\"https:\/\/lobosnews.com.ar\/wp-content\/uploads\/2026\/03\/catherine-fulop-se-prepara-para-ser-abuela-y-acompana-a-oriana-sabatini-y-paulo-dybala-en-la-dulce-espera-modo-abuela-activado-8.jpg\",\"contentUrl\":\"https:\/\/lobosnews.com.ar\/wp-content\/uploads\/2026\/03\/catherine-fulop-se-prepara-para-ser-abuela-y-acompana-a-oriana-sabatini-y-paulo-dybala-en-la-dulce-espera-modo-abuela-activado-8.jpg\",\"width\":1920,\"height\":1080,\"caption\":\"Catherine Fulop se prepara para ser abuela y acompa\u00f1a a Oriana Sabatini y Paulo Dybala en la dulce espera: \u201cModo abuela activado\u201d\"},{\"@type\":\"BreadcrumbList\",\"@id\":\"https:\/\/lobosnews.com.ar\/index.php\/2026\/03\/02\/catherine-fulop-se-prepara-para-ser-abuela-y-acompana-a-oriana-sabatini-y-paulo-dybala-en-la-dulce-espera-modo-abuela-activado\/#breadcrumb\",\"itemListElement\":[{\"@type\":\"ListItem\",\"position\":1,\"name\":\"Portada\",\"item\":\"https:\/\/lobosnews.com.ar\/\"},{\"@type\":\"ListItem\",\"position\":2,\"name\":\"Catherine Fulop se prepara para ser abuela y acompa\u00f1a a Oriana Sabatini y Paulo Dybala en la dulce espera: \u201cModo abuela activado\u201d\"}]},{\"@type\":\"WebSite\",\"@id\":\"https:\/\/lobosnews.com.ar\/#website\",\"url\":\"https:\/\/lobosnews.com.ar\/\",\"name\":\"Lobos News\",\"description\":\"Informaci\u00f3n a cada instante\",\"publisher\":{\"@id\":\"https:\/\/lobosnews.com.ar\/#organization\"},\"potentialAction\":[{\"@type\":\"SearchAction\",\"target\":{\"@type\":\"EntryPoint\",\"urlTemplate\":\"https:\/\/lobosnews.com.ar\/?s={search_term_string}\"},\"query-input\":{\"@type\":\"PropertyValueSpecification\",\"valueRequired\":true,\"valueName\":\"search_term_string\"}}],\"inLanguage\":\"es\"},{\"@type\":\"Organization\",\"@id\":\"https:\/\/lobosnews.com.ar\/#organization\",\"name\":\"Lobos News\",\"url\":\"https:\/\/lobosnews.com.ar\/\",\"logo\":{\"@type\":\"ImageObject\",\"inLanguage\":\"es\",\"@id\":\"https:\/\/lobosnews.com.ar\/#\/schema\/logo\/image\/\",\"url\":\"https:\/\/lobosnews.com.ar\/wp-content\/uploads\/2026\/01\/logo-lobosnews.png\",\"contentUrl\":\"https:\/\/lobosnews.com.ar\/wp-content\/uploads\/2026\/01\/logo-lobosnews.png\",\"width\":500,\"height\":200,\"caption\":\"Lobos News\"},\"image\":{\"@id\":\"https:\/\/lobosnews.com.ar\/#\/schema\/logo\/image\/\"}},{\"@type\":\"Person\",\"@id\":\"https:\/\/lobosnews.com.ar\/#\/schema\/person\/232422a593d5c541dd9aef6aaed10943\",\"name\":\"admin\",\"image\":{\"@type\":\"ImageObject\",\"inLanguage\":\"es\",\"@id\":\"https:\/\/lobosnews.com.ar\/#\/schema\/person\/image\/\",\"url\":\"https:\/\/secure.gravatar.com\/avatar\/76e419471a2083bc3ceab22a763dbbf9b0c1bd15a6214cf3280e2c2dde4580f9?s=96&d=mm&r=g\",\"contentUrl\":\"https:\/\/secure.gravatar.com\/avatar\/76e419471a2083bc3ceab22a763dbbf9b0c1bd15a6214cf3280e2c2dde4580f9?s=96&d=mm&r=g\",\"caption\":\"admin\"},\"sameAs\":[\"https:\/\/lobosnews.com.ar\"],\"url\":\"https:\/\/lobosnews.com.ar\/index.php\/author\/lobos-news\/\"}]}<\/script>\n<!-- \/ Yoast SEO plugin. -->","yoast_head_json":{"title":"Catherine Fulop se prepara para ser abuela y acompa\u00f1a a Oriana Sabatini y Paulo Dybala en la dulce espera: \u201cModo abuela activado\u201d - Lobos News","robots":{"index":"index","follow":"follow","max-snippet":"max-snippet:-1","max-image-preview":"max-image-preview:large","max-video-preview":"max-video-preview:-1"},"canonical":"https:\/\/lobosnews.com.ar\/index.php\/2026\/03\/02\/catherine-fulop-se-prepara-para-ser-abuela-y-acompana-a-oriana-sabatini-y-paulo-dybala-en-la-dulce-espera-modo-abuela-activado\/","og_locale":"es_ES","og_type":"article","og_title":"Catherine Fulop se prepara para ser abuela y acompa\u00f1a a Oriana Sabatini y Paulo Dybala en la dulce espera: \u201cModo abuela activado\u201d - Lobos News","og_description":"La espera de la primera nieta de Oriana Sabatini ha provocado una profunda emoci\u00f3n familiar. Catherine Fulop permanece en Roma junto a su hija, compartiendo estos d\u00edas decisivos antes del nacimiento. La actriz expres\u00f3 su alegr\u00eda y expectativa al vivir en Italia esta nueva etapa, entregando un mensaje cargado de cari\u00f1o durante la espera de...","og_url":"https:\/\/lobosnews.com.ar\/index.php\/2026\/03\/02\/catherine-fulop-se-prepara-para-ser-abuela-y-acompana-a-oriana-sabatini-y-paulo-dybala-en-la-dulce-espera-modo-abuela-activado\/","og_site_name":"Lobos News","article_published_time":"2026-03-02T10:47:31+00:00","article_modified_time":"2026-03-02T14:17:18+00:00","og_image":[{"url":"https:\/\/lobosnews.com.ar\/wp-content\/uploads\/2026\/03\/catherine-fulop-se-prepara-para-ser-abuela-y-acompana-a-oriana-sabatini-y-paulo-dybala-en-la-dulce-espera-modo-abuela-activado.png","type":"","width":"","height":""}],"author":"admin","twitter_card":"summary_large_image","twitter_misc":{"Escrito por":"admin","Tiempo de lectura":"4 minutos"},"schema":{"@context":"https:\/\/schema.org","@graph":[{"@type":"Article","@id":"https:\/\/lobosnews.com.ar\/index.php\/2026\/03\/02\/catherine-fulop-se-prepara-para-ser-abuela-y-acompana-a-oriana-sabatini-y-paulo-dybala-en-la-dulce-espera-modo-abuela-activado\/#article","isPartOf":{"@id":"https:\/\/lobosnews.com.ar\/index.php\/2026\/03\/02\/catherine-fulop-se-prepara-para-ser-abuela-y-acompana-a-oriana-sabatini-y-paulo-dybala-en-la-dulce-espera-modo-abuela-activado\/"},"author":{"name":"admin","@id":"https:\/\/lobosnews.com.ar\/#\/schema\/person\/232422a593d5c541dd9aef6aaed10943"},"headline":"Catherine Fulop se prepara para ser abuela y acompa\u00f1a a Oriana Sabatini y Paulo Dybala en la dulce espera: \u201cModo abuela activado\u201d","datePublished":"2026-03-02T10:47:31+00:00","dateModified":"2026-03-02T14:17:18+00:00","mainEntityOfPage":{"@id":"https:\/\/lobosnews.com.ar\/index.php\/2026\/03\/02\/catherine-fulop-se-prepara-para-ser-abuela-y-acompana-a-oriana-sabatini-y-paulo-dybala-en-la-dulce-espera-modo-abuela-activado\/"},"wordCount":723,"commentCount":0,"publisher":{"@id":"https:\/\/lobosnews.com.ar\/#organization"},"image":{"@id":"https:\/\/lobosnews.com.ar\/index.php\/2026\/03\/02\/catherine-fulop-se-prepara-para-ser-abuela-y-acompana-a-oriana-sabatini-y-paulo-dybala-en-la-dulce-espera-modo-abuela-activado\/#primaryimage"},"thumbnailUrl":"https:\/\/lobosnews.com.ar\/wp-content\/uploads\/2026\/03\/catherine-fulop-se-prepara-para-ser-abuela-y-acompana-a-oriana-sabatini-y-paulo-dybala-en-la-dulce-espera-modo-abuela-activado-8.jpg","articleSection":["Cine y Series"],"inLanguage":"es","potentialAction":[{"@type":"CommentAction","name":"Comment","target":["https:\/\/lobosnews.com.ar\/index.php\/2026\/03\/02\/catherine-fulop-se-prepara-para-ser-abuela-y-acompana-a-oriana-sabatini-y-paulo-dybala-en-la-dulce-espera-modo-abuela-activado\/#respond"]}]},{"@type":"WebPage","@id":"https:\/\/lobosnews.com.ar\/index.php\/2026\/03\/02\/catherine-fulop-se-prepara-para-ser-abuela-y-acompana-a-oriana-sabatini-y-paulo-dybala-en-la-dulce-espera-modo-abuela-activado\/","url":"https:\/\/lobosnews.com.ar\/index.php\/2026\/03\/02\/catherine-fulop-se-prepara-para-ser-abuela-y-acompana-a-oriana-sabatini-y-paulo-dybala-en-la-dulce-espera-modo-abuela-activado\/","name":"Catherine Fulop se prepara para ser abuela y acompa\u00f1a a Oriana Sabatini y Paulo Dybala en la dulce espera: \u201cModo abuela activado\u201d - Lobos News","isPartOf":{"@id":"https:\/\/lobosnews.com.ar\/#website"},"primaryImageOfPage":{"@id":"https:\/\/lobosnews.com.ar\/index.php\/2026\/03\/02\/catherine-fulop-se-prepara-para-ser-abuela-y-acompana-a-oriana-sabatini-y-paulo-dybala-en-la-dulce-espera-modo-abuela-activado\/#primaryimage"},"image":{"@id":"https:\/\/lobosnews.com.ar\/index.php\/2026\/03\/02\/catherine-fulop-se-prepara-para-ser-abuela-y-acompana-a-oriana-sabatini-y-paulo-dybala-en-la-dulce-espera-modo-abuela-activado\/#primaryimage"},"thumbnailUrl":"https:\/\/lobosnews.com.ar\/wp-content\/uploads\/2026\/03\/catherine-fulop-se-prepara-para-ser-abuela-y-acompana-a-oriana-sabatini-y-paulo-dybala-en-la-dulce-espera-modo-abuela-activado-8.jpg","datePublished":"2026-03-02T10:47:31+00:00","dateModified":"2026-03-02T14:17:18+00:00","breadcrumb":{"@id":"https:\/\/lobosnews.com.ar\/index.php\/2026\/03\/02\/catherine-fulop-se-prepara-para-ser-abuela-y-acompana-a-oriana-sabatini-y-paulo-dybala-en-la-dulce-espera-modo-abuela-activado\/#breadcrumb"},"inLanguage":"es","potentialAction":[{"@type":"ReadAction","target":["https:\/\/lobosnews.com.ar\/index.php\/2026\/03\/02\/catherine-fulop-se-prepara-para-ser-abuela-y-acompana-a-oriana-sabatini-y-paulo-dybala-en-la-dulce-espera-modo-abuela-activado\/"]}]},{"@type":"ImageObject","inLanguage":"es","@id":"https:\/\/lobosnews.com.ar\/index.php\/2026\/03\/02\/catherine-fulop-se-prepara-para-ser-abuela-y-acompana-a-oriana-sabatini-y-paulo-dybala-en-la-dulce-espera-modo-abuela-activado\/#primaryimage","url":"https:\/\/lobosnews.com.ar\/wp-content\/uploads\/2026\/03\/catherine-fulop-se-prepara-para-ser-abuela-y-acompana-a-oriana-sabatini-y-paulo-dybala-en-la-dulce-espera-modo-abuela-activado-8.jpg","contentUrl":"https:\/\/lobosnews.com.ar\/wp-content\/uploads\/2026\/03\/catherine-fulop-se-prepara-para-ser-abuela-y-acompana-a-oriana-sabatini-y-paulo-dybala-en-la-dulce-espera-modo-abuela-activado-8.jpg","width":1920,"height":1080,"caption":"Catherine Fulop se prepara para ser abuela y acompa\u00f1a a Oriana Sabatini y Paulo Dybala en la dulce espera: \u201cModo abuela activado\u201d"},{"@type":"BreadcrumbList","@id":"https:\/\/lobosnews.com.ar\/index.php\/2026\/03\/02\/catherine-fulop-se-prepara-para-ser-abuela-y-acompana-a-oriana-sabatini-y-paulo-dybala-en-la-dulce-espera-modo-abuela-activado\/#breadcrumb","itemListElement":[{"@type":"ListItem","position":1,"name":"Portada","item":"https:\/\/lobosnews.com.ar\/"},{"@type":"ListItem","position":2,"name":"Catherine Fulop se prepara para ser abuela y acompa\u00f1a a Oriana Sabatini y Paulo Dybala en la dulce espera: \u201cModo abuela activado\u201d"}]},{"@type":"WebSite","@id":"https:\/\/lobosnews.com.ar\/#website","url":"https:\/\/lobosnews.com.ar\/","name":"Lobos News","description":"Informaci\u00f3n a cada instante","publisher":{"@id":"https:\/\/lobosnews.com.ar\/#organization"},"potentialAction":[{"@type":"SearchAction","target":{"@type":"EntryPoint","urlTemplate":"https:\/\/lobosnews.com.ar\/?s={search_term_string}"},"query-input":{"@type":"PropertyValueSpecification","valueRequired":true,"valueName":"search_term_string"}}],"inLanguage":"es"},{"@type":"Organization","@id":"https:\/\/lobosnews.com.ar\/#organization","name":"Lobos News","url":"https:\/\/lobosnews.com.ar\/","logo":{"@type":"ImageObject","inLanguage":"es","@id":"https:\/\/lobosnews.com.ar\/#\/schema\/logo\/image\/","url":"https:\/\/lobosnews.com.ar\/wp-content\/uploads\/2026\/01\/logo-lobosnews.png","contentUrl":"https:\/\/lobosnews.com.ar\/wp-content\/uploads\/2026\/01\/logo-lobosnews.png","width":500,"height":200,"caption":"Lobos News"},"image":{"@id":"https:\/\/lobosnews.com.ar\/#\/schema\/logo\/image\/"}},{"@type":"Person","@id":"https:\/\/lobosnews.com.ar\/#\/schema\/person\/232422a593d5c541dd9aef6aaed10943","name":"admin","image":{"@type":"ImageObject","inLanguage":"es","@id":"https:\/\/lobosnews.com.ar\/#\/schema\/person\/image\/","url":"https:\/\/secure.gravatar.com\/avatar\/76e419471a2083bc3ceab22a763dbbf9b0c1bd15a6214cf3280e2c2dde4580f9?s=96&d=mm&r=g","contentUrl":"https:\/\/secure.gravatar.com\/avatar\/76e419471a2083bc3ceab22a763dbbf9b0c1bd15a6214cf3280e2c2dde4580f9?s=96&d=mm&r=g","caption":"admin"},"sameAs":["https:\/\/lobosnews.com.ar"],"url":"https:\/\/lobosnews.com.ar\/index.php\/author\/lobos-news\/"}]}},"jetpack_featured_media_url":"https:\/\/lobosnews.com.ar\/wp-content\/uploads\/2026\/03\/catherine-fulop-se-prepara-para-ser-abuela-y-acompana-a-oriana-sabatini-y-paulo-dybala-en-la-dulce-espera-modo-abuela-activado-8.jpg","jetpack_sharing_enabled":true,"_links":{"self":[{"href":"https:\/\/lobosnews.com.ar\/index.php\/wp-json\/wp\/v2\/posts\/27973","targetHints":{"allow":["GET"]}}],"collection":[{"href":"https:\/\/lobosnews.com.ar\/index.php\/wp-json\/wp\/v2\/posts"}],"about":[{"href":"https:\/\/lobosnews.com.ar\/index.php\/wp-json\/wp\/v2\/types\/post"}],"author":[{"embeddable":true,"href":"https:\/\/lobosnews.com.ar\/index.php\/wp-json\/wp\/v2\/users\/1"}],"replies":[{"embeddable":true,"href":"https:\/\/lobosnews.com.ar\/index.php\/wp-json\/wp\/v2\/comments?post=27973"}],"version-history":[{"count":1,"href":"https:\/\/lobosnews.com.ar\/index.php\/wp-json\/wp\/v2\/posts\/27973\/revisions"}],"predecessor-version":[{"id":27980,"href":"https:\/\/lobosnews.com.ar\/index.php\/wp-json\/wp\/v2\/posts\/27973\/revisions\/27980"}],"wp:featuredmedia":[{"embeddable":true,"href":"https:\/\/lobosnews.com.ar\/index.php\/wp-json\/wp\/v2\/media\/27981"}],"wp:attachment":[{"href":"https:\/\/lobosnews.com.ar\/index.php\/wp-json\/wp\/v2\/media?parent=27973"}],"wp:term":[{"taxonomy":"category","embeddable":true,"href":"https:\/\/lobosnews.com.ar\/index.php\/wp-json\/wp\/v2\/categories?post=27973"},{"taxonomy":"post_tag","embeddable":true,"href":"https:\/\/lobosnews.com.ar\/index.php\/wp-json\/wp\/v2\/tags?post=27973"}],"curies":[{"name":"wp","href":"https:\/\/api.w.org\/{rel}","templated":true}]}}