{"id":27795,"date":"2026-03-02T04:44:01","date_gmt":"2026-03-02T04:44:01","guid":{"rendered":"https:\/\/lobosnews.com.ar\/index.php\/2026\/03\/02\/la-boda-de-palito-ortega-y-evangelina-salazar-del-dia-que-se-conocieron-al-primer-casamiento-televisado-de-argentina\/"},"modified":"2026-03-02T05:30:51","modified_gmt":"2026-03-02T05:30:51","slug":"la-boda-de-palito-ortega-y-evangelina-salazar-del-dia-que-se-conocieron-al-primer-casamiento-televisado-de-argentina","status":"publish","type":"post","link":"https:\/\/lobosnews.com.ar\/index.php\/2026\/03\/02\/la-boda-de-palito-ortega-y-evangelina-salazar-del-dia-que-se-conocieron-al-primer-casamiento-televisado-de-argentina\/","title":{"rendered":"La boda de Palito Ortega y Evangelina Salazar: del d\u00eda que se conocieron al primer casamiento televisado de Argentina"},"content":{"rendered":"<p>El pa\u00eds entero estaba expectante. <b>Era el 2 de marzo de 1967<\/b>. Y, en las afueras de la abad\u00eda de San Benito, una multitud se hab\u00eda agolpado con la ilusi\u00f3n de poder saludar a los novios. Otros, sin embargo, se acomodaron en los sillones de sus casas esperando el momento de la ceremonia, mientras escuchaban el relato minucioso de <span class=\"waslinkname\"><b>Nicol\u00e1s Pipo Mancera<\/b><\/span>, que hab\u00eda decidido trasmitir la boda en vivo y en directo para <i>S\u00e1bados Circulares<\/i>. Era la primera vez que un casamiento iba a verse por televisi\u00f3n. Y los que estaban a punto de unirse en matrimonio eran, ni m\u00e1s ni menos, que <span class=\"waslinkname\"><b>Ram\u00f3n Palito Ortega <\/b>y<b> Evangelina Salazar<\/b><\/span>.<\/p>\n<p>Pasaron ya 59 a\u00f1os, desde ese d\u00eda que muchos a\u00fan recuerdan. Durante estas m\u00e1s de cinco d\u00e9cadas tuvieron seis hijos (<b>Mart\u00edn, Julieta, Sebasti\u00e1n, Emanuel, Luis <\/b>y <b>Rosario) <\/b>y ya cuentan con<b> <\/b>siete nietos, <b>Benito<\/b> (hijo de Julieta), <b>Dante, Paloma <\/b>y<b> Helena<\/b> (hijos de Sebasti\u00e1n), <b>Bautista<\/b> e <b>India<\/b> (hijos de Emanuel) y <b>Rams\u00e9s<\/b> (hijo de Luis), el cantante y la actriz siguen tan unidos como el primer d\u00eda.<\/p>\n<p>\u201cEst\u00e1 un uno saber qu\u00e9 es lo que quiere de la vida. Tal vez, tenga que ver con mi propia experiencia. Porque, de chico, ten\u00eda grabada la imagen de lo que fue la separaci\u00f3n de mis padres. Yo me cri\u00e9 con mi padre solo y a mi madre la reencontr\u00e9 de grande. Y, todo eso, parece que no, pero fue pesando en mi comportamiento. Siempre pens\u00e9 que, el d\u00eda que encontrara a la persona con la que quisiera caminar de la mano, no me iba a separar jam\u00e1s. As\u00ed que cuando lleg\u00f3, la tom\u00e9 muy fuerte como para encarar el camino con ella. A m\u00ed me fascinaba la idea de tener una familia. Y, gracias a Dios, la pude concretar. Porque hoy no solo tengo a mi mujer y a mis hijos, sino tambi\u00e9n a mis nietos que son el regalo m\u00e1s grande que he podido tener\u201d, reflexion\u00f3 Palito en una entrevista con <b>Infobae <\/b>al ser consultado sobre el que considera su mayor logro.<\/p>\n<p><img loading=\"lazy\" decoding=\"async\" src=\"https:\/\/lobosnews.com.ar\/wp-content\/uploads\/2026\/03\/la-boda-de-palito-ortega-y-evangelina-salazar-del-dia-que-se-conocieron-al-primer-casamiento-televisado-de-argentina.jpg\" alt=\"Palito y Evangelina reci\u00e9n casados, en Paris\" height=\"2559\" width=\"1920\"\/><\/p>\n<p>\u00bfC\u00f3mo hab\u00eda comenzado todo? Corr\u00eda el a\u00f1o 1965. El cantante oriundo de la ciudad de Lules, Tucum\u00e1n, ya era un artista famoso gracias a su participaci\u00f3n en <i>El Club del Clan <\/i>y estaba por rodar su sexta pel\u00edcula: <i>Mi primera novia<\/i>. En principio, el director del film, <b>Enrique Carreras<\/b>, hab\u00eda pensado en su amiga <b>Marilina Ross<\/b> para que fuera su coprotagonista. Y todos estaban de acuerdo con eso. Pero despu\u00e9s de mantener una entrevista con Evangelina, cambi\u00f3 de parecer. Es que esta muchacha, de apenas 21 a\u00f1os, ten\u00eda todo lo que se necesitaba para lucirse en ese papel.<\/p>\n<p>\u201c<b>Encontr\u00e9 la cara, ya tengo a tu primera novia\u201d<\/b>, le dijo Carreras a Ortega apenas se lo cruz\u00f3 por los pasillos de <i>Argentina Sono Films<\/i>. El director sab\u00eda que el cantante y Salazar pod\u00edan formar una buena pareja de ficci\u00f3n. Lo que no se imaginaba era que la relaci\u00f3n se iba a trasladar tambi\u00e9n a la vida real. En ese momento, solo pensaba en hacer una pel\u00edcula taquillera. Y el cantante confi\u00f3 en su olfato con los ojos cerrados.<\/p>\n<p>\u201cYo no la conoc\u00eda, pero compr\u00e9 una caja de bombones y fui el primer d\u00eda de filmaci\u00f3n al set. Entr\u00e9 y pregunt\u00e9 qui\u00e9n era Evangelina. Ella se estaba maquillando y levant\u00f3 la mano t\u00edmidamente. Le di los bombones y le dije: \u2018Que tengas buena suerte\u2019. Despu\u00e9s me fui. <b>Empezamos a grabar y yo los primeros d\u00edas no registraba nada. En cambio, ella me sonre\u00eda y parec\u00eda siempre feliz de verme<\/b>. Se acercaba con el librito a repasar la letra y yo me iba, era muy antip\u00e1tico\u201d, le cont\u00f3 Palito en una oportunidad a <b>Susana Gim\u00e9nez<\/b>.<\/p>\n<p><img loading=\"lazy\" decoding=\"async\" src=\"https:\/\/lobosnews.com.ar\/wp-content\/uploads\/2026\/03\/la-boda-de-palito-ortega-y-evangelina-salazar-del-dia-que-se-conocieron-al-primer-casamiento-televisado-de-argentina-1.jpg\" alt=\"Salazar y Ortega junto a sus hijos\" height=\"1200\" width=\"1200\"\/><\/p>\n<p>Por aquellos a\u00f1os, se estilaba empezar el noviazgo y seguir con un compromiso formal, con pedido de mano y anillo incluido, hasta el d\u00eda de la boda. Pero Ortega, quiz\u00e1 por su timidez, no era tan rom\u00e1ntico como sus personajes de ficci\u00f3n. \u201c<b>Nunca le propuse casamiento, nunca le dije que me gustaba y mucho menos que quer\u00eda casarme<\/b>\u201d, reconoci\u00f3. Sin embargo, siempre supo que Evangelina ser\u00eda su esposa y logr\u00f3 llegar a su cometido de una manera diferente.<\/p>\n<p>De hecho, a los tres meses de haberla conocido, Palito le insinu\u00f3 a Salazar que pod\u00edan legalizar su relaci\u00f3n con un fin pr\u00e1ctico: quer\u00eda que lo acompa\u00f1ara en un viaje a Israel. Pero, en ese momento, los padres de la actriz se opusieron. No obstante, a ella le qued\u00f3 claro que las intenciones de Ortega eran serias cuando la llev\u00f3 a ver una propiedad que ten\u00eda en Avenida del Libertador, supuestamente, para la venta. <\/p>\n<p><img loading=\"lazy\" decoding=\"async\" src=\"https:\/\/lobosnews.com.ar\/wp-content\/uploads\/2026\/03\/la-boda-de-palito-ortega-y-evangelina-salazar-del-dia-que-se-conocieron-al-primer-casamiento-televisado-de-argentina-2.jpg\" alt=\"\"Palito\" Ortega y Evangelina Salazar con el papa Francisco (Cr\u00e9dito: @sacroprofano)\" height=\"851\" width=\"1280\"\/><\/p>\n<p>\u201cFuimos al d\u00e9cimo piso de un edificio y me mostr\u00f3 un departamento sin decorar, a terminar. <b>Sube el portero y le dice que tiene un candidato, porque se ve que Ram\u00f3n lo compr\u00f3 para venderlo, y \u00e9l le respondi\u00f3: \u2018Ya no est\u00e1 a la venta porque me voy a casar\u2019. \u00a1As\u00ed me enter\u00e9! <\/b>Tambi\u00e9n me se\u00f1al\u00f3 un colegio justo enfrente, y me dijo: \u2018Ah\u00ed vamos a mandar a los chicos. Ponemos un tobog\u00e1n y los mandamos por ah\u00ed\u2019. Todo era un juego\u201d, record\u00f3 Evangelina.<\/p>\n<p><img loading=\"lazy\" decoding=\"async\" src=\"https:\/\/lobosnews.com.ar\/wp-content\/uploads\/2026\/03\/la-boda-de-palito-ortega-y-evangelina-salazar-del-dia-que-se-conocieron-al-primer-casamiento-televisado-de-argentina-3.jpg\" alt=\"Palito Ortega y Evangelina Salazar protagonizaron una de las bodas m\u00e1s recordadas por los argentinos \" height=\"1080\" width=\"1920\"\/><\/p>\n<p>As\u00ed, un a\u00f1o y medio despu\u00e9s de aquel encuentro fortuito en un set de filmaci\u00f3n, ambos pasaron por el Registro Civil de la calle Arcos al 1900 el 27 de febrero de 1967. Y, d\u00edas m\u00e1s tarde, se encontraron frente al altar, donde el sacerdote <b>Lorenzo Molinero<\/b> los uni\u00f3 en matrimonio. Adem\u00e1s de las c\u00e1maras locales, que ya hab\u00edan mostrado los preparativos de los contrayentes, hab\u00eda reporteros de todo el mundo registrando el momento del \u201cs\u00ed\u201c. <\/p>\n<p>Tras una breve luna de miel por Acapulco y en el sur de los Estados Unidos, el cantante vol\u00f3 hacia Espa\u00f1a para filmar la pel\u00edcula<b> Amor en el aire<\/b> junto a <b>Roc\u00edo Durcal<\/b> y la actriz se puso al frente de la serie infantil <b>Jacinta Pichimahuida<\/b>. Con el tiempo, sin embargo, ella optar\u00eda por dejar de lado su carrera para dedicarse exclusivamente a su familia. Y reci\u00e9n cuatro d\u00e9cadas despu\u00e9s, recibi\u00f3 la tan ansiada propuesta formal de matrimonio que, por supuesto, acept\u00f3. As\u00ed las cosas, el 2 de marzo de 2017 y celebrando sus bodas de oro, Palito y Evangelina renovaron sus votos en Roma, con una ceremonia oficiada por el <b>Papa Francisco<\/b>. Y, de esta manera, coronaron su historia de amor.<\/p>\n","protected":false},"excerpt":{"rendered":"<p>El pa\u00eds entero estaba expectante. Era el 2 de marzo de 1967. Y, en las afueras de la abad\u00eda de San Benito, una multitud se hab\u00eda agolpado con la ilusi\u00f3n de poder saludar a los novios. Otros, sin embargo, se acomodaron en los sillones de sus casas esperando el momento de la ceremonia, mientras escuchaban&#8230;<\/p>\n","protected":false},"author":1,"featured_media":27801,"comment_status":"open","ping_status":"closed","sticky":false,"template":"","format":"standard","meta":{"_jetpack_memberships_contains_paid_content":false,"footnotes":""},"categories":[31,30,32,77,84,35,36,37],"tags":[],"class_list":["post-27795","post","type-post","status-publish","format-standard","has-post-thumbnail","hentry","category-actualidad","category-argentina","category-economia","category-inseguridad","category-masradios-com","category-nacionales","category-seguridad","category-sociedad"],"magazineBlocksPostFeaturedMedia":{"thumbnail":"https:\/\/lobosnews.com.ar\/wp-content\/uploads\/2026\/03\/la-boda-de-palito-ortega-y-evangelina-salazar-del-dia-que-se-conocieron-al-primer-casamiento-televisado-de-argentina-6-150x150.jpg","medium":"https:\/\/lobosnews.com.ar\/wp-content\/uploads\/2026\/03\/la-boda-de-palito-ortega-y-evangelina-salazar-del-dia-que-se-conocieron-al-primer-casamiento-televisado-de-argentina-6-300x169.jpg","medium_large":"https:\/\/lobosnews.com.ar\/wp-content\/uploads\/2026\/03\/la-boda-de-palito-ortega-y-evangelina-salazar-del-dia-que-se-conocieron-al-primer-casamiento-televisado-de-argentina-6-768x432.jpg","large":"https:\/\/lobosnews.com.ar\/wp-content\/uploads\/2026\/03\/la-boda-de-palito-ortega-y-evangelina-salazar-del-dia-que-se-conocieron-al-primer-casamiento-televisado-de-argentina-6-1024x576.jpg","1536x1536":"https:\/\/lobosnews.com.ar\/wp-content\/uploads\/2026\/03\/la-boda-de-palito-ortega-y-evangelina-salazar-del-dia-que-se-conocieron-al-primer-casamiento-televisado-de-argentina-6-1536x864.jpg","2048x2048":"https:\/\/lobosnews.com.ar\/wp-content\/uploads\/2026\/03\/la-boda-de-palito-ortega-y-evangelina-salazar-del-dia-que-se-conocieron-al-primer-casamiento-televisado-de-argentina-6.jpg","newsmatic-featured":"https:\/\/lobosnews.com.ar\/wp-content\/uploads\/2026\/03\/la-boda-de-palito-ortega-y-evangelina-salazar-del-dia-que-se-conocieron-al-primer-casamiento-televisado-de-argentina-6-820x545.jpg","newsmatic-list":"https:\/\/lobosnews.com.ar\/wp-content\/uploads\/2026\/03\/la-boda-de-palito-ortega-y-evangelina-salazar-del-dia-que-se-conocieron-al-primer-casamiento-televisado-de-argentina-6-600x400.jpg","newsmatic-thumb":"https:\/\/lobosnews.com.ar\/wp-content\/uploads\/2026\/03\/la-boda-de-palito-ortega-y-evangelina-salazar-del-dia-que-se-conocieron-al-primer-casamiento-televisado-de-argentina-6-300x200.jpg","newsmatic-small":"https:\/\/lobosnews.com.ar\/wp-content\/uploads\/2026\/03\/la-boda-de-palito-ortega-y-evangelina-salazar-del-dia-que-se-conocieron-al-primer-casamiento-televisado-de-argentina-6-150x95.jpg","newsmatic-grid":"https:\/\/lobosnews.com.ar\/wp-content\/uploads\/2026\/03\/la-boda-de-palito-ortega-y-evangelina-salazar-del-dia-que-se-conocieron-al-primer-casamiento-televisado-de-argentina-6-400x250.jpg"},"magazineBlocksPostAuthor":{"name":"admin","avatar":"https:\/\/secure.gravatar.com\/avatar\/76e419471a2083bc3ceab22a763dbbf9b0c1bd15a6214cf3280e2c2dde4580f9?s=96&d=mm&r=g"},"magazineBlocksPostCommentsNumber":"0","magazineBlocksPostExcerpt":"El pa\u00eds entero estaba expectante. Era el 2 de marzo de 1967. Y, en las afueras de la abad\u00eda de San Benito, una multitud se hab\u00eda agolpado con la ilusi\u00f3n de poder saludar a los novios. Otros, sin embargo, se acomodaron en los sillones de sus casas esperando el momento de la ceremonia, mientras escuchaban...","magazineBlocksPostCategories":["Actualidad","Argentina","econom\u00eda","inseguridad","masradios.com","nacionales","seguridad","sociedad"],"magazineBlocksPostViewCount":217,"magazineBlocksPostReadTime":6,"magazine_blocks_featured_image_url":{"full":["https:\/\/lobosnews.com.ar\/wp-content\/uploads\/2026\/03\/la-boda-de-palito-ortega-y-evangelina-salazar-del-dia-que-se-conocieron-al-primer-casamiento-televisado-de-argentina-6.jpg",1920,1080,false],"medium":["https:\/\/lobosnews.com.ar\/wp-content\/uploads\/2026\/03\/la-boda-de-palito-ortega-y-evangelina-salazar-del-dia-que-se-conocieron-al-primer-casamiento-televisado-de-argentina-6-300x169.jpg",300,169,true],"thumbnail":["https:\/\/lobosnews.com.ar\/wp-content\/uploads\/2026\/03\/la-boda-de-palito-ortega-y-evangelina-salazar-del-dia-que-se-conocieron-al-primer-casamiento-televisado-de-argentina-6-150x150.jpg",150,150,true]},"magazine_blocks_author":{"display_name":"admin","author_link":"https:\/\/lobosnews.com.ar\/index.php\/author\/lobos-news\/"},"magazine_blocks_comment":0,"magazine_blocks_author_image":"https:\/\/secure.gravatar.com\/avatar\/76e419471a2083bc3ceab22a763dbbf9b0c1bd15a6214cf3280e2c2dde4580f9?s=96&d=mm&r=g","magazine_blocks_category":"<a href=\"#\" class=\"category-link category-link-31\">Actualidad<\/a> <a href=\"#\" class=\"category-link category-link-30\">Argentina<\/a> <a href=\"#\" class=\"category-link category-link-32\">econom\u00eda<\/a> <a href=\"#\" class=\"category-link category-link-77\">inseguridad<\/a> <a href=\"#\" class=\"category-link category-link-84\">masradios.com<\/a> <a href=\"#\" class=\"category-link category-link-35\">nacionales<\/a> <a href=\"#\" class=\"category-link category-link-36\">seguridad<\/a> <a href=\"#\" class=\"category-link category-link-37\">sociedad<\/a>","yoast_head":"<!-- This site is optimized with the Yoast SEO plugin v26.6 - https:\/\/yoast.com\/wordpress\/plugins\/seo\/ -->\n<title>La boda de Palito Ortega y Evangelina Salazar: del d\u00eda que se conocieron al primer casamiento televisado de Argentina - Lobos News<\/title>\n<meta name=\"robots\" content=\"index, follow, max-snippet:-1, max-image-preview:large, max-video-preview:-1\" \/>\n<link rel=\"canonical\" href=\"https:\/\/lobosnews.com.ar\/index.php\/2026\/03\/02\/la-boda-de-palito-ortega-y-evangelina-salazar-del-dia-que-se-conocieron-al-primer-casamiento-televisado-de-argentina\/\" \/>\n<meta property=\"og:locale\" content=\"es_ES\" \/>\n<meta property=\"og:type\" content=\"article\" \/>\n<meta property=\"og:title\" content=\"La boda de Palito Ortega y Evangelina Salazar: del d\u00eda que se conocieron al primer casamiento televisado de Argentina - Lobos News\" \/>\n<meta property=\"og:description\" content=\"El pa\u00eds entero estaba expectante. Era el 2 de marzo de 1967. Y, en las afueras de la abad\u00eda de San Benito, una multitud se hab\u00eda agolpado con la ilusi\u00f3n de poder saludar a los novios. Otros, sin embargo, se acomodaron en los sillones de sus casas esperando el momento de la ceremonia, mientras escuchaban...\" \/>\n<meta property=\"og:url\" content=\"https:\/\/lobosnews.com.ar\/index.php\/2026\/03\/02\/la-boda-de-palito-ortega-y-evangelina-salazar-del-dia-que-se-conocieron-al-primer-casamiento-televisado-de-argentina\/\" \/>\n<meta property=\"og:site_name\" content=\"Lobos News\" \/>\n<meta property=\"article:published_time\" content=\"2026-03-02T04:44:01+00:00\" \/>\n<meta property=\"article:modified_time\" content=\"2026-03-02T05:30:51+00:00\" \/>\n<meta property=\"og:image\" content=\"https:\/\/lobosnews.com.ar\/wp-content\/uploads\/2026\/03\/la-boda-de-palito-ortega-y-evangelina-salazar-del-dia-que-se-conocieron-al-primer-casamiento-televisado-de-argentina.jpg\" \/>\n<meta name=\"author\" content=\"admin\" \/>\n<meta name=\"twitter:card\" content=\"summary_large_image\" \/>\n<meta name=\"twitter:label1\" content=\"Escrito por\" \/>\n\t<meta name=\"twitter:data1\" content=\"admin\" \/>\n\t<meta name=\"twitter:label2\" content=\"Tiempo de lectura\" \/>\n\t<meta name=\"twitter:data2\" content=\"6 minutos\" \/>\n<script type=\"application\/ld+json\" class=\"yoast-schema-graph\">{\"@context\":\"https:\/\/schema.org\",\"@graph\":[{\"@type\":\"Article\",\"@id\":\"https:\/\/lobosnews.com.ar\/index.php\/2026\/03\/02\/la-boda-de-palito-ortega-y-evangelina-salazar-del-dia-que-se-conocieron-al-primer-casamiento-televisado-de-argentina\/#article\",\"isPartOf\":{\"@id\":\"https:\/\/lobosnews.com.ar\/index.php\/2026\/03\/02\/la-boda-de-palito-ortega-y-evangelina-salazar-del-dia-que-se-conocieron-al-primer-casamiento-televisado-de-argentina\/\"},\"author\":{\"name\":\"admin\",\"@id\":\"https:\/\/lobosnews.com.ar\/#\/schema\/person\/232422a593d5c541dd9aef6aaed10943\"},\"headline\":\"La boda de Palito Ortega y Evangelina Salazar: del d\u00eda que se conocieron al primer casamiento televisado de Argentina\",\"datePublished\":\"2026-03-02T04:44:01+00:00\",\"dateModified\":\"2026-03-02T05:30:51+00:00\",\"mainEntityOfPage\":{\"@id\":\"https:\/\/lobosnews.com.ar\/index.php\/2026\/03\/02\/la-boda-de-palito-ortega-y-evangelina-salazar-del-dia-que-se-conocieron-al-primer-casamiento-televisado-de-argentina\/\"},\"wordCount\":1144,\"commentCount\":0,\"publisher\":{\"@id\":\"https:\/\/lobosnews.com.ar\/#organization\"},\"image\":{\"@id\":\"https:\/\/lobosnews.com.ar\/index.php\/2026\/03\/02\/la-boda-de-palito-ortega-y-evangelina-salazar-del-dia-que-se-conocieron-al-primer-casamiento-televisado-de-argentina\/#primaryimage\"},\"thumbnailUrl\":\"https:\/\/lobosnews.com.ar\/wp-content\/uploads\/2026\/03\/la-boda-de-palito-ortega-y-evangelina-salazar-del-dia-que-se-conocieron-al-primer-casamiento-televisado-de-argentina-6.jpg\",\"articleSection\":[\"Actualidad\",\"Argentina\",\"econom\u00eda\",\"inseguridad\",\"masradios.com\",\"nacionales\",\"seguridad\",\"sociedad\"],\"inLanguage\":\"es\",\"potentialAction\":[{\"@type\":\"CommentAction\",\"name\":\"Comment\",\"target\":[\"https:\/\/lobosnews.com.ar\/index.php\/2026\/03\/02\/la-boda-de-palito-ortega-y-evangelina-salazar-del-dia-que-se-conocieron-al-primer-casamiento-televisado-de-argentina\/#respond\"]}]},{\"@type\":\"WebPage\",\"@id\":\"https:\/\/lobosnews.com.ar\/index.php\/2026\/03\/02\/la-boda-de-palito-ortega-y-evangelina-salazar-del-dia-que-se-conocieron-al-primer-casamiento-televisado-de-argentina\/\",\"url\":\"https:\/\/lobosnews.com.ar\/index.php\/2026\/03\/02\/la-boda-de-palito-ortega-y-evangelina-salazar-del-dia-que-se-conocieron-al-primer-casamiento-televisado-de-argentina\/\",\"name\":\"La boda de Palito Ortega y Evangelina Salazar: del d\u00eda que se conocieron al primer casamiento televisado de Argentina - Lobos News\",\"isPartOf\":{\"@id\":\"https:\/\/lobosnews.com.ar\/#website\"},\"primaryImageOfPage\":{\"@id\":\"https:\/\/lobosnews.com.ar\/index.php\/2026\/03\/02\/la-boda-de-palito-ortega-y-evangelina-salazar-del-dia-que-se-conocieron-al-primer-casamiento-televisado-de-argentina\/#primaryimage\"},\"image\":{\"@id\":\"https:\/\/lobosnews.com.ar\/index.php\/2026\/03\/02\/la-boda-de-palito-ortega-y-evangelina-salazar-del-dia-que-se-conocieron-al-primer-casamiento-televisado-de-argentina\/#primaryimage\"},\"thumbnailUrl\":\"https:\/\/lobosnews.com.ar\/wp-content\/uploads\/2026\/03\/la-boda-de-palito-ortega-y-evangelina-salazar-del-dia-que-se-conocieron-al-primer-casamiento-televisado-de-argentina-6.jpg\",\"datePublished\":\"2026-03-02T04:44:01+00:00\",\"dateModified\":\"2026-03-02T05:30:51+00:00\",\"breadcrumb\":{\"@id\":\"https:\/\/lobosnews.com.ar\/index.php\/2026\/03\/02\/la-boda-de-palito-ortega-y-evangelina-salazar-del-dia-que-se-conocieron-al-primer-casamiento-televisado-de-argentina\/#breadcrumb\"},\"inLanguage\":\"es\",\"potentialAction\":[{\"@type\":\"ReadAction\",\"target\":[\"https:\/\/lobosnews.com.ar\/index.php\/2026\/03\/02\/la-boda-de-palito-ortega-y-evangelina-salazar-del-dia-que-se-conocieron-al-primer-casamiento-televisado-de-argentina\/\"]}]},{\"@type\":\"ImageObject\",\"inLanguage\":\"es\",\"@id\":\"https:\/\/lobosnews.com.ar\/index.php\/2026\/03\/02\/la-boda-de-palito-ortega-y-evangelina-salazar-del-dia-que-se-conocieron-al-primer-casamiento-televisado-de-argentina\/#primaryimage\",\"url\":\"https:\/\/lobosnews.com.ar\/wp-content\/uploads\/2026\/03\/la-boda-de-palito-ortega-y-evangelina-salazar-del-dia-que-se-conocieron-al-primer-casamiento-televisado-de-argentina-6.jpg\",\"contentUrl\":\"https:\/\/lobosnews.com.ar\/wp-content\/uploads\/2026\/03\/la-boda-de-palito-ortega-y-evangelina-salazar-del-dia-que-se-conocieron-al-primer-casamiento-televisado-de-argentina-6.jpg\",\"width\":1920,\"height\":1080,\"caption\":\"La boda de Palito Ortega y Evangelina Salazar: del d\u00eda que se conocieron al primer casamiento televisado de Argentina\"},{\"@type\":\"BreadcrumbList\",\"@id\":\"https:\/\/lobosnews.com.ar\/index.php\/2026\/03\/02\/la-boda-de-palito-ortega-y-evangelina-salazar-del-dia-que-se-conocieron-al-primer-casamiento-televisado-de-argentina\/#breadcrumb\",\"itemListElement\":[{\"@type\":\"ListItem\",\"position\":1,\"name\":\"Portada\",\"item\":\"https:\/\/lobosnews.com.ar\/\"},{\"@type\":\"ListItem\",\"position\":2,\"name\":\"La boda de Palito Ortega y Evangelina Salazar: del d\u00eda que se conocieron al primer casamiento televisado de Argentina\"}]},{\"@type\":\"WebSite\",\"@id\":\"https:\/\/lobosnews.com.ar\/#website\",\"url\":\"https:\/\/lobosnews.com.ar\/\",\"name\":\"Lobos News\",\"description\":\"Informaci\u00f3n a cada instante\",\"publisher\":{\"@id\":\"https:\/\/lobosnews.com.ar\/#organization\"},\"potentialAction\":[{\"@type\":\"SearchAction\",\"target\":{\"@type\":\"EntryPoint\",\"urlTemplate\":\"https:\/\/lobosnews.com.ar\/?s={search_term_string}\"},\"query-input\":{\"@type\":\"PropertyValueSpecification\",\"valueRequired\":true,\"valueName\":\"search_term_string\"}}],\"inLanguage\":\"es\"},{\"@type\":\"Organization\",\"@id\":\"https:\/\/lobosnews.com.ar\/#organization\",\"name\":\"Lobos News\",\"url\":\"https:\/\/lobosnews.com.ar\/\",\"logo\":{\"@type\":\"ImageObject\",\"inLanguage\":\"es\",\"@id\":\"https:\/\/lobosnews.com.ar\/#\/schema\/logo\/image\/\",\"url\":\"https:\/\/lobosnews.com.ar\/wp-content\/uploads\/2026\/01\/logo-lobosnews.png\",\"contentUrl\":\"https:\/\/lobosnews.com.ar\/wp-content\/uploads\/2026\/01\/logo-lobosnews.png\",\"width\":500,\"height\":200,\"caption\":\"Lobos News\"},\"image\":{\"@id\":\"https:\/\/lobosnews.com.ar\/#\/schema\/logo\/image\/\"}},{\"@type\":\"Person\",\"@id\":\"https:\/\/lobosnews.com.ar\/#\/schema\/person\/232422a593d5c541dd9aef6aaed10943\",\"name\":\"admin\",\"image\":{\"@type\":\"ImageObject\",\"inLanguage\":\"es\",\"@id\":\"https:\/\/lobosnews.com.ar\/#\/schema\/person\/image\/\",\"url\":\"https:\/\/secure.gravatar.com\/avatar\/76e419471a2083bc3ceab22a763dbbf9b0c1bd15a6214cf3280e2c2dde4580f9?s=96&d=mm&r=g\",\"contentUrl\":\"https:\/\/secure.gravatar.com\/avatar\/76e419471a2083bc3ceab22a763dbbf9b0c1bd15a6214cf3280e2c2dde4580f9?s=96&d=mm&r=g\",\"caption\":\"admin\"},\"sameAs\":[\"https:\/\/lobosnews.com.ar\"],\"url\":\"https:\/\/lobosnews.com.ar\/index.php\/author\/lobos-news\/\"}]}<\/script>\n<!-- \/ Yoast SEO plugin. -->","yoast_head_json":{"title":"La boda de Palito Ortega y Evangelina Salazar: del d\u00eda que se conocieron al primer casamiento televisado de Argentina - Lobos News","robots":{"index":"index","follow":"follow","max-snippet":"max-snippet:-1","max-image-preview":"max-image-preview:large","max-video-preview":"max-video-preview:-1"},"canonical":"https:\/\/lobosnews.com.ar\/index.php\/2026\/03\/02\/la-boda-de-palito-ortega-y-evangelina-salazar-del-dia-que-se-conocieron-al-primer-casamiento-televisado-de-argentina\/","og_locale":"es_ES","og_type":"article","og_title":"La boda de Palito Ortega y Evangelina Salazar: del d\u00eda que se conocieron al primer casamiento televisado de Argentina - Lobos News","og_description":"El pa\u00eds entero estaba expectante. Era el 2 de marzo de 1967. Y, en las afueras de la abad\u00eda de San Benito, una multitud se hab\u00eda agolpado con la ilusi\u00f3n de poder saludar a los novios. Otros, sin embargo, se acomodaron en los sillones de sus casas esperando el momento de la ceremonia, mientras escuchaban...","og_url":"https:\/\/lobosnews.com.ar\/index.php\/2026\/03\/02\/la-boda-de-palito-ortega-y-evangelina-salazar-del-dia-que-se-conocieron-al-primer-casamiento-televisado-de-argentina\/","og_site_name":"Lobos News","article_published_time":"2026-03-02T04:44:01+00:00","article_modified_time":"2026-03-02T05:30:51+00:00","og_image":[{"url":"https:\/\/lobosnews.com.ar\/wp-content\/uploads\/2026\/03\/la-boda-de-palito-ortega-y-evangelina-salazar-del-dia-que-se-conocieron-al-primer-casamiento-televisado-de-argentina.jpg","type":"","width":"","height":""}],"author":"admin","twitter_card":"summary_large_image","twitter_misc":{"Escrito por":"admin","Tiempo de lectura":"6 minutos"},"schema":{"@context":"https:\/\/schema.org","@graph":[{"@type":"Article","@id":"https:\/\/lobosnews.com.ar\/index.php\/2026\/03\/02\/la-boda-de-palito-ortega-y-evangelina-salazar-del-dia-que-se-conocieron-al-primer-casamiento-televisado-de-argentina\/#article","isPartOf":{"@id":"https:\/\/lobosnews.com.ar\/index.php\/2026\/03\/02\/la-boda-de-palito-ortega-y-evangelina-salazar-del-dia-que-se-conocieron-al-primer-casamiento-televisado-de-argentina\/"},"author":{"name":"admin","@id":"https:\/\/lobosnews.com.ar\/#\/schema\/person\/232422a593d5c541dd9aef6aaed10943"},"headline":"La boda de Palito Ortega y Evangelina Salazar: del d\u00eda que se conocieron al primer casamiento televisado de Argentina","datePublished":"2026-03-02T04:44:01+00:00","dateModified":"2026-03-02T05:30:51+00:00","mainEntityOfPage":{"@id":"https:\/\/lobosnews.com.ar\/index.php\/2026\/03\/02\/la-boda-de-palito-ortega-y-evangelina-salazar-del-dia-que-se-conocieron-al-primer-casamiento-televisado-de-argentina\/"},"wordCount":1144,"commentCount":0,"publisher":{"@id":"https:\/\/lobosnews.com.ar\/#organization"},"image":{"@id":"https:\/\/lobosnews.com.ar\/index.php\/2026\/03\/02\/la-boda-de-palito-ortega-y-evangelina-salazar-del-dia-que-se-conocieron-al-primer-casamiento-televisado-de-argentina\/#primaryimage"},"thumbnailUrl":"https:\/\/lobosnews.com.ar\/wp-content\/uploads\/2026\/03\/la-boda-de-palito-ortega-y-evangelina-salazar-del-dia-que-se-conocieron-al-primer-casamiento-televisado-de-argentina-6.jpg","articleSection":["Actualidad","Argentina","econom\u00eda","inseguridad","masradios.com","nacionales","seguridad","sociedad"],"inLanguage":"es","potentialAction":[{"@type":"CommentAction","name":"Comment","target":["https:\/\/lobosnews.com.ar\/index.php\/2026\/03\/02\/la-boda-de-palito-ortega-y-evangelina-salazar-del-dia-que-se-conocieron-al-primer-casamiento-televisado-de-argentina\/#respond"]}]},{"@type":"WebPage","@id":"https:\/\/lobosnews.com.ar\/index.php\/2026\/03\/02\/la-boda-de-palito-ortega-y-evangelina-salazar-del-dia-que-se-conocieron-al-primer-casamiento-televisado-de-argentina\/","url":"https:\/\/lobosnews.com.ar\/index.php\/2026\/03\/02\/la-boda-de-palito-ortega-y-evangelina-salazar-del-dia-que-se-conocieron-al-primer-casamiento-televisado-de-argentina\/","name":"La boda de Palito Ortega y Evangelina Salazar: del d\u00eda que se conocieron al primer casamiento televisado de Argentina - Lobos News","isPartOf":{"@id":"https:\/\/lobosnews.com.ar\/#website"},"primaryImageOfPage":{"@id":"https:\/\/lobosnews.com.ar\/index.php\/2026\/03\/02\/la-boda-de-palito-ortega-y-evangelina-salazar-del-dia-que-se-conocieron-al-primer-casamiento-televisado-de-argentina\/#primaryimage"},"image":{"@id":"https:\/\/lobosnews.com.ar\/index.php\/2026\/03\/02\/la-boda-de-palito-ortega-y-evangelina-salazar-del-dia-que-se-conocieron-al-primer-casamiento-televisado-de-argentina\/#primaryimage"},"thumbnailUrl":"https:\/\/lobosnews.com.ar\/wp-content\/uploads\/2026\/03\/la-boda-de-palito-ortega-y-evangelina-salazar-del-dia-que-se-conocieron-al-primer-casamiento-televisado-de-argentina-6.jpg","datePublished":"2026-03-02T04:44:01+00:00","dateModified":"2026-03-02T05:30:51+00:00","breadcrumb":{"@id":"https:\/\/lobosnews.com.ar\/index.php\/2026\/03\/02\/la-boda-de-palito-ortega-y-evangelina-salazar-del-dia-que-se-conocieron-al-primer-casamiento-televisado-de-argentina\/#breadcrumb"},"inLanguage":"es","potentialAction":[{"@type":"ReadAction","target":["https:\/\/lobosnews.com.ar\/index.php\/2026\/03\/02\/la-boda-de-palito-ortega-y-evangelina-salazar-del-dia-que-se-conocieron-al-primer-casamiento-televisado-de-argentina\/"]}]},{"@type":"ImageObject","inLanguage":"es","@id":"https:\/\/lobosnews.com.ar\/index.php\/2026\/03\/02\/la-boda-de-palito-ortega-y-evangelina-salazar-del-dia-que-se-conocieron-al-primer-casamiento-televisado-de-argentina\/#primaryimage","url":"https:\/\/lobosnews.com.ar\/wp-content\/uploads\/2026\/03\/la-boda-de-palito-ortega-y-evangelina-salazar-del-dia-que-se-conocieron-al-primer-casamiento-televisado-de-argentina-6.jpg","contentUrl":"https:\/\/lobosnews.com.ar\/wp-content\/uploads\/2026\/03\/la-boda-de-palito-ortega-y-evangelina-salazar-del-dia-que-se-conocieron-al-primer-casamiento-televisado-de-argentina-6.jpg","width":1920,"height":1080,"caption":"La boda de Palito Ortega y Evangelina Salazar: del d\u00eda que se conocieron al primer casamiento televisado de Argentina"},{"@type":"BreadcrumbList","@id":"https:\/\/lobosnews.com.ar\/index.php\/2026\/03\/02\/la-boda-de-palito-ortega-y-evangelina-salazar-del-dia-que-se-conocieron-al-primer-casamiento-televisado-de-argentina\/#breadcrumb","itemListElement":[{"@type":"ListItem","position":1,"name":"Portada","item":"https:\/\/lobosnews.com.ar\/"},{"@type":"ListItem","position":2,"name":"La boda de Palito Ortega y Evangelina Salazar: del d\u00eda que se conocieron al primer casamiento televisado de Argentina"}]},{"@type":"WebSite","@id":"https:\/\/lobosnews.com.ar\/#website","url":"https:\/\/lobosnews.com.ar\/","name":"Lobos News","description":"Informaci\u00f3n a cada instante","publisher":{"@id":"https:\/\/lobosnews.com.ar\/#organization"},"potentialAction":[{"@type":"SearchAction","target":{"@type":"EntryPoint","urlTemplate":"https:\/\/lobosnews.com.ar\/?s={search_term_string}"},"query-input":{"@type":"PropertyValueSpecification","valueRequired":true,"valueName":"search_term_string"}}],"inLanguage":"es"},{"@type":"Organization","@id":"https:\/\/lobosnews.com.ar\/#organization","name":"Lobos News","url":"https:\/\/lobosnews.com.ar\/","logo":{"@type":"ImageObject","inLanguage":"es","@id":"https:\/\/lobosnews.com.ar\/#\/schema\/logo\/image\/","url":"https:\/\/lobosnews.com.ar\/wp-content\/uploads\/2026\/01\/logo-lobosnews.png","contentUrl":"https:\/\/lobosnews.com.ar\/wp-content\/uploads\/2026\/01\/logo-lobosnews.png","width":500,"height":200,"caption":"Lobos News"},"image":{"@id":"https:\/\/lobosnews.com.ar\/#\/schema\/logo\/image\/"}},{"@type":"Person","@id":"https:\/\/lobosnews.com.ar\/#\/schema\/person\/232422a593d5c541dd9aef6aaed10943","name":"admin","image":{"@type":"ImageObject","inLanguage":"es","@id":"https:\/\/lobosnews.com.ar\/#\/schema\/person\/image\/","url":"https:\/\/secure.gravatar.com\/avatar\/76e419471a2083bc3ceab22a763dbbf9b0c1bd15a6214cf3280e2c2dde4580f9?s=96&d=mm&r=g","contentUrl":"https:\/\/secure.gravatar.com\/avatar\/76e419471a2083bc3ceab22a763dbbf9b0c1bd15a6214cf3280e2c2dde4580f9?s=96&d=mm&r=g","caption":"admin"},"sameAs":["https:\/\/lobosnews.com.ar"],"url":"https:\/\/lobosnews.com.ar\/index.php\/author\/lobos-news\/"}]}},"jetpack_featured_media_url":"https:\/\/lobosnews.com.ar\/wp-content\/uploads\/2026\/03\/la-boda-de-palito-ortega-y-evangelina-salazar-del-dia-que-se-conocieron-al-primer-casamiento-televisado-de-argentina-6.jpg","jetpack_sharing_enabled":true,"_links":{"self":[{"href":"https:\/\/lobosnews.com.ar\/index.php\/wp-json\/wp\/v2\/posts\/27795","targetHints":{"allow":["GET"]}}],"collection":[{"href":"https:\/\/lobosnews.com.ar\/index.php\/wp-json\/wp\/v2\/posts"}],"about":[{"href":"https:\/\/lobosnews.com.ar\/index.php\/wp-json\/wp\/v2\/types\/post"}],"author":[{"embeddable":true,"href":"https:\/\/lobosnews.com.ar\/index.php\/wp-json\/wp\/v2\/users\/1"}],"replies":[{"embeddable":true,"href":"https:\/\/lobosnews.com.ar\/index.php\/wp-json\/wp\/v2\/comments?post=27795"}],"version-history":[{"count":1,"href":"https:\/\/lobosnews.com.ar\/index.php\/wp-json\/wp\/v2\/posts\/27795\/revisions"}],"predecessor-version":[{"id":27800,"href":"https:\/\/lobosnews.com.ar\/index.php\/wp-json\/wp\/v2\/posts\/27795\/revisions\/27800"}],"wp:featuredmedia":[{"embeddable":true,"href":"https:\/\/lobosnews.com.ar\/index.php\/wp-json\/wp\/v2\/media\/27801"}],"wp:attachment":[{"href":"https:\/\/lobosnews.com.ar\/index.php\/wp-json\/wp\/v2\/media?parent=27795"}],"wp:term":[{"taxonomy":"category","embeddable":true,"href":"https:\/\/lobosnews.com.ar\/index.php\/wp-json\/wp\/v2\/categories?post=27795"},{"taxonomy":"post_tag","embeddable":true,"href":"https:\/\/lobosnews.com.ar\/index.php\/wp-json\/wp\/v2\/tags?post=27795"}],"curies":[{"name":"wp","href":"https:\/\/api.w.org\/{rel}","templated":true}]}}