{"id":25816,"date":"2026-02-25T15:27:13","date_gmt":"2026-02-25T15:27:13","guid":{"rendered":"https:\/\/lobosnews.com.ar\/index.php\/2026\/02\/25\/quien-es-el-hombre-que-fue-atacado-con-un-fierro-en-la-cabeza-en-la-discusion-de-transito-de-castelar\/"},"modified":"2026-02-25T17:06:58","modified_gmt":"2026-02-25T17:06:58","slug":"quien-es-el-hombre-que-fue-atacado-con-un-fierro-en-la-cabeza-en-la-discusion-de-transito-de-castelar","status":"publish","type":"post","link":"https:\/\/lobosnews.com.ar\/index.php\/2026\/02\/25\/quien-es-el-hombre-que-fue-atacado-con-un-fierro-en-la-cabeza-en-la-discusion-de-transito-de-castelar\/","title":{"rendered":"Qui\u00e9n es el hombre que fue atacado con un fierro en la cabeza en la discusi\u00f3n de tr\u00e1nsito de Castelar"},"content":{"rendered":"<p>En medio de una ola de violencia urbana que comenz\u00f3 con un alba\u00f1il asesinado a golpes tras un choque en Berazategui,<span class=\"waslinkname\"><b> un hombre fue atacado con un fierro en la cabeza<\/b><\/span> durante una discusi\u00f3n de tr\u00e1nsito en Castelar. Como consecuencia sufri\u00f3 un hundimiento de cr\u00e1neo.<\/p>\n<p><b>Alejandro Dar\u00edo Vargas<\/b>, de 63 a\u00f1os, fue la v\u00edctima del violento episodio. Vecino de la misma ciudad donde ocurri\u00f3 el hecho, fue atacado por dos hermanos, quienes quedaron imputados con cargos diferentes: uno por \u201cintento de homicidio\u201d y el otro por \u201camenazas agravadas por el empleo de arma y da\u00f1o\u201d.<\/p>\n<p>Despachante de aduana, el padre de familia se dedica a la gesti\u00f3n en comercio exterior. En su perfil profesional de LinkedIn indica que estudi\u00f3 en la Universidad de la Marina Mercante y que trabaja de manera independiente.<\/p>\n<p>En las redes sociales muestra una vida familiar activa: fotos con su esposa -quien en el video del ataque se la ve desesperada increpando a los agresores-, con sus hijos, salidas y postales junto a sus perros. Fue uno de sus hijos quien lo asisti\u00f3 inmediatamente despu\u00e9s del golpe en manos de <b>Oscar Ricardo Maciel<\/b>. <\/p>\n<p><img loading=\"lazy\" decoding=\"async\" src=\"https:\/\/lobosnews.com.ar\/wp-content\/uploads\/2026\/02\/quien-es-el-hombre-que-fue-atacado-con-un-fierro-en-la-cabeza-en-la-discusion-de-transito-de-castelar.jpg\" alt=\"La v\u00edctima tiene 63 a\u00f1os. \" height=\"1893\" width=\"1920\"\/><\/p>\n<p>Seg\u00fan pudo saber este medio, la familia desarrolla su actividad en el rubro del comercio exterior a trav\u00e9s de un estudio ubicado en Parque Leloir, en Ituzaing\u00f3.<\/p>\n<p>\u201cSomos <b>Vargas Estudio COMEX<\/b>, l\u00edderes en comercio internacional. Contamos con un equipo sumamente capacitado y especializado en importaci\u00f3n, exportaci\u00f3n y log\u00edstica. Brindamos soluciones integrales para optimizar tus operaciones internacionales\u00bb, indica la presentaci\u00f3n del sitio web. <\/p>\n<h2>El caso<\/h2>\n<p>Todo se produjo en la colectora del Acceso Oeste, a la altura de la calle Juan Manuel de Rosas, en la localidad de Castelar, partido de <b>Mor\u00f3n<\/b>, donde dos ocupantes de una camioneta Fiat Fiorino descendieron del veh\u00edculo y comenzaron a increpar a Vargas, quien conduc\u00eda una camioneta Ford Ranger. <\/p>\n<p><b>El motivo, al parecer, fue un roce entre los dos veh\u00edculos<\/b>.<\/p>\n<p>De acuerdo con los videos de la secuencia completa a los que accedi\u00f3 Infobae, durante el altercado, la v\u00edctima exhibi\u00f3 un <b>rifle de aire comprimido <\/b>y amenaz\u00f3 a los agresores.<\/p>\n<p>En respuesta, los dos hombres lo atacaron f\u00edsicamente, propin\u00e1ndole golpes y patadas, hasta que uno de ellos lo golpe\u00f3 con la <b>llave de cubo tipo \u201cL\u201d<\/b>.<\/p>\n<p>Uno de los videos filmados por un vecino muestra c\u00f3mo uno de los agresores utiliz\u00f3 el elemento met\u00e1lico<b> <\/b>como elemento de agresi\u00f3n, mientras varias personas interven\u00edan para separar a los involucrados.<\/p>\n<p>En otras de las escenas, filmadas desde el interior de un auto que pasaba al momento del hecho, se ve c\u00f3mo la v\u00edctima saca el rifle en medio de la discusi\u00f3n hasta que fue golpeado en la cabeza. <b>En el medio, se observa a una mujer romper en llanto mientras pide la asistencia de una ambulancia<\/b>.<\/p>\n<p>En otros videos, a los que tambi\u00e9n tuvo acceso este medio, se ve c\u00f3mo despu\u00e9s de que la v\u00edctima cay\u00f3 inconsciente al piso, un grupo de vecinos arremeti\u00f3 contra uno de los agresores y lo golpe\u00f3 varias veces mientras que estaba sobre el asfalto.<\/p>\n<p>La v\u00edctima fue asistida por personal del <b>Sistema de Atenci\u00f3n M\u00e9dica de Emergencia (SAME) <\/b>y trasladada al Hospital San Juan de Dios de <b>Ramos Mej\u00eda<\/b>, donde permanece en terapia intensiva.<\/p>\n<p>Los agresores, ambos empleados de la empresa <b>Motic <\/b>de Villa Martelli, llevaban uniformes identificatorios al momento de la pelea. Fueron detenidos por orden de la <b>UFI N\u00ba5 de Mor\u00f3n, a cargo del fiscal Claudio Oviedo<\/b>.<\/p>\n<p>Seg\u00fan indicaron fuentes de la causa a Infobae, <b>ambos fueron imputados inicialmente por el delito de lesiones graves<\/b>. La calificaci\u00f3n final qued\u00f3 sujeta a la evoluci\u00f3n del paciente. As\u00ed, este martes fuentes oficiales dijeron a<b> Infobae <\/b>que la jueza de garant\u00eda del caso, <b>Laura Pinto<\/b>, aval\u00f3 el pedido de detenci\u00f3n del fiscal para el acusado imputado por la<span class=\"waslinkname\"> <b>tentativa de homicidio<\/b><\/span>, identificado como <b>Oscar Ricardo Maciel<\/b>.<\/p>\n<p>\u201cSe neg\u00f3 a declarar y, en principio, va a quedar alojado en una comisar\u00eda y despu\u00e9s ser\u00e1 trasladado a un penal, cuando salga la prisi\u00f3n preventiva\u201d, ampliaron.<\/p>\n<p>En tanto, las fuentes del caso consultadas por este medio explicaron que <b>Ceferino Maciel<\/b>, el hermano del detenido por el intento de homicidio, qued\u00f3 imputado por el fiscal Oviedo por <b>amenazas agravadas por empleo de arma y da\u00f1o<\/b>.<\/p>\n","protected":false},"excerpt":{"rendered":"<p>En medio de una ola de violencia urbana que comenz\u00f3 con un alba\u00f1il asesinado a golpes tras un choque en Berazategui, un hombre fue atacado con un fierro en la cabeza durante una discusi\u00f3n de tr\u00e1nsito en Castelar. Como consecuencia sufri\u00f3 un hundimiento de cr\u00e1neo. Alejandro Dar\u00edo Vargas, de 63 a\u00f1os, fue la v\u00edctima del&#8230;<\/p>\n","protected":false},"author":1,"featured_media":25819,"comment_status":"open","ping_status":"closed","sticky":false,"template":"","format":"standard","meta":{"_jetpack_memberships_contains_paid_content":false,"footnotes":""},"categories":[31,30,32,77,84,35,36,37],"tags":[],"class_list":["post-25816","post","type-post","status-publish","format-standard","has-post-thumbnail","hentry","category-actualidad","category-argentina","category-economia","category-inseguridad","category-masradios-com","category-nacionales","category-seguridad","category-sociedad"],"magazineBlocksPostFeaturedMedia":{"thumbnail":"https:\/\/lobosnews.com.ar\/wp-content\/uploads\/2026\/02\/quien-es-el-hombre-que-fue-atacado-con-un-fierro-en-la-cabeza-en-la-discusion-de-transito-de-castelar-150x150.jpg","medium":"https:\/\/lobosnews.com.ar\/wp-content\/uploads\/2026\/02\/quien-es-el-hombre-que-fue-atacado-con-un-fierro-en-la-cabeza-en-la-discusion-de-transito-de-castelar-300x296.jpg","medium_large":"https:\/\/lobosnews.com.ar\/wp-content\/uploads\/2026\/02\/quien-es-el-hombre-que-fue-atacado-con-un-fierro-en-la-cabeza-en-la-discusion-de-transito-de-castelar-768x757.jpg","large":"https:\/\/lobosnews.com.ar\/wp-content\/uploads\/2026\/02\/quien-es-el-hombre-que-fue-atacado-con-un-fierro-en-la-cabeza-en-la-discusion-de-transito-de-castelar-1024x1010.jpg","1536x1536":"https:\/\/lobosnews.com.ar\/wp-content\/uploads\/2026\/02\/quien-es-el-hombre-que-fue-atacado-con-un-fierro-en-la-cabeza-en-la-discusion-de-transito-de-castelar-1536x1514.jpg","2048x2048":"https:\/\/lobosnews.com.ar\/wp-content\/uploads\/2026\/02\/quien-es-el-hombre-que-fue-atacado-con-un-fierro-en-la-cabeza-en-la-discusion-de-transito-de-castelar.jpg","newsmatic-featured":"https:\/\/lobosnews.com.ar\/wp-content\/uploads\/2026\/02\/quien-es-el-hombre-que-fue-atacado-con-un-fierro-en-la-cabeza-en-la-discusion-de-transito-de-castelar-820x545.jpg","newsmatic-list":"https:\/\/lobosnews.com.ar\/wp-content\/uploads\/2026\/02\/quien-es-el-hombre-que-fue-atacado-con-un-fierro-en-la-cabeza-en-la-discusion-de-transito-de-castelar-600x400.jpg","newsmatic-thumb":"https:\/\/lobosnews.com.ar\/wp-content\/uploads\/2026\/02\/quien-es-el-hombre-que-fue-atacado-con-un-fierro-en-la-cabeza-en-la-discusion-de-transito-de-castelar-300x200.jpg","newsmatic-small":"https:\/\/lobosnews.com.ar\/wp-content\/uploads\/2026\/02\/quien-es-el-hombre-que-fue-atacado-con-un-fierro-en-la-cabeza-en-la-discusion-de-transito-de-castelar-150x95.jpg","newsmatic-grid":"https:\/\/lobosnews.com.ar\/wp-content\/uploads\/2026\/02\/quien-es-el-hombre-que-fue-atacado-con-un-fierro-en-la-cabeza-en-la-discusion-de-transito-de-castelar-400x250.jpg"},"magazineBlocksPostAuthor":{"name":"admin","avatar":"https:\/\/secure.gravatar.com\/avatar\/76e419471a2083bc3ceab22a763dbbf9b0c1bd15a6214cf3280e2c2dde4580f9?s=96&d=mm&r=g"},"magazineBlocksPostCommentsNumber":"0","magazineBlocksPostExcerpt":"En medio de una ola de violencia urbana que comenz\u00f3 con un alba\u00f1il asesinado a golpes tras un choque en Berazategui, un hombre fue atacado con un fierro en la cabeza durante una discusi\u00f3n de tr\u00e1nsito en Castelar. Como consecuencia sufri\u00f3 un hundimiento de cr\u00e1neo. Alejandro Dar\u00edo Vargas, de 63 a\u00f1os, fue la v\u00edctima del...","magazineBlocksPostCategories":["Actualidad","Argentina","econom\u00eda","inseguridad","masradios.com","nacionales","seguridad","sociedad"],"magazineBlocksPostViewCount":133,"magazineBlocksPostReadTime":4,"magazine_blocks_featured_image_url":{"full":["https:\/\/lobosnews.com.ar\/wp-content\/uploads\/2026\/02\/quien-es-el-hombre-que-fue-atacado-con-un-fierro-en-la-cabeza-en-la-discusion-de-transito-de-castelar.jpg",1920,1893,false],"medium":["https:\/\/lobosnews.com.ar\/wp-content\/uploads\/2026\/02\/quien-es-el-hombre-que-fue-atacado-con-un-fierro-en-la-cabeza-en-la-discusion-de-transito-de-castelar-300x296.jpg",300,296,true],"thumbnail":["https:\/\/lobosnews.com.ar\/wp-content\/uploads\/2026\/02\/quien-es-el-hombre-que-fue-atacado-con-un-fierro-en-la-cabeza-en-la-discusion-de-transito-de-castelar-150x150.jpg",150,150,true]},"magazine_blocks_author":{"display_name":"admin","author_link":"https:\/\/lobosnews.com.ar\/index.php\/author\/lobos-news\/"},"magazine_blocks_comment":0,"magazine_blocks_author_image":"https:\/\/secure.gravatar.com\/avatar\/76e419471a2083bc3ceab22a763dbbf9b0c1bd15a6214cf3280e2c2dde4580f9?s=96&d=mm&r=g","magazine_blocks_category":"<a href=\"#\" class=\"category-link category-link-31\">Actualidad<\/a> <a href=\"#\" class=\"category-link category-link-30\">Argentina<\/a> <a href=\"#\" class=\"category-link category-link-32\">econom\u00eda<\/a> <a href=\"#\" class=\"category-link category-link-77\">inseguridad<\/a> <a href=\"#\" class=\"category-link category-link-84\">masradios.com<\/a> <a href=\"#\" class=\"category-link category-link-35\">nacionales<\/a> <a href=\"#\" class=\"category-link category-link-36\">seguridad<\/a> <a href=\"#\" class=\"category-link category-link-37\">sociedad<\/a>","yoast_head":"<!-- This site is optimized with the Yoast SEO plugin v26.6 - https:\/\/yoast.com\/wordpress\/plugins\/seo\/ -->\n<title>Qui\u00e9n es el hombre que fue atacado con un fierro en la cabeza en la discusi\u00f3n de tr\u00e1nsito de Castelar - Lobos News<\/title>\n<meta name=\"robots\" content=\"index, follow, max-snippet:-1, max-image-preview:large, max-video-preview:-1\" \/>\n<link rel=\"canonical\" href=\"https:\/\/lobosnews.com.ar\/index.php\/2026\/02\/25\/quien-es-el-hombre-que-fue-atacado-con-un-fierro-en-la-cabeza-en-la-discusion-de-transito-de-castelar\/\" \/>\n<meta property=\"og:locale\" content=\"es_ES\" \/>\n<meta property=\"og:type\" content=\"article\" \/>\n<meta property=\"og:title\" content=\"Qui\u00e9n es el hombre que fue atacado con un fierro en la cabeza en la discusi\u00f3n de tr\u00e1nsito de Castelar - Lobos News\" \/>\n<meta property=\"og:description\" content=\"En medio de una ola de violencia urbana que comenz\u00f3 con un alba\u00f1il asesinado a golpes tras un choque en Berazategui, un hombre fue atacado con un fierro en la cabeza durante una discusi\u00f3n de tr\u00e1nsito en Castelar. Como consecuencia sufri\u00f3 un hundimiento de cr\u00e1neo. Alejandro Dar\u00edo Vargas, de 63 a\u00f1os, fue la v\u00edctima del...\" \/>\n<meta property=\"og:url\" content=\"https:\/\/lobosnews.com.ar\/index.php\/2026\/02\/25\/quien-es-el-hombre-que-fue-atacado-con-un-fierro-en-la-cabeza-en-la-discusion-de-transito-de-castelar\/\" \/>\n<meta property=\"og:site_name\" content=\"Lobos News\" \/>\n<meta property=\"article:published_time\" content=\"2026-02-25T15:27:13+00:00\" \/>\n<meta property=\"article:modified_time\" content=\"2026-02-25T17:06:58+00:00\" \/>\n<meta property=\"og:image\" content=\"https:\/\/lobosnews.com.ar\/wp-content\/uploads\/2026\/02\/quien-es-el-hombre-que-fue-atacado-con-un-fierro-en-la-cabeza-en-la-discusion-de-transito-de-castelar.jpg\" \/>\n<meta name=\"author\" content=\"admin\" \/>\n<meta name=\"twitter:card\" content=\"summary_large_image\" \/>\n<meta name=\"twitter:label1\" content=\"Escrito por\" \/>\n\t<meta name=\"twitter:data1\" content=\"admin\" \/>\n\t<meta name=\"twitter:label2\" content=\"Tiempo de lectura\" \/>\n\t<meta name=\"twitter:data2\" content=\"4 minutos\" \/>\n<script type=\"application\/ld+json\" class=\"yoast-schema-graph\">{\"@context\":\"https:\/\/schema.org\",\"@graph\":[{\"@type\":\"Article\",\"@id\":\"https:\/\/lobosnews.com.ar\/index.php\/2026\/02\/25\/quien-es-el-hombre-que-fue-atacado-con-un-fierro-en-la-cabeza-en-la-discusion-de-transito-de-castelar\/#article\",\"isPartOf\":{\"@id\":\"https:\/\/lobosnews.com.ar\/index.php\/2026\/02\/25\/quien-es-el-hombre-que-fue-atacado-con-un-fierro-en-la-cabeza-en-la-discusion-de-transito-de-castelar\/\"},\"author\":{\"name\":\"admin\",\"@id\":\"https:\/\/lobosnews.com.ar\/#\/schema\/person\/232422a593d5c541dd9aef6aaed10943\"},\"headline\":\"Qui\u00e9n es el hombre que fue atacado con un fierro en la cabeza en la discusi\u00f3n de tr\u00e1nsito de Castelar\",\"datePublished\":\"2026-02-25T15:27:13+00:00\",\"dateModified\":\"2026-02-25T17:06:58+00:00\",\"mainEntityOfPage\":{\"@id\":\"https:\/\/lobosnews.com.ar\/index.php\/2026\/02\/25\/quien-es-el-hombre-que-fue-atacado-con-un-fierro-en-la-cabeza-en-la-discusion-de-transito-de-castelar\/\"},\"wordCount\":766,\"commentCount\":0,\"publisher\":{\"@id\":\"https:\/\/lobosnews.com.ar\/#organization\"},\"image\":{\"@id\":\"https:\/\/lobosnews.com.ar\/index.php\/2026\/02\/25\/quien-es-el-hombre-que-fue-atacado-con-un-fierro-en-la-cabeza-en-la-discusion-de-transito-de-castelar\/#primaryimage\"},\"thumbnailUrl\":\"https:\/\/lobosnews.com.ar\/wp-content\/uploads\/2026\/02\/quien-es-el-hombre-que-fue-atacado-con-un-fierro-en-la-cabeza-en-la-discusion-de-transito-de-castelar.jpg\",\"articleSection\":[\"Actualidad\",\"Argentina\",\"econom\u00eda\",\"inseguridad\",\"masradios.com\",\"nacionales\",\"seguridad\",\"sociedad\"],\"inLanguage\":\"es\",\"potentialAction\":[{\"@type\":\"CommentAction\",\"name\":\"Comment\",\"target\":[\"https:\/\/lobosnews.com.ar\/index.php\/2026\/02\/25\/quien-es-el-hombre-que-fue-atacado-con-un-fierro-en-la-cabeza-en-la-discusion-de-transito-de-castelar\/#respond\"]}]},{\"@type\":\"WebPage\",\"@id\":\"https:\/\/lobosnews.com.ar\/index.php\/2026\/02\/25\/quien-es-el-hombre-que-fue-atacado-con-un-fierro-en-la-cabeza-en-la-discusion-de-transito-de-castelar\/\",\"url\":\"https:\/\/lobosnews.com.ar\/index.php\/2026\/02\/25\/quien-es-el-hombre-que-fue-atacado-con-un-fierro-en-la-cabeza-en-la-discusion-de-transito-de-castelar\/\",\"name\":\"Qui\u00e9n es el hombre que fue atacado con un fierro en la cabeza en la discusi\u00f3n de tr\u00e1nsito de Castelar - Lobos News\",\"isPartOf\":{\"@id\":\"https:\/\/lobosnews.com.ar\/#website\"},\"primaryImageOfPage\":{\"@id\":\"https:\/\/lobosnews.com.ar\/index.php\/2026\/02\/25\/quien-es-el-hombre-que-fue-atacado-con-un-fierro-en-la-cabeza-en-la-discusion-de-transito-de-castelar\/#primaryimage\"},\"image\":{\"@id\":\"https:\/\/lobosnews.com.ar\/index.php\/2026\/02\/25\/quien-es-el-hombre-que-fue-atacado-con-un-fierro-en-la-cabeza-en-la-discusion-de-transito-de-castelar\/#primaryimage\"},\"thumbnailUrl\":\"https:\/\/lobosnews.com.ar\/wp-content\/uploads\/2026\/02\/quien-es-el-hombre-que-fue-atacado-con-un-fierro-en-la-cabeza-en-la-discusion-de-transito-de-castelar.jpg\",\"datePublished\":\"2026-02-25T15:27:13+00:00\",\"dateModified\":\"2026-02-25T17:06:58+00:00\",\"breadcrumb\":{\"@id\":\"https:\/\/lobosnews.com.ar\/index.php\/2026\/02\/25\/quien-es-el-hombre-que-fue-atacado-con-un-fierro-en-la-cabeza-en-la-discusion-de-transito-de-castelar\/#breadcrumb\"},\"inLanguage\":\"es\",\"potentialAction\":[{\"@type\":\"ReadAction\",\"target\":[\"https:\/\/lobosnews.com.ar\/index.php\/2026\/02\/25\/quien-es-el-hombre-que-fue-atacado-con-un-fierro-en-la-cabeza-en-la-discusion-de-transito-de-castelar\/\"]}]},{\"@type\":\"ImageObject\",\"inLanguage\":\"es\",\"@id\":\"https:\/\/lobosnews.com.ar\/index.php\/2026\/02\/25\/quien-es-el-hombre-que-fue-atacado-con-un-fierro-en-la-cabeza-en-la-discusion-de-transito-de-castelar\/#primaryimage\",\"url\":\"https:\/\/lobosnews.com.ar\/wp-content\/uploads\/2026\/02\/quien-es-el-hombre-que-fue-atacado-con-un-fierro-en-la-cabeza-en-la-discusion-de-transito-de-castelar.jpg\",\"contentUrl\":\"https:\/\/lobosnews.com.ar\/wp-content\/uploads\/2026\/02\/quien-es-el-hombre-que-fue-atacado-con-un-fierro-en-la-cabeza-en-la-discusion-de-transito-de-castelar.jpg\",\"width\":1920,\"height\":1893,\"caption\":\"Qui\u00e9n es el hombre que fue atacado con un fierro en la cabeza en la discusi\u00f3n de tr\u00e1nsito de Castelar\"},{\"@type\":\"BreadcrumbList\",\"@id\":\"https:\/\/lobosnews.com.ar\/index.php\/2026\/02\/25\/quien-es-el-hombre-que-fue-atacado-con-un-fierro-en-la-cabeza-en-la-discusion-de-transito-de-castelar\/#breadcrumb\",\"itemListElement\":[{\"@type\":\"ListItem\",\"position\":1,\"name\":\"Portada\",\"item\":\"https:\/\/lobosnews.com.ar\/\"},{\"@type\":\"ListItem\",\"position\":2,\"name\":\"Qui\u00e9n es el hombre que fue atacado con un fierro en la cabeza en la discusi\u00f3n de tr\u00e1nsito de Castelar\"}]},{\"@type\":\"WebSite\",\"@id\":\"https:\/\/lobosnews.com.ar\/#website\",\"url\":\"https:\/\/lobosnews.com.ar\/\",\"name\":\"Lobos News\",\"description\":\"Informaci\u00f3n a cada instante\",\"publisher\":{\"@id\":\"https:\/\/lobosnews.com.ar\/#organization\"},\"potentialAction\":[{\"@type\":\"SearchAction\",\"target\":{\"@type\":\"EntryPoint\",\"urlTemplate\":\"https:\/\/lobosnews.com.ar\/?s={search_term_string}\"},\"query-input\":{\"@type\":\"PropertyValueSpecification\",\"valueRequired\":true,\"valueName\":\"search_term_string\"}}],\"inLanguage\":\"es\"},{\"@type\":\"Organization\",\"@id\":\"https:\/\/lobosnews.com.ar\/#organization\",\"name\":\"Lobos News\",\"url\":\"https:\/\/lobosnews.com.ar\/\",\"logo\":{\"@type\":\"ImageObject\",\"inLanguage\":\"es\",\"@id\":\"https:\/\/lobosnews.com.ar\/#\/schema\/logo\/image\/\",\"url\":\"https:\/\/lobosnews.com.ar\/wp-content\/uploads\/2026\/01\/logo-lobosnews.png\",\"contentUrl\":\"https:\/\/lobosnews.com.ar\/wp-content\/uploads\/2026\/01\/logo-lobosnews.png\",\"width\":500,\"height\":200,\"caption\":\"Lobos News\"},\"image\":{\"@id\":\"https:\/\/lobosnews.com.ar\/#\/schema\/logo\/image\/\"}},{\"@type\":\"Person\",\"@id\":\"https:\/\/lobosnews.com.ar\/#\/schema\/person\/232422a593d5c541dd9aef6aaed10943\",\"name\":\"admin\",\"image\":{\"@type\":\"ImageObject\",\"inLanguage\":\"es\",\"@id\":\"https:\/\/lobosnews.com.ar\/#\/schema\/person\/image\/\",\"url\":\"https:\/\/secure.gravatar.com\/avatar\/76e419471a2083bc3ceab22a763dbbf9b0c1bd15a6214cf3280e2c2dde4580f9?s=96&d=mm&r=g\",\"contentUrl\":\"https:\/\/secure.gravatar.com\/avatar\/76e419471a2083bc3ceab22a763dbbf9b0c1bd15a6214cf3280e2c2dde4580f9?s=96&d=mm&r=g\",\"caption\":\"admin\"},\"sameAs\":[\"https:\/\/lobosnews.com.ar\"],\"url\":\"https:\/\/lobosnews.com.ar\/index.php\/author\/lobos-news\/\"}]}<\/script>\n<!-- \/ Yoast SEO plugin. -->","yoast_head_json":{"title":"Qui\u00e9n es el hombre que fue atacado con un fierro en la cabeza en la discusi\u00f3n de tr\u00e1nsito de Castelar - Lobos News","robots":{"index":"index","follow":"follow","max-snippet":"max-snippet:-1","max-image-preview":"max-image-preview:large","max-video-preview":"max-video-preview:-1"},"canonical":"https:\/\/lobosnews.com.ar\/index.php\/2026\/02\/25\/quien-es-el-hombre-que-fue-atacado-con-un-fierro-en-la-cabeza-en-la-discusion-de-transito-de-castelar\/","og_locale":"es_ES","og_type":"article","og_title":"Qui\u00e9n es el hombre que fue atacado con un fierro en la cabeza en la discusi\u00f3n de tr\u00e1nsito de Castelar - Lobos News","og_description":"En medio de una ola de violencia urbana que comenz\u00f3 con un alba\u00f1il asesinado a golpes tras un choque en Berazategui, un hombre fue atacado con un fierro en la cabeza durante una discusi\u00f3n de tr\u00e1nsito en Castelar. Como consecuencia sufri\u00f3 un hundimiento de cr\u00e1neo. Alejandro Dar\u00edo Vargas, de 63 a\u00f1os, fue la v\u00edctima del...","og_url":"https:\/\/lobosnews.com.ar\/index.php\/2026\/02\/25\/quien-es-el-hombre-que-fue-atacado-con-un-fierro-en-la-cabeza-en-la-discusion-de-transito-de-castelar\/","og_site_name":"Lobos News","article_published_time":"2026-02-25T15:27:13+00:00","article_modified_time":"2026-02-25T17:06:58+00:00","og_image":[{"url":"https:\/\/lobosnews.com.ar\/wp-content\/uploads\/2026\/02\/quien-es-el-hombre-que-fue-atacado-con-un-fierro-en-la-cabeza-en-la-discusion-de-transito-de-castelar.jpg","type":"","width":"","height":""}],"author":"admin","twitter_card":"summary_large_image","twitter_misc":{"Escrito por":"admin","Tiempo de lectura":"4 minutos"},"schema":{"@context":"https:\/\/schema.org","@graph":[{"@type":"Article","@id":"https:\/\/lobosnews.com.ar\/index.php\/2026\/02\/25\/quien-es-el-hombre-que-fue-atacado-con-un-fierro-en-la-cabeza-en-la-discusion-de-transito-de-castelar\/#article","isPartOf":{"@id":"https:\/\/lobosnews.com.ar\/index.php\/2026\/02\/25\/quien-es-el-hombre-que-fue-atacado-con-un-fierro-en-la-cabeza-en-la-discusion-de-transito-de-castelar\/"},"author":{"name":"admin","@id":"https:\/\/lobosnews.com.ar\/#\/schema\/person\/232422a593d5c541dd9aef6aaed10943"},"headline":"Qui\u00e9n es el hombre que fue atacado con un fierro en la cabeza en la discusi\u00f3n de tr\u00e1nsito de Castelar","datePublished":"2026-02-25T15:27:13+00:00","dateModified":"2026-02-25T17:06:58+00:00","mainEntityOfPage":{"@id":"https:\/\/lobosnews.com.ar\/index.php\/2026\/02\/25\/quien-es-el-hombre-que-fue-atacado-con-un-fierro-en-la-cabeza-en-la-discusion-de-transito-de-castelar\/"},"wordCount":766,"commentCount":0,"publisher":{"@id":"https:\/\/lobosnews.com.ar\/#organization"},"image":{"@id":"https:\/\/lobosnews.com.ar\/index.php\/2026\/02\/25\/quien-es-el-hombre-que-fue-atacado-con-un-fierro-en-la-cabeza-en-la-discusion-de-transito-de-castelar\/#primaryimage"},"thumbnailUrl":"https:\/\/lobosnews.com.ar\/wp-content\/uploads\/2026\/02\/quien-es-el-hombre-que-fue-atacado-con-un-fierro-en-la-cabeza-en-la-discusion-de-transito-de-castelar.jpg","articleSection":["Actualidad","Argentina","econom\u00eda","inseguridad","masradios.com","nacionales","seguridad","sociedad"],"inLanguage":"es","potentialAction":[{"@type":"CommentAction","name":"Comment","target":["https:\/\/lobosnews.com.ar\/index.php\/2026\/02\/25\/quien-es-el-hombre-que-fue-atacado-con-un-fierro-en-la-cabeza-en-la-discusion-de-transito-de-castelar\/#respond"]}]},{"@type":"WebPage","@id":"https:\/\/lobosnews.com.ar\/index.php\/2026\/02\/25\/quien-es-el-hombre-que-fue-atacado-con-un-fierro-en-la-cabeza-en-la-discusion-de-transito-de-castelar\/","url":"https:\/\/lobosnews.com.ar\/index.php\/2026\/02\/25\/quien-es-el-hombre-que-fue-atacado-con-un-fierro-en-la-cabeza-en-la-discusion-de-transito-de-castelar\/","name":"Qui\u00e9n es el hombre que fue atacado con un fierro en la cabeza en la discusi\u00f3n de tr\u00e1nsito de Castelar - Lobos News","isPartOf":{"@id":"https:\/\/lobosnews.com.ar\/#website"},"primaryImageOfPage":{"@id":"https:\/\/lobosnews.com.ar\/index.php\/2026\/02\/25\/quien-es-el-hombre-que-fue-atacado-con-un-fierro-en-la-cabeza-en-la-discusion-de-transito-de-castelar\/#primaryimage"},"image":{"@id":"https:\/\/lobosnews.com.ar\/index.php\/2026\/02\/25\/quien-es-el-hombre-que-fue-atacado-con-un-fierro-en-la-cabeza-en-la-discusion-de-transito-de-castelar\/#primaryimage"},"thumbnailUrl":"https:\/\/lobosnews.com.ar\/wp-content\/uploads\/2026\/02\/quien-es-el-hombre-que-fue-atacado-con-un-fierro-en-la-cabeza-en-la-discusion-de-transito-de-castelar.jpg","datePublished":"2026-02-25T15:27:13+00:00","dateModified":"2026-02-25T17:06:58+00:00","breadcrumb":{"@id":"https:\/\/lobosnews.com.ar\/index.php\/2026\/02\/25\/quien-es-el-hombre-que-fue-atacado-con-un-fierro-en-la-cabeza-en-la-discusion-de-transito-de-castelar\/#breadcrumb"},"inLanguage":"es","potentialAction":[{"@type":"ReadAction","target":["https:\/\/lobosnews.com.ar\/index.php\/2026\/02\/25\/quien-es-el-hombre-que-fue-atacado-con-un-fierro-en-la-cabeza-en-la-discusion-de-transito-de-castelar\/"]}]},{"@type":"ImageObject","inLanguage":"es","@id":"https:\/\/lobosnews.com.ar\/index.php\/2026\/02\/25\/quien-es-el-hombre-que-fue-atacado-con-un-fierro-en-la-cabeza-en-la-discusion-de-transito-de-castelar\/#primaryimage","url":"https:\/\/lobosnews.com.ar\/wp-content\/uploads\/2026\/02\/quien-es-el-hombre-que-fue-atacado-con-un-fierro-en-la-cabeza-en-la-discusion-de-transito-de-castelar.jpg","contentUrl":"https:\/\/lobosnews.com.ar\/wp-content\/uploads\/2026\/02\/quien-es-el-hombre-que-fue-atacado-con-un-fierro-en-la-cabeza-en-la-discusion-de-transito-de-castelar.jpg","width":1920,"height":1893,"caption":"Qui\u00e9n es el hombre que fue atacado con un fierro en la cabeza en la discusi\u00f3n de tr\u00e1nsito de Castelar"},{"@type":"BreadcrumbList","@id":"https:\/\/lobosnews.com.ar\/index.php\/2026\/02\/25\/quien-es-el-hombre-que-fue-atacado-con-un-fierro-en-la-cabeza-en-la-discusion-de-transito-de-castelar\/#breadcrumb","itemListElement":[{"@type":"ListItem","position":1,"name":"Portada","item":"https:\/\/lobosnews.com.ar\/"},{"@type":"ListItem","position":2,"name":"Qui\u00e9n es el hombre que fue atacado con un fierro en la cabeza en la discusi\u00f3n de tr\u00e1nsito de Castelar"}]},{"@type":"WebSite","@id":"https:\/\/lobosnews.com.ar\/#website","url":"https:\/\/lobosnews.com.ar\/","name":"Lobos News","description":"Informaci\u00f3n a cada instante","publisher":{"@id":"https:\/\/lobosnews.com.ar\/#organization"},"potentialAction":[{"@type":"SearchAction","target":{"@type":"EntryPoint","urlTemplate":"https:\/\/lobosnews.com.ar\/?s={search_term_string}"},"query-input":{"@type":"PropertyValueSpecification","valueRequired":true,"valueName":"search_term_string"}}],"inLanguage":"es"},{"@type":"Organization","@id":"https:\/\/lobosnews.com.ar\/#organization","name":"Lobos News","url":"https:\/\/lobosnews.com.ar\/","logo":{"@type":"ImageObject","inLanguage":"es","@id":"https:\/\/lobosnews.com.ar\/#\/schema\/logo\/image\/","url":"https:\/\/lobosnews.com.ar\/wp-content\/uploads\/2026\/01\/logo-lobosnews.png","contentUrl":"https:\/\/lobosnews.com.ar\/wp-content\/uploads\/2026\/01\/logo-lobosnews.png","width":500,"height":200,"caption":"Lobos News"},"image":{"@id":"https:\/\/lobosnews.com.ar\/#\/schema\/logo\/image\/"}},{"@type":"Person","@id":"https:\/\/lobosnews.com.ar\/#\/schema\/person\/232422a593d5c541dd9aef6aaed10943","name":"admin","image":{"@type":"ImageObject","inLanguage":"es","@id":"https:\/\/lobosnews.com.ar\/#\/schema\/person\/image\/","url":"https:\/\/secure.gravatar.com\/avatar\/76e419471a2083bc3ceab22a763dbbf9b0c1bd15a6214cf3280e2c2dde4580f9?s=96&d=mm&r=g","contentUrl":"https:\/\/secure.gravatar.com\/avatar\/76e419471a2083bc3ceab22a763dbbf9b0c1bd15a6214cf3280e2c2dde4580f9?s=96&d=mm&r=g","caption":"admin"},"sameAs":["https:\/\/lobosnews.com.ar"],"url":"https:\/\/lobosnews.com.ar\/index.php\/author\/lobos-news\/"}]}},"jetpack_featured_media_url":"https:\/\/lobosnews.com.ar\/wp-content\/uploads\/2026\/02\/quien-es-el-hombre-que-fue-atacado-con-un-fierro-en-la-cabeza-en-la-discusion-de-transito-de-castelar.jpg","jetpack_sharing_enabled":true,"_links":{"self":[{"href":"https:\/\/lobosnews.com.ar\/index.php\/wp-json\/wp\/v2\/posts\/25816","targetHints":{"allow":["GET"]}}],"collection":[{"href":"https:\/\/lobosnews.com.ar\/index.php\/wp-json\/wp\/v2\/posts"}],"about":[{"href":"https:\/\/lobosnews.com.ar\/index.php\/wp-json\/wp\/v2\/types\/post"}],"author":[{"embeddable":true,"href":"https:\/\/lobosnews.com.ar\/index.php\/wp-json\/wp\/v2\/users\/1"}],"replies":[{"embeddable":true,"href":"https:\/\/lobosnews.com.ar\/index.php\/wp-json\/wp\/v2\/comments?post=25816"}],"version-history":[{"count":1,"href":"https:\/\/lobosnews.com.ar\/index.php\/wp-json\/wp\/v2\/posts\/25816\/revisions"}],"predecessor-version":[{"id":25818,"href":"https:\/\/lobosnews.com.ar\/index.php\/wp-json\/wp\/v2\/posts\/25816\/revisions\/25818"}],"wp:featuredmedia":[{"embeddable":true,"href":"https:\/\/lobosnews.com.ar\/index.php\/wp-json\/wp\/v2\/media\/25819"}],"wp:attachment":[{"href":"https:\/\/lobosnews.com.ar\/index.php\/wp-json\/wp\/v2\/media?parent=25816"}],"wp:term":[{"taxonomy":"category","embeddable":true,"href":"https:\/\/lobosnews.com.ar\/index.php\/wp-json\/wp\/v2\/categories?post=25816"},{"taxonomy":"post_tag","embeddable":true,"href":"https:\/\/lobosnews.com.ar\/index.php\/wp-json\/wp\/v2\/tags?post=25816"}],"curies":[{"name":"wp","href":"https:\/\/api.w.org\/{rel}","templated":true}]}}