{"id":25761,"date":"2026-02-25T02:20:20","date_gmt":"2026-02-25T02:20:20","guid":{"rendered":"https:\/\/lobosnews.com.ar\/index.php\/2026\/02\/25\/christian-nodal-exploto-contra-cazzu-despues-de-su-descargo-la-maternidad-no-deberia-usarse-como-escudo\/"},"modified":"2026-02-25T13:56:29","modified_gmt":"2026-02-25T13:56:29","slug":"christian-nodal-exploto-contra-cazzu-despues-de-su-descargo-la-maternidad-no-deberia-usarse-como-escudo","status":"publish","type":"post","link":"https:\/\/lobosnews.com.ar\/index.php\/2026\/02\/25\/christian-nodal-exploto-contra-cazzu-despues-de-su-descargo-la-maternidad-no-deberia-usarse-como-escudo\/","title":{"rendered":"Christian Nodal explot\u00f3 contra Cazzu despu\u00e9s de su descargo: \u201cLa maternidad no deber\u00eda usarse como escudo\u201d"},"content":{"rendered":"<p><img loading=\"lazy\" decoding=\"async\" src=\"https:\/\/lobosnews.com.ar\/wp-content\/uploads\/2026\/02\/christian-nodal-exploto-contra-cazzu-despues-de-su-descargo-la-maternidad-no-deberia-usarse-como-escudo.jpg\" alt=\"Christian Nodal respondi\u00f3 en Instagram a la controversia generada por la canci\u00f3n 'Rosita', defendiendo la menci\u00f3n a su nombre como parte del g\u00e9nero urbano\" height=\"1080\" width=\"1920\"\/><\/p>\n<p>Cuando parec\u00eda que la tensi\u00f3n entre <span class=\"waslinkname\"><b>Cazzu<\/b><\/span><b> <\/b>y parte de la escena urbana ya hab\u00eda alcanzado su punto m\u00e1ximo con el texto <b>\u201cTiradera\u201d <\/b>y los apoyos p\u00fablicos de <b>Lali<\/b>, <b>Nicki Nicole<\/b> y <b>Bizarrap<\/b>, un nuevo protagonista decidi\u00f3 intervenir de manera directa: <span class=\"waslinkname\"><b>Christian Nodal<\/b><\/span><b>.<\/b><\/p>\n<p>Para entender el trasfondo, el conflicto comenz\u00f3 tras el lanzamiento de \u201cRosita\u201d, la colaboraci\u00f3n entre <b>Rauw Alejandro<\/b>, <b>Jhayco <\/b>y<b> Tainy<\/b>. En uno de los versos se escucha:<b> \u201cYo me voy y me caso contigo a lo Christian Nodal\u201d<\/b>, una l\u00ednea que muchos interpretaron como una referencia a la medi\u00e1tica separaci\u00f3n entre la argentina y el mexicano y su posterior casamiento con <b>\u00c1ngela Aguilar<\/b>.<\/p>\n<p><img loading=\"lazy\" decoding=\"async\" src=\"https:\/\/lobosnews.com.ar\/wp-content\/uploads\/2026\/02\/christian-nodal-exploto-contra-cazzu-despues-de-su-descargo-la-maternidad-no-deberia-usarse-como-escudo-1.jpg\" alt=\"Nodal rechaz\u00f3 que la referencia sea ofensiva y calific\u00f3 la pol\u00e9mica como una comparaci\u00f3n com\u00fan dentro de la m\u00fasica urbana (Captura de pantalla)\" height=\"885\" width=\"400\"\/><\/p>\n<p>Si bien dentro del g\u00e9nero urbano las menciones a figuras p\u00fablicas suelen formar parte del juego l\u00edrico, en este caso la frase toc\u00f3 un episodio sensible. Cazzu<b> dej\u00f3 de seguir a los m\u00fasicos en redes<\/b> y<b> luego public\u00f3 en su newsletter un texto titulado Tiradera, donde habl\u00f3 de \u201ccamarader\u00eda entre varones\u201d, \u201ctibieza\u201d y \u201ccomplicidad silenciosa\u201d<\/b>, sin nombrar directamente a nadie pero dejando clara su postura.<\/p>\n<p>Hasta ahora, Nodal no se hab\u00eda pronunciado. Pero en las \u00faltimas horas decidi\u00f3 hacerlo a trav\u00e9s de su canal oficial de Instagram, con un mensaje extenso que r\u00e1pidamente se viraliz\u00f3. <b>\u201c\u00a1El diablo! Qu\u00e9 dram\u00f3n por una barra que simplemente dice que alguien se enamora y se casa r\u00e1pido, \u2018como Christian Nodal\u2019\u201d<\/b>, comenz\u00f3 escribiendo. Desde el inicio dej\u00f3 clara su posici\u00f3n: para \u00e9l, la frase no es un ataque sino una comparaci\u00f3n propia del g\u00e9nero.<\/p>\n<p><img loading=\"lazy\" decoding=\"async\" src=\"https:\/\/lobosnews.com.ar\/wp-content\/uploads\/2026\/02\/christian-nodal-exploto-contra-cazzu-despues-de-su-descargo-la-maternidad-no-deberia-usarse-como-escudo-2.jpg\" alt=\"El artista cuestion\u00f3 la 'selectividad de la indignaci\u00f3n' de Cazzu y se\u00f1al\u00f3 inconsistencias en la reacci\u00f3n ante la colaboraci\u00f3n musical (Captura de pantalla)\" height=\"869\" width=\"521\"\/><\/p>\n<p><b>\u201cSe ocupan dos neuronas para entender que la referencia es hacia m\u00ed mismo y me atrevo a decir que hasta en tono de burla, a mi fama de alma enamorada\u201d<\/b>, agreg\u00f3. Y fue m\u00e1s all\u00e1: \u201cNo es un ataque, no es una declaraci\u00f3n moral, es una comparaci\u00f3n t\u00edpica dentro de un g\u00e9nero donde se usan nombres, referencias y exageraciones todo el tiempo. <b>Estamos hablando de una canci\u00f3n para perrear en pleno 2026, no de un tratado de \u00e9tica y filosof\u00eda<\/b>\u201d.<\/p>\n<p>Sin embargo, el posteo no se limit\u00f3 a defender la barra de \u201cRosita\u201d. Nodal cuestion\u00f3 lo que considera una \u201cselectividad de la indignaci\u00f3n\u201d y dej\u00f3 frases que muchos leyeron como indirectas direct\u00edsimas hacia su expareja. \u201c<b>Puede posar perfectamente en fotos con quien da\u00f1\u00f3 la relaci\u00f3n y nos caus\u00f3 un infierno durante y despu\u00e9s del embarazo. <\/b>Puede usar y compartir escenario con uno de los compositores de \u2018Rosita\u2019 (\u2026) pero una referencia musical de parte de sus colegas se convierte en traici\u00f3n\u201d, escribi\u00f3.<\/p>\n<p><img loading=\"lazy\" decoding=\"async\" src=\"https:\/\/lobosnews.com.ar\/wp-content\/uploads\/2026\/02\/christian-nodal-exploto-contra-cazzu-despues-de-su-descargo-la-maternidad-no-deberia-usarse-como-escudo-3.jpg\" alt=\"Nodal fij\u00f3 l\u00edmites al involucramiento de su hija en el debate, calificando la maternidad como un tema sagrado y fuera de la discusi\u00f3n p\u00fablica (Captura de pantalla)\" height=\"795\" width=\"567\"\/><\/p>\n<p>El punto m\u00e1s delicado lleg\u00f3 cuando habl\u00f3 de su hija, marcando un l\u00edmite tajante: \u201cUn tema tan delicado como la maternidad es sagrado. Y precisamente por eso no deber\u00eda utilizarse como escudo cada vez que algo no gusta<b>. Mucho menos involucrar p\u00fablicamente a mi hija para reforzar una narrativa. Ella no es argumento, no es s\u00edmbolo, no es bandera. Es mi beb\u00e9<\/b>\u201d. Tambi\u00e9n plante\u00f3:<b> \u201c\u00bfQu\u00e9 carajos tiene que hacer mi hija en un discurso para establecer un punto sobre su g\u00e9nero musical?\u201d<\/b>, en una frase que volvi\u00f3 a encender el debate en redes.<\/p>\n<p>Adem\u00e1s, dej\u00f3 entrever que el conflicto tiene un costado legal en curso: \u201cSi esta situaci\u00f3n est\u00e1 afectando, como lo plante\u00f3, a mi hija, ni mi n\u00famero de tel\u00e9fono ni mis intenciones han cambiado.<b> Mis abogados siguen buscando una soluci\u00f3n justa y regulada<\/b>\u201d. En el cierre, relativiz\u00f3 la pol\u00e9mica con iron\u00eda: <b>\u201cEn fin\u2026 el mundo se est\u00e1 acabando y nosotros discutiendo una barra de reguet\u00f3n. Prioridades, gente\u201d.<\/b><\/p>\n<p><img loading=\"lazy\" decoding=\"async\" src=\"https:\/\/lobosnews.com.ar\/wp-content\/uploads\/2026\/02\/christian-nodal-exploto-contra-cazzu-despues-de-su-descargo-la-maternidad-no-deberia-usarse-como-escudo-4.jpg\" alt=\"El cantante revel\u00f3 que el conflicto podr\u00eda tener implicancias legales, ya que sus abogados buscan una 'soluci\u00f3n justa y regulada' sobre el caso (Captura de pantalla)\" height=\"833\" width=\"594\"\/><\/p>\n<p>Con este mensaje, Nodal no solo defendi\u00f3 la l\u00ednea de la canci\u00f3n, sino que se meti\u00f3 de lleno en una discusi\u00f3n que ya hab\u00eda escalado del terreno musical al personal. Lo que empez\u00f3 como una frase en un tema urbano hoy enfrenta posturas p\u00fablicas cada vez m\u00e1s expl\u00edcitas. <b>Y si algo queda claro tras su descargo, es que el conflicto dej\u00f3 de ser una interpretaci\u00f3n de fans para convertirse en un cruce abierto, con nombre y apellido.<\/b><\/p>\n","protected":false},"excerpt":{"rendered":"<p>Cuando parec\u00eda que la tensi\u00f3n entre Cazzu y parte de la escena urbana ya hab\u00eda alcanzado su punto m\u00e1ximo con el texto \u201cTiradera\u201d y los apoyos p\u00fablicos de Lali, Nicki Nicole y Bizarrap, un nuevo protagonista decidi\u00f3 intervenir de manera directa: Christian Nodal. Para entender el trasfondo, el conflicto comenz\u00f3 tras el lanzamiento de \u201cRosita\u201d,&#8230;<\/p>\n","protected":false},"author":1,"featured_media":25768,"comment_status":"open","ping_status":"closed","sticky":false,"template":"","format":"standard","meta":{"_jetpack_memberships_contains_paid_content":false,"footnotes":""},"categories":[79],"tags":[],"class_list":["post-25761","post","type-post","status-publish","format-standard","has-post-thumbnail","hentry","category-cine-y-series"],"magazineBlocksPostFeaturedMedia":{"thumbnail":"https:\/\/lobosnews.com.ar\/wp-content\/uploads\/2026\/02\/christian-nodal-exploto-contra-cazzu-despues-de-su-descargo-la-maternidad-no-deberia-usarse-como-escudo-8-150x150.jpg","medium":"https:\/\/lobosnews.com.ar\/wp-content\/uploads\/2026\/02\/christian-nodal-exploto-contra-cazzu-despues-de-su-descargo-la-maternidad-no-deberia-usarse-como-escudo-8-214x300.jpg","medium_large":"https:\/\/lobosnews.com.ar\/wp-content\/uploads\/2026\/02\/christian-nodal-exploto-contra-cazzu-despues-de-su-descargo-la-maternidad-no-deberia-usarse-como-escudo-8.jpg","large":"https:\/\/lobosnews.com.ar\/wp-content\/uploads\/2026\/02\/christian-nodal-exploto-contra-cazzu-despues-de-su-descargo-la-maternidad-no-deberia-usarse-como-escudo-8.jpg","1536x1536":"https:\/\/lobosnews.com.ar\/wp-content\/uploads\/2026\/02\/christian-nodal-exploto-contra-cazzu-despues-de-su-descargo-la-maternidad-no-deberia-usarse-como-escudo-8.jpg","2048x2048":"https:\/\/lobosnews.com.ar\/wp-content\/uploads\/2026\/02\/christian-nodal-exploto-contra-cazzu-despues-de-su-descargo-la-maternidad-no-deberia-usarse-como-escudo-8.jpg","newsmatic-featured":"https:\/\/lobosnews.com.ar\/wp-content\/uploads\/2026\/02\/christian-nodal-exploto-contra-cazzu-despues-de-su-descargo-la-maternidad-no-deberia-usarse-como-escudo-8-594x545.jpg","newsmatic-list":"https:\/\/lobosnews.com.ar\/wp-content\/uploads\/2026\/02\/christian-nodal-exploto-contra-cazzu-despues-de-su-descargo-la-maternidad-no-deberia-usarse-como-escudo-8-594x400.jpg","newsmatic-thumb":"https:\/\/lobosnews.com.ar\/wp-content\/uploads\/2026\/02\/christian-nodal-exploto-contra-cazzu-despues-de-su-descargo-la-maternidad-no-deberia-usarse-como-escudo-8-300x200.jpg","newsmatic-small":"https:\/\/lobosnews.com.ar\/wp-content\/uploads\/2026\/02\/christian-nodal-exploto-contra-cazzu-despues-de-su-descargo-la-maternidad-no-deberia-usarse-como-escudo-8-150x95.jpg","newsmatic-grid":"https:\/\/lobosnews.com.ar\/wp-content\/uploads\/2026\/02\/christian-nodal-exploto-contra-cazzu-despues-de-su-descargo-la-maternidad-no-deberia-usarse-como-escudo-8-400x250.jpg"},"magazineBlocksPostAuthor":{"name":"admin","avatar":"https:\/\/secure.gravatar.com\/avatar\/76e419471a2083bc3ceab22a763dbbf9b0c1bd15a6214cf3280e2c2dde4580f9?s=96&d=mm&r=g"},"magazineBlocksPostCommentsNumber":"0","magazineBlocksPostExcerpt":"Cuando parec\u00eda que la tensi\u00f3n entre Cazzu y parte de la escena urbana ya hab\u00eda alcanzado su punto m\u00e1ximo con el texto \u201cTiradera\u201d y los apoyos p\u00fablicos de Lali, Nicki Nicole y Bizarrap, un nuevo protagonista decidi\u00f3 intervenir de manera directa: Christian Nodal. Para entender el trasfondo, el conflicto comenz\u00f3 tras el lanzamiento de \u201cRosita\u201d,...","magazineBlocksPostCategories":["Cine y Series"],"magazineBlocksPostViewCount":118,"magazineBlocksPostReadTime":4,"magazine_blocks_featured_image_url":{"full":["https:\/\/lobosnews.com.ar\/wp-content\/uploads\/2026\/02\/christian-nodal-exploto-contra-cazzu-despues-de-su-descargo-la-maternidad-no-deberia-usarse-como-escudo-8.jpg",594,833,false],"medium":["https:\/\/lobosnews.com.ar\/wp-content\/uploads\/2026\/02\/christian-nodal-exploto-contra-cazzu-despues-de-su-descargo-la-maternidad-no-deberia-usarse-como-escudo-8-214x300.jpg",214,300,true],"thumbnail":["https:\/\/lobosnews.com.ar\/wp-content\/uploads\/2026\/02\/christian-nodal-exploto-contra-cazzu-despues-de-su-descargo-la-maternidad-no-deberia-usarse-como-escudo-8-150x150.jpg",150,150,true]},"magazine_blocks_author":{"display_name":"admin","author_link":"https:\/\/lobosnews.com.ar\/index.php\/author\/lobos-news\/"},"magazine_blocks_comment":0,"magazine_blocks_author_image":"https:\/\/secure.gravatar.com\/avatar\/76e419471a2083bc3ceab22a763dbbf9b0c1bd15a6214cf3280e2c2dde4580f9?s=96&d=mm&r=g","magazine_blocks_category":"<a href=\"#\" class=\"category-link category-link-79\">Cine y Series<\/a>","yoast_head":"<!-- This site is optimized with the Yoast SEO plugin v26.6 - https:\/\/yoast.com\/wordpress\/plugins\/seo\/ -->\n<title>Christian Nodal explot\u00f3 contra Cazzu despu\u00e9s de su descargo: \u201cLa maternidad no deber\u00eda usarse como escudo\u201d - Lobos News<\/title>\n<meta name=\"robots\" content=\"index, follow, max-snippet:-1, max-image-preview:large, max-video-preview:-1\" \/>\n<link rel=\"canonical\" href=\"https:\/\/lobosnews.com.ar\/index.php\/2026\/02\/25\/christian-nodal-exploto-contra-cazzu-despues-de-su-descargo-la-maternidad-no-deberia-usarse-como-escudo\/\" \/>\n<meta property=\"og:locale\" content=\"es_ES\" \/>\n<meta property=\"og:type\" content=\"article\" \/>\n<meta property=\"og:title\" content=\"Christian Nodal explot\u00f3 contra Cazzu despu\u00e9s de su descargo: \u201cLa maternidad no deber\u00eda usarse como escudo\u201d - Lobos News\" \/>\n<meta property=\"og:description\" content=\"Cuando parec\u00eda que la tensi\u00f3n entre Cazzu y parte de la escena urbana ya hab\u00eda alcanzado su punto m\u00e1ximo con el texto \u201cTiradera\u201d y los apoyos p\u00fablicos de Lali, Nicki Nicole y Bizarrap, un nuevo protagonista decidi\u00f3 intervenir de manera directa: Christian Nodal. Para entender el trasfondo, el conflicto comenz\u00f3 tras el lanzamiento de \u201cRosita\u201d,...\" \/>\n<meta property=\"og:url\" content=\"https:\/\/lobosnews.com.ar\/index.php\/2026\/02\/25\/christian-nodal-exploto-contra-cazzu-despues-de-su-descargo-la-maternidad-no-deberia-usarse-como-escudo\/\" \/>\n<meta property=\"og:site_name\" content=\"Lobos News\" \/>\n<meta property=\"article:published_time\" content=\"2026-02-25T02:20:20+00:00\" \/>\n<meta property=\"article:modified_time\" content=\"2026-02-25T13:56:29+00:00\" \/>\n<meta property=\"og:image\" content=\"https:\/\/lobosnews.com.ar\/wp-content\/uploads\/2026\/02\/christian-nodal-exploto-contra-cazzu-despues-de-su-descargo-la-maternidad-no-deberia-usarse-como-escudo.jpg\" \/>\n<meta name=\"author\" content=\"admin\" \/>\n<meta name=\"twitter:card\" content=\"summary_large_image\" \/>\n<meta name=\"twitter:label1\" content=\"Escrito por\" \/>\n\t<meta name=\"twitter:data1\" content=\"admin\" \/>\n\t<meta name=\"twitter:label2\" content=\"Tiempo de lectura\" \/>\n\t<meta name=\"twitter:data2\" content=\"3 minutos\" \/>\n<script type=\"application\/ld+json\" class=\"yoast-schema-graph\">{\"@context\":\"https:\/\/schema.org\",\"@graph\":[{\"@type\":\"Article\",\"@id\":\"https:\/\/lobosnews.com.ar\/index.php\/2026\/02\/25\/christian-nodal-exploto-contra-cazzu-despues-de-su-descargo-la-maternidad-no-deberia-usarse-como-escudo\/#article\",\"isPartOf\":{\"@id\":\"https:\/\/lobosnews.com.ar\/index.php\/2026\/02\/25\/christian-nodal-exploto-contra-cazzu-despues-de-su-descargo-la-maternidad-no-deberia-usarse-como-escudo\/\"},\"author\":{\"name\":\"admin\",\"@id\":\"https:\/\/lobosnews.com.ar\/#\/schema\/person\/232422a593d5c541dd9aef6aaed10943\"},\"headline\":\"Christian Nodal explot\u00f3 contra Cazzu despu\u00e9s de su descargo: \u201cLa maternidad no deber\u00eda usarse como escudo\u201d\",\"datePublished\":\"2026-02-25T02:20:20+00:00\",\"dateModified\":\"2026-02-25T13:56:29+00:00\",\"mainEntityOfPage\":{\"@id\":\"https:\/\/lobosnews.com.ar\/index.php\/2026\/02\/25\/christian-nodal-exploto-contra-cazzu-despues-de-su-descargo-la-maternidad-no-deberia-usarse-como-escudo\/\"},\"wordCount\":716,\"commentCount\":0,\"publisher\":{\"@id\":\"https:\/\/lobosnews.com.ar\/#organization\"},\"image\":{\"@id\":\"https:\/\/lobosnews.com.ar\/index.php\/2026\/02\/25\/christian-nodal-exploto-contra-cazzu-despues-de-su-descargo-la-maternidad-no-deberia-usarse-como-escudo\/#primaryimage\"},\"thumbnailUrl\":\"https:\/\/lobosnews.com.ar\/wp-content\/uploads\/2026\/02\/christian-nodal-exploto-contra-cazzu-despues-de-su-descargo-la-maternidad-no-deberia-usarse-como-escudo-8.jpg\",\"articleSection\":[\"Cine y Series\"],\"inLanguage\":\"es\",\"potentialAction\":[{\"@type\":\"CommentAction\",\"name\":\"Comment\",\"target\":[\"https:\/\/lobosnews.com.ar\/index.php\/2026\/02\/25\/christian-nodal-exploto-contra-cazzu-despues-de-su-descargo-la-maternidad-no-deberia-usarse-como-escudo\/#respond\"]}]},{\"@type\":\"WebPage\",\"@id\":\"https:\/\/lobosnews.com.ar\/index.php\/2026\/02\/25\/christian-nodal-exploto-contra-cazzu-despues-de-su-descargo-la-maternidad-no-deberia-usarse-como-escudo\/\",\"url\":\"https:\/\/lobosnews.com.ar\/index.php\/2026\/02\/25\/christian-nodal-exploto-contra-cazzu-despues-de-su-descargo-la-maternidad-no-deberia-usarse-como-escudo\/\",\"name\":\"Christian Nodal explot\u00f3 contra Cazzu despu\u00e9s de su descargo: \u201cLa maternidad no deber\u00eda usarse como escudo\u201d - Lobos News\",\"isPartOf\":{\"@id\":\"https:\/\/lobosnews.com.ar\/#website\"},\"primaryImageOfPage\":{\"@id\":\"https:\/\/lobosnews.com.ar\/index.php\/2026\/02\/25\/christian-nodal-exploto-contra-cazzu-despues-de-su-descargo-la-maternidad-no-deberia-usarse-como-escudo\/#primaryimage\"},\"image\":{\"@id\":\"https:\/\/lobosnews.com.ar\/index.php\/2026\/02\/25\/christian-nodal-exploto-contra-cazzu-despues-de-su-descargo-la-maternidad-no-deberia-usarse-como-escudo\/#primaryimage\"},\"thumbnailUrl\":\"https:\/\/lobosnews.com.ar\/wp-content\/uploads\/2026\/02\/christian-nodal-exploto-contra-cazzu-despues-de-su-descargo-la-maternidad-no-deberia-usarse-como-escudo-8.jpg\",\"datePublished\":\"2026-02-25T02:20:20+00:00\",\"dateModified\":\"2026-02-25T13:56:29+00:00\",\"breadcrumb\":{\"@id\":\"https:\/\/lobosnews.com.ar\/index.php\/2026\/02\/25\/christian-nodal-exploto-contra-cazzu-despues-de-su-descargo-la-maternidad-no-deberia-usarse-como-escudo\/#breadcrumb\"},\"inLanguage\":\"es\",\"potentialAction\":[{\"@type\":\"ReadAction\",\"target\":[\"https:\/\/lobosnews.com.ar\/index.php\/2026\/02\/25\/christian-nodal-exploto-contra-cazzu-despues-de-su-descargo-la-maternidad-no-deberia-usarse-como-escudo\/\"]}]},{\"@type\":\"ImageObject\",\"inLanguage\":\"es\",\"@id\":\"https:\/\/lobosnews.com.ar\/index.php\/2026\/02\/25\/christian-nodal-exploto-contra-cazzu-despues-de-su-descargo-la-maternidad-no-deberia-usarse-como-escudo\/#primaryimage\",\"url\":\"https:\/\/lobosnews.com.ar\/wp-content\/uploads\/2026\/02\/christian-nodal-exploto-contra-cazzu-despues-de-su-descargo-la-maternidad-no-deberia-usarse-como-escudo-8.jpg\",\"contentUrl\":\"https:\/\/lobosnews.com.ar\/wp-content\/uploads\/2026\/02\/christian-nodal-exploto-contra-cazzu-despues-de-su-descargo-la-maternidad-no-deberia-usarse-como-escudo-8.jpg\",\"width\":594,\"height\":833,\"caption\":\"Christian Nodal explot\u00f3 contra Cazzu despu\u00e9s de su descargo: \u201cLa maternidad no deber\u00eda usarse como escudo\u201d\"},{\"@type\":\"BreadcrumbList\",\"@id\":\"https:\/\/lobosnews.com.ar\/index.php\/2026\/02\/25\/christian-nodal-exploto-contra-cazzu-despues-de-su-descargo-la-maternidad-no-deberia-usarse-como-escudo\/#breadcrumb\",\"itemListElement\":[{\"@type\":\"ListItem\",\"position\":1,\"name\":\"Portada\",\"item\":\"https:\/\/lobosnews.com.ar\/\"},{\"@type\":\"ListItem\",\"position\":2,\"name\":\"Christian Nodal explot\u00f3 contra Cazzu despu\u00e9s de su descargo: \u201cLa maternidad no deber\u00eda usarse como escudo\u201d\"}]},{\"@type\":\"WebSite\",\"@id\":\"https:\/\/lobosnews.com.ar\/#website\",\"url\":\"https:\/\/lobosnews.com.ar\/\",\"name\":\"Lobos News\",\"description\":\"Informaci\u00f3n a cada instante\",\"publisher\":{\"@id\":\"https:\/\/lobosnews.com.ar\/#organization\"},\"potentialAction\":[{\"@type\":\"SearchAction\",\"target\":{\"@type\":\"EntryPoint\",\"urlTemplate\":\"https:\/\/lobosnews.com.ar\/?s={search_term_string}\"},\"query-input\":{\"@type\":\"PropertyValueSpecification\",\"valueRequired\":true,\"valueName\":\"search_term_string\"}}],\"inLanguage\":\"es\"},{\"@type\":\"Organization\",\"@id\":\"https:\/\/lobosnews.com.ar\/#organization\",\"name\":\"Lobos News\",\"url\":\"https:\/\/lobosnews.com.ar\/\",\"logo\":{\"@type\":\"ImageObject\",\"inLanguage\":\"es\",\"@id\":\"https:\/\/lobosnews.com.ar\/#\/schema\/logo\/image\/\",\"url\":\"https:\/\/lobosnews.com.ar\/wp-content\/uploads\/2026\/01\/logo-lobosnews.png\",\"contentUrl\":\"https:\/\/lobosnews.com.ar\/wp-content\/uploads\/2026\/01\/logo-lobosnews.png\",\"width\":500,\"height\":200,\"caption\":\"Lobos News\"},\"image\":{\"@id\":\"https:\/\/lobosnews.com.ar\/#\/schema\/logo\/image\/\"}},{\"@type\":\"Person\",\"@id\":\"https:\/\/lobosnews.com.ar\/#\/schema\/person\/232422a593d5c541dd9aef6aaed10943\",\"name\":\"admin\",\"image\":{\"@type\":\"ImageObject\",\"inLanguage\":\"es\",\"@id\":\"https:\/\/lobosnews.com.ar\/#\/schema\/person\/image\/\",\"url\":\"https:\/\/secure.gravatar.com\/avatar\/76e419471a2083bc3ceab22a763dbbf9b0c1bd15a6214cf3280e2c2dde4580f9?s=96&d=mm&r=g\",\"contentUrl\":\"https:\/\/secure.gravatar.com\/avatar\/76e419471a2083bc3ceab22a763dbbf9b0c1bd15a6214cf3280e2c2dde4580f9?s=96&d=mm&r=g\",\"caption\":\"admin\"},\"sameAs\":[\"https:\/\/lobosnews.com.ar\"],\"url\":\"https:\/\/lobosnews.com.ar\/index.php\/author\/lobos-news\/\"}]}<\/script>\n<!-- \/ Yoast SEO plugin. -->","yoast_head_json":{"title":"Christian Nodal explot\u00f3 contra Cazzu despu\u00e9s de su descargo: \u201cLa maternidad no deber\u00eda usarse como escudo\u201d - Lobos News","robots":{"index":"index","follow":"follow","max-snippet":"max-snippet:-1","max-image-preview":"max-image-preview:large","max-video-preview":"max-video-preview:-1"},"canonical":"https:\/\/lobosnews.com.ar\/index.php\/2026\/02\/25\/christian-nodal-exploto-contra-cazzu-despues-de-su-descargo-la-maternidad-no-deberia-usarse-como-escudo\/","og_locale":"es_ES","og_type":"article","og_title":"Christian Nodal explot\u00f3 contra Cazzu despu\u00e9s de su descargo: \u201cLa maternidad no deber\u00eda usarse como escudo\u201d - Lobos News","og_description":"Cuando parec\u00eda que la tensi\u00f3n entre Cazzu y parte de la escena urbana ya hab\u00eda alcanzado su punto m\u00e1ximo con el texto \u201cTiradera\u201d y los apoyos p\u00fablicos de Lali, Nicki Nicole y Bizarrap, un nuevo protagonista decidi\u00f3 intervenir de manera directa: Christian Nodal. Para entender el trasfondo, el conflicto comenz\u00f3 tras el lanzamiento de \u201cRosita\u201d,...","og_url":"https:\/\/lobosnews.com.ar\/index.php\/2026\/02\/25\/christian-nodal-exploto-contra-cazzu-despues-de-su-descargo-la-maternidad-no-deberia-usarse-como-escudo\/","og_site_name":"Lobos News","article_published_time":"2026-02-25T02:20:20+00:00","article_modified_time":"2026-02-25T13:56:29+00:00","og_image":[{"url":"https:\/\/lobosnews.com.ar\/wp-content\/uploads\/2026\/02\/christian-nodal-exploto-contra-cazzu-despues-de-su-descargo-la-maternidad-no-deberia-usarse-como-escudo.jpg","type":"","width":"","height":""}],"author":"admin","twitter_card":"summary_large_image","twitter_misc":{"Escrito por":"admin","Tiempo de lectura":"3 minutos"},"schema":{"@context":"https:\/\/schema.org","@graph":[{"@type":"Article","@id":"https:\/\/lobosnews.com.ar\/index.php\/2026\/02\/25\/christian-nodal-exploto-contra-cazzu-despues-de-su-descargo-la-maternidad-no-deberia-usarse-como-escudo\/#article","isPartOf":{"@id":"https:\/\/lobosnews.com.ar\/index.php\/2026\/02\/25\/christian-nodal-exploto-contra-cazzu-despues-de-su-descargo-la-maternidad-no-deberia-usarse-como-escudo\/"},"author":{"name":"admin","@id":"https:\/\/lobosnews.com.ar\/#\/schema\/person\/232422a593d5c541dd9aef6aaed10943"},"headline":"Christian Nodal explot\u00f3 contra Cazzu despu\u00e9s de su descargo: \u201cLa maternidad no deber\u00eda usarse como escudo\u201d","datePublished":"2026-02-25T02:20:20+00:00","dateModified":"2026-02-25T13:56:29+00:00","mainEntityOfPage":{"@id":"https:\/\/lobosnews.com.ar\/index.php\/2026\/02\/25\/christian-nodal-exploto-contra-cazzu-despues-de-su-descargo-la-maternidad-no-deberia-usarse-como-escudo\/"},"wordCount":716,"commentCount":0,"publisher":{"@id":"https:\/\/lobosnews.com.ar\/#organization"},"image":{"@id":"https:\/\/lobosnews.com.ar\/index.php\/2026\/02\/25\/christian-nodal-exploto-contra-cazzu-despues-de-su-descargo-la-maternidad-no-deberia-usarse-como-escudo\/#primaryimage"},"thumbnailUrl":"https:\/\/lobosnews.com.ar\/wp-content\/uploads\/2026\/02\/christian-nodal-exploto-contra-cazzu-despues-de-su-descargo-la-maternidad-no-deberia-usarse-como-escudo-8.jpg","articleSection":["Cine y Series"],"inLanguage":"es","potentialAction":[{"@type":"CommentAction","name":"Comment","target":["https:\/\/lobosnews.com.ar\/index.php\/2026\/02\/25\/christian-nodal-exploto-contra-cazzu-despues-de-su-descargo-la-maternidad-no-deberia-usarse-como-escudo\/#respond"]}]},{"@type":"WebPage","@id":"https:\/\/lobosnews.com.ar\/index.php\/2026\/02\/25\/christian-nodal-exploto-contra-cazzu-despues-de-su-descargo-la-maternidad-no-deberia-usarse-como-escudo\/","url":"https:\/\/lobosnews.com.ar\/index.php\/2026\/02\/25\/christian-nodal-exploto-contra-cazzu-despues-de-su-descargo-la-maternidad-no-deberia-usarse-como-escudo\/","name":"Christian Nodal explot\u00f3 contra Cazzu despu\u00e9s de su descargo: \u201cLa maternidad no deber\u00eda usarse como escudo\u201d - Lobos News","isPartOf":{"@id":"https:\/\/lobosnews.com.ar\/#website"},"primaryImageOfPage":{"@id":"https:\/\/lobosnews.com.ar\/index.php\/2026\/02\/25\/christian-nodal-exploto-contra-cazzu-despues-de-su-descargo-la-maternidad-no-deberia-usarse-como-escudo\/#primaryimage"},"image":{"@id":"https:\/\/lobosnews.com.ar\/index.php\/2026\/02\/25\/christian-nodal-exploto-contra-cazzu-despues-de-su-descargo-la-maternidad-no-deberia-usarse-como-escudo\/#primaryimage"},"thumbnailUrl":"https:\/\/lobosnews.com.ar\/wp-content\/uploads\/2026\/02\/christian-nodal-exploto-contra-cazzu-despues-de-su-descargo-la-maternidad-no-deberia-usarse-como-escudo-8.jpg","datePublished":"2026-02-25T02:20:20+00:00","dateModified":"2026-02-25T13:56:29+00:00","breadcrumb":{"@id":"https:\/\/lobosnews.com.ar\/index.php\/2026\/02\/25\/christian-nodal-exploto-contra-cazzu-despues-de-su-descargo-la-maternidad-no-deberia-usarse-como-escudo\/#breadcrumb"},"inLanguage":"es","potentialAction":[{"@type":"ReadAction","target":["https:\/\/lobosnews.com.ar\/index.php\/2026\/02\/25\/christian-nodal-exploto-contra-cazzu-despues-de-su-descargo-la-maternidad-no-deberia-usarse-como-escudo\/"]}]},{"@type":"ImageObject","inLanguage":"es","@id":"https:\/\/lobosnews.com.ar\/index.php\/2026\/02\/25\/christian-nodal-exploto-contra-cazzu-despues-de-su-descargo-la-maternidad-no-deberia-usarse-como-escudo\/#primaryimage","url":"https:\/\/lobosnews.com.ar\/wp-content\/uploads\/2026\/02\/christian-nodal-exploto-contra-cazzu-despues-de-su-descargo-la-maternidad-no-deberia-usarse-como-escudo-8.jpg","contentUrl":"https:\/\/lobosnews.com.ar\/wp-content\/uploads\/2026\/02\/christian-nodal-exploto-contra-cazzu-despues-de-su-descargo-la-maternidad-no-deberia-usarse-como-escudo-8.jpg","width":594,"height":833,"caption":"Christian Nodal explot\u00f3 contra Cazzu despu\u00e9s de su descargo: \u201cLa maternidad no deber\u00eda usarse como escudo\u201d"},{"@type":"BreadcrumbList","@id":"https:\/\/lobosnews.com.ar\/index.php\/2026\/02\/25\/christian-nodal-exploto-contra-cazzu-despues-de-su-descargo-la-maternidad-no-deberia-usarse-como-escudo\/#breadcrumb","itemListElement":[{"@type":"ListItem","position":1,"name":"Portada","item":"https:\/\/lobosnews.com.ar\/"},{"@type":"ListItem","position":2,"name":"Christian Nodal explot\u00f3 contra Cazzu despu\u00e9s de su descargo: \u201cLa maternidad no deber\u00eda usarse como escudo\u201d"}]},{"@type":"WebSite","@id":"https:\/\/lobosnews.com.ar\/#website","url":"https:\/\/lobosnews.com.ar\/","name":"Lobos News","description":"Informaci\u00f3n a cada instante","publisher":{"@id":"https:\/\/lobosnews.com.ar\/#organization"},"potentialAction":[{"@type":"SearchAction","target":{"@type":"EntryPoint","urlTemplate":"https:\/\/lobosnews.com.ar\/?s={search_term_string}"},"query-input":{"@type":"PropertyValueSpecification","valueRequired":true,"valueName":"search_term_string"}}],"inLanguage":"es"},{"@type":"Organization","@id":"https:\/\/lobosnews.com.ar\/#organization","name":"Lobos News","url":"https:\/\/lobosnews.com.ar\/","logo":{"@type":"ImageObject","inLanguage":"es","@id":"https:\/\/lobosnews.com.ar\/#\/schema\/logo\/image\/","url":"https:\/\/lobosnews.com.ar\/wp-content\/uploads\/2026\/01\/logo-lobosnews.png","contentUrl":"https:\/\/lobosnews.com.ar\/wp-content\/uploads\/2026\/01\/logo-lobosnews.png","width":500,"height":200,"caption":"Lobos News"},"image":{"@id":"https:\/\/lobosnews.com.ar\/#\/schema\/logo\/image\/"}},{"@type":"Person","@id":"https:\/\/lobosnews.com.ar\/#\/schema\/person\/232422a593d5c541dd9aef6aaed10943","name":"admin","image":{"@type":"ImageObject","inLanguage":"es","@id":"https:\/\/lobosnews.com.ar\/#\/schema\/person\/image\/","url":"https:\/\/secure.gravatar.com\/avatar\/76e419471a2083bc3ceab22a763dbbf9b0c1bd15a6214cf3280e2c2dde4580f9?s=96&d=mm&r=g","contentUrl":"https:\/\/secure.gravatar.com\/avatar\/76e419471a2083bc3ceab22a763dbbf9b0c1bd15a6214cf3280e2c2dde4580f9?s=96&d=mm&r=g","caption":"admin"},"sameAs":["https:\/\/lobosnews.com.ar"],"url":"https:\/\/lobosnews.com.ar\/index.php\/author\/lobos-news\/"}]}},"jetpack_featured_media_url":"https:\/\/lobosnews.com.ar\/wp-content\/uploads\/2026\/02\/christian-nodal-exploto-contra-cazzu-despues-de-su-descargo-la-maternidad-no-deberia-usarse-como-escudo-8.jpg","jetpack_sharing_enabled":true,"_links":{"self":[{"href":"https:\/\/lobosnews.com.ar\/index.php\/wp-json\/wp\/v2\/posts\/25761","targetHints":{"allow":["GET"]}}],"collection":[{"href":"https:\/\/lobosnews.com.ar\/index.php\/wp-json\/wp\/v2\/posts"}],"about":[{"href":"https:\/\/lobosnews.com.ar\/index.php\/wp-json\/wp\/v2\/types\/post"}],"author":[{"embeddable":true,"href":"https:\/\/lobosnews.com.ar\/index.php\/wp-json\/wp\/v2\/users\/1"}],"replies":[{"embeddable":true,"href":"https:\/\/lobosnews.com.ar\/index.php\/wp-json\/wp\/v2\/comments?post=25761"}],"version-history":[{"count":1,"href":"https:\/\/lobosnews.com.ar\/index.php\/wp-json\/wp\/v2\/posts\/25761\/revisions"}],"predecessor-version":[{"id":25767,"href":"https:\/\/lobosnews.com.ar\/index.php\/wp-json\/wp\/v2\/posts\/25761\/revisions\/25767"}],"wp:featuredmedia":[{"embeddable":true,"href":"https:\/\/lobosnews.com.ar\/index.php\/wp-json\/wp\/v2\/media\/25768"}],"wp:attachment":[{"href":"https:\/\/lobosnews.com.ar\/index.php\/wp-json\/wp\/v2\/media?parent=25761"}],"wp:term":[{"taxonomy":"category","embeddable":true,"href":"https:\/\/lobosnews.com.ar\/index.php\/wp-json\/wp\/v2\/categories?post=25761"},{"taxonomy":"post_tag","embeddable":true,"href":"https:\/\/lobosnews.com.ar\/index.php\/wp-json\/wp\/v2\/tags?post=25761"}],"curies":[{"name":"wp","href":"https:\/\/api.w.org\/{rel}","templated":true}]}}