{"id":2147,"date":"2026-01-05T04:31:56","date_gmt":"2026-01-05T04:31:56","guid":{"rendered":"https:\/\/lobosnews.com.ar\/index.php\/2026\/01\/05\/nicolas-repetto-y-florencia-raggi-disfrutan-el-verano-en-las-playas-de-jose-ignacio-las-romanticas-fotos\/"},"modified":"2026-01-05T15:47:02","modified_gmt":"2026-01-05T15:47:02","slug":"nicolas-repetto-y-florencia-raggi-disfrutan-el-verano-en-las-playas-de-jose-ignacio-las-romanticas-fotos","status":"publish","type":"post","link":"https:\/\/lobosnews.com.ar\/index.php\/2026\/01\/05\/nicolas-repetto-y-florencia-raggi-disfrutan-el-verano-en-las-playas-de-jose-ignacio-las-romanticas-fotos\/","title":{"rendered":"Nicol\u00e1s Repetto y Florencia Raggi disfrutan el verano en las playas de Jos\u00e9 Ignacio: las rom\u00e1nticas fotos"},"content":{"rendered":"<p><img loading=\"lazy\" decoding=\"async\" src=\"https:\/\/lobosnews.com.ar\/wp-content\/uploads\/2026\/01\/nicolas-repetto-y-florencia-raggi-disfrutan-el-verano-en-las-playas-de-jose-ignacio-las-romanticas-fotos.jpg\" alt=\"Nicol\u00e1s Repetto y Florencia Raggi disfrutaron de una caminata por Jos\u00e9 Ignacio, el balneario uruguayo favorito de las celebridades para pasar el verano (RSFotos)\" height=\"1282\" width=\"1920\"\/><\/p>\n<p><span class=\"waslinkname\"><b>Nicol\u00e1s Repetto<\/b><\/span> y <span class=\"waslinkname\"><b>Florencia Raggi<\/b><\/span> eligieron una vez m\u00e1s Uruguay como refugio de calma. La pareja fue fotografiada durante una caminata relajada por <b>Jos\u00e9 Ignacio<\/b>, uno de los destinos predilectos de las celebridades para pasar el verano. Las im\u00e1genes no tardaron en circular: se los vio sonrientes, distendidos y en sinton\u00eda, mezclados entre turistas y vecinos, lejos de cualquier gesto de tensi\u00f3n.<\/p>\n<p>Las fotos muestran a Repetto y Raggi avanzando por una pasarela de madera y luego por una de las calles de arena del balneario, rodeados de vegetaci\u00f3n y del t\u00edpico paisaje este\u00f1o. <b>\u00c9l opt\u00f3 por un look informal y c\u00f3modo<\/b>: camisa gris de manga corta, shorts oscuros, alpargatas y anteojos de sol. Ella, por su parte, luci\u00f3 un<b> vestido largo de lino en tono ocre, sandalias claras y una cartera cruzada, con el pelo suelto y rizado<\/b>, en un estilismo que combina elegancia y frescura veraniega.<\/p>\n<p><img loading=\"lazy\" decoding=\"async\" src=\"https:\/\/lobosnews.com.ar\/wp-content\/uploads\/2026\/01\/nicolas-repetto-y-florencia-raggi-disfrutan-el-verano-en-las-playas-de-jose-ignacio-las-romanticas-fotos-17.jpg\" alt=\"La pareja eligi\u00f3 un look veraniego y distendido, mostrando su estilo relajado durante un paseo por la pasarela y calles de arena de Jos\u00e9 Ignacio\" height=\"2876\" width=\"1920\"\/><img loading=\"lazy\" decoding=\"async\" src=\"https:\/\/lobosnews.com.ar\/wp-content\/uploads\/2026\/01\/nicolas-repetto-y-florencia-raggi-disfrutan-el-verano-en-las-playas-de-jose-ignacio-las-romanticas-fotos-18.jpg\" alt=\"Jos\u00e9 Ignacio sirve de refugio para Repetto y Raggi, quienes desde hace a\u00f1os priorizan el perfil bajo y la tranquilidad frente a la exposici\u00f3n medi\u00e1tica\" height=\"1282\" width=\"1920\"\/><img loading=\"lazy\" decoding=\"async\" src=\"https:\/\/lobosnews.com.ar\/wp-content\/uploads\/2026\/01\/nicolas-repetto-y-florencia-raggi-disfrutan-el-verano-en-las-playas-de-jose-ignacio-las-romanticas-fotos-19.jpg\" alt=\"Nicol\u00e1s Repetto y Florencia Raggi decidieron establecerse de manera definitiva en Punta del Este, reafirmando su v\u00ednculo con Uruguay y su entorno\" height=\"1282\" width=\"1920\"\/><\/p>\n<p>La escena es simple pero elocuente: caminan uno al lado del otro, conversan, sonr\u00eden y saludan a quienes los reconocen. El registro es casi documental y refuerza una imagen que ambos sostienen desde hace a\u00f1os: la de <b>una pareja consolidada, de bajo perfil, que elige el silencio antes que la exposici\u00f3n. <\/b>En ese sentido, Jos\u00e9 Ignacio funciona como un escenario ideal: exclusivo pero relajado, con ritmo propio y lejos del v\u00e9rtigo porte\u00f1o, del que eligieron alejarse por completo, estableci\u00e9ndose en Punta del Este de manera definitiva.<\/p>\n<p>La pareja suele elegir Uruguay para desconectarse, y ahora, parece haberse quedado all\u00ed durante m\u00e1s tiempo del habitual. Desde hace a\u00f1os, Punta del Este y, especialmente, Jos\u00e9 Ignacio se convirtieron en un punto de referencia para ambos. All\u00ed pasan temporadas, reciben amigos, disfrutan del mar, de la gastronom\u00eda local y de largas caminatas, como la que qued\u00f3 registrada en estas fotos. Se trata de una rutina que repiten verano tras verano y que refuerza la idea de continuidad y estabilidad.<\/p>\n<p><img loading=\"lazy\" decoding=\"async\" src=\"https:\/\/lobosnews.com.ar\/wp-content\/uploads\/2026\/01\/nicolas-repetto-y-florencia-raggi-disfrutan-el-verano-en-las-playas-de-jose-ignacio-las-romanticas-fotos-20.jpg\" alt=\"La rutina veraniega de la pareja en Punta del Este incluye caminatas, encuentros con amigos y disfrute del mar y la gastronom\u00eda local uruguaya\" height=\"1282\" width=\"1920\"\/><img loading=\"lazy\" decoding=\"async\" src=\"https:\/\/lobosnews.com.ar\/wp-content\/uploads\/2026\/01\/nicolas-repetto-y-florencia-raggi-disfrutan-el-verano-en-las-playas-de-jose-ignacio-las-romanticas-fotos-21.jpg\" alt=\"La residencia de la pareja se ubica cerca de la laguna Jos\u00e9 Ignacio, en la exclusiva zona de La Juanita, inspiradora para el debut musical de Repetto con su hija Renata\" height=\"2876\" width=\"1920\"\/><\/p>\n<p>Seg\u00fan pudo saber <b>Teleshow<\/b>, la casa de la pareja se encuentra cerca de la Laguna Jos\u00e9 Ignacio y ambos ya se sienten parte del barrio. De hecho, cabe recordar que hace un a\u00f1o, Nicol\u00e1s se lanz\u00f3 como cantante acompa\u00f1ado por su hija Renata. El nombre de aquella banda fue \u201cLa Juanita\u201d, el cual hace referencia a la localidad donde reside en Uruguay. Es, sin dudas, un destino m\u00e1s que familiar a esta altura de su vida.<\/p>\n<p>De hecho, en las \u00faltimas horas, se present\u00f3 en vivo en un evento privado organizado por <b>Gaby \u00c1lvarez<\/b>, al que tambi\u00e9n asistieron otras celebridades que se encuentran veraneando en Punta del Este, aunque en esta \u00faltima oportunidad, sin la joven vocalista.<\/p>\n<p>Durante su carrera como conductor, Nicol\u00e1s se destac\u00f3 en varias facetas. Una de ellas consisti\u00f3 en crear canciones para sus programas de televisi\u00f3n, una iniciativa que siempre lo vincul\u00f3 al arte sonoro. Sin embargo, esta nueva etapa marca un cambio: se trata de un retorno a la m\u00fasica desde un lugar m\u00e1s personal e \u00edntimo.<\/p>\n<p><img loading=\"lazy\" decoding=\"async\" src=\"https:\/\/lobosnews.com.ar\/wp-content\/uploads\/2026\/01\/nicolas-repetto-y-florencia-raggi-disfrutan-el-verano-en-las-playas-de-jose-ignacio-las-romanticas-fotos-22.jpg\" alt=\"Nicol\u00e1s Repetto hizo una reciente presentaci\u00f3n musical en Punta del Este, consolidando su regreso art\u00edstico en el entorno natural y social que eligieron para vivir\" height=\"1282\" width=\"1920\"\/><img loading=\"lazy\" decoding=\"async\" src=\"https:\/\/lobosnews.com.ar\/wp-content\/uploads\/2026\/01\/nicolas-repetto-y-florencia-raggi-disfrutan-el-verano-en-las-playas-de-jose-ignacio-las-romanticas-fotos-23.jpg\" alt=\"La localidad este\u00f1a se consolid\u00f3 como el escenario recurrente donde la pareja disfruta temporadas largas\" height=\"2876\" width=\"1920\"\/><img loading=\"lazy\" decoding=\"async\" src=\"https:\/\/lobosnews.com.ar\/wp-content\/uploads\/2026\/01\/nicolas-repetto-y-florencia-raggi-disfrutan-el-verano-en-las-playas-de-jose-ignacio-las-romanticas-fotos-24.jpg\" alt=\"Las im\u00e1genes registran a Repetto y Raggi integrados entre turistas y vecinos, sin despliegues especiales, mostrando que optan por la calma lejos del ruido medi\u00e1tico\" height=\"1282\" width=\"1920\"\/><\/p>\n<p>En las im\u00e1genes captadas, tambi\u00e9n se los ve interactuando con el entorno: turistas que caminan en direcci\u00f3n opuesta, familias con chicos, personas que empujan carritos de playa. No hay custodios ni despliegues especiales. <b>Repetto y Raggi se integran al paisaje como dos veraneantes m\u00e1s, aunque inevitablemente llamen la atenci\u00f3n por su trayectoria y popularidad.<\/b><\/p>\n<p>De este modo, entre sol, arena y pasos compartidos, Nicol\u00e1s Repetto y Florencia Raggi volvieron a ser fotografiados como lo que son desde hace a\u00f1os: una pareja s\u00f3lida que elige el camino de la calma. Ambos caminan por Jos\u00e9 Ignacio, fieles a su estilo y a una forma de vivir el verano, y la vida, lejos del ruido. <\/p>\n<p><i><b>Cr\u00e9dito: RSFotos<\/b><\/i><\/p>\n","protected":false},"excerpt":{"rendered":"<p>Nicol\u00e1s Repetto y Florencia Raggi eligieron una vez m\u00e1s Uruguay como refugio de calma. La pareja fue fotografiada durante una caminata relajada por Jos\u00e9 Ignacio, uno de los destinos predilectos de las celebridades para pasar el verano. Las im\u00e1genes no tardaron en circular: se los vio sonrientes, distendidos y en sinton\u00eda, mezclados entre turistas y&#8230;<\/p>\n","protected":false},"author":1,"featured_media":2157,"comment_status":"open","ping_status":"closed","sticky":false,"template":"","format":"standard","meta":{"_jetpack_memberships_contains_paid_content":false,"footnotes":""},"categories":[79],"tags":[],"class_list":["post-2147","post","type-post","status-publish","format-standard","has-post-thumbnail","hentry","category-cine-y-series"],"magazineBlocksPostFeaturedMedia":{"thumbnail":"https:\/\/lobosnews.com.ar\/wp-content\/uploads\/2026\/01\/nicolas-repetto-y-florencia-raggi-disfrutan-el-verano-en-las-playas-de-jose-ignacio-las-romanticas-fotos-32-150x150.jpg","medium":"https:\/\/lobosnews.com.ar\/wp-content\/uploads\/2026\/01\/nicolas-repetto-y-florencia-raggi-disfrutan-el-verano-en-las-playas-de-jose-ignacio-las-romanticas-fotos-32-300x200.jpg","medium_large":"https:\/\/lobosnews.com.ar\/wp-content\/uploads\/2026\/01\/nicolas-repetto-y-florencia-raggi-disfrutan-el-verano-en-las-playas-de-jose-ignacio-las-romanticas-fotos-32-768x513.jpg","large":"https:\/\/lobosnews.com.ar\/wp-content\/uploads\/2026\/01\/nicolas-repetto-y-florencia-raggi-disfrutan-el-verano-en-las-playas-de-jose-ignacio-las-romanticas-fotos-32-1024x684.jpg","1536x1536":"https:\/\/lobosnews.com.ar\/wp-content\/uploads\/2026\/01\/nicolas-repetto-y-florencia-raggi-disfrutan-el-verano-en-las-playas-de-jose-ignacio-las-romanticas-fotos-32-1536x1026.jpg","2048x2048":"https:\/\/lobosnews.com.ar\/wp-content\/uploads\/2026\/01\/nicolas-repetto-y-florencia-raggi-disfrutan-el-verano-en-las-playas-de-jose-ignacio-las-romanticas-fotos-32.jpg","newsmatic-featured":"https:\/\/lobosnews.com.ar\/wp-content\/uploads\/2026\/01\/nicolas-repetto-y-florencia-raggi-disfrutan-el-verano-en-las-playas-de-jose-ignacio-las-romanticas-fotos-32-820x545.jpg","newsmatic-list":"https:\/\/lobosnews.com.ar\/wp-content\/uploads\/2026\/01\/nicolas-repetto-y-florencia-raggi-disfrutan-el-verano-en-las-playas-de-jose-ignacio-las-romanticas-fotos-32-600x400.jpg","newsmatic-thumb":"https:\/\/lobosnews.com.ar\/wp-content\/uploads\/2026\/01\/nicolas-repetto-y-florencia-raggi-disfrutan-el-verano-en-las-playas-de-jose-ignacio-las-romanticas-fotos-32-300x200.jpg","newsmatic-small":"https:\/\/lobosnews.com.ar\/wp-content\/uploads\/2026\/01\/nicolas-repetto-y-florencia-raggi-disfrutan-el-verano-en-las-playas-de-jose-ignacio-las-romanticas-fotos-32-150x95.jpg","newsmatic-grid":"https:\/\/lobosnews.com.ar\/wp-content\/uploads\/2026\/01\/nicolas-repetto-y-florencia-raggi-disfrutan-el-verano-en-las-playas-de-jose-ignacio-las-romanticas-fotos-32-400x250.jpg"},"magazineBlocksPostAuthor":{"name":"admin","avatar":"https:\/\/secure.gravatar.com\/avatar\/76e419471a2083bc3ceab22a763dbbf9b0c1bd15a6214cf3280e2c2dde4580f9?s=96&d=mm&r=g"},"magazineBlocksPostCommentsNumber":"0","magazineBlocksPostExcerpt":"Nicol\u00e1s Repetto y Florencia Raggi eligieron una vez m\u00e1s Uruguay como refugio de calma. La pareja fue fotografiada durante una caminata relajada por Jos\u00e9 Ignacio, uno de los destinos predilectos de las celebridades para pasar el verano. Las im\u00e1genes no tardaron en circular: se los vio sonrientes, distendidos y en sinton\u00eda, mezclados entre turistas y...","magazineBlocksPostCategories":["Cine y Series"],"magazineBlocksPostViewCount":164,"magazineBlocksPostReadTime":4,"magazine_blocks_featured_image_url":{"full":["https:\/\/lobosnews.com.ar\/wp-content\/uploads\/2026\/01\/nicolas-repetto-y-florencia-raggi-disfrutan-el-verano-en-las-playas-de-jose-ignacio-las-romanticas-fotos-32.jpg",1920,1282,false],"medium":["https:\/\/lobosnews.com.ar\/wp-content\/uploads\/2026\/01\/nicolas-repetto-y-florencia-raggi-disfrutan-el-verano-en-las-playas-de-jose-ignacio-las-romanticas-fotos-32-300x200.jpg",300,200,true],"thumbnail":["https:\/\/lobosnews.com.ar\/wp-content\/uploads\/2026\/01\/nicolas-repetto-y-florencia-raggi-disfrutan-el-verano-en-las-playas-de-jose-ignacio-las-romanticas-fotos-32-150x150.jpg",150,150,true]},"magazine_blocks_author":{"display_name":"admin","author_link":"https:\/\/lobosnews.com.ar\/index.php\/author\/lobos-news\/"},"magazine_blocks_comment":0,"magazine_blocks_author_image":"https:\/\/secure.gravatar.com\/avatar\/76e419471a2083bc3ceab22a763dbbf9b0c1bd15a6214cf3280e2c2dde4580f9?s=96&d=mm&r=g","magazine_blocks_category":"<a href=\"#\" class=\"category-link category-link-79\">Cine y Series<\/a>","yoast_head":"<!-- This site is optimized with the Yoast SEO plugin v26.6 - https:\/\/yoast.com\/wordpress\/plugins\/seo\/ -->\n<title>Nicol\u00e1s Repetto y Florencia Raggi disfrutan el verano en las playas de Jos\u00e9 Ignacio: las rom\u00e1nticas fotos - Lobos News<\/title>\n<meta name=\"robots\" content=\"index, follow, max-snippet:-1, max-image-preview:large, max-video-preview:-1\" \/>\n<link rel=\"canonical\" href=\"https:\/\/lobosnews.com.ar\/index.php\/2026\/01\/05\/nicolas-repetto-y-florencia-raggi-disfrutan-el-verano-en-las-playas-de-jose-ignacio-las-romanticas-fotos\/\" \/>\n<meta property=\"og:locale\" content=\"es_ES\" \/>\n<meta property=\"og:type\" content=\"article\" \/>\n<meta property=\"og:title\" content=\"Nicol\u00e1s Repetto y Florencia Raggi disfrutan el verano en las playas de Jos\u00e9 Ignacio: las rom\u00e1nticas fotos - Lobos News\" \/>\n<meta property=\"og:description\" content=\"Nicol\u00e1s Repetto y Florencia Raggi eligieron una vez m\u00e1s Uruguay como refugio de calma. La pareja fue fotografiada durante una caminata relajada por Jos\u00e9 Ignacio, uno de los destinos predilectos de las celebridades para pasar el verano. Las im\u00e1genes no tardaron en circular: se los vio sonrientes, distendidos y en sinton\u00eda, mezclados entre turistas y...\" \/>\n<meta property=\"og:url\" content=\"https:\/\/lobosnews.com.ar\/index.php\/2026\/01\/05\/nicolas-repetto-y-florencia-raggi-disfrutan-el-verano-en-las-playas-de-jose-ignacio-las-romanticas-fotos\/\" \/>\n<meta property=\"og:site_name\" content=\"Lobos News\" \/>\n<meta property=\"article:published_time\" content=\"2026-01-05T04:31:56+00:00\" \/>\n<meta property=\"article:modified_time\" content=\"2026-01-05T15:47:02+00:00\" \/>\n<meta property=\"og:image\" content=\"https:\/\/lobosnews.com.ar\/wp-content\/uploads\/2026\/01\/nicolas-repetto-y-florencia-raggi-disfrutan-el-verano-en-las-playas-de-jose-ignacio-las-romanticas-fotos.jpg\" \/>\n<meta name=\"author\" content=\"admin\" \/>\n<meta name=\"twitter:card\" content=\"summary_large_image\" \/>\n<meta name=\"twitter:label1\" content=\"Escrito por\" \/>\n\t<meta name=\"twitter:data1\" content=\"admin\" \/>\n\t<meta name=\"twitter:label2\" content=\"Tiempo de lectura\" \/>\n\t<meta name=\"twitter:data2\" content=\"3 minutos\" \/>\n<script type=\"application\/ld+json\" class=\"yoast-schema-graph\">{\"@context\":\"https:\/\/schema.org\",\"@graph\":[{\"@type\":\"Article\",\"@id\":\"https:\/\/lobosnews.com.ar\/index.php\/2026\/01\/05\/nicolas-repetto-y-florencia-raggi-disfrutan-el-verano-en-las-playas-de-jose-ignacio-las-romanticas-fotos\/#article\",\"isPartOf\":{\"@id\":\"https:\/\/lobosnews.com.ar\/index.php\/2026\/01\/05\/nicolas-repetto-y-florencia-raggi-disfrutan-el-verano-en-las-playas-de-jose-ignacio-las-romanticas-fotos\/\"},\"author\":{\"name\":\"admin\",\"@id\":\"https:\/\/lobosnews.com.ar\/#\/schema\/person\/232422a593d5c541dd9aef6aaed10943\"},\"headline\":\"Nicol\u00e1s Repetto y Florencia Raggi disfrutan el verano en las playas de Jos\u00e9 Ignacio: las rom\u00e1nticas fotos\",\"datePublished\":\"2026-01-05T04:31:56+00:00\",\"dateModified\":\"2026-01-05T15:47:02+00:00\",\"mainEntityOfPage\":{\"@id\":\"https:\/\/lobosnews.com.ar\/index.php\/2026\/01\/05\/nicolas-repetto-y-florencia-raggi-disfrutan-el-verano-en-las-playas-de-jose-ignacio-las-romanticas-fotos\/\"},\"wordCount\":656,\"commentCount\":0,\"publisher\":{\"@id\":\"https:\/\/lobosnews.com.ar\/#organization\"},\"image\":{\"@id\":\"https:\/\/lobosnews.com.ar\/index.php\/2026\/01\/05\/nicolas-repetto-y-florencia-raggi-disfrutan-el-verano-en-las-playas-de-jose-ignacio-las-romanticas-fotos\/#primaryimage\"},\"thumbnailUrl\":\"https:\/\/lobosnews.com.ar\/wp-content\/uploads\/2026\/01\/nicolas-repetto-y-florencia-raggi-disfrutan-el-verano-en-las-playas-de-jose-ignacio-las-romanticas-fotos-32.jpg\",\"articleSection\":[\"Cine y Series\"],\"inLanguage\":\"es\",\"potentialAction\":[{\"@type\":\"CommentAction\",\"name\":\"Comment\",\"target\":[\"https:\/\/lobosnews.com.ar\/index.php\/2026\/01\/05\/nicolas-repetto-y-florencia-raggi-disfrutan-el-verano-en-las-playas-de-jose-ignacio-las-romanticas-fotos\/#respond\"]}]},{\"@type\":\"WebPage\",\"@id\":\"https:\/\/lobosnews.com.ar\/index.php\/2026\/01\/05\/nicolas-repetto-y-florencia-raggi-disfrutan-el-verano-en-las-playas-de-jose-ignacio-las-romanticas-fotos\/\",\"url\":\"https:\/\/lobosnews.com.ar\/index.php\/2026\/01\/05\/nicolas-repetto-y-florencia-raggi-disfrutan-el-verano-en-las-playas-de-jose-ignacio-las-romanticas-fotos\/\",\"name\":\"Nicol\u00e1s Repetto y Florencia Raggi disfrutan el verano en las playas de Jos\u00e9 Ignacio: las rom\u00e1nticas fotos - Lobos News\",\"isPartOf\":{\"@id\":\"https:\/\/lobosnews.com.ar\/#website\"},\"primaryImageOfPage\":{\"@id\":\"https:\/\/lobosnews.com.ar\/index.php\/2026\/01\/05\/nicolas-repetto-y-florencia-raggi-disfrutan-el-verano-en-las-playas-de-jose-ignacio-las-romanticas-fotos\/#primaryimage\"},\"image\":{\"@id\":\"https:\/\/lobosnews.com.ar\/index.php\/2026\/01\/05\/nicolas-repetto-y-florencia-raggi-disfrutan-el-verano-en-las-playas-de-jose-ignacio-las-romanticas-fotos\/#primaryimage\"},\"thumbnailUrl\":\"https:\/\/lobosnews.com.ar\/wp-content\/uploads\/2026\/01\/nicolas-repetto-y-florencia-raggi-disfrutan-el-verano-en-las-playas-de-jose-ignacio-las-romanticas-fotos-32.jpg\",\"datePublished\":\"2026-01-05T04:31:56+00:00\",\"dateModified\":\"2026-01-05T15:47:02+00:00\",\"breadcrumb\":{\"@id\":\"https:\/\/lobosnews.com.ar\/index.php\/2026\/01\/05\/nicolas-repetto-y-florencia-raggi-disfrutan-el-verano-en-las-playas-de-jose-ignacio-las-romanticas-fotos\/#breadcrumb\"},\"inLanguage\":\"es\",\"potentialAction\":[{\"@type\":\"ReadAction\",\"target\":[\"https:\/\/lobosnews.com.ar\/index.php\/2026\/01\/05\/nicolas-repetto-y-florencia-raggi-disfrutan-el-verano-en-las-playas-de-jose-ignacio-las-romanticas-fotos\/\"]}]},{\"@type\":\"ImageObject\",\"inLanguage\":\"es\",\"@id\":\"https:\/\/lobosnews.com.ar\/index.php\/2026\/01\/05\/nicolas-repetto-y-florencia-raggi-disfrutan-el-verano-en-las-playas-de-jose-ignacio-las-romanticas-fotos\/#primaryimage\",\"url\":\"https:\/\/lobosnews.com.ar\/wp-content\/uploads\/2026\/01\/nicolas-repetto-y-florencia-raggi-disfrutan-el-verano-en-las-playas-de-jose-ignacio-las-romanticas-fotos-32.jpg\",\"contentUrl\":\"https:\/\/lobosnews.com.ar\/wp-content\/uploads\/2026\/01\/nicolas-repetto-y-florencia-raggi-disfrutan-el-verano-en-las-playas-de-jose-ignacio-las-romanticas-fotos-32.jpg\",\"width\":1920,\"height\":1282,\"caption\":\"Nicol\u00e1s Repetto y Florencia Raggi disfrutan el verano en las playas de Jos\u00e9 Ignacio: las rom\u00e1nticas fotos\"},{\"@type\":\"BreadcrumbList\",\"@id\":\"https:\/\/lobosnews.com.ar\/index.php\/2026\/01\/05\/nicolas-repetto-y-florencia-raggi-disfrutan-el-verano-en-las-playas-de-jose-ignacio-las-romanticas-fotos\/#breadcrumb\",\"itemListElement\":[{\"@type\":\"ListItem\",\"position\":1,\"name\":\"Portada\",\"item\":\"https:\/\/lobosnews.com.ar\/\"},{\"@type\":\"ListItem\",\"position\":2,\"name\":\"Nicol\u00e1s Repetto y Florencia Raggi disfrutan el verano en las playas de Jos\u00e9 Ignacio: las rom\u00e1nticas fotos\"}]},{\"@type\":\"WebSite\",\"@id\":\"https:\/\/lobosnews.com.ar\/#website\",\"url\":\"https:\/\/lobosnews.com.ar\/\",\"name\":\"Lobos News\",\"description\":\"Informaci\u00f3n a cada instante\",\"publisher\":{\"@id\":\"https:\/\/lobosnews.com.ar\/#organization\"},\"potentialAction\":[{\"@type\":\"SearchAction\",\"target\":{\"@type\":\"EntryPoint\",\"urlTemplate\":\"https:\/\/lobosnews.com.ar\/?s={search_term_string}\"},\"query-input\":{\"@type\":\"PropertyValueSpecification\",\"valueRequired\":true,\"valueName\":\"search_term_string\"}}],\"inLanguage\":\"es\"},{\"@type\":\"Organization\",\"@id\":\"https:\/\/lobosnews.com.ar\/#organization\",\"name\":\"Lobos News\",\"url\":\"https:\/\/lobosnews.com.ar\/\",\"logo\":{\"@type\":\"ImageObject\",\"inLanguage\":\"es\",\"@id\":\"https:\/\/lobosnews.com.ar\/#\/schema\/logo\/image\/\",\"url\":\"https:\/\/lobosnews.com.ar\/wp-content\/uploads\/2026\/01\/logo-lobosnews.png\",\"contentUrl\":\"https:\/\/lobosnews.com.ar\/wp-content\/uploads\/2026\/01\/logo-lobosnews.png\",\"width\":500,\"height\":200,\"caption\":\"Lobos News\"},\"image\":{\"@id\":\"https:\/\/lobosnews.com.ar\/#\/schema\/logo\/image\/\"}},{\"@type\":\"Person\",\"@id\":\"https:\/\/lobosnews.com.ar\/#\/schema\/person\/232422a593d5c541dd9aef6aaed10943\",\"name\":\"admin\",\"image\":{\"@type\":\"ImageObject\",\"inLanguage\":\"es\",\"@id\":\"https:\/\/lobosnews.com.ar\/#\/schema\/person\/image\/\",\"url\":\"https:\/\/secure.gravatar.com\/avatar\/76e419471a2083bc3ceab22a763dbbf9b0c1bd15a6214cf3280e2c2dde4580f9?s=96&d=mm&r=g\",\"contentUrl\":\"https:\/\/secure.gravatar.com\/avatar\/76e419471a2083bc3ceab22a763dbbf9b0c1bd15a6214cf3280e2c2dde4580f9?s=96&d=mm&r=g\",\"caption\":\"admin\"},\"sameAs\":[\"https:\/\/lobosnews.com.ar\"],\"url\":\"https:\/\/lobosnews.com.ar\/index.php\/author\/lobos-news\/\"}]}<\/script>\n<!-- \/ Yoast SEO plugin. -->","yoast_head_json":{"title":"Nicol\u00e1s Repetto y Florencia Raggi disfrutan el verano en las playas de Jos\u00e9 Ignacio: las rom\u00e1nticas fotos - Lobos News","robots":{"index":"index","follow":"follow","max-snippet":"max-snippet:-1","max-image-preview":"max-image-preview:large","max-video-preview":"max-video-preview:-1"},"canonical":"https:\/\/lobosnews.com.ar\/index.php\/2026\/01\/05\/nicolas-repetto-y-florencia-raggi-disfrutan-el-verano-en-las-playas-de-jose-ignacio-las-romanticas-fotos\/","og_locale":"es_ES","og_type":"article","og_title":"Nicol\u00e1s Repetto y Florencia Raggi disfrutan el verano en las playas de Jos\u00e9 Ignacio: las rom\u00e1nticas fotos - Lobos News","og_description":"Nicol\u00e1s Repetto y Florencia Raggi eligieron una vez m\u00e1s Uruguay como refugio de calma. La pareja fue fotografiada durante una caminata relajada por Jos\u00e9 Ignacio, uno de los destinos predilectos de las celebridades para pasar el verano. Las im\u00e1genes no tardaron en circular: se los vio sonrientes, distendidos y en sinton\u00eda, mezclados entre turistas y...","og_url":"https:\/\/lobosnews.com.ar\/index.php\/2026\/01\/05\/nicolas-repetto-y-florencia-raggi-disfrutan-el-verano-en-las-playas-de-jose-ignacio-las-romanticas-fotos\/","og_site_name":"Lobos News","article_published_time":"2026-01-05T04:31:56+00:00","article_modified_time":"2026-01-05T15:47:02+00:00","og_image":[{"url":"https:\/\/lobosnews.com.ar\/wp-content\/uploads\/2026\/01\/nicolas-repetto-y-florencia-raggi-disfrutan-el-verano-en-las-playas-de-jose-ignacio-las-romanticas-fotos.jpg","type":"","width":"","height":""}],"author":"admin","twitter_card":"summary_large_image","twitter_misc":{"Escrito por":"admin","Tiempo de lectura":"3 minutos"},"schema":{"@context":"https:\/\/schema.org","@graph":[{"@type":"Article","@id":"https:\/\/lobosnews.com.ar\/index.php\/2026\/01\/05\/nicolas-repetto-y-florencia-raggi-disfrutan-el-verano-en-las-playas-de-jose-ignacio-las-romanticas-fotos\/#article","isPartOf":{"@id":"https:\/\/lobosnews.com.ar\/index.php\/2026\/01\/05\/nicolas-repetto-y-florencia-raggi-disfrutan-el-verano-en-las-playas-de-jose-ignacio-las-romanticas-fotos\/"},"author":{"name":"admin","@id":"https:\/\/lobosnews.com.ar\/#\/schema\/person\/232422a593d5c541dd9aef6aaed10943"},"headline":"Nicol\u00e1s Repetto y Florencia Raggi disfrutan el verano en las playas de Jos\u00e9 Ignacio: las rom\u00e1nticas fotos","datePublished":"2026-01-05T04:31:56+00:00","dateModified":"2026-01-05T15:47:02+00:00","mainEntityOfPage":{"@id":"https:\/\/lobosnews.com.ar\/index.php\/2026\/01\/05\/nicolas-repetto-y-florencia-raggi-disfrutan-el-verano-en-las-playas-de-jose-ignacio-las-romanticas-fotos\/"},"wordCount":656,"commentCount":0,"publisher":{"@id":"https:\/\/lobosnews.com.ar\/#organization"},"image":{"@id":"https:\/\/lobosnews.com.ar\/index.php\/2026\/01\/05\/nicolas-repetto-y-florencia-raggi-disfrutan-el-verano-en-las-playas-de-jose-ignacio-las-romanticas-fotos\/#primaryimage"},"thumbnailUrl":"https:\/\/lobosnews.com.ar\/wp-content\/uploads\/2026\/01\/nicolas-repetto-y-florencia-raggi-disfrutan-el-verano-en-las-playas-de-jose-ignacio-las-romanticas-fotos-32.jpg","articleSection":["Cine y Series"],"inLanguage":"es","potentialAction":[{"@type":"CommentAction","name":"Comment","target":["https:\/\/lobosnews.com.ar\/index.php\/2026\/01\/05\/nicolas-repetto-y-florencia-raggi-disfrutan-el-verano-en-las-playas-de-jose-ignacio-las-romanticas-fotos\/#respond"]}]},{"@type":"WebPage","@id":"https:\/\/lobosnews.com.ar\/index.php\/2026\/01\/05\/nicolas-repetto-y-florencia-raggi-disfrutan-el-verano-en-las-playas-de-jose-ignacio-las-romanticas-fotos\/","url":"https:\/\/lobosnews.com.ar\/index.php\/2026\/01\/05\/nicolas-repetto-y-florencia-raggi-disfrutan-el-verano-en-las-playas-de-jose-ignacio-las-romanticas-fotos\/","name":"Nicol\u00e1s Repetto y Florencia Raggi disfrutan el verano en las playas de Jos\u00e9 Ignacio: las rom\u00e1nticas fotos - Lobos News","isPartOf":{"@id":"https:\/\/lobosnews.com.ar\/#website"},"primaryImageOfPage":{"@id":"https:\/\/lobosnews.com.ar\/index.php\/2026\/01\/05\/nicolas-repetto-y-florencia-raggi-disfrutan-el-verano-en-las-playas-de-jose-ignacio-las-romanticas-fotos\/#primaryimage"},"image":{"@id":"https:\/\/lobosnews.com.ar\/index.php\/2026\/01\/05\/nicolas-repetto-y-florencia-raggi-disfrutan-el-verano-en-las-playas-de-jose-ignacio-las-romanticas-fotos\/#primaryimage"},"thumbnailUrl":"https:\/\/lobosnews.com.ar\/wp-content\/uploads\/2026\/01\/nicolas-repetto-y-florencia-raggi-disfrutan-el-verano-en-las-playas-de-jose-ignacio-las-romanticas-fotos-32.jpg","datePublished":"2026-01-05T04:31:56+00:00","dateModified":"2026-01-05T15:47:02+00:00","breadcrumb":{"@id":"https:\/\/lobosnews.com.ar\/index.php\/2026\/01\/05\/nicolas-repetto-y-florencia-raggi-disfrutan-el-verano-en-las-playas-de-jose-ignacio-las-romanticas-fotos\/#breadcrumb"},"inLanguage":"es","potentialAction":[{"@type":"ReadAction","target":["https:\/\/lobosnews.com.ar\/index.php\/2026\/01\/05\/nicolas-repetto-y-florencia-raggi-disfrutan-el-verano-en-las-playas-de-jose-ignacio-las-romanticas-fotos\/"]}]},{"@type":"ImageObject","inLanguage":"es","@id":"https:\/\/lobosnews.com.ar\/index.php\/2026\/01\/05\/nicolas-repetto-y-florencia-raggi-disfrutan-el-verano-en-las-playas-de-jose-ignacio-las-romanticas-fotos\/#primaryimage","url":"https:\/\/lobosnews.com.ar\/wp-content\/uploads\/2026\/01\/nicolas-repetto-y-florencia-raggi-disfrutan-el-verano-en-las-playas-de-jose-ignacio-las-romanticas-fotos-32.jpg","contentUrl":"https:\/\/lobosnews.com.ar\/wp-content\/uploads\/2026\/01\/nicolas-repetto-y-florencia-raggi-disfrutan-el-verano-en-las-playas-de-jose-ignacio-las-romanticas-fotos-32.jpg","width":1920,"height":1282,"caption":"Nicol\u00e1s Repetto y Florencia Raggi disfrutan el verano en las playas de Jos\u00e9 Ignacio: las rom\u00e1nticas fotos"},{"@type":"BreadcrumbList","@id":"https:\/\/lobosnews.com.ar\/index.php\/2026\/01\/05\/nicolas-repetto-y-florencia-raggi-disfrutan-el-verano-en-las-playas-de-jose-ignacio-las-romanticas-fotos\/#breadcrumb","itemListElement":[{"@type":"ListItem","position":1,"name":"Portada","item":"https:\/\/lobosnews.com.ar\/"},{"@type":"ListItem","position":2,"name":"Nicol\u00e1s Repetto y Florencia Raggi disfrutan el verano en las playas de Jos\u00e9 Ignacio: las rom\u00e1nticas fotos"}]},{"@type":"WebSite","@id":"https:\/\/lobosnews.com.ar\/#website","url":"https:\/\/lobosnews.com.ar\/","name":"Lobos News","description":"Informaci\u00f3n a cada instante","publisher":{"@id":"https:\/\/lobosnews.com.ar\/#organization"},"potentialAction":[{"@type":"SearchAction","target":{"@type":"EntryPoint","urlTemplate":"https:\/\/lobosnews.com.ar\/?s={search_term_string}"},"query-input":{"@type":"PropertyValueSpecification","valueRequired":true,"valueName":"search_term_string"}}],"inLanguage":"es"},{"@type":"Organization","@id":"https:\/\/lobosnews.com.ar\/#organization","name":"Lobos News","url":"https:\/\/lobosnews.com.ar\/","logo":{"@type":"ImageObject","inLanguage":"es","@id":"https:\/\/lobosnews.com.ar\/#\/schema\/logo\/image\/","url":"https:\/\/lobosnews.com.ar\/wp-content\/uploads\/2026\/01\/logo-lobosnews.png","contentUrl":"https:\/\/lobosnews.com.ar\/wp-content\/uploads\/2026\/01\/logo-lobosnews.png","width":500,"height":200,"caption":"Lobos News"},"image":{"@id":"https:\/\/lobosnews.com.ar\/#\/schema\/logo\/image\/"}},{"@type":"Person","@id":"https:\/\/lobosnews.com.ar\/#\/schema\/person\/232422a593d5c541dd9aef6aaed10943","name":"admin","image":{"@type":"ImageObject","inLanguage":"es","@id":"https:\/\/lobosnews.com.ar\/#\/schema\/person\/image\/","url":"https:\/\/secure.gravatar.com\/avatar\/76e419471a2083bc3ceab22a763dbbf9b0c1bd15a6214cf3280e2c2dde4580f9?s=96&d=mm&r=g","contentUrl":"https:\/\/secure.gravatar.com\/avatar\/76e419471a2083bc3ceab22a763dbbf9b0c1bd15a6214cf3280e2c2dde4580f9?s=96&d=mm&r=g","caption":"admin"},"sameAs":["https:\/\/lobosnews.com.ar"],"url":"https:\/\/lobosnews.com.ar\/index.php\/author\/lobos-news\/"}]}},"jetpack_featured_media_url":"https:\/\/lobosnews.com.ar\/wp-content\/uploads\/2026\/01\/nicolas-repetto-y-florencia-raggi-disfrutan-el-verano-en-las-playas-de-jose-ignacio-las-romanticas-fotos-32.jpg","jetpack_sharing_enabled":true,"_links":{"self":[{"href":"https:\/\/lobosnews.com.ar\/index.php\/wp-json\/wp\/v2\/posts\/2147","targetHints":{"allow":["GET"]}}],"collection":[{"href":"https:\/\/lobosnews.com.ar\/index.php\/wp-json\/wp\/v2\/posts"}],"about":[{"href":"https:\/\/lobosnews.com.ar\/index.php\/wp-json\/wp\/v2\/types\/post"}],"author":[{"embeddable":true,"href":"https:\/\/lobosnews.com.ar\/index.php\/wp-json\/wp\/v2\/users\/1"}],"replies":[{"embeddable":true,"href":"https:\/\/lobosnews.com.ar\/index.php\/wp-json\/wp\/v2\/comments?post=2147"}],"version-history":[{"count":1,"href":"https:\/\/lobosnews.com.ar\/index.php\/wp-json\/wp\/v2\/posts\/2147\/revisions"}],"predecessor-version":[{"id":2156,"href":"https:\/\/lobosnews.com.ar\/index.php\/wp-json\/wp\/v2\/posts\/2147\/revisions\/2156"}],"wp:featuredmedia":[{"embeddable":true,"href":"https:\/\/lobosnews.com.ar\/index.php\/wp-json\/wp\/v2\/media\/2157"}],"wp:attachment":[{"href":"https:\/\/lobosnews.com.ar\/index.php\/wp-json\/wp\/v2\/media?parent=2147"}],"wp:term":[{"taxonomy":"category","embeddable":true,"href":"https:\/\/lobosnews.com.ar\/index.php\/wp-json\/wp\/v2\/categories?post=2147"},{"taxonomy":"post_tag","embeddable":true,"href":"https:\/\/lobosnews.com.ar\/index.php\/wp-json\/wp\/v2\/tags?post=2147"}],"curies":[{"name":"wp","href":"https:\/\/api.w.org\/{rel}","templated":true}]}}