{"id":18887,"date":"2026-02-10T23:41:19","date_gmt":"2026-02-10T23:41:19","guid":{"rendered":"https:\/\/lobosnews.com.ar\/index.php\/2026\/02\/10\/violento-choque-frontal-en-santa-fe-murieron-dos-mujeres-y-otras-dos-personas-fueron-hospitalizadas\/"},"modified":"2026-02-11T04:00:49","modified_gmt":"2026-02-11T04:00:49","slug":"violento-choque-frontal-en-santa-fe-murieron-dos-mujeres-y-otras-dos-personas-fueron-hospitalizadas","status":"publish","type":"post","link":"https:\/\/lobosnews.com.ar\/index.php\/2026\/02\/10\/violento-choque-frontal-en-santa-fe-murieron-dos-mujeres-y-otras-dos-personas-fueron-hospitalizadas\/","title":{"rendered":"Violento choque frontal en Santa Fe: murieron dos mujeres y otras dos personas fueron hospitalizadas"},"content":{"rendered":"<p><img loading=\"lazy\" decoding=\"async\" src=\"https:\/\/lobosnews.com.ar\/wp-content\/uploads\/2026\/02\/violento-choque-frontal-en-santa-fe-murieron-dos-mujeres-y-otras-dos-personas-fueron-hospitalizadas.jpg\" alt=\"Autoridades de seguridad vial y Bomberos Voluntarios de Alcorta participaron en las tareas de rescate e investigaci\u00f3n tras el accidente en Santa Fe\" height=\"543\" width=\"642\"\/><\/p>\n<p>Un siniestro vial se registr\u00f3 este martes por la ma\u00f1ana en la <b>ruta provincial 90<\/b>, entre las localidades de <b>Alcorta<\/b> y <b>Carreras<\/b>, a unos 100 kil\u00f3metros al sur de <b>Rosario<\/b>, en la provincia de <span class=\"waslinkname\"><b>Santa Fe<\/b><\/span>. El hecho involucr\u00f3 a una <b>Toyota Hilux<\/b>, conducida por un hombre oriundo de <b>Rufino<\/b>, y un <b>Fiat Cronos<\/b> en el que viajaban tres personas provenientes de <b>Arroyo Seco<\/b>.<\/p>\n<p>El impacto, que ocurri\u00f3 a la altura del kil\u00f3metro 91, seg\u00fan indic\u00f3 la <b>Agencia Provincial de Seguridad Vial <\/b>a trav\u00e9s de su cuenta oficial de <i>X. <\/i>El siniestro provoc\u00f3 el fallecimiento de dos mujeres que viajaban como acompa\u00f1antes en el Cronos. El conductor de ese veh\u00edculo result\u00f3 con lesiones leves, sin riesgo para su vida.<\/p>\n<p>Por su parte, la mujer que manejaba la Hilux tampoco sufri\u00f3 heridas de gravedad, aunque fue trasladada preventivamente al <b>Samco de Alcorta<\/b>. De acuerdo a fuentes oficiales, los dos heridos permanecen fuera de peligro a pesar de los traumatismos generados.<\/p>\n<p>La escena del accidente oblig\u00f3 al corte total de la ruta en la rotonda de <b>Melincu\u00e9<\/b> y en la intersecci\u00f3n con la <b>Ruta 178<\/b>. <b>Bomberos Voluntarios de Alcorta<\/b>, peritos de la Fiscal\u00eda y personal policial trabajaron en el lugar, mientras la <b>Guardia Provincial<\/b> realiz\u00f3 desv\u00edos en los cruces de las rutas provinciales 90 y 93, y en la 90 y 178, para ordenar el tr\u00e1nsito y permitir las tareas de rescate e investigaci\u00f3n.<\/p>\n<p>Testigos que circularon durante la ma\u00f1ana se\u00f1alaron la presencia de neblina en algunos sectores de la zona, aunque las causas del choque no fueron precisadas por las autoridades, que a\u00fan se encontraban trabajando para determinar las circunstancias exactas.<\/p>\n<p>En <i>El Diario Despertar 89.9 <\/i>dialogaron con el <b>Jefe de Bomberos Voluntarios de Alcora<\/b>, <b>Sergio Cirucich <\/b>que estuvo a cargo del operativo. El mismo confirm\u00f3 las dos fallecidas y la hospitalizaci\u00f3n de las personas heridas.<\/p>\n<p>Asegur\u00f3 que <b>\u201cen ese momento hab\u00eda neblina en la zona\u201d<\/b>, pero que despu\u00e9s no sabe por qu\u00e9 pudo haberse generado el accidente. \u201c<b>Es una ruta que est\u00e1 en muy buenas condiciones<\/b>, una recta, as\u00ed que no s\u00e9. Ahora la Polic\u00eda determinar\u00e1 las causas\u201d, remarc\u00f3.<\/p>\n<p>Tambi\u00e9n confirm\u00f3 que la Polic\u00eda Cient\u00edfica se est\u00e1 encargando de realizar las tareas de investigaci\u00f3n, aunque aport\u00f3 que <b>no hay indicios de frenadas o de un tercer veh\u00edculo<\/b> que haya participado de la mec\u00e1nica del accidente.<\/p>\n<h2>Un motociclista de 24 a\u00f1os muri\u00f3 tras impactar contra un cami\u00f3n estacionado<\/h2>\n<p><img loading=\"lazy\" decoding=\"async\" src=\"https:\/\/lobosnews.com.ar\/wp-content\/uploads\/2026\/02\/violento-choque-frontal-en-santa-fe-murieron-dos-mujeres-y-otras-dos-personas-fueron-hospitalizadas-1.jpg\" alt=\"El choque mortal en Panamericana involucr\u00f3 un cami\u00f3n Mercedes Benz 710 y una motocicleta Zanella ZT 150, alterando el flujo vehicular varias horas\" height=\"1080\" width=\"1920\"\/><\/p>\n<p>Un accidente de tr\u00e1nsito con resultado fatal tuvo lugar en la <b>Autopista Panamericana<\/b>, a la altura del kil\u00f3metro 28,5, en direcci\u00f3n a la <b>Ciudad de Buenos Aires<\/b>, <span class=\"waslinkname\">durante la tarde del \u00faltimo lunes<\/span>.<\/p>\n<p>Seg\u00fan la informaci\u00f3n proporcionada por las autoridades, el hecho involucr\u00f3 a un cami\u00f3n <b>Mercedes Benz<\/b> modelo 710 y una motocicleta <b>Zanella ZT 150<\/b>, ambos de color rojo, en una zona bajo la competencia de la <b>Comisar\u00eda Tigre 3ra<\/b>.<\/p>\n<p>El cami\u00f3n, conducido por <b>F.J.M.<\/b>, de 45 a\u00f1os, se hallaba detenido en la banquina externa debido a una falla mec\u00e1nica. En ese momento, personal de la concesionaria de la autopista colaboraba con una gr\u00faa de grandes dimensiones para asistir al veh\u00edculo.<\/p>\n<p>Por motivos que a\u00fan se investigan, la motocicleta que manejaba <b>Alan Nahuel Salvatierra Poblete<\/b>, de 24 a\u00f1os, impact\u00f3 contra la parte posterior del cami\u00f3n.<\/p>\n<p>La investigaci\u00f3n qued\u00f3 en manos de la <b>Unidad Funcional de Instrucci\u00f3n \u00danica de Don Torcuato<\/b>, a cargo del fiscal <b>Jos\u00e9 Ignacio Amallo<\/b>, de acuerdo con lo comunicado por la polic\u00eda. Agentes del <b>Destacamento Vial<\/b> realizaron las diligencias habituales en el lugar, en presencia de la <b>Polic\u00eda Cient\u00edfica<\/b>, que efectu\u00f3 los peritajes correspondientes.<\/p>\n<p>El cuerpo de la v\u00edctima fue llevado a la morgue judicial para la autopsia, medida dispuesta por la fiscal\u00eda. El flujo vehicular se vio alterado durante varias horas debido a las tareas de peritaje.<\/p>\n<p>La concesionaria <b>Autopistas del Sol<\/b> inform\u00f3 a trav\u00e9s de sus plataformas digitales que el choque caus\u00f3 la interrupci\u00f3n del carril lento y de la banquina, generando considerables demoras y recomendando circular con precauci\u00f3n. M\u00e1s tarde, la misma fuente precis\u00f3 que el hecho dej\u00f3 como saldo un fallecido y un conductor que result\u00f3 ileso.<\/p>\n<p>El siniestro, que involucr\u00f3 a un joven motociclista y a un chofer profesional, motiv\u00f3 la intervenci\u00f3n inmediata de los servicios de emergencia y la implementaci\u00f3n de operativos para garantizar la seguridad vial. Las circunstancias exactas del choque permanecen bajo an\u00e1lisis judicial.<\/p>\n","protected":false},"excerpt":{"rendered":"<p>Un siniestro vial se registr\u00f3 este martes por la ma\u00f1ana en la ruta provincial 90, entre las localidades de Alcorta y Carreras, a unos 100 kil\u00f3metros al sur de Rosario, en la provincia de Santa Fe. El hecho involucr\u00f3 a una Toyota Hilux, conducida por un hombre oriundo de Rufino, y un Fiat Cronos en&#8230;<\/p>\n","protected":false},"author":1,"featured_media":18891,"comment_status":"open","ping_status":"closed","sticky":false,"template":"","format":"standard","meta":{"_jetpack_newsletter_access":"","_jetpack_dont_email_post_to_subs":false,"_jetpack_newsletter_tier_id":0,"_jetpack_memberships_contains_paywalled_content":false,"_jetpack_memberships_contains_paid_content":false,"footnotes":"","jetpack_post_was_ever_published":false},"categories":[31,30,32,77,84,35,36,37],"tags":[],"class_list":["post-18887","post","type-post","status-publish","format-standard","has-post-thumbnail","hentry","category-actualidad","category-argentina","category-economia","category-inseguridad","category-masradios-com","category-nacionales","category-seguridad","category-sociedad"],"magazineBlocksPostFeaturedMedia":{"thumbnail":"https:\/\/lobosnews.com.ar\/wp-content\/uploads\/2026\/02\/violento-choque-frontal-en-santa-fe-murieron-dos-mujeres-y-otras-dos-personas-fueron-hospitalizadas-2-150x150.jpg","medium":"https:\/\/lobosnews.com.ar\/wp-content\/uploads\/2026\/02\/violento-choque-frontal-en-santa-fe-murieron-dos-mujeres-y-otras-dos-personas-fueron-hospitalizadas-2-300x169.jpg","medium_large":"https:\/\/lobosnews.com.ar\/wp-content\/uploads\/2026\/02\/violento-choque-frontal-en-santa-fe-murieron-dos-mujeres-y-otras-dos-personas-fueron-hospitalizadas-2-768x432.jpg","large":"https:\/\/lobosnews.com.ar\/wp-content\/uploads\/2026\/02\/violento-choque-frontal-en-santa-fe-murieron-dos-mujeres-y-otras-dos-personas-fueron-hospitalizadas-2-1024x576.jpg","1536x1536":"https:\/\/lobosnews.com.ar\/wp-content\/uploads\/2026\/02\/violento-choque-frontal-en-santa-fe-murieron-dos-mujeres-y-otras-dos-personas-fueron-hospitalizadas-2-1536x864.jpg","2048x2048":"https:\/\/lobosnews.com.ar\/wp-content\/uploads\/2026\/02\/violento-choque-frontal-en-santa-fe-murieron-dos-mujeres-y-otras-dos-personas-fueron-hospitalizadas-2.jpg","newsmatic-featured":"https:\/\/lobosnews.com.ar\/wp-content\/uploads\/2026\/02\/violento-choque-frontal-en-santa-fe-murieron-dos-mujeres-y-otras-dos-personas-fueron-hospitalizadas-2-820x545.jpg","newsmatic-list":"https:\/\/lobosnews.com.ar\/wp-content\/uploads\/2026\/02\/violento-choque-frontal-en-santa-fe-murieron-dos-mujeres-y-otras-dos-personas-fueron-hospitalizadas-2-600x400.jpg","newsmatic-thumb":"https:\/\/lobosnews.com.ar\/wp-content\/uploads\/2026\/02\/violento-choque-frontal-en-santa-fe-murieron-dos-mujeres-y-otras-dos-personas-fueron-hospitalizadas-2-300x200.jpg","newsmatic-small":"https:\/\/lobosnews.com.ar\/wp-content\/uploads\/2026\/02\/violento-choque-frontal-en-santa-fe-murieron-dos-mujeres-y-otras-dos-personas-fueron-hospitalizadas-2-150x95.jpg","newsmatic-grid":"https:\/\/lobosnews.com.ar\/wp-content\/uploads\/2026\/02\/violento-choque-frontal-en-santa-fe-murieron-dos-mujeres-y-otras-dos-personas-fueron-hospitalizadas-2-400x250.jpg"},"magazineBlocksPostAuthor":{"name":"admin","avatar":"https:\/\/secure.gravatar.com\/avatar\/76e419471a2083bc3ceab22a763dbbf9b0c1bd15a6214cf3280e2c2dde4580f9?s=96&d=mm&r=g"},"magazineBlocksPostCommentsNumber":"0","magazineBlocksPostExcerpt":"Un siniestro vial se registr\u00f3 este martes por la ma\u00f1ana en la ruta provincial 90, entre las localidades de Alcorta y Carreras, a unos 100 kil\u00f3metros al sur de Rosario, en la provincia de Santa Fe. El hecho involucr\u00f3 a una Toyota Hilux, conducida por un hombre oriundo de Rufino, y un Fiat Cronos en...","magazineBlocksPostCategories":["Actualidad","Argentina","econom\u00eda","inseguridad","masradios.com","nacionales","seguridad","sociedad"],"magazineBlocksPostViewCount":241,"magazineBlocksPostReadTime":4,"magazine_blocks_featured_image_url":{"full":["https:\/\/lobosnews.com.ar\/wp-content\/uploads\/2026\/02\/violento-choque-frontal-en-santa-fe-murieron-dos-mujeres-y-otras-dos-personas-fueron-hospitalizadas-2.jpg",1920,1080,false],"medium":["https:\/\/lobosnews.com.ar\/wp-content\/uploads\/2026\/02\/violento-choque-frontal-en-santa-fe-murieron-dos-mujeres-y-otras-dos-personas-fueron-hospitalizadas-2-300x169.jpg",300,169,true],"thumbnail":["https:\/\/lobosnews.com.ar\/wp-content\/uploads\/2026\/02\/violento-choque-frontal-en-santa-fe-murieron-dos-mujeres-y-otras-dos-personas-fueron-hospitalizadas-2-150x150.jpg",150,150,true]},"magazine_blocks_author":{"display_name":"admin","author_link":"https:\/\/lobosnews.com.ar\/index.php\/author\/lobos-news\/"},"magazine_blocks_comment":0,"magazine_blocks_author_image":"https:\/\/secure.gravatar.com\/avatar\/76e419471a2083bc3ceab22a763dbbf9b0c1bd15a6214cf3280e2c2dde4580f9?s=96&d=mm&r=g","magazine_blocks_category":"<a href=\"#\" class=\"category-link category-link-31\">Actualidad<\/a> <a href=\"#\" class=\"category-link category-link-30\">Argentina<\/a> <a href=\"#\" class=\"category-link category-link-32\">econom\u00eda<\/a> <a href=\"#\" class=\"category-link category-link-77\">inseguridad<\/a> <a href=\"#\" class=\"category-link category-link-84\">masradios.com<\/a> <a href=\"#\" class=\"category-link category-link-35\">nacionales<\/a> <a href=\"#\" class=\"category-link category-link-36\">seguridad<\/a> <a href=\"#\" class=\"category-link category-link-37\">sociedad<\/a>","yoast_head":"<!-- This site is optimized with the Yoast SEO plugin v28.0 - https:\/\/yoast.com\/product\/yoast-seo-wordpress\/ -->\n<title>Violento choque frontal en Santa Fe: murieron dos mujeres y otras dos personas fueron hospitalizadas - Lobos News<\/title>\n<meta name=\"robots\" content=\"index, follow, max-snippet:-1, max-image-preview:large, max-video-preview:-1\" \/>\n<link rel=\"canonical\" href=\"https:\/\/lobosnews.com.ar\/index.php\/2026\/02\/10\/violento-choque-frontal-en-santa-fe-murieron-dos-mujeres-y-otras-dos-personas-fueron-hospitalizadas\/\" \/>\n<meta property=\"og:locale\" content=\"es_ES\" \/>\n<meta property=\"og:type\" content=\"article\" \/>\n<meta property=\"og:title\" content=\"Violento choque frontal en Santa Fe: murieron dos mujeres y otras dos personas fueron hospitalizadas - Lobos News\" \/>\n<meta property=\"og:description\" content=\"Un siniestro vial se registr\u00f3 este martes por la ma\u00f1ana en la ruta provincial 90, entre las localidades de Alcorta y Carreras, a unos 100 kil\u00f3metros al sur de Rosario, en la provincia de Santa Fe. El hecho involucr\u00f3 a una Toyota Hilux, conducida por un hombre oriundo de Rufino, y un Fiat Cronos en...\" \/>\n<meta property=\"og:url\" content=\"https:\/\/lobosnews.com.ar\/index.php\/2026\/02\/10\/violento-choque-frontal-en-santa-fe-murieron-dos-mujeres-y-otras-dos-personas-fueron-hospitalizadas\/\" \/>\n<meta property=\"og:site_name\" content=\"Lobos News\" \/>\n<meta property=\"article:published_time\" content=\"2026-02-10T23:41:19+00:00\" \/>\n<meta property=\"article:modified_time\" content=\"2026-02-11T04:00:49+00:00\" \/>\n<meta property=\"og:image\" content=\"https:\/\/lobosnews.com.ar\/wp-content\/uploads\/2026\/02\/violento-choque-frontal-en-santa-fe-murieron-dos-mujeres-y-otras-dos-personas-fueron-hospitalizadas.jpg\" \/>\n<meta name=\"author\" content=\"admin\" \/>\n<meta name=\"twitter:card\" content=\"summary_large_image\" \/>\n<meta name=\"twitter:label1\" content=\"Escrito por\" \/>\n\t<meta name=\"twitter:data1\" content=\"admin\" \/>\n\t<meta name=\"twitter:label2\" content=\"Tiempo de lectura\" \/>\n\t<meta name=\"twitter:data2\" content=\"4 minutos\" \/>\n<script type=\"application\/ld+json\" class=\"yoast-schema-graph\">{\"@context\":\"https:\\\/\\\/schema.org\",\"@graph\":[{\"@type\":\"Article\",\"@id\":\"https:\\\/\\\/lobosnews.com.ar\\\/index.php\\\/2026\\\/02\\\/10\\\/violento-choque-frontal-en-santa-fe-murieron-dos-mujeres-y-otras-dos-personas-fueron-hospitalizadas\\\/#article\",\"isPartOf\":{\"@id\":\"https:\\\/\\\/lobosnews.com.ar\\\/index.php\\\/2026\\\/02\\\/10\\\/violento-choque-frontal-en-santa-fe-murieron-dos-mujeres-y-otras-dos-personas-fueron-hospitalizadas\\\/\"},\"author\":{\"name\":\"admin\",\"@id\":\"https:\\\/\\\/lobosnews.com.ar\\\/#\\\/schema\\\/person\\\/232422a593d5c541dd9aef6aaed10943\"},\"headline\":\"Violento choque frontal en Santa Fe: murieron dos mujeres y otras dos personas fueron hospitalizadas\",\"datePublished\":\"2026-02-10T23:41:19+00:00\",\"dateModified\":\"2026-02-11T04:00:49+00:00\",\"mainEntityOfPage\":{\"@id\":\"https:\\\/\\\/lobosnews.com.ar\\\/index.php\\\/2026\\\/02\\\/10\\\/violento-choque-frontal-en-santa-fe-murieron-dos-mujeres-y-otras-dos-personas-fueron-hospitalizadas\\\/\"},\"wordCount\":771,\"commentCount\":0,\"publisher\":{\"@id\":\"https:\\\/\\\/lobosnews.com.ar\\\/#organization\"},\"image\":{\"@id\":\"https:\\\/\\\/lobosnews.com.ar\\\/index.php\\\/2026\\\/02\\\/10\\\/violento-choque-frontal-en-santa-fe-murieron-dos-mujeres-y-otras-dos-personas-fueron-hospitalizadas\\\/#primaryimage\"},\"thumbnailUrl\":\"https:\\\/\\\/lobosnews.com.ar\\\/wp-content\\\/uploads\\\/2026\\\/02\\\/violento-choque-frontal-en-santa-fe-murieron-dos-mujeres-y-otras-dos-personas-fueron-hospitalizadas-2.jpg\",\"articleSection\":[\"Actualidad\",\"Argentina\",\"econom\u00eda\",\"inseguridad\",\"masradios.com\",\"nacionales\",\"seguridad\",\"sociedad\"],\"inLanguage\":\"es\",\"potentialAction\":[{\"@type\":\"CommentAction\",\"name\":\"Comment\",\"target\":[\"https:\\\/\\\/lobosnews.com.ar\\\/index.php\\\/2026\\\/02\\\/10\\\/violento-choque-frontal-en-santa-fe-murieron-dos-mujeres-y-otras-dos-personas-fueron-hospitalizadas\\\/#respond\"]}]},{\"@type\":\"WebPage\",\"@id\":\"https:\\\/\\\/lobosnews.com.ar\\\/index.php\\\/2026\\\/02\\\/10\\\/violento-choque-frontal-en-santa-fe-murieron-dos-mujeres-y-otras-dos-personas-fueron-hospitalizadas\\\/\",\"url\":\"https:\\\/\\\/lobosnews.com.ar\\\/index.php\\\/2026\\\/02\\\/10\\\/violento-choque-frontal-en-santa-fe-murieron-dos-mujeres-y-otras-dos-personas-fueron-hospitalizadas\\\/\",\"name\":\"Violento choque frontal en Santa Fe: murieron dos mujeres y otras dos personas fueron hospitalizadas - Lobos News\",\"isPartOf\":{\"@id\":\"https:\\\/\\\/lobosnews.com.ar\\\/#website\"},\"primaryImageOfPage\":{\"@id\":\"https:\\\/\\\/lobosnews.com.ar\\\/index.php\\\/2026\\\/02\\\/10\\\/violento-choque-frontal-en-santa-fe-murieron-dos-mujeres-y-otras-dos-personas-fueron-hospitalizadas\\\/#primaryimage\"},\"image\":{\"@id\":\"https:\\\/\\\/lobosnews.com.ar\\\/index.php\\\/2026\\\/02\\\/10\\\/violento-choque-frontal-en-santa-fe-murieron-dos-mujeres-y-otras-dos-personas-fueron-hospitalizadas\\\/#primaryimage\"},\"thumbnailUrl\":\"https:\\\/\\\/lobosnews.com.ar\\\/wp-content\\\/uploads\\\/2026\\\/02\\\/violento-choque-frontal-en-santa-fe-murieron-dos-mujeres-y-otras-dos-personas-fueron-hospitalizadas-2.jpg\",\"datePublished\":\"2026-02-10T23:41:19+00:00\",\"dateModified\":\"2026-02-11T04:00:49+00:00\",\"breadcrumb\":{\"@id\":\"https:\\\/\\\/lobosnews.com.ar\\\/index.php\\\/2026\\\/02\\\/10\\\/violento-choque-frontal-en-santa-fe-murieron-dos-mujeres-y-otras-dos-personas-fueron-hospitalizadas\\\/#breadcrumb\"},\"inLanguage\":\"es\",\"potentialAction\":[{\"@type\":\"ReadAction\",\"target\":[\"https:\\\/\\\/lobosnews.com.ar\\\/index.php\\\/2026\\\/02\\\/10\\\/violento-choque-frontal-en-santa-fe-murieron-dos-mujeres-y-otras-dos-personas-fueron-hospitalizadas\\\/\"]}]},{\"@type\":\"ImageObject\",\"inLanguage\":\"es\",\"@id\":\"https:\\\/\\\/lobosnews.com.ar\\\/index.php\\\/2026\\\/02\\\/10\\\/violento-choque-frontal-en-santa-fe-murieron-dos-mujeres-y-otras-dos-personas-fueron-hospitalizadas\\\/#primaryimage\",\"url\":\"https:\\\/\\\/lobosnews.com.ar\\\/wp-content\\\/uploads\\\/2026\\\/02\\\/violento-choque-frontal-en-santa-fe-murieron-dos-mujeres-y-otras-dos-personas-fueron-hospitalizadas-2.jpg\",\"contentUrl\":\"https:\\\/\\\/lobosnews.com.ar\\\/wp-content\\\/uploads\\\/2026\\\/02\\\/violento-choque-frontal-en-santa-fe-murieron-dos-mujeres-y-otras-dos-personas-fueron-hospitalizadas-2.jpg\",\"width\":1920,\"height\":1080,\"caption\":\"Violento choque frontal en Santa Fe: murieron dos mujeres y otras dos personas fueron hospitalizadas\"},{\"@type\":\"BreadcrumbList\",\"@id\":\"https:\\\/\\\/lobosnews.com.ar\\\/index.php\\\/2026\\\/02\\\/10\\\/violento-choque-frontal-en-santa-fe-murieron-dos-mujeres-y-otras-dos-personas-fueron-hospitalizadas\\\/#breadcrumb\",\"itemListElement\":[{\"@type\":\"ListItem\",\"position\":1,\"name\":\"Portada\",\"item\":\"https:\\\/\\\/lobosnews.com.ar\\\/\"},{\"@type\":\"ListItem\",\"position\":2,\"name\":\"Violento choque frontal en Santa Fe: murieron dos mujeres y otras dos personas fueron hospitalizadas\"}]},{\"@type\":\"WebSite\",\"@id\":\"https:\\\/\\\/lobosnews.com.ar\\\/#website\",\"url\":\"https:\\\/\\\/lobosnews.com.ar\\\/\",\"name\":\"Lobos News\",\"description\":\"Informaci\u00f3n a cada instante\",\"publisher\":{\"@id\":\"https:\\\/\\\/lobosnews.com.ar\\\/#organization\"},\"potentialAction\":[{\"@type\":\"SearchAction\",\"target\":{\"@type\":\"EntryPoint\",\"urlTemplate\":\"https:\\\/\\\/lobosnews.com.ar\\\/?s={search_term_string}\"},\"query-input\":{\"@type\":\"PropertyValueSpecification\",\"valueRequired\":true,\"valueName\":\"search_term_string\"}}],\"inLanguage\":\"es\"},{\"@type\":\"Organization\",\"@id\":\"https:\\\/\\\/lobosnews.com.ar\\\/#organization\",\"name\":\"Lobos News\",\"url\":\"https:\\\/\\\/lobosnews.com.ar\\\/\",\"logo\":{\"@type\":\"ImageObject\",\"inLanguage\":\"es\",\"@id\":\"https:\\\/\\\/lobosnews.com.ar\\\/#\\\/schema\\\/logo\\\/image\\\/\",\"url\":\"https:\\\/\\\/lobosnews.com.ar\\\/wp-content\\\/uploads\\\/2026\\\/01\\\/logo-lobosnews.png\",\"contentUrl\":\"https:\\\/\\\/lobosnews.com.ar\\\/wp-content\\\/uploads\\\/2026\\\/01\\\/logo-lobosnews.png\",\"width\":500,\"height\":200,\"caption\":\"Lobos News\"},\"image\":{\"@id\":\"https:\\\/\\\/lobosnews.com.ar\\\/#\\\/schema\\\/logo\\\/image\\\/\"}},{\"@type\":\"Person\",\"@id\":\"https:\\\/\\\/lobosnews.com.ar\\\/#\\\/schema\\\/person\\\/232422a593d5c541dd9aef6aaed10943\",\"name\":\"admin\",\"image\":{\"@type\":\"ImageObject\",\"inLanguage\":\"es\",\"@id\":\"https:\\\/\\\/secure.gravatar.com\\\/avatar\\\/76e419471a2083bc3ceab22a763dbbf9b0c1bd15a6214cf3280e2c2dde4580f9?s=96&d=mm&r=g\",\"url\":\"https:\\\/\\\/secure.gravatar.com\\\/avatar\\\/76e419471a2083bc3ceab22a763dbbf9b0c1bd15a6214cf3280e2c2dde4580f9?s=96&d=mm&r=g\",\"contentUrl\":\"https:\\\/\\\/secure.gravatar.com\\\/avatar\\\/76e419471a2083bc3ceab22a763dbbf9b0c1bd15a6214cf3280e2c2dde4580f9?s=96&d=mm&r=g\",\"caption\":\"admin\"},\"sameAs\":[\"https:\\\/\\\/lobosnews.com.ar\"],\"url\":\"https:\\\/\\\/lobosnews.com.ar\\\/index.php\\\/author\\\/lobos-news\\\/\"}]}<\/script>\n<!-- \/ Yoast SEO plugin. -->","yoast_head_json":{"title":"Violento choque frontal en Santa Fe: murieron dos mujeres y otras dos personas fueron hospitalizadas - Lobos News","robots":{"index":"index","follow":"follow","max-snippet":"max-snippet:-1","max-image-preview":"max-image-preview:large","max-video-preview":"max-video-preview:-1"},"canonical":"https:\/\/lobosnews.com.ar\/index.php\/2026\/02\/10\/violento-choque-frontal-en-santa-fe-murieron-dos-mujeres-y-otras-dos-personas-fueron-hospitalizadas\/","og_locale":"es_ES","og_type":"article","og_title":"Violento choque frontal en Santa Fe: murieron dos mujeres y otras dos personas fueron hospitalizadas - Lobos News","og_description":"Un siniestro vial se registr\u00f3 este martes por la ma\u00f1ana en la ruta provincial 90, entre las localidades de Alcorta y Carreras, a unos 100 kil\u00f3metros al sur de Rosario, en la provincia de Santa Fe. El hecho involucr\u00f3 a una Toyota Hilux, conducida por un hombre oriundo de Rufino, y un Fiat Cronos en...","og_url":"https:\/\/lobosnews.com.ar\/index.php\/2026\/02\/10\/violento-choque-frontal-en-santa-fe-murieron-dos-mujeres-y-otras-dos-personas-fueron-hospitalizadas\/","og_site_name":"Lobos News","article_published_time":"2026-02-10T23:41:19+00:00","article_modified_time":"2026-02-11T04:00:49+00:00","og_image":[{"url":"https:\/\/lobosnews.com.ar\/wp-content\/uploads\/2026\/02\/violento-choque-frontal-en-santa-fe-murieron-dos-mujeres-y-otras-dos-personas-fueron-hospitalizadas.jpg","type":"","width":"","height":""}],"author":"admin","twitter_card":"summary_large_image","twitter_misc":{"Escrito por":"admin","Tiempo de lectura":"4 minutos"},"schema":{"@context":"https:\/\/schema.org","@graph":[{"@type":"Article","@id":"https:\/\/lobosnews.com.ar\/index.php\/2026\/02\/10\/violento-choque-frontal-en-santa-fe-murieron-dos-mujeres-y-otras-dos-personas-fueron-hospitalizadas\/#article","isPartOf":{"@id":"https:\/\/lobosnews.com.ar\/index.php\/2026\/02\/10\/violento-choque-frontal-en-santa-fe-murieron-dos-mujeres-y-otras-dos-personas-fueron-hospitalizadas\/"},"author":{"name":"admin","@id":"https:\/\/lobosnews.com.ar\/#\/schema\/person\/232422a593d5c541dd9aef6aaed10943"},"headline":"Violento choque frontal en Santa Fe: murieron dos mujeres y otras dos personas fueron hospitalizadas","datePublished":"2026-02-10T23:41:19+00:00","dateModified":"2026-02-11T04:00:49+00:00","mainEntityOfPage":{"@id":"https:\/\/lobosnews.com.ar\/index.php\/2026\/02\/10\/violento-choque-frontal-en-santa-fe-murieron-dos-mujeres-y-otras-dos-personas-fueron-hospitalizadas\/"},"wordCount":771,"commentCount":0,"publisher":{"@id":"https:\/\/lobosnews.com.ar\/#organization"},"image":{"@id":"https:\/\/lobosnews.com.ar\/index.php\/2026\/02\/10\/violento-choque-frontal-en-santa-fe-murieron-dos-mujeres-y-otras-dos-personas-fueron-hospitalizadas\/#primaryimage"},"thumbnailUrl":"https:\/\/lobosnews.com.ar\/wp-content\/uploads\/2026\/02\/violento-choque-frontal-en-santa-fe-murieron-dos-mujeres-y-otras-dos-personas-fueron-hospitalizadas-2.jpg","articleSection":["Actualidad","Argentina","econom\u00eda","inseguridad","masradios.com","nacionales","seguridad","sociedad"],"inLanguage":"es","potentialAction":[{"@type":"CommentAction","name":"Comment","target":["https:\/\/lobosnews.com.ar\/index.php\/2026\/02\/10\/violento-choque-frontal-en-santa-fe-murieron-dos-mujeres-y-otras-dos-personas-fueron-hospitalizadas\/#respond"]}]},{"@type":"WebPage","@id":"https:\/\/lobosnews.com.ar\/index.php\/2026\/02\/10\/violento-choque-frontal-en-santa-fe-murieron-dos-mujeres-y-otras-dos-personas-fueron-hospitalizadas\/","url":"https:\/\/lobosnews.com.ar\/index.php\/2026\/02\/10\/violento-choque-frontal-en-santa-fe-murieron-dos-mujeres-y-otras-dos-personas-fueron-hospitalizadas\/","name":"Violento choque frontal en Santa Fe: murieron dos mujeres y otras dos personas fueron hospitalizadas - Lobos News","isPartOf":{"@id":"https:\/\/lobosnews.com.ar\/#website"},"primaryImageOfPage":{"@id":"https:\/\/lobosnews.com.ar\/index.php\/2026\/02\/10\/violento-choque-frontal-en-santa-fe-murieron-dos-mujeres-y-otras-dos-personas-fueron-hospitalizadas\/#primaryimage"},"image":{"@id":"https:\/\/lobosnews.com.ar\/index.php\/2026\/02\/10\/violento-choque-frontal-en-santa-fe-murieron-dos-mujeres-y-otras-dos-personas-fueron-hospitalizadas\/#primaryimage"},"thumbnailUrl":"https:\/\/lobosnews.com.ar\/wp-content\/uploads\/2026\/02\/violento-choque-frontal-en-santa-fe-murieron-dos-mujeres-y-otras-dos-personas-fueron-hospitalizadas-2.jpg","datePublished":"2026-02-10T23:41:19+00:00","dateModified":"2026-02-11T04:00:49+00:00","breadcrumb":{"@id":"https:\/\/lobosnews.com.ar\/index.php\/2026\/02\/10\/violento-choque-frontal-en-santa-fe-murieron-dos-mujeres-y-otras-dos-personas-fueron-hospitalizadas\/#breadcrumb"},"inLanguage":"es","potentialAction":[{"@type":"ReadAction","target":["https:\/\/lobosnews.com.ar\/index.php\/2026\/02\/10\/violento-choque-frontal-en-santa-fe-murieron-dos-mujeres-y-otras-dos-personas-fueron-hospitalizadas\/"]}]},{"@type":"ImageObject","inLanguage":"es","@id":"https:\/\/lobosnews.com.ar\/index.php\/2026\/02\/10\/violento-choque-frontal-en-santa-fe-murieron-dos-mujeres-y-otras-dos-personas-fueron-hospitalizadas\/#primaryimage","url":"https:\/\/lobosnews.com.ar\/wp-content\/uploads\/2026\/02\/violento-choque-frontal-en-santa-fe-murieron-dos-mujeres-y-otras-dos-personas-fueron-hospitalizadas-2.jpg","contentUrl":"https:\/\/lobosnews.com.ar\/wp-content\/uploads\/2026\/02\/violento-choque-frontal-en-santa-fe-murieron-dos-mujeres-y-otras-dos-personas-fueron-hospitalizadas-2.jpg","width":1920,"height":1080,"caption":"Violento choque frontal en Santa Fe: murieron dos mujeres y otras dos personas fueron hospitalizadas"},{"@type":"BreadcrumbList","@id":"https:\/\/lobosnews.com.ar\/index.php\/2026\/02\/10\/violento-choque-frontal-en-santa-fe-murieron-dos-mujeres-y-otras-dos-personas-fueron-hospitalizadas\/#breadcrumb","itemListElement":[{"@type":"ListItem","position":1,"name":"Portada","item":"https:\/\/lobosnews.com.ar\/"},{"@type":"ListItem","position":2,"name":"Violento choque frontal en Santa Fe: murieron dos mujeres y otras dos personas fueron hospitalizadas"}]},{"@type":"WebSite","@id":"https:\/\/lobosnews.com.ar\/#website","url":"https:\/\/lobosnews.com.ar\/","name":"Lobos News","description":"Informaci\u00f3n a cada instante","publisher":{"@id":"https:\/\/lobosnews.com.ar\/#organization"},"potentialAction":[{"@type":"SearchAction","target":{"@type":"EntryPoint","urlTemplate":"https:\/\/lobosnews.com.ar\/?s={search_term_string}"},"query-input":{"@type":"PropertyValueSpecification","valueRequired":true,"valueName":"search_term_string"}}],"inLanguage":"es"},{"@type":"Organization","@id":"https:\/\/lobosnews.com.ar\/#organization","name":"Lobos News","url":"https:\/\/lobosnews.com.ar\/","logo":{"@type":"ImageObject","inLanguage":"es","@id":"https:\/\/lobosnews.com.ar\/#\/schema\/logo\/image\/","url":"https:\/\/lobosnews.com.ar\/wp-content\/uploads\/2026\/01\/logo-lobosnews.png","contentUrl":"https:\/\/lobosnews.com.ar\/wp-content\/uploads\/2026\/01\/logo-lobosnews.png","width":500,"height":200,"caption":"Lobos News"},"image":{"@id":"https:\/\/lobosnews.com.ar\/#\/schema\/logo\/image\/"}},{"@type":"Person","@id":"https:\/\/lobosnews.com.ar\/#\/schema\/person\/232422a593d5c541dd9aef6aaed10943","name":"admin","image":{"@type":"ImageObject","inLanguage":"es","@id":"https:\/\/secure.gravatar.com\/avatar\/76e419471a2083bc3ceab22a763dbbf9b0c1bd15a6214cf3280e2c2dde4580f9?s=96&d=mm&r=g","url":"https:\/\/secure.gravatar.com\/avatar\/76e419471a2083bc3ceab22a763dbbf9b0c1bd15a6214cf3280e2c2dde4580f9?s=96&d=mm&r=g","contentUrl":"https:\/\/secure.gravatar.com\/avatar\/76e419471a2083bc3ceab22a763dbbf9b0c1bd15a6214cf3280e2c2dde4580f9?s=96&d=mm&r=g","caption":"admin"},"sameAs":["https:\/\/lobosnews.com.ar"],"url":"https:\/\/lobosnews.com.ar\/index.php\/author\/lobos-news\/"}]}},"jetpack_featured_media_url":"https:\/\/lobosnews.com.ar\/wp-content\/uploads\/2026\/02\/violento-choque-frontal-en-santa-fe-murieron-dos-mujeres-y-otras-dos-personas-fueron-hospitalizadas-2.jpg","jetpack_sharing_enabled":true,"_links":{"self":[{"href":"https:\/\/lobosnews.com.ar\/index.php\/wp-json\/wp\/v2\/posts\/18887","targetHints":{"allow":["GET"]}}],"collection":[{"href":"https:\/\/lobosnews.com.ar\/index.php\/wp-json\/wp\/v2\/posts"}],"about":[{"href":"https:\/\/lobosnews.com.ar\/index.php\/wp-json\/wp\/v2\/types\/post"}],"author":[{"embeddable":true,"href":"https:\/\/lobosnews.com.ar\/index.php\/wp-json\/wp\/v2\/users\/1"}],"replies":[{"embeddable":true,"href":"https:\/\/lobosnews.com.ar\/index.php\/wp-json\/wp\/v2\/comments?post=18887"}],"version-history":[{"count":1,"href":"https:\/\/lobosnews.com.ar\/index.php\/wp-json\/wp\/v2\/posts\/18887\/revisions"}],"predecessor-version":[{"id":18890,"href":"https:\/\/lobosnews.com.ar\/index.php\/wp-json\/wp\/v2\/posts\/18887\/revisions\/18890"}],"wp:featuredmedia":[{"embeddable":true,"href":"https:\/\/lobosnews.com.ar\/index.php\/wp-json\/wp\/v2\/media\/18891"}],"wp:attachment":[{"href":"https:\/\/lobosnews.com.ar\/index.php\/wp-json\/wp\/v2\/media?parent=18887"}],"wp:term":[{"taxonomy":"category","embeddable":true,"href":"https:\/\/lobosnews.com.ar\/index.php\/wp-json\/wp\/v2\/categories?post=18887"},{"taxonomy":"post_tag","embeddable":true,"href":"https:\/\/lobosnews.com.ar\/index.php\/wp-json\/wp\/v2\/tags?post=18887"}],"curies":[{"name":"wp","href":"https:\/\/api.w.org\/{rel}","templated":true}]}}