{"id":11530,"date":"2026-01-25T20:47:12","date_gmt":"2026-01-25T20:47:12","guid":{"rendered":"https:\/\/lobosnews.com.ar\/index.php\/2026\/01\/25\/el-regimen-irani-amenazo-con-imponer-castigos-sin-clemencia-a-los-manifestantes\/"},"modified":"2026-01-25T23:14:55","modified_gmt":"2026-01-25T23:14:55","slug":"el-regimen-irani-amenazo-con-imponer-castigos-sin-clemencia-a-los-manifestantes","status":"publish","type":"post","link":"https:\/\/lobosnews.com.ar\/index.php\/2026\/01\/25\/el-regimen-irani-amenazo-con-imponer-castigos-sin-clemencia-a-los-manifestantes\/","title":{"rendered":"El r\u00e9gimen iran\u00ed amenaz\u00f3 con imponer castigos \u201csin clemencia\u201d a los manifestantes"},"content":{"rendered":"<p><img loading=\"lazy\" decoding=\"async\" src=\"https:\/\/lobosnews.com.ar\/wp-content\/uploads\/2026\/01\/el-regimen-irani-amenazo-con-imponer-castigos-sin-clemencia-a-los-manifestantes.jpg\" alt=\"Miles de iran\u00edes salieron a las calles de todo el pa\u00eds para manifestarse en contra del r\u00e9gimen durante m\u00e1s de dos semanas (UGC v\u00eda AP, archivo)\" height=\"3533\" width=\"4926\"\/><\/p>\n<p>El presidente del poder judicial de <span class=\"waslinkname\">Ir\u00e1n<\/span>, <b>Gholamhosein Mohseni Ejei<\/b>, advirti\u00f3 este domingo que quienes est\u00e1n detr\u00e1s de la reciente ola de protestas contra el r\u00e9gimen podr\u00edan <b>recibir castigos \u201csin la menor clemencia\u201d<\/b>. <\/p>\n<p>Las declaraciones, publicadas por el portal oficial <i>Mizan<\/i>, representan el endurecimiento m\u00e1s reciente del discurso represivo del r\u00e9gimen teocr\u00e1tico frente a lo que constituye el mayor desaf\u00edo a su autoridad desde la Revoluci\u00f3n Isl\u00e1mica de 1979.<\/p>\n<p>\u201c<b>La justicia implica juzgar y castigar sin la menor clemencia<\/b> a los criminales que tomaron las armas y asesinaron personas, o cometieron incendios, destrucci\u00f3n y masacres\u201d, declar\u00f3 Mohseni Ejei, quien se encuentra bajo sanciones de Estados Unidos y la Uni\u00f3n Europea por violaciones de derechos humanos contra la poblaci\u00f3n iran\u00ed. <\/p>\n<p>El jefe del poder judicial hab\u00eda visitado d\u00edas antes una prisi\u00f3n de Teher\u00e1n durante cinco horas para revisar los expedientes de los detenidos y anunci\u00f3 que <b>los juicios a los \u201cprincipales elementos\u201d entre los manifestantes se realizar\u00edan p\u00fablicamente<\/b>.<\/p>\n<p><img loading=\"lazy\" decoding=\"async\" src=\"https:\/\/lobosnews.com.ar\/wp-content\/uploads\/2026\/01\/el-regimen-irani-amenazo-con-imponer-castigos-sin-clemencia-a-los-manifestantes-1.jpg\" alt=\"El veterano jurista y cl\u00e9rigo conservador Gholamhosein Mohseni Ejei (EFE\/EPA\/LEADER OFFICE HANDOUT) \" height=\"1571\" width=\"2469\"\/><\/p>\n<p>La advertencia llega mientras las organizaciones de derechos humanos documentan una represi\u00f3n de proporciones hist\u00f3ricas. La <b>Human Rights Activists News Agency<\/b> (HRANA), con sede en Estados Unidos, inform\u00f3 haber confirmado <b>la muerte de m\u00e1s de 5.000 personas<\/b>, de las cuales 4.714 eran manifestantes, 42 menores de edad, 207 miembros de las fuerzas de seguridad y 39 transe\u00fantes. La organizaci\u00f3n indic\u00f3 que investiga otros 9.787 posibles fallecimientos, por lo que la cifra final podr\u00eda ser significativamente mayor.<\/p>\n<p><b>El r\u00e9gimen iran\u00ed, por su parte, cifr\u00f3 oficialmente los muertos en 3.117<\/b>, incluyendo a 2.427 personas calificadas como \u201cm\u00e1rtires\u201d, t\u00e9rmino que las autoridades emplean para distinguir a miembros de las fuerzas de seguridad y a quienes consideran civiles inocentes de los manifestantes, a quienes describen como \u201calborotadores\u201d incitados por Estados Unidos e Israel. <\/p>\n<p>Las protestas estallaron a finales de diciembre de 2025 cuando comerciantes del Gran Bazar de Teher\u00e1n se movilizaron contra el <b>colapso del rial, la inflaci\u00f3n desbordada y el aumento de los precios de los alimentos<\/b>. Lo que comenz\u00f3 como una reacci\u00f3n a la crisis econ\u00f3mica mut\u00f3 r\u00e1pidamente en un levantamiento generalizado que exige el fin de la Rep\u00fablica Isl\u00e1mica. <\/p>\n<p><b>Las manifestaciones se extendieron por las 31 provincias del pa\u00eds<\/b> y alcanzaron su punto \u00e1lgido el 8 y 9 de enero, coincidiendo con un llamado del pr\u00edncipe heredero exiliado Reza Pahlav\u00ed a salir a las calles.<\/p>\n<p>Amnist\u00eda Internacional y Human Rights Watch documentaron que <b>la represi\u00f3n se ha cebado especialmente con las provincias de Lorest\u00e1n e Ilam<\/b>, donde habitan las minor\u00edas \u00e9tnicas kurda y luri. Testigos describieron a agentes de la Guardia Revolucionaria disparando contra manifestantes pac\u00edficos. <\/p>\n<p>Informes independientes describen el despliegue de ametralladoras montadas en veh\u00edculos en la ciudad de Fardis, cerca de Karaj, donde se habr\u00edan producido decenas de muertes en un solo d\u00eda.<\/p>\n<p>El r\u00e9gimen impuso un<b> apag\u00f3n total de comunicaciones <\/b>el 8 de enero que aisl\u00f3 al pa\u00eds del mundo exterior durante m\u00e1s de dos semanas, una medida sin precedentes que ha dificultado gravemente la documentaci\u00f3n de la violencia. <\/p>\n<p><img loading=\"lazy\" decoding=\"async\" src=\"https:\/\/lobosnews.com.ar\/wp-content\/uploads\/2026\/01\/el-regimen-irani-amenazo-con-imponer-castigos-sin-clemencia-a-los-manifestantes-2.jpg\" alt=\"Coranes quemados de la mezquita Beheshti, del oriental barrio de Tehranpars, durante las protestas que han sacudido el pa\u00eds en las \u00faltimas semanas (EFE\/Jaime Le\u00f3n) \" height=\"1996\" width=\"2994\"\/><\/p>\n<p>HRANA report\u00f3 que <b>al menos 26.852 personas han sido detenidas en el marco de la represi\u00f3n<\/b>, una cifra que supera ampliamente los balances oficiales. Las organizaciones de derechos humanos temen que Ir\u00e1n utilice las ejecuciones masivas para sofocar la disidencia.<\/p>\n<p>El presidente <b>Masud Pezeshkian<\/b>, junto a Mohseni Ejei y el presidente del Parlamento, Mohamad Bagher Ghalibaf, emitieron un comunicado conjunto instando a aplicar \u201c<b>compasi\u00f3n e indulgencia isl\u00e1micas<\/b>\u201d hacia quienes no hayan tenido un papel relevante en los disturbios. <\/p>\n<p>Sin embargo, la ret\u00f3rica conciliadora no ha modificado las \u00f3rdenes judiciales contra manifestantes acusados de acciones graves. El fiscal de Teher\u00e1n anunci\u00f3 que <b>los actos de vandalismo podr\u00edan considerarse \u201cmoharebeh\u201d \u2014guerra contra Dios\u2014, delito castigado con la pena capital<\/b>.<\/p>\n<p>El secretario general de la ONU, <b>Ant\u00f3nio Guterres<\/b>, calific\u00f3 de \u201chorribles\u201d las cifras reportadas. El presidente estadounidense <b>Donald Trump <\/b>advirti\u00f3 que actuar\u00eda \u201cde manera muy firme\u201d si Teher\u00e1n ejecuta a los detenidos, mientras Arabia Saudita, Qatar y Om\u00e1n le habr\u00edan disuadido de ordenar ataques militares directos contra Ir\u00e1n. <\/p>\n<p><b>El horizonte para los miles de iran\u00edes en prisi\u00f3n permanece sombr\u00edo<\/b>: entre la promesa de clemencia selectiva y la amenaza de una justicia expedita que podr\u00eda traducirse en ejecuciones masivas.<\/p>\n","protected":false},"excerpt":{"rendered":"<p>El presidente del poder judicial de Ir\u00e1n, Gholamhosein Mohseni Ejei, advirti\u00f3 este domingo que quienes est\u00e1n detr\u00e1s de la reciente ola de protestas contra el r\u00e9gimen podr\u00edan recibir castigos \u201csin la menor clemencia\u201d. Las declaraciones, publicadas por el portal oficial Mizan, representan el endurecimiento m\u00e1s reciente del discurso represivo del r\u00e9gimen teocr\u00e1tico frente a lo&#8230;<\/p>\n","protected":false},"author":1,"featured_media":11535,"comment_status":"open","ping_status":"closed","sticky":false,"template":"","format":"standard","meta":{"_jetpack_memberships_contains_paid_content":false,"footnotes":""},"categories":[31],"tags":[],"class_list":["post-11530","post","type-post","status-publish","format-standard","has-post-thumbnail","hentry","category-actualidad"],"magazineBlocksPostFeaturedMedia":{"thumbnail":"https:\/\/lobosnews.com.ar\/wp-content\/uploads\/2026\/01\/el-regimen-irani-amenazo-con-imponer-castigos-sin-clemencia-a-los-manifestantes-4-150x150.jpg","medium":"https:\/\/lobosnews.com.ar\/wp-content\/uploads\/2026\/01\/el-regimen-irani-amenazo-con-imponer-castigos-sin-clemencia-a-los-manifestantes-4-300x200.jpg","medium_large":"https:\/\/lobosnews.com.ar\/wp-content\/uploads\/2026\/01\/el-regimen-irani-amenazo-con-imponer-castigos-sin-clemencia-a-los-manifestantes-4-768x512.jpg","large":"https:\/\/lobosnews.com.ar\/wp-content\/uploads\/2026\/01\/el-regimen-irani-amenazo-con-imponer-castigos-sin-clemencia-a-los-manifestantes-4-1024x683.jpg","1536x1536":"https:\/\/lobosnews.com.ar\/wp-content\/uploads\/2026\/01\/el-regimen-irani-amenazo-con-imponer-castigos-sin-clemencia-a-los-manifestantes-4-1536x1024.jpg","2048x2048":"https:\/\/lobosnews.com.ar\/wp-content\/uploads\/2026\/01\/el-regimen-irani-amenazo-con-imponer-castigos-sin-clemencia-a-los-manifestantes-4-2048x1365.jpg","newsmatic-featured":"https:\/\/lobosnews.com.ar\/wp-content\/uploads\/2026\/01\/el-regimen-irani-amenazo-con-imponer-castigos-sin-clemencia-a-los-manifestantes-4-820x545.jpg","newsmatic-list":"https:\/\/lobosnews.com.ar\/wp-content\/uploads\/2026\/01\/el-regimen-irani-amenazo-con-imponer-castigos-sin-clemencia-a-los-manifestantes-4-600x400.jpg","newsmatic-thumb":"https:\/\/lobosnews.com.ar\/wp-content\/uploads\/2026\/01\/el-regimen-irani-amenazo-con-imponer-castigos-sin-clemencia-a-los-manifestantes-4-300x200.jpg","newsmatic-small":"https:\/\/lobosnews.com.ar\/wp-content\/uploads\/2026\/01\/el-regimen-irani-amenazo-con-imponer-castigos-sin-clemencia-a-los-manifestantes-4-150x95.jpg","newsmatic-grid":"https:\/\/lobosnews.com.ar\/wp-content\/uploads\/2026\/01\/el-regimen-irani-amenazo-con-imponer-castigos-sin-clemencia-a-los-manifestantes-4-400x250.jpg"},"magazineBlocksPostAuthor":{"name":"admin","avatar":"https:\/\/secure.gravatar.com\/avatar\/76e419471a2083bc3ceab22a763dbbf9b0c1bd15a6214cf3280e2c2dde4580f9?s=96&d=mm&r=g"},"magazineBlocksPostCommentsNumber":"0","magazineBlocksPostExcerpt":"El presidente del poder judicial de Ir\u00e1n, Gholamhosein Mohseni Ejei, advirti\u00f3 este domingo que quienes est\u00e1n detr\u00e1s de la reciente ola de protestas contra el r\u00e9gimen podr\u00edan recibir castigos \u201csin la menor clemencia\u201d. Las declaraciones, publicadas por el portal oficial Mizan, representan el endurecimiento m\u00e1s reciente del discurso represivo del r\u00e9gimen teocr\u00e1tico frente a lo...","magazineBlocksPostCategories":["Actualidad"],"magazineBlocksPostViewCount":136,"magazineBlocksPostReadTime":4,"magazine_blocks_featured_image_url":{"full":["https:\/\/lobosnews.com.ar\/wp-content\/uploads\/2026\/01\/el-regimen-irani-amenazo-con-imponer-castigos-sin-clemencia-a-los-manifestantes-4-scaled.jpg",2560,1707,false],"medium":["https:\/\/lobosnews.com.ar\/wp-content\/uploads\/2026\/01\/el-regimen-irani-amenazo-con-imponer-castigos-sin-clemencia-a-los-manifestantes-4-300x200.jpg",300,200,true],"thumbnail":["https:\/\/lobosnews.com.ar\/wp-content\/uploads\/2026\/01\/el-regimen-irani-amenazo-con-imponer-castigos-sin-clemencia-a-los-manifestantes-4-150x150.jpg",150,150,true]},"magazine_blocks_author":{"display_name":"admin","author_link":"https:\/\/lobosnews.com.ar\/index.php\/author\/lobos-news\/"},"magazine_blocks_comment":0,"magazine_blocks_author_image":"https:\/\/secure.gravatar.com\/avatar\/76e419471a2083bc3ceab22a763dbbf9b0c1bd15a6214cf3280e2c2dde4580f9?s=96&d=mm&r=g","magazine_blocks_category":"<a href=\"#\" class=\"category-link category-link-31\">Actualidad<\/a>","yoast_head":"<!-- This site is optimized with the Yoast SEO plugin v26.6 - https:\/\/yoast.com\/wordpress\/plugins\/seo\/ -->\n<title>El r\u00e9gimen iran\u00ed amenaz\u00f3 con imponer castigos \u201csin clemencia\u201d a los manifestantes - Lobos News<\/title>\n<meta name=\"robots\" content=\"index, follow, max-snippet:-1, max-image-preview:large, max-video-preview:-1\" \/>\n<link rel=\"canonical\" href=\"https:\/\/lobosnews.com.ar\/index.php\/2026\/01\/25\/el-regimen-irani-amenazo-con-imponer-castigos-sin-clemencia-a-los-manifestantes\/\" \/>\n<meta property=\"og:locale\" content=\"es_ES\" \/>\n<meta property=\"og:type\" content=\"article\" \/>\n<meta property=\"og:title\" content=\"El r\u00e9gimen iran\u00ed amenaz\u00f3 con imponer castigos \u201csin clemencia\u201d a los manifestantes - Lobos News\" \/>\n<meta property=\"og:description\" content=\"El presidente del poder judicial de Ir\u00e1n, Gholamhosein Mohseni Ejei, advirti\u00f3 este domingo que quienes est\u00e1n detr\u00e1s de la reciente ola de protestas contra el r\u00e9gimen podr\u00edan recibir castigos \u201csin la menor clemencia\u201d. Las declaraciones, publicadas por el portal oficial Mizan, representan el endurecimiento m\u00e1s reciente del discurso represivo del r\u00e9gimen teocr\u00e1tico frente a lo...\" \/>\n<meta property=\"og:url\" content=\"https:\/\/lobosnews.com.ar\/index.php\/2026\/01\/25\/el-regimen-irani-amenazo-con-imponer-castigos-sin-clemencia-a-los-manifestantes\/\" \/>\n<meta property=\"og:site_name\" content=\"Lobos News\" \/>\n<meta property=\"article:published_time\" content=\"2026-01-25T20:47:12+00:00\" \/>\n<meta property=\"article:modified_time\" content=\"2026-01-25T23:14:55+00:00\" \/>\n<meta property=\"og:image\" content=\"https:\/\/lobosnews.com.ar\/wp-content\/uploads\/2026\/01\/el-regimen-irani-amenazo-con-imponer-castigos-sin-clemencia-a-los-manifestantes.jpg\" \/>\n<meta name=\"author\" content=\"admin\" \/>\n<meta name=\"twitter:card\" content=\"summary_large_image\" \/>\n<meta name=\"twitter:label1\" content=\"Escrito por\" \/>\n\t<meta name=\"twitter:data1\" content=\"admin\" \/>\n\t<meta name=\"twitter:label2\" content=\"Tiempo de lectura\" \/>\n\t<meta name=\"twitter:data2\" content=\"4 minutos\" \/>\n<script type=\"application\/ld+json\" class=\"yoast-schema-graph\">{\"@context\":\"https:\/\/schema.org\",\"@graph\":[{\"@type\":\"Article\",\"@id\":\"https:\/\/lobosnews.com.ar\/index.php\/2026\/01\/25\/el-regimen-irani-amenazo-con-imponer-castigos-sin-clemencia-a-los-manifestantes\/#article\",\"isPartOf\":{\"@id\":\"https:\/\/lobosnews.com.ar\/index.php\/2026\/01\/25\/el-regimen-irani-amenazo-con-imponer-castigos-sin-clemencia-a-los-manifestantes\/\"},\"author\":{\"name\":\"admin\",\"@id\":\"https:\/\/lobosnews.com.ar\/#\/schema\/person\/232422a593d5c541dd9aef6aaed10943\"},\"headline\":\"El r\u00e9gimen iran\u00ed amenaz\u00f3 con imponer castigos \u201csin clemencia\u201d a los manifestantes\",\"datePublished\":\"2026-01-25T20:47:12+00:00\",\"dateModified\":\"2026-01-25T23:14:55+00:00\",\"mainEntityOfPage\":{\"@id\":\"https:\/\/lobosnews.com.ar\/index.php\/2026\/01\/25\/el-regimen-irani-amenazo-con-imponer-castigos-sin-clemencia-a-los-manifestantes\/\"},\"wordCount\":749,\"commentCount\":0,\"publisher\":{\"@id\":\"https:\/\/lobosnews.com.ar\/#organization\"},\"image\":{\"@id\":\"https:\/\/lobosnews.com.ar\/index.php\/2026\/01\/25\/el-regimen-irani-amenazo-con-imponer-castigos-sin-clemencia-a-los-manifestantes\/#primaryimage\"},\"thumbnailUrl\":\"https:\/\/lobosnews.com.ar\/wp-content\/uploads\/2026\/01\/el-regimen-irani-amenazo-con-imponer-castigos-sin-clemencia-a-los-manifestantes-4-scaled.jpg\",\"articleSection\":[\"Actualidad\"],\"inLanguage\":\"es\",\"potentialAction\":[{\"@type\":\"CommentAction\",\"name\":\"Comment\",\"target\":[\"https:\/\/lobosnews.com.ar\/index.php\/2026\/01\/25\/el-regimen-irani-amenazo-con-imponer-castigos-sin-clemencia-a-los-manifestantes\/#respond\"]}]},{\"@type\":\"WebPage\",\"@id\":\"https:\/\/lobosnews.com.ar\/index.php\/2026\/01\/25\/el-regimen-irani-amenazo-con-imponer-castigos-sin-clemencia-a-los-manifestantes\/\",\"url\":\"https:\/\/lobosnews.com.ar\/index.php\/2026\/01\/25\/el-regimen-irani-amenazo-con-imponer-castigos-sin-clemencia-a-los-manifestantes\/\",\"name\":\"El r\u00e9gimen iran\u00ed amenaz\u00f3 con imponer castigos \u201csin clemencia\u201d a los manifestantes - Lobos News\",\"isPartOf\":{\"@id\":\"https:\/\/lobosnews.com.ar\/#website\"},\"primaryImageOfPage\":{\"@id\":\"https:\/\/lobosnews.com.ar\/index.php\/2026\/01\/25\/el-regimen-irani-amenazo-con-imponer-castigos-sin-clemencia-a-los-manifestantes\/#primaryimage\"},\"image\":{\"@id\":\"https:\/\/lobosnews.com.ar\/index.php\/2026\/01\/25\/el-regimen-irani-amenazo-con-imponer-castigos-sin-clemencia-a-los-manifestantes\/#primaryimage\"},\"thumbnailUrl\":\"https:\/\/lobosnews.com.ar\/wp-content\/uploads\/2026\/01\/el-regimen-irani-amenazo-con-imponer-castigos-sin-clemencia-a-los-manifestantes-4-scaled.jpg\",\"datePublished\":\"2026-01-25T20:47:12+00:00\",\"dateModified\":\"2026-01-25T23:14:55+00:00\",\"breadcrumb\":{\"@id\":\"https:\/\/lobosnews.com.ar\/index.php\/2026\/01\/25\/el-regimen-irani-amenazo-con-imponer-castigos-sin-clemencia-a-los-manifestantes\/#breadcrumb\"},\"inLanguage\":\"es\",\"potentialAction\":[{\"@type\":\"ReadAction\",\"target\":[\"https:\/\/lobosnews.com.ar\/index.php\/2026\/01\/25\/el-regimen-irani-amenazo-con-imponer-castigos-sin-clemencia-a-los-manifestantes\/\"]}]},{\"@type\":\"ImageObject\",\"inLanguage\":\"es\",\"@id\":\"https:\/\/lobosnews.com.ar\/index.php\/2026\/01\/25\/el-regimen-irani-amenazo-con-imponer-castigos-sin-clemencia-a-los-manifestantes\/#primaryimage\",\"url\":\"https:\/\/lobosnews.com.ar\/wp-content\/uploads\/2026\/01\/el-regimen-irani-amenazo-con-imponer-castigos-sin-clemencia-a-los-manifestantes-4-scaled.jpg\",\"contentUrl\":\"https:\/\/lobosnews.com.ar\/wp-content\/uploads\/2026\/01\/el-regimen-irani-amenazo-con-imponer-castigos-sin-clemencia-a-los-manifestantes-4-scaled.jpg\",\"width\":2560,\"height\":1707,\"caption\":\"El r\u00e9gimen iran\u00ed amenaz\u00f3 con imponer castigos \u201csin clemencia\u201d a los manifestantes\"},{\"@type\":\"BreadcrumbList\",\"@id\":\"https:\/\/lobosnews.com.ar\/index.php\/2026\/01\/25\/el-regimen-irani-amenazo-con-imponer-castigos-sin-clemencia-a-los-manifestantes\/#breadcrumb\",\"itemListElement\":[{\"@type\":\"ListItem\",\"position\":1,\"name\":\"Portada\",\"item\":\"https:\/\/lobosnews.com.ar\/\"},{\"@type\":\"ListItem\",\"position\":2,\"name\":\"El r\u00e9gimen iran\u00ed amenaz\u00f3 con imponer castigos \u201csin clemencia\u201d a los manifestantes\"}]},{\"@type\":\"WebSite\",\"@id\":\"https:\/\/lobosnews.com.ar\/#website\",\"url\":\"https:\/\/lobosnews.com.ar\/\",\"name\":\"Lobos News\",\"description\":\"Informaci\u00f3n a cada instante\",\"publisher\":{\"@id\":\"https:\/\/lobosnews.com.ar\/#organization\"},\"potentialAction\":[{\"@type\":\"SearchAction\",\"target\":{\"@type\":\"EntryPoint\",\"urlTemplate\":\"https:\/\/lobosnews.com.ar\/?s={search_term_string}\"},\"query-input\":{\"@type\":\"PropertyValueSpecification\",\"valueRequired\":true,\"valueName\":\"search_term_string\"}}],\"inLanguage\":\"es\"},{\"@type\":\"Organization\",\"@id\":\"https:\/\/lobosnews.com.ar\/#organization\",\"name\":\"Lobos News\",\"url\":\"https:\/\/lobosnews.com.ar\/\",\"logo\":{\"@type\":\"ImageObject\",\"inLanguage\":\"es\",\"@id\":\"https:\/\/lobosnews.com.ar\/#\/schema\/logo\/image\/\",\"url\":\"https:\/\/lobosnews.com.ar\/wp-content\/uploads\/2026\/01\/logo-lobosnews.png\",\"contentUrl\":\"https:\/\/lobosnews.com.ar\/wp-content\/uploads\/2026\/01\/logo-lobosnews.png\",\"width\":500,\"height\":200,\"caption\":\"Lobos News\"},\"image\":{\"@id\":\"https:\/\/lobosnews.com.ar\/#\/schema\/logo\/image\/\"}},{\"@type\":\"Person\",\"@id\":\"https:\/\/lobosnews.com.ar\/#\/schema\/person\/232422a593d5c541dd9aef6aaed10943\",\"name\":\"admin\",\"image\":{\"@type\":\"ImageObject\",\"inLanguage\":\"es\",\"@id\":\"https:\/\/lobosnews.com.ar\/#\/schema\/person\/image\/\",\"url\":\"https:\/\/secure.gravatar.com\/avatar\/76e419471a2083bc3ceab22a763dbbf9b0c1bd15a6214cf3280e2c2dde4580f9?s=96&d=mm&r=g\",\"contentUrl\":\"https:\/\/secure.gravatar.com\/avatar\/76e419471a2083bc3ceab22a763dbbf9b0c1bd15a6214cf3280e2c2dde4580f9?s=96&d=mm&r=g\",\"caption\":\"admin\"},\"sameAs\":[\"https:\/\/lobosnews.com.ar\"],\"url\":\"https:\/\/lobosnews.com.ar\/index.php\/author\/lobos-news\/\"}]}<\/script>\n<!-- \/ Yoast SEO plugin. -->","yoast_head_json":{"title":"El r\u00e9gimen iran\u00ed amenaz\u00f3 con imponer castigos \u201csin clemencia\u201d a los manifestantes - Lobos News","robots":{"index":"index","follow":"follow","max-snippet":"max-snippet:-1","max-image-preview":"max-image-preview:large","max-video-preview":"max-video-preview:-1"},"canonical":"https:\/\/lobosnews.com.ar\/index.php\/2026\/01\/25\/el-regimen-irani-amenazo-con-imponer-castigos-sin-clemencia-a-los-manifestantes\/","og_locale":"es_ES","og_type":"article","og_title":"El r\u00e9gimen iran\u00ed amenaz\u00f3 con imponer castigos \u201csin clemencia\u201d a los manifestantes - Lobos News","og_description":"El presidente del poder judicial de Ir\u00e1n, Gholamhosein Mohseni Ejei, advirti\u00f3 este domingo que quienes est\u00e1n detr\u00e1s de la reciente ola de protestas contra el r\u00e9gimen podr\u00edan recibir castigos \u201csin la menor clemencia\u201d. Las declaraciones, publicadas por el portal oficial Mizan, representan el endurecimiento m\u00e1s reciente del discurso represivo del r\u00e9gimen teocr\u00e1tico frente a lo...","og_url":"https:\/\/lobosnews.com.ar\/index.php\/2026\/01\/25\/el-regimen-irani-amenazo-con-imponer-castigos-sin-clemencia-a-los-manifestantes\/","og_site_name":"Lobos News","article_published_time":"2026-01-25T20:47:12+00:00","article_modified_time":"2026-01-25T23:14:55+00:00","og_image":[{"url":"https:\/\/lobosnews.com.ar\/wp-content\/uploads\/2026\/01\/el-regimen-irani-amenazo-con-imponer-castigos-sin-clemencia-a-los-manifestantes.jpg","type":"","width":"","height":""}],"author":"admin","twitter_card":"summary_large_image","twitter_misc":{"Escrito por":"admin","Tiempo de lectura":"4 minutos"},"schema":{"@context":"https:\/\/schema.org","@graph":[{"@type":"Article","@id":"https:\/\/lobosnews.com.ar\/index.php\/2026\/01\/25\/el-regimen-irani-amenazo-con-imponer-castigos-sin-clemencia-a-los-manifestantes\/#article","isPartOf":{"@id":"https:\/\/lobosnews.com.ar\/index.php\/2026\/01\/25\/el-regimen-irani-amenazo-con-imponer-castigos-sin-clemencia-a-los-manifestantes\/"},"author":{"name":"admin","@id":"https:\/\/lobosnews.com.ar\/#\/schema\/person\/232422a593d5c541dd9aef6aaed10943"},"headline":"El r\u00e9gimen iran\u00ed amenaz\u00f3 con imponer castigos \u201csin clemencia\u201d a los manifestantes","datePublished":"2026-01-25T20:47:12+00:00","dateModified":"2026-01-25T23:14:55+00:00","mainEntityOfPage":{"@id":"https:\/\/lobosnews.com.ar\/index.php\/2026\/01\/25\/el-regimen-irani-amenazo-con-imponer-castigos-sin-clemencia-a-los-manifestantes\/"},"wordCount":749,"commentCount":0,"publisher":{"@id":"https:\/\/lobosnews.com.ar\/#organization"},"image":{"@id":"https:\/\/lobosnews.com.ar\/index.php\/2026\/01\/25\/el-regimen-irani-amenazo-con-imponer-castigos-sin-clemencia-a-los-manifestantes\/#primaryimage"},"thumbnailUrl":"https:\/\/lobosnews.com.ar\/wp-content\/uploads\/2026\/01\/el-regimen-irani-amenazo-con-imponer-castigos-sin-clemencia-a-los-manifestantes-4-scaled.jpg","articleSection":["Actualidad"],"inLanguage":"es","potentialAction":[{"@type":"CommentAction","name":"Comment","target":["https:\/\/lobosnews.com.ar\/index.php\/2026\/01\/25\/el-regimen-irani-amenazo-con-imponer-castigos-sin-clemencia-a-los-manifestantes\/#respond"]}]},{"@type":"WebPage","@id":"https:\/\/lobosnews.com.ar\/index.php\/2026\/01\/25\/el-regimen-irani-amenazo-con-imponer-castigos-sin-clemencia-a-los-manifestantes\/","url":"https:\/\/lobosnews.com.ar\/index.php\/2026\/01\/25\/el-regimen-irani-amenazo-con-imponer-castigos-sin-clemencia-a-los-manifestantes\/","name":"El r\u00e9gimen iran\u00ed amenaz\u00f3 con imponer castigos \u201csin clemencia\u201d a los manifestantes - Lobos News","isPartOf":{"@id":"https:\/\/lobosnews.com.ar\/#website"},"primaryImageOfPage":{"@id":"https:\/\/lobosnews.com.ar\/index.php\/2026\/01\/25\/el-regimen-irani-amenazo-con-imponer-castigos-sin-clemencia-a-los-manifestantes\/#primaryimage"},"image":{"@id":"https:\/\/lobosnews.com.ar\/index.php\/2026\/01\/25\/el-regimen-irani-amenazo-con-imponer-castigos-sin-clemencia-a-los-manifestantes\/#primaryimage"},"thumbnailUrl":"https:\/\/lobosnews.com.ar\/wp-content\/uploads\/2026\/01\/el-regimen-irani-amenazo-con-imponer-castigos-sin-clemencia-a-los-manifestantes-4-scaled.jpg","datePublished":"2026-01-25T20:47:12+00:00","dateModified":"2026-01-25T23:14:55+00:00","breadcrumb":{"@id":"https:\/\/lobosnews.com.ar\/index.php\/2026\/01\/25\/el-regimen-irani-amenazo-con-imponer-castigos-sin-clemencia-a-los-manifestantes\/#breadcrumb"},"inLanguage":"es","potentialAction":[{"@type":"ReadAction","target":["https:\/\/lobosnews.com.ar\/index.php\/2026\/01\/25\/el-regimen-irani-amenazo-con-imponer-castigos-sin-clemencia-a-los-manifestantes\/"]}]},{"@type":"ImageObject","inLanguage":"es","@id":"https:\/\/lobosnews.com.ar\/index.php\/2026\/01\/25\/el-regimen-irani-amenazo-con-imponer-castigos-sin-clemencia-a-los-manifestantes\/#primaryimage","url":"https:\/\/lobosnews.com.ar\/wp-content\/uploads\/2026\/01\/el-regimen-irani-amenazo-con-imponer-castigos-sin-clemencia-a-los-manifestantes-4-scaled.jpg","contentUrl":"https:\/\/lobosnews.com.ar\/wp-content\/uploads\/2026\/01\/el-regimen-irani-amenazo-con-imponer-castigos-sin-clemencia-a-los-manifestantes-4-scaled.jpg","width":2560,"height":1707,"caption":"El r\u00e9gimen iran\u00ed amenaz\u00f3 con imponer castigos \u201csin clemencia\u201d a los manifestantes"},{"@type":"BreadcrumbList","@id":"https:\/\/lobosnews.com.ar\/index.php\/2026\/01\/25\/el-regimen-irani-amenazo-con-imponer-castigos-sin-clemencia-a-los-manifestantes\/#breadcrumb","itemListElement":[{"@type":"ListItem","position":1,"name":"Portada","item":"https:\/\/lobosnews.com.ar\/"},{"@type":"ListItem","position":2,"name":"El r\u00e9gimen iran\u00ed amenaz\u00f3 con imponer castigos \u201csin clemencia\u201d a los manifestantes"}]},{"@type":"WebSite","@id":"https:\/\/lobosnews.com.ar\/#website","url":"https:\/\/lobosnews.com.ar\/","name":"Lobos News","description":"Informaci\u00f3n a cada instante","publisher":{"@id":"https:\/\/lobosnews.com.ar\/#organization"},"potentialAction":[{"@type":"SearchAction","target":{"@type":"EntryPoint","urlTemplate":"https:\/\/lobosnews.com.ar\/?s={search_term_string}"},"query-input":{"@type":"PropertyValueSpecification","valueRequired":true,"valueName":"search_term_string"}}],"inLanguage":"es"},{"@type":"Organization","@id":"https:\/\/lobosnews.com.ar\/#organization","name":"Lobos News","url":"https:\/\/lobosnews.com.ar\/","logo":{"@type":"ImageObject","inLanguage":"es","@id":"https:\/\/lobosnews.com.ar\/#\/schema\/logo\/image\/","url":"https:\/\/lobosnews.com.ar\/wp-content\/uploads\/2026\/01\/logo-lobosnews.png","contentUrl":"https:\/\/lobosnews.com.ar\/wp-content\/uploads\/2026\/01\/logo-lobosnews.png","width":500,"height":200,"caption":"Lobos News"},"image":{"@id":"https:\/\/lobosnews.com.ar\/#\/schema\/logo\/image\/"}},{"@type":"Person","@id":"https:\/\/lobosnews.com.ar\/#\/schema\/person\/232422a593d5c541dd9aef6aaed10943","name":"admin","image":{"@type":"ImageObject","inLanguage":"es","@id":"https:\/\/lobosnews.com.ar\/#\/schema\/person\/image\/","url":"https:\/\/secure.gravatar.com\/avatar\/76e419471a2083bc3ceab22a763dbbf9b0c1bd15a6214cf3280e2c2dde4580f9?s=96&d=mm&r=g","contentUrl":"https:\/\/secure.gravatar.com\/avatar\/76e419471a2083bc3ceab22a763dbbf9b0c1bd15a6214cf3280e2c2dde4580f9?s=96&d=mm&r=g","caption":"admin"},"sameAs":["https:\/\/lobosnews.com.ar"],"url":"https:\/\/lobosnews.com.ar\/index.php\/author\/lobos-news\/"}]}},"jetpack_featured_media_url":"https:\/\/lobosnews.com.ar\/wp-content\/uploads\/2026\/01\/el-regimen-irani-amenazo-con-imponer-castigos-sin-clemencia-a-los-manifestantes-4-scaled.jpg","jetpack_sharing_enabled":true,"_links":{"self":[{"href":"https:\/\/lobosnews.com.ar\/index.php\/wp-json\/wp\/v2\/posts\/11530","targetHints":{"allow":["GET"]}}],"collection":[{"href":"https:\/\/lobosnews.com.ar\/index.php\/wp-json\/wp\/v2\/posts"}],"about":[{"href":"https:\/\/lobosnews.com.ar\/index.php\/wp-json\/wp\/v2\/types\/post"}],"author":[{"embeddable":true,"href":"https:\/\/lobosnews.com.ar\/index.php\/wp-json\/wp\/v2\/users\/1"}],"replies":[{"embeddable":true,"href":"https:\/\/lobosnews.com.ar\/index.php\/wp-json\/wp\/v2\/comments?post=11530"}],"version-history":[{"count":1,"href":"https:\/\/lobosnews.com.ar\/index.php\/wp-json\/wp\/v2\/posts\/11530\/revisions"}],"predecessor-version":[{"id":11534,"href":"https:\/\/lobosnews.com.ar\/index.php\/wp-json\/wp\/v2\/posts\/11530\/revisions\/11534"}],"wp:featuredmedia":[{"embeddable":true,"href":"https:\/\/lobosnews.com.ar\/index.php\/wp-json\/wp\/v2\/media\/11535"}],"wp:attachment":[{"href":"https:\/\/lobosnews.com.ar\/index.php\/wp-json\/wp\/v2\/media?parent=11530"}],"wp:term":[{"taxonomy":"category","embeddable":true,"href":"https:\/\/lobosnews.com.ar\/index.php\/wp-json\/wp\/v2\/categories?post=11530"},{"taxonomy":"post_tag","embeddable":true,"href":"https:\/\/lobosnews.com.ar\/index.php\/wp-json\/wp\/v2\/tags?post=11530"}],"curies":[{"name":"wp","href":"https:\/\/api.w.org\/{rel}","templated":true}]}}